{"id":34509,"date":"2024-12-12T11:24:57","date_gmt":"2024-12-12T16:24:57","guid":{"rendered":"https:\/\/marthacifuentes.com\/portada\/?p=34509"},"modified":"2024-12-12T12:08:08","modified_gmt":"2024-12-12T17:08:08","slug":"marco-tulio-con-imagen-positiva-del-57-mientras-que-el-concejo-se-raja-en-encuesta-de-cifras-y-conceptos","status":"publish","type":"post","link":"https:\/\/marthacifuentes.com\/portada\/marco-tulio-con-imagen-positiva-del-57-mientras-que-el-concejo-se-raja-en-encuesta-de-cifras-y-conceptos\/","title":{"rendered":"Marco Tulio, bien librado, Concejo rajado y ciudadanos preocupados por seguridad y empleo, en Encuesta \u00abYopal, C\u00f3mo Vamos\u00bb"},"content":{"rendered":"<p>Finalizando su primer a\u00f1o de gobierno, el alcalde de Yopal Marco Tulio Ruiz Ria\u00f1o, cuenta con una imagen positiva entre la mayor\u00eda de sus gobernados. el 57% de los ciudadanos considera favorable su imagen. \u00a0Solo el 17% no piensa bien de \u00e9l. Esto, seg\u00fan la Encuesta de Percepci\u00f3n Ciudadana 2024, enmarcada en el programa Yopal, C\u00f3mo Vamos realizada por Cifras &amp; Conceptos SA.<\/p>\n<p>De igual manera, el 55% cree que Ruiz Ria\u00f1o viene realizando una buena gesti\u00f3n p\u00fablica en lo gubernamental, frente a un 33% que la considera regular y un 12% piensa que su desempe\u00f1o es malo.<\/p>\n<p>El resultado contrasta con la muy mala imagen que ten\u00eda la ciudadan\u00eda sobre el exalcalde Luis Eduardo Castro, de quien el 50% ten\u00eda una percepci\u00f3n desfavorable, en su \u00faltimo a\u00f1o de gobierno, en 2023. El 13% no lo conoc\u00eda y el 13% no expres\u00f3 opini\u00f3n.<\/p>\n<p>De este cuestionado exmandatario, tambi\u00e9n el 43% de los encuestados calific\u00f3 su gesti\u00f3n como regular y el 43% como mala. \u00a0Es decir, para el 86% se raj\u00f3 en su trabajo.<\/p>\n<p><img loading=\"lazy\" decoding=\"async\" class=\"alignnone size-large wp-image-34510\" src=\"https:\/\/marthacifuentes.com\/portada\/wp-content\/uploads\/2024\/12\/encuesta-imagen-del-alcalde-de-yopal-1024x383.png\" alt=\"\" width=\"1024\" height=\"383\" srcset=\"https:\/\/marthacifuentes.com\/portada\/wp-content\/uploads\/2024\/12\/encuesta-imagen-del-alcalde-de-yopal-1024x383.png 1024w, https:\/\/marthacifuentes.com\/portada\/wp-content\/uploads\/2024\/12\/encuesta-imagen-del-alcalde-de-yopal-300x112.png 300w, https:\/\/marthacifuentes.com\/portada\/wp-content\/uploads\/2024\/12\/encuesta-imagen-del-alcalde-de-yopal-768x287.png 768w, https:\/\/marthacifuentes.com\/portada\/wp-content\/uploads\/2024\/12\/encuesta-imagen-del-alcalde-de-yopal.png 1131w\" sizes=\"auto, (max-width: 1024px) 100vw, 1024px\" \/><\/p>\n<p>&nbsp;<\/p>\n<h4><strong>El Concejo Municipal de Yopal perdi\u00f3 el a\u00f1o<\/strong><\/h4>\n<p>La calificaci\u00f3n de los encuestados sobre la gesti\u00f3n del Concejo Municipal de Yopal es muy mala. El 37% dice que es regular; el 23% dice que definitivamente es mala. Solo un 20% cree que se ha desempe\u00f1ado bien.<\/p>\n<p>As\u00ed las cosas, el alcalde Marco Tulio Ruiz pasa el a\u00f1o, pero el Concejo Municipal es rajado por el 50% de los encuestados. \u00a0El 20% ni siquiera conoce el Concejo.<\/p>\n<p>Sin embargo, un peque\u00f1o consuelo: La calificaci\u00f3n al Concejo Municipal mejor\u00f3 en 2024 frente a 2023, donde el 87% de los ciudadanos consideraban mala la gesti\u00f3n p\u00fablica de la Corporaci\u00f3n.<\/p>\n<p><img loading=\"lazy\" decoding=\"async\" class=\"alignnone size-full wp-image-34511\" src=\"https:\/\/marthacifuentes.com\/portada\/wp-content\/uploads\/2024\/12\/encuesta-imagen-del-concejo-municipal.png\" alt=\"\" width=\"964\" height=\"199\" srcset=\"https:\/\/marthacifuentes.com\/portada\/wp-content\/uploads\/2024\/12\/encuesta-imagen-del-concejo-municipal.png 964w, https:\/\/marthacifuentes.com\/portada\/wp-content\/uploads\/2024\/12\/encuesta-imagen-del-concejo-municipal-300x62.png 300w, https:\/\/marthacifuentes.com\/portada\/wp-content\/uploads\/2024\/12\/encuesta-imagen-del-concejo-municipal-768x159.png 768w\" sizes=\"auto, (max-width: 964px) 100vw, 964px\" \/><\/p>\n<p>&nbsp;<\/p>\n<h4><strong>Lo que esperan los ciudadanos y lo que se aprueba de proyectos<\/strong><\/h4>\n<p>Para los encuestados el gobierno de Yopal deber\u00eda priorizar en temas de salud (59%), empleo (44%) y educaci\u00f3n (35%).<\/p>\n<p>Sin embargo, el endeudamiento aprobado recientemente por el Concejo Municipal al alcalde Marco Tulio Ruiz, por 107 mil millones de pesos para un nuevo palacio municipal y el colegio Centro Social, no responder\u00eda a las expectativas e intereses del grueso de la poblaci\u00f3n.<\/p>\n<p>El mandatario ha defendido la construcci\u00f3n de un nuevo centro administrativo por el hacinamiento en las oficinas de la Alcald\u00eda y la dispersi\u00f3n de las entidades centralizadas y descentralizadas en diferentes sitios de Yopal. Todo esto hace m\u00e1s costoso el funcionamiento del Estado.<\/p>\n<p>Seg\u00fan el programa de gobierno del alcalde, se realizar\u00e1n obras de infraestructura viales y tur\u00edsticas que generar\u00e1n empleo. Igualmente se tiene proyectada la construcci\u00f3n del parque El Hobo 2, en la comuna 6, donde la comunidad podr\u00e1 ejercitarse y mejorar su salud.<\/p>\n<p><img loading=\"lazy\" decoding=\"async\" class=\"alignnone size-large wp-image-34521\" src=\"https:\/\/marthacifuentes.com\/portada\/wp-content\/uploads\/2024\/12\/encuesta-prioridades-de-la-gente-1024x501.png\" alt=\"\" width=\"1024\" height=\"501\" srcset=\"https:\/\/marthacifuentes.com\/portada\/wp-content\/uploads\/2024\/12\/encuesta-prioridades-de-la-gente-1024x501.png 1024w, https:\/\/marthacifuentes.com\/portada\/wp-content\/uploads\/2024\/12\/encuesta-prioridades-de-la-gente-300x147.png 300w, https:\/\/marthacifuentes.com\/portada\/wp-content\/uploads\/2024\/12\/encuesta-prioridades-de-la-gente-768x376.png 768w, https:\/\/marthacifuentes.com\/portada\/wp-content\/uploads\/2024\/12\/encuesta-prioridades-de-la-gente.png 1064w\" sizes=\"auto, (max-width: 1024px) 100vw, 1024px\" \/><\/p>\n<p>&nbsp;<\/p>\n<h4><strong>Preocupante: A mayor\u00eda de la gente le es indiferente uso de recursos p\u00fablicos<\/strong><\/h4>\n<p>Aunque el alcalde cuenta con una imagen favorable para la mayor\u00eda de sus gobernados, solo el 26% de los encuestados se encuentra satisfecho en relaci\u00f3n a la inversi\u00f3n de los recursos p\u00fablicos.<\/p>\n<p>Un 34% es tibio, no est\u00e1 ni satisfecho ni insatisfecho, es decir, le es indiferente el uso de los recursos p\u00fablicos. Y un 22% se encuentra en desacuerdo como se est\u00e1 invirtiendo.<\/p>\n<p><img loading=\"lazy\" decoding=\"async\" class=\"alignnone size-full wp-image-34512\" src=\"https:\/\/marthacifuentes.com\/portada\/wp-content\/uploads\/2024\/12\/encuesta-indiferencia-en-inversion-de-recursos-publicos.png\" alt=\"\" width=\"959\" height=\"193\" srcset=\"https:\/\/marthacifuentes.com\/portada\/wp-content\/uploads\/2024\/12\/encuesta-indiferencia-en-inversion-de-recursos-publicos.png 959w, https:\/\/marthacifuentes.com\/portada\/wp-content\/uploads\/2024\/12\/encuesta-indiferencia-en-inversion-de-recursos-publicos-300x60.png 300w, https:\/\/marthacifuentes.com\/portada\/wp-content\/uploads\/2024\/12\/encuesta-indiferencia-en-inversion-de-recursos-publicos-768x155.png 768w\" sizes=\"auto, (max-width: 959px) 100vw, 959px\" \/><\/p>\n<p>&nbsp;<\/p>\n<h4><strong>\u00bfMejor\u00f3 o empeor\u00f3 percepci\u00f3n de la corrupci\u00f3n?<\/strong><\/h4>\n<p>Ante la pregunta de si ha cambiado el nivel de corrupci\u00f3n en Yopal durante el \u00faltimo a\u00f1o, el 52% de los encuestados contest\u00f3 que sigue igual y el 26% cree que aument\u00f3. Solo un 22% cree que ha disminuido.<\/p>\n<p>El a\u00f1o pasado, 60 de 100 personas encuestadas manifest\u00f3 que la corrupci\u00f3n segu\u00eda igual y el 26%, que hab\u00eda aumentado (igual que este a\u00f1o 2024).<\/p>\n<p>Es decir, hay optimismo, en un peque\u00f1o porcentaje, sobre la disminuci\u00f3n de la corrupci\u00f3n p\u00fablica.<\/p>\n<p><img loading=\"lazy\" decoding=\"async\" class=\"alignnone size-full wp-image-34513\" src=\"https:\/\/marthacifuentes.com\/portada\/wp-content\/uploads\/2024\/12\/encuesta-corrupcion.png\" alt=\"\" width=\"962\" height=\"178\" srcset=\"https:\/\/marthacifuentes.com\/portada\/wp-content\/uploads\/2024\/12\/encuesta-corrupcion.png 962w, https:\/\/marthacifuentes.com\/portada\/wp-content\/uploads\/2024\/12\/encuesta-corrupcion-300x56.png 300w, https:\/\/marthacifuentes.com\/portada\/wp-content\/uploads\/2024\/12\/encuesta-corrupcion-768x142.png 768w\" sizes=\"auto, (max-width: 962px) 100vw, 962px\" \/><\/p>\n<p>&nbsp;<\/p>\n<h4><strong>En Yopal se respira optimismo<\/strong><\/h4>\n<p>El 57% de los ciudadanos considera que las cosas en Yopal van por buen camino, un dato que refleja cierto optimismo, pero que tambi\u00e9n resalta \u00e1reas de mejora en la gesti\u00f3n p\u00fablica y el desarrollo urbano.<\/p>\n<p>A pesar de los desaf\u00edos, el 69% de los encuestados expres\u00f3 orgullo por vivir en esta ciudad, mientras que el 74% se mostr\u00f3 satisfecho de Yopal como lugar para vivir. Es decir, a pesar de los inconvenientes, Yopal es un buen vividero.<\/p>\n<p>Entre 2023 y 2024, estos indicadores mejoraron. \u00bfPodr\u00eda deberse al cambio de gobierno?<\/p>\n<p><img loading=\"lazy\" decoding=\"async\" class=\"alignnone size-full wp-image-34514\" src=\"https:\/\/marthacifuentes.com\/portada\/wp-content\/uploads\/2024\/12\/encuesta-percepcion-de-optimismo.png\" alt=\"\" width=\"971\" height=\"590\" srcset=\"https:\/\/marthacifuentes.com\/portada\/wp-content\/uploads\/2024\/12\/encuesta-percepcion-de-optimismo.png 971w, https:\/\/marthacifuentes.com\/portada\/wp-content\/uploads\/2024\/12\/encuesta-percepcion-de-optimismo-300x182.png 300w, https:\/\/marthacifuentes.com\/portada\/wp-content\/uploads\/2024\/12\/encuesta-percepcion-de-optimismo-768x467.png 768w\" sizes=\"auto, (max-width: 971px) 100vw, 971px\" \/><\/p>\n<p>&nbsp;<\/p>\n<h4><strong>Econom\u00eda y empleo<\/strong><\/h4>\n<p>En t\u00e9rminos econ\u00f3micos, el 42% de los hogares encuestados manifest\u00f3 haber experimentado una mejor\u00eda econ\u00f3mica durante el \u00faltimo a\u00f1o, frente al 37% de los encuestados en 2023. Para el 39% de las personas la situaci\u00f3n econ\u00f3mica sigue igual y el 19% cree que ha empeorado.<\/p>\n<p>Llama la atenci\u00f3n que hay cierto optimismo, aunque la mayor\u00eda de los encuestados se considera pobre. \u00a0El 69% de la poblaci\u00f3n cree estar en este rango.<\/p>\n<p><strong>\u00a0<\/strong><\/p>\n<h4><strong>\u00bfTrabajo o emprenderismo?<\/strong><\/h4>\n<p>Para el 36% de los encuestados no es f\u00e1cil encontrar trabajo y para el 35% no es f\u00e1cil ni dif\u00edcil. Este a\u00f1o, frente al 2023, aument\u00f3 la percepci\u00f3n de que es m\u00e1s f\u00e1cil conseguir un empleo, si se considera que el a\u00f1o pasado el 45%, de las personas dec\u00eda que era dif\u00edcil ubicarse laboralmente.<\/p>\n<p>La gente opina que es m\u00e1s f\u00e1cil emprender una actividad econ\u00f3mica independiente. El 42% cree en esta tesis frente a un 27% que considera m\u00e1s dif\u00edcil hacerlo.<\/p>\n<p>En otras palabras, los ciudadanos encuestados creen que es m\u00e1s f\u00e1cil emprender que encontrar empleo.<\/p>\n<p><img loading=\"lazy\" decoding=\"async\" class=\"alignnone size-full wp-image-34515\" src=\"https:\/\/marthacifuentes.com\/portada\/wp-content\/uploads\/2024\/12\/encuesta-trabajo-o-emprenderismo.png\" alt=\"\" width=\"972\" height=\"608\" srcset=\"https:\/\/marthacifuentes.com\/portada\/wp-content\/uploads\/2024\/12\/encuesta-trabajo-o-emprenderismo.png 972w, https:\/\/marthacifuentes.com\/portada\/wp-content\/uploads\/2024\/12\/encuesta-trabajo-o-emprenderismo-300x188.png 300w, https:\/\/marthacifuentes.com\/portada\/wp-content\/uploads\/2024\/12\/encuesta-trabajo-o-emprenderismo-768x480.png 768w\" sizes=\"auto, (max-width: 972px) 100vw, 972px\" \/><\/p>\n<p>&nbsp;<\/p>\n<h4><strong>Seguridad, uno de los principales retos<\/strong><\/h4>\n<p>La seguridad contin\u00faa siendo una preocupaci\u00f3n importante para los yopale\u00f1os, pero se mejor\u00f3 la percepci\u00f3n en los residentes de Yopal.<\/p>\n<p>Casi la mitad (48%) de los encuestados se siente seguro en el <strong>barrio donde vive<\/strong>, pero el 29% se siente inseguro. A otro 23% la situaci\u00f3n le es indiferente.<\/p>\n<p><strong>Como ciudad<\/strong>, el 37% manifest\u00f3 sentirse seguro en Yopal y 29% se siente inseguro. Es decir, hay sensaci\u00f3n de m\u00e1s seguridad. Para otro 34% no es seguro ni inseguro. Incluso, de las personas encuestadas, el 74% manifest\u00f3 no haber sido v\u00edctima de alg\u00fan delito en Yopal.<\/p>\n<p>Entre los problemas m\u00e1s mencionados en materia de inseguridad, est\u00e1n la drogadicci\u00f3n (53%), los atracos callejeros (47%) y los asaltos a viviendas (21%).<\/p>\n<p><img loading=\"lazy\" decoding=\"async\" class=\"alignnone size-large wp-image-34516\" src=\"https:\/\/marthacifuentes.com\/portada\/wp-content\/uploads\/2024\/12\/encuesta-seguridad-ciudadana-1024x472.png\" alt=\"\" width=\"1024\" height=\"472\" srcset=\"https:\/\/marthacifuentes.com\/portada\/wp-content\/uploads\/2024\/12\/encuesta-seguridad-ciudadana-1024x472.png 1024w, https:\/\/marthacifuentes.com\/portada\/wp-content\/uploads\/2024\/12\/encuesta-seguridad-ciudadana-300x138.png 300w, https:\/\/marthacifuentes.com\/portada\/wp-content\/uploads\/2024\/12\/encuesta-seguridad-ciudadana-768x354.png 768w, https:\/\/marthacifuentes.com\/portada\/wp-content\/uploads\/2024\/12\/encuesta-seguridad-ciudadana.png 1300w\" sizes=\"auto, (max-width: 1024px) 100vw, 1024px\" \/><\/p>\n<p>&nbsp;<\/p>\n<h4><strong>Internet, energ\u00eda y basuras, servicios mal calificados<\/strong><\/h4>\n<p>La encuesta tambi\u00e9n revel\u00f3 inconformidad con servicios p\u00fablicos como el internet, la energ\u00eda y la recolecci\u00f3n de basuras. Mientras que, en agua, alcantarillado y gas domiciliario, hay mayor satisfacci\u00f3n. Siendo este \u00faltimo el servicio de mayor conformidad.<\/p>\n<p>En cuanto a movilidad, las cosas parecen seguir igual al a\u00f1o pasado. Por un lado, los encuestados no observaron disminuci\u00f3n del tiempo en sus desplazamientos y adicionalmente en temas relacionados con el tr\u00e1nsito como sem\u00e1foros, andenes, cebras, puentes peatonales, paraderos, bicicarriles, y cumplimiento de normas de tr\u00e1nsito, es muy baja la satisfacci\u00f3n.<\/p>\n<p>Los residentes en Yopal, se transportan principalmente en motos, carro, transporte p\u00fablico y a pie. El 54% de los yopale\u00f1os son usuarios de motos particulares como principal medio de transporte.<\/p>\n<p>La mayor\u00eda de las personas que utilizan el transporte p\u00fablico se quejan de la falta de rutas y horarios nocturnos para su movilizaci\u00f3n. Esto refleja la necesidad de optimizar el transporte p\u00fablico y mejorar la infraestructura vial y ciclorrutas.<\/p>\n<p><img loading=\"lazy\" decoding=\"async\" class=\"alignnone size-large wp-image-34517\" src=\"https:\/\/marthacifuentes.com\/portada\/wp-content\/uploads\/2024\/12\/encuesta-servicios-publicos-1024x430.png\" alt=\"\" width=\"1024\" height=\"430\" srcset=\"https:\/\/marthacifuentes.com\/portada\/wp-content\/uploads\/2024\/12\/encuesta-servicios-publicos-1024x430.png 1024w, https:\/\/marthacifuentes.com\/portada\/wp-content\/uploads\/2024\/12\/encuesta-servicios-publicos-300x126.png 300w, https:\/\/marthacifuentes.com\/portada\/wp-content\/uploads\/2024\/12\/encuesta-servicios-publicos-768x322.png 768w, https:\/\/marthacifuentes.com\/portada\/wp-content\/uploads\/2024\/12\/encuesta-servicios-publicos.png 1316w\" sizes=\"auto, (max-width: 1024px) 100vw, 1024px\" \/><\/p>\n<p>&nbsp;<\/p>\n<h4><strong>En medio ambiente, a medias<\/strong><\/h4>\n<p><strong>\u00a0<\/strong>Aunque los encuestados mejoraron su percepci\u00f3n frente a la cantidad de \u00e1rboles en la ciudad, la calidad del aire, la calidad del agua, el manejo de basuras, el ruido, la recolecci\u00f3n de escombros y la contaminaci\u00f3n visual, de 2024 a 2023, es baja la satisfacci\u00f3n en este crucial aspecto, particularmente en una ciudad tropical caliente como Yopal.<\/p>\n<p>&nbsp;<\/p>\n<h4><strong>C\u00f3mo les fue a las entidades de Yopal en imagen<\/strong><\/h4>\n<p>La Secretar\u00eda de Educaci\u00f3n de Yopal fue la entidad con mejor imagen entre los encuestados con un 63%, seguida del Instituto de Deporte y Recreaci\u00f3n de Yopal y Enerca, con el 60%.<\/p>\n<p>La C\u00e1mara de Comercio de Casanare registra una percepci\u00f3n de imagen favorable del 58% al igual que la EAAAY.<\/p>\n<p>Las peores calificadas fueron las secretarias de Infraestructura, Hacienda y Desarrollo Econ\u00f3mico, con solo 25% de imagen favorable.<\/p>\n<p><img loading=\"lazy\" decoding=\"async\" class=\" wp-image-34519 aligncenter\" src=\"https:\/\/marthacifuentes.com\/portada\/wp-content\/uploads\/2024\/12\/encuesta-imagen-entidades.png\" alt=\"\" width=\"727\" height=\"449\" srcset=\"https:\/\/marthacifuentes.com\/portada\/wp-content\/uploads\/2024\/12\/encuesta-imagen-entidades.png 954w, https:\/\/marthacifuentes.com\/portada\/wp-content\/uploads\/2024\/12\/encuesta-imagen-entidades-300x185.png 300w, https:\/\/marthacifuentes.com\/portada\/wp-content\/uploads\/2024\/12\/encuesta-imagen-entidades-768x474.png 768w\" sizes=\"auto, (max-width: 727px) 100vw, 727px\" \/><\/p>\n<p><strong><img loading=\"lazy\" decoding=\"async\" class=\"alignnone wp-image-34518 \" src=\"https:\/\/marthacifuentes.com\/portada\/wp-content\/uploads\/2024\/12\/encuesta-imagen-entidades-2-e1734023274673.png\" alt=\"\" width=\"754\" height=\"469\" srcset=\"https:\/\/marthacifuentes.com\/portada\/wp-content\/uploads\/2024\/12\/encuesta-imagen-entidades-2-e1734023274673.png 777w, https:\/\/marthacifuentes.com\/portada\/wp-content\/uploads\/2024\/12\/encuesta-imagen-entidades-2-e1734023274673-300x186.png 300w, https:\/\/marthacifuentes.com\/portada\/wp-content\/uploads\/2024\/12\/encuesta-imagen-entidades-2-e1734023274673-768x477.png 768w\" sizes=\"auto, (max-width: 754px) 100vw, 754px\" \/>\u00a0<\/strong><\/p>\n<h4><strong>Hacia una mejor calidad de vida<\/strong><\/h4>\n<p>Estos resultados son un llamado a la reflexi\u00f3n ya la acci\u00f3n. Desde Yopal C\u00f3mo Vamos, se reafirma el compromiso de trabajar junto a los ciudadanos, tomadores de decisiones y actores privados para construir un Yopal m\u00e1s inclusivo, seguro y pr\u00f3spero.<\/p>\n<p>\u00abLa informaci\u00f3n presentada no solo refleja los retos que enfrentamos, sino que tambi\u00e9n nos brinda las herramientas necesarias para generar soluciones basadas en evidencia\u00bb, destac\u00f3 Alfonso Montejo director\u00a0del\u00a0programa.<\/p>\n<p><strong>\u00a0<\/strong><\/p>\n<h4><strong>Contexto de la encuesta<\/strong><\/h4>\n<p>La encuesta se realiz\u00f3 entre el 2 y 27 de septiembre y tiene como objetivo conocer la opini\u00f3n de la ciudadan\u00eda sobre el rumbo de la ciudad e indicadores clave que permitan medir los niveles de satisfacci\u00f3n con aspectos cr\u00edticos de la calidad de la vida. Igualmente saber de las opiniones sobre cumplimiento del programa de gobierno de la alcald\u00eda.<\/p>\n<p>Se encuest\u00f3 a 501 personas en las 7 comunas de Yopal, en sus diferentes grupos poblacionales, hombres, mujeres mayores de 18 a\u00f1os. Se les indag\u00f3 por su percepci\u00f3n sobre la calidad de vida, opini\u00f3n econ\u00f3mica, alimentaci\u00f3n, educaci\u00f3n, salud, servicios p\u00fablicos, vivienda, seguridad, participaci\u00f3n ciudadana, corresponsabilidad, cultura, recreaci\u00f3n, deporte, gesti\u00f3n p\u00fablica, gesti\u00f3n global, concejo de la ciudad y conocimiento del programa c\u00f3mo vamos.<\/p>\n<p><strong><a href=\"https:\/\/marthacifuentes.com\/portada\/wp-content\/uploads\/2024\/12\/Presentacion-Yopal-Como-Vamos-2024-V31.pdf\">Presentaci\u00f3n Encuesta Yopal C\u00f3mo Vamos 2024 &#8211; Cifras y Conceptos<\/a><\/strong><\/p>\n<p><img loading=\"lazy\" decoding=\"async\" class=\"alignnone size-large wp-image-34520\" src=\"https:\/\/marthacifuentes.com\/portada\/wp-content\/uploads\/2024\/12\/encuesta-ficha-tecnica-1024x534.png\" alt=\"\" width=\"1024\" height=\"534\" srcset=\"https:\/\/marthacifuentes.com\/portada\/wp-content\/uploads\/2024\/12\/encuesta-ficha-tecnica-1024x534.png 1024w, https:\/\/marthacifuentes.com\/portada\/wp-content\/uploads\/2024\/12\/encuesta-ficha-tecnica-300x156.png 300w, https:\/\/marthacifuentes.com\/portada\/wp-content\/uploads\/2024\/12\/encuesta-ficha-tecnica-768x400.png 768w, https:\/\/marthacifuentes.com\/portada\/wp-content\/uploads\/2024\/12\/encuesta-ficha-tecnica.png 1278w\" sizes=\"auto, (max-width: 1024px) 100vw, 1024px\" \/><\/p>\n<h2>Otras noticias&#8230;<\/h2>\n<blockquote class=\"wp-embedded-content\" data-secret=\"BlIyXo0zys\"><p><a href=\"https:\/\/marthacifuentes.com\/portada\/2024\/12\/09\/corporinoquia-ya-tiene-directora-titular-carolina-marino-se-preve-demanda-de-la-eleccion\/\">Corporinoquia ya tiene directora titular: Carolina Mari\u00f1o. Se prev\u00e9 demanda de la elecci\u00f3n<\/a><\/p><\/blockquote>\n<p><iframe loading=\"lazy\" class=\"wp-embedded-content\" sandbox=\"allow-scripts\" security=\"restricted\" style=\"position: absolute; clip: rect(1px, 1px, 1px, 1px);\" title=\"\u00abCorporinoquia ya tiene directora titular: Carolina Mari\u00f1o. Se prev\u00e9 demanda de la elecci\u00f3n\u00bb \u2014 \u25b7 Noticias de Casanare : Martha Cifuentes | Casanare\" src=\"https:\/\/marthacifuentes.com\/portada\/2024\/12\/09\/corporinoquia-ya-tiene-directora-titular-carolina-marino-se-preve-demanda-de-la-eleccion\/embed\/#?secret=UWj5yjmIwj#?secret=BlIyXo0zys\" data-secret=\"BlIyXo0zys\" width=\"500\" height=\"282\" frameborder=\"0\" marginwidth=\"0\" marginheight=\"0\" scrolling=\"no\"><\/iframe><\/p>\n<p><iframe loading=\"lazy\" class=\"wp-embedded-content\" title=\"\u00abHel\u00ed Cala elabor\u00f3 un plan criminal para apoderarse del presupuesto de Casanare: Corte Suprema de Justicia, Sala Primera Instancia\u00bb \u2014 \u25b7 Noticias de Casanare : Martha Cifuentes | Casanare\" src=\"https:\/\/marthacifuentes.com\/portada\/2024\/12\/09\/heli-cala-elaboro-un-plan-criminal-para-apoderarse-del-presupuesto-de-casanare-corte-suprema-de-justicia-sala-primera-instancia\/embed\/#?secret=OCtg8fWhVI#?secret=E1i4epSFt8\" width=\"600\" height=\"628\" frameborder=\"0\" marginwidth=\"0\" marginheight=\"0\" scrolling=\"no\" sandbox=\"allow-scripts\" data-secret=\"E1i4epSFt8\" data-mce-fragment=\"1\"><\/iframe><\/p>\n<p><iframe loading=\"lazy\" class=\"wp-embedded-content\" title=\"\u00abEn v\u00edsperas de Navidad, se prev\u00e9 paso en la v\u00eda entre Casanare y Boyac\u00e1 en el sector Chorro Blanco: Inv\u00edas\u00bb \u2014 \u25b7 Noticias de Casanare : Martha Cifuentes | Casanare\" src=\"https:\/\/marthacifuentes.com\/portada\/2024\/12\/06\/en-visperas-de-navidad-se-preve-paso-en-la-via-entre-casanare-y-boyaca-en-el-sector-chorro-blanco-invias\/embed\/#?secret=cbygqToTR4#?secret=EKFnDCcmRX\" width=\"600\" height=\"620\" frameborder=\"0\" marginwidth=\"0\" marginheight=\"0\" scrolling=\"no\" sandbox=\"allow-scripts\" data-secret=\"EKFnDCcmRX\" data-mce-fragment=\"1\"><\/iframe><\/p>\n<p><iframe loading=\"lazy\" class=\"wp-embedded-content\" title=\"\u00abCasanare recibir\u00e1 m\u00e1s de $9 mil millones para mejorar v\u00edas rurales en 9 municipios\u00bb \u2014 \u25b7 Noticias de Casanare : Martha Cifuentes | Casanare\" src=\"https:\/\/marthacifuentes.com\/portada\/2024\/12\/06\/casanare-recibira-mas-de-9-mil-millones-para-mejorar-vias-rurales-en-9-municipios\/embed\/#?secret=WT6f8PBJXd#?secret=CJdxlYgefh\" width=\"600\" height=\"591\" frameborder=\"0\" marginwidth=\"0\" marginheight=\"0\" scrolling=\"no\" sandbox=\"allow-scripts\" data-secret=\"CJdxlYgefh\" data-mce-fragment=\"1\"><\/iframe><\/p>\n<p><iframe loading=\"lazy\" class=\"wp-embedded-content\" title=\"\u00abCorporinoquia en la mira: Recusaciones y tutelas frenan elecci\u00f3n de su nuevo director\u00bb \u2014 \u25b7 Noticias de Casanare : Martha Cifuentes | Casanare\" src=\"https:\/\/marthacifuentes.com\/portada\/2024\/12\/03\/corporinoquia-en-la-mira-recusaciones-y-tutelas-frenan-eleccion-de-su-nuevo-director\/embed\/#?secret=Q65AeHNNvH#?secret=VKAe00NPRL\" width=\"600\" height=\"578\" frameborder=\"0\" marginwidth=\"0\" marginheight=\"0\" scrolling=\"no\" sandbox=\"allow-scripts\" data-secret=\"VKAe00NPRL\" data-mce-fragment=\"1\"><\/iframe><\/p>\n<p><iframe loading=\"lazy\" class=\"wp-embedded-content\" title=\"\u00abIncumplimiento de requisitos legales impide escrituraci\u00f3n de lotes en Alameda Martha Mojica.\u00bb \u2014 \u25b7 Noticias de Casanare : Martha Cifuentes | Casanare\" src=\"https:\/\/marthacifuentes.com\/portada\/2024\/12\/02\/incumplimiento-de-requisitos-legales-impide-escrituracion-de-lotes-en-alameda-martha-mojica\/embed\/#?secret=elErUiOf2s#?secret=fb1z2lZM2Z\" width=\"600\" height=\"620\" frameborder=\"0\" marginwidth=\"0\" marginheight=\"0\" scrolling=\"no\" sandbox=\"allow-scripts\" data-secret=\"fb1z2lZM2Z\" data-mce-fragment=\"1\"><\/iframe><\/p>\n<p><iframe loading=\"lazy\" class=\"wp-embedded-content\" title=\"\u00abNancy Padilla: Un nuevo rostro de la violencia machista que persiste\u00bb \u2014 \u25b7 Noticias de Casanare : Martha Cifuentes | Casanare\" src=\"https:\/\/marthacifuentes.com\/portada\/2024\/12\/02\/nancy-padilla-un-nuevo-rostro-de-la-violencia-machista-que-persiste\/embed\/#?secret=tFKaI8pgBn#?secret=C3Qq1zZc3R\" width=\"600\" height=\"308\" frameborder=\"0\" marginwidth=\"0\" marginheight=\"0\" scrolling=\"no\" sandbox=\"allow-scripts\" data-secret=\"C3Qq1zZc3R\" data-mce-fragment=\"1\"><\/iframe><\/p>\n<p><iframe loading=\"lazy\" class=\"wp-embedded-content\" title=\"\u00abHaz el cambio, \u00a1y tu bolsillo te lo agradecer\u00e1! Gu\u00eda para adoptar tecnolog\u00edas sostenibles y accesibles\u00bb \u2014 \u25b7 Noticias de Casanare : Martha Cifuentes | Casanare\" src=\"https:\/\/marthacifuentes.com\/portada\/2024\/11\/29\/haz-el-cambio-y-tu-bolsillo-te-lo-agradecera-guia-para-adoptar-tecnologias-sostenibles-y-accesibles\/embed\/#?secret=3wJ6ABwXHr#?secret=3S7p2Wkcx0\" width=\"600\" height=\"621\" frameborder=\"0\" marginwidth=\"0\" marginheight=\"0\" scrolling=\"no\" sandbox=\"allow-scripts\" data-secret=\"3S7p2Wkcx0\" data-mce-fragment=\"1\"><\/iframe><\/p>\n<p><iframe loading=\"lazy\" class=\"wp-embedded-content\" title=\"\u00abPor las 2.553 v\u00edctimas: Casanare crea la Mesa Departamental para la atenci\u00f3n a desaparecidos\u00bb \u2014 \u25b7 Noticias de Casanare : Martha Cifuentes | Casanare\" src=\"https:\/\/marthacifuentes.com\/portada\/2024\/11\/28\/por-las-2-553-victimas-casanare-crea-la-mesa-departamental-para-la-atencion-a-desaparecidos\/embed\/#?secret=SdpXd7UXyd#?secret=wKQP4GjCqZ\" width=\"600\" height=\"537\" frameborder=\"0\" marginwidth=\"0\" marginheight=\"0\" scrolling=\"no\" sandbox=\"allow-scripts\" data-secret=\"wKQP4GjCqZ\" data-mce-fragment=\"1\"><\/iframe><\/p>\n<p><iframe loading=\"lazy\" class=\"wp-embedded-content\" title=\"\u00abLida Rojas: El crimen que desnuda el control del ELN y disidencias de las Farc en Aguazul\u00bb \u2014 \u25b7 Noticias de Casanare : Martha Cifuentes | Casanare\" src=\"https:\/\/marthacifuentes.com\/portada\/2024\/11\/27\/lida-rojas-el-crimen-que-desnuda-el-control-del-eln-y-disidencias-de-las-farc-en-aguazul\/embed\/#?secret=1m5yCZwADK#?secret=a20doPqPPW\" width=\"600\" height=\"600\" frameborder=\"0\" marginwidth=\"0\" marginheight=\"0\" scrolling=\"no\" sandbox=\"allow-scripts\" data-secret=\"a20doPqPPW\" data-mce-fragment=\"1\"><\/iframe><\/p>\n<p><a href=\"https:\/\/marthacifuentes.com\/especialviolenciamujer\/\"><img decoding=\"async\" src=\"https:\/\/marthacifuentes.com\/portada\/wp-content\/uploads\/2024\/11\/intro-1.jpg\" \/><\/a><\/p>\n<p><iframe loading=\"lazy\" class=\"wp-embedded-content\" title=\"\u00abConsejo Directivo de Corporinoquia ya fij\u00f3 fecha de elecci\u00f3n de director de Corporinoquia. Lenin Bustos cuestion\u00f3 decisiones.\u00bb \u2014 \u25b7 Noticias de Casanare : Martha Cifuentes | Casanare\" src=\"https:\/\/marthacifuentes.com\/portada\/2024\/11\/26\/consejo-directivo-de-corporinoquia-ya-fijo-fecha-de-eleccion-de-director-de-corporinoquia-lenin-bustos-cuestiono-decisiones\/embed\/#?secret=iFNp9pEfCo#?secret=h6DOIYGDRj\" width=\"600\" height=\"649\" frameborder=\"0\" marginwidth=\"0\" marginheight=\"0\" scrolling=\"no\" sandbox=\"allow-scripts\" data-secret=\"h6DOIYGDRj\" data-mce-fragment=\"1\"><\/iframe><\/p>\n<p><iframe loading=\"lazy\" class=\"wp-embedded-content\" title=\"\u00abYa viene la elecci\u00f3n de director(a) de Corporinoquia. 25 de noviembre convocado Consejo Directivo.\u00bb \u2014 \u25b7 Noticias de Casanare : Martha Cifuentes | Casanare\" src=\"https:\/\/marthacifuentes.com\/portada\/2024\/11\/22\/ya-viene-la-eleccion-de-directora-de-corporinoquia-25-de-noviembre-convocado-consejo-directivo\/embed\/#?secret=WIZEqpPbmY#?secret=EHam0JCmRI\" width=\"600\" height=\"586\" frameborder=\"0\" marginwidth=\"0\" marginheight=\"0\" scrolling=\"no\" sandbox=\"allow-scripts\" data-secret=\"EHam0JCmRI\" data-mce-fragment=\"1\"><\/iframe><\/p>\n<p><iframe loading=\"lazy\" class=\"wp-embedded-content\" title=\"\u00abCasanare Palpita: Cultura, arte y gastronom\u00eda llanera,\u00a0del 20 al 24 de noviembre en Casanare.\u00bb \u2014 \u25b7 Noticias de Casanare : Martha Cifuentes | Casanare\" src=\"https:\/\/marthacifuentes.com\/portada\/2024\/11\/20\/casanare-palpita-cultura-arte-y-gastronomia-llanera-del-20-al-24-de-noviembre-en-casanare\/embed\/#?secret=ZxluL6FvPy#?secret=g3iti2URnM\" width=\"600\" height=\"579\" frameborder=\"0\" marginwidth=\"0\" marginheight=\"0\" scrolling=\"no\" sandbox=\"allow-scripts\" data-secret=\"g3iti2URnM\" data-mce-fragment=\"1\"><\/iframe><\/p>\n<p><iframe loading=\"lazy\" class=\"wp-embedded-content\" title=\"\u00abEaaay: tras cuestionada intervenci\u00f3n, se nombra nueva interventora. Fue liquidadora de Electricaribe.\u00bb \u2014 \u25b7 Noticias de Casanare : Martha Cifuentes | Casanare\" src=\"https:\/\/marthacifuentes.com\/portada\/2024\/11\/20\/eaaay-tras-cuestionada-intervencion-se-nombra-nueva-interventora-fue-liquidadora-de-electricaribe\/embed\/#?secret=Ua3FLbHJOK#?secret=lSmpQX1tHz\" width=\"600\" height=\"613\" frameborder=\"0\" marginwidth=\"0\" marginheight=\"0\" scrolling=\"no\" sandbox=\"allow-scripts\" data-secret=\"lSmpQX1tHz\" data-mce-fragment=\"1\"><\/iframe><\/p>\n<p><iframe loading=\"lazy\" class=\"wp-embedded-content\" title=\"\u00abAmarrada y con una almohada fue asfixiada Jeniffer Velandia. Hubo una testigo.\u00bb \u2014 \u25b7 Noticias de Casanare : Martha Cifuentes | Casanare\" src=\"https:\/\/marthacifuentes.com\/portada\/2024\/11\/13\/amarrada-y-con-una-almohada-fue-asfixiada-jeniffer-velandia-hubo-una-testigo\/embed\/#?secret=FAmtKASfLy#?secret=FBcw1vymUF\" width=\"600\" height=\"617\" frameborder=\"0\" marginwidth=\"0\" marginheight=\"0\" scrolling=\"no\" sandbox=\"allow-scripts\" data-secret=\"FBcw1vymUF\" data-mce-fragment=\"1\"><\/iframe><\/p>\n<p><iframe loading=\"lazy\" class=\"wp-embedded-content\" title=\"\u00abExparamilitares de Casanare, alias \u00abmart\u00edn llanos\u00bb y alias \u00abTripas\u00bb, ahora gestores de paz\u00bb \u2014 \u25b7 Noticias de Casanare : Martha Cifuentes | Casanare\" src=\"https:\/\/marthacifuentes.com\/portada\/2024\/11\/13\/exparamilitares-de-casanare-alias-martin-llanos-y-alias-tripas-ahora-gestores-de-paz\/embed\/#?secret=5zNivMKElr#?secret=raCwabjR3r\" width=\"600\" height=\"621\" frameborder=\"0\" marginwidth=\"0\" marginheight=\"0\" scrolling=\"no\" sandbox=\"allow-scripts\" data-secret=\"raCwabjR3r\" data-mce-fragment=\"1\"><\/iframe><\/p>\n<p><iframe loading=\"lazy\" class=\"wp-embedded-content\" title=\"\u00abSospechoso de feminicidio de Jeniffer Velandia en Yopal, viv\u00eda en la casa donde fue hallada muerta. Ten\u00eda su celular.\u00bb \u2014 \u25b7 Noticias de Casanare : Martha Cifuentes | Casanare\" src=\"https:\/\/marthacifuentes.com\/portada\/2024\/11\/12\/sospechoso-de-feminicidio-de-jeniffer-velandia-en-yopal-vivia-en-la-casa-donde-fue-hallada-muerta-tenia-su-celular\/embed\/#?secret=K2JGuRa0W0#?secret=XnefF37GsM\" width=\"600\" height=\"649\" frameborder=\"0\" marginwidth=\"0\" marginheight=\"0\" scrolling=\"no\" sandbox=\"allow-scripts\" data-secret=\"XnefF37GsM\" data-mce-fragment=\"1\"><\/iframe><\/p>\n<p><iframe loading=\"lazy\" class=\"wp-embedded-content\" title=\"\u00abFeminicidas de Jennifer Velandia en Yopal, estar\u00edan por ser capturados. Autoridades est\u00e1n tras su rastro.\u00bb \u2014 \u25b7 Noticias de Casanare : Martha Cifuentes | Casanare\" src=\"https:\/\/marthacifuentes.com\/portada\/2024\/11\/10\/feminicidas-de-jennifer-velandia-en-yopal-estarian-por-ser-capturados-autoridades-estan-tras-su-rastro\/embed\/#?secret=9UkGeBYG3E#?secret=scWVqsAeKL\" width=\"600\" height=\"600\" frameborder=\"0\" marginwidth=\"0\" marginheight=\"0\" scrolling=\"no\" sandbox=\"allow-scripts\" data-secret=\"scWVqsAeKL\" data-mce-fragment=\"1\"><\/iframe><\/p>\n<p><iframe loading=\"lazy\" class=\"wp-embedded-content\" title=\"\u00ab\u00bfGallina en Pajarito para A\u00f1o Nuevo? Inv\u00edas promete habilitar v\u00eda alterna para el 31 de diciembre\u00bb \u2014 \u25b7 Noticias de Casanare : Martha Cifuentes | Casanare\" src=\"https:\/\/marthacifuentes.com\/portada\/2024\/11\/07\/gallina-en-pajarito-para-ano-nuevo-invias-promete-habilitar-via-alterna-para-el-31-de-diciembre\/embed\/#?secret=isPBleHRhA#?secret=3szgdFAL8D\" width=\"600\" height=\"612\" frameborder=\"0\" marginwidth=\"0\" marginheight=\"0\" scrolling=\"no\" sandbox=\"allow-scripts\" data-secret=\"3szgdFAL8D\" data-mce-fragment=\"1\"><\/iframe><\/p>\n<p><iframe loading=\"lazy\" class=\"wp-embedded-content\" title=\"\u00abHoy, en foro petrolero en Yopal, se analizar\u00e1n mecanismos para solucionar conflictividad social y empresarial\u00bb \u2014 \u25b7 Noticias de Casanare : Martha Cifuentes | Casanare\" src=\"https:\/\/marthacifuentes.com\/portada\/2024\/11\/07\/hoy-en-foro-petrolero-en-yopal-se-analizaran-mecanismos-para-solucionar-conflictividad-social-y-empresarial\/embed\/#?secret=5gwLvOE0Af#?secret=FykaLSZz6o\" width=\"600\" height=\"620\" frameborder=\"0\" marginwidth=\"0\" marginheight=\"0\" scrolling=\"no\" sandbox=\"allow-scripts\" data-secret=\"FykaLSZz6o\" data-mce-fragment=\"1\"><\/iframe><\/p>\n<p><iframe loading=\"lazy\" class=\"wp-embedded-content\" title=\"\u00abVillanueva da los primeros acordes hacia una banda sinf\u00f3nica. Geopark don\u00f3 instrumentos musicales.\u00bb \u2014 \u25b7 Noticias de Casanare : Martha Cifuentes | Casanare\" src=\"https:\/\/marthacifuentes.com\/portada\/2024\/11\/06\/villanueva-da-los-primeros-acordes-hacia-una-banda-sinfonica-geopark-dono-instrumentos-musicales\/embed\/#?secret=LYrgEEpNC8#?secret=3LHImWJrt5\" width=\"600\" height=\"619\" frameborder=\"0\" marginwidth=\"0\" marginheight=\"0\" scrolling=\"no\" sandbox=\"allow-scripts\" data-secret=\"3LHImWJrt5\" data-mce-fragment=\"1\"><\/iframe><\/p>\n<p><iframe loading=\"lazy\" class=\"wp-embedded-content\" title=\"\u00abFeminicidio en Man\u00ed, la inacci\u00f3n del sistema, que cost\u00f3 una vida, causa m\u00e1s dolor en la familia\u00bb \u2014 \u25b7 Noticias de Casanare : Martha Cifuentes | Casanare\" src=\"https:\/\/marthacifuentes.com\/portada\/2024\/11\/06\/feminicidio-en-mani-la-inaccion-del-sistema-que-costo-una-vida-causa-mas-dolor-en-la-familia\/embed\/#?secret=XUp6cBiG61#?secret=AglhlgSqiu\" width=\"600\" height=\"600\" frameborder=\"0\" marginwidth=\"0\" marginheight=\"0\" scrolling=\"no\" sandbox=\"allow-scripts\" data-secret=\"AglhlgSqiu\" data-mce-fragment=\"1\"><\/iframe><\/p>\n<p><iframe loading=\"lazy\" class=\"wp-embedded-content\" title=\"\u00abConductor de camioneta f\u00fanebre muere en siniestro vial mientras transportaba a v\u00edctima de feminicidio de Man\u00ed\u00bb \u2014 \u25b7 Noticias de Casanare : Martha Cifuentes | Casanare\" src=\"https:\/\/marthacifuentes.com\/portada\/2024\/11\/06\/conductor-de-camioneta-funebre-muere-en-siniestro-vial-mientras-transportaba-a-victima-de-feminicidio-de-mani\/embed\/#?secret=a8YZ2oWaez#?secret=5wceTxh5Zw\" width=\"600\" height=\"649\" frameborder=\"0\" marginwidth=\"0\" marginheight=\"0\" scrolling=\"no\" sandbox=\"allow-scripts\" data-secret=\"5wceTxh5Zw\" data-mce-fragment=\"1\"><\/iframe><\/p>\n<p><iframe loading=\"lazy\" class=\"wp-embedded-content\" title=\"\u00abYopal tiene un respiro con la captura redomados delincuentes alias \u201cr\u00edo sucio\u201d, \u201ckevin\u201d y \u201clady\u201d\u00bb \u2014 \u25b7 Noticias de Casanare : Martha Cifuentes | Casanare\" src=\"https:\/\/marthacifuentes.com\/portada\/2024\/11\/01\/yopal-tiene-un-respiro-con-la-captura-redomados-delincuentes-alias-rio-sucio-kevin-y-lady\/embed\/#?secret=Yh8swyYfWJ#?secret=eUfjYmAtEn\" width=\"600\" height=\"600\" frameborder=\"0\" marginwidth=\"0\" marginheight=\"0\" scrolling=\"no\" sandbox=\"allow-scripts\" data-secret=\"eUfjYmAtEn\" data-mce-fragment=\"1\"><\/iframe><\/p>\n<p><iframe loading=\"lazy\" class=\"wp-embedded-content\" title=\"\u00abA la c\u00e1rcel presunto responsable de intentar asesinar a su pareja en Yopal\u00bb \u2014 \u25b7 Noticias de Casanare : Martha Cifuentes | Casanare\" src=\"https:\/\/marthacifuentes.com\/portada\/2024\/11\/01\/a-la-carcel-presunto-responsable-de-intentar-asesinar-a-su-pareja-en-yopal\/embed\/#?secret=ouVrXF3yxn#?secret=bJIDWQ7e4a\" width=\"600\" height=\"600\" frameborder=\"0\" marginwidth=\"0\" marginheight=\"0\" scrolling=\"no\" sandbox=\"allow-scripts\" data-secret=\"bJIDWQ7e4a\" data-mce-fragment=\"1\"><\/iframe><\/p>\n<p><iframe loading=\"lazy\" class=\"wp-embedded-content\" title=\"\u00abDetalles In\u00e9ditos de la JEP: \u00bfQu\u00e9 Saben Otoniel y otros testigos sobre pol\u00edticos de Casanare y el Bloque Centauros?\u00bb \u2014 \u25b7 Noticias de Casanare : Martha Cifuentes | Casanare\" src=\"https:\/\/marthacifuentes.com\/portada\/2024\/10\/25\/detalles-ineditos-de-la-jep-que-saben-otoniel-y-otros-testigos-sobre-politicos-de-casanare-y-el-bloque-centauros\/embed\/#?secret=3EeQv5DcQ1#?secret=HEhyvpWejj\" width=\"600\" height=\"649\" frameborder=\"0\" marginwidth=\"0\" marginheight=\"0\" scrolling=\"no\" sandbox=\"allow-scripts\" data-secret=\"HEhyvpWejj\" data-mce-fragment=\"1\"><\/iframe><\/p>\n<p><iframe loading=\"lazy\" class=\"wp-embedded-content\" title=\"\u00abCerca de $300 mil millones contrataron Ecopetrol y sus aliados con empresarios de Casanare, seg\u00fan la petrolera\u00bb \u2014 \u25b7 Noticias de Casanare : Martha Cifuentes | Casanare\" src=\"https:\/\/marthacifuentes.com\/portada\/2024\/10\/23\/cerca-de-300-mil-millones-contrataron-ecopetrol-y-sus-aliados-con-empresarios-de-casanare-segun-la-petrolera\/embed\/#?secret=fQoROVNatN#?secret=w469fbuYVo\" width=\"600\" height=\"649\" frameborder=\"0\" marginwidth=\"0\" marginheight=\"0\" scrolling=\"no\" sandbox=\"allow-scripts\" data-secret=\"w469fbuYVo\" data-mce-fragment=\"1\"><\/iframe><\/p>\n<p><iframe loading=\"lazy\" class=\"wp-embedded-content\" title=\"\u00abEdwin Barrera, exgerente de Ese Salud Yopal, vuelve al Horo, ahora como jefe de Planeaci\u00f3n.\u00bb \u2014 \u25b7 Noticias de Casanare : Martha Cifuentes | Casanare\" src=\"https:\/\/marthacifuentes.com\/portada\/2024\/10\/23\/edwin-barrera-exgerente-de-ese-salud-yopal-vuelve-al-horo-ahora-como-jefe-de-planeacion\/embed\/#?secret=iV0m5OmNNk#?secret=U5W8fRmQ0P\" width=\"600\" height=\"598\" frameborder=\"0\" marginwidth=\"0\" marginheight=\"0\" scrolling=\"no\" sandbox=\"allow-scripts\" data-secret=\"U5W8fRmQ0P\" data-mce-fragment=\"1\"><\/iframe><\/p>\n<p><iframe loading=\"lazy\" class=\"wp-embedded-content\" title=\"\u00abZorro rechaza recortes de regal\u00edas para Casanare. 100 mil millones menos para 2 pr\u00f3ximos a\u00f1os\u00bb \u2014 \u25b7 Noticias de Casanare : Martha Cifuentes | Casanare\" src=\"https:\/\/marthacifuentes.com\/portada\/2024\/10\/23\/zorro-rechaza-recortes-de-regalias-para-casanare-100-mil-millones-menos-para-2-proximos-anos\/embed\/#?secret=JjGue406oZ#?secret=kWkE2ZV66V\" width=\"600\" height=\"621\" frameborder=\"0\" marginwidth=\"0\" marginheight=\"0\" scrolling=\"no\" sandbox=\"allow-scripts\" data-secret=\"kWkE2ZV66V\" data-mce-fragment=\"1\"><\/iframe><\/p>\n<p><iframe loading=\"lazy\" class=\"wp-embedded-content\" title=\"\u00abExalcalde LEC, mal parado, por aceptar terreno emproblemado para fallido Terminal de Yopal\u00bb \u2014 \u25b7 Noticias de Casanare : Martha Cifuentes | Casanare\" src=\"https:\/\/marthacifuentes.com\/portada\/2024\/10\/22\/exalcalde-lec-mal-parado-por-aceptar-terreno-emproblemado-para-fallido-terminal-de-yopal\/embed\/#?secret=zsTlUGeI2E#?secret=OTIATGgoIh\" width=\"600\" height=\"621\" frameborder=\"0\" marginwidth=\"0\" marginheight=\"0\" scrolling=\"no\" sandbox=\"allow-scripts\" data-secret=\"OTIATGgoIh\" data-mce-fragment=\"1\"><\/iframe><\/p>\n<p><iframe loading=\"lazy\" class=\"wp-embedded-content\" title=\"\u00abPredio donde se construir\u00e1 Terminal de Transportes de Yopal termin\u00f3 siendo un \u201cnegociazo\u201d para un particular, aunque era del municipio.\u00bb \u2014 \u25b7 Noticias de Casanare : Martha Cifuentes | Casanare\" src=\"https:\/\/marthacifuentes.com\/portada\/2022\/10\/07\/predio-donde-se-construira-terminal-de-transportes-de-yopal-termino-siendo-un-negociazo-para-un-particular-aunque-era-del-municipio\/embed\/#?secret=8BVkgtrbER#?secret=qSiaz1CVXI\" width=\"600\" height=\"592\" frameborder=\"0\" marginwidth=\"0\" marginheight=\"0\" scrolling=\"no\" sandbox=\"allow-scripts\" data-secret=\"qSiaz1CVXI\" data-mce-fragment=\"1\"><\/iframe><\/p>\n<h2>Otras noticias\u2026<\/h2>\n<p><iframe loading=\"lazy\" class=\"wp-embedded-content\" title=\"\u00abPaciente con c\u00e1ncer en la sangre clama por medicamentos a Capresoca. Es de vida o muerte.\u00bb \u2014 \u25b7 Noticias de Casanare : Martha Cifuentes | Casanare\" src=\"https:\/\/marthacifuentes.com\/portada\/2024\/10\/22\/paciente-con-cancer-en-la-sangre-clama-por-medicamentos-a-capresoca-es-de-vida-o-muerte\/embed\/#?secret=HYNtCt6ZxK#?secret=cHhHl2JCMC\" width=\"600\" height=\"599\" frameborder=\"0\" marginwidth=\"0\" marginheight=\"0\" scrolling=\"no\" sandbox=\"allow-scripts\" data-secret=\"cHhHl2JCMC\" data-mce-fragment=\"1\"><\/iframe><\/p>\n<p><iframe loading=\"lazy\" class=\"wp-embedded-content\" title=\"\u00abJoven de Tauramena fue sicariado.\u00bb \u2014 \u25b7 Noticias de Casanare : Martha Cifuentes | Casanare\" src=\"https:\/\/marthacifuentes.com\/portada\/2024\/10\/22\/joven-de-tauramena-fue-sicariado\/embed\/#?secret=LABnTXm6Nl#?secret=M2astxTXp3\" width=\"600\" height=\"571\" frameborder=\"0\" marginwidth=\"0\" marginheight=\"0\" scrolling=\"no\" sandbox=\"allow-scripts\" data-secret=\"M2astxTXp3\" data-mce-fragment=\"1\"><\/iframe><\/p>\n<p><iframe loading=\"lazy\" class=\"wp-embedded-content\" title=\"\u00abGran acogida del p\u00fablico en la 3ra versi\u00f3n del Festival de teatro Guadalupe\u00bb \u2014 \u25b7 Noticias de Casanare : Martha Cifuentes | Casanare\" src=\"https:\/\/marthacifuentes.com\/portada\/2024\/10\/21\/gran-acogida-del-publico-en-la-3ra-version-del-festival-de-teatro-guadalupe\/embed\/#?secret=gzkWJoF8ym#?secret=PQdHX4wNw0\" width=\"600\" height=\"600\" frameborder=\"0\" marginwidth=\"0\" marginheight=\"0\" scrolling=\"no\" sandbox=\"allow-scripts\" data-secret=\"PQdHX4wNw0\" data-mce-fragment=\"1\"><\/iframe><\/p>\n<p><iframe loading=\"lazy\" class=\"wp-embedded-content\" title=\"\u00abABC para que no lo tumben urbanizadores ilegales en Yopal\u00bb \u2014 \u25b7 Noticias de Casanare : Martha Cifuentes | Casanare\" src=\"https:\/\/marthacifuentes.com\/portada\/2024\/10\/21\/abc-para-que-no-lo-tumben-urbanizadores-ilegales-en-yopal\/embed\/#?secret=gr0zTA8Amy#?secret=lgGPbW0YEZ\" width=\"600\" height=\"619\" frameborder=\"0\" marginwidth=\"0\" marginheight=\"0\" scrolling=\"no\" sandbox=\"allow-scripts\" data-secret=\"lgGPbW0YEZ\" data-mce-fragment=\"1\"><\/iframe><\/p>\n<p><iframe loading=\"lazy\" class=\"wp-embedded-content\" title=\"\u00abIntento o consumaci\u00f3n de abuso sexual de ni\u00f1a de 2 a\u00f1os caus\u00f3 asonada en Barranca de Up\u00eda\u00bb \u2014 \u25b7 Noticias de Casanare : Martha Cifuentes | Casanare\" src=\"https:\/\/marthacifuentes.com\/portada\/2024\/10\/21\/intento-o-consumacion-de-abuso-sexual-de-nina-de-2-anos-causo-asonada-en-barranca-de-upia\/embed\/#?secret=V3CgrwMVUB#?secret=KuGLUvinqC\" width=\"600\" height=\"600\" frameborder=\"0\" marginwidth=\"0\" marginheight=\"0\" scrolling=\"no\" sandbox=\"allow-scripts\" data-secret=\"KuGLUvinqC\" data-mce-fragment=\"1\"><\/iframe><\/p>\n<p><iframe loading=\"lazy\" class=\"wp-embedded-content\" title=\"\u00abParte de obras faltantes de la PTAP Yopal, ser\u00e1n construidas por Gobernaci\u00f3n de Casanare\u00bb \u2014 \u25b7 Noticias de Casanare : Martha Cifuentes | Casanare\" src=\"https:\/\/marthacifuentes.com\/portada\/2024\/10\/19\/parte-de-obras-faltantes-de-la-ptap-yopal-seran-construidas-por-gobernacion-de-casanare\/embed\/#?secret=7YH3OkYgDw#?secret=G9RuvJ80RQ\" width=\"600\" height=\"599\" frameborder=\"0\" marginwidth=\"0\" marginheight=\"0\" scrolling=\"no\" sandbox=\"allow-scripts\" data-secret=\"G9RuvJ80RQ\" data-mce-fragment=\"1\"><\/iframe><\/p>\n<p><iframe loading=\"lazy\" class=\"wp-embedded-content\" title=\"\u00abCapturado alias Kiliam, presunto cabecilla de disidencias de las Farc, frente 28 en Casanare\u00bb \u2014 \u25b7 Noticias de Casanare : Martha Cifuentes | Casanare\" src=\"https:\/\/marthacifuentes.com\/portada\/2024\/10\/19\/capturado-alias-kiliam-presunto-cabecilla-de-disidencias-de-las-farc-frente-28-en-casanare\/embed\/#?secret=uNkPVtTTlx#?secret=Mn9KI7MD3F\" width=\"600\" height=\"618\" frameborder=\"0\" marginwidth=\"0\" marginheight=\"0\" scrolling=\"no\" sandbox=\"allow-scripts\" data-secret=\"Mn9KI7MD3F\" data-mce-fragment=\"1\"><\/iframe><\/p>\n<p><iframe loading=\"lazy\" class=\"wp-embedded-content\" title=\"\u00abEstudiantes de San Luis de Palenque y Trinidad celebran llegada de m\u00e1s de 3.000 tablets, entregadas por Gobernaci\u00f3n de Casanare\u00bb \u2014 \u25b7 Noticias de Casanare : Martha Cifuentes | Casanare\" src=\"https:\/\/marthacifuentes.com\/portada\/2024\/10\/19\/estudiantes-de-san-luis-de-palenque-y-trinidad-celebran-llegada-de-mas-de-3-000-tablets-entregadas-por-gobernacion-de-casanare\/embed\/#?secret=t3Ehy1yhef#?secret=N38eawzYrQ\" width=\"600\" height=\"649\" frameborder=\"0\" marginwidth=\"0\" marginheight=\"0\" scrolling=\"no\" sandbox=\"allow-scripts\" data-secret=\"N38eawzYrQ\" data-mce-fragment=\"1\"><\/iframe><\/p>\n<p><iframe loading=\"lazy\" class=\"wp-embedded-content\" title=\"\u00ab\u00bfPor atraco o sicariato? Pareja abaleada en comuna 2 de Yopal. La mujer muri\u00f3.\u00bb \u2014 \u25b7 Noticias de Casanare : Martha Cifuentes | Casanare\" src=\"https:\/\/marthacifuentes.com\/portada\/2024\/10\/19\/por-atraco-o-sicariato-pareja-abaleada-en-comuna-2-de-yopal-la-mujer-murio\/embed\/#?secret=qEyCrVpamw#?secret=VN3RbAi81g\" width=\"600\" height=\"600\" frameborder=\"0\" marginwidth=\"0\" marginheight=\"0\" scrolling=\"no\" sandbox=\"allow-scripts\" data-secret=\"VN3RbAi81g\" data-mce-fragment=\"1\"><\/iframe><\/p>\n<p><iframe loading=\"lazy\" class=\"wp-embedded-content\" title=\"\u00abSe conocen cifras reales de millonaria deuda de Capresoca con Cl\u00ednica Casanare tras denuncia penal de exgerente de la IPS contra diputado Heyder Silva.\u00a0\u00bb \u2014 \u25b7 Noticias de Casanare : Martha Cifuentes | Casanare\" src=\"https:\/\/marthacifuentes.com\/portada\/2024\/10\/17\/se-conocen-cifras-reales-de-millonaria-deuda-de-capresoca-con-clinica-casanare-tras-denuncia-penal-de-exgerente-de-la-ips-contra-diputado-heyder-silva\/embed\/#?secret=q4qN90SEno#?secret=4bygdqABxD\" width=\"600\" height=\"628\" frameborder=\"0\" marginwidth=\"0\" marginheight=\"0\" scrolling=\"no\" sandbox=\"allow-scripts\" data-secret=\"4bygdqABxD\" data-mce-fragment=\"1\"><\/iframe><\/p>\n<p><iframe loading=\"lazy\" class=\"wp-embedded-content\" title=\"\u00abZorro y Marco Tulio, ahora en la Comisi\u00f3n Rectora de Regal\u00edas. Su reto: planificar y distribuirlas equitativamente.\u00bb \u2014 \u25b7 Noticias de Casanare : Martha Cifuentes | Casanare\" src=\"https:\/\/marthacifuentes.com\/portada\/2024\/10\/16\/zorro-y-marco-tulio-ahora-en-la-comision-rectora-de-regalias-su-reto-planificar-y-distribuirlas-equitativamente\/embed\/#?secret=QcIhUSImy5#?secret=uno8r2b5E4\" width=\"600\" height=\"593\" frameborder=\"0\" marginwidth=\"0\" marginheight=\"0\" scrolling=\"no\" sandbox=\"allow-scripts\" data-secret=\"uno8r2b5E4\" data-mce-fragment=\"1\"><\/iframe><\/p>\n","protected":false},"excerpt":{"rendered":"<p>Finalizando su primer a\u00f1o de gobierno, el alcalde de Yopal Marco Tulio Ruiz Ria\u00f1o, cuenta con una imagen positiva entre la mayor\u00eda de sus gobernados. el 57% de los ciudadanos considera favorable su imagen. \u00a0Solo el 17% no piensa bien de \u00e9l. Esto, seg\u00fan la Encuesta de Percepci\u00f3n Ciudadana 2024, enmarcada en el programa Yopal, &hellip;<\/p>\n","protected":false},"author":2,"featured_media":34529,"comment_status":"open","ping_status":"open","sticky":false,"template":"","format":"standard","meta":{"om_disable_all_campaigns":false,"_exactmetrics_skip_tracking":false,"_exactmetrics_sitenote_active":false,"_exactmetrics_sitenote_note":"","_exactmetrics_sitenote_category":0,"_monsterinsights_skip_tracking":false,"_monsterinsights_sitenote_active":false,"_monsterinsights_sitenote_note":"","_monsterinsights_sitenote_category":0,"_uf_show_specific_survey":0,"_uf_disable_surveys":false,"_joinchat":[],"footnotes":""},"categories":[147,146,145],"tags":[10245,11443,11446,11447,11445,1400,11444],"class_list":["post-34509","post","type-post","status-publish","format-standard","has-post-thumbnail","hentry","category-actualidad","category-noticias","category-reportajes","tag-alcalde-marco-tulio-ruiz","tag-como-vamos-yopal","tag-como-vamos-yopal-encuesta-cifras-y-conceptos","tag-concejo-municipal-de-yopal-imagen-en-encuesta","tag-encuesta-cifras-y-conceptos-como-vamos-yopal","tag-noticias-casanare","tag-recursos-publicos-de-yopal"],"yoast_head":"<!-- This site is optimized with the Yoast SEO plugin v26.1 - https:\/\/yoast.com\/wordpress\/plugins\/seo\/ -->\n<title>Marco Tulio, bien librado, Concejo rajado y ciudadanos preocupados por seguridad y empleo, en Encuesta &quot;Yopal, C\u00f3mo Vamos&quot; - \u25b7 Noticias de Casanare : Martha Cifuentes | Casanare<\/title>\n<meta name=\"robots\" content=\"index, follow, max-snippet:-1, max-image-preview:large, max-video-preview:-1\" \/>\n<link rel=\"canonical\" href=\"https:\/\/marthacifuentes.com\/portada\/marco-tulio-con-imagen-positiva-del-57-mientras-que-el-concejo-se-raja-en-encuesta-de-cifras-y-conceptos\/\" \/>\n<meta property=\"og:locale\" content=\"es_ES\" \/>\n<meta property=\"og:type\" content=\"article\" \/>\n<meta property=\"og:title\" content=\"Marco Tulio, bien librado, Concejo rajado y ciudadanos preocupados por seguridad y empleo, en Encuesta &quot;Yopal, C\u00f3mo Vamos&quot; - \u25b7 Noticias de Casanare : Martha Cifuentes | Casanare\" \/>\n<meta property=\"og:description\" content=\"Finalizando su primer a\u00f1o de gobierno, el alcalde de Yopal Marco Tulio Ruiz Ria\u00f1o, cuenta con una imagen positiva entre la mayor\u00eda de sus gobernados. el 57% de los ciudadanos considera favorable su imagen. \u00a0Solo el 17% no piensa bien de \u00e9l. Esto, seg\u00fan la Encuesta de Percepci\u00f3n Ciudadana 2024, enmarcada en el programa Yopal, &hellip;\" \/>\n<meta property=\"og:url\" content=\"https:\/\/marthacifuentes.com\/portada\/marco-tulio-con-imagen-positiva-del-57-mientras-que-el-concejo-se-raja-en-encuesta-de-cifras-y-conceptos\/\" \/>\n<meta property=\"og:site_name\" content=\"\u25b7 Noticias de Casanare : Martha Cifuentes | Casanare\" \/>\n<meta property=\"article:published_time\" content=\"2024-12-12T16:24:57+00:00\" \/>\n<meta property=\"article:modified_time\" content=\"2024-12-12T17:08:08+00:00\" \/>\n<meta property=\"og:image\" content=\"https:\/\/marthacifuentes.com\/portada\/wp-content\/uploads\/2024\/12\/marco-tulio-otra-portada-1.png\" \/>\n\t<meta property=\"og:image:width\" content=\"1080\" \/>\n\t<meta property=\"og:image:height\" content=\"631\" \/>\n\t<meta property=\"og:image:type\" content=\"image\/png\" \/>\n<meta name=\"author\" content=\"Martha Cifuentes\" \/>\n<meta name=\"twitter:card\" content=\"summary_large_image\" \/>\n<meta name=\"twitter:label1\" content=\"Escrito por\" \/>\n\t<meta name=\"twitter:data1\" content=\"Martha Cifuentes\" \/>\n\t<meta name=\"twitter:label2\" content=\"Tiempo de lectura\" \/>\n\t<meta name=\"twitter:data2\" content=\"8 minutos\" \/>\n<script type=\"application\/ld+json\" class=\"yoast-schema-graph\">{\"@context\":\"https:\/\/schema.org\",\"@graph\":[{\"@type\":\"WebPage\",\"@id\":\"https:\/\/marthacifuentes.com\/portada\/marco-tulio-con-imagen-positiva-del-57-mientras-que-el-concejo-se-raja-en-encuesta-de-cifras-y-conceptos\/\",\"url\":\"https:\/\/marthacifuentes.com\/portada\/marco-tulio-con-imagen-positiva-del-57-mientras-que-el-concejo-se-raja-en-encuesta-de-cifras-y-conceptos\/\",\"name\":\"Marco Tulio, bien librado, Concejo rajado y ciudadanos preocupados por seguridad y empleo, en Encuesta \\\"Yopal, C\u00f3mo Vamos\\\" - \u25b7 Noticias de Casanare : Martha Cifuentes | Casanare\",\"isPartOf\":{\"@id\":\"https:\/\/marthacifuentes.com\/portada\/#website\"},\"primaryImageOfPage\":{\"@id\":\"https:\/\/marthacifuentes.com\/portada\/marco-tulio-con-imagen-positiva-del-57-mientras-que-el-concejo-se-raja-en-encuesta-de-cifras-y-conceptos\/#primaryimage\"},\"image\":{\"@id\":\"https:\/\/marthacifuentes.com\/portada\/marco-tulio-con-imagen-positiva-del-57-mientras-que-el-concejo-se-raja-en-encuesta-de-cifras-y-conceptos\/#primaryimage\"},\"thumbnailUrl\":\"https:\/\/marthacifuentes.com\/portada\/wp-content\/uploads\/2024\/12\/marco-tulio-otra-portada-1.png\",\"datePublished\":\"2024-12-12T16:24:57+00:00\",\"dateModified\":\"2024-12-12T17:08:08+00:00\",\"author\":{\"@id\":\"https:\/\/marthacifuentes.com\/portada\/#\/schema\/person\/57f53174b991db5f90ff78d58502b714\"},\"breadcrumb\":{\"@id\":\"https:\/\/marthacifuentes.com\/portada\/marco-tulio-con-imagen-positiva-del-57-mientras-que-el-concejo-se-raja-en-encuesta-de-cifras-y-conceptos\/#breadcrumb\"},\"inLanguage\":\"es\",\"potentialAction\":[{\"@type\":\"ReadAction\",\"target\":[\"https:\/\/marthacifuentes.com\/portada\/marco-tulio-con-imagen-positiva-del-57-mientras-que-el-concejo-se-raja-en-encuesta-de-cifras-y-conceptos\/\"]}]},{\"@type\":\"ImageObject\",\"inLanguage\":\"es\",\"@id\":\"https:\/\/marthacifuentes.com\/portada\/marco-tulio-con-imagen-positiva-del-57-mientras-que-el-concejo-se-raja-en-encuesta-de-cifras-y-conceptos\/#primaryimage\",\"url\":\"https:\/\/marthacifuentes.com\/portada\/wp-content\/uploads\/2024\/12\/marco-tulio-otra-portada-1.png\",\"contentUrl\":\"https:\/\/marthacifuentes.com\/portada\/wp-content\/uploads\/2024\/12\/marco-tulio-otra-portada-1.png\",\"width\":1080,\"height\":631},{\"@type\":\"BreadcrumbList\",\"@id\":\"https:\/\/marthacifuentes.com\/portada\/marco-tulio-con-imagen-positiva-del-57-mientras-que-el-concejo-se-raja-en-encuesta-de-cifras-y-conceptos\/#breadcrumb\",\"itemListElement\":[{\"@type\":\"ListItem\",\"position\":1,\"name\":\"Portada\",\"item\":\"https:\/\/marthacifuentes.com\/portada\/\"},{\"@type\":\"ListItem\",\"position\":2,\"name\":\"Marco Tulio, bien librado, Concejo rajado y ciudadanos preocupados por seguridad y empleo, en Encuesta \u00abYopal, C\u00f3mo Vamos\u00bb\"}]},{\"@type\":\"WebSite\",\"@id\":\"https:\/\/marthacifuentes.com\/portada\/#website\",\"url\":\"https:\/\/marthacifuentes.com\/portada\/\",\"name\":\"\u25b7 Noticias de Casanare : Martha Cifuentes | Casanare\",\"description\":\"Noticias &amp; Contenidos\",\"potentialAction\":[{\"@type\":\"SearchAction\",\"target\":{\"@type\":\"EntryPoint\",\"urlTemplate\":\"https:\/\/marthacifuentes.com\/portada\/?s={search_term_string}\"},\"query-input\":{\"@type\":\"PropertyValueSpecification\",\"valueRequired\":true,\"valueName\":\"search_term_string\"}}],\"inLanguage\":\"es\"},{\"@type\":\"Person\",\"@id\":\"https:\/\/marthacifuentes.com\/portada\/#\/schema\/person\/57f53174b991db5f90ff78d58502b714\",\"name\":\"Martha Cifuentes\",\"image\":{\"@type\":\"ImageObject\",\"inLanguage\":\"es\",\"@id\":\"https:\/\/marthacifuentes.com\/portada\/#\/schema\/person\/image\/\",\"url\":\"http:\/\/marthacifuentes.com\/portada\/wp-content\/uploads\/2018\/06\/avatar_user_2_1528838701-96x96.jpg\",\"contentUrl\":\"http:\/\/marthacifuentes.com\/portada\/wp-content\/uploads\/2018\/06\/avatar_user_2_1528838701-96x96.jpg\",\"caption\":\"Martha Cifuentes\"},\"sameAs\":[\"http:\/\/www.marthacifuentes.com\"],\"url\":\"https:\/\/marthacifuentes.com\/portada\/author\/martha\/\"}]}<\/script>\n<!-- \/ Yoast SEO plugin. -->","yoast_head_json":{"title":"Marco Tulio, bien librado, Concejo rajado y ciudadanos preocupados por seguridad y empleo, en Encuesta \"Yopal, C\u00f3mo Vamos\" - \u25b7 Noticias de Casanare : Martha Cifuentes | Casanare","robots":{"index":"index","follow":"follow","max-snippet":"max-snippet:-1","max-image-preview":"max-image-preview:large","max-video-preview":"max-video-preview:-1"},"canonical":"https:\/\/marthacifuentes.com\/portada\/marco-tulio-con-imagen-positiva-del-57-mientras-que-el-concejo-se-raja-en-encuesta-de-cifras-y-conceptos\/","og_locale":"es_ES","og_type":"article","og_title":"Marco Tulio, bien librado, Concejo rajado y ciudadanos preocupados por seguridad y empleo, en Encuesta \"Yopal, C\u00f3mo Vamos\" - \u25b7 Noticias de Casanare : Martha Cifuentes | Casanare","og_description":"Finalizando su primer a\u00f1o de gobierno, el alcalde de Yopal Marco Tulio Ruiz Ria\u00f1o, cuenta con una imagen positiva entre la mayor\u00eda de sus gobernados. el 57% de los ciudadanos considera favorable su imagen. \u00a0Solo el 17% no piensa bien de \u00e9l. Esto, seg\u00fan la Encuesta de Percepci\u00f3n Ciudadana 2024, enmarcada en el programa Yopal, &hellip;","og_url":"https:\/\/marthacifuentes.com\/portada\/marco-tulio-con-imagen-positiva-del-57-mientras-que-el-concejo-se-raja-en-encuesta-de-cifras-y-conceptos\/","og_site_name":"\u25b7 Noticias de Casanare : Martha Cifuentes | Casanare","article_published_time":"2024-12-12T16:24:57+00:00","article_modified_time":"2024-12-12T17:08:08+00:00","og_image":[{"width":1080,"height":631,"url":"https:\/\/marthacifuentes.com\/portada\/wp-content\/uploads\/2024\/12\/marco-tulio-otra-portada-1.png","type":"image\/png"}],"author":"Martha Cifuentes","twitter_card":"summary_large_image","twitter_misc":{"Escrito por":"Martha Cifuentes","Tiempo de lectura":"8 minutos"},"schema":{"@context":"https:\/\/schema.org","@graph":[{"@type":"WebPage","@id":"https:\/\/marthacifuentes.com\/portada\/marco-tulio-con-imagen-positiva-del-57-mientras-que-el-concejo-se-raja-en-encuesta-de-cifras-y-conceptos\/","url":"https:\/\/marthacifuentes.com\/portada\/marco-tulio-con-imagen-positiva-del-57-mientras-que-el-concejo-se-raja-en-encuesta-de-cifras-y-conceptos\/","name":"Marco Tulio, bien librado, Concejo rajado y ciudadanos preocupados por seguridad y empleo, en Encuesta \"Yopal, C\u00f3mo Vamos\" - \u25b7 Noticias de Casanare : Martha Cifuentes | Casanare","isPartOf":{"@id":"https:\/\/marthacifuentes.com\/portada\/#website"},"primaryImageOfPage":{"@id":"https:\/\/marthacifuentes.com\/portada\/marco-tulio-con-imagen-positiva-del-57-mientras-que-el-concejo-se-raja-en-encuesta-de-cifras-y-conceptos\/#primaryimage"},"image":{"@id":"https:\/\/marthacifuentes.com\/portada\/marco-tulio-con-imagen-positiva-del-57-mientras-que-el-concejo-se-raja-en-encuesta-de-cifras-y-conceptos\/#primaryimage"},"thumbnailUrl":"https:\/\/marthacifuentes.com\/portada\/wp-content\/uploads\/2024\/12\/marco-tulio-otra-portada-1.png","datePublished":"2024-12-12T16:24:57+00:00","dateModified":"2024-12-12T17:08:08+00:00","author":{"@id":"https:\/\/marthacifuentes.com\/portada\/#\/schema\/person\/57f53174b991db5f90ff78d58502b714"},"breadcrumb":{"@id":"https:\/\/marthacifuentes.com\/portada\/marco-tulio-con-imagen-positiva-del-57-mientras-que-el-concejo-se-raja-en-encuesta-de-cifras-y-conceptos\/#breadcrumb"},"inLanguage":"es","potentialAction":[{"@type":"ReadAction","target":["https:\/\/marthacifuentes.com\/portada\/marco-tulio-con-imagen-positiva-del-57-mientras-que-el-concejo-se-raja-en-encuesta-de-cifras-y-conceptos\/"]}]},{"@type":"ImageObject","inLanguage":"es","@id":"https:\/\/marthacifuentes.com\/portada\/marco-tulio-con-imagen-positiva-del-57-mientras-que-el-concejo-se-raja-en-encuesta-de-cifras-y-conceptos\/#primaryimage","url":"https:\/\/marthacifuentes.com\/portada\/wp-content\/uploads\/2024\/12\/marco-tulio-otra-portada-1.png","contentUrl":"https:\/\/marthacifuentes.com\/portada\/wp-content\/uploads\/2024\/12\/marco-tulio-otra-portada-1.png","width":1080,"height":631},{"@type":"BreadcrumbList","@id":"https:\/\/marthacifuentes.com\/portada\/marco-tulio-con-imagen-positiva-del-57-mientras-que-el-concejo-se-raja-en-encuesta-de-cifras-y-conceptos\/#breadcrumb","itemListElement":[{"@type":"ListItem","position":1,"name":"Portada","item":"https:\/\/marthacifuentes.com\/portada\/"},{"@type":"ListItem","position":2,"name":"Marco Tulio, bien librado, Concejo rajado y ciudadanos preocupados por seguridad y empleo, en Encuesta \u00abYopal, C\u00f3mo Vamos\u00bb"}]},{"@type":"WebSite","@id":"https:\/\/marthacifuentes.com\/portada\/#website","url":"https:\/\/marthacifuentes.com\/portada\/","name":"\u25b7 Noticias de Casanare : Martha Cifuentes | Casanare","description":"Noticias &amp; Contenidos","potentialAction":[{"@type":"SearchAction","target":{"@type":"EntryPoint","urlTemplate":"https:\/\/marthacifuentes.com\/portada\/?s={search_term_string}"},"query-input":{"@type":"PropertyValueSpecification","valueRequired":true,"valueName":"search_term_string"}}],"inLanguage":"es"},{"@type":"Person","@id":"https:\/\/marthacifuentes.com\/portada\/#\/schema\/person\/57f53174b991db5f90ff78d58502b714","name":"Martha Cifuentes","image":{"@type":"ImageObject","inLanguage":"es","@id":"https:\/\/marthacifuentes.com\/portada\/#\/schema\/person\/image\/","url":"http:\/\/marthacifuentes.com\/portada\/wp-content\/uploads\/2018\/06\/avatar_user_2_1528838701-96x96.jpg","contentUrl":"http:\/\/marthacifuentes.com\/portada\/wp-content\/uploads\/2018\/06\/avatar_user_2_1528838701-96x96.jpg","caption":"Martha Cifuentes"},"sameAs":["http:\/\/www.marthacifuentes.com"],"url":"https:\/\/marthacifuentes.com\/portada\/author\/martha\/"}]}},"_links":{"self":[{"href":"https:\/\/marthacifuentes.com\/portada\/wp-json\/wp\/v2\/posts\/34509","targetHints":{"allow":["GET"]}}],"collection":[{"href":"https:\/\/marthacifuentes.com\/portada\/wp-json\/wp\/v2\/posts"}],"about":[{"href":"https:\/\/marthacifuentes.com\/portada\/wp-json\/wp\/v2\/types\/post"}],"author":[{"embeddable":true,"href":"https:\/\/marthacifuentes.com\/portada\/wp-json\/wp\/v2\/users\/2"}],"replies":[{"embeddable":true,"href":"https:\/\/marthacifuentes.com\/portada\/wp-json\/wp\/v2\/comments?post=34509"}],"version-history":[{"count":6,"href":"https:\/\/marthacifuentes.com\/portada\/wp-json\/wp\/v2\/posts\/34509\/revisions"}],"predecessor-version":[{"id":34525,"href":"https:\/\/marthacifuentes.com\/portada\/wp-json\/wp\/v2\/posts\/34509\/revisions\/34525"}],"wp:featuredmedia":[{"embeddable":true,"href":"https:\/\/marthacifuentes.com\/portada\/wp-json\/wp\/v2\/media\/34529"}],"wp:attachment":[{"href":"https:\/\/marthacifuentes.com\/portada\/wp-json\/wp\/v2\/media?parent=34509"}],"wp:term":[{"taxonomy":"category","embeddable":true,"href":"https:\/\/marthacifuentes.com\/portada\/wp-json\/wp\/v2\/categories?post=34509"},{"taxonomy":"post_tag","embeddable":true,"href":"https:\/\/marthacifuentes.com\/portada\/wp-json\/wp\/v2\/tags?post=34509"}],"curies":[{"name":"wp","href":"https:\/\/api.w.org\/{rel}","templated":true}]}}