{"id":34584,"date":"2025-01-14T11:33:31","date_gmt":"2025-01-14T16:33:31","guid":{"rendered":"https:\/\/marthacifuentes.com\/portada\/?p=34584"},"modified":"2025-01-14T11:33:31","modified_gmt":"2025-01-14T16:33:31","slug":"victimas-de-falsos-positivos-en-casanare-lideran-en-coordinacion-con-la-jep-propuestas-de-reparacion-y-memoria-para-sanar-heridas-del-conflicto","status":"publish","type":"post","link":"https:\/\/marthacifuentes.com\/portada\/victimas-de-falsos-positivos-en-casanare-lideran-en-coordinacion-con-la-jep-propuestas-de-reparacion-y-memoria-para-sanar-heridas-del-conflicto\/","title":{"rendered":"V\u00edctimas de falsos positivos en Casanare lideran, en coordinaci\u00f3n con la JEP, propuestas de reparaci\u00f3n y memoria para sanar heridas del conflicto\u00a0"},"content":{"rendered":"<p><span data-contrast=\"auto\">La construcci\u00f3n de un Parque Memoria y Paz; la implementaci\u00f3n del Ecosistema TOAR, una iniciativa integral que incluye proyectos de desarrollo econ\u00f3mico, salud mental y educaci\u00f3n en derechos humanos y el fortalecimiento de las labores de b\u00fasqueda de personas dadas por desaparecidas, en coordinaci\u00f3n con la Unidad de B\u00fasqueda de Personas dadas por Desaparecidas (UBPD), son algunas de las propuestas de las v\u00edctimas de falsos positivos en Casanare a la JEP, para contribuir a la reconciliaci\u00f3n y reparaci\u00f3n de las m\u00e1s de 500 familias afectadas.<\/span><span data-ccp-props=\"{&quot;134233117&quot;:false,&quot;134233118&quot;:false,&quot;335551550&quot;:0,&quot;335551620&quot;:0,&quot;335559738&quot;:240,&quot;335559739&quot;:240}\">\u00a0<\/span><\/p>\n<p><span data-contrast=\"auto\">Estas iniciativas se lograron gracias a la Jurisdicci\u00f3n Especial para la Paz (JEP), entidad que estableci\u00f3 una mesa de articulaci\u00f3n en Casanare como parte de su estrategia para avanzar en proyectos restaurativos relacionados con el Caso 03, en el que se investigan asesinatos y desapariciones forzadas presentadas como bajas en combate por miembros de la fuerza p\u00fablica. <\/span><span data-ccp-props=\"{&quot;134233117&quot;:false,&quot;134233118&quot;:false,&quot;335551550&quot;:0,&quot;335551620&quot;:0,&quot;335559738&quot;:240,&quot;335559739&quot;:240}\">\u00a0<\/span><\/p>\n<p><span data-ccp-props=\"{&quot;134233117&quot;:false,&quot;134233118&quot;:false,&quot;335551550&quot;:0,&quot;335551620&quot;:0,&quot;335559738&quot;:240,&quot;335559739&quot;:240}\">\u00a0<\/span><\/p>\n<h4><b><span data-contrast=\"auto\">Mesa de articulaci\u00f3n para consolidar las propuestas <\/span><\/b><span data-ccp-props=\"{&quot;134233117&quot;:false,&quot;134233118&quot;:false,&quot;335551550&quot;:0,&quot;335551620&quot;:0,&quot;335559738&quot;:240,&quot;335559739&quot;:240}\">\u00a0<\/span><\/h4>\n<p><span data-contrast=\"auto\">Se busca incorporar las propuestas hechas por las v\u00edctimas para garantizar que sean consideradas en el dise\u00f1o de medidas de reparaci\u00f3n y restauraci\u00f3n.<\/span><span data-ccp-props=\"{&quot;134233117&quot;:false,&quot;134233118&quot;:false,&quot;335551550&quot;:0,&quot;335551620&quot;:0,&quot;335559738&quot;:240,&quot;335559739&quot;:240}\">\u00a0<\/span><\/p>\n<p><span data-contrast=\"auto\">La mesa de articulaci\u00f3n, cuya primera reuni\u00f3n se llevar\u00e1 a cabo antes del 24 de enero de 2025, estar\u00e1 conformada por representantes de la Gobernaci\u00f3n de Casanare, la Alcald\u00eda de Yopal, la Mesa Departamental de V\u00edctimas, las v\u00edctimas acreditadas del Subcaso Casanare y sus representantes judiciales, y la Subdirecci\u00f3n del Sistema de Justicia Restaurativa de la JEP. <\/span><span data-ccp-props=\"{&quot;134233117&quot;:false,&quot;134233118&quot;:false,&quot;335551550&quot;:0,&quot;335551620&quot;:0,&quot;335559738&quot;:240,&quot;335559739&quot;:240}\">\u00a0<\/span><\/p>\n<p><span data-contrast=\"auto\">Su objetivo principal es analizar y ajustar estas iniciativas, integrando las observaciones de las v\u00edctimas y aprovechando la oferta institucional de los planes de desarrollo nacional y local.<\/span><span data-ccp-props=\"{&quot;134233117&quot;:false,&quot;134233118&quot;:false,&quot;335551550&quot;:0,&quot;335551620&quot;:0,&quot;335559738&quot;:240,&quot;335559739&quot;:240}\">\u00a0<\/span><\/p>\n<p><span data-contrast=\"auto\">Esta acci\u00f3n de la JEP responde a compromisos asumidos durante la visita del presidente de la Jurisdicci\u00f3n, Alejandro Ramelli, a Yopal el pasado 27 de noviembre, acompa\u00f1ado por los magistrados \u00d3scar Parra, Sandra Castro y Carlos Alberto Su\u00e1rez. Durante la visita, se reiter\u00f3 la importancia de los procesos de escucha y acompa\u00f1amiento a las v\u00edctimas como base para construir medidas restaurativas efectivas.<\/span><span data-ccp-props=\"{&quot;134233117&quot;:false,&quot;134233118&quot;:false,&quot;335551550&quot;:0,&quot;335551620&quot;:0,&quot;335559738&quot;:240,&quot;335559739&quot;:240}\">\u00a0<\/span><\/p>\n<p><span data-contrast=\"auto\">El proceso tambi\u00e9n contar\u00e1 con el acompa\u00f1amiento t\u00e9cnico de las oficinas asesoras de la Secretar\u00eda Ejecutiva de la JEP y el seguimiento de la magistratura para asegurar que las propuestas sean viables dentro de las siete l\u00edneas restaurativas definidas por la JEP: acci\u00f3n contra minas antipersonal, medio ambiente, infraestructura, memoria y reparaci\u00f3n simb\u00f3lica, atenci\u00f3n a da\u00f1os diferenciales, educaci\u00f3n y b\u00fasqueda de personas desaparecidas.<\/span><span data-ccp-props=\"{&quot;134233117&quot;:false,&quot;134233118&quot;:false,&quot;335551550&quot;:0,&quot;335551620&quot;:0,&quot;335559738&quot;:240,&quot;335559739&quot;:240}\">\u00a0<\/span><\/p>\n<p><span data-ccp-props=\"{&quot;134233117&quot;:false,&quot;134233118&quot;:false,&quot;335551550&quot;:0,&quot;335551620&quot;:0,&quot;335559738&quot;:240,&quot;335559739&quot;:240}\">\u00a0<\/span><\/p>\n<h4><b><span data-contrast=\"auto\">Se busca la reconciliaci\u00f3n y reparaci\u00f3n de m\u00e1s de 500 v\u00edctimas<\/span><\/b><span data-ccp-props=\"{&quot;134233117&quot;:false,&quot;134233118&quot;:false,&quot;335551550&quot;:0,&quot;335551620&quot;:0,&quot;335559738&quot;:240,&quot;335559739&quot;:240}\">\u00a0<\/span><\/h4>\n<p><span data-contrast=\"auto\">La Sala de Reconocimiento orden\u00f3 que para el 25 de abril de 2025 se presente una propuesta final consensuada de proyectos restaurativos, resultado del di\u00e1logo entre autoridades, v\u00edctimas y comparecientes. <\/span><span data-ccp-props=\"{&quot;134233117&quot;:false,&quot;134233118&quot;:false,&quot;335551550&quot;:0,&quot;335551620&quot;:0,&quot;335559738&quot;:240,&quot;335559739&quot;:240}\">\u00a0<\/span><\/p>\n<p><span data-contrast=\"auto\">Esta acci\u00f3n se enmarca en un memorando de entendimiento firmado en octubre de 2024 entre la JEP, la Gobernaci\u00f3n de Casanare y la Alcald\u00eda de Yopal para implementar medidas de reparaci\u00f3n en un periodo de tres a\u00f1os.<\/span><span data-ccp-props=\"{&quot;134233117&quot;:false,&quot;134233118&quot;:false,&quot;335551550&quot;:0,&quot;335551620&quot;:0,&quot;335559738&quot;:240,&quot;335559739&quot;:240}\">\u00a0<\/span><\/p>\n<p><span data-contrast=\"auto\">La importancia de este esfuerzo radica en su potencial para contribuir a la reconciliaci\u00f3n y a la reparaci\u00f3n de las m\u00e1s de 500 v\u00edctimas de estos cr\u00edmenes en Casanare, de las cuales m\u00e1s de 450 est\u00e1n vinculadas al Caso 03. <\/span><span data-ccp-props=\"{&quot;134233117&quot;:false,&quot;134233118&quot;:false,&quot;335551550&quot;:0,&quot;335551620&quot;:0,&quot;335559738&quot;:240,&quot;335559739&quot;:240}\">\u00a0<\/span><\/p>\n<p><span data-contrast=\"auto\">Este proceso es una muestra del compromiso de la JEP con la justicia restaurativa y con las v\u00edctimas que buscan verdad, justicia y garant\u00edas de no repetici\u00f3n.<\/span><span data-ccp-props=\"{&quot;134233117&quot;:false,&quot;134233118&quot;:false,&quot;335551550&quot;:0,&quot;335551620&quot;:0,&quot;335559738&quot;:240,&quot;335559739&quot;:240}\">\u00a0<\/span><\/p>\n<p><span data-ccp-props=\"{}\">\u00a0<\/span><\/p>\n<h4><b><span data-contrast=\"auto\">Propuestas ampliadas<\/span><\/b><span data-ccp-props=\"{}\">\u00a0<\/span><\/h4>\n<ul>\n<li>\n<h5><span data-contrast=\"auto\"> Parque Memoria y Paz<\/span><\/h5>\n<\/li>\n<\/ul>\n<p><span data-contrast=\"auto\">Es una iniciativa de los comparecientes representados por el Fondo de Defensa T\u00e9cnica y Especializada para los miembros de la Fuerza P\u00fablica (FONDETEC) y ajustada con el apoyo de la Alcald\u00eda de Yopal. Su objetivo es honrar la memoria de las 303 v\u00edctimas de los asesinatos y desapariciones forzadas presentadas como bajas en combate por la Brigada XVI del Ej\u00e9rcito, entre 2005 y 2008.<\/span><span data-ccp-props=\"{}\">\u00a0<\/span><\/p>\n<p><span data-ccp-props=\"{}\">\u00a0<\/span><\/p>\n<ul>\n<li>\n<h5><span data-contrast=\"auto\"> Ecosistema TOAR<\/span><\/h5>\n<\/li>\n<\/ul>\n<p><span data-contrast=\"auto\">La Asociaci\u00f3n de V\u00edctimas de Casanare para la Paz (Casa Paz), que integra a cerca de 170 v\u00edctimas acreditadas en el Subcaso Casanare del Caso 03, desarroll\u00f3 esta propuesta de Trabajos, Obras y Actividades con contenido Restaurador-Reparador (TOAR). Se trata de una iniciativa compuesta por tres ideas que apelan al desarrollo, la salud y la educaci\u00f3n. Estos son: \u2018Empresa Memoria &#8211; Casanare F\u00e9rtil\u2019, con la que buscan reparar la p\u00e9rdida de econom\u00edas familiares, veredales y municipales; \u2018Cl\u00ednica Universitaria de Salud Mental y Protecci\u00f3n de la Memoria\u2019, para atender la salud mental de las v\u00edctimas de la regi\u00f3n; y la \u2018Universidad de la Memoria y la Justicia de Casanare\u2019, con \u00e9nfasis en formaci\u00f3n en derechos humanos, justicia transicional, ciencias de la salud y ciencias agropecuarias.<\/span><span data-ccp-props=\"{}\">\u00a0<\/span><\/p>\n<p><span data-ccp-props=\"{}\">\u00a0<\/span><\/p>\n<ul>\n<li>\n<h5><span data-contrast=\"auto\"> B\u00fasqueda de personas dadas por desaparecidas:<\/span><\/h5>\n<\/li>\n<\/ul>\n<p><span data-contrast=\"auto\">Como parte de las siete l\u00edneas de acci\u00f3n contempladas en el Sistema Restaurativo de la JEP, se busca que los comparecientes contribuyan a las labores de identificaci\u00f3n, b\u00fasqueda y entrega digna que lidera la Unidad de B\u00fasqueda de Personas dadas por Desaparecidas (UBPD). Estas labores no sustituyen la obligaci\u00f3n de los comparecientes de contribuir a esclarecer el paradero de las v\u00edctimas de los cr\u00edmenes que ellos cometieron.<\/span><span data-ccp-props=\"{}\">\u00a0<\/span><\/p>\n<h2>Otras noticias&#8230;<\/h2>\n<blockquote class=\"wp-embedded-content\" data-secret=\"6UTjvpoD6d\"><p><a href=\"https:\/\/marthacifuentes.com\/portada\/2025\/01\/13\/con-instrumentos-musicales-y-trajes-tipicos-gobernacion-doto-casa-de-cultura-de-monterrey\/\">Con instrumentos musicales y trajes t\u00edpicos Gobernaci\u00f3n dot\u00f3 casa de cultura de Monterrey<\/a><\/p><\/blockquote>\n<p><iframe loading=\"lazy\" class=\"wp-embedded-content\" sandbox=\"allow-scripts\" security=\"restricted\" style=\"position: absolute; clip: rect(1px, 1px, 1px, 1px);\" title=\"\u00abCon instrumentos musicales y trajes t\u00edpicos Gobernaci\u00f3n dot\u00f3 casa de cultura de Monterrey\u00bb \u2014 \u25b7 Noticias de Casanare : Martha Cifuentes | Casanare\" src=\"https:\/\/marthacifuentes.com\/portada\/2025\/01\/13\/con-instrumentos-musicales-y-trajes-tipicos-gobernacion-doto-casa-de-cultura-de-monterrey\/embed\/#?secret=7jEONJZNM0#?secret=6UTjvpoD6d\" data-secret=\"6UTjvpoD6d\" width=\"500\" height=\"282\" frameborder=\"0\" marginwidth=\"0\" marginheight=\"0\" scrolling=\"no\"><\/iframe><\/p>\n<blockquote class=\"wp-embedded-content\" data-secret=\"I156cLU5KV\"><p><a href=\"https:\/\/marthacifuentes.com\/portada\/2025\/01\/13\/casanare-2025-gobernacion-implementa-plan-de-recuperacion-vial-y-obras-de-proteccion-2-0\/\">Casanare 2025: Gobernaci\u00f3n implementa Plan de Recuperaci\u00f3n Vial y Obras de Protecci\u00f3n 2.0\u00a0<\/a><\/p><\/blockquote>\n<p><iframe loading=\"lazy\" class=\"wp-embedded-content\" sandbox=\"allow-scripts\" security=\"restricted\" style=\"position: absolute; clip: rect(1px, 1px, 1px, 1px);\" title=\"\u00abCasanare 2025: Gobernaci\u00f3n implementa Plan de Recuperaci\u00f3n Vial y Obras de Protecci\u00f3n 2.0\u00a0\u00bb \u2014 \u25b7 Noticias de Casanare : Martha Cifuentes | Casanare\" src=\"https:\/\/marthacifuentes.com\/portada\/2025\/01\/13\/casanare-2025-gobernacion-implementa-plan-de-recuperacion-vial-y-obras-de-proteccion-2-0\/embed\/#?secret=IdSZ0zJRjq#?secret=I156cLU5KV\" data-secret=\"I156cLU5KV\" width=\"500\" height=\"282\" frameborder=\"0\" marginwidth=\"0\" marginheight=\"0\" scrolling=\"no\"><\/iframe><\/p>\n<p><iframe loading=\"lazy\" class=\"wp-embedded-content\" title=\"\u00abResultados de Auditor\u00eda de revisi\u00f3n y fenecimiento de la cuenta fiscal durante 2024 de la Contralor\u00eda de Casanare\u00bb \u2014 \u25b7 Noticias de Casanare : Martha Cifuentes | Casanare\" src=\"https:\/\/marthacifuentes.com\/portada\/2024\/12\/28\/resultados-de-auditoria-de-revision-y-fenecimiento-de-la-cuenta-fiscal-durante-2024-de-la-contraloria-de-casanare\/embed\/#?secret=nAHR9iWY07#?secret=CxT6VRSad1\" width=\"600\" height=\"650\" frameborder=\"0\" marginwidth=\"0\" marginheight=\"0\" scrolling=\"no\" sandbox=\"allow-scripts\" data-secret=\"CxT6VRSad1\" data-mce-fragment=\"1\"><\/iframe><\/p>\n<p><iframe loading=\"lazy\" class=\"wp-embedded-content\" title=\"\u00abResultados de la Contralor\u00eda de Casanare en 2024: Fortalecimiento del Control Social y Participaci\u00f3n Ciudadana\u00bb \u2014 \u25b7 Noticias de Casanare : Martha Cifuentes | Casanare\" src=\"https:\/\/marthacifuentes.com\/portada\/2024\/12\/28\/resultados-de-la-contraloria-de-casanare-en-2024-fortalecimiento-del-control-social-y-participacion-ciudadana\/embed\/#?secret=0D4creK0AE#?secret=bHYirNnv1D\" width=\"600\" height=\"650\" frameborder=\"0\" marginwidth=\"0\" marginheight=\"0\" scrolling=\"no\" sandbox=\"allow-scripts\" data-secret=\"bHYirNnv1D\" data-mce-fragment=\"1\"><\/iframe><\/p>\n<p><iframe loading=\"lazy\" class=\"wp-embedded-content\" title=\"\u00ab\u26a0\ufe0f El Peligro de las Redes Sociales: Protege tu Privacidad en L\u00ednea con Estos Consejos Esenciales \ud83d\udd12\ud83d\udcf1\u00bb \u2014 \u25b7 Noticias de Casanare : Martha Cifuentes | Casanare\" src=\"https:\/\/marthacifuentes.com\/portada\/2024\/12\/27\/%e2%9a%a0%ef%b8%8f-el-peligro-de-las-redes-sociales-protege-tu-privacidad-en-linea-con-estos-consejos-esenciales-%f0%9f%94%92%f0%9f%93%b1\/embed\/#?secret=oZMGm7p5Ib#?secret=vdIhyAwN1B\" width=\"600\" height=\"650\" frameborder=\"0\" marginwidth=\"0\" marginheight=\"0\" scrolling=\"no\" sandbox=\"allow-scripts\" data-secret=\"vdIhyAwN1B\" data-mce-fragment=\"1\"><\/iframe><\/p>\n<p><iframe loading=\"lazy\" class=\"wp-embedded-content\" title=\"\u00ab\ud83d\udd10 **5 Consejos Claves para Proteger tu WhatsApp y Evitar Hackeos** \ud83d\udcf2\ud83d\udca1\u00bb \u2014 \u25b7 Noticias de Casanare : Martha Cifuentes | Casanare\" src=\"https:\/\/marthacifuentes.com\/portada\/2024\/12\/27\/%f0%9f%94%90-5-consejos-claves-para-proteger-tu-whatsapp-y-evitar-hackeos-%f0%9f%93%b2%f0%9f%92%a1\/embed\/#?secret=1TkTW6B7dU#?secret=Qipj1p5UEK\" width=\"600\" height=\"621\" frameborder=\"0\" marginwidth=\"0\" marginheight=\"0\" scrolling=\"no\" sandbox=\"allow-scripts\" data-secret=\"Qipj1p5UEK\" data-mce-fragment=\"1\"><\/iframe><\/p>\n<p><iframe loading=\"lazy\" class=\"wp-embedded-content\" title=\"\u00ab\ud83d\udca1 5 Trucos de WhatsApp que No Sab\u00edas que Exist\u00edan (\u00a1Y Son S\u00faper \u00datiles!) \ud83d\udcf2\u00bb \u2014 \u25b7 Noticias de Casanare : Martha Cifuentes | Casanare\" src=\"https:\/\/marthacifuentes.com\/portada\/2024\/12\/27\/%f0%9f%92%a1-5-trucos-de-whatsapp-que-no-sabias-que-existian-y-son-super-utiles-%f0%9f%93%b2\/embed\/#?secret=W9wxfwVsdc#?secret=GnCEzSEg5v\" width=\"600\" height=\"621\" frameborder=\"0\" marginwidth=\"0\" marginheight=\"0\" scrolling=\"no\" sandbox=\"allow-scripts\" data-secret=\"GnCEzSEg5v\" data-mce-fragment=\"1\"><\/iframe><\/p>\n<p><iframe loading=\"lazy\" class=\"wp-embedded-content\" title=\"\u00abFundaci\u00f3n Escuela Nueva y GeoPark, aliados para fortalecer la educaci\u00f3n rural en Tauramena\u00bb \u2014 \u25b7 Noticias de Casanare : Martha Cifuentes | Casanare\" src=\"https:\/\/marthacifuentes.com\/portada\/2024\/12\/18\/fundacion-escuela-nueva-y-geopark-aliados-para-fortalecer-la-educacion-rural-en-tauramena\/embed\/#?secret=GXQAgQwVJo#?secret=Q9sFSw6WHs\" width=\"600\" height=\"606\" frameborder=\"0\" marginwidth=\"0\" marginheight=\"0\" scrolling=\"no\" sandbox=\"allow-scripts\" data-secret=\"Q9sFSw6WHs\" data-mce-fragment=\"1\"><\/iframe><\/p>\n<p><iframe loading=\"lazy\" class=\"wp-embedded-content\" title=\"\u00ab\u00ab2025 ser\u00e1 el a\u00f1o de transformar Aguazul con grandes obras\u00bb: Nelson Camacho\u00bb \u2014 \u25b7 Noticias de Casanare : Martha Cifuentes | Casanare\" src=\"https:\/\/marthacifuentes.com\/portada\/2024\/12\/18\/2025-sera-el-ano-de-transformar-aguazul-con-grandes-obras-nelson-camacho\/embed\/#?secret=zPW9y3Ntnv#?secret=irekcsHhjf\" width=\"600\" height=\"621\" frameborder=\"0\" marginwidth=\"0\" marginheight=\"0\" scrolling=\"no\" sandbox=\"allow-scripts\" data-secret=\"irekcsHhjf\" data-mce-fragment=\"1\"><\/iframe><\/p>\n<p><iframe loading=\"lazy\" class=\"wp-embedded-content\" title=\"\u00ab600 tortugas liberadas en Paz de Ariporo\u00bb \u2014 \u25b7 Noticias de Casanare : Martha Cifuentes | Casanare\" src=\"https:\/\/marthacifuentes.com\/portada\/2024\/12\/16\/600-tortugas-liberadas-en-paz-de-ariporo\/embed\/#?secret=oNryKb9IKt#?secret=IbE3FEIMlr\" width=\"600\" height=\"593\" frameborder=\"0\" marginwidth=\"0\" marginheight=\"0\" scrolling=\"no\" sandbox=\"allow-scripts\" data-secret=\"IbE3FEIMlr\" data-mce-fragment=\"1\"><\/iframe><\/p>\n<p><iframe loading=\"lazy\" class=\"wp-embedded-content\" title=\"\u00abMarco Tulio, bien librado, Concejo rajado y ciudadanos preocupados por seguridad y empleo, en Encuesta \u00abYopal, C\u00f3mo Vamos\u00bb\u00bb \u2014 \u25b7 Noticias de Casanare : Martha Cifuentes | Casanare\" src=\"https:\/\/marthacifuentes.com\/portada\/2024\/12\/12\/marco-tulio-con-imagen-positiva-del-57-mientras-que-el-concejo-se-raja-en-encuesta-de-cifras-y-conceptos\/embed\/#?secret=owyE89GG5R#?secret=mtzTQrDI8f\" width=\"600\" height=\"650\" frameborder=\"0\" marginwidth=\"0\" marginheight=\"0\" scrolling=\"no\" sandbox=\"allow-scripts\" data-secret=\"mtzTQrDI8f\" data-mce-fragment=\"1\"><\/iframe><\/p>\n<p><iframe loading=\"lazy\" class=\"wp-embedded-content\" title=\"\u00abCorporinoquia ya tiene directora titular: Carolina Mari\u00f1o. Se prev\u00e9 demanda de la elecci\u00f3n\u00bb \u2014 \u25b7 Noticias de Casanare : Martha Cifuentes | Casanare\" src=\"https:\/\/marthacifuentes.com\/portada\/2024\/12\/09\/corporinoquia-ya-tiene-directora-titular-carolina-marino-se-preve-demanda-de-la-eleccion\/embed\/#?secret=nXWOCi5LrM#?secret=22n4JMtHsf\" width=\"600\" height=\"621\" frameborder=\"0\" marginwidth=\"0\" marginheight=\"0\" scrolling=\"no\" sandbox=\"allow-scripts\" data-secret=\"22n4JMtHsf\" data-mce-fragment=\"1\"><\/iframe><\/p>\n<p><iframe loading=\"lazy\" class=\"wp-embedded-content\" title=\"\u00abHel\u00ed Cala elabor\u00f3 un plan criminal para apoderarse del presupuesto de Casanare: Corte Suprema de Justicia, Sala Primera Instancia\u00bb \u2014 \u25b7 Noticias de Casanare : Martha Cifuentes | Casanare\" src=\"https:\/\/marthacifuentes.com\/portada\/2024\/12\/09\/heli-cala-elaboro-un-plan-criminal-para-apoderarse-del-presupuesto-de-casanare-corte-suprema-de-justicia-sala-primera-instancia\/embed\/#?secret=OCtg8fWhVI#?secret=E1i4epSFt8\" width=\"600\" height=\"629\" frameborder=\"0\" marginwidth=\"0\" marginheight=\"0\" scrolling=\"no\" sandbox=\"allow-scripts\" data-secret=\"E1i4epSFt8\" data-mce-fragment=\"1\"><\/iframe><\/p>\n<p><iframe loading=\"lazy\" class=\"wp-embedded-content\" title=\"\u00abEn v\u00edsperas de Navidad, se prev\u00e9 paso en la v\u00eda entre Casanare y Boyac\u00e1 en el sector Chorro Blanco: Inv\u00edas\u00bb \u2014 \u25b7 Noticias de Casanare : Martha Cifuentes | Casanare\" src=\"https:\/\/marthacifuentes.com\/portada\/2024\/12\/06\/en-visperas-de-navidad-se-preve-paso-en-la-via-entre-casanare-y-boyaca-en-el-sector-chorro-blanco-invias\/embed\/#?secret=cbygqToTR4#?secret=EKFnDCcmRX\" width=\"600\" height=\"621\" frameborder=\"0\" marginwidth=\"0\" marginheight=\"0\" scrolling=\"no\" sandbox=\"allow-scripts\" data-secret=\"EKFnDCcmRX\" data-mce-fragment=\"1\"><\/iframe><\/p>\n<p><iframe loading=\"lazy\" class=\"wp-embedded-content\" title=\"\u00abCasanare recibir\u00e1 m\u00e1s de $9 mil millones para mejorar v\u00edas rurales en 9 municipios\u00bb \u2014 \u25b7 Noticias de Casanare : Martha Cifuentes | Casanare\" src=\"https:\/\/marthacifuentes.com\/portada\/2024\/12\/06\/casanare-recibira-mas-de-9-mil-millones-para-mejorar-vias-rurales-en-9-municipios\/embed\/#?secret=WT6f8PBJXd#?secret=CJdxlYgefh\" width=\"600\" height=\"591\" frameborder=\"0\" marginwidth=\"0\" marginheight=\"0\" scrolling=\"no\" sandbox=\"allow-scripts\" data-secret=\"CJdxlYgefh\" data-mce-fragment=\"1\"><\/iframe><\/p>\n<p><iframe loading=\"lazy\" class=\"wp-embedded-content\" title=\"\u00abCorporinoquia en la mira: Recusaciones y tutelas frenan elecci\u00f3n de su nuevo director\u00bb \u2014 \u25b7 Noticias de Casanare : Martha Cifuentes | Casanare\" src=\"https:\/\/marthacifuentes.com\/portada\/2024\/12\/03\/corporinoquia-en-la-mira-recusaciones-y-tutelas-frenan-eleccion-de-su-nuevo-director\/embed\/#?secret=Q65AeHNNvH#?secret=VKAe00NPRL\" width=\"600\" height=\"579\" frameborder=\"0\" marginwidth=\"0\" marginheight=\"0\" scrolling=\"no\" sandbox=\"allow-scripts\" data-secret=\"VKAe00NPRL\" data-mce-fragment=\"1\"><\/iframe><\/p>\n<p><iframe loading=\"lazy\" class=\"wp-embedded-content\" title=\"\u00abIncumplimiento de requisitos legales impide escrituraci\u00f3n de lotes en Alameda Martha Mojica.\u00bb \u2014 \u25b7 Noticias de Casanare : Martha Cifuentes | Casanare\" src=\"https:\/\/marthacifuentes.com\/portada\/2024\/12\/02\/incumplimiento-de-requisitos-legales-impide-escrituracion-de-lotes-en-alameda-martha-mojica\/embed\/#?secret=elErUiOf2s#?secret=fb1z2lZM2Z\" width=\"600\" height=\"621\" frameborder=\"0\" marginwidth=\"0\" marginheight=\"0\" scrolling=\"no\" sandbox=\"allow-scripts\" data-secret=\"fb1z2lZM2Z\" data-mce-fragment=\"1\"><\/iframe><\/p>\n<p><iframe loading=\"lazy\" class=\"wp-embedded-content\" title=\"\u00abNancy Padilla: Un nuevo rostro de la violencia machista que persiste\u00bb \u2014 \u25b7 Noticias de Casanare : Martha Cifuentes | Casanare\" src=\"https:\/\/marthacifuentes.com\/portada\/2024\/12\/02\/nancy-padilla-un-nuevo-rostro-de-la-violencia-machista-que-persiste\/embed\/#?secret=tFKaI8pgBn#?secret=C3Qq1zZc3R\" width=\"600\" height=\"308\" frameborder=\"0\" marginwidth=\"0\" marginheight=\"0\" scrolling=\"no\" sandbox=\"allow-scripts\" data-secret=\"C3Qq1zZc3R\" data-mce-fragment=\"1\"><\/iframe><\/p>\n<p><iframe loading=\"lazy\" class=\"wp-embedded-content\" title=\"\u00abHaz el cambio, \u00a1y tu bolsillo te lo agradecer\u00e1! Gu\u00eda para adoptar tecnolog\u00edas sostenibles y accesibles\u00bb \u2014 \u25b7 Noticias de Casanare : Martha Cifuentes | Casanare\" src=\"https:\/\/marthacifuentes.com\/portada\/2024\/11\/29\/haz-el-cambio-y-tu-bolsillo-te-lo-agradecera-guia-para-adoptar-tecnologias-sostenibles-y-accesibles\/embed\/#?secret=3wJ6ABwXHr#?secret=3S7p2Wkcx0\" width=\"600\" height=\"621\" frameborder=\"0\" marginwidth=\"0\" marginheight=\"0\" scrolling=\"no\" sandbox=\"allow-scripts\" data-secret=\"3S7p2Wkcx0\" data-mce-fragment=\"1\"><\/iframe><\/p>\n<p><iframe loading=\"lazy\" class=\"wp-embedded-content\" title=\"\u00abPor las 2.553 v\u00edctimas: Casanare crea la Mesa Departamental para la atenci\u00f3n a desaparecidos\u00bb \u2014 \u25b7 Noticias de Casanare : Martha Cifuentes | Casanare\" src=\"https:\/\/marthacifuentes.com\/portada\/2024\/11\/28\/por-las-2-553-victimas-casanare-crea-la-mesa-departamental-para-la-atencion-a-desaparecidos\/embed\/#?secret=SdpXd7UXyd#?secret=wKQP4GjCqZ\" width=\"600\" height=\"538\" frameborder=\"0\" marginwidth=\"0\" marginheight=\"0\" scrolling=\"no\" sandbox=\"allow-scripts\" data-secret=\"wKQP4GjCqZ\" data-mce-fragment=\"1\"><\/iframe><\/p>\n<p><iframe loading=\"lazy\" class=\"wp-embedded-content\" title=\"\u00abLida Rojas: El crimen que desnuda el control del ELN y disidencias de las Farc en Aguazul\u00bb \u2014 \u25b7 Noticias de Casanare : Martha Cifuentes | Casanare\" src=\"https:\/\/marthacifuentes.com\/portada\/2024\/11\/27\/lida-rojas-el-crimen-que-desnuda-el-control-del-eln-y-disidencias-de-las-farc-en-aguazul\/embed\/#?secret=1m5yCZwADK#?secret=a20doPqPPW\" width=\"600\" height=\"600\" frameborder=\"0\" marginwidth=\"0\" marginheight=\"0\" scrolling=\"no\" sandbox=\"allow-scripts\" data-secret=\"a20doPqPPW\" data-mce-fragment=\"1\"><\/iframe><\/p>\n<p><a href=\"https:\/\/marthacifuentes.com\/especialviolenciamujer\/\"><img decoding=\"async\" src=\"https:\/\/marthacifuentes.com\/portada\/wp-content\/uploads\/2024\/11\/intro-1.jpg\" \/><\/a><\/p>\n<p><iframe loading=\"lazy\" class=\"wp-embedded-content\" title=\"\u00abConsejo Directivo de Corporinoquia ya fij\u00f3 fecha de elecci\u00f3n de director de Corporinoquia. Lenin Bustos cuestion\u00f3 decisiones.\u00bb \u2014 \u25b7 Noticias de Casanare : Martha Cifuentes | Casanare\" src=\"https:\/\/marthacifuentes.com\/portada\/2024\/11\/26\/consejo-directivo-de-corporinoquia-ya-fijo-fecha-de-eleccion-de-director-de-corporinoquia-lenin-bustos-cuestiono-decisiones\/embed\/#?secret=iFNp9pEfCo#?secret=h6DOIYGDRj\" width=\"600\" height=\"650\" frameborder=\"0\" marginwidth=\"0\" marginheight=\"0\" scrolling=\"no\" sandbox=\"allow-scripts\" data-secret=\"h6DOIYGDRj\" data-mce-fragment=\"1\"><\/iframe><\/p>\n<p><iframe loading=\"lazy\" class=\"wp-embedded-content\" title=\"\u00abYa viene la elecci\u00f3n de director(a) de Corporinoquia. 25 de noviembre convocado Consejo Directivo.\u00bb \u2014 \u25b7 Noticias de Casanare : Martha Cifuentes | Casanare\" src=\"https:\/\/marthacifuentes.com\/portada\/2024\/11\/22\/ya-viene-la-eleccion-de-directora-de-corporinoquia-25-de-noviembre-convocado-consejo-directivo\/embed\/#?secret=WIZEqpPbmY#?secret=EHam0JCmRI\" width=\"600\" height=\"586\" frameborder=\"0\" marginwidth=\"0\" marginheight=\"0\" scrolling=\"no\" sandbox=\"allow-scripts\" data-secret=\"EHam0JCmRI\" data-mce-fragment=\"1\"><\/iframe><\/p>\n<p><iframe loading=\"lazy\" class=\"wp-embedded-content\" title=\"\u00abCasanare Palpita: Cultura, arte y gastronom\u00eda llanera,\u00a0del 20 al 24 de noviembre en Casanare.\u00bb \u2014 \u25b7 Noticias de Casanare : Martha Cifuentes | Casanare\" src=\"https:\/\/marthacifuentes.com\/portada\/2024\/11\/20\/casanare-palpita-cultura-arte-y-gastronomia-llanera-del-20-al-24-de-noviembre-en-casanare\/embed\/#?secret=ZxluL6FvPy#?secret=g3iti2URnM\" width=\"600\" height=\"580\" frameborder=\"0\" marginwidth=\"0\" marginheight=\"0\" scrolling=\"no\" sandbox=\"allow-scripts\" data-secret=\"g3iti2URnM\" data-mce-fragment=\"1\"><\/iframe><\/p>\n<p><iframe loading=\"lazy\" class=\"wp-embedded-content\" title=\"\u00abEaaay: tras cuestionada intervenci\u00f3n, se nombra nueva interventora. Fue liquidadora de Electricaribe.\u00bb \u2014 \u25b7 Noticias de Casanare : Martha Cifuentes | Casanare\" src=\"https:\/\/marthacifuentes.com\/portada\/2024\/11\/20\/eaaay-tras-cuestionada-intervencion-se-nombra-nueva-interventora-fue-liquidadora-de-electricaribe\/embed\/#?secret=Ua3FLbHJOK#?secret=lSmpQX1tHz\" width=\"600\" height=\"614\" frameborder=\"0\" marginwidth=\"0\" marginheight=\"0\" scrolling=\"no\" sandbox=\"allow-scripts\" data-secret=\"lSmpQX1tHz\" data-mce-fragment=\"1\"><\/iframe><\/p>\n<div class=\"post-bottom-meta post-bottom-tags post-tags-modern\"><\/div>\n","protected":false},"excerpt":{"rendered":"<p>La construcci\u00f3n de un Parque Memoria y Paz; la implementaci\u00f3n del Ecosistema TOAR, una iniciativa integral que incluye proyectos de desarrollo econ\u00f3mico, salud mental y educaci\u00f3n en derechos humanos y el fortalecimiento de las labores de b\u00fasqueda de personas dadas por desaparecidas, en coordinaci\u00f3n con la Unidad de B\u00fasqueda de Personas dadas por Desaparecidas (UBPD), &hellip;<\/p>\n","protected":false},"author":2,"featured_media":34585,"comment_status":"open","ping_status":"open","sticky":false,"template":"","format":"standard","meta":{"om_disable_all_campaigns":false,"_exactmetrics_skip_tracking":false,"_exactmetrics_sitenote_active":false,"_exactmetrics_sitenote_note":"","_exactmetrics_sitenote_category":0,"_monsterinsights_skip_tracking":false,"_monsterinsights_sitenote_active":false,"_monsterinsights_sitenote_note":"","_monsterinsights_sitenote_category":0,"_uf_show_specific_survey":0,"_uf_disable_surveys":false,"_joinchat":[],"footnotes":""},"categories":[147,146,145],"tags":[5499,11560,11563,11564,1400,11562,11561],"class_list":["post-34584","post","type-post","status-publish","format-standard","has-post-thumbnail","hentry","category-actualidad","category-noticias","category-reportajes","tag-falsos-positivos-casanare","tag-jep-justicia-restaurativa-casanare","tag-jurisdiccion-especial-para-la-paz-jep","tag-mesa-propuestas-restauracion-victimas-falsos-positivos-casanare","tag-noticias-casanare","tag-parque-memoria-y-paz-casanare-falsos-positivos","tag-victimas-propuestas-restauracion-justicia-casanare"],"yoast_head":"<!-- This site is optimized with the Yoast SEO plugin v26.1 - https:\/\/yoast.com\/wordpress\/plugins\/seo\/ -->\n<title>V\u00edctimas de falsos positivos en Casanare lideran, en coordinaci\u00f3n con la JEP, propuestas de reparaci\u00f3n y memoria para sanar heridas del conflicto\u00a0 - \u25b7 Noticias de Casanare : Martha Cifuentes | Casanare<\/title>\n<meta name=\"robots\" content=\"index, follow, max-snippet:-1, max-image-preview:large, max-video-preview:-1\" \/>\n<link rel=\"canonical\" href=\"https:\/\/marthacifuentes.com\/portada\/victimas-de-falsos-positivos-en-casanare-lideran-en-coordinacion-con-la-jep-propuestas-de-reparacion-y-memoria-para-sanar-heridas-del-conflicto\/\" \/>\n<meta property=\"og:locale\" content=\"es_ES\" \/>\n<meta property=\"og:type\" content=\"article\" \/>\n<meta property=\"og:title\" content=\"V\u00edctimas de falsos positivos en Casanare lideran, en coordinaci\u00f3n con la JEP, propuestas de reparaci\u00f3n y memoria para sanar heridas del conflicto\u00a0 - \u25b7 Noticias de Casanare : Martha Cifuentes | Casanare\" \/>\n<meta property=\"og:description\" content=\"La construcci\u00f3n de un Parque Memoria y Paz; la implementaci\u00f3n del Ecosistema TOAR, una iniciativa integral que incluye proyectos de desarrollo econ\u00f3mico, salud mental y educaci\u00f3n en derechos humanos y el fortalecimiento de las labores de b\u00fasqueda de personas dadas por desaparecidas, en coordinaci\u00f3n con la Unidad de B\u00fasqueda de Personas dadas por Desaparecidas (UBPD), &hellip;\" \/>\n<meta property=\"og:url\" content=\"https:\/\/marthacifuentes.com\/portada\/victimas-de-falsos-positivos-en-casanare-lideran-en-coordinacion-con-la-jep-propuestas-de-reparacion-y-memoria-para-sanar-heridas-del-conflicto\/\" \/>\n<meta property=\"og:site_name\" content=\"\u25b7 Noticias de Casanare : Martha Cifuentes | Casanare\" \/>\n<meta property=\"article:published_time\" content=\"2025-01-14T16:33:31+00:00\" \/>\n<meta property=\"og:image\" content=\"https:\/\/marthacifuentes.com\/portada\/wp-content\/uploads\/2025\/01\/IMG_20230918_081717-scaled.jpg\" \/>\n\t<meta property=\"og:image:width\" content=\"2560\" \/>\n\t<meta property=\"og:image:height\" content=\"1920\" \/>\n\t<meta property=\"og:image:type\" content=\"image\/jpeg\" \/>\n<meta name=\"author\" content=\"Martha Cifuentes\" \/>\n<meta name=\"twitter:card\" content=\"summary_large_image\" \/>\n<meta name=\"twitter:label1\" content=\"Escrito por\" \/>\n\t<meta name=\"twitter:data1\" content=\"Martha Cifuentes\" \/>\n\t<meta name=\"twitter:label2\" content=\"Tiempo de lectura\" \/>\n\t<meta name=\"twitter:data2\" content=\"4 minutos\" \/>\n<script type=\"application\/ld+json\" class=\"yoast-schema-graph\">{\"@context\":\"https:\/\/schema.org\",\"@graph\":[{\"@type\":\"WebPage\",\"@id\":\"https:\/\/marthacifuentes.com\/portada\/victimas-de-falsos-positivos-en-casanare-lideran-en-coordinacion-con-la-jep-propuestas-de-reparacion-y-memoria-para-sanar-heridas-del-conflicto\/\",\"url\":\"https:\/\/marthacifuentes.com\/portada\/victimas-de-falsos-positivos-en-casanare-lideran-en-coordinacion-con-la-jep-propuestas-de-reparacion-y-memoria-para-sanar-heridas-del-conflicto\/\",\"name\":\"V\u00edctimas de falsos positivos en Casanare lideran, en coordinaci\u00f3n con la JEP, propuestas de reparaci\u00f3n y memoria para sanar heridas del conflicto\u00a0 - \u25b7 Noticias de Casanare : Martha Cifuentes | Casanare\",\"isPartOf\":{\"@id\":\"https:\/\/marthacifuentes.com\/portada\/#website\"},\"primaryImageOfPage\":{\"@id\":\"https:\/\/marthacifuentes.com\/portada\/victimas-de-falsos-positivos-en-casanare-lideran-en-coordinacion-con-la-jep-propuestas-de-reparacion-y-memoria-para-sanar-heridas-del-conflicto\/#primaryimage\"},\"image\":{\"@id\":\"https:\/\/marthacifuentes.com\/portada\/victimas-de-falsos-positivos-en-casanare-lideran-en-coordinacion-con-la-jep-propuestas-de-reparacion-y-memoria-para-sanar-heridas-del-conflicto\/#primaryimage\"},\"thumbnailUrl\":\"https:\/\/marthacifuentes.com\/portada\/wp-content\/uploads\/2025\/01\/IMG_20230918_081717-scaled.jpg\",\"datePublished\":\"2025-01-14T16:33:31+00:00\",\"author\":{\"@id\":\"https:\/\/marthacifuentes.com\/portada\/#\/schema\/person\/57f53174b991db5f90ff78d58502b714\"},\"breadcrumb\":{\"@id\":\"https:\/\/marthacifuentes.com\/portada\/victimas-de-falsos-positivos-en-casanare-lideran-en-coordinacion-con-la-jep-propuestas-de-reparacion-y-memoria-para-sanar-heridas-del-conflicto\/#breadcrumb\"},\"inLanguage\":\"es\",\"potentialAction\":[{\"@type\":\"ReadAction\",\"target\":[\"https:\/\/marthacifuentes.com\/portada\/victimas-de-falsos-positivos-en-casanare-lideran-en-coordinacion-con-la-jep-propuestas-de-reparacion-y-memoria-para-sanar-heridas-del-conflicto\/\"]}]},{\"@type\":\"ImageObject\",\"inLanguage\":\"es\",\"@id\":\"https:\/\/marthacifuentes.com\/portada\/victimas-de-falsos-positivos-en-casanare-lideran-en-coordinacion-con-la-jep-propuestas-de-reparacion-y-memoria-para-sanar-heridas-del-conflicto\/#primaryimage\",\"url\":\"https:\/\/marthacifuentes.com\/portada\/wp-content\/uploads\/2025\/01\/IMG_20230918_081717-scaled.jpg\",\"contentUrl\":\"https:\/\/marthacifuentes.com\/portada\/wp-content\/uploads\/2025\/01\/IMG_20230918_081717-scaled.jpg\",\"width\":2560,\"height\":1920},{\"@type\":\"BreadcrumbList\",\"@id\":\"https:\/\/marthacifuentes.com\/portada\/victimas-de-falsos-positivos-en-casanare-lideran-en-coordinacion-con-la-jep-propuestas-de-reparacion-y-memoria-para-sanar-heridas-del-conflicto\/#breadcrumb\",\"itemListElement\":[{\"@type\":\"ListItem\",\"position\":1,\"name\":\"Portada\",\"item\":\"https:\/\/marthacifuentes.com\/portada\/\"},{\"@type\":\"ListItem\",\"position\":2,\"name\":\"V\u00edctimas de falsos positivos en Casanare lideran, en coordinaci\u00f3n con la JEP, propuestas de reparaci\u00f3n y memoria para sanar heridas del conflicto\u00a0\"}]},{\"@type\":\"WebSite\",\"@id\":\"https:\/\/marthacifuentes.com\/portada\/#website\",\"url\":\"https:\/\/marthacifuentes.com\/portada\/\",\"name\":\"\u25b7 Noticias de Casanare : Martha Cifuentes | Casanare\",\"description\":\"Noticias &amp; Contenidos\",\"potentialAction\":[{\"@type\":\"SearchAction\",\"target\":{\"@type\":\"EntryPoint\",\"urlTemplate\":\"https:\/\/marthacifuentes.com\/portada\/?s={search_term_string}\"},\"query-input\":{\"@type\":\"PropertyValueSpecification\",\"valueRequired\":true,\"valueName\":\"search_term_string\"}}],\"inLanguage\":\"es\"},{\"@type\":\"Person\",\"@id\":\"https:\/\/marthacifuentes.com\/portada\/#\/schema\/person\/57f53174b991db5f90ff78d58502b714\",\"name\":\"Martha Cifuentes\",\"image\":{\"@type\":\"ImageObject\",\"inLanguage\":\"es\",\"@id\":\"https:\/\/marthacifuentes.com\/portada\/#\/schema\/person\/image\/\",\"url\":\"http:\/\/marthacifuentes.com\/portada\/wp-content\/uploads\/2018\/06\/avatar_user_2_1528838701-96x96.jpg\",\"contentUrl\":\"http:\/\/marthacifuentes.com\/portada\/wp-content\/uploads\/2018\/06\/avatar_user_2_1528838701-96x96.jpg\",\"caption\":\"Martha Cifuentes\"},\"sameAs\":[\"http:\/\/www.marthacifuentes.com\"],\"url\":\"https:\/\/marthacifuentes.com\/portada\/author\/martha\/\"}]}<\/script>\n<!-- \/ Yoast SEO plugin. -->","yoast_head_json":{"title":"V\u00edctimas de falsos positivos en Casanare lideran, en coordinaci\u00f3n con la JEP, propuestas de reparaci\u00f3n y memoria para sanar heridas del conflicto\u00a0 - \u25b7 Noticias de Casanare : Martha Cifuentes | Casanare","robots":{"index":"index","follow":"follow","max-snippet":"max-snippet:-1","max-image-preview":"max-image-preview:large","max-video-preview":"max-video-preview:-1"},"canonical":"https:\/\/marthacifuentes.com\/portada\/victimas-de-falsos-positivos-en-casanare-lideran-en-coordinacion-con-la-jep-propuestas-de-reparacion-y-memoria-para-sanar-heridas-del-conflicto\/","og_locale":"es_ES","og_type":"article","og_title":"V\u00edctimas de falsos positivos en Casanare lideran, en coordinaci\u00f3n con la JEP, propuestas de reparaci\u00f3n y memoria para sanar heridas del conflicto\u00a0 - \u25b7 Noticias de Casanare : Martha Cifuentes | Casanare","og_description":"La construcci\u00f3n de un Parque Memoria y Paz; la implementaci\u00f3n del Ecosistema TOAR, una iniciativa integral que incluye proyectos de desarrollo econ\u00f3mico, salud mental y educaci\u00f3n en derechos humanos y el fortalecimiento de las labores de b\u00fasqueda de personas dadas por desaparecidas, en coordinaci\u00f3n con la Unidad de B\u00fasqueda de Personas dadas por Desaparecidas (UBPD), &hellip;","og_url":"https:\/\/marthacifuentes.com\/portada\/victimas-de-falsos-positivos-en-casanare-lideran-en-coordinacion-con-la-jep-propuestas-de-reparacion-y-memoria-para-sanar-heridas-del-conflicto\/","og_site_name":"\u25b7 Noticias de Casanare : Martha Cifuentes | Casanare","article_published_time":"2025-01-14T16:33:31+00:00","og_image":[{"width":2560,"height":1920,"url":"https:\/\/marthacifuentes.com\/portada\/wp-content\/uploads\/2025\/01\/IMG_20230918_081717-scaled.jpg","type":"image\/jpeg"}],"author":"Martha Cifuentes","twitter_card":"summary_large_image","twitter_misc":{"Escrito por":"Martha Cifuentes","Tiempo de lectura":"4 minutos"},"schema":{"@context":"https:\/\/schema.org","@graph":[{"@type":"WebPage","@id":"https:\/\/marthacifuentes.com\/portada\/victimas-de-falsos-positivos-en-casanare-lideran-en-coordinacion-con-la-jep-propuestas-de-reparacion-y-memoria-para-sanar-heridas-del-conflicto\/","url":"https:\/\/marthacifuentes.com\/portada\/victimas-de-falsos-positivos-en-casanare-lideran-en-coordinacion-con-la-jep-propuestas-de-reparacion-y-memoria-para-sanar-heridas-del-conflicto\/","name":"V\u00edctimas de falsos positivos en Casanare lideran, en coordinaci\u00f3n con la JEP, propuestas de reparaci\u00f3n y memoria para sanar heridas del conflicto\u00a0 - \u25b7 Noticias de Casanare : Martha Cifuentes | Casanare","isPartOf":{"@id":"https:\/\/marthacifuentes.com\/portada\/#website"},"primaryImageOfPage":{"@id":"https:\/\/marthacifuentes.com\/portada\/victimas-de-falsos-positivos-en-casanare-lideran-en-coordinacion-con-la-jep-propuestas-de-reparacion-y-memoria-para-sanar-heridas-del-conflicto\/#primaryimage"},"image":{"@id":"https:\/\/marthacifuentes.com\/portada\/victimas-de-falsos-positivos-en-casanare-lideran-en-coordinacion-con-la-jep-propuestas-de-reparacion-y-memoria-para-sanar-heridas-del-conflicto\/#primaryimage"},"thumbnailUrl":"https:\/\/marthacifuentes.com\/portada\/wp-content\/uploads\/2025\/01\/IMG_20230918_081717-scaled.jpg","datePublished":"2025-01-14T16:33:31+00:00","author":{"@id":"https:\/\/marthacifuentes.com\/portada\/#\/schema\/person\/57f53174b991db5f90ff78d58502b714"},"breadcrumb":{"@id":"https:\/\/marthacifuentes.com\/portada\/victimas-de-falsos-positivos-en-casanare-lideran-en-coordinacion-con-la-jep-propuestas-de-reparacion-y-memoria-para-sanar-heridas-del-conflicto\/#breadcrumb"},"inLanguage":"es","potentialAction":[{"@type":"ReadAction","target":["https:\/\/marthacifuentes.com\/portada\/victimas-de-falsos-positivos-en-casanare-lideran-en-coordinacion-con-la-jep-propuestas-de-reparacion-y-memoria-para-sanar-heridas-del-conflicto\/"]}]},{"@type":"ImageObject","inLanguage":"es","@id":"https:\/\/marthacifuentes.com\/portada\/victimas-de-falsos-positivos-en-casanare-lideran-en-coordinacion-con-la-jep-propuestas-de-reparacion-y-memoria-para-sanar-heridas-del-conflicto\/#primaryimage","url":"https:\/\/marthacifuentes.com\/portada\/wp-content\/uploads\/2025\/01\/IMG_20230918_081717-scaled.jpg","contentUrl":"https:\/\/marthacifuentes.com\/portada\/wp-content\/uploads\/2025\/01\/IMG_20230918_081717-scaled.jpg","width":2560,"height":1920},{"@type":"BreadcrumbList","@id":"https:\/\/marthacifuentes.com\/portada\/victimas-de-falsos-positivos-en-casanare-lideran-en-coordinacion-con-la-jep-propuestas-de-reparacion-y-memoria-para-sanar-heridas-del-conflicto\/#breadcrumb","itemListElement":[{"@type":"ListItem","position":1,"name":"Portada","item":"https:\/\/marthacifuentes.com\/portada\/"},{"@type":"ListItem","position":2,"name":"V\u00edctimas de falsos positivos en Casanare lideran, en coordinaci\u00f3n con la JEP, propuestas de reparaci\u00f3n y memoria para sanar heridas del conflicto\u00a0"}]},{"@type":"WebSite","@id":"https:\/\/marthacifuentes.com\/portada\/#website","url":"https:\/\/marthacifuentes.com\/portada\/","name":"\u25b7 Noticias de Casanare : Martha Cifuentes | Casanare","description":"Noticias &amp; Contenidos","potentialAction":[{"@type":"SearchAction","target":{"@type":"EntryPoint","urlTemplate":"https:\/\/marthacifuentes.com\/portada\/?s={search_term_string}"},"query-input":{"@type":"PropertyValueSpecification","valueRequired":true,"valueName":"search_term_string"}}],"inLanguage":"es"},{"@type":"Person","@id":"https:\/\/marthacifuentes.com\/portada\/#\/schema\/person\/57f53174b991db5f90ff78d58502b714","name":"Martha Cifuentes","image":{"@type":"ImageObject","inLanguage":"es","@id":"https:\/\/marthacifuentes.com\/portada\/#\/schema\/person\/image\/","url":"http:\/\/marthacifuentes.com\/portada\/wp-content\/uploads\/2018\/06\/avatar_user_2_1528838701-96x96.jpg","contentUrl":"http:\/\/marthacifuentes.com\/portada\/wp-content\/uploads\/2018\/06\/avatar_user_2_1528838701-96x96.jpg","caption":"Martha Cifuentes"},"sameAs":["http:\/\/www.marthacifuentes.com"],"url":"https:\/\/marthacifuentes.com\/portada\/author\/martha\/"}]}},"_links":{"self":[{"href":"https:\/\/marthacifuentes.com\/portada\/wp-json\/wp\/v2\/posts\/34584","targetHints":{"allow":["GET"]}}],"collection":[{"href":"https:\/\/marthacifuentes.com\/portada\/wp-json\/wp\/v2\/posts"}],"about":[{"href":"https:\/\/marthacifuentes.com\/portada\/wp-json\/wp\/v2\/types\/post"}],"author":[{"embeddable":true,"href":"https:\/\/marthacifuentes.com\/portada\/wp-json\/wp\/v2\/users\/2"}],"replies":[{"embeddable":true,"href":"https:\/\/marthacifuentes.com\/portada\/wp-json\/wp\/v2\/comments?post=34584"}],"version-history":[{"count":1,"href":"https:\/\/marthacifuentes.com\/portada\/wp-json\/wp\/v2\/posts\/34584\/revisions"}],"predecessor-version":[{"id":34586,"href":"https:\/\/marthacifuentes.com\/portada\/wp-json\/wp\/v2\/posts\/34584\/revisions\/34586"}],"wp:featuredmedia":[{"embeddable":true,"href":"https:\/\/marthacifuentes.com\/portada\/wp-json\/wp\/v2\/media\/34585"}],"wp:attachment":[{"href":"https:\/\/marthacifuentes.com\/portada\/wp-json\/wp\/v2\/media?parent=34584"}],"wp:term":[{"taxonomy":"category","embeddable":true,"href":"https:\/\/marthacifuentes.com\/portada\/wp-json\/wp\/v2\/categories?post=34584"},{"taxonomy":"post_tag","embeddable":true,"href":"https:\/\/marthacifuentes.com\/portada\/wp-json\/wp\/v2\/tags?post=34584"}],"curies":[{"name":"wp","href":"https:\/\/api.w.org\/{rel}","templated":true}]}}