{"id":34596,"date":"2025-01-20T10:02:14","date_gmt":"2025-01-20T15:02:14","guid":{"rendered":"https:\/\/marthacifuentes.com\/portada\/?p=34596"},"modified":"2025-01-20T10:03:42","modified_gmt":"2025-01-20T15:03:42","slug":"exporinoquia-2025-innovacion-y-conocimiento-en-la-primera-feria-agroindustrial-de-la-orinoquia","status":"publish","type":"post","link":"https:\/\/marthacifuentes.com\/portada\/exporinoquia-2025-innovacion-y-conocimiento-en-la-primera-feria-agroindustrial-de-la-orinoquia\/","title":{"rendered":"Exporinoquia 2025: Innovaci\u00f3n y conocimiento en la Primera Feria Agroindustrial de la Orinoqu\u00eda"},"content":{"rendered":"<p>La Primera Feria Agroindustrial de la Orinoquia Exporinoquia, a realizarse los pr\u00f3ximos 30 y 31 de enero y 1 de febrero en el parque Nacua en Yopal, adem\u00e1s de empresarios expositores tendr\u00e1 una interesante agenda acad\u00e9mica, que la hacen imperdible.<\/p>\n<p>Los temas principales del primer d\u00eda de feria acad\u00e9mica son el futuro de la agroindustria, la nutrici\u00f3n en pastos, la bioestimulaci\u00f3n en cultivos, la plaga diatraea saccharalis y la bioestimulaci\u00f3n y manejo de traslocadores.<\/p>\n<p>&nbsp;<\/p>\n<p><strong>Agenda acad\u00e9mica 30 de enero<\/strong><\/p>\n<p>Para el 30 de enero se tiene programada la instalaci\u00f3n con el gobernador de Casanare C\u00e9sar Ort\u00edz Zorro, quien disertar\u00e1 sobre uno de sus temas program\u00e1ticos de gobierno, \u201cEl futuro de Casanare en la agroindustria\u201d.<\/p>\n<p>Ese mismo d\u00eda el gerente de Semillano, el ingeniero agr\u00f3nomo Jes\u00fas Eduardo Villota, quien se referir\u00e1 a la nutrici\u00f3n en pastos y gramas. Igualmente, el ingeniero zootecnistas Andr\u00e9s Felipe Jaramillo contar\u00e1 su experiencia en el manejo de ganader\u00edas tropicales de cr\u00eda para corte.<\/p>\n<p>Posteriormente el ingeniero agr\u00f3nomo Carlos Hern\u00e1ndez se referir\u00e1 a la bioestimulaci\u00f3n en cultivos en condiciones extremas. Y para concluir la ma\u00f1ana el ingeniero especialista en agricultura de precisi\u00f3n explicar\u00e1 precisamente este tema.<\/p>\n<p>En la tarde de ese primer d\u00eda la doctora en Ciencias Agropecuarias Isaura Rodr\u00edguez disertar\u00e1 sobre los aspectos biol\u00f3gicos y manejo de la plaga Diatraea saccharalis, insecto capaz de causar grandes da\u00f1os al cultivo de ma\u00edz y otras gram\u00edneas.<\/p>\n<p>La agenda acad\u00e9mica del 30 de enero la culminar\u00e1 el ingeniero agr\u00f3nomo Edinson Valderrama, con la charla sobre las estrategias de bioestimulaci\u00f3n y manejo de traslocadores, relacionado con el mejoramiento del rendimiento del arroz.<\/p>\n<p>Un bioestimulante, b\u00e1sicamente es una sustancia o microorganismo que al aplicarse a las plantas permite mejorar la eficacia de la producci\u00f3n a trav\u00e9s de la absorci\u00f3n y asimilaci\u00f3n de nutrientes.<\/p>\n<p><img loading=\"lazy\" decoding=\"async\" class=\"alignnone size-large wp-image-34598\" src=\"https:\/\/marthacifuentes.com\/portada\/wp-content\/uploads\/2025\/01\/exporinoquia-agenda-2-1024x1024.jpg\" alt=\"\" width=\"1024\" height=\"1024\" srcset=\"https:\/\/marthacifuentes.com\/portada\/wp-content\/uploads\/2025\/01\/exporinoquia-agenda-2-1024x1024.jpg 1024w, https:\/\/marthacifuentes.com\/portada\/wp-content\/uploads\/2025\/01\/exporinoquia-agenda-2-300x300.jpg 300w, https:\/\/marthacifuentes.com\/portada\/wp-content\/uploads\/2025\/01\/exporinoquia-agenda-2-150x150.jpg 150w, https:\/\/marthacifuentes.com\/portada\/wp-content\/uploads\/2025\/01\/exporinoquia-agenda-2-768x768.jpg 768w, https:\/\/marthacifuentes.com\/portada\/wp-content\/uploads\/2025\/01\/exporinoquia-agenda-2.jpg 1081w\" sizes=\"auto, (max-width: 1024px) 100vw, 1024px\" \/><\/p>\n<p>&nbsp;<\/p>\n<p><strong>Agenda acad\u00e9mica 31 de enero<\/strong><\/p>\n<p>El pa\u00eds invitado, Argentina, llega con una conferencia sobre Estrategias innovadoras en confecci\u00f3n y conservaci\u00f3n de forrajes, a cargo del ingeniero agr\u00f3nomo especialista en agricultura de precisi\u00f3n Fernando N\u00fa\u00f1ez.<\/p>\n<p>En seguida el ingeniero agr\u00f3nomo m\u00e1ster en fisiolog\u00eda y nutrici\u00f3n vegetal, David Chac\u00f3n en representaci\u00f3n de Canad\u00e1, versar\u00e1 sobre la bioestimulaci\u00f3n como herramienta contra el estr\u00e9s clim\u00e1tico.<\/p>\n<p>Posteriormente el ingeniero agr\u00f3nomo especialista en manejo sostenible de suelos Andr\u00e9s Felipe Garc\u00eda, expondr\u00e1 sobre el balance energ\u00e9tico y t\u00e9cnicas de adaptaci\u00f3n de los cultivos.<\/p>\n<p>La jornada acad\u00e9mica de la mana\u00f1a la cierra el administrador de empresas Jos\u00e9 Alberto Anzald\u00faa Zu\u00f1iga, quien hablar\u00e1 sobre nutrici\u00f3n en semovientes a bases de girasol y sorgo.<\/p>\n<p>En la tarde, abre la ingeniera agr\u00f3noma, con maestr\u00eda y doctorado en malherbolog\u00eda, Diana Zabala. Ella se referir\u00e1 al manejo de resistencias de las malezas a los herbicidas en el cultivo del arroz.<\/p>\n<p>Le sigue una trascedente conferencia sobre \u201cPor qu\u00e9 invertir en la Orinoqu\u00eda\u201d con el ingeniero forestal, magister en geograf\u00eda y gesti\u00f3n ambiental, Felipe Fonseca.<\/p>\n<p>Esa tarde las conferencias las culmina el ingeniero inform\u00e1tico C\u00e9sar Torres Sierra. Expondr\u00e1 sobre los sistemas de hidr\u00f3geno vehicular.<\/p>\n<p>Luego de todos estos aportes acad\u00e9micos se realizar\u00e1 una amuestra comercial el 31 de enero y el 1 de febrero.<\/p>\n<p><img loading=\"lazy\" decoding=\"async\" class=\"alignnone size-large wp-image-34599\" src=\"https:\/\/marthacifuentes.com\/portada\/wp-content\/uploads\/2025\/01\/exporinoquia-agenda-3-1024x1024.jpg\" alt=\"\" width=\"1024\" height=\"1024\" srcset=\"https:\/\/marthacifuentes.com\/portada\/wp-content\/uploads\/2025\/01\/exporinoquia-agenda-3-1024x1024.jpg 1024w, https:\/\/marthacifuentes.com\/portada\/wp-content\/uploads\/2025\/01\/exporinoquia-agenda-3-300x300.jpg 300w, https:\/\/marthacifuentes.com\/portada\/wp-content\/uploads\/2025\/01\/exporinoquia-agenda-3-150x150.jpg 150w, https:\/\/marthacifuentes.com\/portada\/wp-content\/uploads\/2025\/01\/exporinoquia-agenda-3-768x768.jpg 768w, https:\/\/marthacifuentes.com\/portada\/wp-content\/uploads\/2025\/01\/exporinoquia-agenda-3.jpg 1081w\" sizes=\"auto, (max-width: 1024px) 100vw, 1024px\" \/><\/p>\n<p><strong><a href=\"https:\/\/marthacifuentes.com\/portada\/wp-content\/uploads\/2025\/01\/Agenda-EXPORINOQUIA.pdf\">Agenda EXPORINOQUIA<\/a><\/strong><\/p>\n<p><strong>#ContenidoComercialPatrocinado<\/strong><\/p>\n<h2><strong>Otras noticias&#8230;<\/strong><\/h2>\n<blockquote class=\"wp-embedded-content\" data-secret=\"utp5bIXPkF\"><p><a href=\"https:\/\/marthacifuentes.com\/portada\/2025\/01\/16\/marco-tulio-ruiz-en-firme-en-su-cargo-de-alcalde-de-yopal-demandantes-se-durmieron-segun-tribunal\/\">Marco Tulio Ruiz en firme en su cargo de alcalde de Yopal. Demandantes se durmieron, seg\u00fan Tribunal.\u00a0<\/a><\/p><\/blockquote>\n<p><iframe loading=\"lazy\" class=\"wp-embedded-content\" sandbox=\"allow-scripts\" security=\"restricted\" style=\"position: absolute; clip: rect(1px, 1px, 1px, 1px);\" title=\"\u00abMarco Tulio Ruiz en firme en su cargo de alcalde de Yopal. Demandantes se durmieron, seg\u00fan Tribunal.\u00a0\u00bb \u2014 \u25b7 Noticias de Casanare : Martha Cifuentes | Casanare\" src=\"https:\/\/marthacifuentes.com\/portada\/2025\/01\/16\/marco-tulio-ruiz-en-firme-en-su-cargo-de-alcalde-de-yopal-demandantes-se-durmieron-segun-tribunal\/embed\/#?secret=uIPLTeJmLo#?secret=utp5bIXPkF\" data-secret=\"utp5bIXPkF\" width=\"500\" height=\"282\" frameborder=\"0\" marginwidth=\"0\" marginheight=\"0\" scrolling=\"no\"><\/iframe><\/p>\n<p><iframe loading=\"lazy\" class=\"wp-embedded-content\" title=\"\u00abFuturo ambiental de la Orinoquia de la mano de alcaldes y gobernadores de la regi\u00f3n\u00a0\u00bb \u2014 \u25b7 Noticias de Casanare : Martha Cifuentes | Casanare\" src=\"https:\/\/marthacifuentes.com\/portada\/2025\/01\/14\/futuro-ambiental-de-la-orinoquia-de-la-mano-de-alcaldes-y-gobernadores-de-la-region\/embed\/#?secret=hpIDCmRuHa#?secret=5BVCtBALOb\" width=\"600\" height=\"621\" frameborder=\"0\" marginwidth=\"0\" marginheight=\"0\" scrolling=\"no\" sandbox=\"allow-scripts\" data-secret=\"5BVCtBALOb\" data-mce-fragment=\"1\"><\/iframe><\/p>\n<p><iframe loading=\"lazy\" class=\"wp-embedded-content\" title=\"\u00abV\u00edctimas de falsos positivos en Casanare lideran, en coordinaci\u00f3n con la JEP, propuestas de reparaci\u00f3n y memoria para sanar heridas del conflicto\u00a0\u00bb \u2014 \u25b7 Noticias de Casanare : Martha Cifuentes | Casanare\" src=\"https:\/\/marthacifuentes.com\/portada\/2025\/01\/14\/victimas-de-falsos-positivos-en-casanare-lideran-en-coordinacion-con-la-jep-propuestas-de-reparacion-y-memoria-para-sanar-heridas-del-conflicto\/embed\/#?secret=oK0Eu78je1#?secret=sp9wMwU7ub\" width=\"600\" height=\"649\" frameborder=\"0\" marginwidth=\"0\" marginheight=\"0\" scrolling=\"no\" sandbox=\"allow-scripts\" data-secret=\"sp9wMwU7ub\" data-mce-fragment=\"1\"><\/iframe><\/p>\n<p><iframe loading=\"lazy\" class=\"wp-embedded-content\" title=\"\u00abCon instrumentos musicales y trajes t\u00edpicos Gobernaci\u00f3n dot\u00f3 casa de cultura de Monterrey\u00bb \u2014 \u25b7 Noticias de Casanare : Martha Cifuentes | Casanare\" src=\"https:\/\/marthacifuentes.com\/portada\/2025\/01\/13\/con-instrumentos-musicales-y-trajes-tipicos-gobernacion-doto-casa-de-cultura-de-monterrey\/embed\/#?secret=WjW0sqUtEN#?secret=4JCGeuq6IP\" width=\"600\" height=\"621\" frameborder=\"0\" marginwidth=\"0\" marginheight=\"0\" scrolling=\"no\" sandbox=\"allow-scripts\" data-secret=\"4JCGeuq6IP\" data-mce-fragment=\"1\"><\/iframe><\/p>\n<p><iframe loading=\"lazy\" class=\"wp-embedded-content\" title=\"\u00abCasanare 2025: Gobernaci\u00f3n implementa Plan de Recuperaci\u00f3n Vial y Obras de Protecci\u00f3n 2.0\u00a0\u00bb \u2014 \u25b7 Noticias de Casanare : Martha Cifuentes | Casanare\" src=\"https:\/\/marthacifuentes.com\/portada\/2025\/01\/13\/casanare-2025-gobernacion-implementa-plan-de-recuperacion-vial-y-obras-de-proteccion-2-0\/embed\/#?secret=jFJkMyZgIK#?secret=49ZxzqCYnq\" width=\"600\" height=\"584\" frameborder=\"0\" marginwidth=\"0\" marginheight=\"0\" scrolling=\"no\" sandbox=\"allow-scripts\" data-secret=\"49ZxzqCYnq\" data-mce-fragment=\"1\"><\/iframe><\/p>\n<p><iframe loading=\"lazy\" class=\"wp-embedded-content\" title=\"\u00abResultados de Auditor\u00eda de revisi\u00f3n y fenecimiento de la cuenta fiscal durante 2024 de la Contralor\u00eda de Casanare\u00bb \u2014 \u25b7 Noticias de Casanare : Martha Cifuentes | Casanare\" src=\"https:\/\/marthacifuentes.com\/portada\/2024\/12\/28\/resultados-de-auditoria-de-revision-y-fenecimiento-de-la-cuenta-fiscal-durante-2024-de-la-contraloria-de-casanare\/embed\/#?secret=nAHR9iWY07#?secret=CxT6VRSad1\" width=\"600\" height=\"649\" frameborder=\"0\" marginwidth=\"0\" marginheight=\"0\" scrolling=\"no\" sandbox=\"allow-scripts\" data-secret=\"CxT6VRSad1\" data-mce-fragment=\"1\"><\/iframe><\/p>\n<p><iframe loading=\"lazy\" class=\"wp-embedded-content\" title=\"\u00abResultados de la Contralor\u00eda de Casanare en 2024: Fortalecimiento del Control Social y Participaci\u00f3n Ciudadana\u00bb \u2014 \u25b7 Noticias de Casanare : Martha Cifuentes | Casanare\" src=\"https:\/\/marthacifuentes.com\/portada\/2024\/12\/28\/resultados-de-la-contraloria-de-casanare-en-2024-fortalecimiento-del-control-social-y-participacion-ciudadana\/embed\/#?secret=0D4creK0AE#?secret=bHYirNnv1D\" width=\"600\" height=\"649\" frameborder=\"0\" marginwidth=\"0\" marginheight=\"0\" scrolling=\"no\" sandbox=\"allow-scripts\" data-secret=\"bHYirNnv1D\" data-mce-fragment=\"1\"><\/iframe><\/p>\n<p><iframe loading=\"lazy\" class=\"wp-embedded-content\" title=\"\u00ab\u26a0\ufe0f El Peligro de las Redes Sociales: Protege tu Privacidad en L\u00ednea con Estos Consejos Esenciales \ud83d\udd12\ud83d\udcf1\u00bb \u2014 \u25b7 Noticias de Casanare : Martha Cifuentes | Casanare\" src=\"https:\/\/marthacifuentes.com\/portada\/2024\/12\/27\/%e2%9a%a0%ef%b8%8f-el-peligro-de-las-redes-sociales-protege-tu-privacidad-en-linea-con-estos-consejos-esenciales-%f0%9f%94%92%f0%9f%93%b1\/embed\/#?secret=oZMGm7p5Ib#?secret=vdIhyAwN1B\" width=\"600\" height=\"649\" frameborder=\"0\" marginwidth=\"0\" marginheight=\"0\" scrolling=\"no\" sandbox=\"allow-scripts\" data-secret=\"vdIhyAwN1B\" data-mce-fragment=\"1\"><\/iframe><\/p>\n<p><iframe loading=\"lazy\" class=\"wp-embedded-content\" title=\"\u00ab\ud83d\udd10 **5 Consejos Claves para Proteger tu WhatsApp y Evitar Hackeos** \ud83d\udcf2\ud83d\udca1\u00bb \u2014 \u25b7 Noticias de Casanare : Martha Cifuentes | Casanare\" src=\"https:\/\/marthacifuentes.com\/portada\/2024\/12\/27\/%f0%9f%94%90-5-consejos-claves-para-proteger-tu-whatsapp-y-evitar-hackeos-%f0%9f%93%b2%f0%9f%92%a1\/embed\/#?secret=1TkTW6B7dU#?secret=Qipj1p5UEK\" width=\"600\" height=\"621\" frameborder=\"0\" marginwidth=\"0\" marginheight=\"0\" scrolling=\"no\" sandbox=\"allow-scripts\" data-secret=\"Qipj1p5UEK\" data-mce-fragment=\"1\"><\/iframe><\/p>\n<p><iframe loading=\"lazy\" class=\"wp-embedded-content\" title=\"\u00ab\ud83d\udca1 5 Trucos de WhatsApp que No Sab\u00edas que Exist\u00edan (\u00a1Y Son S\u00faper \u00datiles!) \ud83d\udcf2\u00bb \u2014 \u25b7 Noticias de Casanare : Martha Cifuentes | Casanare\" src=\"https:\/\/marthacifuentes.com\/portada\/2024\/12\/27\/%f0%9f%92%a1-5-trucos-de-whatsapp-que-no-sabias-que-existian-y-son-super-utiles-%f0%9f%93%b2\/embed\/#?secret=W9wxfwVsdc#?secret=GnCEzSEg5v\" width=\"600\" height=\"621\" frameborder=\"0\" marginwidth=\"0\" marginheight=\"0\" scrolling=\"no\" sandbox=\"allow-scripts\" data-secret=\"GnCEzSEg5v\" data-mce-fragment=\"1\"><\/iframe><\/p>\n<p><iframe loading=\"lazy\" class=\"wp-embedded-content\" title=\"\u00abFundaci\u00f3n Escuela Nueva y GeoPark, aliados para fortalecer la educaci\u00f3n rural en Tauramena\u00bb \u2014 \u25b7 Noticias de Casanare : Martha Cifuentes | Casanare\" src=\"https:\/\/marthacifuentes.com\/portada\/2024\/12\/18\/fundacion-escuela-nueva-y-geopark-aliados-para-fortalecer-la-educacion-rural-en-tauramena\/embed\/#?secret=GXQAgQwVJo#?secret=Q9sFSw6WHs\" width=\"600\" height=\"606\" frameborder=\"0\" marginwidth=\"0\" marginheight=\"0\" scrolling=\"no\" sandbox=\"allow-scripts\" data-secret=\"Q9sFSw6WHs\" data-mce-fragment=\"1\"><\/iframe><\/p>\n<p><iframe loading=\"lazy\" class=\"wp-embedded-content\" title=\"\u00ab\u00ab2025 ser\u00e1 el a\u00f1o de transformar Aguazul con grandes obras\u00bb: Nelson Camacho\u00bb \u2014 \u25b7 Noticias de Casanare : Martha Cifuentes | Casanare\" src=\"https:\/\/marthacifuentes.com\/portada\/2024\/12\/18\/2025-sera-el-ano-de-transformar-aguazul-con-grandes-obras-nelson-camacho\/embed\/#?secret=zPW9y3Ntnv#?secret=irekcsHhjf\" width=\"600\" height=\"620\" frameborder=\"0\" marginwidth=\"0\" marginheight=\"0\" scrolling=\"no\" sandbox=\"allow-scripts\" data-secret=\"irekcsHhjf\" data-mce-fragment=\"1\"><\/iframe><\/p>\n<p><iframe loading=\"lazy\" class=\"wp-embedded-content\" title=\"\u00ab600 tortugas liberadas en Paz de Ariporo\u00bb \u2014 \u25b7 Noticias de Casanare : Martha Cifuentes | Casanare\" src=\"https:\/\/marthacifuentes.com\/portada\/2024\/12\/16\/600-tortugas-liberadas-en-paz-de-ariporo\/embed\/#?secret=oNryKb9IKt#?secret=IbE3FEIMlr\" width=\"600\" height=\"592\" frameborder=\"0\" marginwidth=\"0\" marginheight=\"0\" scrolling=\"no\" sandbox=\"allow-scripts\" data-secret=\"IbE3FEIMlr\" data-mce-fragment=\"1\"><\/iframe><\/p>\n<p><iframe loading=\"lazy\" class=\"wp-embedded-content\" title=\"\u00abMarco Tulio, bien librado, Concejo rajado y ciudadanos preocupados por seguridad y empleo, en Encuesta \u00abYopal, C\u00f3mo Vamos\u00bb\u00bb \u2014 \u25b7 Noticias de Casanare : Martha Cifuentes | Casanare\" src=\"https:\/\/marthacifuentes.com\/portada\/2024\/12\/12\/marco-tulio-con-imagen-positiva-del-57-mientras-que-el-concejo-se-raja-en-encuesta-de-cifras-y-conceptos\/embed\/#?secret=owyE89GG5R#?secret=mtzTQrDI8f\" width=\"600\" height=\"649\" frameborder=\"0\" marginwidth=\"0\" marginheight=\"0\" scrolling=\"no\" sandbox=\"allow-scripts\" data-secret=\"mtzTQrDI8f\" data-mce-fragment=\"1\"><\/iframe><\/p>\n<p><iframe loading=\"lazy\" class=\"wp-embedded-content\" title=\"\u00abCorporinoquia ya tiene directora titular: Carolina Mari\u00f1o. Se prev\u00e9 demanda de la elecci\u00f3n\u00bb \u2014 \u25b7 Noticias de Casanare : Martha Cifuentes | Casanare\" src=\"https:\/\/marthacifuentes.com\/portada\/2024\/12\/09\/corporinoquia-ya-tiene-directora-titular-carolina-marino-se-preve-demanda-de-la-eleccion\/embed\/#?secret=nXWOCi5LrM#?secret=22n4JMtHsf\" width=\"600\" height=\"621\" frameborder=\"0\" marginwidth=\"0\" marginheight=\"0\" scrolling=\"no\" sandbox=\"allow-scripts\" data-secret=\"22n4JMtHsf\" data-mce-fragment=\"1\"><\/iframe><\/p>\n<p><iframe loading=\"lazy\" class=\"wp-embedded-content\" title=\"\u00abHel\u00ed Cala elabor\u00f3 un plan criminal para apoderarse del presupuesto de Casanare: Corte Suprema de Justicia, Sala Primera Instancia\u00bb \u2014 \u25b7 Noticias de Casanare : Martha Cifuentes | Casanare\" src=\"https:\/\/marthacifuentes.com\/portada\/2024\/12\/09\/heli-cala-elaboro-un-plan-criminal-para-apoderarse-del-presupuesto-de-casanare-corte-suprema-de-justicia-sala-primera-instancia\/embed\/#?secret=OCtg8fWhVI#?secret=E1i4epSFt8\" width=\"600\" height=\"628\" frameborder=\"0\" marginwidth=\"0\" marginheight=\"0\" scrolling=\"no\" sandbox=\"allow-scripts\" data-secret=\"E1i4epSFt8\" data-mce-fragment=\"1\"><\/iframe><\/p>\n<p><iframe loading=\"lazy\" class=\"wp-embedded-content\" title=\"\u00abEn v\u00edsperas de Navidad, se prev\u00e9 paso en la v\u00eda entre Casanare y Boyac\u00e1 en el sector Chorro Blanco: Inv\u00edas\u00bb \u2014 \u25b7 Noticias de Casanare : Martha Cifuentes | Casanare\" src=\"https:\/\/marthacifuentes.com\/portada\/2024\/12\/06\/en-visperas-de-navidad-se-preve-paso-en-la-via-entre-casanare-y-boyaca-en-el-sector-chorro-blanco-invias\/embed\/#?secret=cbygqToTR4#?secret=EKFnDCcmRX\" width=\"600\" height=\"620\" frameborder=\"0\" marginwidth=\"0\" marginheight=\"0\" scrolling=\"no\" sandbox=\"allow-scripts\" data-secret=\"EKFnDCcmRX\" data-mce-fragment=\"1\"><\/iframe><\/p>\n<p><iframe loading=\"lazy\" class=\"wp-embedded-content\" title=\"\u00abCasanare recibir\u00e1 m\u00e1s de $9 mil millones para mejorar v\u00edas rurales en 9 municipios\u00bb \u2014 \u25b7 Noticias de Casanare : Martha Cifuentes | Casanare\" src=\"https:\/\/marthacifuentes.com\/portada\/2024\/12\/06\/casanare-recibira-mas-de-9-mil-millones-para-mejorar-vias-rurales-en-9-municipios\/embed\/#?secret=WT6f8PBJXd#?secret=CJdxlYgefh\" width=\"600\" height=\"590\" frameborder=\"0\" marginwidth=\"0\" marginheight=\"0\" scrolling=\"no\" sandbox=\"allow-scripts\" data-secret=\"CJdxlYgefh\" data-mce-fragment=\"1\"><\/iframe><\/p>\n<p><iframe loading=\"lazy\" class=\"wp-embedded-content\" title=\"\u00abCorporinoquia en la mira: Recusaciones y tutelas frenan elecci\u00f3n de su nuevo director\u00bb \u2014 \u25b7 Noticias de Casanare : Martha Cifuentes | Casanare\" src=\"https:\/\/marthacifuentes.com\/portada\/2024\/12\/03\/corporinoquia-en-la-mira-recusaciones-y-tutelas-frenan-eleccion-de-su-nuevo-director\/embed\/#?secret=Q65AeHNNvH#?secret=VKAe00NPRL\" width=\"600\" height=\"578\" frameborder=\"0\" marginwidth=\"0\" marginheight=\"0\" scrolling=\"no\" sandbox=\"allow-scripts\" data-secret=\"VKAe00NPRL\" data-mce-fragment=\"1\"><\/iframe><\/p>\n<p><iframe loading=\"lazy\" class=\"wp-embedded-content\" title=\"\u00abIncumplimiento de requisitos legales impide escrituraci\u00f3n de lotes en Alameda Martha Mojica.\u00bb \u2014 \u25b7 Noticias de Casanare : Martha Cifuentes | Casanare\" src=\"https:\/\/marthacifuentes.com\/portada\/2024\/12\/02\/incumplimiento-de-requisitos-legales-impide-escrituracion-de-lotes-en-alameda-martha-mojica\/embed\/#?secret=elErUiOf2s#?secret=fb1z2lZM2Z\" width=\"600\" height=\"620\" frameborder=\"0\" marginwidth=\"0\" marginheight=\"0\" scrolling=\"no\" sandbox=\"allow-scripts\" data-secret=\"fb1z2lZM2Z\" data-mce-fragment=\"1\"><\/iframe><\/p>\n<p><iframe loading=\"lazy\" class=\"wp-embedded-content\" title=\"\u00abNancy Padilla: Un nuevo rostro de la violencia machista que persiste\u00bb \u2014 \u25b7 Noticias de Casanare : Martha Cifuentes | Casanare\" src=\"https:\/\/marthacifuentes.com\/portada\/2024\/12\/02\/nancy-padilla-un-nuevo-rostro-de-la-violencia-machista-que-persiste\/embed\/#?secret=tFKaI8pgBn#?secret=C3Qq1zZc3R\" width=\"600\" height=\"308\" frameborder=\"0\" marginwidth=\"0\" marginheight=\"0\" scrolling=\"no\" sandbox=\"allow-scripts\" data-secret=\"C3Qq1zZc3R\" data-mce-fragment=\"1\"><\/iframe><\/p>\n<p><iframe loading=\"lazy\" class=\"wp-embedded-content\" title=\"\u00abHaz el cambio, \u00a1y tu bolsillo te lo agradecer\u00e1! Gu\u00eda para adoptar tecnolog\u00edas sostenibles y accesibles\u00bb \u2014 \u25b7 Noticias de Casanare : Martha Cifuentes | Casanare\" src=\"https:\/\/marthacifuentes.com\/portada\/2024\/11\/29\/haz-el-cambio-y-tu-bolsillo-te-lo-agradecera-guia-para-adoptar-tecnologias-sostenibles-y-accesibles\/embed\/#?secret=3wJ6ABwXHr#?secret=3S7p2Wkcx0\" width=\"600\" height=\"621\" frameborder=\"0\" marginwidth=\"0\" marginheight=\"0\" scrolling=\"no\" sandbox=\"allow-scripts\" data-secret=\"3S7p2Wkcx0\" data-mce-fragment=\"1\"><\/iframe><\/p>\n<p><iframe loading=\"lazy\" class=\"wp-embedded-content\" title=\"\u00abPor las 2.553 v\u00edctimas: Casanare crea la Mesa Departamental para la atenci\u00f3n a desaparecidos\u00bb \u2014 \u25b7 Noticias de Casanare : Martha Cifuentes | Casanare\" src=\"https:\/\/marthacifuentes.com\/portada\/2024\/11\/28\/por-las-2-553-victimas-casanare-crea-la-mesa-departamental-para-la-atencion-a-desaparecidos\/embed\/#?secret=SdpXd7UXyd#?secret=wKQP4GjCqZ\" width=\"600\" height=\"537\" frameborder=\"0\" marginwidth=\"0\" marginheight=\"0\" scrolling=\"no\" sandbox=\"allow-scripts\" data-secret=\"wKQP4GjCqZ\" data-mce-fragment=\"1\"><\/iframe><\/p>\n<p><iframe loading=\"lazy\" class=\"wp-embedded-content\" title=\"\u00abLida Rojas: El crimen que desnuda el control del ELN y disidencias de las Farc en Aguazul\u00bb \u2014 \u25b7 Noticias de Casanare : Martha Cifuentes | Casanare\" src=\"https:\/\/marthacifuentes.com\/portada\/2024\/11\/27\/lida-rojas-el-crimen-que-desnuda-el-control-del-eln-y-disidencias-de-las-farc-en-aguazul\/embed\/#?secret=1m5yCZwADK#?secret=a20doPqPPW\" width=\"600\" height=\"600\" frameborder=\"0\" marginwidth=\"0\" marginheight=\"0\" scrolling=\"no\" sandbox=\"allow-scripts\" data-secret=\"a20doPqPPW\" data-mce-fragment=\"1\"><\/iframe><\/p>\n<p><a href=\"https:\/\/marthacifuentes.com\/especialviolenciamujer\/\"><img decoding=\"async\" src=\"https:\/\/marthacifuentes.com\/portada\/wp-content\/uploads\/2024\/11\/intro-1.jpg\" \/><\/a><\/p>\n<p><iframe loading=\"lazy\" class=\"wp-embedded-content\" title=\"\u00abConsejo Directivo de Corporinoquia ya fij\u00f3 fecha de elecci\u00f3n de director de Corporinoquia. Lenin Bustos cuestion\u00f3 decisiones.\u00bb \u2014 \u25b7 Noticias de Casanare : Martha Cifuentes | Casanare\" src=\"https:\/\/marthacifuentes.com\/portada\/2024\/11\/26\/consejo-directivo-de-corporinoquia-ya-fijo-fecha-de-eleccion-de-director-de-corporinoquia-lenin-bustos-cuestiono-decisiones\/embed\/#?secret=iFNp9pEfCo#?secret=h6DOIYGDRj\" width=\"600\" height=\"649\" frameborder=\"0\" marginwidth=\"0\" marginheight=\"0\" scrolling=\"no\" sandbox=\"allow-scripts\" data-secret=\"h6DOIYGDRj\" data-mce-fragment=\"1\"><\/iframe><\/p>\n<p><iframe loading=\"lazy\" class=\"wp-embedded-content\" title=\"\u00abYa viene la elecci\u00f3n de director(a) de Corporinoquia. 25 de noviembre convocado Consejo Directivo.\u00bb \u2014 \u25b7 Noticias de Casanare : Martha Cifuentes | Casanare\" src=\"https:\/\/marthacifuentes.com\/portada\/2024\/11\/22\/ya-viene-la-eleccion-de-directora-de-corporinoquia-25-de-noviembre-convocado-consejo-directivo\/embed\/#?secret=WIZEqpPbmY#?secret=EHam0JCmRI\" width=\"600\" height=\"585\" frameborder=\"0\" marginwidth=\"0\" marginheight=\"0\" scrolling=\"no\" sandbox=\"allow-scripts\" data-secret=\"EHam0JCmRI\" data-mce-fragment=\"1\"><\/iframe><\/p>\n<p><iframe loading=\"lazy\" class=\"wp-embedded-content\" title=\"\u00abCasanare Palpita: Cultura, arte y gastronom\u00eda llanera,\u00a0del 20 al 24 de noviembre en Casanare.\u00bb \u2014 \u25b7 Noticias de Casanare : Martha Cifuentes | Casanare\" src=\"https:\/\/marthacifuentes.com\/portada\/2024\/11\/20\/casanare-palpita-cultura-arte-y-gastronomia-llanera-del-20-al-24-de-noviembre-en-casanare\/embed\/#?secret=ZxluL6FvPy#?secret=g3iti2URnM\" width=\"600\" height=\"579\" frameborder=\"0\" marginwidth=\"0\" marginheight=\"0\" scrolling=\"no\" sandbox=\"allow-scripts\" data-secret=\"g3iti2URnM\" data-mce-fragment=\"1\"><\/iframe><\/p>\n<p><iframe loading=\"lazy\" class=\"wp-embedded-content\" title=\"\u00abEaaay: tras cuestionada intervenci\u00f3n, se nombra nueva interventora. Fue liquidadora de Electricaribe.\u00bb \u2014 \u25b7 Noticias de Casanare : Martha Cifuentes | Casanare\" src=\"https:\/\/marthacifuentes.com\/portada\/2024\/11\/20\/eaaay-tras-cuestionada-intervencion-se-nombra-nueva-interventora-fue-liquidadora-de-electricaribe\/embed\/#?secret=Ua3FLbHJOK#?secret=lSmpQX1tHz\" width=\"600\" height=\"613\" frameborder=\"0\" marginwidth=\"0\" marginheight=\"0\" scrolling=\"no\" sandbox=\"allow-scripts\" data-secret=\"lSmpQX1tHz\" data-mce-fragment=\"1\"><\/iframe><\/p>\n","protected":false},"excerpt":{"rendered":"<p>La Primera Feria Agroindustrial de la Orinoquia Exporinoquia, a realizarse los pr\u00f3ximos 30 y 31 de enero y 1 de febrero en el parque Nacua en Yopal, adem\u00e1s de empresarios expositores tendr\u00e1 una interesante agenda acad\u00e9mica, que la hacen imperdible. Los temas principales del primer d\u00eda de feria acad\u00e9mica son el futuro de la agroindustria, &hellip;<\/p>\n","protected":false},"author":2,"featured_media":34600,"comment_status":"open","ping_status":"open","sticky":false,"template":"","format":"standard","meta":{"om_disable_all_campaigns":false,"_exactmetrics_skip_tracking":false,"_exactmetrics_sitenote_active":false,"_exactmetrics_sitenote_note":"","_exactmetrics_sitenote_category":0,"_monsterinsights_skip_tracking":false,"_monsterinsights_sitenote_active":false,"_monsterinsights_sitenote_note":"","_monsterinsights_sitenote_category":0,"_uf_show_specific_survey":0,"_uf_disable_surveys":false,"_joinchat":[],"footnotes":""},"categories":[147,146,145],"tags":[11581,11583,11537,11575,11580,11577,11576,11578,1400,1421,11582,11574,11579],"class_list":["post-34596","post","type-post","status-publish","format-standard","has-post-thumbnail","hentry","category-actualidad","category-noticias","category-reportajes","tag-bioestimulacion-como-herramienta-contra-el-estres-climatico","tag-exporinoquia-2025-parque-nacua-juan-bernardo-serrano","tag-exporinoquia-casanare-yopal","tag-futuro-de-la-agroindustria","tag-gobernador-de-casanare-cesar-ortiz-zorro-exporinoquia","tag-la-bioestimulacion-en-cultivos","tag-la-nutricion-en-pastos","tag-la-plaga-diatraea-saccharalis-y-la-bioestimulacion-y-manejo-de-traslocadores-exporinoquia-2025-yopal","tag-noticias-casanare","tag-noticias-yopal","tag-por-que-invertir-en-la-orinoquia","tag-primera-feria-agroindustrial-de-la-orinoquia-exporinoquia","tag-semillano"],"yoast_head":"<!-- This site is optimized with the Yoast SEO plugin v26.1 - https:\/\/yoast.com\/wordpress\/plugins\/seo\/ -->\n<title>Exporinoquia 2025: Innovaci\u00f3n y conocimiento en la Primera Feria Agroindustrial de la Orinoqu\u00eda - \u25b7 Noticias de Casanare : Martha Cifuentes | Casanare<\/title>\n<meta name=\"robots\" content=\"index, follow, max-snippet:-1, max-image-preview:large, max-video-preview:-1\" \/>\n<link rel=\"canonical\" href=\"https:\/\/marthacifuentes.com\/portada\/exporinoquia-2025-innovacion-y-conocimiento-en-la-primera-feria-agroindustrial-de-la-orinoquia\/\" \/>\n<meta property=\"og:locale\" content=\"es_ES\" \/>\n<meta property=\"og:type\" content=\"article\" \/>\n<meta property=\"og:title\" content=\"Exporinoquia 2025: Innovaci\u00f3n y conocimiento en la Primera Feria Agroindustrial de la Orinoqu\u00eda - \u25b7 Noticias de Casanare : Martha Cifuentes | Casanare\" \/>\n<meta property=\"og:description\" content=\"La Primera Feria Agroindustrial de la Orinoquia Exporinoquia, a realizarse los pr\u00f3ximos 30 y 31 de enero y 1 de febrero en el parque Nacua en Yopal, adem\u00e1s de empresarios expositores tendr\u00e1 una interesante agenda acad\u00e9mica, que la hacen imperdible. Los temas principales del primer d\u00eda de feria acad\u00e9mica son el futuro de la agroindustria, &hellip;\" \/>\n<meta property=\"og:url\" content=\"https:\/\/marthacifuentes.com\/portada\/exporinoquia-2025-innovacion-y-conocimiento-en-la-primera-feria-agroindustrial-de-la-orinoquia\/\" \/>\n<meta property=\"og:site_name\" content=\"\u25b7 Noticias de Casanare : Martha Cifuentes | Casanare\" \/>\n<meta property=\"article:published_time\" content=\"2025-01-20T15:02:14+00:00\" \/>\n<meta property=\"article:modified_time\" content=\"2025-01-20T15:03:42+00:00\" \/>\n<meta property=\"og:image\" content=\"https:\/\/marthacifuentes.com\/portada\/wp-content\/uploads\/2025\/01\/exporinoquia-agenda-1.jpg\" \/>\n\t<meta property=\"og:image:width\" content=\"1081\" \/>\n\t<meta property=\"og:image:height\" content=\"586\" \/>\n\t<meta property=\"og:image:type\" content=\"image\/jpeg\" \/>\n<meta name=\"author\" content=\"Martha Cifuentes\" \/>\n<meta name=\"twitter:card\" content=\"summary_large_image\" \/>\n<meta name=\"twitter:label1\" content=\"Escrito por\" \/>\n\t<meta name=\"twitter:data1\" content=\"Martha Cifuentes\" \/>\n\t<meta name=\"twitter:label2\" content=\"Tiempo de lectura\" \/>\n\t<meta name=\"twitter:data2\" content=\"3 minutos\" \/>\n<script type=\"application\/ld+json\" class=\"yoast-schema-graph\">{\"@context\":\"https:\/\/schema.org\",\"@graph\":[{\"@type\":\"WebPage\",\"@id\":\"https:\/\/marthacifuentes.com\/portada\/exporinoquia-2025-innovacion-y-conocimiento-en-la-primera-feria-agroindustrial-de-la-orinoquia\/\",\"url\":\"https:\/\/marthacifuentes.com\/portada\/exporinoquia-2025-innovacion-y-conocimiento-en-la-primera-feria-agroindustrial-de-la-orinoquia\/\",\"name\":\"Exporinoquia 2025: Innovaci\u00f3n y conocimiento en la Primera Feria Agroindustrial de la Orinoqu\u00eda - \u25b7 Noticias de Casanare : Martha Cifuentes | Casanare\",\"isPartOf\":{\"@id\":\"https:\/\/marthacifuentes.com\/portada\/#website\"},\"primaryImageOfPage\":{\"@id\":\"https:\/\/marthacifuentes.com\/portada\/exporinoquia-2025-innovacion-y-conocimiento-en-la-primera-feria-agroindustrial-de-la-orinoquia\/#primaryimage\"},\"image\":{\"@id\":\"https:\/\/marthacifuentes.com\/portada\/exporinoquia-2025-innovacion-y-conocimiento-en-la-primera-feria-agroindustrial-de-la-orinoquia\/#primaryimage\"},\"thumbnailUrl\":\"https:\/\/marthacifuentes.com\/portada\/wp-content\/uploads\/2025\/01\/exporinoquia-agenda-1.jpg\",\"datePublished\":\"2025-01-20T15:02:14+00:00\",\"dateModified\":\"2025-01-20T15:03:42+00:00\",\"author\":{\"@id\":\"https:\/\/marthacifuentes.com\/portada\/#\/schema\/person\/57f53174b991db5f90ff78d58502b714\"},\"breadcrumb\":{\"@id\":\"https:\/\/marthacifuentes.com\/portada\/exporinoquia-2025-innovacion-y-conocimiento-en-la-primera-feria-agroindustrial-de-la-orinoquia\/#breadcrumb\"},\"inLanguage\":\"es\",\"potentialAction\":[{\"@type\":\"ReadAction\",\"target\":[\"https:\/\/marthacifuentes.com\/portada\/exporinoquia-2025-innovacion-y-conocimiento-en-la-primera-feria-agroindustrial-de-la-orinoquia\/\"]}]},{\"@type\":\"ImageObject\",\"inLanguage\":\"es\",\"@id\":\"https:\/\/marthacifuentes.com\/portada\/exporinoquia-2025-innovacion-y-conocimiento-en-la-primera-feria-agroindustrial-de-la-orinoquia\/#primaryimage\",\"url\":\"https:\/\/marthacifuentes.com\/portada\/wp-content\/uploads\/2025\/01\/exporinoquia-agenda-1.jpg\",\"contentUrl\":\"https:\/\/marthacifuentes.com\/portada\/wp-content\/uploads\/2025\/01\/exporinoquia-agenda-1.jpg\",\"width\":1081,\"height\":586},{\"@type\":\"BreadcrumbList\",\"@id\":\"https:\/\/marthacifuentes.com\/portada\/exporinoquia-2025-innovacion-y-conocimiento-en-la-primera-feria-agroindustrial-de-la-orinoquia\/#breadcrumb\",\"itemListElement\":[{\"@type\":\"ListItem\",\"position\":1,\"name\":\"Portada\",\"item\":\"https:\/\/marthacifuentes.com\/portada\/\"},{\"@type\":\"ListItem\",\"position\":2,\"name\":\"Exporinoquia 2025: Innovaci\u00f3n y conocimiento en la Primera Feria Agroindustrial de la Orinoqu\u00eda\"}]},{\"@type\":\"WebSite\",\"@id\":\"https:\/\/marthacifuentes.com\/portada\/#website\",\"url\":\"https:\/\/marthacifuentes.com\/portada\/\",\"name\":\"\u25b7 Noticias de Casanare : Martha Cifuentes | Casanare\",\"description\":\"Noticias &amp; Contenidos\",\"potentialAction\":[{\"@type\":\"SearchAction\",\"target\":{\"@type\":\"EntryPoint\",\"urlTemplate\":\"https:\/\/marthacifuentes.com\/portada\/?s={search_term_string}\"},\"query-input\":{\"@type\":\"PropertyValueSpecification\",\"valueRequired\":true,\"valueName\":\"search_term_string\"}}],\"inLanguage\":\"es\"},{\"@type\":\"Person\",\"@id\":\"https:\/\/marthacifuentes.com\/portada\/#\/schema\/person\/57f53174b991db5f90ff78d58502b714\",\"name\":\"Martha Cifuentes\",\"image\":{\"@type\":\"ImageObject\",\"inLanguage\":\"es\",\"@id\":\"https:\/\/marthacifuentes.com\/portada\/#\/schema\/person\/image\/\",\"url\":\"http:\/\/marthacifuentes.com\/portada\/wp-content\/uploads\/2018\/06\/avatar_user_2_1528838701-96x96.jpg\",\"contentUrl\":\"http:\/\/marthacifuentes.com\/portada\/wp-content\/uploads\/2018\/06\/avatar_user_2_1528838701-96x96.jpg\",\"caption\":\"Martha Cifuentes\"},\"sameAs\":[\"http:\/\/www.marthacifuentes.com\"],\"url\":\"https:\/\/marthacifuentes.com\/portada\/author\/martha\/\"}]}<\/script>\n<!-- \/ Yoast SEO plugin. -->","yoast_head_json":{"title":"Exporinoquia 2025: Innovaci\u00f3n y conocimiento en la Primera Feria Agroindustrial de la Orinoqu\u00eda - \u25b7 Noticias de Casanare : Martha Cifuentes | Casanare","robots":{"index":"index","follow":"follow","max-snippet":"max-snippet:-1","max-image-preview":"max-image-preview:large","max-video-preview":"max-video-preview:-1"},"canonical":"https:\/\/marthacifuentes.com\/portada\/exporinoquia-2025-innovacion-y-conocimiento-en-la-primera-feria-agroindustrial-de-la-orinoquia\/","og_locale":"es_ES","og_type":"article","og_title":"Exporinoquia 2025: Innovaci\u00f3n y conocimiento en la Primera Feria Agroindustrial de la Orinoqu\u00eda - \u25b7 Noticias de Casanare : Martha Cifuentes | Casanare","og_description":"La Primera Feria Agroindustrial de la Orinoquia Exporinoquia, a realizarse los pr\u00f3ximos 30 y 31 de enero y 1 de febrero en el parque Nacua en Yopal, adem\u00e1s de empresarios expositores tendr\u00e1 una interesante agenda acad\u00e9mica, que la hacen imperdible. Los temas principales del primer d\u00eda de feria acad\u00e9mica son el futuro de la agroindustria, &hellip;","og_url":"https:\/\/marthacifuentes.com\/portada\/exporinoquia-2025-innovacion-y-conocimiento-en-la-primera-feria-agroindustrial-de-la-orinoquia\/","og_site_name":"\u25b7 Noticias de Casanare : Martha Cifuentes | Casanare","article_published_time":"2025-01-20T15:02:14+00:00","article_modified_time":"2025-01-20T15:03:42+00:00","og_image":[{"width":1081,"height":586,"url":"https:\/\/marthacifuentes.com\/portada\/wp-content\/uploads\/2025\/01\/exporinoquia-agenda-1.jpg","type":"image\/jpeg"}],"author":"Martha Cifuentes","twitter_card":"summary_large_image","twitter_misc":{"Escrito por":"Martha Cifuentes","Tiempo de lectura":"3 minutos"},"schema":{"@context":"https:\/\/schema.org","@graph":[{"@type":"WebPage","@id":"https:\/\/marthacifuentes.com\/portada\/exporinoquia-2025-innovacion-y-conocimiento-en-la-primera-feria-agroindustrial-de-la-orinoquia\/","url":"https:\/\/marthacifuentes.com\/portada\/exporinoquia-2025-innovacion-y-conocimiento-en-la-primera-feria-agroindustrial-de-la-orinoquia\/","name":"Exporinoquia 2025: Innovaci\u00f3n y conocimiento en la Primera Feria Agroindustrial de la Orinoqu\u00eda - \u25b7 Noticias de Casanare : Martha Cifuentes | Casanare","isPartOf":{"@id":"https:\/\/marthacifuentes.com\/portada\/#website"},"primaryImageOfPage":{"@id":"https:\/\/marthacifuentes.com\/portada\/exporinoquia-2025-innovacion-y-conocimiento-en-la-primera-feria-agroindustrial-de-la-orinoquia\/#primaryimage"},"image":{"@id":"https:\/\/marthacifuentes.com\/portada\/exporinoquia-2025-innovacion-y-conocimiento-en-la-primera-feria-agroindustrial-de-la-orinoquia\/#primaryimage"},"thumbnailUrl":"https:\/\/marthacifuentes.com\/portada\/wp-content\/uploads\/2025\/01\/exporinoquia-agenda-1.jpg","datePublished":"2025-01-20T15:02:14+00:00","dateModified":"2025-01-20T15:03:42+00:00","author":{"@id":"https:\/\/marthacifuentes.com\/portada\/#\/schema\/person\/57f53174b991db5f90ff78d58502b714"},"breadcrumb":{"@id":"https:\/\/marthacifuentes.com\/portada\/exporinoquia-2025-innovacion-y-conocimiento-en-la-primera-feria-agroindustrial-de-la-orinoquia\/#breadcrumb"},"inLanguage":"es","potentialAction":[{"@type":"ReadAction","target":["https:\/\/marthacifuentes.com\/portada\/exporinoquia-2025-innovacion-y-conocimiento-en-la-primera-feria-agroindustrial-de-la-orinoquia\/"]}]},{"@type":"ImageObject","inLanguage":"es","@id":"https:\/\/marthacifuentes.com\/portada\/exporinoquia-2025-innovacion-y-conocimiento-en-la-primera-feria-agroindustrial-de-la-orinoquia\/#primaryimage","url":"https:\/\/marthacifuentes.com\/portada\/wp-content\/uploads\/2025\/01\/exporinoquia-agenda-1.jpg","contentUrl":"https:\/\/marthacifuentes.com\/portada\/wp-content\/uploads\/2025\/01\/exporinoquia-agenda-1.jpg","width":1081,"height":586},{"@type":"BreadcrumbList","@id":"https:\/\/marthacifuentes.com\/portada\/exporinoquia-2025-innovacion-y-conocimiento-en-la-primera-feria-agroindustrial-de-la-orinoquia\/#breadcrumb","itemListElement":[{"@type":"ListItem","position":1,"name":"Portada","item":"https:\/\/marthacifuentes.com\/portada\/"},{"@type":"ListItem","position":2,"name":"Exporinoquia 2025: Innovaci\u00f3n y conocimiento en la Primera Feria Agroindustrial de la Orinoqu\u00eda"}]},{"@type":"WebSite","@id":"https:\/\/marthacifuentes.com\/portada\/#website","url":"https:\/\/marthacifuentes.com\/portada\/","name":"\u25b7 Noticias de Casanare : Martha Cifuentes | Casanare","description":"Noticias &amp; Contenidos","potentialAction":[{"@type":"SearchAction","target":{"@type":"EntryPoint","urlTemplate":"https:\/\/marthacifuentes.com\/portada\/?s={search_term_string}"},"query-input":{"@type":"PropertyValueSpecification","valueRequired":true,"valueName":"search_term_string"}}],"inLanguage":"es"},{"@type":"Person","@id":"https:\/\/marthacifuentes.com\/portada\/#\/schema\/person\/57f53174b991db5f90ff78d58502b714","name":"Martha Cifuentes","image":{"@type":"ImageObject","inLanguage":"es","@id":"https:\/\/marthacifuentes.com\/portada\/#\/schema\/person\/image\/","url":"http:\/\/marthacifuentes.com\/portada\/wp-content\/uploads\/2018\/06\/avatar_user_2_1528838701-96x96.jpg","contentUrl":"http:\/\/marthacifuentes.com\/portada\/wp-content\/uploads\/2018\/06\/avatar_user_2_1528838701-96x96.jpg","caption":"Martha Cifuentes"},"sameAs":["http:\/\/www.marthacifuentes.com"],"url":"https:\/\/marthacifuentes.com\/portada\/author\/martha\/"}]}},"_links":{"self":[{"href":"https:\/\/marthacifuentes.com\/portada\/wp-json\/wp\/v2\/posts\/34596","targetHints":{"allow":["GET"]}}],"collection":[{"href":"https:\/\/marthacifuentes.com\/portada\/wp-json\/wp\/v2\/posts"}],"about":[{"href":"https:\/\/marthacifuentes.com\/portada\/wp-json\/wp\/v2\/types\/post"}],"author":[{"embeddable":true,"href":"https:\/\/marthacifuentes.com\/portada\/wp-json\/wp\/v2\/users\/2"}],"replies":[{"embeddable":true,"href":"https:\/\/marthacifuentes.com\/portada\/wp-json\/wp\/v2\/comments?post=34596"}],"version-history":[{"count":2,"href":"https:\/\/marthacifuentes.com\/portada\/wp-json\/wp\/v2\/posts\/34596\/revisions"}],"predecessor-version":[{"id":34602,"href":"https:\/\/marthacifuentes.com\/portada\/wp-json\/wp\/v2\/posts\/34596\/revisions\/34602"}],"wp:featuredmedia":[{"embeddable":true,"href":"https:\/\/marthacifuentes.com\/portada\/wp-json\/wp\/v2\/media\/34600"}],"wp:attachment":[{"href":"https:\/\/marthacifuentes.com\/portada\/wp-json\/wp\/v2\/media?parent=34596"}],"wp:term":[{"taxonomy":"category","embeddable":true,"href":"https:\/\/marthacifuentes.com\/portada\/wp-json\/wp\/v2\/categories?post=34596"},{"taxonomy":"post_tag","embeddable":true,"href":"https:\/\/marthacifuentes.com\/portada\/wp-json\/wp\/v2\/tags?post=34596"}],"curies":[{"name":"wp","href":"https:\/\/api.w.org\/{rel}","templated":true}]}}