{"id":34613,"date":"2025-01-30T11:18:58","date_gmt":"2025-01-30T16:18:58","guid":{"rendered":"https:\/\/marthacifuentes.com\/portada\/?p=34613"},"modified":"2025-01-30T11:25:05","modified_gmt":"2025-01-30T16:25:05","slug":"por-que-yopal-se-une-al-mural-las-cuchas-tienen-razon","status":"publish","type":"post","link":"https:\/\/marthacifuentes.com\/portada\/por-que-yopal-se-une-al-mural-las-cuchas-tienen-razon\/","title":{"rendered":"\u00bfPor qu\u00e9 Yopal se une al mural Las cuchas tienen raz\u00f3n?"},"content":{"rendered":"<h3 data-pm-slice=\"1 1 []\">El hallazgo en La Escombrera y la indignaci\u00f3n nacional<\/h3>\n<p>La indignaci\u00f3n y protesta nacional se intensificaron luego de que los primeros restos humanos en La Escombrera de Medell\u00edn fueran hallados el 18 de diciembre de 2024, tras 22 a\u00f1os de b\u00fasqueda. Estos restos pertenecen a personas desaparecidas entre 2002 y 2003, v\u00edctimas de desaparici\u00f3n forzada en el contexto del conflicto armado en la Comuna 13, principalmente durante la Operaci\u00f3n Ori\u00f3n* (m\u00e1s informaci\u00f3n sobre esta operaci\u00f3n al final del art\u00edculo).<\/p>\n<p><a href=\"https:\/\/unidadbusqueda.gov.co\/actualidad\/unidad-de-busqueda-y-jep-encontraron-dos-nuevos-cuerpos-escombrera\/\">La Unidad de B\u00fasqueda y la JEP encontraron dos nuevos cuerpos en La Escombrera<\/a><\/p>\n<h3>El mural en Medell\u00edn y su impacto<\/h3>\n<p>En respuesta a estos hallazgos, ciudadanos en Medell\u00edn realizaron un mural en una glorieta de la ciudad entre el 11 y 12 de enero de 2025. Esta intervenci\u00f3n art\u00edstica se llev\u00f3 a cabo en un territorio que vivi\u00f3 directamente las consecuencias de la Operaci\u00f3n Ori\u00f3n y que actualmente es gobernado por el ex candidato presidencial Federico Guti\u00e9rrez. El mural fue eliminado por las autoridades locales, pero colectivos art\u00edsticos y ciudadanos lo recuperaron y repintaron el 14 de enero del mismo a\u00f1o, reafirmando su compromiso con la memoria y la verdad.<\/p>\n<p><a href=\"https:\/\/www.elcolombiano.com\/medellin\/mural-sobre-la-escombrera-vuelve-a-medellin-memoria-y-resistencia-en-la-comuna-13-DC26352405\">Con presencia de mujeres buscadoras, vuelven a pintar en Medell\u00edn el mural sobre La Escombrera que borr\u00f3 la Alcald\u00eda<\/a><\/p>\n<figure style=\"width: 621px\" class=\"wp-caption aligncenter\"><img loading=\"lazy\" decoding=\"async\" src=\"https:\/\/estaticos.elcolombiano.com\/binrepository\/780x520\/0c0\/0d0\/none\/11101\/LIMI\/mural-2_46946540_20250114171817.jpg\" alt=\"El mural se vuelve a pintar en la tarde de este martes 14 de enero. FOTOS Esneyder Guti\u00e9rrez\" width=\"621\" height=\"414\" \/><figcaption class=\"wp-caption-text\">Fotos Esneyder Guti\u00e9rrez<\/figcaption><\/figure>\n<p>Este acto de resistencia marc\u00f3 el inicio de una ola de murales en diferentes ciudades del pa\u00eds, como una expresi\u00f3n de apoyo contra la censura.<\/p>\n<h3>Yopal se une al movimiento<\/h3>\n<p>Yopal no fue la excepci\u00f3n. El 17 de enero de 2025, en el SkatePark de la ciudad, la artista Carolina C\u00e1rdenas y Alejandro Hern\u00e1ndez pintaron un mural con la frase <a href=\"https:\/\/www.facebook.com\/caro.cardenashenao.9\/posts\/pfbid02UhYeAjCtzi2ekRb3Ku8G58jE9uhUSnrJJGMVU85KLDEoobCaiu4eLhYDH79nhhVRl\"><em>\u00abLas cuchas tienen raz\u00f3n. #\u00c9lDioLaOrden\u00bb<\/em><\/a>. La obra gener\u00f3 una amplia reacci\u00f3n en redes sociales y medios locales. Sin embargo, <a href=\"https:\/\/www.facebook.com\/lareporteria\/videos\/588390720755521?comment_id=489473920864234&amp;notif_id=1738107191865610&amp;notif_t=feedback_reaction_generic&amp;ref=notif\">el 28 de enero, un grupo de exmilitares, seg\u00fan report\u00f3 el medio local <em>La Reporter\u00eda<\/em>, censur\u00f3 el mural argumentando que promov\u00eda \u00abodio\u00bb.<\/a><\/p>\n<p><img loading=\"lazy\" decoding=\"async\" class=\"alignleft\" src=\"https:\/\/scontent.fbog19-1.fna.fbcdn.net\/v\/t39.30808-6\/474146867_2608303836025605_3927208137304933233_n.jpg?_nc_cat=110&amp;ccb=1-7&amp;_nc_sid=833d8c&amp;_nc_eui2=AeEex_jlulEZoZh2Z-KxJxLqtWeIezN6tbq1Z4h7M3q1utN8WTH9A6aakq_7TsfTt2s&amp;_nc_ohc=qaXTFnWT6QEQ7kNvgHpEU7K&amp;_nc_zt=23&amp;_nc_ht=scontent.fbog19-1.fna&amp;_nc_gid=ASFLERMNi-3Kd6cWqGCw3nW&amp;oh=00_AYDgOrZmKRicUVu7qFQDtIHs4kXJ880H5FKfDxpKAy-bUg&amp;oe=67A180B0\" alt=\"May be an image of skateboard, street and text\" width=\"385\" height=\"286\" \/><\/p>\n<h3>Censura y respuesta de la comunidad<\/h3>\n<p>La eliminaci\u00f3n del mural gener\u00f3 indignaci\u00f3n en la comunidad, lo que llev\u00f3 a la convocatoria de un nuevo mural el 31 de enero de 2025. Este episodio se enmarca en una historia de abusos documentados por la Jurisdicci\u00f3n Especial para la Paz (JEP), que ha reconocido a Casanare dentro del <em>macro-caso #3<\/em>, donde se han investigado cr\u00edmenes de violencia estatal en la regi\u00f3n. Seg\u00fan la JEP, estos cr\u00edmenes incluyen desapariciones forzadas y ejecuciones extrajudiciales, com\u00fanmente conocidas como \u00abfalsos positivos\u00bb. M\u00e1s informaci\u00f3n se puede consultar en la p\u00e1gina web de la JEP: <a href=\"https:\/\/www.jep.gov.co\/macrocasos\/caso03.html\">https:\/\/www.jep.gov.co\/macrocasos\/caso03.html<\/a>.<\/p>\n<p><img loading=\"lazy\" decoding=\"async\" class=\"wp-image-34614 alignright\" src=\"https:\/\/marthacifuentes.com\/portada\/wp-content\/uploads\/2025\/01\/WhatsApp-Image-2025-01-28-at-5.47.02-PM-724x1024.jpeg\" alt=\"\" width=\"323\" height=\"457\" srcset=\"https:\/\/marthacifuentes.com\/portada\/wp-content\/uploads\/2025\/01\/WhatsApp-Image-2025-01-28-at-5.47.02-PM-724x1024.jpeg 724w, https:\/\/marthacifuentes.com\/portada\/wp-content\/uploads\/2025\/01\/WhatsApp-Image-2025-01-28-at-5.47.02-PM-212x300.jpeg 212w, https:\/\/marthacifuentes.com\/portada\/wp-content\/uploads\/2025\/01\/WhatsApp-Image-2025-01-28-at-5.47.02-PM-768x1086.jpeg 768w, https:\/\/marthacifuentes.com\/portada\/wp-content\/uploads\/2025\/01\/WhatsApp-Image-2025-01-28-at-5.47.02-PM-1086x1536.jpeg 1086w, https:\/\/marthacifuentes.com\/portada\/wp-content\/uploads\/2025\/01\/WhatsApp-Image-2025-01-28-at-5.47.02-PM.jpeg 1131w\" sizes=\"auto, (max-width: 323px) 100vw, 323px\" \/><\/p>\n<h3>Contexto de violencia en Casanare<\/h3>\n<p>Las violaciones a los derechos humanos en Casanare han estado ligadas a intereses econ\u00f3micos y disputas territoriales entre actores armados, con una fuerte presencia paramilitar en las \u00faltimas d\u00e9cadas. En el pasado, las Autodefensas Campesinas de Casanare (ACC) llegaron a enfrentarse con el Bloque Centauros de las Autodefensas Unidas de Colombia (AUC) entre 2003 y 2004, generando una escalada de violencia en la regi\u00f3n. Estas din\u00e1micas han dejado huellas profundas en la memoria colectiva y contin\u00faan teniendo repercusiones en la actualidad. M\u00e1s informaci\u00f3n sobre este periodo de la historia casanare\u00f1a puede encontrarse en: <a href=\"https:\/\/rutasdelconflicto.com\/especiales\/casanare_desaparecidos\/\">https:\/\/rutasdelconflicto.com\/especiales\/casanare_desaparecidos\/<\/a>.<\/p>\n<h3>El arte como resistencia y memoria<\/h3>\n<p>Las nuevas generaciones y colectivos ciudadanos han encontrado en el arte una forma de resistencia ante las secuelas de la violencia en el pa\u00eds. En Yopal, esta expresi\u00f3n no solo representa un acto simb\u00f3lico, sino una forma de recordar que los conflictos por razones de g\u00e9nero, etnia, subculturas como el punk y el metal, conflictos de propiedad y la defensa de intereses econ\u00f3micos contin\u00faan afectando a las comunidades. Sin la participaci\u00f3n activa de la ciudadan\u00eda, hechos como estos podr\u00edan quedar en el olvido, al igual que la C\u00e1tedra de Historia eliminada en el pasado del sistema educativo. La memoria colectiva y sus expresiones son fundamentales para evidenciar y reafirmar la importancia de los derechos humanos en Colombia.<\/p>\n<div><\/div>\n<h2><strong>Operaci\u00f3n Ori\u00f3n: contexto final<\/strong><\/h2>\n<p>La <strong>Operaci\u00f3n Ori\u00f3n<\/strong>, llevada a cabo en octubre de 2002 en la <strong>Comuna 13 de Medell\u00edn<\/strong>, fue una de las intervenciones militares m\u00e1s violentas en zonas urbanas durante el conflicto armado en Colombia. Bajo el argumento de recuperar el control del territorio, el gobierno de \u00c1lvaro Uribe V\u00e9lez despleg\u00f3 un operativo en el que participaron el Ej\u00e9rcito, la Polic\u00eda y el DAS, con apoyo de grupos paramilitares, para expulsar a las milicias guerrilleras que operaban en la zona. Durante los enfrentamientos, decenas de civiles resultaron muertos o heridos, y se registraron m\u00faltiples casos de desapariciones forzadas, detenciones arbitrarias y torturas, con un alto costo para la poblaci\u00f3n.<\/p>\n<p>Posteriormente, investigaciones y testimonios revelaron que muchos de los desaparecidos fueron llevados a <strong>La Escombrera<\/strong>, un botadero de escombros donde se presume que fueron enterrados clandestinamente. A pesar de los intentos de las v\u00edctimas por recuperar los cuerpos de sus familiares, solo hasta diciembre de 2024 se confirmaron los primeros hallazgos, validando a\u00f1os de denuncias sobre la responsabilidad del Estado y el papel de los paramilitares en los cr\u00edmenes cometidos durante la operaci\u00f3n. La Operaci\u00f3n Ori\u00f3n no solo dej\u00f3 una huella de dolor en Medell\u00edn, sino que se convirti\u00f3 en un s\u00edmbolo del uso desproporcionado de la fuerza y la impunidad que ha marcado la historia del pa\u00eds.<\/p>\n<p><img loading=\"lazy\" decoding=\"async\" class=\"alignleft\" src=\"https:\/\/www.colombiainforma.info\/wp-content\/uploads\/2019\/10\/orion.jpg\" alt=\"Operaci\u00f3n Ori\u00f3n: 17 a\u00f1os de impunidad - Colombia Informa Un d\u00eda como hoy\" width=\"423\" height=\"222\" \/><\/p>\n<p><strong>Fuente:<\/strong> <a href=\"https:\/\/www.comisiondelaverdad.co\/el-violento-engranaje-de-la-operacion-orion?utm_source=chatgpt.com\">Comisi\u00f3n de la Verdad<\/a><\/p>\n","protected":false},"excerpt":{"rendered":"<p>El hallazgo en La Escombrera y la indignaci\u00f3n nacional La indignaci\u00f3n y protesta nacional se intensificaron luego de que los primeros restos humanos en La Escombrera de Medell\u00edn fueran hallados el 18 de diciembre de 2024, tras 22 a\u00f1os de b\u00fasqueda. Estos restos pertenecen a personas desaparecidas entre 2002 y 2003, v\u00edctimas de desaparici\u00f3n forzada &hellip;<\/p>\n","protected":false},"author":2,"featured_media":34616,"comment_status":"open","ping_status":"open","sticky":false,"template":"","format":"standard","meta":{"om_disable_all_campaigns":false,"_exactmetrics_skip_tracking":false,"_exactmetrics_sitenote_active":false,"_exactmetrics_sitenote_note":"","_exactmetrics_sitenote_category":0,"_monsterinsights_skip_tracking":false,"_monsterinsights_sitenote_active":false,"_monsterinsights_sitenote_note":"","_monsterinsights_sitenote_category":0,"_uf_show_specific_survey":0,"_uf_disable_surveys":false,"_joinchat":[],"footnotes":""},"categories":[147,146,150,145],"tags":[11610,11593,11607,11608,11602,11594,11597,11595,11606,11005,11596,11601,1185,1187,6942,11225,11603,11591,11609,6813,11604,11592,11589,11599,11590,7053,11598,11600,11605,157],"class_list":["post-34613","post","type-post","status-publish","format-standard","has-post-thumbnail","hentry","category-actualidad","category-noticias","category-opinion","category-reportajes","tag-activismo-artistico","tag-arte-y-resistencia","tag-autodefensas-campesinas","tag-bloque-centauros","tag-censura-al-arte","tag-censura-en-colombia","tag-colectivos-artisticos","tag-conflicto-armado-colombiano","tag-crimenes-de-guerra","tag-derechos-humanos","tag-desaparecidos-en-colombia","tag-exmilitares-en-colombia","tag-falsos-positivos","tag-jep","tag-jurisdiccion-especial-para-la-paz","tag-justicia-transicional","tag-juventud-y-resistencia","tag-la-escombrera","tag-lucha-por-la-verdad","tag-medellin","tag-memoria-colectiva","tag-memoria-historica","tag-mural-las-cuchas-tienen-razon","tag-muralismo-politico","tag-operacion-orion","tag-paramilitarismo-en-casanare","tag-represion-estatal","tag-victimas-del-conflicto","tag-violencia-estatal","tag-yopal"],"yoast_head":"<!-- This site is optimized with the Yoast SEO plugin v26.1 - https:\/\/yoast.com\/wordpress\/plugins\/seo\/ -->\n<title>\u00bfPor qu\u00e9 Yopal se une al mural Las cuchas tienen raz\u00f3n? - \u25b7 Noticias de Casanare : Martha Cifuentes | Casanare<\/title>\n<meta name=\"robots\" content=\"index, follow, max-snippet:-1, max-image-preview:large, max-video-preview:-1\" \/>\n<link rel=\"canonical\" href=\"https:\/\/marthacifuentes.com\/portada\/por-que-yopal-se-une-al-mural-las-cuchas-tienen-razon\/\" \/>\n<meta property=\"og:locale\" content=\"es_ES\" \/>\n<meta property=\"og:type\" content=\"article\" \/>\n<meta property=\"og:title\" content=\"\u00bfPor qu\u00e9 Yopal se une al mural Las cuchas tienen raz\u00f3n? - \u25b7 Noticias de Casanare : Martha Cifuentes | Casanare\" \/>\n<meta property=\"og:description\" content=\"El hallazgo en La Escombrera y la indignaci\u00f3n nacional La indignaci\u00f3n y protesta nacional se intensificaron luego de que los primeros restos humanos en La Escombrera de Medell\u00edn fueran hallados el 18 de diciembre de 2024, tras 22 a\u00f1os de b\u00fasqueda. Estos restos pertenecen a personas desaparecidas entre 2002 y 2003, v\u00edctimas de desaparici\u00f3n forzada &hellip;\" \/>\n<meta property=\"og:url\" content=\"https:\/\/marthacifuentes.com\/portada\/por-que-yopal-se-une-al-mural-las-cuchas-tienen-razon\/\" \/>\n<meta property=\"og:site_name\" content=\"\u25b7 Noticias de Casanare : Martha Cifuentes | Casanare\" \/>\n<meta property=\"article:published_time\" content=\"2025-01-30T16:18:58+00:00\" \/>\n<meta property=\"article:modified_time\" content=\"2025-01-30T16:25:05+00:00\" \/>\n<meta property=\"og:image\" content=\"https:\/\/marthacifuentes.com\/portada\/wp-content\/uploads\/2025\/01\/imagen_2025-01-30_112447323.png\" \/>\n\t<meta property=\"og:image:width\" content=\"1004\" \/>\n\t<meta property=\"og:image:height\" content=\"1023\" \/>\n\t<meta property=\"og:image:type\" content=\"image\/png\" \/>\n<meta name=\"author\" content=\"Martha Cifuentes\" \/>\n<meta name=\"twitter:card\" content=\"summary_large_image\" \/>\n<meta name=\"twitter:label1\" content=\"Escrito por\" \/>\n\t<meta name=\"twitter:data1\" content=\"Martha Cifuentes\" \/>\n\t<meta name=\"twitter:label2\" content=\"Tiempo de lectura\" \/>\n\t<meta name=\"twitter:data2\" content=\"5 minutos\" \/>\n<script type=\"application\/ld+json\" class=\"yoast-schema-graph\">{\"@context\":\"https:\/\/schema.org\",\"@graph\":[{\"@type\":\"WebPage\",\"@id\":\"https:\/\/marthacifuentes.com\/portada\/por-que-yopal-se-une-al-mural-las-cuchas-tienen-razon\/\",\"url\":\"https:\/\/marthacifuentes.com\/portada\/por-que-yopal-se-une-al-mural-las-cuchas-tienen-razon\/\",\"name\":\"\u00bfPor qu\u00e9 Yopal se une al mural Las cuchas tienen raz\u00f3n? - \u25b7 Noticias de Casanare : Martha Cifuentes | Casanare\",\"isPartOf\":{\"@id\":\"https:\/\/marthacifuentes.com\/portada\/#website\"},\"primaryImageOfPage\":{\"@id\":\"https:\/\/marthacifuentes.com\/portada\/por-que-yopal-se-une-al-mural-las-cuchas-tienen-razon\/#primaryimage\"},\"image\":{\"@id\":\"https:\/\/marthacifuentes.com\/portada\/por-que-yopal-se-une-al-mural-las-cuchas-tienen-razon\/#primaryimage\"},\"thumbnailUrl\":\"https:\/\/marthacifuentes.com\/portada\/wp-content\/uploads\/2025\/01\/imagen_2025-01-30_112447323.png\",\"datePublished\":\"2025-01-30T16:18:58+00:00\",\"dateModified\":\"2025-01-30T16:25:05+00:00\",\"author\":{\"@id\":\"https:\/\/marthacifuentes.com\/portada\/#\/schema\/person\/57f53174b991db5f90ff78d58502b714\"},\"breadcrumb\":{\"@id\":\"https:\/\/marthacifuentes.com\/portada\/por-que-yopal-se-une-al-mural-las-cuchas-tienen-razon\/#breadcrumb\"},\"inLanguage\":\"es\",\"potentialAction\":[{\"@type\":\"ReadAction\",\"target\":[\"https:\/\/marthacifuentes.com\/portada\/por-que-yopal-se-une-al-mural-las-cuchas-tienen-razon\/\"]}]},{\"@type\":\"ImageObject\",\"inLanguage\":\"es\",\"@id\":\"https:\/\/marthacifuentes.com\/portada\/por-que-yopal-se-une-al-mural-las-cuchas-tienen-razon\/#primaryimage\",\"url\":\"https:\/\/marthacifuentes.com\/portada\/wp-content\/uploads\/2025\/01\/imagen_2025-01-30_112447323.png\",\"contentUrl\":\"https:\/\/marthacifuentes.com\/portada\/wp-content\/uploads\/2025\/01\/imagen_2025-01-30_112447323.png\",\"width\":1004,\"height\":1023},{\"@type\":\"BreadcrumbList\",\"@id\":\"https:\/\/marthacifuentes.com\/portada\/por-que-yopal-se-une-al-mural-las-cuchas-tienen-razon\/#breadcrumb\",\"itemListElement\":[{\"@type\":\"ListItem\",\"position\":1,\"name\":\"Portada\",\"item\":\"https:\/\/marthacifuentes.com\/portada\/\"},{\"@type\":\"ListItem\",\"position\":2,\"name\":\"\u00bfPor qu\u00e9 Yopal se une al mural Las cuchas tienen raz\u00f3n?\"}]},{\"@type\":\"WebSite\",\"@id\":\"https:\/\/marthacifuentes.com\/portada\/#website\",\"url\":\"https:\/\/marthacifuentes.com\/portada\/\",\"name\":\"\u25b7 Noticias de Casanare : Martha Cifuentes | Casanare\",\"description\":\"Noticias &amp; Contenidos\",\"potentialAction\":[{\"@type\":\"SearchAction\",\"target\":{\"@type\":\"EntryPoint\",\"urlTemplate\":\"https:\/\/marthacifuentes.com\/portada\/?s={search_term_string}\"},\"query-input\":{\"@type\":\"PropertyValueSpecification\",\"valueRequired\":true,\"valueName\":\"search_term_string\"}}],\"inLanguage\":\"es\"},{\"@type\":\"Person\",\"@id\":\"https:\/\/marthacifuentes.com\/portada\/#\/schema\/person\/57f53174b991db5f90ff78d58502b714\",\"name\":\"Martha Cifuentes\",\"image\":{\"@type\":\"ImageObject\",\"inLanguage\":\"es\",\"@id\":\"https:\/\/marthacifuentes.com\/portada\/#\/schema\/person\/image\/\",\"url\":\"http:\/\/marthacifuentes.com\/portada\/wp-content\/uploads\/2018\/06\/avatar_user_2_1528838701-96x96.jpg\",\"contentUrl\":\"http:\/\/marthacifuentes.com\/portada\/wp-content\/uploads\/2018\/06\/avatar_user_2_1528838701-96x96.jpg\",\"caption\":\"Martha Cifuentes\"},\"sameAs\":[\"http:\/\/www.marthacifuentes.com\"],\"url\":\"https:\/\/marthacifuentes.com\/portada\/author\/martha\/\"}]}<\/script>\n<!-- \/ Yoast SEO plugin. -->","yoast_head_json":{"title":"\u00bfPor qu\u00e9 Yopal se une al mural Las cuchas tienen raz\u00f3n? - \u25b7 Noticias de Casanare : Martha Cifuentes | Casanare","robots":{"index":"index","follow":"follow","max-snippet":"max-snippet:-1","max-image-preview":"max-image-preview:large","max-video-preview":"max-video-preview:-1"},"canonical":"https:\/\/marthacifuentes.com\/portada\/por-que-yopal-se-une-al-mural-las-cuchas-tienen-razon\/","og_locale":"es_ES","og_type":"article","og_title":"\u00bfPor qu\u00e9 Yopal se une al mural Las cuchas tienen raz\u00f3n? - \u25b7 Noticias de Casanare : Martha Cifuentes | Casanare","og_description":"El hallazgo en La Escombrera y la indignaci\u00f3n nacional La indignaci\u00f3n y protesta nacional se intensificaron luego de que los primeros restos humanos en La Escombrera de Medell\u00edn fueran hallados el 18 de diciembre de 2024, tras 22 a\u00f1os de b\u00fasqueda. Estos restos pertenecen a personas desaparecidas entre 2002 y 2003, v\u00edctimas de desaparici\u00f3n forzada &hellip;","og_url":"https:\/\/marthacifuentes.com\/portada\/por-que-yopal-se-une-al-mural-las-cuchas-tienen-razon\/","og_site_name":"\u25b7 Noticias de Casanare : Martha Cifuentes | Casanare","article_published_time":"2025-01-30T16:18:58+00:00","article_modified_time":"2025-01-30T16:25:05+00:00","og_image":[{"width":1004,"height":1023,"url":"https:\/\/marthacifuentes.com\/portada\/wp-content\/uploads\/2025\/01\/imagen_2025-01-30_112447323.png","type":"image\/png"}],"author":"Martha Cifuentes","twitter_card":"summary_large_image","twitter_misc":{"Escrito por":"Martha Cifuentes","Tiempo de lectura":"5 minutos"},"schema":{"@context":"https:\/\/schema.org","@graph":[{"@type":"WebPage","@id":"https:\/\/marthacifuentes.com\/portada\/por-que-yopal-se-une-al-mural-las-cuchas-tienen-razon\/","url":"https:\/\/marthacifuentes.com\/portada\/por-que-yopal-se-une-al-mural-las-cuchas-tienen-razon\/","name":"\u00bfPor qu\u00e9 Yopal se une al mural Las cuchas tienen raz\u00f3n? - \u25b7 Noticias de Casanare : Martha Cifuentes | Casanare","isPartOf":{"@id":"https:\/\/marthacifuentes.com\/portada\/#website"},"primaryImageOfPage":{"@id":"https:\/\/marthacifuentes.com\/portada\/por-que-yopal-se-une-al-mural-las-cuchas-tienen-razon\/#primaryimage"},"image":{"@id":"https:\/\/marthacifuentes.com\/portada\/por-que-yopal-se-une-al-mural-las-cuchas-tienen-razon\/#primaryimage"},"thumbnailUrl":"https:\/\/marthacifuentes.com\/portada\/wp-content\/uploads\/2025\/01\/imagen_2025-01-30_112447323.png","datePublished":"2025-01-30T16:18:58+00:00","dateModified":"2025-01-30T16:25:05+00:00","author":{"@id":"https:\/\/marthacifuentes.com\/portada\/#\/schema\/person\/57f53174b991db5f90ff78d58502b714"},"breadcrumb":{"@id":"https:\/\/marthacifuentes.com\/portada\/por-que-yopal-se-une-al-mural-las-cuchas-tienen-razon\/#breadcrumb"},"inLanguage":"es","potentialAction":[{"@type":"ReadAction","target":["https:\/\/marthacifuentes.com\/portada\/por-que-yopal-se-une-al-mural-las-cuchas-tienen-razon\/"]}]},{"@type":"ImageObject","inLanguage":"es","@id":"https:\/\/marthacifuentes.com\/portada\/por-que-yopal-se-une-al-mural-las-cuchas-tienen-razon\/#primaryimage","url":"https:\/\/marthacifuentes.com\/portada\/wp-content\/uploads\/2025\/01\/imagen_2025-01-30_112447323.png","contentUrl":"https:\/\/marthacifuentes.com\/portada\/wp-content\/uploads\/2025\/01\/imagen_2025-01-30_112447323.png","width":1004,"height":1023},{"@type":"BreadcrumbList","@id":"https:\/\/marthacifuentes.com\/portada\/por-que-yopal-se-une-al-mural-las-cuchas-tienen-razon\/#breadcrumb","itemListElement":[{"@type":"ListItem","position":1,"name":"Portada","item":"https:\/\/marthacifuentes.com\/portada\/"},{"@type":"ListItem","position":2,"name":"\u00bfPor qu\u00e9 Yopal se une al mural Las cuchas tienen raz\u00f3n?"}]},{"@type":"WebSite","@id":"https:\/\/marthacifuentes.com\/portada\/#website","url":"https:\/\/marthacifuentes.com\/portada\/","name":"\u25b7 Noticias de Casanare : Martha Cifuentes | Casanare","description":"Noticias &amp; Contenidos","potentialAction":[{"@type":"SearchAction","target":{"@type":"EntryPoint","urlTemplate":"https:\/\/marthacifuentes.com\/portada\/?s={search_term_string}"},"query-input":{"@type":"PropertyValueSpecification","valueRequired":true,"valueName":"search_term_string"}}],"inLanguage":"es"},{"@type":"Person","@id":"https:\/\/marthacifuentes.com\/portada\/#\/schema\/person\/57f53174b991db5f90ff78d58502b714","name":"Martha Cifuentes","image":{"@type":"ImageObject","inLanguage":"es","@id":"https:\/\/marthacifuentes.com\/portada\/#\/schema\/person\/image\/","url":"http:\/\/marthacifuentes.com\/portada\/wp-content\/uploads\/2018\/06\/avatar_user_2_1528838701-96x96.jpg","contentUrl":"http:\/\/marthacifuentes.com\/portada\/wp-content\/uploads\/2018\/06\/avatar_user_2_1528838701-96x96.jpg","caption":"Martha Cifuentes"},"sameAs":["http:\/\/www.marthacifuentes.com"],"url":"https:\/\/marthacifuentes.com\/portada\/author\/martha\/"}]}},"_links":{"self":[{"href":"https:\/\/marthacifuentes.com\/portada\/wp-json\/wp\/v2\/posts\/34613","targetHints":{"allow":["GET"]}}],"collection":[{"href":"https:\/\/marthacifuentes.com\/portada\/wp-json\/wp\/v2\/posts"}],"about":[{"href":"https:\/\/marthacifuentes.com\/portada\/wp-json\/wp\/v2\/types\/post"}],"author":[{"embeddable":true,"href":"https:\/\/marthacifuentes.com\/portada\/wp-json\/wp\/v2\/users\/2"}],"replies":[{"embeddable":true,"href":"https:\/\/marthacifuentes.com\/portada\/wp-json\/wp\/v2\/comments?post=34613"}],"version-history":[{"count":1,"href":"https:\/\/marthacifuentes.com\/portada\/wp-json\/wp\/v2\/posts\/34613\/revisions"}],"predecessor-version":[{"id":34615,"href":"https:\/\/marthacifuentes.com\/portada\/wp-json\/wp\/v2\/posts\/34613\/revisions\/34615"}],"wp:featuredmedia":[{"embeddable":true,"href":"https:\/\/marthacifuentes.com\/portada\/wp-json\/wp\/v2\/media\/34616"}],"wp:attachment":[{"href":"https:\/\/marthacifuentes.com\/portada\/wp-json\/wp\/v2\/media?parent=34613"}],"wp:term":[{"taxonomy":"category","embeddable":true,"href":"https:\/\/marthacifuentes.com\/portada\/wp-json\/wp\/v2\/categories?post=34613"},{"taxonomy":"post_tag","embeddable":true,"href":"https:\/\/marthacifuentes.com\/portada\/wp-json\/wp\/v2\/tags?post=34613"}],"curies":[{"name":"wp","href":"https:\/\/api.w.org\/{rel}","templated":true}]}}