{"id":34652,"date":"2025-02-11T11:14:44","date_gmt":"2025-02-11T16:14:44","guid":{"rendered":"https:\/\/marthacifuentes.com\/portada\/?p=34652"},"modified":"2025-02-11T11:14:44","modified_gmt":"2025-02-11T16:14:44","slug":"victimas-de-falsos-positivos-tendran-proyectos-restaurativos-en-casanare-creada-mesa-de-la-jep-gobernacion-y-alcaldia-de-yopal","status":"publish","type":"post","link":"https:\/\/marthacifuentes.com\/portada\/victimas-de-falsos-positivos-tendran-proyectos-restaurativos-en-casanare-creada-mesa-de-la-jep-gobernacion-y-alcaldia-de-yopal\/","title":{"rendered":"V\u00edctimas de falsos positivos tendr\u00e1n proyectos restaurativos en Casanare. \u00a0Creada mesa de la JEP, Gobernaci\u00f3n y Alcald\u00eda de Yopal."},"content":{"rendered":"<p>Mesa de articulaci\u00f3n entre la JEP, las v\u00edctimas, la Gobernaci\u00f3n de Casanare y la Alcald\u00eda de Yopal para concertar las propuestas de proyectos restaurativos para las sanciones de los graves cr\u00edmenes que se cometieron durante el conflicto armado en Casanare, especialmente las ejecuciones extrajudiciales, fue instalada ayer 10 de febrero.<\/p>\n<p>En esta mesa, liderada por el magistrado \u00d3scar Parra Vera, relator del Subcaso Casanare del Caso 03, las partes avanzan en las propuestas de proyectos restaurativos para satisfacer los derechos de las v\u00edctimas de asesinatos y desapariciones forzadas presentados como bajas en combate por agentes del Estado en Casanare.<\/p>\n<p>En este Departamento se han documentado al menos 300 ejecuciones extrajudiciales que generan cerca de 500 v\u00edctimas. Ellas tienen expectativas sobre las acciones restaurativas. Algunas de las solicitudes tienen que ver con acceso a la educaci\u00f3n superior, continuar con la b\u00fasqueda de los desaparecidos, crear mecanismos de memoria y no olvido sobre lo sucedido para tener presente que estas formas de violencia no pueden volverse a presentar.<\/p>\n<p>Este espacio nace de los di\u00e1logos que ha liderado la JEP con v\u00edctimas y comparecientes de la fuerza p\u00fablica desde 2022.<\/p>\n<p>Durante la instalaci\u00f3n de esta mesa de articulaci\u00f3n, el magistrado \u00d3scar Parra destac\u00f3 que \u201ceste es un hito en este proceso. El objetivo central de este espacio es escuchar a las v\u00edctimas, articularnos y avanzar en la definici\u00f3n de proyectos que luego pasar\u00e1n a una evaluaci\u00f3n en el Tribunal para la Paz para determinar hasta qu\u00e9 punto son restaurativos\u201d.<\/p>\n<p>El magistrado auxiliar Hugo Escobar Fern\u00e1ndez, delegado para esta mesa por el presidente de la JEP, tambi\u00e9n resalt\u00f3 la importancia de esta mesa e inform\u00f3 que \u201cla Secretar\u00eda Ejecutiva de la JEP avanza en la suscripci\u00f3n de un memorando de entendimiento con el Ministerio de Salud para articular la atenci\u00f3n integral en salud de las v\u00edctimas ante la Jurisdicci\u00f3n\u201d.<\/p>\n<p>En este primer d\u00eda de reuni\u00f3n, las partes fijaron las pautas de funcionamiento de la mesa.<\/p>\n<p>El pr\u00f3ximo 25 de febrero se llevar\u00e1 a cabo la segunda reuni\u00f3n para determinar el reglamento interno y el plan de trabajo.<\/p>\n<p>Audio Magistrado de la JEP \u00d3scar Parra.<\/p>\n<!--[if lt IE 9]><script>document.createElement('audio');<\/script><![endif]-->\n<audio class=\"wp-audio-shortcode\" id=\"audio-34652-1\" preload=\"none\" style=\"width: 100%;\" controls=\"controls\"><source type=\"audio\/mpeg\" src=\"https:\/\/marthacifuentes.com\/portada\/wp-content\/uploads\/2025\/02\/Audio-Mag.-Oscar-Parra.mp3?_=1\" \/><a href=\"https:\/\/marthacifuentes.com\/portada\/wp-content\/uploads\/2025\/02\/Audio-Mag.-Oscar-Parra.mp3\">https:\/\/marthacifuentes.com\/portada\/wp-content\/uploads\/2025\/02\/Audio-Mag.-Oscar-Parra.mp3<\/a><\/audio>\n<h2>Otras noticias&#8230;<\/h2>\n<blockquote class=\"wp-embedded-content\" data-secret=\"aP3Q6KdSTU\"><p><a href=\"https:\/\/marthacifuentes.com\/portada\/2025\/02\/08\/estos-son-los-motivos-por-los-cuales-un-juez-envio-a-la-carcel-a-influencer-cesar-wilches-mujer-afectada-prefiere-el-anonimato\/\">Estos son los motivos por los cuales un Juez env\u00edo a la c\u00e1rcel a influencer C\u00e9sar Wilches. Mujer afectada prefiere el anonimato.<\/a><\/p><\/blockquote>\n<p><iframe loading=\"lazy\" class=\"wp-embedded-content\" sandbox=\"allow-scripts\" security=\"restricted\" style=\"position: absolute; clip: rect(1px, 1px, 1px, 1px);\" title=\"\u00abEstos son los motivos por los cuales un Juez env\u00edo a la c\u00e1rcel a influencer C\u00e9sar Wilches. Mujer afectada prefiere el anonimato.\u00bb \u2014 \u25b7 Noticias de Casanare : Martha Cifuentes | Casanare\" src=\"https:\/\/marthacifuentes.com\/portada\/2025\/02\/08\/estos-son-los-motivos-por-los-cuales-un-juez-envio-a-la-carcel-a-influencer-cesar-wilches-mujer-afectada-prefiere-el-anonimato\/embed\/#?secret=6y7yKeamic#?secret=aP3Q6KdSTU\" data-secret=\"aP3Q6KdSTU\" width=\"500\" height=\"282\" frameborder=\"0\" marginwidth=\"0\" marginheight=\"0\" scrolling=\"no\"><\/iframe><\/p>\n<p><iframe loading=\"lazy\" class=\"wp-embedded-content\" title=\"\u00abUsuarios, los damnificados del traslado de Oficina regional de Supersalud de Yopal a Villavicencio\u00bb \u2014 \u25b7 Noticias de Casanare : Martha Cifuentes | Casanare\" src=\"https:\/\/marthacifuentes.com\/portada\/2025\/02\/07\/usuarios-los-damnificados-del-traslado-de-oficina-regional-de-supersalud-de-yopal-a-villavicencio\/embed\/#?secret=SMyxgFrk06#?secret=LIU4Qd2nGE\" width=\"600\" height=\"600\" frameborder=\"0\" marginwidth=\"0\" marginheight=\"0\" scrolling=\"no\" sandbox=\"allow-scripts\" data-secret=\"LIU4Qd2nGE\" data-mce-fragment=\"1\"><\/iframe><\/p>\n<p><iframe loading=\"lazy\" class=\"wp-embedded-content\" title=\"\u00abEsto es lo que ganar\u00e1n contratistas por OPS en Alcald\u00eda de Yopal, seg\u00fan decreto de actualizaci\u00f3n de honorarios.\u00bb \u2014 \u25b7 Noticias de Casanare : Martha Cifuentes | Casanare\" src=\"https:\/\/marthacifuentes.com\/portada\/2025\/02\/06\/esto-es-lo-que-ganaran-contratistas-por-ops-en-alcaldia-de-yopal-segun-decreto-de-actualizacion-de-honorarios\/embed\/#?secret=6YJOkHEMXi#?secret=JiqEnwUWJV\" width=\"600\" height=\"637\" frameborder=\"0\" marginwidth=\"0\" marginheight=\"0\" scrolling=\"no\" sandbox=\"allow-scripts\" data-secret=\"JiqEnwUWJV\" data-mce-fragment=\"1\"><\/iframe><\/p>\n<p><iframe loading=\"lazy\" class=\"wp-embedded-content\" title=\"\u00ab\u201cMe importa un c.\u201d: Personero de Nunch\u00eda denuncia agresi\u00f3n verbal de secretario de la Gobernaci\u00f3n. \u00c9l la niega.\u00bb \u2014 \u25b7 Noticias de Casanare : Martha Cifuentes | Casanare\" src=\"https:\/\/marthacifuentes.com\/portada\/2025\/02\/06\/me-importa-un-c-personero-de-nunchia-denuncia-agresion-verbal-de-secretario-de-la-gobernacion-el-la-niega\/embed\/#?secret=cxbKVIxIDa#?secret=h3wcbACFvu\" width=\"600\" height=\"649\" frameborder=\"0\" marginwidth=\"0\" marginheight=\"0\" scrolling=\"no\" sandbox=\"allow-scripts\" data-secret=\"h3wcbACFvu\" data-mce-fragment=\"1\"><\/iframe><\/p>\n<p><iframe loading=\"lazy\" class=\"wp-embedded-content\" title=\"\u00abCinco personas lesionadas en volcamiento de bus en v\u00eda Tauramena-Aguazul\u00bb \u2014 \u25b7 Noticias de Casanare : Martha Cifuentes | Casanare\" src=\"https:\/\/marthacifuentes.com\/portada\/2025\/02\/04\/cinco-personas-lesionadas-en-volcamiento-de-bus-en-via-tauramena-aguazul\/embed\/#?secret=qnh8VplBcY#?secret=4LY53SubA2\" width=\"600\" height=\"600\" frameborder=\"0\" marginwidth=\"0\" marginheight=\"0\" scrolling=\"no\" sandbox=\"allow-scripts\" data-secret=\"4LY53SubA2\" data-mce-fragment=\"1\"><\/iframe><\/p>\n<p><iframe loading=\"lazy\" class=\"wp-embedded-content\" title=\"\u00abControversia por nuevo sicariato en Yopal: \u00bf\u00bbLimpieza social\u00bb o guerra de bandas criminales?\u00bb \u2014 \u25b7 Noticias de Casanare : Martha Cifuentes | Casanare\" src=\"https:\/\/marthacifuentes.com\/portada\/2025\/02\/03\/controversia-por-nuevo-sicariato-en-yopal-limpieza-social-o-guerra-de-bandas-criminales\/embed\/#?secret=8Uh05Sl1Sq#?secret=gJr65eHBDT\" width=\"600\" height=\"621\" frameborder=\"0\" marginwidth=\"0\" marginheight=\"0\" scrolling=\"no\" sandbox=\"allow-scripts\" data-secret=\"gJr65eHBDT\" data-mce-fragment=\"1\"><\/iframe><\/p>\n<p><iframe loading=\"lazy\" class=\"wp-embedded-content\" title=\"\u00abExporinoquia 2025: La vitrina del crecimiento agroindustrial de Casanare\u00bb \u2014 \u25b7 Noticias de Casanare : Martha Cifuentes | Casanare\" src=\"https:\/\/marthacifuentes.com\/portada\/2025\/01\/31\/exporinoquia-2025-la-vitrina-del-crecimiento-agroindustrial-de-casanare\/embed\/#?secret=p2VLceAjmK#?secret=pLYxUdoDWk\" width=\"600\" height=\"559\" frameborder=\"0\" marginwidth=\"0\" marginheight=\"0\" scrolling=\"no\" sandbox=\"allow-scripts\" data-secret=\"pLYxUdoDWk\" data-mce-fragment=\"1\"><\/iframe><\/p>\n<p><iframe loading=\"lazy\" class=\"wp-embedded-content\" title=\"\u00ab\u00bfPor qu\u00e9 Yopal se une al mural Las cuchas tienen raz\u00f3n?\u00bb \u2014 \u25b7 Noticias de Casanare : Martha Cifuentes | Casanare\" src=\"https:\/\/marthacifuentes.com\/portada\/2025\/01\/30\/por-que-yopal-se-une-al-mural-las-cuchas-tienen-razon\/embed\/#?secret=JcPouaLd9T#?secret=3v0imB4Qxh\" width=\"600\" height=\"621\" frameborder=\"0\" marginwidth=\"0\" marginheight=\"0\" scrolling=\"no\" sandbox=\"allow-scripts\" data-secret=\"3v0imB4Qxh\" data-mce-fragment=\"1\"><\/iframe><\/p>\n<p><iframe loading=\"lazy\" class=\"wp-embedded-content\" title=\"\u00abYopal cansada de inacci\u00f3n de Alcald\u00eda y Polic\u00eda frente a inseguridad que azota a la ciudad. Alcalde se defiende.\u00bb \u2014 \u25b7 Noticias de Casanare : Martha Cifuentes | Casanare\" src=\"https:\/\/marthacifuentes.com\/portada\/2025\/01\/23\/yopal-cansada-de-inaccion-de-alcaldia-y-policia-frente-a-inseguridad-que-azota-a-la-ciudad-alcalde-se-defiende\/embed\/#?secret=CNEj6cYkox#?secret=S1F6kqSIE7\" width=\"600\" height=\"621\" frameborder=\"0\" marginwidth=\"0\" marginheight=\"0\" scrolling=\"no\" sandbox=\"allow-scripts\" data-secret=\"S1F6kqSIE7\" data-mce-fragment=\"1\"><\/iframe><\/p>\n<p><iframe loading=\"lazy\" class=\"wp-embedded-content\" title=\"\u00abExporinoquia 2025: Innovaci\u00f3n y conocimiento en la Primera Feria Agroindustrial de la Orinoqu\u00eda\u00bb \u2014 \u25b7 Noticias de Casanare : Martha Cifuentes | Casanare\" src=\"https:\/\/marthacifuentes.com\/portada\/2025\/01\/20\/exporinoquia-2025-innovacion-y-conocimiento-en-la-primera-feria-agroindustrial-de-la-orinoquia\/embed\/#?secret=LqSTBhTmo5#?secret=6epG8cAdTx\" width=\"600\" height=\"609\" frameborder=\"0\" marginwidth=\"0\" marginheight=\"0\" scrolling=\"no\" sandbox=\"allow-scripts\" data-secret=\"6epG8cAdTx\" data-mce-fragment=\"1\"><\/iframe><\/p>\n<p><iframe loading=\"lazy\" class=\"wp-embedded-content\" title=\"\u00abMarco Tulio Ruiz en firme en su cargo de alcalde de Yopal. Demandantes se durmieron, seg\u00fan Tribunal.\u00a0\u00bb \u2014 \u25b7 Noticias de Casanare : Martha Cifuentes | Casanare\" src=\"https:\/\/marthacifuentes.com\/portada\/2025\/01\/16\/marco-tulio-ruiz-en-firme-en-su-cargo-de-alcalde-de-yopal-demandantes-se-durmieron-segun-tribunal\/embed\/#?secret=z1VuWDinmC#?secret=3doPqsa4FN\" width=\"600\" height=\"621\" frameborder=\"0\" marginwidth=\"0\" marginheight=\"0\" scrolling=\"no\" sandbox=\"allow-scripts\" data-secret=\"3doPqsa4FN\" data-mce-fragment=\"1\"><\/iframe><\/p>\n<p><iframe loading=\"lazy\" class=\"wp-embedded-content\" title=\"\u00abFuturo ambiental de la Orinoquia de la mano de alcaldes y gobernadores de la regi\u00f3n\u00a0\u00bb \u2014 \u25b7 Noticias de Casanare : Martha Cifuentes | Casanare\" src=\"https:\/\/marthacifuentes.com\/portada\/2025\/01\/14\/futuro-ambiental-de-la-orinoquia-de-la-mano-de-alcaldes-y-gobernadores-de-la-region\/embed\/#?secret=hpIDCmRuHa#?secret=5BVCtBALOb\" width=\"600\" height=\"621\" frameborder=\"0\" marginwidth=\"0\" marginheight=\"0\" scrolling=\"no\" sandbox=\"allow-scripts\" data-secret=\"5BVCtBALOb\" data-mce-fragment=\"1\"><\/iframe><\/p>\n<p><iframe loading=\"lazy\" class=\"wp-embedded-content\" title=\"\u00abV\u00edctimas de falsos positivos en Casanare lideran, en coordinaci\u00f3n con la JEP, propuestas de reparaci\u00f3n y memoria para sanar heridas del conflicto\u00a0\u00bb \u2014 \u25b7 Noticias de Casanare : Martha Cifuentes | Casanare\" src=\"https:\/\/marthacifuentes.com\/portada\/2025\/01\/14\/victimas-de-falsos-positivos-en-casanare-lideran-en-coordinacion-con-la-jep-propuestas-de-reparacion-y-memoria-para-sanar-heridas-del-conflicto\/embed\/#?secret=oK0Eu78je1#?secret=sp9wMwU7ub\" width=\"600\" height=\"649\" frameborder=\"0\" marginwidth=\"0\" marginheight=\"0\" scrolling=\"no\" sandbox=\"allow-scripts\" data-secret=\"sp9wMwU7ub\" data-mce-fragment=\"1\"><\/iframe><\/p>\n<p><iframe loading=\"lazy\" class=\"wp-embedded-content\" title=\"\u00abCon instrumentos musicales y trajes t\u00edpicos Gobernaci\u00f3n dot\u00f3 casa de cultura de Monterrey\u00bb \u2014 \u25b7 Noticias de Casanare : Martha Cifuentes | Casanare\" src=\"https:\/\/marthacifuentes.com\/portada\/2025\/01\/13\/con-instrumentos-musicales-y-trajes-tipicos-gobernacion-doto-casa-de-cultura-de-monterrey\/embed\/#?secret=WjW0sqUtEN#?secret=4JCGeuq6IP\" width=\"600\" height=\"621\" frameborder=\"0\" marginwidth=\"0\" marginheight=\"0\" scrolling=\"no\" sandbox=\"allow-scripts\" data-secret=\"4JCGeuq6IP\" data-mce-fragment=\"1\"><\/iframe><\/p>\n<p><iframe loading=\"lazy\" class=\"wp-embedded-content\" title=\"\u00abCasanare 2025: Gobernaci\u00f3n implementa Plan de Recuperaci\u00f3n Vial y Obras de Protecci\u00f3n 2.0\u00a0\u00bb \u2014 \u25b7 Noticias de Casanare : Martha Cifuentes | Casanare\" src=\"https:\/\/marthacifuentes.com\/portada\/2025\/01\/13\/casanare-2025-gobernacion-implementa-plan-de-recuperacion-vial-y-obras-de-proteccion-2-0\/embed\/#?secret=jFJkMyZgIK#?secret=49ZxzqCYnq\" width=\"600\" height=\"584\" frameborder=\"0\" marginwidth=\"0\" marginheight=\"0\" scrolling=\"no\" sandbox=\"allow-scripts\" data-secret=\"49ZxzqCYnq\" data-mce-fragment=\"1\"><\/iframe><\/p>\n<p><iframe loading=\"lazy\" class=\"wp-embedded-content\" title=\"\u00abResultados de Auditor\u00eda de revisi\u00f3n y fenecimiento de la cuenta fiscal durante 2024 de la Contralor\u00eda de Casanare\u00bb \u2014 \u25b7 Noticias de Casanare : Martha Cifuentes | Casanare\" src=\"https:\/\/marthacifuentes.com\/portada\/2024\/12\/28\/resultados-de-auditoria-de-revision-y-fenecimiento-de-la-cuenta-fiscal-durante-2024-de-la-contraloria-de-casanare\/embed\/#?secret=nAHR9iWY07#?secret=CxT6VRSad1\" width=\"600\" height=\"649\" frameborder=\"0\" marginwidth=\"0\" marginheight=\"0\" scrolling=\"no\" sandbox=\"allow-scripts\" data-secret=\"CxT6VRSad1\" data-mce-fragment=\"1\"><\/iframe><\/p>\n<p><iframe loading=\"lazy\" class=\"wp-embedded-content\" title=\"\u00abResultados de la Contralor\u00eda de Casanare en 2024: Fortalecimiento del Control Social y Participaci\u00f3n Ciudadana\u00bb \u2014 \u25b7 Noticias de Casanare : Martha Cifuentes | Casanare\" src=\"https:\/\/marthacifuentes.com\/portada\/2024\/12\/28\/resultados-de-la-contraloria-de-casanare-en-2024-fortalecimiento-del-control-social-y-participacion-ciudadana\/embed\/#?secret=0D4creK0AE#?secret=bHYirNnv1D\" width=\"600\" height=\"649\" frameborder=\"0\" marginwidth=\"0\" marginheight=\"0\" scrolling=\"no\" sandbox=\"allow-scripts\" data-secret=\"bHYirNnv1D\" data-mce-fragment=\"1\"><\/iframe><\/p>\n<p><iframe loading=\"lazy\" class=\"wp-embedded-content\" title=\"\u00ab\u26a0\ufe0f El Peligro de las Redes Sociales: Protege tu Privacidad en L\u00ednea con Estos Consejos Esenciales \ud83d\udd12\ud83d\udcf1\u00bb \u2014 \u25b7 Noticias de Casanare : Martha Cifuentes | Casanare\" src=\"https:\/\/marthacifuentes.com\/portada\/2024\/12\/27\/%e2%9a%a0%ef%b8%8f-el-peligro-de-las-redes-sociales-protege-tu-privacidad-en-linea-con-estos-consejos-esenciales-%f0%9f%94%92%f0%9f%93%b1\/embed\/#?secret=oZMGm7p5Ib#?secret=vdIhyAwN1B\" width=\"600\" height=\"621\" frameborder=\"0\" marginwidth=\"0\" marginheight=\"0\" scrolling=\"no\" sandbox=\"allow-scripts\" data-secret=\"vdIhyAwN1B\" data-mce-fragment=\"1\"><\/iframe><\/p>\n<p><iframe loading=\"lazy\" class=\"wp-embedded-content\" title=\"\u00ab\ud83d\udd10 **5 Consejos Claves para Proteger tu WhatsApp y Evitar Hackeos** \ud83d\udcf2\ud83d\udca1\u00bb \u2014 \u25b7 Noticias de Casanare : Martha Cifuentes | Casanare\" src=\"https:\/\/marthacifuentes.com\/portada\/2024\/12\/27\/%f0%9f%94%90-5-consejos-claves-para-proteger-tu-whatsapp-y-evitar-hackeos-%f0%9f%93%b2%f0%9f%92%a1\/embed\/#?secret=1TkTW6B7dU#?secret=Qipj1p5UEK\" width=\"600\" height=\"621\" frameborder=\"0\" marginwidth=\"0\" marginheight=\"0\" scrolling=\"no\" sandbox=\"allow-scripts\" data-secret=\"Qipj1p5UEK\" data-mce-fragment=\"1\"><\/iframe><\/p>\n<p><iframe loading=\"lazy\" class=\"wp-embedded-content\" title=\"\u00ab\ud83d\udca1 5 Trucos de WhatsApp que No Sab\u00edas que Exist\u00edan (\u00a1Y Son S\u00faper \u00datiles!) \ud83d\udcf2\u00bb \u2014 \u25b7 Noticias de Casanare : Martha Cifuentes | Casanare\" src=\"https:\/\/marthacifuentes.com\/portada\/2024\/12\/27\/%f0%9f%92%a1-5-trucos-de-whatsapp-que-no-sabias-que-existian-y-son-super-utiles-%f0%9f%93%b2\/embed\/#?secret=W9wxfwVsdc#?secret=GnCEzSEg5v\" width=\"600\" height=\"621\" frameborder=\"0\" marginwidth=\"0\" marginheight=\"0\" scrolling=\"no\" sandbox=\"allow-scripts\" data-secret=\"GnCEzSEg5v\" data-mce-fragment=\"1\"><\/iframe><\/p>\n<p><iframe loading=\"lazy\" class=\"wp-embedded-content\" title=\"\u00abFundaci\u00f3n Escuela Nueva y GeoPark, aliados para fortalecer la educaci\u00f3n rural en Tauramena\u00bb \u2014 \u25b7 Noticias de Casanare : Martha Cifuentes | Casanare\" src=\"https:\/\/marthacifuentes.com\/portada\/2024\/12\/18\/fundacion-escuela-nueva-y-geopark-aliados-para-fortalecer-la-educacion-rural-en-tauramena\/embed\/#?secret=GXQAgQwVJo#?secret=Q9sFSw6WHs\" width=\"600\" height=\"606\" frameborder=\"0\" marginwidth=\"0\" marginheight=\"0\" scrolling=\"no\" sandbox=\"allow-scripts\" data-secret=\"Q9sFSw6WHs\" data-mce-fragment=\"1\"><\/iframe><\/p>\n<p><iframe loading=\"lazy\" class=\"wp-embedded-content\" title=\"\u00ab\u00ab2025 ser\u00e1 el a\u00f1o de transformar Aguazul con grandes obras\u00bb: Nelson Camacho\u00bb \u2014 \u25b7 Noticias de Casanare : Martha Cifuentes | Casanare\" src=\"https:\/\/marthacifuentes.com\/portada\/2024\/12\/18\/2025-sera-el-ano-de-transformar-aguazul-con-grandes-obras-nelson-camacho\/embed\/#?secret=zPW9y3Ntnv#?secret=irekcsHhjf\" width=\"600\" height=\"620\" frameborder=\"0\" marginwidth=\"0\" marginheight=\"0\" scrolling=\"no\" sandbox=\"allow-scripts\" data-secret=\"irekcsHhjf\" data-mce-fragment=\"1\"><\/iframe><\/p>\n<p><iframe loading=\"lazy\" class=\"wp-embedded-content\" title=\"\u00ab600 tortugas liberadas en Paz de Ariporo\u00bb \u2014 \u25b7 Noticias de Casanare : Martha Cifuentes | Casanare\" src=\"https:\/\/marthacifuentes.com\/portada\/2024\/12\/16\/600-tortugas-liberadas-en-paz-de-ariporo\/embed\/#?secret=oNryKb9IKt#?secret=IbE3FEIMlr\" width=\"600\" height=\"592\" frameborder=\"0\" marginwidth=\"0\" marginheight=\"0\" scrolling=\"no\" sandbox=\"allow-scripts\" data-secret=\"IbE3FEIMlr\" data-mce-fragment=\"1\"><\/iframe><\/p>\n<p>&nbsp;<\/p>\n","protected":false},"excerpt":{"rendered":"<p>Mesa de articulaci\u00f3n entre la JEP, las v\u00edctimas, la Gobernaci\u00f3n de Casanare y la Alcald\u00eda de Yopal para concertar las propuestas de proyectos restaurativos para las sanciones de los graves cr\u00edmenes que se cometieron durante el conflicto armado en Casanare, especialmente las ejecuciones extrajudiciales, fue instalada ayer 10 de febrero. En esta mesa, liderada por &hellip;<\/p>\n","protected":false},"author":2,"featured_media":34653,"comment_status":"open","ping_status":"open","sticky":false,"template":"","format":"standard","meta":{"om_disable_all_campaigns":false,"_exactmetrics_skip_tracking":false,"_exactmetrics_sitenote_active":false,"_exactmetrics_sitenote_note":"","_exactmetrics_sitenote_category":0,"_monsterinsights_skip_tracking":false,"_monsterinsights_sitenote_active":false,"_monsterinsights_sitenote_note":"","_monsterinsights_sitenote_category":0,"_uf_show_specific_survey":0,"_uf_disable_surveys":false,"_joinchat":[],"footnotes":""},"categories":[147,146,145],"tags":[252,187,1187,11665,11664,1400,1421,11666],"class_list":["post-34652","post","type-post","status-publish","format-standard","has-post-thumbnail","hentry","category-actualidad","category-noticias","category-reportajes","tag-alcaldia-de-yopal","tag-gobernacion-de-casanare","tag-jep","tag-magistrado-oscar-parra","tag-mesa-restaurativa-victimas-de-falsos-positivos","tag-noticias-casanare","tag-noticias-yopal","tag-subcaso-casanare-del-caso-03"],"yoast_head":"<!-- This site is optimized with the Yoast SEO plugin v26.1 - https:\/\/yoast.com\/wordpress\/plugins\/seo\/ -->\n<title>V\u00edctimas de falsos positivos tendr\u00e1n proyectos restaurativos en Casanare. \u00a0Creada mesa de la JEP, Gobernaci\u00f3n y Alcald\u00eda de Yopal. - \u25b7 Noticias de Casanare : Martha Cifuentes | Casanare<\/title>\n<meta name=\"robots\" content=\"index, follow, max-snippet:-1, max-image-preview:large, max-video-preview:-1\" \/>\n<link rel=\"canonical\" href=\"https:\/\/marthacifuentes.com\/portada\/victimas-de-falsos-positivos-tendran-proyectos-restaurativos-en-casanare-creada-mesa-de-la-jep-gobernacion-y-alcaldia-de-yopal\/\" \/>\n<meta property=\"og:locale\" content=\"es_ES\" \/>\n<meta property=\"og:type\" content=\"article\" \/>\n<meta property=\"og:title\" content=\"V\u00edctimas de falsos positivos tendr\u00e1n proyectos restaurativos en Casanare. \u00a0Creada mesa de la JEP, Gobernaci\u00f3n y Alcald\u00eda de Yopal. - \u25b7 Noticias de Casanare : Martha Cifuentes | Casanare\" \/>\n<meta property=\"og:description\" content=\"Mesa de articulaci\u00f3n entre la JEP, las v\u00edctimas, la Gobernaci\u00f3n de Casanare y la Alcald\u00eda de Yopal para concertar las propuestas de proyectos restaurativos para las sanciones de los graves cr\u00edmenes que se cometieron durante el conflicto armado en Casanare, especialmente las ejecuciones extrajudiciales, fue instalada ayer 10 de febrero. En esta mesa, liderada por &hellip;\" \/>\n<meta property=\"og:url\" content=\"https:\/\/marthacifuentes.com\/portada\/victimas-de-falsos-positivos-tendran-proyectos-restaurativos-en-casanare-creada-mesa-de-la-jep-gobernacion-y-alcaldia-de-yopal\/\" \/>\n<meta property=\"og:site_name\" content=\"\u25b7 Noticias de Casanare : Martha Cifuentes | Casanare\" \/>\n<meta property=\"article:published_time\" content=\"2025-02-11T16:14:44+00:00\" \/>\n<meta property=\"og:image\" content=\"https:\/\/marthacifuentes.com\/portada\/wp-content\/uploads\/2025\/02\/mesa-restaurativa.jpg\" \/>\n\t<meta property=\"og:image:width\" content=\"1600\" \/>\n\t<meta property=\"og:image:height\" content=\"1066\" \/>\n\t<meta property=\"og:image:type\" content=\"image\/jpeg\" \/>\n<meta name=\"author\" content=\"Martha Cifuentes\" \/>\n<meta name=\"twitter:card\" content=\"summary_large_image\" \/>\n<meta name=\"twitter:label1\" content=\"Escrito por\" \/>\n\t<meta name=\"twitter:data1\" content=\"Martha Cifuentes\" \/>\n\t<meta name=\"twitter:label2\" content=\"Tiempo de lectura\" \/>\n\t<meta name=\"twitter:data2\" content=\"2 minutos\" \/>\n<script type=\"application\/ld+json\" class=\"yoast-schema-graph\">{\"@context\":\"https:\/\/schema.org\",\"@graph\":[{\"@type\":\"WebPage\",\"@id\":\"https:\/\/marthacifuentes.com\/portada\/victimas-de-falsos-positivos-tendran-proyectos-restaurativos-en-casanare-creada-mesa-de-la-jep-gobernacion-y-alcaldia-de-yopal\/\",\"url\":\"https:\/\/marthacifuentes.com\/portada\/victimas-de-falsos-positivos-tendran-proyectos-restaurativos-en-casanare-creada-mesa-de-la-jep-gobernacion-y-alcaldia-de-yopal\/\",\"name\":\"V\u00edctimas de falsos positivos tendr\u00e1n proyectos restaurativos en Casanare. \u00a0Creada mesa de la JEP, Gobernaci\u00f3n y Alcald\u00eda de Yopal. - \u25b7 Noticias de Casanare : Martha Cifuentes | Casanare\",\"isPartOf\":{\"@id\":\"https:\/\/marthacifuentes.com\/portada\/#website\"},\"primaryImageOfPage\":{\"@id\":\"https:\/\/marthacifuentes.com\/portada\/victimas-de-falsos-positivos-tendran-proyectos-restaurativos-en-casanare-creada-mesa-de-la-jep-gobernacion-y-alcaldia-de-yopal\/#primaryimage\"},\"image\":{\"@id\":\"https:\/\/marthacifuentes.com\/portada\/victimas-de-falsos-positivos-tendran-proyectos-restaurativos-en-casanare-creada-mesa-de-la-jep-gobernacion-y-alcaldia-de-yopal\/#primaryimage\"},\"thumbnailUrl\":\"https:\/\/marthacifuentes.com\/portada\/wp-content\/uploads\/2025\/02\/mesa-restaurativa.jpg\",\"datePublished\":\"2025-02-11T16:14:44+00:00\",\"author\":{\"@id\":\"https:\/\/marthacifuentes.com\/portada\/#\/schema\/person\/57f53174b991db5f90ff78d58502b714\"},\"breadcrumb\":{\"@id\":\"https:\/\/marthacifuentes.com\/portada\/victimas-de-falsos-positivos-tendran-proyectos-restaurativos-en-casanare-creada-mesa-de-la-jep-gobernacion-y-alcaldia-de-yopal\/#breadcrumb\"},\"inLanguage\":\"es\",\"potentialAction\":[{\"@type\":\"ReadAction\",\"target\":[\"https:\/\/marthacifuentes.com\/portada\/victimas-de-falsos-positivos-tendran-proyectos-restaurativos-en-casanare-creada-mesa-de-la-jep-gobernacion-y-alcaldia-de-yopal\/\"]}]},{\"@type\":\"ImageObject\",\"inLanguage\":\"es\",\"@id\":\"https:\/\/marthacifuentes.com\/portada\/victimas-de-falsos-positivos-tendran-proyectos-restaurativos-en-casanare-creada-mesa-de-la-jep-gobernacion-y-alcaldia-de-yopal\/#primaryimage\",\"url\":\"https:\/\/marthacifuentes.com\/portada\/wp-content\/uploads\/2025\/02\/mesa-restaurativa.jpg\",\"contentUrl\":\"https:\/\/marthacifuentes.com\/portada\/wp-content\/uploads\/2025\/02\/mesa-restaurativa.jpg\",\"width\":1600,\"height\":1066},{\"@type\":\"BreadcrumbList\",\"@id\":\"https:\/\/marthacifuentes.com\/portada\/victimas-de-falsos-positivos-tendran-proyectos-restaurativos-en-casanare-creada-mesa-de-la-jep-gobernacion-y-alcaldia-de-yopal\/#breadcrumb\",\"itemListElement\":[{\"@type\":\"ListItem\",\"position\":1,\"name\":\"Portada\",\"item\":\"https:\/\/marthacifuentes.com\/portada\/\"},{\"@type\":\"ListItem\",\"position\":2,\"name\":\"V\u00edctimas de falsos positivos tendr\u00e1n proyectos restaurativos en Casanare. \u00a0Creada mesa de la JEP, Gobernaci\u00f3n y Alcald\u00eda de Yopal.\"}]},{\"@type\":\"WebSite\",\"@id\":\"https:\/\/marthacifuentes.com\/portada\/#website\",\"url\":\"https:\/\/marthacifuentes.com\/portada\/\",\"name\":\"\u25b7 Noticias de Casanare : Martha Cifuentes | Casanare\",\"description\":\"Noticias &amp; Contenidos\",\"potentialAction\":[{\"@type\":\"SearchAction\",\"target\":{\"@type\":\"EntryPoint\",\"urlTemplate\":\"https:\/\/marthacifuentes.com\/portada\/?s={search_term_string}\"},\"query-input\":{\"@type\":\"PropertyValueSpecification\",\"valueRequired\":true,\"valueName\":\"search_term_string\"}}],\"inLanguage\":\"es\"},{\"@type\":\"Person\",\"@id\":\"https:\/\/marthacifuentes.com\/portada\/#\/schema\/person\/57f53174b991db5f90ff78d58502b714\",\"name\":\"Martha Cifuentes\",\"image\":{\"@type\":\"ImageObject\",\"inLanguage\":\"es\",\"@id\":\"https:\/\/marthacifuentes.com\/portada\/#\/schema\/person\/image\/\",\"url\":\"http:\/\/marthacifuentes.com\/portada\/wp-content\/uploads\/2018\/06\/avatar_user_2_1528838701-96x96.jpg\",\"contentUrl\":\"http:\/\/marthacifuentes.com\/portada\/wp-content\/uploads\/2018\/06\/avatar_user_2_1528838701-96x96.jpg\",\"caption\":\"Martha Cifuentes\"},\"sameAs\":[\"http:\/\/www.marthacifuentes.com\"],\"url\":\"https:\/\/marthacifuentes.com\/portada\/author\/martha\/\"}]}<\/script>\n<!-- \/ Yoast SEO plugin. -->","yoast_head_json":{"title":"V\u00edctimas de falsos positivos tendr\u00e1n proyectos restaurativos en Casanare. \u00a0Creada mesa de la JEP, Gobernaci\u00f3n y Alcald\u00eda de Yopal. - \u25b7 Noticias de Casanare : Martha Cifuentes | Casanare","robots":{"index":"index","follow":"follow","max-snippet":"max-snippet:-1","max-image-preview":"max-image-preview:large","max-video-preview":"max-video-preview:-1"},"canonical":"https:\/\/marthacifuentes.com\/portada\/victimas-de-falsos-positivos-tendran-proyectos-restaurativos-en-casanare-creada-mesa-de-la-jep-gobernacion-y-alcaldia-de-yopal\/","og_locale":"es_ES","og_type":"article","og_title":"V\u00edctimas de falsos positivos tendr\u00e1n proyectos restaurativos en Casanare. \u00a0Creada mesa de la JEP, Gobernaci\u00f3n y Alcald\u00eda de Yopal. - \u25b7 Noticias de Casanare : Martha Cifuentes | Casanare","og_description":"Mesa de articulaci\u00f3n entre la JEP, las v\u00edctimas, la Gobernaci\u00f3n de Casanare y la Alcald\u00eda de Yopal para concertar las propuestas de proyectos restaurativos para las sanciones de los graves cr\u00edmenes que se cometieron durante el conflicto armado en Casanare, especialmente las ejecuciones extrajudiciales, fue instalada ayer 10 de febrero. En esta mesa, liderada por &hellip;","og_url":"https:\/\/marthacifuentes.com\/portada\/victimas-de-falsos-positivos-tendran-proyectos-restaurativos-en-casanare-creada-mesa-de-la-jep-gobernacion-y-alcaldia-de-yopal\/","og_site_name":"\u25b7 Noticias de Casanare : Martha Cifuentes | Casanare","article_published_time":"2025-02-11T16:14:44+00:00","og_image":[{"width":1600,"height":1066,"url":"https:\/\/marthacifuentes.com\/portada\/wp-content\/uploads\/2025\/02\/mesa-restaurativa.jpg","type":"image\/jpeg"}],"author":"Martha Cifuentes","twitter_card":"summary_large_image","twitter_misc":{"Escrito por":"Martha Cifuentes","Tiempo de lectura":"2 minutos"},"schema":{"@context":"https:\/\/schema.org","@graph":[{"@type":"WebPage","@id":"https:\/\/marthacifuentes.com\/portada\/victimas-de-falsos-positivos-tendran-proyectos-restaurativos-en-casanare-creada-mesa-de-la-jep-gobernacion-y-alcaldia-de-yopal\/","url":"https:\/\/marthacifuentes.com\/portada\/victimas-de-falsos-positivos-tendran-proyectos-restaurativos-en-casanare-creada-mesa-de-la-jep-gobernacion-y-alcaldia-de-yopal\/","name":"V\u00edctimas de falsos positivos tendr\u00e1n proyectos restaurativos en Casanare. \u00a0Creada mesa de la JEP, Gobernaci\u00f3n y Alcald\u00eda de Yopal. - \u25b7 Noticias de Casanare : Martha Cifuentes | Casanare","isPartOf":{"@id":"https:\/\/marthacifuentes.com\/portada\/#website"},"primaryImageOfPage":{"@id":"https:\/\/marthacifuentes.com\/portada\/victimas-de-falsos-positivos-tendran-proyectos-restaurativos-en-casanare-creada-mesa-de-la-jep-gobernacion-y-alcaldia-de-yopal\/#primaryimage"},"image":{"@id":"https:\/\/marthacifuentes.com\/portada\/victimas-de-falsos-positivos-tendran-proyectos-restaurativos-en-casanare-creada-mesa-de-la-jep-gobernacion-y-alcaldia-de-yopal\/#primaryimage"},"thumbnailUrl":"https:\/\/marthacifuentes.com\/portada\/wp-content\/uploads\/2025\/02\/mesa-restaurativa.jpg","datePublished":"2025-02-11T16:14:44+00:00","author":{"@id":"https:\/\/marthacifuentes.com\/portada\/#\/schema\/person\/57f53174b991db5f90ff78d58502b714"},"breadcrumb":{"@id":"https:\/\/marthacifuentes.com\/portada\/victimas-de-falsos-positivos-tendran-proyectos-restaurativos-en-casanare-creada-mesa-de-la-jep-gobernacion-y-alcaldia-de-yopal\/#breadcrumb"},"inLanguage":"es","potentialAction":[{"@type":"ReadAction","target":["https:\/\/marthacifuentes.com\/portada\/victimas-de-falsos-positivos-tendran-proyectos-restaurativos-en-casanare-creada-mesa-de-la-jep-gobernacion-y-alcaldia-de-yopal\/"]}]},{"@type":"ImageObject","inLanguage":"es","@id":"https:\/\/marthacifuentes.com\/portada\/victimas-de-falsos-positivos-tendran-proyectos-restaurativos-en-casanare-creada-mesa-de-la-jep-gobernacion-y-alcaldia-de-yopal\/#primaryimage","url":"https:\/\/marthacifuentes.com\/portada\/wp-content\/uploads\/2025\/02\/mesa-restaurativa.jpg","contentUrl":"https:\/\/marthacifuentes.com\/portada\/wp-content\/uploads\/2025\/02\/mesa-restaurativa.jpg","width":1600,"height":1066},{"@type":"BreadcrumbList","@id":"https:\/\/marthacifuentes.com\/portada\/victimas-de-falsos-positivos-tendran-proyectos-restaurativos-en-casanare-creada-mesa-de-la-jep-gobernacion-y-alcaldia-de-yopal\/#breadcrumb","itemListElement":[{"@type":"ListItem","position":1,"name":"Portada","item":"https:\/\/marthacifuentes.com\/portada\/"},{"@type":"ListItem","position":2,"name":"V\u00edctimas de falsos positivos tendr\u00e1n proyectos restaurativos en Casanare. \u00a0Creada mesa de la JEP, Gobernaci\u00f3n y Alcald\u00eda de Yopal."}]},{"@type":"WebSite","@id":"https:\/\/marthacifuentes.com\/portada\/#website","url":"https:\/\/marthacifuentes.com\/portada\/","name":"\u25b7 Noticias de Casanare : Martha Cifuentes | Casanare","description":"Noticias &amp; Contenidos","potentialAction":[{"@type":"SearchAction","target":{"@type":"EntryPoint","urlTemplate":"https:\/\/marthacifuentes.com\/portada\/?s={search_term_string}"},"query-input":{"@type":"PropertyValueSpecification","valueRequired":true,"valueName":"search_term_string"}}],"inLanguage":"es"},{"@type":"Person","@id":"https:\/\/marthacifuentes.com\/portada\/#\/schema\/person\/57f53174b991db5f90ff78d58502b714","name":"Martha Cifuentes","image":{"@type":"ImageObject","inLanguage":"es","@id":"https:\/\/marthacifuentes.com\/portada\/#\/schema\/person\/image\/","url":"http:\/\/marthacifuentes.com\/portada\/wp-content\/uploads\/2018\/06\/avatar_user_2_1528838701-96x96.jpg","contentUrl":"http:\/\/marthacifuentes.com\/portada\/wp-content\/uploads\/2018\/06\/avatar_user_2_1528838701-96x96.jpg","caption":"Martha Cifuentes"},"sameAs":["http:\/\/www.marthacifuentes.com"],"url":"https:\/\/marthacifuentes.com\/portada\/author\/martha\/"}]}},"_links":{"self":[{"href":"https:\/\/marthacifuentes.com\/portada\/wp-json\/wp\/v2\/posts\/34652","targetHints":{"allow":["GET"]}}],"collection":[{"href":"https:\/\/marthacifuentes.com\/portada\/wp-json\/wp\/v2\/posts"}],"about":[{"href":"https:\/\/marthacifuentes.com\/portada\/wp-json\/wp\/v2\/types\/post"}],"author":[{"embeddable":true,"href":"https:\/\/marthacifuentes.com\/portada\/wp-json\/wp\/v2\/users\/2"}],"replies":[{"embeddable":true,"href":"https:\/\/marthacifuentes.com\/portada\/wp-json\/wp\/v2\/comments?post=34652"}],"version-history":[{"count":1,"href":"https:\/\/marthacifuentes.com\/portada\/wp-json\/wp\/v2\/posts\/34652\/revisions"}],"predecessor-version":[{"id":34655,"href":"https:\/\/marthacifuentes.com\/portada\/wp-json\/wp\/v2\/posts\/34652\/revisions\/34655"}],"wp:featuredmedia":[{"embeddable":true,"href":"https:\/\/marthacifuentes.com\/portada\/wp-json\/wp\/v2\/media\/34653"}],"wp:attachment":[{"href":"https:\/\/marthacifuentes.com\/portada\/wp-json\/wp\/v2\/media?parent=34652"}],"wp:term":[{"taxonomy":"category","embeddable":true,"href":"https:\/\/marthacifuentes.com\/portada\/wp-json\/wp\/v2\/categories?post=34652"},{"taxonomy":"post_tag","embeddable":true,"href":"https:\/\/marthacifuentes.com\/portada\/wp-json\/wp\/v2\/tags?post=34652"}],"curies":[{"name":"wp","href":"https:\/\/api.w.org\/{rel}","templated":true}]}}