{"id":34700,"date":"2025-03-03T17:03:25","date_gmt":"2025-03-03T22:03:25","guid":{"rendered":"https:\/\/marthacifuentes.com\/portada\/?p=34700"},"modified":"2025-03-03T17:04:58","modified_gmt":"2025-03-03T22:04:58","slug":"el-predial-le-paso-factura-y-pago-caro-renuncio-secretario-de-hacienda-de-yopal","status":"publish","type":"post","link":"https:\/\/marthacifuentes.com\/portada\/el-predial-le-paso-factura-y-pago-caro-renuncio-secretario-de-hacienda-de-yopal\/","title":{"rendered":"El predial le pas\u00f3 factura y pag\u00f3 caro: Renunci\u00f3 secretario de Hacienda de Yopal"},"content":{"rendered":"<p>Como consecuencia de la crisis generada en la Alcald\u00eda Municipal de Yopal por las protestas de la ciudadan\u00eda ante los onerosos cobros del impuesto predial 2025, renunci\u00f3, sin sentimientos de culpa, el secretario de Hacienda, Mauricio Moreno. Afirm\u00f3 que su actuar fue recto y con temor de Dios.<\/p>\n<p>Aunque en el encabezado de la carta de dimisi\u00f3n, presentada hoy, se manifiesta que esta es de car\u00e1cter irrevocable a partir de ma\u00f1ana 4 de marzo, el funcionario, en forma confusa, dej\u00f3 la puerta abierta, de replantear su decisi\u00f3n.<\/p>\n<p>Textualmente expres\u00f3: \u201cSi mi permanencia en el cargo se llegara a interpretar, de cualquier forma, como un obst\u00e1culo para resolver los retos que tenemos con la gesti\u00f3n catastral y el recaudo del impuesto predial -que son, como sabemos, vitales para las finanzas de Yopal-, reconsiderar\u00eda mi decisi\u00f3n sin dudarlo\u201d.<\/p>\n<p>Al parecer lo que quiso decir el cuestionado secretario, es que, si la permanencia en el cargo NO se llegara a interpretar como un obst\u00e1culo para resolver la situaci\u00f3n, reconsiderar\u00eda su decisi\u00f3n.<\/p>\n<p>Agreg\u00f3 que \u201cSi mi salida temporal o definitiva, ayuda a superar estos desaf\u00edos y asegurar la transparencia en estos procesos, la acepto con total responsabilidad\u201d.<\/p>\n<p><img loading=\"lazy\" decoding=\"async\" class=\"alignnone wp-image-34702\" src=\"https:\/\/marthacifuentes.com\/portada\/wp-content\/uploads\/2025\/03\/renuncia-mauricio-moreno-1-756x1024.jpg\" alt=\"\" width=\"372\" height=\"504\" srcset=\"https:\/\/marthacifuentes.com\/portada\/wp-content\/uploads\/2025\/03\/renuncia-mauricio-moreno-1-756x1024.jpg 756w, https:\/\/marthacifuentes.com\/portada\/wp-content\/uploads\/2025\/03\/renuncia-mauricio-moreno-1-221x300.jpg 221w, https:\/\/marthacifuentes.com\/portada\/wp-content\/uploads\/2025\/03\/renuncia-mauricio-moreno-1-768x1041.jpg 768w, https:\/\/marthacifuentes.com\/portada\/wp-content\/uploads\/2025\/03\/renuncia-mauricio-moreno-1-1134x1536.jpg 1134w, https:\/\/marthacifuentes.com\/portada\/wp-content\/uploads\/2025\/03\/renuncia-mauricio-moreno-1.jpg 1180w\" sizes=\"auto, (max-width: 372px) 100vw, 372px\" \/>\u00a0 <img loading=\"lazy\" decoding=\"async\" class=\"alignnone wp-image-34703\" src=\"https:\/\/marthacifuentes.com\/portada\/wp-content\/uploads\/2025\/03\/renuncia-mauricio-moreno-2-828x1024.jpg\" alt=\"\" width=\"403\" height=\"498\" srcset=\"https:\/\/marthacifuentes.com\/portada\/wp-content\/uploads\/2025\/03\/renuncia-mauricio-moreno-2-828x1024.jpg 828w, https:\/\/marthacifuentes.com\/portada\/wp-content\/uploads\/2025\/03\/renuncia-mauricio-moreno-2-243x300.jpg 243w, https:\/\/marthacifuentes.com\/portada\/wp-content\/uploads\/2025\/03\/renuncia-mauricio-moreno-2-768x950.jpg 768w, https:\/\/marthacifuentes.com\/portada\/wp-content\/uploads\/2025\/03\/renuncia-mauricio-moreno-2-1242x1536.jpg 1242w, https:\/\/marthacifuentes.com\/portada\/wp-content\/uploads\/2025\/03\/renuncia-mauricio-moreno-2.jpg 1293w\" sizes=\"auto, (max-width: 403px) 100vw, 403px\" \/><\/p>\n<h4><strong>Secretario dice que responder\u00e1 por su gesti\u00f3n<\/strong><\/h4>\n<p>Moreno expres\u00f3 que est\u00e1 dispuesto a responder en cualquier auditor\u00eda, investigaci\u00f3n o requerimiento relacionado con su gesti\u00f3n, aunque no precis\u00f3 qu\u00e9 rol desempe\u00f1\u00f3 en la contrataci\u00f3n de la empresa gestora catastral CATASIG SAS EICE.<\/p>\n<p>De esto se conoce que \u00e9l, en calidad de secretario de Hacienda del gobierno de Luis Eduardo Castro, realiz\u00f3 la invitaci\u00f3n en 2022 para que esta firma hiciera oferta de servicios.<\/p>\n<p>Para esa fecha, la mencionada y cuestionada empresa solo ten\u00eda 6 meses de haber sido creada como gestora catastral por la alcald\u00eda de Sabanalarga, Atl\u00e1ntico. A la postre fue contratada en 2023, en las postrimer\u00edas del gobierno de Castro y sus resultados en la actualizaci\u00f3n catastral han sido objeto de repudio generalizado.<\/p>\n<p>&nbsp;<\/p>\n<h4><strong>Cifras<\/strong><\/h4>\n<p>Seg\u00fan el saliente secretario de Hacienda, la proyecci\u00f3n de recaudo del impuesto predial para 2025 sin actualizaci\u00f3n catastral ascend\u00eda a <strong>31 mil millones<\/strong> de pesos.<\/p>\n<p>Con la actualizaci\u00f3n catastral est\u00e1 pod\u00eda escalar a <strong>40 mil millone<\/strong>s de pesos.<\/p>\n<p>&nbsp;<\/p>\n<h4><strong>Reclamaciones<\/strong><\/h4>\n<p>Hasta el viernes solo hab\u00eda un poco m\u00e1s de 300 reclamaciones de las facturas del impuesto predial de m\u00e1s de 93 mil predios en Yopal, que hay ahora con la actualizaci\u00f3n catastral. Una cifra muy baja frente a las protestas ciudadanas realizadas.<\/p>\n<h2>Otras Noticias&#8230;<\/h2>\n<blockquote class=\"wp-embedded-content\" data-secret=\"ukQLjPEdnI\"><p><a href=\"https:\/\/marthacifuentes.com\/portada\/2025\/02\/26\/alcaldia-de-yopal-conocia-de-exagerados-incrementos-en-avaluos-catastrales-segun-catasig-sas-ante-protestas-por-costos-impredial-ahora-busca-paliativos\/\">Alcald\u00eda de Yopal conoc\u00eda de exagerados incrementos en aval\u00faos catastrales, seg\u00fan CATASIG SAS. Ante protestas por costos impredial ahora busca paliativos.<\/a><\/p><\/blockquote>\n<p><iframe loading=\"lazy\" class=\"wp-embedded-content\" sandbox=\"allow-scripts\" security=\"restricted\" style=\"position: absolute; clip: rect(1px, 1px, 1px, 1px);\" title=\"\u00abAlcald\u00eda de Yopal conoc\u00eda de exagerados incrementos en aval\u00faos catastrales, seg\u00fan CATASIG SAS. Ante protestas por costos impredial ahora busca paliativos.\u00bb \u2014 \u25b7 Noticias de Casanare : Martha Cifuentes | Casanare\" src=\"https:\/\/marthacifuentes.com\/portada\/2025\/02\/26\/alcaldia-de-yopal-conocia-de-exagerados-incrementos-en-avaluos-catastrales-segun-catasig-sas-ante-protestas-por-costos-impredial-ahora-busca-paliativos\/embed\/#?secret=5w9FMHYxCy#?secret=ukQLjPEdnI\" data-secret=\"ukQLjPEdnI\" width=\"500\" height=\"282\" frameborder=\"0\" marginwidth=\"0\" marginheight=\"0\" scrolling=\"no\"><\/iframe><\/p>\n<p><iframe loading=\"lazy\" class=\"wp-embedded-content\" title=\"\u00abCon cascarilla de arroz, Grupo Diana genera su propia energ\u00eda en planta de producci\u00f3n Yopal\u00bb \u2014 \u25b7 Noticias de Casanare : Martha Cifuentes | Casanare\" src=\"https:\/\/marthacifuentes.com\/portada\/2025\/02\/21\/con-cascarilla-de-arroz-grupo-diana-genera-su-propia-energia-en-planta-de-produccion-yopal\/embed\/#?secret=qL4vKFrAh8#?secret=9au31rwqu7\" width=\"600\" height=\"621\" frameborder=\"0\" marginwidth=\"0\" marginheight=\"0\" scrolling=\"no\" sandbox=\"allow-scripts\" data-secret=\"9au31rwqu7\" data-mce-fragment=\"1\"><\/iframe><\/p>\n<p><iframe loading=\"lazy\" class=\"wp-embedded-content\" title=\"\u00abEj\u00e9rcito desmonta bandera del ELN dejada en puente peatonal de El Charte, Yopal\u00bb \u2014 \u25b7 Noticias de Casanare : Martha Cifuentes | Casanare\" src=\"https:\/\/marthacifuentes.com\/portada\/2025\/02\/19\/ejercito-desmonta-bandera-del-eln-dejada-en-puente-peatonal-de-el-charte-yopal\/embed\/#?secret=EhbHPDH4bU#?secret=tzDiNDt6rI\" width=\"600\" height=\"600\" frameborder=\"0\" marginwidth=\"0\" marginheight=\"0\" scrolling=\"no\" sandbox=\"allow-scripts\" data-secret=\"tzDiNDt6rI\" data-mce-fragment=\"1\"><\/iframe><\/p>\n<p><iframe loading=\"lazy\" class=\"wp-embedded-content\" title=\"\u00abEsto es lo que se sabe sobre nuevo sicariado en La Bendici\u00f3n en Yopal. Al menos van 7 muertos bajo esta modalidad.\u00bb \u2014 \u25b7 Noticias de Casanare : Martha Cifuentes | Casanare\" src=\"https:\/\/marthacifuentes.com\/portada\/2025\/02\/19\/esto-es-lo-que-se-sabe-sobre-nuevo-sicariado-en-la-bendicion-en-yopal-al-menos-van-7-muertos-bajo-esta-modalidad\/embed\/#?secret=rStmj1KEI1#?secret=KcADSBjDOG\" width=\"600\" height=\"649\" frameborder=\"0\" marginwidth=\"0\" marginheight=\"0\" scrolling=\"no\" sandbox=\"allow-scripts\" data-secret=\"KcADSBjDOG\" data-mce-fragment=\"1\"><\/iframe><\/p>\n<p><iframe loading=\"lazy\" class=\"wp-embedded-content\" title=\"\u00ab\u00bfQu\u00e9 hay detr\u00e1s de sicariato de Herm\u00e1n Echevarr\u00eda, empresario de material p\u00e9treo de El Charte, ocurrido hoy en Yopal?\u00bb \u2014 \u25b7 Noticias de Casanare : Martha Cifuentes | Casanare\" src=\"https:\/\/marthacifuentes.com\/portada\/2025\/02\/17\/que-hay-detras-de-sicariato-de-herman-echevarria-empresario-de-material-petreo-de-el-charte-ocurrido-hoy-en-yopal\/embed\/#?secret=kSAJAo9nZx#?secret=FiaCH2cKL5\" width=\"600\" height=\"628\" frameborder=\"0\" marginwidth=\"0\" marginheight=\"0\" scrolling=\"no\" sandbox=\"allow-scripts\" data-secret=\"FiaCH2cKL5\" data-mce-fragment=\"1\"><\/iframe><\/p>\n<p><iframe loading=\"lazy\" class=\"wp-embedded-content\" title=\"\u00abContrato de c\u00e1maras de seguridad de Yopal fue adjudicado y pronto comenzar\u00e1 ejecuci\u00f3n: Zorro\u00bb \u2014 \u25b7 Noticias de Casanare : Martha Cifuentes | Casanare\" src=\"https:\/\/marthacifuentes.com\/portada\/2025\/02\/12\/contrato-de-camaras-de-seguridad-de-yopal-fue-adjudicado-y-pronto-comenzara-ejecucion-zorro\/embed\/#?secret=CzVc7ZnRRQ#?secret=fGNy8MO2Ph\" width=\"600\" height=\"540\" frameborder=\"0\" marginwidth=\"0\" marginheight=\"0\" scrolling=\"no\" sandbox=\"allow-scripts\" data-secret=\"fGNy8MO2Ph\" data-mce-fragment=\"1\"><\/iframe><\/p>\n<p><iframe loading=\"lazy\" class=\"wp-embedded-content\" title=\"\u00abEn actualizaci\u00f3n catastral de Yopal se evidenci\u00f3 que muchos ciudadanos hac\u00edan \u201cconejo\u201d al impuesto predial.\u00bb \u2014 \u25b7 Noticias de Casanare : Martha Cifuentes | Casanare\" src=\"https:\/\/marthacifuentes.com\/portada\/2025\/02\/11\/en-actualizacion-catastral-de-yopal-se-evidencio-que-muchos-ciudadanos-hacian-conejo-al-impuesto-predial\/embed\/#?secret=IJ8Fw1TL33#?secret=ElajheEZv8\" width=\"600\" height=\"611\" frameborder=\"0\" marginwidth=\"0\" marginheight=\"0\" scrolling=\"no\" sandbox=\"allow-scripts\" data-secret=\"ElajheEZv8\" data-mce-fragment=\"1\"><\/iframe><\/p>\n<p><iframe loading=\"lazy\" class=\"wp-embedded-content\" title=\"\u00abV\u00edctimas de falsos positivos tendr\u00e1n proyectos restaurativos en Casanare. \u00a0Creada mesa de la JEP, Gobernaci\u00f3n y Alcald\u00eda de Yopal.\u00bb \u2014 \u25b7 Noticias de Casanare : Martha Cifuentes | Casanare\" src=\"https:\/\/marthacifuentes.com\/portada\/2025\/02\/11\/victimas-de-falsos-positivos-tendran-proyectos-restaurativos-en-casanare-creada-mesa-de-la-jep-gobernacion-y-alcaldia-de-yopal\/embed\/#?secret=PX6Dcj2RVe#?secret=HB5QkpWfle\" width=\"600\" height=\"649\" frameborder=\"0\" marginwidth=\"0\" marginheight=\"0\" scrolling=\"no\" sandbox=\"allow-scripts\" data-secret=\"HB5QkpWfle\" data-mce-fragment=\"1\"><\/iframe><\/p>\n<h1 class=\"post-title entry-title\"><\/h1>\n<p><iframe loading=\"lazy\" class=\"wp-embedded-content\" title=\"\u00abEstos son los motivos por los cuales un Juez env\u00edo a la c\u00e1rcel a influencer C\u00e9sar Wilches. Mujer afectada prefiere el anonimato.\u00bb \u2014 \u25b7 Noticias de Casanare : Martha Cifuentes | Casanare\" src=\"https:\/\/marthacifuentes.com\/portada\/2025\/02\/08\/estos-son-los-motivos-por-los-cuales-un-juez-envio-a-la-carcel-a-influencer-cesar-wilches-mujer-afectada-prefiere-el-anonimato\/embed\/#?secret=RTIZdUmoP7#?secret=o3SXM5WG3o\" width=\"600\" height=\"649\" frameborder=\"0\" marginwidth=\"0\" marginheight=\"0\" scrolling=\"no\" sandbox=\"allow-scripts\" data-secret=\"o3SXM5WG3o\" data-mce-fragment=\"1\"><\/iframe><\/p>\n<p><iframe loading=\"lazy\" class=\"wp-embedded-content\" title=\"\u00abUsuarios, los damnificados del traslado de Oficina regional de Supersalud de Yopal a Villavicencio\u00bb \u2014 \u25b7 Noticias de Casanare : Martha Cifuentes | Casanare\" src=\"https:\/\/marthacifuentes.com\/portada\/2025\/02\/07\/usuarios-los-damnificados-del-traslado-de-oficina-regional-de-supersalud-de-yopal-a-villavicencio\/embed\/#?secret=SMyxgFrk06#?secret=LIU4Qd2nGE\" width=\"600\" height=\"600\" frameborder=\"0\" marginwidth=\"0\" marginheight=\"0\" scrolling=\"no\" sandbox=\"allow-scripts\" data-secret=\"LIU4Qd2nGE\" data-mce-fragment=\"1\"><\/iframe><\/p>\n<p><iframe loading=\"lazy\" class=\"wp-embedded-content\" title=\"\u00abEsto es lo que ganar\u00e1n contratistas por OPS en Alcald\u00eda de Yopal, seg\u00fan decreto de actualizaci\u00f3n de honorarios.\u00bb \u2014 \u25b7 Noticias de Casanare : Martha Cifuentes | Casanare\" src=\"https:\/\/marthacifuentes.com\/portada\/2025\/02\/06\/esto-es-lo-que-ganaran-contratistas-por-ops-en-alcaldia-de-yopal-segun-decreto-de-actualizacion-de-honorarios\/embed\/#?secret=6YJOkHEMXi#?secret=JiqEnwUWJV\" width=\"600\" height=\"637\" frameborder=\"0\" marginwidth=\"0\" marginheight=\"0\" scrolling=\"no\" sandbox=\"allow-scripts\" data-secret=\"JiqEnwUWJV\" data-mce-fragment=\"1\"><\/iframe><\/p>\n<p><iframe loading=\"lazy\" class=\"wp-embedded-content\" title=\"\u00ab\u201cMe importa un c.\u201d: Personero de Nunch\u00eda denuncia agresi\u00f3n verbal de secretario de la Gobernaci\u00f3n. \u00c9l la niega.\u00bb \u2014 \u25b7 Noticias de Casanare : Martha Cifuentes | Casanare\" src=\"https:\/\/marthacifuentes.com\/portada\/2025\/02\/06\/me-importa-un-c-personero-de-nunchia-denuncia-agresion-verbal-de-secretario-de-la-gobernacion-el-la-niega\/embed\/#?secret=cxbKVIxIDa#?secret=h3wcbACFvu\" width=\"600\" height=\"649\" frameborder=\"0\" marginwidth=\"0\" marginheight=\"0\" scrolling=\"no\" sandbox=\"allow-scripts\" data-secret=\"h3wcbACFvu\" data-mce-fragment=\"1\"><\/iframe><\/p>\n<p><iframe loading=\"lazy\" class=\"wp-embedded-content\" title=\"\u00abCinco personas lesionadas en volcamiento de bus en v\u00eda Tauramena-Aguazul\u00bb \u2014 \u25b7 Noticias de Casanare : Martha Cifuentes | Casanare\" src=\"https:\/\/marthacifuentes.com\/portada\/2025\/02\/04\/cinco-personas-lesionadas-en-volcamiento-de-bus-en-via-tauramena-aguazul\/embed\/#?secret=qnh8VplBcY#?secret=4LY53SubA2\" width=\"600\" height=\"600\" frameborder=\"0\" marginwidth=\"0\" marginheight=\"0\" scrolling=\"no\" sandbox=\"allow-scripts\" data-secret=\"4LY53SubA2\" data-mce-fragment=\"1\"><\/iframe><\/p>\n<p><iframe loading=\"lazy\" class=\"wp-embedded-content\" title=\"\u00abControversia por nuevo sicariato en Yopal: \u00bf\u00bbLimpieza social\u00bb o guerra de bandas criminales?\u00bb \u2014 \u25b7 Noticias de Casanare : Martha Cifuentes | Casanare\" src=\"https:\/\/marthacifuentes.com\/portada\/2025\/02\/03\/controversia-por-nuevo-sicariato-en-yopal-limpieza-social-o-guerra-de-bandas-criminales\/embed\/#?secret=8Uh05Sl1Sq#?secret=gJr65eHBDT\" width=\"600\" height=\"621\" frameborder=\"0\" marginwidth=\"0\" marginheight=\"0\" scrolling=\"no\" sandbox=\"allow-scripts\" data-secret=\"gJr65eHBDT\" data-mce-fragment=\"1\"><\/iframe><\/p>\n<p><iframe loading=\"lazy\" class=\"wp-embedded-content\" title=\"\u00abExporinoquia 2025: La vitrina del crecimiento agroindustrial de Casanare\u00bb \u2014 \u25b7 Noticias de Casanare : Martha Cifuentes | Casanare\" src=\"https:\/\/marthacifuentes.com\/portada\/2025\/01\/31\/exporinoquia-2025-la-vitrina-del-crecimiento-agroindustrial-de-casanare\/embed\/#?secret=p2VLceAjmK#?secret=pLYxUdoDWk\" width=\"600\" height=\"558\" frameborder=\"0\" marginwidth=\"0\" marginheight=\"0\" scrolling=\"no\" sandbox=\"allow-scripts\" data-secret=\"pLYxUdoDWk\" data-mce-fragment=\"1\"><\/iframe><\/p>\n<p><iframe loading=\"lazy\" class=\"wp-embedded-content\" title=\"\u00ab\u00bfPor qu\u00e9 Yopal se une al mural Las cuchas tienen raz\u00f3n?\u00bb \u2014 \u25b7 Noticias de Casanare : Martha Cifuentes | Casanare\" src=\"https:\/\/marthacifuentes.com\/portada\/2025\/01\/30\/por-que-yopal-se-une-al-mural-las-cuchas-tienen-razon\/embed\/#?secret=JcPouaLd9T#?secret=3v0imB4Qxh\" width=\"600\" height=\"621\" frameborder=\"0\" marginwidth=\"0\" marginheight=\"0\" scrolling=\"no\" sandbox=\"allow-scripts\" data-secret=\"3v0imB4Qxh\" data-mce-fragment=\"1\"><\/iframe><\/p>\n<p><iframe loading=\"lazy\" class=\"wp-embedded-content\" title=\"\u00abYopal cansada de inacci\u00f3n de Alcald\u00eda y Polic\u00eda frente a inseguridad que azota a la ciudad. Alcalde se defiende.\u00bb \u2014 \u25b7 Noticias de Casanare : Martha Cifuentes | Casanare\" src=\"https:\/\/marthacifuentes.com\/portada\/2025\/01\/23\/yopal-cansada-de-inaccion-de-alcaldia-y-policia-frente-a-inseguridad-que-azota-a-la-ciudad-alcalde-se-defiende\/embed\/#?secret=CNEj6cYkox#?secret=S1F6kqSIE7\" width=\"600\" height=\"621\" frameborder=\"0\" marginwidth=\"0\" marginheight=\"0\" scrolling=\"no\" sandbox=\"allow-scripts\" data-secret=\"S1F6kqSIE7\" data-mce-fragment=\"1\"><\/iframe><\/p>\n<p><iframe loading=\"lazy\" class=\"wp-embedded-content\" title=\"\u00abExporinoquia 2025: Innovaci\u00f3n y conocimiento en la Primera Feria Agroindustrial de la Orinoqu\u00eda\u00bb \u2014 \u25b7 Noticias de Casanare : Martha Cifuentes | Casanare\" src=\"https:\/\/marthacifuentes.com\/portada\/2025\/01\/20\/exporinoquia-2025-innovacion-y-conocimiento-en-la-primera-feria-agroindustrial-de-la-orinoquia\/embed\/#?secret=LqSTBhTmo5#?secret=6epG8cAdTx\" width=\"600\" height=\"609\" frameborder=\"0\" marginwidth=\"0\" marginheight=\"0\" scrolling=\"no\" sandbox=\"allow-scripts\" data-secret=\"6epG8cAdTx\" data-mce-fragment=\"1\"><\/iframe><\/p>\n<p><iframe loading=\"lazy\" class=\"wp-embedded-content\" title=\"\u00abMarco Tulio Ruiz en firme en su cargo de alcalde de Yopal. Demandantes se durmieron, seg\u00fan Tribunal.\u00a0\u00bb \u2014 \u25b7 Noticias de Casanare : Martha Cifuentes | Casanare\" src=\"https:\/\/marthacifuentes.com\/portada\/2025\/01\/16\/marco-tulio-ruiz-en-firme-en-su-cargo-de-alcalde-de-yopal-demandantes-se-durmieron-segun-tribunal\/embed\/#?secret=z1VuWDinmC#?secret=3doPqsa4FN\" width=\"600\" height=\"621\" frameborder=\"0\" marginwidth=\"0\" marginheight=\"0\" scrolling=\"no\" sandbox=\"allow-scripts\" data-secret=\"3doPqsa4FN\" data-mce-fragment=\"1\"><\/iframe><\/p>\n<p><iframe loading=\"lazy\" class=\"wp-embedded-content\" title=\"\u00abFuturo ambiental de la Orinoquia de la mano de alcaldes y gobernadores de la regi\u00f3n\u00a0\u00bb \u2014 \u25b7 Noticias de Casanare : Martha Cifuentes | Casanare\" src=\"https:\/\/marthacifuentes.com\/portada\/2025\/01\/14\/futuro-ambiental-de-la-orinoquia-de-la-mano-de-alcaldes-y-gobernadores-de-la-region\/embed\/#?secret=hpIDCmRuHa#?secret=5BVCtBALOb\" width=\"600\" height=\"621\" frameborder=\"0\" marginwidth=\"0\" marginheight=\"0\" scrolling=\"no\" sandbox=\"allow-scripts\" data-secret=\"5BVCtBALOb\" data-mce-fragment=\"1\"><\/iframe><\/p>\n<p><iframe loading=\"lazy\" class=\"wp-embedded-content\" title=\"\u00abV\u00edctimas de falsos positivos en Casanare lideran, en coordinaci\u00f3n con la JEP, propuestas de reparaci\u00f3n y memoria para sanar heridas del conflicto\u00a0\u00bb \u2014 \u25b7 Noticias de Casanare : Martha Cifuentes | Casanare\" src=\"https:\/\/marthacifuentes.com\/portada\/2025\/01\/14\/victimas-de-falsos-positivos-en-casanare-lideran-en-coordinacion-con-la-jep-propuestas-de-reparacion-y-memoria-para-sanar-heridas-del-conflicto\/embed\/#?secret=oK0Eu78je1#?secret=sp9wMwU7ub\" width=\"600\" height=\"649\" frameborder=\"0\" marginwidth=\"0\" marginheight=\"0\" scrolling=\"no\" sandbox=\"allow-scripts\" data-secret=\"sp9wMwU7ub\" data-mce-fragment=\"1\"><\/iframe><\/p>\n<p><iframe loading=\"lazy\" class=\"wp-embedded-content\" title=\"\u00abCon instrumentos musicales y trajes t\u00edpicos Gobernaci\u00f3n dot\u00f3 casa de cultura de Monterrey\u00bb \u2014 \u25b7 Noticias de Casanare : Martha Cifuentes | Casanare\" src=\"https:\/\/marthacifuentes.com\/portada\/2025\/01\/13\/con-instrumentos-musicales-y-trajes-tipicos-gobernacion-doto-casa-de-cultura-de-monterrey\/embed\/#?secret=WjW0sqUtEN#?secret=4JCGeuq6IP\" width=\"600\" height=\"621\" frameborder=\"0\" marginwidth=\"0\" marginheight=\"0\" scrolling=\"no\" sandbox=\"allow-scripts\" data-secret=\"4JCGeuq6IP\" data-mce-fragment=\"1\"><\/iframe><\/p>\n","protected":false},"excerpt":{"rendered":"<p>Como consecuencia de la crisis generada en la Alcald\u00eda Municipal de Yopal por las protestas de la ciudadan\u00eda ante los onerosos cobros del impuesto predial 2025, renunci\u00f3, sin sentimientos de culpa, el secretario de Hacienda, Mauricio Moreno. Afirm\u00f3 que su actuar fue recto y con temor de Dios. Aunque en el encabezado de la carta &hellip;<\/p>\n","protected":false},"author":2,"featured_media":34701,"comment_status":"open","ping_status":"open","sticky":false,"template":"","format":"standard","meta":{"om_disable_all_campaigns":false,"_exactmetrics_skip_tracking":false,"_exactmetrics_sitenote_active":false,"_exactmetrics_sitenote_note":"","_exactmetrics_sitenote_category":0,"_monsterinsights_skip_tracking":false,"_monsterinsights_sitenote_active":false,"_monsterinsights_sitenote_note":"","_monsterinsights_sitenote_category":0,"_uf_show_specific_survey":0,"_uf_disable_surveys":false,"_joinchat":[],"footnotes":""},"categories":[147,146,145],"tags":[11692,5986,11691,11690,1400,1421,11689],"class_list":["post-34700","post","type-post","status-publish","format-standard","has-post-thumbnail","hentry","category-actualidad","category-noticias","category-reportajes","tag-actualizacion-catastral-yopal-catasig-sas","tag-impuesto-predial-yopal","tag-marco-tulio-ruiz-impuesto-predial-yopal","tag-mauricio-moreno-se-va-alcaldia-yopal","tag-noticias-casanare","tag-noticias-yopal","tag-renuncia-secretario-de-hacienda-yopal"],"yoast_head":"<!-- This site is optimized with the Yoast SEO plugin v26.1 - https:\/\/yoast.com\/wordpress\/plugins\/seo\/ -->\n<title>El predial le pas\u00f3 factura y pag\u00f3 caro: Renunci\u00f3 secretario de Hacienda de Yopal - \u25b7 Noticias de Casanare : Martha Cifuentes | Casanare<\/title>\n<meta name=\"robots\" content=\"index, follow, max-snippet:-1, max-image-preview:large, max-video-preview:-1\" \/>\n<link rel=\"canonical\" href=\"https:\/\/marthacifuentes.com\/portada\/el-predial-le-paso-factura-y-pago-caro-renuncio-secretario-de-hacienda-de-yopal\/\" \/>\n<meta property=\"og:locale\" content=\"es_ES\" \/>\n<meta property=\"og:type\" content=\"article\" \/>\n<meta property=\"og:title\" content=\"El predial le pas\u00f3 factura y pag\u00f3 caro: Renunci\u00f3 secretario de Hacienda de Yopal - \u25b7 Noticias de Casanare : Martha Cifuentes | Casanare\" \/>\n<meta property=\"og:description\" content=\"Como consecuencia de la crisis generada en la Alcald\u00eda Municipal de Yopal por las protestas de la ciudadan\u00eda ante los onerosos cobros del impuesto predial 2025, renunci\u00f3, sin sentimientos de culpa, el secretario de Hacienda, Mauricio Moreno. Afirm\u00f3 que su actuar fue recto y con temor de Dios. Aunque en el encabezado de la carta &hellip;\" \/>\n<meta property=\"og:url\" content=\"https:\/\/marthacifuentes.com\/portada\/el-predial-le-paso-factura-y-pago-caro-renuncio-secretario-de-hacienda-de-yopal\/\" \/>\n<meta property=\"og:site_name\" content=\"\u25b7 Noticias de Casanare : Martha Cifuentes | Casanare\" \/>\n<meta property=\"article:published_time\" content=\"2025-03-03T22:03:25+00:00\" \/>\n<meta property=\"article:modified_time\" content=\"2025-03-03T22:04:58+00:00\" \/>\n<meta property=\"og:image\" content=\"https:\/\/marthacifuentes.com\/portada\/wp-content\/uploads\/2025\/03\/MAURICIO-Y-MARCO-TULIO.png\" \/>\n\t<meta property=\"og:image:width\" content=\"1027\" \/>\n\t<meta property=\"og:image:height\" content=\"628\" \/>\n\t<meta property=\"og:image:type\" content=\"image\/png\" \/>\n<meta name=\"author\" content=\"Martha Cifuentes\" \/>\n<meta name=\"twitter:card\" content=\"summary_large_image\" \/>\n<meta name=\"twitter:label1\" content=\"Escrito por\" \/>\n\t<meta name=\"twitter:data1\" content=\"Martha Cifuentes\" \/>\n\t<meta name=\"twitter:label2\" content=\"Tiempo de lectura\" \/>\n\t<meta name=\"twitter:data2\" content=\"2 minutos\" \/>\n<script type=\"application\/ld+json\" class=\"yoast-schema-graph\">{\"@context\":\"https:\/\/schema.org\",\"@graph\":[{\"@type\":\"WebPage\",\"@id\":\"https:\/\/marthacifuentes.com\/portada\/el-predial-le-paso-factura-y-pago-caro-renuncio-secretario-de-hacienda-de-yopal\/\",\"url\":\"https:\/\/marthacifuentes.com\/portada\/el-predial-le-paso-factura-y-pago-caro-renuncio-secretario-de-hacienda-de-yopal\/\",\"name\":\"El predial le pas\u00f3 factura y pag\u00f3 caro: Renunci\u00f3 secretario de Hacienda de Yopal - \u25b7 Noticias de Casanare : Martha Cifuentes | Casanare\",\"isPartOf\":{\"@id\":\"https:\/\/marthacifuentes.com\/portada\/#website\"},\"primaryImageOfPage\":{\"@id\":\"https:\/\/marthacifuentes.com\/portada\/el-predial-le-paso-factura-y-pago-caro-renuncio-secretario-de-hacienda-de-yopal\/#primaryimage\"},\"image\":{\"@id\":\"https:\/\/marthacifuentes.com\/portada\/el-predial-le-paso-factura-y-pago-caro-renuncio-secretario-de-hacienda-de-yopal\/#primaryimage\"},\"thumbnailUrl\":\"https:\/\/marthacifuentes.com\/portada\/wp-content\/uploads\/2025\/03\/MAURICIO-Y-MARCO-TULIO.png\",\"datePublished\":\"2025-03-03T22:03:25+00:00\",\"dateModified\":\"2025-03-03T22:04:58+00:00\",\"author\":{\"@id\":\"https:\/\/marthacifuentes.com\/portada\/#\/schema\/person\/57f53174b991db5f90ff78d58502b714\"},\"breadcrumb\":{\"@id\":\"https:\/\/marthacifuentes.com\/portada\/el-predial-le-paso-factura-y-pago-caro-renuncio-secretario-de-hacienda-de-yopal\/#breadcrumb\"},\"inLanguage\":\"es\",\"potentialAction\":[{\"@type\":\"ReadAction\",\"target\":[\"https:\/\/marthacifuentes.com\/portada\/el-predial-le-paso-factura-y-pago-caro-renuncio-secretario-de-hacienda-de-yopal\/\"]}]},{\"@type\":\"ImageObject\",\"inLanguage\":\"es\",\"@id\":\"https:\/\/marthacifuentes.com\/portada\/el-predial-le-paso-factura-y-pago-caro-renuncio-secretario-de-hacienda-de-yopal\/#primaryimage\",\"url\":\"https:\/\/marthacifuentes.com\/portada\/wp-content\/uploads\/2025\/03\/MAURICIO-Y-MARCO-TULIO.png\",\"contentUrl\":\"https:\/\/marthacifuentes.com\/portada\/wp-content\/uploads\/2025\/03\/MAURICIO-Y-MARCO-TULIO.png\",\"width\":1027,\"height\":628},{\"@type\":\"BreadcrumbList\",\"@id\":\"https:\/\/marthacifuentes.com\/portada\/el-predial-le-paso-factura-y-pago-caro-renuncio-secretario-de-hacienda-de-yopal\/#breadcrumb\",\"itemListElement\":[{\"@type\":\"ListItem\",\"position\":1,\"name\":\"Portada\",\"item\":\"https:\/\/marthacifuentes.com\/portada\/\"},{\"@type\":\"ListItem\",\"position\":2,\"name\":\"El predial le pas\u00f3 factura y pag\u00f3 caro: Renunci\u00f3 secretario de Hacienda de Yopal\"}]},{\"@type\":\"WebSite\",\"@id\":\"https:\/\/marthacifuentes.com\/portada\/#website\",\"url\":\"https:\/\/marthacifuentes.com\/portada\/\",\"name\":\"\u25b7 Noticias de Casanare : Martha Cifuentes | Casanare\",\"description\":\"Noticias &amp; Contenidos\",\"potentialAction\":[{\"@type\":\"SearchAction\",\"target\":{\"@type\":\"EntryPoint\",\"urlTemplate\":\"https:\/\/marthacifuentes.com\/portada\/?s={search_term_string}\"},\"query-input\":{\"@type\":\"PropertyValueSpecification\",\"valueRequired\":true,\"valueName\":\"search_term_string\"}}],\"inLanguage\":\"es\"},{\"@type\":\"Person\",\"@id\":\"https:\/\/marthacifuentes.com\/portada\/#\/schema\/person\/57f53174b991db5f90ff78d58502b714\",\"name\":\"Martha Cifuentes\",\"image\":{\"@type\":\"ImageObject\",\"inLanguage\":\"es\",\"@id\":\"https:\/\/marthacifuentes.com\/portada\/#\/schema\/person\/image\/\",\"url\":\"http:\/\/marthacifuentes.com\/portada\/wp-content\/uploads\/2018\/06\/avatar_user_2_1528838701-96x96.jpg\",\"contentUrl\":\"http:\/\/marthacifuentes.com\/portada\/wp-content\/uploads\/2018\/06\/avatar_user_2_1528838701-96x96.jpg\",\"caption\":\"Martha Cifuentes\"},\"sameAs\":[\"http:\/\/www.marthacifuentes.com\"],\"url\":\"https:\/\/marthacifuentes.com\/portada\/author\/martha\/\"}]}<\/script>\n<!-- \/ Yoast SEO plugin. -->","yoast_head_json":{"title":"El predial le pas\u00f3 factura y pag\u00f3 caro: Renunci\u00f3 secretario de Hacienda de Yopal - \u25b7 Noticias de Casanare : Martha Cifuentes | Casanare","robots":{"index":"index","follow":"follow","max-snippet":"max-snippet:-1","max-image-preview":"max-image-preview:large","max-video-preview":"max-video-preview:-1"},"canonical":"https:\/\/marthacifuentes.com\/portada\/el-predial-le-paso-factura-y-pago-caro-renuncio-secretario-de-hacienda-de-yopal\/","og_locale":"es_ES","og_type":"article","og_title":"El predial le pas\u00f3 factura y pag\u00f3 caro: Renunci\u00f3 secretario de Hacienda de Yopal - \u25b7 Noticias de Casanare : Martha Cifuentes | Casanare","og_description":"Como consecuencia de la crisis generada en la Alcald\u00eda Municipal de Yopal por las protestas de la ciudadan\u00eda ante los onerosos cobros del impuesto predial 2025, renunci\u00f3, sin sentimientos de culpa, el secretario de Hacienda, Mauricio Moreno. Afirm\u00f3 que su actuar fue recto y con temor de Dios. Aunque en el encabezado de la carta &hellip;","og_url":"https:\/\/marthacifuentes.com\/portada\/el-predial-le-paso-factura-y-pago-caro-renuncio-secretario-de-hacienda-de-yopal\/","og_site_name":"\u25b7 Noticias de Casanare : Martha Cifuentes | Casanare","article_published_time":"2025-03-03T22:03:25+00:00","article_modified_time":"2025-03-03T22:04:58+00:00","og_image":[{"width":1027,"height":628,"url":"https:\/\/marthacifuentes.com\/portada\/wp-content\/uploads\/2025\/03\/MAURICIO-Y-MARCO-TULIO.png","type":"image\/png"}],"author":"Martha Cifuentes","twitter_card":"summary_large_image","twitter_misc":{"Escrito por":"Martha Cifuentes","Tiempo de lectura":"2 minutos"},"schema":{"@context":"https:\/\/schema.org","@graph":[{"@type":"WebPage","@id":"https:\/\/marthacifuentes.com\/portada\/el-predial-le-paso-factura-y-pago-caro-renuncio-secretario-de-hacienda-de-yopal\/","url":"https:\/\/marthacifuentes.com\/portada\/el-predial-le-paso-factura-y-pago-caro-renuncio-secretario-de-hacienda-de-yopal\/","name":"El predial le pas\u00f3 factura y pag\u00f3 caro: Renunci\u00f3 secretario de Hacienda de Yopal - \u25b7 Noticias de Casanare : Martha Cifuentes | Casanare","isPartOf":{"@id":"https:\/\/marthacifuentes.com\/portada\/#website"},"primaryImageOfPage":{"@id":"https:\/\/marthacifuentes.com\/portada\/el-predial-le-paso-factura-y-pago-caro-renuncio-secretario-de-hacienda-de-yopal\/#primaryimage"},"image":{"@id":"https:\/\/marthacifuentes.com\/portada\/el-predial-le-paso-factura-y-pago-caro-renuncio-secretario-de-hacienda-de-yopal\/#primaryimage"},"thumbnailUrl":"https:\/\/marthacifuentes.com\/portada\/wp-content\/uploads\/2025\/03\/MAURICIO-Y-MARCO-TULIO.png","datePublished":"2025-03-03T22:03:25+00:00","dateModified":"2025-03-03T22:04:58+00:00","author":{"@id":"https:\/\/marthacifuentes.com\/portada\/#\/schema\/person\/57f53174b991db5f90ff78d58502b714"},"breadcrumb":{"@id":"https:\/\/marthacifuentes.com\/portada\/el-predial-le-paso-factura-y-pago-caro-renuncio-secretario-de-hacienda-de-yopal\/#breadcrumb"},"inLanguage":"es","potentialAction":[{"@type":"ReadAction","target":["https:\/\/marthacifuentes.com\/portada\/el-predial-le-paso-factura-y-pago-caro-renuncio-secretario-de-hacienda-de-yopal\/"]}]},{"@type":"ImageObject","inLanguage":"es","@id":"https:\/\/marthacifuentes.com\/portada\/el-predial-le-paso-factura-y-pago-caro-renuncio-secretario-de-hacienda-de-yopal\/#primaryimage","url":"https:\/\/marthacifuentes.com\/portada\/wp-content\/uploads\/2025\/03\/MAURICIO-Y-MARCO-TULIO.png","contentUrl":"https:\/\/marthacifuentes.com\/portada\/wp-content\/uploads\/2025\/03\/MAURICIO-Y-MARCO-TULIO.png","width":1027,"height":628},{"@type":"BreadcrumbList","@id":"https:\/\/marthacifuentes.com\/portada\/el-predial-le-paso-factura-y-pago-caro-renuncio-secretario-de-hacienda-de-yopal\/#breadcrumb","itemListElement":[{"@type":"ListItem","position":1,"name":"Portada","item":"https:\/\/marthacifuentes.com\/portada\/"},{"@type":"ListItem","position":2,"name":"El predial le pas\u00f3 factura y pag\u00f3 caro: Renunci\u00f3 secretario de Hacienda de Yopal"}]},{"@type":"WebSite","@id":"https:\/\/marthacifuentes.com\/portada\/#website","url":"https:\/\/marthacifuentes.com\/portada\/","name":"\u25b7 Noticias de Casanare : Martha Cifuentes | Casanare","description":"Noticias &amp; Contenidos","potentialAction":[{"@type":"SearchAction","target":{"@type":"EntryPoint","urlTemplate":"https:\/\/marthacifuentes.com\/portada\/?s={search_term_string}"},"query-input":{"@type":"PropertyValueSpecification","valueRequired":true,"valueName":"search_term_string"}}],"inLanguage":"es"},{"@type":"Person","@id":"https:\/\/marthacifuentes.com\/portada\/#\/schema\/person\/57f53174b991db5f90ff78d58502b714","name":"Martha Cifuentes","image":{"@type":"ImageObject","inLanguage":"es","@id":"https:\/\/marthacifuentes.com\/portada\/#\/schema\/person\/image\/","url":"http:\/\/marthacifuentes.com\/portada\/wp-content\/uploads\/2018\/06\/avatar_user_2_1528838701-96x96.jpg","contentUrl":"http:\/\/marthacifuentes.com\/portada\/wp-content\/uploads\/2018\/06\/avatar_user_2_1528838701-96x96.jpg","caption":"Martha Cifuentes"},"sameAs":["http:\/\/www.marthacifuentes.com"],"url":"https:\/\/marthacifuentes.com\/portada\/author\/martha\/"}]}},"_links":{"self":[{"href":"https:\/\/marthacifuentes.com\/portada\/wp-json\/wp\/v2\/posts\/34700","targetHints":{"allow":["GET"]}}],"collection":[{"href":"https:\/\/marthacifuentes.com\/portada\/wp-json\/wp\/v2\/posts"}],"about":[{"href":"https:\/\/marthacifuentes.com\/portada\/wp-json\/wp\/v2\/types\/post"}],"author":[{"embeddable":true,"href":"https:\/\/marthacifuentes.com\/portada\/wp-json\/wp\/v2\/users\/2"}],"replies":[{"embeddable":true,"href":"https:\/\/marthacifuentes.com\/portada\/wp-json\/wp\/v2\/comments?post=34700"}],"version-history":[{"count":3,"href":"https:\/\/marthacifuentes.com\/portada\/wp-json\/wp\/v2\/posts\/34700\/revisions"}],"predecessor-version":[{"id":34706,"href":"https:\/\/marthacifuentes.com\/portada\/wp-json\/wp\/v2\/posts\/34700\/revisions\/34706"}],"wp:featuredmedia":[{"embeddable":true,"href":"https:\/\/marthacifuentes.com\/portada\/wp-json\/wp\/v2\/media\/34701"}],"wp:attachment":[{"href":"https:\/\/marthacifuentes.com\/portada\/wp-json\/wp\/v2\/media?parent=34700"}],"wp:term":[{"taxonomy":"category","embeddable":true,"href":"https:\/\/marthacifuentes.com\/portada\/wp-json\/wp\/v2\/categories?post=34700"},{"taxonomy":"post_tag","embeddable":true,"href":"https:\/\/marthacifuentes.com\/portada\/wp-json\/wp\/v2\/tags?post=34700"}],"curies":[{"name":"wp","href":"https:\/\/api.w.org\/{rel}","templated":true}]}}