{"id":34813,"date":"2025-03-13T08:25:52","date_gmt":"2025-03-13T13:25:52","guid":{"rendered":"https:\/\/marthacifuentes.com\/portada\/?p=34813"},"modified":"2025-03-13T08:27:00","modified_gmt":"2025-03-13T13:27:00","slug":"el-pae-en-yopal-al-tablero-en-audiencia-publica-se-vera-si-se-esta-haciendo-bien-o-no-la-tarea","status":"publish","type":"post","link":"https:\/\/marthacifuentes.com\/portada\/el-pae-en-yopal-al-tablero-en-audiencia-publica-se-vera-si-se-esta-haciendo-bien-o-no-la-tarea\/","title":{"rendered":"El PAE en Yopal al tablero: En Audiencia p\u00fablica se ver\u00e1 si se est\u00e1 haciendo bien o no, la tarea."},"content":{"rendered":"<p class=\"Default\" style=\"margin-bottom: 6.0pt;\"><span style=\"font-size: 11.0pt; font-family: 'Arial',sans-serif;\">La pr\u00f3xima semana se llevar\u00e1 a cabo una audiencia p\u00fablica en la que se analizar\u00e1 el funcionamiento del Programa de Alimentaci\u00f3n Escolar (PAE) en las 24 instituciones educativas de la ciudad. El PAE, que inici\u00f3 el 20 de enero y se extender\u00e1 hasta el 19 de julio de 2025.<\/span><\/p>\n<p class=\"Default\" style=\"margin-bottom: 6.0pt;\"><span style=\"font-size: 11.0pt; font-family: 'Arial',sans-serif;\">Este espacio, convocado por las autoridades locales, contar\u00e1 con la participaci\u00f3n de voceros de la Contralor\u00eda General de la Rep\u00fablica, la Procuradur\u00eda, la Personer\u00eda, la Defensor\u00eda del Pueblo y representantes de la comunidad educativa, incluyendo estudiantes, docentes, directivos, padres de familia y el operador del programa.<\/span><\/p>\n<p class=\"Default\" style=\"margin-bottom: 6.0pt;\"><span style=\"font-size: 11.0pt; font-family: 'Arial',sans-serif;\">Durante la audiencia, se presentar\u00e1n los detalles del contrato 4080 de 2024, que permiti\u00f3 la implementaci\u00f3n del PAE desde el primer d\u00eda del calendario escolar, cumpliendo con una directriz del alcalde Marco Tulio Ru\u00edz. El programa suministra diariamente 14.300 raciones de alimentos a estudiantes en condici\u00f3n de vulnerabilidad, garantizando su acceso a una alimentaci\u00f3n balanceada y contribuyendo a su permanencia en el sistema educativo.<\/span><\/p>\n<p class=\"Default\" style=\"margin-bottom: 6.0pt;\"><span style=\"font-size: 11.0pt; font-family: 'Arial',sans-serif;\">\u00a0<\/span><\/p>\n<p class=\"Default\" style=\"margin-bottom: 6.0pt;\"><b><span style=\"font-size: 11.0pt; font-family: 'Arial',sans-serif;\">\u00bfSe est\u00e1 haciendo trazabilidad?<\/span><\/b><\/p>\n<p class=\"Default\" style=\"margin-bottom: 6.0pt;\"><span style=\"font-size: 11.0pt; font-family: 'Arial',sans-serif;\">El secretario de Educaci\u00f3n de Yopal, David D\u00edaz S\u00e1nchez, destac\u00f3 el seguimiento t\u00e9cnico que se realiza en terreno para verificar el cumplimiento del cronograma de trabajo. \u201cHemos visitado las instituciones de manera aleatoria para corroborar que la informaci\u00f3n reportada por el operador corresponda a la realidad. Este acompa\u00f1amiento nos ha permitido identificar necesidades y tomar acciones inmediatas para garantizar una \u00f3ptima prestaci\u00f3n del servicio\u201d, afirm\u00f3 D\u00edaz S\u00e1nchez.<\/span><\/p>\n<p class=\"Default\" style=\"margin-bottom: 6.0pt;\"><span style=\"font-size: 11.0pt; font-family: 'Arial',sans-serif;\">El PAE ha enfrentado algunos desaf\u00edos debido a la magnitud de la operaci\u00f3n. Sin embargo, las autoridades han trabajado en coordinaci\u00f3n con la Unidad de Alimentos para Educar (UAPA) y la Administraci\u00f3n Municipal para resolver los inconvenientes y asegurar la continuidad del servicio.<\/span><\/p>\n<p class=\"Default\" style=\"margin-bottom: 6.0pt;\"><span style=\"font-size: 11.0pt; font-family: 'Arial',sans-serif;\">\u201cEn una operaci\u00f3n de esta envergadura, es imposible no tener alg\u00fan percance. Lo importante es que las acciones de mejora son inmediatas y estamos comprometidos con garantizar que los estudiantes reciban su alimentaci\u00f3n de manera oportuna y de calidad\u201d, agreg\u00f3 el secretario.<\/span><\/p>\n<p class=\"Default\" style=\"margin-bottom: 6.0pt;\"><span style=\"font-size: 11.0pt; font-family: 'Arial',sans-serif;\">La audiencia p\u00fablica ser\u00e1 un espacio clave para transparentar la gesti\u00f3n del PAE, escuchar las inquietudes de la comunidad y fortalecer el programa que impacta positivamente en la permanencia y el bienestar de los estudiantes yopale\u00f1os.<\/span><\/p>\n<h2>Otras noticias&#8230;<\/h2>\n<blockquote class=\"wp-embedded-content\" data-secret=\"lihPOmn3T9\"><p><a href=\"https:\/\/marthacifuentes.com\/portada\/2025\/03\/13\/ricos-y-pobres-de-yopal-unidos-por-afectacion-al-bolsillo-por-actualizacion-catastral-y-trepada-del-impuesto-predial-buscan-soluciones\/\">Ricos y pobres de Yopal, unidos por afectaci\u00f3n al bolsillo por actualizaci\u00f3n catastral y trepada del impuesto predial, buscan soluciones.<\/a><\/p><\/blockquote>\n<p><iframe loading=\"lazy\" class=\"wp-embedded-content\" sandbox=\"allow-scripts\" security=\"restricted\" style=\"position: absolute; clip: rect(1px, 1px, 1px, 1px);\" title=\"\u00abRicos y pobres de Yopal, unidos por afectaci\u00f3n al bolsillo por actualizaci\u00f3n catastral y trepada del impuesto predial, buscan soluciones.\u00bb \u2014 \u25b7 Noticias de Casanare : Martha Cifuentes | Casanare\" src=\"https:\/\/marthacifuentes.com\/portada\/2025\/03\/13\/ricos-y-pobres-de-yopal-unidos-por-afectacion-al-bolsillo-por-actualizacion-catastral-y-trepada-del-impuesto-predial-buscan-soluciones\/embed\/#?secret=SaBRrn7gE3#?secret=lihPOmn3T9\" data-secret=\"lihPOmn3T9\" width=\"500\" height=\"282\" frameborder=\"0\" marginwidth=\"0\" marginheight=\"0\" scrolling=\"no\"><\/iframe><\/p>\n<p><iframe loading=\"lazy\" class=\"wp-embedded-content\" title=\"\u00abRequiere $$$$ \u00a1Ac\u00e9rquese al IFC y adquiera su cr\u00e9dito!\u00bb \u2014 \u25b7 Noticias de Casanare : Martha Cifuentes | Casanare\" src=\"https:\/\/marthacifuentes.com\/portada\/2025\/03\/12\/requiere-acerquese-al-ifc-y-adquiera-su-credito\/embed\/#?secret=MRmAIUv1Gt#?secret=lgwaCT6U53\" width=\"600\" height=\"592\" frameborder=\"0\" marginwidth=\"0\" marginheight=\"0\" scrolling=\"no\" sandbox=\"allow-scripts\" data-secret=\"lgwaCT6U53\" data-mce-fragment=\"1\"><\/iframe><\/p>\n<p><iframe loading=\"lazy\" class=\"wp-embedded-content\" title=\"\u00abGobernador de Casanare propone Fondo de Estabilizaci\u00f3n de Precios del Arroz para superar crisis del sector\u00bb \u2014 \u25b7 Noticias de Casanare : Martha Cifuentes | Casanare\" src=\"https:\/\/marthacifuentes.com\/portada\/2025\/03\/12\/gobernador-de-casanare-propone-fondo-de-estabilizacion-de-precios-del-arroz-para-superar-crisis-del-sector\/embed\/#?secret=wOASTfHL5T#?secret=UjwigXFIwO\" width=\"600\" height=\"612\" frameborder=\"0\" marginwidth=\"0\" marginheight=\"0\" scrolling=\"no\" sandbox=\"allow-scripts\" data-secret=\"UjwigXFIwO\" data-mce-fragment=\"1\"><\/iframe><\/p>\n<p><iframe loading=\"lazy\" class=\"wp-embedded-content\" title=\"\u00abParo de arroceros contin\u00faa en Casanare. Gremios econ\u00f3micos y sociales rechazan bloqueos\u00bb \u2014 \u25b7 Noticias de Casanare : Martha Cifuentes | Casanare\" src=\"https:\/\/marthacifuentes.com\/portada\/2025\/03\/12\/paro-de-arroceros-continua-en-casanare-gremios-economicos-y-sociales-rechazan-bloqueos\/embed\/#?secret=ZG0f6s70fK#?secret=seUWlKTWHT\" width=\"600\" height=\"598\" frameborder=\"0\" marginwidth=\"0\" marginheight=\"0\" scrolling=\"no\" sandbox=\"allow-scripts\" data-secret=\"seUWlKTWHT\" data-mce-fragment=\"1\"><\/iframe><\/p>\n<p><iframe loading=\"lazy\" class=\"wp-embedded-content\" title=\"\u00abIncendios forestales en Paz de Ariporo, tienden a empeorar. Cultivos, flora y fauna, en peligro.\u00bb \u2014 \u25b7 Noticias de Casanare : Martha Cifuentes | Casanare\" src=\"https:\/\/marthacifuentes.com\/portada\/2025\/03\/12\/incendios-forestales-en-paz-de-ariporo-tienden-a-empeorar-cultivos-flora-y-fauna-en-peligro\/embed\/#?secret=me0vrDsDoB#?secret=cRk4yC5S93\" width=\"600\" height=\"593\" frameborder=\"0\" marginwidth=\"0\" marginheight=\"0\" scrolling=\"no\" sandbox=\"allow-scripts\" data-secret=\"cRk4yC5S93\" data-mce-fragment=\"1\"><\/iframe><\/p>\n<p><iframe loading=\"lazy\" class=\"wp-embedded-content\" title=\"\u00abMan\u00ed preocupado por llegada de 49 familias desplazadas del Cesar. ANT habr\u00eda comprado tres fincas para ellas.\u00bb \u2014 \u25b7 Noticias de Casanare : Martha Cifuentes | Casanare\" src=\"https:\/\/marthacifuentes.com\/portada\/2025\/03\/12\/mani-preocupado-por-llegada-de-49-familias-desplazadas-del-cesar-ant-habria-comprado-tres-fincas-para-ellas\/embed\/#?secret=8eFK2dUgIf#?secret=2jxqfElcgD\" width=\"600\" height=\"627\" frameborder=\"0\" marginwidth=\"0\" marginheight=\"0\" scrolling=\"no\" sandbox=\"allow-scripts\" data-secret=\"2jxqfElcgD\" data-mce-fragment=\"1\"><\/iframe><\/p>\n<p><iframe loading=\"lazy\" class=\"wp-embedded-content\" title=\"\u00abComunidad ind\u00edgena de Orocu\u00e9, Casanare, lamenta muerte de ni\u00f1a de 12 a\u00f1os\u00bb \u2014 \u25b7 Noticias de Casanare : Martha Cifuentes | Casanare\" src=\"https:\/\/marthacifuentes.com\/portada\/2025\/03\/11\/comunidad-indigena-de-orocue-casanare-lamenta-muerte-de-nina-de-12-anos\/embed\/#?secret=WTC0ETvsUe#?secret=UyRcF3brD8\" width=\"600\" height=\"621\" frameborder=\"0\" marginwidth=\"0\" marginheight=\"0\" scrolling=\"no\" sandbox=\"allow-scripts\" data-secret=\"UyRcF3brD8\" data-mce-fragment=\"1\"><\/iframe><\/p>\n<p><iframe loading=\"lazy\" class=\"wp-embedded-content\" title=\"\u00abHombre de 27 a\u00f1os fallece en aparente suicidio en barrio El Nogal de Yopal\u00bb \u2014 \u25b7 Noticias de Casanare : Martha Cifuentes | Casanare\" src=\"https:\/\/marthacifuentes.com\/portada\/2025\/03\/11\/hombre-de-27-anos-fallece-en-aparente-suicidio-en-barrio-el-nogal-de-yopal\/embed\/#?secret=3zANdldZYb#?secret=kMXWHd0DrI\" width=\"600\" height=\"621\" frameborder=\"0\" marginwidth=\"0\" marginheight=\"0\" scrolling=\"no\" sandbox=\"allow-scripts\" data-secret=\"kMXWHd0DrI\" data-mce-fragment=\"1\"><\/iframe><\/p>\n<p><iframe loading=\"lazy\" class=\"wp-embedded-content\" title=\"\u00abJoven de la comunidad LGTBI hallado sin vida en Paz de Ariporo; Se ofrece recompensa de 10 millones por informaci\u00f3n\u00bb \u2014 \u25b7 Noticias de Casanare : Martha Cifuentes | Casanare\" src=\"https:\/\/marthacifuentes.com\/portada\/2025\/03\/11\/joven-de-la-comunidad-lgtbi-hallado-sin-vida-en-paz-de-ariporo-se-ofrece-recompensa-de-10-millones-por-informacion\/embed\/#?secret=mtQeQx9oeS#?secret=cXy51xxl4M\" width=\"600\" height=\"649\" frameborder=\"0\" marginwidth=\"0\" marginheight=\"0\" scrolling=\"no\" sandbox=\"allow-scripts\" data-secret=\"cXy51xxl4M\" data-mce-fragment=\"1\"><\/iframe><\/p>\n<p><iframe loading=\"lazy\" class=\"wp-embedded-content\" title=\"\u00abDe vuelta a su llano! Liberan 40 caimanes llaneros pa\u2019 que le pongan equilibrio al ecosistema\u00bb \u2014 \u25b7 Noticias de Casanare : Martha Cifuentes | Casanare\" src=\"https:\/\/marthacifuentes.com\/portada\/2025\/03\/11\/de-vuelta-a-su-llano-liberan-40-caimanes-llaneros-pa-que-le-pongan-equilibrio-al-ecosistema\/embed\/#?secret=NHmpiEjJ9n#?secret=ABbxJL9QWp\" width=\"600\" height=\"621\" frameborder=\"0\" marginwidth=\"0\" marginheight=\"0\" scrolling=\"no\" sandbox=\"allow-scripts\" data-secret=\"ABbxJL9QWp\" data-mce-fragment=\"1\"><\/iframe><\/p>\n<p><iframe loading=\"lazy\" class=\"wp-embedded-content\" title=\"\u00abSENA Casanare abre inscripciones para la 2\u00aa. oferta de Formaci\u00f3n 2025\u00bb \u2014 \u25b7 Noticias de Casanare : Martha Cifuentes | Casanare\" src=\"https:\/\/marthacifuentes.com\/portada\/2025\/03\/11\/sena-casanare-abre-inscripciones-para-la-2a-oferta-de-formacion-2025\/embed\/#?secret=7BrrMoK4e5#?secret=dgulKSQY3X\" width=\"600\" height=\"569\" frameborder=\"0\" marginwidth=\"0\" marginheight=\"0\" scrolling=\"no\" sandbox=\"allow-scripts\" data-secret=\"dgulKSQY3X\" data-mce-fragment=\"1\"><\/iframe><\/p>\n<p><iframe loading=\"lazy\" class=\"wp-embedded-content\" title=\"\u00ab21 artesanos ya tienen su Tienda en Yopal, Casanare. Gobernaci\u00f3n la inaugur\u00f3.\u00a0\u00bb \u2014 \u25b7 Noticias de Casanare : Martha Cifuentes | Casanare\" src=\"https:\/\/marthacifuentes.com\/portada\/2025\/03\/11\/21-artesanos-ya-tienen-su-tienda-en-yopal-casanare-gobernacion-la-inauguro\/embed\/#?secret=QhtZOCivgE#?secret=NT8cF6AcJ8\" width=\"600\" height=\"621\" frameborder=\"0\" marginwidth=\"0\" marginheight=\"0\" scrolling=\"no\" sandbox=\"allow-scripts\" data-secret=\"NT8cF6AcJ8\" data-mce-fragment=\"1\"><\/iframe><\/p>\n<p><iframe loading=\"lazy\" class=\"wp-embedded-content\" title=\"\u00abEn Orocu\u00e9 cay\u00f3 laboratorio que produc\u00eda 2 toneladas de droga mensuales. Narcos perder\u00e1n 26 millones de euros\u00bb \u2014 \u25b7 Noticias de Casanare : Martha Cifuentes | Casanare\" src=\"https:\/\/marthacifuentes.com\/portada\/2025\/03\/10\/en-orocue-cayo-laboratorio-que-producia-2-toneladas-de-droga-mensuales-narcos-perderan-26-millones-de-euros\/embed\/#?secret=SR5kGXYpUm#?secret=73w5OWis7y\" width=\"600\" height=\"649\" frameborder=\"0\" marginwidth=\"0\" marginheight=\"0\" scrolling=\"no\" sandbox=\"allow-scripts\" data-secret=\"73w5OWis7y\" data-mce-fragment=\"1\"><\/iframe><\/p>\n<p><iframe loading=\"lazy\" class=\"wp-embedded-content\" title=\"\u00abMonterrey tendr\u00e1 nuevas rutas de transporte escolar: Gobernaci\u00f3n de Casanare\u00bb \u2014 \u25b7 Noticias de Casanare : Martha Cifuentes | Casanare\" src=\"https:\/\/marthacifuentes.com\/portada\/2025\/03\/10\/monterrey-tendra-nuevas-rutas-de-transporte-escolar-gobernacion-de-casanare\/embed\/#?secret=UpMQ9hfgW7#?secret=LKGGYJKKru\" width=\"600\" height=\"621\" frameborder=\"0\" marginwidth=\"0\" marginheight=\"0\" scrolling=\"no\" sandbox=\"allow-scripts\" data-secret=\"LKGGYJKKru\" data-mce-fragment=\"1\"><\/iframe><\/p>\n<p><iframe loading=\"lazy\" class=\"wp-embedded-content\" title=\"\u00abCorporinoquia, la peor corporaci\u00f3n ambiental en gesti\u00f3n seg\u00fan el IEDI 2023: MinAmbiente.\u00bb \u2014 \u25b7 Noticias de Casanare : Martha Cifuentes | Casanare\" src=\"https:\/\/marthacifuentes.com\/portada\/2025\/03\/10\/corporinoquia-la-peor-corporacion-ambiental-en-gestion-segun-el-iedi-2023-minambiente\/embed\/#?secret=PV2NUojlcU#?secret=xAoqhcXfD1\" width=\"600\" height=\"598\" frameborder=\"0\" marginwidth=\"0\" marginheight=\"0\" scrolling=\"no\" sandbox=\"allow-scripts\" data-secret=\"xAoqhcXfD1\" data-mce-fragment=\"1\"><\/iframe><\/p>\n<p><iframe loading=\"lazy\" class=\"wp-embedded-content\" title=\"\u00abAlcald\u00eda de Yopal revisar\u00e1 con lupa parametrizaci\u00f3n que dej\u00f3 facturas del impredial por las nubes. Se suspende plataforma de liquidaciones.\u00bb \u2014 \u25b7 Noticias de Casanare : Martha Cifuentes | Casanare\" src=\"https:\/\/marthacifuentes.com\/portada\/2025\/03\/10\/alcaldia-de-yopal-revisara-con-lupa-parametrizacion-que-dejo-facturas-del-impredial-por-las-nubes-se-suspende-plataforma-de-liquidaciones\/embed\/#?secret=A6dhILtTwx#?secret=ZYOuB31gyX\" width=\"600\" height=\"649\" frameborder=\"0\" marginwidth=\"0\" marginheight=\"0\" scrolling=\"no\" sandbox=\"allow-scripts\" data-secret=\"ZYOuB31gyX\" data-mce-fragment=\"1\"><\/iframe><\/p>\n<p><iframe loading=\"lazy\" class=\"wp-embedded-content\" title=\"\u00ab\u00bfQu\u00e9 tal esto? Impuesto predial NO debi\u00f3 subir m\u00e1s del 5.2% para mayor\u00eda en Yopal, seg\u00fan CATASIG SAS EICE.\u00bb \u2014 \u25b7 Noticias de Casanare : Martha Cifuentes | Casanare\" src=\"https:\/\/marthacifuentes.com\/portada\/2025\/03\/07\/que-tal-esto-impuesto-predial-no-debio-subir-mas-del-5-2-para-mayoria-en-yopal-segun-catasig-sas-eice\/embed\/#?secret=VYk9SzwHhU#?secret=VJZiuupbee\" width=\"600\" height=\"627\" frameborder=\"0\" marginwidth=\"0\" marginheight=\"0\" scrolling=\"no\" sandbox=\"allow-scripts\" data-secret=\"VJZiuupbee\" data-mce-fragment=\"1\"><\/iframe><\/p>\n<p><iframe loading=\"lazy\" class=\"wp-embedded-content\" title=\"\u00abV\u00eda Vado Hondo-Labranzagrande-Yopal, con solo 25% de avance, recibe empuj\u00f3n de 33.6 mil millones para salir del atraso\u00bb\u00bb \u2014 \u25b7 Noticias de Casanare : Martha Cifuentes | Casanare\" src=\"https:\/\/marthacifuentes.com\/portada\/2025\/03\/07\/via-vado-hondo-labranzagrande-yopal-con-solo-25-de-avance-recibe-empujon-de-33-6-mil-millones-para-salir-del-atraso\/embed\/#?secret=5gANrLt4yj#?secret=zJqZmAwj4n\" width=\"600\" height=\"649\" frameborder=\"0\" marginwidth=\"0\" marginheight=\"0\" scrolling=\"no\" sandbox=\"allow-scripts\" data-secret=\"zJqZmAwj4n\" data-mce-fragment=\"1\"><\/iframe><\/p>\n<p><iframe loading=\"lazy\" class=\"wp-embedded-content\" title=\"\u00abZorro le apuesta a las placas huella: Comunidad y gobierno unidos para mejorar v\u00edas rurales\u00bb \u2014 \u25b7 Noticias de Casanare : Martha Cifuentes | Casanare\" src=\"https:\/\/marthacifuentes.com\/portada\/2025\/03\/07\/zorro-le-apuesta-a-las-placas-huella-comunidad-y-gobierno-unidos-para-mejorar-vias-rurales\/embed\/#?secret=M9lKnUCmt5#?secret=hKr0cRub0M\" width=\"600\" height=\"621\" frameborder=\"0\" marginwidth=\"0\" marginheight=\"0\" scrolling=\"no\" sandbox=\"allow-scripts\" data-secret=\"hKr0cRub0M\" data-mce-fragment=\"1\"><\/iframe><\/p>\n<p><iframe loading=\"lazy\" class=\"wp-embedded-content\" title=\"\u00abMa\u00f1ana inauguraci\u00f3n de Tienda Casanare, espacio de artesanos, con apoyo de la gestora social departamental\u00bb \u2014 \u25b7 Noticias de Casanare : Martha Cifuentes | Casanare\" src=\"https:\/\/marthacifuentes.com\/portada\/2025\/03\/07\/manana-inauguracion-de-tienda-casanare-espacio-de-artesanos-con-apoyo-de-la-gestora-social-departamental\/embed\/#?secret=jEoeOWt09D#?secret=XCafYluTNK\" width=\"600\" height=\"610\" frameborder=\"0\" marginwidth=\"0\" marginheight=\"0\" scrolling=\"no\" sandbox=\"allow-scripts\" data-secret=\"XCafYluTNK\" data-mce-fragment=\"1\"><\/iframe><\/p>\n<p><iframe loading=\"lazy\" class=\"wp-embedded-content\" title=\"\u00abParadoja de la violencia de g\u00e9nero: Mujer es imputada por homicidio de su pareja sentimental en Yopal\u00bb \u2014 \u25b7 Noticias de Casanare : Martha Cifuentes | Casanare\" src=\"https:\/\/marthacifuentes.com\/portada\/2025\/03\/06\/paradoja-de-la-violencia-de-genero-mujer-es-imputada-por-homicidio-de-su-pareja-sentimental-en-yopal\/embed\/#?secret=IqLVfOK67b#?secret=6aGxO59u0C\" width=\"600\" height=\"621\" frameborder=\"0\" marginwidth=\"0\" marginheight=\"0\" scrolling=\"no\" sandbox=\"allow-scripts\" data-secret=\"6aGxO59u0C\" data-mce-fragment=\"1\"><\/iframe><\/p>\n<p><iframe loading=\"lazy\" class=\"wp-embedded-content\" title=\"\u00abExsecretario de Hacienda pod\u00eda y NO evit\u00f3 el \u2018golpe\u2019 del predial en Yopal\u00bb \u2014 \u25b7 Noticias de Casanare : Martha Cifuentes | Casanare\" src=\"https:\/\/marthacifuentes.com\/portada\/2025\/03\/06\/exsecretario-de-hacienda-podia-y-no-evito-el-golpe-del-predial-en-yopal\/embed\/#?secret=kC1Z0ZiUib#?secret=UAvQ4RPonL\" width=\"600\" height=\"577\" frameborder=\"0\" marginwidth=\"0\" marginheight=\"0\" scrolling=\"no\" sandbox=\"allow-scripts\" data-secret=\"UAvQ4RPonL\" data-mce-fragment=\"1\"><\/iframe><\/p>\n<p><iframe loading=\"lazy\" class=\"wp-embedded-content\" title=\"\u00abArroceros bloquean Marginal del Llano a la entrada de Yopal. \u00a0\u00bb \u2014 \u25b7 Noticias de Casanare : Martha Cifuentes | Casanare\" src=\"https:\/\/marthacifuentes.com\/portada\/2025\/03\/06\/arroceros-bloquean-marginal-del-llano-a-la-entrada-de-yopal\/embed\/#?secret=Rsl6DYjK4l#?secret=bCSXfY40G7\" width=\"600\" height=\"600\" frameborder=\"0\" marginwidth=\"0\" marginheight=\"0\" scrolling=\"no\" sandbox=\"allow-scripts\" data-secret=\"bCSXfY40G7\" data-mce-fragment=\"1\"><\/iframe><\/p>\n<p><iframe loading=\"lazy\" class=\"wp-embedded-content\" title=\"\u00abEl predial no perdona: Secretaria de Planeaci\u00f3n cae y llega una \u2018vieja amiga\u2019 del alcalde de Yopal\u00bb \u2014 \u25b7 Noticias de Casanare : Martha Cifuentes | Casanare\" src=\"https:\/\/marthacifuentes.com\/portada\/2025\/03\/04\/el-predial-no-perdona-secretaria-de-planeacion-cae-y-llega-una-vieja-amiga-del-alcalde-de-yopal\/embed\/#?secret=B8RzMEB60v#?secret=t8fY0Yci38\" width=\"600\" height=\"598\" frameborder=\"0\" marginwidth=\"0\" marginheight=\"0\" scrolling=\"no\" sandbox=\"allow-scripts\" data-secret=\"t8fY0Yci38\" data-mce-fragment=\"1\"><\/iframe><\/p>\n<p><iframe loading=\"lazy\" class=\"wp-embedded-content\" title=\"\u00abContrato de tablets en la mira: Gobernador Zorro defiende, diputado Garc\u00eda cuestiona y el debate arde\u00bb \u2014 \u25b7 Noticias de Casanare : Martha Cifuentes | Casanare\" src=\"https:\/\/marthacifuentes.com\/portada\/2025\/03\/04\/contrato-de-tablets-en-la-mira-gobernador-zorro-defiende-diputado-garcia-cuestiona-y-el-debate-arde\/embed\/#?secret=JFlOM1mqS7#?secret=cgyzNTiKTN\" width=\"600\" height=\"598\" frameborder=\"0\" marginwidth=\"0\" marginheight=\"0\" scrolling=\"no\" sandbox=\"allow-scripts\" data-secret=\"cgyzNTiKTN\" data-mce-fragment=\"1\"><\/iframe><\/p>\n<p><iframe loading=\"lazy\" class=\"wp-embedded-content\" title=\"\u00abEl predial le pas\u00f3 factura y pag\u00f3 caro: Renunci\u00f3 secretario de Hacienda de Yopal\u00bb \u2014 \u25b7 Noticias de Casanare : Martha Cifuentes | Casanare\" src=\"https:\/\/marthacifuentes.com\/portada\/2025\/03\/03\/el-predial-le-paso-factura-y-pago-caro-renuncio-secretario-de-hacienda-de-yopal\/embed\/#?secret=sGdLmAdVGL#?secret=zUyggyCWGI\" width=\"600\" height=\"621\" frameborder=\"0\" marginwidth=\"0\" marginheight=\"0\" scrolling=\"no\" sandbox=\"allow-scripts\" data-secret=\"zUyggyCWGI\" data-mce-fragment=\"1\"><\/iframe><\/p>\n<p><iframe loading=\"lazy\" class=\"wp-embedded-content\" title=\"\u00abAlcald\u00eda de Yopal conoc\u00eda de exagerados incrementos en aval\u00faos catastrales, seg\u00fan CATASIG SAS. Ante protestas por costos impredial ahora busca paliativos.\u00bb \u2014 \u25b7 Noticias de Casanare : Martha Cifuentes | Casanare\" src=\"https:\/\/marthacifuentes.com\/portada\/2025\/02\/26\/alcaldia-de-yopal-conocia-de-exagerados-incrementos-en-avaluos-catastrales-segun-catasig-sas-ante-protestas-por-costos-impredial-ahora-busca-paliativos\/embed\/#?secret=VybmMOpyFN#?secret=UIMRpx8ygW\" width=\"600\" height=\"649\" frameborder=\"0\" marginwidth=\"0\" marginheight=\"0\" scrolling=\"no\" sandbox=\"allow-scripts\" data-secret=\"UIMRpx8ygW\" data-mce-fragment=\"1\"><\/iframe><\/p>\n<p><iframe loading=\"lazy\" class=\"wp-embedded-content\" title=\"\u00abCon cascarilla de arroz, Grupo Diana genera su propia energ\u00eda en planta de producci\u00f3n Yopal\u00bb \u2014 \u25b7 Noticias de Casanare : Martha Cifuentes | Casanare\" src=\"https:\/\/marthacifuentes.com\/portada\/2025\/02\/21\/con-cascarilla-de-arroz-grupo-diana-genera-su-propia-energia-en-planta-de-produccion-yopal\/embed\/#?secret=qL4vKFrAh8#?secret=9au31rwqu7\" width=\"600\" height=\"621\" frameborder=\"0\" marginwidth=\"0\" marginheight=\"0\" scrolling=\"no\" sandbox=\"allow-scripts\" data-secret=\"9au31rwqu7\" data-mce-fragment=\"1\"><\/iframe><\/p>\n<p><iframe loading=\"lazy\" class=\"wp-embedded-content\" title=\"\u00abEj\u00e9rcito desmonta bandera del ELN dejada en puente peatonal de El Charte, Yopal\u00bb \u2014 \u25b7 Noticias de Casanare : Martha Cifuentes | Casanare\" src=\"https:\/\/marthacifuentes.com\/portada\/2025\/02\/19\/ejercito-desmonta-bandera-del-eln-dejada-en-puente-peatonal-de-el-charte-yopal\/embed\/#?secret=EhbHPDH4bU#?secret=tzDiNDt6rI\" width=\"600\" height=\"600\" frameborder=\"0\" marginwidth=\"0\" marginheight=\"0\" scrolling=\"no\" sandbox=\"allow-scripts\" data-secret=\"tzDiNDt6rI\" data-mce-fragment=\"1\"><\/iframe><\/p>\n<p><iframe loading=\"lazy\" class=\"wp-embedded-content\" title=\"\u00abEsto es lo que se sabe sobre nuevo sicariado en La Bendici\u00f3n en Yopal. Al menos van 7 muertos bajo esta modalidad.\u00bb \u2014 \u25b7 Noticias de Casanare : Martha Cifuentes | Casanare\" src=\"https:\/\/marthacifuentes.com\/portada\/2025\/02\/19\/esto-es-lo-que-se-sabe-sobre-nuevo-sicariado-en-la-bendicion-en-yopal-al-menos-van-7-muertos-bajo-esta-modalidad\/embed\/#?secret=rStmj1KEI1#?secret=KcADSBjDOG\" width=\"600\" height=\"649\" frameborder=\"0\" marginwidth=\"0\" marginheight=\"0\" scrolling=\"no\" sandbox=\"allow-scripts\" data-secret=\"KcADSBjDOG\" data-mce-fragment=\"1\"><\/iframe><\/p>\n","protected":false},"excerpt":{"rendered":"<p>La pr\u00f3xima semana se llevar\u00e1 a cabo una audiencia p\u00fablica en la que se analizar\u00e1 el funcionamiento del Programa de Alimentaci\u00f3n Escolar (PAE) en las 24 instituciones educativas de la ciudad. El PAE, que inici\u00f3 el 20 de enero y se extender\u00e1 hasta el 19 de julio de 2025. Este espacio, convocado por las autoridades &hellip;<\/p>\n","protected":false},"author":2,"featured_media":34815,"comment_status":"open","ping_status":"open","sticky":false,"template":"","format":"standard","meta":{"om_disable_all_campaigns":false,"_exactmetrics_skip_tracking":false,"_exactmetrics_sitenote_active":false,"_exactmetrics_sitenote_note":"","_exactmetrics_sitenote_category":0,"_monsterinsights_skip_tracking":false,"_monsterinsights_sitenote_active":false,"_monsterinsights_sitenote_note":"","_monsterinsights_sitenote_category":0,"_uf_show_specific_survey":0,"_uf_disable_surveys":false,"_joinchat":[],"footnotes":""},"categories":[147,146,145],"tags":[11831,11832,11833,11834,11835,11830,11836,2033,11837],"class_list":["post-34813","post","type-post","status-publish","format-standard","has-post-thumbnail","hentry","category-actualidad","category-noticias","category-reportajes","tag-audiencia-publica-pae-yopal","tag-contrato-4080-de-2024-pae-yopal","tag-david-diaz-sanchez-secretario-de-educacion","tag-marco-tulio-ruiz-alcalde-yopal","tag-poblacion-pae-2024","tag-programa-de-alimentacion-escolar-pae-yopal","tag-raciones-alimenticias-yopal","tag-secretaria-de-educacion-yopal","tag-unidad-de-alimentos-para-educar-uapa"],"yoast_head":"<!-- This site is optimized with the Yoast SEO plugin v26.1 - https:\/\/yoast.com\/wordpress\/plugins\/seo\/ -->\n<title>El PAE en Yopal al tablero: En Audiencia p\u00fablica se ver\u00e1 si se est\u00e1 haciendo bien o no, la tarea. - \u25b7 Noticias de Casanare : Martha Cifuentes | Casanare<\/title>\n<meta name=\"robots\" content=\"index, follow, max-snippet:-1, max-image-preview:large, max-video-preview:-1\" \/>\n<link rel=\"canonical\" href=\"https:\/\/marthacifuentes.com\/portada\/el-pae-en-yopal-al-tablero-en-audiencia-publica-se-vera-si-se-esta-haciendo-bien-o-no-la-tarea\/\" \/>\n<meta property=\"og:locale\" content=\"es_ES\" \/>\n<meta property=\"og:type\" content=\"article\" \/>\n<meta property=\"og:title\" content=\"El PAE en Yopal al tablero: En Audiencia p\u00fablica se ver\u00e1 si se est\u00e1 haciendo bien o no, la tarea. - \u25b7 Noticias de Casanare : Martha Cifuentes | Casanare\" \/>\n<meta property=\"og:description\" content=\"La pr\u00f3xima semana se llevar\u00e1 a cabo una audiencia p\u00fablica en la que se analizar\u00e1 el funcionamiento del Programa de Alimentaci\u00f3n Escolar (PAE) en las 24 instituciones educativas de la ciudad. El PAE, que inici\u00f3 el 20 de enero y se extender\u00e1 hasta el 19 de julio de 2025. Este espacio, convocado por las autoridades &hellip;\" \/>\n<meta property=\"og:url\" content=\"https:\/\/marthacifuentes.com\/portada\/el-pae-en-yopal-al-tablero-en-audiencia-publica-se-vera-si-se-esta-haciendo-bien-o-no-la-tarea\/\" \/>\n<meta property=\"og:site_name\" content=\"\u25b7 Noticias de Casanare : Martha Cifuentes | Casanare\" \/>\n<meta property=\"article:published_time\" content=\"2025-03-13T13:25:52+00:00\" \/>\n<meta property=\"article:modified_time\" content=\"2025-03-13T13:27:00+00:00\" \/>\n<meta property=\"og:image\" content=\"https:\/\/marthacifuentes.com\/portada\/wp-content\/uploads\/2025\/03\/F-MESA-PAE.png\" \/>\n\t<meta property=\"og:image:width\" content=\"1024\" \/>\n\t<meta property=\"og:image:height\" content=\"1024\" \/>\n\t<meta property=\"og:image:type\" content=\"image\/png\" \/>\n<meta name=\"author\" content=\"Martha Cifuentes\" \/>\n<meta name=\"twitter:card\" content=\"summary_large_image\" \/>\n<meta name=\"twitter:label1\" content=\"Escrito por\" \/>\n\t<meta name=\"twitter:data1\" content=\"Martha Cifuentes\" \/>\n\t<meta name=\"twitter:label2\" content=\"Tiempo de lectura\" \/>\n\t<meta name=\"twitter:data2\" content=\"2 minutos\" \/>\n<script type=\"application\/ld+json\" class=\"yoast-schema-graph\">{\"@context\":\"https:\/\/schema.org\",\"@graph\":[{\"@type\":\"WebPage\",\"@id\":\"https:\/\/marthacifuentes.com\/portada\/el-pae-en-yopal-al-tablero-en-audiencia-publica-se-vera-si-se-esta-haciendo-bien-o-no-la-tarea\/\",\"url\":\"https:\/\/marthacifuentes.com\/portada\/el-pae-en-yopal-al-tablero-en-audiencia-publica-se-vera-si-se-esta-haciendo-bien-o-no-la-tarea\/\",\"name\":\"El PAE en Yopal al tablero: En Audiencia p\u00fablica se ver\u00e1 si se est\u00e1 haciendo bien o no, la tarea. - \u25b7 Noticias de Casanare : Martha Cifuentes | Casanare\",\"isPartOf\":{\"@id\":\"https:\/\/marthacifuentes.com\/portada\/#website\"},\"primaryImageOfPage\":{\"@id\":\"https:\/\/marthacifuentes.com\/portada\/el-pae-en-yopal-al-tablero-en-audiencia-publica-se-vera-si-se-esta-haciendo-bien-o-no-la-tarea\/#primaryimage\"},\"image\":{\"@id\":\"https:\/\/marthacifuentes.com\/portada\/el-pae-en-yopal-al-tablero-en-audiencia-publica-se-vera-si-se-esta-haciendo-bien-o-no-la-tarea\/#primaryimage\"},\"thumbnailUrl\":\"https:\/\/marthacifuentes.com\/portada\/wp-content\/uploads\/2025\/03\/F-MESA-PAE.png\",\"datePublished\":\"2025-03-13T13:25:52+00:00\",\"dateModified\":\"2025-03-13T13:27:00+00:00\",\"author\":{\"@id\":\"https:\/\/marthacifuentes.com\/portada\/#\/schema\/person\/57f53174b991db5f90ff78d58502b714\"},\"breadcrumb\":{\"@id\":\"https:\/\/marthacifuentes.com\/portada\/el-pae-en-yopal-al-tablero-en-audiencia-publica-se-vera-si-se-esta-haciendo-bien-o-no-la-tarea\/#breadcrumb\"},\"inLanguage\":\"es\",\"potentialAction\":[{\"@type\":\"ReadAction\",\"target\":[\"https:\/\/marthacifuentes.com\/portada\/el-pae-en-yopal-al-tablero-en-audiencia-publica-se-vera-si-se-esta-haciendo-bien-o-no-la-tarea\/\"]}]},{\"@type\":\"ImageObject\",\"inLanguage\":\"es\",\"@id\":\"https:\/\/marthacifuentes.com\/portada\/el-pae-en-yopal-al-tablero-en-audiencia-publica-se-vera-si-se-esta-haciendo-bien-o-no-la-tarea\/#primaryimage\",\"url\":\"https:\/\/marthacifuentes.com\/portada\/wp-content\/uploads\/2025\/03\/F-MESA-PAE.png\",\"contentUrl\":\"https:\/\/marthacifuentes.com\/portada\/wp-content\/uploads\/2025\/03\/F-MESA-PAE.png\",\"width\":1024,\"height\":1024},{\"@type\":\"BreadcrumbList\",\"@id\":\"https:\/\/marthacifuentes.com\/portada\/el-pae-en-yopal-al-tablero-en-audiencia-publica-se-vera-si-se-esta-haciendo-bien-o-no-la-tarea\/#breadcrumb\",\"itemListElement\":[{\"@type\":\"ListItem\",\"position\":1,\"name\":\"Portada\",\"item\":\"https:\/\/marthacifuentes.com\/portada\/\"},{\"@type\":\"ListItem\",\"position\":2,\"name\":\"El PAE en Yopal al tablero: En Audiencia p\u00fablica se ver\u00e1 si se est\u00e1 haciendo bien o no, la tarea.\"}]},{\"@type\":\"WebSite\",\"@id\":\"https:\/\/marthacifuentes.com\/portada\/#website\",\"url\":\"https:\/\/marthacifuentes.com\/portada\/\",\"name\":\"\u25b7 Noticias de Casanare : Martha Cifuentes | Casanare\",\"description\":\"Noticias &amp; Contenidos\",\"potentialAction\":[{\"@type\":\"SearchAction\",\"target\":{\"@type\":\"EntryPoint\",\"urlTemplate\":\"https:\/\/marthacifuentes.com\/portada\/?s={search_term_string}\"},\"query-input\":{\"@type\":\"PropertyValueSpecification\",\"valueRequired\":true,\"valueName\":\"search_term_string\"}}],\"inLanguage\":\"es\"},{\"@type\":\"Person\",\"@id\":\"https:\/\/marthacifuentes.com\/portada\/#\/schema\/person\/57f53174b991db5f90ff78d58502b714\",\"name\":\"Martha Cifuentes\",\"image\":{\"@type\":\"ImageObject\",\"inLanguage\":\"es\",\"@id\":\"https:\/\/marthacifuentes.com\/portada\/#\/schema\/person\/image\/\",\"url\":\"http:\/\/marthacifuentes.com\/portada\/wp-content\/uploads\/2018\/06\/avatar_user_2_1528838701-96x96.jpg\",\"contentUrl\":\"http:\/\/marthacifuentes.com\/portada\/wp-content\/uploads\/2018\/06\/avatar_user_2_1528838701-96x96.jpg\",\"caption\":\"Martha Cifuentes\"},\"sameAs\":[\"http:\/\/www.marthacifuentes.com\"],\"url\":\"https:\/\/marthacifuentes.com\/portada\/author\/martha\/\"}]}<\/script>\n<!-- \/ Yoast SEO plugin. -->","yoast_head_json":{"title":"El PAE en Yopal al tablero: En Audiencia p\u00fablica se ver\u00e1 si se est\u00e1 haciendo bien o no, la tarea. - \u25b7 Noticias de Casanare : Martha Cifuentes | Casanare","robots":{"index":"index","follow":"follow","max-snippet":"max-snippet:-1","max-image-preview":"max-image-preview:large","max-video-preview":"max-video-preview:-1"},"canonical":"https:\/\/marthacifuentes.com\/portada\/el-pae-en-yopal-al-tablero-en-audiencia-publica-se-vera-si-se-esta-haciendo-bien-o-no-la-tarea\/","og_locale":"es_ES","og_type":"article","og_title":"El PAE en Yopal al tablero: En Audiencia p\u00fablica se ver\u00e1 si se est\u00e1 haciendo bien o no, la tarea. - \u25b7 Noticias de Casanare : Martha Cifuentes | Casanare","og_description":"La pr\u00f3xima semana se llevar\u00e1 a cabo una audiencia p\u00fablica en la que se analizar\u00e1 el funcionamiento del Programa de Alimentaci\u00f3n Escolar (PAE) en las 24 instituciones educativas de la ciudad. El PAE, que inici\u00f3 el 20 de enero y se extender\u00e1 hasta el 19 de julio de 2025. Este espacio, convocado por las autoridades &hellip;","og_url":"https:\/\/marthacifuentes.com\/portada\/el-pae-en-yopal-al-tablero-en-audiencia-publica-se-vera-si-se-esta-haciendo-bien-o-no-la-tarea\/","og_site_name":"\u25b7 Noticias de Casanare : Martha Cifuentes | Casanare","article_published_time":"2025-03-13T13:25:52+00:00","article_modified_time":"2025-03-13T13:27:00+00:00","og_image":[{"width":1024,"height":1024,"url":"https:\/\/marthacifuentes.com\/portada\/wp-content\/uploads\/2025\/03\/F-MESA-PAE.png","type":"image\/png"}],"author":"Martha Cifuentes","twitter_card":"summary_large_image","twitter_misc":{"Escrito por":"Martha Cifuentes","Tiempo de lectura":"2 minutos"},"schema":{"@context":"https:\/\/schema.org","@graph":[{"@type":"WebPage","@id":"https:\/\/marthacifuentes.com\/portada\/el-pae-en-yopal-al-tablero-en-audiencia-publica-se-vera-si-se-esta-haciendo-bien-o-no-la-tarea\/","url":"https:\/\/marthacifuentes.com\/portada\/el-pae-en-yopal-al-tablero-en-audiencia-publica-se-vera-si-se-esta-haciendo-bien-o-no-la-tarea\/","name":"El PAE en Yopal al tablero: En Audiencia p\u00fablica se ver\u00e1 si se est\u00e1 haciendo bien o no, la tarea. - \u25b7 Noticias de Casanare : Martha Cifuentes | Casanare","isPartOf":{"@id":"https:\/\/marthacifuentes.com\/portada\/#website"},"primaryImageOfPage":{"@id":"https:\/\/marthacifuentes.com\/portada\/el-pae-en-yopal-al-tablero-en-audiencia-publica-se-vera-si-se-esta-haciendo-bien-o-no-la-tarea\/#primaryimage"},"image":{"@id":"https:\/\/marthacifuentes.com\/portada\/el-pae-en-yopal-al-tablero-en-audiencia-publica-se-vera-si-se-esta-haciendo-bien-o-no-la-tarea\/#primaryimage"},"thumbnailUrl":"https:\/\/marthacifuentes.com\/portada\/wp-content\/uploads\/2025\/03\/F-MESA-PAE.png","datePublished":"2025-03-13T13:25:52+00:00","dateModified":"2025-03-13T13:27:00+00:00","author":{"@id":"https:\/\/marthacifuentes.com\/portada\/#\/schema\/person\/57f53174b991db5f90ff78d58502b714"},"breadcrumb":{"@id":"https:\/\/marthacifuentes.com\/portada\/el-pae-en-yopal-al-tablero-en-audiencia-publica-se-vera-si-se-esta-haciendo-bien-o-no-la-tarea\/#breadcrumb"},"inLanguage":"es","potentialAction":[{"@type":"ReadAction","target":["https:\/\/marthacifuentes.com\/portada\/el-pae-en-yopal-al-tablero-en-audiencia-publica-se-vera-si-se-esta-haciendo-bien-o-no-la-tarea\/"]}]},{"@type":"ImageObject","inLanguage":"es","@id":"https:\/\/marthacifuentes.com\/portada\/el-pae-en-yopal-al-tablero-en-audiencia-publica-se-vera-si-se-esta-haciendo-bien-o-no-la-tarea\/#primaryimage","url":"https:\/\/marthacifuentes.com\/portada\/wp-content\/uploads\/2025\/03\/F-MESA-PAE.png","contentUrl":"https:\/\/marthacifuentes.com\/portada\/wp-content\/uploads\/2025\/03\/F-MESA-PAE.png","width":1024,"height":1024},{"@type":"BreadcrumbList","@id":"https:\/\/marthacifuentes.com\/portada\/el-pae-en-yopal-al-tablero-en-audiencia-publica-se-vera-si-se-esta-haciendo-bien-o-no-la-tarea\/#breadcrumb","itemListElement":[{"@type":"ListItem","position":1,"name":"Portada","item":"https:\/\/marthacifuentes.com\/portada\/"},{"@type":"ListItem","position":2,"name":"El PAE en Yopal al tablero: En Audiencia p\u00fablica se ver\u00e1 si se est\u00e1 haciendo bien o no, la tarea."}]},{"@type":"WebSite","@id":"https:\/\/marthacifuentes.com\/portada\/#website","url":"https:\/\/marthacifuentes.com\/portada\/","name":"\u25b7 Noticias de Casanare : Martha Cifuentes | Casanare","description":"Noticias &amp; Contenidos","potentialAction":[{"@type":"SearchAction","target":{"@type":"EntryPoint","urlTemplate":"https:\/\/marthacifuentes.com\/portada\/?s={search_term_string}"},"query-input":{"@type":"PropertyValueSpecification","valueRequired":true,"valueName":"search_term_string"}}],"inLanguage":"es"},{"@type":"Person","@id":"https:\/\/marthacifuentes.com\/portada\/#\/schema\/person\/57f53174b991db5f90ff78d58502b714","name":"Martha Cifuentes","image":{"@type":"ImageObject","inLanguage":"es","@id":"https:\/\/marthacifuentes.com\/portada\/#\/schema\/person\/image\/","url":"http:\/\/marthacifuentes.com\/portada\/wp-content\/uploads\/2018\/06\/avatar_user_2_1528838701-96x96.jpg","contentUrl":"http:\/\/marthacifuentes.com\/portada\/wp-content\/uploads\/2018\/06\/avatar_user_2_1528838701-96x96.jpg","caption":"Martha Cifuentes"},"sameAs":["http:\/\/www.marthacifuentes.com"],"url":"https:\/\/marthacifuentes.com\/portada\/author\/martha\/"}]}},"_links":{"self":[{"href":"https:\/\/marthacifuentes.com\/portada\/wp-json\/wp\/v2\/posts\/34813","targetHints":{"allow":["GET"]}}],"collection":[{"href":"https:\/\/marthacifuentes.com\/portada\/wp-json\/wp\/v2\/posts"}],"about":[{"href":"https:\/\/marthacifuentes.com\/portada\/wp-json\/wp\/v2\/types\/post"}],"author":[{"embeddable":true,"href":"https:\/\/marthacifuentes.com\/portada\/wp-json\/wp\/v2\/users\/2"}],"replies":[{"embeddable":true,"href":"https:\/\/marthacifuentes.com\/portada\/wp-json\/wp\/v2\/comments?post=34813"}],"version-history":[{"count":2,"href":"https:\/\/marthacifuentes.com\/portada\/wp-json\/wp\/v2\/posts\/34813\/revisions"}],"predecessor-version":[{"id":34817,"href":"https:\/\/marthacifuentes.com\/portada\/wp-json\/wp\/v2\/posts\/34813\/revisions\/34817"}],"wp:featuredmedia":[{"embeddable":true,"href":"https:\/\/marthacifuentes.com\/portada\/wp-json\/wp\/v2\/media\/34815"}],"wp:attachment":[{"href":"https:\/\/marthacifuentes.com\/portada\/wp-json\/wp\/v2\/media?parent=34813"}],"wp:term":[{"taxonomy":"category","embeddable":true,"href":"https:\/\/marthacifuentes.com\/portada\/wp-json\/wp\/v2\/categories?post=34813"},{"taxonomy":"post_tag","embeddable":true,"href":"https:\/\/marthacifuentes.com\/portada\/wp-json\/wp\/v2\/tags?post=34813"}],"curies":[{"name":"wp","href":"https:\/\/api.w.org\/{rel}","templated":true}]}}