{"id":34890,"date":"2025-03-19T10:40:35","date_gmt":"2025-03-19T15:40:35","guid":{"rendered":"https:\/\/marthacifuentes.com\/portada\/?p=34890"},"modified":"2025-03-19T10:40:35","modified_gmt":"2025-03-19T15:40:35","slug":"getsemani-por-fin-tendra-servicios-publicos-tribunal-ordena-soluciones-urgentes-a-urbanizador-alcaldia-de-yopal-y-eaaay","status":"publish","type":"post","link":"https:\/\/marthacifuentes.com\/portada\/getsemani-por-fin-tendra-servicios-publicos-tribunal-ordena-soluciones-urgentes-a-urbanizador-alcaldia-de-yopal-y-eaaay\/","title":{"rendered":"Getseman\u00ed, por fin tendr\u00e1 servicios p\u00fablicos. Tribunal ordena soluciones urgentes a urbanizador, Alcald\u00eda de Yopal y Eaaay."},"content":{"rendered":"<p>El\u00a0<strong>Tribunal Administrativo de Casanare<\/strong>\u00a0quiere poner fin a una d\u00e9cada de abandono y fallas en la prestaci\u00f3n de servicios p\u00fablicos en la\u00a0<strong>Urbanizaci\u00f3n Getseman\u00ed<\/strong>, ubicada en Yopal. Se orden\u00f3 al\u00a0<strong>Municipio de Yopal<\/strong>, a la\u00a0<strong>Empresa de Acueducto, Alcantarillado y Aseo de Yopal, Eaaay,<\/strong>\u00a0y al urbanizador\u00a0<strong>Manuel Modesto Castro Correa<\/strong>\u00a0tomar medidas urgentes para garantizar el acceso al agua potable y el alcantarillado.<\/p>\n<p>La decisi\u00f3n judicial emanada el pasado 13 de marzo se da en respuesta a un recurso de apelaci\u00f3n interpuesto por la accionante Defensor\u00eda del Pueblo, y de la accionada Eaaay, contra la sentencia proferida por el Juzgado Segundo Administrativo de Yopal en noviembre 7 de 2023 que ordenaba el cumplimiento de los servicios p\u00fablicos.<\/p>\n<p><img loading=\"lazy\" decoding=\"async\" class=\" wp-image-34881 aligncenter\" src=\"https:\/\/marthacifuentes.com\/portada\/wp-content\/uploads\/2025\/03\/F-RESUELVE-CASO-GETSEMANI.png\" alt=\"\" width=\"340\" height=\"836\" srcset=\"https:\/\/marthacifuentes.com\/portada\/wp-content\/uploads\/2025\/03\/F-RESUELVE-CASO-GETSEMANI.png 379w, https:\/\/marthacifuentes.com\/portada\/wp-content\/uploads\/2025\/03\/F-RESUELVE-CASO-GETSEMANI-122x300.png 122w\" sizes=\"auto, (max-width: 340px) 100vw, 340px\" \/><\/p>\n<p><strong>Gobierno de Jorge Garc\u00eda otorg\u00f3 licencia a urbanizaci\u00f3n sin servicios p\u00fablicos <\/strong><\/p>\n<p>El Contencioso Administrativo describe que la Alcald\u00eda de Yopal, en las \u00faltimas horas del gobierno de Jorge Eduardo Garc\u00eda Lizarazo, el 30 diciembre de 2015, concedi\u00f3 licencia de urbanizaci\u00f3n a la Inmobiliaria Getseman\u00ed SAS para desarrollar el proyecto en el predio ubicado en el pol\u00edgono 2 zona de expansi\u00f3n urbana de Yopal, Plan Parcial Rivarca y Asociados, certificando, enga\u00f1osamente, la disponibilidad de servicios p\u00fablicos b\u00e1sicos, acueducto, alcantarillado y energ\u00eda.<\/p>\n<p>Sin embargo, esta urbanizaci\u00f3n nunca cont\u00f3 con la infraestructura necesaria para prestar los servicios p\u00fablicos. Por ello, sus habitantes han tenido que recurrir a pozos s\u00e9pticos y suministros provisionales de agua, lo que ha generado un riesgo inminente de emergencia sanitaria.<\/p>\n<p>El Tribunal se\u00f1al\u00f3 que el\u00a0<strong>Municipio de Yopal<\/strong>\u00a0incumpli\u00f3 su deber de verificar las condiciones del proyecto antes de otorgar la licencia, mientras que la\u00a0<strong>EAAAY<\/strong>\u00a0no garantiz\u00f3 la construcci\u00f3n de las redes matrices necesarias para el suministro de agua y alcantarillado.<\/p>\n<p>&nbsp;<\/p>\n<p><strong>M\u00e1s errores de la Alcald\u00eda en gobiernos encargados en 2017 <\/strong><\/p>\n<p>En el entretanto y a\u00fan con el d\u00e9ficit de servicios p\u00fablicos, la Alcald\u00eda otorg\u00f3 licencia de construcci\u00f3n en junio de 2017, bajo uno de los tantos gobernantes encargados que tuvo la Alcald\u00eda en ese momento ante la destituci\u00f3n del alcalde Jhon Jairo Torres. Posteriormente en octubre de ese a\u00f1o, le fue revocada la licencia dada.<\/p>\n<p>Durante varios a\u00f1os el urbanizador, la Alcald\u00eda de Yopal y la Eaaay le han hecho el quite a solucionar el problema de d\u00e9ficit de los servicios p\u00fablicos en este sector marginal de Yopal y por ello la Defensor\u00eda del Pueblo en representaci\u00f3n de la poblaci\u00f3n afectada entabl\u00f3 una acci\u00f3n popular.<\/p>\n<p>&nbsp;<\/p>\n<p><strong>Las \u00f3rdenes del tribunal<\/strong><\/p>\n<p>Entre las \u00f3rdenes del Tribunal Administrativo de Casanare se destaca la obligaci\u00f3n de legalizar la urbanizaci\u00f3n en un plazo de\u00a0<strong>un mes<\/strong>, la construcci\u00f3n de redes primarias y secundarias de acueducto y alcantarillado en un plazo m\u00e1ximo de\u00a0<strong>un a\u00f1o<\/strong>, y la elaboraci\u00f3n de un\u00a0<strong>Plan de Contingencia<\/strong>\u00a0para evitar una emergencia sanitaria por el rebose de los pozos s\u00e9pticos. Adem\u00e1s, se prohibi\u00f3 la venta de lotes hasta que se solucionen los problemas de servicios p\u00fablicos.<\/p>\n<p>Estas deber\u00e1n ser cumplidas seg\u00fan sus competencias, por la Alcald\u00eda de Yopal, la Eaaay y el urbanizador Manuel Modesto Castro Correa.<\/p>\n<p>Para los habitantes de Getseman\u00ed, esta decisi\u00f3n significa un rayo de esperanza. \u00abLlevamos a\u00f1os viviendo en condiciones precarias, sin agua potable ni alcantarillado. Esta orden judicial es un alivio, pero esperamos que las autoridades cumplan\u00bb, expres\u00f3 un residente de la urbanizaci\u00f3n.<\/p>\n<p>Llama la atenci\u00f3n que en este caso de carencia de servicios p\u00fablicos en una urbanizaci\u00f3n \u201clegal\u201d, se debi\u00f3 a las omisiones de la Alcald\u00eda de Yopal, que otorg\u00f3 licencia de urbanizaci\u00f3n sin verificar la existencia de tales.<\/p>\n<p><a href=\"https:\/\/marthacifuentes.com\/portada\/wp-content\/uploads\/2025\/03\/FALLO-GETSEMANI.pdf\">FALLO GETSEMAN\u00cd<\/a><\/p>\n<h2>Otras noticias\u2026<\/h2>\n<blockquote class=\"wp-embedded-content\" data-secret=\"gWd8QtwIGG\"><p><a href=\"https:\/\/marthacifuentes.com\/portada\/2025\/03\/19\/por-fin-recetor-tendra-television-publica-por-orden-judicial\/\">\u00a1Por fin! Recetor tendr\u00e1 televisi\u00f3n p\u00fablica por orden judicial<\/a><\/p><\/blockquote>\n<p><iframe loading=\"lazy\" class=\"wp-embedded-content\" sandbox=\"allow-scripts\" security=\"restricted\" style=\"position: absolute; clip: rect(1px, 1px, 1px, 1px);\" title=\"\u00ab\u00a1Por fin! Recetor tendr\u00e1 televisi\u00f3n p\u00fablica por orden judicial\u00bb \u2014 \u25b7 Noticias de Casanare : Martha Cifuentes | Casanare\" src=\"https:\/\/marthacifuentes.com\/portada\/2025\/03\/19\/por-fin-recetor-tendra-television-publica-por-orden-judicial\/embed\/#?secret=p6m8ph6623#?secret=gWd8QtwIGG\" data-secret=\"gWd8QtwIGG\" width=\"500\" height=\"282\" frameborder=\"0\" marginwidth=\"0\" marginheight=\"0\" scrolling=\"no\"><\/iframe><\/p>\n<p><iframe loading=\"lazy\" class=\"wp-embedded-content\" title=\"\u00abAlcald\u00eda de Paz de Ariporo S\u00cd o S\u00ed a girar los recursos del alumbrado p\u00fablico a la empresa mixta municipal\u00bb \u2014 \u25b7 Noticias de Casanare : Martha Cifuentes | Casanare\" src=\"https:\/\/marthacifuentes.com\/portada\/2025\/03\/19\/alcaldia-de-paz-de-ariporo-si-o-si-a-girar-los-recursos-del-alumbrado-publico-a-la-empresa-mixta-municipal\/embed\/#?secret=Kxfj6mLbWj#?secret=S2MO452c4H\" width=\"600\" height=\"600\" frameborder=\"0\" marginwidth=\"0\" marginheight=\"0\" scrolling=\"no\" sandbox=\"allow-scripts\" data-secret=\"S2MO452c4H\" data-mce-fragment=\"1\"><\/iframe><\/p>\n<p><iframe loading=\"lazy\" class=\"wp-embedded-content\" title=\"\u00abCATASIG la empresa que actualiz\u00f3 el catastro de Yopal, tambi\u00e9n fue \u201ccontratada\u201d por la Alcald\u00eda para adecuar y dotar su propia sede.\u00bb \u2014 \u25b7 Noticias de Casanare : Martha Cifuentes | Casanare\" src=\"https:\/\/marthacifuentes.com\/portada\/2025\/03\/18\/catasig-la-empresa-que-actualizo-el-catastro-de-yopal-tambien-fue-contratada-por-la-alcaldia-para-adecuar-y-dotar-su-propia-sede\/embed\/#?secret=f4EuobaRzk#?secret=d0MUNnmwQM\" width=\"600\" height=\"606\" frameborder=\"0\" marginwidth=\"0\" marginheight=\"0\" scrolling=\"no\" sandbox=\"allow-scripts\" data-secret=\"d0MUNnmwQM\" data-mce-fragment=\"1\"><\/iframe><\/p>\n<p><iframe loading=\"lazy\" class=\"wp-embedded-content\" title=\"\u00abReforma Laboral: lo que plantea el gobierno y lo que cuestionan senadores que archivaron el proyecto.\u00bb \u2014 \u25b7 Noticias de Casanare : Martha Cifuentes | Casanare\" src=\"https:\/\/marthacifuentes.com\/portada\/2025\/03\/18\/reforma-laboral-lo-que-plantea-el-gobierno-y-lo-que-cuestionan-senadores-que-archivaron-el-proyecto\/embed\/#?secret=WK4hE1WtuE#?secret=kCvbXnVERD\" width=\"600\" height=\"621\" frameborder=\"0\" marginwidth=\"0\" marginheight=\"0\" scrolling=\"no\" sandbox=\"allow-scripts\" data-secret=\"kCvbXnVERD\" data-mce-fragment=\"1\"><\/iframe><\/p>\n<p><iframe loading=\"lazy\" class=\"wp-embedded-content\" title=\"\u00abEn Barrancabermeja colocaron valla los senadores que archivaron la reforma laboral.\u00bb \u2014 \u25b7 Noticias de Casanare : Martha Cifuentes | Casanare\" src=\"https:\/\/marthacifuentes.com\/portada\/2025\/03\/18\/en-barrancabermeja-colocaron-valla-los-senadores-que-archivaron-la-reforma-laboral\/embed\/#?secret=BnWVqzwR5Z#?secret=PF912sBjg2\" width=\"600\" height=\"621\" frameborder=\"0\" marginwidth=\"0\" marginheight=\"0\" scrolling=\"no\" sandbox=\"allow-scripts\" data-secret=\"PF912sBjg2\" data-mce-fragment=\"1\"><\/iframe><\/p>\n<p><iframe loading=\"lazy\" class=\"wp-embedded-content\" title=\"\u00abMuerte de embarazada en Man\u00ed, genera indignaci\u00f3n en la comunidad. Se investiga el hecho.\u00bb \u2014 \u25b7 Noticias de Casanare : Martha Cifuentes | Casanare\" src=\"https:\/\/marthacifuentes.com\/portada\/2025\/03\/17\/muerte-de-embarazada-en-mani-genera-indignacion-en-la-comunidad-se-investiga-el-hecho\/embed\/#?secret=aMLCVDn9XA#?secret=ozjEDjRnU0\" width=\"600\" height=\"621\" frameborder=\"0\" marginwidth=\"0\" marginheight=\"0\" scrolling=\"no\" sandbox=\"allow-scripts\" data-secret=\"ozjEDjRnU0\" data-mce-fragment=\"1\"><\/iframe><\/p>\n<p><iframe loading=\"lazy\" class=\"wp-embedded-content\" title=\"\u00abPor matar un perro hombre fue condenado a 4 a\u00f1os de prisi\u00f3n\u00bb \u2014 \u25b7 Noticias de Casanare : Martha Cifuentes | Casanare\" src=\"https:\/\/marthacifuentes.com\/portada\/2025\/03\/17\/por-matar-un-perro-hombre-fue-condenado-a-4-anos-de-prision\/embed\/#?secret=9hBVYIJbUs#?secret=B9GQhrwC8J\" width=\"600\" height=\"600\" frameborder=\"0\" marginwidth=\"0\" marginheight=\"0\" scrolling=\"no\" sandbox=\"allow-scripts\" data-secret=\"B9GQhrwC8J\" data-mce-fragment=\"1\"><\/iframe><\/p>\n<p><iframe loading=\"lazy\" class=\"wp-embedded-content\" title=\"\u00abEl Ej\u00e9rcito desmantel\u00f3 red de finanzas de disidencias Segunda Marquetalia en Vichada,\u00bb \u2014 \u25b7 Noticias de Casanare : Martha Cifuentes | Casanare\" src=\"https:\/\/marthacifuentes.com\/portada\/2025\/03\/17\/el-ejercito-desmantelo-red-de-finanzas-de-disidencias-segunda-marquetalia-en-vichada\/embed\/#?secret=Pq52zMKHNo#?secret=r4U5n4hWZO\" width=\"600\" height=\"621\" frameborder=\"0\" marginwidth=\"0\" marginheight=\"0\" scrolling=\"no\" sandbox=\"allow-scripts\" data-secret=\"r4U5n4hWZO\" data-mce-fragment=\"1\"><\/iframe><\/p>\n<p><iframe loading=\"lazy\" class=\"wp-embedded-content\" title=\"\u00abCreciente del r\u00edo Cusiana \u201cle agu\u00f3 la fiesta\u201d al Festival de Verano de Man\u00ed\u00bb \u2014 \u25b7 Noticias de Casanare : Martha Cifuentes | Casanare\" src=\"https:\/\/marthacifuentes.com\/portada\/2025\/03\/17\/creciente-del-rio-cusiana-le-aguo-la-fiesta-al-festival-de-verano-de-mani\/embed\/#?secret=VcS5Tzis3H#?secret=fpmbiXHcKQ\" width=\"600\" height=\"600\" frameborder=\"0\" marginwidth=\"0\" marginheight=\"0\" scrolling=\"no\" sandbox=\"allow-scripts\" data-secret=\"fpmbiXHcKQ\" data-mce-fragment=\"1\"><\/iframe><\/p>\n<p><iframe loading=\"lazy\" class=\"wp-embedded-content\" title=\"\u00abCasanare se pone las pilas contra la bacteria \u201cXylella fastidiosa\u201d que amenaza el agro\u00bb \u2014 \u25b7 Noticias de Casanare : Martha Cifuentes | Casanare\" src=\"https:\/\/marthacifuentes.com\/portada\/2025\/03\/17\/casanare-se-pone-las-pilas-contra-la-bacteria-xylella-fastidiosa-que-amenaza-el-agro\/embed\/#?secret=oQEvqk84WI#?secret=yeycySZTO6\" width=\"600\" height=\"590\" frameborder=\"0\" marginwidth=\"0\" marginheight=\"0\" scrolling=\"no\" sandbox=\"allow-scripts\" data-secret=\"yeycySZTO6\" data-mce-fragment=\"1\"><\/iframe><\/p>\n<p><iframe loading=\"lazy\" class=\"wp-embedded-content\" title=\"\u00abLe meten otro \u201cempuj\u00f3n\u201d a la v\u00eda Guanapalo-Orocu\u00e9: 4.5 kil\u00f3metros m\u00e1s de pavimento\u00bb \u2014 \u25b7 Noticias de Casanare : Martha Cifuentes | Casanare\" src=\"https:\/\/marthacifuentes.com\/portada\/2025\/03\/17\/le-meten-otro-empujon-a-la-via-guanapalo-orocue-4-5-kilometros-mas-de-pavimento\/embed\/#?secret=0aCxxlMDSN#?secret=BEeUA5hnJh\" width=\"600\" height=\"620\" frameborder=\"0\" marginwidth=\"0\" marginheight=\"0\" scrolling=\"no\" sandbox=\"allow-scripts\" data-secret=\"BEeUA5hnJh\" data-mce-fragment=\"1\"><\/iframe><\/p>\n<p><iframe loading=\"lazy\" class=\"wp-embedded-content\" title=\"\u00abLe meten otro \u201cempuj\u00f3n\u201d a la v\u00eda Guanapalo-Orocu\u00e9: 4.5 kil\u00f3metros m\u00e1s de pavimento\u00bb \u2014 \u25b7 Noticias de Casanare : Martha Cifuentes | Casanare\" src=\"https:\/\/marthacifuentes.com\/portada\/2025\/03\/17\/le-meten-otro-empujon-a-la-via-guanapalo-orocue-4-5-kilometros-mas-de-pavimento\/embed\/#?secret=0aCxxlMDSN#?secret=BEeUA5hnJh\" width=\"600\" height=\"620\" frameborder=\"0\" marginwidth=\"0\" marginheight=\"0\" scrolling=\"no\" sandbox=\"allow-scripts\" data-secret=\"BEeUA5hnJh\" data-mce-fragment=\"1\"><\/iframe><\/p>\n<p><iframe loading=\"lazy\" class=\"wp-embedded-content\" title=\"\u00abPlan Verano \u2018en veremos\u2019 por sequ\u00eda de regal\u00edas y con el invierno a la vuelta de la esquina\u00bb \u2014 \u25b7 Noticias de Casanare : Martha Cifuentes | Casanare\" src=\"https:\/\/marthacifuentes.com\/portada\/2025\/03\/17\/plan-verano-en-veremos-por-sequia-de-regalias-y-con-el-invierno-a-la-vuelta-de-la-esquina\/embed\/#?secret=uKK6Zm6ekU#?secret=T3SqNlgD9s\" width=\"600\" height=\"620\" frameborder=\"0\" marginwidth=\"0\" marginheight=\"0\" scrolling=\"no\" sandbox=\"allow-scripts\" data-secret=\"T3SqNlgD9s\" data-mce-fragment=\"1\"><\/iframe><\/p>\n<p><iframe loading=\"lazy\" class=\"wp-embedded-content\" title=\"\u00abCasanare \u2018se faja\u2019 con descuentos en impuestos a quienes matriculen sus veh\u00edculos de otras regiones\u00bb \u2014 \u25b7 Noticias de Casanare : Martha Cifuentes | Casanare\" src=\"https:\/\/marthacifuentes.com\/portada\/2025\/03\/14\/casanare-se-faja-con-descuentos-en-impuestos-a-quienes-matriculen-sus-vehiculos-de-otras-regiones\/embed\/#?secret=mez6VCVqUz#?secret=eWYTrXBFCG\" width=\"600\" height=\"621\" frameborder=\"0\" marginwidth=\"0\" marginheight=\"0\" scrolling=\"no\" sandbox=\"allow-scripts\" data-secret=\"eWYTrXBFCG\" data-mce-fragment=\"1\"><\/iframe><\/p>\n<p><iframe loading=\"lazy\" class=\"wp-embedded-content\" title=\"\u00abEn Man\u00ed inici\u00f3 construcci\u00f3n de un hospital digno para mejorar la salud de sus habitantes. Zorro cumpli\u00f3.\u00bb \u2014 \u25b7 Noticias de Casanare : Martha Cifuentes | Casanare\" src=\"https:\/\/marthacifuentes.com\/portada\/2025\/03\/14\/en-mani-inicio-construccion-de-un-hospital-digno-para-mejorar-la-salud-de-sus-habitantes-zorro-cumplio\/embed\/#?secret=IAzdKdAeOL#?secret=M1WrcNr5AE\" width=\"600\" height=\"600\" frameborder=\"0\" marginwidth=\"0\" marginheight=\"0\" scrolling=\"no\" sandbox=\"allow-scripts\" data-secret=\"M1WrcNr5AE\" data-mce-fragment=\"1\"><\/iframe><\/p>\n<p><iframe loading=\"lazy\" class=\"wp-embedded-content\" title=\"\u00abDe la violencia a la esperanza: 49 familias v\u00edctimas de Bellacruz, Cesar, encuentran refugio en Man\u00ed, Casanare\u00bb \u2014 \u25b7 Noticias de Casanare : Martha Cifuentes | Casanare\" src=\"https:\/\/marthacifuentes.com\/portada\/2025\/03\/13\/de-la-violencia-a-la-esperanza-49-familias-victimas-de-bellacruz-cesar-encuentran-refugio-en-mani-casanare\/embed\/#?secret=8mdwmme1gn#?secret=8z4S6ZTL4K\" width=\"600\" height=\"578\" frameborder=\"0\" marginwidth=\"0\" marginheight=\"0\" scrolling=\"no\" sandbox=\"allow-scripts\" data-secret=\"8z4S6ZTL4K\" data-mce-fragment=\"1\"><\/iframe><\/p>\n<p><iframe loading=\"lazy\" class=\"wp-embedded-content\" title=\"\u00abValentina Monroy de 21 a\u00f1os, v\u00edctima fatal n\u00famero 12 en siniestros viales de Yopal en 2025\u00bb \u2014 \u25b7 Noticias de Casanare : Martha Cifuentes | Casanare\" src=\"https:\/\/marthacifuentes.com\/portada\/2025\/03\/13\/valentina-monroy-de-21-anos-victima-fatal-numero-12-en-siniestros-viales-de-yopal-en-2025\/embed\/#?secret=qyHbpAUVmN#?secret=TlxHRRJ8I8\" width=\"600\" height=\"621\" frameborder=\"0\" marginwidth=\"0\" marginheight=\"0\" scrolling=\"no\" sandbox=\"allow-scripts\" data-secret=\"TlxHRRJ8I8\" data-mce-fragment=\"1\"><\/iframe><\/p>\n<p><iframe loading=\"lazy\" class=\"wp-embedded-content\" title=\"\u00abEl PAE en Yopal al tablero: En Audiencia p\u00fablica se ver\u00e1 si se est\u00e1 haciendo bien o no, la tarea.\u00bb \u2014 \u25b7 Noticias de Casanare : Martha Cifuentes | Casanare\" src=\"https:\/\/marthacifuentes.com\/portada\/2025\/03\/13\/el-pae-en-yopal-al-tablero-en-audiencia-publica-se-vera-si-se-esta-haciendo-bien-o-no-la-tarea\/embed\/#?secret=WdbFqhtuno#?secret=pERMb60bCt\" width=\"600\" height=\"600\" frameborder=\"0\" marginwidth=\"0\" marginheight=\"0\" scrolling=\"no\" sandbox=\"allow-scripts\" data-secret=\"pERMb60bCt\" data-mce-fragment=\"1\"><\/iframe><\/p>\n<p><iframe loading=\"lazy\" class=\"wp-embedded-content\" title=\"\u00abRicos y pobres de Yopal, unidos por afectaci\u00f3n al bolsillo por actualizaci\u00f3n catastral y trepada del impuesto predial, buscan soluciones.\u00bb \u2014 \u25b7 Noticias de Casanare : Martha Cifuentes | Casanare\" src=\"https:\/\/marthacifuentes.com\/portada\/2025\/03\/13\/ricos-y-pobres-de-yopal-unidos-por-afectacion-al-bolsillo-por-actualizacion-catastral-y-trepada-del-impuesto-predial-buscan-soluciones\/embed\/#?secret=IOaXhSvwtK#?secret=qvK6Rav8PS\" width=\"600\" height=\"588\" frameborder=\"0\" marginwidth=\"0\" marginheight=\"0\" scrolling=\"no\" sandbox=\"allow-scripts\" data-secret=\"qvK6Rav8PS\" data-mce-fragment=\"1\"><\/iframe><\/p>\n<p><iframe loading=\"lazy\" class=\"wp-embedded-content\" title=\"\u00abRequiere $$$$ \u00a1Ac\u00e9rquese al IFC y adquiera su cr\u00e9dito!\u00bb \u2014 \u25b7 Noticias de Casanare : Martha Cifuentes | Casanare\" src=\"https:\/\/marthacifuentes.com\/portada\/2025\/03\/12\/requiere-acerquese-al-ifc-y-adquiera-su-credito\/embed\/#?secret=MRmAIUv1Gt#?secret=lgwaCT6U53\" width=\"600\" height=\"593\" frameborder=\"0\" marginwidth=\"0\" marginheight=\"0\" scrolling=\"no\" sandbox=\"allow-scripts\" data-secret=\"lgwaCT6U53\" data-mce-fragment=\"1\"><\/iframe><\/p>\n<p><iframe loading=\"lazy\" class=\"wp-embedded-content\" title=\"\u00abGobernador de Casanare propone Fondo de Estabilizaci\u00f3n de Precios del Arroz para superar crisis del sector\u00bb \u2014 \u25b7 Noticias de Casanare : Martha Cifuentes | Casanare\" src=\"https:\/\/marthacifuentes.com\/portada\/2025\/03\/12\/gobernador-de-casanare-propone-fondo-de-estabilizacion-de-precios-del-arroz-para-superar-crisis-del-sector\/embed\/#?secret=wOASTfHL5T#?secret=UjwigXFIwO\" width=\"600\" height=\"613\" frameborder=\"0\" marginwidth=\"0\" marginheight=\"0\" scrolling=\"no\" sandbox=\"allow-scripts\" data-secret=\"UjwigXFIwO\" data-mce-fragment=\"1\"><\/iframe><\/p>\n<p><iframe loading=\"lazy\" class=\"wp-embedded-content\" title=\"\u00abParo de arroceros contin\u00faa en Casanare. Gremios econ\u00f3micos y sociales rechazan bloqueos\u00bb \u2014 \u25b7 Noticias de Casanare : Martha Cifuentes | Casanare\" src=\"https:\/\/marthacifuentes.com\/portada\/2025\/03\/12\/paro-de-arroceros-continua-en-casanare-gremios-economicos-y-sociales-rechazan-bloqueos\/embed\/#?secret=ZG0f6s70fK#?secret=seUWlKTWHT\" width=\"600\" height=\"599\" frameborder=\"0\" marginwidth=\"0\" marginheight=\"0\" scrolling=\"no\" sandbox=\"allow-scripts\" data-secret=\"seUWlKTWHT\" data-mce-fragment=\"1\"><\/iframe><\/p>\n<p><iframe loading=\"lazy\" class=\"wp-embedded-content\" title=\"\u00abIncendios forestales en Paz de Ariporo, tienden a empeorar. Cultivos, flora y fauna, en peligro.\u00bb \u2014 \u25b7 Noticias de Casanare : Martha Cifuentes | Casanare\" src=\"https:\/\/marthacifuentes.com\/portada\/2025\/03\/12\/incendios-forestales-en-paz-de-ariporo-tienden-a-empeorar-cultivos-flora-y-fauna-en-peligro\/embed\/#?secret=me0vrDsDoB#?secret=cRk4yC5S93\" width=\"600\" height=\"593\" frameborder=\"0\" marginwidth=\"0\" marginheight=\"0\" scrolling=\"no\" sandbox=\"allow-scripts\" data-secret=\"cRk4yC5S93\" data-mce-fragment=\"1\"><\/iframe><\/p>\n<p><iframe loading=\"lazy\" class=\"wp-embedded-content\" title=\"\u00abMan\u00ed preocupado por llegada de 49 familias desplazadas del Cesar. ANT habr\u00eda comprado tres fincas para ellas.\u00bb \u2014 \u25b7 Noticias de Casanare : Martha Cifuentes | Casanare\" src=\"https:\/\/marthacifuentes.com\/portada\/2025\/03\/12\/mani-preocupado-por-llegada-de-49-familias-desplazadas-del-cesar-ant-habria-comprado-tres-fincas-para-ellas\/embed\/#?secret=8eFK2dUgIf#?secret=2jxqfElcgD\" width=\"600\" height=\"628\" frameborder=\"0\" marginwidth=\"0\" marginheight=\"0\" scrolling=\"no\" sandbox=\"allow-scripts\" data-secret=\"2jxqfElcgD\" data-mce-fragment=\"1\"><\/iframe><\/p>\n<p><iframe loading=\"lazy\" class=\"wp-embedded-content\" title=\"\u00abComunidad ind\u00edgena de Orocu\u00e9, Casanare, lamenta muerte de ni\u00f1a de 12 a\u00f1os\u00bb \u2014 \u25b7 Noticias de Casanare : Martha Cifuentes | Casanare\" src=\"https:\/\/marthacifuentes.com\/portada\/2025\/03\/11\/comunidad-indigena-de-orocue-casanare-lamenta-muerte-de-nina-de-12-anos\/embed\/#?secret=WTC0ETvsUe#?secret=UyRcF3brD8\" width=\"600\" height=\"621\" frameborder=\"0\" marginwidth=\"0\" marginheight=\"0\" scrolling=\"no\" sandbox=\"allow-scripts\" data-secret=\"UyRcF3brD8\" data-mce-fragment=\"1\"><\/iframe><\/p>\n<p><iframe loading=\"lazy\" class=\"wp-embedded-content\" title=\"\u00abHombre de 27 a\u00f1os fallece en aparente suicidio en barrio El Nogal de Yopal\u00bb \u2014 \u25b7 Noticias de Casanare : Martha Cifuentes | Casanare\" src=\"https:\/\/marthacifuentes.com\/portada\/2025\/03\/11\/hombre-de-27-anos-fallece-en-aparente-suicidio-en-barrio-el-nogal-de-yopal\/embed\/#?secret=3zANdldZYb#?secret=kMXWHd0DrI\" width=\"600\" height=\"621\" frameborder=\"0\" marginwidth=\"0\" marginheight=\"0\" scrolling=\"no\" sandbox=\"allow-scripts\" data-secret=\"kMXWHd0DrI\" data-mce-fragment=\"1\"><\/iframe><\/p>\n<p><iframe loading=\"lazy\" class=\"wp-embedded-content\" title=\"\u00abJoven de la comunidad LGTBI hallado sin vida en Paz de Ariporo; Se ofrece recompensa de 10 millones por informaci\u00f3n\u00bb \u2014 \u25b7 Noticias de Casanare : Martha Cifuentes | Casanare\" src=\"https:\/\/marthacifuentes.com\/portada\/2025\/03\/11\/joven-de-la-comunidad-lgtbi-hallado-sin-vida-en-paz-de-ariporo-se-ofrece-recompensa-de-10-millones-por-informacion\/embed\/#?secret=mtQeQx9oeS#?secret=cXy51xxl4M\" width=\"600\" height=\"650\" frameborder=\"0\" marginwidth=\"0\" marginheight=\"0\" scrolling=\"no\" sandbox=\"allow-scripts\" data-secret=\"cXy51xxl4M\" data-mce-fragment=\"1\"><\/iframe><\/p>\n<p><iframe loading=\"lazy\" class=\"wp-embedded-content\" title=\"\u00abDe vuelta a su llano! Liberan 40 caimanes llaneros pa\u2019 que le pongan equilibrio al ecosistema\u00bb \u2014 \u25b7 Noticias de Casanare : Martha Cifuentes | Casanare\" src=\"https:\/\/marthacifuentes.com\/portada\/2025\/03\/11\/de-vuelta-a-su-llano-liberan-40-caimanes-llaneros-pa-que-le-pongan-equilibrio-al-ecosistema\/embed\/#?secret=NHmpiEjJ9n#?secret=ABbxJL9QWp\" width=\"600\" height=\"621\" frameborder=\"0\" marginwidth=\"0\" marginheight=\"0\" scrolling=\"no\" sandbox=\"allow-scripts\" data-secret=\"ABbxJL9QWp\" data-mce-fragment=\"1\"><\/iframe><\/p>\n<p><iframe loading=\"lazy\" class=\"wp-embedded-content\" title=\"\u00abSENA Casanare abre inscripciones para la 2\u00aa. oferta de Formaci\u00f3n 2025\u00bb \u2014 \u25b7 Noticias de Casanare : Martha Cifuentes | Casanare\" src=\"https:\/\/marthacifuentes.com\/portada\/2025\/03\/11\/sena-casanare-abre-inscripciones-para-la-2a-oferta-de-formacion-2025\/embed\/#?secret=7BrrMoK4e5#?secret=dgulKSQY3X\" width=\"600\" height=\"570\" frameborder=\"0\" marginwidth=\"0\" marginheight=\"0\" scrolling=\"no\" sandbox=\"allow-scripts\" data-secret=\"dgulKSQY3X\" data-mce-fragment=\"1\"><\/iframe><\/p>\n<p><iframe loading=\"lazy\" class=\"wp-embedded-content\" title=\"\u00ab21 artesanos ya tienen su Tienda en Yopal, Casanare. Gobernaci\u00f3n la inaugur\u00f3.\u00a0\u00bb \u2014 \u25b7 Noticias de Casanare : Martha Cifuentes | Casanare\" src=\"https:\/\/marthacifuentes.com\/portada\/2025\/03\/11\/21-artesanos-ya-tienen-su-tienda-en-yopal-casanare-gobernacion-la-inauguro\/embed\/#?secret=QhtZOCivgE#?secret=NT8cF6AcJ8\" width=\"600\" height=\"621\" frameborder=\"0\" marginwidth=\"0\" marginheight=\"0\" scrolling=\"no\" sandbox=\"allow-scripts\" data-secret=\"NT8cF6AcJ8\" data-mce-fragment=\"1\"><\/iframe><\/p>\n<p><iframe loading=\"lazy\" class=\"wp-embedded-content\" title=\"\u00abEn Orocu\u00e9 cay\u00f3 laboratorio que produc\u00eda 2 toneladas de droga mensuales. Narcos perder\u00e1n 26 millones de euros\u00bb \u2014 \u25b7 Noticias de Casanare : Martha Cifuentes | Casanare\" src=\"https:\/\/marthacifuentes.com\/portada\/2025\/03\/10\/en-orocue-cayo-laboratorio-que-producia-2-toneladas-de-droga-mensuales-narcos-perderan-26-millones-de-euros\/embed\/#?secret=SR5kGXYpUm#?secret=73w5OWis7y\" width=\"600\" height=\"650\" frameborder=\"0\" marginwidth=\"0\" marginheight=\"0\" scrolling=\"no\" sandbox=\"allow-scripts\" data-secret=\"73w5OWis7y\" data-mce-fragment=\"1\"><\/iframe><\/p>\n<p><iframe loading=\"lazy\" class=\"wp-embedded-content\" title=\"\u00abMonterrey tendr\u00e1 nuevas rutas de transporte escolar: Gobernaci\u00f3n de Casanare\u00bb \u2014 \u25b7 Noticias de Casanare : Martha Cifuentes | Casanare\" src=\"https:\/\/marthacifuentes.com\/portada\/2025\/03\/10\/monterrey-tendra-nuevas-rutas-de-transporte-escolar-gobernacion-de-casanare\/embed\/#?secret=UpMQ9hfgW7#?secret=LKGGYJKKru\" width=\"600\" height=\"621\" frameborder=\"0\" marginwidth=\"0\" marginheight=\"0\" scrolling=\"no\" sandbox=\"allow-scripts\" data-secret=\"LKGGYJKKru\" data-mce-fragment=\"1\"><\/iframe><\/p>\n<p><iframe loading=\"lazy\" class=\"wp-embedded-content\" title=\"\u00abCorporinoquia, la peor corporaci\u00f3n ambiental en gesti\u00f3n seg\u00fan el IEDI 2023: MinAmbiente.\u00bb \u2014 \u25b7 Noticias de Casanare : Martha Cifuentes | Casanare\" src=\"https:\/\/marthacifuentes.com\/portada\/2025\/03\/10\/corporinoquia-la-peor-corporacion-ambiental-en-gestion-segun-el-iedi-2023-minambiente\/embed\/#?secret=PV2NUojlcU#?secret=xAoqhcXfD1\" width=\"600\" height=\"599\" frameborder=\"0\" marginwidth=\"0\" marginheight=\"0\" scrolling=\"no\" sandbox=\"allow-scripts\" data-secret=\"xAoqhcXfD1\" data-mce-fragment=\"1\"><\/iframe><\/p>\n<p><iframe loading=\"lazy\" class=\"wp-embedded-content\" title=\"\u00abAlcald\u00eda de Yopal revisar\u00e1 con lupa parametrizaci\u00f3n que dej\u00f3 facturas del impredial por las nubes. Se suspende plataforma de liquidaciones.\u00bb \u2014 \u25b7 Noticias de Casanare : Martha Cifuentes | Casanare\" src=\"https:\/\/marthacifuentes.com\/portada\/2025\/03\/10\/alcaldia-de-yopal-revisara-con-lupa-parametrizacion-que-dejo-facturas-del-impredial-por-las-nubes-se-suspende-plataforma-de-liquidaciones\/embed\/#?secret=A6dhILtTwx#?secret=ZYOuB31gyX\" width=\"600\" height=\"650\" frameborder=\"0\" marginwidth=\"0\" marginheight=\"0\" scrolling=\"no\" sandbox=\"allow-scripts\" data-secret=\"ZYOuB31gyX\" data-mce-fragment=\"1\"><\/iframe><\/p>\n<p><iframe loading=\"lazy\" class=\"wp-embedded-content\" title=\"\u00ab\u00bfQu\u00e9 tal esto? Impuesto predial NO debi\u00f3 subir m\u00e1s del 5.2% para mayor\u00eda en Yopal, seg\u00fan CATASIG SAS EICE.\u00bb \u2014 \u25b7 Noticias de Casanare : Martha Cifuentes | Casanare\" src=\"https:\/\/marthacifuentes.com\/portada\/2025\/03\/07\/que-tal-esto-impuesto-predial-no-debio-subir-mas-del-5-2-para-mayoria-en-yopal-segun-catasig-sas-eice\/embed\/#?secret=VYk9SzwHhU#?secret=VJZiuupbee\" width=\"600\" height=\"628\" frameborder=\"0\" marginwidth=\"0\" marginheight=\"0\" scrolling=\"no\" sandbox=\"allow-scripts\" data-secret=\"VJZiuupbee\" data-mce-fragment=\"1\"><\/iframe><\/p>\n<p><iframe loading=\"lazy\" class=\"wp-embedded-content\" title=\"\u00abV\u00eda Vado Hondo-Labranzagrande-Yopal, con solo 25% de avance, recibe empuj\u00f3n de 33.6 mil millones para salir del atraso\u00bb\u00bb \u2014 \u25b7 Noticias de Casanare : Martha Cifuentes | Casanare\" src=\"https:\/\/marthacifuentes.com\/portada\/2025\/03\/07\/via-vado-hondo-labranzagrande-yopal-con-solo-25-de-avance-recibe-empujon-de-33-6-mil-millones-para-salir-del-atraso\/embed\/#?secret=5gANrLt4yj#?secret=zJqZmAwj4n\" width=\"600\" height=\"650\" frameborder=\"0\" marginwidth=\"0\" marginheight=\"0\" scrolling=\"no\" sandbox=\"allow-scripts\" data-secret=\"zJqZmAwj4n\" data-mce-fragment=\"1\"><\/iframe><\/p>\n<p><iframe loading=\"lazy\" class=\"wp-embedded-content\" title=\"\u00abZorro le apuesta a las placas huella: Comunidad y gobierno unidos para mejorar v\u00edas rurales\u00bb \u2014 \u25b7 Noticias de Casanare : Martha Cifuentes | Casanare\" src=\"https:\/\/marthacifuentes.com\/portada\/2025\/03\/07\/zorro-le-apuesta-a-las-placas-huella-comunidad-y-gobierno-unidos-para-mejorar-vias-rurales\/embed\/#?secret=M9lKnUCmt5#?secret=hKr0cRub0M\" width=\"600\" height=\"621\" frameborder=\"0\" marginwidth=\"0\" marginheight=\"0\" scrolling=\"no\" sandbox=\"allow-scripts\" data-secret=\"hKr0cRub0M\" data-mce-fragment=\"1\"><\/iframe><\/p>\n<p><iframe loading=\"lazy\" class=\"wp-embedded-content\" title=\"\u00abMa\u00f1ana inauguraci\u00f3n de Tienda Casanare, espacio de artesanos, con apoyo de la gestora social departamental\u00bb \u2014 \u25b7 Noticias de Casanare : Martha Cifuentes | Casanare\" src=\"https:\/\/marthacifuentes.com\/portada\/2025\/03\/07\/manana-inauguracion-de-tienda-casanare-espacio-de-artesanos-con-apoyo-de-la-gestora-social-departamental\/embed\/#?secret=jEoeOWt09D#?secret=XCafYluTNK\" width=\"600\" height=\"610\" frameborder=\"0\" marginwidth=\"0\" marginheight=\"0\" scrolling=\"no\" sandbox=\"allow-scripts\" data-secret=\"XCafYluTNK\" data-mce-fragment=\"1\"><\/iframe><\/p>\n<p><iframe loading=\"lazy\" class=\"wp-embedded-content\" title=\"\u00abParadoja de la violencia de g\u00e9nero: Mujer es imputada por homicidio de su pareja sentimental en Yopal\u00bb \u2014 \u25b7 Noticias de Casanare : Martha Cifuentes | Casanare\" src=\"https:\/\/marthacifuentes.com\/portada\/2025\/03\/06\/paradoja-de-la-violencia-de-genero-mujer-es-imputada-por-homicidio-de-su-pareja-sentimental-en-yopal\/embed\/#?secret=IqLVfOK67b#?secret=6aGxO59u0C\" width=\"600\" height=\"621\" frameborder=\"0\" marginwidth=\"0\" marginheight=\"0\" scrolling=\"no\" sandbox=\"allow-scripts\" data-secret=\"6aGxO59u0C\" data-mce-fragment=\"1\"><\/iframe><\/p>\n<p><iframe loading=\"lazy\" class=\"wp-embedded-content\" title=\"\u00abExsecretario de Hacienda pod\u00eda y NO evit\u00f3 el \u2018golpe\u2019 del predial en Yopal\u00bb \u2014 \u25b7 Noticias de Casanare : Martha Cifuentes | Casanare\" src=\"https:\/\/marthacifuentes.com\/portada\/2025\/03\/06\/exsecretario-de-hacienda-podia-y-no-evito-el-golpe-del-predial-en-yopal\/embed\/#?secret=kC1Z0ZiUib#?secret=UAvQ4RPonL\" width=\"600\" height=\"578\" frameborder=\"0\" marginwidth=\"0\" marginheight=\"0\" scrolling=\"no\" sandbox=\"allow-scripts\" data-secret=\"UAvQ4RPonL\" data-mce-fragment=\"1\"><\/iframe><\/p>\n<p><iframe loading=\"lazy\" class=\"wp-embedded-content\" title=\"\u00abArroceros bloquean Marginal del Llano a la entrada de Yopal. \u00a0\u00bb \u2014 \u25b7 Noticias de Casanare : Martha Cifuentes | Casanare\" src=\"https:\/\/marthacifuentes.com\/portada\/2025\/03\/06\/arroceros-bloquean-marginal-del-llano-a-la-entrada-de-yopal\/embed\/#?secret=Rsl6DYjK4l#?secret=bCSXfY40G7\" width=\"600\" height=\"600\" frameborder=\"0\" marginwidth=\"0\" marginheight=\"0\" scrolling=\"no\" sandbox=\"allow-scripts\" data-secret=\"bCSXfY40G7\" data-mce-fragment=\"1\"><\/iframe><\/p>\n<p><iframe loading=\"lazy\" class=\"wp-embedded-content\" title=\"\u00abEl predial no perdona: Secretaria de Planeaci\u00f3n cae y llega una \u2018vieja amiga\u2019 del alcalde de Yopal\u00bb \u2014 \u25b7 Noticias de Casanare : Martha Cifuentes | Casanare\" src=\"https:\/\/marthacifuentes.com\/portada\/2025\/03\/04\/el-predial-no-perdona-secretaria-de-planeacion-cae-y-llega-una-vieja-amiga-del-alcalde-de-yopal\/embed\/#?secret=B8RzMEB60v#?secret=t8fY0Yci38\" width=\"600\" height=\"599\" frameborder=\"0\" marginwidth=\"0\" marginheight=\"0\" scrolling=\"no\" sandbox=\"allow-scripts\" data-secret=\"t8fY0Yci38\" data-mce-fragment=\"1\"><\/iframe><\/p>\n<p><iframe loading=\"lazy\" class=\"wp-embedded-content\" title=\"\u00abContrato de tablets en la mira: Gobernador Zorro defiende, diputado Garc\u00eda cuestiona y el debate arde\u00bb \u2014 \u25b7 Noticias de Casanare : Martha Cifuentes | Casanare\" src=\"https:\/\/marthacifuentes.com\/portada\/2025\/03\/04\/contrato-de-tablets-en-la-mira-gobernador-zorro-defiende-diputado-garcia-cuestiona-y-el-debate-arde\/embed\/#?secret=JFlOM1mqS7#?secret=cgyzNTiKTN\" width=\"600\" height=\"599\" frameborder=\"0\" marginwidth=\"0\" marginheight=\"0\" scrolling=\"no\" sandbox=\"allow-scripts\" data-secret=\"cgyzNTiKTN\" data-mce-fragment=\"1\"><\/iframe><\/p>\n<p><iframe loading=\"lazy\" class=\"wp-embedded-content\" title=\"\u00abEl predial le pas\u00f3 factura y pag\u00f3 caro: Renunci\u00f3 secretario de Hacienda de Yopal\u00bb \u2014 \u25b7 Noticias de Casanare : Martha Cifuentes | Casanare\" src=\"https:\/\/marthacifuentes.com\/portada\/2025\/03\/03\/el-predial-le-paso-factura-y-pago-caro-renuncio-secretario-de-hacienda-de-yopal\/embed\/#?secret=sGdLmAdVGL#?secret=zUyggyCWGI\" width=\"600\" height=\"621\" frameborder=\"0\" marginwidth=\"0\" marginheight=\"0\" scrolling=\"no\" sandbox=\"allow-scripts\" data-secret=\"zUyggyCWGI\" data-mce-fragment=\"1\"><\/iframe><\/p>\n<p><iframe loading=\"lazy\" class=\"wp-embedded-content\" title=\"\u00abAlcald\u00eda de Yopal conoc\u00eda de exagerados incrementos en aval\u00faos catastrales, seg\u00fan CATASIG SAS. Ante protestas por costos impredial ahora busca paliativos.\u00bb \u2014 \u25b7 Noticias de Casanare : Martha Cifuentes | Casanare\" src=\"https:\/\/marthacifuentes.com\/portada\/2025\/02\/26\/alcaldia-de-yopal-conocia-de-exagerados-incrementos-en-avaluos-catastrales-segun-catasig-sas-ante-protestas-por-costos-impredial-ahora-busca-paliativos\/embed\/#?secret=VybmMOpyFN#?secret=UIMRpx8ygW\" width=\"600\" height=\"650\" frameborder=\"0\" marginwidth=\"0\" marginheight=\"0\" scrolling=\"no\" sandbox=\"allow-scripts\" data-secret=\"UIMRpx8ygW\" data-mce-fragment=\"1\"><\/iframe><\/p>\n<p><iframe loading=\"lazy\" class=\"wp-embedded-content\" title=\"\u00abCon cascarilla de arroz, Grupo Diana genera su propia energ\u00eda en planta de producci\u00f3n Yopal\u00bb \u2014 \u25b7 Noticias de Casanare : Martha Cifuentes | Casanare\" src=\"https:\/\/marthacifuentes.com\/portada\/2025\/02\/21\/con-cascarilla-de-arroz-grupo-diana-genera-su-propia-energia-en-planta-de-produccion-yopal\/embed\/#?secret=qL4vKFrAh8#?secret=9au31rwqu7\" width=\"600\" height=\"621\" frameborder=\"0\" marginwidth=\"0\" marginheight=\"0\" scrolling=\"no\" sandbox=\"allow-scripts\" data-secret=\"9au31rwqu7\" data-mce-fragment=\"1\"><\/iframe><\/p>\n<p><iframe loading=\"lazy\" class=\"wp-embedded-content\" title=\"\u00abEj\u00e9rcito desmonta bandera del ELN dejada en puente peatonal de El Charte, Yopal\u00bb \u2014 \u25b7 Noticias de Casanare : Martha Cifuentes | Casanare\" src=\"https:\/\/marthacifuentes.com\/portada\/2025\/02\/19\/ejercito-desmonta-bandera-del-eln-dejada-en-puente-peatonal-de-el-charte-yopal\/embed\/#?secret=EhbHPDH4bU#?secret=tzDiNDt6rI\" width=\"600\" height=\"600\" frameborder=\"0\" marginwidth=\"0\" marginheight=\"0\" scrolling=\"no\" sandbox=\"allow-scripts\" data-secret=\"tzDiNDt6rI\" data-mce-fragment=\"1\"><\/iframe><\/p>\n<p><iframe loading=\"lazy\" class=\"wp-embedded-content\" title=\"\u00abEsto es lo que se sabe sobre nuevo sicariado en La Bendici\u00f3n en Yopal. Al menos van 7 muertos bajo esta modalidad.\u00bb \u2014 \u25b7 Noticias de Casanare : Martha Cifuentes | Casanare\" src=\"https:\/\/marthacifuentes.com\/portada\/2025\/02\/19\/esto-es-lo-que-se-sabe-sobre-nuevo-sicariado-en-la-bendicion-en-yopal-al-menos-van-7-muertos-bajo-esta-modalidad\/embed\/#?secret=rStmj1KEI1#?secret=KcADSBjDOG\" width=\"600\" height=\"650\" frameborder=\"0\" marginwidth=\"0\" marginheight=\"0\" scrolling=\"no\" sandbox=\"allow-scripts\" data-secret=\"KcADSBjDOG\" data-mce-fragment=\"1\"><\/iframe><\/p>\n<p><iframe loading=\"lazy\" class=\"wp-embedded-content\" title=\"\u00abEn Man\u00ed inici\u00f3 construcci\u00f3n de un hospital digno para mejorar la salud de sus habitantes. Zorro cumpli\u00f3.\u00bb \u2014 \u25b7 Noticias de Casanare : Martha Cifuentes | Casanare\" src=\"https:\/\/marthacifuentes.com\/portada\/2025\/03\/14\/en-mani-inicio-construccion-de-un-hospital-digno-para-mejorar-la-salud-de-sus-habitantes-zorro-cumplio\/embed\/#?secret=IAzdKdAeOL#?secret=M1WrcNr5AE\" width=\"600\" height=\"600\" frameborder=\"0\" marginwidth=\"0\" marginheight=\"0\" scrolling=\"no\" sandbox=\"allow-scripts\" data-secret=\"M1WrcNr5AE\" data-mce-fragment=\"1\"><\/iframe><\/p>\n<p><iframe loading=\"lazy\" class=\"wp-embedded-content\" title=\"\u00abDe la violencia a la esperanza: 49 familias v\u00edctimas de Bellacruz, Cesar, encuentran refugio en Man\u00ed, Casanare\u00bb \u2014 \u25b7 Noticias de Casanare : Martha Cifuentes | Casanare\" src=\"https:\/\/marthacifuentes.com\/portada\/2025\/03\/13\/de-la-violencia-a-la-esperanza-49-familias-victimas-de-bellacruz-cesar-encuentran-refugio-en-mani-casanare\/embed\/#?secret=8mdwmme1gn#?secret=8z4S6ZTL4K\" width=\"600\" height=\"578\" frameborder=\"0\" marginwidth=\"0\" marginheight=\"0\" scrolling=\"no\" sandbox=\"allow-scripts\" data-secret=\"8z4S6ZTL4K\" data-mce-fragment=\"1\"><\/iframe><\/p>\n<p><iframe loading=\"lazy\" class=\"wp-embedded-content\" title=\"\u00abValentina Monroy de 21 a\u00f1os, v\u00edctima fatal n\u00famero 12 en siniestros viales de Yopal en 2025\u00bb \u2014 \u25b7 Noticias de Casanare : Martha Cifuentes | Casanare\" src=\"https:\/\/marthacifuentes.com\/portada\/2025\/03\/13\/valentina-monroy-de-21-anos-victima-fatal-numero-12-en-siniestros-viales-de-yopal-en-2025\/embed\/#?secret=qyHbpAUVmN#?secret=TlxHRRJ8I8\" width=\"600\" height=\"621\" frameborder=\"0\" marginwidth=\"0\" marginheight=\"0\" scrolling=\"no\" sandbox=\"allow-scripts\" data-secret=\"TlxHRRJ8I8\" data-mce-fragment=\"1\"><\/iframe><\/p>\n<p><iframe loading=\"lazy\" class=\"wp-embedded-content\" title=\"\u00abEl PAE en Yopal al tablero: En Audiencia p\u00fablica se ver\u00e1 si se est\u00e1 haciendo bien o no, la tarea.\u00bb \u2014 \u25b7 Noticias de Casanare : Martha Cifuentes | Casanare\" src=\"https:\/\/marthacifuentes.com\/portada\/2025\/03\/13\/el-pae-en-yopal-al-tablero-en-audiencia-publica-se-vera-si-se-esta-haciendo-bien-o-no-la-tarea\/embed\/#?secret=WdbFqhtuno#?secret=pERMb60bCt\" width=\"600\" height=\"600\" frameborder=\"0\" marginwidth=\"0\" marginheight=\"0\" scrolling=\"no\" sandbox=\"allow-scripts\" data-secret=\"pERMb60bCt\" data-mce-fragment=\"1\"><\/iframe><\/p>\n<p><iframe loading=\"lazy\" class=\"wp-embedded-content\" title=\"\u00abRicos y pobres de Yopal, unidos por afectaci\u00f3n al bolsillo por actualizaci\u00f3n catastral y trepada del impuesto predial, buscan soluciones.\u00bb \u2014 \u25b7 Noticias de Casanare : Martha Cifuentes | Casanare\" src=\"https:\/\/marthacifuentes.com\/portada\/2025\/03\/13\/ricos-y-pobres-de-yopal-unidos-por-afectacion-al-bolsillo-por-actualizacion-catastral-y-trepada-del-impuesto-predial-buscan-soluciones\/embed\/#?secret=IOaXhSvwtK#?secret=qvK6Rav8PS\" width=\"600\" height=\"588\" frameborder=\"0\" marginwidth=\"0\" marginheight=\"0\" scrolling=\"no\" sandbox=\"allow-scripts\" data-secret=\"qvK6Rav8PS\" data-mce-fragment=\"1\"><\/iframe><\/p>\n<p><iframe loading=\"lazy\" class=\"wp-embedded-content\" title=\"\u00abRequiere $$$$ \u00a1Ac\u00e9rquese al IFC y adquiera su cr\u00e9dito!\u00bb \u2014 \u25b7 Noticias de Casanare : Martha Cifuentes | Casanare\" src=\"https:\/\/marthacifuentes.com\/portada\/2025\/03\/12\/requiere-acerquese-al-ifc-y-adquiera-su-credito\/embed\/#?secret=MRmAIUv1Gt#?secret=lgwaCT6U53\" width=\"600\" height=\"593\" frameborder=\"0\" marginwidth=\"0\" marginheight=\"0\" scrolling=\"no\" sandbox=\"allow-scripts\" data-secret=\"lgwaCT6U53\" data-mce-fragment=\"1\"><\/iframe><\/p>\n<p><iframe loading=\"lazy\" class=\"wp-embedded-content\" title=\"\u00abGobernador de Casanare propone Fondo de Estabilizaci\u00f3n de Precios del Arroz para superar crisis del sector\u00bb \u2014 \u25b7 Noticias de Casanare : Martha Cifuentes | Casanare\" src=\"https:\/\/marthacifuentes.com\/portada\/2025\/03\/12\/gobernador-de-casanare-propone-fondo-de-estabilizacion-de-precios-del-arroz-para-superar-crisis-del-sector\/embed\/#?secret=wOASTfHL5T#?secret=UjwigXFIwO\" width=\"600\" height=\"613\" frameborder=\"0\" marginwidth=\"0\" marginheight=\"0\" scrolling=\"no\" sandbox=\"allow-scripts\" data-secret=\"UjwigXFIwO\" data-mce-fragment=\"1\"><\/iframe><\/p>\n<p><iframe loading=\"lazy\" class=\"wp-embedded-content\" title=\"\u00abParo de arroceros contin\u00faa en Casanare. Gremios econ\u00f3micos y sociales rechazan bloqueos\u00bb \u2014 \u25b7 Noticias de Casanare : Martha Cifuentes | Casanare\" src=\"https:\/\/marthacifuentes.com\/portada\/2025\/03\/12\/paro-de-arroceros-continua-en-casanare-gremios-economicos-y-sociales-rechazan-bloqueos\/embed\/#?secret=ZG0f6s70fK#?secret=seUWlKTWHT\" width=\"600\" height=\"599\" frameborder=\"0\" marginwidth=\"0\" marginheight=\"0\" scrolling=\"no\" sandbox=\"allow-scripts\" data-secret=\"seUWlKTWHT\" data-mce-fragment=\"1\"><\/iframe><\/p>\n<p><iframe loading=\"lazy\" class=\"wp-embedded-content\" title=\"\u00abIncendios forestales en Paz de Ariporo, tienden a empeorar. Cultivos, flora y fauna, en peligro.\u00bb \u2014 \u25b7 Noticias de Casanare : Martha Cifuentes | Casanare\" src=\"https:\/\/marthacifuentes.com\/portada\/2025\/03\/12\/incendios-forestales-en-paz-de-ariporo-tienden-a-empeorar-cultivos-flora-y-fauna-en-peligro\/embed\/#?secret=me0vrDsDoB#?secret=cRk4yC5S93\" width=\"600\" height=\"593\" frameborder=\"0\" marginwidth=\"0\" marginheight=\"0\" scrolling=\"no\" sandbox=\"allow-scripts\" data-secret=\"cRk4yC5S93\" data-mce-fragment=\"1\"><\/iframe><\/p>\n<p><iframe loading=\"lazy\" class=\"wp-embedded-content\" title=\"\u00abMan\u00ed preocupado por llegada de 49 familias desplazadas del Cesar. ANT habr\u00eda comprado tres fincas para ellas.\u00bb \u2014 \u25b7 Noticias de Casanare : Martha Cifuentes | Casanare\" src=\"https:\/\/marthacifuentes.com\/portada\/2025\/03\/12\/mani-preocupado-por-llegada-de-49-familias-desplazadas-del-cesar-ant-habria-comprado-tres-fincas-para-ellas\/embed\/#?secret=8eFK2dUgIf#?secret=2jxqfElcgD\" width=\"600\" height=\"628\" frameborder=\"0\" marginwidth=\"0\" marginheight=\"0\" scrolling=\"no\" sandbox=\"allow-scripts\" data-secret=\"2jxqfElcgD\" data-mce-fragment=\"1\"><\/iframe><\/p>\n","protected":false},"excerpt":{"rendered":"<p>El\u00a0Tribunal Administrativo de Casanare\u00a0quiere poner fin a una d\u00e9cada de abandono y fallas en la prestaci\u00f3n de servicios p\u00fablicos en la\u00a0Urbanizaci\u00f3n Getseman\u00ed, ubicada en Yopal. Se orden\u00f3 al\u00a0Municipio de Yopal, a la\u00a0Empresa de Acueducto, Alcantarillado y Aseo de Yopal, Eaaay,\u00a0y al urbanizador\u00a0Manuel Modesto Castro Correa\u00a0tomar medidas urgentes para garantizar el acceso al agua potable y &hellip;<\/p>\n","protected":false},"author":2,"featured_media":34880,"comment_status":"open","ping_status":"open","sticky":false,"template":"","format":"standard","meta":{"om_disable_all_campaigns":false,"_exactmetrics_skip_tracking":false,"_exactmetrics_sitenote_active":false,"_exactmetrics_sitenote_note":"","_exactmetrics_sitenote_category":0,"_monsterinsights_skip_tracking":false,"_monsterinsights_sitenote_active":false,"_monsterinsights_sitenote_note":"","_monsterinsights_sitenote_category":0,"_uf_show_specific_survey":0,"_uf_disable_surveys":false,"_joinchat":[],"footnotes":""},"categories":[147,146,145],"tags":[8538,467,11961,586,11960,3416,7274,1107,332,11959],"class_list":["post-34890","post","type-post","status-publish","format-standard","has-post-thumbnail","hentry","category-actualidad","category-noticias","category-reportajes","tag-acueducto","tag-alcantarillado","tag-derechos-colectivos","tag-eaaay","tag-emergencia-sanitaria","tag-licencia-urbanistica","tag-municipio-de-yopal","tag-servicios-publicos","tag-tribunal-administrativo-de-casanare","tag-urbanizacion-getsemani"],"yoast_head":"<!-- This site is optimized with the Yoast SEO plugin v26.1 - https:\/\/yoast.com\/wordpress\/plugins\/seo\/ -->\n<title>Getseman\u00ed, por fin tendr\u00e1 servicios p\u00fablicos. Tribunal ordena soluciones urgentes a urbanizador, Alcald\u00eda de Yopal y Eaaay. - \u25b7 Noticias de Casanare : Martha Cifuentes | Casanare<\/title>\n<meta name=\"robots\" content=\"index, follow, max-snippet:-1, max-image-preview:large, max-video-preview:-1\" \/>\n<link rel=\"canonical\" href=\"https:\/\/marthacifuentes.com\/portada\/getsemani-por-fin-tendra-servicios-publicos-tribunal-ordena-soluciones-urgentes-a-urbanizador-alcaldia-de-yopal-y-eaaay\/\" \/>\n<meta property=\"og:locale\" content=\"es_ES\" \/>\n<meta property=\"og:type\" content=\"article\" \/>\n<meta property=\"og:title\" content=\"Getseman\u00ed, por fin tendr\u00e1 servicios p\u00fablicos. Tribunal ordena soluciones urgentes a urbanizador, Alcald\u00eda de Yopal y Eaaay. - \u25b7 Noticias de Casanare : Martha Cifuentes | Casanare\" \/>\n<meta property=\"og:description\" content=\"El\u00a0Tribunal Administrativo de Casanare\u00a0quiere poner fin a una d\u00e9cada de abandono y fallas en la prestaci\u00f3n de servicios p\u00fablicos en la\u00a0Urbanizaci\u00f3n Getseman\u00ed, ubicada en Yopal. Se orden\u00f3 al\u00a0Municipio de Yopal, a la\u00a0Empresa de Acueducto, Alcantarillado y Aseo de Yopal, Eaaay,\u00a0y al urbanizador\u00a0Manuel Modesto Castro Correa\u00a0tomar medidas urgentes para garantizar el acceso al agua potable y &hellip;\" \/>\n<meta property=\"og:url\" content=\"https:\/\/marthacifuentes.com\/portada\/getsemani-por-fin-tendra-servicios-publicos-tribunal-ordena-soluciones-urgentes-a-urbanizador-alcaldia-de-yopal-y-eaaay\/\" \/>\n<meta property=\"og:site_name\" content=\"\u25b7 Noticias de Casanare : Martha Cifuentes | Casanare\" \/>\n<meta property=\"article:published_time\" content=\"2025-03-19T15:40:35+00:00\" \/>\n<meta property=\"og:image\" content=\"https:\/\/marthacifuentes.com\/portada\/wp-content\/uploads\/2025\/03\/F-GETSEMANI-.png\" \/>\n\t<meta property=\"og:image:width\" content=\"893\" \/>\n\t<meta property=\"og:image:height\" content=\"422\" \/>\n\t<meta property=\"og:image:type\" content=\"image\/png\" \/>\n<meta name=\"author\" content=\"Martha Cifuentes\" \/>\n<meta name=\"twitter:card\" content=\"summary_large_image\" \/>\n<meta name=\"twitter:label1\" content=\"Escrito por\" \/>\n\t<meta name=\"twitter:data1\" content=\"Martha Cifuentes\" \/>\n\t<meta name=\"twitter:label2\" content=\"Tiempo de lectura\" \/>\n\t<meta name=\"twitter:data2\" content=\"3 minutos\" \/>\n<script type=\"application\/ld+json\" class=\"yoast-schema-graph\">{\"@context\":\"https:\/\/schema.org\",\"@graph\":[{\"@type\":\"WebPage\",\"@id\":\"https:\/\/marthacifuentes.com\/portada\/getsemani-por-fin-tendra-servicios-publicos-tribunal-ordena-soluciones-urgentes-a-urbanizador-alcaldia-de-yopal-y-eaaay\/\",\"url\":\"https:\/\/marthacifuentes.com\/portada\/getsemani-por-fin-tendra-servicios-publicos-tribunal-ordena-soluciones-urgentes-a-urbanizador-alcaldia-de-yopal-y-eaaay\/\",\"name\":\"Getseman\u00ed, por fin tendr\u00e1 servicios p\u00fablicos. Tribunal ordena soluciones urgentes a urbanizador, Alcald\u00eda de Yopal y Eaaay. - \u25b7 Noticias de Casanare : Martha Cifuentes | Casanare\",\"isPartOf\":{\"@id\":\"https:\/\/marthacifuentes.com\/portada\/#website\"},\"primaryImageOfPage\":{\"@id\":\"https:\/\/marthacifuentes.com\/portada\/getsemani-por-fin-tendra-servicios-publicos-tribunal-ordena-soluciones-urgentes-a-urbanizador-alcaldia-de-yopal-y-eaaay\/#primaryimage\"},\"image\":{\"@id\":\"https:\/\/marthacifuentes.com\/portada\/getsemani-por-fin-tendra-servicios-publicos-tribunal-ordena-soluciones-urgentes-a-urbanizador-alcaldia-de-yopal-y-eaaay\/#primaryimage\"},\"thumbnailUrl\":\"https:\/\/marthacifuentes.com\/portada\/wp-content\/uploads\/2025\/03\/F-GETSEMANI-.png\",\"datePublished\":\"2025-03-19T15:40:35+00:00\",\"author\":{\"@id\":\"https:\/\/marthacifuentes.com\/portada\/#\/schema\/person\/57f53174b991db5f90ff78d58502b714\"},\"breadcrumb\":{\"@id\":\"https:\/\/marthacifuentes.com\/portada\/getsemani-por-fin-tendra-servicios-publicos-tribunal-ordena-soluciones-urgentes-a-urbanizador-alcaldia-de-yopal-y-eaaay\/#breadcrumb\"},\"inLanguage\":\"es\",\"potentialAction\":[{\"@type\":\"ReadAction\",\"target\":[\"https:\/\/marthacifuentes.com\/portada\/getsemani-por-fin-tendra-servicios-publicos-tribunal-ordena-soluciones-urgentes-a-urbanizador-alcaldia-de-yopal-y-eaaay\/\"]}]},{\"@type\":\"ImageObject\",\"inLanguage\":\"es\",\"@id\":\"https:\/\/marthacifuentes.com\/portada\/getsemani-por-fin-tendra-servicios-publicos-tribunal-ordena-soluciones-urgentes-a-urbanizador-alcaldia-de-yopal-y-eaaay\/#primaryimage\",\"url\":\"https:\/\/marthacifuentes.com\/portada\/wp-content\/uploads\/2025\/03\/F-GETSEMANI-.png\",\"contentUrl\":\"https:\/\/marthacifuentes.com\/portada\/wp-content\/uploads\/2025\/03\/F-GETSEMANI-.png\",\"width\":893,\"height\":422},{\"@type\":\"BreadcrumbList\",\"@id\":\"https:\/\/marthacifuentes.com\/portada\/getsemani-por-fin-tendra-servicios-publicos-tribunal-ordena-soluciones-urgentes-a-urbanizador-alcaldia-de-yopal-y-eaaay\/#breadcrumb\",\"itemListElement\":[{\"@type\":\"ListItem\",\"position\":1,\"name\":\"Portada\",\"item\":\"https:\/\/marthacifuentes.com\/portada\/\"},{\"@type\":\"ListItem\",\"position\":2,\"name\":\"Getseman\u00ed, por fin tendr\u00e1 servicios p\u00fablicos. Tribunal ordena soluciones urgentes a urbanizador, Alcald\u00eda de Yopal y Eaaay.\"}]},{\"@type\":\"WebSite\",\"@id\":\"https:\/\/marthacifuentes.com\/portada\/#website\",\"url\":\"https:\/\/marthacifuentes.com\/portada\/\",\"name\":\"\u25b7 Noticias de Casanare : Martha Cifuentes | Casanare\",\"description\":\"Noticias &amp; Contenidos\",\"potentialAction\":[{\"@type\":\"SearchAction\",\"target\":{\"@type\":\"EntryPoint\",\"urlTemplate\":\"https:\/\/marthacifuentes.com\/portada\/?s={search_term_string}\"},\"query-input\":{\"@type\":\"PropertyValueSpecification\",\"valueRequired\":true,\"valueName\":\"search_term_string\"}}],\"inLanguage\":\"es\"},{\"@type\":\"Person\",\"@id\":\"https:\/\/marthacifuentes.com\/portada\/#\/schema\/person\/57f53174b991db5f90ff78d58502b714\",\"name\":\"Martha Cifuentes\",\"image\":{\"@type\":\"ImageObject\",\"inLanguage\":\"es\",\"@id\":\"https:\/\/marthacifuentes.com\/portada\/#\/schema\/person\/image\/\",\"url\":\"http:\/\/marthacifuentes.com\/portada\/wp-content\/uploads\/2018\/06\/avatar_user_2_1528838701-96x96.jpg\",\"contentUrl\":\"http:\/\/marthacifuentes.com\/portada\/wp-content\/uploads\/2018\/06\/avatar_user_2_1528838701-96x96.jpg\",\"caption\":\"Martha Cifuentes\"},\"sameAs\":[\"http:\/\/www.marthacifuentes.com\"],\"url\":\"https:\/\/marthacifuentes.com\/portada\/author\/martha\/\"}]}<\/script>\n<!-- \/ Yoast SEO plugin. -->","yoast_head_json":{"title":"Getseman\u00ed, por fin tendr\u00e1 servicios p\u00fablicos. Tribunal ordena soluciones urgentes a urbanizador, Alcald\u00eda de Yopal y Eaaay. - \u25b7 Noticias de Casanare : Martha Cifuentes | Casanare","robots":{"index":"index","follow":"follow","max-snippet":"max-snippet:-1","max-image-preview":"max-image-preview:large","max-video-preview":"max-video-preview:-1"},"canonical":"https:\/\/marthacifuentes.com\/portada\/getsemani-por-fin-tendra-servicios-publicos-tribunal-ordena-soluciones-urgentes-a-urbanizador-alcaldia-de-yopal-y-eaaay\/","og_locale":"es_ES","og_type":"article","og_title":"Getseman\u00ed, por fin tendr\u00e1 servicios p\u00fablicos. Tribunal ordena soluciones urgentes a urbanizador, Alcald\u00eda de Yopal y Eaaay. - \u25b7 Noticias de Casanare : Martha Cifuentes | Casanare","og_description":"El\u00a0Tribunal Administrativo de Casanare\u00a0quiere poner fin a una d\u00e9cada de abandono y fallas en la prestaci\u00f3n de servicios p\u00fablicos en la\u00a0Urbanizaci\u00f3n Getseman\u00ed, ubicada en Yopal. Se orden\u00f3 al\u00a0Municipio de Yopal, a la\u00a0Empresa de Acueducto, Alcantarillado y Aseo de Yopal, Eaaay,\u00a0y al urbanizador\u00a0Manuel Modesto Castro Correa\u00a0tomar medidas urgentes para garantizar el acceso al agua potable y &hellip;","og_url":"https:\/\/marthacifuentes.com\/portada\/getsemani-por-fin-tendra-servicios-publicos-tribunal-ordena-soluciones-urgentes-a-urbanizador-alcaldia-de-yopal-y-eaaay\/","og_site_name":"\u25b7 Noticias de Casanare : Martha Cifuentes | Casanare","article_published_time":"2025-03-19T15:40:35+00:00","og_image":[{"width":893,"height":422,"url":"https:\/\/marthacifuentes.com\/portada\/wp-content\/uploads\/2025\/03\/F-GETSEMANI-.png","type":"image\/png"}],"author":"Martha Cifuentes","twitter_card":"summary_large_image","twitter_misc":{"Escrito por":"Martha Cifuentes","Tiempo de lectura":"3 minutos"},"schema":{"@context":"https:\/\/schema.org","@graph":[{"@type":"WebPage","@id":"https:\/\/marthacifuentes.com\/portada\/getsemani-por-fin-tendra-servicios-publicos-tribunal-ordena-soluciones-urgentes-a-urbanizador-alcaldia-de-yopal-y-eaaay\/","url":"https:\/\/marthacifuentes.com\/portada\/getsemani-por-fin-tendra-servicios-publicos-tribunal-ordena-soluciones-urgentes-a-urbanizador-alcaldia-de-yopal-y-eaaay\/","name":"Getseman\u00ed, por fin tendr\u00e1 servicios p\u00fablicos. Tribunal ordena soluciones urgentes a urbanizador, Alcald\u00eda de Yopal y Eaaay. - \u25b7 Noticias de Casanare : Martha Cifuentes | Casanare","isPartOf":{"@id":"https:\/\/marthacifuentes.com\/portada\/#website"},"primaryImageOfPage":{"@id":"https:\/\/marthacifuentes.com\/portada\/getsemani-por-fin-tendra-servicios-publicos-tribunal-ordena-soluciones-urgentes-a-urbanizador-alcaldia-de-yopal-y-eaaay\/#primaryimage"},"image":{"@id":"https:\/\/marthacifuentes.com\/portada\/getsemani-por-fin-tendra-servicios-publicos-tribunal-ordena-soluciones-urgentes-a-urbanizador-alcaldia-de-yopal-y-eaaay\/#primaryimage"},"thumbnailUrl":"https:\/\/marthacifuentes.com\/portada\/wp-content\/uploads\/2025\/03\/F-GETSEMANI-.png","datePublished":"2025-03-19T15:40:35+00:00","author":{"@id":"https:\/\/marthacifuentes.com\/portada\/#\/schema\/person\/57f53174b991db5f90ff78d58502b714"},"breadcrumb":{"@id":"https:\/\/marthacifuentes.com\/portada\/getsemani-por-fin-tendra-servicios-publicos-tribunal-ordena-soluciones-urgentes-a-urbanizador-alcaldia-de-yopal-y-eaaay\/#breadcrumb"},"inLanguage":"es","potentialAction":[{"@type":"ReadAction","target":["https:\/\/marthacifuentes.com\/portada\/getsemani-por-fin-tendra-servicios-publicos-tribunal-ordena-soluciones-urgentes-a-urbanizador-alcaldia-de-yopal-y-eaaay\/"]}]},{"@type":"ImageObject","inLanguage":"es","@id":"https:\/\/marthacifuentes.com\/portada\/getsemani-por-fin-tendra-servicios-publicos-tribunal-ordena-soluciones-urgentes-a-urbanizador-alcaldia-de-yopal-y-eaaay\/#primaryimage","url":"https:\/\/marthacifuentes.com\/portada\/wp-content\/uploads\/2025\/03\/F-GETSEMANI-.png","contentUrl":"https:\/\/marthacifuentes.com\/portada\/wp-content\/uploads\/2025\/03\/F-GETSEMANI-.png","width":893,"height":422},{"@type":"BreadcrumbList","@id":"https:\/\/marthacifuentes.com\/portada\/getsemani-por-fin-tendra-servicios-publicos-tribunal-ordena-soluciones-urgentes-a-urbanizador-alcaldia-de-yopal-y-eaaay\/#breadcrumb","itemListElement":[{"@type":"ListItem","position":1,"name":"Portada","item":"https:\/\/marthacifuentes.com\/portada\/"},{"@type":"ListItem","position":2,"name":"Getseman\u00ed, por fin tendr\u00e1 servicios p\u00fablicos. Tribunal ordena soluciones urgentes a urbanizador, Alcald\u00eda de Yopal y Eaaay."}]},{"@type":"WebSite","@id":"https:\/\/marthacifuentes.com\/portada\/#website","url":"https:\/\/marthacifuentes.com\/portada\/","name":"\u25b7 Noticias de Casanare : Martha Cifuentes | Casanare","description":"Noticias &amp; Contenidos","potentialAction":[{"@type":"SearchAction","target":{"@type":"EntryPoint","urlTemplate":"https:\/\/marthacifuentes.com\/portada\/?s={search_term_string}"},"query-input":{"@type":"PropertyValueSpecification","valueRequired":true,"valueName":"search_term_string"}}],"inLanguage":"es"},{"@type":"Person","@id":"https:\/\/marthacifuentes.com\/portada\/#\/schema\/person\/57f53174b991db5f90ff78d58502b714","name":"Martha Cifuentes","image":{"@type":"ImageObject","inLanguage":"es","@id":"https:\/\/marthacifuentes.com\/portada\/#\/schema\/person\/image\/","url":"http:\/\/marthacifuentes.com\/portada\/wp-content\/uploads\/2018\/06\/avatar_user_2_1528838701-96x96.jpg","contentUrl":"http:\/\/marthacifuentes.com\/portada\/wp-content\/uploads\/2018\/06\/avatar_user_2_1528838701-96x96.jpg","caption":"Martha Cifuentes"},"sameAs":["http:\/\/www.marthacifuentes.com"],"url":"https:\/\/marthacifuentes.com\/portada\/author\/martha\/"}]}},"_links":{"self":[{"href":"https:\/\/marthacifuentes.com\/portada\/wp-json\/wp\/v2\/posts\/34890","targetHints":{"allow":["GET"]}}],"collection":[{"href":"https:\/\/marthacifuentes.com\/portada\/wp-json\/wp\/v2\/posts"}],"about":[{"href":"https:\/\/marthacifuentes.com\/portada\/wp-json\/wp\/v2\/types\/post"}],"author":[{"embeddable":true,"href":"https:\/\/marthacifuentes.com\/portada\/wp-json\/wp\/v2\/users\/2"}],"replies":[{"embeddable":true,"href":"https:\/\/marthacifuentes.com\/portada\/wp-json\/wp\/v2\/comments?post=34890"}],"version-history":[{"count":1,"href":"https:\/\/marthacifuentes.com\/portada\/wp-json\/wp\/v2\/posts\/34890\/revisions"}],"predecessor-version":[{"id":34894,"href":"https:\/\/marthacifuentes.com\/portada\/wp-json\/wp\/v2\/posts\/34890\/revisions\/34894"}],"wp:featuredmedia":[{"embeddable":true,"href":"https:\/\/marthacifuentes.com\/portada\/wp-json\/wp\/v2\/media\/34880"}],"wp:attachment":[{"href":"https:\/\/marthacifuentes.com\/portada\/wp-json\/wp\/v2\/media?parent=34890"}],"wp:term":[{"taxonomy":"category","embeddable":true,"href":"https:\/\/marthacifuentes.com\/portada\/wp-json\/wp\/v2\/categories?post=34890"},{"taxonomy":"post_tag","embeddable":true,"href":"https:\/\/marthacifuentes.com\/portada\/wp-json\/wp\/v2\/tags?post=34890"}],"curies":[{"name":"wp","href":"https:\/\/api.w.org\/{rel}","templated":true}]}}