{"id":34908,"date":"2025-03-20T11:14:42","date_gmt":"2025-03-20T16:14:42","guid":{"rendered":"https:\/\/marthacifuentes.com\/portada\/?p=34908"},"modified":"2025-03-20T11:14:42","modified_gmt":"2025-03-20T16:14:42","slug":"barrio-la-esmeralda-recibio-ayudas-humanitarias-para-paliar-efectos-del-invierno","status":"publish","type":"post","link":"https:\/\/marthacifuentes.com\/portada\/barrio-la-esmeralda-recibio-ayudas-humanitarias-para-paliar-efectos-del-invierno\/","title":{"rendered":"Barrio La Esmeralda recibi\u00f3 ayudas humanitarias para paliar efectos del invierno"},"content":{"rendered":"<p>La Direcci\u00f3n de Gesti\u00f3n del Riesgo de Desastres de la Gobernaci\u00f3n de Casanare, en articulaci\u00f3n con la Alcald\u00eda, el cuerpo de Bomberos y l\u00edderes comunitarios entreg\u00f3 ayudas humanitarias a 46 familias del barrio La Esmeralda de Yopal.<\/p>\n<p>Estas familias, altamente vulnerables, fueron afectadas por las primeras lluvias que han impactado algunos sectores de la regi\u00f3n.<\/p>\n<p>Las ayudas priorizan la mitigaci\u00f3n del impacto de la emergencia clim\u00e1tica y garantizan una respuesta ante las necesidades de la poblaci\u00f3n. Guillermo Velandia, director de Gesti\u00f3n del Riesgo, destac\u00f3 la importancia de prepararse para la transici\u00f3n hacia la temporada invernal y reafirm\u00f3 el compromiso de la administraci\u00f3n con los sectores m\u00e1s necesitados.<\/p>\n<p>Los l\u00edderes comunitarios agradecieron el apoyo recibido, resaltando la atenci\u00f3n brindada especialmente a adultos mayores y madres cabeza de familia en uno de los barrios m\u00e1s vulnerables de la capital de los casanare\u00f1os, fortaleciendo as\u00ed el trabajo en equipo en favor de las familias afectadas.<\/p>\n<h2>Otras noticias\u2026<\/h2>\n<p><iframe loading=\"lazy\" class=\"wp-embedded-content\" title=\"\u00abOrocu\u00e9 le gan\u00f3 la partida a la Gobernaci\u00f3n de Casanare en pleito por cobro de estampillas. Pierden adultos mayores y cultores del Departamento.\u00bb \u2014 \u25b7 Noticias de Casanare : Martha Cifuentes | Casanare\" src=\"https:\/\/marthacifuentes.com\/portada\/2025\/03\/20\/orocue-le-gano-la-partida-a-la-gobernacion-de-casanare-en-pleito-por-cobro-de-estampillas-pierden-adultos-mayores-y-cultores-del-departamento\/embed\/#?secret=ipwAQiIPJs#?secret=YGcq5Ls5bG\" width=\"600\" height=\"651\" frameborder=\"0\" marginwidth=\"0\" marginheight=\"0\" scrolling=\"no\" sandbox=\"allow-scripts\" data-secret=\"YGcq5Ls5bG\" data-mce-fragment=\"1\"><\/iframe><\/p>\n<p><iframe loading=\"lazy\" class=\"wp-embedded-content\" title=\"\u00abAlcald\u00eda de Paz de Ariporo S\u00cd o S\u00ed a girar los recursos del alumbrado p\u00fablico a la empresa mixta municipal\u00bb \u2014 \u25b7 Noticias de Casanare : Martha Cifuentes | Casanare\" src=\"https:\/\/marthacifuentes.com\/portada\/2025\/03\/19\/alcaldia-de-paz-de-ariporo-si-o-si-a-girar-los-recursos-del-alumbrado-publico-a-la-empresa-mixta-municipal\/embed\/#?secret=AXxblRXA0Z#?secret=I4C0F6HoEj\" width=\"600\" height=\"602\" frameborder=\"0\" marginwidth=\"0\" marginheight=\"0\" scrolling=\"no\" sandbox=\"allow-scripts\" data-secret=\"I4C0F6HoEj\" data-mce-fragment=\"1\"><\/iframe><\/p>\n<p><iframe loading=\"lazy\" class=\"wp-embedded-content\" title=\"\u00abCATASIG la empresa que actualiz\u00f3 el catastro de Yopal, tambi\u00e9n fue \u201ccontratada\u201d por la Alcald\u00eda para adecuar y dotar su propia sede.\u00bb \u2014 \u25b7 Noticias de Casanare : Martha Cifuentes | Casanare\" src=\"https:\/\/marthacifuentes.com\/portada\/2025\/03\/18\/catasig-la-empresa-que-actualizo-el-catastro-de-yopal-tambien-fue-contratada-por-la-alcaldia-para-adecuar-y-dotar-su-propia-sede\/embed\/#?secret=f4EuobaRzk#?secret=d0MUNnmwQM\" width=\"600\" height=\"608\" frameborder=\"0\" marginwidth=\"0\" marginheight=\"0\" scrolling=\"no\" sandbox=\"allow-scripts\" data-secret=\"d0MUNnmwQM\" data-mce-fragment=\"1\"><\/iframe><\/p>\n<p><iframe loading=\"lazy\" class=\"wp-embedded-content\" title=\"\u00abReforma Laboral: lo que plantea el gobierno y lo que cuestionan senadores que archivaron el proyecto.\u00bb \u2014 \u25b7 Noticias de Casanare : Martha Cifuentes | Casanare\" src=\"https:\/\/marthacifuentes.com\/portada\/2025\/03\/18\/reforma-laboral-lo-que-plantea-el-gobierno-y-lo-que-cuestionan-senadores-que-archivaron-el-proyecto\/embed\/#?secret=WK4hE1WtuE#?secret=kCvbXnVERD\" width=\"600\" height=\"623\" frameborder=\"0\" marginwidth=\"0\" marginheight=\"0\" scrolling=\"no\" sandbox=\"allow-scripts\" data-secret=\"kCvbXnVERD\" data-mce-fragment=\"1\"><\/iframe><\/p>\n<p><iframe loading=\"lazy\" class=\"wp-embedded-content\" title=\"\u00abEn Barrancabermeja colocaron valla los senadores que archivaron la reforma laboral.\u00bb \u2014 \u25b7 Noticias de Casanare : Martha Cifuentes | Casanare\" src=\"https:\/\/marthacifuentes.com\/portada\/2025\/03\/18\/en-barrancabermeja-colocaron-valla-los-senadores-que-archivaron-la-reforma-laboral\/embed\/#?secret=BnWVqzwR5Z#?secret=PF912sBjg2\" width=\"600\" height=\"623\" frameborder=\"0\" marginwidth=\"0\" marginheight=\"0\" scrolling=\"no\" sandbox=\"allow-scripts\" data-secret=\"PF912sBjg2\" data-mce-fragment=\"1\"><\/iframe><\/p>\n<p><iframe loading=\"lazy\" class=\"wp-embedded-content\" title=\"\u00abMuerte de embarazada en Man\u00ed, genera indignaci\u00f3n en la comunidad. Se investiga el hecho.\u00bb \u2014 \u25b7 Noticias de Casanare : Martha Cifuentes | Casanare\" src=\"https:\/\/marthacifuentes.com\/portada\/2025\/03\/17\/muerte-de-embarazada-en-mani-genera-indignacion-en-la-comunidad-se-investiga-el-hecho\/embed\/#?secret=aMLCVDn9XA#?secret=ozjEDjRnU0\" width=\"600\" height=\"623\" frameborder=\"0\" marginwidth=\"0\" marginheight=\"0\" scrolling=\"no\" sandbox=\"allow-scripts\" data-secret=\"ozjEDjRnU0\" data-mce-fragment=\"1\"><\/iframe><\/p>\n<p><iframe loading=\"lazy\" class=\"wp-embedded-content\" title=\"\u00abPor matar un perro hombre fue condenado a 4 a\u00f1os de prisi\u00f3n\u00bb \u2014 \u25b7 Noticias de Casanare : Martha Cifuentes | Casanare\" src=\"https:\/\/marthacifuentes.com\/portada\/2025\/03\/17\/por-matar-un-perro-hombre-fue-condenado-a-4-anos-de-prision\/embed\/#?secret=9hBVYIJbUs#?secret=B9GQhrwC8J\" width=\"600\" height=\"600\" frameborder=\"0\" marginwidth=\"0\" marginheight=\"0\" scrolling=\"no\" sandbox=\"allow-scripts\" data-secret=\"B9GQhrwC8J\" data-mce-fragment=\"1\"><\/iframe><\/p>\n<p><iframe loading=\"lazy\" class=\"wp-embedded-content\" title=\"\u00abEl Ej\u00e9rcito desmantel\u00f3 red de finanzas de disidencias Segunda Marquetalia en Vichada,\u00bb \u2014 \u25b7 Noticias de Casanare : Martha Cifuentes | Casanare\" src=\"https:\/\/marthacifuentes.com\/portada\/2025\/03\/17\/el-ejercito-desmantelo-red-de-finanzas-de-disidencias-segunda-marquetalia-en-vichada\/embed\/#?secret=Pq52zMKHNo#?secret=r4U5n4hWZO\" width=\"600\" height=\"623\" frameborder=\"0\" marginwidth=\"0\" marginheight=\"0\" scrolling=\"no\" sandbox=\"allow-scripts\" data-secret=\"r4U5n4hWZO\" data-mce-fragment=\"1\"><\/iframe><\/p>\n<p><iframe loading=\"lazy\" class=\"wp-embedded-content\" title=\"\u00abCreciente del r\u00edo Cusiana \u201cle agu\u00f3 la fiesta\u201d al Festival de Verano de Man\u00ed\u00bb \u2014 \u25b7 Noticias de Casanare : Martha Cifuentes | Casanare\" src=\"https:\/\/marthacifuentes.com\/portada\/2025\/03\/17\/creciente-del-rio-cusiana-le-aguo-la-fiesta-al-festival-de-verano-de-mani\/embed\/#?secret=VcS5Tzis3H#?secret=fpmbiXHcKQ\" width=\"600\" height=\"623\" frameborder=\"0\" marginwidth=\"0\" marginheight=\"0\" scrolling=\"no\" sandbox=\"allow-scripts\" data-secret=\"fpmbiXHcKQ\" data-mce-fragment=\"1\"><\/iframe><\/p>\n<p><iframe loading=\"lazy\" class=\"wp-embedded-content\" title=\"\u00abCasanare se pone las pilas contra la bacteria \u201cXylella fastidiosa\u201d que amenaza el agro\u00bb \u2014 \u25b7 Noticias de Casanare : Martha Cifuentes | Casanare\" src=\"https:\/\/marthacifuentes.com\/portada\/2025\/03\/17\/casanare-se-pone-las-pilas-contra-la-bacteria-xylella-fastidiosa-que-amenaza-el-agro\/embed\/#?secret=oQEvqk84WI#?secret=yeycySZTO6\" width=\"600\" height=\"591\" frameborder=\"0\" marginwidth=\"0\" marginheight=\"0\" scrolling=\"no\" sandbox=\"allow-scripts\" data-secret=\"yeycySZTO6\" data-mce-fragment=\"1\"><\/iframe><\/p>\n<p><iframe loading=\"lazy\" class=\"wp-embedded-content\" title=\"\u00abLe meten otro \u201cempuj\u00f3n\u201d a la v\u00eda Guanapalo-Orocu\u00e9: 4.5 kil\u00f3metros m\u00e1s de pavimento\u00bb \u2014 \u25b7 Noticias de Casanare : Martha Cifuentes | Casanare\" src=\"https:\/\/marthacifuentes.com\/portada\/2025\/03\/17\/le-meten-otro-empujon-a-la-via-guanapalo-orocue-4-5-kilometros-mas-de-pavimento\/embed\/#?secret=0aCxxlMDSN#?secret=BEeUA5hnJh\" width=\"600\" height=\"622\" frameborder=\"0\" marginwidth=\"0\" marginheight=\"0\" scrolling=\"no\" sandbox=\"allow-scripts\" data-secret=\"BEeUA5hnJh\" data-mce-fragment=\"1\"><\/iframe><\/p>\n<p><iframe loading=\"lazy\" class=\"wp-embedded-content\" title=\"\u00abLe meten otro \u201cempuj\u00f3n\u201d a la v\u00eda Guanapalo-Orocu\u00e9: 4.5 kil\u00f3metros m\u00e1s de pavimento\u00bb \u2014 \u25b7 Noticias de Casanare : Martha Cifuentes | Casanare\" src=\"https:\/\/marthacifuentes.com\/portada\/2025\/03\/17\/le-meten-otro-empujon-a-la-via-guanapalo-orocue-4-5-kilometros-mas-de-pavimento\/embed\/#?secret=0aCxxlMDSN#?secret=BEeUA5hnJh\" width=\"600\" height=\"622\" frameborder=\"0\" marginwidth=\"0\" marginheight=\"0\" scrolling=\"no\" sandbox=\"allow-scripts\" data-secret=\"BEeUA5hnJh\" data-mce-fragment=\"1\"><\/iframe><\/p>\n<p><iframe loading=\"lazy\" class=\"wp-embedded-content\" title=\"\u00abPlan Verano \u2018en veremos\u2019 por sequ\u00eda de regal\u00edas y con el invierno a la vuelta de la esquina\u00bb \u2014 \u25b7 Noticias de Casanare : Martha Cifuentes | Casanare\" src=\"https:\/\/marthacifuentes.com\/portada\/2025\/03\/17\/plan-verano-en-veremos-por-sequia-de-regalias-y-con-el-invierno-a-la-vuelta-de-la-esquina\/embed\/#?secret=uKK6Zm6ekU#?secret=T3SqNlgD9s\" width=\"600\" height=\"622\" frameborder=\"0\" marginwidth=\"0\" marginheight=\"0\" scrolling=\"no\" sandbox=\"allow-scripts\" data-secret=\"T3SqNlgD9s\" data-mce-fragment=\"1\"><\/iframe><\/p>\n<p><iframe loading=\"lazy\" class=\"wp-embedded-content\" title=\"\u00abCasanare \u2018se faja\u2019 con descuentos en impuestos a quienes matriculen sus veh\u00edculos de otras regiones\u00bb \u2014 \u25b7 Noticias de Casanare : Martha Cifuentes | Casanare\" src=\"https:\/\/marthacifuentes.com\/portada\/2025\/03\/14\/casanare-se-faja-con-descuentos-en-impuestos-a-quienes-matriculen-sus-vehiculos-de-otras-regiones\/embed\/#?secret=mez6VCVqUz#?secret=eWYTrXBFCG\" width=\"600\" height=\"623\" frameborder=\"0\" marginwidth=\"0\" marginheight=\"0\" scrolling=\"no\" sandbox=\"allow-scripts\" data-secret=\"eWYTrXBFCG\" data-mce-fragment=\"1\"><\/iframe><\/p>\n<p><iframe loading=\"lazy\" class=\"wp-embedded-content\" title=\"\u00abEn Man\u00ed inici\u00f3 construcci\u00f3n de un hospital digno para mejorar la salud de sus habitantes. Zorro cumpli\u00f3.\u00bb \u2014 \u25b7 Noticias de Casanare : Martha Cifuentes | Casanare\" src=\"https:\/\/marthacifuentes.com\/portada\/2025\/03\/14\/en-mani-inicio-construccion-de-un-hospital-digno-para-mejorar-la-salud-de-sus-habitantes-zorro-cumplio\/embed\/#?secret=IAzdKdAeOL#?secret=M1WrcNr5AE\" width=\"600\" height=\"602\" frameborder=\"0\" marginwidth=\"0\" marginheight=\"0\" scrolling=\"no\" sandbox=\"allow-scripts\" data-secret=\"M1WrcNr5AE\" data-mce-fragment=\"1\"><\/iframe><\/p>\n<p><iframe loading=\"lazy\" class=\"wp-embedded-content\" title=\"\u00abDe la violencia a la esperanza: 49 familias v\u00edctimas de Bellacruz, Cesar, encuentran refugio en Man\u00ed, Casanare\u00bb \u2014 \u25b7 Noticias de Casanare : Martha Cifuentes | Casanare\" src=\"https:\/\/marthacifuentes.com\/portada\/2025\/03\/13\/de-la-violencia-a-la-esperanza-49-familias-victimas-de-bellacruz-cesar-encuentran-refugio-en-mani-casanare\/embed\/#?secret=8mdwmme1gn#?secret=8z4S6ZTL4K\" width=\"600\" height=\"580\" frameborder=\"0\" marginwidth=\"0\" marginheight=\"0\" scrolling=\"no\" sandbox=\"allow-scripts\" data-secret=\"8z4S6ZTL4K\" data-mce-fragment=\"1\"><\/iframe><\/p>\n<p><iframe loading=\"lazy\" class=\"wp-embedded-content\" title=\"\u00abValentina Monroy de 21 a\u00f1os, v\u00edctima fatal n\u00famero 12 en siniestros viales de Yopal en 2025\u00bb \u2014 \u25b7 Noticias de Casanare : Martha Cifuentes | Casanare\" src=\"https:\/\/marthacifuentes.com\/portada\/2025\/03\/13\/valentina-monroy-de-21-anos-victima-fatal-numero-12-en-siniestros-viales-de-yopal-en-2025\/embed\/#?secret=qyHbpAUVmN#?secret=TlxHRRJ8I8\" width=\"600\" height=\"623\" frameborder=\"0\" marginwidth=\"0\" marginheight=\"0\" scrolling=\"no\" sandbox=\"allow-scripts\" data-secret=\"TlxHRRJ8I8\" data-mce-fragment=\"1\"><\/iframe><\/p>\n<p><iframe loading=\"lazy\" class=\"wp-embedded-content\" title=\"\u00abEl PAE en Yopal al tablero: En Audiencia p\u00fablica se ver\u00e1 si se est\u00e1 haciendo bien o no, la tarea.\u00bb \u2014 \u25b7 Noticias de Casanare : Martha Cifuentes | Casanare\" src=\"https:\/\/marthacifuentes.com\/portada\/2025\/03\/13\/el-pae-en-yopal-al-tablero-en-audiencia-publica-se-vera-si-se-esta-haciendo-bien-o-no-la-tarea\/embed\/#?secret=WdbFqhtuno#?secret=pERMb60bCt\" width=\"600\" height=\"602\" frameborder=\"0\" marginwidth=\"0\" marginheight=\"0\" scrolling=\"no\" sandbox=\"allow-scripts\" data-secret=\"pERMb60bCt\" data-mce-fragment=\"1\"><\/iframe><\/p>\n<p><iframe loading=\"lazy\" class=\"wp-embedded-content\" title=\"\u00abRicos y pobres de Yopal, unidos por afectaci\u00f3n al bolsillo por actualizaci\u00f3n catastral y trepada del impuesto predial, buscan soluciones.\u00bb \u2014 \u25b7 Noticias de Casanare : Martha Cifuentes | Casanare\" src=\"https:\/\/marthacifuentes.com\/portada\/2025\/03\/13\/ricos-y-pobres-de-yopal-unidos-por-afectacion-al-bolsillo-por-actualizacion-catastral-y-trepada-del-impuesto-predial-buscan-soluciones\/embed\/#?secret=IOaXhSvwtK#?secret=qvK6Rav8PS\" width=\"600\" height=\"589\" frameborder=\"0\" marginwidth=\"0\" marginheight=\"0\" scrolling=\"no\" sandbox=\"allow-scripts\" data-secret=\"qvK6Rav8PS\" data-mce-fragment=\"1\"><\/iframe><\/p>\n<p><iframe loading=\"lazy\" class=\"wp-embedded-content\" title=\"\u00abRequiere $$$$ \u00a1Ac\u00e9rquese al IFC y adquiera su cr\u00e9dito!\u00bb \u2014 \u25b7 Noticias de Casanare : Martha Cifuentes | Casanare\" src=\"https:\/\/marthacifuentes.com\/portada\/2025\/03\/12\/requiere-acerquese-al-ifc-y-adquiera-su-credito\/embed\/#?secret=MRmAIUv1Gt#?secret=lgwaCT6U53\" width=\"600\" height=\"594\" frameborder=\"0\" marginwidth=\"0\" marginheight=\"0\" scrolling=\"no\" sandbox=\"allow-scripts\" data-secret=\"lgwaCT6U53\" data-mce-fragment=\"1\"><\/iframe><\/p>\n<p><iframe loading=\"lazy\" class=\"wp-embedded-content\" title=\"\u00abGobernador de Casanare propone Fondo de Estabilizaci\u00f3n de Precios del Arroz para superar crisis del sector\u00bb \u2014 \u25b7 Noticias de Casanare : Martha Cifuentes | Casanare\" src=\"https:\/\/marthacifuentes.com\/portada\/2025\/03\/12\/gobernador-de-casanare-propone-fondo-de-estabilizacion-de-precios-del-arroz-para-superar-crisis-del-sector\/embed\/#?secret=wOASTfHL5T#?secret=UjwigXFIwO\" width=\"600\" height=\"615\" frameborder=\"0\" marginwidth=\"0\" marginheight=\"0\" scrolling=\"no\" sandbox=\"allow-scripts\" data-secret=\"UjwigXFIwO\" data-mce-fragment=\"1\"><\/iframe><\/p>\n<p><iframe loading=\"lazy\" class=\"wp-embedded-content\" title=\"\u00abParo de arroceros contin\u00faa en Casanare. Gremios econ\u00f3micos y sociales rechazan bloqueos\u00bb \u2014 \u25b7 Noticias de Casanare : Martha Cifuentes | Casanare\" src=\"https:\/\/marthacifuentes.com\/portada\/2025\/03\/12\/paro-de-arroceros-continua-en-casanare-gremios-economicos-y-sociales-rechazan-bloqueos\/embed\/#?secret=ZG0f6s70fK#?secret=seUWlKTWHT\" width=\"600\" height=\"601\" frameborder=\"0\" marginwidth=\"0\" marginheight=\"0\" scrolling=\"no\" sandbox=\"allow-scripts\" data-secret=\"seUWlKTWHT\" data-mce-fragment=\"1\"><\/iframe><\/p>\n<p><iframe loading=\"lazy\" class=\"wp-embedded-content\" title=\"\u00abIncendios forestales en Paz de Ariporo, tienden a empeorar. Cultivos, flora y fauna, en peligro.\u00bb \u2014 \u25b7 Noticias de Casanare : Martha Cifuentes | Casanare\" src=\"https:\/\/marthacifuentes.com\/portada\/2025\/03\/12\/incendios-forestales-en-paz-de-ariporo-tienden-a-empeorar-cultivos-flora-y-fauna-en-peligro\/embed\/#?secret=me0vrDsDoB#?secret=cRk4yC5S93\" width=\"600\" height=\"596\" frameborder=\"0\" marginwidth=\"0\" marginheight=\"0\" scrolling=\"no\" sandbox=\"allow-scripts\" data-secret=\"cRk4yC5S93\" data-mce-fragment=\"1\"><\/iframe><\/p>\n<p><iframe loading=\"lazy\" class=\"wp-embedded-content\" title=\"\u00abMan\u00ed preocupado por llegada de 49 familias desplazadas del Cesar. ANT habr\u00eda comprado tres fincas para ellas.\u00bb \u2014 \u25b7 Noticias de Casanare : Martha Cifuentes | Casanare\" src=\"https:\/\/marthacifuentes.com\/portada\/2025\/03\/12\/mani-preocupado-por-llegada-de-49-familias-desplazadas-del-cesar-ant-habria-comprado-tres-fincas-para-ellas\/embed\/#?secret=8eFK2dUgIf#?secret=2jxqfElcgD\" width=\"600\" height=\"629\" frameborder=\"0\" marginwidth=\"0\" marginheight=\"0\" scrolling=\"no\" sandbox=\"allow-scripts\" data-secret=\"2jxqfElcgD\" data-mce-fragment=\"1\"><\/iframe><\/p>\n<p><iframe loading=\"lazy\" class=\"wp-embedded-content\" title=\"\u00abComunidad ind\u00edgena de Orocu\u00e9, Casanare, lamenta muerte de ni\u00f1a de 12 a\u00f1os\u00bb \u2014 \u25b7 Noticias de Casanare : Martha Cifuentes | Casanare\" src=\"https:\/\/marthacifuentes.com\/portada\/2025\/03\/11\/comunidad-indigena-de-orocue-casanare-lamenta-muerte-de-nina-de-12-anos\/embed\/#?secret=WTC0ETvsUe#?secret=UyRcF3brD8\" width=\"600\" height=\"623\" frameborder=\"0\" marginwidth=\"0\" marginheight=\"0\" scrolling=\"no\" sandbox=\"allow-scripts\" data-secret=\"UyRcF3brD8\" data-mce-fragment=\"1\"><\/iframe><\/p>\n<p><iframe loading=\"lazy\" class=\"wp-embedded-content\" title=\"\u00abHombre de 27 a\u00f1os fallece en aparente suicidio en barrio El Nogal de Yopal\u00bb \u2014 \u25b7 Noticias de Casanare : Martha Cifuentes | Casanare\" src=\"https:\/\/marthacifuentes.com\/portada\/2025\/03\/11\/hombre-de-27-anos-fallece-en-aparente-suicidio-en-barrio-el-nogal-de-yopal\/embed\/#?secret=3zANdldZYb#?secret=kMXWHd0DrI\" width=\"600\" height=\"623\" frameborder=\"0\" marginwidth=\"0\" marginheight=\"0\" scrolling=\"no\" sandbox=\"allow-scripts\" data-secret=\"kMXWHd0DrI\" data-mce-fragment=\"1\"><\/iframe><\/p>\n<p><iframe loading=\"lazy\" class=\"wp-embedded-content\" title=\"\u00abJoven de la comunidad LGTBI hallado sin vida en Paz de Ariporo; Se ofrece recompensa de 10 millones por informaci\u00f3n\u00bb \u2014 \u25b7 Noticias de Casanare : Martha Cifuentes | Casanare\" src=\"https:\/\/marthacifuentes.com\/portada\/2025\/03\/11\/joven-de-la-comunidad-lgtbi-hallado-sin-vida-en-paz-de-ariporo-se-ofrece-recompensa-de-10-millones-por-informacion\/embed\/#?secret=mtQeQx9oeS#?secret=cXy51xxl4M\" width=\"600\" height=\"651\" frameborder=\"0\" marginwidth=\"0\" marginheight=\"0\" scrolling=\"no\" sandbox=\"allow-scripts\" data-secret=\"cXy51xxl4M\" data-mce-fragment=\"1\"><\/iframe><\/p>\n<p><iframe loading=\"lazy\" class=\"wp-embedded-content\" title=\"\u00abDe vuelta a su llano! Liberan 40 caimanes llaneros pa\u2019 que le pongan equilibrio al ecosistema\u00bb \u2014 \u25b7 Noticias de Casanare : Martha Cifuentes | Casanare\" src=\"https:\/\/marthacifuentes.com\/portada\/2025\/03\/11\/de-vuelta-a-su-llano-liberan-40-caimanes-llaneros-pa-que-le-pongan-equilibrio-al-ecosistema\/embed\/#?secret=NHmpiEjJ9n#?secret=ABbxJL9QWp\" width=\"600\" height=\"623\" frameborder=\"0\" marginwidth=\"0\" marginheight=\"0\" scrolling=\"no\" sandbox=\"allow-scripts\" data-secret=\"ABbxJL9QWp\" data-mce-fragment=\"1\"><\/iframe><\/p>\n<p><iframe loading=\"lazy\" class=\"wp-embedded-content\" title=\"\u00abSENA Casanare abre inscripciones para la 2\u00aa. oferta de Formaci\u00f3n 2025\u00bb \u2014 \u25b7 Noticias de Casanare : Martha Cifuentes | Casanare\" src=\"https:\/\/marthacifuentes.com\/portada\/2025\/03\/11\/sena-casanare-abre-inscripciones-para-la-2a-oferta-de-formacion-2025\/embed\/#?secret=7BrrMoK4e5#?secret=dgulKSQY3X\" width=\"600\" height=\"571\" frameborder=\"0\" marginwidth=\"0\" marginheight=\"0\" scrolling=\"no\" sandbox=\"allow-scripts\" data-secret=\"dgulKSQY3X\" data-mce-fragment=\"1\"><\/iframe><\/p>\n<p><iframe loading=\"lazy\" class=\"wp-embedded-content\" title=\"\u00ab21 artesanos ya tienen su Tienda en Yopal, Casanare. Gobernaci\u00f3n la inaugur\u00f3.\u00a0\u00bb \u2014 \u25b7 Noticias de Casanare : Martha Cifuentes | Casanare\" src=\"https:\/\/marthacifuentes.com\/portada\/2025\/03\/11\/21-artesanos-ya-tienen-su-tienda-en-yopal-casanare-gobernacion-la-inauguro\/embed\/#?secret=QhtZOCivgE#?secret=NT8cF6AcJ8\" width=\"600\" height=\"623\" frameborder=\"0\" marginwidth=\"0\" marginheight=\"0\" scrolling=\"no\" sandbox=\"allow-scripts\" data-secret=\"NT8cF6AcJ8\" data-mce-fragment=\"1\"><\/iframe><\/p>\n<p><iframe loading=\"lazy\" class=\"wp-embedded-content\" title=\"\u00abEn Orocu\u00e9 cay\u00f3 laboratorio que produc\u00eda 2 toneladas de droga mensuales. Narcos perder\u00e1n 26 millones de euros\u00bb \u2014 \u25b7 Noticias de Casanare : Martha Cifuentes | Casanare\" src=\"https:\/\/marthacifuentes.com\/portada\/2025\/03\/10\/en-orocue-cayo-laboratorio-que-producia-2-toneladas-de-droga-mensuales-narcos-perderan-26-millones-de-euros\/embed\/#?secret=SR5kGXYpUm#?secret=73w5OWis7y\" width=\"600\" height=\"651\" frameborder=\"0\" marginwidth=\"0\" marginheight=\"0\" scrolling=\"no\" sandbox=\"allow-scripts\" data-secret=\"73w5OWis7y\" data-mce-fragment=\"1\"><\/iframe><\/p>\n<p><iframe loading=\"lazy\" class=\"wp-embedded-content\" title=\"\u00abMonterrey tendr\u00e1 nuevas rutas de transporte escolar: Gobernaci\u00f3n de Casanare\u00bb \u2014 \u25b7 Noticias de Casanare : Martha Cifuentes | Casanare\" src=\"https:\/\/marthacifuentes.com\/portada\/2025\/03\/10\/monterrey-tendra-nuevas-rutas-de-transporte-escolar-gobernacion-de-casanare\/embed\/#?secret=UpMQ9hfgW7#?secret=LKGGYJKKru\" width=\"600\" height=\"623\" frameborder=\"0\" marginwidth=\"0\" marginheight=\"0\" scrolling=\"no\" sandbox=\"allow-scripts\" data-secret=\"LKGGYJKKru\" data-mce-fragment=\"1\"><\/iframe><\/p>\n<p><iframe loading=\"lazy\" class=\"wp-embedded-content\" title=\"\u00abCorporinoquia, la peor corporaci\u00f3n ambiental en gesti\u00f3n seg\u00fan el IEDI 2023: MinAmbiente.\u00bb \u2014 \u25b7 Noticias de Casanare : Martha Cifuentes | Casanare\" src=\"https:\/\/marthacifuentes.com\/portada\/2025\/03\/10\/corporinoquia-la-peor-corporacion-ambiental-en-gestion-segun-el-iedi-2023-minambiente\/embed\/#?secret=PV2NUojlcU#?secret=xAoqhcXfD1\" width=\"600\" height=\"601\" frameborder=\"0\" marginwidth=\"0\" marginheight=\"0\" scrolling=\"no\" sandbox=\"allow-scripts\" data-secret=\"xAoqhcXfD1\" data-mce-fragment=\"1\"><\/iframe><\/p>\n<p><iframe loading=\"lazy\" class=\"wp-embedded-content\" title=\"\u00abAlcald\u00eda de Yopal revisar\u00e1 con lupa parametrizaci\u00f3n que dej\u00f3 facturas del impredial por las nubes. Se suspende plataforma de liquidaciones.\u00bb \u2014 \u25b7 Noticias de Casanare : Martha Cifuentes | Casanare\" src=\"https:\/\/marthacifuentes.com\/portada\/2025\/03\/10\/alcaldia-de-yopal-revisara-con-lupa-parametrizacion-que-dejo-facturas-del-impredial-por-las-nubes-se-suspende-plataforma-de-liquidaciones\/embed\/#?secret=A6dhILtTwx#?secret=ZYOuB31gyX\" width=\"600\" height=\"651\" frameborder=\"0\" marginwidth=\"0\" marginheight=\"0\" scrolling=\"no\" sandbox=\"allow-scripts\" data-secret=\"ZYOuB31gyX\" data-mce-fragment=\"1\"><\/iframe><\/p>\n<p><iframe loading=\"lazy\" class=\"wp-embedded-content\" title=\"\u00ab\u00bfQu\u00e9 tal esto? Impuesto predial NO debi\u00f3 subir m\u00e1s del 5.2% para mayor\u00eda en Yopal, seg\u00fan CATASIG SAS EICE.\u00bb \u2014 \u25b7 Noticias de Casanare : Martha Cifuentes | Casanare\" src=\"https:\/\/marthacifuentes.com\/portada\/2025\/03\/07\/que-tal-esto-impuesto-predial-no-debio-subir-mas-del-5-2-para-mayoria-en-yopal-segun-catasig-sas-eice\/embed\/#?secret=VYk9SzwHhU#?secret=VJZiuupbee\" width=\"600\" height=\"601\" frameborder=\"0\" marginwidth=\"0\" marginheight=\"0\" scrolling=\"no\" sandbox=\"allow-scripts\" data-secret=\"VJZiuupbee\" data-mce-fragment=\"1\"><\/iframe><\/p>\n<p><iframe loading=\"lazy\" class=\"wp-embedded-content\" title=\"\u00abV\u00eda Vado Hondo-Labranzagrande-Yopal, con solo 25% de avance, recibe empuj\u00f3n de 33.6 mil millones para salir del atraso\u00bb\u00bb \u2014 \u25b7 Noticias de Casanare : Martha Cifuentes | Casanare\" src=\"https:\/\/marthacifuentes.com\/portada\/2025\/03\/07\/via-vado-hondo-labranzagrande-yopal-con-solo-25-de-avance-recibe-empujon-de-33-6-mil-millones-para-salir-del-atraso\/embed\/#?secret=5gANrLt4yj#?secret=zJqZmAwj4n\" width=\"600\" height=\"651\" frameborder=\"0\" marginwidth=\"0\" marginheight=\"0\" scrolling=\"no\" sandbox=\"allow-scripts\" data-secret=\"zJqZmAwj4n\" data-mce-fragment=\"1\"><\/iframe><\/p>\n<p><iframe loading=\"lazy\" class=\"wp-embedded-content\" title=\"\u00abZorro le apuesta a las placas huella: Comunidad y gobierno unidos para mejorar v\u00edas rurales\u00bb \u2014 \u25b7 Noticias de Casanare : Martha Cifuentes | Casanare\" src=\"https:\/\/marthacifuentes.com\/portada\/2025\/03\/07\/zorro-le-apuesta-a-las-placas-huella-comunidad-y-gobierno-unidos-para-mejorar-vias-rurales\/embed\/#?secret=M9lKnUCmt5#?secret=hKr0cRub0M\" width=\"600\" height=\"623\" frameborder=\"0\" marginwidth=\"0\" marginheight=\"0\" scrolling=\"no\" sandbox=\"allow-scripts\" data-secret=\"hKr0cRub0M\" data-mce-fragment=\"1\"><\/iframe><\/p>\n<p><iframe loading=\"lazy\" class=\"wp-embedded-content\" title=\"\u00abMa\u00f1ana inauguraci\u00f3n de Tienda Casanare, espacio de artesanos, con apoyo de la gestora social departamental\u00bb \u2014 \u25b7 Noticias de Casanare : Martha Cifuentes | Casanare\" src=\"https:\/\/marthacifuentes.com\/portada\/2025\/03\/07\/manana-inauguracion-de-tienda-casanare-espacio-de-artesanos-con-apoyo-de-la-gestora-social-departamental\/embed\/#?secret=jEoeOWt09D#?secret=XCafYluTNK\" width=\"600\" height=\"612\" frameborder=\"0\" marginwidth=\"0\" marginheight=\"0\" scrolling=\"no\" sandbox=\"allow-scripts\" data-secret=\"XCafYluTNK\" data-mce-fragment=\"1\"><\/iframe><\/p>\n<p><iframe loading=\"lazy\" class=\"wp-embedded-content\" title=\"\u00abParadoja de la violencia de g\u00e9nero: Mujer es imputada por homicidio de su pareja sentimental en Yopal\u00bb \u2014 \u25b7 Noticias de Casanare : Martha Cifuentes | Casanare\" src=\"https:\/\/marthacifuentes.com\/portada\/2025\/03\/06\/paradoja-de-la-violencia-de-genero-mujer-es-imputada-por-homicidio-de-su-pareja-sentimental-en-yopal\/embed\/#?secret=IqLVfOK67b#?secret=6aGxO59u0C\" width=\"600\" height=\"623\" frameborder=\"0\" marginwidth=\"0\" marginheight=\"0\" scrolling=\"no\" sandbox=\"allow-scripts\" data-secret=\"6aGxO59u0C\" data-mce-fragment=\"1\"><\/iframe><\/p>\n<p><iframe loading=\"lazy\" class=\"wp-embedded-content\" title=\"\u00abExsecretario de Hacienda pod\u00eda y NO evit\u00f3 el \u2018golpe\u2019 del predial en Yopal\u00bb \u2014 \u25b7 Noticias de Casanare : Martha Cifuentes | Casanare\" src=\"https:\/\/marthacifuentes.com\/portada\/2025\/03\/06\/exsecretario-de-hacienda-podia-y-no-evito-el-golpe-del-predial-en-yopal\/embed\/#?secret=kC1Z0ZiUib#?secret=UAvQ4RPonL\" width=\"600\" height=\"601\" frameborder=\"0\" marginwidth=\"0\" marginheight=\"0\" scrolling=\"no\" sandbox=\"allow-scripts\" data-secret=\"UAvQ4RPonL\" data-mce-fragment=\"1\"><\/iframe><\/p>\n<p><iframe loading=\"lazy\" class=\"wp-embedded-content\" title=\"\u00abArroceros bloquean Marginal del Llano a la entrada de Yopal. \u00a0\u00bb \u2014 \u25b7 Noticias de Casanare : Martha Cifuentes | Casanare\" src=\"https:\/\/marthacifuentes.com\/portada\/2025\/03\/06\/arroceros-bloquean-marginal-del-llano-a-la-entrada-de-yopal\/embed\/#?secret=Rsl6DYjK4l#?secret=bCSXfY40G7\" width=\"600\" height=\"602\" frameborder=\"0\" marginwidth=\"0\" marginheight=\"0\" scrolling=\"no\" sandbox=\"allow-scripts\" data-secret=\"bCSXfY40G7\" data-mce-fragment=\"1\"><\/iframe><\/p>\n<p><iframe loading=\"lazy\" class=\"wp-embedded-content\" title=\"\u00abEl predial no perdona: Secretaria de Planeaci\u00f3n cae y llega una \u2018vieja amiga\u2019 del alcalde de Yopal\u00bb \u2014 \u25b7 Noticias de Casanare : Martha Cifuentes | Casanare\" src=\"https:\/\/marthacifuentes.com\/portada\/2025\/03\/04\/el-predial-no-perdona-secretaria-de-planeacion-cae-y-llega-una-vieja-amiga-del-alcalde-de-yopal\/embed\/#?secret=B8RzMEB60v#?secret=t8fY0Yci38\" width=\"600\" height=\"601\" frameborder=\"0\" marginwidth=\"0\" marginheight=\"0\" scrolling=\"no\" sandbox=\"allow-scripts\" data-secret=\"t8fY0Yci38\" data-mce-fragment=\"1\"><\/iframe><\/p>\n<p><iframe loading=\"lazy\" class=\"wp-embedded-content\" title=\"\u00abContrato de tablets en la mira: Gobernador Zorro defiende, diputado Garc\u00eda cuestiona y el debate arde\u00bb \u2014 \u25b7 Noticias de Casanare : Martha Cifuentes | Casanare\" src=\"https:\/\/marthacifuentes.com\/portada\/2025\/03\/04\/contrato-de-tablets-en-la-mira-gobernador-zorro-defiende-diputado-garcia-cuestiona-y-el-debate-arde\/embed\/#?secret=JFlOM1mqS7#?secret=cgyzNTiKTN\" width=\"600\" height=\"601\" frameborder=\"0\" marginwidth=\"0\" marginheight=\"0\" scrolling=\"no\" sandbox=\"allow-scripts\" data-secret=\"cgyzNTiKTN\" data-mce-fragment=\"1\"><\/iframe><\/p>\n<p><iframe loading=\"lazy\" class=\"wp-embedded-content\" title=\"\u00abEl predial le pas\u00f3 factura y pag\u00f3 caro: Renunci\u00f3 secretario de Hacienda de Yopal\u00bb \u2014 \u25b7 Noticias de Casanare : Martha Cifuentes | Casanare\" src=\"https:\/\/marthacifuentes.com\/portada\/2025\/03\/03\/el-predial-le-paso-factura-y-pago-caro-renuncio-secretario-de-hacienda-de-yopal\/embed\/#?secret=sGdLmAdVGL#?secret=zUyggyCWGI\" width=\"600\" height=\"623\" frameborder=\"0\" marginwidth=\"0\" marginheight=\"0\" scrolling=\"no\" sandbox=\"allow-scripts\" data-secret=\"zUyggyCWGI\" data-mce-fragment=\"1\"><\/iframe><\/p>\n<p><iframe loading=\"lazy\" class=\"wp-embedded-content\" title=\"\u00abAlcald\u00eda de Yopal conoc\u00eda de exagerados incrementos en aval\u00faos catastrales, seg\u00fan CATASIG SAS. Ante protestas por costos impredial ahora busca paliativos.\u00bb \u2014 \u25b7 Noticias de Casanare : Martha Cifuentes | Casanare\" src=\"https:\/\/marthacifuentes.com\/portada\/2025\/02\/26\/alcaldia-de-yopal-conocia-de-exagerados-incrementos-en-avaluos-catastrales-segun-catasig-sas-ante-protestas-por-costos-impredial-ahora-busca-paliativos\/embed\/#?secret=VybmMOpyFN#?secret=UIMRpx8ygW\" width=\"600\" height=\"651\" frameborder=\"0\" marginwidth=\"0\" marginheight=\"0\" scrolling=\"no\" sandbox=\"allow-scripts\" data-secret=\"UIMRpx8ygW\" data-mce-fragment=\"1\"><\/iframe><\/p>\n<p><iframe loading=\"lazy\" class=\"wp-embedded-content\" title=\"\u00abCon cascarilla de arroz, Grupo Diana genera su propia energ\u00eda en planta de producci\u00f3n Yopal\u00bb \u2014 \u25b7 Noticias de Casanare : Martha Cifuentes | Casanare\" src=\"https:\/\/marthacifuentes.com\/portada\/2025\/02\/21\/con-cascarilla-de-arroz-grupo-diana-genera-su-propia-energia-en-planta-de-produccion-yopal\/embed\/#?secret=qL4vKFrAh8#?secret=9au31rwqu7\" width=\"600\" height=\"623\" frameborder=\"0\" marginwidth=\"0\" marginheight=\"0\" scrolling=\"no\" sandbox=\"allow-scripts\" data-secret=\"9au31rwqu7\" data-mce-fragment=\"1\"><\/iframe><\/p>\n<p><iframe loading=\"lazy\" class=\"wp-embedded-content\" title=\"\u00abEj\u00e9rcito desmonta bandera del ELN dejada en puente peatonal de El Charte, Yopal\u00bb \u2014 \u25b7 Noticias de Casanare : Martha Cifuentes | Casanare\" src=\"https:\/\/marthacifuentes.com\/portada\/2025\/02\/19\/ejercito-desmonta-bandera-del-eln-dejada-en-puente-peatonal-de-el-charte-yopal\/embed\/#?secret=EhbHPDH4bU#?secret=tzDiNDt6rI\" width=\"600\" height=\"602\" frameborder=\"0\" marginwidth=\"0\" marginheight=\"0\" scrolling=\"no\" sandbox=\"allow-scripts\" data-secret=\"tzDiNDt6rI\" data-mce-fragment=\"1\"><\/iframe><\/p>\n<p><iframe loading=\"lazy\" class=\"wp-embedded-content\" title=\"\u00abEsto es lo que se sabe sobre nuevo sicariado en La Bendici\u00f3n en Yopal. Al menos van 7 muertos bajo esta modalidad.\u00bb \u2014 \u25b7 Noticias de Casanare : Martha Cifuentes | Casanare\" src=\"https:\/\/marthacifuentes.com\/portada\/2025\/02\/19\/esto-es-lo-que-se-sabe-sobre-nuevo-sicariado-en-la-bendicion-en-yopal-al-menos-van-7-muertos-bajo-esta-modalidad\/embed\/#?secret=rStmj1KEI1#?secret=KcADSBjDOG\" width=\"600\" height=\"651\" frameborder=\"0\" marginwidth=\"0\" marginheight=\"0\" scrolling=\"no\" sandbox=\"allow-scripts\" data-secret=\"KcADSBjDOG\" data-mce-fragment=\"1\"><\/iframe><\/p>\n<p><iframe loading=\"lazy\" class=\"wp-embedded-content\" title=\"\u00abEn Man\u00ed inici\u00f3 construcci\u00f3n de un hospital digno para mejorar la salud de sus habitantes. Zorro cumpli\u00f3.\u00bb \u2014 \u25b7 Noticias de Casanare : Martha Cifuentes | Casanare\" src=\"https:\/\/marthacifuentes.com\/portada\/2025\/03\/14\/en-mani-inicio-construccion-de-un-hospital-digno-para-mejorar-la-salud-de-sus-habitantes-zorro-cumplio\/embed\/#?secret=IAzdKdAeOL#?secret=M1WrcNr5AE\" width=\"600\" height=\"602\" frameborder=\"0\" marginwidth=\"0\" marginheight=\"0\" scrolling=\"no\" sandbox=\"allow-scripts\" data-secret=\"M1WrcNr5AE\" data-mce-fragment=\"1\"><\/iframe><\/p>\n<p><iframe loading=\"lazy\" class=\"wp-embedded-content\" title=\"\u00abDe la violencia a la esperanza: 49 familias v\u00edctimas de Bellacruz, Cesar, encuentran refugio en Man\u00ed, Casanare\u00bb \u2014 \u25b7 Noticias de Casanare : Martha Cifuentes | Casanare\" src=\"https:\/\/marthacifuentes.com\/portada\/2025\/03\/13\/de-la-violencia-a-la-esperanza-49-familias-victimas-de-bellacruz-cesar-encuentran-refugio-en-mani-casanare\/embed\/#?secret=8mdwmme1gn#?secret=8z4S6ZTL4K\" width=\"600\" height=\"580\" frameborder=\"0\" marginwidth=\"0\" marginheight=\"0\" scrolling=\"no\" sandbox=\"allow-scripts\" data-secret=\"8z4S6ZTL4K\" data-mce-fragment=\"1\"><\/iframe><\/p>\n<p><iframe loading=\"lazy\" class=\"wp-embedded-content\" title=\"\u00abValentina Monroy de 21 a\u00f1os, v\u00edctima fatal n\u00famero 12 en siniestros viales de Yopal en 2025\u00bb \u2014 \u25b7 Noticias de Casanare : Martha Cifuentes | Casanare\" src=\"https:\/\/marthacifuentes.com\/portada\/2025\/03\/13\/valentina-monroy-de-21-anos-victima-fatal-numero-12-en-siniestros-viales-de-yopal-en-2025\/embed\/#?secret=qyHbpAUVmN#?secret=TlxHRRJ8I8\" width=\"600\" height=\"623\" frameborder=\"0\" marginwidth=\"0\" marginheight=\"0\" scrolling=\"no\" sandbox=\"allow-scripts\" data-secret=\"TlxHRRJ8I8\" data-mce-fragment=\"1\"><\/iframe><\/p>\n<p><iframe loading=\"lazy\" class=\"wp-embedded-content\" title=\"\u00abEl PAE en Yopal al tablero: En Audiencia p\u00fablica se ver\u00e1 si se est\u00e1 haciendo bien o no, la tarea.\u00bb \u2014 \u25b7 Noticias de Casanare : Martha Cifuentes | Casanare\" src=\"https:\/\/marthacifuentes.com\/portada\/2025\/03\/13\/el-pae-en-yopal-al-tablero-en-audiencia-publica-se-vera-si-se-esta-haciendo-bien-o-no-la-tarea\/embed\/#?secret=WdbFqhtuno#?secret=pERMb60bCt\" width=\"600\" height=\"602\" frameborder=\"0\" marginwidth=\"0\" marginheight=\"0\" scrolling=\"no\" sandbox=\"allow-scripts\" data-secret=\"pERMb60bCt\" data-mce-fragment=\"1\"><\/iframe><\/p>\n<p><iframe loading=\"lazy\" class=\"wp-embedded-content\" title=\"\u00abRicos y pobres de Yopal, unidos por afectaci\u00f3n al bolsillo por actualizaci\u00f3n catastral y trepada del impuesto predial, buscan soluciones.\u00bb \u2014 \u25b7 Noticias de Casanare : Martha Cifuentes | Casanare\" src=\"https:\/\/marthacifuentes.com\/portada\/2025\/03\/13\/ricos-y-pobres-de-yopal-unidos-por-afectacion-al-bolsillo-por-actualizacion-catastral-y-trepada-del-impuesto-predial-buscan-soluciones\/embed\/#?secret=IOaXhSvwtK#?secret=qvK6Rav8PS\" width=\"600\" height=\"589\" frameborder=\"0\" marginwidth=\"0\" marginheight=\"0\" scrolling=\"no\" sandbox=\"allow-scripts\" data-secret=\"qvK6Rav8PS\" data-mce-fragment=\"1\"><\/iframe><\/p>\n<p><iframe loading=\"lazy\" class=\"wp-embedded-content\" title=\"\u00abRequiere $$$$ \u00a1Ac\u00e9rquese al IFC y adquiera su cr\u00e9dito!\u00bb \u2014 \u25b7 Noticias de Casanare : Martha Cifuentes | Casanare\" src=\"https:\/\/marthacifuentes.com\/portada\/2025\/03\/12\/requiere-acerquese-al-ifc-y-adquiera-su-credito\/embed\/#?secret=MRmAIUv1Gt#?secret=lgwaCT6U53\" width=\"600\" height=\"594\" frameborder=\"0\" marginwidth=\"0\" marginheight=\"0\" scrolling=\"no\" sandbox=\"allow-scripts\" data-secret=\"lgwaCT6U53\" data-mce-fragment=\"1\"><\/iframe><\/p>\n<p><iframe loading=\"lazy\" class=\"wp-embedded-content\" title=\"\u00abGobernador de Casanare propone Fondo de Estabilizaci\u00f3n de Precios del Arroz para superar crisis del sector\u00bb \u2014 \u25b7 Noticias de Casanare : Martha Cifuentes | Casanare\" src=\"https:\/\/marthacifuentes.com\/portada\/2025\/03\/12\/gobernador-de-casanare-propone-fondo-de-estabilizacion-de-precios-del-arroz-para-superar-crisis-del-sector\/embed\/#?secret=wOASTfHL5T#?secret=UjwigXFIwO\" width=\"600\" height=\"615\" frameborder=\"0\" marginwidth=\"0\" marginheight=\"0\" scrolling=\"no\" sandbox=\"allow-scripts\" data-secret=\"UjwigXFIwO\" data-mce-fragment=\"1\"><\/iframe><\/p>\n<p><iframe loading=\"lazy\" class=\"wp-embedded-content\" title=\"\u00abParo de arroceros contin\u00faa en Casanare. Gremios econ\u00f3micos y sociales rechazan bloqueos\u00bb \u2014 \u25b7 Noticias de Casanare : Martha Cifuentes | Casanare\" src=\"https:\/\/marthacifuentes.com\/portada\/2025\/03\/12\/paro-de-arroceros-continua-en-casanare-gremios-economicos-y-sociales-rechazan-bloqueos\/embed\/#?secret=ZG0f6s70fK#?secret=seUWlKTWHT\" width=\"600\" height=\"601\" frameborder=\"0\" marginwidth=\"0\" marginheight=\"0\" scrolling=\"no\" sandbox=\"allow-scripts\" data-secret=\"seUWlKTWHT\" data-mce-fragment=\"1\"><\/iframe><\/p>\n","protected":false},"excerpt":{"rendered":"<p>La Direcci\u00f3n de Gesti\u00f3n del Riesgo de Desastres de la Gobernaci\u00f3n de Casanare, en articulaci\u00f3n con la Alcald\u00eda, el cuerpo de Bomberos y l\u00edderes comunitarios entreg\u00f3 ayudas humanitarias a 46 familias del barrio La Esmeralda de Yopal. Estas familias, altamente vulnerables, fueron afectadas por las primeras lluvias que han impactado algunos sectores de la regi\u00f3n. &hellip;<\/p>\n","protected":false},"author":2,"featured_media":34910,"comment_status":"open","ping_status":"open","sticky":false,"template":"","format":"standard","meta":{"om_disable_all_campaigns":false,"_exactmetrics_skip_tracking":false,"_exactmetrics_sitenote_active":false,"_exactmetrics_sitenote_note":"","_exactmetrics_sitenote_category":0,"_monsterinsights_skip_tracking":false,"_monsterinsights_sitenote_active":false,"_monsterinsights_sitenote_note":"","_monsterinsights_sitenote_category":0,"_uf_show_specific_survey":0,"_uf_disable_surveys":false,"_joinchat":[],"footnotes":""},"categories":[147,146,145],"tags":[11964,2562,187,9179,11965,11963,1400],"class_list":["post-34908","post","type-post","status-publish","format-standard","has-post-thumbnail","hentry","category-actualidad","category-noticias","category-reportajes","tag-ayudas-humanitarias-yopal","tag-gestion-del-riesgo-casanare","tag-gobernacion-de-casanare","tag-guillermo-velandia","tag-invierno-yopal","tag-la-esmeralda","tag-noticias-casanare"],"yoast_head":"<!-- This site is optimized with the Yoast SEO plugin v26.1 - https:\/\/yoast.com\/wordpress\/plugins\/seo\/ -->\n<title>Barrio La Esmeralda recibi\u00f3 ayudas humanitarias para paliar efectos del invierno - \u25b7 Noticias de Casanare : Martha Cifuentes | Casanare<\/title>\n<meta name=\"robots\" content=\"index, follow, max-snippet:-1, max-image-preview:large, max-video-preview:-1\" \/>\n<link rel=\"canonical\" href=\"https:\/\/marthacifuentes.com\/portada\/barrio-la-esmeralda-recibio-ayudas-humanitarias-para-paliar-efectos-del-invierno\/\" \/>\n<meta property=\"og:locale\" content=\"es_ES\" \/>\n<meta property=\"og:type\" content=\"article\" \/>\n<meta property=\"og:title\" content=\"Barrio La Esmeralda recibi\u00f3 ayudas humanitarias para paliar efectos del invierno - \u25b7 Noticias de Casanare : Martha Cifuentes | Casanare\" \/>\n<meta property=\"og:description\" content=\"La Direcci\u00f3n de Gesti\u00f3n del Riesgo de Desastres de la Gobernaci\u00f3n de Casanare, en articulaci\u00f3n con la Alcald\u00eda, el cuerpo de Bomberos y l\u00edderes comunitarios entreg\u00f3 ayudas humanitarias a 46 familias del barrio La Esmeralda de Yopal. Estas familias, altamente vulnerables, fueron afectadas por las primeras lluvias que han impactado algunos sectores de la regi\u00f3n. &hellip;\" \/>\n<meta property=\"og:url\" content=\"https:\/\/marthacifuentes.com\/portada\/barrio-la-esmeralda-recibio-ayudas-humanitarias-para-paliar-efectos-del-invierno\/\" \/>\n<meta property=\"og:site_name\" content=\"\u25b7 Noticias de Casanare : Martha Cifuentes | Casanare\" \/>\n<meta property=\"article:published_time\" content=\"2025-03-20T16:14:42+00:00\" \/>\n<meta property=\"og:image\" content=\"https:\/\/marthacifuentes.com\/portada\/wp-content\/uploads\/2025\/03\/F-LA-ESMERALDA-Ayudas-humanitarias3-scaled.jpg\" \/>\n\t<meta property=\"og:image:width\" content=\"2560\" \/>\n\t<meta property=\"og:image:height\" content=\"1441\" \/>\n\t<meta property=\"og:image:type\" content=\"image\/jpeg\" \/>\n<meta name=\"author\" content=\"Martha Cifuentes\" \/>\n<meta name=\"twitter:card\" content=\"summary_large_image\" \/>\n<meta name=\"twitter:label1\" content=\"Escrito por\" \/>\n\t<meta name=\"twitter:data1\" content=\"Martha Cifuentes\" \/>\n\t<meta name=\"twitter:label2\" content=\"Tiempo de lectura\" \/>\n\t<meta name=\"twitter:data2\" content=\"1 minuto\" \/>\n<script type=\"application\/ld+json\" class=\"yoast-schema-graph\">{\"@context\":\"https:\/\/schema.org\",\"@graph\":[{\"@type\":\"WebPage\",\"@id\":\"https:\/\/marthacifuentes.com\/portada\/barrio-la-esmeralda-recibio-ayudas-humanitarias-para-paliar-efectos-del-invierno\/\",\"url\":\"https:\/\/marthacifuentes.com\/portada\/barrio-la-esmeralda-recibio-ayudas-humanitarias-para-paliar-efectos-del-invierno\/\",\"name\":\"Barrio La Esmeralda recibi\u00f3 ayudas humanitarias para paliar efectos del invierno - \u25b7 Noticias de Casanare : Martha Cifuentes | Casanare\",\"isPartOf\":{\"@id\":\"https:\/\/marthacifuentes.com\/portada\/#website\"},\"primaryImageOfPage\":{\"@id\":\"https:\/\/marthacifuentes.com\/portada\/barrio-la-esmeralda-recibio-ayudas-humanitarias-para-paliar-efectos-del-invierno\/#primaryimage\"},\"image\":{\"@id\":\"https:\/\/marthacifuentes.com\/portada\/barrio-la-esmeralda-recibio-ayudas-humanitarias-para-paliar-efectos-del-invierno\/#primaryimage\"},\"thumbnailUrl\":\"https:\/\/marthacifuentes.com\/portada\/wp-content\/uploads\/2025\/03\/F-LA-ESMERALDA-Ayudas-humanitarias3-scaled.jpg\",\"datePublished\":\"2025-03-20T16:14:42+00:00\",\"author\":{\"@id\":\"https:\/\/marthacifuentes.com\/portada\/#\/schema\/person\/57f53174b991db5f90ff78d58502b714\"},\"breadcrumb\":{\"@id\":\"https:\/\/marthacifuentes.com\/portada\/barrio-la-esmeralda-recibio-ayudas-humanitarias-para-paliar-efectos-del-invierno\/#breadcrumb\"},\"inLanguage\":\"es\",\"potentialAction\":[{\"@type\":\"ReadAction\",\"target\":[\"https:\/\/marthacifuentes.com\/portada\/barrio-la-esmeralda-recibio-ayudas-humanitarias-para-paliar-efectos-del-invierno\/\"]}]},{\"@type\":\"ImageObject\",\"inLanguage\":\"es\",\"@id\":\"https:\/\/marthacifuentes.com\/portada\/barrio-la-esmeralda-recibio-ayudas-humanitarias-para-paliar-efectos-del-invierno\/#primaryimage\",\"url\":\"https:\/\/marthacifuentes.com\/portada\/wp-content\/uploads\/2025\/03\/F-LA-ESMERALDA-Ayudas-humanitarias3-scaled.jpg\",\"contentUrl\":\"https:\/\/marthacifuentes.com\/portada\/wp-content\/uploads\/2025\/03\/F-LA-ESMERALDA-Ayudas-humanitarias3-scaled.jpg\",\"width\":2560,\"height\":1441},{\"@type\":\"BreadcrumbList\",\"@id\":\"https:\/\/marthacifuentes.com\/portada\/barrio-la-esmeralda-recibio-ayudas-humanitarias-para-paliar-efectos-del-invierno\/#breadcrumb\",\"itemListElement\":[{\"@type\":\"ListItem\",\"position\":1,\"name\":\"Portada\",\"item\":\"https:\/\/marthacifuentes.com\/portada\/\"},{\"@type\":\"ListItem\",\"position\":2,\"name\":\"Barrio La Esmeralda recibi\u00f3 ayudas humanitarias para paliar efectos del invierno\"}]},{\"@type\":\"WebSite\",\"@id\":\"https:\/\/marthacifuentes.com\/portada\/#website\",\"url\":\"https:\/\/marthacifuentes.com\/portada\/\",\"name\":\"\u25b7 Noticias de Casanare : Martha Cifuentes | Casanare\",\"description\":\"Noticias &amp; Contenidos\",\"potentialAction\":[{\"@type\":\"SearchAction\",\"target\":{\"@type\":\"EntryPoint\",\"urlTemplate\":\"https:\/\/marthacifuentes.com\/portada\/?s={search_term_string}\"},\"query-input\":{\"@type\":\"PropertyValueSpecification\",\"valueRequired\":true,\"valueName\":\"search_term_string\"}}],\"inLanguage\":\"es\"},{\"@type\":\"Person\",\"@id\":\"https:\/\/marthacifuentes.com\/portada\/#\/schema\/person\/57f53174b991db5f90ff78d58502b714\",\"name\":\"Martha Cifuentes\",\"image\":{\"@type\":\"ImageObject\",\"inLanguage\":\"es\",\"@id\":\"https:\/\/marthacifuentes.com\/portada\/#\/schema\/person\/image\/\",\"url\":\"http:\/\/marthacifuentes.com\/portada\/wp-content\/uploads\/2018\/06\/avatar_user_2_1528838701-96x96.jpg\",\"contentUrl\":\"http:\/\/marthacifuentes.com\/portada\/wp-content\/uploads\/2018\/06\/avatar_user_2_1528838701-96x96.jpg\",\"caption\":\"Martha Cifuentes\"},\"sameAs\":[\"http:\/\/www.marthacifuentes.com\"],\"url\":\"https:\/\/marthacifuentes.com\/portada\/author\/martha\/\"}]}<\/script>\n<!-- \/ Yoast SEO plugin. -->","yoast_head_json":{"title":"Barrio La Esmeralda recibi\u00f3 ayudas humanitarias para paliar efectos del invierno - \u25b7 Noticias de Casanare : Martha Cifuentes | Casanare","robots":{"index":"index","follow":"follow","max-snippet":"max-snippet:-1","max-image-preview":"max-image-preview:large","max-video-preview":"max-video-preview:-1"},"canonical":"https:\/\/marthacifuentes.com\/portada\/barrio-la-esmeralda-recibio-ayudas-humanitarias-para-paliar-efectos-del-invierno\/","og_locale":"es_ES","og_type":"article","og_title":"Barrio La Esmeralda recibi\u00f3 ayudas humanitarias para paliar efectos del invierno - \u25b7 Noticias de Casanare : Martha Cifuentes | Casanare","og_description":"La Direcci\u00f3n de Gesti\u00f3n del Riesgo de Desastres de la Gobernaci\u00f3n de Casanare, en articulaci\u00f3n con la Alcald\u00eda, el cuerpo de Bomberos y l\u00edderes comunitarios entreg\u00f3 ayudas humanitarias a 46 familias del barrio La Esmeralda de Yopal. Estas familias, altamente vulnerables, fueron afectadas por las primeras lluvias que han impactado algunos sectores de la regi\u00f3n. &hellip;","og_url":"https:\/\/marthacifuentes.com\/portada\/barrio-la-esmeralda-recibio-ayudas-humanitarias-para-paliar-efectos-del-invierno\/","og_site_name":"\u25b7 Noticias de Casanare : Martha Cifuentes | Casanare","article_published_time":"2025-03-20T16:14:42+00:00","og_image":[{"width":2560,"height":1441,"url":"https:\/\/marthacifuentes.com\/portada\/wp-content\/uploads\/2025\/03\/F-LA-ESMERALDA-Ayudas-humanitarias3-scaled.jpg","type":"image\/jpeg"}],"author":"Martha Cifuentes","twitter_card":"summary_large_image","twitter_misc":{"Escrito por":"Martha Cifuentes","Tiempo de lectura":"1 minuto"},"schema":{"@context":"https:\/\/schema.org","@graph":[{"@type":"WebPage","@id":"https:\/\/marthacifuentes.com\/portada\/barrio-la-esmeralda-recibio-ayudas-humanitarias-para-paliar-efectos-del-invierno\/","url":"https:\/\/marthacifuentes.com\/portada\/barrio-la-esmeralda-recibio-ayudas-humanitarias-para-paliar-efectos-del-invierno\/","name":"Barrio La Esmeralda recibi\u00f3 ayudas humanitarias para paliar efectos del invierno - \u25b7 Noticias de Casanare : Martha Cifuentes | Casanare","isPartOf":{"@id":"https:\/\/marthacifuentes.com\/portada\/#website"},"primaryImageOfPage":{"@id":"https:\/\/marthacifuentes.com\/portada\/barrio-la-esmeralda-recibio-ayudas-humanitarias-para-paliar-efectos-del-invierno\/#primaryimage"},"image":{"@id":"https:\/\/marthacifuentes.com\/portada\/barrio-la-esmeralda-recibio-ayudas-humanitarias-para-paliar-efectos-del-invierno\/#primaryimage"},"thumbnailUrl":"https:\/\/marthacifuentes.com\/portada\/wp-content\/uploads\/2025\/03\/F-LA-ESMERALDA-Ayudas-humanitarias3-scaled.jpg","datePublished":"2025-03-20T16:14:42+00:00","author":{"@id":"https:\/\/marthacifuentes.com\/portada\/#\/schema\/person\/57f53174b991db5f90ff78d58502b714"},"breadcrumb":{"@id":"https:\/\/marthacifuentes.com\/portada\/barrio-la-esmeralda-recibio-ayudas-humanitarias-para-paliar-efectos-del-invierno\/#breadcrumb"},"inLanguage":"es","potentialAction":[{"@type":"ReadAction","target":["https:\/\/marthacifuentes.com\/portada\/barrio-la-esmeralda-recibio-ayudas-humanitarias-para-paliar-efectos-del-invierno\/"]}]},{"@type":"ImageObject","inLanguage":"es","@id":"https:\/\/marthacifuentes.com\/portada\/barrio-la-esmeralda-recibio-ayudas-humanitarias-para-paliar-efectos-del-invierno\/#primaryimage","url":"https:\/\/marthacifuentes.com\/portada\/wp-content\/uploads\/2025\/03\/F-LA-ESMERALDA-Ayudas-humanitarias3-scaled.jpg","contentUrl":"https:\/\/marthacifuentes.com\/portada\/wp-content\/uploads\/2025\/03\/F-LA-ESMERALDA-Ayudas-humanitarias3-scaled.jpg","width":2560,"height":1441},{"@type":"BreadcrumbList","@id":"https:\/\/marthacifuentes.com\/portada\/barrio-la-esmeralda-recibio-ayudas-humanitarias-para-paliar-efectos-del-invierno\/#breadcrumb","itemListElement":[{"@type":"ListItem","position":1,"name":"Portada","item":"https:\/\/marthacifuentes.com\/portada\/"},{"@type":"ListItem","position":2,"name":"Barrio La Esmeralda recibi\u00f3 ayudas humanitarias para paliar efectos del invierno"}]},{"@type":"WebSite","@id":"https:\/\/marthacifuentes.com\/portada\/#website","url":"https:\/\/marthacifuentes.com\/portada\/","name":"\u25b7 Noticias de Casanare : Martha Cifuentes | Casanare","description":"Noticias &amp; Contenidos","potentialAction":[{"@type":"SearchAction","target":{"@type":"EntryPoint","urlTemplate":"https:\/\/marthacifuentes.com\/portada\/?s={search_term_string}"},"query-input":{"@type":"PropertyValueSpecification","valueRequired":true,"valueName":"search_term_string"}}],"inLanguage":"es"},{"@type":"Person","@id":"https:\/\/marthacifuentes.com\/portada\/#\/schema\/person\/57f53174b991db5f90ff78d58502b714","name":"Martha Cifuentes","image":{"@type":"ImageObject","inLanguage":"es","@id":"https:\/\/marthacifuentes.com\/portada\/#\/schema\/person\/image\/","url":"http:\/\/marthacifuentes.com\/portada\/wp-content\/uploads\/2018\/06\/avatar_user_2_1528838701-96x96.jpg","contentUrl":"http:\/\/marthacifuentes.com\/portada\/wp-content\/uploads\/2018\/06\/avatar_user_2_1528838701-96x96.jpg","caption":"Martha Cifuentes"},"sameAs":["http:\/\/www.marthacifuentes.com"],"url":"https:\/\/marthacifuentes.com\/portada\/author\/martha\/"}]}},"_links":{"self":[{"href":"https:\/\/marthacifuentes.com\/portada\/wp-json\/wp\/v2\/posts\/34908","targetHints":{"allow":["GET"]}}],"collection":[{"href":"https:\/\/marthacifuentes.com\/portada\/wp-json\/wp\/v2\/posts"}],"about":[{"href":"https:\/\/marthacifuentes.com\/portada\/wp-json\/wp\/v2\/types\/post"}],"author":[{"embeddable":true,"href":"https:\/\/marthacifuentes.com\/portada\/wp-json\/wp\/v2\/users\/2"}],"replies":[{"embeddable":true,"href":"https:\/\/marthacifuentes.com\/portada\/wp-json\/wp\/v2\/comments?post=34908"}],"version-history":[{"count":1,"href":"https:\/\/marthacifuentes.com\/portada\/wp-json\/wp\/v2\/posts\/34908\/revisions"}],"predecessor-version":[{"id":34915,"href":"https:\/\/marthacifuentes.com\/portada\/wp-json\/wp\/v2\/posts\/34908\/revisions\/34915"}],"wp:featuredmedia":[{"embeddable":true,"href":"https:\/\/marthacifuentes.com\/portada\/wp-json\/wp\/v2\/media\/34910"}],"wp:attachment":[{"href":"https:\/\/marthacifuentes.com\/portada\/wp-json\/wp\/v2\/media?parent=34908"}],"wp:term":[{"taxonomy":"category","embeddable":true,"href":"https:\/\/marthacifuentes.com\/portada\/wp-json\/wp\/v2\/categories?post=34908"},{"taxonomy":"post_tag","embeddable":true,"href":"https:\/\/marthacifuentes.com\/portada\/wp-json\/wp\/v2\/tags?post=34908"}],"curies":[{"name":"wp","href":"https:\/\/api.w.org\/{rel}","templated":true}]}}