{"id":34965,"date":"2025-03-26T10:01:12","date_gmt":"2025-03-26T15:01:12","guid":{"rendered":"https:\/\/marthacifuentes.com\/portada\/?p=34965"},"modified":"2025-03-26T10:01:12","modified_gmt":"2025-03-26T15:01:12","slug":"alcaldia-de-yopal-no-aplicara-temporalmente-decreto-que-prohibia-parqueo-en-terminal-satelite-de-yopal","status":"publish","type":"post","link":"https:\/\/marthacifuentes.com\/portada\/alcaldia-de-yopal-no-aplicara-temporalmente-decreto-que-prohibia-parqueo-en-terminal-satelite-de-yopal\/","title":{"rendered":"Alcald\u00eda de Yopal no aplicar\u00e1, temporalmente, decreto que prohib\u00eda parqueo en &#8216;Terminal Sat\u00e9lite&#8217; de Yopal"},"content":{"rendered":"<p>La Alcald\u00eda de Yopal suspende la aplicaci\u00f3n del Decreto 010 de 2025, que prohib\u00eda el estacionamiento de veh\u00edculos particulares y de servicio p\u00fablico en la transversal 18 entre calles 6 y 9, debido a imprecisiones que generaban confusi\u00f3n. La medida se revisar\u00e1 en una sesi\u00f3n extraordinaria del Consejo de Seguridad este jueves 27 de marzo, donde se ajustar\u00e1 el texto para mayor claridad.<\/p>\n<p>La decisi\u00f3n se tom\u00f3 tras una mesa de trabajo con comerciantes del sector, quienes manifestaron sus inquietudes sobre la aplicaci\u00f3n de la norma. El secretario de Movilidad, Ricardo Camargo, explic\u00f3 que, aunque el objetivo principal sigue siendo restringir el parqueo en la zona \u2014especialmente de transporte intermunicipal\u2014, se buscar\u00e1 minimizar el impacto en los establecimientos comerciales aleda\u00f1os.<\/p>\n<p>Mientras se define el nuevo decreto, las autoridades continuar\u00e1n con campa\u00f1as pedag\u00f3gicas para sensibilizar a conductores y comerciantes sobre la futura prohibici\u00f3n. Camargo record\u00f3 que la medida responde a normas de seguridad, ya que la Ley proh\u00edbe el parqueo cerca de guarniciones militares, como la ubicada en este sector.<\/p>\n<p>Por ahora, los buses que prestan servicio a veredas y corregimientos por la calle 9 no ser\u00e1n afectados. La Alcald\u00eda espera que, una vez ajustado el decreto, su implementaci\u00f3n sea m\u00e1s clara y eficiente para mejorar la movilidad en esta concurrida zona de Yopal.<\/p>\n<h2>Otras noticias&#8230;<\/h2>\n<blockquote class=\"wp-embedded-content\" data-secret=\"cYzMqHdGNS\"><p><a href=\"https:\/\/marthacifuentes.com\/portada\/2025\/03\/26\/a-mas-de-8-600-predios-de-yopal-se-les-liquido-mal-el-impuesto-predial-en-alcaldia-desde-el-10-de-abril-hay-nuevas-facturas\/\">A m\u00e1s de 8.600 predios de Yopal se les liquid\u00f3 mal el impuesto predial en Alcald\u00eda. Desde el 10 de abril hay nuevas facturas.<\/a><\/p><\/blockquote>\n<p><iframe loading=\"lazy\" class=\"wp-embedded-content\" sandbox=\"allow-scripts\" security=\"restricted\" style=\"position: absolute; clip: rect(1px, 1px, 1px, 1px);\" title=\"\u00abA m\u00e1s de 8.600 predios de Yopal se les liquid\u00f3 mal el impuesto predial en Alcald\u00eda. Desde el 10 de abril hay nuevas facturas.\u00bb \u2014 \u25b7 Noticias de Casanare : Martha Cifuentes | Casanare\" src=\"https:\/\/marthacifuentes.com\/portada\/2025\/03\/26\/a-mas-de-8-600-predios-de-yopal-se-les-liquido-mal-el-impuesto-predial-en-alcaldia-desde-el-10-de-abril-hay-nuevas-facturas\/embed\/#?secret=pmp69sitV1#?secret=cYzMqHdGNS\" data-secret=\"cYzMqHdGNS\" width=\"500\" height=\"282\" frameborder=\"0\" marginwidth=\"0\" marginheight=\"0\" scrolling=\"no\"><\/iframe><\/p>\n<p><iframe loading=\"lazy\" class=\"wp-embedded-content\" title=\"\u00abCaso aberrante: Enviado a la c\u00e1rcel docente universitario en Yopal por abusar sexualmente de dos ni\u00f1as de 3 a\u00f1os y grabarlas\u00bb \u2014 \u25b7 Noticias de Casanare : Martha Cifuentes | Casanare\" src=\"https:\/\/marthacifuentes.com\/portada\/2025\/03\/25\/caso-aberrante-enviado-a-la-carcel-docente-universitario-en-yopal-por-abusar-sexualmente-de-dos-ninas-de-3-anos-y-grabarlas\/embed\/#?secret=3EZXoFRpzG#?secret=WLBsY7WUF9\" width=\"600\" height=\"646\" frameborder=\"0\" marginwidth=\"0\" marginheight=\"0\" scrolling=\"no\" sandbox=\"allow-scripts\" data-secret=\"WLBsY7WUF9\" data-mce-fragment=\"1\"><\/iframe><\/p>\n<p><iframe loading=\"lazy\" class=\"wp-embedded-content\" title=\"\u00abUsuarios de Capresoca en La Chaparrera, cuentan con punto de atenci\u00f3n en el CAPS\u00bb \u2014 \u25b7 Noticias de Casanare : Martha Cifuentes | Casanare\" src=\"https:\/\/marthacifuentes.com\/portada\/2025\/03\/25\/usuarios-de-capresoca-en-la-chaparrera-cuentan-con-punto-de-atencion-en-el-caps\/embed\/#?secret=Y2aHyYddB0#?secret=ts2q9ewRXn\" width=\"600\" height=\"621\" frameborder=\"0\" marginwidth=\"0\" marginheight=\"0\" scrolling=\"no\" sandbox=\"allow-scripts\" data-secret=\"ts2q9ewRXn\" data-mce-fragment=\"1\"><\/iframe><\/p>\n<p><iframe loading=\"lazy\" class=\"wp-embedded-content\" title=\"\u00abCapturan a catedr\u00e1tico de Unitr\u00f3pico por presunto acoso sexual en Yopal\u00bb \u2014 \u25b7 Noticias de Casanare : Martha Cifuentes | Casanare\" src=\"https:\/\/marthacifuentes.com\/portada\/2025\/03\/25\/capturan-a-catedratico-de-unitropico-por-presunto-acoso-sexual-en-yopal\/embed\/#?secret=DH7DDF8kdg#?secret=RpbyRyMUCk\" width=\"600\" height=\"621\" frameborder=\"0\" marginwidth=\"0\" marginheight=\"0\" scrolling=\"no\" sandbox=\"allow-scripts\" data-secret=\"RpbyRyMUCk\" data-mce-fragment=\"1\"><\/iframe><\/p>\n<p><iframe loading=\"lazy\" class=\"wp-embedded-content\" title=\"\u00abLa ruinosa v\u00eda La Vara-Soceagro, en Villanueva, ahora est\u00e1 como nueva.\u00bb \u2014 \u25b7 Noticias de Casanare : Martha Cifuentes | Casanare\" src=\"https:\/\/marthacifuentes.com\/portada\/2025\/03\/25\/la-ruinosa-via-la-vara-soceagro-en-villanueva-ahora-esta-como-nueva\/embed\/#?secret=K7wVlSRWLO#?secret=SeHPcEsnAA\" width=\"600\" height=\"620\" frameborder=\"0\" marginwidth=\"0\" marginheight=\"0\" scrolling=\"no\" sandbox=\"allow-scripts\" data-secret=\"SeHPcEsnAA\" data-mce-fragment=\"1\"><\/iframe><\/p>\n<p><iframe loading=\"lazy\" class=\"wp-embedded-content\" title=\"\u00ab22 casas quemadas, pero la Esperanza sigue en pie: As\u00ed respondi\u00f3 Yopal a la tragedia\u00bb \u2014 \u25b7 Noticias de Casanare : Martha Cifuentes | Casanare\" src=\"https:\/\/marthacifuentes.com\/portada\/2025\/03\/25\/22-casas-quemadas-pero-la-esperanza-sigue-en-pie-asi-respondio-yopal-a-la-tragedia\/embed\/#?secret=Z81zRszNWl#?secret=BY6VRVL8Ej\" width=\"600\" height=\"600\" frameborder=\"0\" marginwidth=\"0\" marginheight=\"0\" scrolling=\"no\" sandbox=\"allow-scripts\" data-secret=\"BY6VRVL8Ej\" data-mce-fragment=\"1\"><\/iframe><\/p>\n<p><iframe loading=\"lazy\" class=\"wp-embedded-content\" title=\"\u00abCasanare hierve en los \u00faltimos d\u00edas de verano pero se avecina temporada de lluvias\u00bb \u2014 \u25b7 Noticias de Casanare : Martha Cifuentes | Casanare\" src=\"https:\/\/marthacifuentes.com\/portada\/2025\/03\/25\/casanare-hierve-en-los-ultimos-dias-de-verano-pero-se-avecina-temporada-de-lluvias\/embed\/#?secret=RLIb180UEx#?secret=TdSIl2Gjw5\" width=\"600\" height=\"621\" frameborder=\"0\" marginwidth=\"0\" marginheight=\"0\" scrolling=\"no\" sandbox=\"allow-scripts\" data-secret=\"TdSIl2Gjw5\" data-mce-fragment=\"1\"><\/iframe><\/p>\n<p><iframe loading=\"lazy\" class=\"wp-embedded-content\" title=\"\u00abSuperNotariado investigar\u00e1 a CATASIG por anomal\u00edas en el catastro, \u00bfPero tendr\u00e1 dientes para solucionar el problema?\u00bb \u2014 \u25b7 Noticias de Casanare : Martha Cifuentes | Casanare\" src=\"https:\/\/marthacifuentes.com\/portada\/2025\/03\/21\/supernotariado-investigara-a-catasig-por-anomalias-en-el-catastro-pero-tendra-dientes-para-solucionar-el-problema\/embed\/#?secret=8b5PEom2wl#?secret=85Vrl3p6XC\" width=\"600\" height=\"587\" frameborder=\"0\" marginwidth=\"0\" marginheight=\"0\" scrolling=\"no\" sandbox=\"allow-scripts\" data-secret=\"85Vrl3p6XC\" data-mce-fragment=\"1\"><\/iframe><\/p>\n<p><iframe loading=\"lazy\" class=\"wp-embedded-content\" title=\"\u00abJJ Peynado gan\u00f3 9 meses extra en el Concejo de Yopal con maniobras jur\u00eddicas dilatorias, pero ya no va m\u00e1s.\u00bb \u2014 \u25b7 Noticias de Casanare : Martha Cifuentes | Casanare\" src=\"https:\/\/marthacifuentes.com\/portada\/2025\/03\/21\/jj-peynado-gano-9-meses-extra-en-el-concejo-de-yopal-con-maniobras-juridicas-dilatorias-pero-ya-no-va-mas\/embed\/#?secret=z7gnVlkRVx#?secret=Wcdznz8EnA\" width=\"600\" height=\"621\" frameborder=\"0\" marginwidth=\"0\" marginheight=\"0\" scrolling=\"no\" sandbox=\"allow-scripts\" data-secret=\"Wcdznz8EnA\" data-mce-fragment=\"1\"><\/iframe><\/p>\n<p><iframe loading=\"lazy\" class=\"wp-embedded-content\" title=\"\u00abZorro entreg\u00f3 terreno para que 151 familias tengan su lote en Paz de Ariporo\u00bb \u2014 \u25b7 Noticias de Casanare : Martha Cifuentes | Casanare\" src=\"https:\/\/marthacifuentes.com\/portada\/2025\/03\/20\/zorro-entrego-terreno-para-que-151-familias-tengan-su-lote-en-paz-de-ariporo\/embed\/#?secret=ep3BrltUHC#?secret=mIYTjg2fpy\" width=\"600\" height=\"600\" frameborder=\"0\" marginwidth=\"0\" marginheight=\"0\" scrolling=\"no\" sandbox=\"allow-scripts\" data-secret=\"mIYTjg2fpy\" data-mce-fragment=\"1\"><\/iframe><\/p>\n<p><iframe loading=\"lazy\" class=\"wp-embedded-content\" title=\"\u00abGobernaci\u00f3n de Casanare entrega instrumentos y trajes de danza para fortalecer cultura llanera en Paz de Ariporo\u00bb \u2014 \u25b7 Noticias de Casanare : Martha Cifuentes | Casanare\" src=\"https:\/\/marthacifuentes.com\/portada\/2025\/03\/20\/gobernacion-de-casanare-entrega-instrumentos-y-trajes-de-danza-para-fortalecer-cultura-llanera-en-paz-de-ariporo\/embed\/#?secret=XN54zvrkLv#?secret=Gmjccz4TRW\" width=\"600\" height=\"649\" frameborder=\"0\" marginwidth=\"0\" marginheight=\"0\" scrolling=\"no\" sandbox=\"allow-scripts\" data-secret=\"Gmjccz4TRW\" data-mce-fragment=\"1\"><\/iframe><\/p>\n<p><iframe loading=\"lazy\" class=\"wp-embedded-content\" title=\"\u00abMarco Tulio anunci\u00f3 cambio de rejillas, conexi\u00f3n de v\u00edas y repavimento v\u00eda Matepantano\u00bb \u2014 \u25b7 Noticias de Casanare : Martha Cifuentes | Casanare\" src=\"https:\/\/marthacifuentes.com\/portada\/2025\/03\/20\/marco-tulio-anuncio-cambio-de-rejillas-conexion-de-vias-y-repavimento-via-matepantano\/embed\/#?secret=XKOzEVMg7g#?secret=PTn0QFgJjT\" width=\"600\" height=\"600\" frameborder=\"0\" marginwidth=\"0\" marginheight=\"0\" scrolling=\"no\" sandbox=\"allow-scripts\" data-secret=\"PTn0QFgJjT\" data-mce-fragment=\"1\"><\/iframe><\/p>\n<p><iframe loading=\"lazy\" class=\"wp-embedded-content\" title=\"\u00abOjo comunidad educativa\u2026 Mesa departamental del PAE se realizar\u00e1 en Tauramena en abril.\u00bb \u2014 \u25b7 Noticias de Casanare : Martha Cifuentes | Casanare\" src=\"https:\/\/marthacifuentes.com\/portada\/2025\/03\/20\/ojo-comunidad-educativa-mesa-departamental-del-pae-se-realizara-en-tauramena-en-abril\/embed\/#?secret=o3S2LBre2n#?secret=4rflkgs03E\" width=\"600\" height=\"621\" frameborder=\"0\" marginwidth=\"0\" marginheight=\"0\" scrolling=\"no\" sandbox=\"allow-scripts\" data-secret=\"4rflkgs03E\" data-mce-fragment=\"1\"><\/iframe><\/p>\n<p><iframe loading=\"lazy\" class=\"wp-embedded-content\" title=\"\u00abBarrio La Esmeralda recibi\u00f3 ayudas humanitarias para paliar efectos del invierno\u00bb \u2014 \u25b7 Noticias de Casanare : Martha Cifuentes | Casanare\" src=\"https:\/\/marthacifuentes.com\/portada\/2025\/03\/20\/barrio-la-esmeralda-recibio-ayudas-humanitarias-para-paliar-efectos-del-invierno\/embed\/#?secret=g2qMJKBBmf#?secret=jIVEFuf2eC\" width=\"600\" height=\"620\" frameborder=\"0\" marginwidth=\"0\" marginheight=\"0\" scrolling=\"no\" sandbox=\"allow-scripts\" data-secret=\"jIVEFuf2eC\" data-mce-fragment=\"1\"><\/iframe><\/p>\n<p><iframe loading=\"lazy\" class=\"wp-embedded-content\" title=\"\u00abOrocu\u00e9 le gan\u00f3 la partida a la Gobernaci\u00f3n de Casanare en pleito por cobro de estampillas. Pierden adultos mayores y cultores del Departamento.\u00bb \u2014 \u25b7 Noticias de Casanare : Martha Cifuentes | Casanare\" src=\"https:\/\/marthacifuentes.com\/portada\/2025\/03\/20\/orocue-le-gano-la-partida-a-la-gobernacion-de-casanare-en-pleito-por-cobro-de-estampillas-pierden-adultos-mayores-y-cultores-del-departamento\/embed\/#?secret=ipwAQiIPJs#?secret=YGcq5Ls5bG\" width=\"600\" height=\"649\" frameborder=\"0\" marginwidth=\"0\" marginheight=\"0\" scrolling=\"no\" sandbox=\"allow-scripts\" data-secret=\"YGcq5Ls5bG\" data-mce-fragment=\"1\"><\/iframe><\/p>\n<p><iframe loading=\"lazy\" class=\"wp-embedded-content\" title=\"\u00abAlcald\u00eda de Paz de Ariporo S\u00cd o S\u00ed a girar los recursos del alumbrado p\u00fablico a la empresa mixta municipal\u00bb \u2014 \u25b7 Noticias de Casanare : Martha Cifuentes | Casanare\" src=\"https:\/\/marthacifuentes.com\/portada\/2025\/03\/19\/alcaldia-de-paz-de-ariporo-si-o-si-a-girar-los-recursos-del-alumbrado-publico-a-la-empresa-mixta-municipal\/embed\/#?secret=AXxblRXA0Z#?secret=I4C0F6HoEj\" width=\"600\" height=\"600\" frameborder=\"0\" marginwidth=\"0\" marginheight=\"0\" scrolling=\"no\" sandbox=\"allow-scripts\" data-secret=\"I4C0F6HoEj\" data-mce-fragment=\"1\"><\/iframe><\/p>\n<p><iframe loading=\"lazy\" class=\"wp-embedded-content\" title=\"\u00abCATASIG la empresa que actualiz\u00f3 el catastro de Yopal, tambi\u00e9n fue \u201ccontratada\u201d por la Alcald\u00eda para adecuar y dotar su propia sede.\u00bb \u2014 \u25b7 Noticias de Casanare : Martha Cifuentes | Casanare\" src=\"https:\/\/marthacifuentes.com\/portada\/2025\/03\/18\/catasig-la-empresa-que-actualizo-el-catastro-de-yopal-tambien-fue-contratada-por-la-alcaldia-para-adecuar-y-dotar-su-propia-sede\/embed\/#?secret=f4EuobaRzk#?secret=d0MUNnmwQM\" width=\"600\" height=\"605\" frameborder=\"0\" marginwidth=\"0\" marginheight=\"0\" scrolling=\"no\" sandbox=\"allow-scripts\" data-secret=\"d0MUNnmwQM\" data-mce-fragment=\"1\"><\/iframe><\/p>\n<p><iframe loading=\"lazy\" class=\"wp-embedded-content\" title=\"\u00abReforma Laboral: lo que plantea el gobierno y lo que cuestionan senadores que archivaron el proyecto.\u00bb \u2014 \u25b7 Noticias de Casanare : Martha Cifuentes | Casanare\" src=\"https:\/\/marthacifuentes.com\/portada\/2025\/03\/18\/reforma-laboral-lo-que-plantea-el-gobierno-y-lo-que-cuestionan-senadores-que-archivaron-el-proyecto\/embed\/#?secret=WK4hE1WtuE#?secret=kCvbXnVERD\" width=\"600\" height=\"621\" frameborder=\"0\" marginwidth=\"0\" marginheight=\"0\" scrolling=\"no\" sandbox=\"allow-scripts\" data-secret=\"kCvbXnVERD\" data-mce-fragment=\"1\"><\/iframe><\/p>\n<p><iframe loading=\"lazy\" class=\"wp-embedded-content\" title=\"\u00abEn Barrancabermeja colocaron valla los senadores que archivaron la reforma laboral.\u00bb \u2014 \u25b7 Noticias de Casanare : Martha Cifuentes | Casanare\" src=\"https:\/\/marthacifuentes.com\/portada\/2025\/03\/18\/en-barrancabermeja-colocaron-valla-los-senadores-que-archivaron-la-reforma-laboral\/embed\/#?secret=BnWVqzwR5Z#?secret=PF912sBjg2\" width=\"600\" height=\"621\" frameborder=\"0\" marginwidth=\"0\" marginheight=\"0\" scrolling=\"no\" sandbox=\"allow-scripts\" data-secret=\"PF912sBjg2\" data-mce-fragment=\"1\"><\/iframe><\/p>\n<p><iframe loading=\"lazy\" class=\"wp-embedded-content\" title=\"\u00abMuerte de embarazada en Man\u00ed, genera indignaci\u00f3n en la comunidad. Se investiga el hecho.\u00bb \u2014 \u25b7 Noticias de Casanare : Martha Cifuentes | Casanare\" src=\"https:\/\/marthacifuentes.com\/portada\/2025\/03\/17\/muerte-de-embarazada-en-mani-genera-indignacion-en-la-comunidad-se-investiga-el-hecho\/embed\/#?secret=aMLCVDn9XA#?secret=ozjEDjRnU0\" width=\"600\" height=\"621\" frameborder=\"0\" marginwidth=\"0\" marginheight=\"0\" scrolling=\"no\" sandbox=\"allow-scripts\" data-secret=\"ozjEDjRnU0\" data-mce-fragment=\"1\"><\/iframe><\/p>\n<p><iframe loading=\"lazy\" class=\"wp-embedded-content\" title=\"\u00abPor matar un perro hombre fue condenado a 4 a\u00f1os de prisi\u00f3n\u00bb \u2014 \u25b7 Noticias de Casanare : Martha Cifuentes | Casanare\" src=\"https:\/\/marthacifuentes.com\/portada\/2025\/03\/17\/por-matar-un-perro-hombre-fue-condenado-a-4-anos-de-prision\/embed\/#?secret=9hBVYIJbUs#?secret=B9GQhrwC8J\" width=\"600\" height=\"598\" frameborder=\"0\" marginwidth=\"0\" marginheight=\"0\" scrolling=\"no\" sandbox=\"allow-scripts\" data-secret=\"B9GQhrwC8J\" data-mce-fragment=\"1\"><\/iframe><\/p>\n<p><iframe loading=\"lazy\" class=\"wp-embedded-content\" title=\"\u00abEl Ej\u00e9rcito desmantel\u00f3 red de finanzas de disidencias Segunda Marquetalia en Vichada,\u00bb \u2014 \u25b7 Noticias de Casanare : Martha Cifuentes | Casanare\" src=\"https:\/\/marthacifuentes.com\/portada\/2025\/03\/17\/el-ejercito-desmantelo-red-de-finanzas-de-disidencias-segunda-marquetalia-en-vichada\/embed\/#?secret=Pq52zMKHNo#?secret=r4U5n4hWZO\" width=\"600\" height=\"621\" frameborder=\"0\" marginwidth=\"0\" marginheight=\"0\" scrolling=\"no\" sandbox=\"allow-scripts\" data-secret=\"r4U5n4hWZO\" data-mce-fragment=\"1\"><\/iframe><\/p>\n<p><iframe loading=\"lazy\" class=\"wp-embedded-content\" title=\"\u00abCreciente del r\u00edo Cusiana \u201cle agu\u00f3 la fiesta\u201d al Festival de Verano de Man\u00ed\u00bb \u2014 \u25b7 Noticias de Casanare : Martha Cifuentes | Casanare\" src=\"https:\/\/marthacifuentes.com\/portada\/2025\/03\/17\/creciente-del-rio-cusiana-le-aguo-la-fiesta-al-festival-de-verano-de-mani\/embed\/#?secret=VcS5Tzis3H#?secret=fpmbiXHcKQ\" width=\"600\" height=\"600\" frameborder=\"0\" marginwidth=\"0\" marginheight=\"0\" scrolling=\"no\" sandbox=\"allow-scripts\" data-secret=\"fpmbiXHcKQ\" data-mce-fragment=\"1\"><\/iframe><\/p>\n<p><iframe loading=\"lazy\" class=\"wp-embedded-content\" title=\"\u00abCasanare se pone las pilas contra la bacteria \u201cXylella fastidiosa\u201d que amenaza el agro\u00bb \u2014 \u25b7 Noticias de Casanare : Martha Cifuentes | Casanare\" src=\"https:\/\/marthacifuentes.com\/portada\/2025\/03\/17\/casanare-se-pone-las-pilas-contra-la-bacteria-xylella-fastidiosa-que-amenaza-el-agro\/embed\/#?secret=oQEvqk84WI#?secret=yeycySZTO6\" width=\"600\" height=\"589\" frameborder=\"0\" marginwidth=\"0\" marginheight=\"0\" scrolling=\"no\" sandbox=\"allow-scripts\" data-secret=\"yeycySZTO6\" data-mce-fragment=\"1\"><\/iframe><\/p>\n<p><iframe loading=\"lazy\" class=\"wp-embedded-content\" title=\"\u00abLe meten otro \u201cempuj\u00f3n\u201d a la v\u00eda Guanapalo-Orocu\u00e9: 4.5 kil\u00f3metros m\u00e1s de pavimento\u00bb \u2014 \u25b7 Noticias de Casanare : Martha Cifuentes | Casanare\" src=\"https:\/\/marthacifuentes.com\/portada\/2025\/03\/17\/le-meten-otro-empujon-a-la-via-guanapalo-orocue-4-5-kilometros-mas-de-pavimento\/embed\/#?secret=0aCxxlMDSN#?secret=BEeUA5hnJh\" width=\"600\" height=\"620\" frameborder=\"0\" marginwidth=\"0\" marginheight=\"0\" scrolling=\"no\" sandbox=\"allow-scripts\" data-secret=\"BEeUA5hnJh\" data-mce-fragment=\"1\"><\/iframe><\/p>\n<p><iframe loading=\"lazy\" class=\"wp-embedded-content\" title=\"\u00abLe meten otro \u201cempuj\u00f3n\u201d a la v\u00eda Guanapalo-Orocu\u00e9: 4.5 kil\u00f3metros m\u00e1s de pavimento\u00bb \u2014 \u25b7 Noticias de Casanare : Martha Cifuentes | Casanare\" src=\"https:\/\/marthacifuentes.com\/portada\/2025\/03\/17\/le-meten-otro-empujon-a-la-via-guanapalo-orocue-4-5-kilometros-mas-de-pavimento\/embed\/#?secret=0aCxxlMDSN#?secret=BEeUA5hnJh\" width=\"600\" height=\"620\" frameborder=\"0\" marginwidth=\"0\" marginheight=\"0\" scrolling=\"no\" sandbox=\"allow-scripts\" data-secret=\"BEeUA5hnJh\" data-mce-fragment=\"1\"><\/iframe><\/p>\n<p><iframe loading=\"lazy\" class=\"wp-embedded-content\" title=\"\u00abPlan Verano \u2018en veremos\u2019 por sequ\u00eda de regal\u00edas y con el invierno a la vuelta de la esquina\u00bb \u2014 \u25b7 Noticias de Casanare : Martha Cifuentes | Casanare\" src=\"https:\/\/marthacifuentes.com\/portada\/2025\/03\/17\/plan-verano-en-veremos-por-sequia-de-regalias-y-con-el-invierno-a-la-vuelta-de-la-esquina\/embed\/#?secret=uKK6Zm6ekU#?secret=T3SqNlgD9s\" width=\"600\" height=\"620\" frameborder=\"0\" marginwidth=\"0\" marginheight=\"0\" scrolling=\"no\" sandbox=\"allow-scripts\" data-secret=\"T3SqNlgD9s\" data-mce-fragment=\"1\"><\/iframe><\/p>\n<p><iframe loading=\"lazy\" class=\"wp-embedded-content\" title=\"\u00abCasanare \u2018se faja\u2019 con descuentos en impuestos a quienes matriculen sus veh\u00edculos de otras regiones\u00bb \u2014 \u25b7 Noticias de Casanare : Martha Cifuentes | Casanare\" src=\"https:\/\/marthacifuentes.com\/portada\/2025\/03\/14\/casanare-se-faja-con-descuentos-en-impuestos-a-quienes-matriculen-sus-vehiculos-de-otras-regiones\/embed\/#?secret=mez6VCVqUz#?secret=eWYTrXBFCG\" width=\"600\" height=\"621\" frameborder=\"0\" marginwidth=\"0\" marginheight=\"0\" scrolling=\"no\" sandbox=\"allow-scripts\" data-secret=\"eWYTrXBFCG\" data-mce-fragment=\"1\"><\/iframe><\/p>\n<p><iframe loading=\"lazy\" class=\"wp-embedded-content\" title=\"\u00abEn Man\u00ed inici\u00f3 construcci\u00f3n de un hospital digno para mejorar la salud de sus habitantes. Zorro cumpli\u00f3.\u00bb \u2014 \u25b7 Noticias de Casanare : Martha Cifuentes | Casanare\" src=\"https:\/\/marthacifuentes.com\/portada\/2025\/03\/14\/en-mani-inicio-construccion-de-un-hospital-digno-para-mejorar-la-salud-de-sus-habitantes-zorro-cumplio\/embed\/#?secret=IAzdKdAeOL#?secret=M1WrcNr5AE\" width=\"600\" height=\"600\" frameborder=\"0\" marginwidth=\"0\" marginheight=\"0\" scrolling=\"no\" sandbox=\"allow-scripts\" data-secret=\"M1WrcNr5AE\" data-mce-fragment=\"1\"><\/iframe><\/p>\n<p><iframe loading=\"lazy\" class=\"wp-embedded-content\" title=\"\u00abDe la violencia a la esperanza: 49 familias v\u00edctimas de Bellacruz, Cesar, encuentran refugio en Man\u00ed, Casanare\u00bb \u2014 \u25b7 Noticias de Casanare : Martha Cifuentes | Casanare\" src=\"https:\/\/marthacifuentes.com\/portada\/2025\/03\/13\/de-la-violencia-a-la-esperanza-49-familias-victimas-de-bellacruz-cesar-encuentran-refugio-en-mani-casanare\/embed\/#?secret=8mdwmme1gn#?secret=8z4S6ZTL4K\" width=\"600\" height=\"577\" frameborder=\"0\" marginwidth=\"0\" marginheight=\"0\" scrolling=\"no\" sandbox=\"allow-scripts\" data-secret=\"8z4S6ZTL4K\" data-mce-fragment=\"1\"><\/iframe><\/p>\n<p><iframe loading=\"lazy\" class=\"wp-embedded-content\" title=\"\u00abValentina Monroy de 21 a\u00f1os, v\u00edctima fatal n\u00famero 12 en siniestros viales de Yopal en 2025\u00bb \u2014 \u25b7 Noticias de Casanare : Martha Cifuentes | Casanare\" src=\"https:\/\/marthacifuentes.com\/portada\/2025\/03\/13\/valentina-monroy-de-21-anos-victima-fatal-numero-12-en-siniestros-viales-de-yopal-en-2025\/embed\/#?secret=qyHbpAUVmN#?secret=TlxHRRJ8I8\" width=\"600\" height=\"621\" frameborder=\"0\" marginwidth=\"0\" marginheight=\"0\" scrolling=\"no\" sandbox=\"allow-scripts\" data-secret=\"TlxHRRJ8I8\" data-mce-fragment=\"1\"><\/iframe><\/p>\n","protected":false},"excerpt":{"rendered":"<p>La Alcald\u00eda de Yopal suspende la aplicaci\u00f3n del Decreto 010 de 2025, que prohib\u00eda el estacionamiento de veh\u00edculos particulares y de servicio p\u00fablico en la transversal 18 entre calles 6 y 9, debido a imprecisiones que generaban confusi\u00f3n. La medida se revisar\u00e1 en una sesi\u00f3n extraordinaria del Consejo de Seguridad este jueves 27 de marzo, &hellip;<\/p>\n","protected":false},"author":2,"featured_media":34966,"comment_status":"open","ping_status":"open","sticky":false,"template":"","format":"standard","meta":{"om_disable_all_campaigns":false,"_exactmetrics_skip_tracking":false,"_exactmetrics_sitenote_active":false,"_exactmetrics_sitenote_note":"","_exactmetrics_sitenote_category":0,"_monsterinsights_skip_tracking":false,"_monsterinsights_sitenote_active":false,"_monsterinsights_sitenote_note":"","_monsterinsights_sitenote_category":0,"_uf_show_specific_survey":0,"_uf_disable_surveys":false,"_joinchat":[],"footnotes":""},"categories":[147,146,145],"tags":[12063,1556,1421,12064,12062,12065],"class_list":["post-34965","post","type-post","status-publish","format-standard","has-post-thumbnail","hentry","category-actualidad","category-noticias","category-reportajes","tag-decreto-parqueo-yopal","tag-movilidad-yopal","tag-noticias-yopal","tag-suspension-decreto-010","tag-terminal-satelite-yopal","tag-transporte-publico-yopal"],"yoast_head":"<!-- This site is optimized with the Yoast SEO plugin v26.1 - https:\/\/yoast.com\/wordpress\/plugins\/seo\/ -->\n<title>Alcald\u00eda de Yopal no aplicar\u00e1, temporalmente, decreto que prohib\u00eda parqueo en &#039;Terminal Sat\u00e9lite&#039; de Yopal - \u25b7 Noticias de Casanare : Martha Cifuentes | Casanare<\/title>\n<meta name=\"robots\" content=\"index, follow, max-snippet:-1, max-image-preview:large, max-video-preview:-1\" \/>\n<link rel=\"canonical\" href=\"https:\/\/marthacifuentes.com\/portada\/alcaldia-de-yopal-no-aplicara-temporalmente-decreto-que-prohibia-parqueo-en-terminal-satelite-de-yopal\/\" \/>\n<meta property=\"og:locale\" content=\"es_ES\" \/>\n<meta property=\"og:type\" content=\"article\" \/>\n<meta property=\"og:title\" content=\"Alcald\u00eda de Yopal no aplicar\u00e1, temporalmente, decreto que prohib\u00eda parqueo en &#039;Terminal Sat\u00e9lite&#039; de Yopal - \u25b7 Noticias de Casanare : Martha Cifuentes | Casanare\" \/>\n<meta property=\"og:description\" content=\"La Alcald\u00eda de Yopal suspende la aplicaci\u00f3n del Decreto 010 de 2025, que prohib\u00eda el estacionamiento de veh\u00edculos particulares y de servicio p\u00fablico en la transversal 18 entre calles 6 y 9, debido a imprecisiones que generaban confusi\u00f3n. La medida se revisar\u00e1 en una sesi\u00f3n extraordinaria del Consejo de Seguridad este jueves 27 de marzo, &hellip;\" \/>\n<meta property=\"og:url\" content=\"https:\/\/marthacifuentes.com\/portada\/alcaldia-de-yopal-no-aplicara-temporalmente-decreto-que-prohibia-parqueo-en-terminal-satelite-de-yopal\/\" \/>\n<meta property=\"og:site_name\" content=\"\u25b7 Noticias de Casanare : Martha Cifuentes | Casanare\" \/>\n<meta property=\"article:published_time\" content=\"2025-03-26T15:01:12+00:00\" \/>\n<meta property=\"og:image\" content=\"https:\/\/marthacifuentes.com\/portada\/wp-content\/uploads\/2025\/03\/ajuste-decreto.jpg\" \/>\n\t<meta property=\"og:image:width\" content=\"900\" \/>\n\t<meta property=\"og:image:height\" content=\"600\" \/>\n\t<meta property=\"og:image:type\" content=\"image\/jpeg\" \/>\n<meta name=\"author\" content=\"Martha Cifuentes\" \/>\n<meta name=\"twitter:card\" content=\"summary_large_image\" \/>\n<meta name=\"twitter:label1\" content=\"Escrito por\" \/>\n\t<meta name=\"twitter:data1\" content=\"Martha Cifuentes\" \/>\n\t<meta name=\"twitter:label2\" content=\"Tiempo de lectura\" \/>\n\t<meta name=\"twitter:data2\" content=\"1 minuto\" \/>\n<script type=\"application\/ld+json\" class=\"yoast-schema-graph\">{\"@context\":\"https:\/\/schema.org\",\"@graph\":[{\"@type\":\"WebPage\",\"@id\":\"https:\/\/marthacifuentes.com\/portada\/alcaldia-de-yopal-no-aplicara-temporalmente-decreto-que-prohibia-parqueo-en-terminal-satelite-de-yopal\/\",\"url\":\"https:\/\/marthacifuentes.com\/portada\/alcaldia-de-yopal-no-aplicara-temporalmente-decreto-que-prohibia-parqueo-en-terminal-satelite-de-yopal\/\",\"name\":\"Alcald\u00eda de Yopal no aplicar\u00e1, temporalmente, decreto que prohib\u00eda parqueo en 'Terminal Sat\u00e9lite' de Yopal - \u25b7 Noticias de Casanare : Martha Cifuentes | Casanare\",\"isPartOf\":{\"@id\":\"https:\/\/marthacifuentes.com\/portada\/#website\"},\"primaryImageOfPage\":{\"@id\":\"https:\/\/marthacifuentes.com\/portada\/alcaldia-de-yopal-no-aplicara-temporalmente-decreto-que-prohibia-parqueo-en-terminal-satelite-de-yopal\/#primaryimage\"},\"image\":{\"@id\":\"https:\/\/marthacifuentes.com\/portada\/alcaldia-de-yopal-no-aplicara-temporalmente-decreto-que-prohibia-parqueo-en-terminal-satelite-de-yopal\/#primaryimage\"},\"thumbnailUrl\":\"https:\/\/marthacifuentes.com\/portada\/wp-content\/uploads\/2025\/03\/ajuste-decreto.jpg\",\"datePublished\":\"2025-03-26T15:01:12+00:00\",\"author\":{\"@id\":\"https:\/\/marthacifuentes.com\/portada\/#\/schema\/person\/57f53174b991db5f90ff78d58502b714\"},\"breadcrumb\":{\"@id\":\"https:\/\/marthacifuentes.com\/portada\/alcaldia-de-yopal-no-aplicara-temporalmente-decreto-que-prohibia-parqueo-en-terminal-satelite-de-yopal\/#breadcrumb\"},\"inLanguage\":\"es\",\"potentialAction\":[{\"@type\":\"ReadAction\",\"target\":[\"https:\/\/marthacifuentes.com\/portada\/alcaldia-de-yopal-no-aplicara-temporalmente-decreto-que-prohibia-parqueo-en-terminal-satelite-de-yopal\/\"]}]},{\"@type\":\"ImageObject\",\"inLanguage\":\"es\",\"@id\":\"https:\/\/marthacifuentes.com\/portada\/alcaldia-de-yopal-no-aplicara-temporalmente-decreto-que-prohibia-parqueo-en-terminal-satelite-de-yopal\/#primaryimage\",\"url\":\"https:\/\/marthacifuentes.com\/portada\/wp-content\/uploads\/2025\/03\/ajuste-decreto.jpg\",\"contentUrl\":\"https:\/\/marthacifuentes.com\/portada\/wp-content\/uploads\/2025\/03\/ajuste-decreto.jpg\",\"width\":900,\"height\":600},{\"@type\":\"BreadcrumbList\",\"@id\":\"https:\/\/marthacifuentes.com\/portada\/alcaldia-de-yopal-no-aplicara-temporalmente-decreto-que-prohibia-parqueo-en-terminal-satelite-de-yopal\/#breadcrumb\",\"itemListElement\":[{\"@type\":\"ListItem\",\"position\":1,\"name\":\"Portada\",\"item\":\"https:\/\/marthacifuentes.com\/portada\/\"},{\"@type\":\"ListItem\",\"position\":2,\"name\":\"Alcald\u00eda de Yopal no aplicar\u00e1, temporalmente, decreto que prohib\u00eda parqueo en &#8216;Terminal Sat\u00e9lite&#8217; de Yopal\"}]},{\"@type\":\"WebSite\",\"@id\":\"https:\/\/marthacifuentes.com\/portada\/#website\",\"url\":\"https:\/\/marthacifuentes.com\/portada\/\",\"name\":\"\u25b7 Noticias de Casanare : Martha Cifuentes | Casanare\",\"description\":\"Noticias &amp; Contenidos\",\"potentialAction\":[{\"@type\":\"SearchAction\",\"target\":{\"@type\":\"EntryPoint\",\"urlTemplate\":\"https:\/\/marthacifuentes.com\/portada\/?s={search_term_string}\"},\"query-input\":{\"@type\":\"PropertyValueSpecification\",\"valueRequired\":true,\"valueName\":\"search_term_string\"}}],\"inLanguage\":\"es\"},{\"@type\":\"Person\",\"@id\":\"https:\/\/marthacifuentes.com\/portada\/#\/schema\/person\/57f53174b991db5f90ff78d58502b714\",\"name\":\"Martha Cifuentes\",\"image\":{\"@type\":\"ImageObject\",\"inLanguage\":\"es\",\"@id\":\"https:\/\/marthacifuentes.com\/portada\/#\/schema\/person\/image\/\",\"url\":\"http:\/\/marthacifuentes.com\/portada\/wp-content\/uploads\/2018\/06\/avatar_user_2_1528838701-96x96.jpg\",\"contentUrl\":\"http:\/\/marthacifuentes.com\/portada\/wp-content\/uploads\/2018\/06\/avatar_user_2_1528838701-96x96.jpg\",\"caption\":\"Martha Cifuentes\"},\"sameAs\":[\"http:\/\/www.marthacifuentes.com\"],\"url\":\"https:\/\/marthacifuentes.com\/portada\/author\/martha\/\"}]}<\/script>\n<!-- \/ Yoast SEO plugin. -->","yoast_head_json":{"title":"Alcald\u00eda de Yopal no aplicar\u00e1, temporalmente, decreto que prohib\u00eda parqueo en 'Terminal Sat\u00e9lite' de Yopal - \u25b7 Noticias de Casanare : Martha Cifuentes | Casanare","robots":{"index":"index","follow":"follow","max-snippet":"max-snippet:-1","max-image-preview":"max-image-preview:large","max-video-preview":"max-video-preview:-1"},"canonical":"https:\/\/marthacifuentes.com\/portada\/alcaldia-de-yopal-no-aplicara-temporalmente-decreto-que-prohibia-parqueo-en-terminal-satelite-de-yopal\/","og_locale":"es_ES","og_type":"article","og_title":"Alcald\u00eda de Yopal no aplicar\u00e1, temporalmente, decreto que prohib\u00eda parqueo en 'Terminal Sat\u00e9lite' de Yopal - \u25b7 Noticias de Casanare : Martha Cifuentes | Casanare","og_description":"La Alcald\u00eda de Yopal suspende la aplicaci\u00f3n del Decreto 010 de 2025, que prohib\u00eda el estacionamiento de veh\u00edculos particulares y de servicio p\u00fablico en la transversal 18 entre calles 6 y 9, debido a imprecisiones que generaban confusi\u00f3n. La medida se revisar\u00e1 en una sesi\u00f3n extraordinaria del Consejo de Seguridad este jueves 27 de marzo, &hellip;","og_url":"https:\/\/marthacifuentes.com\/portada\/alcaldia-de-yopal-no-aplicara-temporalmente-decreto-que-prohibia-parqueo-en-terminal-satelite-de-yopal\/","og_site_name":"\u25b7 Noticias de Casanare : Martha Cifuentes | Casanare","article_published_time":"2025-03-26T15:01:12+00:00","og_image":[{"width":900,"height":600,"url":"https:\/\/marthacifuentes.com\/portada\/wp-content\/uploads\/2025\/03\/ajuste-decreto.jpg","type":"image\/jpeg"}],"author":"Martha Cifuentes","twitter_card":"summary_large_image","twitter_misc":{"Escrito por":"Martha Cifuentes","Tiempo de lectura":"1 minuto"},"schema":{"@context":"https:\/\/schema.org","@graph":[{"@type":"WebPage","@id":"https:\/\/marthacifuentes.com\/portada\/alcaldia-de-yopal-no-aplicara-temporalmente-decreto-que-prohibia-parqueo-en-terminal-satelite-de-yopal\/","url":"https:\/\/marthacifuentes.com\/portada\/alcaldia-de-yopal-no-aplicara-temporalmente-decreto-que-prohibia-parqueo-en-terminal-satelite-de-yopal\/","name":"Alcald\u00eda de Yopal no aplicar\u00e1, temporalmente, decreto que prohib\u00eda parqueo en 'Terminal Sat\u00e9lite' de Yopal - \u25b7 Noticias de Casanare : Martha Cifuentes | Casanare","isPartOf":{"@id":"https:\/\/marthacifuentes.com\/portada\/#website"},"primaryImageOfPage":{"@id":"https:\/\/marthacifuentes.com\/portada\/alcaldia-de-yopal-no-aplicara-temporalmente-decreto-que-prohibia-parqueo-en-terminal-satelite-de-yopal\/#primaryimage"},"image":{"@id":"https:\/\/marthacifuentes.com\/portada\/alcaldia-de-yopal-no-aplicara-temporalmente-decreto-que-prohibia-parqueo-en-terminal-satelite-de-yopal\/#primaryimage"},"thumbnailUrl":"https:\/\/marthacifuentes.com\/portada\/wp-content\/uploads\/2025\/03\/ajuste-decreto.jpg","datePublished":"2025-03-26T15:01:12+00:00","author":{"@id":"https:\/\/marthacifuentes.com\/portada\/#\/schema\/person\/57f53174b991db5f90ff78d58502b714"},"breadcrumb":{"@id":"https:\/\/marthacifuentes.com\/portada\/alcaldia-de-yopal-no-aplicara-temporalmente-decreto-que-prohibia-parqueo-en-terminal-satelite-de-yopal\/#breadcrumb"},"inLanguage":"es","potentialAction":[{"@type":"ReadAction","target":["https:\/\/marthacifuentes.com\/portada\/alcaldia-de-yopal-no-aplicara-temporalmente-decreto-que-prohibia-parqueo-en-terminal-satelite-de-yopal\/"]}]},{"@type":"ImageObject","inLanguage":"es","@id":"https:\/\/marthacifuentes.com\/portada\/alcaldia-de-yopal-no-aplicara-temporalmente-decreto-que-prohibia-parqueo-en-terminal-satelite-de-yopal\/#primaryimage","url":"https:\/\/marthacifuentes.com\/portada\/wp-content\/uploads\/2025\/03\/ajuste-decreto.jpg","contentUrl":"https:\/\/marthacifuentes.com\/portada\/wp-content\/uploads\/2025\/03\/ajuste-decreto.jpg","width":900,"height":600},{"@type":"BreadcrumbList","@id":"https:\/\/marthacifuentes.com\/portada\/alcaldia-de-yopal-no-aplicara-temporalmente-decreto-que-prohibia-parqueo-en-terminal-satelite-de-yopal\/#breadcrumb","itemListElement":[{"@type":"ListItem","position":1,"name":"Portada","item":"https:\/\/marthacifuentes.com\/portada\/"},{"@type":"ListItem","position":2,"name":"Alcald\u00eda de Yopal no aplicar\u00e1, temporalmente, decreto que prohib\u00eda parqueo en &#8216;Terminal Sat\u00e9lite&#8217; de Yopal"}]},{"@type":"WebSite","@id":"https:\/\/marthacifuentes.com\/portada\/#website","url":"https:\/\/marthacifuentes.com\/portada\/","name":"\u25b7 Noticias de Casanare : Martha Cifuentes | Casanare","description":"Noticias &amp; Contenidos","potentialAction":[{"@type":"SearchAction","target":{"@type":"EntryPoint","urlTemplate":"https:\/\/marthacifuentes.com\/portada\/?s={search_term_string}"},"query-input":{"@type":"PropertyValueSpecification","valueRequired":true,"valueName":"search_term_string"}}],"inLanguage":"es"},{"@type":"Person","@id":"https:\/\/marthacifuentes.com\/portada\/#\/schema\/person\/57f53174b991db5f90ff78d58502b714","name":"Martha Cifuentes","image":{"@type":"ImageObject","inLanguage":"es","@id":"https:\/\/marthacifuentes.com\/portada\/#\/schema\/person\/image\/","url":"http:\/\/marthacifuentes.com\/portada\/wp-content\/uploads\/2018\/06\/avatar_user_2_1528838701-96x96.jpg","contentUrl":"http:\/\/marthacifuentes.com\/portada\/wp-content\/uploads\/2018\/06\/avatar_user_2_1528838701-96x96.jpg","caption":"Martha Cifuentes"},"sameAs":["http:\/\/www.marthacifuentes.com"],"url":"https:\/\/marthacifuentes.com\/portada\/author\/martha\/"}]}},"_links":{"self":[{"href":"https:\/\/marthacifuentes.com\/portada\/wp-json\/wp\/v2\/posts\/34965","targetHints":{"allow":["GET"]}}],"collection":[{"href":"https:\/\/marthacifuentes.com\/portada\/wp-json\/wp\/v2\/posts"}],"about":[{"href":"https:\/\/marthacifuentes.com\/portada\/wp-json\/wp\/v2\/types\/post"}],"author":[{"embeddable":true,"href":"https:\/\/marthacifuentes.com\/portada\/wp-json\/wp\/v2\/users\/2"}],"replies":[{"embeddable":true,"href":"https:\/\/marthacifuentes.com\/portada\/wp-json\/wp\/v2\/comments?post=34965"}],"version-history":[{"count":2,"href":"https:\/\/marthacifuentes.com\/portada\/wp-json\/wp\/v2\/posts\/34965\/revisions"}],"predecessor-version":[{"id":34968,"href":"https:\/\/marthacifuentes.com\/portada\/wp-json\/wp\/v2\/posts\/34965\/revisions\/34968"}],"wp:featuredmedia":[{"embeddable":true,"href":"https:\/\/marthacifuentes.com\/portada\/wp-json\/wp\/v2\/media\/34966"}],"wp:attachment":[{"href":"https:\/\/marthacifuentes.com\/portada\/wp-json\/wp\/v2\/media?parent=34965"}],"wp:term":[{"taxonomy":"category","embeddable":true,"href":"https:\/\/marthacifuentes.com\/portada\/wp-json\/wp\/v2\/categories?post=34965"},{"taxonomy":"post_tag","embeddable":true,"href":"https:\/\/marthacifuentes.com\/portada\/wp-json\/wp\/v2\/tags?post=34965"}],"curies":[{"name":"wp","href":"https:\/\/api.w.org\/{rel}","templated":true}]}}