{"id":35050,"date":"2025-04-07T11:00:24","date_gmt":"2025-04-07T16:00:24","guid":{"rendered":"https:\/\/marthacifuentes.com\/portada\/?p=35050"},"modified":"2025-04-07T11:04:19","modified_gmt":"2025-04-07T16:04:19","slug":"tras-libertad-de-5-casanarenos-secuestrados-en-arauca-emerge-cruda-realidad-denunciar-en-vano-pagar-extorsiones-o-sufrir-plagio","status":"publish","type":"post","link":"https:\/\/marthacifuentes.com\/portada\/tras-libertad-de-5-casanarenos-secuestrados-en-arauca-emerge-cruda-realidad-denunciar-en-vano-pagar-extorsiones-o-sufrir-plagio\/","title":{"rendered":"Tras libertad de 5 casanare\u00f1os secuestrados en Arauca emerge cruda realidad: denunciar en vano, pagar extorsiones o sufrir plagio"},"content":{"rendered":"<p>\u201cLa retenci\u00f3n fue violenta, dura y tensa al quedar en meo de dos grupos armados. Estamos vivos de milagro. Fue muy duro haber pasado por esta terrible prueba, pero gracias a Dios, la Virgen de Manare y la gesti\u00f3n de las autoridades podemos cele<\/p>\n<p>brar el regreso a la libertad\u201d, as\u00ed se expres\u00f3 el ganadero Emilio Cristancho, ayer 6 de abril, tras lograr su liberaci\u00f3n junto a 4 ganaderos m\u00e1s, interceptados por el ELN el pasado 27 de marzo cuando cumpl\u00edan una citaci\u00f3n de las disidencias de las Farc en Arauca.<\/p>\n<p>Hacia las 3 de la tarde de ayer domingo, miembros del Frente de Guerra Oriental del ELN les anunciaron a Leonin, Betuel y Adoran Barrera Sandoval, Antonio Salamanca Peroza y al mismo Emilio Cristancho, que se prepararan para salir para sus casas en Paz de Ariporo porque quedaban libres.<\/p>\n<p>Esto calm\u00f3 la ansiedad, estr\u00e9s e incertidumbre de los secuestrados que llevaban 11 d\u00edas en manos de sus captores. Al menos pernoctaron en tres o cuatro campamentos en Arauca, luego de que fueran detenidos en un ret\u00e9n de la guerrilla del ELN en una carretera en zona rural de Puerto Rond\u00f3n.<\/p>\n<p>Fue una prueba muy dura donde las emociones se confunden por no saber cu\u00e1l iba a ser el desenlace de todo este proceso, si retornar\u00edan o no con vida o estar\u00edan mucho tiempo en cautiverio, expres\u00f3 Cristancho al medio digital Pauto Noticias.<\/p>\n<p>Los hermanos Barrera Sandoval y Antonio Salamanca, fueron optaron por declaraciones breves, pero agradecieron la gesti\u00f3n realizada para conseguir su libertad.<\/p>\n<p>&nbsp;<\/p>\n<p><strong>ELN: comunicados agresivos y contradicciones<\/strong><\/p>\n<p>La guerrilla justific\u00f3 el plagio acusando a las v\u00edctimas de ser \u00abc\u00f3mplices y confidentes\u00bb de las disidencias \u2014a quienes llam\u00f3 \u00abmercenarios narcoparamilitares\u00bb\u2014, e incluso insinu\u00f3 que llevaban las finanzas para los frentes de alias Antonio Medina y &#8216;Pescado&#8217;. Sin embargo, en un giro contradictorio, el mismo comunicado denunci\u00f3 que las disidencias \u00abextorsionan a todo el mundo en Arauca, Casanare y Boyac\u00e1\u00bb, criticando la \u00abdoble moral\u00bb de estas.<\/p>\n<p>Anunciaron que investigar\u00e1n y tomar\u00e1n acciones en contra de miembros, testaferros financiadores y aliados de sus enemigos, las disidencias de las Farc.<\/p>\n<p>El ELN en sus comunicados fustig\u00f3 fuertemente a los l\u00edderes del frente 28 de las Farc, alias Antonio Medina y H\u00e9ctor Aguilar alias \u201cPescado\u201d, a las que no bajaron de mercenarios narcoparamilitares.<\/p>\n<p>Por lo escrito en el comunicado no les gust\u00f3 para nada el pronunciamiento del otrora comandante paramilitar H\u00e9ctor Germ\u00e1n Buitrago Parada, alias \u201cmart\u00edn llanos\u201d, quien, ahora en calidad de gestor de paz, pidi\u00f3 hace unos d\u00edas la liberaci\u00f3n de los secuestrados.<\/p>\n<p>Para el ELN en Casanare \u201cSe pretende volver a pasado de los mellizos y Buitragos.<\/p>\n<p>En el comunicado de liberaci\u00f3n de los cinco secuestrados, el ELN en su primer p\u00e1rrafo se\u00f1al\u00f3 un contubernio de las disidencias de las Farc con las fuerzas armadas, la institucionalidad y el Centro Democr\u00e1tico. Incluso destac\u00f3 que \u201cel enojo del senador Alirio Barrera lo reafirma\u201d.<\/p>\n<p><img loading=\"lazy\" decoding=\"async\" class=\"alignnone size-full wp-image-35055\" src=\"https:\/\/marthacifuentes.com\/portada\/wp-content\/uploads\/2025\/04\/IMG-20250407-WA0005.jpg\" alt=\"\" width=\"1003\" height=\"300\" srcset=\"https:\/\/marthacifuentes.com\/portada\/wp-content\/uploads\/2025\/04\/IMG-20250407-WA0005.jpg 1003w, https:\/\/marthacifuentes.com\/portada\/wp-content\/uploads\/2025\/04\/IMG-20250407-WA0005-300x90.jpg 300w, https:\/\/marthacifuentes.com\/portada\/wp-content\/uploads\/2025\/04\/IMG-20250407-WA0005-768x230.jpg 768w\" sizes=\"auto, (max-width: 1003px) 100vw, 1003px\" \/><\/p>\n<p><strong>Contexto: extorsi\u00f3n y alertas ignoradas<\/strong><\/p>\n<p>El secuestro de cinco ganaderos casanare\u00f1os en Arauca evidenci\u00f3 lo que es vox populi en Casanare, una crisis humanitaria silenciosa causada por el resurgir de la extorsi\u00f3n que viven a diario los comerciantes, empresarios, ganaderos, finqueros y contratistas por parte de grupos armados al margen de la ley como las disidencias de las Farc.<\/p>\n<p>Desde hace un par de a\u00f1os la Defensor\u00eda del Pueblo emiti\u00f3 una alerta temprana sobre la disputa de control territorial en Casanare entre los grupos armados ilegales ELN, disidencias de las Farc y Clan del Golfo.<\/p>\n<p>En su momento, junio de 2023, a trav\u00e9s de la alerta temprana 023, se inform\u00f3 que las disidencias de las Farc a trav\u00e9s de videos, llamadas y mensajes extorsivos estaban llegando contra empresarios, contratistas, ganaderos, agroindustriales, comerciantes y transportadores para que realizaran \u201caportes a la causa\u201d.<\/p>\n<p>Con la situaci\u00f3n presentada con los ganaderos casanare\u00f1os que fueron presionados y obligados a cumplir la citaci\u00f3n de las disidencias de las Farc, la gente queda en una peligrosa disyuntiva: Si acuden a las citaciones se arriesgan secuestros por el ELN; quienes las denuncian al GAULA carecen de protecci\u00f3n efectiva.<\/p>\n<p>&nbsp;<\/p>\n<p><strong>Gestiones para liberar a los secuestrados<\/strong><\/p>\n<p>Los reci\u00e9n liberados, agradecieron al gobernador de Casanare C\u00e9sar Ortiz Zorro, haber hecho todo lo posible para conseguir el retorno a la libertad y volver con sus familiares.<\/p>\n<p>A su vez este agradeci\u00f3 a la Defensor\u00eda del Pueblo, la Iglesia Cat\u00f3lica y organizaciones internacionales para concretar la libertad de los ganaderos.<\/p>\n<p><iframe loading=\"lazy\" style=\"border: none; overflow: hidden;\" src=\"https:\/\/www.facebook.com\/plugins\/video.php?height=306&amp;href=https%3A%2F%2Fwww.facebook.com%2FMarthaCifuentesNoticiasyContenidos%2Fvideos%2F956294736584296%2F&amp;show_text=false&amp;width=560&amp;t=0\" width=\"560\" height=\"306\" frameborder=\"0\" scrolling=\"no\" allowfullscreen=\"allowfullscreen\"><\/iframe><\/p>\n<h2>Otras noticias\u2026<\/h2>\n<blockquote class=\"wp-embedded-content\" data-secret=\"oJSfjKgryS\"><p><a href=\"https:\/\/marthacifuentes.com\/portada\/2025\/04\/04\/una-comerciante-de-villanueva-casanare-y-un-ciudadano-de-corozal-sucre-las-victimas-fatales-de-siniestro-vial-en-monterrey\/\">Una comerciante de Villanueva, Casanare y un ciudadano de Corozal, Sucre, las v\u00edctimas fatales de siniestro vial en Monterrey<\/a><\/p><\/blockquote>\n<p><iframe loading=\"lazy\" class=\"wp-embedded-content\" sandbox=\"allow-scripts\" security=\"restricted\" style=\"position: absolute; clip: rect(1px, 1px, 1px, 1px);\" title=\"\u00abUna comerciante de Villanueva, Casanare y un ciudadano de Corozal, Sucre, las v\u00edctimas fatales de siniestro vial en Monterrey\u00bb \u2014 \u25b7 Noticias de Casanare : Martha Cifuentes | Casanare\" src=\"https:\/\/marthacifuentes.com\/portada\/2025\/04\/04\/una-comerciante-de-villanueva-casanare-y-un-ciudadano-de-corozal-sucre-las-victimas-fatales-de-siniestro-vial-en-monterrey\/embed\/#?secret=vbtmBfNHUi#?secret=oJSfjKgryS\" data-secret=\"oJSfjKgryS\" width=\"500\" height=\"282\" frameborder=\"0\" marginwidth=\"0\" marginheight=\"0\" scrolling=\"no\"><\/iframe><\/p>\n<p><iframe loading=\"lazy\" class=\"wp-embedded-content\" title=\"\u00abAlias \u2018Mart\u00edn llanos\u2019, ahora gestor de paz, pide liberaci\u00f3n de casanare\u00f1os secuestrados\u00bb \u2014 \u25b7 Noticias de Casanare : Martha Cifuentes | Casanare\" src=\"https:\/\/marthacifuentes.com\/portada\/2025\/04\/04\/alias-martin-llanos-ahora-gestor-de-paz-pide-liberacion-de-casanarenos-secuestrados\/embed\/#?secret=QUny4dkL79#?secret=RhqsxRgDwM\" width=\"600\" height=\"624\" frameborder=\"0\" marginwidth=\"0\" marginheight=\"0\" scrolling=\"no\" sandbox=\"allow-scripts\" data-secret=\"RhqsxRgDwM\" data-mce-fragment=\"1\"><\/iframe><\/p>\n<p><iframe loading=\"lazy\" class=\"wp-embedded-content\" title=\"\u00abC\u00e1mara de Comercio de Casanare presenta RUTA D: estrategia de apoyo para emprendedores\u00bb \u2014 \u25b7 Noticias de Casanare : Martha Cifuentes | Casanare\" src=\"https:\/\/marthacifuentes.com\/portada\/2025\/04\/04\/camara-de-comercio-de-casanare-presenta-ruta-d-estrategia-de-apoyo-para-emprendedores\/embed\/#?secret=SjCMWjr9q0#?secret=v9xSEe9Xyu\" width=\"600\" height=\"644\" frameborder=\"0\" marginwidth=\"0\" marginheight=\"0\" scrolling=\"no\" sandbox=\"allow-scripts\" data-secret=\"v9xSEe9Xyu\" data-mce-fragment=\"1\"><\/iframe><\/p>\n<p><iframe loading=\"lazy\" class=\"wp-embedded-content\" title=\"\u00ab\u00a1Debajo de la tierra y con 50 mil millones en droga! Ej\u00e9rcito le cae al Clan del Golfo en Orocu\u00e9\u00bb \u2014 \u25b7 Noticias de Casanare : Martha Cifuentes | Casanare\" src=\"https:\/\/marthacifuentes.com\/portada\/2025\/04\/04\/debajo-de-la-tierra-y-con-50-mil-millones-en-droga-ejercito-le-cae-al-clan-del-golfo-en-orocue\/embed\/#?secret=RdRIoT4hs0#?secret=y8FURjMhKm\" width=\"600\" height=\"576\" frameborder=\"0\" marginwidth=\"0\" marginheight=\"0\" scrolling=\"no\" sandbox=\"allow-scripts\" data-secret=\"y8FURjMhKm\" data-mce-fragment=\"1\"><\/iframe><\/p>\n<p><iframe loading=\"lazy\" class=\"wp-embedded-content\" title=\"\u00abELN admite secuestro de 5 ganaderos de Casanare: los acusa de colaborar con disidencias de las Farc y anuncia \u2018juicio\u2019 bajo sus reglas\u00bb \u2014 \u25b7 Noticias de Casanare : Martha Cifuentes | Casanare\" src=\"https:\/\/marthacifuentes.com\/portada\/2025\/04\/03\/eln-admite-secuestro-de-5-ganaderos-de-casanare-los-acusa-de-colaborar-con-disidencias-de-las-farc-y-anuncia-juicio-bajo-sus-reglas\/embed\/#?secret=tUTZ05kWKt#?secret=32Iz5Du9lQ\" width=\"600\" height=\"651\" frameborder=\"0\" marginwidth=\"0\" marginheight=\"0\" scrolling=\"no\" sandbox=\"allow-scripts\" data-secret=\"32Iz5Du9lQ\" data-mce-fragment=\"1\"><\/iframe><\/p>\n<p><iframe loading=\"lazy\" class=\"wp-embedded-content\" title=\"\u00abAdmitida acci\u00f3n popular contra actualizaci\u00f3n catastral de Yopal. Medida cautelar de suspensi\u00f3n qued\u00f3 pendiente.\u00bb \u2014 \u25b7 Noticias de Casanare : Martha Cifuentes | Casanare\" src=\"https:\/\/marthacifuentes.com\/portada\/2025\/04\/02\/admitida-accion-popular-contra-actualizacion-catastral-de-yopal-medida-cautelar-de-suspension-quedo-pendiente\/embed\/#?secret=6uuNwFoJwg#?secret=mi6TEwtJwp\" width=\"600\" height=\"589\" frameborder=\"0\" marginwidth=\"0\" marginheight=\"0\" scrolling=\"no\" sandbox=\"allow-scripts\" data-secret=\"mi6TEwtJwp\" data-mce-fragment=\"1\"><\/iframe><\/p>\n<p><iframe loading=\"lazy\" class=\"wp-embedded-content\" title=\"\u00abCon menores costos, Gobernaci\u00f3n de Casanare inicia pavimento de 14 km. de v\u00edas rurales en Paz de Ariporo\u00bb \u2014 \u25b7 Noticias de Casanare : Martha Cifuentes | Casanare\" src=\"https:\/\/marthacifuentes.com\/portada\/2025\/04\/01\/con-menores-costos-gobernacion-de-casanare-inicia-pavimento-de-14-km-de-vias-rurales-en-paz-de-ariporo\/embed\/#?secret=cYlG3KEeRO#?secret=UWjqhKCNIh\" width=\"600\" height=\"623\" frameborder=\"0\" marginwidth=\"0\" marginheight=\"0\" scrolling=\"no\" sandbox=\"allow-scripts\" data-secret=\"UWjqhKCNIh\" data-mce-fragment=\"1\"><\/iframe><\/p>\n<p><iframe loading=\"lazy\" class=\"wp-embedded-content\" title=\"\u00abEntre el miedo y la esperanza: familias exigen liberaci\u00f3n de cinco casanare\u00f1os secuestrados. Esto es lo que se sabe.\u00bb \u2014 \u25b7 Noticias de Casanare : Martha Cifuentes | Casanare\" src=\"https:\/\/marthacifuentes.com\/portada\/2025\/04\/01\/entre-el-miedo-y-la-esperanza-familias-exigen-liberacion-de-cinco-casanarenos-secuestrados-esto-es-lo-que-se-sabe\/embed\/#?secret=4AyVCbKCSt#?secret=9OF2mmT2xK\" width=\"600\" height=\"652\" frameborder=\"0\" marginwidth=\"0\" marginheight=\"0\" scrolling=\"no\" sandbox=\"allow-scripts\" data-secret=\"9OF2mmT2xK\" data-mce-fragment=\"1\"><\/iframe><\/p>\n<p><iframe loading=\"lazy\" class=\"wp-embedded-content\" title=\"\u00abSecuestro masivo en Paz de Ariporo, Casanare: Al menos 5 agricultores desaparecidos entre Tame y Arauca\u00bb \u2014 \u25b7 Noticias de Casanare : Martha Cifuentes | Casanare\" src=\"https:\/\/marthacifuentes.com\/portada\/2025\/03\/31\/secuestro-masivo-en-paz-de-ariporo-casanare-al-menos-5-agricultores-desaparecidos-entre-tame-y-arauca\/embed\/#?secret=6lt4fGnI6o#?secret=8ShYpGJp7G\" width=\"600\" height=\"652\" frameborder=\"0\" marginwidth=\"0\" marginheight=\"0\" scrolling=\"no\" sandbox=\"allow-scripts\" data-secret=\"8ShYpGJp7G\" data-mce-fragment=\"1\"><\/iframe><\/p>\n<p><iframe loading=\"lazy\" class=\"wp-embedded-content\" title=\"\u00abTribunal absuelve a exconcejal de Yopal Nelson Figueroa: \u201cNo hubo estafa, sino incumplimiento civil\u201d\u00bb \u2014 \u25b7 Noticias de Casanare : Martha Cifuentes | Casanare\" src=\"https:\/\/marthacifuentes.com\/portada\/2025\/03\/28\/tribunal-absuelve-a-exconcejal-de-yopal-nelson-figueroa-no-hubo-estafa-sino-incumplimiento-civil\/embed\/#?secret=Cpx7WnRQSx#?secret=v1w1LTG9Lr\" width=\"600\" height=\"624\" frameborder=\"0\" marginwidth=\"0\" marginheight=\"0\" scrolling=\"no\" sandbox=\"allow-scripts\" data-secret=\"v1w1LTG9Lr\" data-mce-fragment=\"1\"><\/iframe><\/p>\n<p><iframe loading=\"lazy\" class=\"wp-embedded-content\" title=\"\u00abFamilias damnificadas por invierno en veredas apartadas de Casanare reciben ayuda urgente\u00bb \u2014 \u25b7 Noticias de Casanare : Martha Cifuentes | Casanare\" src=\"https:\/\/marthacifuentes.com\/portada\/2025\/03\/27\/familias-damnificadas-por-invierno-en-veredas-apartadas-de-casanare-reciben-ayuda-urgente\/embed\/#?secret=YLsshj3uwt#?secret=ThxJdybUa9\" width=\"600\" height=\"622\" frameborder=\"0\" marginwidth=\"0\" marginheight=\"0\" scrolling=\"no\" sandbox=\"allow-scripts\" data-secret=\"ThxJdybUa9\" data-mce-fragment=\"1\"><\/iframe><\/p>\n<p><iframe loading=\"lazy\" class=\"wp-embedded-content\" title=\"\u00abLes cay\u00f3 la ley a \u2018Los Mexicanos\u2019, banda dedicada al robo de motos en Casanare y Guaviare\u00bb \u2014 \u25b7 Noticias de Casanare : Martha Cifuentes | Casanare\" src=\"https:\/\/marthacifuentes.com\/portada\/2025\/03\/27\/les-cayo-la-ley-a-los-mexicanos-banda-dedicada-al-robo-de-motos-en-casanare-y-guaviare\/embed\/#?secret=kr1BpT6wTb#?secret=16dP6puNyM\" width=\"600\" height=\"623\" frameborder=\"0\" marginwidth=\"0\" marginheight=\"0\" scrolling=\"no\" sandbox=\"allow-scripts\" data-secret=\"16dP6puNyM\" data-mce-fragment=\"1\"><\/iframe><\/p>\n<p><iframe loading=\"lazy\" class=\"wp-embedded-content\" title=\"\u00abCongresistas quieren acabar la guachafita de contrataci\u00f3n de regal\u00edas con Fondos Mixtos. Se radic\u00f3 proyecto de ley\u00bb \u2014 \u25b7 Noticias de Casanare : Martha Cifuentes | Casanare\" src=\"https:\/\/marthacifuentes.com\/portada\/2025\/03\/27\/congresistas-quieren-acabar-la-guachafita-de-contratacion-de-regalias-con-fondos-mixtos-se-radico-proyecto-de-ley\/embed\/#?secret=wKZpFAGYhJ#?secret=G2LkrBcRF1\" width=\"600\" height=\"651\" frameborder=\"0\" marginwidth=\"0\" marginheight=\"0\" scrolling=\"no\" sandbox=\"allow-scripts\" data-secret=\"G2LkrBcRF1\" data-mce-fragment=\"1\"><\/iframe><\/p>\n<p><iframe loading=\"lazy\" class=\"wp-embedded-content\" title=\"\u00abMagistrada decidir\u00e1 si avanza demanda contra pol\u00e9mica actualizaci\u00f3n catastral en Yopal\u00bb \u2014 \u25b7 Noticias de Casanare : Martha Cifuentes | Casanare\" src=\"https:\/\/marthacifuentes.com\/portada\/2025\/03\/26\/magistrada-decidira-si-avanza-demanda-contra-polemica-actualizacion-catastral-en-yopal\/embed\/#?secret=Jpny5t1vuD#?secret=ZwA1w4scO6\" width=\"600\" height=\"644\" frameborder=\"0\" marginwidth=\"0\" marginheight=\"0\" scrolling=\"no\" sandbox=\"allow-scripts\" data-secret=\"ZwA1w4scO6\" data-mce-fragment=\"1\"><\/iframe><\/p>\n<p><iframe loading=\"lazy\" class=\"wp-embedded-content\" title=\"\u00abAlcald\u00eda de Yopal no aplicar\u00e1, temporalmente, decreto que prohib\u00eda parqueo en \u2018Terminal Sat\u00e9lite\u2019 de Yopal\u00bb \u2014 \u25b7 Noticias de Casanare : Martha Cifuentes | Casanare\" src=\"https:\/\/marthacifuentes.com\/portada\/2025\/03\/26\/alcaldia-de-yopal-no-aplicara-temporalmente-decreto-que-prohibia-parqueo-en-terminal-satelite-de-yopal\/embed\/#?secret=m6tBaW5dKv#?secret=GoQ1kkXlOM\" width=\"600\" height=\"623\" frameborder=\"0\" marginwidth=\"0\" marginheight=\"0\" scrolling=\"no\" sandbox=\"allow-scripts\" data-secret=\"GoQ1kkXlOM\" data-mce-fragment=\"1\"><\/iframe><\/p>\n<p><iframe loading=\"lazy\" class=\"wp-embedded-content\" title=\"\u00abA m\u00e1s de 8.600 predios de Yopal se les liquid\u00f3 mal el impuesto predial en Alcald\u00eda. Desde el 10 de abril hay nuevas facturas.\u00bb \u2014 \u25b7 Noticias de Casanare : Martha Cifuentes | Casanare\" src=\"https:\/\/marthacifuentes.com\/portada\/2025\/03\/26\/a-mas-de-8-600-predios-de-yopal-se-les-liquido-mal-el-impuesto-predial-en-alcaldia-desde-el-10-de-abril-hay-nuevas-facturas\/embed\/#?secret=P1tp3iGjKN#?secret=FmaaCYYFso\" width=\"600\" height=\"649\" frameborder=\"0\" marginwidth=\"0\" marginheight=\"0\" scrolling=\"no\" sandbox=\"allow-scripts\" data-secret=\"FmaaCYYFso\" data-mce-fragment=\"1\"><\/iframe><\/p>\n<p><iframe loading=\"lazy\" class=\"wp-embedded-content\" title=\"\u00abCaso aberrante: Enviado a la c\u00e1rcel docente universitario en Yopal por abusar sexualmente de dos ni\u00f1as de 3 a\u00f1os y grabarlas\u00bb \u2014 \u25b7 Noticias de Casanare : Martha Cifuentes | Casanare\" src=\"https:\/\/marthacifuentes.com\/portada\/2025\/03\/25\/caso-aberrante-enviado-a-la-carcel-docente-universitario-en-yopal-por-abusar-sexualmente-de-dos-ninas-de-3-anos-y-grabarlas\/embed\/#?secret=3EZXoFRpzG#?secret=WLBsY7WUF9\" width=\"600\" height=\"646\" frameborder=\"0\" marginwidth=\"0\" marginheight=\"0\" scrolling=\"no\" sandbox=\"allow-scripts\" data-secret=\"WLBsY7WUF9\" data-mce-fragment=\"1\"><\/iframe><\/p>\n<p><iframe loading=\"lazy\" class=\"wp-embedded-content\" title=\"\u00abUsuarios de Capresoca en La Chaparrera, cuentan con punto de atenci\u00f3n en el CAPS\u00bb \u2014 \u25b7 Noticias de Casanare : Martha Cifuentes | Casanare\" src=\"https:\/\/marthacifuentes.com\/portada\/2025\/03\/25\/usuarios-de-capresoca-en-la-chaparrera-cuentan-con-punto-de-atencion-en-el-caps\/embed\/#?secret=Y2aHyYddB0#?secret=ts2q9ewRXn\" width=\"600\" height=\"621\" frameborder=\"0\" marginwidth=\"0\" marginheight=\"0\" scrolling=\"no\" sandbox=\"allow-scripts\" data-secret=\"ts2q9ewRXn\" data-mce-fragment=\"1\"><\/iframe><\/p>\n<p><iframe loading=\"lazy\" class=\"wp-embedded-content\" title=\"\u00abCapturan a catedr\u00e1tico de Unitr\u00f3pico por presunto acoso sexual en Yopal\u00bb \u2014 \u25b7 Noticias de Casanare : Martha Cifuentes | Casanare\" src=\"https:\/\/marthacifuentes.com\/portada\/2025\/03\/25\/capturan-a-catedratico-de-unitropico-por-presunto-acoso-sexual-en-yopal\/embed\/#?secret=DH7DDF8kdg#?secret=RpbyRyMUCk\" width=\"600\" height=\"621\" frameborder=\"0\" marginwidth=\"0\" marginheight=\"0\" scrolling=\"no\" sandbox=\"allow-scripts\" data-secret=\"RpbyRyMUCk\" data-mce-fragment=\"1\"><\/iframe><\/p>\n<p><iframe loading=\"lazy\" class=\"wp-embedded-content\" title=\"\u00abLa ruinosa v\u00eda La Vara-Soceagro, en Villanueva, ahora est\u00e1 como nueva.\u00bb \u2014 \u25b7 Noticias de Casanare : Martha Cifuentes | Casanare\" src=\"https:\/\/marthacifuentes.com\/portada\/2025\/03\/25\/la-ruinosa-via-la-vara-soceagro-en-villanueva-ahora-esta-como-nueva\/embed\/#?secret=K7wVlSRWLO#?secret=SeHPcEsnAA\" width=\"600\" height=\"620\" frameborder=\"0\" marginwidth=\"0\" marginheight=\"0\" scrolling=\"no\" sandbox=\"allow-scripts\" data-secret=\"SeHPcEsnAA\" data-mce-fragment=\"1\"><\/iframe><\/p>\n<p><iframe loading=\"lazy\" class=\"wp-embedded-content\" title=\"\u00ab22 casas quemadas, pero la Esperanza sigue en pie: As\u00ed respondi\u00f3 Yopal a la tragedia\u00bb \u2014 \u25b7 Noticias de Casanare : Martha Cifuentes | Casanare\" src=\"https:\/\/marthacifuentes.com\/portada\/2025\/03\/25\/22-casas-quemadas-pero-la-esperanza-sigue-en-pie-asi-respondio-yopal-a-la-tragedia\/embed\/#?secret=Z81zRszNWl#?secret=BY6VRVL8Ej\" width=\"600\" height=\"600\" frameborder=\"0\" marginwidth=\"0\" marginheight=\"0\" scrolling=\"no\" sandbox=\"allow-scripts\" data-secret=\"BY6VRVL8Ej\" data-mce-fragment=\"1\"><\/iframe><\/p>\n<p><iframe loading=\"lazy\" class=\"wp-embedded-content\" title=\"\u00abCasanare hierve en los \u00faltimos d\u00edas de verano pero se avecina temporada de lluvias\u00bb \u2014 \u25b7 Noticias de Casanare : Martha Cifuentes | Casanare\" src=\"https:\/\/marthacifuentes.com\/portada\/2025\/03\/25\/casanare-hierve-en-los-ultimos-dias-de-verano-pero-se-avecina-temporada-de-lluvias\/embed\/#?secret=RLIb180UEx#?secret=TdSIl2Gjw5\" width=\"600\" height=\"623\" frameborder=\"0\" marginwidth=\"0\" marginheight=\"0\" scrolling=\"no\" sandbox=\"allow-scripts\" data-secret=\"TdSIl2Gjw5\" data-mce-fragment=\"1\"><\/iframe><\/p>\n<p><iframe loading=\"lazy\" class=\"wp-embedded-content\" title=\"\u00abSuperNotariado investigar\u00e1 a CATASIG por anomal\u00edas en el catastro, \u00bfPero tendr\u00e1 dientes para solucionar el problema?\u00bb \u2014 \u25b7 Noticias de Casanare : Martha Cifuentes | Casanare\" src=\"https:\/\/marthacifuentes.com\/portada\/2025\/03\/21\/supernotariado-investigara-a-catasig-por-anomalias-en-el-catastro-pero-tendra-dientes-para-solucionar-el-problema\/embed\/#?secret=8b5PEom2wl#?secret=85Vrl3p6XC\" width=\"600\" height=\"589\" frameborder=\"0\" marginwidth=\"0\" marginheight=\"0\" scrolling=\"no\" sandbox=\"allow-scripts\" data-secret=\"85Vrl3p6XC\" data-mce-fragment=\"1\"><\/iframe><\/p>\n<p><iframe loading=\"lazy\" class=\"wp-embedded-content\" title=\"\u00abJJ Peynado gan\u00f3 9 meses extra en el Concejo de Yopal con maniobras jur\u00eddicas dilatorias, pero ya no va m\u00e1s.\u00bb \u2014 \u25b7 Noticias de Casanare : Martha Cifuentes | Casanare\" src=\"https:\/\/marthacifuentes.com\/portada\/2025\/03\/21\/jj-peynado-gano-9-meses-extra-en-el-concejo-de-yopal-con-maniobras-juridicas-dilatorias-pero-ya-no-va-mas\/embed\/#?secret=z7gnVlkRVx#?secret=Wcdznz8EnA\" width=\"600\" height=\"623\" frameborder=\"0\" marginwidth=\"0\" marginheight=\"0\" scrolling=\"no\" sandbox=\"allow-scripts\" data-secret=\"Wcdznz8EnA\" data-mce-fragment=\"1\"><\/iframe><\/p>\n<p><iframe loading=\"lazy\" class=\"wp-embedded-content\" title=\"\u00abZorro entreg\u00f3 terreno para que 151 familias tengan su lote en Paz de Ariporo\u00bb \u2014 \u25b7 Noticias de Casanare : Martha Cifuentes | Casanare\" src=\"https:\/\/marthacifuentes.com\/portada\/2025\/03\/20\/zorro-entrego-terreno-para-que-151-familias-tengan-su-lote-en-paz-de-ariporo\/embed\/#?secret=ep3BrltUHC#?secret=mIYTjg2fpy\" width=\"600\" height=\"602\" frameborder=\"0\" marginwidth=\"0\" marginheight=\"0\" scrolling=\"no\" sandbox=\"allow-scripts\" data-secret=\"mIYTjg2fpy\" data-mce-fragment=\"1\"><\/iframe><\/p>\n<p><iframe loading=\"lazy\" class=\"wp-embedded-content\" title=\"\u00abGobernaci\u00f3n de Casanare entrega instrumentos y trajes de danza para fortalecer cultura llanera en Paz de Ariporo\u00bb \u2014 \u25b7 Noticias de Casanare : Martha Cifuentes | Casanare\" src=\"https:\/\/marthacifuentes.com\/portada\/2025\/03\/20\/gobernacion-de-casanare-entrega-instrumentos-y-trajes-de-danza-para-fortalecer-cultura-llanera-en-paz-de-ariporo\/embed\/#?secret=XN54zvrkLv#?secret=Gmjccz4TRW\" width=\"600\" height=\"651\" frameborder=\"0\" marginwidth=\"0\" marginheight=\"0\" scrolling=\"no\" sandbox=\"allow-scripts\" data-secret=\"Gmjccz4TRW\" data-mce-fragment=\"1\"><\/iframe><\/p>\n<p><iframe loading=\"lazy\" class=\"wp-embedded-content\" title=\"\u00abMarco Tulio anunci\u00f3 cambio de rejillas, conexi\u00f3n de v\u00edas y repavimento v\u00eda Matepantano\u00bb \u2014 \u25b7 Noticias de Casanare : Martha Cifuentes | Casanare\" src=\"https:\/\/marthacifuentes.com\/portada\/2025\/03\/20\/marco-tulio-anuncio-cambio-de-rejillas-conexion-de-vias-y-repavimento-via-matepantano\/embed\/#?secret=XKOzEVMg7g#?secret=PTn0QFgJjT\" width=\"600\" height=\"602\" frameborder=\"0\" marginwidth=\"0\" marginheight=\"0\" scrolling=\"no\" sandbox=\"allow-scripts\" data-secret=\"PTn0QFgJjT\" data-mce-fragment=\"1\"><\/iframe><\/p>\n<p><iframe loading=\"lazy\" class=\"wp-embedded-content\" title=\"\u00abOjo comunidad educativa\u2026 Mesa departamental del PAE se realizar\u00e1 en Tauramena en abril.\u00bb \u2014 \u25b7 Noticias de Casanare : Martha Cifuentes | Casanare\" src=\"https:\/\/marthacifuentes.com\/portada\/2025\/03\/20\/ojo-comunidad-educativa-mesa-departamental-del-pae-se-realizara-en-tauramena-en-abril\/embed\/#?secret=o3S2LBre2n#?secret=4rflkgs03E\" width=\"600\" height=\"623\" frameborder=\"0\" marginwidth=\"0\" marginheight=\"0\" scrolling=\"no\" sandbox=\"allow-scripts\" data-secret=\"4rflkgs03E\" data-mce-fragment=\"1\"><\/iframe><\/p>\n<p><iframe loading=\"lazy\" class=\"wp-embedded-content\" title=\"\u00abBarrio La Esmeralda recibi\u00f3 ayudas humanitarias para paliar efectos del invierno\u00bb \u2014 \u25b7 Noticias de Casanare : Martha Cifuentes | Casanare\" src=\"https:\/\/marthacifuentes.com\/portada\/2025\/03\/20\/barrio-la-esmeralda-recibio-ayudas-humanitarias-para-paliar-efectos-del-invierno\/embed\/#?secret=g2qMJKBBmf#?secret=jIVEFuf2eC\" width=\"600\" height=\"622\" frameborder=\"0\" marginwidth=\"0\" marginheight=\"0\" scrolling=\"no\" sandbox=\"allow-scripts\" data-secret=\"jIVEFuf2eC\" data-mce-fragment=\"1\"><\/iframe><\/p>\n","protected":false},"excerpt":{"rendered":"<p>\u201cLa retenci\u00f3n fue violenta, dura y tensa al quedar en meo de dos grupos armados. Estamos vivos de milagro. Fue muy duro haber pasado por esta terrible prueba, pero gracias a Dios, la Virgen de Manare y la gesti\u00f3n de las autoridades podemos cele brar el regreso a la libertad\u201d, as\u00ed se expres\u00f3 el ganadero &hellip;<\/p>\n","protected":false},"author":2,"featured_media":35051,"comment_status":"open","ping_status":"open","sticky":false,"template":"","format":"standard","meta":{"om_disable_all_campaigns":false,"_exactmetrics_skip_tracking":false,"_exactmetrics_sitenote_active":false,"_exactmetrics_sitenote_note":"","_exactmetrics_sitenote_category":0,"_monsterinsights_skip_tracking":false,"_monsterinsights_sitenote_active":false,"_monsterinsights_sitenote_note":"","_monsterinsights_sitenote_category":0,"_uf_show_specific_survey":0,"_uf_disable_surveys":false,"_joinchat":[],"footnotes":""},"categories":[147,146,145],"tags":[12156,12153,12146,6239,12149,497,12150,154,195,1285,6102,12154,12161,8411,12159,12160,12155,12152,3701,1193,6161,205,12147,10372,874,12145,1014,717,12148,12157,12143,1881,12158,11494,12144,12151,12142,764,313],"class_list":["post-35050","post","type-post","status-publish","format-standard","has-post-thumbnail","hentry","category-actualidad","category-noticias","category-reportajes","tag-agroindustriales","tag-alerta-temprana-023","tag-alias-pescado","tag-antonio-medina","tag-antonio-salamanca-peroza","tag-arauca","tag-campamentos","tag-casanare","tag-centro-democratico","tag-cesar-ortiz-zorro","tag-clan-del-golfo","tag-comerciantes","tag-comunicado-eln","tag-conflicto-armado","tag-conflicto-territorial","tag-contradicciones-eln","tag-contratistas","tag-crisis-humanitaria","tag-defensoria-del-pueblo","tag-denuncias","tag-disidencias-de-las-farc","tag-eln","tag-emiliano-cristancho","tag-extorsion","tag-frente-28","tag-frente-de-guerra-oriental","tag-ganaderos","tag-gaula","tag-hermanos-barrera-sandoval","tag-iglesia-catolica","tag-liberacion","tag-martin-llanos","tag-organizaciones-internacionales","tag-proteccion","tag-puerto-rondon","tag-reten","tag-secuestrados","tag-transporte","tag-violencia"],"yoast_head":"<!-- This site is optimized with the Yoast SEO plugin v26.1 - https:\/\/yoast.com\/wordpress\/plugins\/seo\/ -->\n<title>Tras libertad de 5 casanare\u00f1os secuestrados en Arauca emerge cruda realidad: denunciar en vano, pagar extorsiones o sufrir plagio - \u25b7 Noticias de Casanare : Martha Cifuentes | Casanare<\/title>\n<meta name=\"robots\" content=\"index, follow, max-snippet:-1, max-image-preview:large, max-video-preview:-1\" \/>\n<link rel=\"canonical\" href=\"https:\/\/marthacifuentes.com\/portada\/tras-libertad-de-5-casanarenos-secuestrados-en-arauca-emerge-cruda-realidad-denunciar-en-vano-pagar-extorsiones-o-sufrir-plagio\/\" \/>\n<meta property=\"og:locale\" content=\"es_ES\" \/>\n<meta property=\"og:type\" content=\"article\" \/>\n<meta property=\"og:title\" content=\"Tras libertad de 5 casanare\u00f1os secuestrados en Arauca emerge cruda realidad: denunciar en vano, pagar extorsiones o sufrir plagio - \u25b7 Noticias de Casanare : Martha Cifuentes | Casanare\" \/>\n<meta property=\"og:description\" content=\"\u201cLa retenci\u00f3n fue violenta, dura y tensa al quedar en meo de dos grupos armados. Estamos vivos de milagro. Fue muy duro haber pasado por esta terrible prueba, pero gracias a Dios, la Virgen de Manare y la gesti\u00f3n de las autoridades podemos cele brar el regreso a la libertad\u201d, as\u00ed se expres\u00f3 el ganadero &hellip;\" \/>\n<meta property=\"og:url\" content=\"https:\/\/marthacifuentes.com\/portada\/tras-libertad-de-5-casanarenos-secuestrados-en-arauca-emerge-cruda-realidad-denunciar-en-vano-pagar-extorsiones-o-sufrir-plagio\/\" \/>\n<meta property=\"og:site_name\" content=\"\u25b7 Noticias de Casanare : Martha Cifuentes | Casanare\" \/>\n<meta property=\"article:published_time\" content=\"2025-04-07T16:00:24+00:00\" \/>\n<meta property=\"article:modified_time\" content=\"2025-04-07T16:04:19+00:00\" \/>\n<meta property=\"og:image\" content=\"https:\/\/marthacifuentes.com\/portada\/wp-content\/uploads\/2025\/04\/FOTO-PORTADA-LIBERACION-SECUESTRADOS-1024x477.png\" \/>\n\t<meta property=\"og:image:width\" content=\"1024\" \/>\n\t<meta property=\"og:image:height\" content=\"477\" \/>\n\t<meta property=\"og:image:type\" content=\"image\/png\" \/>\n<meta name=\"author\" content=\"Martha Cifuentes\" \/>\n<meta name=\"twitter:card\" content=\"summary_large_image\" \/>\n<meta name=\"twitter:label1\" content=\"Escrito por\" \/>\n\t<meta name=\"twitter:data1\" content=\"Martha Cifuentes\" \/>\n\t<meta name=\"twitter:label2\" content=\"Tiempo de lectura\" \/>\n\t<meta name=\"twitter:data2\" content=\"4 minutos\" \/>\n<script type=\"application\/ld+json\" class=\"yoast-schema-graph\">{\"@context\":\"https:\/\/schema.org\",\"@graph\":[{\"@type\":\"WebPage\",\"@id\":\"https:\/\/marthacifuentes.com\/portada\/tras-libertad-de-5-casanarenos-secuestrados-en-arauca-emerge-cruda-realidad-denunciar-en-vano-pagar-extorsiones-o-sufrir-plagio\/\",\"url\":\"https:\/\/marthacifuentes.com\/portada\/tras-libertad-de-5-casanarenos-secuestrados-en-arauca-emerge-cruda-realidad-denunciar-en-vano-pagar-extorsiones-o-sufrir-plagio\/\",\"name\":\"Tras libertad de 5 casanare\u00f1os secuestrados en Arauca emerge cruda realidad: denunciar en vano, pagar extorsiones o sufrir plagio - \u25b7 Noticias de Casanare : Martha Cifuentes | Casanare\",\"isPartOf\":{\"@id\":\"https:\/\/marthacifuentes.com\/portada\/#website\"},\"primaryImageOfPage\":{\"@id\":\"https:\/\/marthacifuentes.com\/portada\/tras-libertad-de-5-casanarenos-secuestrados-en-arauca-emerge-cruda-realidad-denunciar-en-vano-pagar-extorsiones-o-sufrir-plagio\/#primaryimage\"},\"image\":{\"@id\":\"https:\/\/marthacifuentes.com\/portada\/tras-libertad-de-5-casanarenos-secuestrados-en-arauca-emerge-cruda-realidad-denunciar-en-vano-pagar-extorsiones-o-sufrir-plagio\/#primaryimage\"},\"thumbnailUrl\":\"https:\/\/marthacifuentes.com\/portada\/wp-content\/uploads\/2025\/04\/FOTO-PORTADA-LIBERACION-SECUESTRADOS.png\",\"datePublished\":\"2025-04-07T16:00:24+00:00\",\"dateModified\":\"2025-04-07T16:04:19+00:00\",\"author\":{\"@id\":\"https:\/\/marthacifuentes.com\/portada\/#\/schema\/person\/57f53174b991db5f90ff78d58502b714\"},\"breadcrumb\":{\"@id\":\"https:\/\/marthacifuentes.com\/portada\/tras-libertad-de-5-casanarenos-secuestrados-en-arauca-emerge-cruda-realidad-denunciar-en-vano-pagar-extorsiones-o-sufrir-plagio\/#breadcrumb\"},\"inLanguage\":\"es\",\"potentialAction\":[{\"@type\":\"ReadAction\",\"target\":[\"https:\/\/marthacifuentes.com\/portada\/tras-libertad-de-5-casanarenos-secuestrados-en-arauca-emerge-cruda-realidad-denunciar-en-vano-pagar-extorsiones-o-sufrir-plagio\/\"]}]},{\"@type\":\"ImageObject\",\"inLanguage\":\"es\",\"@id\":\"https:\/\/marthacifuentes.com\/portada\/tras-libertad-de-5-casanarenos-secuestrados-en-arauca-emerge-cruda-realidad-denunciar-en-vano-pagar-extorsiones-o-sufrir-plagio\/#primaryimage\",\"url\":\"https:\/\/marthacifuentes.com\/portada\/wp-content\/uploads\/2025\/04\/FOTO-PORTADA-LIBERACION-SECUESTRADOS.png\",\"contentUrl\":\"https:\/\/marthacifuentes.com\/portada\/wp-content\/uploads\/2025\/04\/FOTO-PORTADA-LIBERACION-SECUESTRADOS.png\",\"width\":1867,\"height\":869},{\"@type\":\"BreadcrumbList\",\"@id\":\"https:\/\/marthacifuentes.com\/portada\/tras-libertad-de-5-casanarenos-secuestrados-en-arauca-emerge-cruda-realidad-denunciar-en-vano-pagar-extorsiones-o-sufrir-plagio\/#breadcrumb\",\"itemListElement\":[{\"@type\":\"ListItem\",\"position\":1,\"name\":\"Portada\",\"item\":\"https:\/\/marthacifuentes.com\/portada\/\"},{\"@type\":\"ListItem\",\"position\":2,\"name\":\"Tras libertad de 5 casanare\u00f1os secuestrados en Arauca emerge cruda realidad: denunciar en vano, pagar extorsiones o sufrir plagio\"}]},{\"@type\":\"WebSite\",\"@id\":\"https:\/\/marthacifuentes.com\/portada\/#website\",\"url\":\"https:\/\/marthacifuentes.com\/portada\/\",\"name\":\"\u25b7 Noticias de Casanare : Martha Cifuentes | Casanare\",\"description\":\"Noticias &amp; Contenidos\",\"potentialAction\":[{\"@type\":\"SearchAction\",\"target\":{\"@type\":\"EntryPoint\",\"urlTemplate\":\"https:\/\/marthacifuentes.com\/portada\/?s={search_term_string}\"},\"query-input\":{\"@type\":\"PropertyValueSpecification\",\"valueRequired\":true,\"valueName\":\"search_term_string\"}}],\"inLanguage\":\"es\"},{\"@type\":\"Person\",\"@id\":\"https:\/\/marthacifuentes.com\/portada\/#\/schema\/person\/57f53174b991db5f90ff78d58502b714\",\"name\":\"Martha Cifuentes\",\"image\":{\"@type\":\"ImageObject\",\"inLanguage\":\"es\",\"@id\":\"https:\/\/marthacifuentes.com\/portada\/#\/schema\/person\/image\/\",\"url\":\"http:\/\/marthacifuentes.com\/portada\/wp-content\/uploads\/2018\/06\/avatar_user_2_1528838701-96x96.jpg\",\"contentUrl\":\"http:\/\/marthacifuentes.com\/portada\/wp-content\/uploads\/2018\/06\/avatar_user_2_1528838701-96x96.jpg\",\"caption\":\"Martha Cifuentes\"},\"sameAs\":[\"http:\/\/www.marthacifuentes.com\"],\"url\":\"https:\/\/marthacifuentes.com\/portada\/author\/martha\/\"}]}<\/script>\n<!-- \/ Yoast SEO plugin. -->","yoast_head_json":{"title":"Tras libertad de 5 casanare\u00f1os secuestrados en Arauca emerge cruda realidad: denunciar en vano, pagar extorsiones o sufrir plagio - \u25b7 Noticias de Casanare : Martha Cifuentes | Casanare","robots":{"index":"index","follow":"follow","max-snippet":"max-snippet:-1","max-image-preview":"max-image-preview:large","max-video-preview":"max-video-preview:-1"},"canonical":"https:\/\/marthacifuentes.com\/portada\/tras-libertad-de-5-casanarenos-secuestrados-en-arauca-emerge-cruda-realidad-denunciar-en-vano-pagar-extorsiones-o-sufrir-plagio\/","og_locale":"es_ES","og_type":"article","og_title":"Tras libertad de 5 casanare\u00f1os secuestrados en Arauca emerge cruda realidad: denunciar en vano, pagar extorsiones o sufrir plagio - \u25b7 Noticias de Casanare : Martha Cifuentes | Casanare","og_description":"\u201cLa retenci\u00f3n fue violenta, dura y tensa al quedar en meo de dos grupos armados. Estamos vivos de milagro. Fue muy duro haber pasado por esta terrible prueba, pero gracias a Dios, la Virgen de Manare y la gesti\u00f3n de las autoridades podemos cele brar el regreso a la libertad\u201d, as\u00ed se expres\u00f3 el ganadero &hellip;","og_url":"https:\/\/marthacifuentes.com\/portada\/tras-libertad-de-5-casanarenos-secuestrados-en-arauca-emerge-cruda-realidad-denunciar-en-vano-pagar-extorsiones-o-sufrir-plagio\/","og_site_name":"\u25b7 Noticias de Casanare : Martha Cifuentes | Casanare","article_published_time":"2025-04-07T16:00:24+00:00","article_modified_time":"2025-04-07T16:04:19+00:00","og_image":[{"width":1024,"height":477,"url":"https:\/\/marthacifuentes.com\/portada\/wp-content\/uploads\/2025\/04\/FOTO-PORTADA-LIBERACION-SECUESTRADOS-1024x477.png","type":"image\/png"}],"author":"Martha Cifuentes","twitter_card":"summary_large_image","twitter_misc":{"Escrito por":"Martha Cifuentes","Tiempo de lectura":"4 minutos"},"schema":{"@context":"https:\/\/schema.org","@graph":[{"@type":"WebPage","@id":"https:\/\/marthacifuentes.com\/portada\/tras-libertad-de-5-casanarenos-secuestrados-en-arauca-emerge-cruda-realidad-denunciar-en-vano-pagar-extorsiones-o-sufrir-plagio\/","url":"https:\/\/marthacifuentes.com\/portada\/tras-libertad-de-5-casanarenos-secuestrados-en-arauca-emerge-cruda-realidad-denunciar-en-vano-pagar-extorsiones-o-sufrir-plagio\/","name":"Tras libertad de 5 casanare\u00f1os secuestrados en Arauca emerge cruda realidad: denunciar en vano, pagar extorsiones o sufrir plagio - \u25b7 Noticias de Casanare : Martha Cifuentes | Casanare","isPartOf":{"@id":"https:\/\/marthacifuentes.com\/portada\/#website"},"primaryImageOfPage":{"@id":"https:\/\/marthacifuentes.com\/portada\/tras-libertad-de-5-casanarenos-secuestrados-en-arauca-emerge-cruda-realidad-denunciar-en-vano-pagar-extorsiones-o-sufrir-plagio\/#primaryimage"},"image":{"@id":"https:\/\/marthacifuentes.com\/portada\/tras-libertad-de-5-casanarenos-secuestrados-en-arauca-emerge-cruda-realidad-denunciar-en-vano-pagar-extorsiones-o-sufrir-plagio\/#primaryimage"},"thumbnailUrl":"https:\/\/marthacifuentes.com\/portada\/wp-content\/uploads\/2025\/04\/FOTO-PORTADA-LIBERACION-SECUESTRADOS.png","datePublished":"2025-04-07T16:00:24+00:00","dateModified":"2025-04-07T16:04:19+00:00","author":{"@id":"https:\/\/marthacifuentes.com\/portada\/#\/schema\/person\/57f53174b991db5f90ff78d58502b714"},"breadcrumb":{"@id":"https:\/\/marthacifuentes.com\/portada\/tras-libertad-de-5-casanarenos-secuestrados-en-arauca-emerge-cruda-realidad-denunciar-en-vano-pagar-extorsiones-o-sufrir-plagio\/#breadcrumb"},"inLanguage":"es","potentialAction":[{"@type":"ReadAction","target":["https:\/\/marthacifuentes.com\/portada\/tras-libertad-de-5-casanarenos-secuestrados-en-arauca-emerge-cruda-realidad-denunciar-en-vano-pagar-extorsiones-o-sufrir-plagio\/"]}]},{"@type":"ImageObject","inLanguage":"es","@id":"https:\/\/marthacifuentes.com\/portada\/tras-libertad-de-5-casanarenos-secuestrados-en-arauca-emerge-cruda-realidad-denunciar-en-vano-pagar-extorsiones-o-sufrir-plagio\/#primaryimage","url":"https:\/\/marthacifuentes.com\/portada\/wp-content\/uploads\/2025\/04\/FOTO-PORTADA-LIBERACION-SECUESTRADOS.png","contentUrl":"https:\/\/marthacifuentes.com\/portada\/wp-content\/uploads\/2025\/04\/FOTO-PORTADA-LIBERACION-SECUESTRADOS.png","width":1867,"height":869},{"@type":"BreadcrumbList","@id":"https:\/\/marthacifuentes.com\/portada\/tras-libertad-de-5-casanarenos-secuestrados-en-arauca-emerge-cruda-realidad-denunciar-en-vano-pagar-extorsiones-o-sufrir-plagio\/#breadcrumb","itemListElement":[{"@type":"ListItem","position":1,"name":"Portada","item":"https:\/\/marthacifuentes.com\/portada\/"},{"@type":"ListItem","position":2,"name":"Tras libertad de 5 casanare\u00f1os secuestrados en Arauca emerge cruda realidad: denunciar en vano, pagar extorsiones o sufrir plagio"}]},{"@type":"WebSite","@id":"https:\/\/marthacifuentes.com\/portada\/#website","url":"https:\/\/marthacifuentes.com\/portada\/","name":"\u25b7 Noticias de Casanare : Martha Cifuentes | Casanare","description":"Noticias &amp; Contenidos","potentialAction":[{"@type":"SearchAction","target":{"@type":"EntryPoint","urlTemplate":"https:\/\/marthacifuentes.com\/portada\/?s={search_term_string}"},"query-input":{"@type":"PropertyValueSpecification","valueRequired":true,"valueName":"search_term_string"}}],"inLanguage":"es"},{"@type":"Person","@id":"https:\/\/marthacifuentes.com\/portada\/#\/schema\/person\/57f53174b991db5f90ff78d58502b714","name":"Martha Cifuentes","image":{"@type":"ImageObject","inLanguage":"es","@id":"https:\/\/marthacifuentes.com\/portada\/#\/schema\/person\/image\/","url":"http:\/\/marthacifuentes.com\/portada\/wp-content\/uploads\/2018\/06\/avatar_user_2_1528838701-96x96.jpg","contentUrl":"http:\/\/marthacifuentes.com\/portada\/wp-content\/uploads\/2018\/06\/avatar_user_2_1528838701-96x96.jpg","caption":"Martha Cifuentes"},"sameAs":["http:\/\/www.marthacifuentes.com"],"url":"https:\/\/marthacifuentes.com\/portada\/author\/martha\/"}]}},"_links":{"self":[{"href":"https:\/\/marthacifuentes.com\/portada\/wp-json\/wp\/v2\/posts\/35050","targetHints":{"allow":["GET"]}}],"collection":[{"href":"https:\/\/marthacifuentes.com\/portada\/wp-json\/wp\/v2\/posts"}],"about":[{"href":"https:\/\/marthacifuentes.com\/portada\/wp-json\/wp\/v2\/types\/post"}],"author":[{"embeddable":true,"href":"https:\/\/marthacifuentes.com\/portada\/wp-json\/wp\/v2\/users\/2"}],"replies":[{"embeddable":true,"href":"https:\/\/marthacifuentes.com\/portada\/wp-json\/wp\/v2\/comments?post=35050"}],"version-history":[{"count":4,"href":"https:\/\/marthacifuentes.com\/portada\/wp-json\/wp\/v2\/posts\/35050\/revisions"}],"predecessor-version":[{"id":35056,"href":"https:\/\/marthacifuentes.com\/portada\/wp-json\/wp\/v2\/posts\/35050\/revisions\/35056"}],"wp:featuredmedia":[{"embeddable":true,"href":"https:\/\/marthacifuentes.com\/portada\/wp-json\/wp\/v2\/media\/35051"}],"wp:attachment":[{"href":"https:\/\/marthacifuentes.com\/portada\/wp-json\/wp\/v2\/media?parent=35050"}],"wp:term":[{"taxonomy":"category","embeddable":true,"href":"https:\/\/marthacifuentes.com\/portada\/wp-json\/wp\/v2\/categories?post=35050"},{"taxonomy":"post_tag","embeddable":true,"href":"https:\/\/marthacifuentes.com\/portada\/wp-json\/wp\/v2\/tags?post=35050"}],"curies":[{"name":"wp","href":"https:\/\/api.w.org\/{rel}","templated":true}]}}