{"id":35098,"date":"2025-04-10T15:32:28","date_gmt":"2025-04-10T20:32:28","guid":{"rendered":"https:\/\/marthacifuentes.com\/portada\/?p=35098"},"modified":"2025-04-10T15:40:40","modified_gmt":"2025-04-10T20:40:40","slug":"asamblea-de-casanare-debatira-supresion-de-cargo-administrativo-y-afectada-interpone-tutela-por-derecho-al-trabajo","status":"publish","type":"post","link":"https:\/\/marthacifuentes.com\/portada\/asamblea-de-casanare-debatira-supresion-de-cargo-administrativo-y-afectada-interpone-tutela-por-derecho-al-trabajo\/","title":{"rendered":"Asamblea de Casanare debatir\u00e1 supresi\u00f3n de cargo administrativo y afectada interpone tutela por derecho al trabajo"},"content":{"rendered":"<p>En un hecho que ha generado controversia en la Asamblea Departamental de Casanare, el diputado\u00a0<strong>Heyder Alexander Silva Garc\u00eda<\/strong>\u00a0denunci\u00f3 \u2014mediante un derecho de petici\u00f3n dirigido a la Mesa Directiva\u2014 presuntas irregularidades en el tr\u00e1mite del\u00a0<strong>Proyecto de Ordenanza N.\u00ba 002 de 2025<\/strong>, que propone modificar la planta de personal de la Corporaci\u00f3n y ser\u00e1 votado hoy en segundo debate.<\/p>\n<p>Tras lo que aparenta ser un <strong>simple ajuste administrativo<\/strong>, se esconde un caso que podr\u00eda configurar un\u00a0<strong>abuso de poder<\/strong>: la eliminaci\u00f3n del cargo de la contadora\u00a0<strong>Martha Alexandra Santos Ben\u00edtez<\/strong>, nombrada legalmente a finales de 2024, para crear un puesto id\u00e9ntico, pero con\u00a0<strong>menor rango salarial<\/strong>.<\/p>\n<p>En los \u00faltimos minutos se conoci\u00f3 que la afectada instaur\u00f3 una acci\u00f3n de tutela contra la mesa directiva de la Asamblea, buscando defender su trabajo y frenar la aprobaci\u00f3n de la supresi\u00f3n de su cargo.<\/p>\n<p>&nbsp;<\/p>\n<h4><strong>\u00bfEstudio sin sustento t\u00e9cnico?<\/strong><\/h4>\n<p>Seg\u00fan el derecho de petici\u00f3n \u2014a\u00fan sin respuesta\u2014, el estudio que respalda la reforma\u00a0<strong>no fue elaborado por una consultor\u00eda especializada<\/strong>\u00a0(como en reestructuraciones anteriores), sino por el\u00a0<strong>secretario general de la Asamblea<\/strong>, un economista sin experiencia acreditada en redise\u00f1o institucional p\u00fablico. El diputado Silva afirma que esto viola los principios de\u00a0<strong>idoneidad t\u00e9cnica, objetividad y legalidad<\/strong>.<\/p>\n<p><em>\u201cNo se puede jugar con la estabilidad laboral de una funcionaria de planta ampar\u00e1ndose en informes sin sustento t\u00e9cnico ni jur\u00eddico. Menos cuando su nombramiento cumpl\u00eda un plan de mejoramiento exigido por la Contralor\u00eda Departamental\u201d<\/em>, advierte.<\/p>\n<p>Adem\u00e1s, se denunci\u00f3 que el\u00a0<strong>informe de liquidaci\u00f3n presupuestal de 2025<\/strong>, presentado por el mismo secretario,\u00a0<strong>no fue validado por la contadora titular<\/strong>, pese a ser ella la responsable de dichas funciones.<\/p>\n<p><img loading=\"lazy\" decoding=\"async\" class=\" wp-image-35099 aligncenter\" src=\"https:\/\/marthacifuentes.com\/portada\/wp-content\/uploads\/2025\/04\/derecho-de-peticion-1.png\" alt=\"\" width=\"474\" height=\"672\" srcset=\"https:\/\/marthacifuentes.com\/portada\/wp-content\/uploads\/2025\/04\/derecho-de-peticion-1.png 523w, https:\/\/marthacifuentes.com\/portada\/wp-content\/uploads\/2025\/04\/derecho-de-peticion-1-211x300.png 211w\" sizes=\"auto, (max-width: 474px) 100vw, 474px\" \/><\/p>\n<p>&nbsp;<\/p>\n<h4><strong>\u201cNo hay plata\u201d, pero contrataron a otra contadora<\/strong><\/h4>\n<p>Parad\u00f3jicamente, mientras se alega una\u00a0<strong>\u201ccrisis financiera\u201d<\/strong>\u00a0para suprimir el cargo, la Asamblea contrat\u00f3 a una\u00a0<strong>segunda contadora<\/strong>,\u00a0<strong>Nohora Durley Hern\u00e1ndez Torres<\/strong>, mediante el contrato\u00a0<strong>ADC-CPSP 002-2025<\/strong>. Silva cuestion\u00f3 esta discrepancia y solicit\u00f3:<\/p>\n<ul>\n<li>Los soportes t\u00e9cnicos del estudio.<\/li>\n<li>Las justificaciones jur\u00eddicas para eliminar el cargo.<\/li>\n<li>El pronunciamiento de la\u00a0<strong>Comisi\u00f3n Nacional del Servicio Civil<\/strong>.<\/li>\n<li>Copias del contrato con la contadora externa.<\/li>\n<\/ul>\n<p>Tambi\u00e9n interrog\u00f3 si se garantiz\u00f3 el\u00a0<strong>debido proceso<\/strong>\u00a0a la funcionaria afectada, quien \u2014presuntamente\u2014 no habr\u00eda sido notificada formalmente del proyecto.<\/p>\n<p><img loading=\"lazy\" decoding=\"async\" class=\"alignnone size-full wp-image-35100 aligncenter\" src=\"https:\/\/marthacifuentes.com\/portada\/wp-content\/uploads\/2025\/04\/derecho-de-peticion-2-.png\" alt=\"\" width=\"522\" height=\"730\" srcset=\"https:\/\/marthacifuentes.com\/portada\/wp-content\/uploads\/2025\/04\/derecho-de-peticion-2-.png 522w, https:\/\/marthacifuentes.com\/portada\/wp-content\/uploads\/2025\/04\/derecho-de-peticion-2--215x300.png 215w\" sizes=\"auto, (max-width: 522px) 100vw, 522px\" \/><\/p>\n<p>&nbsp;<\/p>\n<h4><strong>\u00bfEliminaci\u00f3n de cargos por intereses particulares?<\/strong><\/h4>\n<p>Silva se\u00f1al\u00f3 que estas pr\u00e1cticas\u00a0<strong>no son nuevas<\/strong>: el actual primer vicepresidente,\u00a0<strong>Jorge Eduardo Garc\u00eda<\/strong>, ya fue cuestionado en 2023 por casos similares.\u00a0<em>\u201cEs preocupante que se repitan acciones que vulneran la estabilidad laboral\u201d<\/em>, subray\u00f3.<\/p>\n<p>La coherencia de la reestructuraci\u00f3n tambi\u00e9n es dudosa: mientras se argumenta la necesidad de profesionales en\u00a0<strong>contadur\u00eda y derecho<\/strong>,\u00a0<strong>no se suprimen cargos de libre nombramiento<\/strong>, como el de una\u00a0<strong>psic\u00f3loga identificada como madrastra del diputado Garc\u00eda<\/strong>. Esto plantea si los criterios responden a\u00a0<strong>necesidades t\u00e9cnicas o a intereses personales<\/strong>.<\/p>\n<p>El derecho de petici\u00f3n expone lo que podr\u00eda ser un caso de\u00a0<strong>persecuci\u00f3n laboral institucionalizada<\/strong>, arbitrariedad y manipulaci\u00f3n administrativa.<\/p>\n<p>Silva aguarda las respuestas de la Mesa Directiva, mientras el\u00a0<strong>segundo debate del pol\u00e9mico proyecto<\/strong>\u00a0est\u00e1 fijado para hoy,\u00a0<strong>10 de abril, a las 4:00 p.m.<\/strong><\/p>\n<p>&nbsp;<\/p>\n<h4><strong>Diputados debaten mientras la contadora afectada est\u00e1 incapacitada<\/strong><\/h4>\n<p><strong>Alexandra Santos<\/strong>, la contadora afectada, se encuentra\u00a0<strong>enferma y con incapacidad m\u00e9dica<\/strong>, por estr\u00e9s asociado a haber sido pr\u00e1cticamente anulada de sus funciones. Ella no ha sido notificada oficialmente del proceso de ordenanza que se adelanta en la Duma.<\/p>\n<p>Pese a ello, la Mesa Directiva y la\u00a0<strong>Comisi\u00f3n IV de \u00c9tica<\/strong>\u00a0avanzaron en el primer debate el pasado\u00a0<strong>8 de abril a las 9:00 p.m.<\/strong><\/p>\n<p>El diputado y abogado\u00a0<strong>Alejandro L\u00f3pez<\/strong>\u00a0registr\u00f3 una constancia sobre las\u00a0<strong>inconsistencias<\/strong>\u00a0de esta nueva reestructuraci\u00f3n, pero las mayor\u00edas aprobaron el tr\u00e1mite. Argument\u00f3 que, de existir errores en la modificaci\u00f3n de 2024 (basada en un estudio t\u00e9cnico de 2023), la v\u00eda correcta\u00a0<strong>no es una ordenanza, sino la judicial<\/strong>, y anticip\u00f3\u00a0que habr\u00e1 <strong>demandas contra la Duma<\/strong>.<\/p>\n<p>&nbsp;<\/p>\n<h4><strong>La defensa del diputado Garc\u00eda<\/strong><\/h4>\n<p>El diputado\u00a0<strong>Jorge Eduardo Garc\u00eda<\/strong>\u00a0neg\u00f3 que el proyecto se basara en la consultor\u00eda de 2023, pues esta propon\u00eda una\u00a0<strong>escala salarial distinta<\/strong>\u00a0a la actual. Asegur\u00f3 que el entonces presidente\u00a0<strong>Heyder Silva<\/strong>\u00a0ignor\u00f3 el estudio y actu\u00f3 unilateralmente, generando perjuicios a la Asamblea.\u00a0<em>\u201cEsta ordenanza corrige una irregularidad de 2024\u201d<\/em>, declar\u00f3.<\/p>\n<p>Adem\u00e1s, afirm\u00f3 que la funcionaria est\u00e1 en\u00a0<strong>provisionalidad<\/strong>\u00a0y, al no tener derechos de carrera administrativa,\u00a0<strong>no recibir\u00e1 indemnizaci\u00f3n<\/strong>\u00a0al suprimirse su cargo.<\/p>\n<p>Queda en duda si la diputada\u00a0<strong>Marisela Duarte<\/strong>\u00a0\u2014coautora del proyecto\u2014 conoce las implicaciones de su voto:\u00a0<strong>dejar sin empleo a una profesional casanare\u00f1a<\/strong>.<\/p>\n<p>&nbsp;<\/p>\n<h4><strong>Contadora interpone acci\u00f3n de tutela contra mesa directiva<\/strong><\/h4>\n<p><strong>Martha Alexandra Santos Ben\u00edtez<\/strong>, la contadora cuyo cargo ser\u00eda suprimido por el\u00a0<em>Proyecto de Ordenanza 002 de 2025<\/em>,\u00a0<strong>interpuso hoy 10 de abril una acci\u00f3n de tutela<\/strong>\u00a0contra la Mesa Directiva de la Asamblea. En el documento, obtenido por este medio, la profesional detalla una serie de\u00a0<strong>irregularidades que configurar\u00edan un ataque sistem\u00e1tico a sus derechos fundamentales<\/strong>:<\/p>\n<ol start=\"1\">\n<li><strong>Usurpaci\u00f3n de funciones durante incapacidad m\u00e9dica<\/strong>: Revela que, mientras estaba incapacitada f\u00edsicamente, <strong>una contadora contratada por OPS (Nohora Durley Hern\u00e1ndez Torres) accedi\u00f3 sin autorizaci\u00f3n al software contable<\/strong> bajo su responsabilidad, realizando labores que exced\u00edan sus funciones.<\/li>\n<li><strong>Manipulaci\u00f3n de su correo institucional<\/strong>: Afirma que su cuenta de correo corporativa fue intervenida para <strong>ocultarle informaci\u00f3n clave<\/strong>\u00a0sobre el tr\u00e1mite de la ordenanza que afecta su empleo.<\/li>\n<li><strong>Vulneraci\u00f3n de derechos fundamentales<\/strong>: La tutela se\u00f1ala violaciones al <strong>derecho al trabajo digno, debido proceso, defensa, m\u00ednimo vital, igualdad y estabilidad laboral reforzada<\/strong> (esta \u00faltima por ser un cargo de carrera administrativa). <em>\u00abNo se me notific\u00f3 personalmente del proyecto, ni tuve oportunidad de controvertir las supuestas razones para eliminar mi puesto\u00bb<\/em>, sostiene.<\/li>\n<\/ol>\n<p><strong>Solicitudes urgentes<\/strong>: Pide a un juez <strong>suspender cautelarmente y en forma inmediata el tr\u00e1mite de la ordenanza<\/strong> hasta que se garantice su derecho a la defensa.<\/p>\n<p><img loading=\"lazy\" decoding=\"async\" class=\" wp-image-35103 aligncenter\" src=\"https:\/\/marthacifuentes.com\/portada\/wp-content\/uploads\/2025\/04\/tutela-martha-alexa-1.png\" alt=\"\" width=\"488\" height=\"453\" srcset=\"https:\/\/marthacifuentes.com\/portada\/wp-content\/uploads\/2025\/04\/tutela-martha-alexa-1.png 582w, https:\/\/marthacifuentes.com\/portada\/wp-content\/uploads\/2025\/04\/tutela-martha-alexa-1-300x278.png 300w\" sizes=\"auto, (max-width: 488px) 100vw, 488px\" \/><\/p>\n<p><img loading=\"lazy\" decoding=\"async\" class=\"wp-image-35102 aligncenter\" src=\"https:\/\/marthacifuentes.com\/portada\/wp-content\/uploads\/2025\/04\/tutela-martha-alexa.png\" alt=\"\" width=\"493\" height=\"598\" srcset=\"https:\/\/marthacifuentes.com\/portada\/wp-content\/uploads\/2025\/04\/tutela-martha-alexa.png 594w, https:\/\/marthacifuentes.com\/portada\/wp-content\/uploads\/2025\/04\/tutela-martha-alexa-248x300.png 248w\" sizes=\"auto, (max-width: 493px) 100vw, 493px\" \/><\/p>\n<p><strong>Sesi\u00f3n de la Asamblea Departamental del 8 de abril:<\/strong><\/p>\n<p><iframe loading=\"lazy\" style=\"border: none; overflow: hidden;\" src=\"https:\/\/www.facebook.com\/plugins\/video.php?height=314&amp;href=https%3A%2F%2Fwww.facebook.com%2FAsambleaDepartamentalDeCasanare%2Fvideos%2F680280774442165%2F&amp;show_text=false&amp;width=560&amp;t=0\" width=\"560\" height=\"314\" frameborder=\"0\" scrolling=\"no\" allowfullscreen=\"allowfullscreen\"><\/iframe><\/p>\n<h2><strong>Otras noticias&#8230;<\/strong><\/h2>\n<blockquote class=\"wp-embedded-content\" data-secret=\"SjxjMV3sSQ\"><p><a href=\"https:\/\/marthacifuentes.com\/portada\/2025\/04\/10\/en-semana-santa-en-yopal-se-prohibe-circulacion-nocturna-de-motos-para-evitar-siniestros-viales\/\">En Semana Santa: En Yopal se proh\u00edbe circulaci\u00f3n nocturna de motos para evitar siniestros viales<\/a><\/p><\/blockquote>\n<p><iframe loading=\"lazy\" class=\"wp-embedded-content\" sandbox=\"allow-scripts\" security=\"restricted\" style=\"position: absolute; clip: rect(1px, 1px, 1px, 1px);\" title=\"\u00abEn Semana Santa: En Yopal se proh\u00edbe circulaci\u00f3n nocturna de motos para evitar siniestros viales\u00bb \u2014 \u25b7 Noticias de Casanare : Martha Cifuentes | Casanare\" src=\"https:\/\/marthacifuentes.com\/portada\/2025\/04\/10\/en-semana-santa-en-yopal-se-prohibe-circulacion-nocturna-de-motos-para-evitar-siniestros-viales\/embed\/#?secret=Edf41qED4G#?secret=SjxjMV3sSQ\" data-secret=\"SjxjMV3sSQ\" width=\"500\" height=\"282\" frameborder=\"0\" marginwidth=\"0\" marginheight=\"0\" scrolling=\"no\"><\/iframe><\/p>\n<p><iframe loading=\"lazy\" class=\"wp-embedded-content\" title=\"\u00abConcejales de Trinidad se aferran a sus curules: Apelaron fallo de p\u00e9rdida de investidura\u00bb \u2014 \u25b7 Noticias de Casanare : Martha Cifuentes | Casanare\" src=\"https:\/\/marthacifuentes.com\/portada\/2025\/04\/09\/concejales-de-trinidad-se-aferran-a-sus-curules-apelaron-fallo-de-perdida-de-investidura\/embed\/#?secret=uC9NuALdb6#?secret=VUNnTaA6eL\" width=\"600\" height=\"621\" frameborder=\"0\" marginwidth=\"0\" marginheight=\"0\" scrolling=\"no\" sandbox=\"allow-scripts\" data-secret=\"VUNnTaA6eL\" data-mce-fragment=\"1\"><\/iframe><\/p>\n<p><iframe loading=\"lazy\" class=\"wp-embedded-content\" title=\"\u00abEAAAY aclara que no apel\u00f3 sentencia sobre contrato con SSYAM y pidi\u00f3 correcci\u00f3n al Tribunal\u00bb \u2014 \u25b7 Noticias de Casanare : Martha Cifuentes | Casanare\" src=\"https:\/\/marthacifuentes.com\/portada\/2025\/04\/08\/eaaay-aclara-que-no-apelo-sentencia-sobre-contrato-con-ssyam-y-pedira-correccion-al-tribunal\/embed\/#?secret=gV5cOPuHHw#?secret=gGCCZaww6E\" width=\"600\" height=\"620\" frameborder=\"0\" marginwidth=\"0\" marginheight=\"0\" scrolling=\"no\" sandbox=\"allow-scripts\" data-secret=\"gGCCZaww6E\" data-mce-fragment=\"1\"><\/iframe><\/p>\n<p><iframe loading=\"lazy\" class=\"wp-embedded-content\" title=\"\u00abB\u00fasqueda de desaparecidos en Tauramena: entre la esperanza y los desaf\u00edos\u00bb \u2014 \u25b7 Noticias de Casanare : Martha Cifuentes | Casanare\" src=\"https:\/\/marthacifuentes.com\/portada\/2025\/04\/08\/busqueda-de-desaparecidos-en-tauramena-entre-la-esperanza-y-los-desafios\/embed\/#?secret=v1wjexGsGl#?secret=3DklukVibP\" width=\"600\" height=\"621\" frameborder=\"0\" marginwidth=\"0\" marginheight=\"0\" scrolling=\"no\" sandbox=\"allow-scripts\" data-secret=\"3DklukVibP\" data-mce-fragment=\"1\"><\/iframe><\/p>\n<p><iframe loading=\"lazy\" class=\"wp-embedded-content\" title=\"\u00abLa EAAAY, intervenida por Superservicios, apel\u00f3 fallo que ordenaba suspender cuestionado contrato con SSYAM\u00bb \u2014 \u25b7 Noticias de Casanare : Martha Cifuentes | Casanare\" src=\"https:\/\/marthacifuentes.com\/portada\/2025\/04\/08\/la-eaaay-intervenida-por-superservicios-apelo-fallo-que-ordenaba-suspender-cuestionado-contrato-con-ssyam-2\/embed\/#?secret=LPPYddEejT#?secret=QeygEc8Rvf\" width=\"600\" height=\"649\" frameborder=\"0\" marginwidth=\"0\" marginheight=\"0\" scrolling=\"no\" sandbox=\"allow-scripts\" data-secret=\"QeygEc8Rvf\" data-mce-fragment=\"1\"><\/iframe><\/p>\n<p><iframe loading=\"lazy\" class=\"wp-embedded-content\" title=\"\u00abLa EAAAY, intervenida por Superservicios, apel\u00f3 fallo que ordenaba suspender cuestionado contrato con SSYAM\u00bb \u2014 \u25b7 Noticias de Casanare : Martha Cifuentes | Casanare\" src=\"https:\/\/marthacifuentes.com\/portada\/2025\/04\/07\/la-eaaay-intervenida-por-superservicios-apelo-fallo-que-ordenaba-suspender-cuestionado-contrato-con-ssyam\/embed\/#?secret=oWxmMd20hv#?secret=RXlqReKGVU\" width=\"600\" height=\"648\" frameborder=\"0\" marginwidth=\"0\" marginheight=\"0\" scrolling=\"no\" sandbox=\"allow-scripts\" data-secret=\"RXlqReKGVU\" data-mce-fragment=\"1\"><\/iframe><\/p>\n<p><iframe loading=\"lazy\" class=\"wp-embedded-content\" title=\"\u00abPara finales de abril, audiencia de p\u00e9rdida de investidura de diputada Marisela Duarte\u00bb \u2014 \u25b7 Noticias de Casanare : Martha Cifuentes | Casanare\" src=\"https:\/\/marthacifuentes.com\/portada\/2025\/04\/07\/para-finales-de-abril-audiencia-de-perdida-de-investidura-de-diputada-marisela-duarte\/embed\/#?secret=y4ON2yfeFv#?secret=V069hgdgFL\" width=\"600\" height=\"621\" frameborder=\"0\" marginwidth=\"0\" marginheight=\"0\" scrolling=\"no\" sandbox=\"allow-scripts\" data-secret=\"V069hgdgFL\" data-mce-fragment=\"1\"><\/iframe><\/p>\n<p><iframe loading=\"lazy\" class=\"wp-embedded-content\" title=\"\u00abTras libertad de 5 casanare\u00f1os secuestrados en Arauca emerge cruda realidad: denunciar en vano, pagar extorsiones o sufrir plagio\u00bb \u2014 \u25b7 Noticias de Casanare : Martha Cifuentes | Casanare\" src=\"https:\/\/marthacifuentes.com\/portada\/2025\/04\/07\/tras-libertad-de-5-casanarenos-secuestrados-en-arauca-emerge-cruda-realidad-denunciar-en-vano-pagar-extorsiones-o-sufrir-plagio\/embed\/#?secret=Yc2HhjXnxb#?secret=IGr5DngKcw\" width=\"600\" height=\"574\" frameborder=\"0\" marginwidth=\"0\" marginheight=\"0\" scrolling=\"no\" sandbox=\"allow-scripts\" data-secret=\"IGr5DngKcw\" data-mce-fragment=\"1\"><\/iframe><\/p>\n<p><iframe loading=\"lazy\" class=\"wp-embedded-content\" title=\"\u00abUna comerciante de Villanueva, Casanare y un ciudadano de Corozal, Sucre, las v\u00edctimas fatales de siniestro vial en Monterrey\u00bb \u2014 \u25b7 Noticias de Casanare : Martha Cifuentes | Casanare\" src=\"https:\/\/marthacifuentes.com\/portada\/2025\/04\/04\/una-comerciante-de-villanueva-casanare-y-un-ciudadano-de-corozal-sucre-las-victimas-fatales-de-siniestro-vial-en-monterrey\/embed\/#?secret=FuQBin8vg8#?secret=EGyFZa3erI\" width=\"600\" height=\"649\" frameborder=\"0\" marginwidth=\"0\" marginheight=\"0\" scrolling=\"no\" sandbox=\"allow-scripts\" data-secret=\"EGyFZa3erI\" data-mce-fragment=\"1\"><\/iframe><\/p>\n<p><iframe loading=\"lazy\" class=\"wp-embedded-content\" title=\"\u00abAlias \u2018Mart\u00edn llanos\u2019, ahora gestor de paz, pide liberaci\u00f3n de casanare\u00f1os secuestrados\u00bb \u2014 \u25b7 Noticias de Casanare : Martha Cifuentes | Casanare\" src=\"https:\/\/marthacifuentes.com\/portada\/2025\/04\/04\/alias-martin-llanos-ahora-gestor-de-paz-pide-liberacion-de-casanarenos-secuestrados\/embed\/#?secret=QUny4dkL79#?secret=RhqsxRgDwM\" width=\"600\" height=\"621\" frameborder=\"0\" marginwidth=\"0\" marginheight=\"0\" scrolling=\"no\" sandbox=\"allow-scripts\" data-secret=\"RhqsxRgDwM\" data-mce-fragment=\"1\"><\/iframe><\/p>\n<p><iframe loading=\"lazy\" class=\"wp-embedded-content\" title=\"\u00abC\u00e1mara de Comercio de Casanare presenta RUTA D: estrategia de apoyo para emprendedores\u00bb \u2014 \u25b7 Noticias de Casanare : Martha Cifuentes | Casanare\" src=\"https:\/\/marthacifuentes.com\/portada\/2025\/04\/04\/camara-de-comercio-de-casanare-presenta-ruta-d-estrategia-de-apoyo-para-emprendedores\/embed\/#?secret=SjCMWjr9q0#?secret=v9xSEe9Xyu\" width=\"600\" height=\"642\" frameborder=\"0\" marginwidth=\"0\" marginheight=\"0\" scrolling=\"no\" sandbox=\"allow-scripts\" data-secret=\"v9xSEe9Xyu\" data-mce-fragment=\"1\"><\/iframe><\/p>\n<p><iframe loading=\"lazy\" class=\"wp-embedded-content\" title=\"\u00ab\u00a1Debajo de la tierra y con 50 mil millones en droga! Ej\u00e9rcito le cae al Clan del Golfo en Orocu\u00e9\u00bb \u2014 \u25b7 Noticias de Casanare : Martha Cifuentes | Casanare\" src=\"https:\/\/marthacifuentes.com\/portada\/2025\/04\/04\/debajo-de-la-tierra-y-con-50-mil-millones-en-droga-ejercito-le-cae-al-clan-del-golfo-en-orocue\/embed\/#?secret=RdRIoT4hs0#?secret=y8FURjMhKm\" width=\"600\" height=\"574\" frameborder=\"0\" marginwidth=\"0\" marginheight=\"0\" scrolling=\"no\" sandbox=\"allow-scripts\" data-secret=\"y8FURjMhKm\" data-mce-fragment=\"1\"><\/iframe><\/p>\n<p><iframe loading=\"lazy\" class=\"wp-embedded-content\" title=\"\u00abELN admite secuestro de 5 ganaderos de Casanare: los acusa de colaborar con disidencias de las Farc y anuncia \u2018juicio\u2019 bajo sus reglas\u00bb \u2014 \u25b7 Noticias de Casanare : Martha Cifuentes | Casanare\" src=\"https:\/\/marthacifuentes.com\/portada\/2025\/04\/03\/eln-admite-secuestro-de-5-ganaderos-de-casanare-los-acusa-de-colaborar-con-disidencias-de-las-farc-y-anuncia-juicio-bajo-sus-reglas\/embed\/#?secret=tUTZ05kWKt#?secret=32Iz5Du9lQ\" width=\"600\" height=\"649\" frameborder=\"0\" marginwidth=\"0\" marginheight=\"0\" scrolling=\"no\" sandbox=\"allow-scripts\" data-secret=\"32Iz5Du9lQ\" data-mce-fragment=\"1\"><\/iframe><\/p>\n<p><iframe loading=\"lazy\" class=\"wp-embedded-content\" title=\"\u00abAdmitida acci\u00f3n popular contra actualizaci\u00f3n catastral de Yopal. Medida cautelar de suspensi\u00f3n qued\u00f3 pendiente.\u00bb \u2014 \u25b7 Noticias de Casanare : Martha Cifuentes | Casanare\" src=\"https:\/\/marthacifuentes.com\/portada\/2025\/04\/02\/admitida-accion-popular-contra-actualizacion-catastral-de-yopal-medida-cautelar-de-suspension-quedo-pendiente\/embed\/#?secret=6uuNwFoJwg#?secret=mi6TEwtJwp\" width=\"600\" height=\"587\" frameborder=\"0\" marginwidth=\"0\" marginheight=\"0\" scrolling=\"no\" sandbox=\"allow-scripts\" data-secret=\"mi6TEwtJwp\" data-mce-fragment=\"1\"><\/iframe><\/p>\n<p><iframe loading=\"lazy\" class=\"wp-embedded-content\" title=\"\u00abCon menores costos, Gobernaci\u00f3n de Casanare inicia pavimento de 14 km. de v\u00edas rurales en Paz de Ariporo\u00bb \u2014 \u25b7 Noticias de Casanare : Martha Cifuentes | Casanare\" src=\"https:\/\/marthacifuentes.com\/portada\/2025\/04\/01\/con-menores-costos-gobernacion-de-casanare-inicia-pavimento-de-14-km-de-vias-rurales-en-paz-de-ariporo\/embed\/#?secret=cYlG3KEeRO#?secret=UWjqhKCNIh\" width=\"600\" height=\"621\" frameborder=\"0\" marginwidth=\"0\" marginheight=\"0\" scrolling=\"no\" sandbox=\"allow-scripts\" data-secret=\"UWjqhKCNIh\" data-mce-fragment=\"1\"><\/iframe><\/p>\n<p><iframe loading=\"lazy\" class=\"wp-embedded-content\" title=\"\u00abEntre el miedo y la esperanza: familias exigen liberaci\u00f3n de cinco casanare\u00f1os secuestrados. Esto es lo que se sabe.\u00bb \u2014 \u25b7 Noticias de Casanare : Martha Cifuentes | Casanare\" src=\"https:\/\/marthacifuentes.com\/portada\/2025\/04\/01\/entre-el-miedo-y-la-esperanza-familias-exigen-liberacion-de-cinco-casanarenos-secuestrados-esto-es-lo-que-se-sabe\/embed\/#?secret=4AyVCbKCSt#?secret=9OF2mmT2xK\" width=\"600\" height=\"649\" frameborder=\"0\" marginwidth=\"0\" marginheight=\"0\" scrolling=\"no\" sandbox=\"allow-scripts\" data-secret=\"9OF2mmT2xK\" data-mce-fragment=\"1\"><\/iframe><\/p>\n<p><iframe loading=\"lazy\" class=\"wp-embedded-content\" title=\"\u00abSecuestro masivo en Paz de Ariporo, Casanare: Al menos 5 agricultores desaparecidos entre Tame y Arauca\u00bb \u2014 \u25b7 Noticias de Casanare : Martha Cifuentes | Casanare\" src=\"https:\/\/marthacifuentes.com\/portada\/2025\/03\/31\/secuestro-masivo-en-paz-de-ariporo-casanare-al-menos-5-agricultores-desaparecidos-entre-tame-y-arauca\/embed\/#?secret=6lt4fGnI6o#?secret=8ShYpGJp7G\" width=\"600\" height=\"649\" frameborder=\"0\" marginwidth=\"0\" marginheight=\"0\" scrolling=\"no\" sandbox=\"allow-scripts\" data-secret=\"8ShYpGJp7G\" data-mce-fragment=\"1\"><\/iframe><\/p>\n<p><iframe loading=\"lazy\" class=\"wp-embedded-content\" title=\"\u00abTribunal absuelve a exconcejal de Yopal Nelson Figueroa: \u201cNo hubo estafa, sino incumplimiento civil\u201d\u00bb \u2014 \u25b7 Noticias de Casanare : Martha Cifuentes | Casanare\" src=\"https:\/\/marthacifuentes.com\/portada\/2025\/03\/28\/tribunal-absuelve-a-exconcejal-de-yopal-nelson-figueroa-no-hubo-estafa-sino-incumplimiento-civil\/embed\/#?secret=Cpx7WnRQSx#?secret=v1w1LTG9Lr\" width=\"600\" height=\"621\" frameborder=\"0\" marginwidth=\"0\" marginheight=\"0\" scrolling=\"no\" sandbox=\"allow-scripts\" data-secret=\"v1w1LTG9Lr\" data-mce-fragment=\"1\"><\/iframe><\/p>\n<p><iframe loading=\"lazy\" class=\"wp-embedded-content\" title=\"\u00abFamilias damnificadas por invierno en veredas apartadas de Casanare reciben ayuda urgente\u00bb \u2014 \u25b7 Noticias de Casanare : Martha Cifuentes | Casanare\" src=\"https:\/\/marthacifuentes.com\/portada\/2025\/03\/27\/familias-damnificadas-por-invierno-en-veredas-apartadas-de-casanare-reciben-ayuda-urgente\/embed\/#?secret=YLsshj3uwt#?secret=ThxJdybUa9\" width=\"600\" height=\"620\" frameborder=\"0\" marginwidth=\"0\" marginheight=\"0\" scrolling=\"no\" sandbox=\"allow-scripts\" data-secret=\"ThxJdybUa9\" data-mce-fragment=\"1\"><\/iframe><\/p>\n<p><iframe loading=\"lazy\" class=\"wp-embedded-content\" title=\"\u00abLes cay\u00f3 la ley a \u2018Los Mexicanos\u2019, banda dedicada al robo de motos en Casanare y Guaviare\u00bb \u2014 \u25b7 Noticias de Casanare : Martha Cifuentes | Casanare\" src=\"https:\/\/marthacifuentes.com\/portada\/2025\/03\/27\/les-cayo-la-ley-a-los-mexicanos-banda-dedicada-al-robo-de-motos-en-casanare-y-guaviare\/embed\/#?secret=kr1BpT6wTb#?secret=16dP6puNyM\" width=\"600\" height=\"621\" frameborder=\"0\" marginwidth=\"0\" marginheight=\"0\" scrolling=\"no\" sandbox=\"allow-scripts\" data-secret=\"16dP6puNyM\" data-mce-fragment=\"1\"><\/iframe><\/p>\n<p><iframe loading=\"lazy\" class=\"wp-embedded-content\" title=\"\u00abCongresistas quieren acabar la guachafita de contrataci\u00f3n de regal\u00edas con Fondos Mixtos. Se radic\u00f3 proyecto de ley\u00bb \u2014 \u25b7 Noticias de Casanare : Martha Cifuentes | Casanare\" src=\"https:\/\/marthacifuentes.com\/portada\/2025\/03\/27\/congresistas-quieren-acabar-la-guachafita-de-contratacion-de-regalias-con-fondos-mixtos-se-radico-proyecto-de-ley\/embed\/#?secret=wKZpFAGYhJ#?secret=G2LkrBcRF1\" width=\"600\" height=\"628\" frameborder=\"0\" marginwidth=\"0\" marginheight=\"0\" scrolling=\"no\" sandbox=\"allow-scripts\" data-secret=\"G2LkrBcRF1\" data-mce-fragment=\"1\"><\/iframe><\/p>\n<p><iframe loading=\"lazy\" class=\"wp-embedded-content\" title=\"\u00abMagistrada decidir\u00e1 si avanza demanda contra pol\u00e9mica actualizaci\u00f3n catastral en Yopal\u00bb \u2014 \u25b7 Noticias de Casanare : Martha Cifuentes | Casanare\" src=\"https:\/\/marthacifuentes.com\/portada\/2025\/03\/26\/magistrada-decidira-si-avanza-demanda-contra-polemica-actualizacion-catastral-en-yopal\/embed\/#?secret=Jpny5t1vuD#?secret=ZwA1w4scO6\" width=\"600\" height=\"642\" frameborder=\"0\" marginwidth=\"0\" marginheight=\"0\" scrolling=\"no\" sandbox=\"allow-scripts\" data-secret=\"ZwA1w4scO6\" data-mce-fragment=\"1\"><\/iframe><\/p>\n<p><iframe loading=\"lazy\" class=\"wp-embedded-content\" title=\"\u00abAlcald\u00eda de Yopal no aplicar\u00e1, temporalmente, decreto que prohib\u00eda parqueo en \u2018Terminal Sat\u00e9lite\u2019 de Yopal\u00bb \u2014 \u25b7 Noticias de Casanare : Martha Cifuentes | Casanare\" src=\"https:\/\/marthacifuentes.com\/portada\/2025\/03\/26\/alcaldia-de-yopal-no-aplicara-temporalmente-decreto-que-prohibia-parqueo-en-terminal-satelite-de-yopal\/embed\/#?secret=m6tBaW5dKv#?secret=GoQ1kkXlOM\" width=\"600\" height=\"621\" frameborder=\"0\" marginwidth=\"0\" marginheight=\"0\" scrolling=\"no\" sandbox=\"allow-scripts\" data-secret=\"GoQ1kkXlOM\" data-mce-fragment=\"1\"><\/iframe><\/p>\n<p><iframe loading=\"lazy\" class=\"wp-embedded-content\" title=\"\u00abA m\u00e1s de 8.600 predios de Yopal se les liquid\u00f3 mal el impuesto predial en Alcald\u00eda. Desde el 10 de abril hay nuevas facturas.\u00bb \u2014 \u25b7 Noticias de Casanare : Martha Cifuentes | Casanare\" src=\"https:\/\/marthacifuentes.com\/portada\/2025\/03\/26\/a-mas-de-8-600-predios-de-yopal-se-les-liquido-mal-el-impuesto-predial-en-alcaldia-desde-el-10-de-abril-hay-nuevas-facturas\/embed\/#?secret=P1tp3iGjKN#?secret=FmaaCYYFso\" width=\"600\" height=\"649\" frameborder=\"0\" marginwidth=\"0\" marginheight=\"0\" scrolling=\"no\" sandbox=\"allow-scripts\" data-secret=\"FmaaCYYFso\" data-mce-fragment=\"1\"><\/iframe><\/p>\n<p><iframe loading=\"lazy\" class=\"wp-embedded-content\" title=\"\u00abCaso aberrante: Enviado a la c\u00e1rcel docente universitario en Yopal por abusar sexualmente de dos ni\u00f1as de 3 a\u00f1os y grabarlas\u00bb \u2014 \u25b7 Noticias de Casanare : Martha Cifuentes | Casanare\" src=\"https:\/\/marthacifuentes.com\/portada\/2025\/03\/25\/caso-aberrante-enviado-a-la-carcel-docente-universitario-en-yopal-por-abusar-sexualmente-de-dos-ninas-de-3-anos-y-grabarlas\/embed\/#?secret=3EZXoFRpzG#?secret=WLBsY7WUF9\" width=\"600\" height=\"646\" frameborder=\"0\" marginwidth=\"0\" marginheight=\"0\" scrolling=\"no\" sandbox=\"allow-scripts\" data-secret=\"WLBsY7WUF9\" data-mce-fragment=\"1\"><\/iframe><\/p>\n<p><iframe loading=\"lazy\" class=\"wp-embedded-content\" title=\"\u00abUsuarios de Capresoca en La Chaparrera, cuentan con punto de atenci\u00f3n en el CAPS\u00bb \u2014 \u25b7 Noticias de Casanare : Martha Cifuentes | Casanare\" src=\"https:\/\/marthacifuentes.com\/portada\/2025\/03\/25\/usuarios-de-capresoca-en-la-chaparrera-cuentan-con-punto-de-atencion-en-el-caps\/embed\/#?secret=Y2aHyYddB0#?secret=ts2q9ewRXn\" width=\"600\" height=\"621\" frameborder=\"0\" marginwidth=\"0\" marginheight=\"0\" scrolling=\"no\" sandbox=\"allow-scripts\" data-secret=\"ts2q9ewRXn\" data-mce-fragment=\"1\"><\/iframe><\/p>\n<p><iframe loading=\"lazy\" class=\"wp-embedded-content\" title=\"\u00abCapturan a catedr\u00e1tico de Unitr\u00f3pico por presunto acoso sexual en Yopal\u00bb \u2014 \u25b7 Noticias de Casanare : Martha Cifuentes | Casanare\" src=\"https:\/\/marthacifuentes.com\/portada\/2025\/03\/25\/capturan-a-catedratico-de-unitropico-por-presunto-acoso-sexual-en-yopal\/embed\/#?secret=DH7DDF8kdg#?secret=RpbyRyMUCk\" width=\"600\" height=\"621\" frameborder=\"0\" marginwidth=\"0\" marginheight=\"0\" scrolling=\"no\" sandbox=\"allow-scripts\" data-secret=\"RpbyRyMUCk\" data-mce-fragment=\"1\"><\/iframe><\/p>\n<p><iframe loading=\"lazy\" class=\"wp-embedded-content\" title=\"\u00abLa ruinosa v\u00eda La Vara-Soceagro, en Villanueva, ahora est\u00e1 como nueva.\u00bb \u2014 \u25b7 Noticias de Casanare : Martha Cifuentes | Casanare\" src=\"https:\/\/marthacifuentes.com\/portada\/2025\/03\/25\/la-ruinosa-via-la-vara-soceagro-en-villanueva-ahora-esta-como-nueva\/embed\/#?secret=K7wVlSRWLO#?secret=SeHPcEsnAA\" width=\"600\" height=\"620\" frameborder=\"0\" marginwidth=\"0\" marginheight=\"0\" scrolling=\"no\" sandbox=\"allow-scripts\" data-secret=\"SeHPcEsnAA\" data-mce-fragment=\"1\"><\/iframe><\/p>\n<p><iframe loading=\"lazy\" class=\"wp-embedded-content\" title=\"\u00ab22 casas quemadas, pero la Esperanza sigue en pie: As\u00ed respondi\u00f3 Yopal a la tragedia\u00bb \u2014 \u25b7 Noticias de Casanare : Martha Cifuentes | Casanare\" src=\"https:\/\/marthacifuentes.com\/portada\/2025\/03\/25\/22-casas-quemadas-pero-la-esperanza-sigue-en-pie-asi-respondio-yopal-a-la-tragedia\/embed\/#?secret=Z81zRszNWl#?secret=BY6VRVL8Ej\" width=\"600\" height=\"600\" frameborder=\"0\" marginwidth=\"0\" marginheight=\"0\" scrolling=\"no\" sandbox=\"allow-scripts\" data-secret=\"BY6VRVL8Ej\" data-mce-fragment=\"1\"><\/iframe><\/p>\n<p><iframe loading=\"lazy\" class=\"wp-embedded-content\" title=\"\u00abCasanare hierve en los \u00faltimos d\u00edas de verano pero se avecina temporada de lluvias\u00bb \u2014 \u25b7 Noticias de Casanare : Martha Cifuentes | Casanare\" src=\"https:\/\/marthacifuentes.com\/portada\/2025\/03\/25\/casanare-hierve-en-los-ultimos-dias-de-verano-pero-se-avecina-temporada-de-lluvias\/embed\/#?secret=RLIb180UEx#?secret=TdSIl2Gjw5\" width=\"600\" height=\"621\" frameborder=\"0\" marginwidth=\"0\" marginheight=\"0\" scrolling=\"no\" sandbox=\"allow-scripts\" data-secret=\"TdSIl2Gjw5\" data-mce-fragment=\"1\"><\/iframe><\/p>\n","protected":false},"excerpt":{"rendered":"<p>En un hecho que ha generado controversia en la Asamblea Departamental de Casanare, el diputado\u00a0Heyder Alexander Silva Garc\u00eda\u00a0denunci\u00f3 \u2014mediante un derecho de petici\u00f3n dirigido a la Mesa Directiva\u2014 presuntas irregularidades en el tr\u00e1mite del\u00a0Proyecto de Ordenanza N.\u00ba 002 de 2025, que propone modificar la planta de personal de la Corporaci\u00f3n y ser\u00e1 votado hoy en &hellip;<\/p>\n","protected":false},"author":2,"featured_media":35101,"comment_status":"open","ping_status":"open","sticky":false,"template":"","format":"standard","meta":{"om_disable_all_campaigns":false,"_exactmetrics_skip_tracking":false,"_exactmetrics_sitenote_active":false,"_exactmetrics_sitenote_note":"","_exactmetrics_sitenote_category":0,"_monsterinsights_skip_tracking":false,"_monsterinsights_sitenote_active":false,"_monsterinsights_sitenote_note":"","_monsterinsights_sitenote_category":0,"_uf_show_specific_survey":0,"_uf_disable_surveys":false,"_joinchat":[],"footnotes":""},"categories":[147,146,145],"tags":[12202,12200,5674,4081,1400,12201,12203],"class_list":["post-35098","post","type-post","status-publish","format-standard","has-post-thumbnail","hentry","category-actualidad","category-noticias","category-reportajes","tag-acoso-laboral","tag-heyder-alexander-silva-diputado","tag-jorge-eduardo-garcia-diputado","tag-noticias-asamblea-casanare","tag-noticias-casanare","tag-proyecto-de-ordenanza-modificacion-planta-de-personal-asamblea-casanare","tag-supresion-de-cargo-en-asamblea"],"yoast_head":"<!-- This site is optimized with the Yoast SEO plugin v26.1 - https:\/\/yoast.com\/wordpress\/plugins\/seo\/ -->\n<title>Asamblea de Casanare debatir\u00e1 supresi\u00f3n de cargo administrativo y afectada interpone tutela por derecho al trabajo - \u25b7 Noticias de Casanare : Martha Cifuentes | Casanare<\/title>\n<meta name=\"robots\" content=\"index, follow, max-snippet:-1, max-image-preview:large, max-video-preview:-1\" \/>\n<link rel=\"canonical\" href=\"https:\/\/marthacifuentes.com\/portada\/asamblea-de-casanare-debatira-supresion-de-cargo-administrativo-y-afectada-interpone-tutela-por-derecho-al-trabajo\/\" \/>\n<meta property=\"og:locale\" content=\"es_ES\" \/>\n<meta property=\"og:type\" content=\"article\" \/>\n<meta property=\"og:title\" content=\"Asamblea de Casanare debatir\u00e1 supresi\u00f3n de cargo administrativo y afectada interpone tutela por derecho al trabajo - \u25b7 Noticias de Casanare : Martha Cifuentes | Casanare\" \/>\n<meta property=\"og:description\" content=\"En un hecho que ha generado controversia en la Asamblea Departamental de Casanare, el diputado\u00a0Heyder Alexander Silva Garc\u00eda\u00a0denunci\u00f3 \u2014mediante un derecho de petici\u00f3n dirigido a la Mesa Directiva\u2014 presuntas irregularidades en el tr\u00e1mite del\u00a0Proyecto de Ordenanza N.\u00ba 002 de 2025, que propone modificar la planta de personal de la Corporaci\u00f3n y ser\u00e1 votado hoy en &hellip;\" \/>\n<meta property=\"og:url\" content=\"https:\/\/marthacifuentes.com\/portada\/asamblea-de-casanare-debatira-supresion-de-cargo-administrativo-y-afectada-interpone-tutela-por-derecho-al-trabajo\/\" \/>\n<meta property=\"og:site_name\" content=\"\u25b7 Noticias de Casanare : Martha Cifuentes | Casanare\" \/>\n<meta property=\"article:published_time\" content=\"2025-04-10T20:32:28+00:00\" \/>\n<meta property=\"article:modified_time\" content=\"2025-04-10T20:40:40+00:00\" \/>\n<meta property=\"og:image\" content=\"https:\/\/marthacifuentes.com\/portada\/wp-content\/uploads\/2025\/04\/WhatsApp-Image-2025-04-10-at-2.58.57-PM.jpeg\" \/>\n\t<meta property=\"og:image:width\" content=\"1080\" \/>\n\t<meta property=\"og:image:height\" content=\"738\" \/>\n\t<meta property=\"og:image:type\" content=\"image\/jpeg\" \/>\n<meta name=\"author\" content=\"Martha Cifuentes\" \/>\n<meta name=\"twitter:card\" content=\"summary_large_image\" \/>\n<meta name=\"twitter:label1\" content=\"Escrito por\" \/>\n\t<meta name=\"twitter:data1\" content=\"Martha Cifuentes\" \/>\n\t<meta name=\"twitter:label2\" content=\"Tiempo de lectura\" \/>\n\t<meta name=\"twitter:data2\" content=\"5 minutos\" \/>\n<script type=\"application\/ld+json\" class=\"yoast-schema-graph\">{\"@context\":\"https:\/\/schema.org\",\"@graph\":[{\"@type\":\"WebPage\",\"@id\":\"https:\/\/marthacifuentes.com\/portada\/asamblea-de-casanare-debatira-supresion-de-cargo-administrativo-y-afectada-interpone-tutela-por-derecho-al-trabajo\/\",\"url\":\"https:\/\/marthacifuentes.com\/portada\/asamblea-de-casanare-debatira-supresion-de-cargo-administrativo-y-afectada-interpone-tutela-por-derecho-al-trabajo\/\",\"name\":\"Asamblea de Casanare debatir\u00e1 supresi\u00f3n de cargo administrativo y afectada interpone tutela por derecho al trabajo - \u25b7 Noticias de Casanare : Martha Cifuentes | Casanare\",\"isPartOf\":{\"@id\":\"https:\/\/marthacifuentes.com\/portada\/#website\"},\"primaryImageOfPage\":{\"@id\":\"https:\/\/marthacifuentes.com\/portada\/asamblea-de-casanare-debatira-supresion-de-cargo-administrativo-y-afectada-interpone-tutela-por-derecho-al-trabajo\/#primaryimage\"},\"image\":{\"@id\":\"https:\/\/marthacifuentes.com\/portada\/asamblea-de-casanare-debatira-supresion-de-cargo-administrativo-y-afectada-interpone-tutela-por-derecho-al-trabajo\/#primaryimage\"},\"thumbnailUrl\":\"https:\/\/marthacifuentes.com\/portada\/wp-content\/uploads\/2025\/04\/WhatsApp-Image-2025-04-10-at-2.58.57-PM.jpeg\",\"datePublished\":\"2025-04-10T20:32:28+00:00\",\"dateModified\":\"2025-04-10T20:40:40+00:00\",\"author\":{\"@id\":\"https:\/\/marthacifuentes.com\/portada\/#\/schema\/person\/57f53174b991db5f90ff78d58502b714\"},\"breadcrumb\":{\"@id\":\"https:\/\/marthacifuentes.com\/portada\/asamblea-de-casanare-debatira-supresion-de-cargo-administrativo-y-afectada-interpone-tutela-por-derecho-al-trabajo\/#breadcrumb\"},\"inLanguage\":\"es\",\"potentialAction\":[{\"@type\":\"ReadAction\",\"target\":[\"https:\/\/marthacifuentes.com\/portada\/asamblea-de-casanare-debatira-supresion-de-cargo-administrativo-y-afectada-interpone-tutela-por-derecho-al-trabajo\/\"]}]},{\"@type\":\"ImageObject\",\"inLanguage\":\"es\",\"@id\":\"https:\/\/marthacifuentes.com\/portada\/asamblea-de-casanare-debatira-supresion-de-cargo-administrativo-y-afectada-interpone-tutela-por-derecho-al-trabajo\/#primaryimage\",\"url\":\"https:\/\/marthacifuentes.com\/portada\/wp-content\/uploads\/2025\/04\/WhatsApp-Image-2025-04-10-at-2.58.57-PM.jpeg\",\"contentUrl\":\"https:\/\/marthacifuentes.com\/portada\/wp-content\/uploads\/2025\/04\/WhatsApp-Image-2025-04-10-at-2.58.57-PM.jpeg\",\"width\":1080,\"height\":738},{\"@type\":\"BreadcrumbList\",\"@id\":\"https:\/\/marthacifuentes.com\/portada\/asamblea-de-casanare-debatira-supresion-de-cargo-administrativo-y-afectada-interpone-tutela-por-derecho-al-trabajo\/#breadcrumb\",\"itemListElement\":[{\"@type\":\"ListItem\",\"position\":1,\"name\":\"Portada\",\"item\":\"https:\/\/marthacifuentes.com\/portada\/\"},{\"@type\":\"ListItem\",\"position\":2,\"name\":\"Asamblea de Casanare debatir\u00e1 supresi\u00f3n de cargo administrativo y afectada interpone tutela por derecho al trabajo\"}]},{\"@type\":\"WebSite\",\"@id\":\"https:\/\/marthacifuentes.com\/portada\/#website\",\"url\":\"https:\/\/marthacifuentes.com\/portada\/\",\"name\":\"\u25b7 Noticias de Casanare : Martha Cifuentes | Casanare\",\"description\":\"Noticias &amp; Contenidos\",\"potentialAction\":[{\"@type\":\"SearchAction\",\"target\":{\"@type\":\"EntryPoint\",\"urlTemplate\":\"https:\/\/marthacifuentes.com\/portada\/?s={search_term_string}\"},\"query-input\":{\"@type\":\"PropertyValueSpecification\",\"valueRequired\":true,\"valueName\":\"search_term_string\"}}],\"inLanguage\":\"es\"},{\"@type\":\"Person\",\"@id\":\"https:\/\/marthacifuentes.com\/portada\/#\/schema\/person\/57f53174b991db5f90ff78d58502b714\",\"name\":\"Martha Cifuentes\",\"image\":{\"@type\":\"ImageObject\",\"inLanguage\":\"es\",\"@id\":\"https:\/\/marthacifuentes.com\/portada\/#\/schema\/person\/image\/\",\"url\":\"http:\/\/marthacifuentes.com\/portada\/wp-content\/uploads\/2018\/06\/avatar_user_2_1528838701-96x96.jpg\",\"contentUrl\":\"http:\/\/marthacifuentes.com\/portada\/wp-content\/uploads\/2018\/06\/avatar_user_2_1528838701-96x96.jpg\",\"caption\":\"Martha Cifuentes\"},\"sameAs\":[\"http:\/\/www.marthacifuentes.com\"],\"url\":\"https:\/\/marthacifuentes.com\/portada\/author\/martha\/\"}]}<\/script>\n<!-- \/ Yoast SEO plugin. -->","yoast_head_json":{"title":"Asamblea de Casanare debatir\u00e1 supresi\u00f3n de cargo administrativo y afectada interpone tutela por derecho al trabajo - \u25b7 Noticias de Casanare : Martha Cifuentes | Casanare","robots":{"index":"index","follow":"follow","max-snippet":"max-snippet:-1","max-image-preview":"max-image-preview:large","max-video-preview":"max-video-preview:-1"},"canonical":"https:\/\/marthacifuentes.com\/portada\/asamblea-de-casanare-debatira-supresion-de-cargo-administrativo-y-afectada-interpone-tutela-por-derecho-al-trabajo\/","og_locale":"es_ES","og_type":"article","og_title":"Asamblea de Casanare debatir\u00e1 supresi\u00f3n de cargo administrativo y afectada interpone tutela por derecho al trabajo - \u25b7 Noticias de Casanare : Martha Cifuentes | Casanare","og_description":"En un hecho que ha generado controversia en la Asamblea Departamental de Casanare, el diputado\u00a0Heyder Alexander Silva Garc\u00eda\u00a0denunci\u00f3 \u2014mediante un derecho de petici\u00f3n dirigido a la Mesa Directiva\u2014 presuntas irregularidades en el tr\u00e1mite del\u00a0Proyecto de Ordenanza N.\u00ba 002 de 2025, que propone modificar la planta de personal de la Corporaci\u00f3n y ser\u00e1 votado hoy en &hellip;","og_url":"https:\/\/marthacifuentes.com\/portada\/asamblea-de-casanare-debatira-supresion-de-cargo-administrativo-y-afectada-interpone-tutela-por-derecho-al-trabajo\/","og_site_name":"\u25b7 Noticias de Casanare : Martha Cifuentes | Casanare","article_published_time":"2025-04-10T20:32:28+00:00","article_modified_time":"2025-04-10T20:40:40+00:00","og_image":[{"width":1080,"height":738,"url":"https:\/\/marthacifuentes.com\/portada\/wp-content\/uploads\/2025\/04\/WhatsApp-Image-2025-04-10-at-2.58.57-PM.jpeg","type":"image\/jpeg"}],"author":"Martha Cifuentes","twitter_card":"summary_large_image","twitter_misc":{"Escrito por":"Martha Cifuentes","Tiempo de lectura":"5 minutos"},"schema":{"@context":"https:\/\/schema.org","@graph":[{"@type":"WebPage","@id":"https:\/\/marthacifuentes.com\/portada\/asamblea-de-casanare-debatira-supresion-de-cargo-administrativo-y-afectada-interpone-tutela-por-derecho-al-trabajo\/","url":"https:\/\/marthacifuentes.com\/portada\/asamblea-de-casanare-debatira-supresion-de-cargo-administrativo-y-afectada-interpone-tutela-por-derecho-al-trabajo\/","name":"Asamblea de Casanare debatir\u00e1 supresi\u00f3n de cargo administrativo y afectada interpone tutela por derecho al trabajo - \u25b7 Noticias de Casanare : Martha Cifuentes | Casanare","isPartOf":{"@id":"https:\/\/marthacifuentes.com\/portada\/#website"},"primaryImageOfPage":{"@id":"https:\/\/marthacifuentes.com\/portada\/asamblea-de-casanare-debatira-supresion-de-cargo-administrativo-y-afectada-interpone-tutela-por-derecho-al-trabajo\/#primaryimage"},"image":{"@id":"https:\/\/marthacifuentes.com\/portada\/asamblea-de-casanare-debatira-supresion-de-cargo-administrativo-y-afectada-interpone-tutela-por-derecho-al-trabajo\/#primaryimage"},"thumbnailUrl":"https:\/\/marthacifuentes.com\/portada\/wp-content\/uploads\/2025\/04\/WhatsApp-Image-2025-04-10-at-2.58.57-PM.jpeg","datePublished":"2025-04-10T20:32:28+00:00","dateModified":"2025-04-10T20:40:40+00:00","author":{"@id":"https:\/\/marthacifuentes.com\/portada\/#\/schema\/person\/57f53174b991db5f90ff78d58502b714"},"breadcrumb":{"@id":"https:\/\/marthacifuentes.com\/portada\/asamblea-de-casanare-debatira-supresion-de-cargo-administrativo-y-afectada-interpone-tutela-por-derecho-al-trabajo\/#breadcrumb"},"inLanguage":"es","potentialAction":[{"@type":"ReadAction","target":["https:\/\/marthacifuentes.com\/portada\/asamblea-de-casanare-debatira-supresion-de-cargo-administrativo-y-afectada-interpone-tutela-por-derecho-al-trabajo\/"]}]},{"@type":"ImageObject","inLanguage":"es","@id":"https:\/\/marthacifuentes.com\/portada\/asamblea-de-casanare-debatira-supresion-de-cargo-administrativo-y-afectada-interpone-tutela-por-derecho-al-trabajo\/#primaryimage","url":"https:\/\/marthacifuentes.com\/portada\/wp-content\/uploads\/2025\/04\/WhatsApp-Image-2025-04-10-at-2.58.57-PM.jpeg","contentUrl":"https:\/\/marthacifuentes.com\/portada\/wp-content\/uploads\/2025\/04\/WhatsApp-Image-2025-04-10-at-2.58.57-PM.jpeg","width":1080,"height":738},{"@type":"BreadcrumbList","@id":"https:\/\/marthacifuentes.com\/portada\/asamblea-de-casanare-debatira-supresion-de-cargo-administrativo-y-afectada-interpone-tutela-por-derecho-al-trabajo\/#breadcrumb","itemListElement":[{"@type":"ListItem","position":1,"name":"Portada","item":"https:\/\/marthacifuentes.com\/portada\/"},{"@type":"ListItem","position":2,"name":"Asamblea de Casanare debatir\u00e1 supresi\u00f3n de cargo administrativo y afectada interpone tutela por derecho al trabajo"}]},{"@type":"WebSite","@id":"https:\/\/marthacifuentes.com\/portada\/#website","url":"https:\/\/marthacifuentes.com\/portada\/","name":"\u25b7 Noticias de Casanare : Martha Cifuentes | Casanare","description":"Noticias &amp; Contenidos","potentialAction":[{"@type":"SearchAction","target":{"@type":"EntryPoint","urlTemplate":"https:\/\/marthacifuentes.com\/portada\/?s={search_term_string}"},"query-input":{"@type":"PropertyValueSpecification","valueRequired":true,"valueName":"search_term_string"}}],"inLanguage":"es"},{"@type":"Person","@id":"https:\/\/marthacifuentes.com\/portada\/#\/schema\/person\/57f53174b991db5f90ff78d58502b714","name":"Martha Cifuentes","image":{"@type":"ImageObject","inLanguage":"es","@id":"https:\/\/marthacifuentes.com\/portada\/#\/schema\/person\/image\/","url":"http:\/\/marthacifuentes.com\/portada\/wp-content\/uploads\/2018\/06\/avatar_user_2_1528838701-96x96.jpg","contentUrl":"http:\/\/marthacifuentes.com\/portada\/wp-content\/uploads\/2018\/06\/avatar_user_2_1528838701-96x96.jpg","caption":"Martha Cifuentes"},"sameAs":["http:\/\/www.marthacifuentes.com"],"url":"https:\/\/marthacifuentes.com\/portada\/author\/martha\/"}]}},"_links":{"self":[{"href":"https:\/\/marthacifuentes.com\/portada\/wp-json\/wp\/v2\/posts\/35098","targetHints":{"allow":["GET"]}}],"collection":[{"href":"https:\/\/marthacifuentes.com\/portada\/wp-json\/wp\/v2\/posts"}],"about":[{"href":"https:\/\/marthacifuentes.com\/portada\/wp-json\/wp\/v2\/types\/post"}],"author":[{"embeddable":true,"href":"https:\/\/marthacifuentes.com\/portada\/wp-json\/wp\/v2\/users\/2"}],"replies":[{"embeddable":true,"href":"https:\/\/marthacifuentes.com\/portada\/wp-json\/wp\/v2\/comments?post=35098"}],"version-history":[{"count":5,"href":"https:\/\/marthacifuentes.com\/portada\/wp-json\/wp\/v2\/posts\/35098\/revisions"}],"predecessor-version":[{"id":35108,"href":"https:\/\/marthacifuentes.com\/portada\/wp-json\/wp\/v2\/posts\/35098\/revisions\/35108"}],"wp:featuredmedia":[{"embeddable":true,"href":"https:\/\/marthacifuentes.com\/portada\/wp-json\/wp\/v2\/media\/35101"}],"wp:attachment":[{"href":"https:\/\/marthacifuentes.com\/portada\/wp-json\/wp\/v2\/media?parent=35098"}],"wp:term":[{"taxonomy":"category","embeddable":true,"href":"https:\/\/marthacifuentes.com\/portada\/wp-json\/wp\/v2\/categories?post=35098"},{"taxonomy":"post_tag","embeddable":true,"href":"https:\/\/marthacifuentes.com\/portada\/wp-json\/wp\/v2\/tags?post=35098"}],"curies":[{"name":"wp","href":"https:\/\/api.w.org\/{rel}","templated":true}]}}