{"id":35135,"date":"2025-04-21T10:15:32","date_gmt":"2025-04-21T15:15:32","guid":{"rendered":"https:\/\/marthacifuentes.com\/portada\/?p=35135"},"modified":"2025-04-21T10:15:32","modified_gmt":"2025-04-21T15:15:32","slug":"en-siniestro-vial-en-yopal-murio-una-mujer-tras-colision-con-un-agente-de-transito","status":"publish","type":"post","link":"https:\/\/marthacifuentes.com\/portada\/en-siniestro-vial-en-yopal-murio-una-mujer-tras-colision-con-un-agente-de-transito\/","title":{"rendered":"En siniestro vial en Yopal muri\u00f3 una mujer tras colisi\u00f3n con un agente de tr\u00e1nsito"},"content":{"rendered":"<p>En un tr\u00e1gico incidente ocurrido a la medianoche del 19 de abril en Yopal, Marjeris P\u00e9rez Sogamoso perdi\u00f3 la vida despu\u00e9s de un choque entre la motocicleta en la que viajaba y una patrulla de tr\u00e1nsito. El siniestro desat\u00f3 una ola de reacciones en redes sociales, donde muchos exigen justicia por lo sucedido.<\/p>\n<p>Marjeris, quien viajaba como pasajera en una moto conducida por Maicol Estiven Rangel Moreno, impact\u00f3 con una patrulla cuyo conductor, desde la informaci\u00f3n preliminar, estaba persiguiendo a un infractor de la restricci\u00f3n de circulaci\u00f3n de motos en horario nocturno, medida vigente durante la Semana Santa.<\/p>\n<p>La colisi\u00f3n result\u00f3 en tres heridos, incluidos el agente de tr\u00e1nsito Lenin Lugo Zabala y los conductores de las motocicletas. A pesar de ser llevada a la Cl\u00ednica Casanare, Marjeris falleci\u00f3 poco despu\u00e9s por la gravedad de sus heridas, dejando a su hija de 10 a\u00f1os en la orfandad.<\/p>\n<p>&nbsp;<\/p>\n<p><strong>Familiares de Marjeris acusan a agente de tr\u00e1nsito de la muerte<\/strong><\/p>\n<p>Un primo de la fallecida culp\u00f3 al agente de tr\u00e1nsito por la imprudencia que llev\u00f3 al fatal desenlace. \u00abPor su irresponsabilidad, Marjeris perdi\u00f3 la vida. No deber\u00edan estar persiguiendo a nadie bajo esas circunstancias\u00bb, declar\u00f3 con pesar.<\/p>\n<p>Hasta el momento, la Administraci\u00f3n municipal no ha emitido una declaraci\u00f3n sobre esta tragedia. La Oficina de Prensa de la Alcald\u00eda ha se\u00f1alado que se est\u00e1 llevando a cabo una recopilaci\u00f3n de informaci\u00f3n por parte de la Secretar\u00eda de Movilidad, y se anticipa un pronunciamiento formal ma\u00f1ana a las 4:00 pm.<\/p>\n<p>Este devastador accidente ha generado cuestionamientos sobre la efectiva implementaci\u00f3n de la normativa que busca minimizar los accidentes viales durante la Semana Santa en Yopal, planteando la necesidad de revisar estas medidas para garantizar la seguridad de los ciudadanos.<\/p>\n<h2>Otras noticias\u2026<\/h2>\n<blockquote class=\"wp-embedded-content\" data-secret=\"PbsRDwwJbW\"><p><a href=\"https:\/\/marthacifuentes.com\/portada\/2025\/04\/21\/exparamilitares-de-alias-martin-llanos-acusan-a-lucho-herrera-de-la-desaparicion-y-muerte-de-4-personas\/\">Exparamilitares de alias \u201cMart\u00edn Llanos\u201d acusan a Lucho Herrera de la desaparici\u00f3n y muerte de 4 personas.<\/a><\/p><\/blockquote>\n<p><iframe loading=\"lazy\" class=\"wp-embedded-content\" sandbox=\"allow-scripts\" security=\"restricted\" style=\"position: absolute; clip: rect(1px, 1px, 1px, 1px);\" title=\"\u00abExparamilitares de alias \u201cMart\u00edn Llanos\u201d acusan a Lucho Herrera de la desaparici\u00f3n y muerte de 4 personas.\u00bb \u2014 \u25b7 Noticias de Casanare : Martha Cifuentes | Casanare\" src=\"https:\/\/marthacifuentes.com\/portada\/2025\/04\/21\/exparamilitares-de-alias-martin-llanos-acusan-a-lucho-herrera-de-la-desaparicion-y-muerte-de-4-personas\/embed\/#?secret=1JIZ74ymA9#?secret=PbsRDwwJbW\" data-secret=\"PbsRDwwJbW\" width=\"500\" height=\"282\" frameborder=\"0\" marginwidth=\"0\" marginheight=\"0\" scrolling=\"no\"><\/iframe><\/p>\n<p><iframe loading=\"lazy\" class=\"wp-embedded-content\" title=\"\u00abProsperidad Social atiende a 29.465 v\u00edctimas del desplazamiento en Casanare con programas integrales y transferencias monetarias\u00bb \u2014 \u25b7 Noticias de Casanare : Martha Cifuentes | Casanare\" src=\"https:\/\/marthacifuentes.com\/portada\/2025\/04\/11\/prosperidad-social-atiende-a-29-465-victimas-del-desplazamiento-en-casanare-con-programas-integrales-y-transferencias-monetarias\/embed\/#?secret=K2kCSSTRee#?secret=o7axFq2UJD\" width=\"600\" height=\"650\" frameborder=\"0\" marginwidth=\"0\" marginheight=\"0\" scrolling=\"no\" sandbox=\"allow-scripts\" data-secret=\"o7axFq2UJD\" data-mce-fragment=\"1\"><\/iframe><\/p>\n<p><iframe loading=\"lazy\" class=\"wp-embedded-content\" title=\"\u00abAprobado en primer debate amnist\u00eda de intereses para deudores del ICETEX\u00bb \u2014 \u25b7 Noticias de Casanare : Martha Cifuentes | Casanare\" src=\"https:\/\/marthacifuentes.com\/portada\/2025\/04\/11\/aprobado-en-primer-debate-amnistia-de-intereses-para-deudores-del-icetex\/embed\/#?secret=n2us5GVJGj#?secret=1lzwf9qNSS\" width=\"600\" height=\"621\" frameborder=\"0\" marginwidth=\"0\" marginheight=\"0\" scrolling=\"no\" sandbox=\"allow-scripts\" data-secret=\"1lzwf9qNSS\" data-mce-fragment=\"1\"><\/iframe><\/p>\n<p><iframe loading=\"lazy\" class=\"wp-embedded-content\" title=\"\u00abAprobado en primer debate amnist\u00eda de intereses para deudores del ICETEX\u00bb \u2014 \u25b7 Noticias de Casanare : Martha Cifuentes | Casanare\" src=\"https:\/\/marthacifuentes.com\/portada\/2025\/04\/11\/aprobado-en-primer-debate-amnistia-de-intereses-para-deudores-del-icetex\/embed\/#?secret=n2us5GVJGj#?secret=1lzwf9qNSS\" width=\"600\" height=\"621\" frameborder=\"0\" marginwidth=\"0\" marginheight=\"0\" scrolling=\"no\" sandbox=\"allow-scripts\" data-secret=\"1lzwf9qNSS\" data-mce-fragment=\"1\"><\/iframe><\/p>\n<p><iframe loading=\"lazy\" class=\"wp-embedded-content\" title=\"\u00abGobernaci\u00f3n de Casanare siembra 80 \u00e1rboles en homenaje a las v\u00edctimas del conflicto armado en el D\u00eda Nacional de la Memoria\u00bb \u2014 \u25b7 Noticias de Casanare : Martha Cifuentes | Casanare\" src=\"https:\/\/marthacifuentes.com\/portada\/2025\/04\/11\/gobernacion-de-casanare-siembra-80-arboles-en-homenaje-a-las-victimas-del-conflicto-armado-en-el-dia-nacional-de-la-memoria\/embed\/#?secret=R4ppFIoo6s#?secret=xVzwHxiuEh\" width=\"600\" height=\"629\" frameborder=\"0\" marginwidth=\"0\" marginheight=\"0\" scrolling=\"no\" sandbox=\"allow-scripts\" data-secret=\"xVzwHxiuEh\" data-mce-fragment=\"1\"><\/iframe><\/p>\n<p><iframe loading=\"lazy\" class=\"wp-embedded-content\" title=\"\u00abEn Encuentro Nacional de la Orinoquia gobernador de Casanare present\u00f3 plan de agroindustrializaci\u00f3n. Se busca reducir dependencia del petr\u00f3leo\u00bb \u2014 \u25b7 Noticias de Casanare : Martha Cifuentes | Casanare\" src=\"https:\/\/marthacifuentes.com\/portada\/2025\/04\/11\/en-encuentro-nacional-de-la-orinoquia-gobernador-de-casanare-presento-plan-de-agroindustrializacion-se-busca-reducir-dependencia-del-petroleo\/embed\/#?secret=cVANz9PJMd#?secret=lthOKUovnf\" width=\"600\" height=\"650\" frameborder=\"0\" marginwidth=\"0\" marginheight=\"0\" scrolling=\"no\" sandbox=\"allow-scripts\" data-secret=\"lthOKUovnf\" data-mce-fragment=\"1\"><\/iframe><\/p>\n<p><iframe loading=\"lazy\" class=\"wp-embedded-content\" title=\"\u00abDesde hoy, due\u00f1os de cerca de 60 mil predios en Yopal podr\u00e1n ver reliquidaciones del impuesto predial tras correcci\u00f3n de errores en cobros\u00bb \u2014 \u25b7 Noticias de Casanare : Martha Cifuentes | Casanare\" src=\"https:\/\/marthacifuentes.com\/portada\/2025\/04\/11\/desde-hoy-duenos-de-cerca-de-60-mil-predios-en-yopal-podran-ver-reliquidaciones-del-impuesto-predial-tras-correccion-de-errores-en-cobros\/embed\/#?secret=u4jaqVXrtt#?secret=AbGZ0Z0cRK\" width=\"600\" height=\"650\" frameborder=\"0\" marginwidth=\"0\" marginheight=\"0\" scrolling=\"no\" sandbox=\"allow-scripts\" data-secret=\"AbGZ0Z0cRK\" data-mce-fragment=\"1\"><\/iframe><\/p>\n<p><iframe loading=\"lazy\" class=\"wp-embedded-content\" title=\"\u00abAsamblea de Casanare debatir\u00e1 supresi\u00f3n de cargo administrativo y afectada interpone tutela por derecho al trabajo\u00bb \u2014 \u25b7 Noticias de Casanare : Martha Cifuentes | Casanare\" src=\"https:\/\/marthacifuentes.com\/portada\/2025\/04\/10\/asamblea-de-casanare-debatira-supresion-de-cargo-administrativo-y-afectada-interpone-tutela-por-derecho-al-trabajo\/embed\/#?secret=aAQQSPycTF#?secret=Tj4QFJ5tqY\" width=\"600\" height=\"650\" frameborder=\"0\" marginwidth=\"0\" marginheight=\"0\" scrolling=\"no\" sandbox=\"allow-scripts\" data-secret=\"Tj4QFJ5tqY\" data-mce-fragment=\"1\"><\/iframe><\/p>\n<p><iframe loading=\"lazy\" class=\"wp-embedded-content\" title=\"\u00abEn Semana Santa: En Yopal se proh\u00edbe circulaci\u00f3n nocturna de motos para evitar siniestros viales\u00bb \u2014 \u25b7 Noticias de Casanare : Martha Cifuentes | Casanare\" src=\"https:\/\/marthacifuentes.com\/portada\/2025\/04\/10\/en-semana-santa-en-yopal-se-prohibe-circulacion-nocturna-de-motos-para-evitar-siniestros-viales\/embed\/#?secret=1bHOzbuvyE#?secret=KKCBiHcAiV\" width=\"600\" height=\"600\" frameborder=\"0\" marginwidth=\"0\" marginheight=\"0\" scrolling=\"no\" sandbox=\"allow-scripts\" data-secret=\"KKCBiHcAiV\" data-mce-fragment=\"1\"><\/iframe><\/p>\n<p><iframe loading=\"lazy\" class=\"wp-embedded-content\" title=\"\u00abConcejales de Trinidad se aferran a sus curules: Apelaron fallo de p\u00e9rdida de investidura\u00bb \u2014 \u25b7 Noticias de Casanare : Martha Cifuentes | Casanare\" src=\"https:\/\/marthacifuentes.com\/portada\/2025\/04\/09\/concejales-de-trinidad-se-aferran-a-sus-curules-apelaron-fallo-de-perdida-de-investidura\/embed\/#?secret=uC9NuALdb6#?secret=VUNnTaA6eL\" width=\"600\" height=\"621\" frameborder=\"0\" marginwidth=\"0\" marginheight=\"0\" scrolling=\"no\" sandbox=\"allow-scripts\" data-secret=\"VUNnTaA6eL\" data-mce-fragment=\"1\"><\/iframe><\/p>\n<p><iframe loading=\"lazy\" class=\"wp-embedded-content\" title=\"\u00abEAAAY aclara que no apel\u00f3 sentencia sobre contrato con SSYAM y pidi\u00f3 correcci\u00f3n al Tribunal\u00bb \u2014 \u25b7 Noticias de Casanare : Martha Cifuentes | Casanare\" src=\"https:\/\/marthacifuentes.com\/portada\/2025\/04\/08\/eaaay-aclara-que-no-apelo-sentencia-sobre-contrato-con-ssyam-y-pedira-correccion-al-tribunal\/embed\/#?secret=gV5cOPuHHw#?secret=gGCCZaww6E\" width=\"600\" height=\"620\" frameborder=\"0\" marginwidth=\"0\" marginheight=\"0\" scrolling=\"no\" sandbox=\"allow-scripts\" data-secret=\"gGCCZaww6E\" data-mce-fragment=\"1\"><\/iframe><\/p>\n<p><iframe loading=\"lazy\" class=\"wp-embedded-content\" title=\"\u00abB\u00fasqueda de desaparecidos en Tauramena: entre la esperanza y los desaf\u00edos\u00bb \u2014 \u25b7 Noticias de Casanare : Martha Cifuentes | Casanare\" src=\"https:\/\/marthacifuentes.com\/portada\/2025\/04\/08\/busqueda-de-desaparecidos-en-tauramena-entre-la-esperanza-y-los-desafios\/embed\/#?secret=v1wjexGsGl#?secret=3DklukVibP\" width=\"600\" height=\"621\" frameborder=\"0\" marginwidth=\"0\" marginheight=\"0\" scrolling=\"no\" sandbox=\"allow-scripts\" data-secret=\"3DklukVibP\" data-mce-fragment=\"1\"><\/iframe><\/p>\n<p><iframe loading=\"lazy\" class=\"wp-embedded-content\" title=\"\u00abLa EAAAY, intervenida por Superservicios, apel\u00f3 fallo que ordenaba suspender cuestionado contrato con SSYAM\u00bb \u2014 \u25b7 Noticias de Casanare : Martha Cifuentes | Casanare\" src=\"https:\/\/marthacifuentes.com\/portada\/2025\/04\/08\/la-eaaay-intervenida-por-superservicios-apelo-fallo-que-ordenaba-suspender-cuestionado-contrato-con-ssyam-2\/embed\/#?secret=LPPYddEejT#?secret=QeygEc8Rvf\" width=\"600\" height=\"650\" frameborder=\"0\" marginwidth=\"0\" marginheight=\"0\" scrolling=\"no\" sandbox=\"allow-scripts\" data-secret=\"QeygEc8Rvf\" data-mce-fragment=\"1\"><\/iframe><\/p>\n<p><iframe loading=\"lazy\" class=\"wp-embedded-content\" title=\"\u00abLa EAAAY, intervenida por Superservicios, apel\u00f3 fallo que ordenaba suspender cuestionado contrato con SSYAM\u00bb \u2014 \u25b7 Noticias de Casanare : Martha Cifuentes | Casanare\" src=\"https:\/\/marthacifuentes.com\/portada\/2025\/04\/07\/la-eaaay-intervenida-por-superservicios-apelo-fallo-que-ordenaba-suspender-cuestionado-contrato-con-ssyam\/embed\/#?secret=oWxmMd20hv#?secret=RXlqReKGVU\" width=\"600\" height=\"648\" frameborder=\"0\" marginwidth=\"0\" marginheight=\"0\" scrolling=\"no\" sandbox=\"allow-scripts\" data-secret=\"RXlqReKGVU\" data-mce-fragment=\"1\"><\/iframe><\/p>\n<p><iframe loading=\"lazy\" class=\"wp-embedded-content\" title=\"\u00abPara finales de abril, audiencia de p\u00e9rdida de investidura de diputada Marisela Duarte\u00bb \u2014 \u25b7 Noticias de Casanare : Martha Cifuentes | Casanare\" src=\"https:\/\/marthacifuentes.com\/portada\/2025\/04\/07\/para-finales-de-abril-audiencia-de-perdida-de-investidura-de-diputada-marisela-duarte\/embed\/#?secret=y4ON2yfeFv#?secret=V069hgdgFL\" width=\"600\" height=\"621\" frameborder=\"0\" marginwidth=\"0\" marginheight=\"0\" scrolling=\"no\" sandbox=\"allow-scripts\" data-secret=\"V069hgdgFL\" data-mce-fragment=\"1\"><\/iframe><\/p>\n<p><iframe loading=\"lazy\" class=\"wp-embedded-content\" title=\"\u00abTras libertad de 5 casanare\u00f1os secuestrados en Arauca emerge cruda realidad: denunciar en vano, pagar extorsiones o sufrir plagio\u00bb \u2014 \u25b7 Noticias de Casanare : Martha Cifuentes | Casanare\" src=\"https:\/\/marthacifuentes.com\/portada\/2025\/04\/07\/tras-libertad-de-5-casanarenos-secuestrados-en-arauca-emerge-cruda-realidad-denunciar-en-vano-pagar-extorsiones-o-sufrir-plagio\/embed\/#?secret=Yc2HhjXnxb#?secret=IGr5DngKcw\" width=\"600\" height=\"574\" frameborder=\"0\" marginwidth=\"0\" marginheight=\"0\" scrolling=\"no\" sandbox=\"allow-scripts\" data-secret=\"IGr5DngKcw\" data-mce-fragment=\"1\"><\/iframe><\/p>\n<p><iframe loading=\"lazy\" class=\"wp-embedded-content\" title=\"\u00abUna comerciante de Villanueva, Casanare y un ciudadano de Corozal, Sucre, las v\u00edctimas fatales de siniestro vial en Monterrey\u00bb \u2014 \u25b7 Noticias de Casanare : Martha Cifuentes | Casanare\" src=\"https:\/\/marthacifuentes.com\/portada\/2025\/04\/04\/una-comerciante-de-villanueva-casanare-y-un-ciudadano-de-corozal-sucre-las-victimas-fatales-de-siniestro-vial-en-monterrey\/embed\/#?secret=FuQBin8vg8#?secret=EGyFZa3erI\" width=\"600\" height=\"650\" frameborder=\"0\" marginwidth=\"0\" marginheight=\"0\" scrolling=\"no\" sandbox=\"allow-scripts\" data-secret=\"EGyFZa3erI\" data-mce-fragment=\"1\"><\/iframe><\/p>\n<p><iframe loading=\"lazy\" class=\"wp-embedded-content\" title=\"\u00abAlias \u2018Mart\u00edn llanos\u2019, ahora gestor de paz, pide liberaci\u00f3n de casanare\u00f1os secuestrados\u00bb \u2014 \u25b7 Noticias de Casanare : Martha Cifuentes | Casanare\" src=\"https:\/\/marthacifuentes.com\/portada\/2025\/04\/04\/alias-martin-llanos-ahora-gestor-de-paz-pide-liberacion-de-casanarenos-secuestrados\/embed\/#?secret=QUny4dkL79#?secret=RhqsxRgDwM\" width=\"600\" height=\"621\" frameborder=\"0\" marginwidth=\"0\" marginheight=\"0\" scrolling=\"no\" sandbox=\"allow-scripts\" data-secret=\"RhqsxRgDwM\" data-mce-fragment=\"1\"><\/iframe><\/p>\n<p><iframe loading=\"lazy\" class=\"wp-embedded-content\" title=\"\u00abC\u00e1mara de Comercio de Casanare presenta RUTA D: estrategia de apoyo para emprendedores\u00bb \u2014 \u25b7 Noticias de Casanare : Martha Cifuentes | Casanare\" src=\"https:\/\/marthacifuentes.com\/portada\/2025\/04\/04\/camara-de-comercio-de-casanare-presenta-ruta-d-estrategia-de-apoyo-para-emprendedores\/embed\/#?secret=SjCMWjr9q0#?secret=v9xSEe9Xyu\" width=\"600\" height=\"642\" frameborder=\"0\" marginwidth=\"0\" marginheight=\"0\" scrolling=\"no\" sandbox=\"allow-scripts\" data-secret=\"v9xSEe9Xyu\" data-mce-fragment=\"1\"><\/iframe><\/p>\n<p><iframe loading=\"lazy\" class=\"wp-embedded-content\" title=\"\u00ab\u00a1Debajo de la tierra y con 50 mil millones en droga! Ej\u00e9rcito le cae al Clan del Golfo en Orocu\u00e9\u00bb \u2014 \u25b7 Noticias de Casanare : Martha Cifuentes | Casanare\" src=\"https:\/\/marthacifuentes.com\/portada\/2025\/04\/04\/debajo-de-la-tierra-y-con-50-mil-millones-en-droga-ejercito-le-cae-al-clan-del-golfo-en-orocue\/embed\/#?secret=RdRIoT4hs0#?secret=y8FURjMhKm\" width=\"600\" height=\"575\" frameborder=\"0\" marginwidth=\"0\" marginheight=\"0\" scrolling=\"no\" sandbox=\"allow-scripts\" data-secret=\"y8FURjMhKm\" data-mce-fragment=\"1\"><\/iframe><\/p>\n<p><iframe loading=\"lazy\" class=\"wp-embedded-content\" title=\"\u00abELN admite secuestro de 5 ganaderos de Casanare: los acusa de colaborar con disidencias de las Farc y anuncia \u2018juicio\u2019 bajo sus reglas\u00bb \u2014 \u25b7 Noticias de Casanare : Martha Cifuentes | Casanare\" src=\"https:\/\/marthacifuentes.com\/portada\/2025\/04\/03\/eln-admite-secuestro-de-5-ganaderos-de-casanare-los-acusa-de-colaborar-con-disidencias-de-las-farc-y-anuncia-juicio-bajo-sus-reglas\/embed\/#?secret=tUTZ05kWKt#?secret=32Iz5Du9lQ\" width=\"600\" height=\"650\" frameborder=\"0\" marginwidth=\"0\" marginheight=\"0\" scrolling=\"no\" sandbox=\"allow-scripts\" data-secret=\"32Iz5Du9lQ\" data-mce-fragment=\"1\"><\/iframe><\/p>\n<p><iframe loading=\"lazy\" class=\"wp-embedded-content\" title=\"\u00abAdmitida acci\u00f3n popular contra actualizaci\u00f3n catastral de Yopal. Medida cautelar de suspensi\u00f3n qued\u00f3 pendiente.\u00bb \u2014 \u25b7 Noticias de Casanare : Martha Cifuentes | Casanare\" src=\"https:\/\/marthacifuentes.com\/portada\/2025\/04\/02\/admitida-accion-popular-contra-actualizacion-catastral-de-yopal-medida-cautelar-de-suspension-quedo-pendiente\/embed\/#?secret=6uuNwFoJwg#?secret=mi6TEwtJwp\" width=\"600\" height=\"588\" frameborder=\"0\" marginwidth=\"0\" marginheight=\"0\" scrolling=\"no\" sandbox=\"allow-scripts\" data-secret=\"mi6TEwtJwp\" data-mce-fragment=\"1\"><\/iframe><\/p>\n<p><iframe loading=\"lazy\" class=\"wp-embedded-content\" title=\"\u00abCon menores costos, Gobernaci\u00f3n de Casanare inicia pavimento de 14 km. de v\u00edas rurales en Paz de Ariporo\u00bb \u2014 \u25b7 Noticias de Casanare : Martha Cifuentes | Casanare\" src=\"https:\/\/marthacifuentes.com\/portada\/2025\/04\/01\/con-menores-costos-gobernacion-de-casanare-inicia-pavimento-de-14-km-de-vias-rurales-en-paz-de-ariporo\/embed\/#?secret=cYlG3KEeRO#?secret=UWjqhKCNIh\" width=\"600\" height=\"621\" frameborder=\"0\" marginwidth=\"0\" marginheight=\"0\" scrolling=\"no\" sandbox=\"allow-scripts\" data-secret=\"UWjqhKCNIh\" data-mce-fragment=\"1\"><\/iframe><\/p>\n<p><iframe loading=\"lazy\" class=\"wp-embedded-content\" title=\"\u00abEntre el miedo y la esperanza: familias exigen liberaci\u00f3n de cinco casanare\u00f1os secuestrados. Esto es lo que se sabe.\u00bb \u2014 \u25b7 Noticias de Casanare : Martha Cifuentes | Casanare\" src=\"https:\/\/marthacifuentes.com\/portada\/2025\/04\/01\/entre-el-miedo-y-la-esperanza-familias-exigen-liberacion-de-cinco-casanarenos-secuestrados-esto-es-lo-que-se-sabe\/embed\/#?secret=4AyVCbKCSt#?secret=9OF2mmT2xK\" width=\"600\" height=\"650\" frameborder=\"0\" marginwidth=\"0\" marginheight=\"0\" scrolling=\"no\" sandbox=\"allow-scripts\" data-secret=\"9OF2mmT2xK\" data-mce-fragment=\"1\"><\/iframe><\/p>\n<p><iframe loading=\"lazy\" class=\"wp-embedded-content\" title=\"\u00abSecuestro masivo en Paz de Ariporo, Casanare: Al menos 5 agricultores desaparecidos entre Tame y Arauca\u00bb \u2014 \u25b7 Noticias de Casanare : Martha Cifuentes | Casanare\" src=\"https:\/\/marthacifuentes.com\/portada\/2025\/03\/31\/secuestro-masivo-en-paz-de-ariporo-casanare-al-menos-5-agricultores-desaparecidos-entre-tame-y-arauca\/embed\/#?secret=6lt4fGnI6o#?secret=8ShYpGJp7G\" width=\"600\" height=\"650\" frameborder=\"0\" marginwidth=\"0\" marginheight=\"0\" scrolling=\"no\" sandbox=\"allow-scripts\" data-secret=\"8ShYpGJp7G\" data-mce-fragment=\"1\"><\/iframe><\/p>\n<p><iframe loading=\"lazy\" class=\"wp-embedded-content\" title=\"\u00abTribunal absuelve a exconcejal de Yopal Nelson Figueroa: \u201cNo hubo estafa, sino incumplimiento civil\u201d\u00bb \u2014 \u25b7 Noticias de Casanare : Martha Cifuentes | Casanare\" src=\"https:\/\/marthacifuentes.com\/portada\/2025\/03\/28\/tribunal-absuelve-a-exconcejal-de-yopal-nelson-figueroa-no-hubo-estafa-sino-incumplimiento-civil\/embed\/#?secret=Cpx7WnRQSx#?secret=v1w1LTG9Lr\" width=\"600\" height=\"621\" frameborder=\"0\" marginwidth=\"0\" marginheight=\"0\" scrolling=\"no\" sandbox=\"allow-scripts\" data-secret=\"v1w1LTG9Lr\" data-mce-fragment=\"1\"><\/iframe><\/p>\n<p><iframe loading=\"lazy\" class=\"wp-embedded-content\" title=\"\u00abFamilias damnificadas por invierno en veredas apartadas de Casanare reciben ayuda urgente\u00bb \u2014 \u25b7 Noticias de Casanare : Martha Cifuentes | Casanare\" src=\"https:\/\/marthacifuentes.com\/portada\/2025\/03\/27\/familias-damnificadas-por-invierno-en-veredas-apartadas-de-casanare-reciben-ayuda-urgente\/embed\/#?secret=YLsshj3uwt#?secret=ThxJdybUa9\" width=\"600\" height=\"620\" frameborder=\"0\" marginwidth=\"0\" marginheight=\"0\" scrolling=\"no\" sandbox=\"allow-scripts\" data-secret=\"ThxJdybUa9\" data-mce-fragment=\"1\"><\/iframe><\/p>\n<p><iframe loading=\"lazy\" class=\"wp-embedded-content\" title=\"\u00abLes cay\u00f3 la ley a \u2018Los Mexicanos\u2019, banda dedicada al robo de motos en Casanare y Guaviare\u00bb \u2014 \u25b7 Noticias de Casanare : Martha Cifuentes | Casanare\" src=\"https:\/\/marthacifuentes.com\/portada\/2025\/03\/27\/les-cayo-la-ley-a-los-mexicanos-banda-dedicada-al-robo-de-motos-en-casanare-y-guaviare\/embed\/#?secret=kr1BpT6wTb#?secret=16dP6puNyM\" width=\"600\" height=\"621\" frameborder=\"0\" marginwidth=\"0\" marginheight=\"0\" scrolling=\"no\" sandbox=\"allow-scripts\" data-secret=\"16dP6puNyM\" data-mce-fragment=\"1\"><\/iframe><\/p>\n<p><iframe loading=\"lazy\" class=\"wp-embedded-content\" title=\"\u00abCongresistas quieren acabar la guachafita de contrataci\u00f3n de regal\u00edas con Fondos Mixtos. Se radic\u00f3 proyecto de ley\u00bb \u2014 \u25b7 Noticias de Casanare : Martha Cifuentes | Casanare\" src=\"https:\/\/marthacifuentes.com\/portada\/2025\/03\/27\/congresistas-quieren-acabar-la-guachafita-de-contratacion-de-regalias-con-fondos-mixtos-se-radico-proyecto-de-ley\/embed\/#?secret=wKZpFAGYhJ#?secret=G2LkrBcRF1\" width=\"600\" height=\"628\" frameborder=\"0\" marginwidth=\"0\" marginheight=\"0\" scrolling=\"no\" sandbox=\"allow-scripts\" data-secret=\"G2LkrBcRF1\" data-mce-fragment=\"1\"><\/iframe><\/p>\n<p><iframe loading=\"lazy\" class=\"wp-embedded-content\" title=\"\u00abMagistrada decidir\u00e1 si avanza demanda contra pol\u00e9mica actualizaci\u00f3n catastral en Yopal\u00bb \u2014 \u25b7 Noticias de Casanare : Martha Cifuentes | Casanare\" src=\"https:\/\/marthacifuentes.com\/portada\/2025\/03\/26\/magistrada-decidira-si-avanza-demanda-contra-polemica-actualizacion-catastral-en-yopal\/embed\/#?secret=Jpny5t1vuD#?secret=ZwA1w4scO6\" width=\"600\" height=\"642\" frameborder=\"0\" marginwidth=\"0\" marginheight=\"0\" scrolling=\"no\" sandbox=\"allow-scripts\" data-secret=\"ZwA1w4scO6\" data-mce-fragment=\"1\"><\/iframe><\/p>\n<p><iframe loading=\"lazy\" class=\"wp-embedded-content\" title=\"\u00abAlcald\u00eda de Yopal no aplicar\u00e1, temporalmente, decreto que prohib\u00eda parqueo en \u2018Terminal Sat\u00e9lite\u2019 de Yopal\u00bb \u2014 \u25b7 Noticias de Casanare : Martha Cifuentes | Casanare\" src=\"https:\/\/marthacifuentes.com\/portada\/2025\/03\/26\/alcaldia-de-yopal-no-aplicara-temporalmente-decreto-que-prohibia-parqueo-en-terminal-satelite-de-yopal\/embed\/#?secret=m6tBaW5dKv#?secret=GoQ1kkXlOM\" width=\"600\" height=\"621\" frameborder=\"0\" marginwidth=\"0\" marginheight=\"0\" scrolling=\"no\" sandbox=\"allow-scripts\" data-secret=\"GoQ1kkXlOM\" data-mce-fragment=\"1\"><\/iframe><\/p>\n<p><iframe loading=\"lazy\" class=\"wp-embedded-content\" title=\"\u00abA m\u00e1s de 8.600 predios de Yopal se les liquid\u00f3 mal el impuesto predial en Alcald\u00eda. Desde el 10 de abril hay nuevas facturas.\u00bb \u2014 \u25b7 Noticias de Casanare : Martha Cifuentes | Casanare\" src=\"https:\/\/marthacifuentes.com\/portada\/2025\/03\/26\/a-mas-de-8-600-predios-de-yopal-se-les-liquido-mal-el-impuesto-predial-en-alcaldia-desde-el-10-de-abril-hay-nuevas-facturas\/embed\/#?secret=P1tp3iGjKN#?secret=FmaaCYYFso\" width=\"600\" height=\"650\" frameborder=\"0\" marginwidth=\"0\" marginheight=\"0\" scrolling=\"no\" sandbox=\"allow-scripts\" data-secret=\"FmaaCYYFso\" data-mce-fragment=\"1\"><\/iframe><\/p>\n<p><iframe loading=\"lazy\" class=\"wp-embedded-content\" title=\"\u00abCaso aberrante: Enviado a la c\u00e1rcel docente universitario en Yopal por abusar sexualmente de dos ni\u00f1as de 3 a\u00f1os y grabarlas\u00bb \u2014 \u25b7 Noticias de Casanare : Martha Cifuentes | Casanare\" src=\"https:\/\/marthacifuentes.com\/portada\/2025\/03\/25\/caso-aberrante-enviado-a-la-carcel-docente-universitario-en-yopal-por-abusar-sexualmente-de-dos-ninas-de-3-anos-y-grabarlas\/embed\/#?secret=3EZXoFRpzG#?secret=WLBsY7WUF9\" width=\"600\" height=\"647\" frameborder=\"0\" marginwidth=\"0\" marginheight=\"0\" scrolling=\"no\" sandbox=\"allow-scripts\" data-secret=\"WLBsY7WUF9\" data-mce-fragment=\"1\"><\/iframe><\/p>\n<p><iframe loading=\"lazy\" class=\"wp-embedded-content\" title=\"\u00abUsuarios de Capresoca en La Chaparrera, cuentan con punto de atenci\u00f3n en el CAPS\u00bb \u2014 \u25b7 Noticias de Casanare : Martha Cifuentes | Casanare\" src=\"https:\/\/marthacifuentes.com\/portada\/2025\/03\/25\/usuarios-de-capresoca-en-la-chaparrera-cuentan-con-punto-de-atencion-en-el-caps\/embed\/#?secret=Y2aHyYddB0#?secret=ts2q9ewRXn\" width=\"600\" height=\"621\" frameborder=\"0\" marginwidth=\"0\" marginheight=\"0\" scrolling=\"no\" sandbox=\"allow-scripts\" data-secret=\"ts2q9ewRXn\" data-mce-fragment=\"1\"><\/iframe><\/p>\n<p><iframe loading=\"lazy\" class=\"wp-embedded-content\" title=\"\u00abCapturan a catedr\u00e1tico de Unitr\u00f3pico por presunto acoso sexual en Yopal\u00bb \u2014 \u25b7 Noticias de Casanare : Martha Cifuentes | Casanare\" src=\"https:\/\/marthacifuentes.com\/portada\/2025\/03\/25\/capturan-a-catedratico-de-unitropico-por-presunto-acoso-sexual-en-yopal\/embed\/#?secret=DH7DDF8kdg#?secret=RpbyRyMUCk\" width=\"600\" height=\"621\" frameborder=\"0\" marginwidth=\"0\" marginheight=\"0\" scrolling=\"no\" sandbox=\"allow-scripts\" data-secret=\"RpbyRyMUCk\" data-mce-fragment=\"1\"><\/iframe><\/p>\n<p><iframe loading=\"lazy\" class=\"wp-embedded-content\" title=\"\u00abLa ruinosa v\u00eda La Vara-Soceagro, en Villanueva, ahora est\u00e1 como nueva.\u00bb \u2014 \u25b7 Noticias de Casanare : Martha Cifuentes | Casanare\" src=\"https:\/\/marthacifuentes.com\/portada\/2025\/03\/25\/la-ruinosa-via-la-vara-soceagro-en-villanueva-ahora-esta-como-nueva\/embed\/#?secret=K7wVlSRWLO#?secret=SeHPcEsnAA\" width=\"600\" height=\"620\" frameborder=\"0\" marginwidth=\"0\" marginheight=\"0\" scrolling=\"no\" sandbox=\"allow-scripts\" data-secret=\"SeHPcEsnAA\" data-mce-fragment=\"1\"><\/iframe><\/p>\n<p><iframe loading=\"lazy\" class=\"wp-embedded-content\" title=\"\u00ab22 casas quemadas, pero la Esperanza sigue en pie: As\u00ed respondi\u00f3 Yopal a la tragedia\u00bb \u2014 \u25b7 Noticias de Casanare : Martha Cifuentes | Casanare\" src=\"https:\/\/marthacifuentes.com\/portada\/2025\/03\/25\/22-casas-quemadas-pero-la-esperanza-sigue-en-pie-asi-respondio-yopal-a-la-tragedia\/embed\/#?secret=Z81zRszNWl#?secret=BY6VRVL8Ej\" width=\"600\" height=\"600\" frameborder=\"0\" marginwidth=\"0\" marginheight=\"0\" scrolling=\"no\" sandbox=\"allow-scripts\" data-secret=\"BY6VRVL8Ej\" data-mce-fragment=\"1\"><\/iframe><\/p>\n<p><iframe loading=\"lazy\" class=\"wp-embedded-content\" title=\"\u00abCasanare hierve en los \u00faltimos d\u00edas de verano pero se avecina temporada de lluvias\u00bb \u2014 \u25b7 Noticias de Casanare : Martha Cifuentes | Casanare\" src=\"https:\/\/marthacifuentes.com\/portada\/2025\/03\/25\/casanare-hierve-en-los-ultimos-dias-de-verano-pero-se-avecina-temporada-de-lluvias\/embed\/#?secret=RLIb180UEx#?secret=TdSIl2Gjw5\" width=\"600\" height=\"621\" frameborder=\"0\" marginwidth=\"0\" marginheight=\"0\" scrolling=\"no\" sandbox=\"allow-scripts\" data-secret=\"TdSIl2Gjw5\" data-mce-fragment=\"1\"><\/iframe><\/p>\n","protected":false},"excerpt":{"rendered":"<p>En un tr\u00e1gico incidente ocurrido a la medianoche del 19 de abril en Yopal, Marjeris P\u00e9rez Sogamoso perdi\u00f3 la vida despu\u00e9s de un choque entre la motocicleta en la que viajaba y una patrulla de tr\u00e1nsito. El siniestro desat\u00f3 una ola de reacciones en redes sociales, donde muchos exigen justicia por lo sucedido. Marjeris, quien &hellip;<\/p>\n","protected":false},"author":2,"featured_media":35132,"comment_status":"open","ping_status":"open","sticky":false,"template":"","format":"standard","meta":{"om_disable_all_campaigns":false,"_exactmetrics_skip_tracking":false,"_exactmetrics_sitenote_active":false,"_exactmetrics_sitenote_note":"","_exactmetrics_sitenote_category":0,"_monsterinsights_skip_tracking":false,"_monsterinsights_sitenote_active":false,"_monsterinsights_sitenote_note":"","_monsterinsights_sitenote_category":0,"_uf_show_specific_survey":0,"_uf_disable_surveys":false,"_joinchat":[],"footnotes":""},"categories":[147,146,145],"tags":[12239,12237,12238,1400,1421],"class_list":["post-35135","post","type-post","status-publish","format-standard","has-post-thumbnail","hentry","category-actualidad","category-noticias","category-reportajes","tag-agente-de-transito-lenin-lugo-zabala","tag-marjeris-perez-sogamoso","tag-mujer-muere-en-siniestro-vial-yopal","tag-noticias-casanare","tag-noticias-yopal"],"yoast_head":"<!-- This site is optimized with the Yoast SEO plugin v26.1 - https:\/\/yoast.com\/wordpress\/plugins\/seo\/ -->\n<title>En siniestro vial en Yopal muri\u00f3 una mujer tras colisi\u00f3n con un agente de tr\u00e1nsito - \u25b7 Noticias de Casanare : Martha Cifuentes | Casanare<\/title>\n<meta name=\"robots\" content=\"index, follow, max-snippet:-1, max-image-preview:large, max-video-preview:-1\" \/>\n<link rel=\"canonical\" href=\"https:\/\/marthacifuentes.com\/portada\/en-siniestro-vial-en-yopal-murio-una-mujer-tras-colision-con-un-agente-de-transito\/\" \/>\n<meta property=\"og:locale\" content=\"es_ES\" \/>\n<meta property=\"og:type\" content=\"article\" \/>\n<meta property=\"og:title\" content=\"En siniestro vial en Yopal muri\u00f3 una mujer tras colisi\u00f3n con un agente de tr\u00e1nsito - \u25b7 Noticias de Casanare : Martha Cifuentes | Casanare\" \/>\n<meta property=\"og:description\" content=\"En un tr\u00e1gico incidente ocurrido a la medianoche del 19 de abril en Yopal, Marjeris P\u00e9rez Sogamoso perdi\u00f3 la vida despu\u00e9s de un choque entre la motocicleta en la que viajaba y una patrulla de tr\u00e1nsito. El siniestro desat\u00f3 una ola de reacciones en redes sociales, donde muchos exigen justicia por lo sucedido. Marjeris, quien &hellip;\" \/>\n<meta property=\"og:url\" content=\"https:\/\/marthacifuentes.com\/portada\/en-siniestro-vial-en-yopal-murio-una-mujer-tras-colision-con-un-agente-de-transito\/\" \/>\n<meta property=\"og:site_name\" content=\"\u25b7 Noticias de Casanare : Martha Cifuentes | Casanare\" \/>\n<meta property=\"article:published_time\" content=\"2025-04-21T15:15:32+00:00\" \/>\n<meta property=\"og:image\" content=\"https:\/\/marthacifuentes.com\/portada\/wp-content\/uploads\/2025\/04\/FOTO-PORTADA-MARYERIS-ACCIDENTE-TRANSITO-AGENTE.jpg\" \/>\n\t<meta property=\"og:image:width\" content=\"887\" \/>\n\t<meta property=\"og:image:height\" content=\"498\" \/>\n\t<meta property=\"og:image:type\" content=\"image\/jpeg\" \/>\n<meta name=\"author\" content=\"Martha Cifuentes\" \/>\n<meta name=\"twitter:card\" content=\"summary_large_image\" \/>\n<meta name=\"twitter:label1\" content=\"Escrito por\" \/>\n\t<meta name=\"twitter:data1\" content=\"Martha Cifuentes\" \/>\n\t<meta name=\"twitter:label2\" content=\"Tiempo de lectura\" \/>\n\t<meta name=\"twitter:data2\" content=\"2 minutos\" \/>\n<script type=\"application\/ld+json\" class=\"yoast-schema-graph\">{\"@context\":\"https:\/\/schema.org\",\"@graph\":[{\"@type\":\"WebPage\",\"@id\":\"https:\/\/marthacifuentes.com\/portada\/en-siniestro-vial-en-yopal-murio-una-mujer-tras-colision-con-un-agente-de-transito\/\",\"url\":\"https:\/\/marthacifuentes.com\/portada\/en-siniestro-vial-en-yopal-murio-una-mujer-tras-colision-con-un-agente-de-transito\/\",\"name\":\"En siniestro vial en Yopal muri\u00f3 una mujer tras colisi\u00f3n con un agente de tr\u00e1nsito - \u25b7 Noticias de Casanare : Martha Cifuentes | Casanare\",\"isPartOf\":{\"@id\":\"https:\/\/marthacifuentes.com\/portada\/#website\"},\"primaryImageOfPage\":{\"@id\":\"https:\/\/marthacifuentes.com\/portada\/en-siniestro-vial-en-yopal-murio-una-mujer-tras-colision-con-un-agente-de-transito\/#primaryimage\"},\"image\":{\"@id\":\"https:\/\/marthacifuentes.com\/portada\/en-siniestro-vial-en-yopal-murio-una-mujer-tras-colision-con-un-agente-de-transito\/#primaryimage\"},\"thumbnailUrl\":\"https:\/\/marthacifuentes.com\/portada\/wp-content\/uploads\/2025\/04\/FOTO-PORTADA-MARYERIS-ACCIDENTE-TRANSITO-AGENTE.jpg\",\"datePublished\":\"2025-04-21T15:15:32+00:00\",\"author\":{\"@id\":\"https:\/\/marthacifuentes.com\/portada\/#\/schema\/person\/57f53174b991db5f90ff78d58502b714\"},\"breadcrumb\":{\"@id\":\"https:\/\/marthacifuentes.com\/portada\/en-siniestro-vial-en-yopal-murio-una-mujer-tras-colision-con-un-agente-de-transito\/#breadcrumb\"},\"inLanguage\":\"es\",\"potentialAction\":[{\"@type\":\"ReadAction\",\"target\":[\"https:\/\/marthacifuentes.com\/portada\/en-siniestro-vial-en-yopal-murio-una-mujer-tras-colision-con-un-agente-de-transito\/\"]}]},{\"@type\":\"ImageObject\",\"inLanguage\":\"es\",\"@id\":\"https:\/\/marthacifuentes.com\/portada\/en-siniestro-vial-en-yopal-murio-una-mujer-tras-colision-con-un-agente-de-transito\/#primaryimage\",\"url\":\"https:\/\/marthacifuentes.com\/portada\/wp-content\/uploads\/2025\/04\/FOTO-PORTADA-MARYERIS-ACCIDENTE-TRANSITO-AGENTE.jpg\",\"contentUrl\":\"https:\/\/marthacifuentes.com\/portada\/wp-content\/uploads\/2025\/04\/FOTO-PORTADA-MARYERIS-ACCIDENTE-TRANSITO-AGENTE.jpg\",\"width\":887,\"height\":498},{\"@type\":\"BreadcrumbList\",\"@id\":\"https:\/\/marthacifuentes.com\/portada\/en-siniestro-vial-en-yopal-murio-una-mujer-tras-colision-con-un-agente-de-transito\/#breadcrumb\",\"itemListElement\":[{\"@type\":\"ListItem\",\"position\":1,\"name\":\"Portada\",\"item\":\"https:\/\/marthacifuentes.com\/portada\/\"},{\"@type\":\"ListItem\",\"position\":2,\"name\":\"En siniestro vial en Yopal muri\u00f3 una mujer tras colisi\u00f3n con un agente de tr\u00e1nsito\"}]},{\"@type\":\"WebSite\",\"@id\":\"https:\/\/marthacifuentes.com\/portada\/#website\",\"url\":\"https:\/\/marthacifuentes.com\/portada\/\",\"name\":\"\u25b7 Noticias de Casanare : Martha Cifuentes | Casanare\",\"description\":\"Noticias &amp; Contenidos\",\"potentialAction\":[{\"@type\":\"SearchAction\",\"target\":{\"@type\":\"EntryPoint\",\"urlTemplate\":\"https:\/\/marthacifuentes.com\/portada\/?s={search_term_string}\"},\"query-input\":{\"@type\":\"PropertyValueSpecification\",\"valueRequired\":true,\"valueName\":\"search_term_string\"}}],\"inLanguage\":\"es\"},{\"@type\":\"Person\",\"@id\":\"https:\/\/marthacifuentes.com\/portada\/#\/schema\/person\/57f53174b991db5f90ff78d58502b714\",\"name\":\"Martha Cifuentes\",\"image\":{\"@type\":\"ImageObject\",\"inLanguage\":\"es\",\"@id\":\"https:\/\/marthacifuentes.com\/portada\/#\/schema\/person\/image\/\",\"url\":\"http:\/\/marthacifuentes.com\/portada\/wp-content\/uploads\/2018\/06\/avatar_user_2_1528838701-96x96.jpg\",\"contentUrl\":\"http:\/\/marthacifuentes.com\/portada\/wp-content\/uploads\/2018\/06\/avatar_user_2_1528838701-96x96.jpg\",\"caption\":\"Martha Cifuentes\"},\"sameAs\":[\"http:\/\/www.marthacifuentes.com\"],\"url\":\"https:\/\/marthacifuentes.com\/portada\/author\/martha\/\"}]}<\/script>\n<!-- \/ Yoast SEO plugin. -->","yoast_head_json":{"title":"En siniestro vial en Yopal muri\u00f3 una mujer tras colisi\u00f3n con un agente de tr\u00e1nsito - \u25b7 Noticias de Casanare : Martha Cifuentes | Casanare","robots":{"index":"index","follow":"follow","max-snippet":"max-snippet:-1","max-image-preview":"max-image-preview:large","max-video-preview":"max-video-preview:-1"},"canonical":"https:\/\/marthacifuentes.com\/portada\/en-siniestro-vial-en-yopal-murio-una-mujer-tras-colision-con-un-agente-de-transito\/","og_locale":"es_ES","og_type":"article","og_title":"En siniestro vial en Yopal muri\u00f3 una mujer tras colisi\u00f3n con un agente de tr\u00e1nsito - \u25b7 Noticias de Casanare : Martha Cifuentes | Casanare","og_description":"En un tr\u00e1gico incidente ocurrido a la medianoche del 19 de abril en Yopal, Marjeris P\u00e9rez Sogamoso perdi\u00f3 la vida despu\u00e9s de un choque entre la motocicleta en la que viajaba y una patrulla de tr\u00e1nsito. El siniestro desat\u00f3 una ola de reacciones en redes sociales, donde muchos exigen justicia por lo sucedido. Marjeris, quien &hellip;","og_url":"https:\/\/marthacifuentes.com\/portada\/en-siniestro-vial-en-yopal-murio-una-mujer-tras-colision-con-un-agente-de-transito\/","og_site_name":"\u25b7 Noticias de Casanare : Martha Cifuentes | Casanare","article_published_time":"2025-04-21T15:15:32+00:00","og_image":[{"width":887,"height":498,"url":"https:\/\/marthacifuentes.com\/portada\/wp-content\/uploads\/2025\/04\/FOTO-PORTADA-MARYERIS-ACCIDENTE-TRANSITO-AGENTE.jpg","type":"image\/jpeg"}],"author":"Martha Cifuentes","twitter_card":"summary_large_image","twitter_misc":{"Escrito por":"Martha Cifuentes","Tiempo de lectura":"2 minutos"},"schema":{"@context":"https:\/\/schema.org","@graph":[{"@type":"WebPage","@id":"https:\/\/marthacifuentes.com\/portada\/en-siniestro-vial-en-yopal-murio-una-mujer-tras-colision-con-un-agente-de-transito\/","url":"https:\/\/marthacifuentes.com\/portada\/en-siniestro-vial-en-yopal-murio-una-mujer-tras-colision-con-un-agente-de-transito\/","name":"En siniestro vial en Yopal muri\u00f3 una mujer tras colisi\u00f3n con un agente de tr\u00e1nsito - \u25b7 Noticias de Casanare : Martha Cifuentes | Casanare","isPartOf":{"@id":"https:\/\/marthacifuentes.com\/portada\/#website"},"primaryImageOfPage":{"@id":"https:\/\/marthacifuentes.com\/portada\/en-siniestro-vial-en-yopal-murio-una-mujer-tras-colision-con-un-agente-de-transito\/#primaryimage"},"image":{"@id":"https:\/\/marthacifuentes.com\/portada\/en-siniestro-vial-en-yopal-murio-una-mujer-tras-colision-con-un-agente-de-transito\/#primaryimage"},"thumbnailUrl":"https:\/\/marthacifuentes.com\/portada\/wp-content\/uploads\/2025\/04\/FOTO-PORTADA-MARYERIS-ACCIDENTE-TRANSITO-AGENTE.jpg","datePublished":"2025-04-21T15:15:32+00:00","author":{"@id":"https:\/\/marthacifuentes.com\/portada\/#\/schema\/person\/57f53174b991db5f90ff78d58502b714"},"breadcrumb":{"@id":"https:\/\/marthacifuentes.com\/portada\/en-siniestro-vial-en-yopal-murio-una-mujer-tras-colision-con-un-agente-de-transito\/#breadcrumb"},"inLanguage":"es","potentialAction":[{"@type":"ReadAction","target":["https:\/\/marthacifuentes.com\/portada\/en-siniestro-vial-en-yopal-murio-una-mujer-tras-colision-con-un-agente-de-transito\/"]}]},{"@type":"ImageObject","inLanguage":"es","@id":"https:\/\/marthacifuentes.com\/portada\/en-siniestro-vial-en-yopal-murio-una-mujer-tras-colision-con-un-agente-de-transito\/#primaryimage","url":"https:\/\/marthacifuentes.com\/portada\/wp-content\/uploads\/2025\/04\/FOTO-PORTADA-MARYERIS-ACCIDENTE-TRANSITO-AGENTE.jpg","contentUrl":"https:\/\/marthacifuentes.com\/portada\/wp-content\/uploads\/2025\/04\/FOTO-PORTADA-MARYERIS-ACCIDENTE-TRANSITO-AGENTE.jpg","width":887,"height":498},{"@type":"BreadcrumbList","@id":"https:\/\/marthacifuentes.com\/portada\/en-siniestro-vial-en-yopal-murio-una-mujer-tras-colision-con-un-agente-de-transito\/#breadcrumb","itemListElement":[{"@type":"ListItem","position":1,"name":"Portada","item":"https:\/\/marthacifuentes.com\/portada\/"},{"@type":"ListItem","position":2,"name":"En siniestro vial en Yopal muri\u00f3 una mujer tras colisi\u00f3n con un agente de tr\u00e1nsito"}]},{"@type":"WebSite","@id":"https:\/\/marthacifuentes.com\/portada\/#website","url":"https:\/\/marthacifuentes.com\/portada\/","name":"\u25b7 Noticias de Casanare : Martha Cifuentes | Casanare","description":"Noticias &amp; Contenidos","potentialAction":[{"@type":"SearchAction","target":{"@type":"EntryPoint","urlTemplate":"https:\/\/marthacifuentes.com\/portada\/?s={search_term_string}"},"query-input":{"@type":"PropertyValueSpecification","valueRequired":true,"valueName":"search_term_string"}}],"inLanguage":"es"},{"@type":"Person","@id":"https:\/\/marthacifuentes.com\/portada\/#\/schema\/person\/57f53174b991db5f90ff78d58502b714","name":"Martha Cifuentes","image":{"@type":"ImageObject","inLanguage":"es","@id":"https:\/\/marthacifuentes.com\/portada\/#\/schema\/person\/image\/","url":"http:\/\/marthacifuentes.com\/portada\/wp-content\/uploads\/2018\/06\/avatar_user_2_1528838701-96x96.jpg","contentUrl":"http:\/\/marthacifuentes.com\/portada\/wp-content\/uploads\/2018\/06\/avatar_user_2_1528838701-96x96.jpg","caption":"Martha Cifuentes"},"sameAs":["http:\/\/www.marthacifuentes.com"],"url":"https:\/\/marthacifuentes.com\/portada\/author\/martha\/"}]}},"_links":{"self":[{"href":"https:\/\/marthacifuentes.com\/portada\/wp-json\/wp\/v2\/posts\/35135","targetHints":{"allow":["GET"]}}],"collection":[{"href":"https:\/\/marthacifuentes.com\/portada\/wp-json\/wp\/v2\/posts"}],"about":[{"href":"https:\/\/marthacifuentes.com\/portada\/wp-json\/wp\/v2\/types\/post"}],"author":[{"embeddable":true,"href":"https:\/\/marthacifuentes.com\/portada\/wp-json\/wp\/v2\/users\/2"}],"replies":[{"embeddable":true,"href":"https:\/\/marthacifuentes.com\/portada\/wp-json\/wp\/v2\/comments?post=35135"}],"version-history":[{"count":1,"href":"https:\/\/marthacifuentes.com\/portada\/wp-json\/wp\/v2\/posts\/35135\/revisions"}],"predecessor-version":[{"id":35137,"href":"https:\/\/marthacifuentes.com\/portada\/wp-json\/wp\/v2\/posts\/35135\/revisions\/35137"}],"wp:featuredmedia":[{"embeddable":true,"href":"https:\/\/marthacifuentes.com\/portada\/wp-json\/wp\/v2\/media\/35132"}],"wp:attachment":[{"href":"https:\/\/marthacifuentes.com\/portada\/wp-json\/wp\/v2\/media?parent=35135"}],"wp:term":[{"taxonomy":"category","embeddable":true,"href":"https:\/\/marthacifuentes.com\/portada\/wp-json\/wp\/v2\/categories?post=35135"},{"taxonomy":"post_tag","embeddable":true,"href":"https:\/\/marthacifuentes.com\/portada\/wp-json\/wp\/v2\/tags?post=35135"}],"curies":[{"name":"wp","href":"https:\/\/api.w.org\/{rel}","templated":true}]}}