{"id":35169,"date":"2025-04-24T11:33:01","date_gmt":"2025-04-24T16:33:01","guid":{"rendered":"https:\/\/marthacifuentes.com\/portada\/?p=35169"},"modified":"2025-04-24T11:33:01","modified_gmt":"2025-04-24T16:33:01","slug":"felipe-bayon-expresidente-de-ecopetrol-nuevo-ceo-de-geopark","status":"publish","type":"post","link":"https:\/\/marthacifuentes.com\/portada\/felipe-bayon-expresidente-de-ecopetrol-nuevo-ceo-de-geopark\/","title":{"rendered":"Felipe Bay\u00f3n, expresidente de Ecopetrol, nuevo CEO de GeoPark"},"content":{"rendered":"<p>Uno de los nombres m\u00e1s reconocidos de la industria energ\u00e9tica colombiana vuelve a ocupar un puesto clave en el sector. Se trata de <strong>Felipe Bay\u00f3n<\/strong>, quien fuera presidente de <strong>Ecopetrol<\/strong> entre 2017 y 2023, y quien ahora asumir\u00e1 la direcci\u00f3n de la multinacional <strong>GeoPark<\/strong>, compa\u00f1\u00eda energ\u00e9tica con m\u00e1s de 20 a\u00f1os de operaciones en Am\u00e9rica Latina.<\/p>\n<p>El anuncio fue hecho por GeoPark este 24 de abril, informando que Bay\u00f3n se convertir\u00e1 en su nuevo <strong>Chief Executive Officer (CEO)<\/strong> y miembro del Directorio a partir del pr\u00f3ximo 1 de junio. Su llegada marca el fin del ciclo de Andr\u00e9s Ocampo, quien renunci\u00f3 por motivos personales tras 15 a\u00f1os en la empresa, tres de ellos como CEO.<\/p>\n<p>&nbsp;<\/p>\n<p><strong>\u00bfQui\u00e9n es Felipe Bay\u00f3n?<\/strong><\/p>\n<p>Con una trayectoria de m\u00e1s de 30 a\u00f1os en la industria del petr\u00f3leo y gas, el ingeniero mec\u00e1nico Felipe Bay\u00f3n es una figura clave del sector energ\u00e9tico latinoamericano. Lider\u00f3 a Ecopetrol en su expansi\u00f3n hacia los no convencionales en EE. UU., el offshore brasile\u00f1o junto a Shell, y la consolidaci\u00f3n del grupo en el sector el\u00e9ctrico y las energ\u00edas renovables.<\/p>\n<p>Su perfil t\u00e9cnico y estrat\u00e9gico, forjado en compa\u00f1\u00edas como <strong>Shell<\/strong> y <strong>BP<\/strong>, le ha dado reconocimiento internacional por su capacidad para integrar exploraci\u00f3n, sostenibilidad y negocios complejos. Ahora, en GeoPark, liderar\u00e1 el reto de ampliar la escala de la empresa y consolidar su presencia regional.<\/p>\n<p>&nbsp;<\/p>\n<p><strong>Nuevo cap\u00edtulo para GeoPark<\/strong><\/p>\n<p>La presidenta del directorio, <strong>Sylvia Escovar<\/strong>, asegur\u00f3 que la llegada de Bay\u00f3n representa una etapa de \u201ccrecimiento transformacional\u201d para la compa\u00f1\u00eda. \u201cFelipe es un verdadero explorador, operador y consolidador\u201d, afirm\u00f3, destacando sus valores de liderazgo y su experiencia en mercados y cuencas claves para el negocio.<\/p>\n<p>Por su parte, Bay\u00f3n expres\u00f3 sentirse \u201chonrado y emocionado\u201d por la confianza que le otorga la compa\u00f1\u00eda y su junta directiva:<\/p>\n<p><em>\u201cEl momento es propicio, el respaldo es firme y el equipo est\u00e1 listo para avanzar\u201d<\/em>, declar\u00f3.<\/p>\n<h2 data-start=\"2410\" data-end=\"2549\"><strong>Otras noticias\u2026<\/strong><\/h2>\n<p><iframe loading=\"lazy\" class=\"wp-embedded-content\" title=\"\u00ab\u2712\ufe0f \u201cDonde el llano escribe su alma\u201d: Casanare llega con 156 obras a la Feria del Libro de Bogot\u00e1 2025\u00bb \u2014 \u25b7 Noticias de Casanare : Martha Cifuentes | Casanare\" src=\"https:\/\/marthacifuentes.com\/portada\/2025\/04\/24\/%e2%9c%92%ef%b8%8f-donde-el-llano-escribe-su-alma-casanare-llega-con-156-obras-a-la-feria-del-libro-de-bogota-2025\/embed\/#?secret=i0cZYkMLDp#?secret=tJbSIsdO20\" width=\"600\" height=\"602\" frameborder=\"0\" marginwidth=\"0\" marginheight=\"0\" scrolling=\"no\" sandbox=\"allow-scripts\" data-secret=\"tJbSIsdO20\" data-mce-fragment=\"1\"><\/iframe><\/p>\n<p><iframe loading=\"lazy\" class=\"wp-embedded-content\" title=\"\u00abOjo con la pesca en Casanare. Est\u00e1 en periodo de veda para proteger las especies\u00bb \u2014 \u25b7 Noticias de Casanare : Martha Cifuentes | Casanare\" src=\"https:\/\/marthacifuentes.com\/portada\/2025\/04\/24\/ojo-con-la-pesca-en-casanare-esta-en-periodo-de-veda-para-proteger-las-especies\/embed\/#?secret=FVTykRcJZU#?secret=dDE1CcjF5r\" width=\"600\" height=\"598\" frameborder=\"0\" marginwidth=\"0\" marginheight=\"0\" scrolling=\"no\" sandbox=\"allow-scripts\" data-secret=\"dDE1CcjF5r\" data-mce-fragment=\"1\"><\/iframe><\/p>\n<p><iframe loading=\"lazy\" class=\"wp-embedded-content\" title=\"\u00abSupernotariado inspecciona a Catasig SAS en Yopal: Anuncia r\u00e1pido dictamen tras reclamos por dr\u00e1stica alza de los aval\u00faos\u00bb \u2014 \u25b7 Noticias de Casanare : Martha Cifuentes | Casanare\" src=\"https:\/\/marthacifuentes.com\/portada\/2025\/04\/24\/supernotariado-inspecciona-a-catasig-sas-en-yopal-anuncia-rapido-dictamen-tras-reclamos-por-drastica-alza-de-los-avaluos\/embed\/#?secret=IoJKwGwmHu#?secret=Ehrjdcy59z\" width=\"600\" height=\"651\" frameborder=\"0\" marginwidth=\"0\" marginheight=\"0\" scrolling=\"no\" sandbox=\"allow-scripts\" data-secret=\"Ehrjdcy59z\" data-mce-fragment=\"1\"><\/iframe><\/p>\n<p><iframe loading=\"lazy\" class=\"wp-embedded-content\" title=\"\u00ab\ud83d\udd0d JEP imputa cr\u00edmenes de guerra a tres militares por \u2018falsos positivos\u2019 en Casanare: roles clave en una maquinaria de muerte\u00bb \u2014 \u25b7 Noticias de Casanare : Martha Cifuentes | Casanare\" src=\"https:\/\/marthacifuentes.com\/portada\/2025\/04\/24\/%f0%9f%94%8d-jep-imputa-crimenes-de-guerra-a-tres-militares-por-falsos-positivos-en-casanare-roles-clave-en-una-maquinaria-de-muerte\/embed\/#?secret=L2GsrXbHEp#?secret=JP2EvxKELv\" width=\"600\" height=\"651\" frameborder=\"0\" marginwidth=\"0\" marginheight=\"0\" scrolling=\"no\" sandbox=\"allow-scripts\" data-secret=\"JP2EvxKELv\" data-mce-fragment=\"1\"><\/iframe><\/p>\n<p><iframe loading=\"lazy\" class=\"wp-embedded-content\" title=\"\u00abDe cuidados intensivos a obra reactivada: Hospital de la Comuna 6 de Yopal revive\u2026 por ahora\u00bb \u2014 \u25b7 Noticias de Casanare : Martha Cifuentes | Casanare\" src=\"https:\/\/marthacifuentes.com\/portada\/2025\/04\/23\/de-cuidados-intensivos-a-obra-reactivada-hospital-de-la-comuna-6-de-yopal-revive-por-ahora\/embed\/#?secret=mwEmk9rJl5#?secret=IO1wmTqoSQ\" width=\"600\" height=\"602\" frameborder=\"0\" marginwidth=\"0\" marginheight=\"0\" scrolling=\"no\" sandbox=\"allow-scripts\" data-secret=\"IO1wmTqoSQ\" data-mce-fragment=\"1\"><\/iframe><\/p>\n<p><iframe loading=\"lazy\" class=\"wp-embedded-content\" title=\"\u00abPaz de Ariporo y Casanare en luto tras fatal siniestro vial en la variante Tunja-Bogot\u00e1\u00bb \u2014 \u25b7 Noticias de Casanare : Martha Cifuentes | Casanare\" src=\"https:\/\/marthacifuentes.com\/portada\/2025\/04\/21\/paz-de-ariporo-y-casanare-en-luto-tras-fatal-siniestro-vial-en-la-variante-tunja-bogota\/embed\/#?secret=iuAymxVzHm#?secret=w9wkaL9hc3\" width=\"600\" height=\"623\" frameborder=\"0\" marginwidth=\"0\" marginheight=\"0\" scrolling=\"no\" sandbox=\"allow-scripts\" data-secret=\"w9wkaL9hc3\" data-mce-fragment=\"1\"><\/iframe><\/p>\n<p><iframe loading=\"lazy\" class=\"wp-embedded-content\" title=\"\u00abCasanare epicentro de Cumbre de Gobernadores este 25 de abril. Agroindustria y turismo, plato fuerte.\u00bb \u2014 \u25b7 Noticias de Casanare : Martha Cifuentes | Casanare\" src=\"https:\/\/marthacifuentes.com\/portada\/2025\/04\/21\/casanare-epicentro-de-cumbre-de-gobernadores-este-25-de-abril-agroindustria-y-turismo-plato-fuerte\/embed\/#?secret=iqyGjqcKUd#?secret=rq5gb2nvlh\" width=\"600\" height=\"623\" frameborder=\"0\" marginwidth=\"0\" marginheight=\"0\" scrolling=\"no\" sandbox=\"allow-scripts\" data-secret=\"rq5gb2nvlh\" data-mce-fragment=\"1\"><\/iframe><\/p>\n<p><iframe loading=\"lazy\" class=\"wp-embedded-content\" title=\"\u00abEn siniestro vial en Yopal muri\u00f3 una mujer tras colisi\u00f3n con un agente de tr\u00e1nsito\u00bb \u2014 \u25b7 Noticias de Casanare : Martha Cifuentes | Casanare\" src=\"https:\/\/marthacifuentes.com\/portada\/2025\/04\/21\/en-siniestro-vial-en-yopal-murio-una-mujer-tras-colision-con-un-agente-de-transito\/embed\/#?secret=SGsHjTgINL#?secret=QmyaKMsVUs\" width=\"600\" height=\"600\" frameborder=\"0\" marginwidth=\"0\" marginheight=\"0\" scrolling=\"no\" sandbox=\"allow-scripts\" data-secret=\"QmyaKMsVUs\" data-mce-fragment=\"1\"><\/iframe><\/p>\n<p><iframe loading=\"lazy\" class=\"wp-embedded-content\" title=\"\u00abExparamilitares de alias \u201cMart\u00edn Llanos\u201d acusan a Lucho Herrera de la desaparici\u00f3n y muerte de 4 personas.\u00bb \u2014 \u25b7 Noticias de Casanare : Martha Cifuentes | Casanare\" src=\"https:\/\/marthacifuentes.com\/portada\/2025\/04\/21\/exparamilitares-de-alias-martin-llanos-acusan-a-lucho-herrera-de-la-desaparicion-y-muerte-de-4-personas\/embed\/#?secret=r3zuMzMKZR#?secret=eUnTqVjm0h\" width=\"600\" height=\"651\" frameborder=\"0\" marginwidth=\"0\" marginheight=\"0\" scrolling=\"no\" sandbox=\"allow-scripts\" data-secret=\"eUnTqVjm0h\" data-mce-fragment=\"1\"><\/iframe><\/p>\n<p><iframe loading=\"lazy\" class=\"wp-embedded-content\" title=\"\u00abProsperidad Social atiende a 29.465 v\u00edctimas del desplazamiento en Casanare con programas integrales y transferencias monetarias\u00bb \u2014 \u25b7 Noticias de Casanare : Martha Cifuentes | Casanare\" src=\"https:\/\/marthacifuentes.com\/portada\/2025\/04\/11\/prosperidad-social-atiende-a-29-465-victimas-del-desplazamiento-en-casanare-con-programas-integrales-y-transferencias-monetarias\/embed\/#?secret=K2kCSSTRee#?secret=o7axFq2UJD\" width=\"600\" height=\"651\" frameborder=\"0\" marginwidth=\"0\" marginheight=\"0\" scrolling=\"no\" sandbox=\"allow-scripts\" data-secret=\"o7axFq2UJD\" data-mce-fragment=\"1\"><\/iframe><\/p>\n<p><iframe loading=\"lazy\" class=\"wp-embedded-content\" title=\"\u00abAprobado en primer debate amnist\u00eda de intereses para deudores del ICETEX\u00bb \u2014 \u25b7 Noticias de Casanare : Martha Cifuentes | Casanare\" src=\"https:\/\/marthacifuentes.com\/portada\/2025\/04\/11\/aprobado-en-primer-debate-amnistia-de-intereses-para-deudores-del-icetex\/embed\/#?secret=n2us5GVJGj#?secret=1lzwf9qNSS\" width=\"600\" height=\"623\" frameborder=\"0\" marginwidth=\"0\" marginheight=\"0\" scrolling=\"no\" sandbox=\"allow-scripts\" data-secret=\"1lzwf9qNSS\" data-mce-fragment=\"1\"><\/iframe><\/p>\n<p><iframe loading=\"lazy\" class=\"wp-embedded-content\" title=\"\u00abAprobado en primer debate amnist\u00eda de intereses para deudores del ICETEX\u00bb \u2014 \u25b7 Noticias de Casanare : Martha Cifuentes | Casanare\" src=\"https:\/\/marthacifuentes.com\/portada\/2025\/04\/11\/aprobado-en-primer-debate-amnistia-de-intereses-para-deudores-del-icetex\/embed\/#?secret=n2us5GVJGj#?secret=1lzwf9qNSS\" width=\"600\" height=\"623\" frameborder=\"0\" marginwidth=\"0\" marginheight=\"0\" scrolling=\"no\" sandbox=\"allow-scripts\" data-secret=\"1lzwf9qNSS\" data-mce-fragment=\"1\"><\/iframe><\/p>\n<p><iframe loading=\"lazy\" class=\"wp-embedded-content\" title=\"\u00abGobernaci\u00f3n de Casanare siembra 80 \u00e1rboles en homenaje a las v\u00edctimas del conflicto armado en el D\u00eda Nacional de la Memoria\u00bb \u2014 \u25b7 Noticias de Casanare : Martha Cifuentes | Casanare\" src=\"https:\/\/marthacifuentes.com\/portada\/2025\/04\/11\/gobernacion-de-casanare-siembra-80-arboles-en-homenaje-a-las-victimas-del-conflicto-armado-en-el-dia-nacional-de-la-memoria\/embed\/#?secret=R4ppFIoo6s#?secret=xVzwHxiuEh\" width=\"600\" height=\"630\" frameborder=\"0\" marginwidth=\"0\" marginheight=\"0\" scrolling=\"no\" sandbox=\"allow-scripts\" data-secret=\"xVzwHxiuEh\" data-mce-fragment=\"1\"><\/iframe><\/p>\n<p><iframe loading=\"lazy\" class=\"wp-embedded-content\" title=\"\u00abEn Encuentro Nacional de la Orinoquia gobernador de Casanare present\u00f3 plan de agroindustrializaci\u00f3n. Se busca reducir dependencia del petr\u00f3leo\u00bb \u2014 \u25b7 Noticias de Casanare : Martha Cifuentes | Casanare\" src=\"https:\/\/marthacifuentes.com\/portada\/2025\/04\/11\/en-encuentro-nacional-de-la-orinoquia-gobernador-de-casanare-presento-plan-de-agroindustrializacion-se-busca-reducir-dependencia-del-petroleo\/embed\/#?secret=cVANz9PJMd#?secret=lthOKUovnf\" width=\"600\" height=\"651\" frameborder=\"0\" marginwidth=\"0\" marginheight=\"0\" scrolling=\"no\" sandbox=\"allow-scripts\" data-secret=\"lthOKUovnf\" data-mce-fragment=\"1\"><\/iframe><\/p>\n<p><iframe loading=\"lazy\" class=\"wp-embedded-content\" title=\"\u00abDesde hoy, due\u00f1os de cerca de 60 mil predios en Yopal podr\u00e1n ver reliquidaciones del impuesto predial tras correcci\u00f3n de errores en cobros\u00bb \u2014 \u25b7 Noticias de Casanare : Martha Cifuentes | Casanare\" src=\"https:\/\/marthacifuentes.com\/portada\/2025\/04\/11\/desde-hoy-duenos-de-cerca-de-60-mil-predios-en-yopal-podran-ver-reliquidaciones-del-impuesto-predial-tras-correccion-de-errores-en-cobros\/embed\/#?secret=u4jaqVXrtt#?secret=AbGZ0Z0cRK\" width=\"600\" height=\"652\" frameborder=\"0\" marginwidth=\"0\" marginheight=\"0\" scrolling=\"no\" sandbox=\"allow-scripts\" data-secret=\"AbGZ0Z0cRK\" data-mce-fragment=\"1\"><\/iframe><\/p>\n<p><iframe loading=\"lazy\" class=\"wp-embedded-content\" title=\"\u00abAsamblea de Casanare debatir\u00e1 supresi\u00f3n de cargo administrativo y afectada interpone tutela por derecho al trabajo\u00bb \u2014 \u25b7 Noticias de Casanare : Martha Cifuentes | Casanare\" src=\"https:\/\/marthacifuentes.com\/portada\/2025\/04\/10\/asamblea-de-casanare-debatira-supresion-de-cargo-administrativo-y-afectada-interpone-tutela-por-derecho-al-trabajo\/embed\/#?secret=aAQQSPycTF#?secret=Tj4QFJ5tqY\" width=\"600\" height=\"651\" frameborder=\"0\" marginwidth=\"0\" marginheight=\"0\" scrolling=\"no\" sandbox=\"allow-scripts\" data-secret=\"Tj4QFJ5tqY\" data-mce-fragment=\"1\"><\/iframe><\/p>\n<p><iframe loading=\"lazy\" class=\"wp-embedded-content\" title=\"\u00abEn Semana Santa: En Yopal se proh\u00edbe circulaci\u00f3n nocturna de motos para evitar siniestros viales\u00bb \u2014 \u25b7 Noticias de Casanare : Martha Cifuentes | Casanare\" src=\"https:\/\/marthacifuentes.com\/portada\/2025\/04\/10\/en-semana-santa-en-yopal-se-prohibe-circulacion-nocturna-de-motos-para-evitar-siniestros-viales\/embed\/#?secret=1bHOzbuvyE#?secret=KKCBiHcAiV\" width=\"600\" height=\"601\" frameborder=\"0\" marginwidth=\"0\" marginheight=\"0\" scrolling=\"no\" sandbox=\"allow-scripts\" data-secret=\"KKCBiHcAiV\" data-mce-fragment=\"1\"><\/iframe><\/p>\n<p><iframe loading=\"lazy\" class=\"wp-embedded-content\" title=\"\u00abConcejales de Trinidad se aferran a sus curules: Apelaron fallo de p\u00e9rdida de investidura\u00bb \u2014 \u25b7 Noticias de Casanare : Martha Cifuentes | Casanare\" src=\"https:\/\/marthacifuentes.com\/portada\/2025\/04\/09\/concejales-de-trinidad-se-aferran-a-sus-curules-apelaron-fallo-de-perdida-de-investidura\/embed\/#?secret=uC9NuALdb6#?secret=VUNnTaA6eL\" width=\"600\" height=\"624\" frameborder=\"0\" marginwidth=\"0\" marginheight=\"0\" scrolling=\"no\" sandbox=\"allow-scripts\" data-secret=\"VUNnTaA6eL\" data-mce-fragment=\"1\"><\/iframe><\/p>\n<p><iframe loading=\"lazy\" class=\"wp-embedded-content\" title=\"\u00abEAAAY aclara que no apel\u00f3 sentencia sobre contrato con SSYAM y pidi\u00f3 correcci\u00f3n al Tribunal\u00bb \u2014 \u25b7 Noticias de Casanare : Martha Cifuentes | Casanare\" src=\"https:\/\/marthacifuentes.com\/portada\/2025\/04\/08\/eaaay-aclara-que-no-apelo-sentencia-sobre-contrato-con-ssyam-y-pedira-correccion-al-tribunal\/embed\/#?secret=gV5cOPuHHw#?secret=gGCCZaww6E\" width=\"600\" height=\"622\" frameborder=\"0\" marginwidth=\"0\" marginheight=\"0\" scrolling=\"no\" sandbox=\"allow-scripts\" data-secret=\"gGCCZaww6E\" data-mce-fragment=\"1\"><\/iframe><\/p>\n<p><iframe loading=\"lazy\" class=\"wp-embedded-content\" title=\"\u00abB\u00fasqueda de desaparecidos en Tauramena: entre la esperanza y los desaf\u00edos\u00bb \u2014 \u25b7 Noticias de Casanare : Martha Cifuentes | Casanare\" src=\"https:\/\/marthacifuentes.com\/portada\/2025\/04\/08\/busqueda-de-desaparecidos-en-tauramena-entre-la-esperanza-y-los-desafios\/embed\/#?secret=v1wjexGsGl#?secret=3DklukVibP\" width=\"600\" height=\"623\" frameborder=\"0\" marginwidth=\"0\" marginheight=\"0\" scrolling=\"no\" sandbox=\"allow-scripts\" data-secret=\"3DklukVibP\" data-mce-fragment=\"1\"><\/iframe><\/p>\n<p><iframe loading=\"lazy\" class=\"wp-embedded-content\" title=\"\u00abLa EAAAY, intervenida por Superservicios, apel\u00f3 fallo que ordenaba suspender cuestionado contrato con SSYAM\u00bb \u2014 \u25b7 Noticias de Casanare : Martha Cifuentes | Casanare\" src=\"https:\/\/marthacifuentes.com\/portada\/2025\/04\/08\/la-eaaay-intervenida-por-superservicios-apelo-fallo-que-ordenaba-suspender-cuestionado-contrato-con-ssyam-2\/embed\/#?secret=LPPYddEejT#?secret=QeygEc8Rvf\" width=\"600\" height=\"651\" frameborder=\"0\" marginwidth=\"0\" marginheight=\"0\" scrolling=\"no\" sandbox=\"allow-scripts\" data-secret=\"QeygEc8Rvf\" data-mce-fragment=\"1\"><\/iframe><\/p>\n<p><iframe loading=\"lazy\" class=\"wp-embedded-content\" title=\"\u00abLa EAAAY, intervenida por Superservicios, apel\u00f3 fallo que ordenaba suspender cuestionado contrato con SSYAM\u00bb \u2014 \u25b7 Noticias de Casanare : Martha Cifuentes | Casanare\" src=\"https:\/\/marthacifuentes.com\/portada\/2025\/04\/07\/la-eaaay-intervenida-por-superservicios-apelo-fallo-que-ordenaba-suspender-cuestionado-contrato-con-ssyam\/embed\/#?secret=oWxmMd20hv#?secret=RXlqReKGVU\" width=\"600\" height=\"650\" frameborder=\"0\" marginwidth=\"0\" marginheight=\"0\" scrolling=\"no\" sandbox=\"allow-scripts\" data-secret=\"RXlqReKGVU\" data-mce-fragment=\"1\"><\/iframe><\/p>\n<p><iframe loading=\"lazy\" class=\"wp-embedded-content\" title=\"\u00abPara finales de abril, audiencia de p\u00e9rdida de investidura de diputada Marisela Duarte\u00bb \u2014 \u25b7 Noticias de Casanare : Martha Cifuentes | Casanare\" src=\"https:\/\/marthacifuentes.com\/portada\/2025\/04\/07\/para-finales-de-abril-audiencia-de-perdida-de-investidura-de-diputada-marisela-duarte\/embed\/#?secret=y4ON2yfeFv#?secret=V069hgdgFL\" width=\"600\" height=\"624\" frameborder=\"0\" marginwidth=\"0\" marginheight=\"0\" scrolling=\"no\" sandbox=\"allow-scripts\" data-secret=\"V069hgdgFL\" data-mce-fragment=\"1\"><\/iframe><\/p>\n<p><iframe loading=\"lazy\" class=\"wp-embedded-content\" title=\"\u00abTras libertad de 5 casanare\u00f1os secuestrados en Arauca emerge cruda realidad: denunciar en vano, pagar extorsiones o sufrir plagio\u00bb \u2014 \u25b7 Noticias de Casanare : Martha Cifuentes | Casanare\" src=\"https:\/\/marthacifuentes.com\/portada\/2025\/04\/07\/tras-libertad-de-5-casanarenos-secuestrados-en-arauca-emerge-cruda-realidad-denunciar-en-vano-pagar-extorsiones-o-sufrir-plagio\/embed\/#?secret=Yc2HhjXnxb#?secret=IGr5DngKcw\" width=\"600\" height=\"576\" frameborder=\"0\" marginwidth=\"0\" marginheight=\"0\" scrolling=\"no\" sandbox=\"allow-scripts\" data-secret=\"IGr5DngKcw\" data-mce-fragment=\"1\"><\/iframe><\/p>\n<p><iframe loading=\"lazy\" class=\"wp-embedded-content\" title=\"\u00abUna comerciante de Villanueva, Casanare y un ciudadano de Corozal, Sucre, las v\u00edctimas fatales de siniestro vial en Monterrey\u00bb \u2014 \u25b7 Noticias de Casanare : Martha Cifuentes | Casanare\" src=\"https:\/\/marthacifuentes.com\/portada\/2025\/04\/04\/una-comerciante-de-villanueva-casanare-y-un-ciudadano-de-corozal-sucre-las-victimas-fatales-de-siniestro-vial-en-monterrey\/embed\/#?secret=FuQBin8vg8#?secret=EGyFZa3erI\" width=\"600\" height=\"651\" frameborder=\"0\" marginwidth=\"0\" marginheight=\"0\" scrolling=\"no\" sandbox=\"allow-scripts\" data-secret=\"EGyFZa3erI\" data-mce-fragment=\"1\"><\/iframe><\/p>\n<p><iframe loading=\"lazy\" class=\"wp-embedded-content\" title=\"\u00abAlias \u2018Mart\u00edn llanos\u2019, ahora gestor de paz, pide liberaci\u00f3n de casanare\u00f1os secuestrados\u00bb \u2014 \u25b7 Noticias de Casanare : Martha Cifuentes | Casanare\" src=\"https:\/\/marthacifuentes.com\/portada\/2025\/04\/04\/alias-martin-llanos-ahora-gestor-de-paz-pide-liberacion-de-casanarenos-secuestrados\/embed\/#?secret=QUny4dkL79#?secret=RhqsxRgDwM\" width=\"600\" height=\"624\" frameborder=\"0\" marginwidth=\"0\" marginheight=\"0\" scrolling=\"no\" sandbox=\"allow-scripts\" data-secret=\"RhqsxRgDwM\" data-mce-fragment=\"1\"><\/iframe><\/p>\n<p><iframe loading=\"lazy\" class=\"wp-embedded-content\" title=\"\u00abC\u00e1mara de Comercio de Casanare presenta RUTA D: estrategia de apoyo para emprendedores\u00bb \u2014 \u25b7 Noticias de Casanare : Martha Cifuentes | Casanare\" src=\"https:\/\/marthacifuentes.com\/portada\/2025\/04\/04\/camara-de-comercio-de-casanare-presenta-ruta-d-estrategia-de-apoyo-para-emprendedores\/embed\/#?secret=SjCMWjr9q0#?secret=v9xSEe9Xyu\" width=\"600\" height=\"644\" frameborder=\"0\" marginwidth=\"0\" marginheight=\"0\" scrolling=\"no\" sandbox=\"allow-scripts\" data-secret=\"v9xSEe9Xyu\" data-mce-fragment=\"1\"><\/iframe><\/p>\n<p><iframe loading=\"lazy\" class=\"wp-embedded-content\" title=\"\u00ab\u00a1Debajo de la tierra y con 50 mil millones en droga! Ej\u00e9rcito le cae al Clan del Golfo en Orocu\u00e9\u00bb \u2014 \u25b7 Noticias de Casanare : Martha Cifuentes | Casanare\" src=\"https:\/\/marthacifuentes.com\/portada\/2025\/04\/04\/debajo-de-la-tierra-y-con-50-mil-millones-en-droga-ejercito-le-cae-al-clan-del-golfo-en-orocue\/embed\/#?secret=RdRIoT4hs0#?secret=y8FURjMhKm\" width=\"600\" height=\"576\" frameborder=\"0\" marginwidth=\"0\" marginheight=\"0\" scrolling=\"no\" sandbox=\"allow-scripts\" data-secret=\"y8FURjMhKm\" data-mce-fragment=\"1\"><\/iframe><\/p>\n<p><iframe loading=\"lazy\" class=\"wp-embedded-content\" title=\"\u00abELN admite secuestro de 5 ganaderos de Casanare: los acusa de colaborar con disidencias de las Farc y anuncia \u2018juicio\u2019 bajo sus reglas\u00bb \u2014 \u25b7 Noticias de Casanare : Martha Cifuentes | Casanare\" src=\"https:\/\/marthacifuentes.com\/portada\/2025\/04\/03\/eln-admite-secuestro-de-5-ganaderos-de-casanare-los-acusa-de-colaborar-con-disidencias-de-las-farc-y-anuncia-juicio-bajo-sus-reglas\/embed\/#?secret=tUTZ05kWKt#?secret=32Iz5Du9lQ\" width=\"600\" height=\"651\" frameborder=\"0\" marginwidth=\"0\" marginheight=\"0\" scrolling=\"no\" sandbox=\"allow-scripts\" data-secret=\"32Iz5Du9lQ\" data-mce-fragment=\"1\"><\/iframe><\/p>\n<p><iframe loading=\"lazy\" class=\"wp-embedded-content\" title=\"\u00abAdmitida acci\u00f3n popular contra actualizaci\u00f3n catastral de Yopal. Medida cautelar de suspensi\u00f3n qued\u00f3 pendiente.\u00bb \u2014 \u25b7 Noticias de Casanare : Martha Cifuentes | Casanare\" src=\"https:\/\/marthacifuentes.com\/portada\/2025\/04\/02\/admitida-accion-popular-contra-actualizacion-catastral-de-yopal-medida-cautelar-de-suspension-quedo-pendiente\/embed\/#?secret=6uuNwFoJwg#?secret=mi6TEwtJwp\" width=\"600\" height=\"589\" frameborder=\"0\" marginwidth=\"0\" marginheight=\"0\" scrolling=\"no\" sandbox=\"allow-scripts\" data-secret=\"mi6TEwtJwp\" data-mce-fragment=\"1\"><\/iframe><\/p>\n<p><iframe loading=\"lazy\" class=\"wp-embedded-content\" title=\"\u00abCon menores costos, Gobernaci\u00f3n de Casanare inicia pavimento de 14 km. de v\u00edas rurales en Paz de Ariporo\u00bb \u2014 \u25b7 Noticias de Casanare : Martha Cifuentes | Casanare\" src=\"https:\/\/marthacifuentes.com\/portada\/2025\/04\/01\/con-menores-costos-gobernacion-de-casanare-inicia-pavimento-de-14-km-de-vias-rurales-en-paz-de-ariporo\/embed\/#?secret=cYlG3KEeRO#?secret=UWjqhKCNIh\" width=\"600\" height=\"623\" frameborder=\"0\" marginwidth=\"0\" marginheight=\"0\" scrolling=\"no\" sandbox=\"allow-scripts\" data-secret=\"UWjqhKCNIh\" data-mce-fragment=\"1\"><\/iframe><\/p>\n<p><iframe loading=\"lazy\" class=\"wp-embedded-content\" title=\"\u00abEntre el miedo y la esperanza: familias exigen liberaci\u00f3n de cinco casanare\u00f1os secuestrados. Esto es lo que se sabe.\u00bb \u2014 \u25b7 Noticias de Casanare : Martha Cifuentes | Casanare\" src=\"https:\/\/marthacifuentes.com\/portada\/2025\/04\/01\/entre-el-miedo-y-la-esperanza-familias-exigen-liberacion-de-cinco-casanarenos-secuestrados-esto-es-lo-que-se-sabe\/embed\/#?secret=4AyVCbKCSt#?secret=9OF2mmT2xK\" width=\"600\" height=\"652\" frameborder=\"0\" marginwidth=\"0\" marginheight=\"0\" scrolling=\"no\" sandbox=\"allow-scripts\" data-secret=\"9OF2mmT2xK\" data-mce-fragment=\"1\"><\/iframe><\/p>\n<p><iframe loading=\"lazy\" class=\"wp-embedded-content\" title=\"\u00abSecuestro masivo en Paz de Ariporo, Casanare: Al menos 5 agricultores desaparecidos entre Tame y Arauca\u00bb \u2014 \u25b7 Noticias de Casanare : Martha Cifuentes | Casanare\" src=\"https:\/\/marthacifuentes.com\/portada\/2025\/03\/31\/secuestro-masivo-en-paz-de-ariporo-casanare-al-menos-5-agricultores-desaparecidos-entre-tame-y-arauca\/embed\/#?secret=6lt4fGnI6o#?secret=8ShYpGJp7G\" width=\"600\" height=\"652\" frameborder=\"0\" marginwidth=\"0\" marginheight=\"0\" scrolling=\"no\" sandbox=\"allow-scripts\" data-secret=\"8ShYpGJp7G\" data-mce-fragment=\"1\"><\/iframe><\/p>\n<p><iframe loading=\"lazy\" class=\"wp-embedded-content\" title=\"\u00abTribunal absuelve a exconcejal de Yopal Nelson Figueroa: \u201cNo hubo estafa, sino incumplimiento civil\u201d\u00bb \u2014 \u25b7 Noticias de Casanare : Martha Cifuentes | Casanare\" src=\"https:\/\/marthacifuentes.com\/portada\/2025\/03\/28\/tribunal-absuelve-a-exconcejal-de-yopal-nelson-figueroa-no-hubo-estafa-sino-incumplimiento-civil\/embed\/#?secret=Cpx7WnRQSx#?secret=v1w1LTG9Lr\" width=\"600\" height=\"624\" frameborder=\"0\" marginwidth=\"0\" marginheight=\"0\" scrolling=\"no\" sandbox=\"allow-scripts\" data-secret=\"v1w1LTG9Lr\" data-mce-fragment=\"1\"><\/iframe><\/p>\n<p><iframe loading=\"lazy\" class=\"wp-embedded-content\" title=\"\u00abFamilias damnificadas por invierno en veredas apartadas de Casanare reciben ayuda urgente\u00bb \u2014 \u25b7 Noticias de Casanare : Martha Cifuentes | Casanare\" src=\"https:\/\/marthacifuentes.com\/portada\/2025\/03\/27\/familias-damnificadas-por-invierno-en-veredas-apartadas-de-casanare-reciben-ayuda-urgente\/embed\/#?secret=YLsshj3uwt#?secret=ThxJdybUa9\" width=\"600\" height=\"622\" frameborder=\"0\" marginwidth=\"0\" marginheight=\"0\" scrolling=\"no\" sandbox=\"allow-scripts\" data-secret=\"ThxJdybUa9\" data-mce-fragment=\"1\"><\/iframe><\/p>\n","protected":false},"excerpt":{"rendered":"<p>Uno de los nombres m\u00e1s reconocidos de la industria energ\u00e9tica colombiana vuelve a ocupar un puesto clave en el sector. Se trata de Felipe Bay\u00f3n, quien fuera presidente de Ecopetrol entre 2017 y 2023, y quien ahora asumir\u00e1 la direcci\u00f3n de la multinacional GeoPark, compa\u00f1\u00eda energ\u00e9tica con m\u00e1s de 20 a\u00f1os de operaciones en Am\u00e9rica &hellip;<\/p>\n","protected":false},"author":2,"featured_media":35162,"comment_status":"open","ping_status":"open","sticky":false,"template":"","format":"standard","meta":{"om_disable_all_campaigns":false,"_exactmetrics_skip_tracking":false,"_exactmetrics_sitenote_active":false,"_exactmetrics_sitenote_note":"","_exactmetrics_sitenote_category":0,"_monsterinsights_skip_tracking":false,"_monsterinsights_sitenote_active":false,"_monsterinsights_sitenote_note":"","_monsterinsights_sitenote_category":0,"_uf_show_specific_survey":0,"_uf_disable_surveys":false,"_joinchat":[],"footnotes":""},"categories":[147,146,145],"tags":[12290,12285,12283,12286,12287,12291,1400,12289,12282,12284,12292,12288],"class_list":["post-35169","post","type-post","status-publish","format-standard","has-post-thumbnail","hentry","category-actualidad","category-noticias","category-reportajes","tag-cambio-de-direccion-en-geopark","tag-expresidente-de-ecopetrol","tag-felipe-bayon-geopark","tag-liderazgo-en-la-industria-energetica","tag-multinacional-petrolera-geopark","tag-nombramiento-de-ceo","tag-noticias-casanare","tag-noticias-de-petroleo-en-colombia","tag-noticias-geopark","tag-nuevo-ceo-geopark-2025","tag-sector-energetico-latinoamericano","tag-trayectoria-de-felipe-bayon"],"yoast_head":"<!-- This site is optimized with the Yoast SEO plugin v26.1 - https:\/\/yoast.com\/wordpress\/plugins\/seo\/ -->\n<title>Felipe Bay\u00f3n, expresidente de Ecopetrol, nuevo CEO de GeoPark - \u25b7 Noticias de Casanare : Martha Cifuentes | Casanare<\/title>\n<meta name=\"robots\" content=\"index, follow, max-snippet:-1, max-image-preview:large, max-video-preview:-1\" \/>\n<link rel=\"canonical\" href=\"https:\/\/marthacifuentes.com\/portada\/felipe-bayon-expresidente-de-ecopetrol-nuevo-ceo-de-geopark\/\" \/>\n<meta property=\"og:locale\" content=\"es_ES\" \/>\n<meta property=\"og:type\" content=\"article\" \/>\n<meta property=\"og:title\" content=\"Felipe Bay\u00f3n, expresidente de Ecopetrol, nuevo CEO de GeoPark - \u25b7 Noticias de Casanare : Martha Cifuentes | Casanare\" \/>\n<meta property=\"og:description\" content=\"Uno de los nombres m\u00e1s reconocidos de la industria energ\u00e9tica colombiana vuelve a ocupar un puesto clave en el sector. Se trata de Felipe Bay\u00f3n, quien fuera presidente de Ecopetrol entre 2017 y 2023, y quien ahora asumir\u00e1 la direcci\u00f3n de la multinacional GeoPark, compa\u00f1\u00eda energ\u00e9tica con m\u00e1s de 20 a\u00f1os de operaciones en Am\u00e9rica &hellip;\" \/>\n<meta property=\"og:url\" content=\"https:\/\/marthacifuentes.com\/portada\/felipe-bayon-expresidente-de-ecopetrol-nuevo-ceo-de-geopark\/\" \/>\n<meta property=\"og:site_name\" content=\"\u25b7 Noticias de Casanare : Martha Cifuentes | Casanare\" \/>\n<meta property=\"article:published_time\" content=\"2025-04-24T16:33:01+00:00\" \/>\n<meta property=\"og:image\" content=\"https:\/\/marthacifuentes.com\/portada\/wp-content\/uploads\/2025\/04\/FOTO-PORTADA-FELIPE-BAYON-GEOPARK.jpeg\" \/>\n\t<meta property=\"og:image:width\" content=\"752\" \/>\n\t<meta property=\"og:image:height\" content=\"445\" \/>\n\t<meta property=\"og:image:type\" content=\"image\/jpeg\" \/>\n<meta name=\"author\" content=\"Martha Cifuentes\" \/>\n<meta name=\"twitter:card\" content=\"summary_large_image\" \/>\n<meta name=\"twitter:label1\" content=\"Escrito por\" \/>\n\t<meta name=\"twitter:data1\" content=\"Martha Cifuentes\" \/>\n\t<meta name=\"twitter:label2\" content=\"Tiempo de lectura\" \/>\n\t<meta name=\"twitter:data2\" content=\"2 minutos\" \/>\n<script type=\"application\/ld+json\" class=\"yoast-schema-graph\">{\"@context\":\"https:\/\/schema.org\",\"@graph\":[{\"@type\":\"WebPage\",\"@id\":\"https:\/\/marthacifuentes.com\/portada\/felipe-bayon-expresidente-de-ecopetrol-nuevo-ceo-de-geopark\/\",\"url\":\"https:\/\/marthacifuentes.com\/portada\/felipe-bayon-expresidente-de-ecopetrol-nuevo-ceo-de-geopark\/\",\"name\":\"Felipe Bay\u00f3n, expresidente de Ecopetrol, nuevo CEO de GeoPark - \u25b7 Noticias de Casanare : Martha Cifuentes | Casanare\",\"isPartOf\":{\"@id\":\"https:\/\/marthacifuentes.com\/portada\/#website\"},\"primaryImageOfPage\":{\"@id\":\"https:\/\/marthacifuentes.com\/portada\/felipe-bayon-expresidente-de-ecopetrol-nuevo-ceo-de-geopark\/#primaryimage\"},\"image\":{\"@id\":\"https:\/\/marthacifuentes.com\/portada\/felipe-bayon-expresidente-de-ecopetrol-nuevo-ceo-de-geopark\/#primaryimage\"},\"thumbnailUrl\":\"https:\/\/marthacifuentes.com\/portada\/wp-content\/uploads\/2025\/04\/FOTO-PORTADA-FELIPE-BAYON-GEOPARK.jpeg\",\"datePublished\":\"2025-04-24T16:33:01+00:00\",\"author\":{\"@id\":\"https:\/\/marthacifuentes.com\/portada\/#\/schema\/person\/57f53174b991db5f90ff78d58502b714\"},\"breadcrumb\":{\"@id\":\"https:\/\/marthacifuentes.com\/portada\/felipe-bayon-expresidente-de-ecopetrol-nuevo-ceo-de-geopark\/#breadcrumb\"},\"inLanguage\":\"es\",\"potentialAction\":[{\"@type\":\"ReadAction\",\"target\":[\"https:\/\/marthacifuentes.com\/portada\/felipe-bayon-expresidente-de-ecopetrol-nuevo-ceo-de-geopark\/\"]}]},{\"@type\":\"ImageObject\",\"inLanguage\":\"es\",\"@id\":\"https:\/\/marthacifuentes.com\/portada\/felipe-bayon-expresidente-de-ecopetrol-nuevo-ceo-de-geopark\/#primaryimage\",\"url\":\"https:\/\/marthacifuentes.com\/portada\/wp-content\/uploads\/2025\/04\/FOTO-PORTADA-FELIPE-BAYON-GEOPARK.jpeg\",\"contentUrl\":\"https:\/\/marthacifuentes.com\/portada\/wp-content\/uploads\/2025\/04\/FOTO-PORTADA-FELIPE-BAYON-GEOPARK.jpeg\",\"width\":752,\"height\":445},{\"@type\":\"BreadcrumbList\",\"@id\":\"https:\/\/marthacifuentes.com\/portada\/felipe-bayon-expresidente-de-ecopetrol-nuevo-ceo-de-geopark\/#breadcrumb\",\"itemListElement\":[{\"@type\":\"ListItem\",\"position\":1,\"name\":\"Portada\",\"item\":\"https:\/\/marthacifuentes.com\/portada\/\"},{\"@type\":\"ListItem\",\"position\":2,\"name\":\"Felipe Bay\u00f3n, expresidente de Ecopetrol, nuevo CEO de GeoPark\"}]},{\"@type\":\"WebSite\",\"@id\":\"https:\/\/marthacifuentes.com\/portada\/#website\",\"url\":\"https:\/\/marthacifuentes.com\/portada\/\",\"name\":\"\u25b7 Noticias de Casanare : Martha Cifuentes | Casanare\",\"description\":\"Noticias &amp; Contenidos\",\"potentialAction\":[{\"@type\":\"SearchAction\",\"target\":{\"@type\":\"EntryPoint\",\"urlTemplate\":\"https:\/\/marthacifuentes.com\/portada\/?s={search_term_string}\"},\"query-input\":{\"@type\":\"PropertyValueSpecification\",\"valueRequired\":true,\"valueName\":\"search_term_string\"}}],\"inLanguage\":\"es\"},{\"@type\":\"Person\",\"@id\":\"https:\/\/marthacifuentes.com\/portada\/#\/schema\/person\/57f53174b991db5f90ff78d58502b714\",\"name\":\"Martha Cifuentes\",\"image\":{\"@type\":\"ImageObject\",\"inLanguage\":\"es\",\"@id\":\"https:\/\/marthacifuentes.com\/portada\/#\/schema\/person\/image\/\",\"url\":\"http:\/\/marthacifuentes.com\/portada\/wp-content\/uploads\/2018\/06\/avatar_user_2_1528838701-96x96.jpg\",\"contentUrl\":\"http:\/\/marthacifuentes.com\/portada\/wp-content\/uploads\/2018\/06\/avatar_user_2_1528838701-96x96.jpg\",\"caption\":\"Martha Cifuentes\"},\"sameAs\":[\"http:\/\/www.marthacifuentes.com\"],\"url\":\"https:\/\/marthacifuentes.com\/portada\/author\/martha\/\"}]}<\/script>\n<!-- \/ Yoast SEO plugin. -->","yoast_head_json":{"title":"Felipe Bay\u00f3n, expresidente de Ecopetrol, nuevo CEO de GeoPark - \u25b7 Noticias de Casanare : Martha Cifuentes | Casanare","robots":{"index":"index","follow":"follow","max-snippet":"max-snippet:-1","max-image-preview":"max-image-preview:large","max-video-preview":"max-video-preview:-1"},"canonical":"https:\/\/marthacifuentes.com\/portada\/felipe-bayon-expresidente-de-ecopetrol-nuevo-ceo-de-geopark\/","og_locale":"es_ES","og_type":"article","og_title":"Felipe Bay\u00f3n, expresidente de Ecopetrol, nuevo CEO de GeoPark - \u25b7 Noticias de Casanare : Martha Cifuentes | Casanare","og_description":"Uno de los nombres m\u00e1s reconocidos de la industria energ\u00e9tica colombiana vuelve a ocupar un puesto clave en el sector. Se trata de Felipe Bay\u00f3n, quien fuera presidente de Ecopetrol entre 2017 y 2023, y quien ahora asumir\u00e1 la direcci\u00f3n de la multinacional GeoPark, compa\u00f1\u00eda energ\u00e9tica con m\u00e1s de 20 a\u00f1os de operaciones en Am\u00e9rica &hellip;","og_url":"https:\/\/marthacifuentes.com\/portada\/felipe-bayon-expresidente-de-ecopetrol-nuevo-ceo-de-geopark\/","og_site_name":"\u25b7 Noticias de Casanare : Martha Cifuentes | Casanare","article_published_time":"2025-04-24T16:33:01+00:00","og_image":[{"width":752,"height":445,"url":"https:\/\/marthacifuentes.com\/portada\/wp-content\/uploads\/2025\/04\/FOTO-PORTADA-FELIPE-BAYON-GEOPARK.jpeg","type":"image\/jpeg"}],"author":"Martha Cifuentes","twitter_card":"summary_large_image","twitter_misc":{"Escrito por":"Martha Cifuentes","Tiempo de lectura":"2 minutos"},"schema":{"@context":"https:\/\/schema.org","@graph":[{"@type":"WebPage","@id":"https:\/\/marthacifuentes.com\/portada\/felipe-bayon-expresidente-de-ecopetrol-nuevo-ceo-de-geopark\/","url":"https:\/\/marthacifuentes.com\/portada\/felipe-bayon-expresidente-de-ecopetrol-nuevo-ceo-de-geopark\/","name":"Felipe Bay\u00f3n, expresidente de Ecopetrol, nuevo CEO de GeoPark - \u25b7 Noticias de Casanare : Martha Cifuentes | Casanare","isPartOf":{"@id":"https:\/\/marthacifuentes.com\/portada\/#website"},"primaryImageOfPage":{"@id":"https:\/\/marthacifuentes.com\/portada\/felipe-bayon-expresidente-de-ecopetrol-nuevo-ceo-de-geopark\/#primaryimage"},"image":{"@id":"https:\/\/marthacifuentes.com\/portada\/felipe-bayon-expresidente-de-ecopetrol-nuevo-ceo-de-geopark\/#primaryimage"},"thumbnailUrl":"https:\/\/marthacifuentes.com\/portada\/wp-content\/uploads\/2025\/04\/FOTO-PORTADA-FELIPE-BAYON-GEOPARK.jpeg","datePublished":"2025-04-24T16:33:01+00:00","author":{"@id":"https:\/\/marthacifuentes.com\/portada\/#\/schema\/person\/57f53174b991db5f90ff78d58502b714"},"breadcrumb":{"@id":"https:\/\/marthacifuentes.com\/portada\/felipe-bayon-expresidente-de-ecopetrol-nuevo-ceo-de-geopark\/#breadcrumb"},"inLanguage":"es","potentialAction":[{"@type":"ReadAction","target":["https:\/\/marthacifuentes.com\/portada\/felipe-bayon-expresidente-de-ecopetrol-nuevo-ceo-de-geopark\/"]}]},{"@type":"ImageObject","inLanguage":"es","@id":"https:\/\/marthacifuentes.com\/portada\/felipe-bayon-expresidente-de-ecopetrol-nuevo-ceo-de-geopark\/#primaryimage","url":"https:\/\/marthacifuentes.com\/portada\/wp-content\/uploads\/2025\/04\/FOTO-PORTADA-FELIPE-BAYON-GEOPARK.jpeg","contentUrl":"https:\/\/marthacifuentes.com\/portada\/wp-content\/uploads\/2025\/04\/FOTO-PORTADA-FELIPE-BAYON-GEOPARK.jpeg","width":752,"height":445},{"@type":"BreadcrumbList","@id":"https:\/\/marthacifuentes.com\/portada\/felipe-bayon-expresidente-de-ecopetrol-nuevo-ceo-de-geopark\/#breadcrumb","itemListElement":[{"@type":"ListItem","position":1,"name":"Portada","item":"https:\/\/marthacifuentes.com\/portada\/"},{"@type":"ListItem","position":2,"name":"Felipe Bay\u00f3n, expresidente de Ecopetrol, nuevo CEO de GeoPark"}]},{"@type":"WebSite","@id":"https:\/\/marthacifuentes.com\/portada\/#website","url":"https:\/\/marthacifuentes.com\/portada\/","name":"\u25b7 Noticias de Casanare : Martha Cifuentes | Casanare","description":"Noticias &amp; Contenidos","potentialAction":[{"@type":"SearchAction","target":{"@type":"EntryPoint","urlTemplate":"https:\/\/marthacifuentes.com\/portada\/?s={search_term_string}"},"query-input":{"@type":"PropertyValueSpecification","valueRequired":true,"valueName":"search_term_string"}}],"inLanguage":"es"},{"@type":"Person","@id":"https:\/\/marthacifuentes.com\/portada\/#\/schema\/person\/57f53174b991db5f90ff78d58502b714","name":"Martha Cifuentes","image":{"@type":"ImageObject","inLanguage":"es","@id":"https:\/\/marthacifuentes.com\/portada\/#\/schema\/person\/image\/","url":"http:\/\/marthacifuentes.com\/portada\/wp-content\/uploads\/2018\/06\/avatar_user_2_1528838701-96x96.jpg","contentUrl":"http:\/\/marthacifuentes.com\/portada\/wp-content\/uploads\/2018\/06\/avatar_user_2_1528838701-96x96.jpg","caption":"Martha Cifuentes"},"sameAs":["http:\/\/www.marthacifuentes.com"],"url":"https:\/\/marthacifuentes.com\/portada\/author\/martha\/"}]}},"_links":{"self":[{"href":"https:\/\/marthacifuentes.com\/portada\/wp-json\/wp\/v2\/posts\/35169","targetHints":{"allow":["GET"]}}],"collection":[{"href":"https:\/\/marthacifuentes.com\/portada\/wp-json\/wp\/v2\/posts"}],"about":[{"href":"https:\/\/marthacifuentes.com\/portada\/wp-json\/wp\/v2\/types\/post"}],"author":[{"embeddable":true,"href":"https:\/\/marthacifuentes.com\/portada\/wp-json\/wp\/v2\/users\/2"}],"replies":[{"embeddable":true,"href":"https:\/\/marthacifuentes.com\/portada\/wp-json\/wp\/v2\/comments?post=35169"}],"version-history":[{"count":1,"href":"https:\/\/marthacifuentes.com\/portada\/wp-json\/wp\/v2\/posts\/35169\/revisions"}],"predecessor-version":[{"id":35170,"href":"https:\/\/marthacifuentes.com\/portada\/wp-json\/wp\/v2\/posts\/35169\/revisions\/35170"}],"wp:featuredmedia":[{"embeddable":true,"href":"https:\/\/marthacifuentes.com\/portada\/wp-json\/wp\/v2\/media\/35162"}],"wp:attachment":[{"href":"https:\/\/marthacifuentes.com\/portada\/wp-json\/wp\/v2\/media?parent=35169"}],"wp:term":[{"taxonomy":"category","embeddable":true,"href":"https:\/\/marthacifuentes.com\/portada\/wp-json\/wp\/v2\/categories?post=35169"},{"taxonomy":"post_tag","embeddable":true,"href":"https:\/\/marthacifuentes.com\/portada\/wp-json\/wp\/v2\/tags?post=35169"}],"curies":[{"name":"wp","href":"https:\/\/api.w.org\/{rel}","templated":true}]}}