{"id":35171,"date":"2025-04-25T09:32:07","date_gmt":"2025-04-25T14:32:07","guid":{"rendered":"https:\/\/marthacifuentes.com\/portada\/?p=35171"},"modified":"2025-04-25T09:32:07","modified_gmt":"2025-04-25T14:32:07","slug":"%f0%9f%93%b1-costo-de-17-mil-tabletas-en-casanare-genera-indagacion-en-la-procuraduria-gobernador-ha-defendido-el-proyecto","status":"publish","type":"post","link":"https:\/\/marthacifuentes.com\/portada\/%f0%9f%93%b1-costo-de-17-mil-tabletas-en-casanare-genera-indagacion-en-la-procuraduria-gobernador-ha-defendido-el-proyecto\/","title":{"rendered":"\ud83d\udcf1 Costo de 17 mil tabletas en Casanare genera indagaci\u00f3n en la Procuradur\u00eda. Gobernador ha defendido el proyecto."},"content":{"rendered":"<p>Lo que comenz\u00f3 como una apuesta por fortalecer la educaci\u00f3n digital en Casanare ha terminado bajo la lupa de los organismos de control. La <strong>Procuradur\u00eda General de la Naci\u00f3n<\/strong> anunci\u00f3 la apertura de una indagaci\u00f3n previa por presuntas irregularidades en la compra de <strong>17.158 tabletas<\/strong> adquiridas para ser distribuidas en instituciones educativas del departamento.<\/p>\n<p>La alerta se encendi\u00f3 tras una investigaci\u00f3n publicada por el diario <em>El Espectador<\/em>, que cuestion\u00f3 el valor de los dispositivos: <strong>$989.900 por unidad<\/strong>, en un mercado donde equipos similares \u2014seg\u00fan voceros de la veedur\u00eda ciudadana\u2014 podr\u00edan costar entre <strong>$600.000 y $650.000<\/strong>. \u201cHaciendo una b\u00fasqueda r\u00e1pida en internet, uno encuentra el equipo comercialmente entre ese rango\u201d, asegur\u00f3 Luis P\u00e9rez, fundador de la fundaci\u00f3n <strong>Little Guardians<\/strong>.<\/p>\n<p><img loading=\"lazy\" decoding=\"async\" class=\"alignnone size-full wp-image-35172\" src=\"https:\/\/marthacifuentes.com\/portada\/wp-content\/uploads\/2025\/04\/imagen_2025-04-25_091805936.png\" alt=\"\" width=\"886\" height=\"782\" srcset=\"https:\/\/marthacifuentes.com\/portada\/wp-content\/uploads\/2025\/04\/imagen_2025-04-25_091805936.png 886w, https:\/\/marthacifuentes.com\/portada\/wp-content\/uploads\/2025\/04\/imagen_2025-04-25_091805936-300x265.png 300w, https:\/\/marthacifuentes.com\/portada\/wp-content\/uploads\/2025\/04\/imagen_2025-04-25_091805936-768x678.png 768w\" sizes=\"auto, (max-width: 886px) 100vw, 886px\" \/><\/p>\n<p><strong>\ud83d\udcc4<\/strong><strong> \u00bfC\u00f3mo fue el proceso?<\/strong><\/p>\n<p>El contrato fue estructurado por la <strong>Gobernaci\u00f3n de Casanare<\/strong> y ejecutado por la <strong>Universidad Internacional del Tr\u00f3pico Americano Unitr\u00f3pico<\/strong>, que tuvo a su cargo la convocatoria y selecci\u00f3n del operador. El contrato termin\u00f3 en manos de la <strong>Uni\u00f3n Temporal Casanare \u2013 Educaci\u00f3n de Calidad<\/strong>, conformada por <strong>CEM Electronix<\/strong> (con el 80 % de participaci\u00f3n) y <strong>HB Distribuciones<\/strong>.<\/p>\n<p>Aunque la empresa CEM Electronix fue la \u00fanica que se present\u00f3, lo que ha generado inquietudes entre los veedores, el gobernador <strong>C\u00e9sar Ortiz Zorro<\/strong> defendi\u00f3 el proceso y asegur\u00f3 que todo se ha hecho con criterios de legalidad, calidad y visi\u00f3n de largo plazo.<\/p>\n<p>&nbsp;<\/p>\n<p><strong>\ud83e\uddfe<\/strong><strong> La versi\u00f3n oficial: lo que dice la Gobernaci\u00f3n<\/strong><\/p>\n<p>En un comunicado dado a conocer hace unas semanas, cuando se ventilaron las primeras dudas sobre el tema, el mandatario explic\u00f3 que el aporte de la Gobernaci\u00f3n fue de <strong>$27.222 millones<\/strong>, mientras que los municipios de Villanueva y Orocu\u00e9 aportaron $7.000 y $1.000 millones, respectivamente.<\/p>\n<p>Adem\u00e1s, se\u00f1al\u00f3 que el valor de las tabletas incluye <strong>cargadores, gabinetes con estaciones de carga, estuches con teclado, servidores f\u00edsicos<\/strong> y una <strong>plataforma educativa con contenidos sin necesidad de internet<\/strong>.<\/p>\n<p>\u201cEste no es solo un proyecto de entrega de tablets. Es un ecosistema pedag\u00f3gico con servidores, juegos interactivos, evaluaci\u00f3n y formaci\u00f3n docente. Las tablets cuentan con garant\u00eda de dos a\u00f1os y son de la marca Samsung\u201d, dijo Ortiz Zorro.<\/p>\n<p>El gobernador tambi\u00e9n resalt\u00f3 que el proyecto busca convertir a Casanare en una <strong>potencia digital<\/strong>, y que se complementa con la instalaci\u00f3n de <strong>150 kil\u00f3metros de fibra \u00f3ptica<\/strong> y la implementaci\u00f3n de <strong>307 zonas WiFi gratuitas<\/strong> en zonas urbanas y rurales.<\/p>\n<p>&nbsp;<\/p>\n<p><strong>\ud83d\udc40<\/strong><strong> Lo que encontr\u00f3 el DNP<\/strong><\/p>\n<p>A las dudas period\u00edsticas y de la Procuradur\u00eda, se suma el <strong>Departamento Nacional de Planeaci\u00f3n (DNP)<\/strong>, que durante una visita de campo a inicios de marzo detect\u00f3 que, aunque las tabletas est\u00e1n en funcionamiento, <strong>no se han entregado los gabinetes de almacenamiento<\/strong>, una parte clave del componente tecnol\u00f3gico prometido.<\/p>\n<p>&nbsp;<\/p>\n<p><strong>Caracter\u00edsticas de las tabletas y otros componentes del contrato<\/strong><\/p>\n<p>Las tablets digitales en cantidad de 17.158 contemplaron, entre otros \u00edtems:<\/p>\n<p><strong>Procesador OctaCore<\/strong>, Android<\/p>\n<p><strong>Memoria RAM 4 gigas y almacenamiento de 64 gigas<\/strong> con soporte de almacenamiento externo micro SD hasta 1 TB;<\/p>\n<p>Pantalla de <strong>11 pulgadas<\/strong>, tecnolog\u00eda pantalla t\u00e1ctil.<\/p>\n<p><img loading=\"lazy\" decoding=\"async\" class=\"size-full wp-image-35175 aligncenter\" src=\"https:\/\/marthacifuentes.com\/portada\/wp-content\/uploads\/2025\/04\/F-CARACTERISTICAS-DE-LAS-TABLETAS.png\" alt=\"\" width=\"732\" height=\"346\" srcset=\"https:\/\/marthacifuentes.com\/portada\/wp-content\/uploads\/2025\/04\/F-CARACTERISTICAS-DE-LAS-TABLETAS.png 732w, https:\/\/marthacifuentes.com\/portada\/wp-content\/uploads\/2025\/04\/F-CARACTERISTICAS-DE-LAS-TABLETAS-300x142.png 300w\" sizes=\"auto, (max-width: 732px) 100vw, 732px\" \/><\/p>\n<p><strong>En el contrato tambi\u00e9n se incluy\u00f3:<\/strong><\/p>\n<ul>\n<li>Fundas protectoras Smart Fold.<\/li>\n<li>Muebles de almacenamiento de las tablets<\/li>\n<li>Desarrollar una plataforma tecnol\u00f3gica para gestionar contenidos educativos en ciencias b\u00e1sicas, educaci\u00f3n ambiental, c\u00e1tedra de construcci\u00f3n de paz, emprendimiento y habilidades socioemocionales y c\u00e1tedra de educaci\u00f3n vial educaci\u00f3n ambiental.<\/li>\n<li>Realizar la verificaci\u00f3n y validaci\u00f3n del proceso del software y su aplicabilidad en las Tableta.<\/li>\n<li>Realizar Socializaci\u00f3n del Proyecto a la comunidad educativa de las instituciones Oficiales del Departamento de Casanare<\/li>\n<li>Implementar Un Plan de apropiaci\u00f3n de la plataforma y contenidos en las Sedes Educativas Oficiales del Departamento de Casanare<\/li>\n<li>Realizar seguimiento y asistencia t\u00e9cnica en los procesos de aprendizajes y apropiaci\u00f3n de las tecnolog\u00edas digitales entregadas.<\/li>\n<li>Dise\u00f1ar Manuales pedag\u00f3gicos de uso de las tecnolog\u00edas dotadas para docentes y estudiantes de las instituciones oficiales de Casanare.<\/li>\n<li>Elaborar videos tutoriales que orienten el uso de las herramientas digitales y los contenidos educativos para docentes y estudiantes.<\/li>\n<\/ul>\n<p><strong>Valor del contrato:<\/strong> $34.320 millones de pesos<\/p>\n<p><strong>Tipo de contrato:<\/strong> Suministro.<\/p>\n<p><strong>N\u00famero y fecha<\/strong>: 211 de junio 18 de 2024<\/p>\n<p><strong>Contratante: <\/strong>Unitr\u00f3pico<\/p>\n<p><strong>Contratista:<\/strong> Uni\u00f3n Temporal Casanare \u2013 Educaci\u00f3n de Calidad. Con sede en Medell\u00edn, Antioquia.<\/p>\n<p><strong>Lugar de ejecuci\u00f3n del contrato:<\/strong> En el departamento de Casanare, en los municipios Ch\u00e1meza, La Salina, Man\u00ed, Nunch\u00eda, Orocue, Paz De Ariporo, Pore, Recetor, Sabanalarga, Sacama, San Luis de Palenque, Tamara, Trinidad, Villanueva y Yopal en el departamento de Casanare.<\/p>\n<p><img loading=\"lazy\" decoding=\"async\" class=\"alignnone  wp-image-35174\" src=\"https:\/\/marthacifuentes.com\/portada\/wp-content\/uploads\/2025\/04\/F-ACTIVIDADES-DEL-CONTRATO.png\" alt=\"\" width=\"731\" height=\"342\" srcset=\"https:\/\/marthacifuentes.com\/portada\/wp-content\/uploads\/2025\/04\/F-ACTIVIDADES-DEL-CONTRATO.png 782w, https:\/\/marthacifuentes.com\/portada\/wp-content\/uploads\/2025\/04\/F-ACTIVIDADES-DEL-CONTRATO-300x140.png 300w, https:\/\/marthacifuentes.com\/portada\/wp-content\/uploads\/2025\/04\/F-ACTIVIDADES-DEL-CONTRATO-768x359.png 768w, https:\/\/marthacifuentes.com\/portada\/wp-content\/uploads\/2025\/04\/F-ACTIVIDADES-DEL-CONTRATO-780x366.png 780w\" sizes=\"auto, (max-width: 731px) 100vw, 731px\" \/><\/p>\n<p><strong>\ud83d\udccc<\/strong><strong> Lo que est\u00e1 en juego<\/strong><\/p>\n<p>La Procuradur\u00eda solicit\u00f3 informaci\u00f3n oficial sobre el alcance del contrato, la entrega de los dispositivos y los beneficiarios. Mientras tanto, el proyecto sigue en ejecuci\u00f3n y los procesos de capacitaci\u00f3n contin\u00faan, seg\u00fan la Gobernaci\u00f3n de Casanare.<\/p>\n<p>Aunque el objetivo del programa es fortalecer la educaci\u00f3n digital y cerrar brechas tecnol\u00f3gicas, la discusi\u00f3n ahora gira en torno a la <strong>transparencia, el uso eficiente de los recursos p\u00fablicos<\/strong> y la necesidad de que este tipo de iniciativas se desarrollen bajo la luz del escrutinio ciudadano.<\/p>\n<h2 data-start=\"2410\" data-end=\"2549\"><strong>Otras noticias\u2026<\/strong><\/h2>\n<blockquote class=\"wp-embedded-content\" data-secret=\"3rvYJRKeCm\"><p><a href=\"https:\/\/marthacifuentes.com\/portada\/2025\/04\/24\/felipe-bayon-expresidente-de-ecopetrol-nuevo-ceo-de-geopark\/\">Felipe Bay\u00f3n, expresidente de Ecopetrol, nuevo CEO de GeoPark<\/a><\/p><\/blockquote>\n<p><iframe loading=\"lazy\" class=\"wp-embedded-content\" sandbox=\"allow-scripts\" security=\"restricted\" style=\"position: absolute; clip: rect(1px, 1px, 1px, 1px);\" title=\"\u00abFelipe Bay\u00f3n, expresidente de Ecopetrol, nuevo CEO de GeoPark\u00bb \u2014 \u25b7 Noticias de Casanare : Martha Cifuentes | Casanare\" src=\"https:\/\/marthacifuentes.com\/portada\/2025\/04\/24\/felipe-bayon-expresidente-de-ecopetrol-nuevo-ceo-de-geopark\/embed\/#?secret=BxvuGifELD#?secret=3rvYJRKeCm\" data-secret=\"3rvYJRKeCm\" width=\"500\" height=\"282\" frameborder=\"0\" marginwidth=\"0\" marginheight=\"0\" scrolling=\"no\"><\/iframe><\/p>\n<p><iframe loading=\"lazy\" class=\"wp-embedded-content\" title=\"\u00ab\u2712\ufe0f \u201cDonde el llano escribe su alma\u201d: Casanare llega con 156 obras a la Feria del Libro de Bogot\u00e1 2025\u00bb \u2014 \u25b7 Noticias de Casanare : Martha Cifuentes | Casanare\" src=\"https:\/\/marthacifuentes.com\/portada\/2025\/04\/24\/%e2%9c%92%ef%b8%8f-donde-el-llano-escribe-su-alma-casanare-llega-con-156-obras-a-la-feria-del-libro-de-bogota-2025\/embed\/#?secret=i0cZYkMLDp#?secret=tJbSIsdO20\" width=\"600\" height=\"602\" frameborder=\"0\" marginwidth=\"0\" marginheight=\"0\" scrolling=\"no\" sandbox=\"allow-scripts\" data-secret=\"tJbSIsdO20\" data-mce-fragment=\"1\"><\/iframe><\/p>\n<p><iframe loading=\"lazy\" class=\"wp-embedded-content\" title=\"\u00abOjo con la pesca en Casanare. Est\u00e1 en periodo de veda para proteger las especies\u00bb \u2014 \u25b7 Noticias de Casanare : Martha Cifuentes | Casanare\" src=\"https:\/\/marthacifuentes.com\/portada\/2025\/04\/24\/ojo-con-la-pesca-en-casanare-esta-en-periodo-de-veda-para-proteger-las-especies\/embed\/#?secret=FVTykRcJZU#?secret=dDE1CcjF5r\" width=\"600\" height=\"598\" frameborder=\"0\" marginwidth=\"0\" marginheight=\"0\" scrolling=\"no\" sandbox=\"allow-scripts\" data-secret=\"dDE1CcjF5r\" data-mce-fragment=\"1\"><\/iframe><\/p>\n<p><iframe loading=\"lazy\" class=\"wp-embedded-content\" title=\"\u00abSupernotariado inspecciona a Catasig SAS en Yopal: Anuncia r\u00e1pido dictamen tras reclamos por dr\u00e1stica alza de los aval\u00faos\u00bb \u2014 \u25b7 Noticias de Casanare : Martha Cifuentes | Casanare\" src=\"https:\/\/marthacifuentes.com\/portada\/2025\/04\/24\/supernotariado-inspecciona-a-catasig-sas-en-yopal-anuncia-rapido-dictamen-tras-reclamos-por-drastica-alza-de-los-avaluos\/embed\/#?secret=IoJKwGwmHu#?secret=Ehrjdcy59z\" width=\"600\" height=\"651\" frameborder=\"0\" marginwidth=\"0\" marginheight=\"0\" scrolling=\"no\" sandbox=\"allow-scripts\" data-secret=\"Ehrjdcy59z\" data-mce-fragment=\"1\"><\/iframe><\/p>\n<p><iframe loading=\"lazy\" class=\"wp-embedded-content\" title=\"\u00ab\ud83d\udd0d JEP imputa cr\u00edmenes de guerra a tres militares por \u2018falsos positivos\u2019 en Casanare: roles clave en una maquinaria de muerte\u00bb \u2014 \u25b7 Noticias de Casanare : Martha Cifuentes | Casanare\" src=\"https:\/\/marthacifuentes.com\/portada\/2025\/04\/24\/%f0%9f%94%8d-jep-imputa-crimenes-de-guerra-a-tres-militares-por-falsos-positivos-en-casanare-roles-clave-en-una-maquinaria-de-muerte\/embed\/#?secret=L2GsrXbHEp#?secret=JP2EvxKELv\" width=\"600\" height=\"651\" frameborder=\"0\" marginwidth=\"0\" marginheight=\"0\" scrolling=\"no\" sandbox=\"allow-scripts\" data-secret=\"JP2EvxKELv\" data-mce-fragment=\"1\"><\/iframe><\/p>\n<p><iframe loading=\"lazy\" class=\"wp-embedded-content\" title=\"\u00abDe cuidados intensivos a obra reactivada: Hospital de la Comuna 6 de Yopal revive\u2026 por ahora\u00bb \u2014 \u25b7 Noticias de Casanare : Martha Cifuentes | Casanare\" src=\"https:\/\/marthacifuentes.com\/portada\/2025\/04\/23\/de-cuidados-intensivos-a-obra-reactivada-hospital-de-la-comuna-6-de-yopal-revive-por-ahora\/embed\/#?secret=mwEmk9rJl5#?secret=IO1wmTqoSQ\" width=\"600\" height=\"602\" frameborder=\"0\" marginwidth=\"0\" marginheight=\"0\" scrolling=\"no\" sandbox=\"allow-scripts\" data-secret=\"IO1wmTqoSQ\" data-mce-fragment=\"1\"><\/iframe><\/p>\n<p><iframe loading=\"lazy\" class=\"wp-embedded-content\" title=\"\u00abPaz de Ariporo y Casanare en luto tras fatal siniestro vial en la variante Tunja-Bogot\u00e1\u00bb \u2014 \u25b7 Noticias de Casanare : Martha Cifuentes | Casanare\" src=\"https:\/\/marthacifuentes.com\/portada\/2025\/04\/21\/paz-de-ariporo-y-casanare-en-luto-tras-fatal-siniestro-vial-en-la-variante-tunja-bogota\/embed\/#?secret=iuAymxVzHm#?secret=w9wkaL9hc3\" width=\"600\" height=\"623\" frameborder=\"0\" marginwidth=\"0\" marginheight=\"0\" scrolling=\"no\" sandbox=\"allow-scripts\" data-secret=\"w9wkaL9hc3\" data-mce-fragment=\"1\"><\/iframe><\/p>\n<p><iframe loading=\"lazy\" class=\"wp-embedded-content\" title=\"\u00abCasanare epicentro de Cumbre de Gobernadores este 25 de abril. Agroindustria y turismo, plato fuerte.\u00bb \u2014 \u25b7 Noticias de Casanare : Martha Cifuentes | Casanare\" src=\"https:\/\/marthacifuentes.com\/portada\/2025\/04\/21\/casanare-epicentro-de-cumbre-de-gobernadores-este-25-de-abril-agroindustria-y-turismo-plato-fuerte\/embed\/#?secret=iqyGjqcKUd#?secret=rq5gb2nvlh\" width=\"600\" height=\"623\" frameborder=\"0\" marginwidth=\"0\" marginheight=\"0\" scrolling=\"no\" sandbox=\"allow-scripts\" data-secret=\"rq5gb2nvlh\" data-mce-fragment=\"1\"><\/iframe><\/p>\n<p><iframe loading=\"lazy\" class=\"wp-embedded-content\" title=\"\u00abEn siniestro vial en Yopal muri\u00f3 una mujer tras colisi\u00f3n con un agente de tr\u00e1nsito\u00bb \u2014 \u25b7 Noticias de Casanare : Martha Cifuentes | Casanare\" src=\"https:\/\/marthacifuentes.com\/portada\/2025\/04\/21\/en-siniestro-vial-en-yopal-murio-una-mujer-tras-colision-con-un-agente-de-transito\/embed\/#?secret=SGsHjTgINL#?secret=QmyaKMsVUs\" width=\"600\" height=\"600\" frameborder=\"0\" marginwidth=\"0\" marginheight=\"0\" scrolling=\"no\" sandbox=\"allow-scripts\" data-secret=\"QmyaKMsVUs\" data-mce-fragment=\"1\"><\/iframe><\/p>\n<p><iframe loading=\"lazy\" class=\"wp-embedded-content\" title=\"\u00abExparamilitares de alias \u201cMart\u00edn Llanos\u201d acusan a Lucho Herrera de la desaparici\u00f3n y muerte de 4 personas.\u00bb \u2014 \u25b7 Noticias de Casanare : Martha Cifuentes | Casanare\" src=\"https:\/\/marthacifuentes.com\/portada\/2025\/04\/21\/exparamilitares-de-alias-martin-llanos-acusan-a-lucho-herrera-de-la-desaparicion-y-muerte-de-4-personas\/embed\/#?secret=r3zuMzMKZR#?secret=eUnTqVjm0h\" width=\"600\" height=\"651\" frameborder=\"0\" marginwidth=\"0\" marginheight=\"0\" scrolling=\"no\" sandbox=\"allow-scripts\" data-secret=\"eUnTqVjm0h\" data-mce-fragment=\"1\"><\/iframe><\/p>\n<p><iframe loading=\"lazy\" class=\"wp-embedded-content\" title=\"\u00abProsperidad Social atiende a 29.465 v\u00edctimas del desplazamiento en Casanare con programas integrales y transferencias monetarias\u00bb \u2014 \u25b7 Noticias de Casanare : Martha Cifuentes | Casanare\" src=\"https:\/\/marthacifuentes.com\/portada\/2025\/04\/11\/prosperidad-social-atiende-a-29-465-victimas-del-desplazamiento-en-casanare-con-programas-integrales-y-transferencias-monetarias\/embed\/#?secret=K2kCSSTRee#?secret=o7axFq2UJD\" width=\"600\" height=\"651\" frameborder=\"0\" marginwidth=\"0\" marginheight=\"0\" scrolling=\"no\" sandbox=\"allow-scripts\" data-secret=\"o7axFq2UJD\" data-mce-fragment=\"1\"><\/iframe><\/p>\n<p><iframe loading=\"lazy\" class=\"wp-embedded-content\" title=\"\u00abAprobado en primer debate amnist\u00eda de intereses para deudores del ICETEX\u00bb \u2014 \u25b7 Noticias de Casanare : Martha Cifuentes | Casanare\" src=\"https:\/\/marthacifuentes.com\/portada\/2025\/04\/11\/aprobado-en-primer-debate-amnistia-de-intereses-para-deudores-del-icetex\/embed\/#?secret=n2us5GVJGj#?secret=1lzwf9qNSS\" width=\"600\" height=\"623\" frameborder=\"0\" marginwidth=\"0\" marginheight=\"0\" scrolling=\"no\" sandbox=\"allow-scripts\" data-secret=\"1lzwf9qNSS\" data-mce-fragment=\"1\"><\/iframe><\/p>\n<p><iframe loading=\"lazy\" class=\"wp-embedded-content\" title=\"\u00abAprobado en primer debate amnist\u00eda de intereses para deudores del ICETEX\u00bb \u2014 \u25b7 Noticias de Casanare : Martha Cifuentes | Casanare\" src=\"https:\/\/marthacifuentes.com\/portada\/2025\/04\/11\/aprobado-en-primer-debate-amnistia-de-intereses-para-deudores-del-icetex\/embed\/#?secret=n2us5GVJGj#?secret=1lzwf9qNSS\" width=\"600\" height=\"623\" frameborder=\"0\" marginwidth=\"0\" marginheight=\"0\" scrolling=\"no\" sandbox=\"allow-scripts\" data-secret=\"1lzwf9qNSS\" data-mce-fragment=\"1\"><\/iframe><\/p>\n<p><iframe loading=\"lazy\" class=\"wp-embedded-content\" title=\"\u00abGobernaci\u00f3n de Casanare siembra 80 \u00e1rboles en homenaje a las v\u00edctimas del conflicto armado en el D\u00eda Nacional de la Memoria\u00bb \u2014 \u25b7 Noticias de Casanare : Martha Cifuentes | Casanare\" src=\"https:\/\/marthacifuentes.com\/portada\/2025\/04\/11\/gobernacion-de-casanare-siembra-80-arboles-en-homenaje-a-las-victimas-del-conflicto-armado-en-el-dia-nacional-de-la-memoria\/embed\/#?secret=R4ppFIoo6s#?secret=xVzwHxiuEh\" width=\"600\" height=\"630\" frameborder=\"0\" marginwidth=\"0\" marginheight=\"0\" scrolling=\"no\" sandbox=\"allow-scripts\" data-secret=\"xVzwHxiuEh\" data-mce-fragment=\"1\"><\/iframe><\/p>\n<p><iframe loading=\"lazy\" class=\"wp-embedded-content\" title=\"\u00abEn Encuentro Nacional de la Orinoquia gobernador de Casanare present\u00f3 plan de agroindustrializaci\u00f3n. Se busca reducir dependencia del petr\u00f3leo\u00bb \u2014 \u25b7 Noticias de Casanare : Martha Cifuentes | Casanare\" src=\"https:\/\/marthacifuentes.com\/portada\/2025\/04\/11\/en-encuentro-nacional-de-la-orinoquia-gobernador-de-casanare-presento-plan-de-agroindustrializacion-se-busca-reducir-dependencia-del-petroleo\/embed\/#?secret=cVANz9PJMd#?secret=lthOKUovnf\" width=\"600\" height=\"651\" frameborder=\"0\" marginwidth=\"0\" marginheight=\"0\" scrolling=\"no\" sandbox=\"allow-scripts\" data-secret=\"lthOKUovnf\" data-mce-fragment=\"1\"><\/iframe><\/p>\n<p><iframe loading=\"lazy\" class=\"wp-embedded-content\" title=\"\u00abDesde hoy, due\u00f1os de cerca de 60 mil predios en Yopal podr\u00e1n ver reliquidaciones del impuesto predial tras correcci\u00f3n de errores en cobros\u00bb \u2014 \u25b7 Noticias de Casanare : Martha Cifuentes | Casanare\" src=\"https:\/\/marthacifuentes.com\/portada\/2025\/04\/11\/desde-hoy-duenos-de-cerca-de-60-mil-predios-en-yopal-podran-ver-reliquidaciones-del-impuesto-predial-tras-correccion-de-errores-en-cobros\/embed\/#?secret=u4jaqVXrtt#?secret=AbGZ0Z0cRK\" width=\"600\" height=\"652\" frameborder=\"0\" marginwidth=\"0\" marginheight=\"0\" scrolling=\"no\" sandbox=\"allow-scripts\" data-secret=\"AbGZ0Z0cRK\" data-mce-fragment=\"1\"><\/iframe><\/p>\n<p><iframe loading=\"lazy\" class=\"wp-embedded-content\" title=\"\u00abAsamblea de Casanare debatir\u00e1 supresi\u00f3n de cargo administrativo y afectada interpone tutela por derecho al trabajo\u00bb \u2014 \u25b7 Noticias de Casanare : Martha Cifuentes | Casanare\" src=\"https:\/\/marthacifuentes.com\/portada\/2025\/04\/10\/asamblea-de-casanare-debatira-supresion-de-cargo-administrativo-y-afectada-interpone-tutela-por-derecho-al-trabajo\/embed\/#?secret=aAQQSPycTF#?secret=Tj4QFJ5tqY\" width=\"600\" height=\"651\" frameborder=\"0\" marginwidth=\"0\" marginheight=\"0\" scrolling=\"no\" sandbox=\"allow-scripts\" data-secret=\"Tj4QFJ5tqY\" data-mce-fragment=\"1\"><\/iframe><\/p>\n<p><iframe loading=\"lazy\" class=\"wp-embedded-content\" title=\"\u00abEn Semana Santa: En Yopal se proh\u00edbe circulaci\u00f3n nocturna de motos para evitar siniestros viales\u00bb \u2014 \u25b7 Noticias de Casanare : Martha Cifuentes | Casanare\" src=\"https:\/\/marthacifuentes.com\/portada\/2025\/04\/10\/en-semana-santa-en-yopal-se-prohibe-circulacion-nocturna-de-motos-para-evitar-siniestros-viales\/embed\/#?secret=1bHOzbuvyE#?secret=KKCBiHcAiV\" width=\"600\" height=\"601\" frameborder=\"0\" marginwidth=\"0\" marginheight=\"0\" scrolling=\"no\" sandbox=\"allow-scripts\" data-secret=\"KKCBiHcAiV\" data-mce-fragment=\"1\"><\/iframe><\/p>\n<p><iframe loading=\"lazy\" class=\"wp-embedded-content\" title=\"\u00abConcejales de Trinidad se aferran a sus curules: Apelaron fallo de p\u00e9rdida de investidura\u00bb \u2014 \u25b7 Noticias de Casanare : Martha Cifuentes | Casanare\" src=\"https:\/\/marthacifuentes.com\/portada\/2025\/04\/09\/concejales-de-trinidad-se-aferran-a-sus-curules-apelaron-fallo-de-perdida-de-investidura\/embed\/#?secret=uC9NuALdb6#?secret=VUNnTaA6eL\" width=\"600\" height=\"624\" frameborder=\"0\" marginwidth=\"0\" marginheight=\"0\" scrolling=\"no\" sandbox=\"allow-scripts\" data-secret=\"VUNnTaA6eL\" data-mce-fragment=\"1\"><\/iframe><\/p>\n<p><iframe loading=\"lazy\" class=\"wp-embedded-content\" title=\"\u00abEAAAY aclara que no apel\u00f3 sentencia sobre contrato con SSYAM y pidi\u00f3 correcci\u00f3n al Tribunal\u00bb \u2014 \u25b7 Noticias de Casanare : Martha Cifuentes | Casanare\" src=\"https:\/\/marthacifuentes.com\/portada\/2025\/04\/08\/eaaay-aclara-que-no-apelo-sentencia-sobre-contrato-con-ssyam-y-pedira-correccion-al-tribunal\/embed\/#?secret=gV5cOPuHHw#?secret=gGCCZaww6E\" width=\"600\" height=\"622\" frameborder=\"0\" marginwidth=\"0\" marginheight=\"0\" scrolling=\"no\" sandbox=\"allow-scripts\" data-secret=\"gGCCZaww6E\" data-mce-fragment=\"1\"><\/iframe><\/p>\n<p><iframe loading=\"lazy\" class=\"wp-embedded-content\" title=\"\u00abB\u00fasqueda de desaparecidos en Tauramena: entre la esperanza y los desaf\u00edos\u00bb \u2014 \u25b7 Noticias de Casanare : Martha Cifuentes | Casanare\" src=\"https:\/\/marthacifuentes.com\/portada\/2025\/04\/08\/busqueda-de-desaparecidos-en-tauramena-entre-la-esperanza-y-los-desafios\/embed\/#?secret=v1wjexGsGl#?secret=3DklukVibP\" width=\"600\" height=\"623\" frameborder=\"0\" marginwidth=\"0\" marginheight=\"0\" scrolling=\"no\" sandbox=\"allow-scripts\" data-secret=\"3DklukVibP\" data-mce-fragment=\"1\"><\/iframe><\/p>\n<p><iframe loading=\"lazy\" class=\"wp-embedded-content\" title=\"\u00abLa EAAAY, intervenida por Superservicios, apel\u00f3 fallo que ordenaba suspender cuestionado contrato con SSYAM\u00bb \u2014 \u25b7 Noticias de Casanare : Martha Cifuentes | Casanare\" src=\"https:\/\/marthacifuentes.com\/portada\/2025\/04\/08\/la-eaaay-intervenida-por-superservicios-apelo-fallo-que-ordenaba-suspender-cuestionado-contrato-con-ssyam-2\/embed\/#?secret=LPPYddEejT#?secret=QeygEc8Rvf\" width=\"600\" height=\"651\" frameborder=\"0\" marginwidth=\"0\" marginheight=\"0\" scrolling=\"no\" sandbox=\"allow-scripts\" data-secret=\"QeygEc8Rvf\" data-mce-fragment=\"1\"><\/iframe><\/p>\n<p><iframe loading=\"lazy\" class=\"wp-embedded-content\" title=\"\u00abLa EAAAY, intervenida por Superservicios, apel\u00f3 fallo que ordenaba suspender cuestionado contrato con SSYAM\u00bb \u2014 \u25b7 Noticias de Casanare : Martha Cifuentes | Casanare\" src=\"https:\/\/marthacifuentes.com\/portada\/2025\/04\/07\/la-eaaay-intervenida-por-superservicios-apelo-fallo-que-ordenaba-suspender-cuestionado-contrato-con-ssyam\/embed\/#?secret=oWxmMd20hv#?secret=RXlqReKGVU\" width=\"600\" height=\"650\" frameborder=\"0\" marginwidth=\"0\" marginheight=\"0\" scrolling=\"no\" sandbox=\"allow-scripts\" data-secret=\"RXlqReKGVU\" data-mce-fragment=\"1\"><\/iframe><\/p>\n<p><iframe loading=\"lazy\" class=\"wp-embedded-content\" title=\"\u00abPara finales de abril, audiencia de p\u00e9rdida de investidura de diputada Marisela Duarte\u00bb \u2014 \u25b7 Noticias de Casanare : Martha Cifuentes | Casanare\" src=\"https:\/\/marthacifuentes.com\/portada\/2025\/04\/07\/para-finales-de-abril-audiencia-de-perdida-de-investidura-de-diputada-marisela-duarte\/embed\/#?secret=y4ON2yfeFv#?secret=V069hgdgFL\" width=\"600\" height=\"624\" frameborder=\"0\" marginwidth=\"0\" marginheight=\"0\" scrolling=\"no\" sandbox=\"allow-scripts\" data-secret=\"V069hgdgFL\" data-mce-fragment=\"1\"><\/iframe><\/p>\n<p><iframe loading=\"lazy\" class=\"wp-embedded-content\" title=\"\u00abTras libertad de 5 casanare\u00f1os secuestrados en Arauca emerge cruda realidad: denunciar en vano, pagar extorsiones o sufrir plagio\u00bb \u2014 \u25b7 Noticias de Casanare : Martha Cifuentes | Casanare\" src=\"https:\/\/marthacifuentes.com\/portada\/2025\/04\/07\/tras-libertad-de-5-casanarenos-secuestrados-en-arauca-emerge-cruda-realidad-denunciar-en-vano-pagar-extorsiones-o-sufrir-plagio\/embed\/#?secret=Yc2HhjXnxb#?secret=IGr5DngKcw\" width=\"600\" height=\"576\" frameborder=\"0\" marginwidth=\"0\" marginheight=\"0\" scrolling=\"no\" sandbox=\"allow-scripts\" data-secret=\"IGr5DngKcw\" data-mce-fragment=\"1\"><\/iframe><\/p>\n<p><iframe loading=\"lazy\" class=\"wp-embedded-content\" title=\"\u00abUna comerciante de Villanueva, Casanare y un ciudadano de Corozal, Sucre, las v\u00edctimas fatales de siniestro vial en Monterrey\u00bb \u2014 \u25b7 Noticias de Casanare : Martha Cifuentes | Casanare\" src=\"https:\/\/marthacifuentes.com\/portada\/2025\/04\/04\/una-comerciante-de-villanueva-casanare-y-un-ciudadano-de-corozal-sucre-las-victimas-fatales-de-siniestro-vial-en-monterrey\/embed\/#?secret=FuQBin8vg8#?secret=EGyFZa3erI\" width=\"600\" height=\"651\" frameborder=\"0\" marginwidth=\"0\" marginheight=\"0\" scrolling=\"no\" sandbox=\"allow-scripts\" data-secret=\"EGyFZa3erI\" data-mce-fragment=\"1\"><\/iframe><\/p>\n<p><iframe loading=\"lazy\" class=\"wp-embedded-content\" title=\"\u00abAlias \u2018Mart\u00edn llanos\u2019, ahora gestor de paz, pide liberaci\u00f3n de casanare\u00f1os secuestrados\u00bb \u2014 \u25b7 Noticias de Casanare : Martha Cifuentes | Casanare\" src=\"https:\/\/marthacifuentes.com\/portada\/2025\/04\/04\/alias-martin-llanos-ahora-gestor-de-paz-pide-liberacion-de-casanarenos-secuestrados\/embed\/#?secret=QUny4dkL79#?secret=RhqsxRgDwM\" width=\"600\" height=\"624\" frameborder=\"0\" marginwidth=\"0\" marginheight=\"0\" scrolling=\"no\" sandbox=\"allow-scripts\" data-secret=\"RhqsxRgDwM\" data-mce-fragment=\"1\"><\/iframe><\/p>\n<p><iframe loading=\"lazy\" class=\"wp-embedded-content\" title=\"\u00abC\u00e1mara de Comercio de Casanare presenta RUTA D: estrategia de apoyo para emprendedores\u00bb \u2014 \u25b7 Noticias de Casanare : Martha Cifuentes | Casanare\" src=\"https:\/\/marthacifuentes.com\/portada\/2025\/04\/04\/camara-de-comercio-de-casanare-presenta-ruta-d-estrategia-de-apoyo-para-emprendedores\/embed\/#?secret=SjCMWjr9q0#?secret=v9xSEe9Xyu\" width=\"600\" height=\"644\" frameborder=\"0\" marginwidth=\"0\" marginheight=\"0\" scrolling=\"no\" sandbox=\"allow-scripts\" data-secret=\"v9xSEe9Xyu\" data-mce-fragment=\"1\"><\/iframe><\/p>\n<p><iframe loading=\"lazy\" class=\"wp-embedded-content\" title=\"\u00ab\u00a1Debajo de la tierra y con 50 mil millones en droga! Ej\u00e9rcito le cae al Clan del Golfo en Orocu\u00e9\u00bb \u2014 \u25b7 Noticias de Casanare : Martha Cifuentes | Casanare\" src=\"https:\/\/marthacifuentes.com\/portada\/2025\/04\/04\/debajo-de-la-tierra-y-con-50-mil-millones-en-droga-ejercito-le-cae-al-clan-del-golfo-en-orocue\/embed\/#?secret=RdRIoT4hs0#?secret=y8FURjMhKm\" width=\"600\" height=\"576\" frameborder=\"0\" marginwidth=\"0\" marginheight=\"0\" scrolling=\"no\" sandbox=\"allow-scripts\" data-secret=\"y8FURjMhKm\" data-mce-fragment=\"1\"><\/iframe><\/p>\n<p><iframe loading=\"lazy\" class=\"wp-embedded-content\" title=\"\u00abELN admite secuestro de 5 ganaderos de Casanare: los acusa de colaborar con disidencias de las Farc y anuncia \u2018juicio\u2019 bajo sus reglas\u00bb \u2014 \u25b7 Noticias de Casanare : Martha Cifuentes | Casanare\" src=\"https:\/\/marthacifuentes.com\/portada\/2025\/04\/03\/eln-admite-secuestro-de-5-ganaderos-de-casanare-los-acusa-de-colaborar-con-disidencias-de-las-farc-y-anuncia-juicio-bajo-sus-reglas\/embed\/#?secret=tUTZ05kWKt#?secret=32Iz5Du9lQ\" width=\"600\" height=\"651\" frameborder=\"0\" marginwidth=\"0\" marginheight=\"0\" scrolling=\"no\" sandbox=\"allow-scripts\" data-secret=\"32Iz5Du9lQ\" data-mce-fragment=\"1\"><\/iframe><\/p>\n<p><iframe loading=\"lazy\" class=\"wp-embedded-content\" title=\"\u00abAdmitida acci\u00f3n popular contra actualizaci\u00f3n catastral de Yopal. Medida cautelar de suspensi\u00f3n qued\u00f3 pendiente.\u00bb \u2014 \u25b7 Noticias de Casanare : Martha Cifuentes | Casanare\" src=\"https:\/\/marthacifuentes.com\/portada\/2025\/04\/02\/admitida-accion-popular-contra-actualizacion-catastral-de-yopal-medida-cautelar-de-suspension-quedo-pendiente\/embed\/#?secret=6uuNwFoJwg#?secret=mi6TEwtJwp\" width=\"600\" height=\"589\" frameborder=\"0\" marginwidth=\"0\" marginheight=\"0\" scrolling=\"no\" sandbox=\"allow-scripts\" data-secret=\"mi6TEwtJwp\" data-mce-fragment=\"1\"><\/iframe><\/p>\n<p><iframe loading=\"lazy\" class=\"wp-embedded-content\" title=\"\u00abCon menores costos, Gobernaci\u00f3n de Casanare inicia pavimento de 14 km. de v\u00edas rurales en Paz de Ariporo\u00bb \u2014 \u25b7 Noticias de Casanare : Martha Cifuentes | Casanare\" src=\"https:\/\/marthacifuentes.com\/portada\/2025\/04\/01\/con-menores-costos-gobernacion-de-casanare-inicia-pavimento-de-14-km-de-vias-rurales-en-paz-de-ariporo\/embed\/#?secret=cYlG3KEeRO#?secret=UWjqhKCNIh\" width=\"600\" height=\"623\" frameborder=\"0\" marginwidth=\"0\" marginheight=\"0\" scrolling=\"no\" sandbox=\"allow-scripts\" data-secret=\"UWjqhKCNIh\" data-mce-fragment=\"1\"><\/iframe><\/p>\n<p><iframe loading=\"lazy\" class=\"wp-embedded-content\" title=\"\u00abEntre el miedo y la esperanza: familias exigen liberaci\u00f3n de cinco casanare\u00f1os secuestrados. Esto es lo que se sabe.\u00bb \u2014 \u25b7 Noticias de Casanare : Martha Cifuentes | Casanare\" src=\"https:\/\/marthacifuentes.com\/portada\/2025\/04\/01\/entre-el-miedo-y-la-esperanza-familias-exigen-liberacion-de-cinco-casanarenos-secuestrados-esto-es-lo-que-se-sabe\/embed\/#?secret=4AyVCbKCSt#?secret=9OF2mmT2xK\" width=\"600\" height=\"652\" frameborder=\"0\" marginwidth=\"0\" marginheight=\"0\" scrolling=\"no\" sandbox=\"allow-scripts\" data-secret=\"9OF2mmT2xK\" data-mce-fragment=\"1\"><\/iframe><\/p>\n<p><iframe loading=\"lazy\" class=\"wp-embedded-content\" title=\"\u00abSecuestro masivo en Paz de Ariporo, Casanare: Al menos 5 agricultores desaparecidos entre Tame y Arauca\u00bb \u2014 \u25b7 Noticias de Casanare : Martha Cifuentes | Casanare\" src=\"https:\/\/marthacifuentes.com\/portada\/2025\/03\/31\/secuestro-masivo-en-paz-de-ariporo-casanare-al-menos-5-agricultores-desaparecidos-entre-tame-y-arauca\/embed\/#?secret=6lt4fGnI6o#?secret=8ShYpGJp7G\" width=\"600\" height=\"652\" frameborder=\"0\" marginwidth=\"0\" marginheight=\"0\" scrolling=\"no\" sandbox=\"allow-scripts\" data-secret=\"8ShYpGJp7G\" data-mce-fragment=\"1\"><\/iframe><\/p>\n<p><iframe loading=\"lazy\" class=\"wp-embedded-content\" title=\"\u00abTribunal absuelve a exconcejal de Yopal Nelson Figueroa: \u201cNo hubo estafa, sino incumplimiento civil\u201d\u00bb \u2014 \u25b7 Noticias de Casanare : Martha Cifuentes | Casanare\" src=\"https:\/\/marthacifuentes.com\/portada\/2025\/03\/28\/tribunal-absuelve-a-exconcejal-de-yopal-nelson-figueroa-no-hubo-estafa-sino-incumplimiento-civil\/embed\/#?secret=Cpx7WnRQSx#?secret=v1w1LTG9Lr\" width=\"600\" height=\"624\" frameborder=\"0\" marginwidth=\"0\" marginheight=\"0\" scrolling=\"no\" sandbox=\"allow-scripts\" data-secret=\"v1w1LTG9Lr\" data-mce-fragment=\"1\"><\/iframe><\/p>\n","protected":false},"excerpt":{"rendered":"<p>Lo que comenz\u00f3 como una apuesta por fortalecer la educaci\u00f3n digital en Casanare ha terminado bajo la lupa de los organismos de control. La Procuradur\u00eda General de la Naci\u00f3n anunci\u00f3 la apertura de una indagaci\u00f3n previa por presuntas irregularidades en la compra de 17.158 tabletas adquiridas para ser distribuidas en instituciones educativas del departamento. La &hellip;<\/p>\n","protected":false},"author":2,"featured_media":35176,"comment_status":"open","ping_status":"open","sticky":false,"template":"","format":"standard","meta":{"om_disable_all_campaigns":false,"_exactmetrics_skip_tracking":false,"_exactmetrics_sitenote_active":false,"_exactmetrics_sitenote_note":"","_exactmetrics_sitenote_category":0,"_monsterinsights_skip_tracking":false,"_monsterinsights_sitenote_active":false,"_monsterinsights_sitenote_note":"","_monsterinsights_sitenote_category":0,"_uf_show_specific_survey":0,"_uf_disable_surveys":false,"_joinchat":[],"footnotes":""},"categories":[147,146,145],"tags":[12311,12318,12304,154,12297,12308,12303,3316,12317,12319,1773,12316,12294,12315,10529,12306,11164,12305,12298,12312,12309,12302,12295,6370,12300,12301,12299,12310,12314,12293,10255,12296,184,4419,12313,12307],"class_list":["post-35171","post","type-post","status-publish","format-standard","has-post-thumbnail","hentry","category-actualidad","category-noticias","category-reportajes","tag-apropiacion-tecnologica","tag-brechas-tecnologicas","tag-cargadores","tag-casanare","tag-cem-electronix","tag-comunidades-educativas","tag-contenido-sin-internet","tag-contrato","tag-contrato-de-suministro","tag-control-fiscal","tag-dnp","tag-ecosistema-pedagogico","tag-educacion-digital","tag-educacion-rural","tag-ejecucion-del-contrato","tag-estaciones-de-carga","tag-fibra-optica","tag-gabinetes","tag-hb-distribuciones","tag-manuales-pedagogicos","tag-municipios-casanare","tag-plataforma-educativa","tag-presuntas-irregularidades","tag-procuraduria-general-de-la-nacion","tag-recursos-publicos","tag-samsung","tag-sobrecosto","tag-socializacion","tag-supervision-tecnica","tag-tabletas","tag-transparencia","tag-union-temporal-casanare-educacion-de-calidad","tag-unitropico","tag-veeduria-ciudadana","tag-videos-tutoriales","tag-zonas-wifi"],"yoast_head":"<!-- This site is optimized with the Yoast SEO plugin v26.1 - https:\/\/yoast.com\/wordpress\/plugins\/seo\/ -->\n<title>\ud83d\udcf1 Costo de 17 mil tabletas en Casanare genera indagaci\u00f3n en la Procuradur\u00eda. Gobernador ha defendido el proyecto. - \u25b7 Noticias de Casanare : Martha Cifuentes | Casanare<\/title>\n<meta name=\"robots\" content=\"index, follow, max-snippet:-1, max-image-preview:large, max-video-preview:-1\" \/>\n<link rel=\"canonical\" href=\"https:\/\/marthacifuentes.com\/portada\/\ud83d\udcf1-costo-de-17-mil-tabletas-en-casanare-genera-indagacion-en-la-procuraduria-gobernador-ha-defendido-el-proyecto\/\" \/>\n<meta property=\"og:locale\" content=\"es_ES\" \/>\n<meta property=\"og:type\" content=\"article\" \/>\n<meta property=\"og:title\" content=\"\ud83d\udcf1 Costo de 17 mil tabletas en Casanare genera indagaci\u00f3n en la Procuradur\u00eda. Gobernador ha defendido el proyecto. - \u25b7 Noticias de Casanare : Martha Cifuentes | Casanare\" \/>\n<meta property=\"og:description\" content=\"Lo que comenz\u00f3 como una apuesta por fortalecer la educaci\u00f3n digital en Casanare ha terminado bajo la lupa de los organismos de control. La Procuradur\u00eda General de la Naci\u00f3n anunci\u00f3 la apertura de una indagaci\u00f3n previa por presuntas irregularidades en la compra de 17.158 tabletas adquiridas para ser distribuidas en instituciones educativas del departamento. La &hellip;\" \/>\n<meta property=\"og:url\" content=\"https:\/\/marthacifuentes.com\/portada\/\ud83d\udcf1-costo-de-17-mil-tabletas-en-casanare-genera-indagacion-en-la-procuraduria-gobernador-ha-defendido-el-proyecto\/\" \/>\n<meta property=\"og:site_name\" content=\"\u25b7 Noticias de Casanare : Martha Cifuentes | Casanare\" \/>\n<meta property=\"article:published_time\" content=\"2025-04-25T14:32:07+00:00\" \/>\n<meta property=\"og:image\" content=\"https:\/\/marthacifuentes.com\/portada\/wp-content\/uploads\/2025\/04\/FOTO-PORTADA-TABLETS.jpg\" \/>\n\t<meta property=\"og:image:width\" content=\"1280\" \/>\n\t<meta property=\"og:image:height\" content=\"853\" \/>\n\t<meta property=\"og:image:type\" content=\"image\/jpeg\" \/>\n<meta name=\"author\" content=\"Martha Cifuentes\" \/>\n<meta name=\"twitter:card\" content=\"summary_large_image\" \/>\n<meta name=\"twitter:label1\" content=\"Escrito por\" \/>\n\t<meta name=\"twitter:data1\" content=\"Martha Cifuentes\" \/>\n\t<meta name=\"twitter:label2\" content=\"Tiempo de lectura\" \/>\n\t<meta name=\"twitter:data2\" content=\"4 minutos\" \/>\n<script type=\"application\/ld+json\" class=\"yoast-schema-graph\">{\"@context\":\"https:\/\/schema.org\",\"@graph\":[{\"@type\":\"WebPage\",\"@id\":\"https:\/\/marthacifuentes.com\/portada\/%f0%9f%93%b1-costo-de-17-mil-tabletas-en-casanare-genera-indagacion-en-la-procuraduria-gobernador-ha-defendido-el-proyecto\/\",\"url\":\"https:\/\/marthacifuentes.com\/portada\/%f0%9f%93%b1-costo-de-17-mil-tabletas-en-casanare-genera-indagacion-en-la-procuraduria-gobernador-ha-defendido-el-proyecto\/\",\"name\":\"\ud83d\udcf1 Costo de 17 mil tabletas en Casanare genera indagaci\u00f3n en la Procuradur\u00eda. Gobernador ha defendido el proyecto. - \u25b7 Noticias de Casanare : Martha Cifuentes | Casanare\",\"isPartOf\":{\"@id\":\"https:\/\/marthacifuentes.com\/portada\/#website\"},\"primaryImageOfPage\":{\"@id\":\"https:\/\/marthacifuentes.com\/portada\/%f0%9f%93%b1-costo-de-17-mil-tabletas-en-casanare-genera-indagacion-en-la-procuraduria-gobernador-ha-defendido-el-proyecto\/#primaryimage\"},\"image\":{\"@id\":\"https:\/\/marthacifuentes.com\/portada\/%f0%9f%93%b1-costo-de-17-mil-tabletas-en-casanare-genera-indagacion-en-la-procuraduria-gobernador-ha-defendido-el-proyecto\/#primaryimage\"},\"thumbnailUrl\":\"https:\/\/marthacifuentes.com\/portada\/wp-content\/uploads\/2025\/04\/FOTO-PORTADA-TABLETS.jpg\",\"datePublished\":\"2025-04-25T14:32:07+00:00\",\"author\":{\"@id\":\"https:\/\/marthacifuentes.com\/portada\/#\/schema\/person\/57f53174b991db5f90ff78d58502b714\"},\"breadcrumb\":{\"@id\":\"https:\/\/marthacifuentes.com\/portada\/%f0%9f%93%b1-costo-de-17-mil-tabletas-en-casanare-genera-indagacion-en-la-procuraduria-gobernador-ha-defendido-el-proyecto\/#breadcrumb\"},\"inLanguage\":\"es\",\"potentialAction\":[{\"@type\":\"ReadAction\",\"target\":[\"https:\/\/marthacifuentes.com\/portada\/%f0%9f%93%b1-costo-de-17-mil-tabletas-en-casanare-genera-indagacion-en-la-procuraduria-gobernador-ha-defendido-el-proyecto\/\"]}]},{\"@type\":\"ImageObject\",\"inLanguage\":\"es\",\"@id\":\"https:\/\/marthacifuentes.com\/portada\/%f0%9f%93%b1-costo-de-17-mil-tabletas-en-casanare-genera-indagacion-en-la-procuraduria-gobernador-ha-defendido-el-proyecto\/#primaryimage\",\"url\":\"https:\/\/marthacifuentes.com\/portada\/wp-content\/uploads\/2025\/04\/FOTO-PORTADA-TABLETS.jpg\",\"contentUrl\":\"https:\/\/marthacifuentes.com\/portada\/wp-content\/uploads\/2025\/04\/FOTO-PORTADA-TABLETS.jpg\",\"width\":1280,\"height\":853},{\"@type\":\"BreadcrumbList\",\"@id\":\"https:\/\/marthacifuentes.com\/portada\/%f0%9f%93%b1-costo-de-17-mil-tabletas-en-casanare-genera-indagacion-en-la-procuraduria-gobernador-ha-defendido-el-proyecto\/#breadcrumb\",\"itemListElement\":[{\"@type\":\"ListItem\",\"position\":1,\"name\":\"Portada\",\"item\":\"https:\/\/marthacifuentes.com\/portada\/\"},{\"@type\":\"ListItem\",\"position\":2,\"name\":\"\ud83d\udcf1 Costo de 17 mil tabletas en Casanare genera indagaci\u00f3n en la Procuradur\u00eda. Gobernador ha defendido el proyecto.\"}]},{\"@type\":\"WebSite\",\"@id\":\"https:\/\/marthacifuentes.com\/portada\/#website\",\"url\":\"https:\/\/marthacifuentes.com\/portada\/\",\"name\":\"\u25b7 Noticias de Casanare : Martha Cifuentes | Casanare\",\"description\":\"Noticias &amp; Contenidos\",\"potentialAction\":[{\"@type\":\"SearchAction\",\"target\":{\"@type\":\"EntryPoint\",\"urlTemplate\":\"https:\/\/marthacifuentes.com\/portada\/?s={search_term_string}\"},\"query-input\":{\"@type\":\"PropertyValueSpecification\",\"valueRequired\":true,\"valueName\":\"search_term_string\"}}],\"inLanguage\":\"es\"},{\"@type\":\"Person\",\"@id\":\"https:\/\/marthacifuentes.com\/portada\/#\/schema\/person\/57f53174b991db5f90ff78d58502b714\",\"name\":\"Martha Cifuentes\",\"image\":{\"@type\":\"ImageObject\",\"inLanguage\":\"es\",\"@id\":\"https:\/\/marthacifuentes.com\/portada\/#\/schema\/person\/image\/\",\"url\":\"http:\/\/marthacifuentes.com\/portada\/wp-content\/uploads\/2018\/06\/avatar_user_2_1528838701-96x96.jpg\",\"contentUrl\":\"http:\/\/marthacifuentes.com\/portada\/wp-content\/uploads\/2018\/06\/avatar_user_2_1528838701-96x96.jpg\",\"caption\":\"Martha Cifuentes\"},\"sameAs\":[\"http:\/\/www.marthacifuentes.com\"],\"url\":\"https:\/\/marthacifuentes.com\/portada\/author\/martha\/\"}]}<\/script>\n<!-- \/ Yoast SEO plugin. -->","yoast_head_json":{"title":"\ud83d\udcf1 Costo de 17 mil tabletas en Casanare genera indagaci\u00f3n en la Procuradur\u00eda. Gobernador ha defendido el proyecto. - \u25b7 Noticias de Casanare : Martha Cifuentes | Casanare","robots":{"index":"index","follow":"follow","max-snippet":"max-snippet:-1","max-image-preview":"max-image-preview:large","max-video-preview":"max-video-preview:-1"},"canonical":"https:\/\/marthacifuentes.com\/portada\/\ud83d\udcf1-costo-de-17-mil-tabletas-en-casanare-genera-indagacion-en-la-procuraduria-gobernador-ha-defendido-el-proyecto\/","og_locale":"es_ES","og_type":"article","og_title":"\ud83d\udcf1 Costo de 17 mil tabletas en Casanare genera indagaci\u00f3n en la Procuradur\u00eda. Gobernador ha defendido el proyecto. - \u25b7 Noticias de Casanare : Martha Cifuentes | Casanare","og_description":"Lo que comenz\u00f3 como una apuesta por fortalecer la educaci\u00f3n digital en Casanare ha terminado bajo la lupa de los organismos de control. La Procuradur\u00eda General de la Naci\u00f3n anunci\u00f3 la apertura de una indagaci\u00f3n previa por presuntas irregularidades en la compra de 17.158 tabletas adquiridas para ser distribuidas en instituciones educativas del departamento. La &hellip;","og_url":"https:\/\/marthacifuentes.com\/portada\/\ud83d\udcf1-costo-de-17-mil-tabletas-en-casanare-genera-indagacion-en-la-procuraduria-gobernador-ha-defendido-el-proyecto\/","og_site_name":"\u25b7 Noticias de Casanare : Martha Cifuentes | Casanare","article_published_time":"2025-04-25T14:32:07+00:00","og_image":[{"width":1280,"height":853,"url":"https:\/\/marthacifuentes.com\/portada\/wp-content\/uploads\/2025\/04\/FOTO-PORTADA-TABLETS.jpg","type":"image\/jpeg"}],"author":"Martha Cifuentes","twitter_card":"summary_large_image","twitter_misc":{"Escrito por":"Martha Cifuentes","Tiempo de lectura":"4 minutos"},"schema":{"@context":"https:\/\/schema.org","@graph":[{"@type":"WebPage","@id":"https:\/\/marthacifuentes.com\/portada\/%f0%9f%93%b1-costo-de-17-mil-tabletas-en-casanare-genera-indagacion-en-la-procuraduria-gobernador-ha-defendido-el-proyecto\/","url":"https:\/\/marthacifuentes.com\/portada\/%f0%9f%93%b1-costo-de-17-mil-tabletas-en-casanare-genera-indagacion-en-la-procuraduria-gobernador-ha-defendido-el-proyecto\/","name":"\ud83d\udcf1 Costo de 17 mil tabletas en Casanare genera indagaci\u00f3n en la Procuradur\u00eda. Gobernador ha defendido el proyecto. - \u25b7 Noticias de Casanare : Martha Cifuentes | Casanare","isPartOf":{"@id":"https:\/\/marthacifuentes.com\/portada\/#website"},"primaryImageOfPage":{"@id":"https:\/\/marthacifuentes.com\/portada\/%f0%9f%93%b1-costo-de-17-mil-tabletas-en-casanare-genera-indagacion-en-la-procuraduria-gobernador-ha-defendido-el-proyecto\/#primaryimage"},"image":{"@id":"https:\/\/marthacifuentes.com\/portada\/%f0%9f%93%b1-costo-de-17-mil-tabletas-en-casanare-genera-indagacion-en-la-procuraduria-gobernador-ha-defendido-el-proyecto\/#primaryimage"},"thumbnailUrl":"https:\/\/marthacifuentes.com\/portada\/wp-content\/uploads\/2025\/04\/FOTO-PORTADA-TABLETS.jpg","datePublished":"2025-04-25T14:32:07+00:00","author":{"@id":"https:\/\/marthacifuentes.com\/portada\/#\/schema\/person\/57f53174b991db5f90ff78d58502b714"},"breadcrumb":{"@id":"https:\/\/marthacifuentes.com\/portada\/%f0%9f%93%b1-costo-de-17-mil-tabletas-en-casanare-genera-indagacion-en-la-procuraduria-gobernador-ha-defendido-el-proyecto\/#breadcrumb"},"inLanguage":"es","potentialAction":[{"@type":"ReadAction","target":["https:\/\/marthacifuentes.com\/portada\/%f0%9f%93%b1-costo-de-17-mil-tabletas-en-casanare-genera-indagacion-en-la-procuraduria-gobernador-ha-defendido-el-proyecto\/"]}]},{"@type":"ImageObject","inLanguage":"es","@id":"https:\/\/marthacifuentes.com\/portada\/%f0%9f%93%b1-costo-de-17-mil-tabletas-en-casanare-genera-indagacion-en-la-procuraduria-gobernador-ha-defendido-el-proyecto\/#primaryimage","url":"https:\/\/marthacifuentes.com\/portada\/wp-content\/uploads\/2025\/04\/FOTO-PORTADA-TABLETS.jpg","contentUrl":"https:\/\/marthacifuentes.com\/portada\/wp-content\/uploads\/2025\/04\/FOTO-PORTADA-TABLETS.jpg","width":1280,"height":853},{"@type":"BreadcrumbList","@id":"https:\/\/marthacifuentes.com\/portada\/%f0%9f%93%b1-costo-de-17-mil-tabletas-en-casanare-genera-indagacion-en-la-procuraduria-gobernador-ha-defendido-el-proyecto\/#breadcrumb","itemListElement":[{"@type":"ListItem","position":1,"name":"Portada","item":"https:\/\/marthacifuentes.com\/portada\/"},{"@type":"ListItem","position":2,"name":"\ud83d\udcf1 Costo de 17 mil tabletas en Casanare genera indagaci\u00f3n en la Procuradur\u00eda. Gobernador ha defendido el proyecto."}]},{"@type":"WebSite","@id":"https:\/\/marthacifuentes.com\/portada\/#website","url":"https:\/\/marthacifuentes.com\/portada\/","name":"\u25b7 Noticias de Casanare : Martha Cifuentes | Casanare","description":"Noticias &amp; Contenidos","potentialAction":[{"@type":"SearchAction","target":{"@type":"EntryPoint","urlTemplate":"https:\/\/marthacifuentes.com\/portada\/?s={search_term_string}"},"query-input":{"@type":"PropertyValueSpecification","valueRequired":true,"valueName":"search_term_string"}}],"inLanguage":"es"},{"@type":"Person","@id":"https:\/\/marthacifuentes.com\/portada\/#\/schema\/person\/57f53174b991db5f90ff78d58502b714","name":"Martha Cifuentes","image":{"@type":"ImageObject","inLanguage":"es","@id":"https:\/\/marthacifuentes.com\/portada\/#\/schema\/person\/image\/","url":"http:\/\/marthacifuentes.com\/portada\/wp-content\/uploads\/2018\/06\/avatar_user_2_1528838701-96x96.jpg","contentUrl":"http:\/\/marthacifuentes.com\/portada\/wp-content\/uploads\/2018\/06\/avatar_user_2_1528838701-96x96.jpg","caption":"Martha Cifuentes"},"sameAs":["http:\/\/www.marthacifuentes.com"],"url":"https:\/\/marthacifuentes.com\/portada\/author\/martha\/"}]}},"_links":{"self":[{"href":"https:\/\/marthacifuentes.com\/portada\/wp-json\/wp\/v2\/posts\/35171","targetHints":{"allow":["GET"]}}],"collection":[{"href":"https:\/\/marthacifuentes.com\/portada\/wp-json\/wp\/v2\/posts"}],"about":[{"href":"https:\/\/marthacifuentes.com\/portada\/wp-json\/wp\/v2\/types\/post"}],"author":[{"embeddable":true,"href":"https:\/\/marthacifuentes.com\/portada\/wp-json\/wp\/v2\/users\/2"}],"replies":[{"embeddable":true,"href":"https:\/\/marthacifuentes.com\/portada\/wp-json\/wp\/v2\/comments?post=35171"}],"version-history":[{"count":1,"href":"https:\/\/marthacifuentes.com\/portada\/wp-json\/wp\/v2\/posts\/35171\/revisions"}],"predecessor-version":[{"id":35177,"href":"https:\/\/marthacifuentes.com\/portada\/wp-json\/wp\/v2\/posts\/35171\/revisions\/35177"}],"wp:featuredmedia":[{"embeddable":true,"href":"https:\/\/marthacifuentes.com\/portada\/wp-json\/wp\/v2\/media\/35176"}],"wp:attachment":[{"href":"https:\/\/marthacifuentes.com\/portada\/wp-json\/wp\/v2\/media?parent=35171"}],"wp:term":[{"taxonomy":"category","embeddable":true,"href":"https:\/\/marthacifuentes.com\/portada\/wp-json\/wp\/v2\/categories?post=35171"},{"taxonomy":"post_tag","embeddable":true,"href":"https:\/\/marthacifuentes.com\/portada\/wp-json\/wp\/v2\/tags?post=35171"}],"curies":[{"name":"wp","href":"https:\/\/api.w.org\/{rel}","templated":true}]}}