{"id":35237,"date":"2025-05-06T10:44:55","date_gmt":"2025-05-06T15:44:55","guid":{"rendered":"https:\/\/marthacifuentes.com\/portada\/?p=35237"},"modified":"2025-05-06T10:44:55","modified_gmt":"2025-05-06T15:44:55","slug":"les-cayo-la-ley-policia-arresta-a-123-del-clan-del-golfo-mientras-petro-advierte-que-iran-hasta-dubai","status":"publish","type":"post","link":"https:\/\/marthacifuentes.com\/portada\/les-cayo-la-ley-policia-arresta-a-123-del-clan-del-golfo-mientras-petro-advierte-que-iran-hasta-dubai\/","title":{"rendered":"\u00a1Les cay\u00f3 la ley! Polic\u00eda arresta a 123 del Clan del Golfo mientras Petro advierte que ir\u00e1n hasta Dub\u00e1i"},"content":{"rendered":"<p class=\"\" data-start=\"325\" data-end=\"779\">En cumplimiento de la orden presidencial de \u201carreciar la ofensiva contra el Clan del Golfo\u201d, la Polic\u00eda Nacional captur\u00f3 a <strong data-start=\"448\" data-end=\"477\">123 presuntos integrantes<\/strong> de esa estructura en 74 operativos realizados en 14 departamentos del pa\u00eds. Entre ellos figuran al menos <strong data-start=\"583\" data-end=\"608\">10 cabecillas de zona<\/strong>, responsables de homicidios selectivos, extorsiones y expansi\u00f3n territorial. Los capturados delinqu\u00edan en regiones clave como Urab\u00e1, Magdalena Medio y el Valle del Cauca.<\/p>\n<p class=\"\" data-start=\"781\" data-end=\"1233\">El presidente Gustavo Petro advirti\u00f3 que esta organizaci\u00f3n <strong data-start=\"840\" data-end=\"875\">ya no es solo una amenaza local<\/strong>, sino un actor criminal transnacional. Desde su cuenta en X afirm\u00f3: \u201cO abandonan la actividad il\u00edcita o se construye la alianza mundial para destruir al Clan del Golfo. <strong data-start=\"1045\" data-end=\"1086\">Llegaremos hasta sus aliados en Dub\u00e1i<\/strong>\u201d. La menci\u00f3n deja claro que esta estructura narco-paramilitar tiene redes m\u00e1s all\u00e1 de Colombia, ligadas al narcotr\u00e1fico y el lavado internacional.<\/p>\n<p class=\"\" data-start=\"1235\" data-end=\"1627\">Los operativos se dieron en el marco de la <strong data-start=\"1278\" data-end=\"1300\">Operaci\u00f3n Agamen\u00f3n<\/strong>, e incluyeron la incautaci\u00f3n de <strong data-start=\"1333\" data-end=\"1462\">58 armas de fuego, 6.989 cartuchos, dos granadas, veh\u00edculos, radios de comunicaci\u00f3n y m\u00e1s de 30 millones de pesos en efectivo<\/strong>. La Fiscal\u00eda imput\u00f3 cargos por concierto para delinquir, homicidio, tr\u00e1fico de armas y drogas, en cumplimiento de 28 \u00f3rdenes judiciales y 95 capturas en flagrancia.<\/p>\n<p class=\"\" data-start=\"1629\" data-end=\"2001\">La Polic\u00eda destac\u00f3 que entre los capturados hay cabecillas de subestructuras como \u2018Nicol\u00e1s Urango\u2019 y \u2018Carlos V\u00e1squez\u2019, as\u00ed como hombres clave en zonas rurales. Con m\u00e1s de 600 acciones investigativas desplegadas por 109 funcionarios especializados en 18 d\u00edas, este golpe representa <strong data-start=\"1910\" data-end=\"2001\">un paso clave en el cerco nacional e internacional contra las redes del Clan del Golfo.<\/strong><\/p>\n<h2><strong>Otras noticias\u2026<\/strong><\/h2>\n<blockquote class=\"wp-embedded-content\" data-secret=\"WmvbfrbraH\"><p><a href=\"https:\/\/marthacifuentes.com\/portada\/2025\/05\/06\/mas-de-13-mil-adultos-mayores-en-casanare-recibiran-en-mayo-apoyo-economico-del-gobierno-nacional\/\">M\u00e1s de 13 mil adultos mayores en Casanare recibir\u00e1n en mayo apoyo econ\u00f3mico del Gobierno Nacional<\/a><\/p><\/blockquote>\n<p><iframe loading=\"lazy\" class=\"wp-embedded-content\" sandbox=\"allow-scripts\" security=\"restricted\" style=\"position: absolute; clip: rect(1px, 1px, 1px, 1px);\" title=\"\u00abM\u00e1s de 13 mil adultos mayores en Casanare recibir\u00e1n en mayo apoyo econ\u00f3mico del Gobierno Nacional\u00bb \u2014 \u25b7 Noticias de Casanare : Martha Cifuentes | Casanare\" src=\"https:\/\/marthacifuentes.com\/portada\/2025\/05\/06\/mas-de-13-mil-adultos-mayores-en-casanare-recibiran-en-mayo-apoyo-economico-del-gobierno-nacional\/embed\/#?secret=MArPj5hAas#?secret=WmvbfrbraH\" data-secret=\"WmvbfrbraH\" width=\"500\" height=\"282\" frameborder=\"0\" marginwidth=\"0\" marginheight=\"0\" scrolling=\"no\"><\/iframe><\/p>\n<p><iframe loading=\"lazy\" class=\"wp-embedded-content\" title=\"\u00abDavid y Goliat: Alcald\u00eda de Yopal derrot\u00f3 a los bancos, recuper\u00f3 su autonom\u00eda tributaria y no perdi\u00f3 $10 mil millones.\u00bb \u2014 \u25b7 Noticias de Casanare : Martha Cifuentes | Casanare\" src=\"https:\/\/marthacifuentes.com\/portada\/2025\/05\/06\/david-y-goliat-alcaldia-de-yopal-derroto-a-los-bancos-recupero-su-autonomia-tributaria-y-no-perdio-10-mil-millones\/embed\/#?secret=0YO5P8NHuD#?secret=zCbtwWm8TR\" width=\"600\" height=\"629\" frameborder=\"0\" marginwidth=\"0\" marginheight=\"0\" scrolling=\"no\" sandbox=\"allow-scripts\" data-secret=\"zCbtwWm8TR\" data-mce-fragment=\"1\"><\/iframe><\/p>\n<p><iframe loading=\"lazy\" class=\"wp-embedded-content\" title=\"\u00abSe viene un invierno hist\u00f3rico para Casanare: lluvias superar\u00e1n en un 50 % los niveles normales en junio\u00bb \u2014 \u25b7 Noticias de Casanare : Martha Cifuentes | Casanare\" src=\"https:\/\/marthacifuentes.com\/portada\/2025\/05\/06\/se-viene-un-invierno-historico-para-casanare-lluvias-superaran-en-un-50-los-niveles-normales-en-junio\/embed\/#?secret=QLRDNc9tKS#?secret=KOlUhbjxg5\" width=\"600\" height=\"621\" frameborder=\"0\" marginwidth=\"0\" marginheight=\"0\" scrolling=\"no\" sandbox=\"allow-scripts\" data-secret=\"KOlUhbjxg5\" data-mce-fragment=\"1\"><\/iframe><\/p>\n<p><iframe loading=\"lazy\" class=\"wp-embedded-content\" title=\"\u00ab\u201cUn hijo aunque est\u00e9 muerto es un amor vivo\u201d: familia casanare\u00f1a reencuentra a su ser querido desaparecido en 2001 en Aguaclara\u00bb \u2014 \u25b7 Noticias de Casanare : Martha Cifuentes | Casanare\" src=\"https:\/\/marthacifuentes.com\/portada\/2025\/05\/06\/un-hijo-aunque-este-muerto-es-un-amor-vivo-familia-casanarena-reencuentra-a-su-ser-querido-desaparecido-en-2001-en-aguaclara\/embed\/#?secret=0BFsSfWBgY#?secret=Ep4EnpTQ9y\" width=\"600\" height=\"629\" frameborder=\"0\" marginwidth=\"0\" marginheight=\"0\" scrolling=\"no\" sandbox=\"allow-scripts\" data-secret=\"Ep4EnpTQ9y\" data-mce-fragment=\"1\"><\/iframe><\/p>\n<p><iframe loading=\"lazy\" class=\"wp-embedded-content\" title=\"\u00abEn fallo a favor de Marisela Duarte, Tribunal desestim\u00f3 recusaci\u00f3n (sobredimensionada) y descart\u00f3 dolo. La perfil\u00f3 como una mujer humilde, sin formaci\u00f3n ni experiencia en lo p\u00fablico\u00bb \u2014 \u25b7 Noticias de Casanare : Martha Cifuentes | Casanare\" src=\"https:\/\/marthacifuentes.com\/portada\/2025\/05\/02\/en-fallo-a-favor-de-marisela-duarte-tribunal-desestimo-recusacion-sobredimensionada-y-descarto-dolo-la-perfilo-como-una-mujer-humilde-sin-formacion-ni-experiencia-en-lo-publico\/embed\/#?secret=GqNhxGT4Rp#?secret=cc6LL00MsY\" width=\"600\" height=\"678\" frameborder=\"0\" marginwidth=\"0\" marginheight=\"0\" scrolling=\"no\" sandbox=\"allow-scripts\" data-secret=\"cc6LL00MsY\" data-mce-fragment=\"1\"><\/iframe><\/p>\n<p><iframe loading=\"lazy\" class=\"wp-embedded-content\" title=\"\u00abYopal: Emiten 24 \u00f3rdenes de captura contra ladrones reincidentes en Consejo de Seguridad\u00bb \u2014 \u25b7 Noticias de Casanare : Martha Cifuentes | Casanare\" src=\"https:\/\/marthacifuentes.com\/portada\/2025\/04\/30\/yopal-emiten-24-ordenes-de-captura-contra-ladrones-reincidentes-en-consejo-de-seguridad\/embed\/#?secret=sYnXSf3YJi#?secret=qexc2XpdVy\" width=\"600\" height=\"620\" frameborder=\"0\" marginwidth=\"0\" marginheight=\"0\" scrolling=\"no\" sandbox=\"allow-scripts\" data-secret=\"qexc2XpdVy\" data-mce-fragment=\"1\"><\/iframe><\/p>\n<p><iframe loading=\"lazy\" class=\"wp-embedded-content\" title=\"\u00ab\u201cMi CASAnare\u201d: el hogar de paso en Bogot\u00e1 que nace del coraz\u00f3n solidario de Casanare\u00bb \u2014 \u25b7 Noticias de Casanare : Martha Cifuentes | Casanare\" src=\"https:\/\/marthacifuentes.com\/portada\/2025\/04\/30\/mi-casanare-el-hogar-de-paso-en-bogota-que-nace-del-corazon-solidario-de-casanare\/embed\/#?secret=QYaxEO9HIK#?secret=oO6609rYFx\" width=\"600\" height=\"621\" frameborder=\"0\" marginwidth=\"0\" marginheight=\"0\" scrolling=\"no\" sandbox=\"allow-scripts\" data-secret=\"oO6609rYFx\" data-mce-fragment=\"1\"><\/iframe><\/p>\n<p><iframe loading=\"lazy\" class=\"wp-embedded-content\" title=\"\u00abInician obras para optimizar alcantarillado sanitario en la calle 40 de Yopal\u00bb \u2014 \u25b7 Noticias de Casanare : Martha Cifuentes | Casanare\" src=\"https:\/\/marthacifuentes.com\/portada\/2025\/04\/30\/inician-obras-para-optimizar-alcantarillado-sanitario-en-la-calle-40-de-yopal\/embed\/#?secret=vlLxxnCN61#?secret=jPRIIrlw7Q\" width=\"600\" height=\"621\" frameborder=\"0\" marginwidth=\"0\" marginheight=\"0\" scrolling=\"no\" sandbox=\"allow-scripts\" data-secret=\"jPRIIrlw7Q\" data-mce-fragment=\"1\"><\/iframe><\/p>\n<p><iframe loading=\"lazy\" class=\"wp-embedded-content\" title=\"\u00abCasanare fortalece la cadena productiva del pl\u00e1tano con apoyo a m\u00e1s de 2.000 familias campesinas\u00bb \u2014 \u25b7 Noticias de Casanare : Martha Cifuentes | Casanare\" src=\"https:\/\/marthacifuentes.com\/portada\/2025\/04\/30\/casanare-fortalece-la-cadena-productiva-del-platano-con-apoyo-a-mas-de-2-000-familias-campesinas\/embed\/#?secret=wZPxfxuvfZ#?secret=uGb9wbttlr\" width=\"600\" height=\"621\" frameborder=\"0\" marginwidth=\"0\" marginheight=\"0\" scrolling=\"no\" sandbox=\"allow-scripts\" data-secret=\"uGb9wbttlr\" data-mce-fragment=\"1\"><\/iframe><\/p>\n<p><iframe loading=\"lazy\" class=\"wp-embedded-content\" title=\"\u00abTras el susto, la calma: Se descarta riesgo de avalancha en el r\u00edo Pauto tras deslizamiento en T\u00e1mara\u00bb \u2014 \u25b7 Noticias de Casanare : Martha Cifuentes | Casanare\" src=\"https:\/\/marthacifuentes.com\/portada\/2025\/04\/30\/tras-el-susto-la-calma-se-descarta-riesgo-de-avalancha-en-el-rio-pauto-tras-deslizamiento-en-tamara\/embed\/#?secret=hXJejGDECP#?secret=m2jE3WAARp\" width=\"600\" height=\"620\" frameborder=\"0\" marginwidth=\"0\" marginheight=\"0\" scrolling=\"no\" sandbox=\"allow-scripts\" data-secret=\"m2jE3WAARp\" data-mce-fragment=\"1\"><\/iframe><\/p>\n<p><iframe loading=\"lazy\" class=\"wp-embedded-content\" title=\"\u00abC\u00f3mo un voto cambi\u00f3 todo: el origen, la ca\u00edda y el posible final pol\u00edtico de Marisela Duarte\u00bb \u2014 \u25b7 Noticias de Casanare : Martha Cifuentes | Casanare\" src=\"https:\/\/marthacifuentes.com\/portada\/2025\/04\/29\/como-un-voto-cambio-todo-el-origen-la-caida-y-el-posible-final-politico-de-marisela-duarte\/embed\/#?secret=ukL4IGbs5I#?secret=iXXCt0qyA7\" width=\"600\" height=\"621\" frameborder=\"0\" marginwidth=\"0\" marginheight=\"0\" scrolling=\"no\" sandbox=\"allow-scripts\" data-secret=\"iXXCt0qyA7\" data-mce-fragment=\"1\"><\/iframe><\/p>\n<p><iframe loading=\"lazy\" class=\"wp-embedded-content\" title=\"\u00abNo es un final feliz pero familia Pidiache Achagua ya puede \u00abdescansar\u00bb luego de haber recibido el cuerpo de su ni\u00f1o Arley, desaparecido a los 12 a\u00f1os.\u00bb \u2014 \u25b7 Noticias de Casanare : Martha Cifuentes | Casanare\" src=\"https:\/\/marthacifuentes.com\/portada\/2025\/04\/28\/no-es-un-final-feliz-pero-familia-pidiache-achagua-ya-puede-descansar-luego-de-haber-recibido-el-cuerpo-de-su-nino-arley-desaparecido-a-los-12-anos\/embed\/#?secret=KOqH41m4sP#?secret=LdazwHkMT9\" width=\"600\" height=\"650\" frameborder=\"0\" marginwidth=\"0\" marginheight=\"0\" scrolling=\"no\" sandbox=\"allow-scripts\" data-secret=\"LdazwHkMT9\" data-mce-fragment=\"1\"><\/iframe><\/p>\n<p><iframe loading=\"lazy\" class=\"wp-embedded-content\" title=\"\u00ab\u201cLa m\u00e1s interesada en que hable \u2018Mart\u00edn Llanos\u2019 soy yo\u201d: Exalcaldesa de Monterrey Aleyder Casta\u00f1eda.\u00bb \u2014 \u25b7 Noticias de Casanare : Martha Cifuentes | Casanare\" src=\"https:\/\/marthacifuentes.com\/portada\/2025\/04\/28\/la-mas-interesada-en-que-hable-martin-llanos-soy-yo-exalcaldesa-de-monterrey-aleyder-castaneda\/embed\/#?secret=rkVoqkL4R4#?secret=dYDaSU2I8I\" width=\"600\" height=\"621\" frameborder=\"0\" marginwidth=\"0\" marginheight=\"0\" scrolling=\"no\" sandbox=\"allow-scripts\" data-secret=\"dYDaSU2I8I\" data-mce-fragment=\"1\"><\/iframe><\/p>\n<p><iframe loading=\"lazy\" class=\"wp-embedded-content\" title=\"\u00abMujer muere por atragantamiento con un alimento en Yopal. T\u00e9cnica de Heimlich podr\u00eda haberle salvado la vida.\u00bb \u2014 \u25b7 Noticias de Casanare : Martha Cifuentes | Casanare\" src=\"https:\/\/marthacifuentes.com\/portada\/2025\/04\/28\/mujer-muere-por-atragantamiento-con-un-alimento-en-yopal-tecnica-de-heimlich-podria-haberle-salvado-la-vida\/embed\/#?secret=ich84s7GRo#?secret=faI8BfSvHU\" width=\"600\" height=\"629\" frameborder=\"0\" marginwidth=\"0\" marginheight=\"0\" scrolling=\"no\" sandbox=\"allow-scripts\" data-secret=\"faI8BfSvHU\" data-mce-fragment=\"1\"><\/iframe><\/p>\n<p><iframe loading=\"lazy\" class=\"wp-embedded-content\" title=\"\u00ab\ud83d\udcf1 Costo de 17 mil tabletas en Casanare genera indagaci\u00f3n en la Procuradur\u00eda. Gobernador ha defendido el proyecto.\u00bb \u2014 \u25b7 Noticias de Casanare : Martha Cifuentes | Casanare\" src=\"https:\/\/marthacifuentes.com\/portada\/2025\/04\/25\/%f0%9f%93%b1-costo-de-17-mil-tabletas-en-casanare-genera-indagacion-en-la-procuraduria-gobernador-ha-defendido-el-proyecto\/embed\/#?secret=Kv95HGZS2q#?secret=odoRJpdvVK\" width=\"600\" height=\"650\" frameborder=\"0\" marginwidth=\"0\" marginheight=\"0\" scrolling=\"no\" sandbox=\"allow-scripts\" data-secret=\"odoRJpdvVK\" data-mce-fragment=\"1\"><\/iframe><\/p>\n<p><iframe loading=\"lazy\" class=\"wp-embedded-content\" title=\"\u00abFelipe Bay\u00f3n, expresidente de Ecopetrol, nuevo CEO de GeoPark\u00bb \u2014 \u25b7 Noticias de Casanare : Martha Cifuentes | Casanare\" src=\"https:\/\/marthacifuentes.com\/portada\/2025\/04\/24\/felipe-bayon-expresidente-de-ecopetrol-nuevo-ceo-de-geopark\/embed\/#?secret=PbgOw66vlM#?secret=K8EVYYBiJQ\" width=\"600\" height=\"621\" frameborder=\"0\" marginwidth=\"0\" marginheight=\"0\" scrolling=\"no\" sandbox=\"allow-scripts\" data-secret=\"K8EVYYBiJQ\" data-mce-fragment=\"1\"><\/iframe><\/p>\n<p><iframe loading=\"lazy\" class=\"wp-embedded-content\" title=\"\u00ab\u2712\ufe0f \u201cDonde el llano escribe su alma\u201d: Casanare llega con 156 obras a la Feria del Libro de Bogot\u00e1 2025\u00bb \u2014 \u25b7 Noticias de Casanare : Martha Cifuentes | Casanare\" src=\"https:\/\/marthacifuentes.com\/portada\/2025\/04\/24\/%e2%9c%92%ef%b8%8f-donde-el-llano-escribe-su-alma-casanare-llega-con-156-obras-a-la-feria-del-libro-de-bogota-2025\/embed\/#?secret=i0cZYkMLDp#?secret=tJbSIsdO20\" width=\"600\" height=\"600\" frameborder=\"0\" marginwidth=\"0\" marginheight=\"0\" scrolling=\"no\" sandbox=\"allow-scripts\" data-secret=\"tJbSIsdO20\" data-mce-fragment=\"1\"><\/iframe><\/p>\n<p><iframe loading=\"lazy\" class=\"wp-embedded-content\" title=\"\u00abOjo con la pesca en Casanare. Est\u00e1 en periodo de veda para proteger las especies\u00bb \u2014 \u25b7 Noticias de Casanare : Martha Cifuentes | Casanare\" src=\"https:\/\/marthacifuentes.com\/portada\/2025\/04\/24\/ojo-con-la-pesca-en-casanare-esta-en-periodo-de-veda-para-proteger-las-especies\/embed\/#?secret=FVTykRcJZU#?secret=dDE1CcjF5r\" width=\"600\" height=\"596\" frameborder=\"0\" marginwidth=\"0\" marginheight=\"0\" scrolling=\"no\" sandbox=\"allow-scripts\" data-secret=\"dDE1CcjF5r\" data-mce-fragment=\"1\"><\/iframe><\/p>\n<p><iframe loading=\"lazy\" class=\"wp-embedded-content\" title=\"\u00abSupernotariado inspecciona a Catasig SAS en Yopal: Anuncia r\u00e1pido dictamen tras reclamos por dr\u00e1stica alza de los aval\u00faos\u00bb \u2014 \u25b7 Noticias de Casanare : Martha Cifuentes | Casanare\" src=\"https:\/\/marthacifuentes.com\/portada\/2025\/04\/24\/supernotariado-inspecciona-a-catasig-sas-en-yopal-anuncia-rapido-dictamen-tras-reclamos-por-drastica-alza-de-los-avaluos\/embed\/#?secret=IoJKwGwmHu#?secret=Ehrjdcy59z\" width=\"600\" height=\"650\" frameborder=\"0\" marginwidth=\"0\" marginheight=\"0\" scrolling=\"no\" sandbox=\"allow-scripts\" data-secret=\"Ehrjdcy59z\" data-mce-fragment=\"1\"><\/iframe><\/p>\n<p><iframe loading=\"lazy\" class=\"wp-embedded-content\" title=\"\u00ab\ud83d\udd0d JEP imputa cr\u00edmenes de guerra a tres militares por \u2018falsos positivos\u2019 en Casanare: roles clave en una maquinaria de muerte\u00bb \u2014 \u25b7 Noticias de Casanare : Martha Cifuentes | Casanare\" src=\"https:\/\/marthacifuentes.com\/portada\/2025\/04\/24\/%f0%9f%94%8d-jep-imputa-crimenes-de-guerra-a-tres-militares-por-falsos-positivos-en-casanare-roles-clave-en-una-maquinaria-de-muerte\/embed\/#?secret=L2GsrXbHEp#?secret=JP2EvxKELv\" width=\"600\" height=\"650\" frameborder=\"0\" marginwidth=\"0\" marginheight=\"0\" scrolling=\"no\" sandbox=\"allow-scripts\" data-secret=\"JP2EvxKELv\" data-mce-fragment=\"1\"><\/iframe><\/p>\n<p><iframe loading=\"lazy\" class=\"wp-embedded-content\" title=\"\u00abDe cuidados intensivos a obra reactivada: Hospital de la Comuna 6 de Yopal revive\u2026 por ahora\u00bb \u2014 \u25b7 Noticias de Casanare : Martha Cifuentes | Casanare\" src=\"https:\/\/marthacifuentes.com\/portada\/2025\/04\/23\/de-cuidados-intensivos-a-obra-reactivada-hospital-de-la-comuna-6-de-yopal-revive-por-ahora\/embed\/#?secret=mwEmk9rJl5#?secret=IO1wmTqoSQ\" width=\"600\" height=\"600\" frameborder=\"0\" marginwidth=\"0\" marginheight=\"0\" scrolling=\"no\" sandbox=\"allow-scripts\" data-secret=\"IO1wmTqoSQ\" data-mce-fragment=\"1\"><\/iframe><\/p>\n<p><iframe loading=\"lazy\" class=\"wp-embedded-content\" title=\"\u00abPaz de Ariporo y Casanare en luto tras fatal siniestro vial en la variante Tunja-Bogot\u00e1\u00bb \u2014 \u25b7 Noticias de Casanare : Martha Cifuentes | Casanare\" src=\"https:\/\/marthacifuentes.com\/portada\/2025\/04\/21\/paz-de-ariporo-y-casanare-en-luto-tras-fatal-siniestro-vial-en-la-variante-tunja-bogota\/embed\/#?secret=iuAymxVzHm#?secret=w9wkaL9hc3\" width=\"600\" height=\"621\" frameborder=\"0\" marginwidth=\"0\" marginheight=\"0\" scrolling=\"no\" sandbox=\"allow-scripts\" data-secret=\"w9wkaL9hc3\" data-mce-fragment=\"1\"><\/iframe><\/p>\n<p><iframe loading=\"lazy\" class=\"wp-embedded-content\" title=\"\u00abCasanare epicentro de Cumbre de Gobernadores este 25 de abril. Agroindustria y turismo, plato fuerte.\u00bb \u2014 \u25b7 Noticias de Casanare : Martha Cifuentes | Casanare\" src=\"https:\/\/marthacifuentes.com\/portada\/2025\/04\/21\/casanare-epicentro-de-cumbre-de-gobernadores-este-25-de-abril-agroindustria-y-turismo-plato-fuerte\/embed\/#?secret=iqyGjqcKUd#?secret=rq5gb2nvlh\" width=\"600\" height=\"621\" frameborder=\"0\" marginwidth=\"0\" marginheight=\"0\" scrolling=\"no\" sandbox=\"allow-scripts\" data-secret=\"rq5gb2nvlh\" data-mce-fragment=\"1\"><\/iframe><\/p>\n<p><iframe loading=\"lazy\" class=\"wp-embedded-content\" title=\"\u00abEn siniestro vial en Yopal muri\u00f3 una mujer tras colisi\u00f3n con un agente de tr\u00e1nsito\u00bb \u2014 \u25b7 Noticias de Casanare : Martha Cifuentes | Casanare\" src=\"https:\/\/marthacifuentes.com\/portada\/2025\/04\/21\/en-siniestro-vial-en-yopal-murio-una-mujer-tras-colision-con-un-agente-de-transito\/embed\/#?secret=SGsHjTgINL#?secret=QmyaKMsVUs\" width=\"600\" height=\"600\" frameborder=\"0\" marginwidth=\"0\" marginheight=\"0\" scrolling=\"no\" sandbox=\"allow-scripts\" data-secret=\"QmyaKMsVUs\" data-mce-fragment=\"1\"><\/iframe><\/p>\n<p><iframe loading=\"lazy\" class=\"wp-embedded-content\" title=\"\u00abExparamilitares de alias \u201cMart\u00edn Llanos\u201d acusan a Lucho Herrera de la desaparici\u00f3n y muerte de 4 personas.\u00bb \u2014 \u25b7 Noticias de Casanare : Martha Cifuentes | Casanare\" src=\"https:\/\/marthacifuentes.com\/portada\/2025\/04\/21\/exparamilitares-de-alias-martin-llanos-acusan-a-lucho-herrera-de-la-desaparicion-y-muerte-de-4-personas\/embed\/#?secret=r3zuMzMKZR#?secret=eUnTqVjm0h\" width=\"600\" height=\"650\" frameborder=\"0\" marginwidth=\"0\" marginheight=\"0\" scrolling=\"no\" sandbox=\"allow-scripts\" data-secret=\"eUnTqVjm0h\" data-mce-fragment=\"1\"><\/iframe><\/p>\n<p><iframe loading=\"lazy\" class=\"wp-embedded-content\" title=\"\u00abProsperidad Social atiende a 29.465 v\u00edctimas del desplazamiento en Casanare con programas integrales y transferencias monetarias\u00bb \u2014 \u25b7 Noticias de Casanare : Martha Cifuentes | Casanare\" src=\"https:\/\/marthacifuentes.com\/portada\/2025\/04\/11\/prosperidad-social-atiende-a-29-465-victimas-del-desplazamiento-en-casanare-con-programas-integrales-y-transferencias-monetarias\/embed\/#?secret=K2kCSSTRee#?secret=o7axFq2UJD\" width=\"600\" height=\"650\" frameborder=\"0\" marginwidth=\"0\" marginheight=\"0\" scrolling=\"no\" sandbox=\"allow-scripts\" data-secret=\"o7axFq2UJD\" data-mce-fragment=\"1\"><\/iframe><\/p>\n<p><iframe loading=\"lazy\" class=\"wp-embedded-content\" title=\"\u00abAprobado en primer debate amnist\u00eda de intereses para deudores del ICETEX\u00bb \u2014 \u25b7 Noticias de Casanare : Martha Cifuentes | Casanare\" src=\"https:\/\/marthacifuentes.com\/portada\/2025\/04\/11\/aprobado-en-primer-debate-amnistia-de-intereses-para-deudores-del-icetex\/embed\/#?secret=n2us5GVJGj#?secret=1lzwf9qNSS\" width=\"600\" height=\"621\" frameborder=\"0\" marginwidth=\"0\" marginheight=\"0\" scrolling=\"no\" sandbox=\"allow-scripts\" data-secret=\"1lzwf9qNSS\" data-mce-fragment=\"1\"><\/iframe><\/p>\n<p><iframe loading=\"lazy\" class=\"wp-embedded-content\" title=\"\u00abAprobado en primer debate amnist\u00eda de intereses para deudores del ICETEX\u00bb \u2014 \u25b7 Noticias de Casanare : Martha Cifuentes | Casanare\" src=\"https:\/\/marthacifuentes.com\/portada\/2025\/04\/11\/aprobado-en-primer-debate-amnistia-de-intereses-para-deudores-del-icetex\/embed\/#?secret=n2us5GVJGj#?secret=1lzwf9qNSS\" width=\"600\" height=\"621\" frameborder=\"0\" marginwidth=\"0\" marginheight=\"0\" scrolling=\"no\" sandbox=\"allow-scripts\" data-secret=\"1lzwf9qNSS\" data-mce-fragment=\"1\"><\/iframe><\/p>\n<p><iframe loading=\"lazy\" class=\"wp-embedded-content\" title=\"\u00abGobernaci\u00f3n de Casanare siembra 80 \u00e1rboles en homenaje a las v\u00edctimas del conflicto armado en el D\u00eda Nacional de la Memoria\u00bb \u2014 \u25b7 Noticias de Casanare : Martha Cifuentes | Casanare\" src=\"https:\/\/marthacifuentes.com\/portada\/2025\/04\/11\/gobernacion-de-casanare-siembra-80-arboles-en-homenaje-a-las-victimas-del-conflicto-armado-en-el-dia-nacional-de-la-memoria\/embed\/#?secret=R4ppFIoo6s#?secret=xVzwHxiuEh\" width=\"600\" height=\"629\" frameborder=\"0\" marginwidth=\"0\" marginheight=\"0\" scrolling=\"no\" sandbox=\"allow-scripts\" data-secret=\"xVzwHxiuEh\" data-mce-fragment=\"1\"><\/iframe><\/p>\n<p><iframe loading=\"lazy\" class=\"wp-embedded-content\" title=\"\u00abEn Encuentro Nacional de la Orinoquia gobernador de Casanare present\u00f3 plan de agroindustrializaci\u00f3n. Se busca reducir dependencia del petr\u00f3leo\u00bb \u2014 \u25b7 Noticias de Casanare : Martha Cifuentes | Casanare\" src=\"https:\/\/marthacifuentes.com\/portada\/2025\/04\/11\/en-encuentro-nacional-de-la-orinoquia-gobernador-de-casanare-presento-plan-de-agroindustrializacion-se-busca-reducir-dependencia-del-petroleo\/embed\/#?secret=cVANz9PJMd#?secret=lthOKUovnf\" width=\"600\" height=\"650\" frameborder=\"0\" marginwidth=\"0\" marginheight=\"0\" scrolling=\"no\" sandbox=\"allow-scripts\" data-secret=\"lthOKUovnf\" data-mce-fragment=\"1\"><\/iframe><\/p>\n<p><iframe loading=\"lazy\" class=\"wp-embedded-content\" title=\"\u00abDesde hoy, due\u00f1os de cerca de 60 mil predios en Yopal podr\u00e1n ver reliquidaciones del impuesto predial tras correcci\u00f3n de errores en cobros\u00bb \u2014 \u25b7 Noticias de Casanare : Martha Cifuentes | Casanare\" src=\"https:\/\/marthacifuentes.com\/portada\/2025\/04\/11\/desde-hoy-duenos-de-cerca-de-60-mil-predios-en-yopal-podran-ver-reliquidaciones-del-impuesto-predial-tras-correccion-de-errores-en-cobros\/embed\/#?secret=u4jaqVXrtt#?secret=AbGZ0Z0cRK\" width=\"600\" height=\"650\" frameborder=\"0\" marginwidth=\"0\" marginheight=\"0\" scrolling=\"no\" sandbox=\"allow-scripts\" data-secret=\"AbGZ0Z0cRK\" data-mce-fragment=\"1\"><\/iframe><\/p>\n<p><iframe loading=\"lazy\" class=\"wp-embedded-content\" title=\"\u00abAsamblea de Casanare debatir\u00e1 supresi\u00f3n de cargo administrativo y afectada interpone tutela por derecho al trabajo\u00bb \u2014 \u25b7 Noticias de Casanare : Martha Cifuentes | Casanare\" src=\"https:\/\/marthacifuentes.com\/portada\/2025\/04\/10\/asamblea-de-casanare-debatira-supresion-de-cargo-administrativo-y-afectada-interpone-tutela-por-derecho-al-trabajo\/embed\/#?secret=aAQQSPycTF#?secret=Tj4QFJ5tqY\" width=\"600\" height=\"650\" frameborder=\"0\" marginwidth=\"0\" marginheight=\"0\" scrolling=\"no\" sandbox=\"allow-scripts\" data-secret=\"Tj4QFJ5tqY\" data-mce-fragment=\"1\"><\/iframe><\/p>\n<p><iframe loading=\"lazy\" class=\"wp-embedded-content\" title=\"\u00abEn Semana Santa: En Yopal se proh\u00edbe circulaci\u00f3n nocturna de motos para evitar siniestros viales\u00bb \u2014 \u25b7 Noticias de Casanare : Martha Cifuentes | Casanare\" src=\"https:\/\/marthacifuentes.com\/portada\/2025\/04\/10\/en-semana-santa-en-yopal-se-prohibe-circulacion-nocturna-de-motos-para-evitar-siniestros-viales\/embed\/#?secret=1bHOzbuvyE#?secret=KKCBiHcAiV\" width=\"600\" height=\"600\" frameborder=\"0\" marginwidth=\"0\" marginheight=\"0\" scrolling=\"no\" sandbox=\"allow-scripts\" data-secret=\"KKCBiHcAiV\" data-mce-fragment=\"1\"><\/iframe><\/p>\n<p><iframe loading=\"lazy\" class=\"wp-embedded-content\" title=\"\u00abConcejales de Trinidad se aferran a sus curules: Apelaron fallo de p\u00e9rdida de investidura\u00bb \u2014 \u25b7 Noticias de Casanare : Martha Cifuentes | Casanare\" src=\"https:\/\/marthacifuentes.com\/portada\/2025\/04\/09\/concejales-de-trinidad-se-aferran-a-sus-curules-apelaron-fallo-de-perdida-de-investidura\/embed\/#?secret=uC9NuALdb6#?secret=VUNnTaA6eL\" width=\"600\" height=\"622\" frameborder=\"0\" marginwidth=\"0\" marginheight=\"0\" scrolling=\"no\" sandbox=\"allow-scripts\" data-secret=\"VUNnTaA6eL\" data-mce-fragment=\"1\"><\/iframe><\/p>\n<p><iframe loading=\"lazy\" class=\"wp-embedded-content\" title=\"\u00abEAAAY aclara que no apel\u00f3 sentencia sobre contrato con SSYAM y pidi\u00f3 correcci\u00f3n al Tribunal\u00bb \u2014 \u25b7 Noticias de Casanare : Martha Cifuentes | Casanare\" src=\"https:\/\/marthacifuentes.com\/portada\/2025\/04\/08\/eaaay-aclara-que-no-apelo-sentencia-sobre-contrato-con-ssyam-y-pedira-correccion-al-tribunal\/embed\/#?secret=gV5cOPuHHw#?secret=gGCCZaww6E\" width=\"600\" height=\"620\" frameborder=\"0\" marginwidth=\"0\" marginheight=\"0\" scrolling=\"no\" sandbox=\"allow-scripts\" data-secret=\"gGCCZaww6E\" data-mce-fragment=\"1\"><\/iframe><\/p>\n<p><iframe loading=\"lazy\" class=\"wp-embedded-content\" title=\"\u00abB\u00fasqueda de desaparecidos en Tauramena: entre la esperanza y los desaf\u00edos\u00bb \u2014 \u25b7 Noticias de Casanare : Martha Cifuentes | Casanare\" src=\"https:\/\/marthacifuentes.com\/portada\/2025\/04\/08\/busqueda-de-desaparecidos-en-tauramena-entre-la-esperanza-y-los-desafios\/embed\/#?secret=v1wjexGsGl#?secret=3DklukVibP\" width=\"600\" height=\"621\" frameborder=\"0\" marginwidth=\"0\" marginheight=\"0\" scrolling=\"no\" sandbox=\"allow-scripts\" data-secret=\"3DklukVibP\" data-mce-fragment=\"1\"><\/iframe><\/p>\n<p><iframe loading=\"lazy\" class=\"wp-embedded-content\" title=\"\u00abLa EAAAY, intervenida por Superservicios, apel\u00f3 fallo que ordenaba suspender cuestionado contrato con SSYAM\u00bb \u2014 \u25b7 Noticias de Casanare : Martha Cifuentes | Casanare\" src=\"https:\/\/marthacifuentes.com\/portada\/2025\/04\/08\/la-eaaay-intervenida-por-superservicios-apelo-fallo-que-ordenaba-suspender-cuestionado-contrato-con-ssyam-2\/embed\/#?secret=LPPYddEejT#?secret=QeygEc8Rvf\" width=\"600\" height=\"650\" frameborder=\"0\" marginwidth=\"0\" marginheight=\"0\" scrolling=\"no\" sandbox=\"allow-scripts\" data-secret=\"QeygEc8Rvf\" data-mce-fragment=\"1\"><\/iframe><\/p>\n<p><iframe loading=\"lazy\" class=\"wp-embedded-content\" title=\"\u00abLa EAAAY, intervenida por Superservicios, apel\u00f3 fallo que ordenaba suspender cuestionado contrato con SSYAM\u00bb \u2014 \u25b7 Noticias de Casanare : Martha Cifuentes | Casanare\" src=\"https:\/\/marthacifuentes.com\/portada\/2025\/04\/07\/la-eaaay-intervenida-por-superservicios-apelo-fallo-que-ordenaba-suspender-cuestionado-contrato-con-ssyam\/embed\/#?secret=oWxmMd20hv#?secret=RXlqReKGVU\" width=\"600\" height=\"648\" frameborder=\"0\" marginwidth=\"0\" marginheight=\"0\" scrolling=\"no\" sandbox=\"allow-scripts\" data-secret=\"RXlqReKGVU\" data-mce-fragment=\"1\"><\/iframe><\/p>\n<p><iframe loading=\"lazy\" class=\"wp-embedded-content\" title=\"\u00abPara finales de abril, audiencia de p\u00e9rdida de investidura de diputada Marisela Duarte\u00bb \u2014 \u25b7 Noticias de Casanare : Martha Cifuentes | Casanare\" src=\"https:\/\/marthacifuentes.com\/portada\/2025\/04\/07\/para-finales-de-abril-audiencia-de-perdida-de-investidura-de-diputada-marisela-duarte\/embed\/#?secret=y4ON2yfeFv#?secret=V069hgdgFL\" width=\"600\" height=\"622\" frameborder=\"0\" marginwidth=\"0\" marginheight=\"0\" scrolling=\"no\" sandbox=\"allow-scripts\" data-secret=\"V069hgdgFL\" data-mce-fragment=\"1\"><\/iframe><\/p>\n<p><iframe loading=\"lazy\" class=\"wp-embedded-content\" title=\"\u00abTras libertad de 5 casanare\u00f1os secuestrados en Arauca emerge cruda realidad: denunciar en vano, pagar extorsiones o sufrir plagio\u00bb \u2014 \u25b7 Noticias de Casanare : Martha Cifuentes | Casanare\" src=\"https:\/\/marthacifuentes.com\/portada\/2025\/04\/07\/tras-libertad-de-5-casanarenos-secuestrados-en-arauca-emerge-cruda-realidad-denunciar-en-vano-pagar-extorsiones-o-sufrir-plagio\/embed\/#?secret=Yc2HhjXnxb#?secret=IGr5DngKcw\" width=\"600\" height=\"574\" frameborder=\"0\" marginwidth=\"0\" marginheight=\"0\" scrolling=\"no\" sandbox=\"allow-scripts\" data-secret=\"IGr5DngKcw\" data-mce-fragment=\"1\"><\/iframe><\/p>\n<p><iframe loading=\"lazy\" class=\"wp-embedded-content\" title=\"\u00abUna comerciante de Villanueva, Casanare y un ciudadano de Corozal, Sucre, las v\u00edctimas fatales de siniestro vial en Monterrey\u00bb \u2014 \u25b7 Noticias de Casanare : Martha Cifuentes | Casanare\" src=\"https:\/\/marthacifuentes.com\/portada\/2025\/04\/04\/una-comerciante-de-villanueva-casanare-y-un-ciudadano-de-corozal-sucre-las-victimas-fatales-de-siniestro-vial-en-monterrey\/embed\/#?secret=FuQBin8vg8#?secret=EGyFZa3erI\" width=\"600\" height=\"650\" frameborder=\"0\" marginwidth=\"0\" marginheight=\"0\" scrolling=\"no\" sandbox=\"allow-scripts\" data-secret=\"EGyFZa3erI\" data-mce-fragment=\"1\"><\/iframe><\/p>\n<p><iframe loading=\"lazy\" class=\"wp-embedded-content\" title=\"\u00abAlias \u2018Mart\u00edn llanos\u2019, ahora gestor de paz, pide liberaci\u00f3n de casanare\u00f1os secuestrados\u00bb \u2014 \u25b7 Noticias de Casanare : Martha Cifuentes | Casanare\" src=\"https:\/\/marthacifuentes.com\/portada\/2025\/04\/04\/alias-martin-llanos-ahora-gestor-de-paz-pide-liberacion-de-casanarenos-secuestrados\/embed\/#?secret=QUny4dkL79#?secret=RhqsxRgDwM\" width=\"600\" height=\"622\" frameborder=\"0\" marginwidth=\"0\" marginheight=\"0\" scrolling=\"no\" sandbox=\"allow-scripts\" data-secret=\"RhqsxRgDwM\" data-mce-fragment=\"1\"><\/iframe><\/p>\n<p><iframe loading=\"lazy\" class=\"wp-embedded-content\" title=\"\u00abC\u00e1mara de Comercio de Casanare presenta RUTA D: estrategia de apoyo para emprendedores\u00bb \u2014 \u25b7 Noticias de Casanare : Martha Cifuentes | Casanare\" src=\"https:\/\/marthacifuentes.com\/portada\/2025\/04\/04\/camara-de-comercio-de-casanare-presenta-ruta-d-estrategia-de-apoyo-para-emprendedores\/embed\/#?secret=SjCMWjr9q0#?secret=v9xSEe9Xyu\" width=\"600\" height=\"642\" frameborder=\"0\" marginwidth=\"0\" marginheight=\"0\" scrolling=\"no\" sandbox=\"allow-scripts\" data-secret=\"v9xSEe9Xyu\" data-mce-fragment=\"1\"><\/iframe><\/p>\n","protected":false},"excerpt":{"rendered":"<p>En cumplimiento de la orden presidencial de \u201carreciar la ofensiva contra el Clan del Golfo\u201d, la Polic\u00eda Nacional captur\u00f3 a 123 presuntos integrantes de esa estructura en 74 operativos realizados en 14 departamentos del pa\u00eds. Entre ellos figuran al menos 10 cabecillas de zona, responsables de homicidios selectivos, extorsiones y expansi\u00f3n territorial. Los capturados delinqu\u00edan &hellip;<\/p>\n","protected":false},"author":2,"featured_media":35238,"comment_status":"open","ping_status":"open","sticky":false,"template":"","format":"standard","meta":{"om_disable_all_campaigns":false,"_exactmetrics_skip_tracking":false,"_exactmetrics_sitenote_active":false,"_exactmetrics_sitenote_note":"","_exactmetrics_sitenote_category":0,"_monsterinsights_skip_tracking":false,"_monsterinsights_sitenote_active":false,"_monsterinsights_sitenote_note":"","_monsterinsights_sitenote_category":0,"_uf_show_specific_survey":0,"_uf_disable_surveys":false,"_joinchat":[],"footnotes":""},"categories":[147,146,145],"tags":[12396,12392,1209,12404,12397,6102,928,12407,12389,12390,12393,10372,369,12398,155,1071,12406,12399,12395,1111,12403,12388,12391,12405,730,12128,6713,12402,12401,12400,12394,8070],"class_list":["post-35237","post","type-post","status-publish","format-standard","has-post-thumbnail","hentry","category-actualidad","category-noticias","category-reportajes","tag-armas-incautadas","tag-cabecillas","tag-capturas","tag-carlos-vasquez","tag-cartuchos","tag-clan-del-golfo","tag-concierto-para-delinquir","tag-cooperacion-internacional","tag-criminal-transnacional","tag-dubai","tag-expansion-territorial","tag-extorsion","tag-fiscalia","tag-granadas","tag-gustavo-petro","tag-homicidios","tag-investigacion","tag-lavado-internacional","tag-magdalena-medio","tag-narcotrafico","tag-nicolas-urango","tag-ofensiva","tag-operacion-agamenon","tag-orden-presidencial","tag-policia-nacional","tag-redes-criminales","tag-seguridad-nacional","tag-subestructuras","tag-trafico-de-armas","tag-trafico-de-drogas","tag-uraba","tag-valle-del-cauca"],"yoast_head":"<!-- This site is optimized with the Yoast SEO plugin v26.1 - https:\/\/yoast.com\/wordpress\/plugins\/seo\/ -->\n<title>\u00a1Les cay\u00f3 la ley! Polic\u00eda arresta a 123 del Clan del Golfo mientras Petro advierte que ir\u00e1n hasta Dub\u00e1i - \u25b7 Noticias de Casanare : Martha Cifuentes | Casanare<\/title>\n<meta name=\"robots\" content=\"index, follow, max-snippet:-1, max-image-preview:large, max-video-preview:-1\" \/>\n<link rel=\"canonical\" href=\"https:\/\/marthacifuentes.com\/portada\/les-cayo-la-ley-policia-arresta-a-123-del-clan-del-golfo-mientras-petro-advierte-que-iran-hasta-dubai\/\" \/>\n<meta property=\"og:locale\" content=\"es_ES\" \/>\n<meta property=\"og:type\" content=\"article\" \/>\n<meta property=\"og:title\" content=\"\u00a1Les cay\u00f3 la ley! Polic\u00eda arresta a 123 del Clan del Golfo mientras Petro advierte que ir\u00e1n hasta Dub\u00e1i - \u25b7 Noticias de Casanare : Martha Cifuentes | Casanare\" \/>\n<meta property=\"og:description\" content=\"En cumplimiento de la orden presidencial de \u201carreciar la ofensiva contra el Clan del Golfo\u201d, la Polic\u00eda Nacional captur\u00f3 a 123 presuntos integrantes de esa estructura en 74 operativos realizados en 14 departamentos del pa\u00eds. Entre ellos figuran al menos 10 cabecillas de zona, responsables de homicidios selectivos, extorsiones y expansi\u00f3n territorial. Los capturados delinqu\u00edan &hellip;\" \/>\n<meta property=\"og:url\" content=\"https:\/\/marthacifuentes.com\/portada\/les-cayo-la-ley-policia-arresta-a-123-del-clan-del-golfo-mientras-petro-advierte-que-iran-hasta-dubai\/\" \/>\n<meta property=\"og:site_name\" content=\"\u25b7 Noticias de Casanare : Martha Cifuentes | Casanare\" \/>\n<meta property=\"article:published_time\" content=\"2025-05-06T15:44:55+00:00\" \/>\n<meta property=\"og:image\" content=\"https:\/\/marthacifuentes.com\/portada\/wp-content\/uploads\/2025\/05\/250505-Policia-captura-a-123-del-clan-del-golfo-en-dos-semanas-1-1280.jpg\" \/>\n\t<meta property=\"og:image:width\" content=\"1280\" \/>\n\t<meta property=\"og:image:height\" content=\"720\" \/>\n\t<meta property=\"og:image:type\" content=\"image\/jpeg\" \/>\n<meta name=\"author\" content=\"Martha Cifuentes\" \/>\n<meta name=\"twitter:card\" content=\"summary_large_image\" \/>\n<meta name=\"twitter:label1\" content=\"Escrito por\" \/>\n\t<meta name=\"twitter:data1\" content=\"Martha Cifuentes\" \/>\n\t<meta name=\"twitter:label2\" content=\"Tiempo de lectura\" \/>\n\t<meta name=\"twitter:data2\" content=\"1 minuto\" \/>\n<script type=\"application\/ld+json\" class=\"yoast-schema-graph\">{\"@context\":\"https:\/\/schema.org\",\"@graph\":[{\"@type\":\"WebPage\",\"@id\":\"https:\/\/marthacifuentes.com\/portada\/les-cayo-la-ley-policia-arresta-a-123-del-clan-del-golfo-mientras-petro-advierte-que-iran-hasta-dubai\/\",\"url\":\"https:\/\/marthacifuentes.com\/portada\/les-cayo-la-ley-policia-arresta-a-123-del-clan-del-golfo-mientras-petro-advierte-que-iran-hasta-dubai\/\",\"name\":\"\u00a1Les cay\u00f3 la ley! Polic\u00eda arresta a 123 del Clan del Golfo mientras Petro advierte que ir\u00e1n hasta Dub\u00e1i - \u25b7 Noticias de Casanare : Martha Cifuentes | Casanare\",\"isPartOf\":{\"@id\":\"https:\/\/marthacifuentes.com\/portada\/#website\"},\"primaryImageOfPage\":{\"@id\":\"https:\/\/marthacifuentes.com\/portada\/les-cayo-la-ley-policia-arresta-a-123-del-clan-del-golfo-mientras-petro-advierte-que-iran-hasta-dubai\/#primaryimage\"},\"image\":{\"@id\":\"https:\/\/marthacifuentes.com\/portada\/les-cayo-la-ley-policia-arresta-a-123-del-clan-del-golfo-mientras-petro-advierte-que-iran-hasta-dubai\/#primaryimage\"},\"thumbnailUrl\":\"https:\/\/marthacifuentes.com\/portada\/wp-content\/uploads\/2025\/05\/250505-Policia-captura-a-123-del-clan-del-golfo-en-dos-semanas-1-1280.jpg\",\"datePublished\":\"2025-05-06T15:44:55+00:00\",\"author\":{\"@id\":\"https:\/\/marthacifuentes.com\/portada\/#\/schema\/person\/57f53174b991db5f90ff78d58502b714\"},\"breadcrumb\":{\"@id\":\"https:\/\/marthacifuentes.com\/portada\/les-cayo-la-ley-policia-arresta-a-123-del-clan-del-golfo-mientras-petro-advierte-que-iran-hasta-dubai\/#breadcrumb\"},\"inLanguage\":\"es\",\"potentialAction\":[{\"@type\":\"ReadAction\",\"target\":[\"https:\/\/marthacifuentes.com\/portada\/les-cayo-la-ley-policia-arresta-a-123-del-clan-del-golfo-mientras-petro-advierte-que-iran-hasta-dubai\/\"]}]},{\"@type\":\"ImageObject\",\"inLanguage\":\"es\",\"@id\":\"https:\/\/marthacifuentes.com\/portada\/les-cayo-la-ley-policia-arresta-a-123-del-clan-del-golfo-mientras-petro-advierte-que-iran-hasta-dubai\/#primaryimage\",\"url\":\"https:\/\/marthacifuentes.com\/portada\/wp-content\/uploads\/2025\/05\/250505-Policia-captura-a-123-del-clan-del-golfo-en-dos-semanas-1-1280.jpg\",\"contentUrl\":\"https:\/\/marthacifuentes.com\/portada\/wp-content\/uploads\/2025\/05\/250505-Policia-captura-a-123-del-clan-del-golfo-en-dos-semanas-1-1280.jpg\",\"width\":1280,\"height\":720,\"caption\":\"Polic\u00eda captura a 123 del clan del golfo en dos semanas, siguiendo orden del presidente Petro de arreciar ofensiva contra esa estructura criminal\"},{\"@type\":\"BreadcrumbList\",\"@id\":\"https:\/\/marthacifuentes.com\/portada\/les-cayo-la-ley-policia-arresta-a-123-del-clan-del-golfo-mientras-petro-advierte-que-iran-hasta-dubai\/#breadcrumb\",\"itemListElement\":[{\"@type\":\"ListItem\",\"position\":1,\"name\":\"Portada\",\"item\":\"https:\/\/marthacifuentes.com\/portada\/\"},{\"@type\":\"ListItem\",\"position\":2,\"name\":\"\u00a1Les cay\u00f3 la ley! Polic\u00eda arresta a 123 del Clan del Golfo mientras Petro advierte que ir\u00e1n hasta Dub\u00e1i\"}]},{\"@type\":\"WebSite\",\"@id\":\"https:\/\/marthacifuentes.com\/portada\/#website\",\"url\":\"https:\/\/marthacifuentes.com\/portada\/\",\"name\":\"\u25b7 Noticias de Casanare : Martha Cifuentes | Casanare\",\"description\":\"Noticias &amp; Contenidos\",\"potentialAction\":[{\"@type\":\"SearchAction\",\"target\":{\"@type\":\"EntryPoint\",\"urlTemplate\":\"https:\/\/marthacifuentes.com\/portada\/?s={search_term_string}\"},\"query-input\":{\"@type\":\"PropertyValueSpecification\",\"valueRequired\":true,\"valueName\":\"search_term_string\"}}],\"inLanguage\":\"es\"},{\"@type\":\"Person\",\"@id\":\"https:\/\/marthacifuentes.com\/portada\/#\/schema\/person\/57f53174b991db5f90ff78d58502b714\",\"name\":\"Martha Cifuentes\",\"image\":{\"@type\":\"ImageObject\",\"inLanguage\":\"es\",\"@id\":\"https:\/\/marthacifuentes.com\/portada\/#\/schema\/person\/image\/\",\"url\":\"http:\/\/marthacifuentes.com\/portada\/wp-content\/uploads\/2018\/06\/avatar_user_2_1528838701-96x96.jpg\",\"contentUrl\":\"http:\/\/marthacifuentes.com\/portada\/wp-content\/uploads\/2018\/06\/avatar_user_2_1528838701-96x96.jpg\",\"caption\":\"Martha Cifuentes\"},\"sameAs\":[\"http:\/\/www.marthacifuentes.com\"],\"url\":\"https:\/\/marthacifuentes.com\/portada\/author\/martha\/\"}]}<\/script>\n<!-- \/ Yoast SEO plugin. -->","yoast_head_json":{"title":"\u00a1Les cay\u00f3 la ley! Polic\u00eda arresta a 123 del Clan del Golfo mientras Petro advierte que ir\u00e1n hasta Dub\u00e1i - \u25b7 Noticias de Casanare : Martha Cifuentes | Casanare","robots":{"index":"index","follow":"follow","max-snippet":"max-snippet:-1","max-image-preview":"max-image-preview:large","max-video-preview":"max-video-preview:-1"},"canonical":"https:\/\/marthacifuentes.com\/portada\/les-cayo-la-ley-policia-arresta-a-123-del-clan-del-golfo-mientras-petro-advierte-que-iran-hasta-dubai\/","og_locale":"es_ES","og_type":"article","og_title":"\u00a1Les cay\u00f3 la ley! Polic\u00eda arresta a 123 del Clan del Golfo mientras Petro advierte que ir\u00e1n hasta Dub\u00e1i - \u25b7 Noticias de Casanare : Martha Cifuentes | Casanare","og_description":"En cumplimiento de la orden presidencial de \u201carreciar la ofensiva contra el Clan del Golfo\u201d, la Polic\u00eda Nacional captur\u00f3 a 123 presuntos integrantes de esa estructura en 74 operativos realizados en 14 departamentos del pa\u00eds. Entre ellos figuran al menos 10 cabecillas de zona, responsables de homicidios selectivos, extorsiones y expansi\u00f3n territorial. Los capturados delinqu\u00edan &hellip;","og_url":"https:\/\/marthacifuentes.com\/portada\/les-cayo-la-ley-policia-arresta-a-123-del-clan-del-golfo-mientras-petro-advierte-que-iran-hasta-dubai\/","og_site_name":"\u25b7 Noticias de Casanare : Martha Cifuentes | Casanare","article_published_time":"2025-05-06T15:44:55+00:00","og_image":[{"width":1280,"height":720,"url":"https:\/\/marthacifuentes.com\/portada\/wp-content\/uploads\/2025\/05\/250505-Policia-captura-a-123-del-clan-del-golfo-en-dos-semanas-1-1280.jpg","type":"image\/jpeg"}],"author":"Martha Cifuentes","twitter_card":"summary_large_image","twitter_misc":{"Escrito por":"Martha Cifuentes","Tiempo de lectura":"1 minuto"},"schema":{"@context":"https:\/\/schema.org","@graph":[{"@type":"WebPage","@id":"https:\/\/marthacifuentes.com\/portada\/les-cayo-la-ley-policia-arresta-a-123-del-clan-del-golfo-mientras-petro-advierte-que-iran-hasta-dubai\/","url":"https:\/\/marthacifuentes.com\/portada\/les-cayo-la-ley-policia-arresta-a-123-del-clan-del-golfo-mientras-petro-advierte-que-iran-hasta-dubai\/","name":"\u00a1Les cay\u00f3 la ley! Polic\u00eda arresta a 123 del Clan del Golfo mientras Petro advierte que ir\u00e1n hasta Dub\u00e1i - \u25b7 Noticias de Casanare : Martha Cifuentes | Casanare","isPartOf":{"@id":"https:\/\/marthacifuentes.com\/portada\/#website"},"primaryImageOfPage":{"@id":"https:\/\/marthacifuentes.com\/portada\/les-cayo-la-ley-policia-arresta-a-123-del-clan-del-golfo-mientras-petro-advierte-que-iran-hasta-dubai\/#primaryimage"},"image":{"@id":"https:\/\/marthacifuentes.com\/portada\/les-cayo-la-ley-policia-arresta-a-123-del-clan-del-golfo-mientras-petro-advierte-que-iran-hasta-dubai\/#primaryimage"},"thumbnailUrl":"https:\/\/marthacifuentes.com\/portada\/wp-content\/uploads\/2025\/05\/250505-Policia-captura-a-123-del-clan-del-golfo-en-dos-semanas-1-1280.jpg","datePublished":"2025-05-06T15:44:55+00:00","author":{"@id":"https:\/\/marthacifuentes.com\/portada\/#\/schema\/person\/57f53174b991db5f90ff78d58502b714"},"breadcrumb":{"@id":"https:\/\/marthacifuentes.com\/portada\/les-cayo-la-ley-policia-arresta-a-123-del-clan-del-golfo-mientras-petro-advierte-que-iran-hasta-dubai\/#breadcrumb"},"inLanguage":"es","potentialAction":[{"@type":"ReadAction","target":["https:\/\/marthacifuentes.com\/portada\/les-cayo-la-ley-policia-arresta-a-123-del-clan-del-golfo-mientras-petro-advierte-que-iran-hasta-dubai\/"]}]},{"@type":"ImageObject","inLanguage":"es","@id":"https:\/\/marthacifuentes.com\/portada\/les-cayo-la-ley-policia-arresta-a-123-del-clan-del-golfo-mientras-petro-advierte-que-iran-hasta-dubai\/#primaryimage","url":"https:\/\/marthacifuentes.com\/portada\/wp-content\/uploads\/2025\/05\/250505-Policia-captura-a-123-del-clan-del-golfo-en-dos-semanas-1-1280.jpg","contentUrl":"https:\/\/marthacifuentes.com\/portada\/wp-content\/uploads\/2025\/05\/250505-Policia-captura-a-123-del-clan-del-golfo-en-dos-semanas-1-1280.jpg","width":1280,"height":720,"caption":"Polic\u00eda captura a 123 del clan del golfo en dos semanas, siguiendo orden del presidente Petro de arreciar ofensiva contra esa estructura criminal"},{"@type":"BreadcrumbList","@id":"https:\/\/marthacifuentes.com\/portada\/les-cayo-la-ley-policia-arresta-a-123-del-clan-del-golfo-mientras-petro-advierte-que-iran-hasta-dubai\/#breadcrumb","itemListElement":[{"@type":"ListItem","position":1,"name":"Portada","item":"https:\/\/marthacifuentes.com\/portada\/"},{"@type":"ListItem","position":2,"name":"\u00a1Les cay\u00f3 la ley! Polic\u00eda arresta a 123 del Clan del Golfo mientras Petro advierte que ir\u00e1n hasta Dub\u00e1i"}]},{"@type":"WebSite","@id":"https:\/\/marthacifuentes.com\/portada\/#website","url":"https:\/\/marthacifuentes.com\/portada\/","name":"\u25b7 Noticias de Casanare : Martha Cifuentes | Casanare","description":"Noticias &amp; Contenidos","potentialAction":[{"@type":"SearchAction","target":{"@type":"EntryPoint","urlTemplate":"https:\/\/marthacifuentes.com\/portada\/?s={search_term_string}"},"query-input":{"@type":"PropertyValueSpecification","valueRequired":true,"valueName":"search_term_string"}}],"inLanguage":"es"},{"@type":"Person","@id":"https:\/\/marthacifuentes.com\/portada\/#\/schema\/person\/57f53174b991db5f90ff78d58502b714","name":"Martha Cifuentes","image":{"@type":"ImageObject","inLanguage":"es","@id":"https:\/\/marthacifuentes.com\/portada\/#\/schema\/person\/image\/","url":"http:\/\/marthacifuentes.com\/portada\/wp-content\/uploads\/2018\/06\/avatar_user_2_1528838701-96x96.jpg","contentUrl":"http:\/\/marthacifuentes.com\/portada\/wp-content\/uploads\/2018\/06\/avatar_user_2_1528838701-96x96.jpg","caption":"Martha Cifuentes"},"sameAs":["http:\/\/www.marthacifuentes.com"],"url":"https:\/\/marthacifuentes.com\/portada\/author\/martha\/"}]}},"_links":{"self":[{"href":"https:\/\/marthacifuentes.com\/portada\/wp-json\/wp\/v2\/posts\/35237","targetHints":{"allow":["GET"]}}],"collection":[{"href":"https:\/\/marthacifuentes.com\/portada\/wp-json\/wp\/v2\/posts"}],"about":[{"href":"https:\/\/marthacifuentes.com\/portada\/wp-json\/wp\/v2\/types\/post"}],"author":[{"embeddable":true,"href":"https:\/\/marthacifuentes.com\/portada\/wp-json\/wp\/v2\/users\/2"}],"replies":[{"embeddable":true,"href":"https:\/\/marthacifuentes.com\/portada\/wp-json\/wp\/v2\/comments?post=35237"}],"version-history":[{"count":1,"href":"https:\/\/marthacifuentes.com\/portada\/wp-json\/wp\/v2\/posts\/35237\/revisions"}],"predecessor-version":[{"id":35239,"href":"https:\/\/marthacifuentes.com\/portada\/wp-json\/wp\/v2\/posts\/35237\/revisions\/35239"}],"wp:featuredmedia":[{"embeddable":true,"href":"https:\/\/marthacifuentes.com\/portada\/wp-json\/wp\/v2\/media\/35238"}],"wp:attachment":[{"href":"https:\/\/marthacifuentes.com\/portada\/wp-json\/wp\/v2\/media?parent=35237"}],"wp:term":[{"taxonomy":"category","embeddable":true,"href":"https:\/\/marthacifuentes.com\/portada\/wp-json\/wp\/v2\/categories?post=35237"},{"taxonomy":"post_tag","embeddable":true,"href":"https:\/\/marthacifuentes.com\/portada\/wp-json\/wp\/v2\/tags?post=35237"}],"curies":[{"name":"wp","href":"https:\/\/api.w.org\/{rel}","templated":true}]}}