{"id":35248,"date":"2025-05-07T14:48:33","date_gmt":"2025-05-07T19:48:33","guid":{"rendered":"https:\/\/marthacifuentes.com\/portada\/?p=35248"},"modified":"2025-05-08T11:10:08","modified_gmt":"2025-05-08T16:10:08","slug":"casanare-abre-sus-alas-para-que-colombia-vuele-alto-en-el-global-big-day-2025","status":"publish","type":"post","link":"https:\/\/marthacifuentes.com\/portada\/casanare-abre-sus-alas-para-que-colombia-vuele-alto-en-el-global-big-day-2025\/","title":{"rendered":"Casanare abre sus alas para que Colombia vuele alto en el Global Big Day 2025"},"content":{"rendered":"<p class=\"\" data-start=\"306\" data-end=\"849\">Este <strong data-start=\"311\" data-end=\"325\">10 de mayo<\/strong>, Colombia vuelve a ser protagonista en el escenario mundial del avistamiento de aves durante la celebraci\u00f3n del <strong data-start=\"438\" data-end=\"461\">Global Big Day 2025<\/strong>, una jornada internacional que moviliza a miles de personas para registrar aves en sus territorios durante 24 horas. Este evento, organizado por el Laboratorio de Ornitolog\u00eda de la Universidad de Cornell, se realiza en el mismo marco del <strong data-start=\"700\" data-end=\"739\">D\u00eda Mundial de las Aves Migratorias<\/strong>, y este a\u00f1o tiene como lema: <em data-start=\"769\" data-end=\"848\">\u201cEspacios compartidos, creando ciudades y comunidades amigables con las aves\u201d<\/em>.<\/p>\n<p class=\"\" data-start=\"851\" data-end=\"1309\">Con una biodiversidad imponente, <strong data-start=\"884\" data-end=\"950\">Colombia ostenta el primer lugar en el ranking mundial de aves<\/strong> registradas en este evento desde 2017 \u2014con excepci\u00f3n de 2021\u2014, y en 2024 report\u00f3 1.558 especies observadas y m\u00e1s de 12.000 listados, superando a gigantes como Brasil, Per\u00fa, Ecuador e India. Bajo esta tradici\u00f3n, <strong data-start=\"1162\" data-end=\"1308\">Casanare se suma de manera activa a la jornada, buscando aportar al conteo nacional y posicionarse como un destino de aviturismo de alto valor<\/strong>.<\/p>\n<h2 class=\"\" data-start=\"1316\" data-end=\"1396\"><strong data-start=\"1319\" data-end=\"1396\">\u201cCasanare abre sus alas\u201d: concurso departamental para celebrar y aprender<\/strong><\/h2>\n<div id='gallery-1' class='gallery galleryid-35248 gallery-columns-3 gallery-size-full'><figure class='gallery-item'>\n\t\t\t<div class='gallery-icon portrait'>\n\t\t\t\t<a href='https:\/\/marthacifuentes.com\/portada\/casanare-abre-sus-alas-para-que-colombia-vuele-alto-en-el-global-big-day-2025\/global-big-day-4\/'><img loading=\"lazy\" decoding=\"async\" width=\"1080\" height=\"1350\" src=\"https:\/\/marthacifuentes.com\/portada\/wp-content\/uploads\/2025\/05\/Global-Big-Day-4.jpg\" class=\"attachment-full size-full\" alt=\"\" srcset=\"https:\/\/marthacifuentes.com\/portada\/wp-content\/uploads\/2025\/05\/Global-Big-Day-4.jpg 1080w, https:\/\/marthacifuentes.com\/portada\/wp-content\/uploads\/2025\/05\/Global-Big-Day-4-240x300.jpg 240w, https:\/\/marthacifuentes.com\/portada\/wp-content\/uploads\/2025\/05\/Global-Big-Day-4-819x1024.jpg 819w, https:\/\/marthacifuentes.com\/portada\/wp-content\/uploads\/2025\/05\/Global-Big-Day-4-768x960.jpg 768w\" sizes=\"auto, (max-width: 1080px) 100vw, 1080px\" \/><\/a>\n\t\t\t<\/div><\/figure><figure class='gallery-item'>\n\t\t\t<div class='gallery-icon portrait'>\n\t\t\t\t<a href='https:\/\/marthacifuentes.com\/portada\/casanare-abre-sus-alas-para-que-colombia-vuele-alto-en-el-global-big-day-2025\/global-big-day-3\/'><img loading=\"lazy\" decoding=\"async\" width=\"1080\" height=\"1350\" src=\"https:\/\/marthacifuentes.com\/portada\/wp-content\/uploads\/2025\/05\/Global-Big-Day-3.jpg\" class=\"attachment-full size-full\" alt=\"\" srcset=\"https:\/\/marthacifuentes.com\/portada\/wp-content\/uploads\/2025\/05\/Global-Big-Day-3.jpg 1080w, https:\/\/marthacifuentes.com\/portada\/wp-content\/uploads\/2025\/05\/Global-Big-Day-3-240x300.jpg 240w, https:\/\/marthacifuentes.com\/portada\/wp-content\/uploads\/2025\/05\/Global-Big-Day-3-819x1024.jpg 819w, https:\/\/marthacifuentes.com\/portada\/wp-content\/uploads\/2025\/05\/Global-Big-Day-3-768x960.jpg 768w\" sizes=\"auto, (max-width: 1080px) 100vw, 1080px\" \/><\/a>\n\t\t\t<\/div><\/figure>\n\t\t<\/div>\n\n<p class=\"\" data-start=\"1398\" data-end=\"1822\">Para hacer de este evento una experiencia a\u00fan m\u00e1s significativa, la <strong data-start=\"1466\" data-end=\"1493\">Gobernaci\u00f3n de Casanare<\/strong> ha lanzado la campa\u00f1a \u201c<strong data-start=\"1517\" data-end=\"1543\">Casanare abre sus alas<\/strong>\u201d, con un enfoque participativo, cient\u00edfico y pedag\u00f3gico. El eje central es un <strong data-start=\"1622\" data-end=\"1694\">concurso departamental de fotograf\u00eda, observaci\u00f3n y registro de aves<\/strong>, que invita a ciudadanos y visitantes del territorio a sumarse, ya sea de forma individual o en equipos de hasta tres personas.<\/p>\n<p class=\"\" data-start=\"1824\" data-end=\"1865\">El concurso se divide en tres categor\u00edas:<\/p>\n<ul data-start=\"1866\" data-end=\"1913\">\n<li class=\"\" data-start=\"1866\" data-end=\"1879\">\n<p class=\"\" data-start=\"1868\" data-end=\"1879\"><strong data-start=\"1868\" data-end=\"1879\">Experto<\/strong><\/p>\n<\/li>\n<li class=\"\" data-start=\"1880\" data-end=\"1896\">\n<p class=\"\" data-start=\"1882\" data-end=\"1896\"><strong data-start=\"1882\" data-end=\"1896\">Intermedio<\/strong><\/p>\n<\/li>\n<li class=\"\" data-start=\"1897\" data-end=\"1913\">\n<p class=\"\" data-start=\"1899\" data-end=\"1913\"><strong data-start=\"1899\" data-end=\"1913\">Aficionado<\/strong><\/p>\n<\/li>\n<\/ul>\n<p class=\"\" data-start=\"1915\" data-end=\"2110\">Y tambi\u00e9n incluye una categor\u00eda especial para instituciones educativas:<br data-start=\"1986\" data-end=\"1989\" \/><strong data-start=\"1989\" data-end=\"2022\">\u201cColegios Amigos de las Aves\u201d<\/strong>, con el objetivo de <strong data-start=\"2043\" data-end=\"2109\">fortalecer la educaci\u00f3n ambiental desde la infancia y juventud<\/strong>.<\/p>\n<p class=\"\" data-start=\"2112\" data-end=\"2356\">Con <strong data-start=\"2116\" data-end=\"2171\">m\u00e1s de 830 especies de aves registradas en Casanare<\/strong>, este concurso busca incentivar el conocimiento, la apropiaci\u00f3n social del patrimonio natural y el fomento de una cultura ambiental y cient\u00edfica en todos los rincones del departamento.<\/p>\n<h2 class=\"\" data-start=\"2363\" data-end=\"2411\"><strong data-start=\"2366\" data-end=\"2411\">Inscripciones abiertas hasta el 7 de mayo<\/strong><\/h2>\n<p class=\"\" data-start=\"2413\" data-end=\"2734\">Quienes deseen participar en el concurso podr\u00e1n inscribirse <strong data-start=\"2473\" data-end=\"2503\">hasta el 7 de mayo de 2025<\/strong> a trav\u00e9s del siguiente formulario digital:<br data-start=\"2546\" data-end=\"2549\" \/>\ud83d\udc49 <a class=\"\" href=\"https:\/\/forms.gle\/WL6HYJ7E6xeJrryq8\" target=\"_new\" rel=\"noopener\" data-start=\"2552\" data-end=\"2626\">https:\/\/forms.gle\/WL6HYJ7E6xeJrryq8<\/a><br data-start=\"2626\" data-end=\"2629\" \/>All\u00ed tambi\u00e9n podr\u00e1n <strong data-start=\"2649\" data-end=\"2689\">consultar los t\u00e9rminos y condiciones<\/strong> del concurso y elegir la categor\u00eda adecuada.<\/p>\n<h2 class=\"\" data-start=\"2741\" data-end=\"2811\"><strong data-start=\"2744\" data-end=\"2811\">Socializaci\u00f3n territorial: fechas, lugares y jornadas virtuales<\/strong><\/h2>\n<p class=\"\" data-start=\"2813\" data-end=\"3099\">Como parte de la preparaci\u00f3n, la Gobernaci\u00f3n ha organizado <strong data-start=\"2872\" data-end=\"2901\">jornadas de socializaci\u00f3n<\/strong> en diferentes municipios para orientar a los participantes sobre el funcionamiento del Global Big Day, c\u00f3mo registrar observaciones en la plataforma cient\u00edfica <strong data-start=\"3062\" data-end=\"3071\">eBird<\/strong>, y las reglas del concurso:<\/p>\n<h3 class=\"\" data-start=\"3101\" data-end=\"3129\">\ud83d\udccd Jornadas presenciales<\/h3>\n<ul data-start=\"3130\" data-end=\"3540\">\n<li class=\"\" data-start=\"3130\" data-end=\"3184\">\n<p class=\"\" data-start=\"3132\" data-end=\"3184\"><strong data-start=\"3132\" data-end=\"3140\">Man\u00ed<\/strong>: 5 de mayo \u2013 Biblioteca P\u00fablica Municipal<\/p>\n<\/li>\n<li class=\"\" data-start=\"3185\" data-end=\"3255\">\n<p class=\"\" data-start=\"3187\" data-end=\"3255\"><strong data-start=\"3187\" data-end=\"3205\">Paz de Ariporo<\/strong>: 5 de mayo \u2013 Auditorio de la C\u00e1mara de Comercio<\/p>\n<\/li>\n<li class=\"\" data-start=\"3256\" data-end=\"3327\">\n<p class=\"\" data-start=\"3258\" data-end=\"3327\"><strong data-start=\"3258\" data-end=\"3293\">Trinidad y San Luis de Palenque<\/strong>: 6 de mayo \u2013 Sal\u00f3n Vive Digital<\/p>\n<\/li>\n<li class=\"\" data-start=\"3328\" data-end=\"3375\">\n<p class=\"\" data-start=\"3330\" data-end=\"3375\"><strong data-start=\"3330\" data-end=\"3341\">Aguazul<\/strong>: 7 de mayo \u2013 Casa de la Cultura<\/p>\n<\/li>\n<li class=\"\" data-start=\"3376\" data-end=\"3437\">\n<p class=\"\" data-start=\"3378\" data-end=\"3437\"><strong data-start=\"3378\" data-end=\"3388\">T\u00e1mara<\/strong>: 7 de mayo \u2013 Auditorio (Primer piso), Alcald\u00eda<\/p>\n<\/li>\n<li class=\"\" data-start=\"3438\" data-end=\"3480\">\n<p class=\"\" data-start=\"3440\" data-end=\"3480\"><strong data-start=\"3440\" data-end=\"3451\">Recetor<\/strong>: 8 de mayo \u2013 Sal\u00f3n Comunal<\/p>\n<\/li>\n<li class=\"\" data-start=\"3481\" data-end=\"3540\">\n<p class=\"\" data-start=\"3483\" data-end=\"3540\"><strong data-start=\"3483\" data-end=\"3492\">Yopal<\/strong>: 9 de mayo \u2013 Biblioteca P\u00fablica Departamental<\/p>\n<\/li>\n<\/ul>\n<h3 class=\"\" data-start=\"3542\" data-end=\"3567\">\ud83d\udcbb Jornadas virtuales<\/h3>\n<p class=\"\" data-start=\"3568\" data-end=\"3705\">Para quienes no puedan asistir de forma presencial, se han dispuesto <strong data-start=\"3637\" data-end=\"3680\">dos jornadas virtuales de socializaci\u00f3n<\/strong>, con el mismo contenido:<\/p>\n<ul data-start=\"3706\" data-end=\"3885\">\n<li class=\"\" data-start=\"3706\" data-end=\"3747\">\n<p class=\"\" data-start=\"3708\" data-end=\"3747\"><strong data-start=\"3708\" data-end=\"3721\">2 de mayo<\/strong>: 8:00 a.m. \u2013 11:00 a.m.<\/p>\n<\/li>\n<li class=\"\" data-start=\"3748\" data-end=\"3885\">\n<p class=\"\" data-start=\"3750\" data-end=\"3885\"><strong data-start=\"3750\" data-end=\"3763\">9 de mayo<\/strong>: 8:00 a.m. \u2013 11:00 a.m.<br data-start=\"3787\" data-end=\"3790\" \/>\ud83d\udd17 Enlace de Meet: <a class=\"\" href=\"https:\/\/meet.google.com\/fmr-bebw-fkk\" target=\"_new\" rel=\"noopener\" data-start=\"3809\" data-end=\"3885\">https:\/\/meet.google.com\/fmr-bebw-fkk<\/a><\/p>\n<\/li>\n<\/ul>\n<h2 class=\"\" data-start=\"3892\" data-end=\"3956\"><strong data-start=\"3895\" data-end=\"3956\">Aviturismo, ciencia ciudadana y orgullo por el territorio<\/strong><\/h2>\n<p class=\"\" data-start=\"3958\" data-end=\"4350\">La participaci\u00f3n de Casanare no solo contribuye al conteo global y nacional, sino que <strong data-start=\"4044\" data-end=\"4183\">fortalece el turismo de naturaleza, impulsa el ecoturismo local y posiciona al departamento como una joya para los observadores de aves<\/strong>. Este tipo de eventos fomentan la <strong data-start=\"4218\" data-end=\"4239\">ciencia ciudadana<\/strong>, permiten monitorear la biodiversidad y acercan a las comunidades al conocimiento ecol\u00f3gico desde la pr\u00e1ctica.<\/p>\n<p class=\"\" data-start=\"4352\" data-end=\"4531\">Por eso, este 10 de mayo, <strong data-start=\"4378\" data-end=\"4429\">sal a pajarear, registra, fotograf\u00eda y comparte<\/strong>, porque <strong data-start=\"4438\" data-end=\"4530\">cada ave que se observa tambi\u00e9n cuenta una historia de conservaci\u00f3n y de territorio vivo<\/strong>.<\/p>\n<h2><strong>Otras noticias\u2026<\/strong><\/h2>\n<blockquote class=\"wp-embedded-content\" data-secret=\"zOH1ZnTJDl\"><p><a href=\"https:\/\/marthacifuentes.com\/portada\/2025\/05\/07\/petro-va-a-china-a-firmar-carta-para-la-ruta-de-la-seda-no-vamos-arrodillados-vamos-a-hablar-de-tu-a-tu\/\">Petro va a China a firmar carta para la Ruta de la Seda: \u201cNo vamos arrodillados, vamos a hablar de t\u00fa a t\u00fa\u201d<\/a><\/p><\/blockquote>\n<p><iframe loading=\"lazy\" class=\"wp-embedded-content\" sandbox=\"allow-scripts\" security=\"restricted\" style=\"position: absolute; clip: rect(1px, 1px, 1px, 1px);\" title=\"\u00abPetro va a China a firmar carta para la Ruta de la Seda: \u201cNo vamos arrodillados, vamos a hablar de t\u00fa a t\u00fa\u201d\u00bb \u2014 \u25b7 Noticias de Casanare : Martha Cifuentes | Casanare\" src=\"https:\/\/marthacifuentes.com\/portada\/2025\/05\/07\/petro-va-a-china-a-firmar-carta-para-la-ruta-de-la-seda-no-vamos-arrodillados-vamos-a-hablar-de-tu-a-tu\/embed\/#?secret=Eqv2hKJxi9#?secret=zOH1ZnTJDl\" data-secret=\"zOH1ZnTJDl\" width=\"500\" height=\"282\" frameborder=\"0\" marginwidth=\"0\" marginheight=\"0\" scrolling=\"no\"><\/iframe><\/p>\n<p><iframe loading=\"lazy\" class=\"wp-embedded-content\" title=\"\u00ab\u00a1A la Naci\u00f3n no la tumban tan f\u00e1cil! Estado gana 8 de cada 10 pleitos en lo que va del 2025\u00bb \u2014 \u25b7 Noticias de Casanare : Martha Cifuentes | Casanare\" src=\"https:\/\/marthacifuentes.com\/portada\/2025\/05\/07\/a-la-nacion-no-la-tumban-tan-facil-estado-gana-8-de-cada-10-pleitos-en-lo-que-va-del-2025\/embed\/#?secret=4vhuzfJdnq#?secret=Y523br1RqT\" width=\"600\" height=\"599\" frameborder=\"0\" marginwidth=\"0\" marginheight=\"0\" scrolling=\"no\" sandbox=\"allow-scripts\" data-secret=\"Y523br1RqT\" data-mce-fragment=\"1\"><\/iframe><\/p>\n<p><iframe loading=\"lazy\" class=\"wp-embedded-content\" title=\"\u00ab\u00a1Les cay\u00f3 la ley! Polic\u00eda arresta a 123 del Clan del Golfo mientras Petro advierte que ir\u00e1n hasta Dub\u00e1i\u00bb \u2014 \u25b7 Noticias de Casanare : Martha Cifuentes | Casanare\" src=\"https:\/\/marthacifuentes.com\/portada\/2025\/05\/06\/les-cayo-la-ley-policia-arresta-a-123-del-clan-del-golfo-mientras-petro-advierte-que-iran-hasta-dubai\/embed\/#?secret=9u8AdupCEl#?secret=Xe6ojZ6D22\" width=\"600\" height=\"620\" frameborder=\"0\" marginwidth=\"0\" marginheight=\"0\" scrolling=\"no\" sandbox=\"allow-scripts\" data-secret=\"Xe6ojZ6D22\" data-mce-fragment=\"1\"><\/iframe><\/p>\n<p><iframe loading=\"lazy\" class=\"wp-embedded-content\" title=\"\u00abM\u00e1s de 13 mil adultos mayores en Casanare recibir\u00e1n en mayo apoyo econ\u00f3mico del Gobierno Nacional\u00bb \u2014 \u25b7 Noticias de Casanare : Martha Cifuentes | Casanare\" src=\"https:\/\/marthacifuentes.com\/portada\/2025\/05\/06\/mas-de-13-mil-adultos-mayores-en-casanare-recibiran-en-mayo-apoyo-economico-del-gobierno-nacional\/embed\/#?secret=gL6dOF60KM#?secret=1WMyzFdaCr\" width=\"600\" height=\"621\" frameborder=\"0\" marginwidth=\"0\" marginheight=\"0\" scrolling=\"no\" sandbox=\"allow-scripts\" data-secret=\"1WMyzFdaCr\" data-mce-fragment=\"1\"><\/iframe><\/p>\n<p><iframe loading=\"lazy\" class=\"wp-embedded-content\" title=\"\u00abDavid y Goliat: Alcald\u00eda de Yopal derrot\u00f3 a los bancos, recuper\u00f3 su autonom\u00eda tributaria y no perdi\u00f3 $10 mil millones.\u00bb \u2014 \u25b7 Noticias de Casanare : Martha Cifuentes | Casanare\" src=\"https:\/\/marthacifuentes.com\/portada\/2025\/05\/06\/david-y-goliat-alcaldia-de-yopal-derroto-a-los-bancos-recupero-su-autonomia-tributaria-y-no-perdio-10-mil-millones\/embed\/#?secret=0YO5P8NHuD#?secret=zCbtwWm8TR\" width=\"600\" height=\"629\" frameborder=\"0\" marginwidth=\"0\" marginheight=\"0\" scrolling=\"no\" sandbox=\"allow-scripts\" data-secret=\"zCbtwWm8TR\" data-mce-fragment=\"1\"><\/iframe><\/p>\n<p><iframe loading=\"lazy\" class=\"wp-embedded-content\" title=\"\u00abSe viene un invierno hist\u00f3rico para Casanare: lluvias superar\u00e1n en un 50 % los niveles normales en junio\u00bb \u2014 \u25b7 Noticias de Casanare : Martha Cifuentes | Casanare\" src=\"https:\/\/marthacifuentes.com\/portada\/2025\/05\/06\/se-viene-un-invierno-historico-para-casanare-lluvias-superaran-en-un-50-los-niveles-normales-en-junio\/embed\/#?secret=QLRDNc9tKS#?secret=KOlUhbjxg5\" width=\"600\" height=\"621\" frameborder=\"0\" marginwidth=\"0\" marginheight=\"0\" scrolling=\"no\" sandbox=\"allow-scripts\" data-secret=\"KOlUhbjxg5\" data-mce-fragment=\"1\"><\/iframe><\/p>\n<p><iframe loading=\"lazy\" class=\"wp-embedded-content\" title=\"\u00ab\u201cUn hijo aunque est\u00e9 muerto es un amor vivo\u201d: familia casanare\u00f1a reencuentra a su ser querido desaparecido en 2001 en Aguaclara\u00bb \u2014 \u25b7 Noticias de Casanare : Martha Cifuentes | Casanare\" src=\"https:\/\/marthacifuentes.com\/portada\/2025\/05\/06\/un-hijo-aunque-este-muerto-es-un-amor-vivo-familia-casanarena-reencuentra-a-su-ser-querido-desaparecido-en-2001-en-aguaclara\/embed\/#?secret=0BFsSfWBgY#?secret=Ep4EnpTQ9y\" width=\"600\" height=\"629\" frameborder=\"0\" marginwidth=\"0\" marginheight=\"0\" scrolling=\"no\" sandbox=\"allow-scripts\" data-secret=\"Ep4EnpTQ9y\" data-mce-fragment=\"1\"><\/iframe><\/p>\n<p><iframe loading=\"lazy\" class=\"wp-embedded-content\" title=\"\u00abEn fallo a favor de Marisela Duarte, Tribunal desestim\u00f3 recusaci\u00f3n (sobredimensionada) y descart\u00f3 dolo. La perfil\u00f3 como una mujer humilde, sin formaci\u00f3n ni experiencia en lo p\u00fablico\u00bb \u2014 \u25b7 Noticias de Casanare : Martha Cifuentes | Casanare\" src=\"https:\/\/marthacifuentes.com\/portada\/2025\/05\/02\/en-fallo-a-favor-de-marisela-duarte-tribunal-desestimo-recusacion-sobredimensionada-y-descarto-dolo-la-perfilo-como-una-mujer-humilde-sin-formacion-ni-experiencia-en-lo-publico\/embed\/#?secret=GqNhxGT4Rp#?secret=cc6LL00MsY\" width=\"600\" height=\"678\" frameborder=\"0\" marginwidth=\"0\" marginheight=\"0\" scrolling=\"no\" sandbox=\"allow-scripts\" data-secret=\"cc6LL00MsY\" data-mce-fragment=\"1\"><\/iframe><\/p>\n<p><iframe loading=\"lazy\" class=\"wp-embedded-content\" title=\"\u00abYopal: Emiten 24 \u00f3rdenes de captura contra ladrones reincidentes en Consejo de Seguridad\u00bb \u2014 \u25b7 Noticias de Casanare : Martha Cifuentes | Casanare\" src=\"https:\/\/marthacifuentes.com\/portada\/2025\/04\/30\/yopal-emiten-24-ordenes-de-captura-contra-ladrones-reincidentes-en-consejo-de-seguridad\/embed\/#?secret=sYnXSf3YJi#?secret=qexc2XpdVy\" width=\"600\" height=\"620\" frameborder=\"0\" marginwidth=\"0\" marginheight=\"0\" scrolling=\"no\" sandbox=\"allow-scripts\" data-secret=\"qexc2XpdVy\" data-mce-fragment=\"1\"><\/iframe><\/p>\n<p><iframe loading=\"lazy\" class=\"wp-embedded-content\" title=\"\u00ab\u201cMi CASAnare\u201d: el hogar de paso en Bogot\u00e1 que nace del coraz\u00f3n solidario de Casanare\u00bb \u2014 \u25b7 Noticias de Casanare : Martha Cifuentes | Casanare\" src=\"https:\/\/marthacifuentes.com\/portada\/2025\/04\/30\/mi-casanare-el-hogar-de-paso-en-bogota-que-nace-del-corazon-solidario-de-casanare\/embed\/#?secret=QYaxEO9HIK#?secret=oO6609rYFx\" width=\"600\" height=\"621\" frameborder=\"0\" marginwidth=\"0\" marginheight=\"0\" scrolling=\"no\" sandbox=\"allow-scripts\" data-secret=\"oO6609rYFx\" data-mce-fragment=\"1\"><\/iframe><\/p>\n<p><iframe loading=\"lazy\" class=\"wp-embedded-content\" title=\"\u00abInician obras para optimizar alcantarillado sanitario en la calle 40 de Yopal\u00bb \u2014 \u25b7 Noticias de Casanare : Martha Cifuentes | Casanare\" src=\"https:\/\/marthacifuentes.com\/portada\/2025\/04\/30\/inician-obras-para-optimizar-alcantarillado-sanitario-en-la-calle-40-de-yopal\/embed\/#?secret=vlLxxnCN61#?secret=jPRIIrlw7Q\" width=\"600\" height=\"621\" frameborder=\"0\" marginwidth=\"0\" marginheight=\"0\" scrolling=\"no\" sandbox=\"allow-scripts\" data-secret=\"jPRIIrlw7Q\" data-mce-fragment=\"1\"><\/iframe><\/p>\n<p><iframe loading=\"lazy\" class=\"wp-embedded-content\" title=\"\u00abCasanare fortalece la cadena productiva del pl\u00e1tano con apoyo a m\u00e1s de 2.000 familias campesinas\u00bb \u2014 \u25b7 Noticias de Casanare : Martha Cifuentes | Casanare\" src=\"https:\/\/marthacifuentes.com\/portada\/2025\/04\/30\/casanare-fortalece-la-cadena-productiva-del-platano-con-apoyo-a-mas-de-2-000-familias-campesinas\/embed\/#?secret=wZPxfxuvfZ#?secret=uGb9wbttlr\" width=\"600\" height=\"621\" frameborder=\"0\" marginwidth=\"0\" marginheight=\"0\" scrolling=\"no\" sandbox=\"allow-scripts\" data-secret=\"uGb9wbttlr\" data-mce-fragment=\"1\"><\/iframe><\/p>\n<p><iframe loading=\"lazy\" class=\"wp-embedded-content\" title=\"\u00abTras el susto, la calma: Se descarta riesgo de avalancha en el r\u00edo Pauto tras deslizamiento en T\u00e1mara\u00bb \u2014 \u25b7 Noticias de Casanare : Martha Cifuentes | Casanare\" src=\"https:\/\/marthacifuentes.com\/portada\/2025\/04\/30\/tras-el-susto-la-calma-se-descarta-riesgo-de-avalancha-en-el-rio-pauto-tras-deslizamiento-en-tamara\/embed\/#?secret=hXJejGDECP#?secret=m2jE3WAARp\" width=\"600\" height=\"620\" frameborder=\"0\" marginwidth=\"0\" marginheight=\"0\" scrolling=\"no\" sandbox=\"allow-scripts\" data-secret=\"m2jE3WAARp\" data-mce-fragment=\"1\"><\/iframe><\/p>\n<p><iframe loading=\"lazy\" class=\"wp-embedded-content\" title=\"\u00abC\u00f3mo un voto cambi\u00f3 todo: el origen, la ca\u00edda y el posible final pol\u00edtico de Marisela Duarte\u00bb \u2014 \u25b7 Noticias de Casanare : Martha Cifuentes | Casanare\" src=\"https:\/\/marthacifuentes.com\/portada\/2025\/04\/29\/como-un-voto-cambio-todo-el-origen-la-caida-y-el-posible-final-politico-de-marisela-duarte\/embed\/#?secret=ukL4IGbs5I#?secret=iXXCt0qyA7\" width=\"600\" height=\"621\" frameborder=\"0\" marginwidth=\"0\" marginheight=\"0\" scrolling=\"no\" sandbox=\"allow-scripts\" data-secret=\"iXXCt0qyA7\" data-mce-fragment=\"1\"><\/iframe><\/p>\n<p><iframe loading=\"lazy\" class=\"wp-embedded-content\" title=\"\u00abNo es un final feliz pero familia Pidiache Achagua ya puede \u00abdescansar\u00bb luego de haber recibido el cuerpo de su ni\u00f1o Arley, desaparecido a los 12 a\u00f1os.\u00bb \u2014 \u25b7 Noticias de Casanare : Martha Cifuentes | Casanare\" src=\"https:\/\/marthacifuentes.com\/portada\/2025\/04\/28\/no-es-un-final-feliz-pero-familia-pidiache-achagua-ya-puede-descansar-luego-de-haber-recibido-el-cuerpo-de-su-nino-arley-desaparecido-a-los-12-anos\/embed\/#?secret=KOqH41m4sP#?secret=LdazwHkMT9\" width=\"600\" height=\"650\" frameborder=\"0\" marginwidth=\"0\" marginheight=\"0\" scrolling=\"no\" sandbox=\"allow-scripts\" data-secret=\"LdazwHkMT9\" data-mce-fragment=\"1\"><\/iframe><\/p>\n<p><iframe loading=\"lazy\" class=\"wp-embedded-content\" title=\"\u00ab\u201cLa m\u00e1s interesada en que hable \u2018Mart\u00edn Llanos\u2019 soy yo\u201d: Exalcaldesa de Monterrey Aleyder Casta\u00f1eda.\u00bb \u2014 \u25b7 Noticias de Casanare : Martha Cifuentes | Casanare\" src=\"https:\/\/marthacifuentes.com\/portada\/2025\/04\/28\/la-mas-interesada-en-que-hable-martin-llanos-soy-yo-exalcaldesa-de-monterrey-aleyder-castaneda\/embed\/#?secret=rkVoqkL4R4#?secret=dYDaSU2I8I\" width=\"600\" height=\"621\" frameborder=\"0\" marginwidth=\"0\" marginheight=\"0\" scrolling=\"no\" sandbox=\"allow-scripts\" data-secret=\"dYDaSU2I8I\" data-mce-fragment=\"1\"><\/iframe><\/p>\n<p><iframe loading=\"lazy\" class=\"wp-embedded-content\" title=\"\u00abMujer muere por atragantamiento con un alimento en Yopal. T\u00e9cnica de Heimlich podr\u00eda haberle salvado la vida.\u00bb \u2014 \u25b7 Noticias de Casanare : Martha Cifuentes | Casanare\" src=\"https:\/\/marthacifuentes.com\/portada\/2025\/04\/28\/mujer-muere-por-atragantamiento-con-un-alimento-en-yopal-tecnica-de-heimlich-podria-haberle-salvado-la-vida\/embed\/#?secret=ich84s7GRo#?secret=faI8BfSvHU\" width=\"600\" height=\"629\" frameborder=\"0\" marginwidth=\"0\" marginheight=\"0\" scrolling=\"no\" sandbox=\"allow-scripts\" data-secret=\"faI8BfSvHU\" data-mce-fragment=\"1\"><\/iframe><\/p>\n<p><iframe loading=\"lazy\" class=\"wp-embedded-content\" title=\"\u00ab\ud83d\udcf1 Costo de 17 mil tabletas en Casanare genera indagaci\u00f3n en la Procuradur\u00eda. Gobernador ha defendido el proyecto.\u00bb \u2014 \u25b7 Noticias de Casanare : Martha Cifuentes | Casanare\" src=\"https:\/\/marthacifuentes.com\/portada\/2025\/04\/25\/%f0%9f%93%b1-costo-de-17-mil-tabletas-en-casanare-genera-indagacion-en-la-procuraduria-gobernador-ha-defendido-el-proyecto\/embed\/#?secret=Kv95HGZS2q#?secret=odoRJpdvVK\" width=\"600\" height=\"650\" frameborder=\"0\" marginwidth=\"0\" marginheight=\"0\" scrolling=\"no\" sandbox=\"allow-scripts\" data-secret=\"odoRJpdvVK\" data-mce-fragment=\"1\"><\/iframe><\/p>\n<p><iframe loading=\"lazy\" class=\"wp-embedded-content\" title=\"\u00abFelipe Bay\u00f3n, expresidente de Ecopetrol, nuevo CEO de GeoPark\u00bb \u2014 \u25b7 Noticias de Casanare : Martha Cifuentes | Casanare\" src=\"https:\/\/marthacifuentes.com\/portada\/2025\/04\/24\/felipe-bayon-expresidente-de-ecopetrol-nuevo-ceo-de-geopark\/embed\/#?secret=PbgOw66vlM#?secret=K8EVYYBiJQ\" width=\"600\" height=\"621\" frameborder=\"0\" marginwidth=\"0\" marginheight=\"0\" scrolling=\"no\" sandbox=\"allow-scripts\" data-secret=\"K8EVYYBiJQ\" data-mce-fragment=\"1\"><\/iframe><\/p>\n<p><iframe loading=\"lazy\" class=\"wp-embedded-content\" title=\"\u00ab\u2712\ufe0f \u201cDonde el llano escribe su alma\u201d: Casanare llega con 156 obras a la Feria del Libro de Bogot\u00e1 2025\u00bb \u2014 \u25b7 Noticias de Casanare : Martha Cifuentes | Casanare\" src=\"https:\/\/marthacifuentes.com\/portada\/2025\/04\/24\/%e2%9c%92%ef%b8%8f-donde-el-llano-escribe-su-alma-casanare-llega-con-156-obras-a-la-feria-del-libro-de-bogota-2025\/embed\/#?secret=i0cZYkMLDp#?secret=tJbSIsdO20\" width=\"600\" height=\"600\" frameborder=\"0\" marginwidth=\"0\" marginheight=\"0\" scrolling=\"no\" sandbox=\"allow-scripts\" data-secret=\"tJbSIsdO20\" data-mce-fragment=\"1\"><\/iframe><\/p>\n<p><iframe loading=\"lazy\" class=\"wp-embedded-content\" title=\"\u00abOjo con la pesca en Casanare. Est\u00e1 en periodo de veda para proteger las especies\u00bb \u2014 \u25b7 Noticias de Casanare : Martha Cifuentes | Casanare\" src=\"https:\/\/marthacifuentes.com\/portada\/2025\/04\/24\/ojo-con-la-pesca-en-casanare-esta-en-periodo-de-veda-para-proteger-las-especies\/embed\/#?secret=FVTykRcJZU#?secret=dDE1CcjF5r\" width=\"600\" height=\"596\" frameborder=\"0\" marginwidth=\"0\" marginheight=\"0\" scrolling=\"no\" sandbox=\"allow-scripts\" data-secret=\"dDE1CcjF5r\" data-mce-fragment=\"1\"><\/iframe><\/p>\n<p><iframe loading=\"lazy\" class=\"wp-embedded-content\" title=\"\u00abSupernotariado inspecciona a Catasig SAS en Yopal: Anuncia r\u00e1pido dictamen tras reclamos por dr\u00e1stica alza de los aval\u00faos\u00bb \u2014 \u25b7 Noticias de Casanare : Martha Cifuentes | Casanare\" src=\"https:\/\/marthacifuentes.com\/portada\/2025\/04\/24\/supernotariado-inspecciona-a-catasig-sas-en-yopal-anuncia-rapido-dictamen-tras-reclamos-por-drastica-alza-de-los-avaluos\/embed\/#?secret=IoJKwGwmHu#?secret=Ehrjdcy59z\" width=\"600\" height=\"650\" frameborder=\"0\" marginwidth=\"0\" marginheight=\"0\" scrolling=\"no\" sandbox=\"allow-scripts\" data-secret=\"Ehrjdcy59z\" data-mce-fragment=\"1\"><\/iframe><\/p>\n<p><iframe loading=\"lazy\" class=\"wp-embedded-content\" title=\"\u00ab\ud83d\udd0d JEP imputa cr\u00edmenes de guerra a tres militares por \u2018falsos positivos\u2019 en Casanare: roles clave en una maquinaria de muerte\u00bb \u2014 \u25b7 Noticias de Casanare : Martha Cifuentes | Casanare\" src=\"https:\/\/marthacifuentes.com\/portada\/2025\/04\/24\/%f0%9f%94%8d-jep-imputa-crimenes-de-guerra-a-tres-militares-por-falsos-positivos-en-casanare-roles-clave-en-una-maquinaria-de-muerte\/embed\/#?secret=L2GsrXbHEp#?secret=JP2EvxKELv\" width=\"600\" height=\"650\" frameborder=\"0\" marginwidth=\"0\" marginheight=\"0\" scrolling=\"no\" sandbox=\"allow-scripts\" data-secret=\"JP2EvxKELv\" data-mce-fragment=\"1\"><\/iframe><\/p>\n<p><iframe loading=\"lazy\" class=\"wp-embedded-content\" title=\"\u00abDe cuidados intensivos a obra reactivada: Hospital de la Comuna 6 de Yopal revive\u2026 por ahora\u00bb \u2014 \u25b7 Noticias de Casanare : Martha Cifuentes | Casanare\" src=\"https:\/\/marthacifuentes.com\/portada\/2025\/04\/23\/de-cuidados-intensivos-a-obra-reactivada-hospital-de-la-comuna-6-de-yopal-revive-por-ahora\/embed\/#?secret=mwEmk9rJl5#?secret=IO1wmTqoSQ\" width=\"600\" height=\"600\" frameborder=\"0\" marginwidth=\"0\" marginheight=\"0\" scrolling=\"no\" sandbox=\"allow-scripts\" data-secret=\"IO1wmTqoSQ\" data-mce-fragment=\"1\"><\/iframe><\/p>\n<p><iframe loading=\"lazy\" class=\"wp-embedded-content\" title=\"\u00abPaz de Ariporo y Casanare en luto tras fatal siniestro vial en la variante Tunja-Bogot\u00e1\u00bb \u2014 \u25b7 Noticias de Casanare : Martha Cifuentes | Casanare\" src=\"https:\/\/marthacifuentes.com\/portada\/2025\/04\/21\/paz-de-ariporo-y-casanare-en-luto-tras-fatal-siniestro-vial-en-la-variante-tunja-bogota\/embed\/#?secret=iuAymxVzHm#?secret=w9wkaL9hc3\" width=\"600\" height=\"621\" frameborder=\"0\" marginwidth=\"0\" marginheight=\"0\" scrolling=\"no\" sandbox=\"allow-scripts\" data-secret=\"w9wkaL9hc3\" data-mce-fragment=\"1\"><\/iframe><\/p>\n<p><iframe loading=\"lazy\" class=\"wp-embedded-content\" title=\"\u00abCasanare epicentro de Cumbre de Gobernadores este 25 de abril. Agroindustria y turismo, plato fuerte.\u00bb \u2014 \u25b7 Noticias de Casanare : Martha Cifuentes | Casanare\" src=\"https:\/\/marthacifuentes.com\/portada\/2025\/04\/21\/casanare-epicentro-de-cumbre-de-gobernadores-este-25-de-abril-agroindustria-y-turismo-plato-fuerte\/embed\/#?secret=iqyGjqcKUd#?secret=rq5gb2nvlh\" width=\"600\" height=\"621\" frameborder=\"0\" marginwidth=\"0\" marginheight=\"0\" scrolling=\"no\" sandbox=\"allow-scripts\" data-secret=\"rq5gb2nvlh\" data-mce-fragment=\"1\"><\/iframe><\/p>\n<p><iframe loading=\"lazy\" class=\"wp-embedded-content\" title=\"\u00abEn siniestro vial en Yopal muri\u00f3 una mujer tras colisi\u00f3n con un agente de tr\u00e1nsito\u00bb \u2014 \u25b7 Noticias de Casanare : Martha Cifuentes | Casanare\" src=\"https:\/\/marthacifuentes.com\/portada\/2025\/04\/21\/en-siniestro-vial-en-yopal-murio-una-mujer-tras-colision-con-un-agente-de-transito\/embed\/#?secret=SGsHjTgINL#?secret=QmyaKMsVUs\" width=\"600\" height=\"600\" frameborder=\"0\" marginwidth=\"0\" marginheight=\"0\" scrolling=\"no\" sandbox=\"allow-scripts\" data-secret=\"QmyaKMsVUs\" data-mce-fragment=\"1\"><\/iframe><\/p>\n<p><iframe loading=\"lazy\" class=\"wp-embedded-content\" title=\"\u00abExparamilitares de alias \u201cMart\u00edn Llanos\u201d acusan a Lucho Herrera de la desaparici\u00f3n y muerte de 4 personas.\u00bb \u2014 \u25b7 Noticias de Casanare : Martha Cifuentes | Casanare\" src=\"https:\/\/marthacifuentes.com\/portada\/2025\/04\/21\/exparamilitares-de-alias-martin-llanos-acusan-a-lucho-herrera-de-la-desaparicion-y-muerte-de-4-personas\/embed\/#?secret=r3zuMzMKZR#?secret=eUnTqVjm0h\" width=\"600\" height=\"650\" frameborder=\"0\" marginwidth=\"0\" marginheight=\"0\" scrolling=\"no\" sandbox=\"allow-scripts\" data-secret=\"eUnTqVjm0h\" data-mce-fragment=\"1\"><\/iframe><\/p>\n<p><iframe loading=\"lazy\" class=\"wp-embedded-content\" title=\"\u00abProsperidad Social atiende a 29.465 v\u00edctimas del desplazamiento en Casanare con programas integrales y transferencias monetarias\u00bb \u2014 \u25b7 Noticias de Casanare : Martha Cifuentes | Casanare\" src=\"https:\/\/marthacifuentes.com\/portada\/2025\/04\/11\/prosperidad-social-atiende-a-29-465-victimas-del-desplazamiento-en-casanare-con-programas-integrales-y-transferencias-monetarias\/embed\/#?secret=K2kCSSTRee#?secret=o7axFq2UJD\" width=\"600\" height=\"650\" frameborder=\"0\" marginwidth=\"0\" marginheight=\"0\" scrolling=\"no\" sandbox=\"allow-scripts\" data-secret=\"o7axFq2UJD\" data-mce-fragment=\"1\"><\/iframe><\/p>\n<p><iframe loading=\"lazy\" class=\"wp-embedded-content\" title=\"\u00abAprobado en primer debate amnist\u00eda de intereses para deudores del ICETEX\u00bb \u2014 \u25b7 Noticias de Casanare : Martha Cifuentes | Casanare\" src=\"https:\/\/marthacifuentes.com\/portada\/2025\/04\/11\/aprobado-en-primer-debate-amnistia-de-intereses-para-deudores-del-icetex\/embed\/#?secret=n2us5GVJGj#?secret=1lzwf9qNSS\" width=\"600\" height=\"621\" frameborder=\"0\" marginwidth=\"0\" marginheight=\"0\" scrolling=\"no\" sandbox=\"allow-scripts\" data-secret=\"1lzwf9qNSS\" data-mce-fragment=\"1\"><\/iframe><\/p>\n<p><iframe loading=\"lazy\" class=\"wp-embedded-content\" title=\"\u00abAprobado en primer debate amnist\u00eda de intereses para deudores del ICETEX\u00bb \u2014 \u25b7 Noticias de Casanare : Martha Cifuentes | Casanare\" src=\"https:\/\/marthacifuentes.com\/portada\/2025\/04\/11\/aprobado-en-primer-debate-amnistia-de-intereses-para-deudores-del-icetex\/embed\/#?secret=n2us5GVJGj#?secret=1lzwf9qNSS\" width=\"600\" height=\"621\" frameborder=\"0\" marginwidth=\"0\" marginheight=\"0\" scrolling=\"no\" sandbox=\"allow-scripts\" data-secret=\"1lzwf9qNSS\" data-mce-fragment=\"1\"><\/iframe><\/p>\n<p><iframe loading=\"lazy\" class=\"wp-embedded-content\" title=\"\u00abGobernaci\u00f3n de Casanare siembra 80 \u00e1rboles en homenaje a las v\u00edctimas del conflicto armado en el D\u00eda Nacional de la Memoria\u00bb \u2014 \u25b7 Noticias de Casanare : Martha Cifuentes | Casanare\" src=\"https:\/\/marthacifuentes.com\/portada\/2025\/04\/11\/gobernacion-de-casanare-siembra-80-arboles-en-homenaje-a-las-victimas-del-conflicto-armado-en-el-dia-nacional-de-la-memoria\/embed\/#?secret=R4ppFIoo6s#?secret=xVzwHxiuEh\" width=\"600\" height=\"629\" frameborder=\"0\" marginwidth=\"0\" marginheight=\"0\" scrolling=\"no\" sandbox=\"allow-scripts\" data-secret=\"xVzwHxiuEh\" data-mce-fragment=\"1\"><\/iframe><\/p>\n<p><iframe loading=\"lazy\" class=\"wp-embedded-content\" title=\"\u00abEn Encuentro Nacional de la Orinoquia gobernador de Casanare present\u00f3 plan de agroindustrializaci\u00f3n. Se busca reducir dependencia del petr\u00f3leo\u00bb \u2014 \u25b7 Noticias de Casanare : Martha Cifuentes | Casanare\" src=\"https:\/\/marthacifuentes.com\/portada\/2025\/04\/11\/en-encuentro-nacional-de-la-orinoquia-gobernador-de-casanare-presento-plan-de-agroindustrializacion-se-busca-reducir-dependencia-del-petroleo\/embed\/#?secret=cVANz9PJMd#?secret=lthOKUovnf\" width=\"600\" height=\"650\" frameborder=\"0\" marginwidth=\"0\" marginheight=\"0\" scrolling=\"no\" sandbox=\"allow-scripts\" data-secret=\"lthOKUovnf\" data-mce-fragment=\"1\"><\/iframe><\/p>\n<p><iframe loading=\"lazy\" class=\"wp-embedded-content\" title=\"\u00abDesde hoy, due\u00f1os de cerca de 60 mil predios en Yopal podr\u00e1n ver reliquidaciones del impuesto predial tras correcci\u00f3n de errores en cobros\u00bb \u2014 \u25b7 Noticias de Casanare : Martha Cifuentes | Casanare\" src=\"https:\/\/marthacifuentes.com\/portada\/2025\/04\/11\/desde-hoy-duenos-de-cerca-de-60-mil-predios-en-yopal-podran-ver-reliquidaciones-del-impuesto-predial-tras-correccion-de-errores-en-cobros\/embed\/#?secret=u4jaqVXrtt#?secret=AbGZ0Z0cRK\" width=\"600\" height=\"650\" frameborder=\"0\" marginwidth=\"0\" marginheight=\"0\" scrolling=\"no\" sandbox=\"allow-scripts\" data-secret=\"AbGZ0Z0cRK\" data-mce-fragment=\"1\"><\/iframe><\/p>\n<p><iframe loading=\"lazy\" class=\"wp-embedded-content\" title=\"\u00abAsamblea de Casanare debatir\u00e1 supresi\u00f3n de cargo administrativo y afectada interpone tutela por derecho al trabajo\u00bb \u2014 \u25b7 Noticias de Casanare : Martha Cifuentes | Casanare\" src=\"https:\/\/marthacifuentes.com\/portada\/2025\/04\/10\/asamblea-de-casanare-debatira-supresion-de-cargo-administrativo-y-afectada-interpone-tutela-por-derecho-al-trabajo\/embed\/#?secret=aAQQSPycTF#?secret=Tj4QFJ5tqY\" width=\"600\" height=\"650\" frameborder=\"0\" marginwidth=\"0\" marginheight=\"0\" scrolling=\"no\" sandbox=\"allow-scripts\" data-secret=\"Tj4QFJ5tqY\" data-mce-fragment=\"1\"><\/iframe><\/p>\n<p><iframe loading=\"lazy\" class=\"wp-embedded-content\" title=\"\u00abEn Semana Santa: En Yopal se proh\u00edbe circulaci\u00f3n nocturna de motos para evitar siniestros viales\u00bb \u2014 \u25b7 Noticias de Casanare : Martha Cifuentes | Casanare\" src=\"https:\/\/marthacifuentes.com\/portada\/2025\/04\/10\/en-semana-santa-en-yopal-se-prohibe-circulacion-nocturna-de-motos-para-evitar-siniestros-viales\/embed\/#?secret=1bHOzbuvyE#?secret=KKCBiHcAiV\" width=\"600\" height=\"600\" frameborder=\"0\" marginwidth=\"0\" marginheight=\"0\" scrolling=\"no\" sandbox=\"allow-scripts\" data-secret=\"KKCBiHcAiV\" data-mce-fragment=\"1\"><\/iframe><\/p>\n<p><iframe loading=\"lazy\" class=\"wp-embedded-content\" title=\"\u00abConcejales de Trinidad se aferran a sus curules: Apelaron fallo de p\u00e9rdida de investidura\u00bb \u2014 \u25b7 Noticias de Casanare : Martha Cifuentes | Casanare\" src=\"https:\/\/marthacifuentes.com\/portada\/2025\/04\/09\/concejales-de-trinidad-se-aferran-a-sus-curules-apelaron-fallo-de-perdida-de-investidura\/embed\/#?secret=uC9NuALdb6#?secret=VUNnTaA6eL\" width=\"600\" height=\"622\" frameborder=\"0\" marginwidth=\"0\" marginheight=\"0\" scrolling=\"no\" sandbox=\"allow-scripts\" data-secret=\"VUNnTaA6eL\" data-mce-fragment=\"1\"><\/iframe><\/p>\n<p><iframe loading=\"lazy\" class=\"wp-embedded-content\" title=\"\u00abEAAAY aclara que no apel\u00f3 sentencia sobre contrato con SSYAM y pidi\u00f3 correcci\u00f3n al Tribunal\u00bb \u2014 \u25b7 Noticias de Casanare : Martha Cifuentes | Casanare\" src=\"https:\/\/marthacifuentes.com\/portada\/2025\/04\/08\/eaaay-aclara-que-no-apelo-sentencia-sobre-contrato-con-ssyam-y-pedira-correccion-al-tribunal\/embed\/#?secret=gV5cOPuHHw#?secret=gGCCZaww6E\" width=\"600\" height=\"620\" frameborder=\"0\" marginwidth=\"0\" marginheight=\"0\" scrolling=\"no\" sandbox=\"allow-scripts\" data-secret=\"gGCCZaww6E\" data-mce-fragment=\"1\"><\/iframe><\/p>\n","protected":false},"excerpt":{"rendered":"<p>Este 10 de mayo, Colombia vuelve a ser protagonista en el escenario mundial del avistamiento de aves durante la celebraci\u00f3n del Global Big Day 2025, una jornada internacional que moviliza a miles de personas para registrar aves en sus territorios durante 24 horas. Este evento, organizado por el Laboratorio de Ornitolog\u00eda de la Universidad de &hellip;<\/p>\n","protected":false},"author":2,"featured_media":35251,"comment_status":"open","ping_status":"open","sticky":false,"template":"","format":"standard","meta":{"om_disable_all_campaigns":false,"_exactmetrics_skip_tracking":false,"_exactmetrics_sitenote_active":false,"_exactmetrics_sitenote_note":"","_exactmetrics_sitenote_category":0,"_monsterinsights_skip_tracking":false,"_monsterinsights_sitenote_active":false,"_monsterinsights_sitenote_note":"","_monsterinsights_sitenote_category":0,"_uf_show_specific_survey":0,"_uf_disable_surveys":false,"_joinchat":[],"footnotes":""},"categories":[147,146,145],"tags":[12453,12450,11236,12449,9975,12506,154,12459,12454,12510,209,12468,12465,2761,9817,12461,12512,12452,12513,12458,12509,12463,12505,12455,12448,187,2921,12514,12515,2920,12516,12052,12456,12507,12451,12460,12467,9784,12511,12462,12508,12466,12457,12464,12504],"class_list":["post-35248","post","type-post","status-publish","format-standard","has-post-thumbnail","hentry","category-actualidad","category-noticias","category-reportajes","tag-espacios-compartidos","tag-aves","tag-avistamiento-de-aves","tag-aviturismo","tag-biodiversidad","tag-campana-casanare-abre-sus-alas","tag-casanare","tag-ciencia-ciudadana","tag-ciudades-amigables-con-aves","tag-colegios-amigos-de-las-aves","tag-colombia","tag-colombia-pais-de-la-belleza","tag-comunidades-rurales","tag-concurso-de-fotografia","tag-conservacion","tag-conteo-global","tag-cultura-cientifica","tag-dia-mundial-de-las-aves-migratorias","tag-ebird","tag-ecoturismo","tag-educacion-ambiental","tag-especies-endemicas","tag-especies-observadas","tag-especies-registradas","tag-global-big-day-2025","tag-gobernacion-de-casanare","tag-industria-y-turismo","tag-jornadas-de-socializacion","tag-jornadas-virtuales","tag-ministerio-de-comercio","tag-monitoreo-de-biodiversidad","tag-municipios","tag-nictibio-colilargo","tag-observacion","tag-observadores-de-aves","tag-pajarear","tag-paramos","tag-participacion-ciudadana","tag-patrimonio-natural","tag-ranking-mundial","tag-registro-de-aves","tag-selvas","tag-tapacaminos-sabanero","tag-turismo-de-naturaleza","tag-universidad-de-cornell"],"yoast_head":"<!-- This site is optimized with the Yoast SEO plugin v26.1 - https:\/\/yoast.com\/wordpress\/plugins\/seo\/ -->\n<title>Casanare abre sus alas para que Colombia vuele alto en el Global Big Day 2025 - \u25b7 Noticias de Casanare : Martha Cifuentes | Casanare<\/title>\n<meta name=\"robots\" content=\"index, follow, max-snippet:-1, max-image-preview:large, max-video-preview:-1\" \/>\n<link rel=\"canonical\" href=\"https:\/\/marthacifuentes.com\/portada\/casanare-abre-sus-alas-para-que-colombia-vuele-alto-en-el-global-big-day-2025\/\" \/>\n<meta property=\"og:locale\" content=\"es_ES\" \/>\n<meta property=\"og:type\" content=\"article\" \/>\n<meta property=\"og:title\" content=\"Casanare abre sus alas para que Colombia vuele alto en el Global Big Day 2025 - \u25b7 Noticias de Casanare : Martha Cifuentes | Casanare\" \/>\n<meta property=\"og:description\" content=\"Este 10 de mayo, Colombia vuelve a ser protagonista en el escenario mundial del avistamiento de aves durante la celebraci\u00f3n del Global Big Day 2025, una jornada internacional que moviliza a miles de personas para registrar aves en sus territorios durante 24 horas. Este evento, organizado por el Laboratorio de Ornitolog\u00eda de la Universidad de &hellip;\" \/>\n<meta property=\"og:url\" content=\"https:\/\/marthacifuentes.com\/portada\/casanare-abre-sus-alas-para-que-colombia-vuele-alto-en-el-global-big-day-2025\/\" \/>\n<meta property=\"og:site_name\" content=\"\u25b7 Noticias de Casanare : Martha Cifuentes | Casanare\" \/>\n<meta property=\"article:published_time\" content=\"2025-05-07T19:48:33+00:00\" \/>\n<meta property=\"article:modified_time\" content=\"2025-05-08T16:10:08+00:00\" \/>\n<meta property=\"og:image\" content=\"https:\/\/marthacifuentes.com\/portada\/wp-content\/uploads\/2025\/05\/imagen_2025-05-07_144811307.png\" \/>\n\t<meta property=\"og:image:width\" content=\"1280\" \/>\n\t<meta property=\"og:image:height\" content=\"720\" \/>\n\t<meta property=\"og:image:type\" content=\"image\/png\" \/>\n<meta name=\"author\" content=\"Martha Cifuentes\" \/>\n<meta name=\"twitter:card\" content=\"summary_large_image\" \/>\n<meta name=\"twitter:label1\" content=\"Escrito por\" \/>\n\t<meta name=\"twitter:data1\" content=\"Martha Cifuentes\" \/>\n\t<meta name=\"twitter:label2\" content=\"Tiempo de lectura\" \/>\n\t<meta name=\"twitter:data2\" content=\"3 minutos\" \/>\n<script type=\"application\/ld+json\" class=\"yoast-schema-graph\">{\"@context\":\"https:\/\/schema.org\",\"@graph\":[{\"@type\":\"WebPage\",\"@id\":\"https:\/\/marthacifuentes.com\/portada\/casanare-abre-sus-alas-para-que-colombia-vuele-alto-en-el-global-big-day-2025\/\",\"url\":\"https:\/\/marthacifuentes.com\/portada\/casanare-abre-sus-alas-para-que-colombia-vuele-alto-en-el-global-big-day-2025\/\",\"name\":\"Casanare abre sus alas para que Colombia vuele alto en el Global Big Day 2025 - \u25b7 Noticias de Casanare : Martha Cifuentes | Casanare\",\"isPartOf\":{\"@id\":\"https:\/\/marthacifuentes.com\/portada\/#website\"},\"primaryImageOfPage\":{\"@id\":\"https:\/\/marthacifuentes.com\/portada\/casanare-abre-sus-alas-para-que-colombia-vuele-alto-en-el-global-big-day-2025\/#primaryimage\"},\"image\":{\"@id\":\"https:\/\/marthacifuentes.com\/portada\/casanare-abre-sus-alas-para-que-colombia-vuele-alto-en-el-global-big-day-2025\/#primaryimage\"},\"thumbnailUrl\":\"https:\/\/marthacifuentes.com\/portada\/wp-content\/uploads\/2025\/05\/imagen_2025-05-07_144811307.png\",\"datePublished\":\"2025-05-07T19:48:33+00:00\",\"dateModified\":\"2025-05-08T16:10:08+00:00\",\"author\":{\"@id\":\"https:\/\/marthacifuentes.com\/portada\/#\/schema\/person\/57f53174b991db5f90ff78d58502b714\"},\"breadcrumb\":{\"@id\":\"https:\/\/marthacifuentes.com\/portada\/casanare-abre-sus-alas-para-que-colombia-vuele-alto-en-el-global-big-day-2025\/#breadcrumb\"},\"inLanguage\":\"es\",\"potentialAction\":[{\"@type\":\"ReadAction\",\"target\":[\"https:\/\/marthacifuentes.com\/portada\/casanare-abre-sus-alas-para-que-colombia-vuele-alto-en-el-global-big-day-2025\/\"]}]},{\"@type\":\"ImageObject\",\"inLanguage\":\"es\",\"@id\":\"https:\/\/marthacifuentes.com\/portada\/casanare-abre-sus-alas-para-que-colombia-vuele-alto-en-el-global-big-day-2025\/#primaryimage\",\"url\":\"https:\/\/marthacifuentes.com\/portada\/wp-content\/uploads\/2025\/05\/imagen_2025-05-07_144811307.png\",\"contentUrl\":\"https:\/\/marthacifuentes.com\/portada\/wp-content\/uploads\/2025\/05\/imagen_2025-05-07_144811307.png\",\"width\":1280,\"height\":720},{\"@type\":\"BreadcrumbList\",\"@id\":\"https:\/\/marthacifuentes.com\/portada\/casanare-abre-sus-alas-para-que-colombia-vuele-alto-en-el-global-big-day-2025\/#breadcrumb\",\"itemListElement\":[{\"@type\":\"ListItem\",\"position\":1,\"name\":\"Portada\",\"item\":\"https:\/\/marthacifuentes.com\/portada\/\"},{\"@type\":\"ListItem\",\"position\":2,\"name\":\"Casanare abre sus alas para que Colombia vuele alto en el Global Big Day 2025\"}]},{\"@type\":\"WebSite\",\"@id\":\"https:\/\/marthacifuentes.com\/portada\/#website\",\"url\":\"https:\/\/marthacifuentes.com\/portada\/\",\"name\":\"\u25b7 Noticias de Casanare : Martha Cifuentes | Casanare\",\"description\":\"Noticias &amp; Contenidos\",\"potentialAction\":[{\"@type\":\"SearchAction\",\"target\":{\"@type\":\"EntryPoint\",\"urlTemplate\":\"https:\/\/marthacifuentes.com\/portada\/?s={search_term_string}\"},\"query-input\":{\"@type\":\"PropertyValueSpecification\",\"valueRequired\":true,\"valueName\":\"search_term_string\"}}],\"inLanguage\":\"es\"},{\"@type\":\"Person\",\"@id\":\"https:\/\/marthacifuentes.com\/portada\/#\/schema\/person\/57f53174b991db5f90ff78d58502b714\",\"name\":\"Martha Cifuentes\",\"image\":{\"@type\":\"ImageObject\",\"inLanguage\":\"es\",\"@id\":\"https:\/\/marthacifuentes.com\/portada\/#\/schema\/person\/image\/\",\"url\":\"http:\/\/marthacifuentes.com\/portada\/wp-content\/uploads\/2018\/06\/avatar_user_2_1528838701-96x96.jpg\",\"contentUrl\":\"http:\/\/marthacifuentes.com\/portada\/wp-content\/uploads\/2018\/06\/avatar_user_2_1528838701-96x96.jpg\",\"caption\":\"Martha Cifuentes\"},\"sameAs\":[\"http:\/\/www.marthacifuentes.com\"],\"url\":\"https:\/\/marthacifuentes.com\/portada\/author\/martha\/\"}]}<\/script>\n<!-- \/ Yoast SEO plugin. -->","yoast_head_json":{"title":"Casanare abre sus alas para que Colombia vuele alto en el Global Big Day 2025 - \u25b7 Noticias de Casanare : Martha Cifuentes | Casanare","robots":{"index":"index","follow":"follow","max-snippet":"max-snippet:-1","max-image-preview":"max-image-preview:large","max-video-preview":"max-video-preview:-1"},"canonical":"https:\/\/marthacifuentes.com\/portada\/casanare-abre-sus-alas-para-que-colombia-vuele-alto-en-el-global-big-day-2025\/","og_locale":"es_ES","og_type":"article","og_title":"Casanare abre sus alas para que Colombia vuele alto en el Global Big Day 2025 - \u25b7 Noticias de Casanare : Martha Cifuentes | Casanare","og_description":"Este 10 de mayo, Colombia vuelve a ser protagonista en el escenario mundial del avistamiento de aves durante la celebraci\u00f3n del Global Big Day 2025, una jornada internacional que moviliza a miles de personas para registrar aves en sus territorios durante 24 horas. Este evento, organizado por el Laboratorio de Ornitolog\u00eda de la Universidad de &hellip;","og_url":"https:\/\/marthacifuentes.com\/portada\/casanare-abre-sus-alas-para-que-colombia-vuele-alto-en-el-global-big-day-2025\/","og_site_name":"\u25b7 Noticias de Casanare : Martha Cifuentes | Casanare","article_published_time":"2025-05-07T19:48:33+00:00","article_modified_time":"2025-05-08T16:10:08+00:00","og_image":[{"width":1280,"height":720,"url":"https:\/\/marthacifuentes.com\/portada\/wp-content\/uploads\/2025\/05\/imagen_2025-05-07_144811307.png","type":"image\/png"}],"author":"Martha Cifuentes","twitter_card":"summary_large_image","twitter_misc":{"Escrito por":"Martha Cifuentes","Tiempo de lectura":"3 minutos"},"schema":{"@context":"https:\/\/schema.org","@graph":[{"@type":"WebPage","@id":"https:\/\/marthacifuentes.com\/portada\/casanare-abre-sus-alas-para-que-colombia-vuele-alto-en-el-global-big-day-2025\/","url":"https:\/\/marthacifuentes.com\/portada\/casanare-abre-sus-alas-para-que-colombia-vuele-alto-en-el-global-big-day-2025\/","name":"Casanare abre sus alas para que Colombia vuele alto en el Global Big Day 2025 - \u25b7 Noticias de Casanare : Martha Cifuentes | Casanare","isPartOf":{"@id":"https:\/\/marthacifuentes.com\/portada\/#website"},"primaryImageOfPage":{"@id":"https:\/\/marthacifuentes.com\/portada\/casanare-abre-sus-alas-para-que-colombia-vuele-alto-en-el-global-big-day-2025\/#primaryimage"},"image":{"@id":"https:\/\/marthacifuentes.com\/portada\/casanare-abre-sus-alas-para-que-colombia-vuele-alto-en-el-global-big-day-2025\/#primaryimage"},"thumbnailUrl":"https:\/\/marthacifuentes.com\/portada\/wp-content\/uploads\/2025\/05\/imagen_2025-05-07_144811307.png","datePublished":"2025-05-07T19:48:33+00:00","dateModified":"2025-05-08T16:10:08+00:00","author":{"@id":"https:\/\/marthacifuentes.com\/portada\/#\/schema\/person\/57f53174b991db5f90ff78d58502b714"},"breadcrumb":{"@id":"https:\/\/marthacifuentes.com\/portada\/casanare-abre-sus-alas-para-que-colombia-vuele-alto-en-el-global-big-day-2025\/#breadcrumb"},"inLanguage":"es","potentialAction":[{"@type":"ReadAction","target":["https:\/\/marthacifuentes.com\/portada\/casanare-abre-sus-alas-para-que-colombia-vuele-alto-en-el-global-big-day-2025\/"]}]},{"@type":"ImageObject","inLanguage":"es","@id":"https:\/\/marthacifuentes.com\/portada\/casanare-abre-sus-alas-para-que-colombia-vuele-alto-en-el-global-big-day-2025\/#primaryimage","url":"https:\/\/marthacifuentes.com\/portada\/wp-content\/uploads\/2025\/05\/imagen_2025-05-07_144811307.png","contentUrl":"https:\/\/marthacifuentes.com\/portada\/wp-content\/uploads\/2025\/05\/imagen_2025-05-07_144811307.png","width":1280,"height":720},{"@type":"BreadcrumbList","@id":"https:\/\/marthacifuentes.com\/portada\/casanare-abre-sus-alas-para-que-colombia-vuele-alto-en-el-global-big-day-2025\/#breadcrumb","itemListElement":[{"@type":"ListItem","position":1,"name":"Portada","item":"https:\/\/marthacifuentes.com\/portada\/"},{"@type":"ListItem","position":2,"name":"Casanare abre sus alas para que Colombia vuele alto en el Global Big Day 2025"}]},{"@type":"WebSite","@id":"https:\/\/marthacifuentes.com\/portada\/#website","url":"https:\/\/marthacifuentes.com\/portada\/","name":"\u25b7 Noticias de Casanare : Martha Cifuentes | Casanare","description":"Noticias &amp; Contenidos","potentialAction":[{"@type":"SearchAction","target":{"@type":"EntryPoint","urlTemplate":"https:\/\/marthacifuentes.com\/portada\/?s={search_term_string}"},"query-input":{"@type":"PropertyValueSpecification","valueRequired":true,"valueName":"search_term_string"}}],"inLanguage":"es"},{"@type":"Person","@id":"https:\/\/marthacifuentes.com\/portada\/#\/schema\/person\/57f53174b991db5f90ff78d58502b714","name":"Martha Cifuentes","image":{"@type":"ImageObject","inLanguage":"es","@id":"https:\/\/marthacifuentes.com\/portada\/#\/schema\/person\/image\/","url":"http:\/\/marthacifuentes.com\/portada\/wp-content\/uploads\/2018\/06\/avatar_user_2_1528838701-96x96.jpg","contentUrl":"http:\/\/marthacifuentes.com\/portada\/wp-content\/uploads\/2018\/06\/avatar_user_2_1528838701-96x96.jpg","caption":"Martha Cifuentes"},"sameAs":["http:\/\/www.marthacifuentes.com"],"url":"https:\/\/marthacifuentes.com\/portada\/author\/martha\/"}]}},"_links":{"self":[{"href":"https:\/\/marthacifuentes.com\/portada\/wp-json\/wp\/v2\/posts\/35248","targetHints":{"allow":["GET"]}}],"collection":[{"href":"https:\/\/marthacifuentes.com\/portada\/wp-json\/wp\/v2\/posts"}],"about":[{"href":"https:\/\/marthacifuentes.com\/portada\/wp-json\/wp\/v2\/types\/post"}],"author":[{"embeddable":true,"href":"https:\/\/marthacifuentes.com\/portada\/wp-json\/wp\/v2\/users\/2"}],"replies":[{"embeddable":true,"href":"https:\/\/marthacifuentes.com\/portada\/wp-json\/wp\/v2\/comments?post=35248"}],"version-history":[{"count":3,"href":"https:\/\/marthacifuentes.com\/portada\/wp-json\/wp\/v2\/posts\/35248\/revisions"}],"predecessor-version":[{"id":35263,"href":"https:\/\/marthacifuentes.com\/portada\/wp-json\/wp\/v2\/posts\/35248\/revisions\/35263"}],"wp:featuredmedia":[{"embeddable":true,"href":"https:\/\/marthacifuentes.com\/portada\/wp-json\/wp\/v2\/media\/35251"}],"wp:attachment":[{"href":"https:\/\/marthacifuentes.com\/portada\/wp-json\/wp\/v2\/media?parent=35248"}],"wp:term":[{"taxonomy":"category","embeddable":true,"href":"https:\/\/marthacifuentes.com\/portada\/wp-json\/wp\/v2\/categories?post=35248"},{"taxonomy":"post_tag","embeddable":true,"href":"https:\/\/marthacifuentes.com\/portada\/wp-json\/wp\/v2\/tags?post=35248"}],"curies":[{"name":"wp","href":"https:\/\/api.w.org\/{rel}","templated":true}]}}