{"id":35307,"date":"2025-05-12T09:53:15","date_gmt":"2025-05-12T14:53:15","guid":{"rendered":"https:\/\/marthacifuentes.com\/portada\/?p=35307"},"modified":"2025-05-12T10:30:07","modified_gmt":"2025-05-12T15:30:07","slug":"dique-en-el-cravo-sur-esta-casi-listo-y-protegera-a-mas-de-500-familias-de-yopal","status":"publish","type":"post","link":"https:\/\/marthacifuentes.com\/portada\/dique-en-el-cravo-sur-esta-casi-listo-y-protegera-a-mas-de-500-familias-de-yopal\/","title":{"rendered":"Dique en el Cravo Sur est\u00e1 casi listo y proteger\u00e1 a m\u00e1s de 500 familias de Yopal"},"content":{"rendered":"<p class=\"\" data-start=\"251\" data-end=\"577\">En la vereda <strong data-start=\"264\" data-end=\"279\">San Pascual<\/strong>, municipio de Yopal, se ultiman detalles de una obra largamente esperada: la construcci\u00f3n de un <strong data-start=\"376\" data-end=\"419\">dique de protecci\u00f3n contra inundaciones<\/strong> que resguardar\u00e1 a <strong data-start=\"438\" data-end=\"461\">m\u00e1s de 500 familias<\/strong> de las veredas <strong data-start=\"477\" data-end=\"518\">El Amparo, San Pascual y El Barbillal<\/strong>, hist\u00f3ricamente afectadas por la fuerza del r\u00edo Cravo Sur.<\/p>\n<h3 data-start=\"584\" data-end=\"653\"><\/h3>\n<h3 class=\"\" data-start=\"584\" data-end=\"653\"><strong data-start=\"588\" data-end=\"653\">130 metros de defensa para frenar la erosi\u00f3n y salvar hogares<\/strong><\/h3>\n<p class=\"\" data-start=\"655\" data-end=\"944\">La intervenci\u00f3n comprende <strong data-start=\"681\" data-end=\"733\">130 metros lineales en la margen externa del r\u00edo<\/strong>, utilizando tecnolog\u00eda de bajo impacto y alta eficacia: bolsas tipo <strong data-start=\"802\" data-end=\"813\">big bag<\/strong> rellenas con material de sitio y un <strong data-start=\"850\" data-end=\"880\">manto geotextil permanente<\/strong>, dise\u00f1ado para controlar la erosi\u00f3n en temporadas de creciente.<\/p>\n<p class=\"\" data-start=\"946\" data-end=\"1124\">Este sistema permite una respuesta eficaz y sostenible a una problem\u00e1tica que por a\u00f1os ha puesto en riesgo viviendas, cultivos y vidas enteras, especialmente en \u00e9poca de lluvias.<\/p>\n<h3 data-start=\"1131\" data-end=\"1204\"><\/h3>\n<h3 class=\"\" data-start=\"1131\" data-end=\"1204\"><strong data-start=\"1135\" data-end=\"1204\">Un esfuerzo conjunto que une Gobierno, comunidad y sector privado<\/strong><\/h3>\n<p class=\"\" data-start=\"1206\" data-end=\"1476\">La obra es liderada por el gobernador <strong data-start=\"1244\" data-end=\"1265\">C\u00e9sar Ortiz Zorro<\/strong>, a trav\u00e9s de la <strong data-start=\"1282\" data-end=\"1331\">Direcci\u00f3n Departamental de Gesti\u00f3n del Riesgo<\/strong>, con el apoyo de la <strong data-start=\"1352\" data-end=\"1373\">Alcald\u00eda de Yopal<\/strong>, actores del sector privado y, especialmente, <strong data-start=\"1449\" data-end=\"1475\">la comunidad campesina<\/strong>.<\/p>\n<p class=\"\" data-start=\"1478\" data-end=\"1611\">El director de Gesti\u00f3n del Riesgo, <strong data-start=\"1513\" data-end=\"1535\">Guillermo Velandia<\/strong>, inspeccion\u00f3 el avance de los trabajos y celebr\u00f3 la articulaci\u00f3n lograda: \u201cEs un trabajo bien organizado, donde todos hemos sumado esfuerzos para lograrlo\u201d.<\/p>\n<h3 data-start=\"1703\" data-end=\"1774\"><\/h3>\n<h3 class=\"\" data-start=\"1703\" data-end=\"1774\"><strong data-start=\"1707\" data-end=\"1774\">\u201cAhora s\u00ed sentimos tranquilidad\u201d: comunidad reconoce el impacto<\/strong><\/h3>\n<p class=\"\" data-start=\"1776\" data-end=\"1907\">El presidente de la Junta de Acci\u00f3n Comunal de El Amparo, <strong data-start=\"1834\" data-end=\"1847\">Juan Leal<\/strong>, no ocult\u00f3 su satisfacci\u00f3n al ver la obra casi terminada:<\/p>\n<blockquote data-start=\"1908\" data-end=\"2237\">\n<p class=\"\" data-start=\"1910\" data-end=\"2237\">\u201cPor fin vemos esta necesidad convertirse en realidad. Saber que nuestras casas estar\u00e1n m\u00e1s protegidas y que nuestros cultivos ya no se perder\u00e1n nos llena de tranquilidad. La comunidad se siente orgullosa de haber puesto su granito de arena en este proyecto, que algunos no entend\u00edan, pero ahora todos los ven con buenos ojos\u201d.<\/p>\n<\/blockquote>\n<h3 data-start=\"2244\" data-end=\"2287\"><\/h3>\n<h3 class=\"\" data-start=\"2244\" data-end=\"2287\"><strong data-start=\"2248\" data-end=\"2287\">Entrega prevista este fin de semana<\/strong><\/h3>\n<p class=\"\" data-start=\"2289\" data-end=\"2595\">Si las condiciones lo permiten, el dique ser\u00eda <strong data-start=\"2336\" data-end=\"2381\">entregado oficialmente este fin de semana<\/strong>, en un acto simb\u00f3lico que celebrar\u00e1 no solo la culminaci\u00f3n de una obra civil, sino <strong data-start=\"2465\" data-end=\"2594\">la victoria de la organizaci\u00f3n comunitaria y la voluntad institucional para proteger la vida rural frente al cambio clim\u00e1tico<\/strong>.<\/p>\n<h2 data-start=\"3105\" data-end=\"3437\">Otras noticias\u2026<\/h2>\n<blockquote class=\"wp-embedded-content\" data-secret=\"L8oHghDJg5\"><p><a href=\"https:\/\/marthacifuentes.com\/portada\/2025\/05\/12\/en-yopal-la-educacion-financiera-tambien-se-aprende-jugando-ninas-y-ninos-fortalecen-sus-habilidades-emprendedoras-con-pedagogia-alternativa\/\">En Yopal, la educaci\u00f3n financiera tambi\u00e9n se aprende jugando: ni\u00f1as y ni\u00f1os fortalecen sus habilidades emprendedoras con pedagog\u00eda alternativa<\/a><\/p><\/blockquote>\n<p><iframe loading=\"lazy\" class=\"wp-embedded-content\" sandbox=\"allow-scripts\" security=\"restricted\" style=\"position: absolute; clip: rect(1px, 1px, 1px, 1px);\" title=\"\u00abEn Yopal, la educaci\u00f3n financiera tambi\u00e9n se aprende jugando: ni\u00f1as y ni\u00f1os fortalecen sus habilidades emprendedoras con pedagog\u00eda alternativa\u00bb \u2014 \u25b7 Noticias de Casanare : Martha Cifuentes | Casanare\" src=\"https:\/\/marthacifuentes.com\/portada\/2025\/05\/12\/en-yopal-la-educacion-financiera-tambien-se-aprende-jugando-ninas-y-ninos-fortalecen-sus-habilidades-emprendedoras-con-pedagogia-alternativa\/embed\/#?secret=7AqlmXd6Cy#?secret=L8oHghDJg5\" data-secret=\"L8oHghDJg5\" width=\"500\" height=\"282\" frameborder=\"0\" marginwidth=\"0\" marginheight=\"0\" scrolling=\"no\"><\/iframe><\/p>\n<p><iframe loading=\"lazy\" class=\"wp-embedded-content\" title=\"\u00abYopal acompa\u00f1a a comunidades ind\u00edgenas en tr\u00e1nsito con enfoque de di\u00e1logo intercultural y recolecci\u00f3n de datos\u00bb \u2014 \u25b7 Noticias de Casanare : Martha Cifuentes | Casanare\" src=\"https:\/\/marthacifuentes.com\/portada\/2025\/05\/12\/yopal-acompana-a-comunidades-indigenas-en-transito-con-enfoque-de-dialogo-intercultural-y-recoleccion-de-datos\/embed\/#?secret=6jsxhKukOc#?secret=hpUR3iJ5pj\" width=\"600\" height=\"650\" frameborder=\"0\" marginwidth=\"0\" marginheight=\"0\" scrolling=\"no\" sandbox=\"allow-scripts\" data-secret=\"hpUR3iJ5pj\" data-mce-fragment=\"1\"><\/iframe><\/p>\n<p><iframe loading=\"lazy\" class=\"wp-embedded-content\" title=\"\u00abCasanare culmina proyecto hist\u00f3rico para proteger fauna silvestre en zonas de sequ\u00eda extrema\u00bb \u2014 \u25b7 Noticias de Casanare : Martha Cifuentes | Casanare\" src=\"https:\/\/marthacifuentes.com\/portada\/2025\/05\/12\/casanare-culmina-proyecto-historico-para-proteger-fauna-silvestre-en-zonas-de-sequia-extrema\/embed\/#?secret=5uFE4junQI#?secret=zSSmIz44kF\" width=\"600\" height=\"620\" frameborder=\"0\" marginwidth=\"0\" marginheight=\"0\" scrolling=\"no\" sandbox=\"allow-scripts\" data-secret=\"zSSmIz44kF\" data-mce-fragment=\"1\"><\/iframe><\/p>\n<p><iframe loading=\"lazy\" class=\"wp-embedded-content\" title=\"\u00abPapa Le\u00f3n XIV: lo bueno, lo malo y lo feo del primer pont\u00edfice norteamericano-peruano, elegido hoy en el Conclave.\u00bb \u2014 \u25b7 Noticias de Casanare : Martha Cifuentes | Casanare\" src=\"https:\/\/marthacifuentes.com\/portada\/2025\/05\/08\/papa-leon-xiv-lo-bueno-lo-malo-y-lo-feo-del-primer-pontifice-norteamericano-peruano-elegido-hoy-en-el-conclave\/embed\/#?secret=VQJcgrq1Yc#?secret=exAdNNdI8J\" width=\"600\" height=\"581\" frameborder=\"0\" marginwidth=\"0\" marginheight=\"0\" scrolling=\"no\" sandbox=\"allow-scripts\" data-secret=\"exAdNNdI8J\" data-mce-fragment=\"1\"><\/iframe><\/p>\n<p><iframe loading=\"lazy\" class=\"wp-embedded-content\" title=\"\u00abBajan la inflaci\u00f3n, las tasas de inter\u00e9s, el desempleo y la pobreza multidimensional: se\u00f1ales positivas para la econom\u00eda colombiana en 2025\u00bb \u2014 \u25b7 Noticias de Casanare : Martha Cifuentes | Casanare\" src=\"https:\/\/marthacifuentes.com\/portada\/2025\/05\/08\/bajan-la-inflacion-las-tasas-de-interes-el-desempleo-y-la-pobreza-multidimensional-senales-positivas-para-la-economia-colombiana-en-2025\/embed\/#?secret=I9DbWt0hgm#?secret=arRaA5z3Zc\" width=\"600\" height=\"650\" frameborder=\"0\" marginwidth=\"0\" marginheight=\"0\" scrolling=\"no\" sandbox=\"allow-scripts\" data-secret=\"arRaA5z3Zc\" data-mce-fragment=\"1\"><\/iframe><\/p>\n<p><iframe loading=\"lazy\" class=\"wp-embedded-content\" title=\"\u00abLa Consulta Popular es popular en los j\u00f3venes (y hasta convence algunos sectores de derecha)\u00bb \u2014 \u25b7 Noticias de Casanare : Martha Cifuentes | Casanare\" src=\"https:\/\/marthacifuentes.com\/portada\/2025\/05\/07\/la-consulta-popular-es-popular-en-los-jovenes-y-hasta-convence-algunos-sectores-de-derecha\/embed\/#?secret=tFt4MsVqxB#?secret=UA4xpVFFfp\" width=\"600\" height=\"599\" frameborder=\"0\" marginwidth=\"0\" marginheight=\"0\" scrolling=\"no\" sandbox=\"allow-scripts\" data-secret=\"UA4xpVFFfp\" data-mce-fragment=\"1\"><\/iframe><\/p>\n<p><iframe loading=\"lazy\" class=\"wp-embedded-content\" title=\"\u00ab\u00a1Colombia vuelve al ring por el primer lugar en el Global Big Day 2025!\u00bb \u2014 \u25b7 Noticias de Casanare : Martha Cifuentes | Casanare\" src=\"https:\/\/marthacifuentes.com\/portada\/2025\/05\/07\/colombia-vuelve-al-ring-por-el-primer-lugar-en-el-global-big-day-2025\/embed\/#?secret=QoHYOYwBxs#?secret=djuFviQpVW\" width=\"600\" height=\"620\" frameborder=\"0\" marginwidth=\"0\" marginheight=\"0\" scrolling=\"no\" sandbox=\"allow-scripts\" data-secret=\"djuFviQpVW\" data-mce-fragment=\"1\"><\/iframe><\/p>\n<p><iframe loading=\"lazy\" class=\"wp-embedded-content\" title=\"\u00abPetro va a China a firmar carta para la Ruta de la Seda: \u201cNo vamos arrodillados, vamos a hablar de t\u00fa a t\u00fa\u201d\u00bb \u2014 \u25b7 Noticias de Casanare : Martha Cifuentes | Casanare\" src=\"https:\/\/marthacifuentes.com\/portada\/2025\/05\/07\/petro-va-a-china-a-firmar-carta-para-la-ruta-de-la-seda-no-vamos-arrodillados-vamos-a-hablar-de-tu-a-tu\/embed\/#?secret=FqLWPFChtw#?secret=jNcB1JFI2G\" width=\"600\" height=\"600\" frameborder=\"0\" marginwidth=\"0\" marginheight=\"0\" scrolling=\"no\" sandbox=\"allow-scripts\" data-secret=\"jNcB1JFI2G\" data-mce-fragment=\"1\"><\/iframe><\/p>\n<p><iframe loading=\"lazy\" class=\"wp-embedded-content\" title=\"\u00ab\u00a1A la Naci\u00f3n no la tumban tan f\u00e1cil! Estado gana 8 de cada 10 pleitos en lo que va del 2025\u00bb \u2014 \u25b7 Noticias de Casanare : Martha Cifuentes | Casanare\" src=\"https:\/\/marthacifuentes.com\/portada\/2025\/05\/07\/a-la-nacion-no-la-tumban-tan-facil-estado-gana-8-de-cada-10-pleitos-en-lo-que-va-del-2025\/embed\/#?secret=4vhuzfJdnq#?secret=Y523br1RqT\" width=\"600\" height=\"599\" frameborder=\"0\" marginwidth=\"0\" marginheight=\"0\" scrolling=\"no\" sandbox=\"allow-scripts\" data-secret=\"Y523br1RqT\" data-mce-fragment=\"1\"><\/iframe><\/p>\n<p><iframe loading=\"lazy\" class=\"wp-embedded-content\" title=\"\u00ab\u00a1Les cay\u00f3 la ley! Polic\u00eda arresta a 123 del Clan del Golfo mientras Petro advierte que ir\u00e1n hasta Dub\u00e1i\u00bb \u2014 \u25b7 Noticias de Casanare : Martha Cifuentes | Casanare\" src=\"https:\/\/marthacifuentes.com\/portada\/2025\/05\/06\/les-cayo-la-ley-policia-arresta-a-123-del-clan-del-golfo-mientras-petro-advierte-que-iran-hasta-dubai\/embed\/#?secret=9u8AdupCEl#?secret=Xe6ojZ6D22\" width=\"600\" height=\"620\" frameborder=\"0\" marginwidth=\"0\" marginheight=\"0\" scrolling=\"no\" sandbox=\"allow-scripts\" data-secret=\"Xe6ojZ6D22\" data-mce-fragment=\"1\"><\/iframe><\/p>\n<p><iframe loading=\"lazy\" class=\"wp-embedded-content\" title=\"\u00abM\u00e1s de 13 mil adultos mayores en Casanare recibir\u00e1n en mayo apoyo econ\u00f3mico del Gobierno Nacional\u00bb \u2014 \u25b7 Noticias de Casanare : Martha Cifuentes | Casanare\" src=\"https:\/\/marthacifuentes.com\/portada\/2025\/05\/06\/mas-de-13-mil-adultos-mayores-en-casanare-recibiran-en-mayo-apoyo-economico-del-gobierno-nacional\/embed\/#?secret=gL6dOF60KM#?secret=1WMyzFdaCr\" width=\"600\" height=\"621\" frameborder=\"0\" marginwidth=\"0\" marginheight=\"0\" scrolling=\"no\" sandbox=\"allow-scripts\" data-secret=\"1WMyzFdaCr\" data-mce-fragment=\"1\"><\/iframe><\/p>\n<p><iframe loading=\"lazy\" class=\"wp-embedded-content\" title=\"\u00abDavid y Goliat: Alcald\u00eda de Yopal derrot\u00f3 a los bancos, recuper\u00f3 su autonom\u00eda tributaria y no perdi\u00f3 $10 mil millones.\u00bb \u2014 \u25b7 Noticias de Casanare : Martha Cifuentes | Casanare\" src=\"https:\/\/marthacifuentes.com\/portada\/2025\/05\/06\/david-y-goliat-alcaldia-de-yopal-derroto-a-los-bancos-recupero-su-autonomia-tributaria-y-no-perdio-10-mil-millones\/embed\/#?secret=0YO5P8NHuD#?secret=zCbtwWm8TR\" width=\"600\" height=\"629\" frameborder=\"0\" marginwidth=\"0\" marginheight=\"0\" scrolling=\"no\" sandbox=\"allow-scripts\" data-secret=\"zCbtwWm8TR\" data-mce-fragment=\"1\"><\/iframe><\/p>\n<p><iframe loading=\"lazy\" class=\"wp-embedded-content\" title=\"\u00abSe viene un invierno hist\u00f3rico para Casanare: lluvias superar\u00e1n en un 50 % los niveles normales en junio\u00bb \u2014 \u25b7 Noticias de Casanare : Martha Cifuentes | Casanare\" src=\"https:\/\/marthacifuentes.com\/portada\/2025\/05\/06\/se-viene-un-invierno-historico-para-casanare-lluvias-superaran-en-un-50-los-niveles-normales-en-junio\/embed\/#?secret=QLRDNc9tKS#?secret=KOlUhbjxg5\" width=\"600\" height=\"621\" frameborder=\"0\" marginwidth=\"0\" marginheight=\"0\" scrolling=\"no\" sandbox=\"allow-scripts\" data-secret=\"KOlUhbjxg5\" data-mce-fragment=\"1\"><\/iframe><\/p>\n<p><iframe loading=\"lazy\" class=\"wp-embedded-content\" title=\"\u00ab\u201cUn hijo aunque est\u00e9 muerto es un amor vivo\u201d: familia casanare\u00f1a reencuentra a su ser querido desaparecido en 2001 en Aguaclara\u00bb \u2014 \u25b7 Noticias de Casanare : Martha Cifuentes | Casanare\" src=\"https:\/\/marthacifuentes.com\/portada\/2025\/05\/06\/un-hijo-aunque-este-muerto-es-un-amor-vivo-familia-casanarena-reencuentra-a-su-ser-querido-desaparecido-en-2001-en-aguaclara\/embed\/#?secret=0BFsSfWBgY#?secret=Ep4EnpTQ9y\" width=\"600\" height=\"629\" frameborder=\"0\" marginwidth=\"0\" marginheight=\"0\" scrolling=\"no\" sandbox=\"allow-scripts\" data-secret=\"Ep4EnpTQ9y\" data-mce-fragment=\"1\"><\/iframe><\/p>\n<p><iframe loading=\"lazy\" class=\"wp-embedded-content\" title=\"\u00abEn fallo a favor de Marisela Duarte, Tribunal desestim\u00f3 recusaci\u00f3n (sobredimensionada) y descart\u00f3 dolo. La perfil\u00f3 como una mujer humilde, sin formaci\u00f3n ni experiencia en lo p\u00fablico\u00bb \u2014 \u25b7 Noticias de Casanare : Martha Cifuentes | Casanare\" src=\"https:\/\/marthacifuentes.com\/portada\/2025\/05\/02\/en-fallo-a-favor-de-marisela-duarte-tribunal-desestimo-recusacion-sobredimensionada-y-descarto-dolo-la-perfilo-como-una-mujer-humilde-sin-formacion-ni-experiencia-en-lo-publico\/embed\/#?secret=GqNhxGT4Rp#?secret=cc6LL00MsY\" width=\"600\" height=\"678\" frameborder=\"0\" marginwidth=\"0\" marginheight=\"0\" scrolling=\"no\" sandbox=\"allow-scripts\" data-secret=\"cc6LL00MsY\" data-mce-fragment=\"1\"><\/iframe><\/p>\n<p><iframe loading=\"lazy\" class=\"wp-embedded-content\" title=\"\u00abYopal: Emiten 24 \u00f3rdenes de captura contra ladrones reincidentes en Consejo de Seguridad\u00bb \u2014 \u25b7 Noticias de Casanare : Martha Cifuentes | Casanare\" src=\"https:\/\/marthacifuentes.com\/portada\/2025\/04\/30\/yopal-emiten-24-ordenes-de-captura-contra-ladrones-reincidentes-en-consejo-de-seguridad\/embed\/#?secret=sYnXSf3YJi#?secret=qexc2XpdVy\" width=\"600\" height=\"620\" frameborder=\"0\" marginwidth=\"0\" marginheight=\"0\" scrolling=\"no\" sandbox=\"allow-scripts\" data-secret=\"qexc2XpdVy\" data-mce-fragment=\"1\"><\/iframe><\/p>\n<p><iframe loading=\"lazy\" class=\"wp-embedded-content\" title=\"\u00ab\u201cMi CASAnare\u201d: el hogar de paso en Bogot\u00e1 que nace del coraz\u00f3n solidario de Casanare\u00bb \u2014 \u25b7 Noticias de Casanare : Martha Cifuentes | Casanare\" src=\"https:\/\/marthacifuentes.com\/portada\/2025\/04\/30\/mi-casanare-el-hogar-de-paso-en-bogota-que-nace-del-corazon-solidario-de-casanare\/embed\/#?secret=QYaxEO9HIK#?secret=oO6609rYFx\" width=\"600\" height=\"621\" frameborder=\"0\" marginwidth=\"0\" marginheight=\"0\" scrolling=\"no\" sandbox=\"allow-scripts\" data-secret=\"oO6609rYFx\" data-mce-fragment=\"1\"><\/iframe><\/p>\n<p><iframe loading=\"lazy\" class=\"wp-embedded-content\" title=\"\u00abInician obras para optimizar alcantarillado sanitario en la calle 40 de Yopal\u00bb \u2014 \u25b7 Noticias de Casanare : Martha Cifuentes | Casanare\" src=\"https:\/\/marthacifuentes.com\/portada\/2025\/04\/30\/inician-obras-para-optimizar-alcantarillado-sanitario-en-la-calle-40-de-yopal\/embed\/#?secret=vlLxxnCN61#?secret=jPRIIrlw7Q\" width=\"600\" height=\"621\" frameborder=\"0\" marginwidth=\"0\" marginheight=\"0\" scrolling=\"no\" sandbox=\"allow-scripts\" data-secret=\"jPRIIrlw7Q\" data-mce-fragment=\"1\"><\/iframe><\/p>\n<p><iframe loading=\"lazy\" class=\"wp-embedded-content\" title=\"\u00abCasanare fortalece la cadena productiva del pl\u00e1tano con apoyo a m\u00e1s de 2.000 familias campesinas\u00bb \u2014 \u25b7 Noticias de Casanare : Martha Cifuentes | Casanare\" src=\"https:\/\/marthacifuentes.com\/portada\/2025\/04\/30\/casanare-fortalece-la-cadena-productiva-del-platano-con-apoyo-a-mas-de-2-000-familias-campesinas\/embed\/#?secret=wZPxfxuvfZ#?secret=uGb9wbttlr\" width=\"600\" height=\"621\" frameborder=\"0\" marginwidth=\"0\" marginheight=\"0\" scrolling=\"no\" sandbox=\"allow-scripts\" data-secret=\"uGb9wbttlr\" data-mce-fragment=\"1\"><\/iframe><\/p>\n<p><iframe loading=\"lazy\" class=\"wp-embedded-content\" title=\"\u00abTras el susto, la calma: Se descarta riesgo de avalancha en el r\u00edo Pauto tras deslizamiento en T\u00e1mara\u00bb \u2014 \u25b7 Noticias de Casanare : Martha Cifuentes | Casanare\" src=\"https:\/\/marthacifuentes.com\/portada\/2025\/04\/30\/tras-el-susto-la-calma-se-descarta-riesgo-de-avalancha-en-el-rio-pauto-tras-deslizamiento-en-tamara\/embed\/#?secret=hXJejGDECP#?secret=m2jE3WAARp\" width=\"600\" height=\"620\" frameborder=\"0\" marginwidth=\"0\" marginheight=\"0\" scrolling=\"no\" sandbox=\"allow-scripts\" data-secret=\"m2jE3WAARp\" data-mce-fragment=\"1\"><\/iframe><\/p>\n<p><iframe loading=\"lazy\" class=\"wp-embedded-content\" title=\"\u00abC\u00f3mo un voto cambi\u00f3 todo: el origen, la ca\u00edda y el posible final pol\u00edtico de Marisela Duarte\u00bb \u2014 \u25b7 Noticias de Casanare : Martha Cifuentes | Casanare\" src=\"https:\/\/marthacifuentes.com\/portada\/2025\/04\/29\/como-un-voto-cambio-todo-el-origen-la-caida-y-el-posible-final-politico-de-marisela-duarte\/embed\/#?secret=ukL4IGbs5I#?secret=iXXCt0qyA7\" width=\"600\" height=\"621\" frameborder=\"0\" marginwidth=\"0\" marginheight=\"0\" scrolling=\"no\" sandbox=\"allow-scripts\" data-secret=\"iXXCt0qyA7\" data-mce-fragment=\"1\"><\/iframe><\/p>\n<p><iframe loading=\"lazy\" class=\"wp-embedded-content\" title=\"\u00abNo es un final feliz pero familia Pidiache Achagua ya puede \u00abdescansar\u00bb luego de haber recibido el cuerpo de su ni\u00f1o Arley, desaparecido a los 12 a\u00f1os.\u00bb \u2014 \u25b7 Noticias de Casanare : Martha Cifuentes | Casanare\" src=\"https:\/\/marthacifuentes.com\/portada\/2025\/04\/28\/no-es-un-final-feliz-pero-familia-pidiache-achagua-ya-puede-descansar-luego-de-haber-recibido-el-cuerpo-de-su-nino-arley-desaparecido-a-los-12-anos\/embed\/#?secret=KOqH41m4sP#?secret=LdazwHkMT9\" width=\"600\" height=\"650\" frameborder=\"0\" marginwidth=\"0\" marginheight=\"0\" scrolling=\"no\" sandbox=\"allow-scripts\" data-secret=\"LdazwHkMT9\" data-mce-fragment=\"1\"><\/iframe><\/p>\n<p><iframe loading=\"lazy\" class=\"wp-embedded-content\" title=\"\u00ab\u201cLa m\u00e1s interesada en que hable \u2018Mart\u00edn Llanos\u2019 soy yo\u201d: Exalcaldesa de Monterrey Aleyder Casta\u00f1eda.\u00bb \u2014 \u25b7 Noticias de Casanare : Martha Cifuentes | Casanare\" src=\"https:\/\/marthacifuentes.com\/portada\/2025\/04\/28\/la-mas-interesada-en-que-hable-martin-llanos-soy-yo-exalcaldesa-de-monterrey-aleyder-castaneda\/embed\/#?secret=rkVoqkL4R4#?secret=dYDaSU2I8I\" width=\"600\" height=\"621\" frameborder=\"0\" marginwidth=\"0\" marginheight=\"0\" scrolling=\"no\" sandbox=\"allow-scripts\" data-secret=\"dYDaSU2I8I\" data-mce-fragment=\"1\"><\/iframe><\/p>\n<p><iframe loading=\"lazy\" class=\"wp-embedded-content\" title=\"\u00abMujer muere por atragantamiento con un alimento en Yopal. T\u00e9cnica de Heimlich podr\u00eda haberle salvado la vida.\u00bb \u2014 \u25b7 Noticias de Casanare : Martha Cifuentes | Casanare\" src=\"https:\/\/marthacifuentes.com\/portada\/2025\/04\/28\/mujer-muere-por-atragantamiento-con-un-alimento-en-yopal-tecnica-de-heimlich-podria-haberle-salvado-la-vida\/embed\/#?secret=ich84s7GRo#?secret=faI8BfSvHU\" width=\"600\" height=\"629\" frameborder=\"0\" marginwidth=\"0\" marginheight=\"0\" scrolling=\"no\" sandbox=\"allow-scripts\" data-secret=\"faI8BfSvHU\" data-mce-fragment=\"1\"><\/iframe><\/p>\n<p><iframe loading=\"lazy\" class=\"wp-embedded-content\" title=\"\u00ab\ud83d\udcf1 Costo de 17 mil tabletas en Casanare genera indagaci\u00f3n en la Procuradur\u00eda. Gobernador ha defendido el proyecto.\u00bb \u2014 \u25b7 Noticias de Casanare : Martha Cifuentes | Casanare\" src=\"https:\/\/marthacifuentes.com\/portada\/2025\/04\/25\/%f0%9f%93%b1-costo-de-17-mil-tabletas-en-casanare-genera-indagacion-en-la-procuraduria-gobernador-ha-defendido-el-proyecto\/embed\/#?secret=Kv95HGZS2q#?secret=odoRJpdvVK\" width=\"600\" height=\"650\" frameborder=\"0\" marginwidth=\"0\" marginheight=\"0\" scrolling=\"no\" sandbox=\"allow-scripts\" data-secret=\"odoRJpdvVK\" data-mce-fragment=\"1\"><\/iframe><\/p>\n<p><iframe loading=\"lazy\" class=\"wp-embedded-content\" title=\"\u00abFelipe Bay\u00f3n, expresidente de Ecopetrol, nuevo CEO de GeoPark\u00bb \u2014 \u25b7 Noticias de Casanare : Martha Cifuentes | Casanare\" src=\"https:\/\/marthacifuentes.com\/portada\/2025\/04\/24\/felipe-bayon-expresidente-de-ecopetrol-nuevo-ceo-de-geopark\/embed\/#?secret=PbgOw66vlM#?secret=K8EVYYBiJQ\" width=\"600\" height=\"621\" frameborder=\"0\" marginwidth=\"0\" marginheight=\"0\" scrolling=\"no\" sandbox=\"allow-scripts\" data-secret=\"K8EVYYBiJQ\" data-mce-fragment=\"1\"><\/iframe><\/p>\n<p><iframe loading=\"lazy\" class=\"wp-embedded-content\" title=\"\u00ab\u2712\ufe0f \u201cDonde el llano escribe su alma\u201d: Casanare llega con 156 obras a la Feria del Libro de Bogot\u00e1 2025\u00bb \u2014 \u25b7 Noticias de Casanare : Martha Cifuentes | Casanare\" src=\"https:\/\/marthacifuentes.com\/portada\/2025\/04\/24\/%e2%9c%92%ef%b8%8f-donde-el-llano-escribe-su-alma-casanare-llega-con-156-obras-a-la-feria-del-libro-de-bogota-2025\/embed\/#?secret=i0cZYkMLDp#?secret=tJbSIsdO20\" width=\"600\" height=\"600\" frameborder=\"0\" marginwidth=\"0\" marginheight=\"0\" scrolling=\"no\" sandbox=\"allow-scripts\" data-secret=\"tJbSIsdO20\" data-mce-fragment=\"1\"><\/iframe><\/p>\n<p><iframe loading=\"lazy\" class=\"wp-embedded-content\" title=\"\u00abOjo con la pesca en Casanare. Est\u00e1 en periodo de veda para proteger las especies\u00bb \u2014 \u25b7 Noticias de Casanare : Martha Cifuentes | Casanare\" src=\"https:\/\/marthacifuentes.com\/portada\/2025\/04\/24\/ojo-con-la-pesca-en-casanare-esta-en-periodo-de-veda-para-proteger-las-especies\/embed\/#?secret=FVTykRcJZU#?secret=dDE1CcjF5r\" width=\"600\" height=\"596\" frameborder=\"0\" marginwidth=\"0\" marginheight=\"0\" scrolling=\"no\" sandbox=\"allow-scripts\" data-secret=\"dDE1CcjF5r\" data-mce-fragment=\"1\"><\/iframe><\/p>\n<p><iframe loading=\"lazy\" class=\"wp-embedded-content\" title=\"\u00abSupernotariado inspecciona a Catasig SAS en Yopal: Anuncia r\u00e1pido dictamen tras reclamos por dr\u00e1stica alza de los aval\u00faos\u00bb \u2014 \u25b7 Noticias de Casanare : Martha Cifuentes | Casanare\" src=\"https:\/\/marthacifuentes.com\/portada\/2025\/04\/24\/supernotariado-inspecciona-a-catasig-sas-en-yopal-anuncia-rapido-dictamen-tras-reclamos-por-drastica-alza-de-los-avaluos\/embed\/#?secret=IoJKwGwmHu#?secret=Ehrjdcy59z\" width=\"600\" height=\"650\" frameborder=\"0\" marginwidth=\"0\" marginheight=\"0\" scrolling=\"no\" sandbox=\"allow-scripts\" data-secret=\"Ehrjdcy59z\" data-mce-fragment=\"1\"><\/iframe><\/p>\n<p><iframe loading=\"lazy\" class=\"wp-embedded-content\" title=\"\u00ab\ud83d\udd0d JEP imputa cr\u00edmenes de guerra a tres militares por \u2018falsos positivos\u2019 en Casanare: roles clave en una maquinaria de muerte\u00bb \u2014 \u25b7 Noticias de Casanare : Martha Cifuentes | Casanare\" src=\"https:\/\/marthacifuentes.com\/portada\/2025\/04\/24\/%f0%9f%94%8d-jep-imputa-crimenes-de-guerra-a-tres-militares-por-falsos-positivos-en-casanare-roles-clave-en-una-maquinaria-de-muerte\/embed\/#?secret=L2GsrXbHEp#?secret=JP2EvxKELv\" width=\"600\" height=\"650\" frameborder=\"0\" marginwidth=\"0\" marginheight=\"0\" scrolling=\"no\" sandbox=\"allow-scripts\" data-secret=\"JP2EvxKELv\" data-mce-fragment=\"1\"><\/iframe><\/p>\n<p><iframe loading=\"lazy\" class=\"wp-embedded-content\" title=\"\u00abDe cuidados intensivos a obra reactivada: Hospital de la Comuna 6 de Yopal revive\u2026 por ahora\u00bb \u2014 \u25b7 Noticias de Casanare : Martha Cifuentes | Casanare\" src=\"https:\/\/marthacifuentes.com\/portada\/2025\/04\/23\/de-cuidados-intensivos-a-obra-reactivada-hospital-de-la-comuna-6-de-yopal-revive-por-ahora\/embed\/#?secret=mwEmk9rJl5#?secret=IO1wmTqoSQ\" width=\"600\" height=\"600\" frameborder=\"0\" marginwidth=\"0\" marginheight=\"0\" scrolling=\"no\" sandbox=\"allow-scripts\" data-secret=\"IO1wmTqoSQ\" data-mce-fragment=\"1\"><\/iframe><\/p>\n<p><iframe loading=\"lazy\" class=\"wp-embedded-content\" title=\"\u00abPaz de Ariporo y Casanare en luto tras fatal siniestro vial en la variante Tunja-Bogot\u00e1\u00bb \u2014 \u25b7 Noticias de Casanare : Martha Cifuentes | Casanare\" src=\"https:\/\/marthacifuentes.com\/portada\/2025\/04\/21\/paz-de-ariporo-y-casanare-en-luto-tras-fatal-siniestro-vial-en-la-variante-tunja-bogota\/embed\/#?secret=iuAymxVzHm#?secret=w9wkaL9hc3\" width=\"600\" height=\"621\" frameborder=\"0\" marginwidth=\"0\" marginheight=\"0\" scrolling=\"no\" sandbox=\"allow-scripts\" data-secret=\"w9wkaL9hc3\" data-mce-fragment=\"1\"><\/iframe><\/p>\n<p><iframe loading=\"lazy\" class=\"wp-embedded-content\" title=\"\u00abCasanare epicentro de Cumbre de Gobernadores este 25 de abril. Agroindustria y turismo, plato fuerte.\u00bb \u2014 \u25b7 Noticias de Casanare : Martha Cifuentes | Casanare\" src=\"https:\/\/marthacifuentes.com\/portada\/2025\/04\/21\/casanare-epicentro-de-cumbre-de-gobernadores-este-25-de-abril-agroindustria-y-turismo-plato-fuerte\/embed\/#?secret=iqyGjqcKUd#?secret=rq5gb2nvlh\" width=\"600\" height=\"621\" frameborder=\"0\" marginwidth=\"0\" marginheight=\"0\" scrolling=\"no\" sandbox=\"allow-scripts\" data-secret=\"rq5gb2nvlh\" data-mce-fragment=\"1\"><\/iframe><\/p>\n<p><iframe loading=\"lazy\" class=\"wp-embedded-content\" title=\"\u00abEn siniestro vial en Yopal muri\u00f3 una mujer tras colisi\u00f3n con un agente de tr\u00e1nsito\u00bb \u2014 \u25b7 Noticias de Casanare : Martha Cifuentes | Casanare\" src=\"https:\/\/marthacifuentes.com\/portada\/2025\/04\/21\/en-siniestro-vial-en-yopal-murio-una-mujer-tras-colision-con-un-agente-de-transito\/embed\/#?secret=SGsHjTgINL#?secret=QmyaKMsVUs\" width=\"600\" height=\"600\" frameborder=\"0\" marginwidth=\"0\" marginheight=\"0\" scrolling=\"no\" sandbox=\"allow-scripts\" data-secret=\"QmyaKMsVUs\" data-mce-fragment=\"1\"><\/iframe><\/p>\n<p><iframe loading=\"lazy\" class=\"wp-embedded-content\" title=\"\u00abExparamilitares de alias \u201cMart\u00edn Llanos\u201d acusan a Lucho Herrera de la desaparici\u00f3n y muerte de 4 personas.\u00bb \u2014 \u25b7 Noticias de Casanare : Martha Cifuentes | Casanare\" src=\"https:\/\/marthacifuentes.com\/portada\/2025\/04\/21\/exparamilitares-de-alias-martin-llanos-acusan-a-lucho-herrera-de-la-desaparicion-y-muerte-de-4-personas\/embed\/#?secret=r3zuMzMKZR#?secret=eUnTqVjm0h\" width=\"600\" height=\"650\" frameborder=\"0\" marginwidth=\"0\" marginheight=\"0\" scrolling=\"no\" sandbox=\"allow-scripts\" data-secret=\"eUnTqVjm0h\" data-mce-fragment=\"1\"><\/iframe><\/p>\n<p><iframe loading=\"lazy\" class=\"wp-embedded-content\" title=\"\u00abProsperidad Social atiende a 29.465 v\u00edctimas del desplazamiento en Casanare con programas integrales y transferencias monetarias\u00bb \u2014 \u25b7 Noticias de Casanare : Martha Cifuentes | Casanare\" src=\"https:\/\/marthacifuentes.com\/portada\/2025\/04\/11\/prosperidad-social-atiende-a-29-465-victimas-del-desplazamiento-en-casanare-con-programas-integrales-y-transferencias-monetarias\/embed\/#?secret=K2kCSSTRee#?secret=o7axFq2UJD\" width=\"600\" height=\"650\" frameborder=\"0\" marginwidth=\"0\" marginheight=\"0\" scrolling=\"no\" sandbox=\"allow-scripts\" data-secret=\"o7axFq2UJD\" data-mce-fragment=\"1\"><\/iframe><\/p>\n<p><iframe loading=\"lazy\" class=\"wp-embedded-content\" title=\"\u00abAprobado en primer debate amnist\u00eda de intereses para deudores del ICETEX\u00bb \u2014 \u25b7 Noticias de Casanare : Martha Cifuentes | Casanare\" src=\"https:\/\/marthacifuentes.com\/portada\/2025\/04\/11\/aprobado-en-primer-debate-amnistia-de-intereses-para-deudores-del-icetex\/embed\/#?secret=n2us5GVJGj#?secret=1lzwf9qNSS\" width=\"600\" height=\"621\" frameborder=\"0\" marginwidth=\"0\" marginheight=\"0\" scrolling=\"no\" sandbox=\"allow-scripts\" data-secret=\"1lzwf9qNSS\" data-mce-fragment=\"1\"><\/iframe><\/p>\n<p><iframe loading=\"lazy\" class=\"wp-embedded-content\" title=\"\u00abAprobado en primer debate amnist\u00eda de intereses para deudores del ICETEX\u00bb \u2014 \u25b7 Noticias de Casanare : Martha Cifuentes | Casanare\" src=\"https:\/\/marthacifuentes.com\/portada\/2025\/04\/11\/aprobado-en-primer-debate-amnistia-de-intereses-para-deudores-del-icetex\/embed\/#?secret=n2us5GVJGj#?secret=1lzwf9qNSS\" width=\"600\" height=\"621\" frameborder=\"0\" marginwidth=\"0\" marginheight=\"0\" scrolling=\"no\" sandbox=\"allow-scripts\" data-secret=\"1lzwf9qNSS\" data-mce-fragment=\"1\"><\/iframe><\/p>\n<p><iframe loading=\"lazy\" class=\"wp-embedded-content\" title=\"\u00abGobernaci\u00f3n de Casanare siembra 80 \u00e1rboles en homenaje a las v\u00edctimas del conflicto armado en el D\u00eda Nacional de la Memoria\u00bb \u2014 \u25b7 Noticias de Casanare : Martha Cifuentes | Casanare\" src=\"https:\/\/marthacifuentes.com\/portada\/2025\/04\/11\/gobernacion-de-casanare-siembra-80-arboles-en-homenaje-a-las-victimas-del-conflicto-armado-en-el-dia-nacional-de-la-memoria\/embed\/#?secret=R4ppFIoo6s#?secret=xVzwHxiuEh\" width=\"600\" height=\"629\" frameborder=\"0\" marginwidth=\"0\" marginheight=\"0\" scrolling=\"no\" sandbox=\"allow-scripts\" data-secret=\"xVzwHxiuEh\" data-mce-fragment=\"1\"><\/iframe><\/p>\n<p><iframe loading=\"lazy\" class=\"wp-embedded-content\" title=\"\u00abEn Encuentro Nacional de la Orinoquia gobernador de Casanare present\u00f3 plan de agroindustrializaci\u00f3n. Se busca reducir dependencia del petr\u00f3leo\u00bb \u2014 \u25b7 Noticias de Casanare : Martha Cifuentes | Casanare\" src=\"https:\/\/marthacifuentes.com\/portada\/2025\/04\/11\/en-encuentro-nacional-de-la-orinoquia-gobernador-de-casanare-presento-plan-de-agroindustrializacion-se-busca-reducir-dependencia-del-petroleo\/embed\/#?secret=cVANz9PJMd#?secret=lthOKUovnf\" width=\"600\" height=\"650\" frameborder=\"0\" marginwidth=\"0\" marginheight=\"0\" scrolling=\"no\" sandbox=\"allow-scripts\" data-secret=\"lthOKUovnf\" data-mce-fragment=\"1\"><\/iframe><\/p>\n<p><iframe loading=\"lazy\" class=\"wp-embedded-content\" title=\"\u00abDesde hoy, due\u00f1os de cerca de 60 mil predios en Yopal podr\u00e1n ver reliquidaciones del impuesto predial tras correcci\u00f3n de errores en cobros\u00bb \u2014 \u25b7 Noticias de Casanare : Martha Cifuentes | Casanare\" src=\"https:\/\/marthacifuentes.com\/portada\/2025\/04\/11\/desde-hoy-duenos-de-cerca-de-60-mil-predios-en-yopal-podran-ver-reliquidaciones-del-impuesto-predial-tras-correccion-de-errores-en-cobros\/embed\/#?secret=u4jaqVXrtt#?secret=AbGZ0Z0cRK\" width=\"600\" height=\"650\" frameborder=\"0\" marginwidth=\"0\" marginheight=\"0\" scrolling=\"no\" sandbox=\"allow-scripts\" data-secret=\"AbGZ0Z0cRK\" data-mce-fragment=\"1\"><\/iframe><\/p>\n<p><iframe loading=\"lazy\" class=\"wp-embedded-content\" title=\"\u00abAsamblea de Casanare debatir\u00e1 supresi\u00f3n de cargo administrativo y afectada interpone tutela por derecho al trabajo\u00bb \u2014 \u25b7 Noticias de Casanare : Martha Cifuentes | Casanare\" src=\"https:\/\/marthacifuentes.com\/portada\/2025\/04\/10\/asamblea-de-casanare-debatira-supresion-de-cargo-administrativo-y-afectada-interpone-tutela-por-derecho-al-trabajo\/embed\/#?secret=aAQQSPycTF#?secret=Tj4QFJ5tqY\" width=\"600\" height=\"650\" frameborder=\"0\" marginwidth=\"0\" marginheight=\"0\" scrolling=\"no\" sandbox=\"allow-scripts\" data-secret=\"Tj4QFJ5tqY\" data-mce-fragment=\"1\"><\/iframe><\/p>\n<p><iframe loading=\"lazy\" class=\"wp-embedded-content\" title=\"\u00abEn Semana Santa: En Yopal se proh\u00edbe circulaci\u00f3n nocturna de motos para evitar siniestros viales\u00bb \u2014 \u25b7 Noticias de Casanare : Martha Cifuentes | Casanare\" src=\"https:\/\/marthacifuentes.com\/portada\/2025\/04\/10\/en-semana-santa-en-yopal-se-prohibe-circulacion-nocturna-de-motos-para-evitar-siniestros-viales\/embed\/#?secret=1bHOzbuvyE#?secret=KKCBiHcAiV\" width=\"600\" height=\"600\" frameborder=\"0\" marginwidth=\"0\" marginheight=\"0\" scrolling=\"no\" sandbox=\"allow-scripts\" data-secret=\"KKCBiHcAiV\" data-mce-fragment=\"1\"><\/iframe><\/p>\n<p><iframe loading=\"lazy\" class=\"wp-embedded-content\" title=\"\u00abConcejales de Trinidad se aferran a sus curules: Apelaron fallo de p\u00e9rdida de investidura\u00bb \u2014 \u25b7 Noticias de Casanare : Martha Cifuentes | Casanare\" src=\"https:\/\/marthacifuentes.com\/portada\/2025\/04\/09\/concejales-de-trinidad-se-aferran-a-sus-curules-apelaron-fallo-de-perdida-de-investidura\/embed\/#?secret=uC9NuALdb6#?secret=VUNnTaA6eL\" width=\"600\" height=\"622\" frameborder=\"0\" marginwidth=\"0\" marginheight=\"0\" scrolling=\"no\" sandbox=\"allow-scripts\" data-secret=\"VUNnTaA6eL\" data-mce-fragment=\"1\"><\/iframe><\/p>\n<p><iframe loading=\"lazy\" class=\"wp-embedded-content\" title=\"\u00abEAAAY aclara que no apel\u00f3 sentencia sobre contrato con SSYAM y pidi\u00f3 correcci\u00f3n al Tribunal\u00bb \u2014 \u25b7 Noticias de Casanare : Martha Cifuentes | Casanare\" src=\"https:\/\/marthacifuentes.com\/portada\/2025\/04\/08\/eaaay-aclara-que-no-apelo-sentencia-sobre-contrato-con-ssyam-y-pedira-correccion-al-tribunal\/embed\/#?secret=gV5cOPuHHw#?secret=gGCCZaww6E\" width=\"600\" height=\"620\" frameborder=\"0\" marginwidth=\"0\" marginheight=\"0\" scrolling=\"no\" sandbox=\"allow-scripts\" data-secret=\"gGCCZaww6E\" data-mce-fragment=\"1\"><\/iframe><\/p>\n","protected":false},"excerpt":{"rendered":"<p>En la vereda San Pascual, municipio de Yopal, se ultiman detalles de una obra largamente esperada: la construcci\u00f3n de un dique de protecci\u00f3n contra inundaciones que resguardar\u00e1 a m\u00e1s de 500 familias de las veredas El Amparo, San Pascual y El Barbillal, hist\u00f3ricamente afectadas por la fuerza del r\u00edo Cravo Sur. 130 metros de defensa &hellip;<\/p>\n","protected":false},"author":2,"featured_media":35312,"comment_status":"open","ping_status":"open","sticky":false,"template":"","format":"standard","meta":{"om_disable_all_campaigns":false,"_exactmetrics_skip_tracking":false,"_exactmetrics_sitenote_active":false,"_exactmetrics_sitenote_note":"","_exactmetrics_sitenote_category":0,"_monsterinsights_skip_tracking":false,"_monsterinsights_sitenote_active":false,"_monsterinsights_sitenote_note":"","_monsterinsights_sitenote_category":0,"_uf_show_specific_survey":0,"_uf_disable_surveys":false,"_joinchat":[],"footnotes":""},"categories":[147,146,145],"tags":[252,12529,12534,1285,12531,2986,11899,12522,12526,12527,12535,10844,12525,7008,9179,12536,12532,12530,12533,7100,9784,12524,9947,12528,12523,10850,157],"class_list":["post-35307","post","type-post","status-publish","format-standard","has-post-thumbnail","hentry","category-actualidad","category-noticias","category-reportajes","tag-alcaldia-de-yopal","tag-bolsas-big-bag","tag-cambio-climatico","tag-cesar-ortiz-zorro","tag-comunidad-campesina","tag-cravo-sur","tag-cultivos","tag-dique","tag-el-amparo","tag-el-barbillal","tag-entrega-simbolica","tag-erosion","tag-familias-beneficiadas","tag-gestion-del-riesgo","tag-guillermo-velandia","tag-infraestructura-resiliente","tag-junta-de-accion-comunal","tag-manto-geotextil","tag-obras-civiles","tag-omar-ortega","tag-participacion-ciudadana","tag-proteccion-contra-inundaciones","tag-sostenibilidad","tag-temporada-de-lluvias","tag-vereda-san-pascual","tag-viviendas","tag-yopal"],"yoast_head":"<!-- This site is optimized with the Yoast SEO plugin v26.1 - https:\/\/yoast.com\/wordpress\/plugins\/seo\/ -->\n<title>Dique en el Cravo Sur est\u00e1 casi listo y proteger\u00e1 a m\u00e1s de 500 familias de Yopal - \u25b7 Noticias de Casanare : Martha Cifuentes | Casanare<\/title>\n<meta name=\"robots\" content=\"index, follow, max-snippet:-1, max-image-preview:large, max-video-preview:-1\" \/>\n<link rel=\"canonical\" href=\"https:\/\/marthacifuentes.com\/portada\/dique-en-el-cravo-sur-esta-casi-listo-y-protegera-a-mas-de-500-familias-de-yopal\/\" \/>\n<meta property=\"og:locale\" content=\"es_ES\" \/>\n<meta property=\"og:type\" content=\"article\" \/>\n<meta property=\"og:title\" content=\"Dique en el Cravo Sur est\u00e1 casi listo y proteger\u00e1 a m\u00e1s de 500 familias de Yopal - \u25b7 Noticias de Casanare : Martha Cifuentes | Casanare\" \/>\n<meta property=\"og:description\" content=\"En la vereda San Pascual, municipio de Yopal, se ultiman detalles de una obra largamente esperada: la construcci\u00f3n de un dique de protecci\u00f3n contra inundaciones que resguardar\u00e1 a m\u00e1s de 500 familias de las veredas El Amparo, San Pascual y El Barbillal, hist\u00f3ricamente afectadas por la fuerza del r\u00edo Cravo Sur. 130 metros de defensa &hellip;\" \/>\n<meta property=\"og:url\" content=\"https:\/\/marthacifuentes.com\/portada\/dique-en-el-cravo-sur-esta-casi-listo-y-protegera-a-mas-de-500-familias-de-yopal\/\" \/>\n<meta property=\"og:site_name\" content=\"\u25b7 Noticias de Casanare : Martha Cifuentes | Casanare\" \/>\n<meta property=\"article:published_time\" content=\"2025-05-12T14:53:15+00:00\" \/>\n<meta property=\"article:modified_time\" content=\"2025-05-12T15:30:07+00:00\" \/>\n<meta property=\"og:image\" content=\"https:\/\/marthacifuentes.com\/portada\/wp-content\/uploads\/2025\/05\/Gestion-del-Riesgo-3-scaled.jpg\" \/>\n\t<meta property=\"og:image:width\" content=\"2560\" \/>\n\t<meta property=\"og:image:height\" content=\"1440\" \/>\n\t<meta property=\"og:image:type\" content=\"image\/jpeg\" \/>\n<meta name=\"author\" content=\"Martha Cifuentes\" \/>\n<meta name=\"twitter:card\" content=\"summary_large_image\" \/>\n<meta name=\"twitter:label1\" content=\"Escrito por\" \/>\n\t<meta name=\"twitter:data1\" content=\"Martha Cifuentes\" \/>\n\t<meta name=\"twitter:label2\" content=\"Tiempo de lectura\" \/>\n\t<meta name=\"twitter:data2\" content=\"2 minutos\" \/>\n<script type=\"application\/ld+json\" class=\"yoast-schema-graph\">{\"@context\":\"https:\/\/schema.org\",\"@graph\":[{\"@type\":\"WebPage\",\"@id\":\"https:\/\/marthacifuentes.com\/portada\/dique-en-el-cravo-sur-esta-casi-listo-y-protegera-a-mas-de-500-familias-de-yopal\/\",\"url\":\"https:\/\/marthacifuentes.com\/portada\/dique-en-el-cravo-sur-esta-casi-listo-y-protegera-a-mas-de-500-familias-de-yopal\/\",\"name\":\"Dique en el Cravo Sur est\u00e1 casi listo y proteger\u00e1 a m\u00e1s de 500 familias de Yopal - \u25b7 Noticias de Casanare : Martha Cifuentes | Casanare\",\"isPartOf\":{\"@id\":\"https:\/\/marthacifuentes.com\/portada\/#website\"},\"primaryImageOfPage\":{\"@id\":\"https:\/\/marthacifuentes.com\/portada\/dique-en-el-cravo-sur-esta-casi-listo-y-protegera-a-mas-de-500-familias-de-yopal\/#primaryimage\"},\"image\":{\"@id\":\"https:\/\/marthacifuentes.com\/portada\/dique-en-el-cravo-sur-esta-casi-listo-y-protegera-a-mas-de-500-familias-de-yopal\/#primaryimage\"},\"thumbnailUrl\":\"https:\/\/marthacifuentes.com\/portada\/wp-content\/uploads\/2025\/05\/Gestion-del-Riesgo-3-scaled.jpg\",\"datePublished\":\"2025-05-12T14:53:15+00:00\",\"dateModified\":\"2025-05-12T15:30:07+00:00\",\"author\":{\"@id\":\"https:\/\/marthacifuentes.com\/portada\/#\/schema\/person\/57f53174b991db5f90ff78d58502b714\"},\"breadcrumb\":{\"@id\":\"https:\/\/marthacifuentes.com\/portada\/dique-en-el-cravo-sur-esta-casi-listo-y-protegera-a-mas-de-500-familias-de-yopal\/#breadcrumb\"},\"inLanguage\":\"es\",\"potentialAction\":[{\"@type\":\"ReadAction\",\"target\":[\"https:\/\/marthacifuentes.com\/portada\/dique-en-el-cravo-sur-esta-casi-listo-y-protegera-a-mas-de-500-familias-de-yopal\/\"]}]},{\"@type\":\"ImageObject\",\"inLanguage\":\"es\",\"@id\":\"https:\/\/marthacifuentes.com\/portada\/dique-en-el-cravo-sur-esta-casi-listo-y-protegera-a-mas-de-500-familias-de-yopal\/#primaryimage\",\"url\":\"https:\/\/marthacifuentes.com\/portada\/wp-content\/uploads\/2025\/05\/Gestion-del-Riesgo-3-scaled.jpg\",\"contentUrl\":\"https:\/\/marthacifuentes.com\/portada\/wp-content\/uploads\/2025\/05\/Gestion-del-Riesgo-3-scaled.jpg\",\"width\":2560,\"height\":1440},{\"@type\":\"BreadcrumbList\",\"@id\":\"https:\/\/marthacifuentes.com\/portada\/dique-en-el-cravo-sur-esta-casi-listo-y-protegera-a-mas-de-500-familias-de-yopal\/#breadcrumb\",\"itemListElement\":[{\"@type\":\"ListItem\",\"position\":1,\"name\":\"Portada\",\"item\":\"https:\/\/marthacifuentes.com\/portada\/\"},{\"@type\":\"ListItem\",\"position\":2,\"name\":\"Dique en el Cravo Sur est\u00e1 casi listo y proteger\u00e1 a m\u00e1s de 500 familias de Yopal\"}]},{\"@type\":\"WebSite\",\"@id\":\"https:\/\/marthacifuentes.com\/portada\/#website\",\"url\":\"https:\/\/marthacifuentes.com\/portada\/\",\"name\":\"\u25b7 Noticias de Casanare : Martha Cifuentes | Casanare\",\"description\":\"Noticias &amp; Contenidos\",\"potentialAction\":[{\"@type\":\"SearchAction\",\"target\":{\"@type\":\"EntryPoint\",\"urlTemplate\":\"https:\/\/marthacifuentes.com\/portada\/?s={search_term_string}\"},\"query-input\":{\"@type\":\"PropertyValueSpecification\",\"valueRequired\":true,\"valueName\":\"search_term_string\"}}],\"inLanguage\":\"es\"},{\"@type\":\"Person\",\"@id\":\"https:\/\/marthacifuentes.com\/portada\/#\/schema\/person\/57f53174b991db5f90ff78d58502b714\",\"name\":\"Martha Cifuentes\",\"image\":{\"@type\":\"ImageObject\",\"inLanguage\":\"es\",\"@id\":\"https:\/\/marthacifuentes.com\/portada\/#\/schema\/person\/image\/\",\"url\":\"http:\/\/marthacifuentes.com\/portada\/wp-content\/uploads\/2018\/06\/avatar_user_2_1528838701-96x96.jpg\",\"contentUrl\":\"http:\/\/marthacifuentes.com\/portada\/wp-content\/uploads\/2018\/06\/avatar_user_2_1528838701-96x96.jpg\",\"caption\":\"Martha Cifuentes\"},\"sameAs\":[\"http:\/\/www.marthacifuentes.com\"],\"url\":\"https:\/\/marthacifuentes.com\/portada\/author\/martha\/\"}]}<\/script>\n<!-- \/ Yoast SEO plugin. -->","yoast_head_json":{"title":"Dique en el Cravo Sur est\u00e1 casi listo y proteger\u00e1 a m\u00e1s de 500 familias de Yopal - \u25b7 Noticias de Casanare : Martha Cifuentes | Casanare","robots":{"index":"index","follow":"follow","max-snippet":"max-snippet:-1","max-image-preview":"max-image-preview:large","max-video-preview":"max-video-preview:-1"},"canonical":"https:\/\/marthacifuentes.com\/portada\/dique-en-el-cravo-sur-esta-casi-listo-y-protegera-a-mas-de-500-familias-de-yopal\/","og_locale":"es_ES","og_type":"article","og_title":"Dique en el Cravo Sur est\u00e1 casi listo y proteger\u00e1 a m\u00e1s de 500 familias de Yopal - \u25b7 Noticias de Casanare : Martha Cifuentes | Casanare","og_description":"En la vereda San Pascual, municipio de Yopal, se ultiman detalles de una obra largamente esperada: la construcci\u00f3n de un dique de protecci\u00f3n contra inundaciones que resguardar\u00e1 a m\u00e1s de 500 familias de las veredas El Amparo, San Pascual y El Barbillal, hist\u00f3ricamente afectadas por la fuerza del r\u00edo Cravo Sur. 130 metros de defensa &hellip;","og_url":"https:\/\/marthacifuentes.com\/portada\/dique-en-el-cravo-sur-esta-casi-listo-y-protegera-a-mas-de-500-familias-de-yopal\/","og_site_name":"\u25b7 Noticias de Casanare : Martha Cifuentes | Casanare","article_published_time":"2025-05-12T14:53:15+00:00","article_modified_time":"2025-05-12T15:30:07+00:00","og_image":[{"width":2560,"height":1440,"url":"https:\/\/marthacifuentes.com\/portada\/wp-content\/uploads\/2025\/05\/Gestion-del-Riesgo-3-scaled.jpg","type":"image\/jpeg"}],"author":"Martha Cifuentes","twitter_card":"summary_large_image","twitter_misc":{"Escrito por":"Martha Cifuentes","Tiempo de lectura":"2 minutos"},"schema":{"@context":"https:\/\/schema.org","@graph":[{"@type":"WebPage","@id":"https:\/\/marthacifuentes.com\/portada\/dique-en-el-cravo-sur-esta-casi-listo-y-protegera-a-mas-de-500-familias-de-yopal\/","url":"https:\/\/marthacifuentes.com\/portada\/dique-en-el-cravo-sur-esta-casi-listo-y-protegera-a-mas-de-500-familias-de-yopal\/","name":"Dique en el Cravo Sur est\u00e1 casi listo y proteger\u00e1 a m\u00e1s de 500 familias de Yopal - \u25b7 Noticias de Casanare : Martha Cifuentes | Casanare","isPartOf":{"@id":"https:\/\/marthacifuentes.com\/portada\/#website"},"primaryImageOfPage":{"@id":"https:\/\/marthacifuentes.com\/portada\/dique-en-el-cravo-sur-esta-casi-listo-y-protegera-a-mas-de-500-familias-de-yopal\/#primaryimage"},"image":{"@id":"https:\/\/marthacifuentes.com\/portada\/dique-en-el-cravo-sur-esta-casi-listo-y-protegera-a-mas-de-500-familias-de-yopal\/#primaryimage"},"thumbnailUrl":"https:\/\/marthacifuentes.com\/portada\/wp-content\/uploads\/2025\/05\/Gestion-del-Riesgo-3-scaled.jpg","datePublished":"2025-05-12T14:53:15+00:00","dateModified":"2025-05-12T15:30:07+00:00","author":{"@id":"https:\/\/marthacifuentes.com\/portada\/#\/schema\/person\/57f53174b991db5f90ff78d58502b714"},"breadcrumb":{"@id":"https:\/\/marthacifuentes.com\/portada\/dique-en-el-cravo-sur-esta-casi-listo-y-protegera-a-mas-de-500-familias-de-yopal\/#breadcrumb"},"inLanguage":"es","potentialAction":[{"@type":"ReadAction","target":["https:\/\/marthacifuentes.com\/portada\/dique-en-el-cravo-sur-esta-casi-listo-y-protegera-a-mas-de-500-familias-de-yopal\/"]}]},{"@type":"ImageObject","inLanguage":"es","@id":"https:\/\/marthacifuentes.com\/portada\/dique-en-el-cravo-sur-esta-casi-listo-y-protegera-a-mas-de-500-familias-de-yopal\/#primaryimage","url":"https:\/\/marthacifuentes.com\/portada\/wp-content\/uploads\/2025\/05\/Gestion-del-Riesgo-3-scaled.jpg","contentUrl":"https:\/\/marthacifuentes.com\/portada\/wp-content\/uploads\/2025\/05\/Gestion-del-Riesgo-3-scaled.jpg","width":2560,"height":1440},{"@type":"BreadcrumbList","@id":"https:\/\/marthacifuentes.com\/portada\/dique-en-el-cravo-sur-esta-casi-listo-y-protegera-a-mas-de-500-familias-de-yopal\/#breadcrumb","itemListElement":[{"@type":"ListItem","position":1,"name":"Portada","item":"https:\/\/marthacifuentes.com\/portada\/"},{"@type":"ListItem","position":2,"name":"Dique en el Cravo Sur est\u00e1 casi listo y proteger\u00e1 a m\u00e1s de 500 familias de Yopal"}]},{"@type":"WebSite","@id":"https:\/\/marthacifuentes.com\/portada\/#website","url":"https:\/\/marthacifuentes.com\/portada\/","name":"\u25b7 Noticias de Casanare : Martha Cifuentes | Casanare","description":"Noticias &amp; Contenidos","potentialAction":[{"@type":"SearchAction","target":{"@type":"EntryPoint","urlTemplate":"https:\/\/marthacifuentes.com\/portada\/?s={search_term_string}"},"query-input":{"@type":"PropertyValueSpecification","valueRequired":true,"valueName":"search_term_string"}}],"inLanguage":"es"},{"@type":"Person","@id":"https:\/\/marthacifuentes.com\/portada\/#\/schema\/person\/57f53174b991db5f90ff78d58502b714","name":"Martha Cifuentes","image":{"@type":"ImageObject","inLanguage":"es","@id":"https:\/\/marthacifuentes.com\/portada\/#\/schema\/person\/image\/","url":"http:\/\/marthacifuentes.com\/portada\/wp-content\/uploads\/2018\/06\/avatar_user_2_1528838701-96x96.jpg","contentUrl":"http:\/\/marthacifuentes.com\/portada\/wp-content\/uploads\/2018\/06\/avatar_user_2_1528838701-96x96.jpg","caption":"Martha Cifuentes"},"sameAs":["http:\/\/www.marthacifuentes.com"],"url":"https:\/\/marthacifuentes.com\/portada\/author\/martha\/"}]}},"_links":{"self":[{"href":"https:\/\/marthacifuentes.com\/portada\/wp-json\/wp\/v2\/posts\/35307","targetHints":{"allow":["GET"]}}],"collection":[{"href":"https:\/\/marthacifuentes.com\/portada\/wp-json\/wp\/v2\/posts"}],"about":[{"href":"https:\/\/marthacifuentes.com\/portada\/wp-json\/wp\/v2\/types\/post"}],"author":[{"embeddable":true,"href":"https:\/\/marthacifuentes.com\/portada\/wp-json\/wp\/v2\/users\/2"}],"replies":[{"embeddable":true,"href":"https:\/\/marthacifuentes.com\/portada\/wp-json\/wp\/v2\/comments?post=35307"}],"version-history":[{"count":2,"href":"https:\/\/marthacifuentes.com\/portada\/wp-json\/wp\/v2\/posts\/35307\/revisions"}],"predecessor-version":[{"id":35318,"href":"https:\/\/marthacifuentes.com\/portada\/wp-json\/wp\/v2\/posts\/35307\/revisions\/35318"}],"wp:featuredmedia":[{"embeddable":true,"href":"https:\/\/marthacifuentes.com\/portada\/wp-json\/wp\/v2\/media\/35312"}],"wp:attachment":[{"href":"https:\/\/marthacifuentes.com\/portada\/wp-json\/wp\/v2\/media?parent=35307"}],"wp:term":[{"taxonomy":"category","embeddable":true,"href":"https:\/\/marthacifuentes.com\/portada\/wp-json\/wp\/v2\/categories?post=35307"},{"taxonomy":"post_tag","embeddable":true,"href":"https:\/\/marthacifuentes.com\/portada\/wp-json\/wp\/v2\/tags?post=35307"}],"curies":[{"name":"wp","href":"https:\/\/api.w.org\/{rel}","templated":true}]}}