{"id":35407,"date":"2025-05-19T17:45:30","date_gmt":"2025-05-19T22:45:30","guid":{"rendered":"https:\/\/marthacifuentes.com\/portada\/?p=35407"},"modified":"2025-05-19T17:45:30","modified_gmt":"2025-05-19T22:45:30","slug":"abren-convocatoria-de-practicas-laborales-a-traves-del-programa-casanare-joven","status":"publish","type":"post","link":"https:\/\/marthacifuentes.com\/portada\/abren-convocatoria-de-practicas-laborales-a-traves-del-programa-casanare-joven\/","title":{"rendered":"Abren convocatoria de pr\u00e1cticas laborales a trav\u00e9s del programa Casanare Joven"},"content":{"rendered":"<div>La Gobernaci\u00f3n de Casanare anunci\u00f3 la apertura de la convocatoria para el programa Casanare Joven, una iniciativa dirigida a estudiantes que deseen realizar sus pr\u00e1cticas laborales en el sector p\u00fablico y adquirir experiencia profesional mientras contribuyen al desarrollo del departamento.<\/div>\n<div><\/div>\n<div>La convocatoria estar\u00e1 abierta desde el 16 de mayo hasta el 15 de junio de 2025. Los interesados deben enviar su documentaci\u00f3n al correo electr\u00f3nico\u00a0<a href=\"mailto:casanarejoven@sedcasanare.gov.co\" target=\"_blank\" rel=\"noopener\">casanarejoven@sedcasanare.gov.<wbr \/>co<\/a>, cumpliendo con los requisitos establecidos para participar en el proceso.<\/div>\n<div><\/div>\n<div>Este programa busca fortalecer la formaci\u00f3n de los j\u00f3venes del departamento, ofreci\u00e9ndoles la posibilidad de integrarse a las distintas dependencias de la administraci\u00f3n departamental y aplicar sus conocimientos en un entorno real\u00a0de\u00a0trabajo.<\/div>\n<h2>Otras noticias&#8230;<\/h2>\n<blockquote class=\"wp-embedded-content\" data-secret=\"SHtmVkUyuP\"><p><a href=\"https:\/\/marthacifuentes.com\/portada\/2025\/05\/19\/el-llamado-del-gobernador-zorro-a-la-asamblea\/\">El llamado del gobernador Zorro a la Asamblea<\/a><\/p><\/blockquote>\n<p><iframe loading=\"lazy\" class=\"wp-embedded-content\" sandbox=\"allow-scripts\" security=\"restricted\" style=\"position: absolute; visibility: hidden;\" title=\"\u00abEl llamado del gobernador Zorro a la Asamblea\u00bb \u2014 \u25b7 Noticias de Casanare : Martha Cifuentes | Casanare\" src=\"https:\/\/marthacifuentes.com\/portada\/2025\/05\/19\/el-llamado-del-gobernador-zorro-a-la-asamblea\/embed\/#?secret=mYAD0vX97y#?secret=SHtmVkUyuP\" data-secret=\"SHtmVkUyuP\" width=\"500\" height=\"282\" frameborder=\"0\" marginwidth=\"0\" marginheight=\"0\" scrolling=\"no\"><\/iframe><\/p>\n<p><iframe loading=\"lazy\" class=\"wp-embedded-content\" title=\"\u00abLa maldici\u00f3n de los Soto: tres hermanos entre la muerte y la c\u00e1rcel. Ayer fue sicariado Juan Sebasti\u00e1n en Yopal.\u00bb \u2014 \u25b7 Noticias de Casanare : Martha Cifuentes | Casanare\" src=\"https:\/\/marthacifuentes.com\/portada\/2025\/05\/15\/la-maldicion-de-los-soto-tres-hermanos-entre-la-muerte-y-la-carcel-ayer-fue-sicariado-juan-sebastian-en-yopal\/embed\/#?secret=4Vm976hpaR#?secret=8KdGbG4cPN\" width=\"600\" height=\"628\" frameborder=\"0\" marginwidth=\"0\" marginheight=\"0\" scrolling=\"no\" sandbox=\"allow-scripts\" data-secret=\"8KdGbG4cPN\" data-mce-fragment=\"1\"><\/iframe><\/p>\n<p><iframe loading=\"lazy\" class=\"wp-embedded-content\" title=\"\u00abResultados del monitoreo de calidad del agua en Casanare durante abril de 2025\u00bb \u2014 \u25b7 Noticias de Casanare : Martha Cifuentes | Casanare\" src=\"https:\/\/marthacifuentes.com\/portada\/2025\/05\/15\/resultados-del-monitoreo-de-calidad-del-agua-en-casanare-durante-abril-de-2025\/embed\/#?secret=aFb1pyTxoG#?secret=6cCUHMgAvZ\" width=\"600\" height=\"620\" frameborder=\"0\" marginwidth=\"0\" marginheight=\"0\" scrolling=\"no\" sandbox=\"allow-scripts\" data-secret=\"6cCUHMgAvZ\" data-mce-fragment=\"1\"><\/iframe><\/p>\n<p><iframe loading=\"lazy\" class=\"wp-embedded-content\" title=\"\u00abColombia se abre al mundo: Petro fortalece alianza con China y pide una relaci\u00f3n equilibrada con Estados Unidos a quien reconoce como principal socio comercial\u00bb \u2014 \u25b7 Noticias de Casanare : Martha Cifuentes | Casanare\" src=\"https:\/\/marthacifuentes.com\/portada\/2025\/05\/15\/colombia-se-abre-al-mundo-petro-fortalece-alianza-con-china-y-pide-una-relacion-equilibrada-con-estados-unidos-a-quien-reconoce-como-principal-socio-comercial\/embed\/#?secret=s7XSZj52SL#?secret=2n3LnBFsjm\" width=\"600\" height=\"656\" frameborder=\"0\" marginwidth=\"0\" marginheight=\"0\" scrolling=\"no\" sandbox=\"allow-scripts\" data-secret=\"2n3LnBFsjm\" data-mce-fragment=\"1\"><\/iframe><\/p>\n<p><iframe loading=\"lazy\" class=\"wp-embedded-content\" title=\"\u00abCasanare rueda hacia el Nacional Interligas 2025 con respaldo institucional y patrocinio privado\u00bb \u2014 \u25b7 Noticias de Casanare : Martha Cifuentes | Casanare\" src=\"https:\/\/marthacifuentes.com\/portada\/2025\/05\/14\/casanare-rueda-hacia-el-nacional-interligas-2025-con-respaldo-institucional-y-patrocinio-privado\/embed\/#?secret=vULtntdJm9#?secret=pMQbw3ZYCN\" width=\"600\" height=\"621\" frameborder=\"0\" marginwidth=\"0\" marginheight=\"0\" scrolling=\"no\" sandbox=\"allow-scripts\" data-secret=\"pMQbw3ZYCN\" data-mce-fragment=\"1\"><\/iframe><\/p>\n<p><iframe loading=\"lazy\" class=\"wp-embedded-content\" title=\"\u00ab\ud83c\udfda\ufe0f Lotes de engorde en Yopal: autoridades anuncian controles para recuperar espacios y mejorar seguridad urbana\u00bb \u2014 \u25b7 Noticias de Casanare : Martha Cifuentes | Casanare\" src=\"https:\/\/marthacifuentes.com\/portada\/2025\/05\/14\/%f0%9f%8f%9a%ef%b8%8f-lotes-de-engorde-en-yopal-autoridades-anuncian-controles-para-recuperar-espacios-y-mejorar-seguridad-urbana\/embed\/#?secret=UvhRaNzS3c#?secret=j9SGIeGupf\" width=\"600\" height=\"649\" frameborder=\"0\" marginwidth=\"0\" marginheight=\"0\" scrolling=\"no\" sandbox=\"allow-scripts\" data-secret=\"j9SGIeGupf\" data-mce-fragment=\"1\"><\/iframe><\/p>\n<p><iframe loading=\"lazy\" class=\"wp-embedded-content\" title=\"\u00abAlcalde de Paz de Ariporo podr\u00eda ser arrestado y multado por no girar impuesto de alumbrado p\u00fablico a Empresa Mixta que lo administra\u00bb \u2014 \u25b7 Noticias de Casanare : Martha Cifuentes | Casanare\" src=\"https:\/\/marthacifuentes.com\/portada\/2025\/05\/13\/alcalde-de-paz-de-ariporo-podria-ser-arrestado-y-multado-por-no-girar-impuesto-de-alumbrado-publico-a-empresa-mixta-que-lo-administra\/embed\/#?secret=0txaULQdVC#?secret=NiUdcX7GV9\" width=\"600\" height=\"649\" frameborder=\"0\" marginwidth=\"0\" marginheight=\"0\" scrolling=\"no\" sandbox=\"allow-scripts\" data-secret=\"NiUdcX7GV9\" data-mce-fragment=\"1\"><\/iframe><\/p>\n<p><iframe loading=\"lazy\" class=\"wp-embedded-content\" title=\"\u00ab\u00a1Arranca hoy en Yopal un nuevo curso gratuito de Power BI, la herramienta estrella para visualizar y analizar datos!\u00bb \u2014 \u25b7 Noticias de Casanare : Martha Cifuentes | Casanare\" src=\"https:\/\/marthacifuentes.com\/portada\/2025\/05\/12\/arranca-hoy-en-yopal-un-nuevo-curso-gratuito-de-power-bi-la-herramienta-estrella-para-visualizar-y-analizar-datos\/embed\/#?secret=h8vq22ShFG#?secret=u2wa8c454Y\" width=\"600\" height=\"649\" frameborder=\"0\" marginwidth=\"0\" marginheight=\"0\" scrolling=\"no\" sandbox=\"allow-scripts\" data-secret=\"u2wa8c454Y\" data-mce-fragment=\"1\"><\/iframe><\/p>\n<p><iframe loading=\"lazy\" class=\"wp-embedded-content\" title=\"\u00abDique en el Cravo Sur est\u00e1 casi listo y proteger\u00e1 a m\u00e1s de 500 familias de Yopal\u00bb \u2014 \u25b7 Noticias de Casanare : Martha Cifuentes | Casanare\" src=\"https:\/\/marthacifuentes.com\/portada\/2025\/05\/12\/dique-en-el-cravo-sur-esta-casi-listo-y-protegera-a-mas-de-500-familias-de-yopal\/embed\/#?secret=wk2K2bF7p9#?secret=kkPA3K6CKd\" width=\"600\" height=\"620\" frameborder=\"0\" marginwidth=\"0\" marginheight=\"0\" scrolling=\"no\" sandbox=\"allow-scripts\" data-secret=\"kkPA3K6CKd\" data-mce-fragment=\"1\"><\/iframe><\/p>\n<p><iframe loading=\"lazy\" class=\"wp-embedded-content\" title=\"\u00abEn Yopal, la educaci\u00f3n financiera tambi\u00e9n se aprende jugando: ni\u00f1as y ni\u00f1os fortalecen sus habilidades emprendedoras con pedagog\u00eda alternativa\u00bb \u2014 \u25b7 Noticias de Casanare : Martha Cifuentes | Casanare\" src=\"https:\/\/marthacifuentes.com\/portada\/2025\/05\/12\/en-yopal-la-educacion-financiera-tambien-se-aprende-jugando-ninas-y-ninos-fortalecen-sus-habilidades-emprendedoras-con-pedagogia-alternativa\/embed\/#?secret=InFiPBg81V#?secret=8EABZ7n0yM\" width=\"600\" height=\"649\" frameborder=\"0\" marginwidth=\"0\" marginheight=\"0\" scrolling=\"no\" sandbox=\"allow-scripts\" data-secret=\"8EABZ7n0yM\" data-mce-fragment=\"1\"><\/iframe><\/p>\n<p><iframe loading=\"lazy\" class=\"wp-embedded-content\" title=\"\u00abYopal acompa\u00f1a a comunidades ind\u00edgenas en tr\u00e1nsito con enfoque de di\u00e1logo intercultural y recolecci\u00f3n de datos\u00bb \u2014 \u25b7 Noticias de Casanare : Martha Cifuentes | Casanare\" src=\"https:\/\/marthacifuentes.com\/portada\/2025\/05\/12\/yopal-acompana-a-comunidades-indigenas-en-transito-con-enfoque-de-dialogo-intercultural-y-recoleccion-de-datos\/embed\/#?secret=6jsxhKukOc#?secret=hpUR3iJ5pj\" width=\"600\" height=\"649\" frameborder=\"0\" marginwidth=\"0\" marginheight=\"0\" scrolling=\"no\" sandbox=\"allow-scripts\" data-secret=\"hpUR3iJ5pj\" data-mce-fragment=\"1\"><\/iframe><\/p>\n<p><iframe loading=\"lazy\" class=\"wp-embedded-content\" title=\"\u00abCasanare culmina proyecto hist\u00f3rico para proteger fauna silvestre en zonas de sequ\u00eda extrema\u00bb \u2014 \u25b7 Noticias de Casanare : Martha Cifuentes | Casanare\" src=\"https:\/\/marthacifuentes.com\/portada\/2025\/05\/12\/casanare-culmina-proyecto-historico-para-proteger-fauna-silvestre-en-zonas-de-sequia-extrema\/embed\/#?secret=5uFE4junQI#?secret=zSSmIz44kF\" width=\"600\" height=\"620\" frameborder=\"0\" marginwidth=\"0\" marginheight=\"0\" scrolling=\"no\" sandbox=\"allow-scripts\" data-secret=\"zSSmIz44kF\" data-mce-fragment=\"1\"><\/iframe><\/p>\n<p><iframe loading=\"lazy\" class=\"wp-embedded-content\" title=\"\u00abPapa Le\u00f3n XIV: lo bueno, lo malo y lo feo del primer pont\u00edfice norteamericano-peruano, elegido hoy en el Conclave.\u00bb \u2014 \u25b7 Noticias de Casanare : Martha Cifuentes | Casanare\" src=\"https:\/\/marthacifuentes.com\/portada\/2025\/05\/08\/papa-leon-xiv-lo-bueno-lo-malo-y-lo-feo-del-primer-pontifice-norteamericano-peruano-elegido-hoy-en-el-conclave\/embed\/#?secret=VQJcgrq1Yc#?secret=exAdNNdI8J\" width=\"600\" height=\"581\" frameborder=\"0\" marginwidth=\"0\" marginheight=\"0\" scrolling=\"no\" sandbox=\"allow-scripts\" data-secret=\"exAdNNdI8J\" data-mce-fragment=\"1\"><\/iframe><\/p>\n<p><iframe loading=\"lazy\" class=\"wp-embedded-content\" title=\"\u00abBajan la inflaci\u00f3n, las tasas de inter\u00e9s, el desempleo y la pobreza multidimensional: se\u00f1ales positivas para la econom\u00eda colombiana en 2025\u00bb \u2014 \u25b7 Noticias de Casanare : Martha Cifuentes | Casanare\" src=\"https:\/\/marthacifuentes.com\/portada\/2025\/05\/08\/bajan-la-inflacion-las-tasas-de-interes-el-desempleo-y-la-pobreza-multidimensional-senales-positivas-para-la-economia-colombiana-en-2025\/embed\/#?secret=I9DbWt0hgm#?secret=arRaA5z3Zc\" width=\"600\" height=\"649\" frameborder=\"0\" marginwidth=\"0\" marginheight=\"0\" scrolling=\"no\" sandbox=\"allow-scripts\" data-secret=\"arRaA5z3Zc\" data-mce-fragment=\"1\"><\/iframe><\/p>\n<p><iframe loading=\"lazy\" class=\"wp-embedded-content\" title=\"\u00abLa Consulta Popular es popular en los j\u00f3venes (y hasta convence algunos sectores de derecha)\u00bb \u2014 \u25b7 Noticias de Casanare : Martha Cifuentes | Casanare\" src=\"https:\/\/marthacifuentes.com\/portada\/2025\/05\/07\/la-consulta-popular-es-popular-en-los-jovenes-y-hasta-convence-algunos-sectores-de-derecha\/embed\/#?secret=tFt4MsVqxB#?secret=UA4xpVFFfp\" width=\"600\" height=\"599\" frameborder=\"0\" marginwidth=\"0\" marginheight=\"0\" scrolling=\"no\" sandbox=\"allow-scripts\" data-secret=\"UA4xpVFFfp\" data-mce-fragment=\"1\"><\/iframe><\/p>\n<p><iframe loading=\"lazy\" class=\"wp-embedded-content\" title=\"\u00ab\u00a1Colombia vuelve al ring por el primer lugar en el Global Big Day 2025!\u00bb \u2014 \u25b7 Noticias de Casanare : Martha Cifuentes | Casanare\" src=\"https:\/\/marthacifuentes.com\/portada\/2025\/05\/07\/colombia-vuelve-al-ring-por-el-primer-lugar-en-el-global-big-day-2025\/embed\/#?secret=QoHYOYwBxs#?secret=djuFviQpVW\" width=\"600\" height=\"620\" frameborder=\"0\" marginwidth=\"0\" marginheight=\"0\" scrolling=\"no\" sandbox=\"allow-scripts\" data-secret=\"djuFviQpVW\" data-mce-fragment=\"1\"><\/iframe><\/p>\n<p><iframe loading=\"lazy\" class=\"wp-embedded-content\" title=\"\u00abPetro va a China a firmar carta para la Ruta de la Seda: \u201cNo vamos arrodillados, vamos a hablar de t\u00fa a t\u00fa\u201d\u00bb \u2014 \u25b7 Noticias de Casanare : Martha Cifuentes | Casanare\" src=\"https:\/\/marthacifuentes.com\/portada\/2025\/05\/07\/petro-va-a-china-a-firmar-carta-para-la-ruta-de-la-seda-no-vamos-arrodillados-vamos-a-hablar-de-tu-a-tu\/embed\/#?secret=FqLWPFChtw#?secret=jNcB1JFI2G\" width=\"600\" height=\"600\" frameborder=\"0\" marginwidth=\"0\" marginheight=\"0\" scrolling=\"no\" sandbox=\"allow-scripts\" data-secret=\"jNcB1JFI2G\" data-mce-fragment=\"1\"><\/iframe><\/p>\n<p><iframe loading=\"lazy\" class=\"wp-embedded-content\" title=\"\u00ab\u00a1A la Naci\u00f3n no la tumban tan f\u00e1cil! Estado gana 8 de cada 10 pleitos en lo que va del 2025\u00bb \u2014 \u25b7 Noticias de Casanare : Martha Cifuentes | Casanare\" src=\"https:\/\/marthacifuentes.com\/portada\/2025\/05\/07\/a-la-nacion-no-la-tumban-tan-facil-estado-gana-8-de-cada-10-pleitos-en-lo-que-va-del-2025\/embed\/#?secret=4vhuzfJdnq#?secret=Y523br1RqT\" width=\"600\" height=\"599\" frameborder=\"0\" marginwidth=\"0\" marginheight=\"0\" scrolling=\"no\" sandbox=\"allow-scripts\" data-secret=\"Y523br1RqT\" data-mce-fragment=\"1\"><\/iframe><\/p>\n<p><iframe loading=\"lazy\" class=\"wp-embedded-content\" title=\"\u00ab\u00a1Les cay\u00f3 la ley! Polic\u00eda arresta a 123 del Clan del Golfo mientras Petro advierte que ir\u00e1n hasta Dub\u00e1i\u00bb \u2014 \u25b7 Noticias de Casanare : Martha Cifuentes | Casanare\" src=\"https:\/\/marthacifuentes.com\/portada\/2025\/05\/06\/les-cayo-la-ley-policia-arresta-a-123-del-clan-del-golfo-mientras-petro-advierte-que-iran-hasta-dubai\/embed\/#?secret=9u8AdupCEl#?secret=Xe6ojZ6D22\" width=\"600\" height=\"620\" frameborder=\"0\" marginwidth=\"0\" marginheight=\"0\" scrolling=\"no\" sandbox=\"allow-scripts\" data-secret=\"Xe6ojZ6D22\" data-mce-fragment=\"1\"><\/iframe><\/p>\n<p><iframe loading=\"lazy\" class=\"wp-embedded-content\" title=\"\u00abM\u00e1s de 13 mil adultos mayores en Casanare recibir\u00e1n en mayo apoyo econ\u00f3mico del Gobierno Nacional\u00bb \u2014 \u25b7 Noticias de Casanare : Martha Cifuentes | Casanare\" src=\"https:\/\/marthacifuentes.com\/portada\/2025\/05\/06\/mas-de-13-mil-adultos-mayores-en-casanare-recibiran-en-mayo-apoyo-economico-del-gobierno-nacional\/embed\/#?secret=gL6dOF60KM#?secret=1WMyzFdaCr\" width=\"600\" height=\"621\" frameborder=\"0\" marginwidth=\"0\" marginheight=\"0\" scrolling=\"no\" sandbox=\"allow-scripts\" data-secret=\"1WMyzFdaCr\" data-mce-fragment=\"1\"><\/iframe><\/p>\n<p><iframe loading=\"lazy\" class=\"wp-embedded-content\" title=\"\u00abDavid y Goliat: Alcald\u00eda de Yopal derrot\u00f3 a los bancos, recuper\u00f3 su autonom\u00eda tributaria y no perdi\u00f3 $10 mil millones.\u00bb \u2014 \u25b7 Noticias de Casanare : Martha Cifuentes | Casanare\" src=\"https:\/\/marthacifuentes.com\/portada\/2025\/05\/06\/david-y-goliat-alcaldia-de-yopal-derroto-a-los-bancos-recupero-su-autonomia-tributaria-y-no-perdio-10-mil-millones\/embed\/#?secret=0YO5P8NHuD#?secret=zCbtwWm8TR\" width=\"600\" height=\"628\" frameborder=\"0\" marginwidth=\"0\" marginheight=\"0\" scrolling=\"no\" sandbox=\"allow-scripts\" data-secret=\"zCbtwWm8TR\" data-mce-fragment=\"1\"><\/iframe><\/p>\n<p><iframe loading=\"lazy\" class=\"wp-embedded-content\" title=\"\u00abSe viene un invierno hist\u00f3rico para Casanare: lluvias superar\u00e1n en un 50 % los niveles normales en junio\u00bb \u2014 \u25b7 Noticias de Casanare : Martha Cifuentes | Casanare\" src=\"https:\/\/marthacifuentes.com\/portada\/2025\/05\/06\/se-viene-un-invierno-historico-para-casanare-lluvias-superaran-en-un-50-los-niveles-normales-en-junio\/embed\/#?secret=QLRDNc9tKS#?secret=KOlUhbjxg5\" width=\"600\" height=\"621\" frameborder=\"0\" marginwidth=\"0\" marginheight=\"0\" scrolling=\"no\" sandbox=\"allow-scripts\" data-secret=\"KOlUhbjxg5\" data-mce-fragment=\"1\"><\/iframe><\/p>\n<p><iframe loading=\"lazy\" class=\"wp-embedded-content\" title=\"\u00ab\u201cUn hijo aunque est\u00e9 muerto es un amor vivo\u201d: familia casanare\u00f1a reencuentra a su ser querido desaparecido en 2001 en Aguaclara\u00bb \u2014 \u25b7 Noticias de Casanare : Martha Cifuentes | Casanare\" src=\"https:\/\/marthacifuentes.com\/portada\/2025\/05\/06\/un-hijo-aunque-este-muerto-es-un-amor-vivo-familia-casanarena-reencuentra-a-su-ser-querido-desaparecido-en-2001-en-aguaclara\/embed\/#?secret=0BFsSfWBgY#?secret=Ep4EnpTQ9y\" width=\"600\" height=\"628\" frameborder=\"0\" marginwidth=\"0\" marginheight=\"0\" scrolling=\"no\" sandbox=\"allow-scripts\" data-secret=\"Ep4EnpTQ9y\" data-mce-fragment=\"1\"><\/iframe><\/p>\n<p><iframe loading=\"lazy\" class=\"wp-embedded-content\" title=\"\u00abEn fallo a favor de Marisela Duarte, Tribunal desestim\u00f3 recusaci\u00f3n (sobredimensionada) y descart\u00f3 dolo. La perfil\u00f3 como una mujer humilde, sin formaci\u00f3n ni experiencia en lo p\u00fablico\u00bb \u2014 \u25b7 Noticias de Casanare : Martha Cifuentes | Casanare\" src=\"https:\/\/marthacifuentes.com\/portada\/2025\/05\/02\/en-fallo-a-favor-de-marisela-duarte-tribunal-desestimo-recusacion-sobredimensionada-y-descarto-dolo-la-perfilo-como-una-mujer-humilde-sin-formacion-ni-experiencia-en-lo-publico\/embed\/#?secret=GqNhxGT4Rp#?secret=cc6LL00MsY\" width=\"600\" height=\"678\" frameborder=\"0\" marginwidth=\"0\" marginheight=\"0\" scrolling=\"no\" sandbox=\"allow-scripts\" data-secret=\"cc6LL00MsY\" data-mce-fragment=\"1\"><\/iframe><\/p>\n<p><iframe loading=\"lazy\" class=\"wp-embedded-content\" title=\"\u00abYopal: Emiten 24 \u00f3rdenes de captura contra ladrones reincidentes en Consejo de Seguridad\u00bb \u2014 \u25b7 Noticias de Casanare : Martha Cifuentes | Casanare\" src=\"https:\/\/marthacifuentes.com\/portada\/2025\/04\/30\/yopal-emiten-24-ordenes-de-captura-contra-ladrones-reincidentes-en-consejo-de-seguridad\/embed\/#?secret=sYnXSf3YJi#?secret=qexc2XpdVy\" width=\"600\" height=\"620\" frameborder=\"0\" marginwidth=\"0\" marginheight=\"0\" scrolling=\"no\" sandbox=\"allow-scripts\" data-secret=\"qexc2XpdVy\" data-mce-fragment=\"1\"><\/iframe><\/p>\n<p><iframe loading=\"lazy\" class=\"wp-embedded-content\" title=\"\u00ab\u201cMi CASAnare\u201d: el hogar de paso en Bogot\u00e1 que nace del coraz\u00f3n solidario de Casanare\u00bb \u2014 \u25b7 Noticias de Casanare : Martha Cifuentes | Casanare\" src=\"https:\/\/marthacifuentes.com\/portada\/2025\/04\/30\/mi-casanare-el-hogar-de-paso-en-bogota-que-nace-del-corazon-solidario-de-casanare\/embed\/#?secret=QYaxEO9HIK#?secret=oO6609rYFx\" width=\"600\" height=\"621\" frameborder=\"0\" marginwidth=\"0\" marginheight=\"0\" scrolling=\"no\" sandbox=\"allow-scripts\" data-secret=\"oO6609rYFx\" data-mce-fragment=\"1\"><\/iframe><\/p>\n<p><iframe loading=\"lazy\" class=\"wp-embedded-content\" title=\"\u00abInician obras para optimizar alcantarillado sanitario en la calle 40 de Yopal\u00bb \u2014 \u25b7 Noticias de Casanare : Martha Cifuentes | Casanare\" src=\"https:\/\/marthacifuentes.com\/portada\/2025\/04\/30\/inician-obras-para-optimizar-alcantarillado-sanitario-en-la-calle-40-de-yopal\/embed\/#?secret=vlLxxnCN61#?secret=jPRIIrlw7Q\" width=\"600\" height=\"621\" frameborder=\"0\" marginwidth=\"0\" marginheight=\"0\" scrolling=\"no\" sandbox=\"allow-scripts\" data-secret=\"jPRIIrlw7Q\" data-mce-fragment=\"1\"><\/iframe><\/p>\n<p><iframe loading=\"lazy\" class=\"wp-embedded-content\" title=\"\u00abCasanare fortalece la cadena productiva del pl\u00e1tano con apoyo a m\u00e1s de 2.000 familias campesinas\u00bb \u2014 \u25b7 Noticias de Casanare : Martha Cifuentes | Casanare\" src=\"https:\/\/marthacifuentes.com\/portada\/2025\/04\/30\/casanare-fortalece-la-cadena-productiva-del-platano-con-apoyo-a-mas-de-2-000-familias-campesinas\/embed\/#?secret=wZPxfxuvfZ#?secret=uGb9wbttlr\" width=\"600\" height=\"621\" frameborder=\"0\" marginwidth=\"0\" marginheight=\"0\" scrolling=\"no\" sandbox=\"allow-scripts\" data-secret=\"uGb9wbttlr\" data-mce-fragment=\"1\"><\/iframe><\/p>\n<p><iframe loading=\"lazy\" class=\"wp-embedded-content\" title=\"\u00abTras el susto, la calma: Se descarta riesgo de avalancha en el r\u00edo Pauto tras deslizamiento en T\u00e1mara\u00bb \u2014 \u25b7 Noticias de Casanare : Martha Cifuentes | Casanare\" src=\"https:\/\/marthacifuentes.com\/portada\/2025\/04\/30\/tras-el-susto-la-calma-se-descarta-riesgo-de-avalancha-en-el-rio-pauto-tras-deslizamiento-en-tamara\/embed\/#?secret=hXJejGDECP#?secret=m2jE3WAARp\" width=\"600\" height=\"620\" frameborder=\"0\" marginwidth=\"0\" marginheight=\"0\" scrolling=\"no\" sandbox=\"allow-scripts\" data-secret=\"m2jE3WAARp\" data-mce-fragment=\"1\"><\/iframe><\/p>\n<p><iframe loading=\"lazy\" class=\"wp-embedded-content\" title=\"\u00abC\u00f3mo un voto cambi\u00f3 todo: el origen, la ca\u00edda y el posible final pol\u00edtico de Marisela Duarte\u00bb \u2014 \u25b7 Noticias de Casanare : Martha Cifuentes | Casanare\" src=\"https:\/\/marthacifuentes.com\/portada\/2025\/04\/29\/como-un-voto-cambio-todo-el-origen-la-caida-y-el-posible-final-politico-de-marisela-duarte\/embed\/#?secret=ukL4IGbs5I#?secret=iXXCt0qyA7\" width=\"600\" height=\"621\" frameborder=\"0\" marginwidth=\"0\" marginheight=\"0\" scrolling=\"no\" sandbox=\"allow-scripts\" data-secret=\"iXXCt0qyA7\" data-mce-fragment=\"1\"><\/iframe><\/p>\n<p><iframe loading=\"lazy\" class=\"wp-embedded-content\" title=\"\u00abNo es un final feliz pero familia Pidiache Achagua ya puede \u00abdescansar\u00bb luego de haber recibido el cuerpo de su ni\u00f1o Arley, desaparecido a los 12 a\u00f1os.\u00bb \u2014 \u25b7 Noticias de Casanare : Martha Cifuentes | Casanare\" src=\"https:\/\/marthacifuentes.com\/portada\/2025\/04\/28\/no-es-un-final-feliz-pero-familia-pidiache-achagua-ya-puede-descansar-luego-de-haber-recibido-el-cuerpo-de-su-nino-arley-desaparecido-a-los-12-anos\/embed\/#?secret=KOqH41m4sP#?secret=LdazwHkMT9\" width=\"600\" height=\"649\" frameborder=\"0\" marginwidth=\"0\" marginheight=\"0\" scrolling=\"no\" sandbox=\"allow-scripts\" data-secret=\"LdazwHkMT9\" data-mce-fragment=\"1\"><\/iframe><\/p>\n<p><iframe loading=\"lazy\" class=\"wp-embedded-content\" title=\"\u00ab\u201cLa m\u00e1s interesada en que hable \u2018Mart\u00edn Llanos\u2019 soy yo\u201d: Exalcaldesa de Monterrey Aleyder Casta\u00f1eda.\u00bb \u2014 \u25b7 Noticias de Casanare : Martha Cifuentes | Casanare\" src=\"https:\/\/marthacifuentes.com\/portada\/2025\/04\/28\/la-mas-interesada-en-que-hable-martin-llanos-soy-yo-exalcaldesa-de-monterrey-aleyder-castaneda\/embed\/#?secret=rkVoqkL4R4#?secret=dYDaSU2I8I\" width=\"600\" height=\"621\" frameborder=\"0\" marginwidth=\"0\" marginheight=\"0\" scrolling=\"no\" sandbox=\"allow-scripts\" data-secret=\"dYDaSU2I8I\" data-mce-fragment=\"1\"><\/iframe><\/p>\n<p><iframe loading=\"lazy\" class=\"wp-embedded-content\" title=\"\u00abMujer muere por atragantamiento con un alimento en Yopal. T\u00e9cnica de Heimlich podr\u00eda haberle salvado la vida.\u00bb \u2014 \u25b7 Noticias de Casanare : Martha Cifuentes | Casanare\" src=\"https:\/\/marthacifuentes.com\/portada\/2025\/04\/28\/mujer-muere-por-atragantamiento-con-un-alimento-en-yopal-tecnica-de-heimlich-podria-haberle-salvado-la-vida\/embed\/#?secret=ich84s7GRo#?secret=faI8BfSvHU\" width=\"600\" height=\"628\" frameborder=\"0\" marginwidth=\"0\" marginheight=\"0\" scrolling=\"no\" sandbox=\"allow-scripts\" data-secret=\"faI8BfSvHU\" data-mce-fragment=\"1\"><\/iframe><\/p>\n<p><iframe loading=\"lazy\" class=\"wp-embedded-content\" title=\"\u00ab\ud83d\udcf1 Costo de 17 mil tabletas en Casanare genera indagaci\u00f3n en la Procuradur\u00eda. Gobernador ha defendido el proyecto.\u00bb \u2014 \u25b7 Noticias de Casanare : Martha Cifuentes | Casanare\" src=\"https:\/\/marthacifuentes.com\/portada\/2025\/04\/25\/%f0%9f%93%b1-costo-de-17-mil-tabletas-en-casanare-genera-indagacion-en-la-procuraduria-gobernador-ha-defendido-el-proyecto\/embed\/#?secret=Kv95HGZS2q#?secret=odoRJpdvVK\" width=\"600\" height=\"649\" frameborder=\"0\" marginwidth=\"0\" marginheight=\"0\" scrolling=\"no\" sandbox=\"allow-scripts\" data-secret=\"odoRJpdvVK\" data-mce-fragment=\"1\"><\/iframe><\/p>\n<div><\/div>\n","protected":false},"excerpt":{"rendered":"<p>La Gobernaci\u00f3n de Casanare anunci\u00f3 la apertura de la convocatoria para el programa Casanare Joven, una iniciativa dirigida a estudiantes que deseen realizar sus pr\u00e1cticas laborales en el sector p\u00fablico y adquirir experiencia profesional mientras contribuyen al desarrollo del departamento. La convocatoria estar\u00e1 abierta desde el 16 de mayo hasta el 15 de junio de &hellip;<\/p>\n","protected":false},"author":2,"featured_media":35408,"comment_status":"open","ping_status":"open","sticky":false,"template":"","format":"standard","meta":{"om_disable_all_campaigns":false,"_exactmetrics_skip_tracking":false,"_exactmetrics_sitenote_active":false,"_exactmetrics_sitenote_note":"","_exactmetrics_sitenote_category":0,"_monsterinsights_skip_tracking":false,"_monsterinsights_sitenote_active":false,"_monsterinsights_sitenote_note":"","_monsterinsights_sitenote_category":0,"_uf_show_specific_survey":0,"_uf_disable_surveys":false,"_joinchat":[],"footnotes":""},"categories":[147,146,145],"tags":[12764,187,9677,1400,1421],"class_list":["post-35407","post","type-post","status-publish","format-standard","has-post-thumbnail","hentry","category-actualidad","category-noticias","category-reportajes","tag-casanare-joven","tag-gobernacion-de-casanare","tag-gobernador-cesar-ortiz-zorro","tag-noticias-casanare","tag-noticias-yopal"],"yoast_head":"<!-- This site is optimized with the Yoast SEO plugin v26.1 - https:\/\/yoast.com\/wordpress\/plugins\/seo\/ -->\n<title>Abren convocatoria de pr\u00e1cticas laborales a trav\u00e9s del programa Casanare Joven - \u25b7 Noticias de Casanare : Martha Cifuentes | Casanare<\/title>\n<meta name=\"robots\" content=\"index, follow, max-snippet:-1, max-image-preview:large, max-video-preview:-1\" \/>\n<link rel=\"canonical\" href=\"https:\/\/marthacifuentes.com\/portada\/abren-convocatoria-de-practicas-laborales-a-traves-del-programa-casanare-joven\/\" \/>\n<meta property=\"og:locale\" content=\"es_ES\" \/>\n<meta property=\"og:type\" content=\"article\" \/>\n<meta property=\"og:title\" content=\"Abren convocatoria de pr\u00e1cticas laborales a trav\u00e9s del programa Casanare Joven - \u25b7 Noticias de Casanare : Martha Cifuentes | Casanare\" \/>\n<meta property=\"og:description\" content=\"La Gobernaci\u00f3n de Casanare anunci\u00f3 la apertura de la convocatoria para el programa Casanare Joven, una iniciativa dirigida a estudiantes que deseen realizar sus pr\u00e1cticas laborales en el sector p\u00fablico y adquirir experiencia profesional mientras contribuyen al desarrollo del departamento. La convocatoria estar\u00e1 abierta desde el 16 de mayo hasta el 15 de junio de &hellip;\" \/>\n<meta property=\"og:url\" content=\"https:\/\/marthacifuentes.com\/portada\/abren-convocatoria-de-practicas-laborales-a-traves-del-programa-casanare-joven\/\" \/>\n<meta property=\"og:site_name\" content=\"\u25b7 Noticias de Casanare : Martha Cifuentes | Casanare\" \/>\n<meta property=\"article:published_time\" content=\"2025-05-19T22:45:30+00:00\" \/>\n<meta property=\"og:image\" content=\"https:\/\/marthacifuentes.com\/portada\/wp-content\/uploads\/2025\/05\/Casanare-Joven.jpg\" \/>\n\t<meta property=\"og:image:width\" content=\"1024\" \/>\n\t<meta property=\"og:image:height\" content=\"1280\" \/>\n\t<meta property=\"og:image:type\" content=\"image\/jpeg\" \/>\n<meta name=\"author\" content=\"Martha Cifuentes\" \/>\n<meta name=\"twitter:card\" content=\"summary_large_image\" \/>\n<meta name=\"twitter:label1\" content=\"Escrito por\" \/>\n\t<meta name=\"twitter:data1\" content=\"Martha Cifuentes\" \/>\n\t<meta name=\"twitter:label2\" content=\"Tiempo de lectura\" \/>\n\t<meta name=\"twitter:data2\" content=\"1 minuto\" \/>\n<script type=\"application\/ld+json\" class=\"yoast-schema-graph\">{\"@context\":\"https:\/\/schema.org\",\"@graph\":[{\"@type\":\"WebPage\",\"@id\":\"https:\/\/marthacifuentes.com\/portada\/abren-convocatoria-de-practicas-laborales-a-traves-del-programa-casanare-joven\/\",\"url\":\"https:\/\/marthacifuentes.com\/portada\/abren-convocatoria-de-practicas-laborales-a-traves-del-programa-casanare-joven\/\",\"name\":\"Abren convocatoria de pr\u00e1cticas laborales a trav\u00e9s del programa Casanare Joven - \u25b7 Noticias de Casanare : Martha Cifuentes | Casanare\",\"isPartOf\":{\"@id\":\"https:\/\/marthacifuentes.com\/portada\/#website\"},\"primaryImageOfPage\":{\"@id\":\"https:\/\/marthacifuentes.com\/portada\/abren-convocatoria-de-practicas-laborales-a-traves-del-programa-casanare-joven\/#primaryimage\"},\"image\":{\"@id\":\"https:\/\/marthacifuentes.com\/portada\/abren-convocatoria-de-practicas-laborales-a-traves-del-programa-casanare-joven\/#primaryimage\"},\"thumbnailUrl\":\"https:\/\/marthacifuentes.com\/portada\/wp-content\/uploads\/2025\/05\/Casanare-Joven.jpg\",\"datePublished\":\"2025-05-19T22:45:30+00:00\",\"author\":{\"@id\":\"https:\/\/marthacifuentes.com\/portada\/#\/schema\/person\/57f53174b991db5f90ff78d58502b714\"},\"breadcrumb\":{\"@id\":\"https:\/\/marthacifuentes.com\/portada\/abren-convocatoria-de-practicas-laborales-a-traves-del-programa-casanare-joven\/#breadcrumb\"},\"inLanguage\":\"es\",\"potentialAction\":[{\"@type\":\"ReadAction\",\"target\":[\"https:\/\/marthacifuentes.com\/portada\/abren-convocatoria-de-practicas-laborales-a-traves-del-programa-casanare-joven\/\"]}]},{\"@type\":\"ImageObject\",\"inLanguage\":\"es\",\"@id\":\"https:\/\/marthacifuentes.com\/portada\/abren-convocatoria-de-practicas-laborales-a-traves-del-programa-casanare-joven\/#primaryimage\",\"url\":\"https:\/\/marthacifuentes.com\/portada\/wp-content\/uploads\/2025\/05\/Casanare-Joven.jpg\",\"contentUrl\":\"https:\/\/marthacifuentes.com\/portada\/wp-content\/uploads\/2025\/05\/Casanare-Joven.jpg\",\"width\":1024,\"height\":1280},{\"@type\":\"BreadcrumbList\",\"@id\":\"https:\/\/marthacifuentes.com\/portada\/abren-convocatoria-de-practicas-laborales-a-traves-del-programa-casanare-joven\/#breadcrumb\",\"itemListElement\":[{\"@type\":\"ListItem\",\"position\":1,\"name\":\"Portada\",\"item\":\"https:\/\/marthacifuentes.com\/portada\/\"},{\"@type\":\"ListItem\",\"position\":2,\"name\":\"Abren convocatoria de pr\u00e1cticas laborales a trav\u00e9s del programa Casanare Joven\"}]},{\"@type\":\"WebSite\",\"@id\":\"https:\/\/marthacifuentes.com\/portada\/#website\",\"url\":\"https:\/\/marthacifuentes.com\/portada\/\",\"name\":\"\u25b7 Noticias de Casanare : Martha Cifuentes | Casanare\",\"description\":\"Noticias &amp; Contenidos\",\"potentialAction\":[{\"@type\":\"SearchAction\",\"target\":{\"@type\":\"EntryPoint\",\"urlTemplate\":\"https:\/\/marthacifuentes.com\/portada\/?s={search_term_string}\"},\"query-input\":{\"@type\":\"PropertyValueSpecification\",\"valueRequired\":true,\"valueName\":\"search_term_string\"}}],\"inLanguage\":\"es\"},{\"@type\":\"Person\",\"@id\":\"https:\/\/marthacifuentes.com\/portada\/#\/schema\/person\/57f53174b991db5f90ff78d58502b714\",\"name\":\"Martha Cifuentes\",\"image\":{\"@type\":\"ImageObject\",\"inLanguage\":\"es\",\"@id\":\"https:\/\/marthacifuentes.com\/portada\/#\/schema\/person\/image\/\",\"url\":\"http:\/\/marthacifuentes.com\/portada\/wp-content\/uploads\/2018\/06\/avatar_user_2_1528838701-96x96.jpg\",\"contentUrl\":\"http:\/\/marthacifuentes.com\/portada\/wp-content\/uploads\/2018\/06\/avatar_user_2_1528838701-96x96.jpg\",\"caption\":\"Martha Cifuentes\"},\"sameAs\":[\"http:\/\/www.marthacifuentes.com\"],\"url\":\"https:\/\/marthacifuentes.com\/portada\/author\/martha\/\"}]}<\/script>\n<!-- \/ Yoast SEO plugin. -->","yoast_head_json":{"title":"Abren convocatoria de pr\u00e1cticas laborales a trav\u00e9s del programa Casanare Joven - \u25b7 Noticias de Casanare : Martha Cifuentes | Casanare","robots":{"index":"index","follow":"follow","max-snippet":"max-snippet:-1","max-image-preview":"max-image-preview:large","max-video-preview":"max-video-preview:-1"},"canonical":"https:\/\/marthacifuentes.com\/portada\/abren-convocatoria-de-practicas-laborales-a-traves-del-programa-casanare-joven\/","og_locale":"es_ES","og_type":"article","og_title":"Abren convocatoria de pr\u00e1cticas laborales a trav\u00e9s del programa Casanare Joven - \u25b7 Noticias de Casanare : Martha Cifuentes | Casanare","og_description":"La Gobernaci\u00f3n de Casanare anunci\u00f3 la apertura de la convocatoria para el programa Casanare Joven, una iniciativa dirigida a estudiantes que deseen realizar sus pr\u00e1cticas laborales en el sector p\u00fablico y adquirir experiencia profesional mientras contribuyen al desarrollo del departamento. La convocatoria estar\u00e1 abierta desde el 16 de mayo hasta el 15 de junio de &hellip;","og_url":"https:\/\/marthacifuentes.com\/portada\/abren-convocatoria-de-practicas-laborales-a-traves-del-programa-casanare-joven\/","og_site_name":"\u25b7 Noticias de Casanare : Martha Cifuentes | Casanare","article_published_time":"2025-05-19T22:45:30+00:00","og_image":[{"width":1024,"height":1280,"url":"https:\/\/marthacifuentes.com\/portada\/wp-content\/uploads\/2025\/05\/Casanare-Joven.jpg","type":"image\/jpeg"}],"author":"Martha Cifuentes","twitter_card":"summary_large_image","twitter_misc":{"Escrito por":"Martha Cifuentes","Tiempo de lectura":"1 minuto"},"schema":{"@context":"https:\/\/schema.org","@graph":[{"@type":"WebPage","@id":"https:\/\/marthacifuentes.com\/portada\/abren-convocatoria-de-practicas-laborales-a-traves-del-programa-casanare-joven\/","url":"https:\/\/marthacifuentes.com\/portada\/abren-convocatoria-de-practicas-laborales-a-traves-del-programa-casanare-joven\/","name":"Abren convocatoria de pr\u00e1cticas laborales a trav\u00e9s del programa Casanare Joven - \u25b7 Noticias de Casanare : Martha Cifuentes | Casanare","isPartOf":{"@id":"https:\/\/marthacifuentes.com\/portada\/#website"},"primaryImageOfPage":{"@id":"https:\/\/marthacifuentes.com\/portada\/abren-convocatoria-de-practicas-laborales-a-traves-del-programa-casanare-joven\/#primaryimage"},"image":{"@id":"https:\/\/marthacifuentes.com\/portada\/abren-convocatoria-de-practicas-laborales-a-traves-del-programa-casanare-joven\/#primaryimage"},"thumbnailUrl":"https:\/\/marthacifuentes.com\/portada\/wp-content\/uploads\/2025\/05\/Casanare-Joven.jpg","datePublished":"2025-05-19T22:45:30+00:00","author":{"@id":"https:\/\/marthacifuentes.com\/portada\/#\/schema\/person\/57f53174b991db5f90ff78d58502b714"},"breadcrumb":{"@id":"https:\/\/marthacifuentes.com\/portada\/abren-convocatoria-de-practicas-laborales-a-traves-del-programa-casanare-joven\/#breadcrumb"},"inLanguage":"es","potentialAction":[{"@type":"ReadAction","target":["https:\/\/marthacifuentes.com\/portada\/abren-convocatoria-de-practicas-laborales-a-traves-del-programa-casanare-joven\/"]}]},{"@type":"ImageObject","inLanguage":"es","@id":"https:\/\/marthacifuentes.com\/portada\/abren-convocatoria-de-practicas-laborales-a-traves-del-programa-casanare-joven\/#primaryimage","url":"https:\/\/marthacifuentes.com\/portada\/wp-content\/uploads\/2025\/05\/Casanare-Joven.jpg","contentUrl":"https:\/\/marthacifuentes.com\/portada\/wp-content\/uploads\/2025\/05\/Casanare-Joven.jpg","width":1024,"height":1280},{"@type":"BreadcrumbList","@id":"https:\/\/marthacifuentes.com\/portada\/abren-convocatoria-de-practicas-laborales-a-traves-del-programa-casanare-joven\/#breadcrumb","itemListElement":[{"@type":"ListItem","position":1,"name":"Portada","item":"https:\/\/marthacifuentes.com\/portada\/"},{"@type":"ListItem","position":2,"name":"Abren convocatoria de pr\u00e1cticas laborales a trav\u00e9s del programa Casanare Joven"}]},{"@type":"WebSite","@id":"https:\/\/marthacifuentes.com\/portada\/#website","url":"https:\/\/marthacifuentes.com\/portada\/","name":"\u25b7 Noticias de Casanare : Martha Cifuentes | Casanare","description":"Noticias &amp; Contenidos","potentialAction":[{"@type":"SearchAction","target":{"@type":"EntryPoint","urlTemplate":"https:\/\/marthacifuentes.com\/portada\/?s={search_term_string}"},"query-input":{"@type":"PropertyValueSpecification","valueRequired":true,"valueName":"search_term_string"}}],"inLanguage":"es"},{"@type":"Person","@id":"https:\/\/marthacifuentes.com\/portada\/#\/schema\/person\/57f53174b991db5f90ff78d58502b714","name":"Martha Cifuentes","image":{"@type":"ImageObject","inLanguage":"es","@id":"https:\/\/marthacifuentes.com\/portada\/#\/schema\/person\/image\/","url":"http:\/\/marthacifuentes.com\/portada\/wp-content\/uploads\/2018\/06\/avatar_user_2_1528838701-96x96.jpg","contentUrl":"http:\/\/marthacifuentes.com\/portada\/wp-content\/uploads\/2018\/06\/avatar_user_2_1528838701-96x96.jpg","caption":"Martha Cifuentes"},"sameAs":["http:\/\/www.marthacifuentes.com"],"url":"https:\/\/marthacifuentes.com\/portada\/author\/martha\/"}]}},"_links":{"self":[{"href":"https:\/\/marthacifuentes.com\/portada\/wp-json\/wp\/v2\/posts\/35407","targetHints":{"allow":["GET"]}}],"collection":[{"href":"https:\/\/marthacifuentes.com\/portada\/wp-json\/wp\/v2\/posts"}],"about":[{"href":"https:\/\/marthacifuentes.com\/portada\/wp-json\/wp\/v2\/types\/post"}],"author":[{"embeddable":true,"href":"https:\/\/marthacifuentes.com\/portada\/wp-json\/wp\/v2\/users\/2"}],"replies":[{"embeddable":true,"href":"https:\/\/marthacifuentes.com\/portada\/wp-json\/wp\/v2\/comments?post=35407"}],"version-history":[{"count":1,"href":"https:\/\/marthacifuentes.com\/portada\/wp-json\/wp\/v2\/posts\/35407\/revisions"}],"predecessor-version":[{"id":35409,"href":"https:\/\/marthacifuentes.com\/portada\/wp-json\/wp\/v2\/posts\/35407\/revisions\/35409"}],"wp:featuredmedia":[{"embeddable":true,"href":"https:\/\/marthacifuentes.com\/portada\/wp-json\/wp\/v2\/media\/35408"}],"wp:attachment":[{"href":"https:\/\/marthacifuentes.com\/portada\/wp-json\/wp\/v2\/media?parent=35407"}],"wp:term":[{"taxonomy":"category","embeddable":true,"href":"https:\/\/marthacifuentes.com\/portada\/wp-json\/wp\/v2\/categories?post=35407"},{"taxonomy":"post_tag","embeddable":true,"href":"https:\/\/marthacifuentes.com\/portada\/wp-json\/wp\/v2\/tags?post=35407"}],"curies":[{"name":"wp","href":"https:\/\/api.w.org\/{rel}","templated":true}]}}