{"id":35503,"date":"2025-05-23T13:08:18","date_gmt":"2025-05-23T18:08:18","guid":{"rendered":"https:\/\/marthacifuentes.com\/portada\/?p=35503"},"modified":"2025-05-23T13:08:18","modified_gmt":"2025-05-23T18:08:18","slug":"casanare-fortalece-su-politica-migratoria-con-enfoque-territorial-e-integracion-comunitaria","status":"publish","type":"post","link":"https:\/\/marthacifuentes.com\/portada\/casanare-fortalece-su-politica-migratoria-con-enfoque-territorial-e-integracion-comunitaria\/","title":{"rendered":"Casanare fortalece su pol\u00edtica migratoria con enfoque territorial e integraci\u00f3n comunitaria"},"content":{"rendered":"<p>Durante la 7.\u00aa sesi\u00f3n de la Mesa de Coordinaci\u00f3n de Asuntos Migratorios, celebrada recientemente en Yopal, se presentaron avances clave en la atenci\u00f3n a la poblaci\u00f3n migrante, refugiada y retornada en el departamento de Casanare. La jornada permiti\u00f3 actualizar el panorama de gesti\u00f3n migratoria con enfoque local y avanzar en la consolidaci\u00f3n de herramientas institucionales para su atenci\u00f3n integral.<\/p>\n<p>De acuerdo con datos de Migraci\u00f3n Colombia con corte a agosto de 2024, Casanare alberga una poblaci\u00f3n de aproximadamente 26.393 personas migrantes venezolanas, lo que representa el 0,94 % del total nacional. La mayor concentraci\u00f3n se encuentra en Yopal, con cerca de 13.286 personas, equivalente al 50,34 % del total departamental.<\/p>\n<p>En respuesta a este contexto, la Gobernaci\u00f3n de Casanare, junto a entidades nacionales e internacionales, ha desarrollado acciones orientadas a la estructuraci\u00f3n de una pol\u00edtica migratoria con enfoque diferencial. Entre los avances presentados se destacan:<\/p>\n<p>Dise\u00f1o del Plan de Acci\u00f3n para la Gesti\u00f3n de la Poblaci\u00f3n Migrante (PAPPM), actualmente en su fase final de validaci\u00f3n.<\/p>\n<p>Estructuraci\u00f3n de un decreto para institucionalizar la Mesa de Coordinaci\u00f3n como mecanismo permanente de pol\u00edtica p\u00fablica.<\/p>\n<p>Desarrollo de rutas integrales de atenci\u00f3n en municipios como Yopal, Aguazul, Paz de Ariporo, Villanueva y Monterrey.<\/p>\n<p>Generaci\u00f3n de datos confiables para toma de decisiones y planeaci\u00f3n.<\/p>\n<p>Acciones para prevenir la xenofobia y la discriminaci\u00f3n.<\/p>\n<p>Promoci\u00f3n de la integraci\u00f3n socioecon\u00f3mica y cultural de la poblaci\u00f3n migrante en el territorio.<\/p>\n<p>La sesi\u00f3n cont\u00f3 con la participaci\u00f3n de Migraci\u00f3n Colombia, la Organizaci\u00f3n Internacional para las Migraciones (OIM), el Ministerio del Interior, la Defensor\u00eda del Pueblo, alcald\u00edas locales y organizaciones sociales, adem\u00e1s de cooperantes internacionales.<\/p>\n<p>Tambi\u00e9n fue aprobado el cronograma de actividades para el segundo semestre de 2025, que contempla jornadas de formaci\u00f3n en normativa migratoria, eventos comunitarios de integraci\u00f3n, y procesos de capacitaci\u00f3n dirigidos a funcionarios p\u00fablicos y actores sociales, con acompa\u00f1amiento t\u00e9cnico de Migraci\u00f3n Colombia.<\/p>\n<p>Las acciones se desarrollan en articulaci\u00f3n con el Plan de Desarrollo Departamental 2024\u20132027, en el que se ha incluido la gesti\u00f3n migratoria como uno de los componentes para el desarrollo social con enfoque de derechos.<\/p>\n<p>Casanare contin\u00faa, de este modo, fortaleciendo sus capacidades locales para garantizar una atenci\u00f3n coordinada, segura y respetuosa de los derechos humanos de la poblaci\u00f3n migrante, en l\u00ednea con el Estatuto Temporal de Protecci\u00f3n para Migrantes Venezolanos (ETPV), la Ley 2136 de 2021 y los principios del Pacto Mundial para la Migraci\u00f3n de la ONU.<\/p>\n","protected":false},"excerpt":{"rendered":"<p>Durante la 7.\u00aa sesi\u00f3n de la Mesa de Coordinaci\u00f3n de Asuntos Migratorios, celebrada recientemente en Yopal, se presentaron avances clave en la atenci\u00f3n a la poblaci\u00f3n migrante, refugiada y retornada en el departamento de Casanare. La jornada permiti\u00f3 actualizar el panorama de gesti\u00f3n migratoria con enfoque local y avanzar en la consolidaci\u00f3n de herramientas institucionales &hellip;<\/p>\n","protected":false},"author":2,"featured_media":35504,"comment_status":"open","ping_status":"open","sticky":false,"template":"","format":"standard","meta":{"om_disable_all_campaigns":false,"_exactmetrics_skip_tracking":false,"_exactmetrics_sitenote_active":false,"_exactmetrics_sitenote_note":"","_exactmetrics_sitenote_category":0,"_monsterinsights_skip_tracking":false,"_monsterinsights_sitenote_active":false,"_monsterinsights_sitenote_note":"","_monsterinsights_sitenote_category":0,"_uf_show_specific_survey":0,"_uf_disable_surveys":false,"_joinchat":[],"footnotes":""},"categories":[147,146,145],"tags":[1777,12919,154,12916,12910,3701,11005,533,12859,12921,12922,12918,12917,187,12901,12914,12913,12923,12902,1795,7471,6887,12915,10196,12924,12909,12908,12920,12903,12906,12900,12907,12904,12905,12911,12912,157],"class_list":["post-35503","post","type-post","status-publish","format-standard","has-post-thumbnail","hentry","category-actualidad","category-noticias","category-reportajes","tag-alcaldias","tag-capacitacion-funcionarios","tag-casanare","tag-cronograma-2025","tag-decreto-institucional","tag-defensoria-del-pueblo","tag-derechos-humanos","tag-discriminacion","tag-enfoque-territorial","tag-estatuto-temporal-de-proteccion-para-migrantes-venezolanos","tag-etpv","tag-eventos-comunitarios","tag-formacion-normativa-migratoria","tag-gobernacion-de-casanare","tag-integracion-comunitaria","tag-integracion-cultural","tag-integracion-socioeconomica","tag-ley-2136-de-2021","tag-mesa-de-coordinacion-de-asuntos-migratorios","tag-migracion-colombia","tag-ministerio-del-interior","tag-oim","tag-organizacion-internacional-para-las-migraciones","tag-organizaciones-sociales","tag-pacto-mundial-para-la-migracion","tag-pappm","tag-plan-de-accion-para-la-gestion-de-la-poblacion-migrante","tag-plan-de-desarrollo-departamental-2024-2027","tag-poblacion-migrante","tag-poblacion-venezolana","tag-politica-migratoria","tag-politica-migratoria-con-enfoque-diferencial","tag-refugiada","tag-retornada","tag-rutas-integrales-de-atencion","tag-xenofobia","tag-yopal"],"yoast_head":"<!-- This site is optimized with the Yoast SEO plugin v26.1 - https:\/\/yoast.com\/wordpress\/plugins\/seo\/ -->\n<title>Casanare fortalece su pol\u00edtica migratoria con enfoque territorial e integraci\u00f3n comunitaria - \u25b7 Noticias de Casanare : Martha Cifuentes | Casanare<\/title>\n<meta name=\"robots\" content=\"index, follow, max-snippet:-1, max-image-preview:large, max-video-preview:-1\" \/>\n<link rel=\"canonical\" href=\"https:\/\/marthacifuentes.com\/portada\/casanare-fortalece-su-politica-migratoria-con-enfoque-territorial-e-integracion-comunitaria\/\" \/>\n<meta property=\"og:locale\" content=\"es_ES\" \/>\n<meta property=\"og:type\" content=\"article\" \/>\n<meta property=\"og:title\" content=\"Casanare fortalece su pol\u00edtica migratoria con enfoque territorial e integraci\u00f3n comunitaria - \u25b7 Noticias de Casanare : Martha Cifuentes | Casanare\" \/>\n<meta property=\"og:description\" content=\"Durante la 7.\u00aa sesi\u00f3n de la Mesa de Coordinaci\u00f3n de Asuntos Migratorios, celebrada recientemente en Yopal, se presentaron avances clave en la atenci\u00f3n a la poblaci\u00f3n migrante, refugiada y retornada en el departamento de Casanare. La jornada permiti\u00f3 actualizar el panorama de gesti\u00f3n migratoria con enfoque local y avanzar en la consolidaci\u00f3n de herramientas institucionales &hellip;\" \/>\n<meta property=\"og:url\" content=\"https:\/\/marthacifuentes.com\/portada\/casanare-fortalece-su-politica-migratoria-con-enfoque-territorial-e-integracion-comunitaria\/\" \/>\n<meta property=\"og:site_name\" content=\"\u25b7 Noticias de Casanare : Martha Cifuentes | Casanare\" \/>\n<meta property=\"article:published_time\" content=\"2025-05-23T18:08:18+00:00\" \/>\n<meta property=\"og:image\" content=\"https:\/\/marthacifuentes.com\/portada\/wp-content\/uploads\/2025\/05\/Asuntos-Migratorios2-scaled.jpg\" \/>\n\t<meta property=\"og:image:width\" content=\"2560\" \/>\n\t<meta property=\"og:image:height\" content=\"1920\" \/>\n\t<meta property=\"og:image:type\" content=\"image\/jpeg\" \/>\n<meta name=\"author\" content=\"Martha Cifuentes\" \/>\n<meta name=\"twitter:card\" content=\"summary_large_image\" \/>\n<meta name=\"twitter:label1\" content=\"Escrito por\" \/>\n\t<meta name=\"twitter:data1\" content=\"Martha Cifuentes\" \/>\n\t<meta name=\"twitter:label2\" content=\"Tiempo de lectura\" \/>\n\t<meta name=\"twitter:data2\" content=\"3 minutos\" \/>\n<script type=\"application\/ld+json\" class=\"yoast-schema-graph\">{\"@context\":\"https:\/\/schema.org\",\"@graph\":[{\"@type\":\"WebPage\",\"@id\":\"https:\/\/marthacifuentes.com\/portada\/casanare-fortalece-su-politica-migratoria-con-enfoque-territorial-e-integracion-comunitaria\/\",\"url\":\"https:\/\/marthacifuentes.com\/portada\/casanare-fortalece-su-politica-migratoria-con-enfoque-territorial-e-integracion-comunitaria\/\",\"name\":\"Casanare fortalece su pol\u00edtica migratoria con enfoque territorial e integraci\u00f3n comunitaria - \u25b7 Noticias de Casanare : Martha Cifuentes | Casanare\",\"isPartOf\":{\"@id\":\"https:\/\/marthacifuentes.com\/portada\/#website\"},\"primaryImageOfPage\":{\"@id\":\"https:\/\/marthacifuentes.com\/portada\/casanare-fortalece-su-politica-migratoria-con-enfoque-territorial-e-integracion-comunitaria\/#primaryimage\"},\"image\":{\"@id\":\"https:\/\/marthacifuentes.com\/portada\/casanare-fortalece-su-politica-migratoria-con-enfoque-territorial-e-integracion-comunitaria\/#primaryimage\"},\"thumbnailUrl\":\"https:\/\/marthacifuentes.com\/portada\/wp-content\/uploads\/2025\/05\/Asuntos-Migratorios2-scaled.jpg\",\"datePublished\":\"2025-05-23T18:08:18+00:00\",\"author\":{\"@id\":\"https:\/\/marthacifuentes.com\/portada\/#\/schema\/person\/57f53174b991db5f90ff78d58502b714\"},\"breadcrumb\":{\"@id\":\"https:\/\/marthacifuentes.com\/portada\/casanare-fortalece-su-politica-migratoria-con-enfoque-territorial-e-integracion-comunitaria\/#breadcrumb\"},\"inLanguage\":\"es\",\"potentialAction\":[{\"@type\":\"ReadAction\",\"target\":[\"https:\/\/marthacifuentes.com\/portada\/casanare-fortalece-su-politica-migratoria-con-enfoque-territorial-e-integracion-comunitaria\/\"]}]},{\"@type\":\"ImageObject\",\"inLanguage\":\"es\",\"@id\":\"https:\/\/marthacifuentes.com\/portada\/casanare-fortalece-su-politica-migratoria-con-enfoque-territorial-e-integracion-comunitaria\/#primaryimage\",\"url\":\"https:\/\/marthacifuentes.com\/portada\/wp-content\/uploads\/2025\/05\/Asuntos-Migratorios2-scaled.jpg\",\"contentUrl\":\"https:\/\/marthacifuentes.com\/portada\/wp-content\/uploads\/2025\/05\/Asuntos-Migratorios2-scaled.jpg\",\"width\":2560,\"height\":1920},{\"@type\":\"BreadcrumbList\",\"@id\":\"https:\/\/marthacifuentes.com\/portada\/casanare-fortalece-su-politica-migratoria-con-enfoque-territorial-e-integracion-comunitaria\/#breadcrumb\",\"itemListElement\":[{\"@type\":\"ListItem\",\"position\":1,\"name\":\"Portada\",\"item\":\"https:\/\/marthacifuentes.com\/portada\/\"},{\"@type\":\"ListItem\",\"position\":2,\"name\":\"Casanare fortalece su pol\u00edtica migratoria con enfoque territorial e integraci\u00f3n comunitaria\"}]},{\"@type\":\"WebSite\",\"@id\":\"https:\/\/marthacifuentes.com\/portada\/#website\",\"url\":\"https:\/\/marthacifuentes.com\/portada\/\",\"name\":\"\u25b7 Noticias de Casanare : Martha Cifuentes | Casanare\",\"description\":\"Noticias &amp; Contenidos\",\"potentialAction\":[{\"@type\":\"SearchAction\",\"target\":{\"@type\":\"EntryPoint\",\"urlTemplate\":\"https:\/\/marthacifuentes.com\/portada\/?s={search_term_string}\"},\"query-input\":{\"@type\":\"PropertyValueSpecification\",\"valueRequired\":true,\"valueName\":\"search_term_string\"}}],\"inLanguage\":\"es\"},{\"@type\":\"Person\",\"@id\":\"https:\/\/marthacifuentes.com\/portada\/#\/schema\/person\/57f53174b991db5f90ff78d58502b714\",\"name\":\"Martha Cifuentes\",\"image\":{\"@type\":\"ImageObject\",\"inLanguage\":\"es\",\"@id\":\"https:\/\/marthacifuentes.com\/portada\/#\/schema\/person\/image\/\",\"url\":\"http:\/\/marthacifuentes.com\/portada\/wp-content\/uploads\/2018\/06\/avatar_user_2_1528838701-96x96.jpg\",\"contentUrl\":\"http:\/\/marthacifuentes.com\/portada\/wp-content\/uploads\/2018\/06\/avatar_user_2_1528838701-96x96.jpg\",\"caption\":\"Martha Cifuentes\"},\"sameAs\":[\"http:\/\/www.marthacifuentes.com\"],\"url\":\"https:\/\/marthacifuentes.com\/portada\/author\/martha\/\"}]}<\/script>\n<!-- \/ Yoast SEO plugin. -->","yoast_head_json":{"title":"Casanare fortalece su pol\u00edtica migratoria con enfoque territorial e integraci\u00f3n comunitaria - \u25b7 Noticias de Casanare : Martha Cifuentes | Casanare","robots":{"index":"index","follow":"follow","max-snippet":"max-snippet:-1","max-image-preview":"max-image-preview:large","max-video-preview":"max-video-preview:-1"},"canonical":"https:\/\/marthacifuentes.com\/portada\/casanare-fortalece-su-politica-migratoria-con-enfoque-territorial-e-integracion-comunitaria\/","og_locale":"es_ES","og_type":"article","og_title":"Casanare fortalece su pol\u00edtica migratoria con enfoque territorial e integraci\u00f3n comunitaria - \u25b7 Noticias de Casanare : Martha Cifuentes | Casanare","og_description":"Durante la 7.\u00aa sesi\u00f3n de la Mesa de Coordinaci\u00f3n de Asuntos Migratorios, celebrada recientemente en Yopal, se presentaron avances clave en la atenci\u00f3n a la poblaci\u00f3n migrante, refugiada y retornada en el departamento de Casanare. La jornada permiti\u00f3 actualizar el panorama de gesti\u00f3n migratoria con enfoque local y avanzar en la consolidaci\u00f3n de herramientas institucionales &hellip;","og_url":"https:\/\/marthacifuentes.com\/portada\/casanare-fortalece-su-politica-migratoria-con-enfoque-territorial-e-integracion-comunitaria\/","og_site_name":"\u25b7 Noticias de Casanare : Martha Cifuentes | Casanare","article_published_time":"2025-05-23T18:08:18+00:00","og_image":[{"width":2560,"height":1920,"url":"https:\/\/marthacifuentes.com\/portada\/wp-content\/uploads\/2025\/05\/Asuntos-Migratorios2-scaled.jpg","type":"image\/jpeg"}],"author":"Martha Cifuentes","twitter_card":"summary_large_image","twitter_misc":{"Escrito por":"Martha Cifuentes","Tiempo de lectura":"3 minutos"},"schema":{"@context":"https:\/\/schema.org","@graph":[{"@type":"WebPage","@id":"https:\/\/marthacifuentes.com\/portada\/casanare-fortalece-su-politica-migratoria-con-enfoque-territorial-e-integracion-comunitaria\/","url":"https:\/\/marthacifuentes.com\/portada\/casanare-fortalece-su-politica-migratoria-con-enfoque-territorial-e-integracion-comunitaria\/","name":"Casanare fortalece su pol\u00edtica migratoria con enfoque territorial e integraci\u00f3n comunitaria - \u25b7 Noticias de Casanare : Martha Cifuentes | Casanare","isPartOf":{"@id":"https:\/\/marthacifuentes.com\/portada\/#website"},"primaryImageOfPage":{"@id":"https:\/\/marthacifuentes.com\/portada\/casanare-fortalece-su-politica-migratoria-con-enfoque-territorial-e-integracion-comunitaria\/#primaryimage"},"image":{"@id":"https:\/\/marthacifuentes.com\/portada\/casanare-fortalece-su-politica-migratoria-con-enfoque-territorial-e-integracion-comunitaria\/#primaryimage"},"thumbnailUrl":"https:\/\/marthacifuentes.com\/portada\/wp-content\/uploads\/2025\/05\/Asuntos-Migratorios2-scaled.jpg","datePublished":"2025-05-23T18:08:18+00:00","author":{"@id":"https:\/\/marthacifuentes.com\/portada\/#\/schema\/person\/57f53174b991db5f90ff78d58502b714"},"breadcrumb":{"@id":"https:\/\/marthacifuentes.com\/portada\/casanare-fortalece-su-politica-migratoria-con-enfoque-territorial-e-integracion-comunitaria\/#breadcrumb"},"inLanguage":"es","potentialAction":[{"@type":"ReadAction","target":["https:\/\/marthacifuentes.com\/portada\/casanare-fortalece-su-politica-migratoria-con-enfoque-territorial-e-integracion-comunitaria\/"]}]},{"@type":"ImageObject","inLanguage":"es","@id":"https:\/\/marthacifuentes.com\/portada\/casanare-fortalece-su-politica-migratoria-con-enfoque-territorial-e-integracion-comunitaria\/#primaryimage","url":"https:\/\/marthacifuentes.com\/portada\/wp-content\/uploads\/2025\/05\/Asuntos-Migratorios2-scaled.jpg","contentUrl":"https:\/\/marthacifuentes.com\/portada\/wp-content\/uploads\/2025\/05\/Asuntos-Migratorios2-scaled.jpg","width":2560,"height":1920},{"@type":"BreadcrumbList","@id":"https:\/\/marthacifuentes.com\/portada\/casanare-fortalece-su-politica-migratoria-con-enfoque-territorial-e-integracion-comunitaria\/#breadcrumb","itemListElement":[{"@type":"ListItem","position":1,"name":"Portada","item":"https:\/\/marthacifuentes.com\/portada\/"},{"@type":"ListItem","position":2,"name":"Casanare fortalece su pol\u00edtica migratoria con enfoque territorial e integraci\u00f3n comunitaria"}]},{"@type":"WebSite","@id":"https:\/\/marthacifuentes.com\/portada\/#website","url":"https:\/\/marthacifuentes.com\/portada\/","name":"\u25b7 Noticias de Casanare : Martha Cifuentes | Casanare","description":"Noticias &amp; Contenidos","potentialAction":[{"@type":"SearchAction","target":{"@type":"EntryPoint","urlTemplate":"https:\/\/marthacifuentes.com\/portada\/?s={search_term_string}"},"query-input":{"@type":"PropertyValueSpecification","valueRequired":true,"valueName":"search_term_string"}}],"inLanguage":"es"},{"@type":"Person","@id":"https:\/\/marthacifuentes.com\/portada\/#\/schema\/person\/57f53174b991db5f90ff78d58502b714","name":"Martha Cifuentes","image":{"@type":"ImageObject","inLanguage":"es","@id":"https:\/\/marthacifuentes.com\/portada\/#\/schema\/person\/image\/","url":"http:\/\/marthacifuentes.com\/portada\/wp-content\/uploads\/2018\/06\/avatar_user_2_1528838701-96x96.jpg","contentUrl":"http:\/\/marthacifuentes.com\/portada\/wp-content\/uploads\/2018\/06\/avatar_user_2_1528838701-96x96.jpg","caption":"Martha Cifuentes"},"sameAs":["http:\/\/www.marthacifuentes.com"],"url":"https:\/\/marthacifuentes.com\/portada\/author\/martha\/"}]}},"_links":{"self":[{"href":"https:\/\/marthacifuentes.com\/portada\/wp-json\/wp\/v2\/posts\/35503","targetHints":{"allow":["GET"]}}],"collection":[{"href":"https:\/\/marthacifuentes.com\/portada\/wp-json\/wp\/v2\/posts"}],"about":[{"href":"https:\/\/marthacifuentes.com\/portada\/wp-json\/wp\/v2\/types\/post"}],"author":[{"embeddable":true,"href":"https:\/\/marthacifuentes.com\/portada\/wp-json\/wp\/v2\/users\/2"}],"replies":[{"embeddable":true,"href":"https:\/\/marthacifuentes.com\/portada\/wp-json\/wp\/v2\/comments?post=35503"}],"version-history":[{"count":1,"href":"https:\/\/marthacifuentes.com\/portada\/wp-json\/wp\/v2\/posts\/35503\/revisions"}],"predecessor-version":[{"id":35505,"href":"https:\/\/marthacifuentes.com\/portada\/wp-json\/wp\/v2\/posts\/35503\/revisions\/35505"}],"wp:featuredmedia":[{"embeddable":true,"href":"https:\/\/marthacifuentes.com\/portada\/wp-json\/wp\/v2\/media\/35504"}],"wp:attachment":[{"href":"https:\/\/marthacifuentes.com\/portada\/wp-json\/wp\/v2\/media?parent=35503"}],"wp:term":[{"taxonomy":"category","embeddable":true,"href":"https:\/\/marthacifuentes.com\/portada\/wp-json\/wp\/v2\/categories?post=35503"},{"taxonomy":"post_tag","embeddable":true,"href":"https:\/\/marthacifuentes.com\/portada\/wp-json\/wp\/v2\/tags?post=35503"}],"curies":[{"name":"wp","href":"https:\/\/api.w.org\/{rel}","templated":true}]}}