{"id":38019,"date":"2025-05-30T14:48:21","date_gmt":"2025-05-30T19:48:21","guid":{"rendered":"https:\/\/marthacifuentes.com\/portada\/?p=38019"},"modified":"2025-05-30T14:48:21","modified_gmt":"2025-05-30T19:48:21","slug":"topografo-desaparecido-en-yopal-a-la-carcel-implicado-que-revelo-coordenadas-de-posible-hallazgo-fatal","status":"publish","type":"post","link":"https:\/\/marthacifuentes.com\/portada\/topografo-desaparecido-en-yopal-a-la-carcel-implicado-que-revelo-coordenadas-de-posible-hallazgo-fatal\/","title":{"rendered":"Top\u00f3grafo desaparecido en Yopal: A la c\u00e1rcel implicado que revel\u00f3 coordenadas de posible hallazgo fatal"},"content":{"rendered":"<p>Un juez con funciones de control de garant\u00edas impuso medida de aseguramiento en centro carcelario contra Esneider Luis Ricardo Ortiz, alias \u201cNegro\u201d o \u201cPiojo\u201d, presunto responsable del secuestro extorsivo y desaparici\u00f3n forzada de Carlos Andr\u00e9s Bello Humo, un joven top\u00f3grafo oriundo de Pore. Se teme un desenlace fatal con base en informaci\u00f3n dada por el sujeto.<\/p>\n<p data-start=\"565\" data-end=\"842\">La Fiscal\u00eda Seccional Casanare present\u00f3 cargos por los delitos de secuestro extorsivo y desaparici\u00f3n forzada, ambos agravados. Aunque el procesado no acept\u00f3 los cargos, fue capturado por la Polic\u00eda Nacional en un sector c\u00e9ntrico de Yopal, en cumplimiento de una orden judicial.<\/p>\n<p data-start=\"844\" data-end=\"1263\">Los hechos ocurrieron el pasado 21 de marzo, cuando Bello Humo fue contactado bajo la modalidad de falso servicio para realizar un trabajo de topograf\u00eda en el sector de El Morichal, zona rural de Yopal. Despu\u00e9s de ser recogido en la plaza de mercado, desapareci\u00f3. Horas m\u00e1s tarde, sus familiares recibieron llamadas extorsivas de supuestos integrantes de una organizaci\u00f3n criminal que exig\u00edan dinero para su liberaci\u00f3n.<\/p>\n<p data-start=\"1265\" data-end=\"1657\">La situaci\u00f3n ha tomado un rumbo a\u00fan m\u00e1s doloroso luego de conocerse que luego de su captura, el detenido habr\u00eda suministrado a las autoridades las coordenadas del lugar donde presuntamente fue abandonado el cuerpo del top\u00f3grafo.<\/p>\n<p>En esa ubicaci\u00f3n se hallaron restos humanos cuya identidad est\u00e1 siendo analizada por el Instituto de Medicina Legal, en espera de confirmar si corresponden a Carlos Andr\u00e9s Bello.<\/p>\n<p data-start=\"1659\" data-end=\"1896\">Este caso ha conmocionado a la comunidad de Casanare, especialmente al municipio de Pore, donde resid\u00eda la v\u00edctima. Las autoridades contin\u00faan las investigaciones para esclarecer completamente lo ocurrido y dar con todos los responsables.<\/p>\n","protected":false},"excerpt":{"rendered":"<p>Un juez con funciones de control de garant\u00edas impuso medida de aseguramiento en centro carcelario contra Esneider Luis Ricardo Ortiz, alias \u201cNegro\u201d o \u201cPiojo\u201d, presunto responsable del secuestro extorsivo y desaparici\u00f3n forzada de Carlos Andr\u00e9s Bello Humo, un joven top\u00f3grafo oriundo de Pore. Se teme un desenlace fatal con base en informaci\u00f3n dada por el &hellip;<\/p>\n","protected":false},"author":2,"featured_media":38020,"comment_status":"open","ping_status":"open","sticky":false,"template":"","format":"standard","meta":{"om_disable_all_campaigns":false,"_exactmetrics_skip_tracking":false,"_exactmetrics_sitenote_active":false,"_exactmetrics_sitenote_note":"","_exactmetrics_sitenote_category":0,"_monsterinsights_skip_tracking":false,"_monsterinsights_sitenote_active":false,"_monsterinsights_sitenote_note":"","_monsterinsights_sitenote_category":0,"_uf_show_specific_survey":0,"_uf_disable_surveys":false,"_joinchat":[],"footnotes":""},"categories":[147,146,145],"tags":[13111,13112,13107,154,13121,13052,13108,13117,13110,10372,13113,13115,13119,11794,6538,688,13118,730,503,13116,13109,13114,13120,157],"class_list":["post-38019","post","type-post","status-publish","format-standard","has-post-thumbnail","hentry","category-actualidad","category-noticias","category-reportajes","tag-alias-negro","tag-alias-piojo","tag-carlos-andres-bello-humo","tag-casanare","tag-conmocion","tag-crimen-organizado","tag-desaparicion-forzada","tag-el-morichal","tag-esneider-luis-ricardo-ortiz","tag-extorsion","tag-falso-servicio","tag-fiscalia-seccional-casanare","tag-investigacion-criminal","tag-justicia","tag-medicina-legal","tag-medida-de-aseguramiento","tag-orden-judicial","tag-policia-nacional","tag-pore","tag-restos-humanos","tag-secuestro-extorsivo","tag-topografo-desaparecido","tag-victima","tag-yopal"],"yoast_head":"<!-- This site is optimized with the Yoast SEO plugin v26.1 - https:\/\/yoast.com\/wordpress\/plugins\/seo\/ -->\n<title>Top\u00f3grafo desaparecido en Yopal: A la c\u00e1rcel implicado que revel\u00f3 coordenadas de posible hallazgo fatal - \u25b7 Noticias de Casanare : Martha Cifuentes | Casanare<\/title>\n<meta name=\"robots\" content=\"index, follow, max-snippet:-1, max-image-preview:large, max-video-preview:-1\" \/>\n<link rel=\"canonical\" href=\"https:\/\/marthacifuentes.com\/portada\/topografo-desaparecido-en-yopal-a-la-carcel-implicado-que-revelo-coordenadas-de-posible-hallazgo-fatal\/\" \/>\n<meta property=\"og:locale\" content=\"es_ES\" \/>\n<meta property=\"og:type\" content=\"article\" \/>\n<meta property=\"og:title\" content=\"Top\u00f3grafo desaparecido en Yopal: A la c\u00e1rcel implicado que revel\u00f3 coordenadas de posible hallazgo fatal - \u25b7 Noticias de Casanare : Martha Cifuentes | Casanare\" \/>\n<meta property=\"og:description\" content=\"Un juez con funciones de control de garant\u00edas impuso medida de aseguramiento en centro carcelario contra Esneider Luis Ricardo Ortiz, alias \u201cNegro\u201d o \u201cPiojo\u201d, presunto responsable del secuestro extorsivo y desaparici\u00f3n forzada de Carlos Andr\u00e9s Bello Humo, un joven top\u00f3grafo oriundo de Pore. Se teme un desenlace fatal con base en informaci\u00f3n dada por el &hellip;\" \/>\n<meta property=\"og:url\" content=\"https:\/\/marthacifuentes.com\/portada\/topografo-desaparecido-en-yopal-a-la-carcel-implicado-que-revelo-coordenadas-de-posible-hallazgo-fatal\/\" \/>\n<meta property=\"og:site_name\" content=\"\u25b7 Noticias de Casanare : Martha Cifuentes | Casanare\" \/>\n<meta property=\"article:published_time\" content=\"2025-05-30T19:48:21+00:00\" \/>\n<meta property=\"og:image\" content=\"https:\/\/marthacifuentes.com\/portada\/wp-content\/uploads\/2025\/05\/el-negro-1.jpg\" \/>\n\t<meta property=\"og:image:width\" content=\"1246\" \/>\n\t<meta property=\"og:image:height\" content=\"750\" \/>\n\t<meta property=\"og:image:type\" content=\"image\/jpeg\" \/>\n<meta name=\"author\" content=\"Martha Cifuentes\" \/>\n<meta name=\"twitter:card\" content=\"summary_large_image\" \/>\n<meta name=\"twitter:label1\" content=\"Escrito por\" \/>\n\t<meta name=\"twitter:data1\" content=\"Martha Cifuentes\" \/>\n\t<meta name=\"twitter:label2\" content=\"Tiempo de lectura\" \/>\n\t<meta name=\"twitter:data2\" content=\"2 minutos\" \/>\n<script type=\"application\/ld+json\" class=\"yoast-schema-graph\">{\"@context\":\"https:\/\/schema.org\",\"@graph\":[{\"@type\":\"WebPage\",\"@id\":\"https:\/\/marthacifuentes.com\/portada\/topografo-desaparecido-en-yopal-a-la-carcel-implicado-que-revelo-coordenadas-de-posible-hallazgo-fatal\/\",\"url\":\"https:\/\/marthacifuentes.com\/portada\/topografo-desaparecido-en-yopal-a-la-carcel-implicado-que-revelo-coordenadas-de-posible-hallazgo-fatal\/\",\"name\":\"Top\u00f3grafo desaparecido en Yopal: A la c\u00e1rcel implicado que revel\u00f3 coordenadas de posible hallazgo fatal - \u25b7 Noticias de Casanare : Martha Cifuentes | Casanare\",\"isPartOf\":{\"@id\":\"https:\/\/marthacifuentes.com\/portada\/#website\"},\"primaryImageOfPage\":{\"@id\":\"https:\/\/marthacifuentes.com\/portada\/topografo-desaparecido-en-yopal-a-la-carcel-implicado-que-revelo-coordenadas-de-posible-hallazgo-fatal\/#primaryimage\"},\"image\":{\"@id\":\"https:\/\/marthacifuentes.com\/portada\/topografo-desaparecido-en-yopal-a-la-carcel-implicado-que-revelo-coordenadas-de-posible-hallazgo-fatal\/#primaryimage\"},\"thumbnailUrl\":\"https:\/\/marthacifuentes.com\/portada\/wp-content\/uploads\/2025\/05\/el-negro-1.jpg\",\"datePublished\":\"2025-05-30T19:48:21+00:00\",\"author\":{\"@id\":\"https:\/\/marthacifuentes.com\/portada\/#\/schema\/person\/57f53174b991db5f90ff78d58502b714\"},\"breadcrumb\":{\"@id\":\"https:\/\/marthacifuentes.com\/portada\/topografo-desaparecido-en-yopal-a-la-carcel-implicado-que-revelo-coordenadas-de-posible-hallazgo-fatal\/#breadcrumb\"},\"inLanguage\":\"es\",\"potentialAction\":[{\"@type\":\"ReadAction\",\"target\":[\"https:\/\/marthacifuentes.com\/portada\/topografo-desaparecido-en-yopal-a-la-carcel-implicado-que-revelo-coordenadas-de-posible-hallazgo-fatal\/\"]}]},{\"@type\":\"ImageObject\",\"inLanguage\":\"es\",\"@id\":\"https:\/\/marthacifuentes.com\/portada\/topografo-desaparecido-en-yopal-a-la-carcel-implicado-que-revelo-coordenadas-de-posible-hallazgo-fatal\/#primaryimage\",\"url\":\"https:\/\/marthacifuentes.com\/portada\/wp-content\/uploads\/2025\/05\/el-negro-1.jpg\",\"contentUrl\":\"https:\/\/marthacifuentes.com\/portada\/wp-content\/uploads\/2025\/05\/el-negro-1.jpg\",\"width\":1246,\"height\":750},{\"@type\":\"BreadcrumbList\",\"@id\":\"https:\/\/marthacifuentes.com\/portada\/topografo-desaparecido-en-yopal-a-la-carcel-implicado-que-revelo-coordenadas-de-posible-hallazgo-fatal\/#breadcrumb\",\"itemListElement\":[{\"@type\":\"ListItem\",\"position\":1,\"name\":\"Portada\",\"item\":\"https:\/\/marthacifuentes.com\/portada\/\"},{\"@type\":\"ListItem\",\"position\":2,\"name\":\"Top\u00f3grafo desaparecido en Yopal: A la c\u00e1rcel implicado que revel\u00f3 coordenadas de posible hallazgo fatal\"}]},{\"@type\":\"WebSite\",\"@id\":\"https:\/\/marthacifuentes.com\/portada\/#website\",\"url\":\"https:\/\/marthacifuentes.com\/portada\/\",\"name\":\"\u25b7 Noticias de Casanare : Martha Cifuentes | Casanare\",\"description\":\"Noticias &amp; Contenidos\",\"potentialAction\":[{\"@type\":\"SearchAction\",\"target\":{\"@type\":\"EntryPoint\",\"urlTemplate\":\"https:\/\/marthacifuentes.com\/portada\/?s={search_term_string}\"},\"query-input\":{\"@type\":\"PropertyValueSpecification\",\"valueRequired\":true,\"valueName\":\"search_term_string\"}}],\"inLanguage\":\"es\"},{\"@type\":\"Person\",\"@id\":\"https:\/\/marthacifuentes.com\/portada\/#\/schema\/person\/57f53174b991db5f90ff78d58502b714\",\"name\":\"Martha Cifuentes\",\"image\":{\"@type\":\"ImageObject\",\"inLanguage\":\"es\",\"@id\":\"https:\/\/marthacifuentes.com\/portada\/#\/schema\/person\/image\/\",\"url\":\"http:\/\/marthacifuentes.com\/portada\/wp-content\/uploads\/2018\/06\/avatar_user_2_1528838701-96x96.jpg\",\"contentUrl\":\"http:\/\/marthacifuentes.com\/portada\/wp-content\/uploads\/2018\/06\/avatar_user_2_1528838701-96x96.jpg\",\"caption\":\"Martha Cifuentes\"},\"sameAs\":[\"http:\/\/www.marthacifuentes.com\"],\"url\":\"https:\/\/marthacifuentes.com\/portada\/author\/martha\/\"}]}<\/script>\n<!-- \/ Yoast SEO plugin. -->","yoast_head_json":{"title":"Top\u00f3grafo desaparecido en Yopal: A la c\u00e1rcel implicado que revel\u00f3 coordenadas de posible hallazgo fatal - \u25b7 Noticias de Casanare : Martha Cifuentes | Casanare","robots":{"index":"index","follow":"follow","max-snippet":"max-snippet:-1","max-image-preview":"max-image-preview:large","max-video-preview":"max-video-preview:-1"},"canonical":"https:\/\/marthacifuentes.com\/portada\/topografo-desaparecido-en-yopal-a-la-carcel-implicado-que-revelo-coordenadas-de-posible-hallazgo-fatal\/","og_locale":"es_ES","og_type":"article","og_title":"Top\u00f3grafo desaparecido en Yopal: A la c\u00e1rcel implicado que revel\u00f3 coordenadas de posible hallazgo fatal - \u25b7 Noticias de Casanare : Martha Cifuentes | Casanare","og_description":"Un juez con funciones de control de garant\u00edas impuso medida de aseguramiento en centro carcelario contra Esneider Luis Ricardo Ortiz, alias \u201cNegro\u201d o \u201cPiojo\u201d, presunto responsable del secuestro extorsivo y desaparici\u00f3n forzada de Carlos Andr\u00e9s Bello Humo, un joven top\u00f3grafo oriundo de Pore. Se teme un desenlace fatal con base en informaci\u00f3n dada por el &hellip;","og_url":"https:\/\/marthacifuentes.com\/portada\/topografo-desaparecido-en-yopal-a-la-carcel-implicado-que-revelo-coordenadas-de-posible-hallazgo-fatal\/","og_site_name":"\u25b7 Noticias de Casanare : Martha Cifuentes | Casanare","article_published_time":"2025-05-30T19:48:21+00:00","og_image":[{"width":1246,"height":750,"url":"https:\/\/marthacifuentes.com\/portada\/wp-content\/uploads\/2025\/05\/el-negro-1.jpg","type":"image\/jpeg"}],"author":"Martha Cifuentes","twitter_card":"summary_large_image","twitter_misc":{"Escrito por":"Martha Cifuentes","Tiempo de lectura":"2 minutos"},"schema":{"@context":"https:\/\/schema.org","@graph":[{"@type":"WebPage","@id":"https:\/\/marthacifuentes.com\/portada\/topografo-desaparecido-en-yopal-a-la-carcel-implicado-que-revelo-coordenadas-de-posible-hallazgo-fatal\/","url":"https:\/\/marthacifuentes.com\/portada\/topografo-desaparecido-en-yopal-a-la-carcel-implicado-que-revelo-coordenadas-de-posible-hallazgo-fatal\/","name":"Top\u00f3grafo desaparecido en Yopal: A la c\u00e1rcel implicado que revel\u00f3 coordenadas de posible hallazgo fatal - \u25b7 Noticias de Casanare : Martha Cifuentes | Casanare","isPartOf":{"@id":"https:\/\/marthacifuentes.com\/portada\/#website"},"primaryImageOfPage":{"@id":"https:\/\/marthacifuentes.com\/portada\/topografo-desaparecido-en-yopal-a-la-carcel-implicado-que-revelo-coordenadas-de-posible-hallazgo-fatal\/#primaryimage"},"image":{"@id":"https:\/\/marthacifuentes.com\/portada\/topografo-desaparecido-en-yopal-a-la-carcel-implicado-que-revelo-coordenadas-de-posible-hallazgo-fatal\/#primaryimage"},"thumbnailUrl":"https:\/\/marthacifuentes.com\/portada\/wp-content\/uploads\/2025\/05\/el-negro-1.jpg","datePublished":"2025-05-30T19:48:21+00:00","author":{"@id":"https:\/\/marthacifuentes.com\/portada\/#\/schema\/person\/57f53174b991db5f90ff78d58502b714"},"breadcrumb":{"@id":"https:\/\/marthacifuentes.com\/portada\/topografo-desaparecido-en-yopal-a-la-carcel-implicado-que-revelo-coordenadas-de-posible-hallazgo-fatal\/#breadcrumb"},"inLanguage":"es","potentialAction":[{"@type":"ReadAction","target":["https:\/\/marthacifuentes.com\/portada\/topografo-desaparecido-en-yopal-a-la-carcel-implicado-que-revelo-coordenadas-de-posible-hallazgo-fatal\/"]}]},{"@type":"ImageObject","inLanguage":"es","@id":"https:\/\/marthacifuentes.com\/portada\/topografo-desaparecido-en-yopal-a-la-carcel-implicado-que-revelo-coordenadas-de-posible-hallazgo-fatal\/#primaryimage","url":"https:\/\/marthacifuentes.com\/portada\/wp-content\/uploads\/2025\/05\/el-negro-1.jpg","contentUrl":"https:\/\/marthacifuentes.com\/portada\/wp-content\/uploads\/2025\/05\/el-negro-1.jpg","width":1246,"height":750},{"@type":"BreadcrumbList","@id":"https:\/\/marthacifuentes.com\/portada\/topografo-desaparecido-en-yopal-a-la-carcel-implicado-que-revelo-coordenadas-de-posible-hallazgo-fatal\/#breadcrumb","itemListElement":[{"@type":"ListItem","position":1,"name":"Portada","item":"https:\/\/marthacifuentes.com\/portada\/"},{"@type":"ListItem","position":2,"name":"Top\u00f3grafo desaparecido en Yopal: A la c\u00e1rcel implicado que revel\u00f3 coordenadas de posible hallazgo fatal"}]},{"@type":"WebSite","@id":"https:\/\/marthacifuentes.com\/portada\/#website","url":"https:\/\/marthacifuentes.com\/portada\/","name":"\u25b7 Noticias de Casanare : Martha Cifuentes | Casanare","description":"Noticias &amp; Contenidos","potentialAction":[{"@type":"SearchAction","target":{"@type":"EntryPoint","urlTemplate":"https:\/\/marthacifuentes.com\/portada\/?s={search_term_string}"},"query-input":{"@type":"PropertyValueSpecification","valueRequired":true,"valueName":"search_term_string"}}],"inLanguage":"es"},{"@type":"Person","@id":"https:\/\/marthacifuentes.com\/portada\/#\/schema\/person\/57f53174b991db5f90ff78d58502b714","name":"Martha Cifuentes","image":{"@type":"ImageObject","inLanguage":"es","@id":"https:\/\/marthacifuentes.com\/portada\/#\/schema\/person\/image\/","url":"http:\/\/marthacifuentes.com\/portada\/wp-content\/uploads\/2018\/06\/avatar_user_2_1528838701-96x96.jpg","contentUrl":"http:\/\/marthacifuentes.com\/portada\/wp-content\/uploads\/2018\/06\/avatar_user_2_1528838701-96x96.jpg","caption":"Martha Cifuentes"},"sameAs":["http:\/\/www.marthacifuentes.com"],"url":"https:\/\/marthacifuentes.com\/portada\/author\/martha\/"}]}},"_links":{"self":[{"href":"https:\/\/marthacifuentes.com\/portada\/wp-json\/wp\/v2\/posts\/38019","targetHints":{"allow":["GET"]}}],"collection":[{"href":"https:\/\/marthacifuentes.com\/portada\/wp-json\/wp\/v2\/posts"}],"about":[{"href":"https:\/\/marthacifuentes.com\/portada\/wp-json\/wp\/v2\/types\/post"}],"author":[{"embeddable":true,"href":"https:\/\/marthacifuentes.com\/portada\/wp-json\/wp\/v2\/users\/2"}],"replies":[{"embeddable":true,"href":"https:\/\/marthacifuentes.com\/portada\/wp-json\/wp\/v2\/comments?post=38019"}],"version-history":[{"count":1,"href":"https:\/\/marthacifuentes.com\/portada\/wp-json\/wp\/v2\/posts\/38019\/revisions"}],"predecessor-version":[{"id":38021,"href":"https:\/\/marthacifuentes.com\/portada\/wp-json\/wp\/v2\/posts\/38019\/revisions\/38021"}],"wp:featuredmedia":[{"embeddable":true,"href":"https:\/\/marthacifuentes.com\/portada\/wp-json\/wp\/v2\/media\/38020"}],"wp:attachment":[{"href":"https:\/\/marthacifuentes.com\/portada\/wp-json\/wp\/v2\/media?parent=38019"}],"wp:term":[{"taxonomy":"category","embeddable":true,"href":"https:\/\/marthacifuentes.com\/portada\/wp-json\/wp\/v2\/categories?post=38019"},{"taxonomy":"post_tag","embeddable":true,"href":"https:\/\/marthacifuentes.com\/portada\/wp-json\/wp\/v2\/tags?post=38019"}],"curies":[{"name":"wp","href":"https:\/\/api.w.org\/{rel}","templated":true}]}}