{"id":38365,"date":"2025-06-03T11:19:30","date_gmt":"2025-06-03T16:19:30","guid":{"rendered":"https:\/\/marthacifuentes.com\/portada\/?p=38365"},"modified":"2025-06-03T11:19:49","modified_gmt":"2025-06-03T16:19:49","slug":"fin-de-semana-violento-en-casanare-ataque-sicarial-y-rinas-dejaron-4-muertos-y-6-heridos-en-yopal-y-villanueva-mientras-un-siniestro-vial-causo-1-muerto-y-3-heridos-en-yopal","status":"publish","type":"post","link":"https:\/\/marthacifuentes.com\/portada\/fin-de-semana-violento-en-casanare-ataque-sicarial-y-rinas-dejaron-4-muertos-y-6-heridos-en-yopal-y-villanueva-mientras-un-siniestro-vial-causo-1-muerto-y-3-heridos-en-yopal\/","title":{"rendered":"Fin de semana violento en Casanare: ataque sicarial y ri\u00f1as dejaron 4 muertos y 6 heridos en Yopal y Villanueva, mientras un siniestro vial caus\u00f3 1 muerto y 3 heridos en Yopal"},"content":{"rendered":"<p>La violencia en Yopal y Villanueva se acent\u00faa. El fin de semana del 1 y 2 de junio dej\u00f3 un saldo tr\u00e1gico: <strong>cinco personas muertas y nueve heridas<\/strong> en medio de ri\u00f1as, ataques sicariales y un accidente de tr\u00e1nsito.<\/p>\n<p>Los hechos, que involucra a j\u00f3venes, habitantes de calle y ciudadanos venezolanos, se enmarcan en un contexto de creciente tensi\u00f3n territorial por el control del microtr\u00e1fico, donde estructuras como el <strong>Clan del Golfo<\/strong>, el <strong>Tren de Aragua<\/strong> y bandas locales libran una disputa silenciosa pero mortal.<\/p>\n<p>Seg\u00fan las autoridades, algunas de las v\u00edctimas ten\u00edan antecedentes en el Sistema Penal Oral Acusatorio (SPOA), particularmente por delitos relacionados con estupefacientes. Mientras tanto otros eran trabajadores en actividades de comidas.<\/p>\n<p>A esto se suma una alerta migratoria: el alcalde de Yopal, Marco Tulio Ruiz, advirti\u00f3 que muchos de los hechos recientes involucran a <strong>venezolanos, ya sea como v\u00edctimas o victimarios<\/strong>, lo que complica a\u00fan m\u00e1s el panorama de seguridad en la capital casanare\u00f1a.<\/p>\n<p>&nbsp;<\/p>\n<p><strong>Yopal violenta<\/strong><\/p>\n<p><strong>Ri\u00f1as en el barrio Llano Lindo \u2013 madrugada del domingo<\/strong><\/p>\n<p>Dos violentas ri\u00f1as se registraron en el sector de Llano Lindo durante la madrugada del 2 de junio. En la primera, ocurrida tras un partido de f\u00fatbol, fue asesinado con arma blanca <strong>Jonathan Estiven G\u00f3mez<\/strong>, de 24 a\u00f1os.<\/p>\n<p>Horas m\u00e1s tarde, hacia las 3:30 a.m., en inmediaciones de la calle 60 con carrera 1\u00aa B, una segunda pelea entre varios sujetos armados con cuchillos y machetes dej\u00f3 <strong>cinco personas heridas<\/strong>. Un ciudadano extranjero fue capturado.<\/p>\n<p>&nbsp;<\/p>\n<p><strong>Ataque sicarial en la carrera 12 con calle 39 \u2013 noche del domingo<\/strong><\/p>\n<p>A las 9:30 p.m. del mismo domingo, sicarios en motocicleta dispararon contra un grupo de personas, en un restaurante de comidas r\u00e1pidas. En el establecimiento hab\u00eda ni\u00f1os y padres de familia y trabajadores del sitio. El hecho dej\u00f3:<\/p>\n<ul>\n<li><strong>Dos muertos<\/strong>:\n<ul>\n<li><strong>Yunior Isaac Ferrer<\/strong> (28 a\u00f1os), propietario del restaurante \u201cPepitos The Brothers M\u00e1ster\u201d.<\/li>\n<li><strong>Vicente Jos\u00e9 Gonz\u00e1lez<\/strong> (30 a\u00f1os), empleado de una panader\u00eda.<\/li>\n<\/ul>\n<\/li>\n<li><strong>Dos heridos<\/strong>, uno de ellos un menor de 17 a\u00f1os con lesiones graves.<\/li>\n<\/ul>\n<p>&nbsp;<\/p>\n<p><strong>Accidente de tr\u00e1nsito en la v\u00eda a Matepantano \u2013 madrugada del domingo<\/strong><\/p>\n<p>En la madrugada del domingo, una camioneta Toyota Fortuner, conducida sin autorizaci\u00f3n por <strong>Carlos Joel Rodr\u00edguez Camargo<\/strong> (19 a\u00f1os), choc\u00f3 y volc\u00f3 en la v\u00eda entre Yopal y Matepantano. Rodr\u00edguez no ten\u00eda licencia de conducci\u00f3n y arroj\u00f3 positivo en la prueba de alcoholemia.<\/p>\n<ul>\n<li><strong>Una persona fallecida<\/strong>: <strong>Sander David Arias Novoa<\/strong>, de 20 a\u00f1os.<\/li>\n<li><strong>Tres heridos<\/strong>, entre ellos el conductor.<\/li>\n<\/ul>\n<p><strong>\u00a0<\/strong><\/p>\n<p><strong>Villanueva: asesinato tras salir de prisi\u00f3n<\/strong><\/p>\n<p>En Villanueva, hacia las 6:00 a.m. del domingo 2 de junio, fue asesinado a tiros <strong>Dubernei Delgado Jaimes<\/strong>, de 35 a\u00f1os, habitante de calle, justo despu\u00e9s de haber recuperado su libertad tras ser capturado por porte de munici\u00f3n calibre 5.56 mm.<\/p>\n<ul>\n<li><strong>Un herido<\/strong>: <strong>Nelson Sandoval<\/strong>, tambi\u00e9n habitante de calle y ciudadano venezolano.<\/li>\n<\/ul>\n<p><strong>BALANCE GENERAL DEL FIN DE SEMANA<\/strong><\/p>\n<table>\n<thead>\n<tr>\n<td><strong>Tipo de hecho<\/strong><\/td>\n<td><strong>Municipio<\/strong><\/td>\n<td><strong>Fallecidos<\/strong><\/td>\n<td><strong>Heridos<\/strong><\/td>\n<td><strong>V\u00edctimas identificadas<\/strong><\/td>\n<\/tr>\n<\/thead>\n<tbody>\n<tr>\n<td>Ri\u00f1as con arma blanca<\/td>\n<td>Yopal<\/td>\n<td>1<\/td>\n<td>5<\/td>\n<td>Jonathan Estiven G\u00f3mez<\/td>\n<\/tr>\n<tr>\n<td>Ataque sicarial<\/td>\n<td>Yopal<\/td>\n<td>2<\/td>\n<td>2<\/td>\n<td>Yunior Isaac Ferrer, Vicente Jos\u00e9 Gonz\u00e1lez<\/td>\n<\/tr>\n<tr>\n<td>Accidente de tr\u00e1nsito<\/td>\n<td>Yopal<\/td>\n<td>1<\/td>\n<td>3<\/td>\n<td>Sander David Arias Novoa<\/td>\n<\/tr>\n<tr>\n<td>Homicidio habitante de calle<\/td>\n<td>Villanueva<\/td>\n<td>1<\/td>\n<td>1<\/td>\n<td>Dubernei Delgado Jaimes, Nelson Sandoval (herido)<\/td>\n<\/tr>\n<\/tbody>\n<\/table>\n<p><strong>Total<\/strong>: 5 muertos \u00b7 9 heridos<\/p>\n<p><strong>Una regi\u00f3n en disputa<\/strong><\/p>\n<p>Los recientes hechos confirman el avance de las econom\u00edas ilegales y su impacto en la seguridad ciudadana de Casanare. La mezcla de <strong>migraci\u00f3n sin garant\u00edas, redes de microtr\u00e1fico, presencia armada y abandono institucional<\/strong> ha creado un caldo de cultivo donde la violencia se normaliza y los fines de semana se ti\u00f1en de sangre.<\/p>\n","protected":false},"excerpt":{"rendered":"<p>La violencia en Yopal y Villanueva se acent\u00faa. El fin de semana del 1 y 2 de junio dej\u00f3 un saldo tr\u00e1gico: cinco personas muertas y nueve heridas en medio de ri\u00f1as, ataques sicariales y un accidente de tr\u00e1nsito. Los hechos, que involucra a j\u00f3venes, habitantes de calle y ciudadanos venezolanos, se enmarcan en un &hellip;<\/p>\n","protected":false},"author":2,"featured_media":38366,"comment_status":"open","ping_status":"open","sticky":false,"template":"","format":"standard","meta":{"om_disable_all_campaigns":false,"_exactmetrics_skip_tracking":false,"_exactmetrics_sitenote_active":false,"_exactmetrics_sitenote_note":"","_exactmetrics_sitenote_category":0,"_monsterinsights_skip_tracking":false,"_monsterinsights_sitenote_active":false,"_monsterinsights_sitenote_note":"","_monsterinsights_sitenote_category":0,"_uf_show_specific_survey":0,"_uf_disable_surveys":false,"_joinchat":[],"footnotes":""},"categories":[147,146,1803],"tags":[13159,2998,13158,13146,13155,13143,13144,13157,13151,154,6102,1200,13153,13141,2143,13147,2038,1028,571,1017,1018,291,13154,13156,13148,13142,13152,780,13145,13047,1016,13150,241,313,157,13149],"class_list":["post-38365","post","type-post","status-publish","format-standard","has-post-thumbnail","hentry","category-actualidad","category-noticias","category-publirreportaje","tag-abandono-institucional","tag-accidente-de-transito","tag-alcoholemia","tag-antecedentes-penales","tag-armas-blancas","tag-ataque-sicarial","tag-bandas-locales","tag-camioneta","tag-carlos-joel-rodriguez-camargo","tag-casanare","tag-clan-del-golfo","tag-drogas","tag-dubernei-delgado-jaimes","tag-fin-de-semana","tag-homicidio","tag-jonathan-estiven-gomez","tag-llano-lindo","tag-marco-tulio-ruiz","tag-matepantano","tag-microtrafico","tag-migracion","tag-motos","tag-nelson-sandoval","tag-panaderia","tag-pepitos-the-brothers-master","tag-rinas","tag-sander-david-arias-novoa","tag-seguridad","tag-spoa","tag-tren-de-aragua","tag-venezolanos","tag-vicente-jose-gonzalez","tag-villanueva","tag-violencia","tag-yopal","tag-yunior-isaac-ferrer"],"yoast_head":"<!-- This site is optimized with the Yoast SEO plugin v26.1 - https:\/\/yoast.com\/wordpress\/plugins\/seo\/ -->\n<title>Fin de semana violento en Casanare: ataque sicarial y ri\u00f1as dejaron 4 muertos y 6 heridos en Yopal y Villanueva, mientras un siniestro vial caus\u00f3 1 muerto y 3 heridos en Yopal - \u25b7 Noticias de Casanare : Martha Cifuentes | Casanare<\/title>\n<meta name=\"robots\" content=\"index, follow, max-snippet:-1, max-image-preview:large, max-video-preview:-1\" \/>\n<link rel=\"canonical\" href=\"https:\/\/marthacifuentes.com\/portada\/fin-de-semana-violento-en-casanare-ataque-sicarial-y-rinas-dejaron-4-muertos-y-6-heridos-en-yopal-y-villanueva-mientras-un-siniestro-vial-causo-1-muerto-y-3-heridos-en-yopal\/\" \/>\n<meta property=\"og:locale\" content=\"es_ES\" \/>\n<meta property=\"og:type\" content=\"article\" \/>\n<meta property=\"og:title\" content=\"Fin de semana violento en Casanare: ataque sicarial y ri\u00f1as dejaron 4 muertos y 6 heridos en Yopal y Villanueva, mientras un siniestro vial caus\u00f3 1 muerto y 3 heridos en Yopal - \u25b7 Noticias de Casanare : Martha Cifuentes | Casanare\" \/>\n<meta property=\"og:description\" content=\"La violencia en Yopal y Villanueva se acent\u00faa. El fin de semana del 1 y 2 de junio dej\u00f3 un saldo tr\u00e1gico: cinco personas muertas y nueve heridas en medio de ri\u00f1as, ataques sicariales y un accidente de tr\u00e1nsito. Los hechos, que involucra a j\u00f3venes, habitantes de calle y ciudadanos venezolanos, se enmarcan en un &hellip;\" \/>\n<meta property=\"og:url\" content=\"https:\/\/marthacifuentes.com\/portada\/fin-de-semana-violento-en-casanare-ataque-sicarial-y-rinas-dejaron-4-muertos-y-6-heridos-en-yopal-y-villanueva-mientras-un-siniestro-vial-causo-1-muerto-y-3-heridos-en-yopal\/\" \/>\n<meta property=\"og:site_name\" content=\"\u25b7 Noticias de Casanare : Martha Cifuentes | Casanare\" \/>\n<meta property=\"article:published_time\" content=\"2025-06-03T16:19:30+00:00\" \/>\n<meta property=\"article:modified_time\" content=\"2025-06-03T16:19:49+00:00\" \/>\n<meta property=\"og:image\" content=\"https:\/\/marthacifuentes.com\/portada\/wp-content\/uploads\/2025\/06\/VIOLENCIA-EN-YOPAL-Y-VILLANUEVA.png\" \/>\n\t<meta property=\"og:image:width\" content=\"736\" \/>\n\t<meta property=\"og:image:height\" content=\"416\" \/>\n\t<meta property=\"og:image:type\" content=\"image\/png\" \/>\n<meta name=\"author\" content=\"Martha Cifuentes\" \/>\n<meta name=\"twitter:card\" content=\"summary_large_image\" \/>\n<meta name=\"twitter:label1\" content=\"Escrito por\" \/>\n\t<meta name=\"twitter:data1\" content=\"Martha Cifuentes\" \/>\n\t<meta name=\"twitter:label2\" content=\"Tiempo de lectura\" \/>\n\t<meta name=\"twitter:data2\" content=\"3 minutos\" \/>\n<script type=\"application\/ld+json\" class=\"yoast-schema-graph\">{\"@context\":\"https:\/\/schema.org\",\"@graph\":[{\"@type\":\"WebPage\",\"@id\":\"https:\/\/marthacifuentes.com\/portada\/fin-de-semana-violento-en-casanare-ataque-sicarial-y-rinas-dejaron-4-muertos-y-6-heridos-en-yopal-y-villanueva-mientras-un-siniestro-vial-causo-1-muerto-y-3-heridos-en-yopal\/\",\"url\":\"https:\/\/marthacifuentes.com\/portada\/fin-de-semana-violento-en-casanare-ataque-sicarial-y-rinas-dejaron-4-muertos-y-6-heridos-en-yopal-y-villanueva-mientras-un-siniestro-vial-causo-1-muerto-y-3-heridos-en-yopal\/\",\"name\":\"Fin de semana violento en Casanare: ataque sicarial y ri\u00f1as dejaron 4 muertos y 6 heridos en Yopal y Villanueva, mientras un siniestro vial caus\u00f3 1 muerto y 3 heridos en Yopal - \u25b7 Noticias de Casanare : Martha Cifuentes | Casanare\",\"isPartOf\":{\"@id\":\"https:\/\/marthacifuentes.com\/portada\/#website\"},\"primaryImageOfPage\":{\"@id\":\"https:\/\/marthacifuentes.com\/portada\/fin-de-semana-violento-en-casanare-ataque-sicarial-y-rinas-dejaron-4-muertos-y-6-heridos-en-yopal-y-villanueva-mientras-un-siniestro-vial-causo-1-muerto-y-3-heridos-en-yopal\/#primaryimage\"},\"image\":{\"@id\":\"https:\/\/marthacifuentes.com\/portada\/fin-de-semana-violento-en-casanare-ataque-sicarial-y-rinas-dejaron-4-muertos-y-6-heridos-en-yopal-y-villanueva-mientras-un-siniestro-vial-causo-1-muerto-y-3-heridos-en-yopal\/#primaryimage\"},\"thumbnailUrl\":\"https:\/\/marthacifuentes.com\/portada\/wp-content\/uploads\/2025\/06\/VIOLENCIA-EN-YOPAL-Y-VILLANUEVA.png\",\"datePublished\":\"2025-06-03T16:19:30+00:00\",\"dateModified\":\"2025-06-03T16:19:49+00:00\",\"author\":{\"@id\":\"https:\/\/marthacifuentes.com\/portada\/#\/schema\/person\/57f53174b991db5f90ff78d58502b714\"},\"breadcrumb\":{\"@id\":\"https:\/\/marthacifuentes.com\/portada\/fin-de-semana-violento-en-casanare-ataque-sicarial-y-rinas-dejaron-4-muertos-y-6-heridos-en-yopal-y-villanueva-mientras-un-siniestro-vial-causo-1-muerto-y-3-heridos-en-yopal\/#breadcrumb\"},\"inLanguage\":\"es\",\"potentialAction\":[{\"@type\":\"ReadAction\",\"target\":[\"https:\/\/marthacifuentes.com\/portada\/fin-de-semana-violento-en-casanare-ataque-sicarial-y-rinas-dejaron-4-muertos-y-6-heridos-en-yopal-y-villanueva-mientras-un-siniestro-vial-causo-1-muerto-y-3-heridos-en-yopal\/\"]}]},{\"@type\":\"ImageObject\",\"inLanguage\":\"es\",\"@id\":\"https:\/\/marthacifuentes.com\/portada\/fin-de-semana-violento-en-casanare-ataque-sicarial-y-rinas-dejaron-4-muertos-y-6-heridos-en-yopal-y-villanueva-mientras-un-siniestro-vial-causo-1-muerto-y-3-heridos-en-yopal\/#primaryimage\",\"url\":\"https:\/\/marthacifuentes.com\/portada\/wp-content\/uploads\/2025\/06\/VIOLENCIA-EN-YOPAL-Y-VILLANUEVA.png\",\"contentUrl\":\"https:\/\/marthacifuentes.com\/portada\/wp-content\/uploads\/2025\/06\/VIOLENCIA-EN-YOPAL-Y-VILLANUEVA.png\",\"width\":736,\"height\":416},{\"@type\":\"BreadcrumbList\",\"@id\":\"https:\/\/marthacifuentes.com\/portada\/fin-de-semana-violento-en-casanare-ataque-sicarial-y-rinas-dejaron-4-muertos-y-6-heridos-en-yopal-y-villanueva-mientras-un-siniestro-vial-causo-1-muerto-y-3-heridos-en-yopal\/#breadcrumb\",\"itemListElement\":[{\"@type\":\"ListItem\",\"position\":1,\"name\":\"Portada\",\"item\":\"https:\/\/marthacifuentes.com\/portada\/\"},{\"@type\":\"ListItem\",\"position\":2,\"name\":\"Fin de semana violento en Casanare: ataque sicarial y ri\u00f1as dejaron 4 muertos y 6 heridos en Yopal y Villanueva, mientras un siniestro vial caus\u00f3 1 muerto y 3 heridos en Yopal\"}]},{\"@type\":\"WebSite\",\"@id\":\"https:\/\/marthacifuentes.com\/portada\/#website\",\"url\":\"https:\/\/marthacifuentes.com\/portada\/\",\"name\":\"\u25b7 Noticias de Casanare : Martha Cifuentes | Casanare\",\"description\":\"Noticias &amp; Contenidos\",\"potentialAction\":[{\"@type\":\"SearchAction\",\"target\":{\"@type\":\"EntryPoint\",\"urlTemplate\":\"https:\/\/marthacifuentes.com\/portada\/?s={search_term_string}\"},\"query-input\":{\"@type\":\"PropertyValueSpecification\",\"valueRequired\":true,\"valueName\":\"search_term_string\"}}],\"inLanguage\":\"es\"},{\"@type\":\"Person\",\"@id\":\"https:\/\/marthacifuentes.com\/portada\/#\/schema\/person\/57f53174b991db5f90ff78d58502b714\",\"name\":\"Martha Cifuentes\",\"image\":{\"@type\":\"ImageObject\",\"inLanguage\":\"es\",\"@id\":\"https:\/\/marthacifuentes.com\/portada\/#\/schema\/person\/image\/\",\"url\":\"http:\/\/marthacifuentes.com\/portada\/wp-content\/uploads\/2018\/06\/avatar_user_2_1528838701-96x96.jpg\",\"contentUrl\":\"http:\/\/marthacifuentes.com\/portada\/wp-content\/uploads\/2018\/06\/avatar_user_2_1528838701-96x96.jpg\",\"caption\":\"Martha Cifuentes\"},\"sameAs\":[\"http:\/\/www.marthacifuentes.com\"],\"url\":\"https:\/\/marthacifuentes.com\/portada\/author\/martha\/\"}]}<\/script>\n<!-- \/ Yoast SEO plugin. -->","yoast_head_json":{"title":"Fin de semana violento en Casanare: ataque sicarial y ri\u00f1as dejaron 4 muertos y 6 heridos en Yopal y Villanueva, mientras un siniestro vial caus\u00f3 1 muerto y 3 heridos en Yopal - \u25b7 Noticias de Casanare : Martha Cifuentes | Casanare","robots":{"index":"index","follow":"follow","max-snippet":"max-snippet:-1","max-image-preview":"max-image-preview:large","max-video-preview":"max-video-preview:-1"},"canonical":"https:\/\/marthacifuentes.com\/portada\/fin-de-semana-violento-en-casanare-ataque-sicarial-y-rinas-dejaron-4-muertos-y-6-heridos-en-yopal-y-villanueva-mientras-un-siniestro-vial-causo-1-muerto-y-3-heridos-en-yopal\/","og_locale":"es_ES","og_type":"article","og_title":"Fin de semana violento en Casanare: ataque sicarial y ri\u00f1as dejaron 4 muertos y 6 heridos en Yopal y Villanueva, mientras un siniestro vial caus\u00f3 1 muerto y 3 heridos en Yopal - \u25b7 Noticias de Casanare : Martha Cifuentes | Casanare","og_description":"La violencia en Yopal y Villanueva se acent\u00faa. El fin de semana del 1 y 2 de junio dej\u00f3 un saldo tr\u00e1gico: cinco personas muertas y nueve heridas en medio de ri\u00f1as, ataques sicariales y un accidente de tr\u00e1nsito. Los hechos, que involucra a j\u00f3venes, habitantes de calle y ciudadanos venezolanos, se enmarcan en un &hellip;","og_url":"https:\/\/marthacifuentes.com\/portada\/fin-de-semana-violento-en-casanare-ataque-sicarial-y-rinas-dejaron-4-muertos-y-6-heridos-en-yopal-y-villanueva-mientras-un-siniestro-vial-causo-1-muerto-y-3-heridos-en-yopal\/","og_site_name":"\u25b7 Noticias de Casanare : Martha Cifuentes | Casanare","article_published_time":"2025-06-03T16:19:30+00:00","article_modified_time":"2025-06-03T16:19:49+00:00","og_image":[{"width":736,"height":416,"url":"https:\/\/marthacifuentes.com\/portada\/wp-content\/uploads\/2025\/06\/VIOLENCIA-EN-YOPAL-Y-VILLANUEVA.png","type":"image\/png"}],"author":"Martha Cifuentes","twitter_card":"summary_large_image","twitter_misc":{"Escrito por":"Martha Cifuentes","Tiempo de lectura":"3 minutos"},"schema":{"@context":"https:\/\/schema.org","@graph":[{"@type":"WebPage","@id":"https:\/\/marthacifuentes.com\/portada\/fin-de-semana-violento-en-casanare-ataque-sicarial-y-rinas-dejaron-4-muertos-y-6-heridos-en-yopal-y-villanueva-mientras-un-siniestro-vial-causo-1-muerto-y-3-heridos-en-yopal\/","url":"https:\/\/marthacifuentes.com\/portada\/fin-de-semana-violento-en-casanare-ataque-sicarial-y-rinas-dejaron-4-muertos-y-6-heridos-en-yopal-y-villanueva-mientras-un-siniestro-vial-causo-1-muerto-y-3-heridos-en-yopal\/","name":"Fin de semana violento en Casanare: ataque sicarial y ri\u00f1as dejaron 4 muertos y 6 heridos en Yopal y Villanueva, mientras un siniestro vial caus\u00f3 1 muerto y 3 heridos en Yopal - \u25b7 Noticias de Casanare : Martha Cifuentes | Casanare","isPartOf":{"@id":"https:\/\/marthacifuentes.com\/portada\/#website"},"primaryImageOfPage":{"@id":"https:\/\/marthacifuentes.com\/portada\/fin-de-semana-violento-en-casanare-ataque-sicarial-y-rinas-dejaron-4-muertos-y-6-heridos-en-yopal-y-villanueva-mientras-un-siniestro-vial-causo-1-muerto-y-3-heridos-en-yopal\/#primaryimage"},"image":{"@id":"https:\/\/marthacifuentes.com\/portada\/fin-de-semana-violento-en-casanare-ataque-sicarial-y-rinas-dejaron-4-muertos-y-6-heridos-en-yopal-y-villanueva-mientras-un-siniestro-vial-causo-1-muerto-y-3-heridos-en-yopal\/#primaryimage"},"thumbnailUrl":"https:\/\/marthacifuentes.com\/portada\/wp-content\/uploads\/2025\/06\/VIOLENCIA-EN-YOPAL-Y-VILLANUEVA.png","datePublished":"2025-06-03T16:19:30+00:00","dateModified":"2025-06-03T16:19:49+00:00","author":{"@id":"https:\/\/marthacifuentes.com\/portada\/#\/schema\/person\/57f53174b991db5f90ff78d58502b714"},"breadcrumb":{"@id":"https:\/\/marthacifuentes.com\/portada\/fin-de-semana-violento-en-casanare-ataque-sicarial-y-rinas-dejaron-4-muertos-y-6-heridos-en-yopal-y-villanueva-mientras-un-siniestro-vial-causo-1-muerto-y-3-heridos-en-yopal\/#breadcrumb"},"inLanguage":"es","potentialAction":[{"@type":"ReadAction","target":["https:\/\/marthacifuentes.com\/portada\/fin-de-semana-violento-en-casanare-ataque-sicarial-y-rinas-dejaron-4-muertos-y-6-heridos-en-yopal-y-villanueva-mientras-un-siniestro-vial-causo-1-muerto-y-3-heridos-en-yopal\/"]}]},{"@type":"ImageObject","inLanguage":"es","@id":"https:\/\/marthacifuentes.com\/portada\/fin-de-semana-violento-en-casanare-ataque-sicarial-y-rinas-dejaron-4-muertos-y-6-heridos-en-yopal-y-villanueva-mientras-un-siniestro-vial-causo-1-muerto-y-3-heridos-en-yopal\/#primaryimage","url":"https:\/\/marthacifuentes.com\/portada\/wp-content\/uploads\/2025\/06\/VIOLENCIA-EN-YOPAL-Y-VILLANUEVA.png","contentUrl":"https:\/\/marthacifuentes.com\/portada\/wp-content\/uploads\/2025\/06\/VIOLENCIA-EN-YOPAL-Y-VILLANUEVA.png","width":736,"height":416},{"@type":"BreadcrumbList","@id":"https:\/\/marthacifuentes.com\/portada\/fin-de-semana-violento-en-casanare-ataque-sicarial-y-rinas-dejaron-4-muertos-y-6-heridos-en-yopal-y-villanueva-mientras-un-siniestro-vial-causo-1-muerto-y-3-heridos-en-yopal\/#breadcrumb","itemListElement":[{"@type":"ListItem","position":1,"name":"Portada","item":"https:\/\/marthacifuentes.com\/portada\/"},{"@type":"ListItem","position":2,"name":"Fin de semana violento en Casanare: ataque sicarial y ri\u00f1as dejaron 4 muertos y 6 heridos en Yopal y Villanueva, mientras un siniestro vial caus\u00f3 1 muerto y 3 heridos en Yopal"}]},{"@type":"WebSite","@id":"https:\/\/marthacifuentes.com\/portada\/#website","url":"https:\/\/marthacifuentes.com\/portada\/","name":"\u25b7 Noticias de Casanare : Martha Cifuentes | Casanare","description":"Noticias &amp; Contenidos","potentialAction":[{"@type":"SearchAction","target":{"@type":"EntryPoint","urlTemplate":"https:\/\/marthacifuentes.com\/portada\/?s={search_term_string}"},"query-input":{"@type":"PropertyValueSpecification","valueRequired":true,"valueName":"search_term_string"}}],"inLanguage":"es"},{"@type":"Person","@id":"https:\/\/marthacifuentes.com\/portada\/#\/schema\/person\/57f53174b991db5f90ff78d58502b714","name":"Martha Cifuentes","image":{"@type":"ImageObject","inLanguage":"es","@id":"https:\/\/marthacifuentes.com\/portada\/#\/schema\/person\/image\/","url":"http:\/\/marthacifuentes.com\/portada\/wp-content\/uploads\/2018\/06\/avatar_user_2_1528838701-96x96.jpg","contentUrl":"http:\/\/marthacifuentes.com\/portada\/wp-content\/uploads\/2018\/06\/avatar_user_2_1528838701-96x96.jpg","caption":"Martha Cifuentes"},"sameAs":["http:\/\/www.marthacifuentes.com"],"url":"https:\/\/marthacifuentes.com\/portada\/author\/martha\/"}]}},"_links":{"self":[{"href":"https:\/\/marthacifuentes.com\/portada\/wp-json\/wp\/v2\/posts\/38365","targetHints":{"allow":["GET"]}}],"collection":[{"href":"https:\/\/marthacifuentes.com\/portada\/wp-json\/wp\/v2\/posts"}],"about":[{"href":"https:\/\/marthacifuentes.com\/portada\/wp-json\/wp\/v2\/types\/post"}],"author":[{"embeddable":true,"href":"https:\/\/marthacifuentes.com\/portada\/wp-json\/wp\/v2\/users\/2"}],"replies":[{"embeddable":true,"href":"https:\/\/marthacifuentes.com\/portada\/wp-json\/wp\/v2\/comments?post=38365"}],"version-history":[{"count":1,"href":"https:\/\/marthacifuentes.com\/portada\/wp-json\/wp\/v2\/posts\/38365\/revisions"}],"predecessor-version":[{"id":38367,"href":"https:\/\/marthacifuentes.com\/portada\/wp-json\/wp\/v2\/posts\/38365\/revisions\/38367"}],"wp:featuredmedia":[{"embeddable":true,"href":"https:\/\/marthacifuentes.com\/portada\/wp-json\/wp\/v2\/media\/38366"}],"wp:attachment":[{"href":"https:\/\/marthacifuentes.com\/portada\/wp-json\/wp\/v2\/media?parent=38365"}],"wp:term":[{"taxonomy":"category","embeddable":true,"href":"https:\/\/marthacifuentes.com\/portada\/wp-json\/wp\/v2\/categories?post=38365"},{"taxonomy":"post_tag","embeddable":true,"href":"https:\/\/marthacifuentes.com\/portada\/wp-json\/wp\/v2\/tags?post=38365"}],"curies":[{"name":"wp","href":"https:\/\/api.w.org\/{rel}","templated":true}]}}