{"id":38390,"date":"2025-06-04T19:00:14","date_gmt":"2025-06-05T00:00:14","guid":{"rendered":"https:\/\/marthacifuentes.com\/portada\/?p=38390"},"modified":"2025-06-04T19:00:14","modified_gmt":"2025-06-05T00:00:14","slug":"actualizacion-catastral-2-0-tras-polemica-urbana-ahora-viene-el-ajuste-rural-en-yopal-en-oficio-notifican-a-la-alcaldia-del-nuevo-proceso","status":"publish","type":"post","link":"https:\/\/marthacifuentes.com\/portada\/actualizacion-catastral-2-0-tras-polemica-urbana-ahora-viene-el-ajuste-rural-en-yopal-en-oficio-notifican-a-la-alcaldia-del-nuevo-proceso\/","title":{"rendered":"Actualizaci\u00f3n catastral 2.0: tras pol\u00e9mica urbana, ahora viene el ajuste rural en Yopal. En oficio notifican a la Alcald\u00eda del nuevo proceso."},"content":{"rendered":"<p data-start=\"513\" data-end=\"1026\">A\u00fan no se disipa el inconformismo que dej\u00f3 la actualizaci\u00f3n catastral urbana que comenz\u00f3 a regir en enero de 2025 en Yopal, cuando <strong data-start=\"644\" data-end=\"664\">CATASIG SAS EICE<\/strong>, entidad responsable del catastro en esta ciudad, anunci\u00f3 esta semana que por norma debe iniciar un <strong data-start=\"759\" data-end=\"782\">nuevo ajuste masivo<\/strong>, esta vez en los <strong data-start=\"800\" data-end=\"833\">predios rurales del municipio<\/strong>. La medida se enmarca en la <strong data-start=\"862\" data-end=\"894\">Resoluci\u00f3n IGAC 1912 de 2024<\/strong>, de car\u00e1cter obligatorio a nivel nacional, y ya fue notificada a la Alcald\u00eda de Yopal mediante oficio fechado el pasado 19 de mayo.<\/p>\n<p data-start=\"1028\" data-end=\"1511\">Ante la falta de respuesta oficial por parte del gobierno local, <span style=\"color: #993300;\"><strong><a style=\"color: #993300;\" href=\"http:\/\/CATASIG SAS EICE convoca a socializaci\u00f3n este viernes para explicar el inicio del ajuste masivo de predios rurales, en cumplimiento de una norma nacional. El antecedente urbano a\u00fan genera desconfianza.\">CATASIG convoc\u00f3 a una jornada de socializaci\u00f3n<\/a><\/strong><\/span> que se realizar\u00e1 este <strong data-start=\"1162\" data-end=\"1200\">viernes 6 de junio a las 8:30 a.m.<\/strong>, en la sede de Catastro Yopal.<\/p>\n<p data-start=\"1028\" data-end=\"1511\">La cita est\u00e1 dirigida al alcalde de Yopal Luis Eduardo Casta\u00f1eda, la secretaria de Planeaci\u00f3n Narda Perilla, el Concejo Municipal y otras instancias institucionales. El objetivo: <strong data-start=\"1402\" data-end=\"1511\">explicar los fundamentos t\u00e9cnicos y legales del nuevo ajuste y acordar rutas conjuntas de implementaci\u00f3n.<\/strong><\/p>\n<h4 class=\"post-title entry-title\"><span style=\"color: #993300;\">Ver tambi\u00e9n: <a href=\"https:\/\/marthacifuentes.com\/portada\/ricos-y-pobres-de-yopal-unidos-por-afectacion-al-bolsillo-por-actualizacion-catastral-y-trepada-del-impuesto-predial-buscan-soluciones\/\">Ricos y pobres de Yopal, unidos por afectaci\u00f3n al bolsillo por actualizaci\u00f3n catastral y trepada del impuesto predial, buscan soluciones<\/a><\/span><\/h4>\n<p data-start=\"1028\" data-end=\"1511\">\n<h4 data-start=\"1513\" data-end=\"1570\">El precedente urbano: un sacud\u00f3n fiscal que a\u00fan duel<\/h4>\n<p data-start=\"1572\" data-end=\"1882\">Durante 2024, Yopal vivi\u00f3 su primera <strong data-start=\"1609\" data-end=\"1661\">actualizaci\u00f3n catastral urbana en m\u00e1s de 15 a\u00f1os<\/strong>. El proceso, ejecutado por la misma entidad, fue t\u00e9cnicamente necesario \u2014pues seg\u00fan la Ley 1450 de 2011, el catastro debe actualizarse al menos cada cinco a\u00f1os\u2014, pero <strong data-start=\"1829\" data-end=\"1881\">la ciudadan\u00eda lo sinti\u00f3 como un golpe inesperado<\/strong>.<\/p>\n<p data-start=\"1884\" data-end=\"2348\">Cuando los contribuyentes recibieron en febrero de 2025 sus facturas del impuesto predial, descubrieron que sus predios hab\u00edan incrementado su valor catastral en promedio <strong data-start=\"2055\" data-end=\"2068\">2,5 veces<\/strong>. La base gravable del municipio pas\u00f3 de <strong data-start=\"2109\" data-end=\"2149\">2,3 billones a 8,6 billones de pesos<\/strong>, generando una oleada de reclamos y desinformaci\u00f3n. Aunque el proceso fue legal, <strong data-start=\"2231\" data-end=\"2299\">la falta de pedagog\u00eda, transparencia y anticipaci\u00f3n comunicativa<\/strong> dej\u00f3 heridas abiertas que hoy a\u00fan no han sanado.<\/p>\n<p data-start=\"1884\" data-end=\"2348\">\n<h4 data-start=\"2350\" data-end=\"2398\">\u00bfQu\u00e9 implica esta nueva actualizaci\u00f3n rural?<\/h4>\n<p data-start=\"2400\" data-end=\"2817\">A diferencia de la actualizaci\u00f3n urbana integral, la nueva medida no ser\u00e1 un levantamiento total predio a predio, sino un <strong data-start=\"2522\" data-end=\"2550\">ajuste masivo de valores<\/strong> con base en criterios t\u00e9cnicos definidos por el IGAC. Aunque se aclara que este proceso <strong data-start=\"2639\" data-end=\"2698\">no reemplaza una actualizaci\u00f3n catastral rural integral<\/strong>, sus efectos fiscales s\u00ed ser\u00e1n visibles y podr\u00edan modificar significativamente el valor de la tierra en zonas rurales.<\/p>\n<p data-start=\"2819\" data-end=\"3325\">En el oficio enviado por <strong data-start=\"2844\" data-end=\"2880\">Elvira Helena Mart\u00ednez Consuegra<\/strong>, gerente de CATASIG, se subraya que la ejecuci\u00f3n de esta medida no es una decisi\u00f3n opcional ni discrecional de la entidad, sino <strong data-start=\"3009\" data-end=\"3036\">una obligaci\u00f3n jur\u00eddica<\/strong>, respaldada adem\u00e1s por el <strong data-start=\"3063\" data-end=\"3118\">Convenio Interadministrativo Marco No. 1454 de 2023<\/strong>. Tambi\u00e9n se recuerda que el municipio <strong data-start=\"3157\" data-end=\"3215\">no solo se beneficia del aumento en la base tributaria<\/strong>, sino que debe participar activamente en la <strong data-start=\"3260\" data-end=\"3324\">financiaci\u00f3n y sostenibilidad del servicio p\u00fablico catastral<\/strong>.<\/p>\n<p data-start=\"2819\" data-end=\"3325\">\n<h4 data-start=\"3327\" data-end=\"3350\">Riesgos y tensiones<\/h4>\n<p data-start=\"3352\" data-end=\"3626\">El fantasma de la actualizaci\u00f3n urbana sigue presente. Cualquier nuevo proceso que implique aumentos en la base gravable ser\u00e1 recibido, con raz\u00f3n, con recelo por parte de la ciudadan\u00eda. Y m\u00e1s a\u00fan si la institucionalidad no se prepara para explicarlo clara y anticipadamente.<\/p>\n<p data-start=\"3628\" data-end=\"3956\">En este escenario, <strong data-start=\"3647\" data-end=\"3722\">la socializaci\u00f3n de este viernes ser\u00e1 mucho m\u00e1s que una reuni\u00f3n t\u00e9cnica<\/strong>. Ser\u00e1 un primer term\u00f3metro para medir si las autoridades locales e institucionales han aprendido de la experiencia anterior. Si hay voluntad de di\u00e1logo. Si hay margen para corregir formas, aun cuando el fondo est\u00e9 definido por norma.<\/p>\n<p data-start=\"3958\" data-end=\"4227\">M\u00e1s all\u00e1 de lo t\u00e9cnico, este nuevo ciclo de actualizaci\u00f3n pone a prueba <strong data-start=\"4030\" data-end=\"4091\">la confianza entre el Estado y sus contribuyentes rurales<\/strong>. Y esa, como sabemos, no se calcula por hect\u00e1reas ni aval\u00faos, sino por el modo en que se escucha, se informa y se respeta al ciudadano.<\/p>\n<p data-start=\"3958\" data-end=\"4227\">\n<h4 data-start=\"3958\" data-end=\"4227\"><strong data-start=\"217\" data-end=\"239\">Perla: CATASIG no sabe el nombre del alcalde de Yopal\u00a0<\/strong><\/h4>\n<p data-start=\"3958\" data-end=\"4227\">En una comunicaci\u00f3n oficial enviada el 3 de junio, <strong data-start=\"293\" data-end=\"313\">CATASIG SAS EICE<\/strong> \u2014la entidad que se alista para realizar la actualizaci\u00f3n catastral rural en Yopal\u2014 dirigi\u00f3 su carta al alcalde <strong data-start=\"425\" data-end=\"451\">Luis Eduardo Casta\u00f1eda<\/strong>. El \u00fanico detalle: <strong data-start=\"471\" data-end=\"513\">ese no es el nombre del alcalde actual<\/strong>.<br data-start=\"514\" data-end=\"517\" \/>Quien ocupa el cargo desde el 1\u00b0 de enero de 2024 es <strong data-start=\"570\" data-end=\"590\">Marco Tulio Ru\u00edz<\/strong>, mientras que <strong data-start=\"605\" data-end=\"628\">Luis Eduardo Castro<\/strong> fue el mandatario anterior, con quien CATASIG firm\u00f3 el convenio de gestor catastral en 2023.<br data-start=\"713\" data-end=\"716\" \/>\u00bfDespiste administrativo o desd\u00e9n institucional? Lo cierto es que el error ha generado suspicacias: si ni siquiera se toma el trabajo de verificar el nombre del alcalde en funciones, <strong data-start=\"899\" data-end=\"1013\">\u00bfQu\u00e9 garant\u00edas tiene la ciudadan\u00eda rural de que el nuevo ajuste catastral ser\u00e1 transparente, riguroso y justo?<\/strong><\/p>\n<p data-start=\"3958\" data-end=\"4227\"><img loading=\"lazy\" decoding=\"async\" class=\"wp-image-38392 aligncenter\" src=\"https:\/\/marthacifuentes.com\/portada\/wp-content\/uploads\/2025\/06\/oficio-catasig-mal-nombre-alcalde.png\" alt=\"\" width=\"488\" height=\"470\" srcset=\"https:\/\/marthacifuentes.com\/portada\/wp-content\/uploads\/2025\/06\/oficio-catasig-mal-nombre-alcalde.png 876w, https:\/\/marthacifuentes.com\/portada\/wp-content\/uploads\/2025\/06\/oficio-catasig-mal-nombre-alcalde-300x289.png 300w, https:\/\/marthacifuentes.com\/portada\/wp-content\/uploads\/2025\/06\/oficio-catasig-mal-nombre-alcalde-768x740.png 768w\" sizes=\"auto, (max-width: 488px) 100vw, 488px\" \/><\/p>\n","protected":false},"excerpt":{"rendered":"<p>A\u00fan no se disipa el inconformismo que dej\u00f3 la actualizaci\u00f3n catastral urbana que comenz\u00f3 a regir en enero de 2025 en Yopal, cuando CATASIG SAS EICE, entidad responsable del catastro en esta ciudad, anunci\u00f3 esta semana que por norma debe iniciar un nuevo ajuste masivo, esta vez en los predios rurales del municipio. La medida &hellip;<\/p>\n","protected":false},"author":2,"featured_media":38391,"comment_status":"open","ping_status":"open","sticky":false,"template":"","format":"standard","meta":{"om_disable_all_campaigns":false,"_exactmetrics_skip_tracking":false,"_exactmetrics_sitenote_active":false,"_exactmetrics_sitenote_note":"","_exactmetrics_sitenote_category":0,"_monsterinsights_skip_tracking":false,"_monsterinsights_sitenote_active":false,"_monsterinsights_sitenote_note":"","_monsterinsights_sitenote_category":0,"_uf_show_specific_survey":0,"_uf_disable_surveys":false,"_joinchat":[],"footnotes":""},"categories":[147,146,145],"tags":[1357,13201,252,13195,13194,11683,11050,13203,13196,13164,13193,13173,1274,6125,13198,2721,1028,13199,10535,13202,13192,12310,13197,13200,157],"class_list":["post-38390","post","type-post","status-publish","format-standard","has-post-thumbnail","hentry","category-actualidad","category-noticias","category-reportajes","tag-actualizacion-catastral","tag-actualizacion-catastral-rural-yopal-catasig-sas","tag-alcaldia-de-yopal","tag-avaluo-catastral","tag-base-gravable","tag-catasig-sas-eice","tag-catastro-multiproposito","tag-concejo-municipal-yopal-actualizacion-catastral","tag-contribuyentes-rurales","tag-convenio-interadministrativo","tag-elvira-helena-martinez","tag-gestion-territorial","tag-igac","tag-impuesto-predial","tag-impuesto-rural","tag-luis-eduardo-castro","tag-marco-tulio-ruiz","tag-narda-perilla","tag-planeacion","tag-predios-rurales-yopal-actualizacion-catastral","tag-resolucion-igac-1912-de-2024","tag-socializacion","tag-transparencia-institucional","tag-tributo-predial","tag-yopal"],"yoast_head":"<!-- This site is optimized with the Yoast SEO plugin v26.1 - https:\/\/yoast.com\/wordpress\/plugins\/seo\/ -->\n<title>Actualizaci\u00f3n catastral 2.0: tras pol\u00e9mica urbana, ahora viene el ajuste rural en Yopal. En oficio notifican a la Alcald\u00eda del nuevo proceso. - \u25b7 Noticias de Casanare : Martha Cifuentes | Casanare<\/title>\n<meta name=\"robots\" content=\"index, follow, max-snippet:-1, max-image-preview:large, max-video-preview:-1\" \/>\n<link rel=\"canonical\" href=\"https:\/\/marthacifuentes.com\/portada\/actualizacion-catastral-2-0-tras-polemica-urbana-ahora-viene-el-ajuste-rural-en-yopal-en-oficio-notifican-a-la-alcaldia-del-nuevo-proceso\/\" \/>\n<meta property=\"og:locale\" content=\"es_ES\" \/>\n<meta property=\"og:type\" content=\"article\" \/>\n<meta property=\"og:title\" content=\"Actualizaci\u00f3n catastral 2.0: tras pol\u00e9mica urbana, ahora viene el ajuste rural en Yopal. En oficio notifican a la Alcald\u00eda del nuevo proceso.\" \/>\n<meta property=\"og:description\" content=\"CATASIG SAS EICE convoca a socializaci\u00f3n este viernes para explicar el inicio del ajuste masivo de predios rurales, en cumplimiento de una norma nacional. El antecedente urbano a\u00fan genera desconfianza.\" \/>\n<meta property=\"og:url\" content=\"https:\/\/marthacifuentes.com\/portada\/actualizacion-catastral-2-0-tras-polemica-urbana-ahora-viene-el-ajuste-rural-en-yopal-en-oficio-notifican-a-la-alcaldia-del-nuevo-proceso\/\" \/>\n<meta property=\"og:site_name\" content=\"\u25b7 Noticias de Casanare : Martha Cifuentes | Casanare\" \/>\n<meta property=\"article:published_time\" content=\"2025-06-05T00:00:14+00:00\" \/>\n<meta property=\"og:image\" content=\"https:\/\/marthacifuentes.com\/portada\/wp-content\/uploads\/2025\/06\/zonas-rurales-yopal.png\" \/>\n\t<meta property=\"og:image:width\" content=\"1152\" \/>\n\t<meta property=\"og:image:height\" content=\"864\" \/>\n\t<meta property=\"og:image:type\" content=\"image\/png\" \/>\n<meta name=\"author\" content=\"Martha Cifuentes\" \/>\n<meta name=\"twitter:card\" content=\"summary_large_image\" \/>\n<meta name=\"twitter:title\" content=\"Actualizaci\u00f3n catastral 2.0: tras pol\u00e9mica urbana, ahora viene el ajuste rural en Yopal. En oficio notifican a la Alcald\u00eda del nuevo proceso.\" \/>\n<meta name=\"twitter:image\" content=\"https:\/\/marthacifuentes.com\/portada\/wp-content\/uploads\/2025\/06\/zonas-rurales-yopal.png\" \/>\n<meta name=\"twitter:label1\" content=\"Escrito por\" \/>\n\t<meta name=\"twitter:data1\" content=\"Martha Cifuentes\" \/>\n\t<meta name=\"twitter:label2\" content=\"Tiempo de lectura\" \/>\n\t<meta name=\"twitter:data2\" content=\"4 minutos\" \/>\n<script type=\"application\/ld+json\" class=\"yoast-schema-graph\">{\"@context\":\"https:\/\/schema.org\",\"@graph\":[{\"@type\":\"WebPage\",\"@id\":\"https:\/\/marthacifuentes.com\/portada\/actualizacion-catastral-2-0-tras-polemica-urbana-ahora-viene-el-ajuste-rural-en-yopal-en-oficio-notifican-a-la-alcaldia-del-nuevo-proceso\/\",\"url\":\"https:\/\/marthacifuentes.com\/portada\/actualizacion-catastral-2-0-tras-polemica-urbana-ahora-viene-el-ajuste-rural-en-yopal-en-oficio-notifican-a-la-alcaldia-del-nuevo-proceso\/\",\"name\":\"Actualizaci\u00f3n catastral 2.0: tras pol\u00e9mica urbana, ahora viene el ajuste rural en Yopal. En oficio notifican a la Alcald\u00eda del nuevo proceso. - \u25b7 Noticias de Casanare : Martha Cifuentes | Casanare\",\"isPartOf\":{\"@id\":\"https:\/\/marthacifuentes.com\/portada\/#website\"},\"primaryImageOfPage\":{\"@id\":\"https:\/\/marthacifuentes.com\/portada\/actualizacion-catastral-2-0-tras-polemica-urbana-ahora-viene-el-ajuste-rural-en-yopal-en-oficio-notifican-a-la-alcaldia-del-nuevo-proceso\/#primaryimage\"},\"image\":{\"@id\":\"https:\/\/marthacifuentes.com\/portada\/actualizacion-catastral-2-0-tras-polemica-urbana-ahora-viene-el-ajuste-rural-en-yopal-en-oficio-notifican-a-la-alcaldia-del-nuevo-proceso\/#primaryimage\"},\"thumbnailUrl\":\"https:\/\/marthacifuentes.com\/portada\/wp-content\/uploads\/2025\/06\/zonas-rurales-yopal.png\",\"datePublished\":\"2025-06-05T00:00:14+00:00\",\"author\":{\"@id\":\"https:\/\/marthacifuentes.com\/portada\/#\/schema\/person\/57f53174b991db5f90ff78d58502b714\"},\"breadcrumb\":{\"@id\":\"https:\/\/marthacifuentes.com\/portada\/actualizacion-catastral-2-0-tras-polemica-urbana-ahora-viene-el-ajuste-rural-en-yopal-en-oficio-notifican-a-la-alcaldia-del-nuevo-proceso\/#breadcrumb\"},\"inLanguage\":\"es\",\"potentialAction\":[{\"@type\":\"ReadAction\",\"target\":[\"https:\/\/marthacifuentes.com\/portada\/actualizacion-catastral-2-0-tras-polemica-urbana-ahora-viene-el-ajuste-rural-en-yopal-en-oficio-notifican-a-la-alcaldia-del-nuevo-proceso\/\"]}]},{\"@type\":\"ImageObject\",\"inLanguage\":\"es\",\"@id\":\"https:\/\/marthacifuentes.com\/portada\/actualizacion-catastral-2-0-tras-polemica-urbana-ahora-viene-el-ajuste-rural-en-yopal-en-oficio-notifican-a-la-alcaldia-del-nuevo-proceso\/#primaryimage\",\"url\":\"https:\/\/marthacifuentes.com\/portada\/wp-content\/uploads\/2025\/06\/zonas-rurales-yopal.png\",\"contentUrl\":\"https:\/\/marthacifuentes.com\/portada\/wp-content\/uploads\/2025\/06\/zonas-rurales-yopal.png\",\"width\":1152,\"height\":864},{\"@type\":\"BreadcrumbList\",\"@id\":\"https:\/\/marthacifuentes.com\/portada\/actualizacion-catastral-2-0-tras-polemica-urbana-ahora-viene-el-ajuste-rural-en-yopal-en-oficio-notifican-a-la-alcaldia-del-nuevo-proceso\/#breadcrumb\",\"itemListElement\":[{\"@type\":\"ListItem\",\"position\":1,\"name\":\"Portada\",\"item\":\"https:\/\/marthacifuentes.com\/portada\/\"},{\"@type\":\"ListItem\",\"position\":2,\"name\":\"Actualizaci\u00f3n catastral 2.0: tras pol\u00e9mica urbana, ahora viene el ajuste rural en Yopal. En oficio notifican a la Alcald\u00eda del nuevo proceso.\"}]},{\"@type\":\"WebSite\",\"@id\":\"https:\/\/marthacifuentes.com\/portada\/#website\",\"url\":\"https:\/\/marthacifuentes.com\/portada\/\",\"name\":\"\u25b7 Noticias de Casanare : Martha Cifuentes | Casanare\",\"description\":\"Noticias &amp; Contenidos\",\"potentialAction\":[{\"@type\":\"SearchAction\",\"target\":{\"@type\":\"EntryPoint\",\"urlTemplate\":\"https:\/\/marthacifuentes.com\/portada\/?s={search_term_string}\"},\"query-input\":{\"@type\":\"PropertyValueSpecification\",\"valueRequired\":true,\"valueName\":\"search_term_string\"}}],\"inLanguage\":\"es\"},{\"@type\":\"Person\",\"@id\":\"https:\/\/marthacifuentes.com\/portada\/#\/schema\/person\/57f53174b991db5f90ff78d58502b714\",\"name\":\"Martha Cifuentes\",\"image\":{\"@type\":\"ImageObject\",\"inLanguage\":\"es\",\"@id\":\"https:\/\/marthacifuentes.com\/portada\/#\/schema\/person\/image\/\",\"url\":\"http:\/\/marthacifuentes.com\/portada\/wp-content\/uploads\/2018\/06\/avatar_user_2_1528838701-96x96.jpg\",\"contentUrl\":\"http:\/\/marthacifuentes.com\/portada\/wp-content\/uploads\/2018\/06\/avatar_user_2_1528838701-96x96.jpg\",\"caption\":\"Martha Cifuentes\"},\"sameAs\":[\"http:\/\/www.marthacifuentes.com\"],\"url\":\"https:\/\/marthacifuentes.com\/portada\/author\/martha\/\"}]}<\/script>\n<!-- \/ Yoast SEO plugin. -->","yoast_head_json":{"title":"Actualizaci\u00f3n catastral 2.0: tras pol\u00e9mica urbana, ahora viene el ajuste rural en Yopal. En oficio notifican a la Alcald\u00eda del nuevo proceso. - \u25b7 Noticias de Casanare : Martha Cifuentes | Casanare","robots":{"index":"index","follow":"follow","max-snippet":"max-snippet:-1","max-image-preview":"max-image-preview:large","max-video-preview":"max-video-preview:-1"},"canonical":"https:\/\/marthacifuentes.com\/portada\/actualizacion-catastral-2-0-tras-polemica-urbana-ahora-viene-el-ajuste-rural-en-yopal-en-oficio-notifican-a-la-alcaldia-del-nuevo-proceso\/","og_locale":"es_ES","og_type":"article","og_title":"Actualizaci\u00f3n catastral 2.0: tras pol\u00e9mica urbana, ahora viene el ajuste rural en Yopal. En oficio notifican a la Alcald\u00eda del nuevo proceso.","og_description":"CATASIG SAS EICE convoca a socializaci\u00f3n este viernes para explicar el inicio del ajuste masivo de predios rurales, en cumplimiento de una norma nacional. El antecedente urbano a\u00fan genera desconfianza.","og_url":"https:\/\/marthacifuentes.com\/portada\/actualizacion-catastral-2-0-tras-polemica-urbana-ahora-viene-el-ajuste-rural-en-yopal-en-oficio-notifican-a-la-alcaldia-del-nuevo-proceso\/","og_site_name":"\u25b7 Noticias de Casanare : Martha Cifuentes | Casanare","article_published_time":"2025-06-05T00:00:14+00:00","og_image":[{"width":1152,"height":864,"url":"https:\/\/marthacifuentes.com\/portada\/wp-content\/uploads\/2025\/06\/zonas-rurales-yopal.png","type":"image\/png"}],"author":"Martha Cifuentes","twitter_card":"summary_large_image","twitter_title":"Actualizaci\u00f3n catastral 2.0: tras pol\u00e9mica urbana, ahora viene el ajuste rural en Yopal. En oficio notifican a la Alcald\u00eda del nuevo proceso.","twitter_image":"https:\/\/marthacifuentes.com\/portada\/wp-content\/uploads\/2025\/06\/zonas-rurales-yopal.png","twitter_misc":{"Escrito por":"Martha Cifuentes","Tiempo de lectura":"4 minutos"},"schema":{"@context":"https:\/\/schema.org","@graph":[{"@type":"WebPage","@id":"https:\/\/marthacifuentes.com\/portada\/actualizacion-catastral-2-0-tras-polemica-urbana-ahora-viene-el-ajuste-rural-en-yopal-en-oficio-notifican-a-la-alcaldia-del-nuevo-proceso\/","url":"https:\/\/marthacifuentes.com\/portada\/actualizacion-catastral-2-0-tras-polemica-urbana-ahora-viene-el-ajuste-rural-en-yopal-en-oficio-notifican-a-la-alcaldia-del-nuevo-proceso\/","name":"Actualizaci\u00f3n catastral 2.0: tras pol\u00e9mica urbana, ahora viene el ajuste rural en Yopal. En oficio notifican a la Alcald\u00eda del nuevo proceso. - \u25b7 Noticias de Casanare : Martha Cifuentes | Casanare","isPartOf":{"@id":"https:\/\/marthacifuentes.com\/portada\/#website"},"primaryImageOfPage":{"@id":"https:\/\/marthacifuentes.com\/portada\/actualizacion-catastral-2-0-tras-polemica-urbana-ahora-viene-el-ajuste-rural-en-yopal-en-oficio-notifican-a-la-alcaldia-del-nuevo-proceso\/#primaryimage"},"image":{"@id":"https:\/\/marthacifuentes.com\/portada\/actualizacion-catastral-2-0-tras-polemica-urbana-ahora-viene-el-ajuste-rural-en-yopal-en-oficio-notifican-a-la-alcaldia-del-nuevo-proceso\/#primaryimage"},"thumbnailUrl":"https:\/\/marthacifuentes.com\/portada\/wp-content\/uploads\/2025\/06\/zonas-rurales-yopal.png","datePublished":"2025-06-05T00:00:14+00:00","author":{"@id":"https:\/\/marthacifuentes.com\/portada\/#\/schema\/person\/57f53174b991db5f90ff78d58502b714"},"breadcrumb":{"@id":"https:\/\/marthacifuentes.com\/portada\/actualizacion-catastral-2-0-tras-polemica-urbana-ahora-viene-el-ajuste-rural-en-yopal-en-oficio-notifican-a-la-alcaldia-del-nuevo-proceso\/#breadcrumb"},"inLanguage":"es","potentialAction":[{"@type":"ReadAction","target":["https:\/\/marthacifuentes.com\/portada\/actualizacion-catastral-2-0-tras-polemica-urbana-ahora-viene-el-ajuste-rural-en-yopal-en-oficio-notifican-a-la-alcaldia-del-nuevo-proceso\/"]}]},{"@type":"ImageObject","inLanguage":"es","@id":"https:\/\/marthacifuentes.com\/portada\/actualizacion-catastral-2-0-tras-polemica-urbana-ahora-viene-el-ajuste-rural-en-yopal-en-oficio-notifican-a-la-alcaldia-del-nuevo-proceso\/#primaryimage","url":"https:\/\/marthacifuentes.com\/portada\/wp-content\/uploads\/2025\/06\/zonas-rurales-yopal.png","contentUrl":"https:\/\/marthacifuentes.com\/portada\/wp-content\/uploads\/2025\/06\/zonas-rurales-yopal.png","width":1152,"height":864},{"@type":"BreadcrumbList","@id":"https:\/\/marthacifuentes.com\/portada\/actualizacion-catastral-2-0-tras-polemica-urbana-ahora-viene-el-ajuste-rural-en-yopal-en-oficio-notifican-a-la-alcaldia-del-nuevo-proceso\/#breadcrumb","itemListElement":[{"@type":"ListItem","position":1,"name":"Portada","item":"https:\/\/marthacifuentes.com\/portada\/"},{"@type":"ListItem","position":2,"name":"Actualizaci\u00f3n catastral 2.0: tras pol\u00e9mica urbana, ahora viene el ajuste rural en Yopal. En oficio notifican a la Alcald\u00eda del nuevo proceso."}]},{"@type":"WebSite","@id":"https:\/\/marthacifuentes.com\/portada\/#website","url":"https:\/\/marthacifuentes.com\/portada\/","name":"\u25b7 Noticias de Casanare : Martha Cifuentes | Casanare","description":"Noticias &amp; Contenidos","potentialAction":[{"@type":"SearchAction","target":{"@type":"EntryPoint","urlTemplate":"https:\/\/marthacifuentes.com\/portada\/?s={search_term_string}"},"query-input":{"@type":"PropertyValueSpecification","valueRequired":true,"valueName":"search_term_string"}}],"inLanguage":"es"},{"@type":"Person","@id":"https:\/\/marthacifuentes.com\/portada\/#\/schema\/person\/57f53174b991db5f90ff78d58502b714","name":"Martha Cifuentes","image":{"@type":"ImageObject","inLanguage":"es","@id":"https:\/\/marthacifuentes.com\/portada\/#\/schema\/person\/image\/","url":"http:\/\/marthacifuentes.com\/portada\/wp-content\/uploads\/2018\/06\/avatar_user_2_1528838701-96x96.jpg","contentUrl":"http:\/\/marthacifuentes.com\/portada\/wp-content\/uploads\/2018\/06\/avatar_user_2_1528838701-96x96.jpg","caption":"Martha Cifuentes"},"sameAs":["http:\/\/www.marthacifuentes.com"],"url":"https:\/\/marthacifuentes.com\/portada\/author\/martha\/"}]}},"_links":{"self":[{"href":"https:\/\/marthacifuentes.com\/portada\/wp-json\/wp\/v2\/posts\/38390","targetHints":{"allow":["GET"]}}],"collection":[{"href":"https:\/\/marthacifuentes.com\/portada\/wp-json\/wp\/v2\/posts"}],"about":[{"href":"https:\/\/marthacifuentes.com\/portada\/wp-json\/wp\/v2\/types\/post"}],"author":[{"embeddable":true,"href":"https:\/\/marthacifuentes.com\/portada\/wp-json\/wp\/v2\/users\/2"}],"replies":[{"embeddable":true,"href":"https:\/\/marthacifuentes.com\/portada\/wp-json\/wp\/v2\/comments?post=38390"}],"version-history":[{"count":1,"href":"https:\/\/marthacifuentes.com\/portada\/wp-json\/wp\/v2\/posts\/38390\/revisions"}],"predecessor-version":[{"id":38394,"href":"https:\/\/marthacifuentes.com\/portada\/wp-json\/wp\/v2\/posts\/38390\/revisions\/38394"}],"wp:featuredmedia":[{"embeddable":true,"href":"https:\/\/marthacifuentes.com\/portada\/wp-json\/wp\/v2\/media\/38391"}],"wp:attachment":[{"href":"https:\/\/marthacifuentes.com\/portada\/wp-json\/wp\/v2\/media?parent=38390"}],"wp:term":[{"taxonomy":"category","embeddable":true,"href":"https:\/\/marthacifuentes.com\/portada\/wp-json\/wp\/v2\/categories?post=38390"},{"taxonomy":"post_tag","embeddable":true,"href":"https:\/\/marthacifuentes.com\/portada\/wp-json\/wp\/v2\/tags?post=38390"}],"curies":[{"name":"wp","href":"https:\/\/api.w.org\/{rel}","templated":true}]}}