{"id":38412,"date":"2025-06-05T10:23:02","date_gmt":"2025-06-05T15:23:02","guid":{"rendered":"https:\/\/marthacifuentes.com\/portada\/?p=38412"},"modified":"2025-06-05T10:23:02","modified_gmt":"2025-06-05T15:23:02","slug":"%f0%9f%a6%9f-casanare-en-alerta-declaran-emergencia-por-riesgo-de-fiebre-amarilla","status":"publish","type":"post","link":"https:\/\/marthacifuentes.com\/portada\/%f0%9f%a6%9f-casanare-en-alerta-declaran-emergencia-por-riesgo-de-fiebre-amarilla\/","title":{"rendered":"\ud83e\udd9f Casanare en alerta: declaran emergencia por riesgo de fiebre amarilla"},"content":{"rendered":"<p data-start=\"321\" data-end=\"531\"><strong data-start=\"321\" data-end=\"531\">Aunque no hay casos confirmados, la vecindad con Meta \u2014donde se reportaron dos muertes\u2014 llev\u00f3 a decretar la emergencia p\u00fablica en el departamento. Autoridades piden vacunarse y reforzar medidas preventivas.<\/strong><\/p>\n<p data-start=\"533\" data-end=\"963\">La Gobernaci\u00f3n de Casanare declar\u00f3 la emergencia p\u00fablica mediante el Decreto 111 del 20 de mayo, en respuesta a la <strong data-start=\"648\" data-end=\"690\">alerta nacional emitida el 16 de abril<\/strong> por el ministro de Salud, Guillermo Alfonso Jaramillo, tras la reaparici\u00f3n de la fiebre amarilla en el pa\u00eds. Casanare fue clasificado como <strong data-start=\"830\" data-end=\"878\">zona de alto riesgo de circulaci\u00f3n del virus<\/strong>, de acuerdo con las \u00faltimas directrices del Ministerio de Salud y Protecci\u00f3n Social.<\/p>\n<p data-start=\"965\" data-end=\"1293\">El riesgo se incrementa por la cercan\u00eda con el departamento del Meta, donde se han confirmado dos muertes a causa del virus, con una <strong data-start=\"1098\" data-end=\"1145\">letalidad del 100% en los casos notificados<\/strong>. Las zonas lim\u00edtrofes de Casanare, especialmente aquellas con tr\u00e1nsito frecuente entre departamentos, son las m\u00e1s expuestas a la circulaci\u00f3n viral.<\/p>\n<p data-start=\"1295\" data-end=\"1630\">Aunque <strong data-start=\"1302\" data-end=\"1354\">no se han confirmado casos positivos en Casanare<\/strong>, se han recibido 14 notificaciones de casos sospechosos: 13 ya fueron descartados mediante pruebas de laboratorio y uno sigue en estudio. Debido a la similitud de s\u00edntomas con enfermedades como el dengue, el diagn\u00f3stico cl\u00ednico resulta clave para una correcta identificaci\u00f3n.<\/p>\n<h3 data-start=\"1632\" data-end=\"1669\">\ud83c\udfe5 Plan de contingencia en marcha<\/h3>\n<p data-start=\"1671\" data-end=\"1958\">En coordinaci\u00f3n con el Ministerio de Salud, el departamento ejecuta un <strong data-start=\"1742\" data-end=\"1773\">plan de respuesta inmediata<\/strong> que incluye el fortalecimiento de la red hospitalaria, capacitaci\u00f3n al personal m\u00e9dico en diagn\u00f3stico y manejo de fiebre amarilla, y revisi\u00f3n de los planes de contingencia municipales.<\/p>\n<p data-start=\"1960\" data-end=\"2235\">La fiebre amarilla es una <strong data-start=\"1986\" data-end=\"2049\">enfermedad viral aguda transmitida por mosquitos infectados<\/strong>. Aunque no se transmite de persona a persona, puede causar fiebre alta, ictericia (coloraci\u00f3n amarilla de piel y ojos), da\u00f1o hep\u00e1tico y renal, e incluso la muerte en su forma m\u00e1s grave.<\/p>\n<h3 data-start=\"2237\" data-end=\"2277\">\u2705 Medidas de prevenci\u00f3n recomendadas<\/h3>\n<ul data-start=\"2279\" data-end=\"2450\">\n<li data-start=\"2279\" data-end=\"2313\">\n<p data-start=\"2281\" data-end=\"2313\">Uso permanente de <strong data-start=\"2299\" data-end=\"2312\">repelente<\/strong>.<\/p>\n<\/li>\n<li data-start=\"2314\" data-end=\"2353\">\n<p data-start=\"2316\" data-end=\"2353\">Ropa de <strong data-start=\"2324\" data-end=\"2352\">manga larga y pantalones<\/strong>.<\/p>\n<\/li>\n<li data-start=\"2354\" data-end=\"2408\">\n<p data-start=\"2356\" data-end=\"2408\">Mantener tanques de agua bien <strong data-start=\"2386\" data-end=\"2407\">tapados y limpios<\/strong>.<\/p>\n<\/li>\n<li data-start=\"2409\" data-end=\"2450\">\n<p data-start=\"2411\" data-end=\"2450\">Evitar acumulaci\u00f3n de aguas estancadas.<\/p>\n<\/li>\n<\/ul>\n<h3 data-start=\"2452\" data-end=\"2502\">\ud83d\udc89 Vacunaci\u00f3n gratuita en todo el departamento<\/h3>\n<p data-start=\"2504\" data-end=\"2771\">La <strong data-start=\"2507\" data-end=\"2573\">vacuna contra la fiebre amarilla es gratuita y est\u00e1 disponible<\/strong> en todos los centros de salud. Se recomienda su aplicaci\u00f3n desde los 9 meses de edad. Las personas mayores de 60 a\u00f1os deben acudir previamente a una valoraci\u00f3n m\u00e9dica para determinar su viabilidad.<\/p>\n<p data-start=\"2773\" data-end=\"3009\">La Secretar\u00eda de Salud de Casanare hace un llamado urgente a <strong data-start=\"2834\" data-end=\"2857\">no bajar la guardia<\/strong>, vacunarse y mantener h\u00e1bitos de autocuidado. Aunque el departamento no registra a\u00fan brotes confirmados, la <strong data-start=\"2966\" data-end=\"3008\">prevenci\u00f3n oportuna puede salvar vidas<\/strong>.<\/p>\n","protected":false},"excerpt":{"rendered":"<p>Aunque no hay casos confirmados, la vecindad con Meta \u2014donde se reportaron dos muertes\u2014 llev\u00f3 a decretar la emergencia p\u00fablica en el departamento. Autoridades piden vacunarse y reforzar medidas preventivas. La Gobernaci\u00f3n de Casanare declar\u00f3 la emergencia p\u00fablica mediante el Decreto 111 del 20 de mayo, en respuesta a la alerta nacional emitida el 16 &hellip;<\/p>\n","protected":false},"author":2,"featured_media":38418,"comment_status":"open","ping_status":"open","sticky":false,"template":"","format":"standard","meta":{"om_disable_all_campaigns":false,"_exactmetrics_skip_tracking":false,"_exactmetrics_sitenote_active":false,"_exactmetrics_sitenote_note":"","_exactmetrics_sitenote_category":0,"_monsterinsights_skip_tracking":false,"_monsterinsights_sitenote_active":false,"_monsterinsights_sitenote_note":"","_monsterinsights_sitenote_category":0,"_uf_show_specific_survey":0,"_uf_disable_surveys":false,"_joinchat":[],"footnotes":""},"categories":[147,146,145],"tags":[13247,13232,13245,13250,13238,154,260,13244,13235,13230,13236,13229,13240,609,13231,169,236,13241,13234,2608,13239,9898,13237,13246,13249,753,13242,13248,13243,329,13233],"class_list":["post-38412","post","type-post","status-publish","format-standard","has-post-thumbnail","hentry","category-actualidad","category-noticias","category-reportajes","tag-aguas-estancadas","tag-alerta-nacional","tag-autocuidado","tag-brote-epidemico","tag-capacitacion-medica","tag-casanare","tag-casos-sospechosos","tag-centros-de-salud","tag-circulacion-viral","tag-decreto-111","tag-diagnostico-clinico","tag-emergencia-publica","tag-enfermedad-viral","tag-fiebre-amarilla","tag-guillermo-alfonso-jaramillo","tag-meta","tag-ministerio-de-salud","tag-mosquitos-infectados","tag-muertes-confirmadas","tag-plan-de-contingencia","tag-planes-municipales","tag-prevencion","tag-red-hospitalaria","tag-repelente","tag-ropa-protectora","tag-secretaria-de-salud","tag-sintomas","tag-tanques-tapados","tag-vacuna-gratuita","tag-vacunacion","tag-zona-de-alto-riesgo"],"yoast_head":"<!-- This site is optimized with the Yoast SEO plugin v26.1 - https:\/\/yoast.com\/wordpress\/plugins\/seo\/ -->\n<title>\ud83e\udd9f Casanare en alerta: declaran emergencia por riesgo de fiebre amarilla - \u25b7 Noticias de Casanare : Martha Cifuentes | Casanare<\/title>\n<meta name=\"robots\" content=\"index, follow, max-snippet:-1, max-image-preview:large, max-video-preview:-1\" \/>\n<link rel=\"canonical\" href=\"https:\/\/marthacifuentes.com\/portada\/\ud83e\udd9f-casanare-en-alerta-declaran-emergencia-por-riesgo-de-fiebre-amarilla\/\" \/>\n<meta property=\"og:locale\" content=\"es_ES\" \/>\n<meta property=\"og:type\" content=\"article\" \/>\n<meta property=\"og:title\" content=\"\ud83e\udd9f Casanare en alerta: declaran emergencia por riesgo de fiebre amarilla - \u25b7 Noticias de Casanare : Martha Cifuentes | Casanare\" \/>\n<meta property=\"og:description\" content=\"Aunque no hay casos confirmados, la vecindad con Meta \u2014donde se reportaron dos muertes\u2014 llev\u00f3 a decretar la emergencia p\u00fablica en el departamento. Autoridades piden vacunarse y reforzar medidas preventivas. La Gobernaci\u00f3n de Casanare declar\u00f3 la emergencia p\u00fablica mediante el Decreto 111 del 20 de mayo, en respuesta a la alerta nacional emitida el 16 &hellip;\" \/>\n<meta property=\"og:url\" content=\"https:\/\/marthacifuentes.com\/portada\/\ud83e\udd9f-casanare-en-alerta-declaran-emergencia-por-riesgo-de-fiebre-amarilla\/\" \/>\n<meta property=\"og:site_name\" content=\"\u25b7 Noticias de Casanare : Martha Cifuentes | Casanare\" \/>\n<meta property=\"article:published_time\" content=\"2025-06-05T15:23:02+00:00\" \/>\n<meta property=\"og:image\" content=\"https:\/\/marthacifuentes.com\/portada\/wp-content\/uploads\/2025\/06\/Reporte-epidemiologico-.jpg\" \/>\n\t<meta property=\"og:image:width\" content=\"2560\" \/>\n\t<meta property=\"og:image:height\" content=\"2560\" \/>\n\t<meta property=\"og:image:type\" content=\"image\/jpeg\" \/>\n<meta name=\"author\" content=\"Martha Cifuentes\" \/>\n<meta name=\"twitter:card\" content=\"summary_large_image\" \/>\n<meta name=\"twitter:label1\" content=\"Escrito por\" \/>\n\t<meta name=\"twitter:data1\" content=\"Martha Cifuentes\" \/>\n\t<meta name=\"twitter:label2\" content=\"Tiempo de lectura\" \/>\n\t<meta name=\"twitter:data2\" content=\"3 minutos\" \/>\n<script type=\"application\/ld+json\" class=\"yoast-schema-graph\">{\"@context\":\"https:\/\/schema.org\",\"@graph\":[{\"@type\":\"WebPage\",\"@id\":\"https:\/\/marthacifuentes.com\/portada\/%f0%9f%a6%9f-casanare-en-alerta-declaran-emergencia-por-riesgo-de-fiebre-amarilla\/\",\"url\":\"https:\/\/marthacifuentes.com\/portada\/%f0%9f%a6%9f-casanare-en-alerta-declaran-emergencia-por-riesgo-de-fiebre-amarilla\/\",\"name\":\"\ud83e\udd9f Casanare en alerta: declaran emergencia por riesgo de fiebre amarilla - \u25b7 Noticias de Casanare : Martha Cifuentes | Casanare\",\"isPartOf\":{\"@id\":\"https:\/\/marthacifuentes.com\/portada\/#website\"},\"primaryImageOfPage\":{\"@id\":\"https:\/\/marthacifuentes.com\/portada\/%f0%9f%a6%9f-casanare-en-alerta-declaran-emergencia-por-riesgo-de-fiebre-amarilla\/#primaryimage\"},\"image\":{\"@id\":\"https:\/\/marthacifuentes.com\/portada\/%f0%9f%a6%9f-casanare-en-alerta-declaran-emergencia-por-riesgo-de-fiebre-amarilla\/#primaryimage\"},\"thumbnailUrl\":\"https:\/\/marthacifuentes.com\/portada\/wp-content\/uploads\/2025\/06\/Reporte-epidemiologico-.jpg\",\"datePublished\":\"2025-06-05T15:23:02+00:00\",\"author\":{\"@id\":\"https:\/\/marthacifuentes.com\/portada\/#\/schema\/person\/57f53174b991db5f90ff78d58502b714\"},\"breadcrumb\":{\"@id\":\"https:\/\/marthacifuentes.com\/portada\/%f0%9f%a6%9f-casanare-en-alerta-declaran-emergencia-por-riesgo-de-fiebre-amarilla\/#breadcrumb\"},\"inLanguage\":\"es\",\"potentialAction\":[{\"@type\":\"ReadAction\",\"target\":[\"https:\/\/marthacifuentes.com\/portada\/%f0%9f%a6%9f-casanare-en-alerta-declaran-emergencia-por-riesgo-de-fiebre-amarilla\/\"]}]},{\"@type\":\"ImageObject\",\"inLanguage\":\"es\",\"@id\":\"https:\/\/marthacifuentes.com\/portada\/%f0%9f%a6%9f-casanare-en-alerta-declaran-emergencia-por-riesgo-de-fiebre-amarilla\/#primaryimage\",\"url\":\"https:\/\/marthacifuentes.com\/portada\/wp-content\/uploads\/2025\/06\/Reporte-epidemiologico-.jpg\",\"contentUrl\":\"https:\/\/marthacifuentes.com\/portada\/wp-content\/uploads\/2025\/06\/Reporte-epidemiologico-.jpg\",\"width\":2560,\"height\":2560},{\"@type\":\"BreadcrumbList\",\"@id\":\"https:\/\/marthacifuentes.com\/portada\/%f0%9f%a6%9f-casanare-en-alerta-declaran-emergencia-por-riesgo-de-fiebre-amarilla\/#breadcrumb\",\"itemListElement\":[{\"@type\":\"ListItem\",\"position\":1,\"name\":\"Portada\",\"item\":\"https:\/\/marthacifuentes.com\/portada\/\"},{\"@type\":\"ListItem\",\"position\":2,\"name\":\"\ud83e\udd9f Casanare en alerta: declaran emergencia por riesgo de fiebre amarilla\"}]},{\"@type\":\"WebSite\",\"@id\":\"https:\/\/marthacifuentes.com\/portada\/#website\",\"url\":\"https:\/\/marthacifuentes.com\/portada\/\",\"name\":\"\u25b7 Noticias de Casanare : Martha Cifuentes | Casanare\",\"description\":\"Noticias &amp; Contenidos\",\"potentialAction\":[{\"@type\":\"SearchAction\",\"target\":{\"@type\":\"EntryPoint\",\"urlTemplate\":\"https:\/\/marthacifuentes.com\/portada\/?s={search_term_string}\"},\"query-input\":{\"@type\":\"PropertyValueSpecification\",\"valueRequired\":true,\"valueName\":\"search_term_string\"}}],\"inLanguage\":\"es\"},{\"@type\":\"Person\",\"@id\":\"https:\/\/marthacifuentes.com\/portada\/#\/schema\/person\/57f53174b991db5f90ff78d58502b714\",\"name\":\"Martha Cifuentes\",\"image\":{\"@type\":\"ImageObject\",\"inLanguage\":\"es\",\"@id\":\"https:\/\/marthacifuentes.com\/portada\/#\/schema\/person\/image\/\",\"url\":\"http:\/\/marthacifuentes.com\/portada\/wp-content\/uploads\/2018\/06\/avatar_user_2_1528838701-96x96.jpg\",\"contentUrl\":\"http:\/\/marthacifuentes.com\/portada\/wp-content\/uploads\/2018\/06\/avatar_user_2_1528838701-96x96.jpg\",\"caption\":\"Martha Cifuentes\"},\"sameAs\":[\"http:\/\/www.marthacifuentes.com\"],\"url\":\"https:\/\/marthacifuentes.com\/portada\/author\/martha\/\"}]}<\/script>\n<!-- \/ Yoast SEO plugin. -->","yoast_head_json":{"title":"\ud83e\udd9f Casanare en alerta: declaran emergencia por riesgo de fiebre amarilla - \u25b7 Noticias de Casanare : Martha Cifuentes | Casanare","robots":{"index":"index","follow":"follow","max-snippet":"max-snippet:-1","max-image-preview":"max-image-preview:large","max-video-preview":"max-video-preview:-1"},"canonical":"https:\/\/marthacifuentes.com\/portada\/\ud83e\udd9f-casanare-en-alerta-declaran-emergencia-por-riesgo-de-fiebre-amarilla\/","og_locale":"es_ES","og_type":"article","og_title":"\ud83e\udd9f Casanare en alerta: declaran emergencia por riesgo de fiebre amarilla - \u25b7 Noticias de Casanare : Martha Cifuentes | Casanare","og_description":"Aunque no hay casos confirmados, la vecindad con Meta \u2014donde se reportaron dos muertes\u2014 llev\u00f3 a decretar la emergencia p\u00fablica en el departamento. Autoridades piden vacunarse y reforzar medidas preventivas. La Gobernaci\u00f3n de Casanare declar\u00f3 la emergencia p\u00fablica mediante el Decreto 111 del 20 de mayo, en respuesta a la alerta nacional emitida el 16 &hellip;","og_url":"https:\/\/marthacifuentes.com\/portada\/\ud83e\udd9f-casanare-en-alerta-declaran-emergencia-por-riesgo-de-fiebre-amarilla\/","og_site_name":"\u25b7 Noticias de Casanare : Martha Cifuentes | Casanare","article_published_time":"2025-06-05T15:23:02+00:00","og_image":[{"width":2560,"height":2560,"url":"https:\/\/marthacifuentes.com\/portada\/wp-content\/uploads\/2025\/06\/Reporte-epidemiologico-.jpg","type":"image\/jpeg"}],"author":"Martha Cifuentes","twitter_card":"summary_large_image","twitter_misc":{"Escrito por":"Martha Cifuentes","Tiempo de lectura":"3 minutos"},"schema":{"@context":"https:\/\/schema.org","@graph":[{"@type":"WebPage","@id":"https:\/\/marthacifuentes.com\/portada\/%f0%9f%a6%9f-casanare-en-alerta-declaran-emergencia-por-riesgo-de-fiebre-amarilla\/","url":"https:\/\/marthacifuentes.com\/portada\/%f0%9f%a6%9f-casanare-en-alerta-declaran-emergencia-por-riesgo-de-fiebre-amarilla\/","name":"\ud83e\udd9f Casanare en alerta: declaran emergencia por riesgo de fiebre amarilla - \u25b7 Noticias de Casanare : Martha Cifuentes | Casanare","isPartOf":{"@id":"https:\/\/marthacifuentes.com\/portada\/#website"},"primaryImageOfPage":{"@id":"https:\/\/marthacifuentes.com\/portada\/%f0%9f%a6%9f-casanare-en-alerta-declaran-emergencia-por-riesgo-de-fiebre-amarilla\/#primaryimage"},"image":{"@id":"https:\/\/marthacifuentes.com\/portada\/%f0%9f%a6%9f-casanare-en-alerta-declaran-emergencia-por-riesgo-de-fiebre-amarilla\/#primaryimage"},"thumbnailUrl":"https:\/\/marthacifuentes.com\/portada\/wp-content\/uploads\/2025\/06\/Reporte-epidemiologico-.jpg","datePublished":"2025-06-05T15:23:02+00:00","author":{"@id":"https:\/\/marthacifuentes.com\/portada\/#\/schema\/person\/57f53174b991db5f90ff78d58502b714"},"breadcrumb":{"@id":"https:\/\/marthacifuentes.com\/portada\/%f0%9f%a6%9f-casanare-en-alerta-declaran-emergencia-por-riesgo-de-fiebre-amarilla\/#breadcrumb"},"inLanguage":"es","potentialAction":[{"@type":"ReadAction","target":["https:\/\/marthacifuentes.com\/portada\/%f0%9f%a6%9f-casanare-en-alerta-declaran-emergencia-por-riesgo-de-fiebre-amarilla\/"]}]},{"@type":"ImageObject","inLanguage":"es","@id":"https:\/\/marthacifuentes.com\/portada\/%f0%9f%a6%9f-casanare-en-alerta-declaran-emergencia-por-riesgo-de-fiebre-amarilla\/#primaryimage","url":"https:\/\/marthacifuentes.com\/portada\/wp-content\/uploads\/2025\/06\/Reporte-epidemiologico-.jpg","contentUrl":"https:\/\/marthacifuentes.com\/portada\/wp-content\/uploads\/2025\/06\/Reporte-epidemiologico-.jpg","width":2560,"height":2560},{"@type":"BreadcrumbList","@id":"https:\/\/marthacifuentes.com\/portada\/%f0%9f%a6%9f-casanare-en-alerta-declaran-emergencia-por-riesgo-de-fiebre-amarilla\/#breadcrumb","itemListElement":[{"@type":"ListItem","position":1,"name":"Portada","item":"https:\/\/marthacifuentes.com\/portada\/"},{"@type":"ListItem","position":2,"name":"\ud83e\udd9f Casanare en alerta: declaran emergencia por riesgo de fiebre amarilla"}]},{"@type":"WebSite","@id":"https:\/\/marthacifuentes.com\/portada\/#website","url":"https:\/\/marthacifuentes.com\/portada\/","name":"\u25b7 Noticias de Casanare : Martha Cifuentes | Casanare","description":"Noticias &amp; Contenidos","potentialAction":[{"@type":"SearchAction","target":{"@type":"EntryPoint","urlTemplate":"https:\/\/marthacifuentes.com\/portada\/?s={search_term_string}"},"query-input":{"@type":"PropertyValueSpecification","valueRequired":true,"valueName":"search_term_string"}}],"inLanguage":"es"},{"@type":"Person","@id":"https:\/\/marthacifuentes.com\/portada\/#\/schema\/person\/57f53174b991db5f90ff78d58502b714","name":"Martha Cifuentes","image":{"@type":"ImageObject","inLanguage":"es","@id":"https:\/\/marthacifuentes.com\/portada\/#\/schema\/person\/image\/","url":"http:\/\/marthacifuentes.com\/portada\/wp-content\/uploads\/2018\/06\/avatar_user_2_1528838701-96x96.jpg","contentUrl":"http:\/\/marthacifuentes.com\/portada\/wp-content\/uploads\/2018\/06\/avatar_user_2_1528838701-96x96.jpg","caption":"Martha Cifuentes"},"sameAs":["http:\/\/www.marthacifuentes.com"],"url":"https:\/\/marthacifuentes.com\/portada\/author\/martha\/"}]}},"_links":{"self":[{"href":"https:\/\/marthacifuentes.com\/portada\/wp-json\/wp\/v2\/posts\/38412","targetHints":{"allow":["GET"]}}],"collection":[{"href":"https:\/\/marthacifuentes.com\/portada\/wp-json\/wp\/v2\/posts"}],"about":[{"href":"https:\/\/marthacifuentes.com\/portada\/wp-json\/wp\/v2\/types\/post"}],"author":[{"embeddable":true,"href":"https:\/\/marthacifuentes.com\/portada\/wp-json\/wp\/v2\/users\/2"}],"replies":[{"embeddable":true,"href":"https:\/\/marthacifuentes.com\/portada\/wp-json\/wp\/v2\/comments?post=38412"}],"version-history":[{"count":1,"href":"https:\/\/marthacifuentes.com\/portada\/wp-json\/wp\/v2\/posts\/38412\/revisions"}],"predecessor-version":[{"id":38419,"href":"https:\/\/marthacifuentes.com\/portada\/wp-json\/wp\/v2\/posts\/38412\/revisions\/38419"}],"wp:featuredmedia":[{"embeddable":true,"href":"https:\/\/marthacifuentes.com\/portada\/wp-json\/wp\/v2\/media\/38418"}],"wp:attachment":[{"href":"https:\/\/marthacifuentes.com\/portada\/wp-json\/wp\/v2\/media?parent=38412"}],"wp:term":[{"taxonomy":"category","embeddable":true,"href":"https:\/\/marthacifuentes.com\/portada\/wp-json\/wp\/v2\/categories?post=38412"},{"taxonomy":"post_tag","embeddable":true,"href":"https:\/\/marthacifuentes.com\/portada\/wp-json\/wp\/v2\/tags?post=38412"}],"curies":[{"name":"wp","href":"https:\/\/api.w.org\/{rel}","templated":true}]}}