{"id":38443,"date":"2025-06-06T10:42:11","date_gmt":"2025-06-06T15:42:11","guid":{"rendered":"https:\/\/marthacifuentes.com\/portada\/?p=38443"},"modified":"2025-06-06T10:42:11","modified_gmt":"2025-06-06T15:42:11","slug":"superavit-en-disputa-zorro-y-garcia-protagonizan-cruce-por-bloqueo-de-recursos-en-casanare","status":"publish","type":"post","link":"https:\/\/marthacifuentes.com\/portada\/superavit-en-disputa-zorro-y-garcia-protagonizan-cruce-por-bloqueo-de-recursos-en-casanare\/","title":{"rendered":"Super\u00e1vit en disputa: Zorro y Garc\u00eda protagonizan cruce por bloqueo de recursos en Casanare"},"content":{"rendered":"<p>Yopal, 6 de junio de 2025 \u2013 La tensi\u00f3n entre la Gobernaci\u00f3n de Casanare y la Asamblea Departamental escal\u00f3 nuevamente esta semana, luego de que el gobernador C\u00e9sar Ortiz Zorro expresara su frustraci\u00f3n por la no aprobaci\u00f3n del super\u00e1vit, advirtiendo que ya hay consecuencias para la ciudadan\u00eda, especialmente en sectores como la salud, cultura y atenci\u00f3n al adulto mayor.<\/p>\n<p>\u201cYa se siente el impacto. El da\u00f1o est\u00e1 hecho. No podemos utilizar los recursos como lo ten\u00edamos previsto: para la gente\u201d, declar\u00f3 el mandatario en entrevista con un medio de comunicaci\u00f3n. Seg\u00fan Zorro, el bloqueo de estos recursos afecta programas esenciales como el funcionamiento de la unidad renal, la atenci\u00f3n de emergencias invernales, las campa\u00f1as ante el brote de fiebre amarilla y el presupuesto de instituciones educativas.<\/p>\n<p>Una de sus afirmaciones m\u00e1s comentadas fue el anuncio de que, ante la falta de presupuesto, deber\u00e1 acudir a la solidaridad de empresarios y amigos para entregar ayudas humanitarias. \u201cTocar\u00e1 hacer vacas\u201d, afirm\u00f3, refiri\u00e9ndose a colectas para apoyar a los adultos mayores.<\/p>\n<p>Sin embargo, desde la oposici\u00f3n la reacci\u00f3n fue contundente. El diputado Jorge Eduardo Garc\u00eda calific\u00f3 de \u201cabsurdas\u201d las declaraciones del gobernador y cuestion\u00f3 duramente su gesti\u00f3n: \u201cNo presenta bien los proyectos y ahora dice que va a salir a repartir mercados. Eso es irrespetuoso y demuestra desconocimiento de la administraci\u00f3n p\u00fablica\u201d.<\/p>\n<p>Garc\u00eda tambi\u00e9n denunci\u00f3 que los proyectos de ordenanza han sido presentados con errores t\u00e9cnicos y hasta con contenido generado por inteligencia artificial: \u201cS\u00ed, gobernador, usted hace plagio, presentando proyectos hechos en ChatGPT. Se le debe a la mediocridad\u201d, sentenci\u00f3 el diputado, quien adem\u00e1s record\u00f3 promesas incumplidas como la de elegir secretarios por concurso, algo que, dijo, ya era inconstitucional por tratarse de cargos de libre nombramiento.<\/p>\n<p>El enfrentamiento refleja un escenario institucional cada vez m\u00e1s polarizado. Mientras el gobernador insiste en que su administraci\u00f3n est\u00e1 siendo obstaculizada y hace un llamado a la \u201cunidad por encima de lo pol\u00edtico\u201d, el diputado Garc\u00eda le pide asumir su responsabilidad como gerente del departamento: \u201cNo es de hacer vacas, se llama gerencia\u201d.<\/p>\n<p>M\u00e1s all\u00e1 del cruce de declaraciones, lo cierto es que los sectores m\u00e1s vulnerables del departamento \u2013como los adultos mayores y las familias afectadas por el invierno\u2013 siguen a la espera de ayudas concretas. Mientras tanto, el pulso pol\u00edtico entre la Gobernaci\u00f3n y la Asamblea contin\u00faa.<\/p>\n","protected":false},"excerpt":{"rendered":"<p>Yopal, 6 de junio de 2025 \u2013 La tensi\u00f3n entre la Gobernaci\u00f3n de Casanare y la Asamblea Departamental escal\u00f3 nuevamente esta semana, luego de que el gobernador C\u00e9sar Ortiz Zorro expresara su frustraci\u00f3n por la no aprobaci\u00f3n del super\u00e1vit, advirtiendo que ya hay consecuencias para la ciudadan\u00eda, especialmente en sectores como la salud, cultura y &hellip;<\/p>\n","protected":false},"author":2,"featured_media":38444,"comment_status":"open","ping_status":"open","sticky":false,"template":"","format":"standard","meta":{"om_disable_all_campaigns":false,"_exactmetrics_skip_tracking":false,"_exactmetrics_sitenote_active":false,"_exactmetrics_sitenote_note":"","_exactmetrics_sitenote_category":0,"_monsterinsights_skip_tracking":false,"_monsterinsights_sitenote_active":false,"_monsterinsights_sitenote_note":"","_monsterinsights_sitenote_category":0,"_uf_show_specific_survey":0,"_uf_disable_surveys":false,"_joinchat":[],"footnotes":""},"categories":[147,146,145],"tags":[13345,13039,3005,3053,13361,13348,1285,13353,13355,639,13347,11623,13352,609,13359,187,6822,12691,7249,13356,13350,13354,13357,13174,13351,13362,13358,201,13360,13346,10217,13349,157],"class_list":["post-38443","post","type-post","status-publish","format-standard","has-post-thumbnail","hentry","category-actualidad","category-noticias","category-reportajes","tag-6-de-junio-de-2025","tag-administracion-publica","tag-adulto-mayor","tag-asamblea-departamental","tag-ayudas","tag-ayudas-humanitarias","tag-cesar-ortiz-zorro","tag-chatgpt","tag-concurso","tag-cultura","tag-emergencias-invernales","tag-empresarios","tag-errores-tecnicos","tag-fiebre-amarilla","tag-gerencia","tag-gobernacion-de-casanare","tag-instituciones-educativas","tag-inteligencia-artificial","tag-jorge-eduardo-garcia","tag-libre-nombramiento","tag-oposicion","tag-plagio","tag-polarizacion-institucional","tag-promesas-incumplidas","tag-proyectos-de-ordenanza","tag-pulso-politico","tag-responsabilidad","tag-salud","tag-sectores-vulnerables","tag-superavit","tag-unidad-renal","tag-vacas","tag-yopal"],"yoast_head":"<!-- This site is optimized with the Yoast SEO plugin v26.1 - https:\/\/yoast.com\/wordpress\/plugins\/seo\/ -->\n<title>Super\u00e1vit en disputa: Zorro y Garc\u00eda protagonizan cruce por bloqueo de recursos en Casanare - \u25b7 Noticias de Casanare : Martha Cifuentes | Casanare<\/title>\n<meta name=\"robots\" content=\"index, follow, max-snippet:-1, max-image-preview:large, max-video-preview:-1\" \/>\n<link rel=\"canonical\" href=\"https:\/\/marthacifuentes.com\/portada\/superavit-en-disputa-zorro-y-garcia-protagonizan-cruce-por-bloqueo-de-recursos-en-casanare\/\" \/>\n<meta property=\"og:locale\" content=\"es_ES\" \/>\n<meta property=\"og:type\" content=\"article\" \/>\n<meta property=\"og:title\" content=\"Super\u00e1vit en disputa: Zorro y Garc\u00eda protagonizan cruce por bloqueo de recursos en Casanare - \u25b7 Noticias de Casanare : Martha Cifuentes | Casanare\" \/>\n<meta property=\"og:description\" content=\"Yopal, 6 de junio de 2025 \u2013 La tensi\u00f3n entre la Gobernaci\u00f3n de Casanare y la Asamblea Departamental escal\u00f3 nuevamente esta semana, luego de que el gobernador C\u00e9sar Ortiz Zorro expresara su frustraci\u00f3n por la no aprobaci\u00f3n del super\u00e1vit, advirtiendo que ya hay consecuencias para la ciudadan\u00eda, especialmente en sectores como la salud, cultura y &hellip;\" \/>\n<meta property=\"og:url\" content=\"https:\/\/marthacifuentes.com\/portada\/superavit-en-disputa-zorro-y-garcia-protagonizan-cruce-por-bloqueo-de-recursos-en-casanare\/\" \/>\n<meta property=\"og:site_name\" content=\"\u25b7 Noticias de Casanare : Martha Cifuentes | Casanare\" \/>\n<meta property=\"article:published_time\" content=\"2025-06-06T15:42:11+00:00\" \/>\n<meta property=\"og:image\" content=\"https:\/\/marthacifuentes.com\/portada\/wp-content\/uploads\/2025\/06\/May.-2025-9-1-1.png\" \/>\n\t<meta property=\"og:image:width\" content=\"552\" \/>\n\t<meta property=\"og:image:height\" content=\"312\" \/>\n\t<meta property=\"og:image:type\" content=\"image\/png\" \/>\n<meta name=\"author\" content=\"Martha Cifuentes\" \/>\n<meta name=\"twitter:card\" content=\"summary_large_image\" \/>\n<meta name=\"twitter:label1\" content=\"Escrito por\" \/>\n\t<meta name=\"twitter:data1\" content=\"Martha Cifuentes\" \/>\n\t<meta name=\"twitter:label2\" content=\"Tiempo de lectura\" \/>\n\t<meta name=\"twitter:data2\" content=\"2 minutos\" \/>\n<script type=\"application\/ld+json\" class=\"yoast-schema-graph\">{\"@context\":\"https:\/\/schema.org\",\"@graph\":[{\"@type\":\"WebPage\",\"@id\":\"https:\/\/marthacifuentes.com\/portada\/superavit-en-disputa-zorro-y-garcia-protagonizan-cruce-por-bloqueo-de-recursos-en-casanare\/\",\"url\":\"https:\/\/marthacifuentes.com\/portada\/superavit-en-disputa-zorro-y-garcia-protagonizan-cruce-por-bloqueo-de-recursos-en-casanare\/\",\"name\":\"Super\u00e1vit en disputa: Zorro y Garc\u00eda protagonizan cruce por bloqueo de recursos en Casanare - \u25b7 Noticias de Casanare : Martha Cifuentes | Casanare\",\"isPartOf\":{\"@id\":\"https:\/\/marthacifuentes.com\/portada\/#website\"},\"primaryImageOfPage\":{\"@id\":\"https:\/\/marthacifuentes.com\/portada\/superavit-en-disputa-zorro-y-garcia-protagonizan-cruce-por-bloqueo-de-recursos-en-casanare\/#primaryimage\"},\"image\":{\"@id\":\"https:\/\/marthacifuentes.com\/portada\/superavit-en-disputa-zorro-y-garcia-protagonizan-cruce-por-bloqueo-de-recursos-en-casanare\/#primaryimage\"},\"thumbnailUrl\":\"https:\/\/marthacifuentes.com\/portada\/wp-content\/uploads\/2025\/06\/May.-2025-9-1-1.png\",\"datePublished\":\"2025-06-06T15:42:11+00:00\",\"author\":{\"@id\":\"https:\/\/marthacifuentes.com\/portada\/#\/schema\/person\/57f53174b991db5f90ff78d58502b714\"},\"breadcrumb\":{\"@id\":\"https:\/\/marthacifuentes.com\/portada\/superavit-en-disputa-zorro-y-garcia-protagonizan-cruce-por-bloqueo-de-recursos-en-casanare\/#breadcrumb\"},\"inLanguage\":\"es\",\"potentialAction\":[{\"@type\":\"ReadAction\",\"target\":[\"https:\/\/marthacifuentes.com\/portada\/superavit-en-disputa-zorro-y-garcia-protagonizan-cruce-por-bloqueo-de-recursos-en-casanare\/\"]}]},{\"@type\":\"ImageObject\",\"inLanguage\":\"es\",\"@id\":\"https:\/\/marthacifuentes.com\/portada\/superavit-en-disputa-zorro-y-garcia-protagonizan-cruce-por-bloqueo-de-recursos-en-casanare\/#primaryimage\",\"url\":\"https:\/\/marthacifuentes.com\/portada\/wp-content\/uploads\/2025\/06\/May.-2025-9-1-1.png\",\"contentUrl\":\"https:\/\/marthacifuentes.com\/portada\/wp-content\/uploads\/2025\/06\/May.-2025-9-1-1.png\",\"width\":552,\"height\":312},{\"@type\":\"BreadcrumbList\",\"@id\":\"https:\/\/marthacifuentes.com\/portada\/superavit-en-disputa-zorro-y-garcia-protagonizan-cruce-por-bloqueo-de-recursos-en-casanare\/#breadcrumb\",\"itemListElement\":[{\"@type\":\"ListItem\",\"position\":1,\"name\":\"Portada\",\"item\":\"https:\/\/marthacifuentes.com\/portada\/\"},{\"@type\":\"ListItem\",\"position\":2,\"name\":\"Super\u00e1vit en disputa: Zorro y Garc\u00eda protagonizan cruce por bloqueo de recursos en Casanare\"}]},{\"@type\":\"WebSite\",\"@id\":\"https:\/\/marthacifuentes.com\/portada\/#website\",\"url\":\"https:\/\/marthacifuentes.com\/portada\/\",\"name\":\"\u25b7 Noticias de Casanare : Martha Cifuentes | Casanare\",\"description\":\"Noticias &amp; Contenidos\",\"potentialAction\":[{\"@type\":\"SearchAction\",\"target\":{\"@type\":\"EntryPoint\",\"urlTemplate\":\"https:\/\/marthacifuentes.com\/portada\/?s={search_term_string}\"},\"query-input\":{\"@type\":\"PropertyValueSpecification\",\"valueRequired\":true,\"valueName\":\"search_term_string\"}}],\"inLanguage\":\"es\"},{\"@type\":\"Person\",\"@id\":\"https:\/\/marthacifuentes.com\/portada\/#\/schema\/person\/57f53174b991db5f90ff78d58502b714\",\"name\":\"Martha Cifuentes\",\"image\":{\"@type\":\"ImageObject\",\"inLanguage\":\"es\",\"@id\":\"https:\/\/marthacifuentes.com\/portada\/#\/schema\/person\/image\/\",\"url\":\"http:\/\/marthacifuentes.com\/portada\/wp-content\/uploads\/2018\/06\/avatar_user_2_1528838701-96x96.jpg\",\"contentUrl\":\"http:\/\/marthacifuentes.com\/portada\/wp-content\/uploads\/2018\/06\/avatar_user_2_1528838701-96x96.jpg\",\"caption\":\"Martha Cifuentes\"},\"sameAs\":[\"http:\/\/www.marthacifuentes.com\"],\"url\":\"https:\/\/marthacifuentes.com\/portada\/author\/martha\/\"}]}<\/script>\n<!-- \/ Yoast SEO plugin. -->","yoast_head_json":{"title":"Super\u00e1vit en disputa: Zorro y Garc\u00eda protagonizan cruce por bloqueo de recursos en Casanare - \u25b7 Noticias de Casanare : Martha Cifuentes | Casanare","robots":{"index":"index","follow":"follow","max-snippet":"max-snippet:-1","max-image-preview":"max-image-preview:large","max-video-preview":"max-video-preview:-1"},"canonical":"https:\/\/marthacifuentes.com\/portada\/superavit-en-disputa-zorro-y-garcia-protagonizan-cruce-por-bloqueo-de-recursos-en-casanare\/","og_locale":"es_ES","og_type":"article","og_title":"Super\u00e1vit en disputa: Zorro y Garc\u00eda protagonizan cruce por bloqueo de recursos en Casanare - \u25b7 Noticias de Casanare : Martha Cifuentes | Casanare","og_description":"Yopal, 6 de junio de 2025 \u2013 La tensi\u00f3n entre la Gobernaci\u00f3n de Casanare y la Asamblea Departamental escal\u00f3 nuevamente esta semana, luego de que el gobernador C\u00e9sar Ortiz Zorro expresara su frustraci\u00f3n por la no aprobaci\u00f3n del super\u00e1vit, advirtiendo que ya hay consecuencias para la ciudadan\u00eda, especialmente en sectores como la salud, cultura y &hellip;","og_url":"https:\/\/marthacifuentes.com\/portada\/superavit-en-disputa-zorro-y-garcia-protagonizan-cruce-por-bloqueo-de-recursos-en-casanare\/","og_site_name":"\u25b7 Noticias de Casanare : Martha Cifuentes | Casanare","article_published_time":"2025-06-06T15:42:11+00:00","og_image":[{"width":552,"height":312,"url":"https:\/\/marthacifuentes.com\/portada\/wp-content\/uploads\/2025\/06\/May.-2025-9-1-1.png","type":"image\/png"}],"author":"Martha Cifuentes","twitter_card":"summary_large_image","twitter_misc":{"Escrito por":"Martha Cifuentes","Tiempo de lectura":"2 minutos"},"schema":{"@context":"https:\/\/schema.org","@graph":[{"@type":"WebPage","@id":"https:\/\/marthacifuentes.com\/portada\/superavit-en-disputa-zorro-y-garcia-protagonizan-cruce-por-bloqueo-de-recursos-en-casanare\/","url":"https:\/\/marthacifuentes.com\/portada\/superavit-en-disputa-zorro-y-garcia-protagonizan-cruce-por-bloqueo-de-recursos-en-casanare\/","name":"Super\u00e1vit en disputa: Zorro y Garc\u00eda protagonizan cruce por bloqueo de recursos en Casanare - \u25b7 Noticias de Casanare : Martha Cifuentes | Casanare","isPartOf":{"@id":"https:\/\/marthacifuentes.com\/portada\/#website"},"primaryImageOfPage":{"@id":"https:\/\/marthacifuentes.com\/portada\/superavit-en-disputa-zorro-y-garcia-protagonizan-cruce-por-bloqueo-de-recursos-en-casanare\/#primaryimage"},"image":{"@id":"https:\/\/marthacifuentes.com\/portada\/superavit-en-disputa-zorro-y-garcia-protagonizan-cruce-por-bloqueo-de-recursos-en-casanare\/#primaryimage"},"thumbnailUrl":"https:\/\/marthacifuentes.com\/portada\/wp-content\/uploads\/2025\/06\/May.-2025-9-1-1.png","datePublished":"2025-06-06T15:42:11+00:00","author":{"@id":"https:\/\/marthacifuentes.com\/portada\/#\/schema\/person\/57f53174b991db5f90ff78d58502b714"},"breadcrumb":{"@id":"https:\/\/marthacifuentes.com\/portada\/superavit-en-disputa-zorro-y-garcia-protagonizan-cruce-por-bloqueo-de-recursos-en-casanare\/#breadcrumb"},"inLanguage":"es","potentialAction":[{"@type":"ReadAction","target":["https:\/\/marthacifuentes.com\/portada\/superavit-en-disputa-zorro-y-garcia-protagonizan-cruce-por-bloqueo-de-recursos-en-casanare\/"]}]},{"@type":"ImageObject","inLanguage":"es","@id":"https:\/\/marthacifuentes.com\/portada\/superavit-en-disputa-zorro-y-garcia-protagonizan-cruce-por-bloqueo-de-recursos-en-casanare\/#primaryimage","url":"https:\/\/marthacifuentes.com\/portada\/wp-content\/uploads\/2025\/06\/May.-2025-9-1-1.png","contentUrl":"https:\/\/marthacifuentes.com\/portada\/wp-content\/uploads\/2025\/06\/May.-2025-9-1-1.png","width":552,"height":312},{"@type":"BreadcrumbList","@id":"https:\/\/marthacifuentes.com\/portada\/superavit-en-disputa-zorro-y-garcia-protagonizan-cruce-por-bloqueo-de-recursos-en-casanare\/#breadcrumb","itemListElement":[{"@type":"ListItem","position":1,"name":"Portada","item":"https:\/\/marthacifuentes.com\/portada\/"},{"@type":"ListItem","position":2,"name":"Super\u00e1vit en disputa: Zorro y Garc\u00eda protagonizan cruce por bloqueo de recursos en Casanare"}]},{"@type":"WebSite","@id":"https:\/\/marthacifuentes.com\/portada\/#website","url":"https:\/\/marthacifuentes.com\/portada\/","name":"\u25b7 Noticias de Casanare : Martha Cifuentes | Casanare","description":"Noticias &amp; Contenidos","potentialAction":[{"@type":"SearchAction","target":{"@type":"EntryPoint","urlTemplate":"https:\/\/marthacifuentes.com\/portada\/?s={search_term_string}"},"query-input":{"@type":"PropertyValueSpecification","valueRequired":true,"valueName":"search_term_string"}}],"inLanguage":"es"},{"@type":"Person","@id":"https:\/\/marthacifuentes.com\/portada\/#\/schema\/person\/57f53174b991db5f90ff78d58502b714","name":"Martha Cifuentes","image":{"@type":"ImageObject","inLanguage":"es","@id":"https:\/\/marthacifuentes.com\/portada\/#\/schema\/person\/image\/","url":"http:\/\/marthacifuentes.com\/portada\/wp-content\/uploads\/2018\/06\/avatar_user_2_1528838701-96x96.jpg","contentUrl":"http:\/\/marthacifuentes.com\/portada\/wp-content\/uploads\/2018\/06\/avatar_user_2_1528838701-96x96.jpg","caption":"Martha Cifuentes"},"sameAs":["http:\/\/www.marthacifuentes.com"],"url":"https:\/\/marthacifuentes.com\/portada\/author\/martha\/"}]}},"_links":{"self":[{"href":"https:\/\/marthacifuentes.com\/portada\/wp-json\/wp\/v2\/posts\/38443","targetHints":{"allow":["GET"]}}],"collection":[{"href":"https:\/\/marthacifuentes.com\/portada\/wp-json\/wp\/v2\/posts"}],"about":[{"href":"https:\/\/marthacifuentes.com\/portada\/wp-json\/wp\/v2\/types\/post"}],"author":[{"embeddable":true,"href":"https:\/\/marthacifuentes.com\/portada\/wp-json\/wp\/v2\/users\/2"}],"replies":[{"embeddable":true,"href":"https:\/\/marthacifuentes.com\/portada\/wp-json\/wp\/v2\/comments?post=38443"}],"version-history":[{"count":1,"href":"https:\/\/marthacifuentes.com\/portada\/wp-json\/wp\/v2\/posts\/38443\/revisions"}],"predecessor-version":[{"id":38445,"href":"https:\/\/marthacifuentes.com\/portada\/wp-json\/wp\/v2\/posts\/38443\/revisions\/38445"}],"wp:featuredmedia":[{"embeddable":true,"href":"https:\/\/marthacifuentes.com\/portada\/wp-json\/wp\/v2\/media\/38444"}],"wp:attachment":[{"href":"https:\/\/marthacifuentes.com\/portada\/wp-json\/wp\/v2\/media?parent=38443"}],"wp:term":[{"taxonomy":"category","embeddable":true,"href":"https:\/\/marthacifuentes.com\/portada\/wp-json\/wp\/v2\/categories?post=38443"},{"taxonomy":"post_tag","embeddable":true,"href":"https:\/\/marthacifuentes.com\/portada\/wp-json\/wp\/v2\/tags?post=38443"}],"curies":[{"name":"wp","href":"https:\/\/api.w.org\/{rel}","templated":true}]}}