{"id":38519,"date":"2025-06-10T15:44:16","date_gmt":"2025-06-10T20:44:16","guid":{"rendered":"https:\/\/marthacifuentes.com\/portada\/?p=38519"},"modified":"2025-06-10T15:44:16","modified_gmt":"2025-06-10T20:44:16","slug":"se-amplia-plazo-para-aplicar-a-los-incentivos-de-pagos-por-servicios-ambientales-en-casanare","status":"publish","type":"post","link":"https:\/\/marthacifuentes.com\/portada\/se-amplia-plazo-para-aplicar-a-los-incentivos-de-pagos-por-servicios-ambientales-en-casanare\/","title":{"rendered":"Se ampl\u00eda plazo para aplicar a los incentivos de Pagos por Servicios Ambientales en Casanare"},"content":{"rendered":"<p data-start=\"275\" data-end=\"591\">La Gobernaci\u00f3n de Casanare, a trav\u00e9s de la Secretar\u00eda de Desarrollo Econ\u00f3mico, Agricultura, Ganader\u00eda y Medio Ambiente, anunci\u00f3 la ampliaci\u00f3n del plazo para postularse al programa de Pagos por Servicios Ambientales (PSA), enfocado este a\u00f1o en el fortalecimiento de unidades ap\u00edcolas como herramienta de conservaci\u00f3n.<\/p>\n<p data-start=\"593\" data-end=\"844\">La convocatoria seleccionar\u00e1 a <strong data-start=\"624\" data-end=\"642\">40 productores<\/strong> del departamento para entregarles <strong data-start=\"677\" data-end=\"714\">10 colmenas completamente dotadas<\/strong> a cada uno, como parte de acuerdos orientados a la protecci\u00f3n de ecosistemas y la promoci\u00f3n de pr\u00e1cticas productivas sostenibles.<\/p>\n<p data-start=\"846\" data-end=\"1148\">Con el fin de facilitar la participaci\u00f3n, la directora de Medio Ambiente de la Gobernaci\u00f3n, <strong data-start=\"938\" data-end=\"966\">Jessica Quintero Perilla<\/strong>, visitar\u00e1 el <strong data-start=\"980\" data-end=\"995\">11 de junio<\/strong> los municipios de <strong data-start=\"1014\" data-end=\"1034\">Nunch\u00eda y T\u00e1mara<\/strong>, y el <strong data-start=\"1041\" data-end=\"1056\">12 de junio<\/strong> <strong data-start=\"1057\" data-end=\"1082\">Paz de Ariporo y Pore<\/strong>, donde recibir\u00e1 directamente la documentaci\u00f3n de los interesados.<\/p>\n<h3 data-start=\"1150\" data-end=\"1183\">Requisitos y forma de entrega<\/h3>\n<p data-start=\"1185\" data-end=\"1270\">Los postulantes deber\u00e1n entregar antes del <strong data-start=\"1228\" data-end=\"1243\">13 de junio<\/strong> los siguientes documentos:<\/p>\n<ul data-start=\"1272\" data-end=\"1517\">\n<li data-start=\"1272\" data-end=\"1308\">\n<p data-start=\"1274\" data-end=\"1308\">Carta de manifestaci\u00f3n de inter\u00e9s.<\/p>\n<\/li>\n<li data-start=\"1309\" data-end=\"1344\">\n<p data-start=\"1311\" data-end=\"1344\">Copia del documento de identidad.<\/p>\n<\/li>\n<li data-start=\"1345\" data-end=\"1382\">\n<p data-start=\"1347\" data-end=\"1382\">Certificado de tenencia del predio.<\/p>\n<\/li>\n<li data-start=\"1383\" data-end=\"1475\">\n<p data-start=\"1385\" data-end=\"1475\">Constancia de no haber recibido beneficios de programas similares en los \u00faltimos dos a\u00f1os.<\/p>\n<\/li>\n<li data-start=\"1476\" data-end=\"1517\">\n<p data-start=\"1478\" data-end=\"1517\">Certificado de antecedentes judiciales.<\/p>\n<\/li>\n<\/ul>\n<p data-start=\"1519\" data-end=\"1692\">La documentaci\u00f3n puede radicarse en la oficina de correspondencia de la Gobernaci\u00f3n (primer piso) o en las Secretar\u00edas de Desarrollo Econ\u00f3mico de los municipios mencionados.<\/p>\n<p data-start=\"1694\" data-end=\"1971\">Jessica Quintero explic\u00f3 que esta etapa del programa se financia con recursos derivados del <strong data-start=\"1786\" data-end=\"1858\">1% de inversi\u00f3n obligatoria para la conservaci\u00f3n del recurso h\u00eddrico<\/strong>, conforme al art\u00edculo 111 de la Ley 99 de 1993, y en l\u00ednea con los Decretos <strong data-start=\"1935\" data-end=\"1951\">1076 de 2015<\/strong> y <strong data-start=\"1954\" data-end=\"1970\">1007 de 2018<\/strong>.<\/p>\n<h3 data-start=\"1973\" data-end=\"1996\">Enfoque territorial<\/h3>\n<p data-start=\"1998\" data-end=\"2280\">\u201cEl enfoque de este a\u00f1o est\u00e1 en el norte del departamento, luego de haber implementado la estrategia en municipios del sur como Aguazul, Ch\u00e1meza y Recetor. Para 2026, esperamos incluir nuevas zonas y avanzar hacia sistemas agroforestales y silvopastoriles\u201d, indic\u00f3 Quintero Perilla.<\/p>\n<p data-start=\"2282\" data-end=\"2551\">El programa busca <strong data-start=\"2300\" data-end=\"2340\">impulsar la sostenibilidad ambiental<\/strong>, el respaldo a <strong data-start=\"2356\" data-end=\"2379\">productores rurales<\/strong> y la <strong data-start=\"2385\" data-end=\"2433\">conservaci\u00f3n de los ecosistemas estrat\u00e9gicos<\/strong> de Casanare mediante incentivos concretos que promuevan el equilibrio entre producci\u00f3n y protecci\u00f3n de la naturaleza.<\/p>\n","protected":false},"excerpt":{"rendered":"<p>La Gobernaci\u00f3n de Casanare, a trav\u00e9s de la Secretar\u00eda de Desarrollo Econ\u00f3mico, Agricultura, Ganader\u00eda y Medio Ambiente, anunci\u00f3 la ampliaci\u00f3n del plazo para postularse al programa de Pagos por Servicios Ambientales (PSA), enfocado este a\u00f1o en el fortalecimiento de unidades ap\u00edcolas como herramienta de conservaci\u00f3n. La convocatoria seleccionar\u00e1 a 40 productores del departamento para entregarles &hellip;<\/p>\n","protected":false},"author":2,"featured_media":38520,"comment_status":"open","ping_status":"open","sticky":false,"template":"","format":"standard","meta":{"om_disable_all_campaigns":false,"_exactmetrics_skip_tracking":false,"_exactmetrics_sitenote_active":false,"_exactmetrics_sitenote_note":"","_exactmetrics_sitenote_category":0,"_monsterinsights_skip_tracking":false,"_monsterinsights_sitenote_active":false,"_monsterinsights_sitenote_note":"","_monsterinsights_sitenote_category":0,"_uf_show_specific_survey":0,"_uf_disable_surveys":false,"_joinchat":[],"footnotes":""},"categories":[147,146,145],"tags":[7529,13444,13453,13445,13456,13451,13448,9817,13458,13457,12806,12859,13461,13441,187,13460,13449,13455,1483,163,13442,268,503,13447,11016,13443,13454,13450,13440,13459,502,13452,13446],"class_list":["post-38519","post","type-post","status-publish","format-standard","has-post-thumbnail","hentry","category-actualidad","category-noticias","category-reportajes","tag-agricultura","tag-ampliacion-de-plazo","tag-antecedentes-judiciales","tag-apicultura","tag-articulo-111","tag-carta-de-interes","tag-colmenas","tag-conservacion","tag-decreto-1007-de-2018","tag-decreto-1076-de-2015","tag-ecosistemas","tag-enfoque-territorial","tag-equilibrio-produccion-naturaleza","tag-ganaderia-y-medio-ambiente","tag-gobernacion-de-casanare","tag-incentivos","tag-jessica-quintero-perilla","tag-ley-99-de-1993","tag-norte-de-casanare","tag-nunchia","tag-pagos-por-servicios-ambientales","tag-paz-de-ariporo","tag-pore","tag-practicas-sostenibles","tag-productores","tag-psa","tag-radicacion-de-documentos","tag-requisitos","tag-secretaria-de-desarrollo-economico","tag-sostenibilidad-ambiental","tag-tamara","tag-tenencia-del-predio","tag-unidades-apicolas"],"yoast_head":"<!-- This site is optimized with the Yoast SEO plugin v26.1 - https:\/\/yoast.com\/wordpress\/plugins\/seo\/ -->\n<title>Se ampl\u00eda plazo para aplicar a los incentivos de Pagos por Servicios Ambientales en Casanare - \u25b7 Noticias de Casanare : Martha Cifuentes | Casanare<\/title>\n<meta name=\"robots\" content=\"index, follow, max-snippet:-1, max-image-preview:large, max-video-preview:-1\" \/>\n<link rel=\"canonical\" href=\"https:\/\/marthacifuentes.com\/portada\/se-amplia-plazo-para-aplicar-a-los-incentivos-de-pagos-por-servicios-ambientales-en-casanare\/\" \/>\n<meta property=\"og:locale\" content=\"es_ES\" \/>\n<meta property=\"og:type\" content=\"article\" \/>\n<meta property=\"og:title\" content=\"Se ampl\u00eda plazo para aplicar a los incentivos de Pagos por Servicios Ambientales en Casanare - \u25b7 Noticias de Casanare : Martha Cifuentes | Casanare\" \/>\n<meta property=\"og:description\" content=\"La Gobernaci\u00f3n de Casanare, a trav\u00e9s de la Secretar\u00eda de Desarrollo Econ\u00f3mico, Agricultura, Ganader\u00eda y Medio Ambiente, anunci\u00f3 la ampliaci\u00f3n del plazo para postularse al programa de Pagos por Servicios Ambientales (PSA), enfocado este a\u00f1o en el fortalecimiento de unidades ap\u00edcolas como herramienta de conservaci\u00f3n. La convocatoria seleccionar\u00e1 a 40 productores del departamento para entregarles &hellip;\" \/>\n<meta property=\"og:url\" content=\"https:\/\/marthacifuentes.com\/portada\/se-amplia-plazo-para-aplicar-a-los-incentivos-de-pagos-por-servicios-ambientales-en-casanare\/\" \/>\n<meta property=\"og:site_name\" content=\"\u25b7 Noticias de Casanare : Martha Cifuentes | Casanare\" \/>\n<meta property=\"article:published_time\" content=\"2025-06-10T20:44:16+00:00\" \/>\n<meta property=\"og:image\" content=\"https:\/\/marthacifuentes.com\/portada\/wp-content\/uploads\/2025\/06\/PSA-Agricultura.jpg\" \/>\n\t<meta property=\"og:image:width\" content=\"1080\" \/>\n\t<meta property=\"og:image:height\" content=\"1350\" \/>\n\t<meta property=\"og:image:type\" content=\"image\/jpeg\" \/>\n<meta name=\"author\" content=\"Martha Cifuentes\" \/>\n<meta name=\"twitter:card\" content=\"summary_large_image\" \/>\n<meta name=\"twitter:label1\" content=\"Escrito por\" \/>\n\t<meta name=\"twitter:data1\" content=\"Martha Cifuentes\" \/>\n\t<meta name=\"twitter:label2\" content=\"Tiempo de lectura\" \/>\n\t<meta name=\"twitter:data2\" content=\"2 minutos\" \/>\n<script type=\"application\/ld+json\" class=\"yoast-schema-graph\">{\"@context\":\"https:\/\/schema.org\",\"@graph\":[{\"@type\":\"WebPage\",\"@id\":\"https:\/\/marthacifuentes.com\/portada\/se-amplia-plazo-para-aplicar-a-los-incentivos-de-pagos-por-servicios-ambientales-en-casanare\/\",\"url\":\"https:\/\/marthacifuentes.com\/portada\/se-amplia-plazo-para-aplicar-a-los-incentivos-de-pagos-por-servicios-ambientales-en-casanare\/\",\"name\":\"Se ampl\u00eda plazo para aplicar a los incentivos de Pagos por Servicios Ambientales en Casanare - \u25b7 Noticias de Casanare : Martha Cifuentes | Casanare\",\"isPartOf\":{\"@id\":\"https:\/\/marthacifuentes.com\/portada\/#website\"},\"primaryImageOfPage\":{\"@id\":\"https:\/\/marthacifuentes.com\/portada\/se-amplia-plazo-para-aplicar-a-los-incentivos-de-pagos-por-servicios-ambientales-en-casanare\/#primaryimage\"},\"image\":{\"@id\":\"https:\/\/marthacifuentes.com\/portada\/se-amplia-plazo-para-aplicar-a-los-incentivos-de-pagos-por-servicios-ambientales-en-casanare\/#primaryimage\"},\"thumbnailUrl\":\"https:\/\/marthacifuentes.com\/portada\/wp-content\/uploads\/2025\/06\/PSA-Agricultura.jpg\",\"datePublished\":\"2025-06-10T20:44:16+00:00\",\"author\":{\"@id\":\"https:\/\/marthacifuentes.com\/portada\/#\/schema\/person\/57f53174b991db5f90ff78d58502b714\"},\"breadcrumb\":{\"@id\":\"https:\/\/marthacifuentes.com\/portada\/se-amplia-plazo-para-aplicar-a-los-incentivos-de-pagos-por-servicios-ambientales-en-casanare\/#breadcrumb\"},\"inLanguage\":\"es\",\"potentialAction\":[{\"@type\":\"ReadAction\",\"target\":[\"https:\/\/marthacifuentes.com\/portada\/se-amplia-plazo-para-aplicar-a-los-incentivos-de-pagos-por-servicios-ambientales-en-casanare\/\"]}]},{\"@type\":\"ImageObject\",\"inLanguage\":\"es\",\"@id\":\"https:\/\/marthacifuentes.com\/portada\/se-amplia-plazo-para-aplicar-a-los-incentivos-de-pagos-por-servicios-ambientales-en-casanare\/#primaryimage\",\"url\":\"https:\/\/marthacifuentes.com\/portada\/wp-content\/uploads\/2025\/06\/PSA-Agricultura.jpg\",\"contentUrl\":\"https:\/\/marthacifuentes.com\/portada\/wp-content\/uploads\/2025\/06\/PSA-Agricultura.jpg\",\"width\":1080,\"height\":1350},{\"@type\":\"BreadcrumbList\",\"@id\":\"https:\/\/marthacifuentes.com\/portada\/se-amplia-plazo-para-aplicar-a-los-incentivos-de-pagos-por-servicios-ambientales-en-casanare\/#breadcrumb\",\"itemListElement\":[{\"@type\":\"ListItem\",\"position\":1,\"name\":\"Portada\",\"item\":\"https:\/\/marthacifuentes.com\/portada\/\"},{\"@type\":\"ListItem\",\"position\":2,\"name\":\"Se ampl\u00eda plazo para aplicar a los incentivos de Pagos por Servicios Ambientales en Casanare\"}]},{\"@type\":\"WebSite\",\"@id\":\"https:\/\/marthacifuentes.com\/portada\/#website\",\"url\":\"https:\/\/marthacifuentes.com\/portada\/\",\"name\":\"\u25b7 Noticias de Casanare : Martha Cifuentes | Casanare\",\"description\":\"Noticias &amp; Contenidos\",\"potentialAction\":[{\"@type\":\"SearchAction\",\"target\":{\"@type\":\"EntryPoint\",\"urlTemplate\":\"https:\/\/marthacifuentes.com\/portada\/?s={search_term_string}\"},\"query-input\":{\"@type\":\"PropertyValueSpecification\",\"valueRequired\":true,\"valueName\":\"search_term_string\"}}],\"inLanguage\":\"es\"},{\"@type\":\"Person\",\"@id\":\"https:\/\/marthacifuentes.com\/portada\/#\/schema\/person\/57f53174b991db5f90ff78d58502b714\",\"name\":\"Martha Cifuentes\",\"image\":{\"@type\":\"ImageObject\",\"inLanguage\":\"es\",\"@id\":\"https:\/\/marthacifuentes.com\/portada\/#\/schema\/person\/image\/\",\"url\":\"http:\/\/marthacifuentes.com\/portada\/wp-content\/uploads\/2018\/06\/avatar_user_2_1528838701-96x96.jpg\",\"contentUrl\":\"http:\/\/marthacifuentes.com\/portada\/wp-content\/uploads\/2018\/06\/avatar_user_2_1528838701-96x96.jpg\",\"caption\":\"Martha Cifuentes\"},\"sameAs\":[\"http:\/\/www.marthacifuentes.com\"],\"url\":\"https:\/\/marthacifuentes.com\/portada\/author\/martha\/\"}]}<\/script>\n<!-- \/ Yoast SEO plugin. -->","yoast_head_json":{"title":"Se ampl\u00eda plazo para aplicar a los incentivos de Pagos por Servicios Ambientales en Casanare - \u25b7 Noticias de Casanare : Martha Cifuentes | Casanare","robots":{"index":"index","follow":"follow","max-snippet":"max-snippet:-1","max-image-preview":"max-image-preview:large","max-video-preview":"max-video-preview:-1"},"canonical":"https:\/\/marthacifuentes.com\/portada\/se-amplia-plazo-para-aplicar-a-los-incentivos-de-pagos-por-servicios-ambientales-en-casanare\/","og_locale":"es_ES","og_type":"article","og_title":"Se ampl\u00eda plazo para aplicar a los incentivos de Pagos por Servicios Ambientales en Casanare - \u25b7 Noticias de Casanare : Martha Cifuentes | Casanare","og_description":"La Gobernaci\u00f3n de Casanare, a trav\u00e9s de la Secretar\u00eda de Desarrollo Econ\u00f3mico, Agricultura, Ganader\u00eda y Medio Ambiente, anunci\u00f3 la ampliaci\u00f3n del plazo para postularse al programa de Pagos por Servicios Ambientales (PSA), enfocado este a\u00f1o en el fortalecimiento de unidades ap\u00edcolas como herramienta de conservaci\u00f3n. La convocatoria seleccionar\u00e1 a 40 productores del departamento para entregarles &hellip;","og_url":"https:\/\/marthacifuentes.com\/portada\/se-amplia-plazo-para-aplicar-a-los-incentivos-de-pagos-por-servicios-ambientales-en-casanare\/","og_site_name":"\u25b7 Noticias de Casanare : Martha Cifuentes | Casanare","article_published_time":"2025-06-10T20:44:16+00:00","og_image":[{"width":1080,"height":1350,"url":"https:\/\/marthacifuentes.com\/portada\/wp-content\/uploads\/2025\/06\/PSA-Agricultura.jpg","type":"image\/jpeg"}],"author":"Martha Cifuentes","twitter_card":"summary_large_image","twitter_misc":{"Escrito por":"Martha Cifuentes","Tiempo de lectura":"2 minutos"},"schema":{"@context":"https:\/\/schema.org","@graph":[{"@type":"WebPage","@id":"https:\/\/marthacifuentes.com\/portada\/se-amplia-plazo-para-aplicar-a-los-incentivos-de-pagos-por-servicios-ambientales-en-casanare\/","url":"https:\/\/marthacifuentes.com\/portada\/se-amplia-plazo-para-aplicar-a-los-incentivos-de-pagos-por-servicios-ambientales-en-casanare\/","name":"Se ampl\u00eda plazo para aplicar a los incentivos de Pagos por Servicios Ambientales en Casanare - \u25b7 Noticias de Casanare : Martha Cifuentes | Casanare","isPartOf":{"@id":"https:\/\/marthacifuentes.com\/portada\/#website"},"primaryImageOfPage":{"@id":"https:\/\/marthacifuentes.com\/portada\/se-amplia-plazo-para-aplicar-a-los-incentivos-de-pagos-por-servicios-ambientales-en-casanare\/#primaryimage"},"image":{"@id":"https:\/\/marthacifuentes.com\/portada\/se-amplia-plazo-para-aplicar-a-los-incentivos-de-pagos-por-servicios-ambientales-en-casanare\/#primaryimage"},"thumbnailUrl":"https:\/\/marthacifuentes.com\/portada\/wp-content\/uploads\/2025\/06\/PSA-Agricultura.jpg","datePublished":"2025-06-10T20:44:16+00:00","author":{"@id":"https:\/\/marthacifuentes.com\/portada\/#\/schema\/person\/57f53174b991db5f90ff78d58502b714"},"breadcrumb":{"@id":"https:\/\/marthacifuentes.com\/portada\/se-amplia-plazo-para-aplicar-a-los-incentivos-de-pagos-por-servicios-ambientales-en-casanare\/#breadcrumb"},"inLanguage":"es","potentialAction":[{"@type":"ReadAction","target":["https:\/\/marthacifuentes.com\/portada\/se-amplia-plazo-para-aplicar-a-los-incentivos-de-pagos-por-servicios-ambientales-en-casanare\/"]}]},{"@type":"ImageObject","inLanguage":"es","@id":"https:\/\/marthacifuentes.com\/portada\/se-amplia-plazo-para-aplicar-a-los-incentivos-de-pagos-por-servicios-ambientales-en-casanare\/#primaryimage","url":"https:\/\/marthacifuentes.com\/portada\/wp-content\/uploads\/2025\/06\/PSA-Agricultura.jpg","contentUrl":"https:\/\/marthacifuentes.com\/portada\/wp-content\/uploads\/2025\/06\/PSA-Agricultura.jpg","width":1080,"height":1350},{"@type":"BreadcrumbList","@id":"https:\/\/marthacifuentes.com\/portada\/se-amplia-plazo-para-aplicar-a-los-incentivos-de-pagos-por-servicios-ambientales-en-casanare\/#breadcrumb","itemListElement":[{"@type":"ListItem","position":1,"name":"Portada","item":"https:\/\/marthacifuentes.com\/portada\/"},{"@type":"ListItem","position":2,"name":"Se ampl\u00eda plazo para aplicar a los incentivos de Pagos por Servicios Ambientales en Casanare"}]},{"@type":"WebSite","@id":"https:\/\/marthacifuentes.com\/portada\/#website","url":"https:\/\/marthacifuentes.com\/portada\/","name":"\u25b7 Noticias de Casanare : Martha Cifuentes | Casanare","description":"Noticias &amp; Contenidos","potentialAction":[{"@type":"SearchAction","target":{"@type":"EntryPoint","urlTemplate":"https:\/\/marthacifuentes.com\/portada\/?s={search_term_string}"},"query-input":{"@type":"PropertyValueSpecification","valueRequired":true,"valueName":"search_term_string"}}],"inLanguage":"es"},{"@type":"Person","@id":"https:\/\/marthacifuentes.com\/portada\/#\/schema\/person\/57f53174b991db5f90ff78d58502b714","name":"Martha Cifuentes","image":{"@type":"ImageObject","inLanguage":"es","@id":"https:\/\/marthacifuentes.com\/portada\/#\/schema\/person\/image\/","url":"http:\/\/marthacifuentes.com\/portada\/wp-content\/uploads\/2018\/06\/avatar_user_2_1528838701-96x96.jpg","contentUrl":"http:\/\/marthacifuentes.com\/portada\/wp-content\/uploads\/2018\/06\/avatar_user_2_1528838701-96x96.jpg","caption":"Martha Cifuentes"},"sameAs":["http:\/\/www.marthacifuentes.com"],"url":"https:\/\/marthacifuentes.com\/portada\/author\/martha\/"}]}},"_links":{"self":[{"href":"https:\/\/marthacifuentes.com\/portada\/wp-json\/wp\/v2\/posts\/38519","targetHints":{"allow":["GET"]}}],"collection":[{"href":"https:\/\/marthacifuentes.com\/portada\/wp-json\/wp\/v2\/posts"}],"about":[{"href":"https:\/\/marthacifuentes.com\/portada\/wp-json\/wp\/v2\/types\/post"}],"author":[{"embeddable":true,"href":"https:\/\/marthacifuentes.com\/portada\/wp-json\/wp\/v2\/users\/2"}],"replies":[{"embeddable":true,"href":"https:\/\/marthacifuentes.com\/portada\/wp-json\/wp\/v2\/comments?post=38519"}],"version-history":[{"count":1,"href":"https:\/\/marthacifuentes.com\/portada\/wp-json\/wp\/v2\/posts\/38519\/revisions"}],"predecessor-version":[{"id":38521,"href":"https:\/\/marthacifuentes.com\/portada\/wp-json\/wp\/v2\/posts\/38519\/revisions\/38521"}],"wp:featuredmedia":[{"embeddable":true,"href":"https:\/\/marthacifuentes.com\/portada\/wp-json\/wp\/v2\/media\/38520"}],"wp:attachment":[{"href":"https:\/\/marthacifuentes.com\/portada\/wp-json\/wp\/v2\/media?parent=38519"}],"wp:term":[{"taxonomy":"category","embeddable":true,"href":"https:\/\/marthacifuentes.com\/portada\/wp-json\/wp\/v2\/categories?post=38519"},{"taxonomy":"post_tag","embeddable":true,"href":"https:\/\/marthacifuentes.com\/portada\/wp-json\/wp\/v2\/tags?post=38519"}],"curies":[{"name":"wp","href":"https:\/\/api.w.org\/{rel}","templated":true}]}}