{"id":38530,"date":"2025-06-11T09:26:06","date_gmt":"2025-06-11T14:26:06","guid":{"rendered":"https:\/\/marthacifuentes.com\/portada\/?p=38530"},"modified":"2025-06-11T09:26:06","modified_gmt":"2025-06-11T14:26:06","slug":"la-recusacion-se-le-devolvio-wilder-avila-pasa-de-acusador-a-acusado-ante-el-tribunal-administrativo-de-casanare","status":"publish","type":"post","link":"https:\/\/marthacifuentes.com\/portada\/la-recusacion-se-le-devolvio-wilder-avila-pasa-de-acusador-a-acusado-ante-el-tribunal-administrativo-de-casanare\/","title":{"rendered":"La recusaci\u00f3n se le devolvi\u00f3: Wilder \u00c1vila pasa de acusador a acusado ante el Tribunal Administrativo de Casanare"},"content":{"rendered":"<p><strong>De recusador a acusado: la recusaci\u00f3n que impuls\u00f3 contra diputada Marisela Duarte hoy lo pone en riesgo de perder su investidura<\/strong><\/p>\n<p><strong>Yopal, Casanare \u2013 junio de 2025<\/strong> | El Tribunal Administrativo de Casanare admiti\u00f3 una demanda de p\u00e9rdida de investidura contra el diputado <strong>Wilder Andr\u00e9s \u00c1vila Tibavija<\/strong>, por presunta violaci\u00f3n al r\u00e9gimen de conflicto de intereses. El proceso fue promovido por <strong>Hern\u00e1n Mateo Tarquino Rinc\u00f3n<\/strong>, segundo en la lista con la que fue elegido \u00c1vila, quien podr\u00eda asumir la curul en caso de que esta se declare vacante.<\/p>\n<p>El centro del debate es la actuaci\u00f3n del diputado \u00c1vila en la sesi\u00f3n plenaria del 28 de noviembre de 2024, cuando present\u00f3 una <strong>recusaci\u00f3n contra la diputada Marisela Duarte Rodr\u00edguez<\/strong> y luego <strong>particip\u00f3 activamente en la votaci\u00f3n de esa misma recusaci\u00f3n<\/strong>, votando afirmativamente.<\/p>\n<p>&nbsp;<\/p>\n<p><strong>Una recusaci\u00f3n que vuelve como b\u00fameran<\/strong><\/p>\n<p>Seg\u00fan el demandante, al intervenir y votar la recusaci\u00f3n que \u00e9l mismo formul\u00f3, el diputado <strong>incurri\u00f3 en una conducta incompatible con los principios de imparcialidad y deber de abstenci\u00f3n<\/strong>, vulnerando lo establecido en el art\u00edculo 48 de la Ley 617 de 2000 y el art\u00edculo 60 de la Ley 2200 de 2022. La demanda sostiene que \u00c1vila debi\u00f3 abstenerse, pues ten\u00eda un inter\u00e9s directo en el resultado: la exclusi\u00f3n de una colega del proceso de elecci\u00f3n del Secretario General.<\/p>\n<p>El caso cobra especial relevancia porque \u00c1vila, adem\u00e1s de ser parte interesada, era <strong>autor del reglamento interno de la Asamblea<\/strong>, aprobado en enero de 2024, y se desempe\u00f1aba como <strong>Primer Vicepresidente<\/strong> y <strong>Presidente de la Comisi\u00f3n de \u00c9tica<\/strong>. Para el demandante, esto agrava su posible responsabilidad y deja sin justificaci\u00f3n v\u00e1lida su intervenci\u00f3n en el tr\u00e1mite.<\/p>\n<p><img loading=\"lazy\" decoding=\"async\" class=\"size-full wp-image-38525 aligncenter\" src=\"https:\/\/marthacifuentes.com\/portada\/wp-content\/uploads\/2025\/06\/foto-interna-wilder-avila.png\" alt=\"\" width=\"567\" height=\"503\" srcset=\"https:\/\/marthacifuentes.com\/portada\/wp-content\/uploads\/2025\/06\/foto-interna-wilder-avila.png 567w, https:\/\/marthacifuentes.com\/portada\/wp-content\/uploads\/2025\/06\/foto-interna-wilder-avila-300x266.png 300w\" sizes=\"auto, (max-width: 567px) 100vw, 567px\" \/><\/p>\n<p><strong>\u00bfY los otros diputados que hicieron lo mismo?<\/strong><\/p>\n<p>Durante esa misma plenaria se presentaron otras recusaciones. Los diputados <strong>Juan Fernando Mancipe<\/strong> y <strong>Alejandro L\u00f3pez<\/strong> tambi\u00e9n <strong>formularon recusaciones contra otros colegas<\/strong> y, al igual que \u00c1vila, <strong>votaron en ellas<\/strong>.<\/p>\n<p>Si prospera la tesis jur\u00eddica de la demanda \u2014que considera esa conducta una violaci\u00f3n del r\u00e9gimen de conflicto de intereses\u2014, <strong>estos dos diputados tambi\u00e9n podr\u00edan ser objeto de futuras demandas de p\u00e9rdida de investidura<\/strong>. Esto abre un posible efecto domin\u00f3 dentro de la Asamblea Departamental.<\/p>\n<p>&nbsp;<\/p>\n<p><strong>Expertos consultados discrepan<\/strong><\/p>\n<p>Consultados por este medio, <strong>dos abogados expertos en derecho p\u00fablico ofrecieron opiniones opuestas<\/strong> sobre el caso. Uno de ellos asegur\u00f3 que la demanda <strong>s\u00ed tiene asidero legal<\/strong>, ya que considera que el principio de imparcialidad exige que quien presenta una recusaci\u00f3n no participe en su votaci\u00f3n, por tratarse de una actuaci\u00f3n con inter\u00e9s directo. Adujo que el diputado recusante no puede ser juez y parte.<\/p>\n<p>Sin embargo, otro jurista \u2014quien pidi\u00f3 reserva de su nombre\u2014 sostuvo que \u201c<strong>no hay ilegalidad alguna en que el recusante vote su propia recusaci\u00f3n<\/strong>\u201d. A\u00f1adi\u00f3 que \u201c<strong>ni la Constituci\u00f3n ni la ley proh\u00edben expresamente esa participaci\u00f3n<\/strong>\u201d, y que incluso en esa misma sesi\u00f3n, el diputado <strong>Alejandro L\u00f3pez<\/strong>, abogado de profesi\u00f3n, <strong>recus\u00f3 a otro diputado y vot\u00f3 dicha recusaci\u00f3n<\/strong>. \u201cUn abogado que conoce el reglamento y las normas nacionales dif\u00edcilmente se expondr\u00eda a una ilegalidad que lo marginar\u00eda de la Asamblea\u201d, concluy\u00f3.<\/p>\n<p>Estas visiones contrapuestas muestran que <strong>el debate sobre el alcance del conflicto de intereses en este tipo de casos est\u00e1 lejos de ser pac\u00edfico<\/strong>, y ser\u00e1 el Tribunal quien deber\u00e1 zanjar la controversia a trav\u00e9s del fallo definitivo.<\/p>\n<p>&nbsp;<\/p>\n<p><strong>Lo que sigue: juicio por imparcialidad y \u00e9tica p\u00fablica<\/strong><\/p>\n<p>La demanda fue admitida por el Tribunal Administrativo de Casanare. Orden\u00f3 notificar al diputado y al Ministerio P\u00fablico. A partir de ahora, el proceso entra en etapa probatoria, donde se definir\u00e1 si la actuaci\u00f3n de \u00c1vila constituye causal suficiente para la p\u00e9rdida de su investidura.<\/p>\n<p>&nbsp;<\/p>\n<p><strong>Una curul en juego<\/strong><\/p>\n<p>Si el fallo resulta adverso, la curul de \u00c1vila quedar\u00eda vacante, y ser\u00eda ocupada por <strong>Hern\u00e1n Mateo Tarquino<\/strong>, el mismo ciudadano que interpuso la demanda. Aunque esto ha generado suspicacias, el debate central gira en torno a <strong>la legalidad y la \u00e9tica de una actuaci\u00f3n institucional que podr\u00eda marcar un precedente en cuerpos colegiados<\/strong>.<\/p>\n","protected":false},"excerpt":{"rendered":"<p>De recusador a acusado: la recusaci\u00f3n que impuls\u00f3 contra diputada Marisela Duarte hoy lo pone en riesgo de perder su investidura Yopal, Casanare \u2013 junio de 2025 | El Tribunal Administrativo de Casanare admiti\u00f3 una demanda de p\u00e9rdida de investidura contra el diputado Wilder Andr\u00e9s \u00c1vila Tibavija, por presunta violaci\u00f3n al r\u00e9gimen de conflicto de &hellip;<\/p>\n","protected":false},"author":2,"featured_media":38526,"comment_status":"open","ping_status":"open","sticky":false,"template":"","format":"standard","meta":{"om_disable_all_campaigns":false,"_exactmetrics_skip_tracking":false,"_exactmetrics_sitenote_active":false,"_exactmetrics_sitenote_note":"","_exactmetrics_sitenote_category":0,"_monsterinsights_skip_tracking":false,"_monsterinsights_sitenote_active":false,"_monsterinsights_sitenote_note":"","_monsterinsights_sitenote_category":0,"_uf_show_specific_survey":0,"_uf_disable_surveys":false,"_joinchat":[],"footnotes":""},"categories":[147,146,145],"tags":[13488,8015,9126,13489,12191,13499,13493,13498,13482,13490,13484,13492,13494,13487,10078,13495,13491,13497,13486,13485,1812,2418,1329,13401,13483,332,13496],"class_list":["post-38530","post","type-post","status-publish","format-standard","has-post-thumbnail","hentry","category-actualidad","category-noticias","category-reportajes","tag-abstencion","tag-alejandro-lopez","tag-asamblea-departamental-de-casanare","tag-comision-de-etica","tag-conflicto-de-intereses","tag-cuerpo-colegiado","tag-curul-vacante","tag-derecho-publico","tag-diputado-wilder-andres-avila-tibavija","tag-efecto-domino","tag-eleccion-secretario-general","tag-etica-publica","tag-hernan-mateo-tarquino-rincon","tag-imparcialidad","tag-juan-fernando-mancipe","tag-juicio-politico","tag-jurisprudencia","tag-jurisprudencia-contradictoria","tag-ley-2200-de-2022","tag-ley-617-de-2000","tag-marisela-duarte","tag-perdida-de-investidura","tag-recusacion","tag-reglamento-interno","tag-sesion-plenaria-28-de-noviembre-2024","tag-tribunal-administrativo-de-casanare","tag-voto-recusacion"],"yoast_head":"<!-- This site is optimized with the Yoast SEO plugin v26.1 - https:\/\/yoast.com\/wordpress\/plugins\/seo\/ -->\n<title>La recusaci\u00f3n se le devolvi\u00f3: Wilder \u00c1vila pasa de acusador a acusado ante el Tribunal Administrativo de Casanare - \u25b7 Noticias de Casanare : Martha Cifuentes | Casanare<\/title>\n<meta name=\"robots\" content=\"index, follow, max-snippet:-1, max-image-preview:large, max-video-preview:-1\" \/>\n<link rel=\"canonical\" href=\"https:\/\/marthacifuentes.com\/portada\/la-recusacion-se-le-devolvio-wilder-avila-pasa-de-acusador-a-acusado-ante-el-tribunal-administrativo-de-casanare\/\" \/>\n<meta property=\"og:locale\" content=\"es_ES\" \/>\n<meta property=\"og:type\" content=\"article\" \/>\n<meta property=\"og:title\" content=\"La recusaci\u00f3n se le devolvi\u00f3: Wilder \u00c1vila pasa de acusador a acusado ante el Tribunal Administrativo de Casanare - \u25b7 Noticias de Casanare : Martha Cifuentes | Casanare\" \/>\n<meta property=\"og:description\" content=\"De recusador a acusado: la recusaci\u00f3n que impuls\u00f3 contra diputada Marisela Duarte hoy lo pone en riesgo de perder su investidura Yopal, Casanare \u2013 junio de 2025 | El Tribunal Administrativo de Casanare admiti\u00f3 una demanda de p\u00e9rdida de investidura contra el diputado Wilder Andr\u00e9s \u00c1vila Tibavija, por presunta violaci\u00f3n al r\u00e9gimen de conflicto de &hellip;\" \/>\n<meta property=\"og:url\" content=\"https:\/\/marthacifuentes.com\/portada\/la-recusacion-se-le-devolvio-wilder-avila-pasa-de-acusador-a-acusado-ante-el-tribunal-administrativo-de-casanare\/\" \/>\n<meta property=\"og:site_name\" content=\"\u25b7 Noticias de Casanare : Martha Cifuentes | Casanare\" \/>\n<meta property=\"article:published_time\" content=\"2025-06-11T14:26:06+00:00\" \/>\n<meta property=\"og:image\" content=\"https:\/\/marthacifuentes.com\/portada\/wp-content\/uploads\/2025\/06\/mateo-y-wilder-avila.png\" \/>\n\t<meta property=\"og:image:width\" content=\"1094\" \/>\n\t<meta property=\"og:image:height\" content=\"596\" \/>\n\t<meta property=\"og:image:type\" content=\"image\/png\" \/>\n<meta name=\"author\" content=\"Martha Cifuentes\" \/>\n<meta name=\"twitter:card\" content=\"summary_large_image\" \/>\n<meta name=\"twitter:label1\" content=\"Escrito por\" \/>\n\t<meta name=\"twitter:data1\" content=\"Martha Cifuentes\" \/>\n\t<meta name=\"twitter:label2\" content=\"Tiempo de lectura\" \/>\n\t<meta name=\"twitter:data2\" content=\"4 minutos\" \/>\n<script type=\"application\/ld+json\" class=\"yoast-schema-graph\">{\"@context\":\"https:\/\/schema.org\",\"@graph\":[{\"@type\":\"WebPage\",\"@id\":\"https:\/\/marthacifuentes.com\/portada\/la-recusacion-se-le-devolvio-wilder-avila-pasa-de-acusador-a-acusado-ante-el-tribunal-administrativo-de-casanare\/\",\"url\":\"https:\/\/marthacifuentes.com\/portada\/la-recusacion-se-le-devolvio-wilder-avila-pasa-de-acusador-a-acusado-ante-el-tribunal-administrativo-de-casanare\/\",\"name\":\"La recusaci\u00f3n se le devolvi\u00f3: Wilder \u00c1vila pasa de acusador a acusado ante el Tribunal Administrativo de Casanare - \u25b7 Noticias de Casanare : Martha Cifuentes | Casanare\",\"isPartOf\":{\"@id\":\"https:\/\/marthacifuentes.com\/portada\/#website\"},\"primaryImageOfPage\":{\"@id\":\"https:\/\/marthacifuentes.com\/portada\/la-recusacion-se-le-devolvio-wilder-avila-pasa-de-acusador-a-acusado-ante-el-tribunal-administrativo-de-casanare\/#primaryimage\"},\"image\":{\"@id\":\"https:\/\/marthacifuentes.com\/portada\/la-recusacion-se-le-devolvio-wilder-avila-pasa-de-acusador-a-acusado-ante-el-tribunal-administrativo-de-casanare\/#primaryimage\"},\"thumbnailUrl\":\"https:\/\/marthacifuentes.com\/portada\/wp-content\/uploads\/2025\/06\/mateo-y-wilder-avila.png\",\"datePublished\":\"2025-06-11T14:26:06+00:00\",\"author\":{\"@id\":\"https:\/\/marthacifuentes.com\/portada\/#\/schema\/person\/57f53174b991db5f90ff78d58502b714\"},\"breadcrumb\":{\"@id\":\"https:\/\/marthacifuentes.com\/portada\/la-recusacion-se-le-devolvio-wilder-avila-pasa-de-acusador-a-acusado-ante-el-tribunal-administrativo-de-casanare\/#breadcrumb\"},\"inLanguage\":\"es\",\"potentialAction\":[{\"@type\":\"ReadAction\",\"target\":[\"https:\/\/marthacifuentes.com\/portada\/la-recusacion-se-le-devolvio-wilder-avila-pasa-de-acusador-a-acusado-ante-el-tribunal-administrativo-de-casanare\/\"]}]},{\"@type\":\"ImageObject\",\"inLanguage\":\"es\",\"@id\":\"https:\/\/marthacifuentes.com\/portada\/la-recusacion-se-le-devolvio-wilder-avila-pasa-de-acusador-a-acusado-ante-el-tribunal-administrativo-de-casanare\/#primaryimage\",\"url\":\"https:\/\/marthacifuentes.com\/portada\/wp-content\/uploads\/2025\/06\/mateo-y-wilder-avila.png\",\"contentUrl\":\"https:\/\/marthacifuentes.com\/portada\/wp-content\/uploads\/2025\/06\/mateo-y-wilder-avila.png\",\"width\":1094,\"height\":596},{\"@type\":\"BreadcrumbList\",\"@id\":\"https:\/\/marthacifuentes.com\/portada\/la-recusacion-se-le-devolvio-wilder-avila-pasa-de-acusador-a-acusado-ante-el-tribunal-administrativo-de-casanare\/#breadcrumb\",\"itemListElement\":[{\"@type\":\"ListItem\",\"position\":1,\"name\":\"Portada\",\"item\":\"https:\/\/marthacifuentes.com\/portada\/\"},{\"@type\":\"ListItem\",\"position\":2,\"name\":\"La recusaci\u00f3n se le devolvi\u00f3: Wilder \u00c1vila pasa de acusador a acusado ante el Tribunal Administrativo de Casanare\"}]},{\"@type\":\"WebSite\",\"@id\":\"https:\/\/marthacifuentes.com\/portada\/#website\",\"url\":\"https:\/\/marthacifuentes.com\/portada\/\",\"name\":\"\u25b7 Noticias de Casanare : Martha Cifuentes | Casanare\",\"description\":\"Noticias &amp; Contenidos\",\"potentialAction\":[{\"@type\":\"SearchAction\",\"target\":{\"@type\":\"EntryPoint\",\"urlTemplate\":\"https:\/\/marthacifuentes.com\/portada\/?s={search_term_string}\"},\"query-input\":{\"@type\":\"PropertyValueSpecification\",\"valueRequired\":true,\"valueName\":\"search_term_string\"}}],\"inLanguage\":\"es\"},{\"@type\":\"Person\",\"@id\":\"https:\/\/marthacifuentes.com\/portada\/#\/schema\/person\/57f53174b991db5f90ff78d58502b714\",\"name\":\"Martha Cifuentes\",\"image\":{\"@type\":\"ImageObject\",\"inLanguage\":\"es\",\"@id\":\"https:\/\/marthacifuentes.com\/portada\/#\/schema\/person\/image\/\",\"url\":\"http:\/\/marthacifuentes.com\/portada\/wp-content\/uploads\/2018\/06\/avatar_user_2_1528838701-96x96.jpg\",\"contentUrl\":\"http:\/\/marthacifuentes.com\/portada\/wp-content\/uploads\/2018\/06\/avatar_user_2_1528838701-96x96.jpg\",\"caption\":\"Martha Cifuentes\"},\"sameAs\":[\"http:\/\/www.marthacifuentes.com\"],\"url\":\"https:\/\/marthacifuentes.com\/portada\/author\/martha\/\"}]}<\/script>\n<!-- \/ Yoast SEO plugin. -->","yoast_head_json":{"title":"La recusaci\u00f3n se le devolvi\u00f3: Wilder \u00c1vila pasa de acusador a acusado ante el Tribunal Administrativo de Casanare - \u25b7 Noticias de Casanare : Martha Cifuentes | Casanare","robots":{"index":"index","follow":"follow","max-snippet":"max-snippet:-1","max-image-preview":"max-image-preview:large","max-video-preview":"max-video-preview:-1"},"canonical":"https:\/\/marthacifuentes.com\/portada\/la-recusacion-se-le-devolvio-wilder-avila-pasa-de-acusador-a-acusado-ante-el-tribunal-administrativo-de-casanare\/","og_locale":"es_ES","og_type":"article","og_title":"La recusaci\u00f3n se le devolvi\u00f3: Wilder \u00c1vila pasa de acusador a acusado ante el Tribunal Administrativo de Casanare - \u25b7 Noticias de Casanare : Martha Cifuentes | Casanare","og_description":"De recusador a acusado: la recusaci\u00f3n que impuls\u00f3 contra diputada Marisela Duarte hoy lo pone en riesgo de perder su investidura Yopal, Casanare \u2013 junio de 2025 | El Tribunal Administrativo de Casanare admiti\u00f3 una demanda de p\u00e9rdida de investidura contra el diputado Wilder Andr\u00e9s \u00c1vila Tibavija, por presunta violaci\u00f3n al r\u00e9gimen de conflicto de &hellip;","og_url":"https:\/\/marthacifuentes.com\/portada\/la-recusacion-se-le-devolvio-wilder-avila-pasa-de-acusador-a-acusado-ante-el-tribunal-administrativo-de-casanare\/","og_site_name":"\u25b7 Noticias de Casanare : Martha Cifuentes | Casanare","article_published_time":"2025-06-11T14:26:06+00:00","og_image":[{"width":1094,"height":596,"url":"https:\/\/marthacifuentes.com\/portada\/wp-content\/uploads\/2025\/06\/mateo-y-wilder-avila.png","type":"image\/png"}],"author":"Martha Cifuentes","twitter_card":"summary_large_image","twitter_misc":{"Escrito por":"Martha Cifuentes","Tiempo de lectura":"4 minutos"},"schema":{"@context":"https:\/\/schema.org","@graph":[{"@type":"WebPage","@id":"https:\/\/marthacifuentes.com\/portada\/la-recusacion-se-le-devolvio-wilder-avila-pasa-de-acusador-a-acusado-ante-el-tribunal-administrativo-de-casanare\/","url":"https:\/\/marthacifuentes.com\/portada\/la-recusacion-se-le-devolvio-wilder-avila-pasa-de-acusador-a-acusado-ante-el-tribunal-administrativo-de-casanare\/","name":"La recusaci\u00f3n se le devolvi\u00f3: Wilder \u00c1vila pasa de acusador a acusado ante el Tribunal Administrativo de Casanare - \u25b7 Noticias de Casanare : Martha Cifuentes | Casanare","isPartOf":{"@id":"https:\/\/marthacifuentes.com\/portada\/#website"},"primaryImageOfPage":{"@id":"https:\/\/marthacifuentes.com\/portada\/la-recusacion-se-le-devolvio-wilder-avila-pasa-de-acusador-a-acusado-ante-el-tribunal-administrativo-de-casanare\/#primaryimage"},"image":{"@id":"https:\/\/marthacifuentes.com\/portada\/la-recusacion-se-le-devolvio-wilder-avila-pasa-de-acusador-a-acusado-ante-el-tribunal-administrativo-de-casanare\/#primaryimage"},"thumbnailUrl":"https:\/\/marthacifuentes.com\/portada\/wp-content\/uploads\/2025\/06\/mateo-y-wilder-avila.png","datePublished":"2025-06-11T14:26:06+00:00","author":{"@id":"https:\/\/marthacifuentes.com\/portada\/#\/schema\/person\/57f53174b991db5f90ff78d58502b714"},"breadcrumb":{"@id":"https:\/\/marthacifuentes.com\/portada\/la-recusacion-se-le-devolvio-wilder-avila-pasa-de-acusador-a-acusado-ante-el-tribunal-administrativo-de-casanare\/#breadcrumb"},"inLanguage":"es","potentialAction":[{"@type":"ReadAction","target":["https:\/\/marthacifuentes.com\/portada\/la-recusacion-se-le-devolvio-wilder-avila-pasa-de-acusador-a-acusado-ante-el-tribunal-administrativo-de-casanare\/"]}]},{"@type":"ImageObject","inLanguage":"es","@id":"https:\/\/marthacifuentes.com\/portada\/la-recusacion-se-le-devolvio-wilder-avila-pasa-de-acusador-a-acusado-ante-el-tribunal-administrativo-de-casanare\/#primaryimage","url":"https:\/\/marthacifuentes.com\/portada\/wp-content\/uploads\/2025\/06\/mateo-y-wilder-avila.png","contentUrl":"https:\/\/marthacifuentes.com\/portada\/wp-content\/uploads\/2025\/06\/mateo-y-wilder-avila.png","width":1094,"height":596},{"@type":"BreadcrumbList","@id":"https:\/\/marthacifuentes.com\/portada\/la-recusacion-se-le-devolvio-wilder-avila-pasa-de-acusador-a-acusado-ante-el-tribunal-administrativo-de-casanare\/#breadcrumb","itemListElement":[{"@type":"ListItem","position":1,"name":"Portada","item":"https:\/\/marthacifuentes.com\/portada\/"},{"@type":"ListItem","position":2,"name":"La recusaci\u00f3n se le devolvi\u00f3: Wilder \u00c1vila pasa de acusador a acusado ante el Tribunal Administrativo de Casanare"}]},{"@type":"WebSite","@id":"https:\/\/marthacifuentes.com\/portada\/#website","url":"https:\/\/marthacifuentes.com\/portada\/","name":"\u25b7 Noticias de Casanare : Martha Cifuentes | Casanare","description":"Noticias &amp; Contenidos","potentialAction":[{"@type":"SearchAction","target":{"@type":"EntryPoint","urlTemplate":"https:\/\/marthacifuentes.com\/portada\/?s={search_term_string}"},"query-input":{"@type":"PropertyValueSpecification","valueRequired":true,"valueName":"search_term_string"}}],"inLanguage":"es"},{"@type":"Person","@id":"https:\/\/marthacifuentes.com\/portada\/#\/schema\/person\/57f53174b991db5f90ff78d58502b714","name":"Martha Cifuentes","image":{"@type":"ImageObject","inLanguage":"es","@id":"https:\/\/marthacifuentes.com\/portada\/#\/schema\/person\/image\/","url":"http:\/\/marthacifuentes.com\/portada\/wp-content\/uploads\/2018\/06\/avatar_user_2_1528838701-96x96.jpg","contentUrl":"http:\/\/marthacifuentes.com\/portada\/wp-content\/uploads\/2018\/06\/avatar_user_2_1528838701-96x96.jpg","caption":"Martha Cifuentes"},"sameAs":["http:\/\/www.marthacifuentes.com"],"url":"https:\/\/marthacifuentes.com\/portada\/author\/martha\/"}]}},"_links":{"self":[{"href":"https:\/\/marthacifuentes.com\/portada\/wp-json\/wp\/v2\/posts\/38530","targetHints":{"allow":["GET"]}}],"collection":[{"href":"https:\/\/marthacifuentes.com\/portada\/wp-json\/wp\/v2\/posts"}],"about":[{"href":"https:\/\/marthacifuentes.com\/portada\/wp-json\/wp\/v2\/types\/post"}],"author":[{"embeddable":true,"href":"https:\/\/marthacifuentes.com\/portada\/wp-json\/wp\/v2\/users\/2"}],"replies":[{"embeddable":true,"href":"https:\/\/marthacifuentes.com\/portada\/wp-json\/wp\/v2\/comments?post=38530"}],"version-history":[{"count":1,"href":"https:\/\/marthacifuentes.com\/portada\/wp-json\/wp\/v2\/posts\/38530\/revisions"}],"predecessor-version":[{"id":38531,"href":"https:\/\/marthacifuentes.com\/portada\/wp-json\/wp\/v2\/posts\/38530\/revisions\/38531"}],"wp:featuredmedia":[{"embeddable":true,"href":"https:\/\/marthacifuentes.com\/portada\/wp-json\/wp\/v2\/media\/38526"}],"wp:attachment":[{"href":"https:\/\/marthacifuentes.com\/portada\/wp-json\/wp\/v2\/media?parent=38530"}],"wp:term":[{"taxonomy":"category","embeddable":true,"href":"https:\/\/marthacifuentes.com\/portada\/wp-json\/wp\/v2\/categories?post=38530"},{"taxonomy":"post_tag","embeddable":true,"href":"https:\/\/marthacifuentes.com\/portada\/wp-json\/wp\/v2\/tags?post=38530"}],"curies":[{"name":"wp","href":"https:\/\/api.w.org\/{rel}","templated":true}]}}