{"id":38540,"date":"2025-06-12T08:55:16","date_gmt":"2025-06-12T13:55:16","guid":{"rendered":"https:\/\/marthacifuentes.com\/portada\/?p=38540"},"modified":"2025-06-12T08:55:16","modified_gmt":"2025-06-12T13:55:16","slug":"concesionario-de-parque-de-las-aguas-activa-salvavidas-judicial-tutela-contra-el-indev-por-presunto-debido-proceso","status":"publish","type":"post","link":"https:\/\/marthacifuentes.com\/portada\/concesionario-de-parque-de-las-aguas-activa-salvavidas-judicial-tutela-contra-el-indev-por-presunto-debido-proceso\/","title":{"rendered":"Concesionario de Parque de las Aguas activa salvavidas judicial: tutela contra el INDEV por presunto debido proceso"},"content":{"rendered":"<p>El <b>Consorcio Nacua<\/b>, operador del Parque de las Aguas de Yopal hasta abril de este a\u00f1o, interpuso una <b>acci\u00f3n de tutela contra el Instituto de Vivienda de Yopal (INDEV)<\/b>, al considerar que la entidad <b>vulner\u00f3 su derecho fundamental al debido proceso<\/b> al declarar de forma unilateral la liquidaci\u00f3n del contrato de concesi\u00f3n N.\u00ba 001 de 2019.<\/p>\n<p>La tutela fue <b>admitida por el Juzgado Tercero Penal Municipal con Funciones Mixtas de Yopal<\/b> el pasado <b>9 de junio de 2025<\/b>.<\/p>\n<p>El juzgado orden\u00f3 al INDEV remitir el expediente administrativo del contrato en un plazo de dos d\u00edas y vincul\u00f3 al proceso a <b>La Previsora S.A.<\/b>, aseguradora de la p\u00f3liza de cumplimiento, y al <b>Tribunal Administrativo de Casanare<\/b>, entidad que ya conoce de otros litigios relacionados.<\/p>\n<p>&nbsp;<\/p>\n<p><b>Una disputa judicial que va en doble v\u00eda<\/b><\/p>\n<p>La acci\u00f3n de tutela es solo una parte del conflicto legal entre ambas partes. El contrato de concesi\u00f3n del Parque de las Aguas fue <b>firmado el 22 de julio de 2019<\/b> por un periodo de <b>10 a\u00f1os<\/b>, y desde su ejecuci\u00f3n ha estado envuelto en se\u00f1alamientos mutuos de incumplimiento.<\/p>\n<ul>\n<li aria-level=\"1\">En <b>2022<\/b>, el Consorcio Nacua demand\u00f3 al municipio de Yopal ante el <b>Tribunal Administrativo de Casanare<\/b>, solicitando <b>m\u00e1s de $9.000 millones de pesos<\/b> por perjuicios derivados de lo que considera una entrega incompleta y deficiente del parque, lo que habr\u00eda afectado el equilibrio econ\u00f3mico del contrato.<\/li>\n<li aria-level=\"1\">El <b>INDEV manifiesta que el Consorcio adeuda m\u00e1s de $1.500 millones de pesos<\/b> al concesionario y lo se\u00f1ala de presuntos incumplimientos operativos, falta de mantenimiento y omisiones en el funcionamiento de ciertas atracciones.<\/li>\n<\/ul>\n<p><img loading=\"lazy\" decoding=\"async\" class=\" wp-image-38537 aligncenter\" src=\"https:\/\/marthacifuentes.com\/portada\/wp-content\/uploads\/2025\/06\/tutela-nacua.png\" alt=\"\" width=\"468\" height=\"539\" srcset=\"https:\/\/marthacifuentes.com\/portada\/wp-content\/uploads\/2025\/06\/tutela-nacua.png 567w, https:\/\/marthacifuentes.com\/portada\/wp-content\/uploads\/2025\/06\/tutela-nacua-260x300.png 260w\" sizes=\"auto, (max-width: 468px) 100vw, 468px\" \/><\/p>\n<p><b>Parque activo hasta abril, pero con limitaciones<\/b><\/p>\n<p>El parque se mantuvo <b>en funcionamiento hasta el 28 de abril de 2025<\/b>, aunque <b>dos piscinas (la de olas y la infantil)<\/b> permanec\u00edan fuera de servicio. La <b>liquidaci\u00f3n unilateral fue notificada a finales de abril<\/b>, y desde entonces el INDEV asumi\u00f3 el control administrativo del predio.<\/p>\n<p>Seg\u00fan el INDEV el parque ser\u00e1 reabierto en pocos d\u00edas mientras se reorganiza su administraci\u00f3n y su futuro.<\/p>\n","protected":false},"excerpt":{"rendered":"<p>El Consorcio Nacua, operador del Parque de las Aguas de Yopal hasta abril de este a\u00f1o, interpuso una acci\u00f3n de tutela contra el Instituto de Vivienda de Yopal (INDEV), al considerar que la entidad vulner\u00f3 su derecho fundamental al debido proceso al declarar de forma unilateral la liquidaci\u00f3n del contrato de concesi\u00f3n N.\u00ba 001 de &hellip;<\/p>\n","protected":false},"author":2,"featured_media":38538,"comment_status":"open","ping_status":"open","sticky":false,"template":"","format":"standard","meta":{"om_disable_all_campaigns":false,"_exactmetrics_skip_tracking":false,"_exactmetrics_sitenote_active":false,"_exactmetrics_sitenote_note":"","_exactmetrics_sitenote_category":0,"_monsterinsights_skip_tracking":false,"_monsterinsights_sitenote_active":false,"_monsterinsights_sitenote_note":"","_monsterinsights_sitenote_category":0,"_uf_show_specific_survey":0,"_uf_disable_surveys":false,"_joinchat":[],"footnotes":""},"categories":[147,146,145],"tags":[13521,13519,13514,13526,13517,13516,13024,13025,13525,12631,333,1165,13520,13522,13081,9078,11663,13515,13524,2956,1082,13518,13523,10866,332,157],"class_list":["post-38540","post","type-post","status-publish","format-standard","has-post-thumbnail","hentry","category-actualidad","category-noticias","category-reportajes","tag-1-500-millones","tag-9-000-millones","tag-accion-de-tutela","tag-administracion-del-parque","tag-concesion-2019","tag-conflicto-legal","tag-consorcio-nacua","tag-contrato-de-concesion","tag-control-administrativo","tag-debido-proceso","tag-demanda","tag-deuda","tag-equilibrio-economico","tag-funcionamiento","tag-incumplimiento","tag-indev","tag-juzgado-tercero-penal-municipal","tag-la-previsora-s-a","tag-liquidacion-unilateral","tag-mantenimiento","tag-parque-de-las-aguas","tag-perjuicios","tag-piscinas-fuera-de-servicio","tag-reapertura","tag-tribunal-administrativo-de-casanare","tag-yopal"],"yoast_head":"<!-- This site is optimized with the Yoast SEO plugin v26.1 - https:\/\/yoast.com\/wordpress\/plugins\/seo\/ -->\n<title>Concesionario de Parque de las Aguas activa salvavidas judicial: tutela contra el INDEV por presunto debido proceso - \u25b7 Noticias de Casanare : Martha Cifuentes | Casanare<\/title>\n<meta name=\"robots\" content=\"index, follow, max-snippet:-1, max-image-preview:large, max-video-preview:-1\" \/>\n<link rel=\"canonical\" href=\"https:\/\/marthacifuentes.com\/portada\/concesionario-de-parque-de-las-aguas-activa-salvavidas-judicial-tutela-contra-el-indev-por-presunto-debido-proceso\/\" \/>\n<meta property=\"og:locale\" content=\"es_ES\" \/>\n<meta property=\"og:type\" content=\"article\" \/>\n<meta property=\"og:title\" content=\"Concesionario de Parque de las Aguas activa salvavidas judicial: tutela contra el INDEV por presunto debido proceso - \u25b7 Noticias de Casanare : Martha Cifuentes | Casanare\" \/>\n<meta property=\"og:description\" content=\"El Consorcio Nacua, operador del Parque de las Aguas de Yopal hasta abril de este a\u00f1o, interpuso una acci\u00f3n de tutela contra el Instituto de Vivienda de Yopal (INDEV), al considerar que la entidad vulner\u00f3 su derecho fundamental al debido proceso al declarar de forma unilateral la liquidaci\u00f3n del contrato de concesi\u00f3n N.\u00ba 001 de &hellip;\" \/>\n<meta property=\"og:url\" content=\"https:\/\/marthacifuentes.com\/portada\/concesionario-de-parque-de-las-aguas-activa-salvavidas-judicial-tutela-contra-el-indev-por-presunto-debido-proceso\/\" \/>\n<meta property=\"og:site_name\" content=\"\u25b7 Noticias de Casanare : Martha Cifuentes | Casanare\" \/>\n<meta property=\"article:published_time\" content=\"2025-06-12T13:55:16+00:00\" \/>\n<meta property=\"og:image\" content=\"https:\/\/marthacifuentes.com\/portada\/wp-content\/uploads\/2025\/06\/foto-portada-parque-nacua.jpg\" \/>\n\t<meta property=\"og:image:width\" content=\"2048\" \/>\n\t<meta property=\"og:image:height\" content=\"1365\" \/>\n\t<meta property=\"og:image:type\" content=\"image\/jpeg\" \/>\n<meta name=\"author\" content=\"Martha Cifuentes\" \/>\n<meta name=\"twitter:card\" content=\"summary_large_image\" \/>\n<meta name=\"twitter:label1\" content=\"Escrito por\" \/>\n\t<meta name=\"twitter:data1\" content=\"Martha Cifuentes\" \/>\n\t<meta name=\"twitter:label2\" content=\"Tiempo de lectura\" \/>\n\t<meta name=\"twitter:data2\" content=\"2 minutos\" \/>\n<script type=\"application\/ld+json\" class=\"yoast-schema-graph\">{\"@context\":\"https:\/\/schema.org\",\"@graph\":[{\"@type\":\"WebPage\",\"@id\":\"https:\/\/marthacifuentes.com\/portada\/concesionario-de-parque-de-las-aguas-activa-salvavidas-judicial-tutela-contra-el-indev-por-presunto-debido-proceso\/\",\"url\":\"https:\/\/marthacifuentes.com\/portada\/concesionario-de-parque-de-las-aguas-activa-salvavidas-judicial-tutela-contra-el-indev-por-presunto-debido-proceso\/\",\"name\":\"Concesionario de Parque de las Aguas activa salvavidas judicial: tutela contra el INDEV por presunto debido proceso - \u25b7 Noticias de Casanare : Martha Cifuentes | Casanare\",\"isPartOf\":{\"@id\":\"https:\/\/marthacifuentes.com\/portada\/#website\"},\"primaryImageOfPage\":{\"@id\":\"https:\/\/marthacifuentes.com\/portada\/concesionario-de-parque-de-las-aguas-activa-salvavidas-judicial-tutela-contra-el-indev-por-presunto-debido-proceso\/#primaryimage\"},\"image\":{\"@id\":\"https:\/\/marthacifuentes.com\/portada\/concesionario-de-parque-de-las-aguas-activa-salvavidas-judicial-tutela-contra-el-indev-por-presunto-debido-proceso\/#primaryimage\"},\"thumbnailUrl\":\"https:\/\/marthacifuentes.com\/portada\/wp-content\/uploads\/2025\/06\/foto-portada-parque-nacua.jpg\",\"datePublished\":\"2025-06-12T13:55:16+00:00\",\"author\":{\"@id\":\"https:\/\/marthacifuentes.com\/portada\/#\/schema\/person\/57f53174b991db5f90ff78d58502b714\"},\"breadcrumb\":{\"@id\":\"https:\/\/marthacifuentes.com\/portada\/concesionario-de-parque-de-las-aguas-activa-salvavidas-judicial-tutela-contra-el-indev-por-presunto-debido-proceso\/#breadcrumb\"},\"inLanguage\":\"es\",\"potentialAction\":[{\"@type\":\"ReadAction\",\"target\":[\"https:\/\/marthacifuentes.com\/portada\/concesionario-de-parque-de-las-aguas-activa-salvavidas-judicial-tutela-contra-el-indev-por-presunto-debido-proceso\/\"]}]},{\"@type\":\"ImageObject\",\"inLanguage\":\"es\",\"@id\":\"https:\/\/marthacifuentes.com\/portada\/concesionario-de-parque-de-las-aguas-activa-salvavidas-judicial-tutela-contra-el-indev-por-presunto-debido-proceso\/#primaryimage\",\"url\":\"https:\/\/marthacifuentes.com\/portada\/wp-content\/uploads\/2025\/06\/foto-portada-parque-nacua.jpg\",\"contentUrl\":\"https:\/\/marthacifuentes.com\/portada\/wp-content\/uploads\/2025\/06\/foto-portada-parque-nacua.jpg\",\"width\":2048,\"height\":1365},{\"@type\":\"BreadcrumbList\",\"@id\":\"https:\/\/marthacifuentes.com\/portada\/concesionario-de-parque-de-las-aguas-activa-salvavidas-judicial-tutela-contra-el-indev-por-presunto-debido-proceso\/#breadcrumb\",\"itemListElement\":[{\"@type\":\"ListItem\",\"position\":1,\"name\":\"Portada\",\"item\":\"https:\/\/marthacifuentes.com\/portada\/\"},{\"@type\":\"ListItem\",\"position\":2,\"name\":\"Concesionario de Parque de las Aguas activa salvavidas judicial: tutela contra el INDEV por presunto debido proceso\"}]},{\"@type\":\"WebSite\",\"@id\":\"https:\/\/marthacifuentes.com\/portada\/#website\",\"url\":\"https:\/\/marthacifuentes.com\/portada\/\",\"name\":\"\u25b7 Noticias de Casanare : Martha Cifuentes | Casanare\",\"description\":\"Noticias &amp; Contenidos\",\"potentialAction\":[{\"@type\":\"SearchAction\",\"target\":{\"@type\":\"EntryPoint\",\"urlTemplate\":\"https:\/\/marthacifuentes.com\/portada\/?s={search_term_string}\"},\"query-input\":{\"@type\":\"PropertyValueSpecification\",\"valueRequired\":true,\"valueName\":\"search_term_string\"}}],\"inLanguage\":\"es\"},{\"@type\":\"Person\",\"@id\":\"https:\/\/marthacifuentes.com\/portada\/#\/schema\/person\/57f53174b991db5f90ff78d58502b714\",\"name\":\"Martha Cifuentes\",\"image\":{\"@type\":\"ImageObject\",\"inLanguage\":\"es\",\"@id\":\"https:\/\/marthacifuentes.com\/portada\/#\/schema\/person\/image\/\",\"url\":\"http:\/\/marthacifuentes.com\/portada\/wp-content\/uploads\/2018\/06\/avatar_user_2_1528838701-96x96.jpg\",\"contentUrl\":\"http:\/\/marthacifuentes.com\/portada\/wp-content\/uploads\/2018\/06\/avatar_user_2_1528838701-96x96.jpg\",\"caption\":\"Martha Cifuentes\"},\"sameAs\":[\"http:\/\/www.marthacifuentes.com\"],\"url\":\"https:\/\/marthacifuentes.com\/portada\/author\/martha\/\"}]}<\/script>\n<!-- \/ Yoast SEO plugin. -->","yoast_head_json":{"title":"Concesionario de Parque de las Aguas activa salvavidas judicial: tutela contra el INDEV por presunto debido proceso - \u25b7 Noticias de Casanare : Martha Cifuentes | Casanare","robots":{"index":"index","follow":"follow","max-snippet":"max-snippet:-1","max-image-preview":"max-image-preview:large","max-video-preview":"max-video-preview:-1"},"canonical":"https:\/\/marthacifuentes.com\/portada\/concesionario-de-parque-de-las-aguas-activa-salvavidas-judicial-tutela-contra-el-indev-por-presunto-debido-proceso\/","og_locale":"es_ES","og_type":"article","og_title":"Concesionario de Parque de las Aguas activa salvavidas judicial: tutela contra el INDEV por presunto debido proceso - \u25b7 Noticias de Casanare : Martha Cifuentes | Casanare","og_description":"El Consorcio Nacua, operador del Parque de las Aguas de Yopal hasta abril de este a\u00f1o, interpuso una acci\u00f3n de tutela contra el Instituto de Vivienda de Yopal (INDEV), al considerar que la entidad vulner\u00f3 su derecho fundamental al debido proceso al declarar de forma unilateral la liquidaci\u00f3n del contrato de concesi\u00f3n N.\u00ba 001 de &hellip;","og_url":"https:\/\/marthacifuentes.com\/portada\/concesionario-de-parque-de-las-aguas-activa-salvavidas-judicial-tutela-contra-el-indev-por-presunto-debido-proceso\/","og_site_name":"\u25b7 Noticias de Casanare : Martha Cifuentes | Casanare","article_published_time":"2025-06-12T13:55:16+00:00","og_image":[{"width":2048,"height":1365,"url":"https:\/\/marthacifuentes.com\/portada\/wp-content\/uploads\/2025\/06\/foto-portada-parque-nacua.jpg","type":"image\/jpeg"}],"author":"Martha Cifuentes","twitter_card":"summary_large_image","twitter_misc":{"Escrito por":"Martha Cifuentes","Tiempo de lectura":"2 minutos"},"schema":{"@context":"https:\/\/schema.org","@graph":[{"@type":"WebPage","@id":"https:\/\/marthacifuentes.com\/portada\/concesionario-de-parque-de-las-aguas-activa-salvavidas-judicial-tutela-contra-el-indev-por-presunto-debido-proceso\/","url":"https:\/\/marthacifuentes.com\/portada\/concesionario-de-parque-de-las-aguas-activa-salvavidas-judicial-tutela-contra-el-indev-por-presunto-debido-proceso\/","name":"Concesionario de Parque de las Aguas activa salvavidas judicial: tutela contra el INDEV por presunto debido proceso - \u25b7 Noticias de Casanare : Martha Cifuentes | Casanare","isPartOf":{"@id":"https:\/\/marthacifuentes.com\/portada\/#website"},"primaryImageOfPage":{"@id":"https:\/\/marthacifuentes.com\/portada\/concesionario-de-parque-de-las-aguas-activa-salvavidas-judicial-tutela-contra-el-indev-por-presunto-debido-proceso\/#primaryimage"},"image":{"@id":"https:\/\/marthacifuentes.com\/portada\/concesionario-de-parque-de-las-aguas-activa-salvavidas-judicial-tutela-contra-el-indev-por-presunto-debido-proceso\/#primaryimage"},"thumbnailUrl":"https:\/\/marthacifuentes.com\/portada\/wp-content\/uploads\/2025\/06\/foto-portada-parque-nacua.jpg","datePublished":"2025-06-12T13:55:16+00:00","author":{"@id":"https:\/\/marthacifuentes.com\/portada\/#\/schema\/person\/57f53174b991db5f90ff78d58502b714"},"breadcrumb":{"@id":"https:\/\/marthacifuentes.com\/portada\/concesionario-de-parque-de-las-aguas-activa-salvavidas-judicial-tutela-contra-el-indev-por-presunto-debido-proceso\/#breadcrumb"},"inLanguage":"es","potentialAction":[{"@type":"ReadAction","target":["https:\/\/marthacifuentes.com\/portada\/concesionario-de-parque-de-las-aguas-activa-salvavidas-judicial-tutela-contra-el-indev-por-presunto-debido-proceso\/"]}]},{"@type":"ImageObject","inLanguage":"es","@id":"https:\/\/marthacifuentes.com\/portada\/concesionario-de-parque-de-las-aguas-activa-salvavidas-judicial-tutela-contra-el-indev-por-presunto-debido-proceso\/#primaryimage","url":"https:\/\/marthacifuentes.com\/portada\/wp-content\/uploads\/2025\/06\/foto-portada-parque-nacua.jpg","contentUrl":"https:\/\/marthacifuentes.com\/portada\/wp-content\/uploads\/2025\/06\/foto-portada-parque-nacua.jpg","width":2048,"height":1365},{"@type":"BreadcrumbList","@id":"https:\/\/marthacifuentes.com\/portada\/concesionario-de-parque-de-las-aguas-activa-salvavidas-judicial-tutela-contra-el-indev-por-presunto-debido-proceso\/#breadcrumb","itemListElement":[{"@type":"ListItem","position":1,"name":"Portada","item":"https:\/\/marthacifuentes.com\/portada\/"},{"@type":"ListItem","position":2,"name":"Concesionario de Parque de las Aguas activa salvavidas judicial: tutela contra el INDEV por presunto debido proceso"}]},{"@type":"WebSite","@id":"https:\/\/marthacifuentes.com\/portada\/#website","url":"https:\/\/marthacifuentes.com\/portada\/","name":"\u25b7 Noticias de Casanare : Martha Cifuentes | Casanare","description":"Noticias &amp; Contenidos","potentialAction":[{"@type":"SearchAction","target":{"@type":"EntryPoint","urlTemplate":"https:\/\/marthacifuentes.com\/portada\/?s={search_term_string}"},"query-input":{"@type":"PropertyValueSpecification","valueRequired":true,"valueName":"search_term_string"}}],"inLanguage":"es"},{"@type":"Person","@id":"https:\/\/marthacifuentes.com\/portada\/#\/schema\/person\/57f53174b991db5f90ff78d58502b714","name":"Martha Cifuentes","image":{"@type":"ImageObject","inLanguage":"es","@id":"https:\/\/marthacifuentes.com\/portada\/#\/schema\/person\/image\/","url":"http:\/\/marthacifuentes.com\/portada\/wp-content\/uploads\/2018\/06\/avatar_user_2_1528838701-96x96.jpg","contentUrl":"http:\/\/marthacifuentes.com\/portada\/wp-content\/uploads\/2018\/06\/avatar_user_2_1528838701-96x96.jpg","caption":"Martha Cifuentes"},"sameAs":["http:\/\/www.marthacifuentes.com"],"url":"https:\/\/marthacifuentes.com\/portada\/author\/martha\/"}]}},"_links":{"self":[{"href":"https:\/\/marthacifuentes.com\/portada\/wp-json\/wp\/v2\/posts\/38540","targetHints":{"allow":["GET"]}}],"collection":[{"href":"https:\/\/marthacifuentes.com\/portada\/wp-json\/wp\/v2\/posts"}],"about":[{"href":"https:\/\/marthacifuentes.com\/portada\/wp-json\/wp\/v2\/types\/post"}],"author":[{"embeddable":true,"href":"https:\/\/marthacifuentes.com\/portada\/wp-json\/wp\/v2\/users\/2"}],"replies":[{"embeddable":true,"href":"https:\/\/marthacifuentes.com\/portada\/wp-json\/wp\/v2\/comments?post=38540"}],"version-history":[{"count":1,"href":"https:\/\/marthacifuentes.com\/portada\/wp-json\/wp\/v2\/posts\/38540\/revisions"}],"predecessor-version":[{"id":38541,"href":"https:\/\/marthacifuentes.com\/portada\/wp-json\/wp\/v2\/posts\/38540\/revisions\/38541"}],"wp:featuredmedia":[{"embeddable":true,"href":"https:\/\/marthacifuentes.com\/portada\/wp-json\/wp\/v2\/media\/38538"}],"wp:attachment":[{"href":"https:\/\/marthacifuentes.com\/portada\/wp-json\/wp\/v2\/media?parent=38540"}],"wp:term":[{"taxonomy":"category","embeddable":true,"href":"https:\/\/marthacifuentes.com\/portada\/wp-json\/wp\/v2\/categories?post=38540"},{"taxonomy":"post_tag","embeddable":true,"href":"https:\/\/marthacifuentes.com\/portada\/wp-json\/wp\/v2\/tags?post=38540"}],"curies":[{"name":"wp","href":"https:\/\/api.w.org\/{rel}","templated":true}]}}