{"id":38544,"date":"2025-06-12T10:28:55","date_gmt":"2025-06-12T15:28:55","guid":{"rendered":"https:\/\/marthacifuentes.com\/portada\/?p=38544"},"modified":"2025-06-12T10:28:55","modified_gmt":"2025-06-12T15:28:55","slug":"zorro-cumple-y-pone-en-marcha-albergue-en-bogota-para-pacientes-casanarenos","status":"publish","type":"post","link":"https:\/\/marthacifuentes.com\/portada\/zorro-cumple-y-pone-en-marcha-albergue-en-bogota-para-pacientes-casanarenos\/","title":{"rendered":"Zorro cumple y pone en marcha albergue en Bogot\u00e1 para pacientes casanare\u00f1os"},"content":{"rendered":"<p>As\u00ed se inaugur\u00f3 <b>Mi CASAnare<\/b>, el nuevo hogar de paso en Bogot\u00e1 para pacientes del departamento que requieren atenci\u00f3n m\u00e9dica en la capital y no tienen d\u00f3nde alojarse.<\/p>\n<p>Se concreta as\u00ed un sue\u00f1o del gobernador C\u00e9sar Ortiz Zorro, quien desde hace muchos a\u00f1os ven\u00eda empe\u00f1ado en apoyar a la poblaci\u00f3n en precariedad econ\u00f3mica que requiere servicios de salud en Bogot\u00e1 y muchas veces pacientes y familiares deb\u00edan dormir en la calle o en sitios peligrosos de la ciudad.<\/p>\n<p>&nbsp;<\/p>\n<p><b>Entregado por la SAE y dotado gracias a cenas solidarias<\/b><\/p>\n<p>La vivienda fue entregada en comodato por la <b>Sociedad de Activos Especiales (SAE)<\/b> por un periodo de cinco a\u00f1os. Ubicada en una zona residencial de Bogot\u00e1, cuenta con <b>capacidad para 30 personas<\/b> y est\u00e1 completamente equipada para recibir pacientes y acompa\u00f1antes.<\/p>\n<p>Cada habitaci\u00f3n y espacio com\u00fan fue dotado con camas, utensilios y electrodom\u00e9sticos nuevos, gracias a lo recaudado en <b>cenas solidarias y una subasta<\/b> celebrada durante la Cumbre de Gobernadores. El gobernador <b>C\u00e9sar Ortiz Zorro<\/b> y la gestora social <b>Diana Soler<\/b> lideraron el proyecto, que hoy ya beneficia a la primera familia alojada.<\/p>\n<p><img loading=\"lazy\" decoding=\"async\" class=\"alignnone size-large wp-image-38550\" src=\"https:\/\/marthacifuentes.com\/portada\/wp-content\/uploads\/2025\/06\/Hogar-Mi-CASAnare8-1024x682.jpg\" alt=\"\" width=\"1024\" height=\"682\" srcset=\"https:\/\/marthacifuentes.com\/portada\/wp-content\/uploads\/2025\/06\/Hogar-Mi-CASAnare8-1024x682.jpg 1024w, https:\/\/marthacifuentes.com\/portada\/wp-content\/uploads\/2025\/06\/Hogar-Mi-CASAnare8-300x200.jpg 300w, https:\/\/marthacifuentes.com\/portada\/wp-content\/uploads\/2025\/06\/Hogar-Mi-CASAnare8-768x512.jpg 768w, https:\/\/marthacifuentes.com\/portada\/wp-content\/uploads\/2025\/06\/Hogar-Mi-CASAnare8-1536x1023.jpg 1536w, https:\/\/marthacifuentes.com\/portada\/wp-content\/uploads\/2025\/06\/Hogar-Mi-CASAnare8.jpg 1600w\" sizes=\"auto, (max-width: 1024px) 100vw, 1024px\" \/><\/p>\n<p><b>C\u00f3mo acceder al servicio<\/b><\/p>\n<p>El hogar est\u00e1 destinado a <b>pacientes remitidos o agendados por el sistema de salud<\/b> y a sus acompa\u00f1antes, priorizando a personas en condici\u00f3n de vulnerabilidad. El servicio <b>no incluye alimentaci\u00f3n<\/b>, pero cada piso cuenta con cocina equipada para la preparaci\u00f3n de alimentos, y se espera contar con <b>mercados donados<\/b>.<\/p>\n<p>Para acceder, los interesados pueden comunicarse v\u00eda WhatsApp al <b>3133823639<\/b>, escribir a <b>asistenciahabitacional@casanare.gov.co<\/b>, o acercarse a la oficina ubicada en la <b>Calle 12 N.\u00ba 25-46 en Yopal<\/b>.<\/p>\n<p><img loading=\"lazy\" decoding=\"async\" class=\"alignnone size-large wp-image-38548\" src=\"https:\/\/marthacifuentes.com\/portada\/wp-content\/uploads\/2025\/06\/Hogar-Mi-CASAnare5-1024x682.jpg\" alt=\"\" width=\"1024\" height=\"682\" srcset=\"https:\/\/marthacifuentes.com\/portada\/wp-content\/uploads\/2025\/06\/Hogar-Mi-CASAnare5-1024x682.jpg 1024w, https:\/\/marthacifuentes.com\/portada\/wp-content\/uploads\/2025\/06\/Hogar-Mi-CASAnare5-300x200.jpg 300w, https:\/\/marthacifuentes.com\/portada\/wp-content\/uploads\/2025\/06\/Hogar-Mi-CASAnare5-768x512.jpg 768w, https:\/\/marthacifuentes.com\/portada\/wp-content\/uploads\/2025\/06\/Hogar-Mi-CASAnare5-1536x1023.jpg 1536w, https:\/\/marthacifuentes.com\/portada\/wp-content\/uploads\/2025\/06\/Hogar-Mi-CASAnare5.jpg 1600w\" sizes=\"auto, (max-width: 1024px) 100vw, 1024px\" \/><\/p>\n<p><b>\u201cNo es gasto p\u00fablico, es voluntad colectiva\u201d<\/b><\/p>\n<p>\u201cDurante a\u00f1os ayudamos desde lo personal a quienes ven\u00edan a Bogot\u00e1 por razones m\u00e9dicas. Hoy, como gobernador, me emociona anunciar que ese sue\u00f1o ya es una realidad\u201d, afirm\u00f3 <b>Ortiz Zorro<\/b> durante la inauguraci\u00f3n. Tambi\u00e9n destac\u00f3 que la casa no fue comprada con recursos p\u00fablicos sino construida con <b>voluntades y aportes de aliados solidarios<\/b>.<\/p>\n<p>Por su parte, <b>Diana Soler<\/b> expres\u00f3: \u201cAqu\u00ed nadie estar\u00e1 solo. Hay calor de hogar, cuidado y solidaridad. Este es un lugar para abrazar a quienes la est\u00e1n pasando dif\u00edcil\u201d.<\/p>\n<p><img loading=\"lazy\" decoding=\"async\" class=\"alignnone size-large wp-image-38547\" src=\"https:\/\/marthacifuentes.com\/portada\/wp-content\/uploads\/2025\/06\/Hogar-Mi-CASAnare6-1024x682.jpg\" alt=\"\" width=\"1024\" height=\"682\" srcset=\"https:\/\/marthacifuentes.com\/portada\/wp-content\/uploads\/2025\/06\/Hogar-Mi-CASAnare6-1024x682.jpg 1024w, https:\/\/marthacifuentes.com\/portada\/wp-content\/uploads\/2025\/06\/Hogar-Mi-CASAnare6-300x200.jpg 300w, https:\/\/marthacifuentes.com\/portada\/wp-content\/uploads\/2025\/06\/Hogar-Mi-CASAnare6-768x512.jpg 768w, https:\/\/marthacifuentes.com\/portada\/wp-content\/uploads\/2025\/06\/Hogar-Mi-CASAnare6-1536x1023.jpg 1536w, https:\/\/marthacifuentes.com\/portada\/wp-content\/uploads\/2025\/06\/Hogar-Mi-CASAnare6.jpg 1600w\" sizes=\"auto, (max-width: 1024px) 100vw, 1024px\" \/><\/p>\n<p><b>Una casa que ya comenz\u00f3 a latir<\/b><\/p>\n<p>Desde la noche de la inauguraci\u00f3n, <b>una familia ya ocupa una de las habitaciones<\/b>. En medio del anonimato y la dureza de una ciudad como Bogot\u00e1, <b>Mi CASAnare nace como un pedacito del llano<\/b>, donde el acompa\u00f1amiento y la dignidad siguen siendo una prioridad.<\/p>\n<p><img loading=\"lazy\" decoding=\"async\" class=\"alignnone size-large wp-image-38546\" src=\"https:\/\/marthacifuentes.com\/portada\/wp-content\/uploads\/2025\/06\/Hogar-Mi-CASAnare7-1024x682.jpg\" alt=\"\" width=\"1024\" height=\"682\" srcset=\"https:\/\/marthacifuentes.com\/portada\/wp-content\/uploads\/2025\/06\/Hogar-Mi-CASAnare7-1024x682.jpg 1024w, https:\/\/marthacifuentes.com\/portada\/wp-content\/uploads\/2025\/06\/Hogar-Mi-CASAnare7-300x200.jpg 300w, https:\/\/marthacifuentes.com\/portada\/wp-content\/uploads\/2025\/06\/Hogar-Mi-CASAnare7-768x512.jpg 768w, https:\/\/marthacifuentes.com\/portada\/wp-content\/uploads\/2025\/06\/Hogar-Mi-CASAnare7-1536x1023.jpg 1536w, https:\/\/marthacifuentes.com\/portada\/wp-content\/uploads\/2025\/06\/Hogar-Mi-CASAnare7.jpg 1600w\" sizes=\"auto, (max-width: 1024px) 100vw, 1024px\" \/><\/p>\n","protected":false},"excerpt":{"rendered":"<p>As\u00ed se inaugur\u00f3 Mi CASAnare, el nuevo hogar de paso en Bogot\u00e1 para pacientes del departamento que requieren atenci\u00f3n m\u00e9dica en la capital y no tienen d\u00f3nde alojarse. Se concreta as\u00ed un sue\u00f1o del gobernador C\u00e9sar Ortiz Zorro, quien desde hace muchos a\u00f1os ven\u00eda empe\u00f1ado en apoyar a la poblaci\u00f3n en precariedad econ\u00f3mica que requiere &hellip;<\/p>\n","protected":false},"author":2,"featured_media":38545,"comment_status":"open","ping_status":"open","sticky":false,"template":"","format":"standard","meta":{"om_disable_all_campaigns":false,"_exactmetrics_skip_tracking":false,"_exactmetrics_sitenote_active":false,"_exactmetrics_sitenote_note":"","_exactmetrics_sitenote_category":0,"_monsterinsights_skip_tracking":false,"_monsterinsights_sitenote_active":false,"_monsterinsights_sitenote_note":"","_monsterinsights_sitenote_category":0,"_uf_show_specific_survey":0,"_uf_disable_surveys":false,"_joinchat":[],"footnotes":""},"categories":[147,146,145],"tags":[2939,13534,13541,13538,10283,670,13539,13542,154,13532,1285,13530,13536,13529,13537,1297,11205,6412,13531,13528,13527,1164,484,201,13535,8237,13533,13540,13428],"class_list":["post-38544","post","type-post","status-publish","format-standard","has-post-thumbnail","hentry","category-actualidad","category-noticias","category-reportajes","tag-acompanamiento","tag-acompanantes","tag-aliados-solidarios","tag-asistenciahabitacionalcasanare-gov-co","tag-atencion-medica","tag-bogota","tag-calle-12-n-o-25-46","tag-calor-de-hogar","tag-casanare","tag-cenas-solidarias","tag-cesar-ortiz-zorro","tag-cinco-anos","tag-cocina-equipada","tag-comodato","tag-contacto","tag-cumbre-de-gobernadores","tag-diana-soler","tag-dignidad","tag-dotacion","tag-hogar-de-paso","tag-mi-casanare","tag-pacientes","tag-sae","tag-salud","tag-sistema-de-salud","tag-sociedad-de-activos-especiales","tag-subasta","tag-voluntad-colectiva","tag-vulnerabilidad"],"yoast_head":"<!-- This site is optimized with the Yoast SEO plugin v26.1 - https:\/\/yoast.com\/wordpress\/plugins\/seo\/ -->\n<title>Zorro cumple y pone en marcha albergue en Bogot\u00e1 para pacientes casanare\u00f1os - \u25b7 Noticias de Casanare : Martha Cifuentes | Casanare<\/title>\n<meta name=\"robots\" content=\"index, follow, max-snippet:-1, max-image-preview:large, max-video-preview:-1\" \/>\n<link rel=\"canonical\" href=\"https:\/\/marthacifuentes.com\/portada\/zorro-cumple-y-pone-en-marcha-albergue-en-bogota-para-pacientes-casanarenos\/\" \/>\n<meta property=\"og:locale\" content=\"es_ES\" \/>\n<meta property=\"og:type\" content=\"article\" \/>\n<meta property=\"og:title\" content=\"Zorro cumple y pone en marcha albergue en Bogot\u00e1 para pacientes casanare\u00f1os - \u25b7 Noticias de Casanare : Martha Cifuentes | Casanare\" \/>\n<meta property=\"og:description\" content=\"As\u00ed se inaugur\u00f3 Mi CASAnare, el nuevo hogar de paso en Bogot\u00e1 para pacientes del departamento que requieren atenci\u00f3n m\u00e9dica en la capital y no tienen d\u00f3nde alojarse. Se concreta as\u00ed un sue\u00f1o del gobernador C\u00e9sar Ortiz Zorro, quien desde hace muchos a\u00f1os ven\u00eda empe\u00f1ado en apoyar a la poblaci\u00f3n en precariedad econ\u00f3mica que requiere &hellip;\" \/>\n<meta property=\"og:url\" content=\"https:\/\/marthacifuentes.com\/portada\/zorro-cumple-y-pone-en-marcha-albergue-en-bogota-para-pacientes-casanarenos\/\" \/>\n<meta property=\"og:site_name\" content=\"\u25b7 Noticias de Casanare : Martha Cifuentes | Casanare\" \/>\n<meta property=\"article:published_time\" content=\"2025-06-12T15:28:55+00:00\" \/>\n<meta property=\"og:image\" content=\"https:\/\/marthacifuentes.com\/portada\/wp-content\/uploads\/2025\/06\/foto-portada-Hogar-Mi-CASAnare3.jpg\" \/>\n\t<meta property=\"og:image:width\" content=\"1600\" \/>\n\t<meta property=\"og:image:height\" content=\"1066\" \/>\n\t<meta property=\"og:image:type\" content=\"image\/jpeg\" \/>\n<meta name=\"author\" content=\"Martha Cifuentes\" \/>\n<meta name=\"twitter:card\" content=\"summary_large_image\" \/>\n<meta name=\"twitter:label1\" content=\"Escrito por\" \/>\n\t<meta name=\"twitter:data1\" content=\"Martha Cifuentes\" \/>\n\t<meta name=\"twitter:label2\" content=\"Tiempo de lectura\" \/>\n\t<meta name=\"twitter:data2\" content=\"3 minutos\" \/>\n<script type=\"application\/ld+json\" class=\"yoast-schema-graph\">{\"@context\":\"https:\/\/schema.org\",\"@graph\":[{\"@type\":\"WebPage\",\"@id\":\"https:\/\/marthacifuentes.com\/portada\/zorro-cumple-y-pone-en-marcha-albergue-en-bogota-para-pacientes-casanarenos\/\",\"url\":\"https:\/\/marthacifuentes.com\/portada\/zorro-cumple-y-pone-en-marcha-albergue-en-bogota-para-pacientes-casanarenos\/\",\"name\":\"Zorro cumple y pone en marcha albergue en Bogot\u00e1 para pacientes casanare\u00f1os - \u25b7 Noticias de Casanare : Martha Cifuentes | Casanare\",\"isPartOf\":{\"@id\":\"https:\/\/marthacifuentes.com\/portada\/#website\"},\"primaryImageOfPage\":{\"@id\":\"https:\/\/marthacifuentes.com\/portada\/zorro-cumple-y-pone-en-marcha-albergue-en-bogota-para-pacientes-casanarenos\/#primaryimage\"},\"image\":{\"@id\":\"https:\/\/marthacifuentes.com\/portada\/zorro-cumple-y-pone-en-marcha-albergue-en-bogota-para-pacientes-casanarenos\/#primaryimage\"},\"thumbnailUrl\":\"https:\/\/marthacifuentes.com\/portada\/wp-content\/uploads\/2025\/06\/foto-portada-Hogar-Mi-CASAnare3.jpg\",\"datePublished\":\"2025-06-12T15:28:55+00:00\",\"author\":{\"@id\":\"https:\/\/marthacifuentes.com\/portada\/#\/schema\/person\/57f53174b991db5f90ff78d58502b714\"},\"breadcrumb\":{\"@id\":\"https:\/\/marthacifuentes.com\/portada\/zorro-cumple-y-pone-en-marcha-albergue-en-bogota-para-pacientes-casanarenos\/#breadcrumb\"},\"inLanguage\":\"es\",\"potentialAction\":[{\"@type\":\"ReadAction\",\"target\":[\"https:\/\/marthacifuentes.com\/portada\/zorro-cumple-y-pone-en-marcha-albergue-en-bogota-para-pacientes-casanarenos\/\"]}]},{\"@type\":\"ImageObject\",\"inLanguage\":\"es\",\"@id\":\"https:\/\/marthacifuentes.com\/portada\/zorro-cumple-y-pone-en-marcha-albergue-en-bogota-para-pacientes-casanarenos\/#primaryimage\",\"url\":\"https:\/\/marthacifuentes.com\/portada\/wp-content\/uploads\/2025\/06\/foto-portada-Hogar-Mi-CASAnare3.jpg\",\"contentUrl\":\"https:\/\/marthacifuentes.com\/portada\/wp-content\/uploads\/2025\/06\/foto-portada-Hogar-Mi-CASAnare3.jpg\",\"width\":1600,\"height\":1066},{\"@type\":\"BreadcrumbList\",\"@id\":\"https:\/\/marthacifuentes.com\/portada\/zorro-cumple-y-pone-en-marcha-albergue-en-bogota-para-pacientes-casanarenos\/#breadcrumb\",\"itemListElement\":[{\"@type\":\"ListItem\",\"position\":1,\"name\":\"Portada\",\"item\":\"https:\/\/marthacifuentes.com\/portada\/\"},{\"@type\":\"ListItem\",\"position\":2,\"name\":\"Zorro cumple y pone en marcha albergue en Bogot\u00e1 para pacientes casanare\u00f1os\"}]},{\"@type\":\"WebSite\",\"@id\":\"https:\/\/marthacifuentes.com\/portada\/#website\",\"url\":\"https:\/\/marthacifuentes.com\/portada\/\",\"name\":\"\u25b7 Noticias de Casanare : Martha Cifuentes | Casanare\",\"description\":\"Noticias &amp; Contenidos\",\"potentialAction\":[{\"@type\":\"SearchAction\",\"target\":{\"@type\":\"EntryPoint\",\"urlTemplate\":\"https:\/\/marthacifuentes.com\/portada\/?s={search_term_string}\"},\"query-input\":{\"@type\":\"PropertyValueSpecification\",\"valueRequired\":true,\"valueName\":\"search_term_string\"}}],\"inLanguage\":\"es\"},{\"@type\":\"Person\",\"@id\":\"https:\/\/marthacifuentes.com\/portada\/#\/schema\/person\/57f53174b991db5f90ff78d58502b714\",\"name\":\"Martha Cifuentes\",\"image\":{\"@type\":\"ImageObject\",\"inLanguage\":\"es\",\"@id\":\"https:\/\/marthacifuentes.com\/portada\/#\/schema\/person\/image\/\",\"url\":\"http:\/\/marthacifuentes.com\/portada\/wp-content\/uploads\/2018\/06\/avatar_user_2_1528838701-96x96.jpg\",\"contentUrl\":\"http:\/\/marthacifuentes.com\/portada\/wp-content\/uploads\/2018\/06\/avatar_user_2_1528838701-96x96.jpg\",\"caption\":\"Martha Cifuentes\"},\"sameAs\":[\"http:\/\/www.marthacifuentes.com\"],\"url\":\"https:\/\/marthacifuentes.com\/portada\/author\/martha\/\"}]}<\/script>\n<!-- \/ Yoast SEO plugin. -->","yoast_head_json":{"title":"Zorro cumple y pone en marcha albergue en Bogot\u00e1 para pacientes casanare\u00f1os - \u25b7 Noticias de Casanare : Martha Cifuentes | Casanare","robots":{"index":"index","follow":"follow","max-snippet":"max-snippet:-1","max-image-preview":"max-image-preview:large","max-video-preview":"max-video-preview:-1"},"canonical":"https:\/\/marthacifuentes.com\/portada\/zorro-cumple-y-pone-en-marcha-albergue-en-bogota-para-pacientes-casanarenos\/","og_locale":"es_ES","og_type":"article","og_title":"Zorro cumple y pone en marcha albergue en Bogot\u00e1 para pacientes casanare\u00f1os - \u25b7 Noticias de Casanare : Martha Cifuentes | Casanare","og_description":"As\u00ed se inaugur\u00f3 Mi CASAnare, el nuevo hogar de paso en Bogot\u00e1 para pacientes del departamento que requieren atenci\u00f3n m\u00e9dica en la capital y no tienen d\u00f3nde alojarse. Se concreta as\u00ed un sue\u00f1o del gobernador C\u00e9sar Ortiz Zorro, quien desde hace muchos a\u00f1os ven\u00eda empe\u00f1ado en apoyar a la poblaci\u00f3n en precariedad econ\u00f3mica que requiere &hellip;","og_url":"https:\/\/marthacifuentes.com\/portada\/zorro-cumple-y-pone-en-marcha-albergue-en-bogota-para-pacientes-casanarenos\/","og_site_name":"\u25b7 Noticias de Casanare : Martha Cifuentes | Casanare","article_published_time":"2025-06-12T15:28:55+00:00","og_image":[{"width":1600,"height":1066,"url":"https:\/\/marthacifuentes.com\/portada\/wp-content\/uploads\/2025\/06\/foto-portada-Hogar-Mi-CASAnare3.jpg","type":"image\/jpeg"}],"author":"Martha Cifuentes","twitter_card":"summary_large_image","twitter_misc":{"Escrito por":"Martha Cifuentes","Tiempo de lectura":"3 minutos"},"schema":{"@context":"https:\/\/schema.org","@graph":[{"@type":"WebPage","@id":"https:\/\/marthacifuentes.com\/portada\/zorro-cumple-y-pone-en-marcha-albergue-en-bogota-para-pacientes-casanarenos\/","url":"https:\/\/marthacifuentes.com\/portada\/zorro-cumple-y-pone-en-marcha-albergue-en-bogota-para-pacientes-casanarenos\/","name":"Zorro cumple y pone en marcha albergue en Bogot\u00e1 para pacientes casanare\u00f1os - \u25b7 Noticias de Casanare : Martha Cifuentes | Casanare","isPartOf":{"@id":"https:\/\/marthacifuentes.com\/portada\/#website"},"primaryImageOfPage":{"@id":"https:\/\/marthacifuentes.com\/portada\/zorro-cumple-y-pone-en-marcha-albergue-en-bogota-para-pacientes-casanarenos\/#primaryimage"},"image":{"@id":"https:\/\/marthacifuentes.com\/portada\/zorro-cumple-y-pone-en-marcha-albergue-en-bogota-para-pacientes-casanarenos\/#primaryimage"},"thumbnailUrl":"https:\/\/marthacifuentes.com\/portada\/wp-content\/uploads\/2025\/06\/foto-portada-Hogar-Mi-CASAnare3.jpg","datePublished":"2025-06-12T15:28:55+00:00","author":{"@id":"https:\/\/marthacifuentes.com\/portada\/#\/schema\/person\/57f53174b991db5f90ff78d58502b714"},"breadcrumb":{"@id":"https:\/\/marthacifuentes.com\/portada\/zorro-cumple-y-pone-en-marcha-albergue-en-bogota-para-pacientes-casanarenos\/#breadcrumb"},"inLanguage":"es","potentialAction":[{"@type":"ReadAction","target":["https:\/\/marthacifuentes.com\/portada\/zorro-cumple-y-pone-en-marcha-albergue-en-bogota-para-pacientes-casanarenos\/"]}]},{"@type":"ImageObject","inLanguage":"es","@id":"https:\/\/marthacifuentes.com\/portada\/zorro-cumple-y-pone-en-marcha-albergue-en-bogota-para-pacientes-casanarenos\/#primaryimage","url":"https:\/\/marthacifuentes.com\/portada\/wp-content\/uploads\/2025\/06\/foto-portada-Hogar-Mi-CASAnare3.jpg","contentUrl":"https:\/\/marthacifuentes.com\/portada\/wp-content\/uploads\/2025\/06\/foto-portada-Hogar-Mi-CASAnare3.jpg","width":1600,"height":1066},{"@type":"BreadcrumbList","@id":"https:\/\/marthacifuentes.com\/portada\/zorro-cumple-y-pone-en-marcha-albergue-en-bogota-para-pacientes-casanarenos\/#breadcrumb","itemListElement":[{"@type":"ListItem","position":1,"name":"Portada","item":"https:\/\/marthacifuentes.com\/portada\/"},{"@type":"ListItem","position":2,"name":"Zorro cumple y pone en marcha albergue en Bogot\u00e1 para pacientes casanare\u00f1os"}]},{"@type":"WebSite","@id":"https:\/\/marthacifuentes.com\/portada\/#website","url":"https:\/\/marthacifuentes.com\/portada\/","name":"\u25b7 Noticias de Casanare : Martha Cifuentes | Casanare","description":"Noticias &amp; Contenidos","potentialAction":[{"@type":"SearchAction","target":{"@type":"EntryPoint","urlTemplate":"https:\/\/marthacifuentes.com\/portada\/?s={search_term_string}"},"query-input":{"@type":"PropertyValueSpecification","valueRequired":true,"valueName":"search_term_string"}}],"inLanguage":"es"},{"@type":"Person","@id":"https:\/\/marthacifuentes.com\/portada\/#\/schema\/person\/57f53174b991db5f90ff78d58502b714","name":"Martha Cifuentes","image":{"@type":"ImageObject","inLanguage":"es","@id":"https:\/\/marthacifuentes.com\/portada\/#\/schema\/person\/image\/","url":"http:\/\/marthacifuentes.com\/portada\/wp-content\/uploads\/2018\/06\/avatar_user_2_1528838701-96x96.jpg","contentUrl":"http:\/\/marthacifuentes.com\/portada\/wp-content\/uploads\/2018\/06\/avatar_user_2_1528838701-96x96.jpg","caption":"Martha Cifuentes"},"sameAs":["http:\/\/www.marthacifuentes.com"],"url":"https:\/\/marthacifuentes.com\/portada\/author\/martha\/"}]}},"_links":{"self":[{"href":"https:\/\/marthacifuentes.com\/portada\/wp-json\/wp\/v2\/posts\/38544","targetHints":{"allow":["GET"]}}],"collection":[{"href":"https:\/\/marthacifuentes.com\/portada\/wp-json\/wp\/v2\/posts"}],"about":[{"href":"https:\/\/marthacifuentes.com\/portada\/wp-json\/wp\/v2\/types\/post"}],"author":[{"embeddable":true,"href":"https:\/\/marthacifuentes.com\/portada\/wp-json\/wp\/v2\/users\/2"}],"replies":[{"embeddable":true,"href":"https:\/\/marthacifuentes.com\/portada\/wp-json\/wp\/v2\/comments?post=38544"}],"version-history":[{"count":1,"href":"https:\/\/marthacifuentes.com\/portada\/wp-json\/wp\/v2\/posts\/38544\/revisions"}],"predecessor-version":[{"id":38552,"href":"https:\/\/marthacifuentes.com\/portada\/wp-json\/wp\/v2\/posts\/38544\/revisions\/38552"}],"wp:featuredmedia":[{"embeddable":true,"href":"https:\/\/marthacifuentes.com\/portada\/wp-json\/wp\/v2\/media\/38545"}],"wp:attachment":[{"href":"https:\/\/marthacifuentes.com\/portada\/wp-json\/wp\/v2\/media?parent=38544"}],"wp:term":[{"taxonomy":"category","embeddable":true,"href":"https:\/\/marthacifuentes.com\/portada\/wp-json\/wp\/v2\/categories?post=38544"},{"taxonomy":"post_tag","embeddable":true,"href":"https:\/\/marthacifuentes.com\/portada\/wp-json\/wp\/v2\/tags?post=38544"}],"curies":[{"name":"wp","href":"https:\/\/api.w.org\/{rel}","templated":true}]}}