{"id":38571,"date":"2025-06-16T10:44:19","date_gmt":"2025-06-16T15:44:19","guid":{"rendered":"https:\/\/marthacifuentes.com\/portada\/?p=38571"},"modified":"2025-06-16T10:44:19","modified_gmt":"2025-06-16T15:44:19","slug":"gobierno-activa-clausula-de-escape-y-alista-recortes-para-salvar-la-regla-fiscal","status":"publish","type":"post","link":"https:\/\/marthacifuentes.com\/portada\/gobierno-activa-clausula-de-escape-y-alista-recortes-para-salvar-la-regla-fiscal\/","title":{"rendered":"Gobierno activa cl\u00e1usula de escape y alista recortes para salvar la regla fiscal"},"content":{"rendered":"<p>Bogot\u00e1, 14 de junio de 2025 \u2014 El Ministerio de Hacienda present\u00f3 el Marco Fiscal de Mediano Plazo 2025, revelando una hoja de ruta para enfrentar el d\u00e9ficit, compensar la ca\u00edda en el recaudo tributario y cumplir con la regla fiscal a trav\u00e9s de ajustes dr\u00e1sticos, nuevos impuestos, subsidios m\u00e1s focalizados y una reforma tributaria.<\/p>\n<p>&nbsp;<\/p>\n<p><strong>Menor recaudo, mayor presi\u00f3n<\/strong><\/p>\n<p>El ministro Germ\u00e1n \u00c1vila Plazas asegur\u00f3 que Colombia mantiene \u201cuna senda de crecimiento\u201d, destacando tres datos como se\u00f1ales de salud econ\u00f3mica: la tendencia a la baja de la inflaci\u00f3n, el aumento del PIB entre 2024 y 2025 y el incremento real del salario m\u00ednimo.<\/p>\n<p>Sin embargo, reconoci\u00f3 un hueco fiscal de $18 billones por la ca\u00edda del recaudo frente a los $299 billones proyectados. Seg\u00fan \u00c1vila, el rezago se explica por anticipos tributarios en 2023 y gastos sobrestimados en 2024.<\/p>\n<figure id=\"attachment_38572\" aria-describedby=\"caption-attachment-38572\" style=\"width: 1024px\" class=\"wp-caption alignnone\"><img loading=\"lazy\" decoding=\"async\" class=\"size-large wp-image-38572\" src=\"https:\/\/marthacifuentes.com\/portada\/wp-content\/uploads\/2025\/06\/250613-MinHacienda-revelo-claves-Marco-Fiscal-de-Mediano-Plazo-Pacto-fiscal-2-1280-1024x555.jpg\" alt=\"\" width=\"1024\" height=\"555\" srcset=\"https:\/\/marthacifuentes.com\/portada\/wp-content\/uploads\/2025\/06\/250613-MinHacienda-revelo-claves-Marco-Fiscal-de-Mediano-Plazo-Pacto-fiscal-2-1280-1024x555.jpg 1024w, https:\/\/marthacifuentes.com\/portada\/wp-content\/uploads\/2025\/06\/250613-MinHacienda-revelo-claves-Marco-Fiscal-de-Mediano-Plazo-Pacto-fiscal-2-1280-300x163.jpg 300w, https:\/\/marthacifuentes.com\/portada\/wp-content\/uploads\/2025\/06\/250613-MinHacienda-revelo-claves-Marco-Fiscal-de-Mediano-Plazo-Pacto-fiscal-2-1280-768x416.jpg 768w, https:\/\/marthacifuentes.com\/portada\/wp-content\/uploads\/2025\/06\/250613-MinHacienda-revelo-claves-Marco-Fiscal-de-Mediano-Plazo-Pacto-fiscal-2-1280.jpg 1280w\" sizes=\"auto, (max-width: 1024px) 100vw, 1024px\" \/><figcaption id=\"caption-attachment-38572\" class=\"wp-caption-text\">MinHacienda revel\u00f3 las claves del Marco Fiscal de Mediano Plazo: Pacto fiscal, regla fiscal, y recorte presupuestal<\/figcaption><\/figure>\n<p><strong>Cl\u00e1usula de escape y ajuste fiscal<\/strong><\/p>\n<p>De no tomarse medidas, el d\u00e9ficit fiscal al cierre del a\u00f1o podr\u00eda alcanzar el 7,1% del PIB. Por ello, el Gobierno activar\u00e1 la cl\u00e1usula de escape de la Regla Fiscal durante tres a\u00f1os, mecanismo que le permite endeudarse m\u00e1s all\u00e1 de los l\u00edmites ordinarios.<\/p>\n<p>Las medidas anunciadas incluyen:<\/p>\n<p>Anticipo de retenci\u00f3n en la fuente con el que se espera recaudar $7 billones.<\/p>\n<p>Incremento gradual del precio del di\u00e9sel, homologado al mercado internacional, con excepci\u00f3n para el transporte de carga.<\/p>\n<p>Subsidios de energ\u00eda y gas focalizados por Sisb\u00e9n, eliminando la referencia a estratos.<\/p>\n<p>Evaluaci\u00f3n de vigencias futuras no ejecutadas por falta de licencias ambientales: hay $13 billones represados en fiducias.<\/p>\n<p>Impulso al programa Colombia Solar, con enfoque en energ\u00edas renovables.<\/p>\n<p>Reforma tributaria estructural para recaudar $19 billones, que ser\u00e1 presentada en la pr\u00f3xima legislatura.<\/p>\n<p>Pacto fiscal nacional, con participaci\u00f3n del Congreso, empresarios y entidades territoriales.<\/p>\n<figure id=\"attachment_38573\" aria-describedby=\"caption-attachment-38573\" style=\"width: 1024px\" class=\"wp-caption alignnone\"><img loading=\"lazy\" decoding=\"async\" class=\"size-large wp-image-38573\" src=\"https:\/\/marthacifuentes.com\/portada\/wp-content\/uploads\/2025\/06\/250613-MinHacienda-revelo-claves-Marco-Fiscal-de-Mediano-Plazo-Pacto-fiscal-3-1280-1024x558.jpg\" alt=\"\" width=\"1024\" height=\"558\" srcset=\"https:\/\/marthacifuentes.com\/portada\/wp-content\/uploads\/2025\/06\/250613-MinHacienda-revelo-claves-Marco-Fiscal-de-Mediano-Plazo-Pacto-fiscal-3-1280-1024x558.jpg 1024w, https:\/\/marthacifuentes.com\/portada\/wp-content\/uploads\/2025\/06\/250613-MinHacienda-revelo-claves-Marco-Fiscal-de-Mediano-Plazo-Pacto-fiscal-3-1280-300x163.jpg 300w, https:\/\/marthacifuentes.com\/portada\/wp-content\/uploads\/2025\/06\/250613-MinHacienda-revelo-claves-Marco-Fiscal-de-Mediano-Plazo-Pacto-fiscal-3-1280-768x418.jpg 768w, https:\/\/marthacifuentes.com\/portada\/wp-content\/uploads\/2025\/06\/250613-MinHacienda-revelo-claves-Marco-Fiscal-de-Mediano-Plazo-Pacto-fiscal-3-1280.jpg 1280w\" sizes=\"auto, (max-width: 1024px) 100vw, 1024px\" \/><figcaption id=\"caption-attachment-38573\" class=\"wp-caption-text\">MinHacienda revel\u00f3 las claves del Marco Fiscal de Mediano Plazo: Pacto fiscal, regla fiscal, y recorte presupuestal<\/figcaption><\/figure>\n<p><strong>Proyecciones econ\u00f3micas y desaf\u00edos<\/strong><\/p>\n<p>El Ministerio proyecta un crecimiento econ\u00f3mico del 2,7% para 2025 y una inflaci\u00f3n del 4,8%, con expectativa de descenso al 3% en 2026, en l\u00ednea con las metas del Banco de la Rep\u00fablica.<\/p>\n<p>El ministro concluy\u00f3 que el mayor endeudamiento ser\u00e1 inevitable durante los tres a\u00f1os que dure la activaci\u00f3n de la cl\u00e1usula de escape, pero considera que con disciplina fiscal y un pacto nacional, es posible mantener la estabilidad econ\u00f3mica sin sacrificar las metas sociales.<\/p>\n","protected":false},"excerpt":{"rendered":"<p>Bogot\u00e1, 14 de junio de 2025 \u2014 El Ministerio de Hacienda present\u00f3 el Marco Fiscal de Mediano Plazo 2025, revelando una hoja de ruta para enfrentar el d\u00e9ficit, compensar la ca\u00edda en el recaudo tributario y cumplir con la regla fiscal a trav\u00e9s de ajustes dr\u00e1sticos, nuevos impuestos, subsidios m\u00e1s focalizados y una reforma tributaria. &hellip;<\/p>\n","protected":false},"author":2,"featured_media":38574,"comment_status":"open","ping_status":"open","sticky":false,"template":"","format":"standard","meta":{"om_disable_all_campaigns":false,"_exactmetrics_skip_tracking":false,"_exactmetrics_sitenote_active":false,"_exactmetrics_sitenote_note":"","_exactmetrics_sitenote_category":0,"_monsterinsights_skip_tracking":false,"_monsterinsights_sitenote_active":false,"_monsterinsights_sitenote_note":"","_monsterinsights_sitenote_category":0,"_uf_show_specific_survey":0,"_uf_disable_surveys":false,"_joinchat":[],"footnotes":""},"categories":[147,146,145],"tags":[13625,13616,13257,433,10232,13620,13636,11623,13627,9823,13634,10854,13631,13626,13622,253,13624,12483,13632,13619,13138,13633,13623,13629,13635,13621,13617,1052,13618,13628,1059,451,13630,10231,11747],"class_list":["post-38571","post","type-post","status-publish","format-standard","has-post-thumbnail","hentry","category-actualidad","category-noticias","category-reportajes","tag-anticipos-tributarios","tag-clausula-de-escape","tag-colombia-solar","tag-congreso","tag-crecimiento-economico","tag-deficit","tag-disciplina-fiscal","tag-empresarios","tag-endeudamiento","tag-energias-renovables","tag-entidades-territoriales","tag-estabilidad","tag-estratos","tag-gastos","tag-german-avila-plazas","tag-gobierno","tag-hueco-fiscal","tag-inflacion","tag-licencias-ambientales","tag-marco-fiscal-de-mediano-plazo","tag-ministerio-de-hacienda","tag-pacto-fiscal","tag-pib","tag-precio-del-diesel","tag-proyecciones-economicas","tag-recaudo-tributario","tag-recortes","tag-reforma-tributaria","tag-regla-fiscal","tag-retencion-en-la-fuente","tag-salario-minimo","tag-sisben","tag-subsidios-focalizados","tag-transporte-de-carga","tag-vigencias-futuras"],"yoast_head":"<!-- This site is optimized with the Yoast SEO plugin v26.1 - https:\/\/yoast.com\/wordpress\/plugins\/seo\/ -->\n<title>Gobierno activa cl\u00e1usula de escape y alista recortes para salvar la regla fiscal - \u25b7 Noticias de Casanare : Martha Cifuentes | Casanare<\/title>\n<meta name=\"robots\" content=\"index, follow, max-snippet:-1, max-image-preview:large, max-video-preview:-1\" \/>\n<link rel=\"canonical\" href=\"https:\/\/marthacifuentes.com\/portada\/gobierno-activa-clausula-de-escape-y-alista-recortes-para-salvar-la-regla-fiscal\/\" \/>\n<meta property=\"og:locale\" content=\"es_ES\" \/>\n<meta property=\"og:type\" content=\"article\" \/>\n<meta property=\"og:title\" content=\"Gobierno activa cl\u00e1usula de escape y alista recortes para salvar la regla fiscal - \u25b7 Noticias de Casanare : Martha Cifuentes | Casanare\" \/>\n<meta property=\"og:description\" content=\"Bogot\u00e1, 14 de junio de 2025 \u2014 El Ministerio de Hacienda present\u00f3 el Marco Fiscal de Mediano Plazo 2025, revelando una hoja de ruta para enfrentar el d\u00e9ficit, compensar la ca\u00edda en el recaudo tributario y cumplir con la regla fiscal a trav\u00e9s de ajustes dr\u00e1sticos, nuevos impuestos, subsidios m\u00e1s focalizados y una reforma tributaria. &hellip;\" \/>\n<meta property=\"og:url\" content=\"https:\/\/marthacifuentes.com\/portada\/gobierno-activa-clausula-de-escape-y-alista-recortes-para-salvar-la-regla-fiscal\/\" \/>\n<meta property=\"og:site_name\" content=\"\u25b7 Noticias de Casanare : Martha Cifuentes | Casanare\" \/>\n<meta property=\"article:published_time\" content=\"2025-06-16T15:44:19+00:00\" \/>\n<meta property=\"og:image\" content=\"https:\/\/marthacifuentes.com\/portada\/wp-content\/uploads\/2025\/06\/250613-MinHacienda-revelo-claves-Marco-Fiscal-de-Mediano-Plazo-Pacto-fiscal-1-1280.jpg\" \/>\n\t<meta property=\"og:image:width\" content=\"1280\" \/>\n\t<meta property=\"og:image:height\" content=\"720\" \/>\n\t<meta property=\"og:image:type\" content=\"image\/jpeg\" \/>\n<meta name=\"author\" content=\"Martha Cifuentes\" \/>\n<meta name=\"twitter:card\" content=\"summary_large_image\" \/>\n<meta name=\"twitter:label1\" content=\"Escrito por\" \/>\n\t<meta name=\"twitter:data1\" content=\"Martha Cifuentes\" \/>\n\t<meta name=\"twitter:label2\" content=\"Tiempo de lectura\" \/>\n\t<meta name=\"twitter:data2\" content=\"3 minutos\" \/>\n<script type=\"application\/ld+json\" class=\"yoast-schema-graph\">{\"@context\":\"https:\/\/schema.org\",\"@graph\":[{\"@type\":\"WebPage\",\"@id\":\"https:\/\/marthacifuentes.com\/portada\/gobierno-activa-clausula-de-escape-y-alista-recortes-para-salvar-la-regla-fiscal\/\",\"url\":\"https:\/\/marthacifuentes.com\/portada\/gobierno-activa-clausula-de-escape-y-alista-recortes-para-salvar-la-regla-fiscal\/\",\"name\":\"Gobierno activa cl\u00e1usula de escape y alista recortes para salvar la regla fiscal - \u25b7 Noticias de Casanare : Martha Cifuentes | Casanare\",\"isPartOf\":{\"@id\":\"https:\/\/marthacifuentes.com\/portada\/#website\"},\"primaryImageOfPage\":{\"@id\":\"https:\/\/marthacifuentes.com\/portada\/gobierno-activa-clausula-de-escape-y-alista-recortes-para-salvar-la-regla-fiscal\/#primaryimage\"},\"image\":{\"@id\":\"https:\/\/marthacifuentes.com\/portada\/gobierno-activa-clausula-de-escape-y-alista-recortes-para-salvar-la-regla-fiscal\/#primaryimage\"},\"thumbnailUrl\":\"https:\/\/marthacifuentes.com\/portada\/wp-content\/uploads\/2025\/06\/250613-MinHacienda-revelo-claves-Marco-Fiscal-de-Mediano-Plazo-Pacto-fiscal-1-1280.jpg\",\"datePublished\":\"2025-06-16T15:44:19+00:00\",\"author\":{\"@id\":\"https:\/\/marthacifuentes.com\/portada\/#\/schema\/person\/57f53174b991db5f90ff78d58502b714\"},\"breadcrumb\":{\"@id\":\"https:\/\/marthacifuentes.com\/portada\/gobierno-activa-clausula-de-escape-y-alista-recortes-para-salvar-la-regla-fiscal\/#breadcrumb\"},\"inLanguage\":\"es\",\"potentialAction\":[{\"@type\":\"ReadAction\",\"target\":[\"https:\/\/marthacifuentes.com\/portada\/gobierno-activa-clausula-de-escape-y-alista-recortes-para-salvar-la-regla-fiscal\/\"]}]},{\"@type\":\"ImageObject\",\"inLanguage\":\"es\",\"@id\":\"https:\/\/marthacifuentes.com\/portada\/gobierno-activa-clausula-de-escape-y-alista-recortes-para-salvar-la-regla-fiscal\/#primaryimage\",\"url\":\"https:\/\/marthacifuentes.com\/portada\/wp-content\/uploads\/2025\/06\/250613-MinHacienda-revelo-claves-Marco-Fiscal-de-Mediano-Plazo-Pacto-fiscal-1-1280.jpg\",\"contentUrl\":\"https:\/\/marthacifuentes.com\/portada\/wp-content\/uploads\/2025\/06\/250613-MinHacienda-revelo-claves-Marco-Fiscal-de-Mediano-Plazo-Pacto-fiscal-1-1280.jpg\",\"width\":1280,\"height\":720,\"caption\":\"MinHacienda revel\u00f3 las claves del Marco Fiscal de Mediano Plazo: Pacto fiscal, regla fiscal, y recorte presupuestal\"},{\"@type\":\"BreadcrumbList\",\"@id\":\"https:\/\/marthacifuentes.com\/portada\/gobierno-activa-clausula-de-escape-y-alista-recortes-para-salvar-la-regla-fiscal\/#breadcrumb\",\"itemListElement\":[{\"@type\":\"ListItem\",\"position\":1,\"name\":\"Portada\",\"item\":\"https:\/\/marthacifuentes.com\/portada\/\"},{\"@type\":\"ListItem\",\"position\":2,\"name\":\"Gobierno activa cl\u00e1usula de escape y alista recortes para salvar la regla fiscal\"}]},{\"@type\":\"WebSite\",\"@id\":\"https:\/\/marthacifuentes.com\/portada\/#website\",\"url\":\"https:\/\/marthacifuentes.com\/portada\/\",\"name\":\"\u25b7 Noticias de Casanare : Martha Cifuentes | Casanare\",\"description\":\"Noticias &amp; Contenidos\",\"potentialAction\":[{\"@type\":\"SearchAction\",\"target\":{\"@type\":\"EntryPoint\",\"urlTemplate\":\"https:\/\/marthacifuentes.com\/portada\/?s={search_term_string}\"},\"query-input\":{\"@type\":\"PropertyValueSpecification\",\"valueRequired\":true,\"valueName\":\"search_term_string\"}}],\"inLanguage\":\"es\"},{\"@type\":\"Person\",\"@id\":\"https:\/\/marthacifuentes.com\/portada\/#\/schema\/person\/57f53174b991db5f90ff78d58502b714\",\"name\":\"Martha Cifuentes\",\"image\":{\"@type\":\"ImageObject\",\"inLanguage\":\"es\",\"@id\":\"https:\/\/marthacifuentes.com\/portada\/#\/schema\/person\/image\/\",\"url\":\"http:\/\/marthacifuentes.com\/portada\/wp-content\/uploads\/2018\/06\/avatar_user_2_1528838701-96x96.jpg\",\"contentUrl\":\"http:\/\/marthacifuentes.com\/portada\/wp-content\/uploads\/2018\/06\/avatar_user_2_1528838701-96x96.jpg\",\"caption\":\"Martha Cifuentes\"},\"sameAs\":[\"http:\/\/www.marthacifuentes.com\"],\"url\":\"https:\/\/marthacifuentes.com\/portada\/author\/martha\/\"}]}<\/script>\n<!-- \/ Yoast SEO plugin. -->","yoast_head_json":{"title":"Gobierno activa cl\u00e1usula de escape y alista recortes para salvar la regla fiscal - \u25b7 Noticias de Casanare : Martha Cifuentes | Casanare","robots":{"index":"index","follow":"follow","max-snippet":"max-snippet:-1","max-image-preview":"max-image-preview:large","max-video-preview":"max-video-preview:-1"},"canonical":"https:\/\/marthacifuentes.com\/portada\/gobierno-activa-clausula-de-escape-y-alista-recortes-para-salvar-la-regla-fiscal\/","og_locale":"es_ES","og_type":"article","og_title":"Gobierno activa cl\u00e1usula de escape y alista recortes para salvar la regla fiscal - \u25b7 Noticias de Casanare : Martha Cifuentes | Casanare","og_description":"Bogot\u00e1, 14 de junio de 2025 \u2014 El Ministerio de Hacienda present\u00f3 el Marco Fiscal de Mediano Plazo 2025, revelando una hoja de ruta para enfrentar el d\u00e9ficit, compensar la ca\u00edda en el recaudo tributario y cumplir con la regla fiscal a trav\u00e9s de ajustes dr\u00e1sticos, nuevos impuestos, subsidios m\u00e1s focalizados y una reforma tributaria. &hellip;","og_url":"https:\/\/marthacifuentes.com\/portada\/gobierno-activa-clausula-de-escape-y-alista-recortes-para-salvar-la-regla-fiscal\/","og_site_name":"\u25b7 Noticias de Casanare : Martha Cifuentes | Casanare","article_published_time":"2025-06-16T15:44:19+00:00","og_image":[{"width":1280,"height":720,"url":"https:\/\/marthacifuentes.com\/portada\/wp-content\/uploads\/2025\/06\/250613-MinHacienda-revelo-claves-Marco-Fiscal-de-Mediano-Plazo-Pacto-fiscal-1-1280.jpg","type":"image\/jpeg"}],"author":"Martha Cifuentes","twitter_card":"summary_large_image","twitter_misc":{"Escrito por":"Martha Cifuentes","Tiempo de lectura":"3 minutos"},"schema":{"@context":"https:\/\/schema.org","@graph":[{"@type":"WebPage","@id":"https:\/\/marthacifuentes.com\/portada\/gobierno-activa-clausula-de-escape-y-alista-recortes-para-salvar-la-regla-fiscal\/","url":"https:\/\/marthacifuentes.com\/portada\/gobierno-activa-clausula-de-escape-y-alista-recortes-para-salvar-la-regla-fiscal\/","name":"Gobierno activa cl\u00e1usula de escape y alista recortes para salvar la regla fiscal - \u25b7 Noticias de Casanare : Martha Cifuentes | Casanare","isPartOf":{"@id":"https:\/\/marthacifuentes.com\/portada\/#website"},"primaryImageOfPage":{"@id":"https:\/\/marthacifuentes.com\/portada\/gobierno-activa-clausula-de-escape-y-alista-recortes-para-salvar-la-regla-fiscal\/#primaryimage"},"image":{"@id":"https:\/\/marthacifuentes.com\/portada\/gobierno-activa-clausula-de-escape-y-alista-recortes-para-salvar-la-regla-fiscal\/#primaryimage"},"thumbnailUrl":"https:\/\/marthacifuentes.com\/portada\/wp-content\/uploads\/2025\/06\/250613-MinHacienda-revelo-claves-Marco-Fiscal-de-Mediano-Plazo-Pacto-fiscal-1-1280.jpg","datePublished":"2025-06-16T15:44:19+00:00","author":{"@id":"https:\/\/marthacifuentes.com\/portada\/#\/schema\/person\/57f53174b991db5f90ff78d58502b714"},"breadcrumb":{"@id":"https:\/\/marthacifuentes.com\/portada\/gobierno-activa-clausula-de-escape-y-alista-recortes-para-salvar-la-regla-fiscal\/#breadcrumb"},"inLanguage":"es","potentialAction":[{"@type":"ReadAction","target":["https:\/\/marthacifuentes.com\/portada\/gobierno-activa-clausula-de-escape-y-alista-recortes-para-salvar-la-regla-fiscal\/"]}]},{"@type":"ImageObject","inLanguage":"es","@id":"https:\/\/marthacifuentes.com\/portada\/gobierno-activa-clausula-de-escape-y-alista-recortes-para-salvar-la-regla-fiscal\/#primaryimage","url":"https:\/\/marthacifuentes.com\/portada\/wp-content\/uploads\/2025\/06\/250613-MinHacienda-revelo-claves-Marco-Fiscal-de-Mediano-Plazo-Pacto-fiscal-1-1280.jpg","contentUrl":"https:\/\/marthacifuentes.com\/portada\/wp-content\/uploads\/2025\/06\/250613-MinHacienda-revelo-claves-Marco-Fiscal-de-Mediano-Plazo-Pacto-fiscal-1-1280.jpg","width":1280,"height":720,"caption":"MinHacienda revel\u00f3 las claves del Marco Fiscal de Mediano Plazo: Pacto fiscal, regla fiscal, y recorte presupuestal"},{"@type":"BreadcrumbList","@id":"https:\/\/marthacifuentes.com\/portada\/gobierno-activa-clausula-de-escape-y-alista-recortes-para-salvar-la-regla-fiscal\/#breadcrumb","itemListElement":[{"@type":"ListItem","position":1,"name":"Portada","item":"https:\/\/marthacifuentes.com\/portada\/"},{"@type":"ListItem","position":2,"name":"Gobierno activa cl\u00e1usula de escape y alista recortes para salvar la regla fiscal"}]},{"@type":"WebSite","@id":"https:\/\/marthacifuentes.com\/portada\/#website","url":"https:\/\/marthacifuentes.com\/portada\/","name":"\u25b7 Noticias de Casanare : Martha Cifuentes | Casanare","description":"Noticias &amp; Contenidos","potentialAction":[{"@type":"SearchAction","target":{"@type":"EntryPoint","urlTemplate":"https:\/\/marthacifuentes.com\/portada\/?s={search_term_string}"},"query-input":{"@type":"PropertyValueSpecification","valueRequired":true,"valueName":"search_term_string"}}],"inLanguage":"es"},{"@type":"Person","@id":"https:\/\/marthacifuentes.com\/portada\/#\/schema\/person\/57f53174b991db5f90ff78d58502b714","name":"Martha Cifuentes","image":{"@type":"ImageObject","inLanguage":"es","@id":"https:\/\/marthacifuentes.com\/portada\/#\/schema\/person\/image\/","url":"http:\/\/marthacifuentes.com\/portada\/wp-content\/uploads\/2018\/06\/avatar_user_2_1528838701-96x96.jpg","contentUrl":"http:\/\/marthacifuentes.com\/portada\/wp-content\/uploads\/2018\/06\/avatar_user_2_1528838701-96x96.jpg","caption":"Martha Cifuentes"},"sameAs":["http:\/\/www.marthacifuentes.com"],"url":"https:\/\/marthacifuentes.com\/portada\/author\/martha\/"}]}},"_links":{"self":[{"href":"https:\/\/marthacifuentes.com\/portada\/wp-json\/wp\/v2\/posts\/38571","targetHints":{"allow":["GET"]}}],"collection":[{"href":"https:\/\/marthacifuentes.com\/portada\/wp-json\/wp\/v2\/posts"}],"about":[{"href":"https:\/\/marthacifuentes.com\/portada\/wp-json\/wp\/v2\/types\/post"}],"author":[{"embeddable":true,"href":"https:\/\/marthacifuentes.com\/portada\/wp-json\/wp\/v2\/users\/2"}],"replies":[{"embeddable":true,"href":"https:\/\/marthacifuentes.com\/portada\/wp-json\/wp\/v2\/comments?post=38571"}],"version-history":[{"count":1,"href":"https:\/\/marthacifuentes.com\/portada\/wp-json\/wp\/v2\/posts\/38571\/revisions"}],"predecessor-version":[{"id":38575,"href":"https:\/\/marthacifuentes.com\/portada\/wp-json\/wp\/v2\/posts\/38571\/revisions\/38575"}],"wp:featuredmedia":[{"embeddable":true,"href":"https:\/\/marthacifuentes.com\/portada\/wp-json\/wp\/v2\/media\/38574"}],"wp:attachment":[{"href":"https:\/\/marthacifuentes.com\/portada\/wp-json\/wp\/v2\/media?parent=38571"}],"wp:term":[{"taxonomy":"category","embeddable":true,"href":"https:\/\/marthacifuentes.com\/portada\/wp-json\/wp\/v2\/categories?post=38571"},{"taxonomy":"post_tag","embeddable":true,"href":"https:\/\/marthacifuentes.com\/portada\/wp-json\/wp\/v2\/tags?post=38571"}],"curies":[{"name":"wp","href":"https:\/\/api.w.org\/{rel}","templated":true}]}}