{"id":38606,"date":"2025-07-01T10:36:55","date_gmt":"2025-07-01T15:36:55","guid":{"rendered":"https:\/\/marthacifuentes.com\/portada\/?p=38606"},"modified":"2025-07-01T11:05:39","modified_gmt":"2025-07-01T16:05:39","slug":"dolor-y-preguntas-sin-respuesta-el-misterio-tras-la-muerte-de-una-familia-completa-en-aguazul","status":"publish","type":"post","link":"https:\/\/marthacifuentes.com\/portada\/dolor-y-preguntas-sin-respuesta-el-misterio-tras-la-muerte-de-una-familia-completa-en-aguazul\/","title":{"rendered":"Dolor y preguntas sin respuesta: el misterio tras la muerte de una familia completa en Aguazul"},"content":{"rendered":"<h4>El hallazgo que paraliz\u00f3 a una comunidad<\/h4>\n<p>El viernes 27 de junio, alrededor de las 6:00 p.m., vecinos de la vereda Las Atalayas, a aproximadamente 20 minutos en carro del municipio de Aguazul, Casanare, notaron la ausencia de movimiento en la finca La Colombiana, donde viv\u00eda y trabajaba la familia Estrada Samac\u00e1. Al acercarse y entrar a la casa, encontraron la escena m\u00e1s dolorosa: cuatro cuerpos sin vida, todos recostados en una habitaci\u00f3n, sin se\u00f1ales visibles de violencia.<\/p>\n<p>Las v\u00edctimas fueron identificadas como Rafael Estrada Granados (46 a\u00f1os), su esposa Andrea Alejandra Samac\u00e1 Rodr\u00edguez (24), y sus hijos, Evelyn Dayana (5) y Dami\u00e1n Alejandro (2). La familia, oriunda de San Luis de Palenque y Hato Corozal, se hab\u00eda instalado en el predio apenas cuatro meses atr\u00e1s como encargados de labores rurales.<\/p>\n<p>La pareja llevaba al menos 10 a\u00f1os de relaci\u00f3n sentimental seg\u00fan informaci\u00f3n de personas que los conoc\u00edan en Hato Corozal. Se dedicaba a labores de campo y ante la falta de oportunidades laborales se traslad\u00f3 a Aguazul.<\/p>\n<p>&nbsp;<\/p>\n<h4>Sin se\u00f1ales de lucha ni violencia f\u00edsica<\/h4>\n<p>Las primeras inspecciones t\u00e9cnicas realizadas por el Cuerpo T\u00e9cnico de Investigaci\u00f3n (CTI) y la Polic\u00eda revelaron que no hab\u00eda huellas de forcejeo, ni armas blancas o de fuego en la escena. Tampoco se hallaron signos de agresi\u00f3n directa en los cuerpos.<\/p>\n<p>Sin embargo, un detalle llam\u00f3 la atenci\u00f3n de los investigadores: el fuerte olor a insecticida en la habitaci\u00f3n y la presencia de espuma en la boca de una de las v\u00edctimas. Estos elementos podr\u00edan indicar una intoxicaci\u00f3n, voluntaria o accidental, aunque los ex\u00e1menes toxicol\u00f3gicos de Medicina Legal ser\u00e1n decisivos para confirmar la causa del deceso.<\/p>\n<p>&nbsp;<\/p>\n<h4>Hip\u00f3tesis estremecen a Casanare<\/h4>\n<p>Aunque no hay resultados oficiales a\u00fan, las autoridades manejan varias l\u00edneas de investigaci\u00f3n:<\/p>\n<ol>\n<li aria-level=\"1\"><b>Autodeterminaci\u00f3n colectiva:<\/b> los indicios iniciales sugieren la posible ingesta de una sustancia por parte de todos los miembros de la familia, lo que abrir\u00eda la puerta a un acto extremo con intencionalidad.<\/li>\n<li aria-level=\"1\"><b>Feminicidio y parricidio:<\/b> vecinos mencionan discusiones constantes entre la pareja, lo que hace pensar en una posible acci\u00f3n violenta por parte de uno de los adultos, con posterior desenlace fatal colectivo.<\/li>\n<li><strong>Accidente letal:<\/strong> no se descarta una intoxicaci\u00f3n accidental con pesticidas o sustancias mal almacenadas, dadas las condiciones rurales del lugar.<\/li>\n<\/ol>\n","protected":false},"excerpt":{"rendered":"<p>El hallazgo que paraliz\u00f3 a una comunidad El viernes 27 de junio, alrededor de las 6:00 p.m., vecinos de la vereda Las Atalayas, a aproximadamente 20 minutos en carro del municipio de Aguazul, Casanare, notaron la ausencia de movimiento en la finca La Colombiana, donde viv\u00eda y trabajaba la familia Estrada Samac\u00e1. Al acercarse y &hellip;<\/p>\n","protected":false},"author":2,"featured_media":38607,"comment_status":"open","ping_status":"open","sticky":false,"template":"","format":"standard","meta":{"om_disable_all_campaigns":false,"_exactmetrics_skip_tracking":false,"_exactmetrics_sitenote_active":false,"_exactmetrics_sitenote_note":"","_exactmetrics_sitenote_category":0,"_monsterinsights_skip_tracking":false,"_monsterinsights_sitenote_active":false,"_monsterinsights_sitenote_note":"","_monsterinsights_sitenote_category":0,"_uf_show_specific_survey":0,"_uf_disable_surveys":false,"_joinchat":[],"footnotes":""},"categories":[147,146,145],"tags":[219,13725,13733,154,10246,894,13727,13734,13729,13731,13726,13723,1065,13722,13720,261,13735,13732,12406,13728,13721,6538,13730,12014,226,13724,1712],"class_list":["post-38606","post","type-post","status-publish","format-standard","has-post-thumbnail","hentry","category-actualidad","category-noticias","category-reportajes","tag-aguazul","tag-andrea-alejandra-samaca-rodriguez","tag-autodeterminacion-colectiva","tag-casanare","tag-comunidad","tag-cti","tag-damian-alejandro","tag-discusion","tag-escena-sin-violencia","tag-espuma-en-la-boca","tag-evelyn-dayana","tag-familia-estrada-samaca","tag-feminicidio","tag-finca-la-colombiana","tag-hallazgo","tag-hato-corozal","tag-hipotesis","tag-intoxicacion","tag-investigacion","tag-labores-rurales","tag-las-atalayas","tag-medicina-legal","tag-olor-a-insecticida","tag-parricidio","tag-policia","tag-rafael-estrada-granados","tag-san-luis-de-palenque"],"yoast_head":"<!-- This site is optimized with the Yoast SEO plugin v26.1 - https:\/\/yoast.com\/wordpress\/plugins\/seo\/ -->\n<title>Dolor y preguntas sin respuesta: el misterio tras la muerte de una familia completa en Aguazul - \u25b7 Noticias de Casanare : Martha Cifuentes | Casanare<\/title>\n<meta name=\"robots\" content=\"index, follow, max-snippet:-1, max-image-preview:large, max-video-preview:-1\" \/>\n<link rel=\"canonical\" href=\"https:\/\/marthacifuentes.com\/portada\/dolor-y-preguntas-sin-respuesta-el-misterio-tras-la-muerte-de-una-familia-completa-en-aguazul\/\" \/>\n<meta property=\"og:locale\" content=\"es_ES\" \/>\n<meta property=\"og:type\" content=\"article\" \/>\n<meta property=\"og:title\" content=\"Dolor y preguntas sin respuesta: el misterio tras la muerte de una familia completa en Aguazul - \u25b7 Noticias de Casanare : Martha Cifuentes | Casanare\" \/>\n<meta property=\"og:description\" content=\"El hallazgo que paraliz\u00f3 a una comunidad El viernes 27 de junio, alrededor de las 6:00 p.m., vecinos de la vereda Las Atalayas, a aproximadamente 20 minutos en carro del municipio de Aguazul, Casanare, notaron la ausencia de movimiento en la finca La Colombiana, donde viv\u00eda y trabajaba la familia Estrada Samac\u00e1. Al acercarse y &hellip;\" \/>\n<meta property=\"og:url\" content=\"https:\/\/marthacifuentes.com\/portada\/dolor-y-preguntas-sin-respuesta-el-misterio-tras-la-muerte-de-una-familia-completa-en-aguazul\/\" \/>\n<meta property=\"og:site_name\" content=\"\u25b7 Noticias de Casanare : Martha Cifuentes | Casanare\" \/>\n<meta property=\"article:published_time\" content=\"2025-07-01T15:36:55+00:00\" \/>\n<meta property=\"article:modified_time\" content=\"2025-07-01T16:05:39+00:00\" \/>\n<meta property=\"og:image\" content=\"https:\/\/marthacifuentes.com\/portada\/wp-content\/uploads\/2025\/07\/FAMILIA-FALLECIDA-AGUAZUL.jpg\" \/>\n\t<meta property=\"og:image:width\" content=\"509\" \/>\n\t<meta property=\"og:image:height\" content=\"347\" \/>\n\t<meta property=\"og:image:type\" content=\"image\/jpeg\" \/>\n<meta name=\"author\" content=\"Martha Cifuentes\" \/>\n<meta name=\"twitter:card\" content=\"summary_large_image\" \/>\n<meta name=\"twitter:label1\" content=\"Escrito por\" \/>\n\t<meta name=\"twitter:data1\" content=\"Martha Cifuentes\" \/>\n\t<meta name=\"twitter:label2\" content=\"Tiempo de lectura\" \/>\n\t<meta name=\"twitter:data2\" content=\"2 minutos\" \/>\n<script type=\"application\/ld+json\" class=\"yoast-schema-graph\">{\"@context\":\"https:\/\/schema.org\",\"@graph\":[{\"@type\":\"WebPage\",\"@id\":\"https:\/\/marthacifuentes.com\/portada\/dolor-y-preguntas-sin-respuesta-el-misterio-tras-la-muerte-de-una-familia-completa-en-aguazul\/\",\"url\":\"https:\/\/marthacifuentes.com\/portada\/dolor-y-preguntas-sin-respuesta-el-misterio-tras-la-muerte-de-una-familia-completa-en-aguazul\/\",\"name\":\"Dolor y preguntas sin respuesta: el misterio tras la muerte de una familia completa en Aguazul - \u25b7 Noticias de Casanare : Martha Cifuentes | Casanare\",\"isPartOf\":{\"@id\":\"https:\/\/marthacifuentes.com\/portada\/#website\"},\"primaryImageOfPage\":{\"@id\":\"https:\/\/marthacifuentes.com\/portada\/dolor-y-preguntas-sin-respuesta-el-misterio-tras-la-muerte-de-una-familia-completa-en-aguazul\/#primaryimage\"},\"image\":{\"@id\":\"https:\/\/marthacifuentes.com\/portada\/dolor-y-preguntas-sin-respuesta-el-misterio-tras-la-muerte-de-una-familia-completa-en-aguazul\/#primaryimage\"},\"thumbnailUrl\":\"https:\/\/marthacifuentes.com\/portada\/wp-content\/uploads\/2025\/07\/FAMILIA-FALLECIDA-AGUAZUL.jpg\",\"datePublished\":\"2025-07-01T15:36:55+00:00\",\"dateModified\":\"2025-07-01T16:05:39+00:00\",\"author\":{\"@id\":\"https:\/\/marthacifuentes.com\/portada\/#\/schema\/person\/57f53174b991db5f90ff78d58502b714\"},\"breadcrumb\":{\"@id\":\"https:\/\/marthacifuentes.com\/portada\/dolor-y-preguntas-sin-respuesta-el-misterio-tras-la-muerte-de-una-familia-completa-en-aguazul\/#breadcrumb\"},\"inLanguage\":\"es\",\"potentialAction\":[{\"@type\":\"ReadAction\",\"target\":[\"https:\/\/marthacifuentes.com\/portada\/dolor-y-preguntas-sin-respuesta-el-misterio-tras-la-muerte-de-una-familia-completa-en-aguazul\/\"]}]},{\"@type\":\"ImageObject\",\"inLanguage\":\"es\",\"@id\":\"https:\/\/marthacifuentes.com\/portada\/dolor-y-preguntas-sin-respuesta-el-misterio-tras-la-muerte-de-una-familia-completa-en-aguazul\/#primaryimage\",\"url\":\"https:\/\/marthacifuentes.com\/portada\/wp-content\/uploads\/2025\/07\/FAMILIA-FALLECIDA-AGUAZUL.jpg\",\"contentUrl\":\"https:\/\/marthacifuentes.com\/portada\/wp-content\/uploads\/2025\/07\/FAMILIA-FALLECIDA-AGUAZUL.jpg\",\"width\":509,\"height\":347},{\"@type\":\"BreadcrumbList\",\"@id\":\"https:\/\/marthacifuentes.com\/portada\/dolor-y-preguntas-sin-respuesta-el-misterio-tras-la-muerte-de-una-familia-completa-en-aguazul\/#breadcrumb\",\"itemListElement\":[{\"@type\":\"ListItem\",\"position\":1,\"name\":\"Portada\",\"item\":\"https:\/\/marthacifuentes.com\/portada\/\"},{\"@type\":\"ListItem\",\"position\":2,\"name\":\"Dolor y preguntas sin respuesta: el misterio tras la muerte de una familia completa en Aguazul\"}]},{\"@type\":\"WebSite\",\"@id\":\"https:\/\/marthacifuentes.com\/portada\/#website\",\"url\":\"https:\/\/marthacifuentes.com\/portada\/\",\"name\":\"\u25b7 Noticias de Casanare : Martha Cifuentes | Casanare\",\"description\":\"Noticias &amp; Contenidos\",\"potentialAction\":[{\"@type\":\"SearchAction\",\"target\":{\"@type\":\"EntryPoint\",\"urlTemplate\":\"https:\/\/marthacifuentes.com\/portada\/?s={search_term_string}\"},\"query-input\":{\"@type\":\"PropertyValueSpecification\",\"valueRequired\":true,\"valueName\":\"search_term_string\"}}],\"inLanguage\":\"es\"},{\"@type\":\"Person\",\"@id\":\"https:\/\/marthacifuentes.com\/portada\/#\/schema\/person\/57f53174b991db5f90ff78d58502b714\",\"name\":\"Martha Cifuentes\",\"image\":{\"@type\":\"ImageObject\",\"inLanguage\":\"es\",\"@id\":\"https:\/\/marthacifuentes.com\/portada\/#\/schema\/person\/image\/\",\"url\":\"http:\/\/marthacifuentes.com\/portada\/wp-content\/uploads\/2018\/06\/avatar_user_2_1528838701-96x96.jpg\",\"contentUrl\":\"http:\/\/marthacifuentes.com\/portada\/wp-content\/uploads\/2018\/06\/avatar_user_2_1528838701-96x96.jpg\",\"caption\":\"Martha Cifuentes\"},\"sameAs\":[\"http:\/\/www.marthacifuentes.com\"],\"url\":\"https:\/\/marthacifuentes.com\/portada\/author\/martha\/\"}]}<\/script>\n<!-- \/ Yoast SEO plugin. -->","yoast_head_json":{"title":"Dolor y preguntas sin respuesta: el misterio tras la muerte de una familia completa en Aguazul - \u25b7 Noticias de Casanare : Martha Cifuentes | Casanare","robots":{"index":"index","follow":"follow","max-snippet":"max-snippet:-1","max-image-preview":"max-image-preview:large","max-video-preview":"max-video-preview:-1"},"canonical":"https:\/\/marthacifuentes.com\/portada\/dolor-y-preguntas-sin-respuesta-el-misterio-tras-la-muerte-de-una-familia-completa-en-aguazul\/","og_locale":"es_ES","og_type":"article","og_title":"Dolor y preguntas sin respuesta: el misterio tras la muerte de una familia completa en Aguazul - \u25b7 Noticias de Casanare : Martha Cifuentes | Casanare","og_description":"El hallazgo que paraliz\u00f3 a una comunidad El viernes 27 de junio, alrededor de las 6:00 p.m., vecinos de la vereda Las Atalayas, a aproximadamente 20 minutos en carro del municipio de Aguazul, Casanare, notaron la ausencia de movimiento en la finca La Colombiana, donde viv\u00eda y trabajaba la familia Estrada Samac\u00e1. Al acercarse y &hellip;","og_url":"https:\/\/marthacifuentes.com\/portada\/dolor-y-preguntas-sin-respuesta-el-misterio-tras-la-muerte-de-una-familia-completa-en-aguazul\/","og_site_name":"\u25b7 Noticias de Casanare : Martha Cifuentes | Casanare","article_published_time":"2025-07-01T15:36:55+00:00","article_modified_time":"2025-07-01T16:05:39+00:00","og_image":[{"width":509,"height":347,"url":"https:\/\/marthacifuentes.com\/portada\/wp-content\/uploads\/2025\/07\/FAMILIA-FALLECIDA-AGUAZUL.jpg","type":"image\/jpeg"}],"author":"Martha Cifuentes","twitter_card":"summary_large_image","twitter_misc":{"Escrito por":"Martha Cifuentes","Tiempo de lectura":"2 minutos"},"schema":{"@context":"https:\/\/schema.org","@graph":[{"@type":"WebPage","@id":"https:\/\/marthacifuentes.com\/portada\/dolor-y-preguntas-sin-respuesta-el-misterio-tras-la-muerte-de-una-familia-completa-en-aguazul\/","url":"https:\/\/marthacifuentes.com\/portada\/dolor-y-preguntas-sin-respuesta-el-misterio-tras-la-muerte-de-una-familia-completa-en-aguazul\/","name":"Dolor y preguntas sin respuesta: el misterio tras la muerte de una familia completa en Aguazul - \u25b7 Noticias de Casanare : Martha Cifuentes | Casanare","isPartOf":{"@id":"https:\/\/marthacifuentes.com\/portada\/#website"},"primaryImageOfPage":{"@id":"https:\/\/marthacifuentes.com\/portada\/dolor-y-preguntas-sin-respuesta-el-misterio-tras-la-muerte-de-una-familia-completa-en-aguazul\/#primaryimage"},"image":{"@id":"https:\/\/marthacifuentes.com\/portada\/dolor-y-preguntas-sin-respuesta-el-misterio-tras-la-muerte-de-una-familia-completa-en-aguazul\/#primaryimage"},"thumbnailUrl":"https:\/\/marthacifuentes.com\/portada\/wp-content\/uploads\/2025\/07\/FAMILIA-FALLECIDA-AGUAZUL.jpg","datePublished":"2025-07-01T15:36:55+00:00","dateModified":"2025-07-01T16:05:39+00:00","author":{"@id":"https:\/\/marthacifuentes.com\/portada\/#\/schema\/person\/57f53174b991db5f90ff78d58502b714"},"breadcrumb":{"@id":"https:\/\/marthacifuentes.com\/portada\/dolor-y-preguntas-sin-respuesta-el-misterio-tras-la-muerte-de-una-familia-completa-en-aguazul\/#breadcrumb"},"inLanguage":"es","potentialAction":[{"@type":"ReadAction","target":["https:\/\/marthacifuentes.com\/portada\/dolor-y-preguntas-sin-respuesta-el-misterio-tras-la-muerte-de-una-familia-completa-en-aguazul\/"]}]},{"@type":"ImageObject","inLanguage":"es","@id":"https:\/\/marthacifuentes.com\/portada\/dolor-y-preguntas-sin-respuesta-el-misterio-tras-la-muerte-de-una-familia-completa-en-aguazul\/#primaryimage","url":"https:\/\/marthacifuentes.com\/portada\/wp-content\/uploads\/2025\/07\/FAMILIA-FALLECIDA-AGUAZUL.jpg","contentUrl":"https:\/\/marthacifuentes.com\/portada\/wp-content\/uploads\/2025\/07\/FAMILIA-FALLECIDA-AGUAZUL.jpg","width":509,"height":347},{"@type":"BreadcrumbList","@id":"https:\/\/marthacifuentes.com\/portada\/dolor-y-preguntas-sin-respuesta-el-misterio-tras-la-muerte-de-una-familia-completa-en-aguazul\/#breadcrumb","itemListElement":[{"@type":"ListItem","position":1,"name":"Portada","item":"https:\/\/marthacifuentes.com\/portada\/"},{"@type":"ListItem","position":2,"name":"Dolor y preguntas sin respuesta: el misterio tras la muerte de una familia completa en Aguazul"}]},{"@type":"WebSite","@id":"https:\/\/marthacifuentes.com\/portada\/#website","url":"https:\/\/marthacifuentes.com\/portada\/","name":"\u25b7 Noticias de Casanare : Martha Cifuentes | Casanare","description":"Noticias &amp; Contenidos","potentialAction":[{"@type":"SearchAction","target":{"@type":"EntryPoint","urlTemplate":"https:\/\/marthacifuentes.com\/portada\/?s={search_term_string}"},"query-input":{"@type":"PropertyValueSpecification","valueRequired":true,"valueName":"search_term_string"}}],"inLanguage":"es"},{"@type":"Person","@id":"https:\/\/marthacifuentes.com\/portada\/#\/schema\/person\/57f53174b991db5f90ff78d58502b714","name":"Martha Cifuentes","image":{"@type":"ImageObject","inLanguage":"es","@id":"https:\/\/marthacifuentes.com\/portada\/#\/schema\/person\/image\/","url":"http:\/\/marthacifuentes.com\/portada\/wp-content\/uploads\/2018\/06\/avatar_user_2_1528838701-96x96.jpg","contentUrl":"http:\/\/marthacifuentes.com\/portada\/wp-content\/uploads\/2018\/06\/avatar_user_2_1528838701-96x96.jpg","caption":"Martha Cifuentes"},"sameAs":["http:\/\/www.marthacifuentes.com"],"url":"https:\/\/marthacifuentes.com\/portada\/author\/martha\/"}]}},"_links":{"self":[{"href":"https:\/\/marthacifuentes.com\/portada\/wp-json\/wp\/v2\/posts\/38606","targetHints":{"allow":["GET"]}}],"collection":[{"href":"https:\/\/marthacifuentes.com\/portada\/wp-json\/wp\/v2\/posts"}],"about":[{"href":"https:\/\/marthacifuentes.com\/portada\/wp-json\/wp\/v2\/types\/post"}],"author":[{"embeddable":true,"href":"https:\/\/marthacifuentes.com\/portada\/wp-json\/wp\/v2\/users\/2"}],"replies":[{"embeddable":true,"href":"https:\/\/marthacifuentes.com\/portada\/wp-json\/wp\/v2\/comments?post=38606"}],"version-history":[{"count":2,"href":"https:\/\/marthacifuentes.com\/portada\/wp-json\/wp\/v2\/posts\/38606\/revisions"}],"predecessor-version":[{"id":38610,"href":"https:\/\/marthacifuentes.com\/portada\/wp-json\/wp\/v2\/posts\/38606\/revisions\/38610"}],"wp:featuredmedia":[{"embeddable":true,"href":"https:\/\/marthacifuentes.com\/portada\/wp-json\/wp\/v2\/media\/38607"}],"wp:attachment":[{"href":"https:\/\/marthacifuentes.com\/portada\/wp-json\/wp\/v2\/media?parent=38606"}],"wp:term":[{"taxonomy":"category","embeddable":true,"href":"https:\/\/marthacifuentes.com\/portada\/wp-json\/wp\/v2\/categories?post=38606"},{"taxonomy":"post_tag","embeddable":true,"href":"https:\/\/marthacifuentes.com\/portada\/wp-json\/wp\/v2\/tags?post=38606"}],"curies":[{"name":"wp","href":"https:\/\/api.w.org\/{rel}","templated":true}]}}