{"id":38660,"date":"2025-07-14T10:56:20","date_gmt":"2025-07-14T15:56:20","guid":{"rendered":"https:\/\/marthacifuentes.com\/portada\/?p=38660"},"modified":"2025-07-14T10:56:20","modified_gmt":"2025-07-14T15:56:20","slug":"14-anos-para-graduarse-i-e-sagrado-corazon-deja-atras-el-abandono-y-abre-sus-aulas-en-paz-de-ariporo","status":"publish","type":"post","link":"https:\/\/marthacifuentes.com\/portada\/14-anos-para-graduarse-i-e-sagrado-corazon-deja-atras-el-abandono-y-abre-sus-aulas-en-paz-de-ariporo\/","title":{"rendered":"14 a\u00f1os para \u201cgraduarse\u201d: I.E. Sagrado Coraz\u00f3n deja atr\u00e1s el abandono y abre sus aulas en Paz de Ariporo"},"content":{"rendered":"<p>Desde este lunes, m\u00e1s de 1.600 estudiantes de la Instituci\u00f3n Educativa Sagrado Coraz\u00f3n en Paz de Ariporo recibir\u00e1n clases en el nuevo megacolegio, una obra cuya ejecuci\u00f3n inici\u00f3 en 2010 y que enfrent\u00f3 m\u00faltiples retrasos antes de su finalizaci\u00f3n. La infraestructura fue entregada oficialmente por el gobernador de Casanare, C\u00e9sar Ortiz Zorro.<\/p>\n<p>&nbsp;<\/p>\n<p><strong>14 a\u00f1os de retrasos y reactivaci\u00f3n del proyecto<\/strong><\/p>\n<p>El proyecto comenz\u00f3 con la contrataci\u00f3n de estudios y dise\u00f1os en 2010. Sin embargo, durante m\u00e1s de una d\u00e9cada, enfrent\u00f3 suspensiones, pr\u00f3rrogas y dificultades contractuales que impidieron su culminaci\u00f3n. La reactivaci\u00f3n fue posible gracias a inversiones adicionales, gesti\u00f3n interinstitucional y el seguimiento ciudadano.<\/p>\n<p>La inversi\u00f3n total super\u00f3 los 25.000 millones de pesos, convirtiendo esta obra en una de las m\u00e1s relevantes del sistema educativo departamental.<\/p>\n<p>&nbsp;<\/p>\n<p><strong>Instalaciones modernas y educaci\u00f3n integral<\/strong><\/p>\n<p>El megacolegio cuenta con aulas especializadas, laboratorios, biblioteca, zonas deportivas y espacios adecuados para brindar una educaci\u00f3n integral. El objetivo es mejorar las condiciones de aprendizaje y aportar al fortalecimiento de la educaci\u00f3n p\u00fablica en el norte de Casanare.<\/p>\n<p>Durante la entrega, el gobernador Zorro afirm\u00f3 que las obras no deben quedar inconclusas, y reiter\u00f3 que su administraci\u00f3n est\u00e1 comprometida con culminar proyectos heredados que se encontraban detenidos. \u201cNo se trata de sacar pecho por obras ajenas, sino de cumplirle a la gente\u201d, se\u00f1al\u00f3.<\/p>\n<p>&nbsp;<\/p>\n<p><strong>Universidad p\u00fablica en el norte del departamento<\/strong><\/p>\n<p>En el mismo acto, se anunci\u00f3 que el antiguo colegio General Santander ser\u00e1 destinado a la educaci\u00f3n superior, convirti\u00e9ndose en la sede de la Universidad Pedag\u00f3gica y Tecnol\u00f3gica de Colombia (UPTC) en Paz de Ariporo. La iniciativa fue confirmada por el gobernador junto al alcalde Camilo Abril.<\/p>\n<p>&nbsp;<\/p>\n<p><strong>Veedur\u00eda ciudadana y control fiscal<\/strong><\/p>\n<p>El proyecto cont\u00f3 con seguimiento por parte de la Contralor\u00eda General de la Rep\u00fablica y la Contralor\u00eda Colegiada de Casanare. Reynero Flechas inform\u00f3 que se realizaron m\u00e1s de 11 mesas de trabajo para asegurar su avance. Por su parte, el delegado Giovanny Rojas destac\u00f3 que ya se han recuperado 10 obras en el departamento, con una inversi\u00f3n cercana a los 256 mil millones de pesos.<\/p>\n<p>El veedor ciudadano Henry Ni\u00f1o, quien acompa\u00f1\u00f3 el proceso durante a\u00f1os, reconoci\u00f3 el papel de los medios de comunicaci\u00f3n y la voluntad pol\u00edtica de culminar el proyecto. \u201cHoy se entrega una obra que muchos pensaban perdida. Es una muestra de que la participaci\u00f3n ciudadana tiene impacto real\u201d, afirm\u00f3.<\/p>\n","protected":false},"excerpt":{"rendered":"<p>Desde este lunes, m\u00e1s de 1.600 estudiantes de la Instituci\u00f3n Educativa Sagrado Coraz\u00f3n en Paz de Ariporo recibir\u00e1n clases en el nuevo megacolegio, una obra cuya ejecuci\u00f3n inici\u00f3 en 2010 y que enfrent\u00f3 m\u00faltiples retrasos antes de su finalizaci\u00f3n. La infraestructura fue entregada oficialmente por el gobernador de Casanare, C\u00e9sar Ortiz Zorro. &nbsp; 14 a\u00f1os &hellip;<\/p>\n","protected":false},"author":2,"featured_media":38658,"comment_status":"open","ping_status":"open","sticky":false,"template":"","format":"standard","meta":{"om_disable_all_campaigns":false,"_exactmetrics_skip_tracking":false,"_exactmetrics_sitenote_active":false,"_exactmetrics_sitenote_note":"","_exactmetrics_sitenote_category":0,"_monsterinsights_skip_tracking":false,"_monsterinsights_sitenote_active":false,"_monsterinsights_sitenote_note":"","_monsterinsights_sitenote_category":0,"_uf_show_specific_survey":0,"_uf_disable_surveys":false,"_joinchat":[],"footnotes":""},"categories":[147,146,145],"tags":[13958,13959,13960,13962,13969,154,1285,13955,13970,3044,12319,13964,1619,188,1224,13968,13972,13956,13973,769,13954,848,13961,13974,13953,13965,9784,268,1360,13957,13971,13508,13966,13967,4419,13963],"class_list":["post-38660","post","type-post","status-publish","format-standard","has-post-thumbnail","hentry","category-actualidad","category-noticias","category-reportajes","tag-13958","tag-25-000-millones","tag-aulas-especializadas","tag-biblioteca","tag-camilo-abril","tag-casanare","tag-cesar-ortiz-zorro","tag-clases","tag-contraloria-colegiada","tag-contraloria-general","tag-control-fiscal","tag-educacion-integral","tag-educacion-publica","tag-educacion-superior","tag-estudiantes","tag-general-santander","tag-giovanny-rojas","tag-gobernador","tag-henry-nino","tag-infraestructura","tag-institucion-educativa-sagrado-corazon","tag-inversion","tag-laboratorios","tag-medios-de-comunicacion","tag-megacolegio","tag-obras-inconclusas","tag-participacion-ciudadana","tag-paz-de-ariporo","tag-reactivacion","tag-retrasos","tag-reynero-flechas","tag-sistema-educativo","tag-universidad-pedagogica-y-tecnologica-de-colombia","tag-uptc","tag-veeduria-ciudadana","tag-zonas-deportivas"],"yoast_head":"<!-- This site is optimized with the Yoast SEO plugin v26.1 - https:\/\/yoast.com\/wordpress\/plugins\/seo\/ -->\n<title>14 a\u00f1os para \u201cgraduarse\u201d: I.E. Sagrado Coraz\u00f3n deja atr\u00e1s el abandono y abre sus aulas en Paz de Ariporo - \u25b7 Noticias de Casanare : Martha Cifuentes | Casanare<\/title>\n<meta name=\"robots\" content=\"index, follow, max-snippet:-1, max-image-preview:large, max-video-preview:-1\" \/>\n<link rel=\"canonical\" href=\"https:\/\/marthacifuentes.com\/portada\/14-anos-para-graduarse-i-e-sagrado-corazon-deja-atras-el-abandono-y-abre-sus-aulas-en-paz-de-ariporo\/\" \/>\n<meta property=\"og:locale\" content=\"es_ES\" \/>\n<meta property=\"og:type\" content=\"article\" \/>\n<meta property=\"og:title\" content=\"14 a\u00f1os para \u201cgraduarse\u201d: I.E. Sagrado Coraz\u00f3n deja atr\u00e1s el abandono y abre sus aulas en Paz de Ariporo - \u25b7 Noticias de Casanare : Martha Cifuentes | Casanare\" \/>\n<meta property=\"og:description\" content=\"Desde este lunes, m\u00e1s de 1.600 estudiantes de la Instituci\u00f3n Educativa Sagrado Coraz\u00f3n en Paz de Ariporo recibir\u00e1n clases en el nuevo megacolegio, una obra cuya ejecuci\u00f3n inici\u00f3 en 2010 y que enfrent\u00f3 m\u00faltiples retrasos antes de su finalizaci\u00f3n. La infraestructura fue entregada oficialmente por el gobernador de Casanare, C\u00e9sar Ortiz Zorro. &nbsp; 14 a\u00f1os &hellip;\" \/>\n<meta property=\"og:url\" content=\"https:\/\/marthacifuentes.com\/portada\/14-anos-para-graduarse-i-e-sagrado-corazon-deja-atras-el-abandono-y-abre-sus-aulas-en-paz-de-ariporo\/\" \/>\n<meta property=\"og:site_name\" content=\"\u25b7 Noticias de Casanare : Martha Cifuentes | Casanare\" \/>\n<meta property=\"article:published_time\" content=\"2025-07-14T15:56:20+00:00\" \/>\n<meta property=\"og:image\" content=\"https:\/\/marthacifuentes.com\/portada\/wp-content\/uploads\/2025\/07\/FOTO-PORTADA-COLEGIO-SAGRADO-CORAZON-DE-PAZ-DE-ARIPORO.png\" \/>\n\t<meta property=\"og:image:width\" content=\"736\" \/>\n\t<meta property=\"og:image:height\" content=\"416\" \/>\n\t<meta property=\"og:image:type\" content=\"image\/png\" \/>\n<meta name=\"author\" content=\"Martha Cifuentes\" \/>\n<meta name=\"twitter:card\" content=\"summary_large_image\" \/>\n<meta name=\"twitter:label1\" content=\"Escrito por\" \/>\n\t<meta name=\"twitter:data1\" content=\"Martha Cifuentes\" \/>\n\t<meta name=\"twitter:label2\" content=\"Tiempo de lectura\" \/>\n\t<meta name=\"twitter:data2\" content=\"2 minutos\" \/>\n<script type=\"application\/ld+json\" class=\"yoast-schema-graph\">{\"@context\":\"https:\/\/schema.org\",\"@graph\":[{\"@type\":\"WebPage\",\"@id\":\"https:\/\/marthacifuentes.com\/portada\/14-anos-para-graduarse-i-e-sagrado-corazon-deja-atras-el-abandono-y-abre-sus-aulas-en-paz-de-ariporo\/\",\"url\":\"https:\/\/marthacifuentes.com\/portada\/14-anos-para-graduarse-i-e-sagrado-corazon-deja-atras-el-abandono-y-abre-sus-aulas-en-paz-de-ariporo\/\",\"name\":\"14 a\u00f1os para \u201cgraduarse\u201d: I.E. Sagrado Coraz\u00f3n deja atr\u00e1s el abandono y abre sus aulas en Paz de Ariporo - \u25b7 Noticias de Casanare : Martha Cifuentes | Casanare\",\"isPartOf\":{\"@id\":\"https:\/\/marthacifuentes.com\/portada\/#website\"},\"primaryImageOfPage\":{\"@id\":\"https:\/\/marthacifuentes.com\/portada\/14-anos-para-graduarse-i-e-sagrado-corazon-deja-atras-el-abandono-y-abre-sus-aulas-en-paz-de-ariporo\/#primaryimage\"},\"image\":{\"@id\":\"https:\/\/marthacifuentes.com\/portada\/14-anos-para-graduarse-i-e-sagrado-corazon-deja-atras-el-abandono-y-abre-sus-aulas-en-paz-de-ariporo\/#primaryimage\"},\"thumbnailUrl\":\"https:\/\/marthacifuentes.com\/portada\/wp-content\/uploads\/2025\/07\/FOTO-PORTADA-COLEGIO-SAGRADO-CORAZON-DE-PAZ-DE-ARIPORO.png\",\"datePublished\":\"2025-07-14T15:56:20+00:00\",\"author\":{\"@id\":\"https:\/\/marthacifuentes.com\/portada\/#\/schema\/person\/57f53174b991db5f90ff78d58502b714\"},\"breadcrumb\":{\"@id\":\"https:\/\/marthacifuentes.com\/portada\/14-anos-para-graduarse-i-e-sagrado-corazon-deja-atras-el-abandono-y-abre-sus-aulas-en-paz-de-ariporo\/#breadcrumb\"},\"inLanguage\":\"es\",\"potentialAction\":[{\"@type\":\"ReadAction\",\"target\":[\"https:\/\/marthacifuentes.com\/portada\/14-anos-para-graduarse-i-e-sagrado-corazon-deja-atras-el-abandono-y-abre-sus-aulas-en-paz-de-ariporo\/\"]}]},{\"@type\":\"ImageObject\",\"inLanguage\":\"es\",\"@id\":\"https:\/\/marthacifuentes.com\/portada\/14-anos-para-graduarse-i-e-sagrado-corazon-deja-atras-el-abandono-y-abre-sus-aulas-en-paz-de-ariporo\/#primaryimage\",\"url\":\"https:\/\/marthacifuentes.com\/portada\/wp-content\/uploads\/2025\/07\/FOTO-PORTADA-COLEGIO-SAGRADO-CORAZON-DE-PAZ-DE-ARIPORO.png\",\"contentUrl\":\"https:\/\/marthacifuentes.com\/portada\/wp-content\/uploads\/2025\/07\/FOTO-PORTADA-COLEGIO-SAGRADO-CORAZON-DE-PAZ-DE-ARIPORO.png\",\"width\":736,\"height\":416},{\"@type\":\"BreadcrumbList\",\"@id\":\"https:\/\/marthacifuentes.com\/portada\/14-anos-para-graduarse-i-e-sagrado-corazon-deja-atras-el-abandono-y-abre-sus-aulas-en-paz-de-ariporo\/#breadcrumb\",\"itemListElement\":[{\"@type\":\"ListItem\",\"position\":1,\"name\":\"Portada\",\"item\":\"https:\/\/marthacifuentes.com\/portada\/\"},{\"@type\":\"ListItem\",\"position\":2,\"name\":\"14 a\u00f1os para \u201cgraduarse\u201d: I.E. Sagrado Coraz\u00f3n deja atr\u00e1s el abandono y abre sus aulas en Paz de Ariporo\"}]},{\"@type\":\"WebSite\",\"@id\":\"https:\/\/marthacifuentes.com\/portada\/#website\",\"url\":\"https:\/\/marthacifuentes.com\/portada\/\",\"name\":\"\u25b7 Noticias de Casanare : Martha Cifuentes | Casanare\",\"description\":\"Noticias &amp; Contenidos\",\"potentialAction\":[{\"@type\":\"SearchAction\",\"target\":{\"@type\":\"EntryPoint\",\"urlTemplate\":\"https:\/\/marthacifuentes.com\/portada\/?s={search_term_string}\"},\"query-input\":{\"@type\":\"PropertyValueSpecification\",\"valueRequired\":true,\"valueName\":\"search_term_string\"}}],\"inLanguage\":\"es\"},{\"@type\":\"Person\",\"@id\":\"https:\/\/marthacifuentes.com\/portada\/#\/schema\/person\/57f53174b991db5f90ff78d58502b714\",\"name\":\"Martha Cifuentes\",\"image\":{\"@type\":\"ImageObject\",\"inLanguage\":\"es\",\"@id\":\"https:\/\/marthacifuentes.com\/portada\/#\/schema\/person\/image\/\",\"url\":\"http:\/\/marthacifuentes.com\/portada\/wp-content\/uploads\/2018\/06\/avatar_user_2_1528838701-96x96.jpg\",\"contentUrl\":\"http:\/\/marthacifuentes.com\/portada\/wp-content\/uploads\/2018\/06\/avatar_user_2_1528838701-96x96.jpg\",\"caption\":\"Martha Cifuentes\"},\"sameAs\":[\"http:\/\/www.marthacifuentes.com\"],\"url\":\"https:\/\/marthacifuentes.com\/portada\/author\/martha\/\"}]}<\/script>\n<!-- \/ Yoast SEO plugin. -->","yoast_head_json":{"title":"14 a\u00f1os para \u201cgraduarse\u201d: I.E. Sagrado Coraz\u00f3n deja atr\u00e1s el abandono y abre sus aulas en Paz de Ariporo - \u25b7 Noticias de Casanare : Martha Cifuentes | Casanare","robots":{"index":"index","follow":"follow","max-snippet":"max-snippet:-1","max-image-preview":"max-image-preview:large","max-video-preview":"max-video-preview:-1"},"canonical":"https:\/\/marthacifuentes.com\/portada\/14-anos-para-graduarse-i-e-sagrado-corazon-deja-atras-el-abandono-y-abre-sus-aulas-en-paz-de-ariporo\/","og_locale":"es_ES","og_type":"article","og_title":"14 a\u00f1os para \u201cgraduarse\u201d: I.E. Sagrado Coraz\u00f3n deja atr\u00e1s el abandono y abre sus aulas en Paz de Ariporo - \u25b7 Noticias de Casanare : Martha Cifuentes | Casanare","og_description":"Desde este lunes, m\u00e1s de 1.600 estudiantes de la Instituci\u00f3n Educativa Sagrado Coraz\u00f3n en Paz de Ariporo recibir\u00e1n clases en el nuevo megacolegio, una obra cuya ejecuci\u00f3n inici\u00f3 en 2010 y que enfrent\u00f3 m\u00faltiples retrasos antes de su finalizaci\u00f3n. La infraestructura fue entregada oficialmente por el gobernador de Casanare, C\u00e9sar Ortiz Zorro. &nbsp; 14 a\u00f1os &hellip;","og_url":"https:\/\/marthacifuentes.com\/portada\/14-anos-para-graduarse-i-e-sagrado-corazon-deja-atras-el-abandono-y-abre-sus-aulas-en-paz-de-ariporo\/","og_site_name":"\u25b7 Noticias de Casanare : Martha Cifuentes | Casanare","article_published_time":"2025-07-14T15:56:20+00:00","og_image":[{"width":736,"height":416,"url":"https:\/\/marthacifuentes.com\/portada\/wp-content\/uploads\/2025\/07\/FOTO-PORTADA-COLEGIO-SAGRADO-CORAZON-DE-PAZ-DE-ARIPORO.png","type":"image\/png"}],"author":"Martha Cifuentes","twitter_card":"summary_large_image","twitter_misc":{"Escrito por":"Martha Cifuentes","Tiempo de lectura":"2 minutos"},"schema":{"@context":"https:\/\/schema.org","@graph":[{"@type":"WebPage","@id":"https:\/\/marthacifuentes.com\/portada\/14-anos-para-graduarse-i-e-sagrado-corazon-deja-atras-el-abandono-y-abre-sus-aulas-en-paz-de-ariporo\/","url":"https:\/\/marthacifuentes.com\/portada\/14-anos-para-graduarse-i-e-sagrado-corazon-deja-atras-el-abandono-y-abre-sus-aulas-en-paz-de-ariporo\/","name":"14 a\u00f1os para \u201cgraduarse\u201d: I.E. Sagrado Coraz\u00f3n deja atr\u00e1s el abandono y abre sus aulas en Paz de Ariporo - \u25b7 Noticias de Casanare : Martha Cifuentes | Casanare","isPartOf":{"@id":"https:\/\/marthacifuentes.com\/portada\/#website"},"primaryImageOfPage":{"@id":"https:\/\/marthacifuentes.com\/portada\/14-anos-para-graduarse-i-e-sagrado-corazon-deja-atras-el-abandono-y-abre-sus-aulas-en-paz-de-ariporo\/#primaryimage"},"image":{"@id":"https:\/\/marthacifuentes.com\/portada\/14-anos-para-graduarse-i-e-sagrado-corazon-deja-atras-el-abandono-y-abre-sus-aulas-en-paz-de-ariporo\/#primaryimage"},"thumbnailUrl":"https:\/\/marthacifuentes.com\/portada\/wp-content\/uploads\/2025\/07\/FOTO-PORTADA-COLEGIO-SAGRADO-CORAZON-DE-PAZ-DE-ARIPORO.png","datePublished":"2025-07-14T15:56:20+00:00","author":{"@id":"https:\/\/marthacifuentes.com\/portada\/#\/schema\/person\/57f53174b991db5f90ff78d58502b714"},"breadcrumb":{"@id":"https:\/\/marthacifuentes.com\/portada\/14-anos-para-graduarse-i-e-sagrado-corazon-deja-atras-el-abandono-y-abre-sus-aulas-en-paz-de-ariporo\/#breadcrumb"},"inLanguage":"es","potentialAction":[{"@type":"ReadAction","target":["https:\/\/marthacifuentes.com\/portada\/14-anos-para-graduarse-i-e-sagrado-corazon-deja-atras-el-abandono-y-abre-sus-aulas-en-paz-de-ariporo\/"]}]},{"@type":"ImageObject","inLanguage":"es","@id":"https:\/\/marthacifuentes.com\/portada\/14-anos-para-graduarse-i-e-sagrado-corazon-deja-atras-el-abandono-y-abre-sus-aulas-en-paz-de-ariporo\/#primaryimage","url":"https:\/\/marthacifuentes.com\/portada\/wp-content\/uploads\/2025\/07\/FOTO-PORTADA-COLEGIO-SAGRADO-CORAZON-DE-PAZ-DE-ARIPORO.png","contentUrl":"https:\/\/marthacifuentes.com\/portada\/wp-content\/uploads\/2025\/07\/FOTO-PORTADA-COLEGIO-SAGRADO-CORAZON-DE-PAZ-DE-ARIPORO.png","width":736,"height":416},{"@type":"BreadcrumbList","@id":"https:\/\/marthacifuentes.com\/portada\/14-anos-para-graduarse-i-e-sagrado-corazon-deja-atras-el-abandono-y-abre-sus-aulas-en-paz-de-ariporo\/#breadcrumb","itemListElement":[{"@type":"ListItem","position":1,"name":"Portada","item":"https:\/\/marthacifuentes.com\/portada\/"},{"@type":"ListItem","position":2,"name":"14 a\u00f1os para \u201cgraduarse\u201d: I.E. Sagrado Coraz\u00f3n deja atr\u00e1s el abandono y abre sus aulas en Paz de Ariporo"}]},{"@type":"WebSite","@id":"https:\/\/marthacifuentes.com\/portada\/#website","url":"https:\/\/marthacifuentes.com\/portada\/","name":"\u25b7 Noticias de Casanare : Martha Cifuentes | Casanare","description":"Noticias &amp; Contenidos","potentialAction":[{"@type":"SearchAction","target":{"@type":"EntryPoint","urlTemplate":"https:\/\/marthacifuentes.com\/portada\/?s={search_term_string}"},"query-input":{"@type":"PropertyValueSpecification","valueRequired":true,"valueName":"search_term_string"}}],"inLanguage":"es"},{"@type":"Person","@id":"https:\/\/marthacifuentes.com\/portada\/#\/schema\/person\/57f53174b991db5f90ff78d58502b714","name":"Martha Cifuentes","image":{"@type":"ImageObject","inLanguage":"es","@id":"https:\/\/marthacifuentes.com\/portada\/#\/schema\/person\/image\/","url":"http:\/\/marthacifuentes.com\/portada\/wp-content\/uploads\/2018\/06\/avatar_user_2_1528838701-96x96.jpg","contentUrl":"http:\/\/marthacifuentes.com\/portada\/wp-content\/uploads\/2018\/06\/avatar_user_2_1528838701-96x96.jpg","caption":"Martha Cifuentes"},"sameAs":["http:\/\/www.marthacifuentes.com"],"url":"https:\/\/marthacifuentes.com\/portada\/author\/martha\/"}]}},"_links":{"self":[{"href":"https:\/\/marthacifuentes.com\/portada\/wp-json\/wp\/v2\/posts\/38660","targetHints":{"allow":["GET"]}}],"collection":[{"href":"https:\/\/marthacifuentes.com\/portada\/wp-json\/wp\/v2\/posts"}],"about":[{"href":"https:\/\/marthacifuentes.com\/portada\/wp-json\/wp\/v2\/types\/post"}],"author":[{"embeddable":true,"href":"https:\/\/marthacifuentes.com\/portada\/wp-json\/wp\/v2\/users\/2"}],"replies":[{"embeddable":true,"href":"https:\/\/marthacifuentes.com\/portada\/wp-json\/wp\/v2\/comments?post=38660"}],"version-history":[{"count":1,"href":"https:\/\/marthacifuentes.com\/portada\/wp-json\/wp\/v2\/posts\/38660\/revisions"}],"predecessor-version":[{"id":38661,"href":"https:\/\/marthacifuentes.com\/portada\/wp-json\/wp\/v2\/posts\/38660\/revisions\/38661"}],"wp:featuredmedia":[{"embeddable":true,"href":"https:\/\/marthacifuentes.com\/portada\/wp-json\/wp\/v2\/media\/38658"}],"wp:attachment":[{"href":"https:\/\/marthacifuentes.com\/portada\/wp-json\/wp\/v2\/media?parent=38660"}],"wp:term":[{"taxonomy":"category","embeddable":true,"href":"https:\/\/marthacifuentes.com\/portada\/wp-json\/wp\/v2\/categories?post=38660"},{"taxonomy":"post_tag","embeddable":true,"href":"https:\/\/marthacifuentes.com\/portada\/wp-json\/wp\/v2\/tags?post=38660"}],"curies":[{"name":"wp","href":"https:\/\/api.w.org\/{rel}","templated":true}]}}