{"id":38703,"date":"2025-07-21T08:44:09","date_gmt":"2025-07-21T13:44:09","guid":{"rendered":"https:\/\/marthacifuentes.com\/portada\/?p=38703"},"modified":"2025-07-21T08:59:32","modified_gmt":"2025-07-21T13:59:32","slug":"entre-lo-legal-y-lo-politico-casanare-sigue-sin-poder-ejecutar-131-mil-millones","status":"publish","type":"post","link":"https:\/\/marthacifuentes.com\/portada\/entre-lo-legal-y-lo-politico-casanare-sigue-sin-poder-ejecutar-131-mil-millones\/","title":{"rendered":"Entre lo legal y lo pol\u00edtico: Casanare sigue sin poder ejecutar $131 mil millones."},"content":{"rendered":"<p><b>El 15 de julio, la Procuradur\u00eda Regional de Casanare resolvi\u00f3 el paquete de recusaciones e impedimentos que durante semanas impidieron a los diputados deliberar sobre el pol\u00e9mico proyecto de incorporaci\u00f3n del super\u00e1vit departamental.<\/b> Sin embargo, el pronunciamiento no resolvi\u00f3 el verdadero problema de fondo: <b>\u00bfpuede un proyecto de ordenanza hundido en sesiones extraordinarias revivirse mediante una apelaci\u00f3n, aun cuando el periodo ya concluy\u00f3?<\/b><\/p>\n<p>El auto dej\u00f3 sin efecto la mayor\u00eda de recusaciones (por considerarlas infundadas) y solo acept\u00f3 el impedimento de un diputado. Pero esto no implica que el tr\u00e1mite del Proyecto de Ordenanza 006 pueda continuar, como pretende la mesa directiva de la Asamblea.<\/p>\n<p>De acuerdo con el art\u00edculo 98 de la Ley 2200 de 2022 (r\u00e9gimen departamental), <b>los proyectos que no hayan sido aprobados al menos en un debate deben ser archivados al finalizar el periodo de sesiones \u2014ordinarias o extraordinarias\u2014 en el cual se discutieron.<\/b> Y ese fue precisamente el caso del Proyecto 006, archivado por la Comisi\u00f3n de Presupuesto el 21 de mayo y sin posibilidad de avanzar tras la clausura de las sesiones extraordinarias el 30 de mayo.<\/p>\n<p><iframe loading=\"lazy\" style=\"border: none; overflow: hidden;\" src=\"https:\/\/www.facebook.com\/plugins\/video.php?height=316&amp;href=https%3A%2F%2Fwww.facebook.com%2FMarthaCifuentesNoticiasyContenidos%2Fvideos%2F2105561760267914%2F&amp;show_text=false&amp;width=560&amp;t=0\" width=\"560\" height=\"316\" frameborder=\"0\" scrolling=\"no\" allowfullscreen=\"allowfullscreen\"><\/iframe><\/p>\n<p><b>Entre dos proyectos y una mara\u00f1a jur\u00eddica<\/b><\/p>\n<p>Desde entonces, el debate se ha dividido entre dos tesis:<\/p>\n<ul>\n<li aria-level=\"1\">Para la mesa directiva, la apelaci\u00f3n interpuesta por un diputado y por la Gobernaci\u00f3n permitir\u00eda continuar el tr\u00e1mite del Proyecto 006, sin necesidad de empezar de cero.<\/li>\n<li aria-level=\"1\">Para otros diputados, la Gobernaci\u00f3n de Casanare y expertos como el exmagistrado del Tribunal Administrativo de Casanare, N\u00e9stor Trujillo, <b>el proyecto est\u00e1 jur\u00eddicamente muerto.<\/b> No puede revivirse un tr\u00e1mite cuyo periodo feneci\u00f3.<\/li>\n<\/ul>\n<p>\u201cA un muerto no se le hace cirug\u00eda, se le hace autopsia\u201d, sentenci\u00f3 Trujillo. \u201cEl Proyecto 006 ya fue archivado. El que est\u00e1 vivo es el Proyecto 007, que es el que debe discutirse\u201d.<\/p>\n<p><a href=\"https:\/\/marthacifuentes.com\/portada\/wp-content\/uploads\/2025\/07\/PROCURADURIA-RECUSACIONES-IMPEDIMENTOS-ASAMBLEA-CASANARE.pdf\">PROCURADUR\u00cdA RECUSACIONES &#8211; IMPEDIMENTOS ASAMBLEA CASANARE<\/a><\/p>\n<p><b>Proyecto 007: el plan B que no despega<\/b><\/p>\n<p>Como alternativa, el 4 de junio \u2014ya en sesiones ordinarias\u2014 la Gobernaci\u00f3n radic\u00f3 el Proyecto de Ordenanza 007, que plantea la incorporaci\u00f3n del super\u00e1vit con leves ajustes. No obstante, el tr\u00e1mite avanza a paso lento: solo hasta el 24 de junio se design\u00f3 ponente, y a la fecha <b>no se ha celebrado ni el primer debate.<\/b><\/p>\n<p>El 7 de julio, para completar el c\u00edrculo vicioso, nuevamente todos los diputados fueron recusados, lo que revivi\u00f3 las suspicacias y los retrasos.<\/p>\n<p>&nbsp;<\/p>\n<p><b>Entre posturas pol\u00edticas y rumores de fondo<\/b><\/p>\n<p>La discusi\u00f3n jur\u00eddica se ha visto atravesada por tensiones pol\u00edticas y rumores de exigencias \u00abpor debajo de la mesa\u00bb. En una reuni\u00f3n en la casa del gobernador, el diputado Jorge Eduardo Garc\u00eda propuso formalmente retirar el Proyecto 006 y centrarse en el 007.<\/p>\n<p>El gobernador C\u00e9sar Ortiz Zorro respondi\u00f3: \u201cEl 006 ya est\u00e1 archivado, no se puede retirar. Pero si hay voluntad, sent\u00e9monos hoy mismo a resolver el asunto\u201d. Agreg\u00f3 que no puede ponerse en riesgo la contrataci\u00f3n de m\u00e1s de 600 profesionales ni la ejecuci\u00f3n de obras para atender la ola invernal.<\/p>\n<p>&nbsp;<\/p>\n<p><b>El tiempo sigue corriendo<\/b><\/p>\n<p>Mientras el super\u00e1vit permanece fuera del presupuesto oficial, la Gobernaci\u00f3n asegura que no puede ejecutar ni un solo peso de esos recursos. Las dudas jur\u00eddicas, los intereses cruzados y la desconfianza interna en la Asamblea han convertido el tr\u00e1mite en una novela institucional sin final claro.<\/p>\n<p>Para muchos observadores, <b>la soluci\u00f3n no depende ya de nuevos pronunciamientos ni de reinterpretaciones legales, sino de voluntad pol\u00edtica y \u00e9tica p\u00fablica.<\/b><\/p>\n","protected":false},"excerpt":{"rendered":"<p>El 15 de julio, la Procuradur\u00eda Regional de Casanare resolvi\u00f3 el paquete de recusaciones e impedimentos que durante semanas impidieron a los diputados deliberar sobre el pol\u00e9mico proyecto de incorporaci\u00f3n del super\u00e1vit departamental. Sin embargo, el pronunciamiento no resolvi\u00f3 el verdadero problema de fondo: \u00bfpuede un proyecto de ordenanza hundido en sesiones extraordinarias revivirse mediante &hellip;<\/p>\n","protected":false},"author":2,"featured_media":38704,"comment_status":"open","ping_status":"open","sticky":false,"template":"","format":"standard","meta":{"om_disable_all_campaigns":false,"_exactmetrics_skip_tracking":false,"_exactmetrics_sitenote_active":false,"_exactmetrics_sitenote_note":"","_exactmetrics_sitenote_category":0,"_monsterinsights_skip_tracking":false,"_uf_show_specific_survey":0,"_uf_disable_surveys":false,"_joinchat":[],"footnotes":""},"categories":[147,146,145],"tags":[12994,14094,3053,14097,154,1285,14095,12072,13492,187,14093,7249,13486,7986,634,245,751,14090,14091,11395,1725,14092,13346,14096],"class_list":["post-38703","post","type-post","status-publish","format-standard","has-post-thumbnail","hentry","category-actualidad","category-noticias","category-reportajes","tag-apelacion","tag-archivo","tag-asamblea-departamental","tag-bloqueo-institucional","tag-casanare","tag-cesar-ortiz-zorro","tag-comision-de-presupuesto","tag-contratacion-publica","tag-etica-publica","tag-gobernacion-de-casanare","tag-impedimentos","tag-jorge-eduardo-garcia","tag-ley-2200-de-2022","tag-nestor-trujillo","tag-obras","tag-ola-invernal","tag-procuraduria","tag-proyecto-006","tag-proyecto-007","tag-recusaciones","tag-sesiones-extraordinarias","tag-sesiones-ordinarias","tag-superavit","tag-voluntad-politica"],"yoast_head":"<!-- This site is optimized with the Yoast SEO plugin v26.1 - https:\/\/yoast.com\/wordpress\/plugins\/seo\/ -->\n<title>Entre lo legal y lo pol\u00edtico: Casanare sigue sin poder ejecutar $131 mil millones. - \u25b7 Noticias de Casanare : Martha Cifuentes | Casanare<\/title>\n<meta name=\"robots\" content=\"index, follow, max-snippet:-1, max-image-preview:large, max-video-preview:-1\" \/>\n<link rel=\"canonical\" href=\"https:\/\/marthacifuentes.com\/portada\/entre-lo-legal-y-lo-politico-casanare-sigue-sin-poder-ejecutar-131-mil-millones\/\" \/>\n<meta property=\"og:locale\" content=\"es_ES\" \/>\n<meta property=\"og:type\" content=\"article\" \/>\n<meta property=\"og:title\" content=\"Entre lo legal y lo pol\u00edtico: Casanare sigue sin poder ejecutar $131 mil millones. - \u25b7 Noticias de Casanare : Martha Cifuentes | Casanare\" \/>\n<meta property=\"og:description\" content=\"El 15 de julio, la Procuradur\u00eda Regional de Casanare resolvi\u00f3 el paquete de recusaciones e impedimentos que durante semanas impidieron a los diputados deliberar sobre el pol\u00e9mico proyecto de incorporaci\u00f3n del super\u00e1vit departamental. Sin embargo, el pronunciamiento no resolvi\u00f3 el verdadero problema de fondo: \u00bfpuede un proyecto de ordenanza hundido en sesiones extraordinarias revivirse mediante &hellip;\" \/>\n<meta property=\"og:url\" content=\"https:\/\/marthacifuentes.com\/portada\/entre-lo-legal-y-lo-politico-casanare-sigue-sin-poder-ejecutar-131-mil-millones\/\" \/>\n<meta property=\"og:site_name\" content=\"\u25b7 Noticias de Casanare : Martha Cifuentes | Casanare\" \/>\n<meta property=\"article:published_time\" content=\"2025-07-21T13:44:09+00:00\" \/>\n<meta property=\"article:modified_time\" content=\"2025-07-21T13:59:32+00:00\" \/>\n<meta property=\"og:image\" content=\"https:\/\/marthacifuentes.com\/portada\/wp-content\/uploads\/2025\/07\/foto-portada-superavit.png\" \/>\n\t<meta property=\"og:image:width\" content=\"736\" \/>\n\t<meta property=\"og:image:height\" content=\"416\" \/>\n\t<meta property=\"og:image:type\" content=\"image\/png\" \/>\n<meta name=\"author\" content=\"Martha Cifuentes\" \/>\n<meta name=\"twitter:card\" content=\"summary_large_image\" \/>\n<meta name=\"twitter:label1\" content=\"Escrito por\" \/>\n\t<meta name=\"twitter:data1\" content=\"Martha Cifuentes\" \/>\n\t<meta name=\"twitter:label2\" content=\"Tiempo de lectura\" \/>\n\t<meta name=\"twitter:data2\" content=\"3 minutos\" \/>\n<script type=\"application\/ld+json\" class=\"yoast-schema-graph\">{\"@context\":\"https:\/\/schema.org\",\"@graph\":[{\"@type\":\"WebPage\",\"@id\":\"https:\/\/marthacifuentes.com\/portada\/entre-lo-legal-y-lo-politico-casanare-sigue-sin-poder-ejecutar-131-mil-millones\/\",\"url\":\"https:\/\/marthacifuentes.com\/portada\/entre-lo-legal-y-lo-politico-casanare-sigue-sin-poder-ejecutar-131-mil-millones\/\",\"name\":\"Entre lo legal y lo pol\u00edtico: Casanare sigue sin poder ejecutar $131 mil millones. - \u25b7 Noticias de Casanare : Martha Cifuentes | Casanare\",\"isPartOf\":{\"@id\":\"https:\/\/marthacifuentes.com\/portada\/#website\"},\"primaryImageOfPage\":{\"@id\":\"https:\/\/marthacifuentes.com\/portada\/entre-lo-legal-y-lo-politico-casanare-sigue-sin-poder-ejecutar-131-mil-millones\/#primaryimage\"},\"image\":{\"@id\":\"https:\/\/marthacifuentes.com\/portada\/entre-lo-legal-y-lo-politico-casanare-sigue-sin-poder-ejecutar-131-mil-millones\/#primaryimage\"},\"thumbnailUrl\":\"https:\/\/marthacifuentes.com\/portada\/wp-content\/uploads\/2025\/07\/foto-portada-superavit.png\",\"datePublished\":\"2025-07-21T13:44:09+00:00\",\"dateModified\":\"2025-07-21T13:59:32+00:00\",\"author\":{\"@id\":\"https:\/\/marthacifuentes.com\/portada\/#\/schema\/person\/57f53174b991db5f90ff78d58502b714\"},\"breadcrumb\":{\"@id\":\"https:\/\/marthacifuentes.com\/portada\/entre-lo-legal-y-lo-politico-casanare-sigue-sin-poder-ejecutar-131-mil-millones\/#breadcrumb\"},\"inLanguage\":\"es\",\"potentialAction\":[{\"@type\":\"ReadAction\",\"target\":[\"https:\/\/marthacifuentes.com\/portada\/entre-lo-legal-y-lo-politico-casanare-sigue-sin-poder-ejecutar-131-mil-millones\/\"]}]},{\"@type\":\"ImageObject\",\"inLanguage\":\"es\",\"@id\":\"https:\/\/marthacifuentes.com\/portada\/entre-lo-legal-y-lo-politico-casanare-sigue-sin-poder-ejecutar-131-mil-millones\/#primaryimage\",\"url\":\"https:\/\/marthacifuentes.com\/portada\/wp-content\/uploads\/2025\/07\/foto-portada-superavit.png\",\"contentUrl\":\"https:\/\/marthacifuentes.com\/portada\/wp-content\/uploads\/2025\/07\/foto-portada-superavit.png\",\"width\":736,\"height\":416},{\"@type\":\"BreadcrumbList\",\"@id\":\"https:\/\/marthacifuentes.com\/portada\/entre-lo-legal-y-lo-politico-casanare-sigue-sin-poder-ejecutar-131-mil-millones\/#breadcrumb\",\"itemListElement\":[{\"@type\":\"ListItem\",\"position\":1,\"name\":\"Portada\",\"item\":\"https:\/\/marthacifuentes.com\/portada\/\"},{\"@type\":\"ListItem\",\"position\":2,\"name\":\"Entre lo legal y lo pol\u00edtico: Casanare sigue sin poder ejecutar $131 mil millones.\"}]},{\"@type\":\"WebSite\",\"@id\":\"https:\/\/marthacifuentes.com\/portada\/#website\",\"url\":\"https:\/\/marthacifuentes.com\/portada\/\",\"name\":\"\u25b7 Noticias de Casanare : Martha Cifuentes | Casanare\",\"description\":\"Noticias &amp; Contenidos\",\"potentialAction\":[{\"@type\":\"SearchAction\",\"target\":{\"@type\":\"EntryPoint\",\"urlTemplate\":\"https:\/\/marthacifuentes.com\/portada\/?s={search_term_string}\"},\"query-input\":{\"@type\":\"PropertyValueSpecification\",\"valueRequired\":true,\"valueName\":\"search_term_string\"}}],\"inLanguage\":\"es\"},{\"@type\":\"Person\",\"@id\":\"https:\/\/marthacifuentes.com\/portada\/#\/schema\/person\/57f53174b991db5f90ff78d58502b714\",\"name\":\"Martha Cifuentes\",\"image\":{\"@type\":\"ImageObject\",\"inLanguage\":\"es\",\"@id\":\"https:\/\/marthacifuentes.com\/portada\/#\/schema\/person\/image\/\",\"url\":\"http:\/\/marthacifuentes.com\/portada\/wp-content\/uploads\/2018\/06\/avatar_user_2_1528838701-96x96.jpg\",\"contentUrl\":\"http:\/\/marthacifuentes.com\/portada\/wp-content\/uploads\/2018\/06\/avatar_user_2_1528838701-96x96.jpg\",\"caption\":\"Martha Cifuentes\"},\"sameAs\":[\"http:\/\/www.marthacifuentes.com\"],\"url\":\"https:\/\/marthacifuentes.com\/portada\/author\/martha\/\"}]}<\/script>\n<!-- \/ Yoast SEO plugin. -->","yoast_head_json":{"title":"Entre lo legal y lo pol\u00edtico: Casanare sigue sin poder ejecutar $131 mil millones. - \u25b7 Noticias de Casanare : Martha Cifuentes | Casanare","robots":{"index":"index","follow":"follow","max-snippet":"max-snippet:-1","max-image-preview":"max-image-preview:large","max-video-preview":"max-video-preview:-1"},"canonical":"https:\/\/marthacifuentes.com\/portada\/entre-lo-legal-y-lo-politico-casanare-sigue-sin-poder-ejecutar-131-mil-millones\/","og_locale":"es_ES","og_type":"article","og_title":"Entre lo legal y lo pol\u00edtico: Casanare sigue sin poder ejecutar $131 mil millones. - \u25b7 Noticias de Casanare : Martha Cifuentes | Casanare","og_description":"El 15 de julio, la Procuradur\u00eda Regional de Casanare resolvi\u00f3 el paquete de recusaciones e impedimentos que durante semanas impidieron a los diputados deliberar sobre el pol\u00e9mico proyecto de incorporaci\u00f3n del super\u00e1vit departamental. Sin embargo, el pronunciamiento no resolvi\u00f3 el verdadero problema de fondo: \u00bfpuede un proyecto de ordenanza hundido en sesiones extraordinarias revivirse mediante &hellip;","og_url":"https:\/\/marthacifuentes.com\/portada\/entre-lo-legal-y-lo-politico-casanare-sigue-sin-poder-ejecutar-131-mil-millones\/","og_site_name":"\u25b7 Noticias de Casanare : Martha Cifuentes | Casanare","article_published_time":"2025-07-21T13:44:09+00:00","article_modified_time":"2025-07-21T13:59:32+00:00","og_image":[{"width":736,"height":416,"url":"https:\/\/marthacifuentes.com\/portada\/wp-content\/uploads\/2025\/07\/foto-portada-superavit.png","type":"image\/png"}],"author":"Martha Cifuentes","twitter_card":"summary_large_image","twitter_misc":{"Escrito por":"Martha Cifuentes","Tiempo de lectura":"3 minutos"},"schema":{"@context":"https:\/\/schema.org","@graph":[{"@type":"WebPage","@id":"https:\/\/marthacifuentes.com\/portada\/entre-lo-legal-y-lo-politico-casanare-sigue-sin-poder-ejecutar-131-mil-millones\/","url":"https:\/\/marthacifuentes.com\/portada\/entre-lo-legal-y-lo-politico-casanare-sigue-sin-poder-ejecutar-131-mil-millones\/","name":"Entre lo legal y lo pol\u00edtico: Casanare sigue sin poder ejecutar $131 mil millones. - \u25b7 Noticias de Casanare : Martha Cifuentes | Casanare","isPartOf":{"@id":"https:\/\/marthacifuentes.com\/portada\/#website"},"primaryImageOfPage":{"@id":"https:\/\/marthacifuentes.com\/portada\/entre-lo-legal-y-lo-politico-casanare-sigue-sin-poder-ejecutar-131-mil-millones\/#primaryimage"},"image":{"@id":"https:\/\/marthacifuentes.com\/portada\/entre-lo-legal-y-lo-politico-casanare-sigue-sin-poder-ejecutar-131-mil-millones\/#primaryimage"},"thumbnailUrl":"https:\/\/marthacifuentes.com\/portada\/wp-content\/uploads\/2025\/07\/foto-portada-superavit.png","datePublished":"2025-07-21T13:44:09+00:00","dateModified":"2025-07-21T13:59:32+00:00","author":{"@id":"https:\/\/marthacifuentes.com\/portada\/#\/schema\/person\/57f53174b991db5f90ff78d58502b714"},"breadcrumb":{"@id":"https:\/\/marthacifuentes.com\/portada\/entre-lo-legal-y-lo-politico-casanare-sigue-sin-poder-ejecutar-131-mil-millones\/#breadcrumb"},"inLanguage":"es","potentialAction":[{"@type":"ReadAction","target":["https:\/\/marthacifuentes.com\/portada\/entre-lo-legal-y-lo-politico-casanare-sigue-sin-poder-ejecutar-131-mil-millones\/"]}]},{"@type":"ImageObject","inLanguage":"es","@id":"https:\/\/marthacifuentes.com\/portada\/entre-lo-legal-y-lo-politico-casanare-sigue-sin-poder-ejecutar-131-mil-millones\/#primaryimage","url":"https:\/\/marthacifuentes.com\/portada\/wp-content\/uploads\/2025\/07\/foto-portada-superavit.png","contentUrl":"https:\/\/marthacifuentes.com\/portada\/wp-content\/uploads\/2025\/07\/foto-portada-superavit.png","width":736,"height":416},{"@type":"BreadcrumbList","@id":"https:\/\/marthacifuentes.com\/portada\/entre-lo-legal-y-lo-politico-casanare-sigue-sin-poder-ejecutar-131-mil-millones\/#breadcrumb","itemListElement":[{"@type":"ListItem","position":1,"name":"Portada","item":"https:\/\/marthacifuentes.com\/portada\/"},{"@type":"ListItem","position":2,"name":"Entre lo legal y lo pol\u00edtico: Casanare sigue sin poder ejecutar $131 mil millones."}]},{"@type":"WebSite","@id":"https:\/\/marthacifuentes.com\/portada\/#website","url":"https:\/\/marthacifuentes.com\/portada\/","name":"\u25b7 Noticias de Casanare : Martha Cifuentes | Casanare","description":"Noticias &amp; Contenidos","potentialAction":[{"@type":"SearchAction","target":{"@type":"EntryPoint","urlTemplate":"https:\/\/marthacifuentes.com\/portada\/?s={search_term_string}"},"query-input":{"@type":"PropertyValueSpecification","valueRequired":true,"valueName":"search_term_string"}}],"inLanguage":"es"},{"@type":"Person","@id":"https:\/\/marthacifuentes.com\/portada\/#\/schema\/person\/57f53174b991db5f90ff78d58502b714","name":"Martha Cifuentes","image":{"@type":"ImageObject","inLanguage":"es","@id":"https:\/\/marthacifuentes.com\/portada\/#\/schema\/person\/image\/","url":"http:\/\/marthacifuentes.com\/portada\/wp-content\/uploads\/2018\/06\/avatar_user_2_1528838701-96x96.jpg","contentUrl":"http:\/\/marthacifuentes.com\/portada\/wp-content\/uploads\/2018\/06\/avatar_user_2_1528838701-96x96.jpg","caption":"Martha Cifuentes"},"sameAs":["http:\/\/www.marthacifuentes.com"],"url":"https:\/\/marthacifuentes.com\/portada\/author\/martha\/"}]}},"_links":{"self":[{"href":"https:\/\/marthacifuentes.com\/portada\/wp-json\/wp\/v2\/posts\/38703","targetHints":{"allow":["GET"]}}],"collection":[{"href":"https:\/\/marthacifuentes.com\/portada\/wp-json\/wp\/v2\/posts"}],"about":[{"href":"https:\/\/marthacifuentes.com\/portada\/wp-json\/wp\/v2\/types\/post"}],"author":[{"embeddable":true,"href":"https:\/\/marthacifuentes.com\/portada\/wp-json\/wp\/v2\/users\/2"}],"replies":[{"embeddable":true,"href":"https:\/\/marthacifuentes.com\/portada\/wp-json\/wp\/v2\/comments?post=38703"}],"version-history":[{"count":2,"href":"https:\/\/marthacifuentes.com\/portada\/wp-json\/wp\/v2\/posts\/38703\/revisions"}],"predecessor-version":[{"id":38707,"href":"https:\/\/marthacifuentes.com\/portada\/wp-json\/wp\/v2\/posts\/38703\/revisions\/38707"}],"wp:featuredmedia":[{"embeddable":true,"href":"https:\/\/marthacifuentes.com\/portada\/wp-json\/wp\/v2\/media\/38704"}],"wp:attachment":[{"href":"https:\/\/marthacifuentes.com\/portada\/wp-json\/wp\/v2\/media?parent=38703"}],"wp:term":[{"taxonomy":"category","embeddable":true,"href":"https:\/\/marthacifuentes.com\/portada\/wp-json\/wp\/v2\/categories?post=38703"},{"taxonomy":"post_tag","embeddable":true,"href":"https:\/\/marthacifuentes.com\/portada\/wp-json\/wp\/v2\/tags?post=38703"}],"curies":[{"name":"wp","href":"https:\/\/api.w.org\/{rel}","templated":true}]}}