{"id":38826,"date":"2025-08-27T10:25:53","date_gmt":"2025-08-27T15:25:53","guid":{"rendered":"https:\/\/marthacifuentes.com\/portada\/?p=38826"},"modified":"2025-08-27T10:28:13","modified_gmt":"2025-08-27T15:28:13","slug":"este-9-y-10-de-septiembre-contraloria-de-casanare-adelanta-el-xviii-seminario-de-control-fiscal-inscribase-ya","status":"publish","type":"post","link":"https:\/\/marthacifuentes.com\/portada\/este-9-y-10-de-septiembre-contraloria-de-casanare-adelanta-el-xviii-seminario-de-control-fiscal-inscribase-ya\/","title":{"rendered":"Este 9 y 10 de septiembre, Contralor\u00eda de Casanare adelanta el XVIII Seminario de Control Fiscal \u00a1Inscr\u00edbase Ya!"},"content":{"rendered":"<p>La Contralor\u00eda Departamental del Casanare, bajo el liderazgo de Cipriano Castro, convoca al XVIII Seminario de Control Fiscal, un espacio formativo que busca empoderar a la ciudadan\u00eda en el ejercicio del control social y fiscal. El evento, organizado por F&amp;C Consultores, se llevar\u00e1 a cabo los d\u00edas 9 y 10 de septiembre de 2025 en el Auditorio Sal\u00f3n Quiripa, segundo piso de la C\u00e1mara de Comercio de Casanare, en Yopal.<\/p>\n<p>El objetivo del seminario, es fortalecer las capacidades de a Funcionarios p\u00fablicos, personer\u00edas municipales y concejos municipales, mediante herramientas pr\u00e1cticas que les permitan ejercer un control m\u00e1s efectivo sobre la gesti\u00f3n p\u00fablica.<\/p>\n<p>&nbsp;<\/p>\n<h4>Ejes tem\u00e1ticos:<\/h4>\n<p><strong>1. Responsabilidad fiscal<\/strong><br \/>\n\u2713 Prevenci\u00f3n de procesos mediante buenas pr\u00e1cticas para los sujetos vigilados.<\/p>\n<p><strong>2. Compras p\u00fablicas electr\u00f3nicas<\/strong><br \/>\n\u2713 An\u00e1lisis de datos de contrataci\u00f3n.<br \/>\n\u2713 Uso de la Tienda Virtual del Estado Colombiano.<br \/>\n\u2713 Identificaci\u00f3n de alertas tempranas y buenas pr\u00e1cticas contractuales.<\/p>\n<p><strong>3. Compras P\u00fablicas Participativas (CPP) y supervisi\u00f3n contractual<\/strong><br \/>\n\u2713 Aplicaci\u00f3n de la CPP en la gesti\u00f3n p\u00fablica.<br \/>\n\u2713 Herramientas para mejorar la supervisi\u00f3n de contratos estatales.<\/p>\n<p><img loading=\"lazy\" decoding=\"async\" class=\"alignnone  wp-image-38827\" src=\"https:\/\/marthacifuentes.com\/portada\/wp-content\/uploads\/2025\/08\/WhatsApp-Image-2025-08-26-at-2.17.19-PM-819x1024.jpeg\" alt=\"\" width=\"421\" height=\"526\" srcset=\"https:\/\/marthacifuentes.com\/portada\/wp-content\/uploads\/2025\/08\/WhatsApp-Image-2025-08-26-at-2.17.19-PM-819x1024.jpeg 819w, https:\/\/marthacifuentes.com\/portada\/wp-content\/uploads\/2025\/08\/WhatsApp-Image-2025-08-26-at-2.17.19-PM-240x300.jpeg 240w, https:\/\/marthacifuentes.com\/portada\/wp-content\/uploads\/2025\/08\/WhatsApp-Image-2025-08-26-at-2.17.19-PM-768x960.jpeg 768w, https:\/\/marthacifuentes.com\/portada\/wp-content\/uploads\/2025\/08\/WhatsApp-Image-2025-08-26-at-2.17.19-PM.jpeg 1024w\" sizes=\"auto, (max-width: 421px) 100vw, 421px\" \/><\/p>\n<p>El evento contar\u00e1 con tres expertos en el \u00e1rea: Edgar Andr\u00e9s Quiroga Natale: Exmagistrado Auxiliar del Consejo de Estado; Ximena Palacio L\u00f3pez: Especialista en compras p\u00fablicas electr\u00f3nicas y Pablo C\u00e9sar D\u00edaz Barrera: Experto en responsabilidad y control fiscal.<br \/>\nLa agenda del evento ser\u00e1 el 9 de septiembre: 8:00 a.m. \u2013 5:00 p.m. y el 10 de septiembre: 8:00 a.m. \u2013 12:00 p.m.<br \/>\nLas personas interesadas en participar podr\u00e1n inscribirse al correo: contactecnos@fycconsultores.com<\/p>\n","protected":false},"excerpt":{"rendered":"<p>La Contralor\u00eda Departamental del Casanare, bajo el liderazgo de Cipriano Castro, convoca al XVIII Seminario de Control Fiscal, un espacio formativo que busca empoderar a la ciudadan\u00eda en el ejercicio del control social y fiscal. El evento, organizado por F&amp;C Consultores, se llevar\u00e1 a cabo los d\u00edas 9 y 10 de septiembre de 2025 en &hellip;<\/p>\n","protected":false},"author":2,"featured_media":38829,"comment_status":"open","ping_status":"open","sticky":false,"template":"","format":"standard","meta":{"om_disable_all_campaigns":false,"_exactmetrics_skip_tracking":false,"_exactmetrics_sitenote_active":false,"_exactmetrics_sitenote_note":"","_exactmetrics_sitenote_category":0,"_monsterinsights_skip_tracking":false,"_monsterinsights_sitenote_active":false,"_monsterinsights_sitenote_note":"","_monsterinsights_sitenote_category":0,"_uf_show_specific_survey":0,"_uf_disable_surveys":false,"_joinchat":[],"footnotes":""},"categories":[147,146,145],"tags":[11533,14361,14362,5936,14364,1400,14366,14360,14363,14365],"class_list":["post-38826","post","type-post","status-publish","format-standard","has-post-thumbnail","hentry","category-actualidad","category-noticias","category-reportajes","tag-cipriano-castro-medina","tag-compras-publicas-electronicas","tag-compras-publicas-participativas-cpp-y-supervision-contractual","tag-contraloria-casanare","tag-edgar-andres-quiroga-natale","tag-noticias-casanare","tag-pablo-cesar-diaz-barrera","tag-responsabilidad-fiscal","tag-seminario-de-control-fiscal-contraloria-casanare","tag-ximena-palacio-lopez"],"yoast_head":"<!-- This site is optimized with the Yoast SEO plugin v26.1 - https:\/\/yoast.com\/wordpress\/plugins\/seo\/ -->\n<title>Este 9 y 10 de septiembre, Contralor\u00eda de Casanare adelanta el XVIII Seminario de Control Fiscal \u00a1Inscr\u00edbase Ya! - \u25b7 Noticias de Casanare : Martha Cifuentes | Casanare<\/title>\n<meta name=\"robots\" content=\"index, follow, max-snippet:-1, max-image-preview:large, max-video-preview:-1\" \/>\n<link rel=\"canonical\" href=\"https:\/\/marthacifuentes.com\/portada\/este-9-y-10-de-septiembre-contraloria-de-casanare-adelanta-el-xviii-seminario-de-control-fiscal-inscribase-ya\/\" \/>\n<meta property=\"og:locale\" content=\"es_ES\" \/>\n<meta property=\"og:type\" content=\"article\" \/>\n<meta property=\"og:title\" content=\"Este 9 y 10 de septiembre, Contralor\u00eda de Casanare adelanta el XVIII Seminario de Control Fiscal \u00a1Inscr\u00edbase Ya! - \u25b7 Noticias de Casanare : Martha Cifuentes | Casanare\" \/>\n<meta property=\"og:description\" content=\"La Contralor\u00eda Departamental del Casanare, bajo el liderazgo de Cipriano Castro, convoca al XVIII Seminario de Control Fiscal, un espacio formativo que busca empoderar a la ciudadan\u00eda en el ejercicio del control social y fiscal. El evento, organizado por F&amp;C Consultores, se llevar\u00e1 a cabo los d\u00edas 9 y 10 de septiembre de 2025 en &hellip;\" \/>\n<meta property=\"og:url\" content=\"https:\/\/marthacifuentes.com\/portada\/este-9-y-10-de-septiembre-contraloria-de-casanare-adelanta-el-xviii-seminario-de-control-fiscal-inscribase-ya\/\" \/>\n<meta property=\"og:site_name\" content=\"\u25b7 Noticias de Casanare : Martha Cifuentes | Casanare\" \/>\n<meta property=\"article:published_time\" content=\"2025-08-27T15:25:53+00:00\" \/>\n<meta property=\"article:modified_time\" content=\"2025-08-27T15:28:13+00:00\" \/>\n<meta property=\"og:image\" content=\"https:\/\/marthacifuentes.com\/portada\/wp-content\/uploads\/2025\/08\/contraloria-2.jpeg\" \/>\n\t<meta property=\"og:image:width\" content=\"1014\" \/>\n\t<meta property=\"og:image:height\" content=\"611\" \/>\n\t<meta property=\"og:image:type\" content=\"image\/jpeg\" \/>\n<meta name=\"author\" content=\"Martha Cifuentes\" \/>\n<meta name=\"twitter:card\" content=\"summary_large_image\" \/>\n<meta name=\"twitter:label1\" content=\"Escrito por\" \/>\n\t<meta name=\"twitter:data1\" content=\"Martha Cifuentes\" \/>\n\t<meta name=\"twitter:label2\" content=\"Tiempo de lectura\" \/>\n\t<meta name=\"twitter:data2\" content=\"2 minutos\" \/>\n<script type=\"application\/ld+json\" class=\"yoast-schema-graph\">{\"@context\":\"https:\/\/schema.org\",\"@graph\":[{\"@type\":\"WebPage\",\"@id\":\"https:\/\/marthacifuentes.com\/portada\/este-9-y-10-de-septiembre-contraloria-de-casanare-adelanta-el-xviii-seminario-de-control-fiscal-inscribase-ya\/\",\"url\":\"https:\/\/marthacifuentes.com\/portada\/este-9-y-10-de-septiembre-contraloria-de-casanare-adelanta-el-xviii-seminario-de-control-fiscal-inscribase-ya\/\",\"name\":\"Este 9 y 10 de septiembre, Contralor\u00eda de Casanare adelanta el XVIII Seminario de Control Fiscal \u00a1Inscr\u00edbase Ya! - \u25b7 Noticias de Casanare : Martha Cifuentes | Casanare\",\"isPartOf\":{\"@id\":\"https:\/\/marthacifuentes.com\/portada\/#website\"},\"primaryImageOfPage\":{\"@id\":\"https:\/\/marthacifuentes.com\/portada\/este-9-y-10-de-septiembre-contraloria-de-casanare-adelanta-el-xviii-seminario-de-control-fiscal-inscribase-ya\/#primaryimage\"},\"image\":{\"@id\":\"https:\/\/marthacifuentes.com\/portada\/este-9-y-10-de-septiembre-contraloria-de-casanare-adelanta-el-xviii-seminario-de-control-fiscal-inscribase-ya\/#primaryimage\"},\"thumbnailUrl\":\"https:\/\/marthacifuentes.com\/portada\/wp-content\/uploads\/2025\/08\/contraloria-2.jpeg\",\"datePublished\":\"2025-08-27T15:25:53+00:00\",\"dateModified\":\"2025-08-27T15:28:13+00:00\",\"author\":{\"@id\":\"https:\/\/marthacifuentes.com\/portada\/#\/schema\/person\/57f53174b991db5f90ff78d58502b714\"},\"breadcrumb\":{\"@id\":\"https:\/\/marthacifuentes.com\/portada\/este-9-y-10-de-septiembre-contraloria-de-casanare-adelanta-el-xviii-seminario-de-control-fiscal-inscribase-ya\/#breadcrumb\"},\"inLanguage\":\"es\",\"potentialAction\":[{\"@type\":\"ReadAction\",\"target\":[\"https:\/\/marthacifuentes.com\/portada\/este-9-y-10-de-septiembre-contraloria-de-casanare-adelanta-el-xviii-seminario-de-control-fiscal-inscribase-ya\/\"]}]},{\"@type\":\"ImageObject\",\"inLanguage\":\"es\",\"@id\":\"https:\/\/marthacifuentes.com\/portada\/este-9-y-10-de-septiembre-contraloria-de-casanare-adelanta-el-xviii-seminario-de-control-fiscal-inscribase-ya\/#primaryimage\",\"url\":\"https:\/\/marthacifuentes.com\/portada\/wp-content\/uploads\/2025\/08\/contraloria-2.jpeg\",\"contentUrl\":\"https:\/\/marthacifuentes.com\/portada\/wp-content\/uploads\/2025\/08\/contraloria-2.jpeg\",\"width\":1014,\"height\":611},{\"@type\":\"BreadcrumbList\",\"@id\":\"https:\/\/marthacifuentes.com\/portada\/este-9-y-10-de-septiembre-contraloria-de-casanare-adelanta-el-xviii-seminario-de-control-fiscal-inscribase-ya\/#breadcrumb\",\"itemListElement\":[{\"@type\":\"ListItem\",\"position\":1,\"name\":\"Portada\",\"item\":\"https:\/\/marthacifuentes.com\/portada\/\"},{\"@type\":\"ListItem\",\"position\":2,\"name\":\"Este 9 y 10 de septiembre, Contralor\u00eda de Casanare adelanta el XVIII Seminario de Control Fiscal \u00a1Inscr\u00edbase Ya!\"}]},{\"@type\":\"WebSite\",\"@id\":\"https:\/\/marthacifuentes.com\/portada\/#website\",\"url\":\"https:\/\/marthacifuentes.com\/portada\/\",\"name\":\"\u25b7 Noticias de Casanare : Martha Cifuentes | Casanare\",\"description\":\"Noticias &amp; Contenidos\",\"potentialAction\":[{\"@type\":\"SearchAction\",\"target\":{\"@type\":\"EntryPoint\",\"urlTemplate\":\"https:\/\/marthacifuentes.com\/portada\/?s={search_term_string}\"},\"query-input\":{\"@type\":\"PropertyValueSpecification\",\"valueRequired\":true,\"valueName\":\"search_term_string\"}}],\"inLanguage\":\"es\"},{\"@type\":\"Person\",\"@id\":\"https:\/\/marthacifuentes.com\/portada\/#\/schema\/person\/57f53174b991db5f90ff78d58502b714\",\"name\":\"Martha Cifuentes\",\"image\":{\"@type\":\"ImageObject\",\"inLanguage\":\"es\",\"@id\":\"https:\/\/marthacifuentes.com\/portada\/#\/schema\/person\/image\/\",\"url\":\"http:\/\/marthacifuentes.com\/portada\/wp-content\/uploads\/2018\/06\/avatar_user_2_1528838701-96x96.jpg\",\"contentUrl\":\"http:\/\/marthacifuentes.com\/portada\/wp-content\/uploads\/2018\/06\/avatar_user_2_1528838701-96x96.jpg\",\"caption\":\"Martha Cifuentes\"},\"sameAs\":[\"http:\/\/www.marthacifuentes.com\"],\"url\":\"https:\/\/marthacifuentes.com\/portada\/author\/martha\/\"}]}<\/script>\n<!-- \/ Yoast SEO plugin. -->","yoast_head_json":{"title":"Este 9 y 10 de septiembre, Contralor\u00eda de Casanare adelanta el XVIII Seminario de Control Fiscal \u00a1Inscr\u00edbase Ya! - \u25b7 Noticias de Casanare : Martha Cifuentes | Casanare","robots":{"index":"index","follow":"follow","max-snippet":"max-snippet:-1","max-image-preview":"max-image-preview:large","max-video-preview":"max-video-preview:-1"},"canonical":"https:\/\/marthacifuentes.com\/portada\/este-9-y-10-de-septiembre-contraloria-de-casanare-adelanta-el-xviii-seminario-de-control-fiscal-inscribase-ya\/","og_locale":"es_ES","og_type":"article","og_title":"Este 9 y 10 de septiembre, Contralor\u00eda de Casanare adelanta el XVIII Seminario de Control Fiscal \u00a1Inscr\u00edbase Ya! - \u25b7 Noticias de Casanare : Martha Cifuentes | Casanare","og_description":"La Contralor\u00eda Departamental del Casanare, bajo el liderazgo de Cipriano Castro, convoca al XVIII Seminario de Control Fiscal, un espacio formativo que busca empoderar a la ciudadan\u00eda en el ejercicio del control social y fiscal. El evento, organizado por F&amp;C Consultores, se llevar\u00e1 a cabo los d\u00edas 9 y 10 de septiembre de 2025 en &hellip;","og_url":"https:\/\/marthacifuentes.com\/portada\/este-9-y-10-de-septiembre-contraloria-de-casanare-adelanta-el-xviii-seminario-de-control-fiscal-inscribase-ya\/","og_site_name":"\u25b7 Noticias de Casanare : Martha Cifuentes | Casanare","article_published_time":"2025-08-27T15:25:53+00:00","article_modified_time":"2025-08-27T15:28:13+00:00","og_image":[{"width":1014,"height":611,"url":"https:\/\/marthacifuentes.com\/portada\/wp-content\/uploads\/2025\/08\/contraloria-2.jpeg","type":"image\/jpeg"}],"author":"Martha Cifuentes","twitter_card":"summary_large_image","twitter_misc":{"Escrito por":"Martha Cifuentes","Tiempo de lectura":"2 minutos"},"schema":{"@context":"https:\/\/schema.org","@graph":[{"@type":"WebPage","@id":"https:\/\/marthacifuentes.com\/portada\/este-9-y-10-de-septiembre-contraloria-de-casanare-adelanta-el-xviii-seminario-de-control-fiscal-inscribase-ya\/","url":"https:\/\/marthacifuentes.com\/portada\/este-9-y-10-de-septiembre-contraloria-de-casanare-adelanta-el-xviii-seminario-de-control-fiscal-inscribase-ya\/","name":"Este 9 y 10 de septiembre, Contralor\u00eda de Casanare adelanta el XVIII Seminario de Control Fiscal \u00a1Inscr\u00edbase Ya! - \u25b7 Noticias de Casanare : Martha Cifuentes | Casanare","isPartOf":{"@id":"https:\/\/marthacifuentes.com\/portada\/#website"},"primaryImageOfPage":{"@id":"https:\/\/marthacifuentes.com\/portada\/este-9-y-10-de-septiembre-contraloria-de-casanare-adelanta-el-xviii-seminario-de-control-fiscal-inscribase-ya\/#primaryimage"},"image":{"@id":"https:\/\/marthacifuentes.com\/portada\/este-9-y-10-de-septiembre-contraloria-de-casanare-adelanta-el-xviii-seminario-de-control-fiscal-inscribase-ya\/#primaryimage"},"thumbnailUrl":"https:\/\/marthacifuentes.com\/portada\/wp-content\/uploads\/2025\/08\/contraloria-2.jpeg","datePublished":"2025-08-27T15:25:53+00:00","dateModified":"2025-08-27T15:28:13+00:00","author":{"@id":"https:\/\/marthacifuentes.com\/portada\/#\/schema\/person\/57f53174b991db5f90ff78d58502b714"},"breadcrumb":{"@id":"https:\/\/marthacifuentes.com\/portada\/este-9-y-10-de-septiembre-contraloria-de-casanare-adelanta-el-xviii-seminario-de-control-fiscal-inscribase-ya\/#breadcrumb"},"inLanguage":"es","potentialAction":[{"@type":"ReadAction","target":["https:\/\/marthacifuentes.com\/portada\/este-9-y-10-de-septiembre-contraloria-de-casanare-adelanta-el-xviii-seminario-de-control-fiscal-inscribase-ya\/"]}]},{"@type":"ImageObject","inLanguage":"es","@id":"https:\/\/marthacifuentes.com\/portada\/este-9-y-10-de-septiembre-contraloria-de-casanare-adelanta-el-xviii-seminario-de-control-fiscal-inscribase-ya\/#primaryimage","url":"https:\/\/marthacifuentes.com\/portada\/wp-content\/uploads\/2025\/08\/contraloria-2.jpeg","contentUrl":"https:\/\/marthacifuentes.com\/portada\/wp-content\/uploads\/2025\/08\/contraloria-2.jpeg","width":1014,"height":611},{"@type":"BreadcrumbList","@id":"https:\/\/marthacifuentes.com\/portada\/este-9-y-10-de-septiembre-contraloria-de-casanare-adelanta-el-xviii-seminario-de-control-fiscal-inscribase-ya\/#breadcrumb","itemListElement":[{"@type":"ListItem","position":1,"name":"Portada","item":"https:\/\/marthacifuentes.com\/portada\/"},{"@type":"ListItem","position":2,"name":"Este 9 y 10 de septiembre, Contralor\u00eda de Casanare adelanta el XVIII Seminario de Control Fiscal \u00a1Inscr\u00edbase Ya!"}]},{"@type":"WebSite","@id":"https:\/\/marthacifuentes.com\/portada\/#website","url":"https:\/\/marthacifuentes.com\/portada\/","name":"\u25b7 Noticias de Casanare : Martha Cifuentes | Casanare","description":"Noticias &amp; Contenidos","potentialAction":[{"@type":"SearchAction","target":{"@type":"EntryPoint","urlTemplate":"https:\/\/marthacifuentes.com\/portada\/?s={search_term_string}"},"query-input":{"@type":"PropertyValueSpecification","valueRequired":true,"valueName":"search_term_string"}}],"inLanguage":"es"},{"@type":"Person","@id":"https:\/\/marthacifuentes.com\/portada\/#\/schema\/person\/57f53174b991db5f90ff78d58502b714","name":"Martha Cifuentes","image":{"@type":"ImageObject","inLanguage":"es","@id":"https:\/\/marthacifuentes.com\/portada\/#\/schema\/person\/image\/","url":"http:\/\/marthacifuentes.com\/portada\/wp-content\/uploads\/2018\/06\/avatar_user_2_1528838701-96x96.jpg","contentUrl":"http:\/\/marthacifuentes.com\/portada\/wp-content\/uploads\/2018\/06\/avatar_user_2_1528838701-96x96.jpg","caption":"Martha Cifuentes"},"sameAs":["http:\/\/www.marthacifuentes.com"],"url":"https:\/\/marthacifuentes.com\/portada\/author\/martha\/"}]}},"_links":{"self":[{"href":"https:\/\/marthacifuentes.com\/portada\/wp-json\/wp\/v2\/posts\/38826","targetHints":{"allow":["GET"]}}],"collection":[{"href":"https:\/\/marthacifuentes.com\/portada\/wp-json\/wp\/v2\/posts"}],"about":[{"href":"https:\/\/marthacifuentes.com\/portada\/wp-json\/wp\/v2\/types\/post"}],"author":[{"embeddable":true,"href":"https:\/\/marthacifuentes.com\/portada\/wp-json\/wp\/v2\/users\/2"}],"replies":[{"embeddable":true,"href":"https:\/\/marthacifuentes.com\/portada\/wp-json\/wp\/v2\/comments?post=38826"}],"version-history":[{"count":2,"href":"https:\/\/marthacifuentes.com\/portada\/wp-json\/wp\/v2\/posts\/38826\/revisions"}],"predecessor-version":[{"id":38830,"href":"https:\/\/marthacifuentes.com\/portada\/wp-json\/wp\/v2\/posts\/38826\/revisions\/38830"}],"wp:featuredmedia":[{"embeddable":true,"href":"https:\/\/marthacifuentes.com\/portada\/wp-json\/wp\/v2\/media\/38829"}],"wp:attachment":[{"href":"https:\/\/marthacifuentes.com\/portada\/wp-json\/wp\/v2\/media?parent=38826"}],"wp:term":[{"taxonomy":"category","embeddable":true,"href":"https:\/\/marthacifuentes.com\/portada\/wp-json\/wp\/v2\/categories?post=38826"},{"taxonomy":"post_tag","embeddable":true,"href":"https:\/\/marthacifuentes.com\/portada\/wp-json\/wp\/v2\/tags?post=38826"}],"curies":[{"name":"wp","href":"https:\/\/api.w.org\/{rel}","templated":true}]}}