{"id":38895,"date":"2025-09-09T10:29:14","date_gmt":"2025-09-09T15:29:14","guid":{"rendered":"https:\/\/marthacifuentes.com\/portada\/?p=38895"},"modified":"2025-09-09T10:33:57","modified_gmt":"2025-09-09T15:33:57","slug":"la-reforma-y-la-laguna-en-puerto-lopez-meta-de-la-extincion-de-dominio-caso-cajanal-a-la-esperanza-campesina-de-la-mano-de-la-ant","status":"publish","type":"post","link":"https:\/\/marthacifuentes.com\/portada\/la-reforma-y-la-laguna-en-puerto-lopez-meta-de-la-extincion-de-dominio-caso-cajanal-a-la-esperanza-campesina-de-la-mano-de-la-ant\/","title":{"rendered":"La Reforma y La Laguna en Puerto L\u00f3pez, Meta: de la extinci\u00f3n de dominio, caso \u00abCajanal\u00bb, a la esperanza campesina, de la mano de la ANT"},"content":{"rendered":"<p>En los campos de <strong>La Reforma y La Laguna<\/strong>, en Pachaquiaro (Puerto L\u00f3pez, Meta), la tierra empieza a escribir un nuevo cap\u00edtulo. Donde antes hubo procesos judiciales por corrupci\u00f3n y abandono, hoy la <strong>Agencia Nacional de Tierras (ANT)<\/strong> lleg\u00f3 con cintas de medir, mapas y, sobre todo, con la decisi\u00f3n de escuchar a la gente.<\/p>\n<p>All\u00ed se midieron <strong>307 predios sobre 526 hect\u00e1reas<\/strong>, con un detalle que hace toda la diferencia: <strong>linderos claros<\/strong> que devuelven tranquilidad a las familias campesinas. \u201cAhora las cosas han cambiado\u201d, resume Jos\u00e9 Luis Holgu\u00edn, vecino de la zona, al ver que ya no tendr\u00e1 que adivinar d\u00f3nde empieza y d\u00f3nde termina su parcela.<\/p>\n<p><img loading=\"lazy\" decoding=\"async\" class=\"wp-image-38901 aligncenter\" src=\"https:\/\/marthacifuentes.com\/portada\/wp-content\/uploads\/2025\/09\/WhatsApp-Image-2025-09-08-at-6.44.56-AM-1-1024x768.jpeg\" alt=\"\" width=\"583\" height=\"437\" srcset=\"https:\/\/marthacifuentes.com\/portada\/wp-content\/uploads\/2025\/09\/WhatsApp-Image-2025-09-08-at-6.44.56-AM-1-1024x768.jpeg 1024w, https:\/\/marthacifuentes.com\/portada\/wp-content\/uploads\/2025\/09\/WhatsApp-Image-2025-09-08-at-6.44.56-AM-1-300x225.jpeg 300w, https:\/\/marthacifuentes.com\/portada\/wp-content\/uploads\/2025\/09\/WhatsApp-Image-2025-09-08-at-6.44.56-AM-1-768x576.jpeg 768w, https:\/\/marthacifuentes.com\/portada\/wp-content\/uploads\/2025\/09\/WhatsApp-Image-2025-09-08-at-6.44.56-AM-1.jpeg 1444w\" sizes=\"auto, (max-width: 583px) 100vw, 583px\" \/><\/p>\n<p>&nbsp;<\/p>\n<h4><strong>De s\u00edmbolo del despojo a garant\u00eda de dignidad<\/strong><\/h4>\n<p>Estos predios fueron <strong>adquiridos por la ANT a la Sociedad de Activos Especiales (SAE)<\/strong>, luego de haber estado vinculados a procesos de <strong>extinci\u00f3n de dominio relacionados con el caso Cajanal<\/strong>, en el que aparecen los nombres de <strong>Armando Cabrera Polanco y Jeiner Guilombo Guti\u00e9rrez<\/strong><\/p>\n<p>As\u00ed, lo que antes estuvo asociado al despojo y la corrupci\u00f3n ahora se convierte en <strong>tierra para la vida campesina<\/strong>, encaminada hacia la formalizaci\u00f3n y la seguridad jur\u00eddica.<\/p>\n<p>&nbsp;<\/p>\n<h4><strong>Voces del territorio<\/strong><\/h4>\n<p>Diana Esperanza Sabogal, campesina de la zona, lo describe como \u201cun pasito m\u00e1s\u201d hacia la formalizaci\u00f3n, un paso que le permitir\u00e1 organizar mejor su producci\u00f3n y pensar en el futuro. Y Elizabeth Rodr\u00edguez lo dice con la certeza de quien ha luchado a\u00f1os: \u201clos campesinos no somos sin\u00f3nimo de pobreza, somos trabajo y berraquera\u201d<\/p>\n<p><img loading=\"lazy\" decoding=\"async\" class=\"wp-image-38896 aligncenter\" src=\"https:\/\/marthacifuentes.com\/portada\/wp-content\/uploads\/2025\/09\/WhatsApp-Image-2025-09-08-at-6.44.56-AM-1024x682.jpeg\" alt=\"\" width=\"461\" height=\"307\" srcset=\"https:\/\/marthacifuentes.com\/portada\/wp-content\/uploads\/2025\/09\/WhatsApp-Image-2025-09-08-at-6.44.56-AM-1024x682.jpeg 1024w, https:\/\/marthacifuentes.com\/portada\/wp-content\/uploads\/2025\/09\/WhatsApp-Image-2025-09-08-at-6.44.56-AM-300x200.jpeg 300w, https:\/\/marthacifuentes.com\/portada\/wp-content\/uploads\/2025\/09\/WhatsApp-Image-2025-09-08-at-6.44.56-AM-768x512.jpeg 768w, https:\/\/marthacifuentes.com\/portada\/wp-content\/uploads\/2025\/09\/WhatsApp-Image-2025-09-08-at-6.44.56-AM-1536x1023.jpeg 1536w, https:\/\/marthacifuentes.com\/portada\/wp-content\/uploads\/2025\/09\/WhatsApp-Image-2025-09-08-at-6.44.56-AM.jpeg 1600w\" sizes=\"auto, (max-width: 461px) 100vw, 461px\" \/><\/p>\n<p><img loading=\"lazy\" decoding=\"async\" class=\"alignnone wp-image-38897\" src=\"https:\/\/marthacifuentes.com\/portada\/wp-content\/uploads\/2025\/09\/WhatsApp-Image-2025-09-08-at-6.44.56-AM-4-1024x768.jpeg\" alt=\"\" width=\"389\" height=\"292\" srcset=\"https:\/\/marthacifuentes.com\/portada\/wp-content\/uploads\/2025\/09\/WhatsApp-Image-2025-09-08-at-6.44.56-AM-4-1024x768.jpeg 1024w, https:\/\/marthacifuentes.com\/portada\/wp-content\/uploads\/2025\/09\/WhatsApp-Image-2025-09-08-at-6.44.56-AM-4-300x225.jpeg 300w, https:\/\/marthacifuentes.com\/portada\/wp-content\/uploads\/2025\/09\/WhatsApp-Image-2025-09-08-at-6.44.56-AM-4-768x576.jpeg 768w, https:\/\/marthacifuentes.com\/portada\/wp-content\/uploads\/2025\/09\/WhatsApp-Image-2025-09-08-at-6.44.56-AM-4.jpeg 1444w\" sizes=\"auto, (max-width: 389px) 100vw, 389px\" \/><\/p>\n<p><img loading=\"lazy\" decoding=\"async\" class=\"wp-image-38898 aligncenter\" src=\"https:\/\/marthacifuentes.com\/portada\/wp-content\/uploads\/2025\/09\/WhatsApp-Image-2025-09-08-at-6.44.56-AM-3-1024x768.jpeg\" alt=\"\" width=\"423\" height=\"317\" srcset=\"https:\/\/marthacifuentes.com\/portada\/wp-content\/uploads\/2025\/09\/WhatsApp-Image-2025-09-08-at-6.44.56-AM-3-1024x768.jpeg 1024w, https:\/\/marthacifuentes.com\/portada\/wp-content\/uploads\/2025\/09\/WhatsApp-Image-2025-09-08-at-6.44.56-AM-3-300x225.jpeg 300w, https:\/\/marthacifuentes.com\/portada\/wp-content\/uploads\/2025\/09\/WhatsApp-Image-2025-09-08-at-6.44.56-AM-3-768x576.jpeg 768w, https:\/\/marthacifuentes.com\/portada\/wp-content\/uploads\/2025\/09\/WhatsApp-Image-2025-09-08-at-6.44.56-AM-3.jpeg 1437w\" sizes=\"auto, (max-width: 423px) 100vw, 423px\" \/><\/p>\n<p><img loading=\"lazy\" decoding=\"async\" class=\"alignnone wp-image-38899\" src=\"https:\/\/marthacifuentes.com\/portada\/wp-content\/uploads\/2025\/09\/WhatsApp-Image-2025-09-08-at-6.44.56-AM-2-1024x768.jpeg\" alt=\"\" width=\"395\" height=\"296\" srcset=\"https:\/\/marthacifuentes.com\/portada\/wp-content\/uploads\/2025\/09\/WhatsApp-Image-2025-09-08-at-6.44.56-AM-2-1024x768.jpeg 1024w, https:\/\/marthacifuentes.com\/portada\/wp-content\/uploads\/2025\/09\/WhatsApp-Image-2025-09-08-at-6.44.56-AM-2-300x225.jpeg 300w, https:\/\/marthacifuentes.com\/portada\/wp-content\/uploads\/2025\/09\/WhatsApp-Image-2025-09-08-at-6.44.56-AM-2-768x576.jpeg 768w, https:\/\/marthacifuentes.com\/portada\/wp-content\/uploads\/2025\/09\/WhatsApp-Image-2025-09-08-at-6.44.56-AM-2.jpeg 1444w\" sizes=\"auto, (max-width: 395px) 100vw, 395px\" \/><\/p>\n<h4><strong>Reforma Agraria con rostro humano<\/strong><\/h4>\n<p>Este avance, impulsado bajo el gobierno del presidente <strong>Gustavo Petro<\/strong> y la direcci\u00f3n de <strong>Felipe Harman<\/strong> en la ANT, abre la puerta para que m\u00e1s de 300 familias tengan acceso seguro a la tierra, con t\u00edtulos que les den respaldo para proyectos, cr\u00e9ditos y nuevas oportunidades.<\/p>\n<p>Lo que antes estuvo manchado por el despojo hoy se convierte en <strong>herramienta de esperanza<\/strong>. La tierra que vuelve a manos campesinas no solo corrige una injusticia: siembra futuro.<\/p>\n<p>&nbsp;<\/p>\n<h4><strong>\ud83d\udcca<\/strong><strong> Cifras clave \u2013 La Reforma y La Laguna (Puerto L\u00f3pez, Meta)<\/strong><\/h4>\n<ul>\n<li><strong>307 predios<\/strong> medidos y georreferenciados.<\/li>\n<li><strong>526,65 hect\u00e1reas<\/strong> con linderos verificados en campo.<\/li>\n<li><strong>300 familias campesinas<\/strong> camino a la titulaci\u00f3n.<\/li>\n<li>Predios adquiridos por la ANT a la <strong>SAE<\/strong>, tras procesos de extinci\u00f3n de dominio (caso Cajanal).<\/li>\n<li>M\u00e1s de <strong>836 t\u00edtulos entregados<\/strong> en el Meta durante el gobierno Petro, que suman <strong>16.955 hect\u00e1reas formalizadas<\/strong>.<\/li>\n<\/ul>\n<div style=\"width: 480px;\" class=\"wp-video\"><!--[if lt IE 9]><script>document.createElement('video');<\/script><![endif]-->\n<video class=\"wp-video-shortcode\" id=\"video-38895-1\" width=\"480\" height=\"864\" preload=\"metadata\" controls=\"controls\"><source type=\"video\/mp4\" src=\"https:\/\/marthacifuentes.com\/portada\/wp-content\/uploads\/2025\/09\/WhatsApp-Video-2025-09-08-at-6.46.43-AM.mp4?_=1\" \/><a href=\"https:\/\/marthacifuentes.com\/portada\/wp-content\/uploads\/2025\/09\/WhatsApp-Video-2025-09-08-at-6.46.43-AM.mp4\">https:\/\/marthacifuentes.com\/portada\/wp-content\/uploads\/2025\/09\/WhatsApp-Video-2025-09-08-at-6.46.43-AM.mp4<\/a><\/video><\/div>\n","protected":false},"excerpt":{"rendered":"<p>En los campos de La Reforma y La Laguna, en Pachaquiaro (Puerto L\u00f3pez, Meta), la tierra empieza a escribir un nuevo cap\u00edtulo. Donde antes hubo procesos judiciales por corrupci\u00f3n y abandono, hoy la Agencia Nacional de Tierras (ANT) lleg\u00f3 con cintas de medir, mapas y, sobre todo, con la decisi\u00f3n de escuchar a la gente. &hellip;<\/p>\n","protected":false},"author":2,"featured_media":38900,"comment_status":"open","ping_status":"open","sticky":false,"template":"","format":"standard","meta":{"om_disable_all_campaigns":false,"_exactmetrics_skip_tracking":false,"_exactmetrics_sitenote_active":false,"_exactmetrics_sitenote_note":"","_exactmetrics_sitenote_category":0,"_monsterinsights_skip_tracking":false,"_monsterinsights_sitenote_active":false,"_monsterinsights_sitenote_note":"","_monsterinsights_sitenote_category":0,"_uf_show_specific_survey":0,"_uf_disable_surveys":false,"_joinchat":[],"footnotes":""},"categories":[147,146,145],"tags":[14556,14547,14548,14555,14551,485,13009,14545,14544,1181,14554,14552,14339,14553,486,14550,14132,3058,155,14546,14542,14374,14549,169,14543,13415,13988,10240,484,11060,8237,10238],"class_list":["post-38895","post","type-post","status-publish","format-standard","has-post-thumbnail","hentry","category-actualidad","category-noticias","category-reportajes","tag-16-955-hectareas-formalizadas","tag-307-predios","tag-526-hectareas","tag-836-titulos-entregados","tag-acceso-seguro-a-la-tierra","tag-agencia-nacional-de-tierras","tag-ant","tag-armando-cabrera-polanco","tag-caso-cajanal","tag-corrupcion","tag-creditos-rurales","tag-despojo","tag-dignidad-campesina","tag-esperanza-campesina","tag-extincion-de-dominio","tag-familias-campesinas","tag-felipe-harman","tag-formalizacion","tag-gustavo-petro","tag-jeiner-guilombo-gutierrez","tag-la-laguna","tag-la-reforma","tag-linderos-claros","tag-meta","tag-pachaquiaro","tag-proyectos-productivos","tag-puerto-lopez","tag-reforma-agraria","tag-sae","tag-seguridad-juridica","tag-sociedad-de-activos-especiales","tag-titulos-de-propiedad"],"yoast_head":"<!-- This site is optimized with the Yoast SEO plugin v26.1 - https:\/\/yoast.com\/wordpress\/plugins\/seo\/ -->\n<title>La Reforma y La Laguna en Puerto L\u00f3pez, Meta: de la extinci\u00f3n de dominio, caso &quot;Cajanal&quot;, a la esperanza campesina, de la mano de la ANT - \u25b7 Noticias de Casanare : Martha Cifuentes | Casanare<\/title>\n<meta name=\"robots\" content=\"index, follow, max-snippet:-1, max-image-preview:large, max-video-preview:-1\" \/>\n<link rel=\"canonical\" href=\"https:\/\/marthacifuentes.com\/portada\/la-reforma-y-la-laguna-en-puerto-lopez-meta-de-la-extincion-de-dominio-caso-cajanal-a-la-esperanza-campesina-de-la-mano-de-la-ant\/\" \/>\n<meta property=\"og:locale\" content=\"es_ES\" \/>\n<meta property=\"og:type\" content=\"article\" \/>\n<meta property=\"og:title\" content=\"La Reforma y La Laguna en Puerto L\u00f3pez, Meta: de la extinci\u00f3n de dominio, caso &quot;Cajanal&quot;, a la esperanza campesina, de la mano de la ANT - \u25b7 Noticias de Casanare : Martha Cifuentes | Casanare\" \/>\n<meta property=\"og:description\" content=\"En los campos de La Reforma y La Laguna, en Pachaquiaro (Puerto L\u00f3pez, Meta), la tierra empieza a escribir un nuevo cap\u00edtulo. Donde antes hubo procesos judiciales por corrupci\u00f3n y abandono, hoy la Agencia Nacional de Tierras (ANT) lleg\u00f3 con cintas de medir, mapas y, sobre todo, con la decisi\u00f3n de escuchar a la gente. &hellip;\" \/>\n<meta property=\"og:url\" content=\"https:\/\/marthacifuentes.com\/portada\/la-reforma-y-la-laguna-en-puerto-lopez-meta-de-la-extincion-de-dominio-caso-cajanal-a-la-esperanza-campesina-de-la-mano-de-la-ant\/\" \/>\n<meta property=\"og:site_name\" content=\"\u25b7 Noticias de Casanare : Martha Cifuentes | Casanare\" \/>\n<meta property=\"article:published_time\" content=\"2025-09-09T15:29:14+00:00\" \/>\n<meta property=\"article:modified_time\" content=\"2025-09-09T15:33:57+00:00\" \/>\n<meta property=\"og:image\" content=\"https:\/\/marthacifuentes.com\/portada\/wp-content\/uploads\/2025\/09\/WhatsApp-Image-2025-09-08-at-6.44.57-AM.jpeg\" \/>\n\t<meta property=\"og:image:width\" content=\"1444\" \/>\n\t<meta property=\"og:image:height\" content=\"1083\" \/>\n\t<meta property=\"og:image:type\" content=\"image\/jpeg\" \/>\n<meta name=\"author\" content=\"Martha Cifuentes\" \/>\n<meta name=\"twitter:card\" content=\"summary_large_image\" \/>\n<meta name=\"twitter:label1\" content=\"Escrito por\" \/>\n\t<meta name=\"twitter:data1\" content=\"Martha Cifuentes\" \/>\n\t<meta name=\"twitter:label2\" content=\"Tiempo de lectura\" \/>\n\t<meta name=\"twitter:data2\" content=\"3 minutos\" \/>\n<script type=\"application\/ld+json\" class=\"yoast-schema-graph\">{\"@context\":\"https:\/\/schema.org\",\"@graph\":[{\"@type\":\"WebPage\",\"@id\":\"https:\/\/marthacifuentes.com\/portada\/la-reforma-y-la-laguna-en-puerto-lopez-meta-de-la-extincion-de-dominio-caso-cajanal-a-la-esperanza-campesina-de-la-mano-de-la-ant\/\",\"url\":\"https:\/\/marthacifuentes.com\/portada\/la-reforma-y-la-laguna-en-puerto-lopez-meta-de-la-extincion-de-dominio-caso-cajanal-a-la-esperanza-campesina-de-la-mano-de-la-ant\/\",\"name\":\"La Reforma y La Laguna en Puerto L\u00f3pez, Meta: de la extinci\u00f3n de dominio, caso \\\"Cajanal\\\", a la esperanza campesina, de la mano de la ANT - \u25b7 Noticias de Casanare : Martha Cifuentes | Casanare\",\"isPartOf\":{\"@id\":\"https:\/\/marthacifuentes.com\/portada\/#website\"},\"primaryImageOfPage\":{\"@id\":\"https:\/\/marthacifuentes.com\/portada\/la-reforma-y-la-laguna-en-puerto-lopez-meta-de-la-extincion-de-dominio-caso-cajanal-a-la-esperanza-campesina-de-la-mano-de-la-ant\/#primaryimage\"},\"image\":{\"@id\":\"https:\/\/marthacifuentes.com\/portada\/la-reforma-y-la-laguna-en-puerto-lopez-meta-de-la-extincion-de-dominio-caso-cajanal-a-la-esperanza-campesina-de-la-mano-de-la-ant\/#primaryimage\"},\"thumbnailUrl\":\"https:\/\/marthacifuentes.com\/portada\/wp-content\/uploads\/2025\/09\/WhatsApp-Image-2025-09-08-at-6.44.57-AM.jpeg\",\"datePublished\":\"2025-09-09T15:29:14+00:00\",\"dateModified\":\"2025-09-09T15:33:57+00:00\",\"author\":{\"@id\":\"https:\/\/marthacifuentes.com\/portada\/#\/schema\/person\/57f53174b991db5f90ff78d58502b714\"},\"breadcrumb\":{\"@id\":\"https:\/\/marthacifuentes.com\/portada\/la-reforma-y-la-laguna-en-puerto-lopez-meta-de-la-extincion-de-dominio-caso-cajanal-a-la-esperanza-campesina-de-la-mano-de-la-ant\/#breadcrumb\"},\"inLanguage\":\"es\",\"potentialAction\":[{\"@type\":\"ReadAction\",\"target\":[\"https:\/\/marthacifuentes.com\/portada\/la-reforma-y-la-laguna-en-puerto-lopez-meta-de-la-extincion-de-dominio-caso-cajanal-a-la-esperanza-campesina-de-la-mano-de-la-ant\/\"]}]},{\"@type\":\"ImageObject\",\"inLanguage\":\"es\",\"@id\":\"https:\/\/marthacifuentes.com\/portada\/la-reforma-y-la-laguna-en-puerto-lopez-meta-de-la-extincion-de-dominio-caso-cajanal-a-la-esperanza-campesina-de-la-mano-de-la-ant\/#primaryimage\",\"url\":\"https:\/\/marthacifuentes.com\/portada\/wp-content\/uploads\/2025\/09\/WhatsApp-Image-2025-09-08-at-6.44.57-AM.jpeg\",\"contentUrl\":\"https:\/\/marthacifuentes.com\/portada\/wp-content\/uploads\/2025\/09\/WhatsApp-Image-2025-09-08-at-6.44.57-AM.jpeg\",\"width\":1444,\"height\":1083},{\"@type\":\"BreadcrumbList\",\"@id\":\"https:\/\/marthacifuentes.com\/portada\/la-reforma-y-la-laguna-en-puerto-lopez-meta-de-la-extincion-de-dominio-caso-cajanal-a-la-esperanza-campesina-de-la-mano-de-la-ant\/#breadcrumb\",\"itemListElement\":[{\"@type\":\"ListItem\",\"position\":1,\"name\":\"Portada\",\"item\":\"https:\/\/marthacifuentes.com\/portada\/\"},{\"@type\":\"ListItem\",\"position\":2,\"name\":\"La Reforma y La Laguna en Puerto L\u00f3pez, Meta: de la extinci\u00f3n de dominio, caso \u00abCajanal\u00bb, a la esperanza campesina, de la mano de la ANT\"}]},{\"@type\":\"WebSite\",\"@id\":\"https:\/\/marthacifuentes.com\/portada\/#website\",\"url\":\"https:\/\/marthacifuentes.com\/portada\/\",\"name\":\"\u25b7 Noticias de Casanare : Martha Cifuentes | Casanare\",\"description\":\"Noticias &amp; Contenidos\",\"potentialAction\":[{\"@type\":\"SearchAction\",\"target\":{\"@type\":\"EntryPoint\",\"urlTemplate\":\"https:\/\/marthacifuentes.com\/portada\/?s={search_term_string}\"},\"query-input\":{\"@type\":\"PropertyValueSpecification\",\"valueRequired\":true,\"valueName\":\"search_term_string\"}}],\"inLanguage\":\"es\"},{\"@type\":\"Person\",\"@id\":\"https:\/\/marthacifuentes.com\/portada\/#\/schema\/person\/57f53174b991db5f90ff78d58502b714\",\"name\":\"Martha Cifuentes\",\"image\":{\"@type\":\"ImageObject\",\"inLanguage\":\"es\",\"@id\":\"https:\/\/marthacifuentes.com\/portada\/#\/schema\/person\/image\/\",\"url\":\"http:\/\/marthacifuentes.com\/portada\/wp-content\/uploads\/2018\/06\/avatar_user_2_1528838701-96x96.jpg\",\"contentUrl\":\"http:\/\/marthacifuentes.com\/portada\/wp-content\/uploads\/2018\/06\/avatar_user_2_1528838701-96x96.jpg\",\"caption\":\"Martha Cifuentes\"},\"sameAs\":[\"http:\/\/www.marthacifuentes.com\"],\"url\":\"https:\/\/marthacifuentes.com\/portada\/author\/martha\/\"}]}<\/script>\n<!-- \/ Yoast SEO plugin. -->","yoast_head_json":{"title":"La Reforma y La Laguna en Puerto L\u00f3pez, Meta: de la extinci\u00f3n de dominio, caso \"Cajanal\", a la esperanza campesina, de la mano de la ANT - \u25b7 Noticias de Casanare : Martha Cifuentes | Casanare","robots":{"index":"index","follow":"follow","max-snippet":"max-snippet:-1","max-image-preview":"max-image-preview:large","max-video-preview":"max-video-preview:-1"},"canonical":"https:\/\/marthacifuentes.com\/portada\/la-reforma-y-la-laguna-en-puerto-lopez-meta-de-la-extincion-de-dominio-caso-cajanal-a-la-esperanza-campesina-de-la-mano-de-la-ant\/","og_locale":"es_ES","og_type":"article","og_title":"La Reforma y La Laguna en Puerto L\u00f3pez, Meta: de la extinci\u00f3n de dominio, caso \"Cajanal\", a la esperanza campesina, de la mano de la ANT - \u25b7 Noticias de Casanare : Martha Cifuentes | Casanare","og_description":"En los campos de La Reforma y La Laguna, en Pachaquiaro (Puerto L\u00f3pez, Meta), la tierra empieza a escribir un nuevo cap\u00edtulo. Donde antes hubo procesos judiciales por corrupci\u00f3n y abandono, hoy la Agencia Nacional de Tierras (ANT) lleg\u00f3 con cintas de medir, mapas y, sobre todo, con la decisi\u00f3n de escuchar a la gente. &hellip;","og_url":"https:\/\/marthacifuentes.com\/portada\/la-reforma-y-la-laguna-en-puerto-lopez-meta-de-la-extincion-de-dominio-caso-cajanal-a-la-esperanza-campesina-de-la-mano-de-la-ant\/","og_site_name":"\u25b7 Noticias de Casanare : Martha Cifuentes | Casanare","article_published_time":"2025-09-09T15:29:14+00:00","article_modified_time":"2025-09-09T15:33:57+00:00","og_image":[{"width":1444,"height":1083,"url":"https:\/\/marthacifuentes.com\/portada\/wp-content\/uploads\/2025\/09\/WhatsApp-Image-2025-09-08-at-6.44.57-AM.jpeg","type":"image\/jpeg"}],"author":"Martha Cifuentes","twitter_card":"summary_large_image","twitter_misc":{"Escrito por":"Martha Cifuentes","Tiempo de lectura":"3 minutos"},"schema":{"@context":"https:\/\/schema.org","@graph":[{"@type":"WebPage","@id":"https:\/\/marthacifuentes.com\/portada\/la-reforma-y-la-laguna-en-puerto-lopez-meta-de-la-extincion-de-dominio-caso-cajanal-a-la-esperanza-campesina-de-la-mano-de-la-ant\/","url":"https:\/\/marthacifuentes.com\/portada\/la-reforma-y-la-laguna-en-puerto-lopez-meta-de-la-extincion-de-dominio-caso-cajanal-a-la-esperanza-campesina-de-la-mano-de-la-ant\/","name":"La Reforma y La Laguna en Puerto L\u00f3pez, Meta: de la extinci\u00f3n de dominio, caso \"Cajanal\", a la esperanza campesina, de la mano de la ANT - \u25b7 Noticias de Casanare : Martha Cifuentes | Casanare","isPartOf":{"@id":"https:\/\/marthacifuentes.com\/portada\/#website"},"primaryImageOfPage":{"@id":"https:\/\/marthacifuentes.com\/portada\/la-reforma-y-la-laguna-en-puerto-lopez-meta-de-la-extincion-de-dominio-caso-cajanal-a-la-esperanza-campesina-de-la-mano-de-la-ant\/#primaryimage"},"image":{"@id":"https:\/\/marthacifuentes.com\/portada\/la-reforma-y-la-laguna-en-puerto-lopez-meta-de-la-extincion-de-dominio-caso-cajanal-a-la-esperanza-campesina-de-la-mano-de-la-ant\/#primaryimage"},"thumbnailUrl":"https:\/\/marthacifuentes.com\/portada\/wp-content\/uploads\/2025\/09\/WhatsApp-Image-2025-09-08-at-6.44.57-AM.jpeg","datePublished":"2025-09-09T15:29:14+00:00","dateModified":"2025-09-09T15:33:57+00:00","author":{"@id":"https:\/\/marthacifuentes.com\/portada\/#\/schema\/person\/57f53174b991db5f90ff78d58502b714"},"breadcrumb":{"@id":"https:\/\/marthacifuentes.com\/portada\/la-reforma-y-la-laguna-en-puerto-lopez-meta-de-la-extincion-de-dominio-caso-cajanal-a-la-esperanza-campesina-de-la-mano-de-la-ant\/#breadcrumb"},"inLanguage":"es","potentialAction":[{"@type":"ReadAction","target":["https:\/\/marthacifuentes.com\/portada\/la-reforma-y-la-laguna-en-puerto-lopez-meta-de-la-extincion-de-dominio-caso-cajanal-a-la-esperanza-campesina-de-la-mano-de-la-ant\/"]}]},{"@type":"ImageObject","inLanguage":"es","@id":"https:\/\/marthacifuentes.com\/portada\/la-reforma-y-la-laguna-en-puerto-lopez-meta-de-la-extincion-de-dominio-caso-cajanal-a-la-esperanza-campesina-de-la-mano-de-la-ant\/#primaryimage","url":"https:\/\/marthacifuentes.com\/portada\/wp-content\/uploads\/2025\/09\/WhatsApp-Image-2025-09-08-at-6.44.57-AM.jpeg","contentUrl":"https:\/\/marthacifuentes.com\/portada\/wp-content\/uploads\/2025\/09\/WhatsApp-Image-2025-09-08-at-6.44.57-AM.jpeg","width":1444,"height":1083},{"@type":"BreadcrumbList","@id":"https:\/\/marthacifuentes.com\/portada\/la-reforma-y-la-laguna-en-puerto-lopez-meta-de-la-extincion-de-dominio-caso-cajanal-a-la-esperanza-campesina-de-la-mano-de-la-ant\/#breadcrumb","itemListElement":[{"@type":"ListItem","position":1,"name":"Portada","item":"https:\/\/marthacifuentes.com\/portada\/"},{"@type":"ListItem","position":2,"name":"La Reforma y La Laguna en Puerto L\u00f3pez, Meta: de la extinci\u00f3n de dominio, caso \u00abCajanal\u00bb, a la esperanza campesina, de la mano de la ANT"}]},{"@type":"WebSite","@id":"https:\/\/marthacifuentes.com\/portada\/#website","url":"https:\/\/marthacifuentes.com\/portada\/","name":"\u25b7 Noticias de Casanare : Martha Cifuentes | Casanare","description":"Noticias &amp; Contenidos","potentialAction":[{"@type":"SearchAction","target":{"@type":"EntryPoint","urlTemplate":"https:\/\/marthacifuentes.com\/portada\/?s={search_term_string}"},"query-input":{"@type":"PropertyValueSpecification","valueRequired":true,"valueName":"search_term_string"}}],"inLanguage":"es"},{"@type":"Person","@id":"https:\/\/marthacifuentes.com\/portada\/#\/schema\/person\/57f53174b991db5f90ff78d58502b714","name":"Martha Cifuentes","image":{"@type":"ImageObject","inLanguage":"es","@id":"https:\/\/marthacifuentes.com\/portada\/#\/schema\/person\/image\/","url":"http:\/\/marthacifuentes.com\/portada\/wp-content\/uploads\/2018\/06\/avatar_user_2_1528838701-96x96.jpg","contentUrl":"http:\/\/marthacifuentes.com\/portada\/wp-content\/uploads\/2018\/06\/avatar_user_2_1528838701-96x96.jpg","caption":"Martha Cifuentes"},"sameAs":["http:\/\/www.marthacifuentes.com"],"url":"https:\/\/marthacifuentes.com\/portada\/author\/martha\/"}]}},"_links":{"self":[{"href":"https:\/\/marthacifuentes.com\/portada\/wp-json\/wp\/v2\/posts\/38895","targetHints":{"allow":["GET"]}}],"collection":[{"href":"https:\/\/marthacifuentes.com\/portada\/wp-json\/wp\/v2\/posts"}],"about":[{"href":"https:\/\/marthacifuentes.com\/portada\/wp-json\/wp\/v2\/types\/post"}],"author":[{"embeddable":true,"href":"https:\/\/marthacifuentes.com\/portada\/wp-json\/wp\/v2\/users\/2"}],"replies":[{"embeddable":true,"href":"https:\/\/marthacifuentes.com\/portada\/wp-json\/wp\/v2\/comments?post=38895"}],"version-history":[{"count":3,"href":"https:\/\/marthacifuentes.com\/portada\/wp-json\/wp\/v2\/posts\/38895\/revisions"}],"predecessor-version":[{"id":38905,"href":"https:\/\/marthacifuentes.com\/portada\/wp-json\/wp\/v2\/posts\/38895\/revisions\/38905"}],"wp:featuredmedia":[{"embeddable":true,"href":"https:\/\/marthacifuentes.com\/portada\/wp-json\/wp\/v2\/media\/38900"}],"wp:attachment":[{"href":"https:\/\/marthacifuentes.com\/portada\/wp-json\/wp\/v2\/media?parent=38895"}],"wp:term":[{"taxonomy":"category","embeddable":true,"href":"https:\/\/marthacifuentes.com\/portada\/wp-json\/wp\/v2\/categories?post=38895"},{"taxonomy":"post_tag","embeddable":true,"href":"https:\/\/marthacifuentes.com\/portada\/wp-json\/wp\/v2\/tags?post=38895"}],"curies":[{"name":"wp","href":"https:\/\/api.w.org\/{rel}","templated":true}]}}