{"id":38965,"date":"2025-09-17T11:15:51","date_gmt":"2025-09-17T16:15:51","guid":{"rendered":"https:\/\/marthacifuentes.com\/portada\/?p=38965"},"modified":"2025-09-17T11:15:51","modified_gmt":"2025-09-17T16:15:51","slug":"yopal-sera-sede-de-un-encuentro-clave-con-china-nuevas-oportunidades-comerciales-para-la-orinoquia","status":"publish","type":"post","link":"https:\/\/marthacifuentes.com\/portada\/yopal-sera-sede-de-un-encuentro-clave-con-china-nuevas-oportunidades-comerciales-para-la-orinoquia\/","title":{"rendered":"Yopal ser\u00e1 sede de un encuentro clave con China: nuevas oportunidades comerciales para la Orinoqu\u00eda"},"content":{"rendered":"<p data-start=\"278\" data-end=\"592\"><span style=\"font-size: 11.0pt; font-family: 'Arial',sans-serif;\">La regi\u00f3n de la Orinoqu\u00eda se alista para abrir una ventana hacia el mundo con la <strong data-start=\"381\" data-end=\"446\"><span style=\"font-family: 'Arial',sans-serif;\">Cumbre Empresarial \u201cOrinoqu\u00eda Global: Convergencia con China\u201d<\/span><\/strong>, que se celebrar\u00e1 el 18 y 19 de septiembre en el Centro de Convenciones de la C\u00e1mara de Comercio de Yopal.<\/span><\/p>\n<p data-start=\"594\" data-end=\"1113\"><span style=\"font-size: 11.0pt; font-family: 'Arial',sans-serif;\">El evento, liderado por la senadora <strong data-start=\"630\" data-end=\"646\"><span style=\"font-family: 'Arial',sans-serif;\">Sonia Bernal<\/span><\/strong>, busca consolidar alianzas estrat\u00e9gicas con la Rep\u00fablica Popular China y atraer inversi\u00f3n extranjera en sectores clave como la <strong data-start=\"774\" data-end=\"836\"><span style=\"font-family: 'Arial',sans-serif;\">agroindustria, energ\u00eda sostenible, turismo y biodiversidad<\/span><\/strong>. Pero m\u00e1s all\u00e1 de los anuncios, este encuentro llega en un momento en que Colombia enfrenta crecientes limitaciones comerciales con Estados Unidos, lo que obliga a explorar nuevos horizontes con socios que tambi\u00e9n plantean interrogantes.<\/span><\/p>\n<p><span style=\"font-size: 11.0pt; font-family: 'Arial',sans-serif;\">\u00a0<\/span><\/p>\n<h4 data-start=\"1115\" data-end=\"1157\"><span style=\"font-size: 11.0pt; font-family: 'Arial',sans-serif;\">Un encuentro con promesas y s\u00edmbolos<\/span><\/h4>\n<p data-start=\"1159\" data-end=\"1779\"><span style=\"font-size: 11.0pt; font-family: 'Arial',sans-serif;\">La presencia del Embajador de China en Colombia, ministros del Gobierno Nacional y gobernadores de Arauca, Casanare, Meta y Vichada otorga al encuentro un car\u00e1cter pol\u00edtico y diplom\u00e1tico de alto nivel.<br data-start=\"1397\" data-end=\"1400\" \/>Los organizadores destacan que no se trata solo de abrir negocios, sino de mostrar al mundo el <strong data-start=\"1495\" data-end=\"1551\"><span style=\"font-family: 'Arial',sans-serif;\">rostro cultural y ambiental de los Llanos Orientales<\/span><\/strong>. De hecho, la agenda incluye un d\u00eda completo de inmersi\u00f3n cultural con la delegaci\u00f3n china, un gesto que busca equilibrar intereses econ\u00f3micos con el reconocimiento de la riqueza regional.<\/span><\/p>\n<p><span style=\"font-size: 11.0pt; font-family: 'Arial',sans-serif;\">\u00a0<\/span><\/p>\n<h4 data-start=\"1781\" data-end=\"1825\"><span style=\"font-size: 11.0pt; font-family: 'Arial',sans-serif;\">Oportunidades para empresarios locales<\/span><\/h4>\n<p data-start=\"1827\" data-end=\"2104\"><span style=\"font-size: 11.0pt; font-family: 'Arial',sans-serif;\">Peque\u00f1os y medianos empresarios de la Orinoqu\u00eda tendr\u00e1n la oportunidad de presentar sus proyectos ante inversionistas chinos. Es una vitrina in\u00e9dita para la regi\u00f3n, hist\u00f3ricamente rezagada frente a los grandes centros econ\u00f3micos del pa\u00eds.<\/span><\/p>\n<p data-start=\"2106\" data-end=\"2341\"><span style=\"font-size: 11.0pt; font-family: 'Arial',sans-serif;\">Sin embargo, la esperanza de expansi\u00f3n hacia mercados internacionales exige garant\u00edas de que estos acuerdos no reproduzcan <strong data-start=\"2229\" data-end=\"2255\"><span style=\"font-family: 'Arial',sans-serif;\">relaciones asim\u00e9tricas<\/span><\/strong>, donde la regi\u00f3n quede reducida a proveedora de materias primas sin valor agregado.<\/span><\/p>\n<p><span style=\"font-size: 11.0pt; font-family: 'Arial',sans-serif;\">\u00a0<\/span><\/p>\n<h4 data-start=\"2343\" data-end=\"2394\"><span style=\"font-size: 11.0pt; font-family: 'Arial',sans-serif;\">China como alternativa: \u00bfriesgo o salvavidas?<\/span><\/h4>\n<p data-start=\"2396\" data-end=\"2680\"><span style=\"font-size: 11.0pt; font-family: 'Arial',sans-serif;\">El viraje hacia China responde a la realidad geopol\u00edtica: el gobierno de Estados Unidos ha puesto cortapisas a varios productos colombianos, lo que obliga a explorar mercados alternativos. China aparece como un socio dispuesto a invertir y abrir puertas, pero no exento de cr\u00edticas.<\/span><\/p>\n<p data-start=\"2682\" data-end=\"3013\"><span style=\"font-size: 11.0pt; font-family: 'Arial',sans-serif;\">Experiencias en \u00c1frica y Am\u00e9rica Latina muestran que la entrada de capital chino puede traer infraestructura y crecimiento, pero tambi\u00e9n <strong data-start=\"2819\" data-end=\"2890\"><span style=\"font-family: 'Arial',sans-serif;\">endeudamiento, dependencia tecnol\u00f3gica y tensiones socioambientales<\/span><\/strong>. En ese sentido, el desaf\u00edo para Colombia es negociar en condiciones de equidad, evitando un nuevo ciclo de dependencia.<\/span><\/p>\n<p><span style=\"font-size: 11.0pt; font-family: 'Arial',sans-serif;\">\u00a0<\/span><\/p>\n<h4 data-start=\"3015\" data-end=\"3076\"><span style=\"font-size: 11.0pt; font-family: 'Arial',sans-serif;\">Una cumbre para la esperanza, con los pies en la tierra<\/span><\/h4>\n<p data-start=\"3078\" data-end=\"3358\"><span style=\"font-size: 11.0pt; font-family: 'Arial',sans-serif;\">La Cumbre en Yopal es, sin duda, una se\u00f1al de confianza en el futuro de la Orinoqu\u00eda. Convertir a esta regi\u00f3n en polo estrat\u00e9gico de desarrollo puede diversificar la econom\u00eda, impulsar la agroindustria y dar un salto hacia la sostenibilidad.<\/span><\/p>\n<p data-start=\"3360\" data-end=\"3657\"><span style=\"font-size: 11.0pt; font-family: 'Arial',sans-serif;\">Pero el optimismo debe ir acompa\u00f1ado de vigilancia ciudadana y control institucional. Solo as\u00ed este encuentro podr\u00e1 marcar la diferencia entre una oportunidad hist\u00f3rica y una repetici\u00f3n de viejos errores en los que la riqueza de la regi\u00f3n benefici\u00f3 a pocos y dej\u00f3 pasivos ambientales y sociales.<\/span><\/p>\n","protected":false},"excerpt":{"rendered":"<p>La regi\u00f3n de la Orinoqu\u00eda se alista para abrir una ventana hacia el mundo con la Cumbre Empresarial \u201cOrinoqu\u00eda Global: Convergencia con China\u201d, que se celebrar\u00e1 el 18 y 19 de septiembre en el Centro de Convenciones de la C\u00e1mara de Comercio de Yopal. El evento, liderado por la senadora Sonia Bernal, busca consolidar alianzas &hellip;<\/p>\n","protected":false},"author":2,"featured_media":38966,"comment_status":"open","ping_status":"open","sticky":false,"template":"","format":"standard","meta":{"om_disable_all_campaigns":false,"_exactmetrics_skip_tracking":false,"_exactmetrics_sitenote_active":false,"_exactmetrics_sitenote_note":"","_exactmetrics_sitenote_category":0,"_monsterinsights_skip_tracking":false,"_monsterinsights_sitenote_active":false,"_monsterinsights_sitenote_note":"","_monsterinsights_sitenote_category":0,"_uf_show_specific_survey":0,"_uf_disable_surveys":false,"_joinchat":[],"footnotes":""},"categories":[147,146,145],"tags":[1022,9975,154,1423,12442,14640,14642,14641,14644,10223,14643,14645,1400,2192,12431,2196,804,157],"class_list":["post-38965","post","type-post","status-publish","format-standard","has-post-thumbnail","hentry","category-actualidad","category-noticias","category-reportajes","tag-agroindustria","tag-biodiversidad","tag-casanare","tag-china","tag-comercio-exterior","tag-cumbre-china-en-yopal","tag-cumbre-internacional","tag-encuentro-empresarial","tag-energia-sostenible","tag-estados-unidos","tag-inversion-extranjera","tag-mercados-alternativos","tag-noticias-casanare","tag-orinoquia","tag-relaciones-internacionales","tag-sonia-bernal","tag-turismo","tag-yopal"],"yoast_head":"<!-- This site is optimized with the Yoast SEO plugin v26.1 - https:\/\/yoast.com\/wordpress\/plugins\/seo\/ -->\n<title>Yopal ser\u00e1 sede de un encuentro clave con China: nuevas oportunidades comerciales para la Orinoqu\u00eda - \u25b7 Noticias de Casanare : Martha Cifuentes | Casanare<\/title>\n<meta name=\"robots\" content=\"index, follow, max-snippet:-1, max-image-preview:large, max-video-preview:-1\" \/>\n<link rel=\"canonical\" href=\"https:\/\/marthacifuentes.com\/portada\/yopal-sera-sede-de-un-encuentro-clave-con-china-nuevas-oportunidades-comerciales-para-la-orinoquia\/\" \/>\n<meta property=\"og:locale\" content=\"es_ES\" \/>\n<meta property=\"og:type\" content=\"article\" \/>\n<meta property=\"og:title\" content=\"Yopal ser\u00e1 sede de un encuentro clave con China: nuevas oportunidades comerciales para la Orinoqu\u00eda - \u25b7 Noticias de Casanare : Martha Cifuentes | Casanare\" \/>\n<meta property=\"og:description\" content=\"La regi\u00f3n de la Orinoqu\u00eda se alista para abrir una ventana hacia el mundo con la Cumbre Empresarial \u201cOrinoqu\u00eda Global: Convergencia con China\u201d, que se celebrar\u00e1 el 18 y 19 de septiembre en el Centro de Convenciones de la C\u00e1mara de Comercio de Yopal. El evento, liderado por la senadora Sonia Bernal, busca consolidar alianzas &hellip;\" \/>\n<meta property=\"og:url\" content=\"https:\/\/marthacifuentes.com\/portada\/yopal-sera-sede-de-un-encuentro-clave-con-china-nuevas-oportunidades-comerciales-para-la-orinoquia\/\" \/>\n<meta property=\"og:site_name\" content=\"\u25b7 Noticias de Casanare : Martha Cifuentes | Casanare\" \/>\n<meta property=\"article:published_time\" content=\"2025-09-17T16:15:51+00:00\" \/>\n<meta property=\"og:image\" content=\"https:\/\/marthacifuentes.com\/portada\/wp-content\/uploads\/2025\/09\/549516570_122248887290218016_286464040005698802_n.jpg\" \/>\n\t<meta property=\"og:image:width\" content=\"1276\" \/>\n\t<meta property=\"og:image:height\" content=\"832\" \/>\n\t<meta property=\"og:image:type\" content=\"image\/jpeg\" \/>\n<meta name=\"author\" content=\"Martha Cifuentes\" \/>\n<meta name=\"twitter:card\" content=\"summary_large_image\" \/>\n<meta name=\"twitter:label1\" content=\"Escrito por\" \/>\n\t<meta name=\"twitter:data1\" content=\"Martha Cifuentes\" \/>\n\t<meta name=\"twitter:label2\" content=\"Tiempo de lectura\" \/>\n\t<meta name=\"twitter:data2\" content=\"3 minutos\" \/>\n<script type=\"application\/ld+json\" class=\"yoast-schema-graph\">{\"@context\":\"https:\/\/schema.org\",\"@graph\":[{\"@type\":\"WebPage\",\"@id\":\"https:\/\/marthacifuentes.com\/portada\/yopal-sera-sede-de-un-encuentro-clave-con-china-nuevas-oportunidades-comerciales-para-la-orinoquia\/\",\"url\":\"https:\/\/marthacifuentes.com\/portada\/yopal-sera-sede-de-un-encuentro-clave-con-china-nuevas-oportunidades-comerciales-para-la-orinoquia\/\",\"name\":\"Yopal ser\u00e1 sede de un encuentro clave con China: nuevas oportunidades comerciales para la Orinoqu\u00eda - \u25b7 Noticias de Casanare : Martha Cifuentes | Casanare\",\"isPartOf\":{\"@id\":\"https:\/\/marthacifuentes.com\/portada\/#website\"},\"primaryImageOfPage\":{\"@id\":\"https:\/\/marthacifuentes.com\/portada\/yopal-sera-sede-de-un-encuentro-clave-con-china-nuevas-oportunidades-comerciales-para-la-orinoquia\/#primaryimage\"},\"image\":{\"@id\":\"https:\/\/marthacifuentes.com\/portada\/yopal-sera-sede-de-un-encuentro-clave-con-china-nuevas-oportunidades-comerciales-para-la-orinoquia\/#primaryimage\"},\"thumbnailUrl\":\"https:\/\/marthacifuentes.com\/portada\/wp-content\/uploads\/2025\/09\/549516570_122248887290218016_286464040005698802_n.jpg\",\"datePublished\":\"2025-09-17T16:15:51+00:00\",\"author\":{\"@id\":\"https:\/\/marthacifuentes.com\/portada\/#\/schema\/person\/57f53174b991db5f90ff78d58502b714\"},\"breadcrumb\":{\"@id\":\"https:\/\/marthacifuentes.com\/portada\/yopal-sera-sede-de-un-encuentro-clave-con-china-nuevas-oportunidades-comerciales-para-la-orinoquia\/#breadcrumb\"},\"inLanguage\":\"es\",\"potentialAction\":[{\"@type\":\"ReadAction\",\"target\":[\"https:\/\/marthacifuentes.com\/portada\/yopal-sera-sede-de-un-encuentro-clave-con-china-nuevas-oportunidades-comerciales-para-la-orinoquia\/\"]}]},{\"@type\":\"ImageObject\",\"inLanguage\":\"es\",\"@id\":\"https:\/\/marthacifuentes.com\/portada\/yopal-sera-sede-de-un-encuentro-clave-con-china-nuevas-oportunidades-comerciales-para-la-orinoquia\/#primaryimage\",\"url\":\"https:\/\/marthacifuentes.com\/portada\/wp-content\/uploads\/2025\/09\/549516570_122248887290218016_286464040005698802_n.jpg\",\"contentUrl\":\"https:\/\/marthacifuentes.com\/portada\/wp-content\/uploads\/2025\/09\/549516570_122248887290218016_286464040005698802_n.jpg\",\"width\":1276,\"height\":832},{\"@type\":\"BreadcrumbList\",\"@id\":\"https:\/\/marthacifuentes.com\/portada\/yopal-sera-sede-de-un-encuentro-clave-con-china-nuevas-oportunidades-comerciales-para-la-orinoquia\/#breadcrumb\",\"itemListElement\":[{\"@type\":\"ListItem\",\"position\":1,\"name\":\"Portada\",\"item\":\"https:\/\/marthacifuentes.com\/portada\/\"},{\"@type\":\"ListItem\",\"position\":2,\"name\":\"Yopal ser\u00e1 sede de un encuentro clave con China: nuevas oportunidades comerciales para la Orinoqu\u00eda\"}]},{\"@type\":\"WebSite\",\"@id\":\"https:\/\/marthacifuentes.com\/portada\/#website\",\"url\":\"https:\/\/marthacifuentes.com\/portada\/\",\"name\":\"\u25b7 Noticias de Casanare : Martha Cifuentes | Casanare\",\"description\":\"Noticias &amp; Contenidos\",\"potentialAction\":[{\"@type\":\"SearchAction\",\"target\":{\"@type\":\"EntryPoint\",\"urlTemplate\":\"https:\/\/marthacifuentes.com\/portada\/?s={search_term_string}\"},\"query-input\":{\"@type\":\"PropertyValueSpecification\",\"valueRequired\":true,\"valueName\":\"search_term_string\"}}],\"inLanguage\":\"es\"},{\"@type\":\"Person\",\"@id\":\"https:\/\/marthacifuentes.com\/portada\/#\/schema\/person\/57f53174b991db5f90ff78d58502b714\",\"name\":\"Martha Cifuentes\",\"image\":{\"@type\":\"ImageObject\",\"inLanguage\":\"es\",\"@id\":\"https:\/\/marthacifuentes.com\/portada\/#\/schema\/person\/image\/\",\"url\":\"http:\/\/marthacifuentes.com\/portada\/wp-content\/uploads\/2018\/06\/avatar_user_2_1528838701-96x96.jpg\",\"contentUrl\":\"http:\/\/marthacifuentes.com\/portada\/wp-content\/uploads\/2018\/06\/avatar_user_2_1528838701-96x96.jpg\",\"caption\":\"Martha Cifuentes\"},\"sameAs\":[\"http:\/\/www.marthacifuentes.com\"],\"url\":\"https:\/\/marthacifuentes.com\/portada\/author\/martha\/\"}]}<\/script>\n<!-- \/ Yoast SEO plugin. -->","yoast_head_json":{"title":"Yopal ser\u00e1 sede de un encuentro clave con China: nuevas oportunidades comerciales para la Orinoqu\u00eda - \u25b7 Noticias de Casanare : Martha Cifuentes | Casanare","robots":{"index":"index","follow":"follow","max-snippet":"max-snippet:-1","max-image-preview":"max-image-preview:large","max-video-preview":"max-video-preview:-1"},"canonical":"https:\/\/marthacifuentes.com\/portada\/yopal-sera-sede-de-un-encuentro-clave-con-china-nuevas-oportunidades-comerciales-para-la-orinoquia\/","og_locale":"es_ES","og_type":"article","og_title":"Yopal ser\u00e1 sede de un encuentro clave con China: nuevas oportunidades comerciales para la Orinoqu\u00eda - \u25b7 Noticias de Casanare : Martha Cifuentes | Casanare","og_description":"La regi\u00f3n de la Orinoqu\u00eda se alista para abrir una ventana hacia el mundo con la Cumbre Empresarial \u201cOrinoqu\u00eda Global: Convergencia con China\u201d, que se celebrar\u00e1 el 18 y 19 de septiembre en el Centro de Convenciones de la C\u00e1mara de Comercio de Yopal. El evento, liderado por la senadora Sonia Bernal, busca consolidar alianzas &hellip;","og_url":"https:\/\/marthacifuentes.com\/portada\/yopal-sera-sede-de-un-encuentro-clave-con-china-nuevas-oportunidades-comerciales-para-la-orinoquia\/","og_site_name":"\u25b7 Noticias de Casanare : Martha Cifuentes | Casanare","article_published_time":"2025-09-17T16:15:51+00:00","og_image":[{"width":1276,"height":832,"url":"https:\/\/marthacifuentes.com\/portada\/wp-content\/uploads\/2025\/09\/549516570_122248887290218016_286464040005698802_n.jpg","type":"image\/jpeg"}],"author":"Martha Cifuentes","twitter_card":"summary_large_image","twitter_misc":{"Escrito por":"Martha Cifuentes","Tiempo de lectura":"3 minutos"},"schema":{"@context":"https:\/\/schema.org","@graph":[{"@type":"WebPage","@id":"https:\/\/marthacifuentes.com\/portada\/yopal-sera-sede-de-un-encuentro-clave-con-china-nuevas-oportunidades-comerciales-para-la-orinoquia\/","url":"https:\/\/marthacifuentes.com\/portada\/yopal-sera-sede-de-un-encuentro-clave-con-china-nuevas-oportunidades-comerciales-para-la-orinoquia\/","name":"Yopal ser\u00e1 sede de un encuentro clave con China: nuevas oportunidades comerciales para la Orinoqu\u00eda - \u25b7 Noticias de Casanare : Martha Cifuentes | Casanare","isPartOf":{"@id":"https:\/\/marthacifuentes.com\/portada\/#website"},"primaryImageOfPage":{"@id":"https:\/\/marthacifuentes.com\/portada\/yopal-sera-sede-de-un-encuentro-clave-con-china-nuevas-oportunidades-comerciales-para-la-orinoquia\/#primaryimage"},"image":{"@id":"https:\/\/marthacifuentes.com\/portada\/yopal-sera-sede-de-un-encuentro-clave-con-china-nuevas-oportunidades-comerciales-para-la-orinoquia\/#primaryimage"},"thumbnailUrl":"https:\/\/marthacifuentes.com\/portada\/wp-content\/uploads\/2025\/09\/549516570_122248887290218016_286464040005698802_n.jpg","datePublished":"2025-09-17T16:15:51+00:00","author":{"@id":"https:\/\/marthacifuentes.com\/portada\/#\/schema\/person\/57f53174b991db5f90ff78d58502b714"},"breadcrumb":{"@id":"https:\/\/marthacifuentes.com\/portada\/yopal-sera-sede-de-un-encuentro-clave-con-china-nuevas-oportunidades-comerciales-para-la-orinoquia\/#breadcrumb"},"inLanguage":"es","potentialAction":[{"@type":"ReadAction","target":["https:\/\/marthacifuentes.com\/portada\/yopal-sera-sede-de-un-encuentro-clave-con-china-nuevas-oportunidades-comerciales-para-la-orinoquia\/"]}]},{"@type":"ImageObject","inLanguage":"es","@id":"https:\/\/marthacifuentes.com\/portada\/yopal-sera-sede-de-un-encuentro-clave-con-china-nuevas-oportunidades-comerciales-para-la-orinoquia\/#primaryimage","url":"https:\/\/marthacifuentes.com\/portada\/wp-content\/uploads\/2025\/09\/549516570_122248887290218016_286464040005698802_n.jpg","contentUrl":"https:\/\/marthacifuentes.com\/portada\/wp-content\/uploads\/2025\/09\/549516570_122248887290218016_286464040005698802_n.jpg","width":1276,"height":832},{"@type":"BreadcrumbList","@id":"https:\/\/marthacifuentes.com\/portada\/yopal-sera-sede-de-un-encuentro-clave-con-china-nuevas-oportunidades-comerciales-para-la-orinoquia\/#breadcrumb","itemListElement":[{"@type":"ListItem","position":1,"name":"Portada","item":"https:\/\/marthacifuentes.com\/portada\/"},{"@type":"ListItem","position":2,"name":"Yopal ser\u00e1 sede de un encuentro clave con China: nuevas oportunidades comerciales para la Orinoqu\u00eda"}]},{"@type":"WebSite","@id":"https:\/\/marthacifuentes.com\/portada\/#website","url":"https:\/\/marthacifuentes.com\/portada\/","name":"\u25b7 Noticias de Casanare : Martha Cifuentes | Casanare","description":"Noticias &amp; Contenidos","potentialAction":[{"@type":"SearchAction","target":{"@type":"EntryPoint","urlTemplate":"https:\/\/marthacifuentes.com\/portada\/?s={search_term_string}"},"query-input":{"@type":"PropertyValueSpecification","valueRequired":true,"valueName":"search_term_string"}}],"inLanguage":"es"},{"@type":"Person","@id":"https:\/\/marthacifuentes.com\/portada\/#\/schema\/person\/57f53174b991db5f90ff78d58502b714","name":"Martha Cifuentes","image":{"@type":"ImageObject","inLanguage":"es","@id":"https:\/\/marthacifuentes.com\/portada\/#\/schema\/person\/image\/","url":"http:\/\/marthacifuentes.com\/portada\/wp-content\/uploads\/2018\/06\/avatar_user_2_1528838701-96x96.jpg","contentUrl":"http:\/\/marthacifuentes.com\/portada\/wp-content\/uploads\/2018\/06\/avatar_user_2_1528838701-96x96.jpg","caption":"Martha Cifuentes"},"sameAs":["http:\/\/www.marthacifuentes.com"],"url":"https:\/\/marthacifuentes.com\/portada\/author\/martha\/"}]}},"_links":{"self":[{"href":"https:\/\/marthacifuentes.com\/portada\/wp-json\/wp\/v2\/posts\/38965","targetHints":{"allow":["GET"]}}],"collection":[{"href":"https:\/\/marthacifuentes.com\/portada\/wp-json\/wp\/v2\/posts"}],"about":[{"href":"https:\/\/marthacifuentes.com\/portada\/wp-json\/wp\/v2\/types\/post"}],"author":[{"embeddable":true,"href":"https:\/\/marthacifuentes.com\/portada\/wp-json\/wp\/v2\/users\/2"}],"replies":[{"embeddable":true,"href":"https:\/\/marthacifuentes.com\/portada\/wp-json\/wp\/v2\/comments?post=38965"}],"version-history":[{"count":1,"href":"https:\/\/marthacifuentes.com\/portada\/wp-json\/wp\/v2\/posts\/38965\/revisions"}],"predecessor-version":[{"id":38967,"href":"https:\/\/marthacifuentes.com\/portada\/wp-json\/wp\/v2\/posts\/38965\/revisions\/38967"}],"wp:featuredmedia":[{"embeddable":true,"href":"https:\/\/marthacifuentes.com\/portada\/wp-json\/wp\/v2\/media\/38966"}],"wp:attachment":[{"href":"https:\/\/marthacifuentes.com\/portada\/wp-json\/wp\/v2\/media?parent=38965"}],"wp:term":[{"taxonomy":"category","embeddable":true,"href":"https:\/\/marthacifuentes.com\/portada\/wp-json\/wp\/v2\/categories?post=38965"},{"taxonomy":"post_tag","embeddable":true,"href":"https:\/\/marthacifuentes.com\/portada\/wp-json\/wp\/v2\/tags?post=38965"}],"curies":[{"name":"wp","href":"https:\/\/api.w.org\/{rel}","templated":true}]}}