{"id":38979,"date":"2025-09-19T11:01:44","date_gmt":"2025-09-19T16:01:44","guid":{"rendered":"https:\/\/marthacifuentes.com\/portada\/?p=38979"},"modified":"2025-09-19T11:01:44","modified_gmt":"2025-09-19T16:01:44","slug":"cumbre-empresarial-orinoquia-china-se-busca-resultados-por-encima-de-ideologias-politicas","status":"publish","type":"post","link":"https:\/\/marthacifuentes.com\/portada\/cumbre-empresarial-orinoquia-china-se-busca-resultados-por-encima-de-ideologias-politicas\/","title":{"rendered":"Cumbre Empresarial Orinoqu\u00eda\u2013China: Se busca resultados por encima de ideolog\u00edas pol\u00edticas"},"content":{"rendered":"<p>Con la asistencia de m\u00e1s de 350 personas y transmisi\u00f3n en vivo por el Canal del Congreso, concluy\u00f3 en Yopal la hist\u00f3rica cumbre empresarial <em>\u201cOrinoqu\u00eda Global: Convergencia con China\u201d<\/em>, consolidando a la regi\u00f3n como epicentro de negocios y cooperaci\u00f3n internacional.<\/p>\n<p>El encuentro, liderado por la senadora <strong>Sonia Bernal<\/strong> y con participaci\u00f3n de delegaciones de los cuatro departamentos de la Orinoqu\u00eda, cont\u00f3 con la presencia del embajador de China en Colombia, <strong>Zhu Jingyang<\/strong>, y mandatarios como la gobernadora del Meta, <strong>Rafaela Cortez<\/strong>, y el gobernador de Casanare, <strong>C\u00e9sar Ortiz Zorro<\/strong>.<\/p>\n<p>&nbsp;<\/p>\n<h4><strong>Tres pilares para la cooperaci\u00f3n<\/strong><\/h4>\n<p>Durante las jornadas de trabajo se establecieron las bases de colaboraci\u00f3n enmarcadas en la Iniciativa de la Franja y la Ruta, con acuerdos centrados en tres ejes fundamentales:<\/p>\n<ul>\n<li><strong>Impulso a la agroindustria<\/strong> para fortalecer la seguridad alimentaria y la capacidad exportadora.<\/li>\n<li><strong>Atracci\u00f3n de inversi\u00f3n para la transici\u00f3n energ\u00e9tica<\/strong> y la reindustrializaci\u00f3n con valor agregado.<\/li>\n<li><strong>Aplicaci\u00f3n de tecnolog\u00edas como la Inteligencia Artificial (IA)<\/strong> para innovar y optimizar los sectores productivos de la regi\u00f3n.<\/li>\n<\/ul>\n<p>La senadora Sonia Bernal celebr\u00f3 el \u00e9xito del evento:<\/p>\n<p><em>\u201cEsta cumbre ha abierto puertas significativas para el desarrollo integral de la Orinoqu\u00eda. Hoy, el llano colombiano vive el inicio de una nueva visi\u00f3n estrat\u00e9gica global, y el encuentro en Yopal ha sido clave para materializar estas oportunidades\u201d.<\/em><\/p>\n<p>A su vez, el embajador Zhu Jingyang expres\u00f3:<\/p>\n<p><em>\u201cEstamos profundamente impresionados con el potencial de la Orinoqu\u00eda. Esta cumbre ha sentado las bases para transformar el di\u00e1logo en proyectos concretos que generar\u00e1n prosperidad mutua y fortalecer\u00e1n los lazos entre nuestras naciones\u201d.<\/em><\/p>\n<p><img loading=\"lazy\" decoding=\"async\" class=\"alignnone  wp-image-38983\" src=\"https:\/\/marthacifuentes.com\/portada\/wp-content\/uploads\/2025\/09\/WhatsApp-Image-2025-09-18-at-17.17.40-1-1024x682.jpeg\" alt=\"\" width=\"548\" height=\"365\" srcset=\"https:\/\/marthacifuentes.com\/portada\/wp-content\/uploads\/2025\/09\/WhatsApp-Image-2025-09-18-at-17.17.40-1-1024x682.jpeg 1024w, https:\/\/marthacifuentes.com\/portada\/wp-content\/uploads\/2025\/09\/WhatsApp-Image-2025-09-18-at-17.17.40-1-300x200.jpeg 300w, https:\/\/marthacifuentes.com\/portada\/wp-content\/uploads\/2025\/09\/WhatsApp-Image-2025-09-18-at-17.17.40-1-768x512.jpeg 768w, https:\/\/marthacifuentes.com\/portada\/wp-content\/uploads\/2025\/09\/WhatsApp-Image-2025-09-18-at-17.17.40-1-1536x1023.jpeg 1536w, https:\/\/marthacifuentes.com\/portada\/wp-content\/uploads\/2025\/09\/WhatsApp-Image-2025-09-18-at-17.17.40-1.jpeg 1600w\" sizes=\"auto, (max-width: 548px) 100vw, 548px\" \/><\/p>\n<p><img loading=\"lazy\" decoding=\"async\" class=\"wp-image-38984 aligncenter\" src=\"https:\/\/marthacifuentes.com\/portada\/wp-content\/uploads\/2025\/09\/WhatsApp-Image-2025-09-18-at-17.17.41-1024x673.jpeg\" alt=\"\" width=\"548\" height=\"360\" srcset=\"https:\/\/marthacifuentes.com\/portada\/wp-content\/uploads\/2025\/09\/WhatsApp-Image-2025-09-18-at-17.17.41-1024x673.jpeg 1024w, https:\/\/marthacifuentes.com\/portada\/wp-content\/uploads\/2025\/09\/WhatsApp-Image-2025-09-18-at-17.17.41-300x197.jpeg 300w, https:\/\/marthacifuentes.com\/portada\/wp-content\/uploads\/2025\/09\/WhatsApp-Image-2025-09-18-at-17.17.41-768x505.jpeg 768w, https:\/\/marthacifuentes.com\/portada\/wp-content\/uploads\/2025\/09\/WhatsApp-Image-2025-09-18-at-17.17.41.jpeg 1280w\" sizes=\"auto, (max-width: 548px) 100vw, 548px\" \/><\/p>\n<h4><strong>M\u00e1s all\u00e1 del color pol\u00edtico<\/strong><\/h4>\n<p>En rueda de prensa, el embajador Zhu fue enf\u00e1tico en marcar distancia de los debates ideol\u00f3gicos:<\/p>\n<p>\u201cNo me interesa el debate vac\u00edo de si China es comunista o no. Ese debate lo dejamos atr\u00e1s hace cinco d\u00e9cadas: lo importante no es si el gato es blanco o negro, sino que sepa cazar ratones. Lo mismo aqu\u00ed: la cooperaci\u00f3n Colombia\u2013China es pol\u00edtica de Estado. Hemos trabajado con presidentes de derecha e izquierda. El progreso no tiene color ideol\u00f3gico; lo que necesitamos son resultados\u201d.<\/p>\n<p>El diplom\u00e1tico destac\u00f3 que la relaci\u00f3n bilateral no depende de cambios de gobierno en Colombia: <em>\u201cRespetamos la decisi\u00f3n del pueblo colombiano al elegir sus l\u00edderes. El d\u00eda que cambie el gobierno aqu\u00ed, en China no cambiaremos. Nuestra pol\u00edtica de cooperaci\u00f3n es estable y de largo plazo\u201d<\/em>.<\/p>\n<p>&nbsp;<\/p>\n<h2 data-start=\"2971\" data-end=\"2997\">La visi\u00f3n de Casanare<\/h2>\n<p data-start=\"2998\" data-end=\"3121\">El gobernador <strong data-start=\"3012\" data-end=\"3033\">C\u00e9sar Ortiz Zorro<\/strong> plante\u00f3 una apuesta ambiciosa para que la regi\u00f3n se posicione en el escenario global:<\/p>\n<p data-start=\"3125\" data-end=\"3418\"><em>\u201cImaginen una Orinoqu\u00eda distribuyendo comida para el mundo. Queremos aliados importantes con mejores condiciones para nuestro territorio. Necesitamos recursos para convertir a Casanare en un potencial agroindustrial y tur\u00edstico. No contamos con los recursos y se requiere de gran inversi\u00f3n\u201d.<\/em><\/p>\n<p data-start=\"3420\" data-end=\"3464\">Zorro destac\u00f3 tres proyectos estrat\u00e9gicos:<\/p>\n<ul data-start=\"3466\" data-end=\"3924\">\n<li data-start=\"3466\" data-end=\"3700\">\n<p data-start=\"3468\" data-end=\"3700\"><strong data-start=\"3468\" data-end=\"3535\">Aeropuerto internacional de carga y pasajeros para la Orinoqu\u00eda<\/strong>: \u201cDe ah\u00ed depende todo. Hoy, los aviones de carga en aeropuertos internacionales de Colombia no pueden despegar con m\u00e1s del 70%. En Casanare s\u00ed podr\u00edamos hacerlo\u201d.<\/p>\n<\/li>\n<li data-start=\"3701\" data-end=\"3804\">\n<p data-start=\"3703\" data-end=\"3804\"><strong data-start=\"3703\" data-end=\"3725\">Distritos de riego<\/strong>: recuperar los estudios y dise\u00f1os para potencializar la producci\u00f3n agr\u00edcola.<\/p>\n<\/li>\n<li data-start=\"3805\" data-end=\"3924\">\n<p data-start=\"3807\" data-end=\"3924\"><strong data-start=\"3807\" data-end=\"3848\">Carpeta de proyectos agroindustriales<\/strong>: lista para ser presentada a inversionistas nacionales e internacionales.<\/p>\n<\/li>\n<\/ul>\n<p data-start=\"3926\" data-end=\"4061\">\u201cMuchos empresarios de Colombia est\u00e1n mirando a la Orinoqu\u00eda. Esta es nuestra oportunidad para dar el salto\u201d, concluy\u00f3 el mandatario.<\/p>\n<p><img loading=\"lazy\" decoding=\"async\" class=\"wp-image-38985 aligncenter\" src=\"https:\/\/marthacifuentes.com\/portada\/wp-content\/uploads\/2025\/09\/547684879_1318398326312030_979770916782214826_n.jpg\" alt=\"\" width=\"505\" height=\"336\" srcset=\"https:\/\/marthacifuentes.com\/portada\/wp-content\/uploads\/2025\/09\/547684879_1318398326312030_979770916782214826_n.jpg 810w, https:\/\/marthacifuentes.com\/portada\/wp-content\/uploads\/2025\/09\/547684879_1318398326312030_979770916782214826_n-300x200.jpg 300w, https:\/\/marthacifuentes.com\/portada\/wp-content\/uploads\/2025\/09\/547684879_1318398326312030_979770916782214826_n-768x512.jpg 768w\" sizes=\"auto, (max-width: 505px) 100vw, 505px\" \/><\/p>\n<h4><strong>Aportes potenciales de China a la Orinoqu\u00eda<\/strong><\/h4>\n<p>El embajador subray\u00f3 \u00e1reas en las que China puede aportar con eficacia y experiencia:<\/p>\n<ul>\n<li><strong>Energ\u00eda renovable y tradicional.<\/strong><\/li>\n<li><strong>Agroindustria<\/strong>, con \u00e9nfasis en arroz y ganader\u00eda.<\/li>\n<li><strong>Turismo<\/strong> vinculado a la riqueza natural de la regi\u00f3n.<\/li>\n<li><strong>Infraestructura clave<\/strong>: hospitales, aeropuertos y v\u00edas.<\/li>\n<li><strong>Tecnolog\u00eda e innovaci\u00f3n<\/strong> para fortalecer la productividad.<\/li>\n<\/ul>\n<p>\u201cQueremos escuchar qu\u00e9 necesita la Orinoqu\u00eda y dar pasos peque\u00f1os pero firmes hacia las soluciones. China tiene capacidad y eficacia para ponerla al servicio de esta regi\u00f3n, igual que lo hemos hecho en otras zonas de Colombia\u201d, concluy\u00f3.<\/p>\n<p>&nbsp;<\/p>\n<h4><strong>Un puente estrat\u00e9gico<\/strong><\/h4>\n<p>La cumbre dej\u00f3 sentadas las bases para que la <strong>Orinoqu\u00eda se proyecte en el escenario internacional<\/strong>. Desde la seguridad alimentaria hasta la transici\u00f3n energ\u00e9tica y la modernizaci\u00f3n de la agroindustria, los acuerdos apuntan a transformar el potencial del llano en oportunidades reales de desarrollo y cooperaci\u00f3n.<\/p>\n","protected":false},"excerpt":{"rendered":"<p>Con la asistencia de m\u00e1s de 350 personas y transmisi\u00f3n en vivo por el Canal del Congreso, concluy\u00f3 en Yopal la hist\u00f3rica cumbre empresarial \u201cOrinoqu\u00eda Global: Convergencia con China\u201d, consolidando a la regi\u00f3n como epicentro de negocios y cooperaci\u00f3n internacional. El encuentro, liderado por la senadora Sonia Bernal y con participaci\u00f3n de delegaciones de los &hellip;<\/p>\n","protected":false},"author":2,"featured_media":38982,"comment_status":"open","ping_status":"open","sticky":false,"template":"","format":"standard","meta":{"om_disable_all_campaigns":false,"_exactmetrics_skip_tracking":false,"_exactmetrics_sitenote_active":false,"_exactmetrics_sitenote_note":"","_exactmetrics_sitenote_category":0,"_monsterinsights_skip_tracking":false,"_monsterinsights_sitenote_active":false,"_monsterinsights_sitenote_note":"","_monsterinsights_sitenote_category":0,"_uf_show_specific_survey":0,"_uf_disable_surveys":false,"_joinchat":[],"footnotes":""},"categories":[147,146,145],"tags":[14665,14666,14669,14671,14663,14676,14660,14659,14662,14667,14672,14668,14664,14677,14661,14673,14670,14675,14674],"class_list":["post-38979","post","type-post","status-publish","format-standard","has-post-thumbnail","hentry","category-actualidad","category-noticias","category-reportajes","tag-acuerdos-china-orinoquia","tag-agroindustria-orinoquia-china","tag-camara-de-comercio-de-casanare-china","tag-cesar-ortiz-zorro-china","tag-cooperacion-china-colombia","tag-cooperacion-internacional-casanare","tag-cumbre-china-yopal-2025","tag-cumbre-empresarial-orinoquia-china","tag-embajador-zhu-jingyang-colombia","tag-energia-renovable-orinoquia","tag-gobernadora-del-meta-rafaela-cortez-china","tag-infraestructura-orinoquia-china","tag-inversion-china-orinoquia","tag-inversion-extranjera-yopal","tag-orinoquia-global-convergencia-con-china","tag-proyectos-china-en-yopal","tag-sonia-bernal-china-orinoquia","tag-transicion-energetica-orinoquia","tag-turismo-orinoquia-china"],"yoast_head":"<!-- This site is optimized with the Yoast SEO plugin v26.1 - https:\/\/yoast.com\/wordpress\/plugins\/seo\/ -->\n<title>Cumbre Empresarial Orinoqu\u00eda\u2013China: Se busca resultados por encima de ideolog\u00edas pol\u00edticas - \u25b7 Noticias de Casanare : Martha Cifuentes | Casanare<\/title>\n<meta name=\"robots\" content=\"index, follow, max-snippet:-1, max-image-preview:large, max-video-preview:-1\" \/>\n<link rel=\"canonical\" href=\"https:\/\/marthacifuentes.com\/portada\/cumbre-empresarial-orinoquia-china-se-busca-resultados-por-encima-de-ideologias-politicas\/\" \/>\n<meta property=\"og:locale\" content=\"es_ES\" \/>\n<meta property=\"og:type\" content=\"article\" \/>\n<meta property=\"og:title\" content=\"Cumbre Empresarial Orinoqu\u00eda\u2013China: Se busca resultados por encima de ideolog\u00edas pol\u00edticas - \u25b7 Noticias de Casanare : Martha Cifuentes | Casanare\" \/>\n<meta property=\"og:description\" content=\"Con la asistencia de m\u00e1s de 350 personas y transmisi\u00f3n en vivo por el Canal del Congreso, concluy\u00f3 en Yopal la hist\u00f3rica cumbre empresarial \u201cOrinoqu\u00eda Global: Convergencia con China\u201d, consolidando a la regi\u00f3n como epicentro de negocios y cooperaci\u00f3n internacional. El encuentro, liderado por la senadora Sonia Bernal y con participaci\u00f3n de delegaciones de los &hellip;\" \/>\n<meta property=\"og:url\" content=\"https:\/\/marthacifuentes.com\/portada\/cumbre-empresarial-orinoquia-china-se-busca-resultados-por-encima-de-ideologias-politicas\/\" \/>\n<meta property=\"og:site_name\" content=\"\u25b7 Noticias de Casanare : Martha Cifuentes | Casanare\" \/>\n<meta property=\"article:published_time\" content=\"2025-09-19T16:01:44+00:00\" \/>\n<meta property=\"og:image\" content=\"https:\/\/marthacifuentes.com\/portada\/wp-content\/uploads\/2025\/09\/WhatsApp-Image-2025-09-19-at-10.58.37-AM.jpeg\" \/>\n\t<meta property=\"og:image:width\" content=\"1600\" \/>\n\t<meta property=\"og:image:height\" content=\"720\" \/>\n\t<meta property=\"og:image:type\" content=\"image\/jpeg\" \/>\n<meta name=\"author\" content=\"Martha Cifuentes\" \/>\n<meta name=\"twitter:card\" content=\"summary_large_image\" \/>\n<meta name=\"twitter:label1\" content=\"Escrito por\" \/>\n\t<meta name=\"twitter:data1\" content=\"Martha Cifuentes\" \/>\n\t<meta name=\"twitter:label2\" content=\"Tiempo de lectura\" \/>\n\t<meta name=\"twitter:data2\" content=\"4 minutos\" \/>\n<script type=\"application\/ld+json\" class=\"yoast-schema-graph\">{\"@context\":\"https:\/\/schema.org\",\"@graph\":[{\"@type\":\"WebPage\",\"@id\":\"https:\/\/marthacifuentes.com\/portada\/cumbre-empresarial-orinoquia-china-se-busca-resultados-por-encima-de-ideologias-politicas\/\",\"url\":\"https:\/\/marthacifuentes.com\/portada\/cumbre-empresarial-orinoquia-china-se-busca-resultados-por-encima-de-ideologias-politicas\/\",\"name\":\"Cumbre Empresarial Orinoqu\u00eda\u2013China: Se busca resultados por encima de ideolog\u00edas pol\u00edticas - \u25b7 Noticias de Casanare : Martha Cifuentes | Casanare\",\"isPartOf\":{\"@id\":\"https:\/\/marthacifuentes.com\/portada\/#website\"},\"primaryImageOfPage\":{\"@id\":\"https:\/\/marthacifuentes.com\/portada\/cumbre-empresarial-orinoquia-china-se-busca-resultados-por-encima-de-ideologias-politicas\/#primaryimage\"},\"image\":{\"@id\":\"https:\/\/marthacifuentes.com\/portada\/cumbre-empresarial-orinoquia-china-se-busca-resultados-por-encima-de-ideologias-politicas\/#primaryimage\"},\"thumbnailUrl\":\"https:\/\/marthacifuentes.com\/portada\/wp-content\/uploads\/2025\/09\/WhatsApp-Image-2025-09-19-at-10.58.37-AM.jpeg\",\"datePublished\":\"2025-09-19T16:01:44+00:00\",\"author\":{\"@id\":\"https:\/\/marthacifuentes.com\/portada\/#\/schema\/person\/57f53174b991db5f90ff78d58502b714\"},\"breadcrumb\":{\"@id\":\"https:\/\/marthacifuentes.com\/portada\/cumbre-empresarial-orinoquia-china-se-busca-resultados-por-encima-de-ideologias-politicas\/#breadcrumb\"},\"inLanguage\":\"es\",\"potentialAction\":[{\"@type\":\"ReadAction\",\"target\":[\"https:\/\/marthacifuentes.com\/portada\/cumbre-empresarial-orinoquia-china-se-busca-resultados-por-encima-de-ideologias-politicas\/\"]}]},{\"@type\":\"ImageObject\",\"inLanguage\":\"es\",\"@id\":\"https:\/\/marthacifuentes.com\/portada\/cumbre-empresarial-orinoquia-china-se-busca-resultados-por-encima-de-ideologias-politicas\/#primaryimage\",\"url\":\"https:\/\/marthacifuentes.com\/portada\/wp-content\/uploads\/2025\/09\/WhatsApp-Image-2025-09-19-at-10.58.37-AM.jpeg\",\"contentUrl\":\"https:\/\/marthacifuentes.com\/portada\/wp-content\/uploads\/2025\/09\/WhatsApp-Image-2025-09-19-at-10.58.37-AM.jpeg\",\"width\":1600,\"height\":720},{\"@type\":\"BreadcrumbList\",\"@id\":\"https:\/\/marthacifuentes.com\/portada\/cumbre-empresarial-orinoquia-china-se-busca-resultados-por-encima-de-ideologias-politicas\/#breadcrumb\",\"itemListElement\":[{\"@type\":\"ListItem\",\"position\":1,\"name\":\"Portada\",\"item\":\"https:\/\/marthacifuentes.com\/portada\/\"},{\"@type\":\"ListItem\",\"position\":2,\"name\":\"Cumbre Empresarial Orinoqu\u00eda\u2013China: Se busca resultados por encima de ideolog\u00edas pol\u00edticas\"}]},{\"@type\":\"WebSite\",\"@id\":\"https:\/\/marthacifuentes.com\/portada\/#website\",\"url\":\"https:\/\/marthacifuentes.com\/portada\/\",\"name\":\"\u25b7 Noticias de Casanare : Martha Cifuentes | Casanare\",\"description\":\"Noticias &amp; Contenidos\",\"potentialAction\":[{\"@type\":\"SearchAction\",\"target\":{\"@type\":\"EntryPoint\",\"urlTemplate\":\"https:\/\/marthacifuentes.com\/portada\/?s={search_term_string}\"},\"query-input\":{\"@type\":\"PropertyValueSpecification\",\"valueRequired\":true,\"valueName\":\"search_term_string\"}}],\"inLanguage\":\"es\"},{\"@type\":\"Person\",\"@id\":\"https:\/\/marthacifuentes.com\/portada\/#\/schema\/person\/57f53174b991db5f90ff78d58502b714\",\"name\":\"Martha Cifuentes\",\"image\":{\"@type\":\"ImageObject\",\"inLanguage\":\"es\",\"@id\":\"https:\/\/marthacifuentes.com\/portada\/#\/schema\/person\/image\/\",\"url\":\"http:\/\/marthacifuentes.com\/portada\/wp-content\/uploads\/2018\/06\/avatar_user_2_1528838701-96x96.jpg\",\"contentUrl\":\"http:\/\/marthacifuentes.com\/portada\/wp-content\/uploads\/2018\/06\/avatar_user_2_1528838701-96x96.jpg\",\"caption\":\"Martha Cifuentes\"},\"sameAs\":[\"http:\/\/www.marthacifuentes.com\"],\"url\":\"https:\/\/marthacifuentes.com\/portada\/author\/martha\/\"}]}<\/script>\n<!-- \/ Yoast SEO plugin. -->","yoast_head_json":{"title":"Cumbre Empresarial Orinoqu\u00eda\u2013China: Se busca resultados por encima de ideolog\u00edas pol\u00edticas - \u25b7 Noticias de Casanare : Martha Cifuentes | Casanare","robots":{"index":"index","follow":"follow","max-snippet":"max-snippet:-1","max-image-preview":"max-image-preview:large","max-video-preview":"max-video-preview:-1"},"canonical":"https:\/\/marthacifuentes.com\/portada\/cumbre-empresarial-orinoquia-china-se-busca-resultados-por-encima-de-ideologias-politicas\/","og_locale":"es_ES","og_type":"article","og_title":"Cumbre Empresarial Orinoqu\u00eda\u2013China: Se busca resultados por encima de ideolog\u00edas pol\u00edticas - \u25b7 Noticias de Casanare : Martha Cifuentes | Casanare","og_description":"Con la asistencia de m\u00e1s de 350 personas y transmisi\u00f3n en vivo por el Canal del Congreso, concluy\u00f3 en Yopal la hist\u00f3rica cumbre empresarial \u201cOrinoqu\u00eda Global: Convergencia con China\u201d, consolidando a la regi\u00f3n como epicentro de negocios y cooperaci\u00f3n internacional. El encuentro, liderado por la senadora Sonia Bernal y con participaci\u00f3n de delegaciones de los &hellip;","og_url":"https:\/\/marthacifuentes.com\/portada\/cumbre-empresarial-orinoquia-china-se-busca-resultados-por-encima-de-ideologias-politicas\/","og_site_name":"\u25b7 Noticias de Casanare : Martha Cifuentes | Casanare","article_published_time":"2025-09-19T16:01:44+00:00","og_image":[{"width":1600,"height":720,"url":"https:\/\/marthacifuentes.com\/portada\/wp-content\/uploads\/2025\/09\/WhatsApp-Image-2025-09-19-at-10.58.37-AM.jpeg","type":"image\/jpeg"}],"author":"Martha Cifuentes","twitter_card":"summary_large_image","twitter_misc":{"Escrito por":"Martha Cifuentes","Tiempo de lectura":"4 minutos"},"schema":{"@context":"https:\/\/schema.org","@graph":[{"@type":"WebPage","@id":"https:\/\/marthacifuentes.com\/portada\/cumbre-empresarial-orinoquia-china-se-busca-resultados-por-encima-de-ideologias-politicas\/","url":"https:\/\/marthacifuentes.com\/portada\/cumbre-empresarial-orinoquia-china-se-busca-resultados-por-encima-de-ideologias-politicas\/","name":"Cumbre Empresarial Orinoqu\u00eda\u2013China: Se busca resultados por encima de ideolog\u00edas pol\u00edticas - \u25b7 Noticias de Casanare : Martha Cifuentes | Casanare","isPartOf":{"@id":"https:\/\/marthacifuentes.com\/portada\/#website"},"primaryImageOfPage":{"@id":"https:\/\/marthacifuentes.com\/portada\/cumbre-empresarial-orinoquia-china-se-busca-resultados-por-encima-de-ideologias-politicas\/#primaryimage"},"image":{"@id":"https:\/\/marthacifuentes.com\/portada\/cumbre-empresarial-orinoquia-china-se-busca-resultados-por-encima-de-ideologias-politicas\/#primaryimage"},"thumbnailUrl":"https:\/\/marthacifuentes.com\/portada\/wp-content\/uploads\/2025\/09\/WhatsApp-Image-2025-09-19-at-10.58.37-AM.jpeg","datePublished":"2025-09-19T16:01:44+00:00","author":{"@id":"https:\/\/marthacifuentes.com\/portada\/#\/schema\/person\/57f53174b991db5f90ff78d58502b714"},"breadcrumb":{"@id":"https:\/\/marthacifuentes.com\/portada\/cumbre-empresarial-orinoquia-china-se-busca-resultados-por-encima-de-ideologias-politicas\/#breadcrumb"},"inLanguage":"es","potentialAction":[{"@type":"ReadAction","target":["https:\/\/marthacifuentes.com\/portada\/cumbre-empresarial-orinoquia-china-se-busca-resultados-por-encima-de-ideologias-politicas\/"]}]},{"@type":"ImageObject","inLanguage":"es","@id":"https:\/\/marthacifuentes.com\/portada\/cumbre-empresarial-orinoquia-china-se-busca-resultados-por-encima-de-ideologias-politicas\/#primaryimage","url":"https:\/\/marthacifuentes.com\/portada\/wp-content\/uploads\/2025\/09\/WhatsApp-Image-2025-09-19-at-10.58.37-AM.jpeg","contentUrl":"https:\/\/marthacifuentes.com\/portada\/wp-content\/uploads\/2025\/09\/WhatsApp-Image-2025-09-19-at-10.58.37-AM.jpeg","width":1600,"height":720},{"@type":"BreadcrumbList","@id":"https:\/\/marthacifuentes.com\/portada\/cumbre-empresarial-orinoquia-china-se-busca-resultados-por-encima-de-ideologias-politicas\/#breadcrumb","itemListElement":[{"@type":"ListItem","position":1,"name":"Portada","item":"https:\/\/marthacifuentes.com\/portada\/"},{"@type":"ListItem","position":2,"name":"Cumbre Empresarial Orinoqu\u00eda\u2013China: Se busca resultados por encima de ideolog\u00edas pol\u00edticas"}]},{"@type":"WebSite","@id":"https:\/\/marthacifuentes.com\/portada\/#website","url":"https:\/\/marthacifuentes.com\/portada\/","name":"\u25b7 Noticias de Casanare : Martha Cifuentes | Casanare","description":"Noticias &amp; Contenidos","potentialAction":[{"@type":"SearchAction","target":{"@type":"EntryPoint","urlTemplate":"https:\/\/marthacifuentes.com\/portada\/?s={search_term_string}"},"query-input":{"@type":"PropertyValueSpecification","valueRequired":true,"valueName":"search_term_string"}}],"inLanguage":"es"},{"@type":"Person","@id":"https:\/\/marthacifuentes.com\/portada\/#\/schema\/person\/57f53174b991db5f90ff78d58502b714","name":"Martha Cifuentes","image":{"@type":"ImageObject","inLanguage":"es","@id":"https:\/\/marthacifuentes.com\/portada\/#\/schema\/person\/image\/","url":"http:\/\/marthacifuentes.com\/portada\/wp-content\/uploads\/2018\/06\/avatar_user_2_1528838701-96x96.jpg","contentUrl":"http:\/\/marthacifuentes.com\/portada\/wp-content\/uploads\/2018\/06\/avatar_user_2_1528838701-96x96.jpg","caption":"Martha Cifuentes"},"sameAs":["http:\/\/www.marthacifuentes.com"],"url":"https:\/\/marthacifuentes.com\/portada\/author\/martha\/"}]}},"_links":{"self":[{"href":"https:\/\/marthacifuentes.com\/portada\/wp-json\/wp\/v2\/posts\/38979","targetHints":{"allow":["GET"]}}],"collection":[{"href":"https:\/\/marthacifuentes.com\/portada\/wp-json\/wp\/v2\/posts"}],"about":[{"href":"https:\/\/marthacifuentes.com\/portada\/wp-json\/wp\/v2\/types\/post"}],"author":[{"embeddable":true,"href":"https:\/\/marthacifuentes.com\/portada\/wp-json\/wp\/v2\/users\/2"}],"replies":[{"embeddable":true,"href":"https:\/\/marthacifuentes.com\/portada\/wp-json\/wp\/v2\/comments?post=38979"}],"version-history":[{"count":1,"href":"https:\/\/marthacifuentes.com\/portada\/wp-json\/wp\/v2\/posts\/38979\/revisions"}],"predecessor-version":[{"id":38986,"href":"https:\/\/marthacifuentes.com\/portada\/wp-json\/wp\/v2\/posts\/38979\/revisions\/38986"}],"wp:featuredmedia":[{"embeddable":true,"href":"https:\/\/marthacifuentes.com\/portada\/wp-json\/wp\/v2\/media\/38982"}],"wp:attachment":[{"href":"https:\/\/marthacifuentes.com\/portada\/wp-json\/wp\/v2\/media?parent=38979"}],"wp:term":[{"taxonomy":"category","embeddable":true,"href":"https:\/\/marthacifuentes.com\/portada\/wp-json\/wp\/v2\/categories?post=38979"},{"taxonomy":"post_tag","embeddable":true,"href":"https:\/\/marthacifuentes.com\/portada\/wp-json\/wp\/v2\/tags?post=38979"}],"curies":[{"name":"wp","href":"https:\/\/api.w.org\/{rel}","templated":true}]}}