{"id":38987,"date":"2025-09-19T16:34:24","date_gmt":"2025-09-19T21:34:24","guid":{"rendered":"https:\/\/marthacifuentes.com\/portada\/?p=38987"},"modified":"2025-09-19T16:34:24","modified_gmt":"2025-09-19T21:34:24","slug":"98-aspirantes-siguen-en-la-carrera-por-la-contraloria-de-casanare-25-quedaron-por-fuera-de-la-convocatoria","status":"publish","type":"post","link":"https:\/\/marthacifuentes.com\/portada\/98-aspirantes-siguen-en-la-carrera-por-la-contraloria-de-casanare-25-quedaron-por-fuera-de-la-convocatoria\/","title":{"rendered":"98 aspirantes siguen en la carrera por la Contralor\u00eda de Casanare. 25 quedaron por fuera de la convocatoria."},"content":{"rendered":"<p>La Asamblea Departamental de Casanare expidi\u00f3 este viernes 19 de septiembre el listado definitivo de admitidos y no admitidos en la convocatoria para elegir al nuevo contralor departamental. De los <strong>123 aspirantes<\/strong>, <strong>25 fueron excluidos<\/strong> y <strong>98 contin\u00faan en competencia<\/strong>.<\/p>\n<p>La verificaci\u00f3n de requisitos estuvo a cargo de la <strong>Comisi\u00f3n Accidental<\/strong>, integrada por los diputados <strong>Henry Jhoneey P\u00e9rez Hern\u00e1ndez, Marisela Duarte Rodr\u00edguez y Germ\u00e1n Alonso Pinz\u00f3n Jim\u00e9nez<\/strong>, todos del <strong>partido Centro Democr\u00e1tico<\/strong>.<\/p>\n<p><img loading=\"lazy\" decoding=\"async\" class=\"size-full wp-image-38989 aligncenter\" src=\"https:\/\/marthacifuentes.com\/portada\/wp-content\/uploads\/2025\/09\/admitidos-asamblea.png\" alt=\"\" width=\"567\" height=\"612\" srcset=\"https:\/\/marthacifuentes.com\/portada\/wp-content\/uploads\/2025\/09\/admitidos-asamblea.png 567w, https:\/\/marthacifuentes.com\/portada\/wp-content\/uploads\/2025\/09\/admitidos-asamblea-278x300.png 278w\" sizes=\"auto, (max-width: 567px) 100vw, 567px\" \/><\/p>\n<p>&nbsp;<\/p>\n<h4><strong>Controversias en el proceso<\/strong><\/h4>\n<p>La convocatoria ha sido objeto de cr\u00edticas por la <strong>elecci\u00f3n de la Universidad de Cartagena<\/strong> como instituci\u00f3n encargada de adelantar el concurso. Sectores pol\u00edticos y sociales cuestionan la falta de transparencia y pluralidad en el procedimiento que llev\u00f3 a designar a esta universidad como entidad de apoyo.<\/p>\n<p>Pese a los cuestionamientos, la Asamblea ratific\u00f3 que la <strong>prueba de conocimientos<\/strong> ser\u00e1 aplicada por esta instituci\u00f3n el pr\u00f3ximo <strong>9 de octubre<\/strong>, en cumplimiento del cronograma.<\/p>\n<p>&nbsp;<\/p>\n<h4><strong>Lo que viene<\/strong><\/h4>\n<p>Tras la aplicaci\u00f3n del examen, se proceder\u00e1 a la valoraci\u00f3n de antecedentes y a la consolidaci\u00f3n de puntajes, lo que definir\u00e1 qui\u00e9nes avanzar\u00e1n a la etapa final de entrevistas y elecci\u00f3n.<\/p>\n<p>El contralor departamental ser\u00e1 el encargado de vigilar el uso de los recursos p\u00fablicos en Casanare durante los pr\u00f3ximos cuatro a\u00f1os.<\/p>\n<p>&nbsp;<\/p>\n<h4><strong>Datos r\u00e1pidos<\/strong><\/h4>\n<ul>\n<li><strong>Total inscritos:<\/strong> 123<\/li>\n<li><strong>Admitidos:<\/strong> 98<\/li>\n<li><strong>Excluidos:<\/strong> 25<\/li>\n<li><strong>Comisi\u00f3n evaluadora:<\/strong> P\u00e9rez, Duarte y Pinz\u00f3n (Centro Democr\u00e1tico)<\/li>\n<li><strong>Entidad de apoyo:<\/strong> Universidad de Cartagena (elecci\u00f3n cuestionada)<\/li>\n<li><strong>Prueba de conocimientos:<\/strong> 9 de octubre<\/li>\n<\/ul>\n<p><strong><a href=\"https:\/\/marthacifuentes.com\/portada\/wp-content\/uploads\/2025\/09\/56744_listado-definitivo-de-admitidos-y-no-admitidos.pdf\">Listado-definitivo-de-admitidos-y-no-admitidos<\/a><\/strong><\/p>\n","protected":false},"excerpt":{"rendered":"<p>La Asamblea Departamental de Casanare expidi\u00f3 este viernes 19 de septiembre el listado definitivo de admitidos y no admitidos en la convocatoria para elegir al nuevo contralor departamental. De los 123 aspirantes, 25 fueron excluidos y 98 contin\u00faan en competencia. La verificaci\u00f3n de requisitos estuvo a cargo de la Comisi\u00f3n Accidental, integrada por los diputados &hellip;<\/p>\n","protected":false},"author":2,"featured_media":38990,"comment_status":"open","ping_status":"open","sticky":false,"template":"","format":"standard","meta":{"om_disable_all_campaigns":false,"_exactmetrics_skip_tracking":false,"_exactmetrics_sitenote_active":false,"_exactmetrics_sitenote_note":"","_exactmetrics_sitenote_category":0,"_monsterinsights_skip_tracking":false,"_monsterinsights_sitenote_active":false,"_monsterinsights_sitenote_note":"","_monsterinsights_sitenote_category":0,"_uf_show_specific_survey":0,"_uf_disable_surveys":false,"_joinchat":[],"footnotes":""},"categories":[147,146,145],"tags":[9126,14680,154,195,14295,14283,7621,14689,14679,14686,14678,14682,14681,14684,14685,14286,14687,14688,14683,11310,157],"class_list":["post-38987","post","type-post","status-publish","format-standard","has-post-thumbnail","hentry","category-actualidad","category-noticias","category-reportajes","tag-asamblea-departamental-de-casanare","tag-aspirantes-contraloria","tag-casanare","tag-centro-democratico","tag-comision-accidental","tag-contralor-departamental","tag-contraloria-de-casanare","tag-control-fiscal-casanare","tag-convocatoria-contralor","tag-eleccion-contralor-2025","tag-eleccion-contralor-casanare","tag-german-alonso-pinzon-jimenez","tag-henry-jhoneey-perez-hernandez","tag-listado-admitidos-contraloria","tag-listado-no-admitidos-contraloria","tag-marisela-duarte-rodriguez","tag-polemica-universidad-de-cartagena","tag-proceso-de-eleccion-contraloria","tag-prueba-de-conocimientos","tag-universidad-de-cartagena","tag-yopal"],"yoast_head":"<!-- This site is optimized with the Yoast SEO plugin v26.1 - https:\/\/yoast.com\/wordpress\/plugins\/seo\/ -->\n<title>98 aspirantes siguen en la carrera por la Contralor\u00eda de Casanare. 25 quedaron por fuera de la convocatoria. - \u25b7 Noticias de Casanare : Martha Cifuentes | Casanare<\/title>\n<meta name=\"robots\" content=\"index, follow, max-snippet:-1, max-image-preview:large, max-video-preview:-1\" \/>\n<link rel=\"canonical\" href=\"https:\/\/marthacifuentes.com\/portada\/98-aspirantes-siguen-en-la-carrera-por-la-contraloria-de-casanare-25-quedaron-por-fuera-de-la-convocatoria\/\" \/>\n<meta property=\"og:locale\" content=\"es_ES\" \/>\n<meta property=\"og:type\" content=\"article\" \/>\n<meta property=\"og:title\" content=\"98 aspirantes siguen en la carrera por la Contralor\u00eda de Casanare. 25 quedaron por fuera de la convocatoria. - \u25b7 Noticias de Casanare : Martha Cifuentes | Casanare\" \/>\n<meta property=\"og:description\" content=\"La Asamblea Departamental de Casanare expidi\u00f3 este viernes 19 de septiembre el listado definitivo de admitidos y no admitidos en la convocatoria para elegir al nuevo contralor departamental. De los 123 aspirantes, 25 fueron excluidos y 98 contin\u00faan en competencia. La verificaci\u00f3n de requisitos estuvo a cargo de la Comisi\u00f3n Accidental, integrada por los diputados &hellip;\" \/>\n<meta property=\"og:url\" content=\"https:\/\/marthacifuentes.com\/portada\/98-aspirantes-siguen-en-la-carrera-por-la-contraloria-de-casanare-25-quedaron-por-fuera-de-la-convocatoria\/\" \/>\n<meta property=\"og:site_name\" content=\"\u25b7 Noticias de Casanare : Martha Cifuentes | Casanare\" \/>\n<meta property=\"article:published_time\" content=\"2025-09-19T21:34:24+00:00\" \/>\n<meta property=\"og:image\" content=\"https:\/\/marthacifuentes.com\/portada\/wp-content\/uploads\/2025\/09\/convocatoria-contralor-casanare.png\" \/>\n\t<meta property=\"og:image:width\" content=\"567\" \/>\n\t<meta property=\"og:image:height\" content=\"260\" \/>\n\t<meta property=\"og:image:type\" content=\"image\/png\" \/>\n<meta name=\"author\" content=\"Martha Cifuentes\" \/>\n<meta name=\"twitter:card\" content=\"summary_large_image\" \/>\n<meta name=\"twitter:label1\" content=\"Escrito por\" \/>\n\t<meta name=\"twitter:data1\" content=\"Martha Cifuentes\" \/>\n\t<meta name=\"twitter:label2\" content=\"Tiempo de lectura\" \/>\n\t<meta name=\"twitter:data2\" content=\"2 minutos\" \/>\n<script type=\"application\/ld+json\" class=\"yoast-schema-graph\">{\"@context\":\"https:\/\/schema.org\",\"@graph\":[{\"@type\":\"WebPage\",\"@id\":\"https:\/\/marthacifuentes.com\/portada\/98-aspirantes-siguen-en-la-carrera-por-la-contraloria-de-casanare-25-quedaron-por-fuera-de-la-convocatoria\/\",\"url\":\"https:\/\/marthacifuentes.com\/portada\/98-aspirantes-siguen-en-la-carrera-por-la-contraloria-de-casanare-25-quedaron-por-fuera-de-la-convocatoria\/\",\"name\":\"98 aspirantes siguen en la carrera por la Contralor\u00eda de Casanare. 25 quedaron por fuera de la convocatoria. - \u25b7 Noticias de Casanare : Martha Cifuentes | Casanare\",\"isPartOf\":{\"@id\":\"https:\/\/marthacifuentes.com\/portada\/#website\"},\"primaryImageOfPage\":{\"@id\":\"https:\/\/marthacifuentes.com\/portada\/98-aspirantes-siguen-en-la-carrera-por-la-contraloria-de-casanare-25-quedaron-por-fuera-de-la-convocatoria\/#primaryimage\"},\"image\":{\"@id\":\"https:\/\/marthacifuentes.com\/portada\/98-aspirantes-siguen-en-la-carrera-por-la-contraloria-de-casanare-25-quedaron-por-fuera-de-la-convocatoria\/#primaryimage\"},\"thumbnailUrl\":\"https:\/\/marthacifuentes.com\/portada\/wp-content\/uploads\/2025\/09\/convocatoria-contralor-casanare.png\",\"datePublished\":\"2025-09-19T21:34:24+00:00\",\"author\":{\"@id\":\"https:\/\/marthacifuentes.com\/portada\/#\/schema\/person\/57f53174b991db5f90ff78d58502b714\"},\"breadcrumb\":{\"@id\":\"https:\/\/marthacifuentes.com\/portada\/98-aspirantes-siguen-en-la-carrera-por-la-contraloria-de-casanare-25-quedaron-por-fuera-de-la-convocatoria\/#breadcrumb\"},\"inLanguage\":\"es\",\"potentialAction\":[{\"@type\":\"ReadAction\",\"target\":[\"https:\/\/marthacifuentes.com\/portada\/98-aspirantes-siguen-en-la-carrera-por-la-contraloria-de-casanare-25-quedaron-por-fuera-de-la-convocatoria\/\"]}]},{\"@type\":\"ImageObject\",\"inLanguage\":\"es\",\"@id\":\"https:\/\/marthacifuentes.com\/portada\/98-aspirantes-siguen-en-la-carrera-por-la-contraloria-de-casanare-25-quedaron-por-fuera-de-la-convocatoria\/#primaryimage\",\"url\":\"https:\/\/marthacifuentes.com\/portada\/wp-content\/uploads\/2025\/09\/convocatoria-contralor-casanare.png\",\"contentUrl\":\"https:\/\/marthacifuentes.com\/portada\/wp-content\/uploads\/2025\/09\/convocatoria-contralor-casanare.png\",\"width\":567,\"height\":260},{\"@type\":\"BreadcrumbList\",\"@id\":\"https:\/\/marthacifuentes.com\/portada\/98-aspirantes-siguen-en-la-carrera-por-la-contraloria-de-casanare-25-quedaron-por-fuera-de-la-convocatoria\/#breadcrumb\",\"itemListElement\":[{\"@type\":\"ListItem\",\"position\":1,\"name\":\"Portada\",\"item\":\"https:\/\/marthacifuentes.com\/portada\/\"},{\"@type\":\"ListItem\",\"position\":2,\"name\":\"98 aspirantes siguen en la carrera por la Contralor\u00eda de Casanare. 25 quedaron por fuera de la convocatoria.\"}]},{\"@type\":\"WebSite\",\"@id\":\"https:\/\/marthacifuentes.com\/portada\/#website\",\"url\":\"https:\/\/marthacifuentes.com\/portada\/\",\"name\":\"\u25b7 Noticias de Casanare : Martha Cifuentes | Casanare\",\"description\":\"Noticias &amp; Contenidos\",\"potentialAction\":[{\"@type\":\"SearchAction\",\"target\":{\"@type\":\"EntryPoint\",\"urlTemplate\":\"https:\/\/marthacifuentes.com\/portada\/?s={search_term_string}\"},\"query-input\":{\"@type\":\"PropertyValueSpecification\",\"valueRequired\":true,\"valueName\":\"search_term_string\"}}],\"inLanguage\":\"es\"},{\"@type\":\"Person\",\"@id\":\"https:\/\/marthacifuentes.com\/portada\/#\/schema\/person\/57f53174b991db5f90ff78d58502b714\",\"name\":\"Martha Cifuentes\",\"image\":{\"@type\":\"ImageObject\",\"inLanguage\":\"es\",\"@id\":\"https:\/\/marthacifuentes.com\/portada\/#\/schema\/person\/image\/\",\"url\":\"http:\/\/marthacifuentes.com\/portada\/wp-content\/uploads\/2018\/06\/avatar_user_2_1528838701-96x96.jpg\",\"contentUrl\":\"http:\/\/marthacifuentes.com\/portada\/wp-content\/uploads\/2018\/06\/avatar_user_2_1528838701-96x96.jpg\",\"caption\":\"Martha Cifuentes\"},\"sameAs\":[\"http:\/\/www.marthacifuentes.com\"],\"url\":\"https:\/\/marthacifuentes.com\/portada\/author\/martha\/\"}]}<\/script>\n<!-- \/ Yoast SEO plugin. -->","yoast_head_json":{"title":"98 aspirantes siguen en la carrera por la Contralor\u00eda de Casanare. 25 quedaron por fuera de la convocatoria. - \u25b7 Noticias de Casanare : Martha Cifuentes | Casanare","robots":{"index":"index","follow":"follow","max-snippet":"max-snippet:-1","max-image-preview":"max-image-preview:large","max-video-preview":"max-video-preview:-1"},"canonical":"https:\/\/marthacifuentes.com\/portada\/98-aspirantes-siguen-en-la-carrera-por-la-contraloria-de-casanare-25-quedaron-por-fuera-de-la-convocatoria\/","og_locale":"es_ES","og_type":"article","og_title":"98 aspirantes siguen en la carrera por la Contralor\u00eda de Casanare. 25 quedaron por fuera de la convocatoria. - \u25b7 Noticias de Casanare : Martha Cifuentes | Casanare","og_description":"La Asamblea Departamental de Casanare expidi\u00f3 este viernes 19 de septiembre el listado definitivo de admitidos y no admitidos en la convocatoria para elegir al nuevo contralor departamental. De los 123 aspirantes, 25 fueron excluidos y 98 contin\u00faan en competencia. La verificaci\u00f3n de requisitos estuvo a cargo de la Comisi\u00f3n Accidental, integrada por los diputados &hellip;","og_url":"https:\/\/marthacifuentes.com\/portada\/98-aspirantes-siguen-en-la-carrera-por-la-contraloria-de-casanare-25-quedaron-por-fuera-de-la-convocatoria\/","og_site_name":"\u25b7 Noticias de Casanare : Martha Cifuentes | Casanare","article_published_time":"2025-09-19T21:34:24+00:00","og_image":[{"width":567,"height":260,"url":"https:\/\/marthacifuentes.com\/portada\/wp-content\/uploads\/2025\/09\/convocatoria-contralor-casanare.png","type":"image\/png"}],"author":"Martha Cifuentes","twitter_card":"summary_large_image","twitter_misc":{"Escrito por":"Martha Cifuentes","Tiempo de lectura":"2 minutos"},"schema":{"@context":"https:\/\/schema.org","@graph":[{"@type":"WebPage","@id":"https:\/\/marthacifuentes.com\/portada\/98-aspirantes-siguen-en-la-carrera-por-la-contraloria-de-casanare-25-quedaron-por-fuera-de-la-convocatoria\/","url":"https:\/\/marthacifuentes.com\/portada\/98-aspirantes-siguen-en-la-carrera-por-la-contraloria-de-casanare-25-quedaron-por-fuera-de-la-convocatoria\/","name":"98 aspirantes siguen en la carrera por la Contralor\u00eda de Casanare. 25 quedaron por fuera de la convocatoria. - \u25b7 Noticias de Casanare : Martha Cifuentes | Casanare","isPartOf":{"@id":"https:\/\/marthacifuentes.com\/portada\/#website"},"primaryImageOfPage":{"@id":"https:\/\/marthacifuentes.com\/portada\/98-aspirantes-siguen-en-la-carrera-por-la-contraloria-de-casanare-25-quedaron-por-fuera-de-la-convocatoria\/#primaryimage"},"image":{"@id":"https:\/\/marthacifuentes.com\/portada\/98-aspirantes-siguen-en-la-carrera-por-la-contraloria-de-casanare-25-quedaron-por-fuera-de-la-convocatoria\/#primaryimage"},"thumbnailUrl":"https:\/\/marthacifuentes.com\/portada\/wp-content\/uploads\/2025\/09\/convocatoria-contralor-casanare.png","datePublished":"2025-09-19T21:34:24+00:00","author":{"@id":"https:\/\/marthacifuentes.com\/portada\/#\/schema\/person\/57f53174b991db5f90ff78d58502b714"},"breadcrumb":{"@id":"https:\/\/marthacifuentes.com\/portada\/98-aspirantes-siguen-en-la-carrera-por-la-contraloria-de-casanare-25-quedaron-por-fuera-de-la-convocatoria\/#breadcrumb"},"inLanguage":"es","potentialAction":[{"@type":"ReadAction","target":["https:\/\/marthacifuentes.com\/portada\/98-aspirantes-siguen-en-la-carrera-por-la-contraloria-de-casanare-25-quedaron-por-fuera-de-la-convocatoria\/"]}]},{"@type":"ImageObject","inLanguage":"es","@id":"https:\/\/marthacifuentes.com\/portada\/98-aspirantes-siguen-en-la-carrera-por-la-contraloria-de-casanare-25-quedaron-por-fuera-de-la-convocatoria\/#primaryimage","url":"https:\/\/marthacifuentes.com\/portada\/wp-content\/uploads\/2025\/09\/convocatoria-contralor-casanare.png","contentUrl":"https:\/\/marthacifuentes.com\/portada\/wp-content\/uploads\/2025\/09\/convocatoria-contralor-casanare.png","width":567,"height":260},{"@type":"BreadcrumbList","@id":"https:\/\/marthacifuentes.com\/portada\/98-aspirantes-siguen-en-la-carrera-por-la-contraloria-de-casanare-25-quedaron-por-fuera-de-la-convocatoria\/#breadcrumb","itemListElement":[{"@type":"ListItem","position":1,"name":"Portada","item":"https:\/\/marthacifuentes.com\/portada\/"},{"@type":"ListItem","position":2,"name":"98 aspirantes siguen en la carrera por la Contralor\u00eda de Casanare. 25 quedaron por fuera de la convocatoria."}]},{"@type":"WebSite","@id":"https:\/\/marthacifuentes.com\/portada\/#website","url":"https:\/\/marthacifuentes.com\/portada\/","name":"\u25b7 Noticias de Casanare : Martha Cifuentes | Casanare","description":"Noticias &amp; Contenidos","potentialAction":[{"@type":"SearchAction","target":{"@type":"EntryPoint","urlTemplate":"https:\/\/marthacifuentes.com\/portada\/?s={search_term_string}"},"query-input":{"@type":"PropertyValueSpecification","valueRequired":true,"valueName":"search_term_string"}}],"inLanguage":"es"},{"@type":"Person","@id":"https:\/\/marthacifuentes.com\/portada\/#\/schema\/person\/57f53174b991db5f90ff78d58502b714","name":"Martha Cifuentes","image":{"@type":"ImageObject","inLanguage":"es","@id":"https:\/\/marthacifuentes.com\/portada\/#\/schema\/person\/image\/","url":"http:\/\/marthacifuentes.com\/portada\/wp-content\/uploads\/2018\/06\/avatar_user_2_1528838701-96x96.jpg","contentUrl":"http:\/\/marthacifuentes.com\/portada\/wp-content\/uploads\/2018\/06\/avatar_user_2_1528838701-96x96.jpg","caption":"Martha Cifuentes"},"sameAs":["http:\/\/www.marthacifuentes.com"],"url":"https:\/\/marthacifuentes.com\/portada\/author\/martha\/"}]}},"_links":{"self":[{"href":"https:\/\/marthacifuentes.com\/portada\/wp-json\/wp\/v2\/posts\/38987","targetHints":{"allow":["GET"]}}],"collection":[{"href":"https:\/\/marthacifuentes.com\/portada\/wp-json\/wp\/v2\/posts"}],"about":[{"href":"https:\/\/marthacifuentes.com\/portada\/wp-json\/wp\/v2\/types\/post"}],"author":[{"embeddable":true,"href":"https:\/\/marthacifuentes.com\/portada\/wp-json\/wp\/v2\/users\/2"}],"replies":[{"embeddable":true,"href":"https:\/\/marthacifuentes.com\/portada\/wp-json\/wp\/v2\/comments?post=38987"}],"version-history":[{"count":1,"href":"https:\/\/marthacifuentes.com\/portada\/wp-json\/wp\/v2\/posts\/38987\/revisions"}],"predecessor-version":[{"id":38991,"href":"https:\/\/marthacifuentes.com\/portada\/wp-json\/wp\/v2\/posts\/38987\/revisions\/38991"}],"wp:featuredmedia":[{"embeddable":true,"href":"https:\/\/marthacifuentes.com\/portada\/wp-json\/wp\/v2\/media\/38990"}],"wp:attachment":[{"href":"https:\/\/marthacifuentes.com\/portada\/wp-json\/wp\/v2\/media?parent=38987"}],"wp:term":[{"taxonomy":"category","embeddable":true,"href":"https:\/\/marthacifuentes.com\/portada\/wp-json\/wp\/v2\/categories?post=38987"},{"taxonomy":"post_tag","embeddable":true,"href":"https:\/\/marthacifuentes.com\/portada\/wp-json\/wp\/v2\/tags?post=38987"}],"curies":[{"name":"wp","href":"https:\/\/api.w.org\/{rel}","templated":true}]}}