{"id":39023,"date":"2025-09-25T18:09:10","date_gmt":"2025-09-25T23:09:10","guid":{"rendered":"https:\/\/marthacifuentes.com\/portada\/?p=39023"},"modified":"2025-09-25T18:09:10","modified_gmt":"2025-09-25T23:09:10","slug":"el-enemigo-silencioso-una-senal-que-pudo-anticipar-el-feminicidio-de-fidelia-en-yopal","status":"publish","type":"post","link":"https:\/\/marthacifuentes.com\/portada\/el-enemigo-silencioso-una-senal-que-pudo-anticipar-el-feminicidio-de-fidelia-en-yopal\/","title":{"rendered":"El enemigo silencioso: una se\u00f1al que pudo anticipar el feminicidio de Fidelia en Yopal"},"content":{"rendered":"<p>La comunidad de Yopal, Casanare, est\u00e1 consternada por un nuevo caso de feminicidio ocurrido la madrugada de hoy 25 de septiembre de 2025. En la finca <em>\u201cLos Tres Potrillos\u201d<\/em>, vereda San Rafael de Morichal (zona rural de Yopal), Fidelia Tarache Tumay, de 50 a\u00f1os, fue atacada con arma blanca y asesinada presuntamente por su esposo.<\/p>\n<p>El agresor encerr\u00f3 a las hijas y al yerno de la pareja en una habitaci\u00f3n, amarrando la puerta con cables para impedir que intervinieran, seg\u00fan relataron familiares.<\/p>\n<p>Horas m\u00e1s tarde fue capturado en flagrancia por la Polic\u00eda en un operativo de \u201cplan candado\u201d en la v\u00eda Marginal, a la altura del corregimiento La Chaparrera (Yopal).<\/p>\n<p>&nbsp;<\/p>\n<h4><strong>Celos y control: una se\u00f1al ignorada<\/strong><\/h4>\n<p>Un <strong>detalle especialmente preocupante<\/strong> de este caso es que el presunto victimario <strong>no ten\u00eda antecedentes de comportamientos agresivos visibles<\/strong>, aunque s\u00ed manifestaba constantes <strong>actitudes de celos<\/strong> hacia su pareja, de acuerdo con testimonios de allegados.<\/p>\n<p>Esto pone de relieve c\u00f3mo <strong>conductas posesivas o de control<\/strong> \u2013aunque no se traduzcan inicialmente en maltrato f\u00edsico\u2013 pueden ser indicio de un peligro latente que muchas veces pasa desapercibido.<\/p>\n<p>En otras palabras, la ausencia de violencia f\u00edsica previa <strong>no descarta la existencia de violencia psicol\u00f3gica<\/strong>; celopat\u00eda, las amenazas veladas o el control sobre la v\u00edctima pueden escalar s\u00fabitamente en agresiones letales si no se toman en serio.<\/p>\n<p>La psic\u00f3loga social <strong>Alba Centauri<\/strong> se\u00f1ala que en muchas relaciones abusivas la primera etapa es la <strong>violencia emocional<\/strong>, donde el agresor socava la autoestima de la v\u00edctima, limita sus v\u00ednculos sociales y controla sus actividades (<em>El Tiempo<\/em>). La normalizaci\u00f3n de estas conductas es el mayor riesgo: <em>\u201cSi uno piensa que conductas violentas son celos y que esos celos son parte del pensamiento amoroso, no sales de ah\u00ed\u201d<\/em>, advierte.<\/p>\n<p>En el caso de Fidelia, esa alarma fue subestimada hasta terminar en un desenlace fatal.<\/p>\n<p>&nbsp;<\/p>\n<h4><strong>Feminicidios recientes en Yopal<\/strong><\/h4>\n<p>El asesinato de Fidelia se suma a otros hechos que han marcado a la comunidad:<\/p>\n<ul>\n<li><strong>Jennifer Velandia (23 a\u00f1os)<\/strong>, hallada asesinada en noviembre de 2024.<\/li>\n<li><strong>Leidy Johana Rend\u00f3n (27 a\u00f1os)<\/strong>, cuyos restos aparecieron en octubre de 2023.<\/li>\n<li><strong>Yolennys Jim\u00e9nez (38 a\u00f1os)<\/strong>, v\u00edctima en agosto de 2023.<\/li>\n<\/ul>\n<p>En total, la Fiscal\u00eda report\u00f3 <strong>cuatro feminicidios en Casanare en 2023<\/strong>, todos esclarecidos judicialmente, aunque las familias a\u00fan reclaman justicia plena.<\/p>\n<p>&nbsp;<\/p>\n<h4><strong>Romper la normalizaci\u00f3n<\/strong><\/h4>\n<p>Los <strong>celos obsesivos, las amenazas y el aislamiento<\/strong> no son muestras de cari\u00f1o, sino <strong>indicadores tempranos de violencia de g\u00e9nero<\/strong>. Reconocer estas se\u00f1ales y atenderlas a tiempo es fundamental para prevenir que el <em>enemigo silencioso<\/em> siga cobrando vidas en Yopal.<\/p>\n","protected":false},"excerpt":{"rendered":"<p>La comunidad de Yopal, Casanare, est\u00e1 consternada por un nuevo caso de feminicidio ocurrido la madrugada de hoy 25 de septiembre de 2025. En la finca \u201cLos Tres Potrillos\u201d, vereda San Rafael de Morichal (zona rural de Yopal), Fidelia Tarache Tumay, de 50 a\u00f1os, fue atacada con arma blanca y asesinada presuntamente por su esposo. &hellip;<\/p>\n","protected":false},"author":2,"featured_media":39024,"comment_status":"open","ping_status":"open","sticky":false,"template":"","format":"standard","meta":{"om_disable_all_campaigns":false,"_exactmetrics_skip_tracking":false,"_exactmetrics_sitenote_active":false,"_exactmetrics_sitenote_note":"","_exactmetrics_sitenote_category":0,"_monsterinsights_skip_tracking":false,"_monsterinsights_sitenote_active":false,"_monsterinsights_sitenote_note":"","_monsterinsights_sitenote_category":0,"_uf_show_specific_survey":0,"_uf_disable_surveys":false,"_joinchat":[],"footnotes":""},"categories":[147,146,145],"tags":[14736,14738,14735,14733,1439,14734,14740,14742,11380,14087,14739,302,14737,14741,1376],"class_list":["post-39023","post","type-post","status-publish","format-standard","has-post-thumbnail","hentry","category-actualidad","category-noticias","category-reportajes","tag-celopatia","tag-celos-extremos","tag-enemigo-silencioso","tag-feminicidio-en-yopal","tag-feminicidios-casanare","tag-fidelia-tarache-tumay","tag-jennifer-velandia","tag-justicia-para-las-mujeres","tag-leidy-johana-rendon","tag-ni-una-menos","tag-senales-de-alerta","tag-violencia-de-genero","tag-violencia-psicologica","tag-yolennys-jimenez","tag-yopal-noticias"],"yoast_head":"<!-- This site is optimized with the Yoast SEO plugin v26.1 - https:\/\/yoast.com\/wordpress\/plugins\/seo\/ -->\n<title>El enemigo silencioso: una se\u00f1al que pudo anticipar el feminicidio de Fidelia en Yopal - \u25b7 Noticias de Casanare : Martha Cifuentes | Casanare<\/title>\n<meta name=\"robots\" content=\"index, follow, max-snippet:-1, max-image-preview:large, max-video-preview:-1\" \/>\n<link rel=\"canonical\" href=\"https:\/\/marthacifuentes.com\/portada\/el-enemigo-silencioso-una-senal-que-pudo-anticipar-el-feminicidio-de-fidelia-en-yopal\/\" \/>\n<meta property=\"og:locale\" content=\"es_ES\" \/>\n<meta property=\"og:type\" content=\"article\" \/>\n<meta property=\"og:title\" content=\"El enemigo silencioso: una se\u00f1al que pudo anticipar el feminicidio de Fidelia en Yopal - \u25b7 Noticias de Casanare : Martha Cifuentes | Casanare\" \/>\n<meta property=\"og:description\" content=\"La comunidad de Yopal, Casanare, est\u00e1 consternada por un nuevo caso de feminicidio ocurrido la madrugada de hoy 25 de septiembre de 2025. En la finca \u201cLos Tres Potrillos\u201d, vereda San Rafael de Morichal (zona rural de Yopal), Fidelia Tarache Tumay, de 50 a\u00f1os, fue atacada con arma blanca y asesinada presuntamente por su esposo. &hellip;\" \/>\n<meta property=\"og:url\" content=\"https:\/\/marthacifuentes.com\/portada\/el-enemigo-silencioso-una-senal-que-pudo-anticipar-el-feminicidio-de-fidelia-en-yopal\/\" \/>\n<meta property=\"og:site_name\" content=\"\u25b7 Noticias de Casanare : Martha Cifuentes | Casanare\" \/>\n<meta property=\"article:published_time\" content=\"2025-09-25T23:09:10+00:00\" \/>\n<meta property=\"og:image\" content=\"https:\/\/marthacifuentes.com\/portada\/wp-content\/uploads\/2025\/09\/554566806_1368601958600851_4337428450150858965_n.jpg\" \/>\n\t<meta property=\"og:image:width\" content=\"519\" \/>\n\t<meta property=\"og:image:height\" content=\"309\" \/>\n\t<meta property=\"og:image:type\" content=\"image\/jpeg\" \/>\n<meta name=\"author\" content=\"Martha Cifuentes\" \/>\n<meta name=\"twitter:card\" content=\"summary_large_image\" \/>\n<meta name=\"twitter:label1\" content=\"Escrito por\" \/>\n\t<meta name=\"twitter:data1\" content=\"Martha Cifuentes\" \/>\n\t<meta name=\"twitter:label2\" content=\"Tiempo de lectura\" \/>\n\t<meta name=\"twitter:data2\" content=\"3 minutos\" \/>\n<script type=\"application\/ld+json\" class=\"yoast-schema-graph\">{\"@context\":\"https:\/\/schema.org\",\"@graph\":[{\"@type\":\"WebPage\",\"@id\":\"https:\/\/marthacifuentes.com\/portada\/el-enemigo-silencioso-una-senal-que-pudo-anticipar-el-feminicidio-de-fidelia-en-yopal\/\",\"url\":\"https:\/\/marthacifuentes.com\/portada\/el-enemigo-silencioso-una-senal-que-pudo-anticipar-el-feminicidio-de-fidelia-en-yopal\/\",\"name\":\"El enemigo silencioso: una se\u00f1al que pudo anticipar el feminicidio de Fidelia en Yopal - \u25b7 Noticias de Casanare : Martha Cifuentes | Casanare\",\"isPartOf\":{\"@id\":\"https:\/\/marthacifuentes.com\/portada\/#website\"},\"primaryImageOfPage\":{\"@id\":\"https:\/\/marthacifuentes.com\/portada\/el-enemigo-silencioso-una-senal-que-pudo-anticipar-el-feminicidio-de-fidelia-en-yopal\/#primaryimage\"},\"image\":{\"@id\":\"https:\/\/marthacifuentes.com\/portada\/el-enemigo-silencioso-una-senal-que-pudo-anticipar-el-feminicidio-de-fidelia-en-yopal\/#primaryimage\"},\"thumbnailUrl\":\"https:\/\/marthacifuentes.com\/portada\/wp-content\/uploads\/2025\/09\/554566806_1368601958600851_4337428450150858965_n.jpg\",\"datePublished\":\"2025-09-25T23:09:10+00:00\",\"author\":{\"@id\":\"https:\/\/marthacifuentes.com\/portada\/#\/schema\/person\/57f53174b991db5f90ff78d58502b714\"},\"breadcrumb\":{\"@id\":\"https:\/\/marthacifuentes.com\/portada\/el-enemigo-silencioso-una-senal-que-pudo-anticipar-el-feminicidio-de-fidelia-en-yopal\/#breadcrumb\"},\"inLanguage\":\"es\",\"potentialAction\":[{\"@type\":\"ReadAction\",\"target\":[\"https:\/\/marthacifuentes.com\/portada\/el-enemigo-silencioso-una-senal-que-pudo-anticipar-el-feminicidio-de-fidelia-en-yopal\/\"]}]},{\"@type\":\"ImageObject\",\"inLanguage\":\"es\",\"@id\":\"https:\/\/marthacifuentes.com\/portada\/el-enemigo-silencioso-una-senal-que-pudo-anticipar-el-feminicidio-de-fidelia-en-yopal\/#primaryimage\",\"url\":\"https:\/\/marthacifuentes.com\/portada\/wp-content\/uploads\/2025\/09\/554566806_1368601958600851_4337428450150858965_n.jpg\",\"contentUrl\":\"https:\/\/marthacifuentes.com\/portada\/wp-content\/uploads\/2025\/09\/554566806_1368601958600851_4337428450150858965_n.jpg\",\"width\":519,\"height\":309},{\"@type\":\"BreadcrumbList\",\"@id\":\"https:\/\/marthacifuentes.com\/portada\/el-enemigo-silencioso-una-senal-que-pudo-anticipar-el-feminicidio-de-fidelia-en-yopal\/#breadcrumb\",\"itemListElement\":[{\"@type\":\"ListItem\",\"position\":1,\"name\":\"Portada\",\"item\":\"https:\/\/marthacifuentes.com\/portada\/\"},{\"@type\":\"ListItem\",\"position\":2,\"name\":\"El enemigo silencioso: una se\u00f1al que pudo anticipar el feminicidio de Fidelia en Yopal\"}]},{\"@type\":\"WebSite\",\"@id\":\"https:\/\/marthacifuentes.com\/portada\/#website\",\"url\":\"https:\/\/marthacifuentes.com\/portada\/\",\"name\":\"\u25b7 Noticias de Casanare : Martha Cifuentes | Casanare\",\"description\":\"Noticias &amp; Contenidos\",\"potentialAction\":[{\"@type\":\"SearchAction\",\"target\":{\"@type\":\"EntryPoint\",\"urlTemplate\":\"https:\/\/marthacifuentes.com\/portada\/?s={search_term_string}\"},\"query-input\":{\"@type\":\"PropertyValueSpecification\",\"valueRequired\":true,\"valueName\":\"search_term_string\"}}],\"inLanguage\":\"es\"},{\"@type\":\"Person\",\"@id\":\"https:\/\/marthacifuentes.com\/portada\/#\/schema\/person\/57f53174b991db5f90ff78d58502b714\",\"name\":\"Martha Cifuentes\",\"image\":{\"@type\":\"ImageObject\",\"inLanguage\":\"es\",\"@id\":\"https:\/\/marthacifuentes.com\/portada\/#\/schema\/person\/image\/\",\"url\":\"http:\/\/marthacifuentes.com\/portada\/wp-content\/uploads\/2018\/06\/avatar_user_2_1528838701-96x96.jpg\",\"contentUrl\":\"http:\/\/marthacifuentes.com\/portada\/wp-content\/uploads\/2018\/06\/avatar_user_2_1528838701-96x96.jpg\",\"caption\":\"Martha Cifuentes\"},\"sameAs\":[\"http:\/\/www.marthacifuentes.com\"],\"url\":\"https:\/\/marthacifuentes.com\/portada\/author\/martha\/\"}]}<\/script>\n<!-- \/ Yoast SEO plugin. -->","yoast_head_json":{"title":"El enemigo silencioso: una se\u00f1al que pudo anticipar el feminicidio de Fidelia en Yopal - \u25b7 Noticias de Casanare : Martha Cifuentes | Casanare","robots":{"index":"index","follow":"follow","max-snippet":"max-snippet:-1","max-image-preview":"max-image-preview:large","max-video-preview":"max-video-preview:-1"},"canonical":"https:\/\/marthacifuentes.com\/portada\/el-enemigo-silencioso-una-senal-que-pudo-anticipar-el-feminicidio-de-fidelia-en-yopal\/","og_locale":"es_ES","og_type":"article","og_title":"El enemigo silencioso: una se\u00f1al que pudo anticipar el feminicidio de Fidelia en Yopal - \u25b7 Noticias de Casanare : Martha Cifuentes | Casanare","og_description":"La comunidad de Yopal, Casanare, est\u00e1 consternada por un nuevo caso de feminicidio ocurrido la madrugada de hoy 25 de septiembre de 2025. En la finca \u201cLos Tres Potrillos\u201d, vereda San Rafael de Morichal (zona rural de Yopal), Fidelia Tarache Tumay, de 50 a\u00f1os, fue atacada con arma blanca y asesinada presuntamente por su esposo. &hellip;","og_url":"https:\/\/marthacifuentes.com\/portada\/el-enemigo-silencioso-una-senal-que-pudo-anticipar-el-feminicidio-de-fidelia-en-yopal\/","og_site_name":"\u25b7 Noticias de Casanare : Martha Cifuentes | Casanare","article_published_time":"2025-09-25T23:09:10+00:00","og_image":[{"width":519,"height":309,"url":"https:\/\/marthacifuentes.com\/portada\/wp-content\/uploads\/2025\/09\/554566806_1368601958600851_4337428450150858965_n.jpg","type":"image\/jpeg"}],"author":"Martha Cifuentes","twitter_card":"summary_large_image","twitter_misc":{"Escrito por":"Martha Cifuentes","Tiempo de lectura":"3 minutos"},"schema":{"@context":"https:\/\/schema.org","@graph":[{"@type":"WebPage","@id":"https:\/\/marthacifuentes.com\/portada\/el-enemigo-silencioso-una-senal-que-pudo-anticipar-el-feminicidio-de-fidelia-en-yopal\/","url":"https:\/\/marthacifuentes.com\/portada\/el-enemigo-silencioso-una-senal-que-pudo-anticipar-el-feminicidio-de-fidelia-en-yopal\/","name":"El enemigo silencioso: una se\u00f1al que pudo anticipar el feminicidio de Fidelia en Yopal - \u25b7 Noticias de Casanare : Martha Cifuentes | Casanare","isPartOf":{"@id":"https:\/\/marthacifuentes.com\/portada\/#website"},"primaryImageOfPage":{"@id":"https:\/\/marthacifuentes.com\/portada\/el-enemigo-silencioso-una-senal-que-pudo-anticipar-el-feminicidio-de-fidelia-en-yopal\/#primaryimage"},"image":{"@id":"https:\/\/marthacifuentes.com\/portada\/el-enemigo-silencioso-una-senal-que-pudo-anticipar-el-feminicidio-de-fidelia-en-yopal\/#primaryimage"},"thumbnailUrl":"https:\/\/marthacifuentes.com\/portada\/wp-content\/uploads\/2025\/09\/554566806_1368601958600851_4337428450150858965_n.jpg","datePublished":"2025-09-25T23:09:10+00:00","author":{"@id":"https:\/\/marthacifuentes.com\/portada\/#\/schema\/person\/57f53174b991db5f90ff78d58502b714"},"breadcrumb":{"@id":"https:\/\/marthacifuentes.com\/portada\/el-enemigo-silencioso-una-senal-que-pudo-anticipar-el-feminicidio-de-fidelia-en-yopal\/#breadcrumb"},"inLanguage":"es","potentialAction":[{"@type":"ReadAction","target":["https:\/\/marthacifuentes.com\/portada\/el-enemigo-silencioso-una-senal-que-pudo-anticipar-el-feminicidio-de-fidelia-en-yopal\/"]}]},{"@type":"ImageObject","inLanguage":"es","@id":"https:\/\/marthacifuentes.com\/portada\/el-enemigo-silencioso-una-senal-que-pudo-anticipar-el-feminicidio-de-fidelia-en-yopal\/#primaryimage","url":"https:\/\/marthacifuentes.com\/portada\/wp-content\/uploads\/2025\/09\/554566806_1368601958600851_4337428450150858965_n.jpg","contentUrl":"https:\/\/marthacifuentes.com\/portada\/wp-content\/uploads\/2025\/09\/554566806_1368601958600851_4337428450150858965_n.jpg","width":519,"height":309},{"@type":"BreadcrumbList","@id":"https:\/\/marthacifuentes.com\/portada\/el-enemigo-silencioso-una-senal-que-pudo-anticipar-el-feminicidio-de-fidelia-en-yopal\/#breadcrumb","itemListElement":[{"@type":"ListItem","position":1,"name":"Portada","item":"https:\/\/marthacifuentes.com\/portada\/"},{"@type":"ListItem","position":2,"name":"El enemigo silencioso: una se\u00f1al que pudo anticipar el feminicidio de Fidelia en Yopal"}]},{"@type":"WebSite","@id":"https:\/\/marthacifuentes.com\/portada\/#website","url":"https:\/\/marthacifuentes.com\/portada\/","name":"\u25b7 Noticias de Casanare : Martha Cifuentes | Casanare","description":"Noticias &amp; Contenidos","potentialAction":[{"@type":"SearchAction","target":{"@type":"EntryPoint","urlTemplate":"https:\/\/marthacifuentes.com\/portada\/?s={search_term_string}"},"query-input":{"@type":"PropertyValueSpecification","valueRequired":true,"valueName":"search_term_string"}}],"inLanguage":"es"},{"@type":"Person","@id":"https:\/\/marthacifuentes.com\/portada\/#\/schema\/person\/57f53174b991db5f90ff78d58502b714","name":"Martha Cifuentes","image":{"@type":"ImageObject","inLanguage":"es","@id":"https:\/\/marthacifuentes.com\/portada\/#\/schema\/person\/image\/","url":"http:\/\/marthacifuentes.com\/portada\/wp-content\/uploads\/2018\/06\/avatar_user_2_1528838701-96x96.jpg","contentUrl":"http:\/\/marthacifuentes.com\/portada\/wp-content\/uploads\/2018\/06\/avatar_user_2_1528838701-96x96.jpg","caption":"Martha Cifuentes"},"sameAs":["http:\/\/www.marthacifuentes.com"],"url":"https:\/\/marthacifuentes.com\/portada\/author\/martha\/"}]}},"_links":{"self":[{"href":"https:\/\/marthacifuentes.com\/portada\/wp-json\/wp\/v2\/posts\/39023","targetHints":{"allow":["GET"]}}],"collection":[{"href":"https:\/\/marthacifuentes.com\/portada\/wp-json\/wp\/v2\/posts"}],"about":[{"href":"https:\/\/marthacifuentes.com\/portada\/wp-json\/wp\/v2\/types\/post"}],"author":[{"embeddable":true,"href":"https:\/\/marthacifuentes.com\/portada\/wp-json\/wp\/v2\/users\/2"}],"replies":[{"embeddable":true,"href":"https:\/\/marthacifuentes.com\/portada\/wp-json\/wp\/v2\/comments?post=39023"}],"version-history":[{"count":1,"href":"https:\/\/marthacifuentes.com\/portada\/wp-json\/wp\/v2\/posts\/39023\/revisions"}],"predecessor-version":[{"id":39025,"href":"https:\/\/marthacifuentes.com\/portada\/wp-json\/wp\/v2\/posts\/39023\/revisions\/39025"}],"wp:featuredmedia":[{"embeddable":true,"href":"https:\/\/marthacifuentes.com\/portada\/wp-json\/wp\/v2\/media\/39024"}],"wp:attachment":[{"href":"https:\/\/marthacifuentes.com\/portada\/wp-json\/wp\/v2\/media?parent=39023"}],"wp:term":[{"taxonomy":"category","embeddable":true,"href":"https:\/\/marthacifuentes.com\/portada\/wp-json\/wp\/v2\/categories?post=39023"},{"taxonomy":"post_tag","embeddable":true,"href":"https:\/\/marthacifuentes.com\/portada\/wp-json\/wp\/v2\/tags?post=39023"}],"curies":[{"name":"wp","href":"https:\/\/api.w.org\/{rel}","templated":true}]}}