{"id":39074,"date":"2025-10-01T06:42:13","date_gmt":"2025-10-01T11:42:13","guid":{"rendered":"https:\/\/marthacifuentes.com\/portada\/?p=39074"},"modified":"2025-10-01T06:42:13","modified_gmt":"2025-10-01T11:42:13","slug":"paradoja-del-mes-del-amor-y-la-amistad-en-casanare-una-mujer-asesinada-otra-sobreviviente-y-dos-agresores-tras-las-rejas","status":"publish","type":"post","link":"https:\/\/marthacifuentes.com\/portada\/paradoja-del-mes-del-amor-y-la-amistad-en-casanare-una-mujer-asesinada-otra-sobreviviente-y-dos-agresores-tras-las-rejas\/","title":{"rendered":"Paradoja del mes del amor y la amistad en Casanare: una mujer asesinada, otra sobreviviente y dos agresores tras las rejas"},"content":{"rendered":"<p>Septiembre, mes en el que Colombia celebra el amor y la amistad, dej\u00f3 en Casanare una realidad dolorosa: dos mujeres fueron v\u00edctimas de la violencia de sus parejas. La Fiscal\u00eda General de la Naci\u00f3n anunci\u00f3 que los presuntos agresores fueron <strong>judicializados e imputados<\/strong> por los delitos de <strong>feminicidio agravado<\/strong> y <strong>feminicidio en grado de tentativa<\/strong>.<\/p>\n<p>En ambos procesos, los hombres fueron <strong>enviados a prisi\u00f3n con medida de aseguramiento<\/strong>, aunque no aceptaron los cargos.<\/p>\n<p>&nbsp;<\/p>\n<h4><strong>Fidelia Tarache, v\u00edctima de Olegario<\/strong><\/h4>\n<p>El primer caso ocurri\u00f3 el <strong>25 de septiembre en San Rafael de Morichal, Yopal<\/strong>. All\u00ed, <strong>Fidelia Tarache Tumay<\/strong> fue atacada con un arma cortopunzante por su esposo, <strong>Olegario Mendivelso<\/strong>, cuando ella manifest\u00f3 su intenci\u00f3n de separarse. La mujer fue trasladada a un centro asistencial, pero lleg\u00f3 sin signos vitales. El se\u00f1alado agresor intent\u00f3 huir hacia Paz de Ariporo en motocicleta, pero fue capturado en La Chaparrera gracias a un plan candado de la Polic\u00eda.<\/p>\n<p>&nbsp;<\/p>\n<h4><strong>Ana de Jes\u00fas Latorre, sobreviviente de m\u00faltiples apu\u00f1aladas<\/strong><\/h4>\n<p>Cinco d\u00edas antes, el <strong>20 de septiembre en Monterrey<\/strong>, la v\u00edctima fue <strong>Ana de Jes\u00fas Latorre<\/strong>, de 19 a\u00f1os. Su compa\u00f1ero sentimental, <strong>Carlos Caro<\/strong>, la agredi\u00f3 con arma cortopunzante en repetidas ocasiones dentro de una vivienda del barrio Villas del Prado. La joven sobrevivi\u00f3 al ataque y hoy se recupera de sus heridas f\u00edsicas en un centro asistencial.<\/p>\n<p>Sin embargo, cicatrizar las heridas emocionales y espirituales podr\u00eda tardar muchos a\u00f1os.<\/p>\n<p>&nbsp;<\/p>\n<h4><strong>Penas para feminicidas <\/strong><\/h4>\n<p>De acuerdo con el C\u00f3digo Penal colombiano (Ley 599 de 2000), el delito de <strong>feminicidio agravado<\/strong> puede ser castigado con penas que oscilan entre <strong>500 y 600 meses de prisi\u00f3n<\/strong> (41 a 50 a\u00f1os).<\/p>\n<p>En el caso de <strong>feminicidio en grado de tentativa<\/strong>, la sanci\u00f3n corresponde a la mitad o tres cuartas partes de esa pena, dependiendo de la valoraci\u00f3n del juez, lo que significa <strong>m\u00e1s de 20 a\u00f1os de c\u00e1rcel<\/strong> en caso de condena.<\/p>\n<p>&nbsp;<\/p>\n<h4><strong>Urge prevenir y proteger a las mujeres<\/strong><\/h4>\n<p>Estos hechos, ocurridos en el mes que deber\u00eda exaltar el afecto y la convivencia, evidencian la gravedad de la violencia de g\u00e9nero en el departamento. Las historias de Fidelia y Ana no solo revelan el dolor que deja esta violencia en las familias, sino tambi\u00e9n la necesidad de <strong>acciones urgentes de prevenci\u00f3n y protecci\u00f3n para las mujeres en Casanare<\/strong>.<\/p>\n","protected":false},"excerpt":{"rendered":"<p>Septiembre, mes en el que Colombia celebra el amor y la amistad, dej\u00f3 en Casanare una realidad dolorosa: dos mujeres fueron v\u00edctimas de la violencia de sus parejas. La Fiscal\u00eda General de la Naci\u00f3n anunci\u00f3 que los presuntos agresores fueron judicializados e imputados por los delitos de feminicidio agravado y feminicidio en grado de tentativa. &hellip;<\/p>\n","protected":false},"author":2,"featured_media":39076,"comment_status":"open","ping_status":"open","sticky":false,"template":"","format":"standard","meta":{"om_disable_all_campaigns":false,"_exactmetrics_skip_tracking":false,"_exactmetrics_sitenote_active":false,"_exactmetrics_sitenote_note":"","_exactmetrics_sitenote_category":0,"_monsterinsights_skip_tracking":false,"_monsterinsights_sitenote_active":false,"_monsterinsights_sitenote_note":"","_monsterinsights_sitenote_category":0,"_uf_show_specific_survey":0,"_uf_disable_surveys":false,"_joinchat":[],"footnotes":""},"categories":[147,146,145],"tags":[14814,14813,154,14811,14162,14734,369,13819,1135,14812,14810,14809,302,157],"class_list":["post-39074","post","type-post","status-publish","format-standard","has-post-thumbnail","hentry","category-actualidad","category-noticias","category-reportajes","tag-ana-de-jesus-latorre","tag-carlos-caro","tag-casanare","tag-codigo-penal","tag-feminicidio-agravado","tag-fidelia-tarache-tumay","tag-fiscalia","tag-judicializacion","tag-monterrey","tag-olegario-mendivelso","tag-penas","tag-tentativa-de-feminicidio","tag-violencia-de-genero","tag-yopal"],"yoast_head":"<!-- This site is optimized with the Yoast SEO plugin v26.1 - https:\/\/yoast.com\/wordpress\/plugins\/seo\/ -->\n<title>Paradoja del mes del amor y la amistad en Casanare: una mujer asesinada, otra sobreviviente y dos agresores tras las rejas - \u25b7 Noticias de Casanare : Martha Cifuentes | Casanare<\/title>\n<meta name=\"robots\" content=\"index, follow, max-snippet:-1, max-image-preview:large, max-video-preview:-1\" \/>\n<link rel=\"canonical\" href=\"https:\/\/marthacifuentes.com\/portada\/paradoja-del-mes-del-amor-y-la-amistad-en-casanare-una-mujer-asesinada-otra-sobreviviente-y-dos-agresores-tras-las-rejas\/\" \/>\n<meta property=\"og:locale\" content=\"es_ES\" \/>\n<meta property=\"og:type\" content=\"article\" \/>\n<meta property=\"og:title\" content=\"Paradoja del mes del amor y la amistad en Casanare: una mujer asesinada, otra sobreviviente y dos agresores tras las rejas - \u25b7 Noticias de Casanare : Martha Cifuentes | Casanare\" \/>\n<meta property=\"og:description\" content=\"Septiembre, mes en el que Colombia celebra el amor y la amistad, dej\u00f3 en Casanare una realidad dolorosa: dos mujeres fueron v\u00edctimas de la violencia de sus parejas. La Fiscal\u00eda General de la Naci\u00f3n anunci\u00f3 que los presuntos agresores fueron judicializados e imputados por los delitos de feminicidio agravado y feminicidio en grado de tentativa. &hellip;\" \/>\n<meta property=\"og:url\" content=\"https:\/\/marthacifuentes.com\/portada\/paradoja-del-mes-del-amor-y-la-amistad-en-casanare-una-mujer-asesinada-otra-sobreviviente-y-dos-agresores-tras-las-rejas\/\" \/>\n<meta property=\"og:site_name\" content=\"\u25b7 Noticias de Casanare : Martha Cifuentes | Casanare\" \/>\n<meta property=\"article:published_time\" content=\"2025-10-01T11:42:13+00:00\" \/>\n<meta property=\"og:image\" content=\"https:\/\/marthacifuentes.com\/portada\/wp-content\/uploads\/2025\/10\/May.-2025-25-1.png\" \/>\n\t<meta property=\"og:image:width\" content=\"736\" \/>\n\t<meta property=\"og:image:height\" content=\"416\" \/>\n\t<meta property=\"og:image:type\" content=\"image\/png\" \/>\n<meta name=\"author\" content=\"Martha Cifuentes\" \/>\n<meta name=\"twitter:card\" content=\"summary_large_image\" \/>\n<meta name=\"twitter:label1\" content=\"Escrito por\" \/>\n\t<meta name=\"twitter:data1\" content=\"Martha Cifuentes\" \/>\n\t<meta name=\"twitter:label2\" content=\"Tiempo de lectura\" \/>\n\t<meta name=\"twitter:data2\" content=\"2 minutos\" \/>\n<script type=\"application\/ld+json\" class=\"yoast-schema-graph\">{\"@context\":\"https:\/\/schema.org\",\"@graph\":[{\"@type\":\"WebPage\",\"@id\":\"https:\/\/marthacifuentes.com\/portada\/paradoja-del-mes-del-amor-y-la-amistad-en-casanare-una-mujer-asesinada-otra-sobreviviente-y-dos-agresores-tras-las-rejas\/\",\"url\":\"https:\/\/marthacifuentes.com\/portada\/paradoja-del-mes-del-amor-y-la-amistad-en-casanare-una-mujer-asesinada-otra-sobreviviente-y-dos-agresores-tras-las-rejas\/\",\"name\":\"Paradoja del mes del amor y la amistad en Casanare: una mujer asesinada, otra sobreviviente y dos agresores tras las rejas - \u25b7 Noticias de Casanare : Martha Cifuentes | Casanare\",\"isPartOf\":{\"@id\":\"https:\/\/marthacifuentes.com\/portada\/#website\"},\"primaryImageOfPage\":{\"@id\":\"https:\/\/marthacifuentes.com\/portada\/paradoja-del-mes-del-amor-y-la-amistad-en-casanare-una-mujer-asesinada-otra-sobreviviente-y-dos-agresores-tras-las-rejas\/#primaryimage\"},\"image\":{\"@id\":\"https:\/\/marthacifuentes.com\/portada\/paradoja-del-mes-del-amor-y-la-amistad-en-casanare-una-mujer-asesinada-otra-sobreviviente-y-dos-agresores-tras-las-rejas\/#primaryimage\"},\"thumbnailUrl\":\"https:\/\/marthacifuentes.com\/portada\/wp-content\/uploads\/2025\/10\/May.-2025-25-1.png\",\"datePublished\":\"2025-10-01T11:42:13+00:00\",\"author\":{\"@id\":\"https:\/\/marthacifuentes.com\/portada\/#\/schema\/person\/57f53174b991db5f90ff78d58502b714\"},\"breadcrumb\":{\"@id\":\"https:\/\/marthacifuentes.com\/portada\/paradoja-del-mes-del-amor-y-la-amistad-en-casanare-una-mujer-asesinada-otra-sobreviviente-y-dos-agresores-tras-las-rejas\/#breadcrumb\"},\"inLanguage\":\"es\",\"potentialAction\":[{\"@type\":\"ReadAction\",\"target\":[\"https:\/\/marthacifuentes.com\/portada\/paradoja-del-mes-del-amor-y-la-amistad-en-casanare-una-mujer-asesinada-otra-sobreviviente-y-dos-agresores-tras-las-rejas\/\"]}]},{\"@type\":\"ImageObject\",\"inLanguage\":\"es\",\"@id\":\"https:\/\/marthacifuentes.com\/portada\/paradoja-del-mes-del-amor-y-la-amistad-en-casanare-una-mujer-asesinada-otra-sobreviviente-y-dos-agresores-tras-las-rejas\/#primaryimage\",\"url\":\"https:\/\/marthacifuentes.com\/portada\/wp-content\/uploads\/2025\/10\/May.-2025-25-1.png\",\"contentUrl\":\"https:\/\/marthacifuentes.com\/portada\/wp-content\/uploads\/2025\/10\/May.-2025-25-1.png\",\"width\":736,\"height\":416},{\"@type\":\"BreadcrumbList\",\"@id\":\"https:\/\/marthacifuentes.com\/portada\/paradoja-del-mes-del-amor-y-la-amistad-en-casanare-una-mujer-asesinada-otra-sobreviviente-y-dos-agresores-tras-las-rejas\/#breadcrumb\",\"itemListElement\":[{\"@type\":\"ListItem\",\"position\":1,\"name\":\"Portada\",\"item\":\"https:\/\/marthacifuentes.com\/portada\/\"},{\"@type\":\"ListItem\",\"position\":2,\"name\":\"Paradoja del mes del amor y la amistad en Casanare: una mujer asesinada, otra sobreviviente y dos agresores tras las rejas\"}]},{\"@type\":\"WebSite\",\"@id\":\"https:\/\/marthacifuentes.com\/portada\/#website\",\"url\":\"https:\/\/marthacifuentes.com\/portada\/\",\"name\":\"\u25b7 Noticias de Casanare : Martha Cifuentes | Casanare\",\"description\":\"Noticias &amp; Contenidos\",\"potentialAction\":[{\"@type\":\"SearchAction\",\"target\":{\"@type\":\"EntryPoint\",\"urlTemplate\":\"https:\/\/marthacifuentes.com\/portada\/?s={search_term_string}\"},\"query-input\":{\"@type\":\"PropertyValueSpecification\",\"valueRequired\":true,\"valueName\":\"search_term_string\"}}],\"inLanguage\":\"es\"},{\"@type\":\"Person\",\"@id\":\"https:\/\/marthacifuentes.com\/portada\/#\/schema\/person\/57f53174b991db5f90ff78d58502b714\",\"name\":\"Martha Cifuentes\",\"image\":{\"@type\":\"ImageObject\",\"inLanguage\":\"es\",\"@id\":\"https:\/\/marthacifuentes.com\/portada\/#\/schema\/person\/image\/\",\"url\":\"http:\/\/marthacifuentes.com\/portada\/wp-content\/uploads\/2018\/06\/avatar_user_2_1528838701-96x96.jpg\",\"contentUrl\":\"http:\/\/marthacifuentes.com\/portada\/wp-content\/uploads\/2018\/06\/avatar_user_2_1528838701-96x96.jpg\",\"caption\":\"Martha Cifuentes\"},\"sameAs\":[\"http:\/\/www.marthacifuentes.com\"],\"url\":\"https:\/\/marthacifuentes.com\/portada\/author\/martha\/\"}]}<\/script>\n<!-- \/ Yoast SEO plugin. -->","yoast_head_json":{"title":"Paradoja del mes del amor y la amistad en Casanare: una mujer asesinada, otra sobreviviente y dos agresores tras las rejas - \u25b7 Noticias de Casanare : Martha Cifuentes | Casanare","robots":{"index":"index","follow":"follow","max-snippet":"max-snippet:-1","max-image-preview":"max-image-preview:large","max-video-preview":"max-video-preview:-1"},"canonical":"https:\/\/marthacifuentes.com\/portada\/paradoja-del-mes-del-amor-y-la-amistad-en-casanare-una-mujer-asesinada-otra-sobreviviente-y-dos-agresores-tras-las-rejas\/","og_locale":"es_ES","og_type":"article","og_title":"Paradoja del mes del amor y la amistad en Casanare: una mujer asesinada, otra sobreviviente y dos agresores tras las rejas - \u25b7 Noticias de Casanare : Martha Cifuentes | Casanare","og_description":"Septiembre, mes en el que Colombia celebra el amor y la amistad, dej\u00f3 en Casanare una realidad dolorosa: dos mujeres fueron v\u00edctimas de la violencia de sus parejas. La Fiscal\u00eda General de la Naci\u00f3n anunci\u00f3 que los presuntos agresores fueron judicializados e imputados por los delitos de feminicidio agravado y feminicidio en grado de tentativa. &hellip;","og_url":"https:\/\/marthacifuentes.com\/portada\/paradoja-del-mes-del-amor-y-la-amistad-en-casanare-una-mujer-asesinada-otra-sobreviviente-y-dos-agresores-tras-las-rejas\/","og_site_name":"\u25b7 Noticias de Casanare : Martha Cifuentes | Casanare","article_published_time":"2025-10-01T11:42:13+00:00","og_image":[{"width":736,"height":416,"url":"https:\/\/marthacifuentes.com\/portada\/wp-content\/uploads\/2025\/10\/May.-2025-25-1.png","type":"image\/png"}],"author":"Martha Cifuentes","twitter_card":"summary_large_image","twitter_misc":{"Escrito por":"Martha Cifuentes","Tiempo de lectura":"2 minutos"},"schema":{"@context":"https:\/\/schema.org","@graph":[{"@type":"WebPage","@id":"https:\/\/marthacifuentes.com\/portada\/paradoja-del-mes-del-amor-y-la-amistad-en-casanare-una-mujer-asesinada-otra-sobreviviente-y-dos-agresores-tras-las-rejas\/","url":"https:\/\/marthacifuentes.com\/portada\/paradoja-del-mes-del-amor-y-la-amistad-en-casanare-una-mujer-asesinada-otra-sobreviviente-y-dos-agresores-tras-las-rejas\/","name":"Paradoja del mes del amor y la amistad en Casanare: una mujer asesinada, otra sobreviviente y dos agresores tras las rejas - \u25b7 Noticias de Casanare : Martha Cifuentes | Casanare","isPartOf":{"@id":"https:\/\/marthacifuentes.com\/portada\/#website"},"primaryImageOfPage":{"@id":"https:\/\/marthacifuentes.com\/portada\/paradoja-del-mes-del-amor-y-la-amistad-en-casanare-una-mujer-asesinada-otra-sobreviviente-y-dos-agresores-tras-las-rejas\/#primaryimage"},"image":{"@id":"https:\/\/marthacifuentes.com\/portada\/paradoja-del-mes-del-amor-y-la-amistad-en-casanare-una-mujer-asesinada-otra-sobreviviente-y-dos-agresores-tras-las-rejas\/#primaryimage"},"thumbnailUrl":"https:\/\/marthacifuentes.com\/portada\/wp-content\/uploads\/2025\/10\/May.-2025-25-1.png","datePublished":"2025-10-01T11:42:13+00:00","author":{"@id":"https:\/\/marthacifuentes.com\/portada\/#\/schema\/person\/57f53174b991db5f90ff78d58502b714"},"breadcrumb":{"@id":"https:\/\/marthacifuentes.com\/portada\/paradoja-del-mes-del-amor-y-la-amistad-en-casanare-una-mujer-asesinada-otra-sobreviviente-y-dos-agresores-tras-las-rejas\/#breadcrumb"},"inLanguage":"es","potentialAction":[{"@type":"ReadAction","target":["https:\/\/marthacifuentes.com\/portada\/paradoja-del-mes-del-amor-y-la-amistad-en-casanare-una-mujer-asesinada-otra-sobreviviente-y-dos-agresores-tras-las-rejas\/"]}]},{"@type":"ImageObject","inLanguage":"es","@id":"https:\/\/marthacifuentes.com\/portada\/paradoja-del-mes-del-amor-y-la-amistad-en-casanare-una-mujer-asesinada-otra-sobreviviente-y-dos-agresores-tras-las-rejas\/#primaryimage","url":"https:\/\/marthacifuentes.com\/portada\/wp-content\/uploads\/2025\/10\/May.-2025-25-1.png","contentUrl":"https:\/\/marthacifuentes.com\/portada\/wp-content\/uploads\/2025\/10\/May.-2025-25-1.png","width":736,"height":416},{"@type":"BreadcrumbList","@id":"https:\/\/marthacifuentes.com\/portada\/paradoja-del-mes-del-amor-y-la-amistad-en-casanare-una-mujer-asesinada-otra-sobreviviente-y-dos-agresores-tras-las-rejas\/#breadcrumb","itemListElement":[{"@type":"ListItem","position":1,"name":"Portada","item":"https:\/\/marthacifuentes.com\/portada\/"},{"@type":"ListItem","position":2,"name":"Paradoja del mes del amor y la amistad en Casanare: una mujer asesinada, otra sobreviviente y dos agresores tras las rejas"}]},{"@type":"WebSite","@id":"https:\/\/marthacifuentes.com\/portada\/#website","url":"https:\/\/marthacifuentes.com\/portada\/","name":"\u25b7 Noticias de Casanare : Martha Cifuentes | Casanare","description":"Noticias &amp; Contenidos","potentialAction":[{"@type":"SearchAction","target":{"@type":"EntryPoint","urlTemplate":"https:\/\/marthacifuentes.com\/portada\/?s={search_term_string}"},"query-input":{"@type":"PropertyValueSpecification","valueRequired":true,"valueName":"search_term_string"}}],"inLanguage":"es"},{"@type":"Person","@id":"https:\/\/marthacifuentes.com\/portada\/#\/schema\/person\/57f53174b991db5f90ff78d58502b714","name":"Martha Cifuentes","image":{"@type":"ImageObject","inLanguage":"es","@id":"https:\/\/marthacifuentes.com\/portada\/#\/schema\/person\/image\/","url":"http:\/\/marthacifuentes.com\/portada\/wp-content\/uploads\/2018\/06\/avatar_user_2_1528838701-96x96.jpg","contentUrl":"http:\/\/marthacifuentes.com\/portada\/wp-content\/uploads\/2018\/06\/avatar_user_2_1528838701-96x96.jpg","caption":"Martha Cifuentes"},"sameAs":["http:\/\/www.marthacifuentes.com"],"url":"https:\/\/marthacifuentes.com\/portada\/author\/martha\/"}]}},"_links":{"self":[{"href":"https:\/\/marthacifuentes.com\/portada\/wp-json\/wp\/v2\/posts\/39074","targetHints":{"allow":["GET"]}}],"collection":[{"href":"https:\/\/marthacifuentes.com\/portada\/wp-json\/wp\/v2\/posts"}],"about":[{"href":"https:\/\/marthacifuentes.com\/portada\/wp-json\/wp\/v2\/types\/post"}],"author":[{"embeddable":true,"href":"https:\/\/marthacifuentes.com\/portada\/wp-json\/wp\/v2\/users\/2"}],"replies":[{"embeddable":true,"href":"https:\/\/marthacifuentes.com\/portada\/wp-json\/wp\/v2\/comments?post=39074"}],"version-history":[{"count":1,"href":"https:\/\/marthacifuentes.com\/portada\/wp-json\/wp\/v2\/posts\/39074\/revisions"}],"predecessor-version":[{"id":39077,"href":"https:\/\/marthacifuentes.com\/portada\/wp-json\/wp\/v2\/posts\/39074\/revisions\/39077"}],"wp:featuredmedia":[{"embeddable":true,"href":"https:\/\/marthacifuentes.com\/portada\/wp-json\/wp\/v2\/media\/39076"}],"wp:attachment":[{"href":"https:\/\/marthacifuentes.com\/portada\/wp-json\/wp\/v2\/media?parent=39074"}],"wp:term":[{"taxonomy":"category","embeddable":true,"href":"https:\/\/marthacifuentes.com\/portada\/wp-json\/wp\/v2\/categories?post=39074"},{"taxonomy":"post_tag","embeddable":true,"href":"https:\/\/marthacifuentes.com\/portada\/wp-json\/wp\/v2\/tags?post=39074"}],"curies":[{"name":"wp","href":"https:\/\/api.w.org\/{rel}","templated":true}]}}