{"id":39106,"date":"2025-10-02T07:33:56","date_gmt":"2025-10-02T12:33:56","guid":{"rendered":"https:\/\/marthacifuentes.com\/portada\/?p=39106"},"modified":"2025-10-02T07:33:56","modified_gmt":"2025-10-02T12:33:56","slug":"entre-tensiones-pasadas-y-nuevos-retos-gobernacion-radica-7-proyectos-en-la-asamblea-de-casanare","status":"publish","type":"post","link":"https:\/\/marthacifuentes.com\/portada\/entre-tensiones-pasadas-y-nuevos-retos-gobernacion-radica-7-proyectos-en-la-asamblea-de-casanare\/","title":{"rendered":"Entre tensiones pasadas y nuevos retos: Gobernaci\u00f3n radica 7 proyectos en la Asamblea de Casanare"},"content":{"rendered":"<p>Despu\u00e9s de varios periodos de sesiones \u2014ordinarias y extraordinarias\u2014 marcados por la tensi\u00f3n entre la Asamblea y la Gobernaci\u00f3n, especialmente por el hundimiento en cuatro oportunidades del proyecto de super\u00e1vit por $133 mil millones, este mi\u00e9rcoles qued\u00f3 instalado el tercer y \u00faltimo periodo de sesiones ordinarias del a\u00f1o 2025.<\/p>\n<p>El acto estuvo a cargo de Alfonso C\u00e1rdenas Silva, director de Planeaci\u00f3n, en representaci\u00f3n del gobernador C\u00e9sar Ortiz Zorro, quien insisti\u00f3 en la necesidad de trabajar en unidad y con visi\u00f3n de largo plazo.<\/p>\n<p>&nbsp;<\/p>\n<h4><strong>El ambiente pol\u00edtico: advertencias y cuestionamientos<\/strong><\/h4>\n<p>Durante la instalaci\u00f3n, el presidente de la Duma, Juan Fernando Mancipe, llam\u00f3 la atenci\u00f3n sobre el proyecto de ordenanza relacionado con el <strong>Monopolio de licores y alcoholes<\/strong>, que ya hab\u00eda sido archivado en sesiones pasadas.<\/p>\n<p>Adem\u00e1s, cuestion\u00f3 al gobernador por la falta de defensa de la cultura llanera, a prop\u00f3sito de la reciente decisi\u00f3n de la Corte Constitucional que declar\u00f3 exequible la ley que proh\u00edbe actividades como las corridas de toros, el coleo y las ri\u00f1as de gallos.<\/p>\n<p>&nbsp;<\/p>\n<h4><strong>Los siete proyectos que se discutir\u00e1n<\/strong><\/h4>\n<ol>\n<li><strong>Alivios para deudores del impuesto vehicular: <\/strong>Facilidades de pago para morosos, con el fin de recaudar m\u00e1s de $10.000 millones para fortalecer las finanzas del departamento.<\/li>\n<li><strong>Monopolio de licores y alcoholes: <\/strong>De aprobarse, proyecta ingresos por $234.000 millones en 10 a\u00f1os, destinados a salud, educaci\u00f3n y deporte.<\/li>\n<li><strong>Adici\u00f3n presupuestal por $29.000 millones: <\/strong>Recursos que permitir\u00e1n garantizar el Programa de Alimentaci\u00f3n Escolar (PAE) para m\u00e1s de 15.000 estudiantes, reforzar el r\u00e9gimen subsidiado en salud, terminar obras viales y respaldar instituciones como Unitr\u00f3pico y la Contralor\u00eda Departamental. Tambi\u00e9n cubrir\u00eda mesadas pensionales.<\/li>\n<li><strong>Apoyo a la seguridad: <\/strong>Entrega de cinco veh\u00edculos a las Fuerzas Militares para mejorar la capacidad operativa.<\/li>\n<li><strong>Festival G\u00f3spel: <\/strong>Ajuste a la Ordenanza 015 de 2024 para institucionalizar y fortalecer este evento cultural y espiritual.<\/li>\n<li><strong>\u201cCasanare Palpita\u201d: <\/strong>Modificaciones para dinamizar la econom\u00eda a trav\u00e9s de eventos culturales que impulsan turismo, comercio y empleo.<\/li>\n<li><strong>Actualizaci\u00f3n salarial del gobernador: <\/strong>Proyecto de tr\u00e1mite obligatorio conforme a lo definido por el Gobierno Nacional.<\/li>\n<\/ol>\n<p>&nbsp;<\/p>\n<h4><strong>Un cierre de a\u00f1o con decisiones clave<\/strong><\/h4>\n<p>\u201cEste no es solo otro periodo de sesiones, es una oportunidad para cerrar el a\u00f1o con resultados, con decisiones que impacten la vida diaria de nuestros ni\u00f1os, adultos mayores y campesinos\u201d, expres\u00f3 Alfonso C\u00e1rdenas, transmitiendo el mensaje del gobernador.<\/p>\n<p>El reto ahora ser\u00e1 que tanto la Gobernaci\u00f3n como la Asamblea logren acuerdos en medio de las diferencias pol\u00edticas que han marcado el 2025, para que las oportunidades lleguen sin contratiempos a los casanare\u00f1os.<\/p>\n","protected":false},"excerpt":{"rendered":"<p>Despu\u00e9s de varios periodos de sesiones \u2014ordinarias y extraordinarias\u2014 marcados por la tensi\u00f3n entre la Asamblea y la Gobernaci\u00f3n, especialmente por el hundimiento en cuatro oportunidades del proyecto de super\u00e1vit por $133 mil millones, este mi\u00e9rcoles qued\u00f3 instalado el tercer y \u00faltimo periodo de sesiones ordinarias del a\u00f1o 2025. El acto estuvo a cargo de &hellip;<\/p>\n","protected":false},"author":2,"featured_media":39107,"comment_status":"open","ping_status":"open","sticky":false,"template":"","format":"standard","meta":{"om_disable_all_campaigns":false,"_exactmetrics_skip_tracking":false,"_exactmetrics_sitenote_active":false,"_exactmetrics_sitenote_note":"","_exactmetrics_sitenote_category":0,"_monsterinsights_skip_tracking":false,"_monsterinsights_sitenote_active":false,"_monsterinsights_sitenote_note":"","_monsterinsights_sitenote_category":0,"_uf_show_specific_survey":0,"_uf_disable_surveys":false,"_joinchat":[],"footnotes":""},"categories":[147,146,145],"tags":[10739,14836,3053,11390,1285,14843,10508,14842,1518,2738,14840,187,10830,10078,14838,7202,13351,14844,14841,14837,13405,14835,184,14839],"class_list":["post-39106","post","type-post","status-publish","format-standard","has-post-thumbnail","hentry","category-actualidad","category-noticias","category-reportajes","tag-adicion-presupuestal","tag-alfonso-cardenas","tag-asamblea-departamental","tag-casanare-palpita","tag-cesar-ortiz-zorro","tag-coleo","tag-contraloria-departamental","tag-corridas-de-toros","tag-corte-constitucional","tag-cultura-llanera","tag-festival-gospel","tag-gobernacion-de-casanare","tag-impuesto-vehicular","tag-juan-fernando-mancipe","tag-monopolio-de-licores","tag-programa-de-alimentacion-escolar-pae","tag-proyectos-de-ordenanza","tag-rinas-de-gallos","tag-salario-gobernador","tag-superavit-133-mil-millones","tag-tensiones-politicas","tag-tercer-periodo-de-sesiones","tag-unitropico","tag-vehiculos-fuerzas-militares"],"yoast_head":"<!-- This site is optimized with the Yoast SEO plugin v26.1 - https:\/\/yoast.com\/wordpress\/plugins\/seo\/ -->\n<title>Entre tensiones pasadas y nuevos retos: Gobernaci\u00f3n radica 7 proyectos en la Asamblea de Casanare - \u25b7 Noticias de Casanare : Martha Cifuentes | Casanare<\/title>\n<meta name=\"robots\" content=\"index, follow, max-snippet:-1, max-image-preview:large, max-video-preview:-1\" \/>\n<link rel=\"canonical\" href=\"https:\/\/marthacifuentes.com\/portada\/entre-tensiones-pasadas-y-nuevos-retos-gobernacion-radica-7-proyectos-en-la-asamblea-de-casanare\/\" \/>\n<meta property=\"og:locale\" content=\"es_ES\" \/>\n<meta property=\"og:type\" content=\"article\" \/>\n<meta property=\"og:title\" content=\"Entre tensiones pasadas y nuevos retos: Gobernaci\u00f3n radica 7 proyectos en la Asamblea de Casanare - \u25b7 Noticias de Casanare : Martha Cifuentes | Casanare\" \/>\n<meta property=\"og:description\" content=\"Despu\u00e9s de varios periodos de sesiones \u2014ordinarias y extraordinarias\u2014 marcados por la tensi\u00f3n entre la Asamblea y la Gobernaci\u00f3n, especialmente por el hundimiento en cuatro oportunidades del proyecto de super\u00e1vit por $133 mil millones, este mi\u00e9rcoles qued\u00f3 instalado el tercer y \u00faltimo periodo de sesiones ordinarias del a\u00f1o 2025. El acto estuvo a cargo de &hellip;\" \/>\n<meta property=\"og:url\" content=\"https:\/\/marthacifuentes.com\/portada\/entre-tensiones-pasadas-y-nuevos-retos-gobernacion-radica-7-proyectos-en-la-asamblea-de-casanare\/\" \/>\n<meta property=\"og:site_name\" content=\"\u25b7 Noticias de Casanare : Martha Cifuentes | Casanare\" \/>\n<meta property=\"article:published_time\" content=\"2025-10-02T12:33:56+00:00\" \/>\n<meta property=\"og:image\" content=\"https:\/\/marthacifuentes.com\/portada\/wp-content\/uploads\/2025\/10\/558296536_1114006864217963_7993001978148670834_n.jpg\" \/>\n\t<meta property=\"og:image:width\" content=\"1966\" \/>\n\t<meta property=\"og:image:height\" content=\"1045\" \/>\n\t<meta property=\"og:image:type\" content=\"image\/jpeg\" \/>\n<meta name=\"author\" content=\"Martha Cifuentes\" \/>\n<meta name=\"twitter:card\" content=\"summary_large_image\" \/>\n<meta name=\"twitter:label1\" content=\"Escrito por\" \/>\n\t<meta name=\"twitter:data1\" content=\"Martha Cifuentes\" \/>\n\t<meta name=\"twitter:label2\" content=\"Tiempo de lectura\" \/>\n\t<meta name=\"twitter:data2\" content=\"3 minutos\" \/>\n<script type=\"application\/ld+json\" class=\"yoast-schema-graph\">{\"@context\":\"https:\/\/schema.org\",\"@graph\":[{\"@type\":\"WebPage\",\"@id\":\"https:\/\/marthacifuentes.com\/portada\/entre-tensiones-pasadas-y-nuevos-retos-gobernacion-radica-7-proyectos-en-la-asamblea-de-casanare\/\",\"url\":\"https:\/\/marthacifuentes.com\/portada\/entre-tensiones-pasadas-y-nuevos-retos-gobernacion-radica-7-proyectos-en-la-asamblea-de-casanare\/\",\"name\":\"Entre tensiones pasadas y nuevos retos: Gobernaci\u00f3n radica 7 proyectos en la Asamblea de Casanare - \u25b7 Noticias de Casanare : Martha Cifuentes | Casanare\",\"isPartOf\":{\"@id\":\"https:\/\/marthacifuentes.com\/portada\/#website\"},\"primaryImageOfPage\":{\"@id\":\"https:\/\/marthacifuentes.com\/portada\/entre-tensiones-pasadas-y-nuevos-retos-gobernacion-radica-7-proyectos-en-la-asamblea-de-casanare\/#primaryimage\"},\"image\":{\"@id\":\"https:\/\/marthacifuentes.com\/portada\/entre-tensiones-pasadas-y-nuevos-retos-gobernacion-radica-7-proyectos-en-la-asamblea-de-casanare\/#primaryimage\"},\"thumbnailUrl\":\"https:\/\/marthacifuentes.com\/portada\/wp-content\/uploads\/2025\/10\/558296536_1114006864217963_7993001978148670834_n.jpg\",\"datePublished\":\"2025-10-02T12:33:56+00:00\",\"author\":{\"@id\":\"https:\/\/marthacifuentes.com\/portada\/#\/schema\/person\/57f53174b991db5f90ff78d58502b714\"},\"breadcrumb\":{\"@id\":\"https:\/\/marthacifuentes.com\/portada\/entre-tensiones-pasadas-y-nuevos-retos-gobernacion-radica-7-proyectos-en-la-asamblea-de-casanare\/#breadcrumb\"},\"inLanguage\":\"es\",\"potentialAction\":[{\"@type\":\"ReadAction\",\"target\":[\"https:\/\/marthacifuentes.com\/portada\/entre-tensiones-pasadas-y-nuevos-retos-gobernacion-radica-7-proyectos-en-la-asamblea-de-casanare\/\"]}]},{\"@type\":\"ImageObject\",\"inLanguage\":\"es\",\"@id\":\"https:\/\/marthacifuentes.com\/portada\/entre-tensiones-pasadas-y-nuevos-retos-gobernacion-radica-7-proyectos-en-la-asamblea-de-casanare\/#primaryimage\",\"url\":\"https:\/\/marthacifuentes.com\/portada\/wp-content\/uploads\/2025\/10\/558296536_1114006864217963_7993001978148670834_n.jpg\",\"contentUrl\":\"https:\/\/marthacifuentes.com\/portada\/wp-content\/uploads\/2025\/10\/558296536_1114006864217963_7993001978148670834_n.jpg\",\"width\":1966,\"height\":1045},{\"@type\":\"BreadcrumbList\",\"@id\":\"https:\/\/marthacifuentes.com\/portada\/entre-tensiones-pasadas-y-nuevos-retos-gobernacion-radica-7-proyectos-en-la-asamblea-de-casanare\/#breadcrumb\",\"itemListElement\":[{\"@type\":\"ListItem\",\"position\":1,\"name\":\"Portada\",\"item\":\"https:\/\/marthacifuentes.com\/portada\/\"},{\"@type\":\"ListItem\",\"position\":2,\"name\":\"Entre tensiones pasadas y nuevos retos: Gobernaci\u00f3n radica 7 proyectos en la Asamblea de Casanare\"}]},{\"@type\":\"WebSite\",\"@id\":\"https:\/\/marthacifuentes.com\/portada\/#website\",\"url\":\"https:\/\/marthacifuentes.com\/portada\/\",\"name\":\"\u25b7 Noticias de Casanare : Martha Cifuentes | Casanare\",\"description\":\"Noticias &amp; Contenidos\",\"potentialAction\":[{\"@type\":\"SearchAction\",\"target\":{\"@type\":\"EntryPoint\",\"urlTemplate\":\"https:\/\/marthacifuentes.com\/portada\/?s={search_term_string}\"},\"query-input\":{\"@type\":\"PropertyValueSpecification\",\"valueRequired\":true,\"valueName\":\"search_term_string\"}}],\"inLanguage\":\"es\"},{\"@type\":\"Person\",\"@id\":\"https:\/\/marthacifuentes.com\/portada\/#\/schema\/person\/57f53174b991db5f90ff78d58502b714\",\"name\":\"Martha Cifuentes\",\"image\":{\"@type\":\"ImageObject\",\"inLanguage\":\"es\",\"@id\":\"https:\/\/marthacifuentes.com\/portada\/#\/schema\/person\/image\/\",\"url\":\"http:\/\/marthacifuentes.com\/portada\/wp-content\/uploads\/2018\/06\/avatar_user_2_1528838701-96x96.jpg\",\"contentUrl\":\"http:\/\/marthacifuentes.com\/portada\/wp-content\/uploads\/2018\/06\/avatar_user_2_1528838701-96x96.jpg\",\"caption\":\"Martha Cifuentes\"},\"sameAs\":[\"http:\/\/www.marthacifuentes.com\"],\"url\":\"https:\/\/marthacifuentes.com\/portada\/author\/martha\/\"}]}<\/script>\n<!-- \/ Yoast SEO plugin. -->","yoast_head_json":{"title":"Entre tensiones pasadas y nuevos retos: Gobernaci\u00f3n radica 7 proyectos en la Asamblea de Casanare - \u25b7 Noticias de Casanare : Martha Cifuentes | Casanare","robots":{"index":"index","follow":"follow","max-snippet":"max-snippet:-1","max-image-preview":"max-image-preview:large","max-video-preview":"max-video-preview:-1"},"canonical":"https:\/\/marthacifuentes.com\/portada\/entre-tensiones-pasadas-y-nuevos-retos-gobernacion-radica-7-proyectos-en-la-asamblea-de-casanare\/","og_locale":"es_ES","og_type":"article","og_title":"Entre tensiones pasadas y nuevos retos: Gobernaci\u00f3n radica 7 proyectos en la Asamblea de Casanare - \u25b7 Noticias de Casanare : Martha Cifuentes | Casanare","og_description":"Despu\u00e9s de varios periodos de sesiones \u2014ordinarias y extraordinarias\u2014 marcados por la tensi\u00f3n entre la Asamblea y la Gobernaci\u00f3n, especialmente por el hundimiento en cuatro oportunidades del proyecto de super\u00e1vit por $133 mil millones, este mi\u00e9rcoles qued\u00f3 instalado el tercer y \u00faltimo periodo de sesiones ordinarias del a\u00f1o 2025. El acto estuvo a cargo de &hellip;","og_url":"https:\/\/marthacifuentes.com\/portada\/entre-tensiones-pasadas-y-nuevos-retos-gobernacion-radica-7-proyectos-en-la-asamblea-de-casanare\/","og_site_name":"\u25b7 Noticias de Casanare : Martha Cifuentes | Casanare","article_published_time":"2025-10-02T12:33:56+00:00","og_image":[{"width":1966,"height":1045,"url":"https:\/\/marthacifuentes.com\/portada\/wp-content\/uploads\/2025\/10\/558296536_1114006864217963_7993001978148670834_n.jpg","type":"image\/jpeg"}],"author":"Martha Cifuentes","twitter_card":"summary_large_image","twitter_misc":{"Escrito por":"Martha Cifuentes","Tiempo de lectura":"3 minutos"},"schema":{"@context":"https:\/\/schema.org","@graph":[{"@type":"WebPage","@id":"https:\/\/marthacifuentes.com\/portada\/entre-tensiones-pasadas-y-nuevos-retos-gobernacion-radica-7-proyectos-en-la-asamblea-de-casanare\/","url":"https:\/\/marthacifuentes.com\/portada\/entre-tensiones-pasadas-y-nuevos-retos-gobernacion-radica-7-proyectos-en-la-asamblea-de-casanare\/","name":"Entre tensiones pasadas y nuevos retos: Gobernaci\u00f3n radica 7 proyectos en la Asamblea de Casanare - \u25b7 Noticias de Casanare : Martha Cifuentes | Casanare","isPartOf":{"@id":"https:\/\/marthacifuentes.com\/portada\/#website"},"primaryImageOfPage":{"@id":"https:\/\/marthacifuentes.com\/portada\/entre-tensiones-pasadas-y-nuevos-retos-gobernacion-radica-7-proyectos-en-la-asamblea-de-casanare\/#primaryimage"},"image":{"@id":"https:\/\/marthacifuentes.com\/portada\/entre-tensiones-pasadas-y-nuevos-retos-gobernacion-radica-7-proyectos-en-la-asamblea-de-casanare\/#primaryimage"},"thumbnailUrl":"https:\/\/marthacifuentes.com\/portada\/wp-content\/uploads\/2025\/10\/558296536_1114006864217963_7993001978148670834_n.jpg","datePublished":"2025-10-02T12:33:56+00:00","author":{"@id":"https:\/\/marthacifuentes.com\/portada\/#\/schema\/person\/57f53174b991db5f90ff78d58502b714"},"breadcrumb":{"@id":"https:\/\/marthacifuentes.com\/portada\/entre-tensiones-pasadas-y-nuevos-retos-gobernacion-radica-7-proyectos-en-la-asamblea-de-casanare\/#breadcrumb"},"inLanguage":"es","potentialAction":[{"@type":"ReadAction","target":["https:\/\/marthacifuentes.com\/portada\/entre-tensiones-pasadas-y-nuevos-retos-gobernacion-radica-7-proyectos-en-la-asamblea-de-casanare\/"]}]},{"@type":"ImageObject","inLanguage":"es","@id":"https:\/\/marthacifuentes.com\/portada\/entre-tensiones-pasadas-y-nuevos-retos-gobernacion-radica-7-proyectos-en-la-asamblea-de-casanare\/#primaryimage","url":"https:\/\/marthacifuentes.com\/portada\/wp-content\/uploads\/2025\/10\/558296536_1114006864217963_7993001978148670834_n.jpg","contentUrl":"https:\/\/marthacifuentes.com\/portada\/wp-content\/uploads\/2025\/10\/558296536_1114006864217963_7993001978148670834_n.jpg","width":1966,"height":1045},{"@type":"BreadcrumbList","@id":"https:\/\/marthacifuentes.com\/portada\/entre-tensiones-pasadas-y-nuevos-retos-gobernacion-radica-7-proyectos-en-la-asamblea-de-casanare\/#breadcrumb","itemListElement":[{"@type":"ListItem","position":1,"name":"Portada","item":"https:\/\/marthacifuentes.com\/portada\/"},{"@type":"ListItem","position":2,"name":"Entre tensiones pasadas y nuevos retos: Gobernaci\u00f3n radica 7 proyectos en la Asamblea de Casanare"}]},{"@type":"WebSite","@id":"https:\/\/marthacifuentes.com\/portada\/#website","url":"https:\/\/marthacifuentes.com\/portada\/","name":"\u25b7 Noticias de Casanare : Martha Cifuentes | Casanare","description":"Noticias &amp; Contenidos","potentialAction":[{"@type":"SearchAction","target":{"@type":"EntryPoint","urlTemplate":"https:\/\/marthacifuentes.com\/portada\/?s={search_term_string}"},"query-input":{"@type":"PropertyValueSpecification","valueRequired":true,"valueName":"search_term_string"}}],"inLanguage":"es"},{"@type":"Person","@id":"https:\/\/marthacifuentes.com\/portada\/#\/schema\/person\/57f53174b991db5f90ff78d58502b714","name":"Martha Cifuentes","image":{"@type":"ImageObject","inLanguage":"es","@id":"https:\/\/marthacifuentes.com\/portada\/#\/schema\/person\/image\/","url":"http:\/\/marthacifuentes.com\/portada\/wp-content\/uploads\/2018\/06\/avatar_user_2_1528838701-96x96.jpg","contentUrl":"http:\/\/marthacifuentes.com\/portada\/wp-content\/uploads\/2018\/06\/avatar_user_2_1528838701-96x96.jpg","caption":"Martha Cifuentes"},"sameAs":["http:\/\/www.marthacifuentes.com"],"url":"https:\/\/marthacifuentes.com\/portada\/author\/martha\/"}]}},"_links":{"self":[{"href":"https:\/\/marthacifuentes.com\/portada\/wp-json\/wp\/v2\/posts\/39106","targetHints":{"allow":["GET"]}}],"collection":[{"href":"https:\/\/marthacifuentes.com\/portada\/wp-json\/wp\/v2\/posts"}],"about":[{"href":"https:\/\/marthacifuentes.com\/portada\/wp-json\/wp\/v2\/types\/post"}],"author":[{"embeddable":true,"href":"https:\/\/marthacifuentes.com\/portada\/wp-json\/wp\/v2\/users\/2"}],"replies":[{"embeddable":true,"href":"https:\/\/marthacifuentes.com\/portada\/wp-json\/wp\/v2\/comments?post=39106"}],"version-history":[{"count":1,"href":"https:\/\/marthacifuentes.com\/portada\/wp-json\/wp\/v2\/posts\/39106\/revisions"}],"predecessor-version":[{"id":39108,"href":"https:\/\/marthacifuentes.com\/portada\/wp-json\/wp\/v2\/posts\/39106\/revisions\/39108"}],"wp:featuredmedia":[{"embeddable":true,"href":"https:\/\/marthacifuentes.com\/portada\/wp-json\/wp\/v2\/media\/39107"}],"wp:attachment":[{"href":"https:\/\/marthacifuentes.com\/portada\/wp-json\/wp\/v2\/media?parent=39106"}],"wp:term":[{"taxonomy":"category","embeddable":true,"href":"https:\/\/marthacifuentes.com\/portada\/wp-json\/wp\/v2\/categories?post=39106"},{"taxonomy":"post_tag","embeddable":true,"href":"https:\/\/marthacifuentes.com\/portada\/wp-json\/wp\/v2\/tags?post=39106"}],"curies":[{"name":"wp","href":"https:\/\/api.w.org\/{rel}","templated":true}]}}