{"id":39238,"date":"2025-10-24T16:17:59","date_gmt":"2025-10-24T21:17:59","guid":{"rendered":"https:\/\/marthacifuentes.com\/portada\/?p=39238"},"modified":"2025-10-24T16:26:52","modified_gmt":"2025-10-24T21:26:52","slug":"otra-vez-la-justicia-tiene-que-intervenir-reanudan-el-polemico-concurso-para-contralor-de-casanare","status":"publish","type":"post","link":"https:\/\/marthacifuentes.com\/portada\/otra-vez-la-justicia-tiene-que-intervenir-reanudan-el-polemico-concurso-para-contralor-de-casanare\/","title":{"rendered":"Otra vez la justicia tuvo que intervenir: Juez orden\u00f3 reanudar pol\u00e9mico proceso de elecci\u00f3n para Contralor de Casanare"},"content":{"rendered":"\n<h3 class=\"wp-block-heading\"><\/h3>\n\n\n\n<p>El <strong>Juzgado Tercero Administrativo del Circuito de Yopal<\/strong>, en sentencia del <strong>24 de octubre de 2025<\/strong>, fall\u00f3 a favor de las aspirantes <strong>Mar\u00eda Antonia Perilla C\u00e1rdenas<\/strong> y <strong>Diana Milena Jarro Rodas<\/strong>, quienes presentaron acci\u00f3n de tutela contra la <strong>Mesa Directiva de la Asamblea Departamental de Casanare<\/strong>.<\/p>\n\n\n\n<p>Ambas alegaban la vulneraci\u00f3n de sus derechos al <strong>debido proceso administrativo<\/strong> y al <strong>acceso a empleos p\u00fablicos<\/strong>, tras la suspensi\u00f3n indefinida del concurso para elegir contralor departamental.<\/p>\n\n\n\n<p>El juez <strong>Mauricio Andr\u00e9s P\u00e9rez Caballero<\/strong> concluy\u00f3 que la suspensi\u00f3n <strong>careci\u00f3 de sustento jur\u00eddico y motivaci\u00f3n suficiente<\/strong>. Se orden\u00f3 a la Asamblea <strong>publicar en 48 horas los resultados preliminares de la prueba de conocimientos<\/strong> aplicada el 9 de octubre.<\/p>\n\n\n\n<p>Igualmente se debe publicar el nuevo cronograma que permita las etapas de reclamaci\u00f3n y cierre.<\/p>\n\n\n\n<p>Tambi\u00e9n dispuso <strong>remitir copias a la Procuradur\u00eda General de la Naci\u00f3n<\/strong> para que investigue posibles responsabilidades disciplinarias por la <strong>filtraci\u00f3n anticipada de un acta con puntajes divulgada en redes sociales<\/strong>.<\/p>\n\n\n<div class=\"wp-block-image\">\n<figure class=\"aligncenter size-full\"><img loading=\"lazy\" decoding=\"async\" width=\"561\" height=\"733\" src=\"https:\/\/marthacifuentes.com\/portada\/wp-content\/uploads\/2025\/10\/resuelve-tutela-asamblea-1.png\" alt=\"\" class=\"wp-image-39242\" srcset=\"https:\/\/marthacifuentes.com\/portada\/wp-content\/uploads\/2025\/10\/resuelve-tutela-asamblea-1.png 561w, https:\/\/marthacifuentes.com\/portada\/wp-content\/uploads\/2025\/10\/resuelve-tutela-asamblea-1-230x300.png 230w\" sizes=\"auto, (max-width: 561px) 100vw, 561px\" \/><\/figure><\/div>\n\n\n\n\n<hr class=\"wp-block-separator has-alpha-channel-opacity\"\/>\n\n\n\n<h3 class=\"wp-block-heading\"><strong>Qui\u00e9n interpuso la tutela y qu\u00e9 aleg\u00f3<\/strong><\/h3>\n\n\n\n<p>Las demandantes, <strong>Perilla y Jarro<\/strong>, fueron aspirantes admitidas en la convocatoria p\u00fablica convocada por la <strong>Resoluci\u00f3n 046 de 2025<\/strong>, bajo la operaci\u00f3n t\u00e9cnica de la <strong>Universidad de Cartagena<\/strong>.<\/p>\n\n\n\n<p>Ambas denunciaron que la Asamblea, mediante la <strong>Resoluci\u00f3n 056 del 15 de octubre<\/strong>, suspendi\u00f3 el proceso bas\u00e1ndose en una presunta filtraci\u00f3n de resultados publicada en la p\u00e1gina web <em>\u201cLa Poderosa\u201d<\/em>, sin verificar irregularidades reales en la cadena de custodia.<\/p>\n\n\n\n<p>El Juzgado les dio la raz\u00f3n: la Asamblea <strong>no ten\u00eda competencia para investigar a la universidad operadora<\/strong>, y su decisi\u00f3n \u201c<strong>rompi\u00f3 las reglas del concurso y vulner\u00f3 derechos fundamentales<\/strong>\u201d.<\/p>\n\n\n\n<hr class=\"wp-block-separator has-alpha-channel-opacity\"\/>\n\n\n\n<h3 class=\"wp-block-heading\"><strong>Una prueba bajo cuestionamientos<\/strong><\/h3>\n\n\n\n<p>La tutela, m\u00e1s all\u00e1 de su alcance jur\u00eddico, <strong>revivi\u00f3 los cuestionamientos<\/strong> sobre la transparencia y planeaci\u00f3n de la convocatoria, que ya hab\u00edan sido advertidos en <strong>art\u00edculos publicados por este medio en fechas anteriores<\/strong>.<\/p>\n\n\n\n<p>En esas publicaciones, <strong>varios aspirantes<\/strong> y observadores del proceso se\u00f1alaron <strong>falencias en las condiciones de la prueba de conocimientos<\/strong>, entre ellas:<\/p>\n\n\n\n<ul class=\"wp-block-list\">\n<li>El <strong>escaso tiempo de respuesta<\/strong>: solo <strong>60 minutos para resolver 50 preguntas<\/strong>, un margen mucho menor al de otros concursos similares.<\/li>\n\n\n\n<li>La inclusi\u00f3n de <strong>preguntas de alto nivel anal\u00edtico<\/strong>, consideradas desproporcionadas frente al perfil del cargo convocado.<\/li>\n\n\n\n<li>Que la convocatoria de elecci\u00f3n de universidades para apoyar el proceso de elecci\u00f3n se realiz\u00f3 <strong>un viernes despu\u00e9s de las 6 p.m., previo a un puente festivo<\/strong>, reduciendo el margen de presentaci\u00f3n de ofertas de instituciones de educaci\u00f3n superior.<\/li>\n<\/ul>\n\n\n\n<p>\u201c<strong>Fue una evaluaci\u00f3n sin garant\u00edas reales de equidad<\/strong>\u201d, coincidieron varios participantes consultados en su momento por www.<em>marthacifuentes.com<\/em>.<\/p>\n\n\n\n<hr class=\"wp-block-separator has-alpha-channel-opacity\"\/>\n\n\n\n<h3 class=\"wp-block-heading\"><strong>Las voces en disputa<\/strong><\/h3>\n\n\n\n<p>Mientras las tutelantes ped\u00edan continuar con el proceso, otros aspirantes \u2014como <strong>Carlos Ram\u00f3n Lizarazo<\/strong>, <strong>Robinson Luna<\/strong> y <strong>Carlos Fredy Mej\u00eda<\/strong>\u2014 <strong>defendieron la suspensi\u00f3n<\/strong>, alegando que la publicaci\u00f3n en redes compromet\u00eda la reserva t\u00e9cnica.<\/p>\n\n\n\n<p>Otros, como <strong>Fabio Luis C\u00e1rdenas<\/strong>, aseguraron haber sido excluidos por fallas en la notificaci\u00f3n.<\/p>\n\n\n\n<p>El juez, sin embargo, determin\u00f3 que <strong>la Asamblea no prob\u00f3 ning\u00fan da\u00f1o real ni irregularidad t\u00e9cnica<\/strong>, y que su actuaci\u00f3n gener\u00f3 <strong>un limbo administrativo que afect\u00f3 la confianza y los principios de m\u00e9rito y legalidad<\/strong>.<\/p>\n\n\n\n<hr class=\"wp-block-separator has-alpha-channel-opacity\"\/>\n\n\n\n<h3 class=\"wp-block-heading\"><strong>M\u00e1s all\u00e1 del fallo: un proceso en entredicho<\/strong><\/h3>\n\n\n\n<p>El pronunciamiento judicial evidenci\u00f3 un patr\u00f3n de <strong>improvisaci\u00f3n institucional<\/strong> en los concursos p\u00fablicos del departamento.<\/p>\n\n\n\n<p>La elecci\u00f3n del contralor, que deb\u00eda ser un ejercicio de transparencia, termin\u00f3 envuelta en fallas de comunicaci\u00f3n, criterios desiguales y decisiones apresuradas.<\/p>\n\n\n\n<p>El caso pasar\u00e1 ahora a la <strong>Corte Constitucional<\/strong>, mientras persiste la pregunta sobre la legalidad y la confianza en los concursos por m\u00e9rito.<\/p>\n\n\n\n<hr class=\"wp-block-separator has-alpha-channel-opacity\"\/>\n\n\n\n<h3 class=\"wp-block-heading\"><strong>Los m\u00e1s altos puntajes<\/strong><\/h3>\n\n\n\n<p>Carlos Camargo: con 88 puntos<\/p>\n\n\n\n<p>Gustavo Castro C\u00e1rdenas con 82 puntos<\/p>\n\n\n\n<p>Rigoberto Alfonso P\u00e9rez&nbsp;&nbsp;con&nbsp;80&nbsp;puntos<\/p>\n\n\n\n<p><\/p>\n\n\n\n<p><\/p>\n\n\n\n<p class=\"has-medium-font-size\"><strong>Fallo de tutela:<\/strong><\/p>\n\n\n\n<div data-wp-interactive=\"core\/file\" class=\"wp-block-file\"><object data-wp-bind--hidden=\"!state.hasPdfPreview\" hidden class=\"wp-block-file__embed\" data=\"https:\/\/marthacifuentes.com\/portada\/wp-content\/uploads\/2025\/10\/SentenciaTutela-2.pdf\" type=\"application\/pdf\" style=\"width:100%;height:600px\" aria-label=\"Incrustado de SentenciaTutela (2).\"><\/object><a id=\"wp-block-file--media-120b990d-0060-4ccf-b959-26c25e438793\" href=\"https:\/\/marthacifuentes.com\/portada\/wp-content\/uploads\/2025\/10\/SentenciaTutela-2.pdf\">SentenciaTutela (2)<\/a><a href=\"https:\/\/marthacifuentes.com\/portada\/wp-content\/uploads\/2025\/10\/SentenciaTutela-2.pdf\" class=\"wp-block-file__button wp-element-button\" download aria-describedby=\"wp-block-file--media-120b990d-0060-4ccf-b959-26c25e438793\">Descarga<\/a><\/div>\n","protected":false},"excerpt":{"rendered":"<p>El Juzgado Tercero Administrativo del Circuito de Yopal, en sentencia del 24 de octubre de 2025, fall\u00f3 a favor de las aspirantes Mar\u00eda Antonia Perilla C\u00e1rdenas y Diana Milena Jarro Rodas, quienes presentaron acci\u00f3n de tutela contra la Mesa Directiva de la Asamblea Departamental de Casanare. Ambas alegaban la vulneraci\u00f3n de sus derechos al debido &hellip;<\/p>\n","protected":false},"author":2,"featured_media":39244,"comment_status":"open","ping_status":"open","sticky":false,"template":"","format":"standard","meta":{"om_disable_all_campaigns":false,"_exactmetrics_skip_tracking":false,"_exactmetrics_sitenote_active":false,"_exactmetrics_sitenote_note":"","_exactmetrics_sitenote_category":0,"_monsterinsights_skip_tracking":false,"_monsterinsights_sitenote_active":false,"_monsterinsights_sitenote_note":"","_monsterinsights_sitenote_category":0,"_uf_show_specific_survey":0,"_uf_disable_surveys":false,"_joinchat":[],"footnotes":""},"categories":[147,146,145],"tags":[3053,154,14728,14283,14874,14872,14873,1400,179,11310,157],"class_list":["post-39238","post","type-post","status-publish","format-standard","has-post-thumbnail","hentry","category-actualidad","category-noticias","category-reportajes","tag-asamblea-departamental","tag-casanare","tag-concurso-publico","tag-contralor-departamental","tag-eleccion-contralor-casanare-reanudar","tag-juzgado-tercero-administrativo","tag-merito","tag-noticias-casanare","tag-tutela","tag-universidad-de-cartagena","tag-yopal"],"yoast_head":"<!-- This site is optimized with the Yoast SEO plugin v26.1 - https:\/\/yoast.com\/wordpress\/plugins\/seo\/ -->\n<title>Otra vez la justicia tuvo que intervenir: Juez orden\u00f3 reanudar pol\u00e9mico proceso de elecci\u00f3n para Contralor de Casanare - \u25b7 Noticias de Casanare : Martha Cifuentes | Casanare<\/title>\n<meta name=\"description\" content=\"El Juzgado de Yopal orden\u00f3 reanudar el concurso para Contralor de Casanare y revel\u00f3 fallas de transparencia y errores en la actuaci\u00f3n de la Asamblea.\" \/>\n<meta name=\"robots\" content=\"index, follow, max-snippet:-1, max-image-preview:large, max-video-preview:-1\" \/>\n<link rel=\"canonical\" href=\"https:\/\/marthacifuentes.com\/portada\/otra-vez-la-justicia-tiene-que-intervenir-reanudan-el-polemico-concurso-para-contralor-de-casanare\/\" \/>\n<meta property=\"og:locale\" content=\"es_ES\" \/>\n<meta property=\"og:type\" content=\"article\" \/>\n<meta property=\"og:title\" content=\"Otra vez la justicia tuvo que intervenir: Juez orden\u00f3 reanudar pol\u00e9mico proceso de elecci\u00f3n para Contralor de Casanare - \u25b7 Noticias de Casanare : Martha Cifuentes | Casanare\" \/>\n<meta property=\"og:description\" content=\"El Juzgado de Yopal orden\u00f3 reanudar el concurso para Contralor de Casanare y revel\u00f3 fallas de transparencia y errores en la actuaci\u00f3n de la Asamblea.\" \/>\n<meta property=\"og:url\" content=\"https:\/\/marthacifuentes.com\/portada\/otra-vez-la-justicia-tiene-que-intervenir-reanudan-el-polemico-concurso-para-contralor-de-casanare\/\" \/>\n<meta property=\"og:site_name\" content=\"\u25b7 Noticias de Casanare : Martha Cifuentes | Casanare\" \/>\n<meta property=\"article:published_time\" content=\"2025-10-24T21:17:59+00:00\" \/>\n<meta property=\"article:modified_time\" content=\"2025-10-24T21:26:52+00:00\" \/>\n<meta property=\"og:image\" content=\"https:\/\/marthacifuentes.com\/portada\/wp-content\/uploads\/2025\/10\/contraloria-casanare.png\" \/>\n\t<meta property=\"og:image:width\" content=\"567\" \/>\n\t<meta property=\"og:image:height\" content=\"307\" \/>\n\t<meta property=\"og:image:type\" content=\"image\/png\" \/>\n<meta name=\"author\" content=\"Martha Cifuentes\" \/>\n<meta name=\"twitter:card\" content=\"summary_large_image\" \/>\n<meta name=\"twitter:label1\" content=\"Escrito por\" \/>\n\t<meta name=\"twitter:data1\" content=\"Martha Cifuentes\" \/>\n\t<meta name=\"twitter:label2\" content=\"Tiempo de lectura\" \/>\n\t<meta name=\"twitter:data2\" content=\"4 minutos\" \/>\n<script type=\"application\/ld+json\" class=\"yoast-schema-graph\">{\"@context\":\"https:\/\/schema.org\",\"@graph\":[{\"@type\":\"WebPage\",\"@id\":\"https:\/\/marthacifuentes.com\/portada\/otra-vez-la-justicia-tiene-que-intervenir-reanudan-el-polemico-concurso-para-contralor-de-casanare\/\",\"url\":\"https:\/\/marthacifuentes.com\/portada\/otra-vez-la-justicia-tiene-que-intervenir-reanudan-el-polemico-concurso-para-contralor-de-casanare\/\",\"name\":\"Otra vez la justicia tuvo que intervenir: Juez orden\u00f3 reanudar pol\u00e9mico proceso de elecci\u00f3n para Contralor de Casanare - \u25b7 Noticias de Casanare : Martha Cifuentes | Casanare\",\"isPartOf\":{\"@id\":\"https:\/\/marthacifuentes.com\/portada\/#website\"},\"primaryImageOfPage\":{\"@id\":\"https:\/\/marthacifuentes.com\/portada\/otra-vez-la-justicia-tiene-que-intervenir-reanudan-el-polemico-concurso-para-contralor-de-casanare\/#primaryimage\"},\"image\":{\"@id\":\"https:\/\/marthacifuentes.com\/portada\/otra-vez-la-justicia-tiene-que-intervenir-reanudan-el-polemico-concurso-para-contralor-de-casanare\/#primaryimage\"},\"thumbnailUrl\":\"https:\/\/marthacifuentes.com\/portada\/wp-content\/uploads\/2025\/10\/contraloria-casanare.png\",\"datePublished\":\"2025-10-24T21:17:59+00:00\",\"dateModified\":\"2025-10-24T21:26:52+00:00\",\"author\":{\"@id\":\"https:\/\/marthacifuentes.com\/portada\/#\/schema\/person\/57f53174b991db5f90ff78d58502b714\"},\"description\":\"El Juzgado de Yopal orden\u00f3 reanudar el concurso para Contralor de Casanare y revel\u00f3 fallas de transparencia y errores en la actuaci\u00f3n de la Asamblea.\",\"breadcrumb\":{\"@id\":\"https:\/\/marthacifuentes.com\/portada\/otra-vez-la-justicia-tiene-que-intervenir-reanudan-el-polemico-concurso-para-contralor-de-casanare\/#breadcrumb\"},\"inLanguage\":\"es\",\"potentialAction\":[{\"@type\":\"ReadAction\",\"target\":[\"https:\/\/marthacifuentes.com\/portada\/otra-vez-la-justicia-tiene-que-intervenir-reanudan-el-polemico-concurso-para-contralor-de-casanare\/\"]}]},{\"@type\":\"ImageObject\",\"inLanguage\":\"es\",\"@id\":\"https:\/\/marthacifuentes.com\/portada\/otra-vez-la-justicia-tiene-que-intervenir-reanudan-el-polemico-concurso-para-contralor-de-casanare\/#primaryimage\",\"url\":\"https:\/\/marthacifuentes.com\/portada\/wp-content\/uploads\/2025\/10\/contraloria-casanare.png\",\"contentUrl\":\"https:\/\/marthacifuentes.com\/portada\/wp-content\/uploads\/2025\/10\/contraloria-casanare.png\",\"width\":567,\"height\":307,\"caption\":\"Juzgado de Yopal ordena reanudar concurso para Contralor de Casanare tras tutela\"},{\"@type\":\"BreadcrumbList\",\"@id\":\"https:\/\/marthacifuentes.com\/portada\/otra-vez-la-justicia-tiene-que-intervenir-reanudan-el-polemico-concurso-para-contralor-de-casanare\/#breadcrumb\",\"itemListElement\":[{\"@type\":\"ListItem\",\"position\":1,\"name\":\"Portada\",\"item\":\"https:\/\/marthacifuentes.com\/portada\/\"},{\"@type\":\"ListItem\",\"position\":2,\"name\":\"Otra vez la justicia tuvo que intervenir: Juez orden\u00f3 reanudar pol\u00e9mico proceso de elecci\u00f3n para Contralor de Casanare\"}]},{\"@type\":\"WebSite\",\"@id\":\"https:\/\/marthacifuentes.com\/portada\/#website\",\"url\":\"https:\/\/marthacifuentes.com\/portada\/\",\"name\":\"\u25b7 Noticias de Casanare : Martha Cifuentes | Casanare\",\"description\":\"Noticias &amp; Contenidos\",\"potentialAction\":[{\"@type\":\"SearchAction\",\"target\":{\"@type\":\"EntryPoint\",\"urlTemplate\":\"https:\/\/marthacifuentes.com\/portada\/?s={search_term_string}\"},\"query-input\":{\"@type\":\"PropertyValueSpecification\",\"valueRequired\":true,\"valueName\":\"search_term_string\"}}],\"inLanguage\":\"es\"},{\"@type\":\"Person\",\"@id\":\"https:\/\/marthacifuentes.com\/portada\/#\/schema\/person\/57f53174b991db5f90ff78d58502b714\",\"name\":\"Martha Cifuentes\",\"image\":{\"@type\":\"ImageObject\",\"inLanguage\":\"es\",\"@id\":\"https:\/\/marthacifuentes.com\/portada\/#\/schema\/person\/image\/\",\"url\":\"http:\/\/marthacifuentes.com\/portada\/wp-content\/uploads\/2018\/06\/avatar_user_2_1528838701-96x96.jpg\",\"contentUrl\":\"http:\/\/marthacifuentes.com\/portada\/wp-content\/uploads\/2018\/06\/avatar_user_2_1528838701-96x96.jpg\",\"caption\":\"Martha Cifuentes\"},\"sameAs\":[\"http:\/\/www.marthacifuentes.com\"],\"url\":\"https:\/\/marthacifuentes.com\/portada\/author\/martha\/\"}]}<\/script>\n<!-- \/ Yoast SEO plugin. -->","yoast_head_json":{"title":"Otra vez la justicia tuvo que intervenir: Juez orden\u00f3 reanudar pol\u00e9mico proceso de elecci\u00f3n para Contralor de Casanare - \u25b7 Noticias de Casanare : Martha Cifuentes | Casanare","description":"El Juzgado de Yopal orden\u00f3 reanudar el concurso para Contralor de Casanare y revel\u00f3 fallas de transparencia y errores en la actuaci\u00f3n de la Asamblea.","robots":{"index":"index","follow":"follow","max-snippet":"max-snippet:-1","max-image-preview":"max-image-preview:large","max-video-preview":"max-video-preview:-1"},"canonical":"https:\/\/marthacifuentes.com\/portada\/otra-vez-la-justicia-tiene-que-intervenir-reanudan-el-polemico-concurso-para-contralor-de-casanare\/","og_locale":"es_ES","og_type":"article","og_title":"Otra vez la justicia tuvo que intervenir: Juez orden\u00f3 reanudar pol\u00e9mico proceso de elecci\u00f3n para Contralor de Casanare - \u25b7 Noticias de Casanare : Martha Cifuentes | Casanare","og_description":"El Juzgado de Yopal orden\u00f3 reanudar el concurso para Contralor de Casanare y revel\u00f3 fallas de transparencia y errores en la actuaci\u00f3n de la Asamblea.","og_url":"https:\/\/marthacifuentes.com\/portada\/otra-vez-la-justicia-tiene-que-intervenir-reanudan-el-polemico-concurso-para-contralor-de-casanare\/","og_site_name":"\u25b7 Noticias de Casanare : Martha Cifuentes | Casanare","article_published_time":"2025-10-24T21:17:59+00:00","article_modified_time":"2025-10-24T21:26:52+00:00","og_image":[{"width":567,"height":307,"url":"https:\/\/marthacifuentes.com\/portada\/wp-content\/uploads\/2025\/10\/contraloria-casanare.png","type":"image\/png"}],"author":"Martha Cifuentes","twitter_card":"summary_large_image","twitter_misc":{"Escrito por":"Martha Cifuentes","Tiempo de lectura":"4 minutos"},"schema":{"@context":"https:\/\/schema.org","@graph":[{"@type":"WebPage","@id":"https:\/\/marthacifuentes.com\/portada\/otra-vez-la-justicia-tiene-que-intervenir-reanudan-el-polemico-concurso-para-contralor-de-casanare\/","url":"https:\/\/marthacifuentes.com\/portada\/otra-vez-la-justicia-tiene-que-intervenir-reanudan-el-polemico-concurso-para-contralor-de-casanare\/","name":"Otra vez la justicia tuvo que intervenir: Juez orden\u00f3 reanudar pol\u00e9mico proceso de elecci\u00f3n para Contralor de Casanare - \u25b7 Noticias de Casanare : Martha Cifuentes | Casanare","isPartOf":{"@id":"https:\/\/marthacifuentes.com\/portada\/#website"},"primaryImageOfPage":{"@id":"https:\/\/marthacifuentes.com\/portada\/otra-vez-la-justicia-tiene-que-intervenir-reanudan-el-polemico-concurso-para-contralor-de-casanare\/#primaryimage"},"image":{"@id":"https:\/\/marthacifuentes.com\/portada\/otra-vez-la-justicia-tiene-que-intervenir-reanudan-el-polemico-concurso-para-contralor-de-casanare\/#primaryimage"},"thumbnailUrl":"https:\/\/marthacifuentes.com\/portada\/wp-content\/uploads\/2025\/10\/contraloria-casanare.png","datePublished":"2025-10-24T21:17:59+00:00","dateModified":"2025-10-24T21:26:52+00:00","author":{"@id":"https:\/\/marthacifuentes.com\/portada\/#\/schema\/person\/57f53174b991db5f90ff78d58502b714"},"description":"El Juzgado de Yopal orden\u00f3 reanudar el concurso para Contralor de Casanare y revel\u00f3 fallas de transparencia y errores en la actuaci\u00f3n de la Asamblea.","breadcrumb":{"@id":"https:\/\/marthacifuentes.com\/portada\/otra-vez-la-justicia-tiene-que-intervenir-reanudan-el-polemico-concurso-para-contralor-de-casanare\/#breadcrumb"},"inLanguage":"es","potentialAction":[{"@type":"ReadAction","target":["https:\/\/marthacifuentes.com\/portada\/otra-vez-la-justicia-tiene-que-intervenir-reanudan-el-polemico-concurso-para-contralor-de-casanare\/"]}]},{"@type":"ImageObject","inLanguage":"es","@id":"https:\/\/marthacifuentes.com\/portada\/otra-vez-la-justicia-tiene-que-intervenir-reanudan-el-polemico-concurso-para-contralor-de-casanare\/#primaryimage","url":"https:\/\/marthacifuentes.com\/portada\/wp-content\/uploads\/2025\/10\/contraloria-casanare.png","contentUrl":"https:\/\/marthacifuentes.com\/portada\/wp-content\/uploads\/2025\/10\/contraloria-casanare.png","width":567,"height":307,"caption":"Juzgado de Yopal ordena reanudar concurso para Contralor de Casanare tras tutela"},{"@type":"BreadcrumbList","@id":"https:\/\/marthacifuentes.com\/portada\/otra-vez-la-justicia-tiene-que-intervenir-reanudan-el-polemico-concurso-para-contralor-de-casanare\/#breadcrumb","itemListElement":[{"@type":"ListItem","position":1,"name":"Portada","item":"https:\/\/marthacifuentes.com\/portada\/"},{"@type":"ListItem","position":2,"name":"Otra vez la justicia tuvo que intervenir: Juez orden\u00f3 reanudar pol\u00e9mico proceso de elecci\u00f3n para Contralor de Casanare"}]},{"@type":"WebSite","@id":"https:\/\/marthacifuentes.com\/portada\/#website","url":"https:\/\/marthacifuentes.com\/portada\/","name":"\u25b7 Noticias de Casanare : Martha Cifuentes | Casanare","description":"Noticias &amp; Contenidos","potentialAction":[{"@type":"SearchAction","target":{"@type":"EntryPoint","urlTemplate":"https:\/\/marthacifuentes.com\/portada\/?s={search_term_string}"},"query-input":{"@type":"PropertyValueSpecification","valueRequired":true,"valueName":"search_term_string"}}],"inLanguage":"es"},{"@type":"Person","@id":"https:\/\/marthacifuentes.com\/portada\/#\/schema\/person\/57f53174b991db5f90ff78d58502b714","name":"Martha Cifuentes","image":{"@type":"ImageObject","inLanguage":"es","@id":"https:\/\/marthacifuentes.com\/portada\/#\/schema\/person\/image\/","url":"http:\/\/marthacifuentes.com\/portada\/wp-content\/uploads\/2018\/06\/avatar_user_2_1528838701-96x96.jpg","contentUrl":"http:\/\/marthacifuentes.com\/portada\/wp-content\/uploads\/2018\/06\/avatar_user_2_1528838701-96x96.jpg","caption":"Martha Cifuentes"},"sameAs":["http:\/\/www.marthacifuentes.com"],"url":"https:\/\/marthacifuentes.com\/portada\/author\/martha\/"}]}},"_links":{"self":[{"href":"https:\/\/marthacifuentes.com\/portada\/wp-json\/wp\/v2\/posts\/39238","targetHints":{"allow":["GET"]}}],"collection":[{"href":"https:\/\/marthacifuentes.com\/portada\/wp-json\/wp\/v2\/posts"}],"about":[{"href":"https:\/\/marthacifuentes.com\/portada\/wp-json\/wp\/v2\/types\/post"}],"author":[{"embeddable":true,"href":"https:\/\/marthacifuentes.com\/portada\/wp-json\/wp\/v2\/users\/2"}],"replies":[{"embeddable":true,"href":"https:\/\/marthacifuentes.com\/portada\/wp-json\/wp\/v2\/comments?post=39238"}],"version-history":[{"count":6,"href":"https:\/\/marthacifuentes.com\/portada\/wp-json\/wp\/v2\/posts\/39238\/revisions"}],"predecessor-version":[{"id":39249,"href":"https:\/\/marthacifuentes.com\/portada\/wp-json\/wp\/v2\/posts\/39238\/revisions\/39249"}],"wp:featuredmedia":[{"embeddable":true,"href":"https:\/\/marthacifuentes.com\/portada\/wp-json\/wp\/v2\/media\/39244"}],"wp:attachment":[{"href":"https:\/\/marthacifuentes.com\/portada\/wp-json\/wp\/v2\/media?parent=39238"}],"wp:term":[{"taxonomy":"category","embeddable":true,"href":"https:\/\/marthacifuentes.com\/portada\/wp-json\/wp\/v2\/categories?post=39238"},{"taxonomy":"post_tag","embeddable":true,"href":"https:\/\/marthacifuentes.com\/portada\/wp-json\/wp\/v2\/tags?post=39238"}],"curies":[{"name":"wp","href":"https:\/\/api.w.org\/{rel}","templated":true}]}}