{"id":39251,"date":"2025-10-31T11:55:29","date_gmt":"2025-10-31T16:55:29","guid":{"rendered":"https:\/\/marthacifuentes.com\/portada\/?p=39251"},"modified":"2025-10-31T12:03:36","modified_gmt":"2025-10-31T17:03:36","slug":"asamblea-casanare-desacato-impugnacion-contralor-2025","status":"publish","type":"post","link":"https:\/\/marthacifuentes.com\/portada\/asamblea-casanare-desacato-impugnacion-contralor-2025\/","title":{"rendered":"Asamblea de Casanare enfrenta incidente de desacato e impugna fallo de tutela por proceso de elecci\u00f3n del Contralor"},"content":{"rendered":"\n<p>El conflicto por la elecci\u00f3n del Contralor Departamental de Casanare entr\u00f3 en un nuevo cap\u00edtulo, tal cual si fuera una serie de Netflix. El <strong>Juzgado Tercero Administrativo del Circuito de Yopal<\/strong> abri\u00f3 un <strong>incidente de desacato<\/strong> contra la mesa directiva de la <strong>Asamblea Departamental<\/strong><\/p>\n\n\n\n<p>Esto, por no cumplir una orden judicial que le exig\u00eda reanudar el proceso de convocatoria p\u00fablica para elegir al titular del control fiscal para el periodo 2026\u20132029.<\/p>\n\n\n\n<p>Al mismo tiempo, la corporaci\u00f3n interpuso una <strong>impugnaci\u00f3n formal al fallo de tutela<\/strong> que dio origen a esa orden.<\/p>\n\n\n\n<p>Argument\u00f3 errores de interpretaci\u00f3n y exceso de competencia del juez, en una estrategia jur\u00eddica que busca revertir la decisi\u00f3n y reafirmar la autonom\u00eda de la Asamblea.<\/p>\n\n\n<h4>\u00a0<\/h4>\n\n\n<p class=\"has-medium-font-size\"><strong>La orden judicial que desat\u00f3 el desacato<\/strong><\/p>\n\n\n\n<p>El 24 de octubre de 2025, el juzgado tutel\u00f3 los derechos al debido proceso y al acceso a cargos p\u00fablicos de las participantes <strong>Mar\u00eda Antonia Perilla C\u00e1rdenas<\/strong> y <strong>Diana Milena Jarro Rodas (exsecretaria general de la Asamblea).<\/strong><\/p>\n\n\n\n<p><strong>Orden\u00f3<\/strong> a la Asamblea publicar en un plazo de 48 horas los resultados preliminares de la prueba de conocimientos del concurso y ajustar el cronograma para permitir reclamaciones y garantizar la transparencia de la convocatoria.<\/p>\n\n\n\n<p>Sin embargo, el 30 de octubre el despacho judicial verific\u00f3 que la orden no hab\u00eda sido cumplida.<\/p>\n\n\n\n<p>Por ese motivo, abri\u00f3 un incidente de desacato contra los diputados <strong>Juan Fernando Mancipe P\u00e9rez<\/strong> (presidente), <strong>Jorge Eduardo Garc\u00eda<\/strong> (primer vicepresidente) y <strong>Marisela Duarte Rodr\u00edguez<\/strong> (segunda vicepresidenta), quienes deber\u00e1n responder ante el juzgado en un plazo de tres d\u00edas.<\/p>\n\n\n\n<p>La Asamblea justific\u00f3 su inacci\u00f3n argumentando que la existencia de <strong>recusaciones e impedimentos<\/strong> contra los miembros de la mesa directiva gener\u00f3 una \u201cimposibilidad jur\u00eddica y material\u201d para emitir el acto administrativo ordenado.<\/p>\n\n\n\n<p>No obstante, el juzgado consider\u00f3 que esos motivos no la exim\u00edan de cumplir la decisi\u00f3n judicial.<\/p>\n\n\n\n<p>De acuerdo con el <strong>art\u00edculo 52 del Decreto 2591 de 1991<\/strong>, el desacato a un fallo de tutela puede acarrear sanciones de <strong>arresto de hasta seis meses o multas de hasta veinte salarios m\u00ednimos mensuales<\/strong>, que recaer\u00edan directamente sobre los diputados implicados. E igual deben cumplir las \u00f3rdenes judiciales.<\/p>\n\n\n<h4>\u00a0<\/h4>\n\n<div class=\"wp-block-image\">\n<figure class=\"aligncenter size-full\"><img loading=\"lazy\" decoding=\"async\" width=\"566\" height=\"904\" src=\"https:\/\/marthacifuentes.com\/portada\/wp-content\/uploads\/2025\/10\/InkedRESUELVE-INCIDENTE-DE-DESACATO_LI.jpg\" alt=\"\" class=\"wp-image-39254\" srcset=\"https:\/\/marthacifuentes.com\/portada\/wp-content\/uploads\/2025\/10\/InkedRESUELVE-INCIDENTE-DE-DESACATO_LI.jpg 566w, https:\/\/marthacifuentes.com\/portada\/wp-content\/uploads\/2025\/10\/InkedRESUELVE-INCIDENTE-DE-DESACATO_LI-188x300.jpg 188w\" sizes=\"auto, (max-width: 566px) 100vw, 566px\" \/><\/figure><\/div>\n\n\n<p class=\"has-medium-font-size\"><strong>La impugnaci\u00f3n: defensa de la autonom\u00eda institucional<\/strong><\/p>\n\n\n\n<p>Paralelamente, la Asamblea present\u00f3 una <strong>impugnaci\u00f3n de 20 p\u00e1ginas<\/strong>, elaborada por su abogado <strong>Luis Alejandro Rinc\u00f3n Albarrac\u00edn<\/strong>, en la que solicita <strong>revocar en su totalidad el fallo de tutela.<\/strong><\/p>\n\n\n\n<p><strong>Tambi\u00e9n <\/strong>de manera subsidiaria, que se <strong>module la decisi\u00f3n<\/strong> para permitir que la corporaci\u00f3n retome el proceso bajo sus propios t\u00e9rminos.<\/p>\n\n\n\n<p>El documento argumenta que el juez <strong>valor\u00f3 err\u00f3neamente los hechos y desconoci\u00f3 la presunci\u00f3n de legalidad de los actos administrativos.<\/strong><\/p>\n\n\n\n<p><strong>Precis\u00f3 que<\/strong> adem\u00e1s se invadi\u00f3 las competencias del juez contencioso al ordenar la reanudaci\u00f3n del proceso.<\/p>\n\n\n\n<p>Seg\u00fan la defensa de la Duma, <strong>no se vulneraron derechos fundamentales<\/strong>, pues la suspensi\u00f3n de la convocatoria fue una medida <strong>preventiva y general<\/strong> adoptada para garantizar la legalidad del proceso.<\/p>\n\n\n\n<p>Esto, luego de que se detectara la <strong>filtraci\u00f3n anticipada de los resultados de la prueba de conocimientos en redes sociales<\/strong>, espec\u00edficamente en la p\u00e1gina <em>La Poderosa<\/em>.<\/p>\n\n\n\n<p>La Asamblea asegura haber actuado conforme al <strong>art\u00edculo 41 del C\u00f3digo de Procedimiento Administrativo y de lo Contencioso Administrativo (CPACA)<\/strong>, que faculta a las entidades p\u00fablicas a <strong>corregir irregularidades<\/strong> antes de expedir un acto definitivo.<\/p>\n\n\n\n<p>Por tanto, sostiene que la tutela fue <strong>improcedente<\/strong>, dado que las demandantes pod\u00edan acudir a otros mecanismos judiciales \u2014como la acci\u00f3n de nulidad simple o electoral\u2014 para controvertir la suspensi\u00f3n.<\/p>\n\n\n<h4>\u00a0<\/h4>\n\n\n<p class=\"has-medium-font-size\"><strong>Qu\u00e9 busca realmente la mesa directiva<\/strong><\/p>\n\n\n\n<p>Aunque formalmente la impugnaci\u00f3n solicita la <strong>revocatoria del fallo<\/strong>, su prop\u00f3sito va m\u00e1s all\u00e1: la mesa directiva pretende <strong>retomar el control total del proceso de elecci\u00f3n del Contralor<\/strong>, reafirmando su capacidad para decidir <strong>cu\u00e1ndo y c\u00f3mo continuar la convocatoria<\/strong>.<\/p>\n\n\n\n<p>Tambi\u00e9n se plantea una pretensi\u00f3n subsidiaria: si el Tribunal no revoca el fallo, se solicita que <strong>module la orden judicial<\/strong> y limite su alcance a que la Asamblea reanude el proceso <strong>sin que el juez imponga plazos, etapas o cronogramas espec\u00edficos<\/strong>.<\/p>\n\n\n<div class=\"wp-block-image\">\n<figure class=\"aligncenter size-full\"><img loading=\"lazy\" decoding=\"async\" width=\"567\" height=\"556\" src=\"https:\/\/marthacifuentes.com\/portada\/wp-content\/uploads\/2025\/10\/PRETENSION-IMPUGNACION-TUTELA.png\" alt=\"\" class=\"wp-image-39255\" srcset=\"https:\/\/marthacifuentes.com\/portada\/wp-content\/uploads\/2025\/10\/PRETENSION-IMPUGNACION-TUTELA.png 567w, https:\/\/marthacifuentes.com\/portada\/wp-content\/uploads\/2025\/10\/PRETENSION-IMPUGNACION-TUTELA-300x294.png 300w\" sizes=\"auto, (max-width: 567px) 100vw, 567px\" \/><\/figure><\/div>","protected":false},"excerpt":{"rendered":"<p>El conflicto por la elecci\u00f3n del Contralor Departamental de Casanare entr\u00f3 en un nuevo cap\u00edtulo, tal cual si fuera una serie de Netflix. El Juzgado Tercero Administrativo del Circuito de Yopal abri\u00f3 un incidente de desacato contra la mesa directiva de la Asamblea Departamental Esto, por no cumplir una orden judicial que le exig\u00eda reanudar &hellip;<\/p>\n","protected":false},"author":2,"featured_media":39257,"comment_status":"open","ping_status":"open","sticky":false,"template":"","format":"standard","meta":{"om_disable_all_campaigns":false,"_exactmetrics_skip_tracking":false,"_exactmetrics_sitenote_active":false,"_exactmetrics_sitenote_note":"","_exactmetrics_sitenote_category":0,"_monsterinsights_skip_tracking":false,"_monsterinsights_sitenote_active":false,"_monsterinsights_sitenote_note":"","_monsterinsights_sitenote_category":0,"_uf_show_specific_survey":0,"_uf_disable_surveys":false,"_joinchat":[],"footnotes":""},"categories":[147,146,145],"tags":[9126,14283,14876,8959,1241,10078,14875,332,157],"class_list":["post-39251","post","type-post","status-publish","format-standard","has-post-thumbnail","hentry","category-actualidad","category-noticias","category-reportajes","tag-asamblea-departamental-de-casanare","tag-contralor-departamental","tag-control-fiscal-2","tag-fallo-de-tutela","tag-incidente-de-desacato","tag-juan-fernando-mancipe","tag-luis-alejandro-rincon-albarracin","tag-tribunal-administrativo-de-casanare","tag-yopal"],"yoast_head":"<!-- This site is optimized with the Yoast SEO plugin v26.1 - https:\/\/yoast.com\/wordpress\/plugins\/seo\/ -->\n<title>Asamblea de Casanare enfrenta incidente de desacato e impugna fallo de tutela<\/title>\n<meta name=\"description\" content=\"El Juzgado de Yopal abri\u00f3 un incidente de desacato contra la mesa directiva de la Asamblea de Casanare por incumplir la orden de reanudar la elecci\u00f3n del Contralor. La corporaci\u00f3n tambi\u00e9n impugn\u00f3 el fallo, alegando exceso judicial y defendiendo su autonom\u00eda.\" \/>\n<meta name=\"robots\" content=\"index, follow, max-snippet:-1, max-image-preview:large, max-video-preview:-1\" \/>\n<link rel=\"canonical\" href=\"https:\/\/marthacifuentes.com\/portada\/asamblea-casanare-desacato-impugnacion-contralor-2025\/\" \/>\n<meta property=\"og:locale\" content=\"es_ES\" \/>\n<meta property=\"og:type\" content=\"article\" \/>\n<meta property=\"og:title\" content=\"Asamblea de Casanare enfrenta desacato e impugnaci\u00f3n por elecci\u00f3n del Contralor\" \/>\n<meta property=\"og:description\" content=\"La Asamblea Departamental de Casanare impugn\u00f3 el fallo que le orden\u00f3 reactivar la elecci\u00f3n del Contralor, mientras enfrenta un incidente de desacato por incumplir la decisi\u00f3n del Juzgado de Yopal.\" \/>\n<meta property=\"og:url\" content=\"https:\/\/marthacifuentes.com\/portada\/asamblea-casanare-desacato-impugnacion-contralor-2025\/\" \/>\n<meta property=\"og:site_name\" content=\"\u25b7 Noticias de Casanare : Martha Cifuentes | Casanare\" \/>\n<meta property=\"article:published_time\" content=\"2025-10-31T16:55:29+00:00\" \/>\n<meta property=\"article:modified_time\" content=\"2025-10-31T17:03:36+00:00\" \/>\n<meta property=\"og:image\" content=\"https:\/\/marthacifuentes.com\/portada\/wp-content\/uploads\/2025\/10\/CONTRALORIA-CASANARE-1.png\" \/>\n\t<meta property=\"og:image:width\" content=\"567\" \/>\n\t<meta property=\"og:image:height\" content=\"322\" \/>\n\t<meta property=\"og:image:type\" content=\"image\/png\" \/>\n<meta name=\"author\" content=\"Martha Cifuentes\" \/>\n<meta name=\"twitter:card\" content=\"summary_large_image\" \/>\n<meta name=\"twitter:title\" content=\"Asamblea de Casanare enfrenta desacato e impugnaci\u00f3n por elecci\u00f3n del Contralor\" \/>\n<meta name=\"twitter:description\" content=\"La Asamblea Departamental de Casanare impugn\u00f3 el fallo que le orden\u00f3 reactivar la elecci\u00f3n del Contralor, mientras enfrenta un incidente de desacato por incumplir la decisi\u00f3n del Juzgado de Yopal.\" \/>\n<meta name=\"twitter:label1\" content=\"Escrito por\" \/>\n\t<meta name=\"twitter:data1\" content=\"Martha Cifuentes\" \/>\n\t<meta name=\"twitter:label2\" content=\"Tiempo de lectura\" \/>\n\t<meta name=\"twitter:data2\" content=\"4 minutos\" \/>\n<script type=\"application\/ld+json\" class=\"yoast-schema-graph\">{\"@context\":\"https:\/\/schema.org\",\"@graph\":[{\"@type\":\"WebPage\",\"@id\":\"https:\/\/marthacifuentes.com\/portada\/asamblea-casanare-desacato-impugnacion-contralor-2025\/\",\"url\":\"https:\/\/marthacifuentes.com\/portada\/asamblea-casanare-desacato-impugnacion-contralor-2025\/\",\"name\":\"Asamblea de Casanare enfrenta incidente de desacato e impugna fallo de tutela\",\"isPartOf\":{\"@id\":\"https:\/\/marthacifuentes.com\/portada\/#website\"},\"primaryImageOfPage\":{\"@id\":\"https:\/\/marthacifuentes.com\/portada\/asamblea-casanare-desacato-impugnacion-contralor-2025\/#primaryimage\"},\"image\":{\"@id\":\"https:\/\/marthacifuentes.com\/portada\/asamblea-casanare-desacato-impugnacion-contralor-2025\/#primaryimage\"},\"thumbnailUrl\":\"https:\/\/marthacifuentes.com\/portada\/wp-content\/uploads\/2025\/10\/CONTRALORIA-CASANARE-1.png\",\"datePublished\":\"2025-10-31T16:55:29+00:00\",\"dateModified\":\"2025-10-31T17:03:36+00:00\",\"author\":{\"@id\":\"https:\/\/marthacifuentes.com\/portada\/#\/schema\/person\/57f53174b991db5f90ff78d58502b714\"},\"description\":\"El Juzgado de Yopal abri\u00f3 un incidente de desacato contra la mesa directiva de la Asamblea de Casanare por incumplir la orden de reanudar la elecci\u00f3n del Contralor. La corporaci\u00f3n tambi\u00e9n impugn\u00f3 el fallo, alegando exceso judicial y defendiendo su autonom\u00eda.\",\"breadcrumb\":{\"@id\":\"https:\/\/marthacifuentes.com\/portada\/asamblea-casanare-desacato-impugnacion-contralor-2025\/#breadcrumb\"},\"inLanguage\":\"es\",\"potentialAction\":[{\"@type\":\"ReadAction\",\"target\":[\"https:\/\/marthacifuentes.com\/portada\/asamblea-casanare-desacato-impugnacion-contralor-2025\/\"]}]},{\"@type\":\"ImageObject\",\"inLanguage\":\"es\",\"@id\":\"https:\/\/marthacifuentes.com\/portada\/asamblea-casanare-desacato-impugnacion-contralor-2025\/#primaryimage\",\"url\":\"https:\/\/marthacifuentes.com\/portada\/wp-content\/uploads\/2025\/10\/CONTRALORIA-CASANARE-1.png\",\"contentUrl\":\"https:\/\/marthacifuentes.com\/portada\/wp-content\/uploads\/2025\/10\/CONTRALORIA-CASANARE-1.png\",\"width\":567,\"height\":322,\"caption\":\"asamblea-casanare-desacato-impugnacion-contralor-2025\"},{\"@type\":\"BreadcrumbList\",\"@id\":\"https:\/\/marthacifuentes.com\/portada\/asamblea-casanare-desacato-impugnacion-contralor-2025\/#breadcrumb\",\"itemListElement\":[{\"@type\":\"ListItem\",\"position\":1,\"name\":\"Portada\",\"item\":\"https:\/\/marthacifuentes.com\/portada\/\"},{\"@type\":\"ListItem\",\"position\":2,\"name\":\"Asamblea de Casanare enfrenta incidente de desacato e impugna fallo de tutela por proceso de elecci\u00f3n del Contralor\"}]},{\"@type\":\"WebSite\",\"@id\":\"https:\/\/marthacifuentes.com\/portada\/#website\",\"url\":\"https:\/\/marthacifuentes.com\/portada\/\",\"name\":\"\u25b7 Noticias de Casanare : Martha Cifuentes | Casanare\",\"description\":\"Noticias &amp; Contenidos\",\"potentialAction\":[{\"@type\":\"SearchAction\",\"target\":{\"@type\":\"EntryPoint\",\"urlTemplate\":\"https:\/\/marthacifuentes.com\/portada\/?s={search_term_string}\"},\"query-input\":{\"@type\":\"PropertyValueSpecification\",\"valueRequired\":true,\"valueName\":\"search_term_string\"}}],\"inLanguage\":\"es\"},{\"@type\":\"Person\",\"@id\":\"https:\/\/marthacifuentes.com\/portada\/#\/schema\/person\/57f53174b991db5f90ff78d58502b714\",\"name\":\"Martha Cifuentes\",\"image\":{\"@type\":\"ImageObject\",\"inLanguage\":\"es\",\"@id\":\"https:\/\/marthacifuentes.com\/portada\/#\/schema\/person\/image\/\",\"url\":\"http:\/\/marthacifuentes.com\/portada\/wp-content\/uploads\/2018\/06\/avatar_user_2_1528838701-96x96.jpg\",\"contentUrl\":\"http:\/\/marthacifuentes.com\/portada\/wp-content\/uploads\/2018\/06\/avatar_user_2_1528838701-96x96.jpg\",\"caption\":\"Martha Cifuentes\"},\"sameAs\":[\"http:\/\/www.marthacifuentes.com\"],\"url\":\"https:\/\/marthacifuentes.com\/portada\/author\/martha\/\"}]}<\/script>\n<!-- \/ Yoast SEO plugin. -->","yoast_head_json":{"title":"Asamblea de Casanare enfrenta incidente de desacato e impugna fallo de tutela","description":"El Juzgado de Yopal abri\u00f3 un incidente de desacato contra la mesa directiva de la Asamblea de Casanare por incumplir la orden de reanudar la elecci\u00f3n del Contralor. La corporaci\u00f3n tambi\u00e9n impugn\u00f3 el fallo, alegando exceso judicial y defendiendo su autonom\u00eda.","robots":{"index":"index","follow":"follow","max-snippet":"max-snippet:-1","max-image-preview":"max-image-preview:large","max-video-preview":"max-video-preview:-1"},"canonical":"https:\/\/marthacifuentes.com\/portada\/asamblea-casanare-desacato-impugnacion-contralor-2025\/","og_locale":"es_ES","og_type":"article","og_title":"Asamblea de Casanare enfrenta desacato e impugnaci\u00f3n por elecci\u00f3n del Contralor","og_description":"La Asamblea Departamental de Casanare impugn\u00f3 el fallo que le orden\u00f3 reactivar la elecci\u00f3n del Contralor, mientras enfrenta un incidente de desacato por incumplir la decisi\u00f3n del Juzgado de Yopal.","og_url":"https:\/\/marthacifuentes.com\/portada\/asamblea-casanare-desacato-impugnacion-contralor-2025\/","og_site_name":"\u25b7 Noticias de Casanare : Martha Cifuentes | Casanare","article_published_time":"2025-10-31T16:55:29+00:00","article_modified_time":"2025-10-31T17:03:36+00:00","og_image":[{"width":567,"height":322,"url":"https:\/\/marthacifuentes.com\/portada\/wp-content\/uploads\/2025\/10\/CONTRALORIA-CASANARE-1.png","type":"image\/png"}],"author":"Martha Cifuentes","twitter_card":"summary_large_image","twitter_title":"Asamblea de Casanare enfrenta desacato e impugnaci\u00f3n por elecci\u00f3n del Contralor","twitter_description":"La Asamblea Departamental de Casanare impugn\u00f3 el fallo que le orden\u00f3 reactivar la elecci\u00f3n del Contralor, mientras enfrenta un incidente de desacato por incumplir la decisi\u00f3n del Juzgado de Yopal.","twitter_misc":{"Escrito por":"Martha Cifuentes","Tiempo de lectura":"4 minutos"},"schema":{"@context":"https:\/\/schema.org","@graph":[{"@type":"WebPage","@id":"https:\/\/marthacifuentes.com\/portada\/asamblea-casanare-desacato-impugnacion-contralor-2025\/","url":"https:\/\/marthacifuentes.com\/portada\/asamblea-casanare-desacato-impugnacion-contralor-2025\/","name":"Asamblea de Casanare enfrenta incidente de desacato e impugna fallo de tutela","isPartOf":{"@id":"https:\/\/marthacifuentes.com\/portada\/#website"},"primaryImageOfPage":{"@id":"https:\/\/marthacifuentes.com\/portada\/asamblea-casanare-desacato-impugnacion-contralor-2025\/#primaryimage"},"image":{"@id":"https:\/\/marthacifuentes.com\/portada\/asamblea-casanare-desacato-impugnacion-contralor-2025\/#primaryimage"},"thumbnailUrl":"https:\/\/marthacifuentes.com\/portada\/wp-content\/uploads\/2025\/10\/CONTRALORIA-CASANARE-1.png","datePublished":"2025-10-31T16:55:29+00:00","dateModified":"2025-10-31T17:03:36+00:00","author":{"@id":"https:\/\/marthacifuentes.com\/portada\/#\/schema\/person\/57f53174b991db5f90ff78d58502b714"},"description":"El Juzgado de Yopal abri\u00f3 un incidente de desacato contra la mesa directiva de la Asamblea de Casanare por incumplir la orden de reanudar la elecci\u00f3n del Contralor. La corporaci\u00f3n tambi\u00e9n impugn\u00f3 el fallo, alegando exceso judicial y defendiendo su autonom\u00eda.","breadcrumb":{"@id":"https:\/\/marthacifuentes.com\/portada\/asamblea-casanare-desacato-impugnacion-contralor-2025\/#breadcrumb"},"inLanguage":"es","potentialAction":[{"@type":"ReadAction","target":["https:\/\/marthacifuentes.com\/portada\/asamblea-casanare-desacato-impugnacion-contralor-2025\/"]}]},{"@type":"ImageObject","inLanguage":"es","@id":"https:\/\/marthacifuentes.com\/portada\/asamblea-casanare-desacato-impugnacion-contralor-2025\/#primaryimage","url":"https:\/\/marthacifuentes.com\/portada\/wp-content\/uploads\/2025\/10\/CONTRALORIA-CASANARE-1.png","contentUrl":"https:\/\/marthacifuentes.com\/portada\/wp-content\/uploads\/2025\/10\/CONTRALORIA-CASANARE-1.png","width":567,"height":322,"caption":"asamblea-casanare-desacato-impugnacion-contralor-2025"},{"@type":"BreadcrumbList","@id":"https:\/\/marthacifuentes.com\/portada\/asamblea-casanare-desacato-impugnacion-contralor-2025\/#breadcrumb","itemListElement":[{"@type":"ListItem","position":1,"name":"Portada","item":"https:\/\/marthacifuentes.com\/portada\/"},{"@type":"ListItem","position":2,"name":"Asamblea de Casanare enfrenta incidente de desacato e impugna fallo de tutela por proceso de elecci\u00f3n del Contralor"}]},{"@type":"WebSite","@id":"https:\/\/marthacifuentes.com\/portada\/#website","url":"https:\/\/marthacifuentes.com\/portada\/","name":"\u25b7 Noticias de Casanare : Martha Cifuentes | Casanare","description":"Noticias &amp; Contenidos","potentialAction":[{"@type":"SearchAction","target":{"@type":"EntryPoint","urlTemplate":"https:\/\/marthacifuentes.com\/portada\/?s={search_term_string}"},"query-input":{"@type":"PropertyValueSpecification","valueRequired":true,"valueName":"search_term_string"}}],"inLanguage":"es"},{"@type":"Person","@id":"https:\/\/marthacifuentes.com\/portada\/#\/schema\/person\/57f53174b991db5f90ff78d58502b714","name":"Martha Cifuentes","image":{"@type":"ImageObject","inLanguage":"es","@id":"https:\/\/marthacifuentes.com\/portada\/#\/schema\/person\/image\/","url":"http:\/\/marthacifuentes.com\/portada\/wp-content\/uploads\/2018\/06\/avatar_user_2_1528838701-96x96.jpg","contentUrl":"http:\/\/marthacifuentes.com\/portada\/wp-content\/uploads\/2018\/06\/avatar_user_2_1528838701-96x96.jpg","caption":"Martha Cifuentes"},"sameAs":["http:\/\/www.marthacifuentes.com"],"url":"https:\/\/marthacifuentes.com\/portada\/author\/martha\/"}]}},"_links":{"self":[{"href":"https:\/\/marthacifuentes.com\/portada\/wp-json\/wp\/v2\/posts\/39251","targetHints":{"allow":["GET"]}}],"collection":[{"href":"https:\/\/marthacifuentes.com\/portada\/wp-json\/wp\/v2\/posts"}],"about":[{"href":"https:\/\/marthacifuentes.com\/portada\/wp-json\/wp\/v2\/types\/post"}],"author":[{"embeddable":true,"href":"https:\/\/marthacifuentes.com\/portada\/wp-json\/wp\/v2\/users\/2"}],"replies":[{"embeddable":true,"href":"https:\/\/marthacifuentes.com\/portada\/wp-json\/wp\/v2\/comments?post=39251"}],"version-history":[{"count":4,"href":"https:\/\/marthacifuentes.com\/portada\/wp-json\/wp\/v2\/posts\/39251\/revisions"}],"predecessor-version":[{"id":39258,"href":"https:\/\/marthacifuentes.com\/portada\/wp-json\/wp\/v2\/posts\/39251\/revisions\/39258"}],"wp:featuredmedia":[{"embeddable":true,"href":"https:\/\/marthacifuentes.com\/portada\/wp-json\/wp\/v2\/media\/39257"}],"wp:attachment":[{"href":"https:\/\/marthacifuentes.com\/portada\/wp-json\/wp\/v2\/media?parent=39251"}],"wp:term":[{"taxonomy":"category","embeddable":true,"href":"https:\/\/marthacifuentes.com\/portada\/wp-json\/wp\/v2\/categories?post=39251"},{"taxonomy":"post_tag","embeddable":true,"href":"https:\/\/marthacifuentes.com\/portada\/wp-json\/wp\/v2\/tags?post=39251"}],"curies":[{"name":"wp","href":"https:\/\/api.w.org\/{rel}","templated":true}]}}