{"id":39286,"date":"2025-11-05T10:30:36","date_gmt":"2025-11-05T15:30:36","guid":{"rendered":"https:\/\/marthacifuentes.com\/portada\/?p=39286"},"modified":"2025-11-05T10:30:37","modified_gmt":"2025-11-05T15:30:37","slug":"division-centro-democratico-casanare-barrera-sanabria","status":"publish","type":"post","link":"https:\/\/marthacifuentes.com\/portada\/division-centro-democratico-casanare-barrera-sanabria\/","title":{"rendered":"Grieta interna en el uribismo casanare\u00f1o: la familia Barrera-Sanabria divide al Centro Democr\u00e1tico"},"content":{"rendered":"\n<p><\/p>\n\n\n\n<p><\/p>\n\n\n\n<hr class=\"wp-block-separator has-alpha-channel-opacity\"\/>\n\n\n\n<h1 class=\"wp-block-heading\"><\/h1>\n\n\n\n<p>La eventual precandidatura al Senado del exgobernador <strong>Salom\u00f3n Sanabria<\/strong> desat\u00f3 una tormenta dentro del Centro Democr\u00e1tico en Casanare. La exalcaldesa <strong>Eunice Escobar<\/strong>, su esposa <strong>Cielo Barrera<\/strong>, y varios militantes del partido cruzaron fuertes mensajes en redes, dejando al descubierto una fractura entre linaje y liderazgo.<\/p>\n\n\n\n<hr class=\"wp-block-separator has-alpha-channel-opacity\"\/>\n\n\n\n<h2 class=\"wp-block-heading\">El detonante<\/h2>\n\n\n\n<p>El fan page <strong>Casanare Informa<\/strong> public\u00f3 que el exgobernador <strong>Salom\u00f3n Sanabria<\/strong> \u201cya est\u00e1 oficialmente inscrito en la lista de precandidatos al Senado de la Rep\u00fablica por el partido Centro Democr\u00e1tico\u201d.<\/p>\n\n\n\n<p>La publicaci\u00f3n resalt\u00f3 que Sanabria \u2014ingeniero industrial, especialista en Contrataci\u00f3n Estatal y con maestr\u00eda en Proyectos de Desarrollo Sostenible\u2014 es cu\u00f1ado del senador <strong>Alirio Barrera<\/strong>, y que su perfil t\u00e9cnico lo proyecta como \u201cun perfil con peso propio dentro del partido\u201d.<\/p>\n\n\n\n<p>Sin embargo, el anuncio encendi\u00f3 la controversia entre figuras del mismo uribismo casanare\u00f1o, que no tardaron en expresar sus desacuerdos p\u00fablicamente.<\/p>\n\n\n\n<hr class=\"wp-block-separator has-alpha-channel-opacity\"\/>\n\n\n\n<h2 class=\"wp-block-heading\">Lo que dijo cada actor<\/h2>\n\n\n\n<h3 class=\"wp-block-heading\">Eunice Escobar Bernal \u2013 Exalcaldesa de Paz de Ariporo (Centro Democr\u00e1tico)<\/h3>\n\n\n\n<p>Critic\u00f3 duramente la postulaci\u00f3n de Sanabria y su gesti\u00f3n como gobernador, acus\u00e1ndolo de incumplir los compromisos con su municipio.<\/p>\n\n\n\n<blockquote class=\"wp-block-quote is-layout-flow wp-block-quote-is-layout-flow\">\n<p>\u201cYo fui alcaldesa del Centro Democr\u00e1tico cuando \u00e9l fue gobernador y todo en lo que se comprometi\u00f3 con nuestro municipio lo incumpli\u00f3\u2026 Nunca me respald\u00f3, ni siquiera en los momentos m\u00e1s dif\u00edciles como el estallido social.\u201d<\/p>\n<\/blockquote>\n\n\n\n<p>La exmandataria asegur\u00f3 que Sanabria le confes\u00f3 que \u201cno pensaba seguir en pol\u00edtica\u201d, y ahora lo ve contradici\u00e9ndose. Cerr\u00f3 su extensa publicaci\u00f3n con una cita b\u00edblica:<\/p>\n\n\n\n<blockquote class=\"wp-block-quote is-layout-flow wp-block-quote-is-layout-flow\">\n<p>\u201cMaldito el hombre que conf\u00eda en el hombre.\u201d \u2014 Jerem\u00edas 17:5<\/p>\n<\/blockquote>\n\n\n\n<hr class=\"wp-block-separator has-alpha-channel-opacity\"\/>\n\n\n\n<h3 class=\"wp-block-heading\">Cielo Barrera \u2013 Esposa de Salom\u00f3n Sanabria<\/h3>\n\n\n\n<p>Respondi\u00f3 con dureza, llamando a la exalcaldesa a la introspecci\u00f3n personal y defendiendo su fe.<\/p>\n\n\n\n<blockquote class=\"wp-block-quote is-layout-flow wp-block-quote-is-layout-flow\">\n<p>\u201cLe recomiendo que sane su coraz\u00f3n por su paz mental y por su salud\u2026 cuando se gobierna es dif\u00edcil tener contento a todo el mundo.\u201d<\/p>\n<\/blockquote>\n\n\n\n<p>A\u00f1adi\u00f3 que su fe \u201cest\u00e1 por encima de la pol\u00edtica y de cualquier cargo\u201d, y afirm\u00f3 que hacen oraci\u00f3n y ayuno \u201csin esconderlo ni negarlo\u201d.<\/p>\n\n\n\n<hr class=\"wp-block-separator has-alpha-channel-opacity\"\/>\n\n\n\n<h3 class=\"wp-block-heading\">Salom\u00f3n Sanabria \u2013 Exgobernador de Casanare y precandidato al Senado<\/h3>\n\n\n\n<p>Neg\u00f3 haber usado la religi\u00f3n con fines pol\u00edticos y defendi\u00f3 su gesti\u00f3n en Paz de Ariporo, mencionando obras concretas.<\/p>\n\n\n\n<blockquote class=\"wp-block-quote is-layout-flow wp-block-quote-is-layout-flow\">\n<p>\u201cNunca he utilizado a Dios en mis procesos pol\u00edticos\u2026 trat\u00e9 al m\u00e1ximo de ayudar en lo que estuvo a mi alcance.\u201d<\/p>\n<\/blockquote>\n\n\n\n<p>Enumer\u00f3 entre sus logros los recursos para el megacolegio, la biblioteca, la macro-gasificaci\u00f3n y la cancha cubierta de La Hermosa, y pidi\u00f3 evitar la confrontaci\u00f3n:<\/p>\n\n\n\n<blockquote class=\"wp-block-quote is-layout-flow wp-block-quote-is-layout-flow\">\n<p>\u201cHe sido respetuoso y he evitado tener una confrontaci\u00f3n\u2026 la vida nos dar\u00e1 la raz\u00f3n.\u201d<\/p>\n<\/blockquote>\n\n\n\n<hr class=\"wp-block-separator has-alpha-channel-opacity\"\/>\n\n\n\n<h3 class=\"wp-block-heading\">Andr\u00e9s Rueda G\u00f3mez \u2013 Militante uribista<\/h3>\n\n\n\n<p>Cuestion\u00f3 la concentraci\u00f3n del poder pol\u00edtico en la familia del senador Barrera.<\/p>\n\n\n\n<blockquote class=\"wp-block-quote is-layout-flow wp-block-quote-is-layout-flow\">\n<p>\u201cEl pueblo de Casanare dej\u00f3 claro que el senador no puede seguir escogiendo entre los muchos uribistas\u2026 solo familiares o su rosca.\u201d<\/p>\n<\/blockquote>\n\n\n\n<p>Pidi\u00f3 que si Barrera decide aspirar a la Gobernaci\u00f3n, \u201cdeje libre el cupo que se merece Casanare en la lista al Senado\u201d.<\/p>\n\n\n\n<hr class=\"wp-block-separator has-alpha-channel-opacity\"\/>\n\n\n\n<h3 class=\"wp-block-heading\">Luis Augusto Gonz\u00e1lez Avella \u2013 Dirigente del Centro Democr\u00e1tico<\/h3>\n\n\n\n<p>Denunci\u00f3 abiertamente lo que considera nepotismo estructural dentro del uribismo regional.<\/p>\n\n\n\n<blockquote class=\"wp-block-quote is-layout-flow wp-block-quote-is-layout-flow\">\n<p>\u201cEl partido Centro Democr\u00e1tico en Casanare se convirti\u00f3 en un hato con propietarios\u2026 los avales se entregan \u00fanicamente a familiares de los due\u00f1os del hato.\u201d<\/p>\n<\/blockquote>\n\n\n\n<p>Afirm\u00f3 que los militantes de base \u201ctrabajan como negros sin pago\u201d y luego \u201clos votan como papel higi\u00e9nico\u201d.<\/p>\n\n\n\n<hr class=\"wp-block-separator has-alpha-channel-opacity\"\/>\n\n\n\n<h3 class=\"wp-block-heading\">Claudia Acevedo Monta\u00f1ez \u2013 Activista uribista<\/h3>\n\n\n\n<p>Intent\u00f3 mantener un tono conciliador, pero reconoci\u00f3 la tensi\u00f3n interna y la necesidad de una candidatura fuerte.<\/p>\n\n\n\n<blockquote class=\"wp-block-quote is-layout-flow wp-block-quote-is-layout-flow\">\n<p>\u201cEs l\u00f3gico que por el trabajo que ha hecho Josu\u00e9 Alirio Barrera la curul est\u00e9 asegurada para un casanare\u00f1o, pero quien la ocupe debe tener estructura y respaldo real.\u201d<\/p>\n<\/blockquote>\n\n\n\n<p>Aun as\u00ed, advirti\u00f3 que al partido \u201cle toca lograr m\u00ednimo 60 mil votos de Casanare para sostener esa representaci\u00f3n\u201d.<\/p>\n\n\n\n<hr class=\"wp-block-separator has-alpha-channel-opacity\"\/>\n\n\n\n<h2 class=\"wp-block-heading\">Divisi\u00f3n abierta y consecuencias pol\u00edticas<\/h2>\n\n\n\n<p>La discusi\u00f3n p\u00fablica evidenci\u00f3 una fractura dentro del Centro Democr\u00e1tico en Casanare, marcada por tres tensiones principales:<\/p>\n\n\n\n<ol class=\"wp-block-list\">\n<li><strong>Nepotismo y concentraci\u00f3n de poder:<\/strong> se acusa a Alirio Barrera de reservar las principales candidaturas a sus familiares.<\/li>\n\n\n\n<li><strong>Malestar de la base uribista:<\/strong> militantes hist\u00f3ricos denuncian exclusi\u00f3n y falta de oportunidades pol\u00edticas.<\/li>\n\n\n\n<li><strong>P\u00e9rdida de cohesi\u00f3n electoral:<\/strong> los enfrentamientos en redes debilitan la imagen de unidad que el uribismo hab\u00eda mantenido en Casanare.<\/li>\n<\/ol>\n\n\n\n<p>Fuentes cercanas al partido confirman que la direcci\u00f3n nacional decidir\u00e1 a finales de noviembre qui\u00e9n representar\u00e1 a Casanare en la lista cerrada al Senado.<\/p>\n\n\n\n<hr class=\"wp-block-separator has-alpha-channel-opacity\"\/>\n\n\n\n<h2 class=\"wp-block-heading\">Lectura pol\u00edtica<\/h2>\n\n\n\n<p>La disputa entre la exalcaldesa, el exgobernador y figuras cercanas al senador Barrera revela un reacomodo de fuerzas dentro del uribismo casanare\u00f1o. El debate, lejos de ser anecd\u00f3tico, expone un problema estructural: la falta de renovaci\u00f3n interna en un partido que naci\u00f3 con discurso de meritocracia pero hoy enfrenta cr\u00edticas por sus din\u00e1micas familiares.<\/p>\n\n\n\n<hr class=\"wp-block-separator has-alpha-channel-opacity\"\/>\n\n\n\n<h2 class=\"wp-block-heading\">S\u00edntesis simb\u00f3lica<\/h2>\n\n\n\n<p>El Centro Democr\u00e1tico, que se proclama defensor de la familia, parece ahora v\u00edctima de su propia familia pol\u00edtica. En Casanare, el linaje, la lealtad y el poder se entrecruzan en una guerra dom\u00e9stica donde el apellido pesa m\u00e1s que el liderazgo.<\/p>\n\n\n\n<p>Y como dijo la exalcaldesa <strong>Eunice Escobar<\/strong>, citando a Jerem\u00edas: <em>\u201cMaldito el hombre que conf\u00eda en el hombre.\u201d<\/em><\/p>\n\n\n\n<hr class=\"wp-block-separator has-alpha-channel-opacity\"\/>\n\n\n\n<p><\/p>\n","protected":false},"excerpt":{"rendered":"<p>La eventual precandidatura al Senado del exgobernador Salom\u00f3n Sanabria desat\u00f3 una tormenta dentro del Centro Democr\u00e1tico en Casanare. La exalcaldesa Eunice Escobar, su esposa Cielo Barrera, y varios militantes del partido cruzaron fuertes mensajes en redes, dejando al descubierto una fractura entre linaje y liderazgo. El detonante El fan page Casanare Informa public\u00f3 que el &hellip;<\/p>\n","protected":false},"author":2,"featured_media":39292,"comment_status":"open","ping_status":"open","sticky":false,"template":"","format":"standard","meta":{"om_disable_all_campaigns":false,"_exactmetrics_skip_tracking":false,"_exactmetrics_sitenote_active":false,"_exactmetrics_sitenote_note":"","_exactmetrics_sitenote_category":0,"_monsterinsights_skip_tracking":false,"_monsterinsights_sitenote_active":false,"_monsterinsights_sitenote_note":"","_monsterinsights_sitenote_category":0,"_uf_show_specific_survey":0,"_uf_disable_surveys":false,"_joinchat":[],"footnotes":""},"categories":[147,146,145],"tags":[193,154,195,14903,6744,14902,2455,14904,14906],"class_list":["post-39286","post","type-post","status-publish","format-standard","has-post-thumbnail","hentry","category-actualidad","category-noticias","category-reportajes","tag-alirio-barrera","tag-casanare","tag-centro-democratico","tag-elecciones-2026-2","tag-eunice-escobar","tag-politica-regional","tag-salomon-sanabria","tag-tinteadero-politico","tag-uribismo"],"yoast_head":"<!-- This site is optimized with the Yoast SEO plugin v26.1 - https:\/\/yoast.com\/wordpress\/plugins\/seo\/ -->\n<title>Grieta interna en el uribismo casanare\u00f1o: la familia Barrera-Sanabria divide al Centro Democr\u00e1tico<\/title>\n<meta name=\"description\" content=\"Divisi\u00f3n en el Centro Democr\u00e1tico Casanare: familia Barrera-Sanabria enfrenta cr\u00edticas por control pol\u00edtico | Tinteadero Pol\u00edtico\" \/>\n<meta name=\"robots\" content=\"index, follow, max-snippet:-1, max-image-preview:large, max-video-preview:-1\" \/>\n<link rel=\"canonical\" href=\"https:\/\/marthacifuentes.com\/portada\/division-centro-democratico-casanare-barrera-sanabria\/\" \/>\n<meta property=\"og:locale\" content=\"es_ES\" \/>\n<meta property=\"og:type\" content=\"article\" \/>\n<meta property=\"og:title\" content=\"Grieta en el uribismo casanare\u00f1o: familia Barrera-Sanabria divide al Centro Democr\u00e1tico\" \/>\n<meta property=\"og:description\" content=\"El exgobernador Salom\u00f3n Sanabria lanz\u00f3 su precandidatura al Senado y desat\u00f3 una ola de cr\u00edticas desde el mismo Centro Democr\u00e1tico. Eunice Escobar, Cielo Barrera y otros uribistas protagonizan una pelea p\u00fablica que revela fracturas internas en el partido.\" \/>\n<meta property=\"og:url\" content=\"https:\/\/marthacifuentes.com\/portada\/division-centro-democratico-casanare-barrera-sanabria\/\" \/>\n<meta property=\"og:site_name\" content=\"\u25b7 Noticias de Casanare : Martha Cifuentes | Casanare\" \/>\n<meta property=\"article:published_time\" content=\"2025-11-05T15:30:36+00:00\" \/>\n<meta property=\"article:modified_time\" content=\"2025-11-05T15:30:37+00:00\" \/>\n<meta property=\"og:image\" content=\"https:\/\/marthacifuentes.com\/portada\/wp-content\/uploads\/2025\/11\/alirio-y-salomon.jpg\" \/>\n\t<meta property=\"og:image:width\" content=\"2048\" \/>\n\t<meta property=\"og:image:height\" content=\"1464\" \/>\n\t<meta property=\"og:image:type\" content=\"image\/jpeg\" \/>\n<meta name=\"author\" content=\"Martha Cifuentes\" \/>\n<meta name=\"twitter:card\" content=\"summary_large_image\" \/>\n<meta name=\"twitter:title\" content=\"Grieta en el uribismo casanare\u00f1o: familia Barrera-Sanabria divide al Centro Democr\u00e1tico\" \/>\n<meta name=\"twitter:description\" content=\"El exgobernador Salom\u00f3n Sanabria lanz\u00f3 su precandidatura al Senado y desat\u00f3 una ola de cr\u00edticas desde el mismo Centro Democr\u00e1tico. Eunice Escobar, Cielo Barrera y otros uribistas protagonizan una pelea p\u00fablica que revela fracturas internas en el partido.\" \/>\n<meta name=\"twitter:label1\" content=\"Escrito por\" \/>\n\t<meta name=\"twitter:data1\" content=\"Martha Cifuentes\" \/>\n\t<meta name=\"twitter:label2\" content=\"Tiempo de lectura\" \/>\n\t<meta name=\"twitter:data2\" content=\"4 minutos\" \/>\n<script type=\"application\/ld+json\" class=\"yoast-schema-graph\">{\"@context\":\"https:\/\/schema.org\",\"@graph\":[{\"@type\":\"WebPage\",\"@id\":\"https:\/\/marthacifuentes.com\/portada\/division-centro-democratico-casanare-barrera-sanabria\/\",\"url\":\"https:\/\/marthacifuentes.com\/portada\/division-centro-democratico-casanare-barrera-sanabria\/\",\"name\":\"Grieta interna en el uribismo casanare\u00f1o: la familia Barrera-Sanabria divide al Centro Democr\u00e1tico\",\"isPartOf\":{\"@id\":\"https:\/\/marthacifuentes.com\/portada\/#website\"},\"primaryImageOfPage\":{\"@id\":\"https:\/\/marthacifuentes.com\/portada\/division-centro-democratico-casanare-barrera-sanabria\/#primaryimage\"},\"image\":{\"@id\":\"https:\/\/marthacifuentes.com\/portada\/division-centro-democratico-casanare-barrera-sanabria\/#primaryimage\"},\"thumbnailUrl\":\"https:\/\/marthacifuentes.com\/portada\/wp-content\/uploads\/2025\/11\/alirio-y-salomon.jpg\",\"datePublished\":\"2025-11-05T15:30:36+00:00\",\"dateModified\":\"2025-11-05T15:30:37+00:00\",\"author\":{\"@id\":\"https:\/\/marthacifuentes.com\/portada\/#\/schema\/person\/57f53174b991db5f90ff78d58502b714\"},\"description\":\"Divisi\u00f3n en el Centro Democr\u00e1tico Casanare: familia Barrera-Sanabria enfrenta cr\u00edticas por control pol\u00edtico | Tinteadero Pol\u00edtico\",\"breadcrumb\":{\"@id\":\"https:\/\/marthacifuentes.com\/portada\/division-centro-democratico-casanare-barrera-sanabria\/#breadcrumb\"},\"inLanguage\":\"es\",\"potentialAction\":[{\"@type\":\"ReadAction\",\"target\":[\"https:\/\/marthacifuentes.com\/portada\/division-centro-democratico-casanare-barrera-sanabria\/\"]}]},{\"@type\":\"ImageObject\",\"inLanguage\":\"es\",\"@id\":\"https:\/\/marthacifuentes.com\/portada\/division-centro-democratico-casanare-barrera-sanabria\/#primaryimage\",\"url\":\"https:\/\/marthacifuentes.com\/portada\/wp-content\/uploads\/2025\/11\/alirio-y-salomon.jpg\",\"contentUrl\":\"https:\/\/marthacifuentes.com\/portada\/wp-content\/uploads\/2025\/11\/alirio-y-salomon.jpg\",\"width\":2048,\"height\":1464,\"caption\":\"La definici\u00f3n de los precandidatos al Senado por el Uribismo genera divisiones en el Centro Democr\u00e1tico en Casanare\"},{\"@type\":\"BreadcrumbList\",\"@id\":\"https:\/\/marthacifuentes.com\/portada\/division-centro-democratico-casanare-barrera-sanabria\/#breadcrumb\",\"itemListElement\":[{\"@type\":\"ListItem\",\"position\":1,\"name\":\"Portada\",\"item\":\"https:\/\/marthacifuentes.com\/portada\/\"},{\"@type\":\"ListItem\",\"position\":2,\"name\":\"Grieta interna en el uribismo casanare\u00f1o: la familia Barrera-Sanabria divide al Centro Democr\u00e1tico\"}]},{\"@type\":\"WebSite\",\"@id\":\"https:\/\/marthacifuentes.com\/portada\/#website\",\"url\":\"https:\/\/marthacifuentes.com\/portada\/\",\"name\":\"\u25b7 Noticias de Casanare : Martha Cifuentes | Casanare\",\"description\":\"Noticias &amp; Contenidos\",\"potentialAction\":[{\"@type\":\"SearchAction\",\"target\":{\"@type\":\"EntryPoint\",\"urlTemplate\":\"https:\/\/marthacifuentes.com\/portada\/?s={search_term_string}\"},\"query-input\":{\"@type\":\"PropertyValueSpecification\",\"valueRequired\":true,\"valueName\":\"search_term_string\"}}],\"inLanguage\":\"es\"},{\"@type\":\"Person\",\"@id\":\"https:\/\/marthacifuentes.com\/portada\/#\/schema\/person\/57f53174b991db5f90ff78d58502b714\",\"name\":\"Martha Cifuentes\",\"image\":{\"@type\":\"ImageObject\",\"inLanguage\":\"es\",\"@id\":\"https:\/\/marthacifuentes.com\/portada\/#\/schema\/person\/image\/\",\"url\":\"http:\/\/marthacifuentes.com\/portada\/wp-content\/uploads\/2018\/06\/avatar_user_2_1528838701-96x96.jpg\",\"contentUrl\":\"http:\/\/marthacifuentes.com\/portada\/wp-content\/uploads\/2018\/06\/avatar_user_2_1528838701-96x96.jpg\",\"caption\":\"Martha Cifuentes\"},\"sameAs\":[\"http:\/\/www.marthacifuentes.com\"],\"url\":\"https:\/\/marthacifuentes.com\/portada\/author\/martha\/\"}]}<\/script>\n<!-- \/ Yoast SEO plugin. -->","yoast_head_json":{"title":"Grieta interna en el uribismo casanare\u00f1o: la familia Barrera-Sanabria divide al Centro Democr\u00e1tico","description":"Divisi\u00f3n en el Centro Democr\u00e1tico Casanare: familia Barrera-Sanabria enfrenta cr\u00edticas por control pol\u00edtico | Tinteadero Pol\u00edtico","robots":{"index":"index","follow":"follow","max-snippet":"max-snippet:-1","max-image-preview":"max-image-preview:large","max-video-preview":"max-video-preview:-1"},"canonical":"https:\/\/marthacifuentes.com\/portada\/division-centro-democratico-casanare-barrera-sanabria\/","og_locale":"es_ES","og_type":"article","og_title":"Grieta en el uribismo casanare\u00f1o: familia Barrera-Sanabria divide al Centro Democr\u00e1tico","og_description":"El exgobernador Salom\u00f3n Sanabria lanz\u00f3 su precandidatura al Senado y desat\u00f3 una ola de cr\u00edticas desde el mismo Centro Democr\u00e1tico. Eunice Escobar, Cielo Barrera y otros uribistas protagonizan una pelea p\u00fablica que revela fracturas internas en el partido.","og_url":"https:\/\/marthacifuentes.com\/portada\/division-centro-democratico-casanare-barrera-sanabria\/","og_site_name":"\u25b7 Noticias de Casanare : Martha Cifuentes | Casanare","article_published_time":"2025-11-05T15:30:36+00:00","article_modified_time":"2025-11-05T15:30:37+00:00","og_image":[{"width":2048,"height":1464,"url":"https:\/\/marthacifuentes.com\/portada\/wp-content\/uploads\/2025\/11\/alirio-y-salomon.jpg","type":"image\/jpeg"}],"author":"Martha Cifuentes","twitter_card":"summary_large_image","twitter_title":"Grieta en el uribismo casanare\u00f1o: familia Barrera-Sanabria divide al Centro Democr\u00e1tico","twitter_description":"El exgobernador Salom\u00f3n Sanabria lanz\u00f3 su precandidatura al Senado y desat\u00f3 una ola de cr\u00edticas desde el mismo Centro Democr\u00e1tico. Eunice Escobar, Cielo Barrera y otros uribistas protagonizan una pelea p\u00fablica que revela fracturas internas en el partido.","twitter_misc":{"Escrito por":"Martha Cifuentes","Tiempo de lectura":"4 minutos"},"schema":{"@context":"https:\/\/schema.org","@graph":[{"@type":"WebPage","@id":"https:\/\/marthacifuentes.com\/portada\/division-centro-democratico-casanare-barrera-sanabria\/","url":"https:\/\/marthacifuentes.com\/portada\/division-centro-democratico-casanare-barrera-sanabria\/","name":"Grieta interna en el uribismo casanare\u00f1o: la familia Barrera-Sanabria divide al Centro Democr\u00e1tico","isPartOf":{"@id":"https:\/\/marthacifuentes.com\/portada\/#website"},"primaryImageOfPage":{"@id":"https:\/\/marthacifuentes.com\/portada\/division-centro-democratico-casanare-barrera-sanabria\/#primaryimage"},"image":{"@id":"https:\/\/marthacifuentes.com\/portada\/division-centro-democratico-casanare-barrera-sanabria\/#primaryimage"},"thumbnailUrl":"https:\/\/marthacifuentes.com\/portada\/wp-content\/uploads\/2025\/11\/alirio-y-salomon.jpg","datePublished":"2025-11-05T15:30:36+00:00","dateModified":"2025-11-05T15:30:37+00:00","author":{"@id":"https:\/\/marthacifuentes.com\/portada\/#\/schema\/person\/57f53174b991db5f90ff78d58502b714"},"description":"Divisi\u00f3n en el Centro Democr\u00e1tico Casanare: familia Barrera-Sanabria enfrenta cr\u00edticas por control pol\u00edtico | Tinteadero Pol\u00edtico","breadcrumb":{"@id":"https:\/\/marthacifuentes.com\/portada\/division-centro-democratico-casanare-barrera-sanabria\/#breadcrumb"},"inLanguage":"es","potentialAction":[{"@type":"ReadAction","target":["https:\/\/marthacifuentes.com\/portada\/division-centro-democratico-casanare-barrera-sanabria\/"]}]},{"@type":"ImageObject","inLanguage":"es","@id":"https:\/\/marthacifuentes.com\/portada\/division-centro-democratico-casanare-barrera-sanabria\/#primaryimage","url":"https:\/\/marthacifuentes.com\/portada\/wp-content\/uploads\/2025\/11\/alirio-y-salomon.jpg","contentUrl":"https:\/\/marthacifuentes.com\/portada\/wp-content\/uploads\/2025\/11\/alirio-y-salomon.jpg","width":2048,"height":1464,"caption":"La definici\u00f3n de los precandidatos al Senado por el Uribismo genera divisiones en el Centro Democr\u00e1tico en Casanare"},{"@type":"BreadcrumbList","@id":"https:\/\/marthacifuentes.com\/portada\/division-centro-democratico-casanare-barrera-sanabria\/#breadcrumb","itemListElement":[{"@type":"ListItem","position":1,"name":"Portada","item":"https:\/\/marthacifuentes.com\/portada\/"},{"@type":"ListItem","position":2,"name":"Grieta interna en el uribismo casanare\u00f1o: la familia Barrera-Sanabria divide al Centro Democr\u00e1tico"}]},{"@type":"WebSite","@id":"https:\/\/marthacifuentes.com\/portada\/#website","url":"https:\/\/marthacifuentes.com\/portada\/","name":"\u25b7 Noticias de Casanare : Martha Cifuentes | Casanare","description":"Noticias &amp; Contenidos","potentialAction":[{"@type":"SearchAction","target":{"@type":"EntryPoint","urlTemplate":"https:\/\/marthacifuentes.com\/portada\/?s={search_term_string}"},"query-input":{"@type":"PropertyValueSpecification","valueRequired":true,"valueName":"search_term_string"}}],"inLanguage":"es"},{"@type":"Person","@id":"https:\/\/marthacifuentes.com\/portada\/#\/schema\/person\/57f53174b991db5f90ff78d58502b714","name":"Martha Cifuentes","image":{"@type":"ImageObject","inLanguage":"es","@id":"https:\/\/marthacifuentes.com\/portada\/#\/schema\/person\/image\/","url":"http:\/\/marthacifuentes.com\/portada\/wp-content\/uploads\/2018\/06\/avatar_user_2_1528838701-96x96.jpg","contentUrl":"http:\/\/marthacifuentes.com\/portada\/wp-content\/uploads\/2018\/06\/avatar_user_2_1528838701-96x96.jpg","caption":"Martha Cifuentes"},"sameAs":["http:\/\/www.marthacifuentes.com"],"url":"https:\/\/marthacifuentes.com\/portada\/author\/martha\/"}]}},"_links":{"self":[{"href":"https:\/\/marthacifuentes.com\/portada\/wp-json\/wp\/v2\/posts\/39286","targetHints":{"allow":["GET"]}}],"collection":[{"href":"https:\/\/marthacifuentes.com\/portada\/wp-json\/wp\/v2\/posts"}],"about":[{"href":"https:\/\/marthacifuentes.com\/portada\/wp-json\/wp\/v2\/types\/post"}],"author":[{"embeddable":true,"href":"https:\/\/marthacifuentes.com\/portada\/wp-json\/wp\/v2\/users\/2"}],"replies":[{"embeddable":true,"href":"https:\/\/marthacifuentes.com\/portada\/wp-json\/wp\/v2\/comments?post=39286"}],"version-history":[{"count":7,"href":"https:\/\/marthacifuentes.com\/portada\/wp-json\/wp\/v2\/posts\/39286\/revisions"}],"predecessor-version":[{"id":39294,"href":"https:\/\/marthacifuentes.com\/portada\/wp-json\/wp\/v2\/posts\/39286\/revisions\/39294"}],"wp:featuredmedia":[{"embeddable":true,"href":"https:\/\/marthacifuentes.com\/portada\/wp-json\/wp\/v2\/media\/39292"}],"wp:attachment":[{"href":"https:\/\/marthacifuentes.com\/portada\/wp-json\/wp\/v2\/media?parent=39286"}],"wp:term":[{"taxonomy":"category","embeddable":true,"href":"https:\/\/marthacifuentes.com\/portada\/wp-json\/wp\/v2\/categories?post=39286"},{"taxonomy":"post_tag","embeddable":true,"href":"https:\/\/marthacifuentes.com\/portada\/wp-json\/wp\/v2\/tags?post=39286"}],"curies":[{"name":"wp","href":"https:\/\/api.w.org\/{rel}","templated":true}]}}