{"id":39311,"date":"2025-11-07T11:15:21","date_gmt":"2025-11-07T16:15:21","guid":{"rendered":"https:\/\/marthacifuentes.com\/portada\/?p=39311"},"modified":"2025-11-07T12:03:59","modified_gmt":"2025-11-07T17:03:59","slug":"malecon-yopal-rio-cravo-sur-antiguo-lote-hospital-cristo-monumental","status":"publish","type":"post","link":"https:\/\/marthacifuentes.com\/portada\/malecon-yopal-rio-cravo-sur-antiguo-lote-hospital-cristo-monumental\/","title":{"rendered":"El Malec\u00f3n del Cravo Sur, la obra que promete ubicar a Yopal en el mapa del turismo nacional"},"content":{"rendered":"\n<p>El <strong>Malec\u00f3n de Yopal<\/strong> se perfila como una de las obras m\u00e1s ambiciosas de la capital casanare\u00f1a. Con m\u00e1s de <strong>74.000 metros cuadrados<\/strong> de intervenci\u00f3n, el proyecto transformar\u00e1 el <strong>antiguo lote del hospital de Yopal<\/strong>, un terreno que durante a\u00f1os permaneci\u00f3 sin uso y que ahora ser\u00e1 recuperado como espacio p\u00fablico, cultural y tur\u00edstico.<\/p>\n\n\n\n<p>M\u00e1s que una obra de infraestructura, el malec\u00f3n busca <strong>reconciliar a Yopal con su r\u00edo<\/strong>, aprovechando el enorme potencial paisaj\u00edstico, econ\u00f3mico y social del <strong>r\u00edo Cravo Sur<\/strong>, uno de los s\u00edmbolos naturales m\u00e1s importantes de la regi\u00f3n.<\/p>\n\n\n\n<p>As\u00ed lo describieron el gobernador de Casanare C\u00e9sar Ortiz Zorro y el alcalde de Yopal Marco Tulio Ru\u00edz, durante la socializaci\u00f3n. <\/p>\n\n\n\n<p>En este se invertir\u00e1n aproximadamente 100 mil millones de pesos de regal\u00edas de la Gobernaci\u00f3n y la Alcald\u00eda. Para ello se contratar\u00eda una firma experta en este tipo de obras. <\/p>\n\n\n\n<hr class=\"wp-block-separator has-alpha-channel-opacity\"\/>\n\n\n\n<h2 class=\"wp-block-heading\">Un r\u00edo que vuelve al coraz\u00f3n de la ciudad<\/h2>\n\n\n\n<p>Durante d\u00e9cadas, el Cravo Sur fue visto como una frontera: un paisaje bello, pero peligroso y sin integraci\u00f3n urbana.<\/p>\n\n\n\n<p>El proyecto del malec\u00f3n propone <strong>un cambio de mirada<\/strong>: el r\u00edo deja de ser l\u00edmite y se convierte en <strong>eje de vida urbana<\/strong>, un lugar donde la naturaleza y la ciudad se encuentren sin miedo.<\/p>\n\n\n\n<p>El dise\u00f1o contempla <strong>senderos peatonales, ciclov\u00edas, zonas verdes, miradores y terrazas<\/strong> que permitir\u00e1n recorrer el borde del r\u00edo de forma segura y agradable.<\/p>\n\n\n\n<p>Tambi\u00e9n se proyecta la <strong>recuperaci\u00f3n ambiental del terreno<\/strong>, la estabilizaci\u00f3n del talud con muros de contenci\u00f3n y la siembra de vegetaci\u00f3n nativa, garantizando sostenibilidad y control del riesgo.<\/p>\n\n\n\n<blockquote class=\"wp-block-quote is-layout-flow wp-block-quote-is-layout-flow\">\n<p>\u201cEl malec\u00f3n nace desde el r\u00edo, no es borde, es conexi\u00f3n\u201d, se\u00f1ala el planteamiento arquitect\u00f3nico del proyecto.<\/p>\n<\/blockquote>\n\n\n\n<hr class=\"wp-block-separator has-alpha-channel-opacity\"\/>\n\n\n\n<h2 class=\"wp-block-heading\">Cultura, recreaci\u00f3n y emprendimiento<\/h2>\n\n\n\n<p>El malec\u00f3n se fundamenta en cuatro pilares: <strong>cultura, recreaci\u00f3n, econom\u00eda y seguridad<\/strong>.<br>En el componente cultural destaca una <strong>plaza de eventos con capacidad para m\u00e1s de 4.000 personas<\/strong>, un <strong>edificio de artesan\u00edas y emprendimientos locales<\/strong> y una <strong>torre mirador<\/strong> con vista panor\u00e1mica al r\u00edo.<\/p>\n\n\n\n<p>El componente recreativo incluye parques infantiles, una zona biosaludable, parque canino y un parque de agua para el disfrute de todas las edades.<br>En la parte econ\u00f3mica, se desarrollar\u00e1n locales gastron\u00f3micos y comerciales que impulsar\u00e1n el turismo, el empleo y los emprendimientos de Yopal.<\/p>\n\n\n\n<p>Adem\u00e1s, el proyecto contempla <strong>buena iluminaci\u00f3n, zonas de descanso, pantallas informativas, puntos de atenci\u00f3n y presencia institucional<\/strong> para garantizar seguridad y apropiaci\u00f3n ciudadana.<\/p>\n\n\n\n<figure class=\"wp-block-gallery has-nested-images columns-default is-cropped wp-block-gallery-1 is-layout-flex wp-block-gallery-is-layout-flex\">\n<figure class=\"wp-block-image size-large\"><img loading=\"lazy\" decoding=\"async\" width=\"567\" height=\"317\" data-id=\"39332\" src=\"https:\/\/marthacifuentes.com\/portada\/wp-content\/uploads\/2025\/11\/zona-gastronomica-1.png\" alt=\"\" class=\"wp-image-39332\" srcset=\"https:\/\/marthacifuentes.com\/portada\/wp-content\/uploads\/2025\/11\/zona-gastronomica-1.png 567w, https:\/\/marthacifuentes.com\/portada\/wp-content\/uploads\/2025\/11\/zona-gastronomica-1-300x168.png 300w\" sizes=\"auto, (max-width: 567px) 100vw, 567px\" \/><\/figure>\n<\/figure>\n\n\n\n<hr class=\"wp-block-separator has-alpha-channel-opacity\"\/>\n\n\n\n<h2 class=\"wp-block-heading\">Un Cristo monumental: s\u00edmbolo de fe o de identidad<\/h2>\n\n\n\n<p>Uno de los elementos m\u00e1s llamativos del dise\u00f1o es la construcci\u00f3n de un <strong>monumento de 34 metros de altura con la imagen de Jesucristo<\/strong>, que se proyecta como el nuevo \u00edcono tur\u00edstico de la ciudad.<\/p>\n\n\n\n<p>Para algunos ciudadanos, la figura del Cristo representa <strong>un s\u00edmbolo de esperanza y fe<\/strong>, capaz de atraer visitantes y proyectar a Yopal en el mapa tur\u00edstico nacional e internacional, al estilo de otras ciudades del mundo.<\/p>\n\n\n\n<p>Sin embargo, tambi\u00e9n hay voces que plantean que <strong>una obra de esa magnitud deber\u00eda reflejar la identidad cultural del llano<\/strong>, combinando los valores espirituales con las expresiones propias de la regi\u00f3n.<\/p>\n\n\n\n<p>El debate est\u00e1 abierto: \u00bfser\u00e1 el Cristo un emblema universal de bienvenida o un s\u00edmbolo que desplace el car\u00e1cter aut\u00f3ctono del Casanare?<\/p>\n\n\n<div class=\"wp-block-image\">\n<figure class=\"aligncenter size-full is-resized\"><img loading=\"lazy\" decoding=\"async\" width=\"567\" height=\"322\" src=\"https:\/\/marthacifuentes.com\/portada\/wp-content\/uploads\/2025\/11\/monumento-de-jesus-2.png\" alt=\"\" class=\"wp-image-39334\" style=\"width:840px;height:auto\" srcset=\"https:\/\/marthacifuentes.com\/portada\/wp-content\/uploads\/2025\/11\/monumento-de-jesus-2.png 567w, https:\/\/marthacifuentes.com\/portada\/wp-content\/uploads\/2025\/11\/monumento-de-jesus-2-300x170.png 300w, https:\/\/marthacifuentes.com\/portada\/wp-content\/uploads\/2025\/11\/monumento-de-jesus-2-390x220.png 390w\" sizes=\"auto, (max-width: 567px) 100vw, 567px\" \/><\/figure><\/div>\n\n\n<hr class=\"wp-block-separator has-alpha-channel-opacity\"\/>\n\n\n\n<h2 class=\"wp-block-heading\">Memoria, transformaci\u00f3n y futuro<\/h2>\n\n\n\n<p>El valor simb\u00f3lico del proyecto tambi\u00e9n radica en el lugar donde se construir\u00e1.<br>El terreno perteneci\u00f3 durante a\u00f1os al <strong>Hospital de Yopal<\/strong>, instituci\u00f3n central para la historia social del municipio.<br>Convertir ese espacio \u2014antes destinado a la salud\u2014 en un <strong>parque para el encuentro, la cultura y el turismo<\/strong> representa un cambio profundo en la manera de habitar la ciudad: el paso de la atenci\u00f3n cl\u00ednica al <strong>bienestar colectivo<\/strong>.<\/p>\n\n\n<div class=\"wp-block-image\">\n<figure class=\"aligncenter size-full is-resized\"><img loading=\"lazy\" decoding=\"async\" width=\"567\" height=\"316\" src=\"https:\/\/marthacifuentes.com\/portada\/wp-content\/uploads\/2025\/11\/plaza-de-eventos-1.png\" alt=\"\" class=\"wp-image-39335\" style=\"width:840px;height:auto\" srcset=\"https:\/\/marthacifuentes.com\/portada\/wp-content\/uploads\/2025\/11\/plaza-de-eventos-1.png 567w, https:\/\/marthacifuentes.com\/portada\/wp-content\/uploads\/2025\/11\/plaza-de-eventos-1-300x167.png 300w\" sizes=\"auto, (max-width: 567px) 100vw, 567px\" \/><\/figure><\/div>\n\n\n<hr class=\"wp-block-separator has-alpha-channel-opacity\"\/>\n\n\n\n<h2 class=\"wp-block-heading\">Un nuevo s\u00edmbolo para Yopal<\/h2>\n\n\n\n<p>Si se ejecuta con transparencia, participaci\u00f3n ciudadana y respeto ambiental, el <strong>Malec\u00f3n del Cravo Sur<\/strong> puede convertirse en <strong>el nuevo coraz\u00f3n urbano de Yopal<\/strong>: un espacio donde el r\u00edo, la cultura y la fe convivan en armon\u00eda.<\/p>\n\n\n\n<blockquote class=\"wp-block-quote is-layout-flow wp-block-quote-is-layout-flow\">\n<p>El verdadero s\u00edmbolo de esta obra no ser\u00e1 la altura del Cristo ni la magnitud de las estructuras, sino <strong>la capacidad de Yopal para reencontrarse con su r\u00edo, su historia y su gente<\/strong>.<\/p>\n\n\n\n<figure class=\"wp-block-gallery has-nested-images columns-default is-cropped wp-block-gallery-2 is-layout-flex wp-block-gallery-is-layout-flex\">\n<figure class=\"wp-block-image size-large\"><img loading=\"lazy\" decoding=\"async\" width=\"567\" height=\"319\" data-id=\"39343\" src=\"https:\/\/marthacifuentes.com\/portada\/wp-content\/uploads\/2025\/11\/parque-de-agua-1.png\" alt=\"\" class=\"wp-image-39343\" srcset=\"https:\/\/marthacifuentes.com\/portada\/wp-content\/uploads\/2025\/11\/parque-de-agua-1.png 567w, https:\/\/marthacifuentes.com\/portada\/wp-content\/uploads\/2025\/11\/parque-de-agua-1-300x169.png 300w, https:\/\/marthacifuentes.com\/portada\/wp-content\/uploads\/2025\/11\/parque-de-agua-1-390x220.png 390w\" sizes=\"auto, (max-width: 567px) 100vw, 567px\" \/><\/figure>\n\n\n\n<figure class=\"wp-block-image size-large\"><img loading=\"lazy\" decoding=\"async\" width=\"567\" height=\"325\" data-id=\"39344\" src=\"https:\/\/marthacifuentes.com\/portada\/wp-content\/uploads\/2025\/11\/parque-canino-1.png\" alt=\"\" class=\"wp-image-39344\" srcset=\"https:\/\/marthacifuentes.com\/portada\/wp-content\/uploads\/2025\/11\/parque-canino-1.png 567w, https:\/\/marthacifuentes.com\/portada\/wp-content\/uploads\/2025\/11\/parque-canino-1-300x172.png 300w\" sizes=\"auto, (max-width: 567px) 100vw, 567px\" \/><\/figure>\n\n\n\n<figure class=\"wp-block-image size-large\"><img loading=\"lazy\" decoding=\"async\" width=\"567\" height=\"321\" data-id=\"39338\" src=\"https:\/\/marthacifuentes.com\/portada\/wp-content\/uploads\/2025\/11\/zona-biosaludable-1.png\" alt=\"\" class=\"wp-image-39338\" srcset=\"https:\/\/marthacifuentes.com\/portada\/wp-content\/uploads\/2025\/11\/zona-biosaludable-1.png 567w, https:\/\/marthacifuentes.com\/portada\/wp-content\/uploads\/2025\/11\/zona-biosaludable-1-300x170.png 300w, https:\/\/marthacifuentes.com\/portada\/wp-content\/uploads\/2025\/11\/zona-biosaludable-1-390x220.png 390w\" sizes=\"auto, (max-width: 567px) 100vw, 567px\" \/><\/figure>\n\n\n\n<figure class=\"wp-block-image size-large\"><img loading=\"lazy\" decoding=\"async\" width=\"567\" height=\"317\" data-id=\"39337\" src=\"https:\/\/marthacifuentes.com\/portada\/wp-content\/uploads\/2025\/11\/torre-mirador-1.png\" alt=\"\" class=\"wp-image-39337\" srcset=\"https:\/\/marthacifuentes.com\/portada\/wp-content\/uploads\/2025\/11\/torre-mirador-1.png 567w, https:\/\/marthacifuentes.com\/portada\/wp-content\/uploads\/2025\/11\/torre-mirador-1-300x168.png 300w\" sizes=\"auto, (max-width: 567px) 100vw, 567px\" \/><\/figure>\n\n\n\n<figure class=\"wp-block-image size-large\"><img loading=\"lazy\" decoding=\"async\" width=\"567\" height=\"274\" data-id=\"39339\" src=\"https:\/\/marthacifuentes.com\/portada\/wp-content\/uploads\/2025\/11\/acceso-al-malecon-1.png\" alt=\"\" class=\"wp-image-39339\" srcset=\"https:\/\/marthacifuentes.com\/portada\/wp-content\/uploads\/2025\/11\/acceso-al-malecon-1.png 567w, https:\/\/marthacifuentes.com\/portada\/wp-content\/uploads\/2025\/11\/acceso-al-malecon-1-300x145.png 300w\" sizes=\"auto, (max-width: 567px) 100vw, 567px\" \/><\/figure>\n\n\n\n<figure class=\"wp-block-image size-large\"><img loading=\"lazy\" decoding=\"async\" width=\"567\" height=\"318\" data-id=\"39340\" src=\"https:\/\/marthacifuentes.com\/portada\/wp-content\/uploads\/2025\/11\/circulacion-interna-2.png\" alt=\"\" class=\"wp-image-39340\" srcset=\"https:\/\/marthacifuentes.com\/portada\/wp-content\/uploads\/2025\/11\/circulacion-interna-2.png 567w, https:\/\/marthacifuentes.com\/portada\/wp-content\/uploads\/2025\/11\/circulacion-interna-2-300x168.png 300w, https:\/\/marthacifuentes.com\/portada\/wp-content\/uploads\/2025\/11\/circulacion-interna-2-390x220.png 390w\" sizes=\"auto, (max-width: 567px) 100vw, 567px\" \/><\/figure>\n\n\n\n<figure class=\"wp-block-image size-large\"><img loading=\"lazy\" decoding=\"async\" width=\"567\" height=\"327\" data-id=\"39336\" src=\"https:\/\/marthacifuentes.com\/portada\/wp-content\/uploads\/2025\/11\/zonificacion-2.png\" alt=\"\" class=\"wp-image-39336\" srcset=\"https:\/\/marthacifuentes.com\/portada\/wp-content\/uploads\/2025\/11\/zonificacion-2.png 567w, https:\/\/marthacifuentes.com\/portada\/wp-content\/uploads\/2025\/11\/zonificacion-2-300x173.png 300w\" sizes=\"auto, (max-width: 567px) 100vw, 567px\" \/><\/figure>\n\n\n\n<figure class=\"wp-block-image size-large\"><img loading=\"lazy\" decoding=\"async\" width=\"567\" height=\"317\" data-id=\"39341\" src=\"https:\/\/marthacifuentes.com\/portada\/wp-content\/uploads\/2025\/11\/topografia-2.png\" alt=\"\" class=\"wp-image-39341\" srcset=\"https:\/\/marthacifuentes.com\/portada\/wp-content\/uploads\/2025\/11\/topografia-2.png 567w, https:\/\/marthacifuentes.com\/portada\/wp-content\/uploads\/2025\/11\/topografia-2-300x168.png 300w\" sizes=\"auto, (max-width: 567px) 100vw, 567px\" \/><\/figure>\n\n\n\n<figure class=\"wp-block-image size-large\"><img loading=\"lazy\" decoding=\"async\" width=\"567\" height=\"318\" data-id=\"39342\" src=\"https:\/\/marthacifuentes.com\/portada\/wp-content\/uploads\/2025\/11\/DIAGNOSTICO-2.png\" alt=\"\" class=\"wp-image-39342\" srcset=\"https:\/\/marthacifuentes.com\/portada\/wp-content\/uploads\/2025\/11\/DIAGNOSTICO-2.png 567w, https:\/\/marthacifuentes.com\/portada\/wp-content\/uploads\/2025\/11\/DIAGNOSTICO-2-300x168.png 300w, https:\/\/marthacifuentes.com\/portada\/wp-content\/uploads\/2025\/11\/DIAGNOSTICO-2-390x220.png 390w\" sizes=\"auto, (max-width: 567px) 100vw, 567px\" \/><\/figure>\n<\/figure>\n<\/blockquote>\n\n\n\n<p><\/p>\n","protected":false},"excerpt":{"rendered":"<p>El Malec\u00f3n de Yopal se perfila como una de las obras m\u00e1s ambiciosas de la capital casanare\u00f1a. Con m\u00e1s de 74.000 metros cuadrados de intervenci\u00f3n, el proyecto transformar\u00e1 el antiguo lote del hospital de Yopal, un terreno que durante a\u00f1os permaneci\u00f3 sin uso y que ahora ser\u00e1 recuperado como espacio p\u00fablico, cultural y tur\u00edstico. M\u00e1s &hellip;<\/p>\n","protected":false},"author":2,"featured_media":39345,"comment_status":"open","ping_status":"open","sticky":false,"template":"","format":"standard","meta":{"om_disable_all_campaigns":false,"_exactmetrics_skip_tracking":false,"_exactmetrics_sitenote_active":false,"_exactmetrics_sitenote_note":"","_exactmetrics_sitenote_category":0,"_monsterinsights_skip_tracking":false,"_monsterinsights_sitenote_active":false,"_monsterinsights_sitenote_note":"","_monsterinsights_sitenote_category":0,"_uf_show_specific_survey":0,"_uf_disable_surveys":false,"_joinchat":[],"footnotes":""},"categories":[147,146,145],"tags":[],"class_list":["post-39311","post","type-post","status-publish","format-standard","has-post-thumbnail","hentry","category-actualidad","category-noticias","category-reportajes"],"yoast_head":"<!-- This site is optimized with the Yoast SEO plugin v26.1 - https:\/\/yoast.com\/wordpress\/plugins\/seo\/ -->\n<title>Malec\u00f3n de Yopal: el antiguo lote del hospital se convertir\u00e1 en un espacio para el r\u00edo, la cultura y la fe | Casanare Hoy<\/title>\n<meta name=\"description\" content=\"El proyecto del Malec\u00f3n de Yopal transformar\u00e1 el antiguo terreno del hospital en un espacio p\u00fablico de 74.000 m\u00b2 con parques, zonas culturales, locales gastron\u00f3micos y un monumento de 34 metros con la imagen de Jesucristo.\" \/>\n<meta name=\"robots\" content=\"index, follow, max-snippet:-1, max-image-preview:large, max-video-preview:-1\" \/>\n<link rel=\"canonical\" href=\"https:\/\/marthacifuentes.com\/portada\/malecon-yopal-rio-cravo-sur-antiguo-lote-hospital-cristo-monumental\/\" \/>\n<meta property=\"og:locale\" content=\"es_ES\" \/>\n<meta property=\"og:type\" content=\"article\" \/>\n<meta property=\"og:title\" content=\"Malec\u00f3n de Yopal: un nuevo s\u00edmbolo urbano junto al r\u00edo Cravo Sur\" \/>\n<meta property=\"og:description\" content=\"El antiguo lote del hospital de Yopal dar\u00e1 paso a un moderno malec\u00f3n con espacios culturales, tur\u00edsticos y un Cristo monumental de 34 metros que busca convertirse en \u00edcono de la regi\u00f3n.\" \/>\n<meta property=\"og:url\" content=\"https:\/\/marthacifuentes.com\/portada\/malecon-yopal-rio-cravo-sur-antiguo-lote-hospital-cristo-monumental\/\" \/>\n<meta property=\"og:site_name\" content=\"\u25b7 Noticias de Casanare : Martha Cifuentes | Casanare\" \/>\n<meta property=\"article:published_time\" content=\"2025-11-07T16:15:21+00:00\" \/>\n<meta property=\"article:modified_time\" content=\"2025-11-07T17:03:59+00:00\" \/>\n<meta property=\"og:image\" content=\"https:\/\/marthacifuentes.com\/portada\/wp-content\/uploads\/2025\/11\/MALECON-YOPAL-2.png\" \/>\n\t<meta property=\"og:image:width\" content=\"613\" \/>\n\t<meta property=\"og:image:height\" content=\"346\" \/>\n\t<meta property=\"og:image:type\" content=\"image\/png\" \/>\n<meta name=\"author\" content=\"Martha Cifuentes\" \/>\n<meta name=\"twitter:card\" content=\"summary_large_image\" \/>\n<meta name=\"twitter:title\" content=\"Malec\u00f3n de Yopal: un nuevo s\u00edmbolo urbano junto al r\u00edo Cravo Sur\" \/>\n<meta name=\"twitter:description\" content=\"El antiguo lote del hospital de Yopal dar\u00e1 paso a un moderno malec\u00f3n con espacios culturales, tur\u00edsticos y un Cristo monumental de 34 metros que busca convertirse en \u00edcono de la regi\u00f3n.\" \/>\n<meta name=\"twitter:label1\" content=\"Escrito por\" \/>\n\t<meta name=\"twitter:data1\" content=\"Martha Cifuentes\" \/>\n\t<meta name=\"twitter:label2\" content=\"Tiempo de lectura\" \/>\n\t<meta name=\"twitter:data2\" content=\"4 minutos\" \/>\n<script type=\"application\/ld+json\" class=\"yoast-schema-graph\">{\"@context\":\"https:\/\/schema.org\",\"@graph\":[{\"@type\":\"WebPage\",\"@id\":\"https:\/\/marthacifuentes.com\/portada\/malecon-yopal-rio-cravo-sur-antiguo-lote-hospital-cristo-monumental\/\",\"url\":\"https:\/\/marthacifuentes.com\/portada\/malecon-yopal-rio-cravo-sur-antiguo-lote-hospital-cristo-monumental\/\",\"name\":\"Malec\u00f3n de Yopal: el antiguo lote del hospital se convertir\u00e1 en un espacio para el r\u00edo, la cultura y la fe | Casanare Hoy\",\"isPartOf\":{\"@id\":\"https:\/\/marthacifuentes.com\/portada\/#website\"},\"primaryImageOfPage\":{\"@id\":\"https:\/\/marthacifuentes.com\/portada\/malecon-yopal-rio-cravo-sur-antiguo-lote-hospital-cristo-monumental\/#primaryimage\"},\"image\":{\"@id\":\"https:\/\/marthacifuentes.com\/portada\/malecon-yopal-rio-cravo-sur-antiguo-lote-hospital-cristo-monumental\/#primaryimage\"},\"thumbnailUrl\":\"https:\/\/marthacifuentes.com\/portada\/wp-content\/uploads\/2025\/11\/MALECON-YOPAL-2.png\",\"datePublished\":\"2025-11-07T16:15:21+00:00\",\"dateModified\":\"2025-11-07T17:03:59+00:00\",\"author\":{\"@id\":\"https:\/\/marthacifuentes.com\/portada\/#\/schema\/person\/57f53174b991db5f90ff78d58502b714\"},\"description\":\"El proyecto del Malec\u00f3n de Yopal transformar\u00e1 el antiguo terreno del hospital en un espacio p\u00fablico de 74.000 m\u00b2 con parques, zonas culturales, locales gastron\u00f3micos y un monumento de 34 metros con la imagen de Jesucristo.\",\"breadcrumb\":{\"@id\":\"https:\/\/marthacifuentes.com\/portada\/malecon-yopal-rio-cravo-sur-antiguo-lote-hospital-cristo-monumental\/#breadcrumb\"},\"inLanguage\":\"es\",\"potentialAction\":[{\"@type\":\"ReadAction\",\"target\":[\"https:\/\/marthacifuentes.com\/portada\/malecon-yopal-rio-cravo-sur-antiguo-lote-hospital-cristo-monumental\/\"]}]},{\"@type\":\"ImageObject\",\"inLanguage\":\"es\",\"@id\":\"https:\/\/marthacifuentes.com\/portada\/malecon-yopal-rio-cravo-sur-antiguo-lote-hospital-cristo-monumental\/#primaryimage\",\"url\":\"https:\/\/marthacifuentes.com\/portada\/wp-content\/uploads\/2025\/11\/MALECON-YOPAL-2.png\",\"contentUrl\":\"https:\/\/marthacifuentes.com\/portada\/wp-content\/uploads\/2025\/11\/MALECON-YOPAL-2.png\",\"width\":613,\"height\":346,\"caption\":\"Render del proyecto del Malec\u00f3n de Yopal con vista al r\u00edo Cravo Sur y monumento de Cristo\"},{\"@type\":\"BreadcrumbList\",\"@id\":\"https:\/\/marthacifuentes.com\/portada\/malecon-yopal-rio-cravo-sur-antiguo-lote-hospital-cristo-monumental\/#breadcrumb\",\"itemListElement\":[{\"@type\":\"ListItem\",\"position\":1,\"name\":\"Portada\",\"item\":\"https:\/\/marthacifuentes.com\/portada\/\"},{\"@type\":\"ListItem\",\"position\":2,\"name\":\"El Malec\u00f3n del Cravo Sur, la obra que promete ubicar a Yopal en el mapa del turismo nacional\"}]},{\"@type\":\"WebSite\",\"@id\":\"https:\/\/marthacifuentes.com\/portada\/#website\",\"url\":\"https:\/\/marthacifuentes.com\/portada\/\",\"name\":\"\u25b7 Noticias de Casanare : Martha Cifuentes | Casanare\",\"description\":\"Noticias &amp; Contenidos\",\"potentialAction\":[{\"@type\":\"SearchAction\",\"target\":{\"@type\":\"EntryPoint\",\"urlTemplate\":\"https:\/\/marthacifuentes.com\/portada\/?s={search_term_string}\"},\"query-input\":{\"@type\":\"PropertyValueSpecification\",\"valueRequired\":true,\"valueName\":\"search_term_string\"}}],\"inLanguage\":\"es\"},{\"@type\":\"Person\",\"@id\":\"https:\/\/marthacifuentes.com\/portada\/#\/schema\/person\/57f53174b991db5f90ff78d58502b714\",\"name\":\"Martha Cifuentes\",\"image\":{\"@type\":\"ImageObject\",\"inLanguage\":\"es\",\"@id\":\"https:\/\/marthacifuentes.com\/portada\/#\/schema\/person\/image\/\",\"url\":\"http:\/\/marthacifuentes.com\/portada\/wp-content\/uploads\/2018\/06\/avatar_user_2_1528838701-96x96.jpg\",\"contentUrl\":\"http:\/\/marthacifuentes.com\/portada\/wp-content\/uploads\/2018\/06\/avatar_user_2_1528838701-96x96.jpg\",\"caption\":\"Martha Cifuentes\"},\"sameAs\":[\"http:\/\/www.marthacifuentes.com\"],\"url\":\"https:\/\/marthacifuentes.com\/portada\/author\/martha\/\"}]}<\/script>\n<!-- \/ Yoast SEO plugin. -->","yoast_head_json":{"title":"Malec\u00f3n de Yopal: el antiguo lote del hospital se convertir\u00e1 en un espacio para el r\u00edo, la cultura y la fe | Casanare Hoy","description":"El proyecto del Malec\u00f3n de Yopal transformar\u00e1 el antiguo terreno del hospital en un espacio p\u00fablico de 74.000 m\u00b2 con parques, zonas culturales, locales gastron\u00f3micos y un monumento de 34 metros con la imagen de Jesucristo.","robots":{"index":"index","follow":"follow","max-snippet":"max-snippet:-1","max-image-preview":"max-image-preview:large","max-video-preview":"max-video-preview:-1"},"canonical":"https:\/\/marthacifuentes.com\/portada\/malecon-yopal-rio-cravo-sur-antiguo-lote-hospital-cristo-monumental\/","og_locale":"es_ES","og_type":"article","og_title":"Malec\u00f3n de Yopal: un nuevo s\u00edmbolo urbano junto al r\u00edo Cravo Sur","og_description":"El antiguo lote del hospital de Yopal dar\u00e1 paso a un moderno malec\u00f3n con espacios culturales, tur\u00edsticos y un Cristo monumental de 34 metros que busca convertirse en \u00edcono de la regi\u00f3n.","og_url":"https:\/\/marthacifuentes.com\/portada\/malecon-yopal-rio-cravo-sur-antiguo-lote-hospital-cristo-monumental\/","og_site_name":"\u25b7 Noticias de Casanare : Martha Cifuentes | Casanare","article_published_time":"2025-11-07T16:15:21+00:00","article_modified_time":"2025-11-07T17:03:59+00:00","og_image":[{"width":613,"height":346,"url":"https:\/\/marthacifuentes.com\/portada\/wp-content\/uploads\/2025\/11\/MALECON-YOPAL-2.png","type":"image\/png"}],"author":"Martha Cifuentes","twitter_card":"summary_large_image","twitter_title":"Malec\u00f3n de Yopal: un nuevo s\u00edmbolo urbano junto al r\u00edo Cravo Sur","twitter_description":"El antiguo lote del hospital de Yopal dar\u00e1 paso a un moderno malec\u00f3n con espacios culturales, tur\u00edsticos y un Cristo monumental de 34 metros que busca convertirse en \u00edcono de la regi\u00f3n.","twitter_misc":{"Escrito por":"Martha Cifuentes","Tiempo de lectura":"4 minutos"},"schema":{"@context":"https:\/\/schema.org","@graph":[{"@type":"WebPage","@id":"https:\/\/marthacifuentes.com\/portada\/malecon-yopal-rio-cravo-sur-antiguo-lote-hospital-cristo-monumental\/","url":"https:\/\/marthacifuentes.com\/portada\/malecon-yopal-rio-cravo-sur-antiguo-lote-hospital-cristo-monumental\/","name":"Malec\u00f3n de Yopal: el antiguo lote del hospital se convertir\u00e1 en un espacio para el r\u00edo, la cultura y la fe | Casanare Hoy","isPartOf":{"@id":"https:\/\/marthacifuentes.com\/portada\/#website"},"primaryImageOfPage":{"@id":"https:\/\/marthacifuentes.com\/portada\/malecon-yopal-rio-cravo-sur-antiguo-lote-hospital-cristo-monumental\/#primaryimage"},"image":{"@id":"https:\/\/marthacifuentes.com\/portada\/malecon-yopal-rio-cravo-sur-antiguo-lote-hospital-cristo-monumental\/#primaryimage"},"thumbnailUrl":"https:\/\/marthacifuentes.com\/portada\/wp-content\/uploads\/2025\/11\/MALECON-YOPAL-2.png","datePublished":"2025-11-07T16:15:21+00:00","dateModified":"2025-11-07T17:03:59+00:00","author":{"@id":"https:\/\/marthacifuentes.com\/portada\/#\/schema\/person\/57f53174b991db5f90ff78d58502b714"},"description":"El proyecto del Malec\u00f3n de Yopal transformar\u00e1 el antiguo terreno del hospital en un espacio p\u00fablico de 74.000 m\u00b2 con parques, zonas culturales, locales gastron\u00f3micos y un monumento de 34 metros con la imagen de Jesucristo.","breadcrumb":{"@id":"https:\/\/marthacifuentes.com\/portada\/malecon-yopal-rio-cravo-sur-antiguo-lote-hospital-cristo-monumental\/#breadcrumb"},"inLanguage":"es","potentialAction":[{"@type":"ReadAction","target":["https:\/\/marthacifuentes.com\/portada\/malecon-yopal-rio-cravo-sur-antiguo-lote-hospital-cristo-monumental\/"]}]},{"@type":"ImageObject","inLanguage":"es","@id":"https:\/\/marthacifuentes.com\/portada\/malecon-yopal-rio-cravo-sur-antiguo-lote-hospital-cristo-monumental\/#primaryimage","url":"https:\/\/marthacifuentes.com\/portada\/wp-content\/uploads\/2025\/11\/MALECON-YOPAL-2.png","contentUrl":"https:\/\/marthacifuentes.com\/portada\/wp-content\/uploads\/2025\/11\/MALECON-YOPAL-2.png","width":613,"height":346,"caption":"Render del proyecto del Malec\u00f3n de Yopal con vista al r\u00edo Cravo Sur y monumento de Cristo"},{"@type":"BreadcrumbList","@id":"https:\/\/marthacifuentes.com\/portada\/malecon-yopal-rio-cravo-sur-antiguo-lote-hospital-cristo-monumental\/#breadcrumb","itemListElement":[{"@type":"ListItem","position":1,"name":"Portada","item":"https:\/\/marthacifuentes.com\/portada\/"},{"@type":"ListItem","position":2,"name":"El Malec\u00f3n del Cravo Sur, la obra que promete ubicar a Yopal en el mapa del turismo nacional"}]},{"@type":"WebSite","@id":"https:\/\/marthacifuentes.com\/portada\/#website","url":"https:\/\/marthacifuentes.com\/portada\/","name":"\u25b7 Noticias de Casanare : Martha Cifuentes | Casanare","description":"Noticias &amp; Contenidos","potentialAction":[{"@type":"SearchAction","target":{"@type":"EntryPoint","urlTemplate":"https:\/\/marthacifuentes.com\/portada\/?s={search_term_string}"},"query-input":{"@type":"PropertyValueSpecification","valueRequired":true,"valueName":"search_term_string"}}],"inLanguage":"es"},{"@type":"Person","@id":"https:\/\/marthacifuentes.com\/portada\/#\/schema\/person\/57f53174b991db5f90ff78d58502b714","name":"Martha Cifuentes","image":{"@type":"ImageObject","inLanguage":"es","@id":"https:\/\/marthacifuentes.com\/portada\/#\/schema\/person\/image\/","url":"http:\/\/marthacifuentes.com\/portada\/wp-content\/uploads\/2018\/06\/avatar_user_2_1528838701-96x96.jpg","contentUrl":"http:\/\/marthacifuentes.com\/portada\/wp-content\/uploads\/2018\/06\/avatar_user_2_1528838701-96x96.jpg","caption":"Martha Cifuentes"},"sameAs":["http:\/\/www.marthacifuentes.com"],"url":"https:\/\/marthacifuentes.com\/portada\/author\/martha\/"}]}},"_links":{"self":[{"href":"https:\/\/marthacifuentes.com\/portada\/wp-json\/wp\/v2\/posts\/39311","targetHints":{"allow":["GET"]}}],"collection":[{"href":"https:\/\/marthacifuentes.com\/portada\/wp-json\/wp\/v2\/posts"}],"about":[{"href":"https:\/\/marthacifuentes.com\/portada\/wp-json\/wp\/v2\/types\/post"}],"author":[{"embeddable":true,"href":"https:\/\/marthacifuentes.com\/portada\/wp-json\/wp\/v2\/users\/2"}],"replies":[{"embeddable":true,"href":"https:\/\/marthacifuentes.com\/portada\/wp-json\/wp\/v2\/comments?post=39311"}],"version-history":[{"count":6,"href":"https:\/\/marthacifuentes.com\/portada\/wp-json\/wp\/v2\/posts\/39311\/revisions"}],"predecessor-version":[{"id":39352,"href":"https:\/\/marthacifuentes.com\/portada\/wp-json\/wp\/v2\/posts\/39311\/revisions\/39352"}],"wp:featuredmedia":[{"embeddable":true,"href":"https:\/\/marthacifuentes.com\/portada\/wp-json\/wp\/v2\/media\/39345"}],"wp:attachment":[{"href":"https:\/\/marthacifuentes.com\/portada\/wp-json\/wp\/v2\/media?parent=39311"}],"wp:term":[{"taxonomy":"category","embeddable":true,"href":"https:\/\/marthacifuentes.com\/portada\/wp-json\/wp\/v2\/categories?post=39311"},{"taxonomy":"post_tag","embeddable":true,"href":"https:\/\/marthacifuentes.com\/portada\/wp-json\/wp\/v2\/tags?post=39311"}],"curies":[{"name":"wp","href":"https:\/\/api.w.org\/{rel}","templated":true}]}}