{"id":39372,"date":"2025-11-10T12:19:09","date_gmt":"2025-11-10T17:19:09","guid":{"rendered":"https:\/\/marthacifuentes.com\/portada\/?p=39372"},"modified":"2025-11-10T12:20:25","modified_gmt":"2025-11-10T17:20:25","slug":"pae-casanare-sancocho-denuncias-denunciante-denunciado-gobernacion-fiscalia-procuraduria","status":"publish","type":"post","link":"https:\/\/marthacifuentes.com\/portada\/pae-casanare-sancocho-denuncias-denunciante-denunciado-gobernacion-fiscalia-procuraduria\/","title":{"rendered":"PAE en Casanare termin\u00f3 en un sancocho de denuncias mutuas: denunciante, ahora denunciado por documentos irregulares ante la Fiscal\u00eda y la Procuradur\u00eda"},"content":{"rendered":"\n<p><strong>La informaci\u00f3n se conoce luego de que la Procuradur\u00eda General de la Naci\u00f3n anunciara la apertura de una indagaci\u00f3n contra la Gobernaci\u00f3n de Casanare por presuntas irregularidades en la licitaci\u00f3n del Programa de Alimentaci\u00f3n Escolar (PAE) para internados. <\/strong><\/p>\n\n\n\n<p><strong>Ahora, el mismo contratista que promovi\u00f3 la investigaci\u00f3n enfrenta denuncias penal y disciplinaria por haber aportado documentos, presuntamente  sin validez legal.<\/strong><\/p>\n\n\n\n<hr class=\"wp-block-separator has-alpha-channel-opacity\"\/>\n\n\n\n<h3 class=\"wp-block-heading\">De denunciante a denunciado<\/h3>\n\n\n\n<p>El caso del <strong>representante legal del Consorcio Yeikos, Rodolfo Andrey Plazas Mahecha<\/strong>, excandidato a la Alcald\u00eda de Recetor, tom\u00f3 un giro inesperado.<\/p>\n\n\n\n<p>Plazas, quien denunci\u00f3 p\u00fablicamente supuestas irregularidades en la licitaci\u00f3n del <strong>Programa de Alimentaci\u00f3n Escolar (PAE)<\/strong> y promovi\u00f3 la intervenci\u00f3n de la <strong>Procuradur\u00eda General de la Naci\u00f3n<\/strong>, <strong>fue denunciado por la Gobernaci\u00f3n de Casanare<\/strong> por posibles irregularidades en la documentaci\u00f3n que present\u00f3 dentro del mismo proceso.<\/p>\n\n\n\n<p><\/p>\n\n\n\n<hr class=\"wp-block-separator has-alpha-channel-opacity\"\/>\n\n\n\n<h3 class=\"wp-block-heading\">En juego, m\u00e1s de 8.400 millones de pesos<\/h3>\n\n\n\n<p>El proceso licitatorio <strong>CAS-OAJ-LP-001-2025<\/strong>, con un valor de <strong>8.424 millones de pesos<\/strong>, fue abierto el <strong>19 de agosto de 2025<\/strong>. <\/p>\n\n\n\n<p>Su objeto, contratar la <strong>alimentaci\u00f3n escolar de los estudiantes matriculados en la estrategia de residencias escolares<\/strong> en las instituciones oficiales del departamento.<\/p>\n\n\n\n<p>Participaron dos oferentes: el <strong>Consorcio Yeikos<\/strong> y la <strong>UT PAE Internados 2025<\/strong>.<\/p>\n\n\n\n<p>En la evaluaci\u00f3n preliminar del <strong>3 de septiembre<\/strong>, Yeikos fue <strong>inhabilitado en los criterios jur\u00eddicos y t\u00e9cnicos<\/strong>, mientras que la UT PAE Internados 2025 fue <strong>inhabilitada en el componente t\u00e9cnico<\/strong>.<\/p>\n\n\n\n<p>Tras las subsanaciones permitidas por la normatividad, ambos fueron declarados <strong>habilitados<\/strong>, y se program\u00f3 la <strong>audiencia p\u00fablica de adjudicaci\u00f3n<\/strong> <strong>el 15 de septiembre<\/strong>.<\/p>\n\n\n\n<hr class=\"wp-block-separator has-alpha-channel-opacity\"\/>\n\n\n\n<h3 class=\"wp-block-heading\">Acusaciones cruzadas en la audiencia<\/h3>\n\n\n\n<p>Durante la audiencia p\u00fablica realiza en varios d\u00edas entre el 15 y 18 de septiembre, <strong>Yeikos denunci\u00f3 a su competidor<\/strong> por presuntas irregularidades en los pagos de seguridad social de uno de sus integrantes. Situaci\u00f3n que efectivamente se comprob\u00f3 y dej\u00f3 a la UT PAE Internados 2025 fuera de competencia.<\/p>\n\n\n\n<p>En respuesta, la <strong>UT PAE Internados 2025<\/strong> se\u00f1al\u00f3 que el <strong>Concepto Sanitario N.\u00ba 27149<\/strong>, presentado por Yeikos para certificar la bodega de almacenamiento de alimentos, <strong>no era v\u00e1lido<\/strong>. <\/p>\n\n\n\n<p>Igualmente, que <strong>no correspond\u00eda al formato exigido<\/strong> por la autoridad sanitaria sino que deb\u00eda ser un acta de inspecci\u00f3n con enfoque de riesgo para alimentos y bebidas en grandes superficies. <\/p>\n\n\n\n<p>Frente a esta denuncia se suspendi\u00f3 la audiencia para verificar la informaci\u00f3n. <\/p>\n\n\n\n<p>El oferente se\u00f1alado reproch\u00f3 que el comit\u00e9 evaluador hubiera aceptado estas observaciones, a su parecer, extempor\u00e1neas.<\/p>\n\n\n\n<p>Sin embargo para la Gobernaci\u00f3n, las observaciones se pueden presentar hasta \u00faltimo momento.   <\/p>\n\n\n\n<p><\/p>\n\n\n\n<hr class=\"wp-block-separator has-alpha-channel-opacity\"\/>\n\n\n\n<h3 class=\"wp-block-heading\">Denuncia penal y disciplinaria contra uno de los oferentes<\/h3>\n\n\n\n<p>El <strong>19 de septiembre<\/strong>, la <strong>Oficina Jur\u00eddica de la Gobernaci\u00f3n de Casanare<\/strong> solicit\u00f3 formalmente a la <strong>Alcald\u00eda de Yopal<\/strong> aclarar las inconsistencias del documento.<\/p>\n\n\n\n<p>La <strong>respuesta, fechada el 24 de septiembre<\/strong>, fue concluyente: el concepto sanitario 27149 <strong>no correspond\u00eda a una certificaci\u00f3n v\u00e1lida<\/strong> ni expedida por la autoridad sanitaria local. <\/p>\n\n\n\n<p>Se argument\u00f3 que la <strong>Secretar\u00eda de Salud de Yopal<\/strong>, tras inspecci\u00f3n realizada el <strong>18 de septiembre<\/strong>, confirm\u00f3 que el documento presentado <strong>no hab\u00eda sido emitido por la autoridad competente<\/strong> y que se trataba de un formato aplicado a un tipo de establecimiento diferente. <\/p>\n\n\n\n<p>Esa inspecci\u00f3n produjo un <strong>concepto sanitario desfavorable<\/strong> sobre el inmueble utilizado por el consorcio.<\/p>\n\n\n\n<p>Con base en estos hallazgos, la Gobernaci\u00f3n determin\u00f3 que el documento aportado por Yeikos <strong>carec\u00eda de validez legal<\/strong> y que su inclusi\u00f3n en la propuesta pod\u00eda configurar actuaciones irregulares.<\/p>\n\n\n<div class=\"wp-block-image\">\n<figure class=\"aligncenter size-full is-resized\"><img loading=\"lazy\" decoding=\"async\" width=\"567\" height=\"181\" src=\"https:\/\/marthacifuentes.com\/portada\/wp-content\/uploads\/2025\/11\/respuesta-alcaldia-de-yopal-sobre-bodega-yeikos.png\" alt=\"\" class=\"wp-image-39374\" style=\"width:817px;height:auto\" srcset=\"https:\/\/marthacifuentes.com\/portada\/wp-content\/uploads\/2025\/11\/respuesta-alcaldia-de-yopal-sobre-bodega-yeikos.png 567w, https:\/\/marthacifuentes.com\/portada\/wp-content\/uploads\/2025\/11\/respuesta-alcaldia-de-yopal-sobre-bodega-yeikos-300x96.png 300w\" sizes=\"auto, (max-width: 567px) 100vw, 567px\" \/><\/figure><\/div>\n\n\n<p><\/p>\n\n\n\n<p>Por tal motivo, el <strong>29 de septiembre <\/strong>la Gobernaci\u00f3n remiti\u00f3 copias a la <strong>Fiscal\u00eda General de la Naci\u00f3n<\/strong>, solicitando la apertura de <strong>investigaciones de naturaleza penal<\/strong> frente a los integrantes del Consorcio Yeikos y a los funcionarios o contratistas del Municipio de Yopal que intervinieron en la emisi\u00f3n del documento.<\/p>\n\n\n\n<p>El escrito advierte que las actuaciones \u201c<strong>podr\u00edan estar revestidas de ilicitud y ser constitutivas de hechos de relevancia penal<\/strong>\u201d.<\/p>\n\n\n\n<p>Ese mismo d\u00eda se compulsaron copias a la <strong>Procuradur\u00eda Regional de Instrucci\u00f3n de Casanare<\/strong> para indagar <strong>posibles faltas disciplinarias<\/strong> relacionadas con la expedici\u00f3n y uso del documento en la licitaci\u00f3n.<\/p>\n\n\n\n<p>Hasta el momento, <strong>no se conocen actuaciones formales de la Fiscal\u00eda ni de la Procuradur\u00eda Regional<\/strong> sobre estas denuncias.<\/p>\n\n\n<div class=\"wp-block-image\">\n<figure class=\"aligncenter size-full is-resized\"><img loading=\"lazy\" decoding=\"async\" width=\"567\" height=\"312\" src=\"https:\/\/marthacifuentes.com\/portada\/wp-content\/uploads\/2025\/11\/gobernacion-denuncia-procuraduria-a-yeikos-argumento.png\" alt=\"\" class=\"wp-image-39375\" style=\"width:840px;height:auto\" srcset=\"https:\/\/marthacifuentes.com\/portada\/wp-content\/uploads\/2025\/11\/gobernacion-denuncia-procuraduria-a-yeikos-argumento.png 567w, https:\/\/marthacifuentes.com\/portada\/wp-content\/uploads\/2025\/11\/gobernacion-denuncia-procuraduria-a-yeikos-argumento-300x165.png 300w\" sizes=\"auto, (max-width: 567px) 100vw, 567px\" \/><\/figure><\/div>\n\n\n<hr class=\"wp-block-separator has-alpha-channel-opacity\"\/>\n\n\n\n<h3 class=\"wp-block-heading\">Recurso, recusaciones y denuncias previas<\/h3>\n\n\n\n<p>Por lo hallado en los dos oferentes, la oficina jur\u00eddica de la Gobernaci\u00f3n el 29 de septiembre declar\u00f3 desierta la licitaci\u00f3n. <\/p>\n\n\n\n<p>Frente a lo cual el <strong>Consorcio Yeikos interpuso un recurso de reposici\u00f3n<\/strong>, al tiempo que <strong>recus\u00f3 a la asesora jur\u00eddica y al gobernador C\u00e9sar Ortiz Zorro<\/strong>.<\/p>\n\n\n\n<p>Ninguna de las recusaciones prosper\u00f3:<\/p>\n\n\n\n<ul class=\"wp-block-list\">\n<li>La <strong>Procuradur\u00eda<\/strong> neg\u00f3 la dirigida contra el gobernador al no encontrar motivos suficientes.<\/li>\n\n\n\n<li>El <strong>mandatario<\/strong> rechaz\u00f3 la formulada contra la asesora jur\u00eddica.<\/li>\n<\/ul>\n\n\n\n<p>Adem\u00e1s, se conoci\u00f3 que <strong>Yeikos hab\u00eda presentado 35 denuncias previas<\/strong> contra la Oficina Jur\u00eddica Departamental por presuntas irregularidades durante el proceso licitatorio.<\/p>\n\n\n\n<p>Por ahora est\u00e1 pendiente que se resuelva la reposici\u00f3n hecha por el oferente. <\/p>\n","protected":false},"excerpt":{"rendered":"<p>La informaci\u00f3n se conoce luego de que la Procuradur\u00eda General de la Naci\u00f3n anunciara la apertura de una indagaci\u00f3n contra la Gobernaci\u00f3n de Casanare por presuntas irregularidades en la licitaci\u00f3n del Programa de Alimentaci\u00f3n Escolar (PAE) para internados. Ahora, el mismo contratista que promovi\u00f3 la investigaci\u00f3n enfrenta denuncias penal y disciplinaria por haber aportado documentos, &hellip;<\/p>\n","protected":false},"author":2,"featured_media":39377,"comment_status":"open","ping_status":"open","sticky":false,"template":"","format":"standard","meta":{"om_disable_all_campaigns":false,"_exactmetrics_skip_tracking":false,"_exactmetrics_sitenote_active":false,"_exactmetrics_sitenote_note":"","_exactmetrics_sitenote_category":0,"_monsterinsights_skip_tracking":false,"_monsterinsights_sitenote_active":false,"_monsterinsights_sitenote_note":"","_monsterinsights_sitenote_category":0,"_uf_show_specific_survey":0,"_uf_disable_surveys":false,"_joinchat":[],"footnotes":""},"categories":[147,146,145],"tags":[154,14914,14917,202,369,187,1400,951,751,14913,14916,14915],"class_list":["post-39372","post","type-post","status-publish","format-standard","has-post-thumbnail","hentry","category-actualidad","category-noticias","category-reportajes","tag-casanare","tag-contratacion-publica-2","tag-denuncias-irregularidades-oferente-pae-gobernacion","tag-educacion","tag-fiscalia","tag-gobernacion-de-casanare","tag-noticias-casanare","tag-pae","tag-procuraduria","tag-rodolfo-andrey-plazas-mahecha","tag-ut-pae-internados-2025","tag-yeikos"],"yoast_head":"<!-- This site is optimized with the Yoast SEO plugin v26.1 - https:\/\/yoast.com\/wordpress\/plugins\/seo\/ -->\n<title>PAE en Casanare termin\u00f3 en un sancocho de denuncias mutuas: denunciante, ahora denunciado por documentos irregulares | Martha Cifuentes<\/title>\n<meta name=\"description\" content=\"El Programa de Alimentaci\u00f3n Escolar (PAE) en Casanare se enred\u00f3 entre denuncias cruzadas e investigaciones. El denunciante del proceso, Rodolfo Andrey Plazas Mahecha, fue denunciado por la Gobernaci\u00f3n ante la Fiscal\u00eda y la Procuradur\u00eda por presuntas irregularidades en su propuesta.\" \/>\n<meta name=\"robots\" content=\"index, follow, max-snippet:-1, max-image-preview:large, max-video-preview:-1\" \/>\n<link rel=\"canonical\" href=\"https:\/\/marthacifuentes.com\/portada\/pae-casanare-sancocho-denuncias-denunciante-denunciado-gobernacion-fiscalia-procuraduria\/\" \/>\n<meta property=\"og:locale\" content=\"es_ES\" \/>\n<meta property=\"og:type\" content=\"article\" \/>\n<meta property=\"og:title\" content=\"El PAE en Casanare se volvi\u00f3 un sancocho de denuncias mutuas \ud83c\udf72\" \/>\n<meta property=\"og:description\" content=\"El contratista que denunci\u00f3 irregularidades en la licitaci\u00f3n del PAE ahora es denunciado por la Gobernaci\u00f3n de Casanare ante Fiscal\u00eda y Procuradur\u00eda por presuntos documentos irregulares.\" \/>\n<meta property=\"og:url\" content=\"https:\/\/marthacifuentes.com\/portada\/pae-casanare-sancocho-denuncias-denunciante-denunciado-gobernacion-fiscalia-procuraduria\/\" \/>\n<meta property=\"og:site_name\" content=\"\u25b7 Noticias de Casanare : Martha Cifuentes | Casanare\" \/>\n<meta property=\"article:published_time\" content=\"2025-11-10T17:19:09+00:00\" \/>\n<meta property=\"article:modified_time\" content=\"2025-11-10T17:20:25+00:00\" \/>\n<meta property=\"og:image\" content=\"https:\/\/marthacifuentes.com\/portada\/wp-content\/uploads\/2025\/11\/562389003_1422063409923589_3983563666184145716_n-1.jpg\" \/>\n\t<meta property=\"og:image:width\" content=\"935\" \/>\n\t<meta property=\"og:image:height\" content=\"584\" \/>\n\t<meta property=\"og:image:type\" content=\"image\/jpeg\" \/>\n<meta name=\"author\" content=\"Martha Cifuentes\" \/>\n<meta name=\"twitter:card\" content=\"summary_large_image\" \/>\n<meta name=\"twitter:title\" content=\"El PAE en Casanare se volvi\u00f3 un sancocho de denuncias mutuas \ud83c\udf72\" \/>\n<meta name=\"twitter:description\" content=\"El contratista que denunci\u00f3 irregularidades en la licitaci\u00f3n del PAE ahora es denunciado por la Gobernaci\u00f3n de Casanare ante Fiscal\u00eda y Procuradur\u00eda por presuntos documentos irregulares.\" \/>\n<meta name=\"twitter:label1\" content=\"Escrito por\" \/>\n\t<meta name=\"twitter:data1\" content=\"Martha Cifuentes\" \/>\n\t<meta name=\"twitter:label2\" content=\"Tiempo de lectura\" \/>\n\t<meta name=\"twitter:data2\" content=\"5 minutos\" \/>\n<script type=\"application\/ld+json\" class=\"yoast-schema-graph\">{\"@context\":\"https:\/\/schema.org\",\"@graph\":[{\"@type\":\"WebPage\",\"@id\":\"https:\/\/marthacifuentes.com\/portada\/pae-casanare-sancocho-denuncias-denunciante-denunciado-gobernacion-fiscalia-procuraduria\/\",\"url\":\"https:\/\/marthacifuentes.com\/portada\/pae-casanare-sancocho-denuncias-denunciante-denunciado-gobernacion-fiscalia-procuraduria\/\",\"name\":\"PAE en Casanare termin\u00f3 en un sancocho de denuncias mutuas: denunciante, ahora denunciado por documentos irregulares | Martha Cifuentes\",\"isPartOf\":{\"@id\":\"https:\/\/marthacifuentes.com\/portada\/#website\"},\"primaryImageOfPage\":{\"@id\":\"https:\/\/marthacifuentes.com\/portada\/pae-casanare-sancocho-denuncias-denunciante-denunciado-gobernacion-fiscalia-procuraduria\/#primaryimage\"},\"image\":{\"@id\":\"https:\/\/marthacifuentes.com\/portada\/pae-casanare-sancocho-denuncias-denunciante-denunciado-gobernacion-fiscalia-procuraduria\/#primaryimage\"},\"thumbnailUrl\":\"https:\/\/marthacifuentes.com\/portada\/wp-content\/uploads\/2025\/11\/562389003_1422063409923589_3983563666184145716_n-1.jpg\",\"datePublished\":\"2025-11-10T17:19:09+00:00\",\"dateModified\":\"2025-11-10T17:20:25+00:00\",\"author\":{\"@id\":\"https:\/\/marthacifuentes.com\/portada\/#\/schema\/person\/57f53174b991db5f90ff78d58502b714\"},\"description\":\"El Programa de Alimentaci\u00f3n Escolar (PAE) en Casanare se enred\u00f3 entre denuncias cruzadas e investigaciones. El denunciante del proceso, Rodolfo Andrey Plazas Mahecha, fue denunciado por la Gobernaci\u00f3n ante la Fiscal\u00eda y la Procuradur\u00eda por presuntas irregularidades en su propuesta.\",\"breadcrumb\":{\"@id\":\"https:\/\/marthacifuentes.com\/portada\/pae-casanare-sancocho-denuncias-denunciante-denunciado-gobernacion-fiscalia-procuraduria\/#breadcrumb\"},\"inLanguage\":\"es\",\"potentialAction\":[{\"@type\":\"ReadAction\",\"target\":[\"https:\/\/marthacifuentes.com\/portada\/pae-casanare-sancocho-denuncias-denunciante-denunciado-gobernacion-fiscalia-procuraduria\/\"]}]},{\"@type\":\"ImageObject\",\"inLanguage\":\"es\",\"@id\":\"https:\/\/marthacifuentes.com\/portada\/pae-casanare-sancocho-denuncias-denunciante-denunciado-gobernacion-fiscalia-procuraduria\/#primaryimage\",\"url\":\"https:\/\/marthacifuentes.com\/portada\/wp-content\/uploads\/2025\/11\/562389003_1422063409923589_3983563666184145716_n-1.jpg\",\"contentUrl\":\"https:\/\/marthacifuentes.com\/portada\/wp-content\/uploads\/2025\/11\/562389003_1422063409923589_3983563666184145716_n-1.jpg\",\"width\":935,\"height\":584,\"caption\":\"Consorcio Yeikos, involucrado en denuncias por irregularidades del PAE en Casanare.\"},{\"@type\":\"BreadcrumbList\",\"@id\":\"https:\/\/marthacifuentes.com\/portada\/pae-casanare-sancocho-denuncias-denunciante-denunciado-gobernacion-fiscalia-procuraduria\/#breadcrumb\",\"itemListElement\":[{\"@type\":\"ListItem\",\"position\":1,\"name\":\"Portada\",\"item\":\"https:\/\/marthacifuentes.com\/portada\/\"},{\"@type\":\"ListItem\",\"position\":2,\"name\":\"PAE en Casanare termin\u00f3 en un sancocho de denuncias mutuas: denunciante, ahora denunciado por documentos irregulares ante la Fiscal\u00eda y la Procuradur\u00eda\"}]},{\"@type\":\"WebSite\",\"@id\":\"https:\/\/marthacifuentes.com\/portada\/#website\",\"url\":\"https:\/\/marthacifuentes.com\/portada\/\",\"name\":\"\u25b7 Noticias de Casanare : Martha Cifuentes | Casanare\",\"description\":\"Noticias &amp; Contenidos\",\"potentialAction\":[{\"@type\":\"SearchAction\",\"target\":{\"@type\":\"EntryPoint\",\"urlTemplate\":\"https:\/\/marthacifuentes.com\/portada\/?s={search_term_string}\"},\"query-input\":{\"@type\":\"PropertyValueSpecification\",\"valueRequired\":true,\"valueName\":\"search_term_string\"}}],\"inLanguage\":\"es\"},{\"@type\":\"Person\",\"@id\":\"https:\/\/marthacifuentes.com\/portada\/#\/schema\/person\/57f53174b991db5f90ff78d58502b714\",\"name\":\"Martha Cifuentes\",\"image\":{\"@type\":\"ImageObject\",\"inLanguage\":\"es\",\"@id\":\"https:\/\/marthacifuentes.com\/portada\/#\/schema\/person\/image\/\",\"url\":\"http:\/\/marthacifuentes.com\/portada\/wp-content\/uploads\/2018\/06\/avatar_user_2_1528838701-96x96.jpg\",\"contentUrl\":\"http:\/\/marthacifuentes.com\/portada\/wp-content\/uploads\/2018\/06\/avatar_user_2_1528838701-96x96.jpg\",\"caption\":\"Martha Cifuentes\"},\"sameAs\":[\"http:\/\/www.marthacifuentes.com\"],\"url\":\"https:\/\/marthacifuentes.com\/portada\/author\/martha\/\"}]}<\/script>\n<!-- \/ Yoast SEO plugin. -->","yoast_head_json":{"title":"PAE en Casanare termin\u00f3 en un sancocho de denuncias mutuas: denunciante, ahora denunciado por documentos irregulares | Martha Cifuentes","description":"El Programa de Alimentaci\u00f3n Escolar (PAE) en Casanare se enred\u00f3 entre denuncias cruzadas e investigaciones. El denunciante del proceso, Rodolfo Andrey Plazas Mahecha, fue denunciado por la Gobernaci\u00f3n ante la Fiscal\u00eda y la Procuradur\u00eda por presuntas irregularidades en su propuesta.","robots":{"index":"index","follow":"follow","max-snippet":"max-snippet:-1","max-image-preview":"max-image-preview:large","max-video-preview":"max-video-preview:-1"},"canonical":"https:\/\/marthacifuentes.com\/portada\/pae-casanare-sancocho-denuncias-denunciante-denunciado-gobernacion-fiscalia-procuraduria\/","og_locale":"es_ES","og_type":"article","og_title":"El PAE en Casanare se volvi\u00f3 un sancocho de denuncias mutuas \ud83c\udf72","og_description":"El contratista que denunci\u00f3 irregularidades en la licitaci\u00f3n del PAE ahora es denunciado por la Gobernaci\u00f3n de Casanare ante Fiscal\u00eda y Procuradur\u00eda por presuntos documentos irregulares.","og_url":"https:\/\/marthacifuentes.com\/portada\/pae-casanare-sancocho-denuncias-denunciante-denunciado-gobernacion-fiscalia-procuraduria\/","og_site_name":"\u25b7 Noticias de Casanare : Martha Cifuentes | Casanare","article_published_time":"2025-11-10T17:19:09+00:00","article_modified_time":"2025-11-10T17:20:25+00:00","og_image":[{"width":935,"height":584,"url":"https:\/\/marthacifuentes.com\/portada\/wp-content\/uploads\/2025\/11\/562389003_1422063409923589_3983563666184145716_n-1.jpg","type":"image\/jpeg"}],"author":"Martha Cifuentes","twitter_card":"summary_large_image","twitter_title":"El PAE en Casanare se volvi\u00f3 un sancocho de denuncias mutuas \ud83c\udf72","twitter_description":"El contratista que denunci\u00f3 irregularidades en la licitaci\u00f3n del PAE ahora es denunciado por la Gobernaci\u00f3n de Casanare ante Fiscal\u00eda y Procuradur\u00eda por presuntos documentos irregulares.","twitter_misc":{"Escrito por":"Martha Cifuentes","Tiempo de lectura":"5 minutos"},"schema":{"@context":"https:\/\/schema.org","@graph":[{"@type":"WebPage","@id":"https:\/\/marthacifuentes.com\/portada\/pae-casanare-sancocho-denuncias-denunciante-denunciado-gobernacion-fiscalia-procuraduria\/","url":"https:\/\/marthacifuentes.com\/portada\/pae-casanare-sancocho-denuncias-denunciante-denunciado-gobernacion-fiscalia-procuraduria\/","name":"PAE en Casanare termin\u00f3 en un sancocho de denuncias mutuas: denunciante, ahora denunciado por documentos irregulares | Martha Cifuentes","isPartOf":{"@id":"https:\/\/marthacifuentes.com\/portada\/#website"},"primaryImageOfPage":{"@id":"https:\/\/marthacifuentes.com\/portada\/pae-casanare-sancocho-denuncias-denunciante-denunciado-gobernacion-fiscalia-procuraduria\/#primaryimage"},"image":{"@id":"https:\/\/marthacifuentes.com\/portada\/pae-casanare-sancocho-denuncias-denunciante-denunciado-gobernacion-fiscalia-procuraduria\/#primaryimage"},"thumbnailUrl":"https:\/\/marthacifuentes.com\/portada\/wp-content\/uploads\/2025\/11\/562389003_1422063409923589_3983563666184145716_n-1.jpg","datePublished":"2025-11-10T17:19:09+00:00","dateModified":"2025-11-10T17:20:25+00:00","author":{"@id":"https:\/\/marthacifuentes.com\/portada\/#\/schema\/person\/57f53174b991db5f90ff78d58502b714"},"description":"El Programa de Alimentaci\u00f3n Escolar (PAE) en Casanare se enred\u00f3 entre denuncias cruzadas e investigaciones. El denunciante del proceso, Rodolfo Andrey Plazas Mahecha, fue denunciado por la Gobernaci\u00f3n ante la Fiscal\u00eda y la Procuradur\u00eda por presuntas irregularidades en su propuesta.","breadcrumb":{"@id":"https:\/\/marthacifuentes.com\/portada\/pae-casanare-sancocho-denuncias-denunciante-denunciado-gobernacion-fiscalia-procuraduria\/#breadcrumb"},"inLanguage":"es","potentialAction":[{"@type":"ReadAction","target":["https:\/\/marthacifuentes.com\/portada\/pae-casanare-sancocho-denuncias-denunciante-denunciado-gobernacion-fiscalia-procuraduria\/"]}]},{"@type":"ImageObject","inLanguage":"es","@id":"https:\/\/marthacifuentes.com\/portada\/pae-casanare-sancocho-denuncias-denunciante-denunciado-gobernacion-fiscalia-procuraduria\/#primaryimage","url":"https:\/\/marthacifuentes.com\/portada\/wp-content\/uploads\/2025\/11\/562389003_1422063409923589_3983563666184145716_n-1.jpg","contentUrl":"https:\/\/marthacifuentes.com\/portada\/wp-content\/uploads\/2025\/11\/562389003_1422063409923589_3983563666184145716_n-1.jpg","width":935,"height":584,"caption":"Consorcio Yeikos, involucrado en denuncias por irregularidades del PAE en Casanare."},{"@type":"BreadcrumbList","@id":"https:\/\/marthacifuentes.com\/portada\/pae-casanare-sancocho-denuncias-denunciante-denunciado-gobernacion-fiscalia-procuraduria\/#breadcrumb","itemListElement":[{"@type":"ListItem","position":1,"name":"Portada","item":"https:\/\/marthacifuentes.com\/portada\/"},{"@type":"ListItem","position":2,"name":"PAE en Casanare termin\u00f3 en un sancocho de denuncias mutuas: denunciante, ahora denunciado por documentos irregulares ante la Fiscal\u00eda y la Procuradur\u00eda"}]},{"@type":"WebSite","@id":"https:\/\/marthacifuentes.com\/portada\/#website","url":"https:\/\/marthacifuentes.com\/portada\/","name":"\u25b7 Noticias de Casanare : Martha Cifuentes | Casanare","description":"Noticias &amp; Contenidos","potentialAction":[{"@type":"SearchAction","target":{"@type":"EntryPoint","urlTemplate":"https:\/\/marthacifuentes.com\/portada\/?s={search_term_string}"},"query-input":{"@type":"PropertyValueSpecification","valueRequired":true,"valueName":"search_term_string"}}],"inLanguage":"es"},{"@type":"Person","@id":"https:\/\/marthacifuentes.com\/portada\/#\/schema\/person\/57f53174b991db5f90ff78d58502b714","name":"Martha Cifuentes","image":{"@type":"ImageObject","inLanguage":"es","@id":"https:\/\/marthacifuentes.com\/portada\/#\/schema\/person\/image\/","url":"http:\/\/marthacifuentes.com\/portada\/wp-content\/uploads\/2018\/06\/avatar_user_2_1528838701-96x96.jpg","contentUrl":"http:\/\/marthacifuentes.com\/portada\/wp-content\/uploads\/2018\/06\/avatar_user_2_1528838701-96x96.jpg","caption":"Martha Cifuentes"},"sameAs":["http:\/\/www.marthacifuentes.com"],"url":"https:\/\/marthacifuentes.com\/portada\/author\/martha\/"}]}},"_links":{"self":[{"href":"https:\/\/marthacifuentes.com\/portada\/wp-json\/wp\/v2\/posts\/39372","targetHints":{"allow":["GET"]}}],"collection":[{"href":"https:\/\/marthacifuentes.com\/portada\/wp-json\/wp\/v2\/posts"}],"about":[{"href":"https:\/\/marthacifuentes.com\/portada\/wp-json\/wp\/v2\/types\/post"}],"author":[{"embeddable":true,"href":"https:\/\/marthacifuentes.com\/portada\/wp-json\/wp\/v2\/users\/2"}],"replies":[{"embeddable":true,"href":"https:\/\/marthacifuentes.com\/portada\/wp-json\/wp\/v2\/comments?post=39372"}],"version-history":[{"count":3,"href":"https:\/\/marthacifuentes.com\/portada\/wp-json\/wp\/v2\/posts\/39372\/revisions"}],"predecessor-version":[{"id":39378,"href":"https:\/\/marthacifuentes.com\/portada\/wp-json\/wp\/v2\/posts\/39372\/revisions\/39378"}],"wp:featuredmedia":[{"embeddable":true,"href":"https:\/\/marthacifuentes.com\/portada\/wp-json\/wp\/v2\/media\/39377"}],"wp:attachment":[{"href":"https:\/\/marthacifuentes.com\/portada\/wp-json\/wp\/v2\/media?parent=39372"}],"wp:term":[{"taxonomy":"category","embeddable":true,"href":"https:\/\/marthacifuentes.com\/portada\/wp-json\/wp\/v2\/categories?post=39372"},{"taxonomy":"post_tag","embeddable":true,"href":"https:\/\/marthacifuentes.com\/portada\/wp-json\/wp\/v2\/tags?post=39372"}],"curies":[{"name":"wp","href":"https:\/\/api.w.org\/{rel}","templated":true}]}}