{"id":39381,"date":"2025-11-12T14:43:27","date_gmt":"2025-11-12T19:43:27","guid":{"rendered":"https:\/\/marthacifuentes.com\/portada\/?p=39381"},"modified":"2025-11-12T14:43:28","modified_gmt":"2025-11-12T19:43:28","slug":"la-ventana-marroncita-volvio-a-sonar-leidy-tatiana-desaparecida-yopal","status":"publish","type":"post","link":"https:\/\/marthacifuentes.com\/portada\/la-ventana-marroncita-volvio-a-sonar-leidy-tatiana-desaparecida-yopal\/","title":{"rendered":"La ventana marroncita volvi\u00f3 a sonar: Su familia en Yopal despidi\u00f3 a Leidy Tatiana, 23 a\u00f1os despu\u00e9s de su desaparici\u00f3n"},"content":{"rendered":"\n<p>Veintitr\u00e9s a\u00f1os despu\u00e9s de su desaparici\u00f3n, la familia Meche Paredes por fin pudo despedir a Leidy Tatiana, la ni\u00f1a adolescente de 16 a\u00f1os que el conflicto armado les arrebat\u00f3 en junio de 2002.<\/p>\n\n\n\n<p>Su cuerpo fue identificado por la Unidad de B\u00fasqueda de Personas dadas por Desaparecidas (UBPD) y trasladado al Cementerio Municipal de Yopal, donde fue inhumado dignamente.<\/p>\n\n\n\n<p>La despedida estuvo marcada por una serenata con su canci\u00f3n favorita: <em>La ventana marroncita<\/em>.<\/p>\n\n\n\n<hr class=\"wp-block-separator has-alpha-channel-opacity\"\/>\n\n\n\n<h3 class=\"wp-block-heading\">La serenata que cerr\u00f3 una espera interminable<\/h3>\n\n\n\n<p>\u201cElla disfrut\u00f3 mucho de esa serenata que le llevaron a sus 14 a\u00f1itos\u201d, record\u00f3 su madre mientras sonaban los primeros acordes del vallenato que marc\u00f3 su adolescencia.<\/p>\n\n\n\n<p>En aquella \u00e9poca, Leidy sonre\u00eda desde la ventana, emocionada con los m\u00fasicos que su madre hab\u00eda contratado.<\/p>\n\n\n\n<p>Ahora, m\u00e1s de dos d\u00e9cadas despu\u00e9s, esa misma melod\u00eda fue interpretada de nuevo, esta vez frente a su tumba.<\/p>\n\n\n\n<p>Los versos \u2014\u201cQue yo las canto con el alma \/ para esa linda morenita \/ de la ventana marroncita\u201d\u2014 parec\u00edan escritos para ella: la morenita alegre que nunca regres\u00f3 a casa, pero cuya memoria sobrevivi\u00f3 en la voz de su familia y en el eco del acorde\u00f3n.<\/p>\n\n\n\n<hr class=\"wp-block-separator has-alpha-channel-opacity\"\/>\n\n\n\n<h3 class=\"wp-block-heading\">De la b\u00fasqueda al reencuentro<\/h3>\n\n\n\n<p>En septiembre de 2023, su padre acudi\u00f3 a la UBPD para pedir apoyo en la b\u00fasqueda.<\/p>\n\n\n\n<p>Ese mismo a\u00f1o, la entidad localiz\u00f3 en el cementerio de Arauca una b\u00f3veda con un cuerpo no identificado que coincid\u00eda con la descripci\u00f3n f\u00edsica de la joven.<\/p>\n\n\n\n<p>En marzo de 2024, el equipo de la Unidad, con apoyo del Instituto Nacional de Medicina Legal y Ciencias Forenses, recuper\u00f3 los restos.<\/p>\n\n\n\n<p>Los an\u00e1lisis gen\u00e9ticos confirmaron lo que la familia hab\u00eda esperado escuchar durante 23 a\u00f1os: el cuerpo correspond\u00eda a Leidy Tatiana Meche Paredes.<\/p>\n\n\n\n<hr class=\"wp-block-separator has-alpha-channel-opacity\"\/>\n\n\n\n<h3 class=\"wp-block-heading\">Una verdad que alivia el dolor<\/h3>\n\n\n\n<p>Seg\u00fan la investigaci\u00f3n humanitaria, Leidy falleci\u00f3 el 20 de mayo de 2005 en zona rural de Tame (Arauca), en hechos relacionados con el conflicto armado.<\/p>\n\n\n\n<p>Al no contar con documentos que permitieran su identificaci\u00f3n, fue sepultada como NN en el cementerio de la ciudad de Arauca.<\/p>\n\n\n\n<p>El pasado 17 de octubre, en la sede de la UBPD en Yopal, se realiz\u00f3 la entrega digna del cuerpo.<\/p>\n\n\n\n<p>La familia llev\u00f3 flores blancas y pidi\u00f3 que sonara el vallenato que ella amaba. No hubo discursos oficiales, solo l\u00e1grimas, m\u00fasica y silencio.<\/p>\n\n\n\n<figure class=\"wp-block-image size-large\"><img loading=\"lazy\" decoding=\"async\" width=\"1024\" height=\"740\" src=\"https:\/\/marthacifuentes.com\/portada\/wp-content\/uploads\/2025\/11\/1-2-1024x740.jpg\" alt=\"\" class=\"wp-image-39383\" srcset=\"https:\/\/marthacifuentes.com\/portada\/wp-content\/uploads\/2025\/11\/1-2-1024x740.jpg 1024w, https:\/\/marthacifuentes.com\/portada\/wp-content\/uploads\/2025\/11\/1-2-300x217.jpg 300w, https:\/\/marthacifuentes.com\/portada\/wp-content\/uploads\/2025\/11\/1-2-768x555.jpg 768w, https:\/\/marthacifuentes.com\/portada\/wp-content\/uploads\/2025\/11\/1-2-1536x1110.jpg 1536w, https:\/\/marthacifuentes.com\/portada\/wp-content\/uploads\/2025\/11\/1-2-2048x1480.jpg 2048w\" sizes=\"auto, (max-width: 1024px) 100vw, 1024px\" \/><\/figure>\n\n\n\n<hr class=\"wp-block-separator has-alpha-channel-opacity\"\/>\n\n\n\n<h3 class=\"wp-block-heading\">\u201cHoy termina una etapa de este dolor\u201d<\/h3>\n\n\n\n<p>\u201cNadie sabe el dolor de una madre. Uno no est\u00e1 preparado para enterrar a sus hijos\u201d, dijo su madre con serenidad.<\/p>\n\n\n\n<p>\u201cHoy termina una etapa de este dolor al saber d\u00f3nde est\u00e1 y poder darle descanso\u201d.<\/p>\n\n\n\n<p>Sus palabras reflejaron el alivio de una familia que, despu\u00e9s de m\u00e1s de dos d\u00e9cadas, encontr\u00f3 respuesta a la ausencia.<\/p>\n\n\n\n<hr class=\"wp-block-separator has-alpha-channel-opacity\"\/>\n\n\n\n<h3 class=\"wp-block-heading\">Una historia que refleja el duelo de miles<\/h3>\n\n\n\n<p>Para Wilson Chavarro, coordinador territorial de la UBPD en Casanare, el caso de Leidy simboliza la persistencia de las familias que siguen buscando a sus seres queridos.<\/p>\n\n\n\n<blockquote class=\"wp-block-quote is-layout-flow wp-block-quote-is-layout-flow\">\n<p>\u201cNinguna persona en Colombia debi\u00f3 vivir lo que le ocurri\u00f3 a Leidy Tatiana.<br>Como ella, miles de menores fueron arrebatados por la guerra.<br>Hoy su familia tiene un poco de alivio: saber d\u00f3nde est\u00e1, poder llorarla y recordarla con amor.\u201d<\/p>\n<\/blockquote>\n\n\n\n<p>La Unidad de B\u00fasqueda cuenta con 26 sedes territoriales y tres sat\u00e9lites en el pa\u00eds, donde familias como la de Leidy siguen tocando, con esperanza, las ventanas marroncitas de la memoria.<\/p>\n","protected":false},"excerpt":{"rendered":"<p>Veintitr\u00e9s a\u00f1os despu\u00e9s de su desaparici\u00f3n, la familia Meche Paredes por fin pudo despedir a Leidy Tatiana, la ni\u00f1a adolescente de 16 a\u00f1os que el conflicto armado les arrebat\u00f3 en junio de 2002. Su cuerpo fue identificado por la Unidad de B\u00fasqueda de Personas dadas por Desaparecidas (UBPD) y trasladado al Cementerio Municipal de Yopal, &hellip;<\/p>\n","protected":false},"author":2,"featured_media":39382,"comment_status":"open","ping_status":"open","sticky":false,"template":"","format":"standard","meta":{"om_disable_all_campaigns":false,"_exactmetrics_skip_tracking":false,"_exactmetrics_sitenote_active":false,"_exactmetrics_sitenote_note":"","_exactmetrics_sitenote_category":0,"_monsterinsights_skip_tracking":false,"_monsterinsights_sitenote_active":false,"_monsterinsights_sitenote_note":"","_monsterinsights_sitenote_category":0,"_uf_show_specific_survey":0,"_uf_disable_surveys":false,"_joinchat":[],"footnotes":""},"categories":[147,146,145],"tags":[497,8411,14919,13108,14918,14921,8361,7752,14920,11600,157],"class_list":["post-39381","post","type-post","status-publish","format-standard","has-post-thumbnail","hentry","category-actualidad","category-noticias","category-reportajes","tag-arauca","tag-conflicto-armado","tag-desaparecidos-en-casanare","tag-desaparicion-forzada","tag-leidy-tatiana-meche-paredes","tag-memoria-y-reconciliacion","tag-tame","tag-ubpd","tag-unidad-de-busqueda","tag-victimas-del-conflicto","tag-yopal"],"yoast_head":"<!-- This site is optimized with the Yoast SEO plugin v26.1 - https:\/\/yoast.com\/wordpress\/plugins\/seo\/ -->\n<title>La ventana marroncita volvi\u00f3 a sonar: Yopal despidi\u00f3 a Leidy Tatiana, 23 a\u00f1os despu\u00e9s de su desaparici\u00f3n | Martha Cifuentes<\/title>\n<meta name=\"description\" content=\"Despu\u00e9s de 23 a\u00f1os, la familia Meche Paredes despidi\u00f3 en Yopal a Leidy Tatiana, desaparecida en 2002 e identificada por la UBPD. La canci\u00f3n La ventana marroncita volvi\u00f3 a sonar como homenaje a su memoria.\" \/>\n<meta name=\"robots\" content=\"index, follow, max-snippet:-1, max-image-preview:large, max-video-preview:-1\" \/>\n<link rel=\"canonical\" href=\"https:\/\/marthacifuentes.com\/portada\/la-ventana-marroncita-volvio-a-sonar-leidy-tatiana-desaparecida-yopal\/\" \/>\n<meta property=\"og:locale\" content=\"es_ES\" \/>\n<meta property=\"og:type\" content=\"article\" \/>\n<meta property=\"og:title\" content=\"La ventana marroncita volvi\u00f3 a sonar: Yopal despidi\u00f3 a Leidy Tatiana, 23 a\u00f1os despu\u00e9s de su desaparici\u00f3n\" \/>\n<meta property=\"og:description\" content=\"La familia Meche Paredes despidi\u00f3 en Yopal a Leidy Tatiana, desaparecida en 2002.Su canci\u00f3n favorita, La ventana marroncita, son\u00f3 nuevamente durante su despedida.\" \/>\n<meta property=\"og:url\" content=\"https:\/\/marthacifuentes.com\/portada\/la-ventana-marroncita-volvio-a-sonar-leidy-tatiana-desaparecida-yopal\/\" \/>\n<meta property=\"og:site_name\" content=\"\u25b7 Noticias de Casanare : Martha Cifuentes | Casanare\" \/>\n<meta property=\"article:published_time\" content=\"2025-11-12T19:43:27+00:00\" \/>\n<meta property=\"article:modified_time\" content=\"2025-11-12T19:43:28+00:00\" \/>\n<meta property=\"og:image\" content=\"https:\/\/marthacifuentes.com\/portada\/wp-content\/uploads\/2025\/11\/FAMILIA-DE-LEIDY-LA-HALLO-TRAS-DESAPARICION-EN-YOPAL.jpg\" \/>\n\t<meta property=\"og:image:width\" content=\"810\" \/>\n\t<meta property=\"og:image:height\" content=\"540\" \/>\n\t<meta property=\"og:image:type\" content=\"image\/jpeg\" \/>\n<meta name=\"author\" content=\"Martha Cifuentes\" \/>\n<meta name=\"twitter:card\" content=\"summary_large_image\" \/>\n<meta name=\"twitter:title\" content=\"La ventana marroncita volvi\u00f3 a sonar: Yopal despidi\u00f3 a Leidy Tatiana, 23 a\u00f1os despu\u00e9s de su desaparici\u00f3n\" \/>\n<meta name=\"twitter:description\" content=\"La familia Meche Paredes despidi\u00f3 en Yopal a Leidy Tatiana, desaparecida en 2002.Su canci\u00f3n favorita, La ventana marroncita, son\u00f3 nuevamente durante su despedida.\" \/>\n<meta name=\"twitter:label1\" content=\"Escrito por\" \/>\n\t<meta name=\"twitter:data1\" content=\"Martha Cifuentes\" \/>\n\t<meta name=\"twitter:label2\" content=\"Tiempo de lectura\" \/>\n\t<meta name=\"twitter:data2\" content=\"3 minutos\" \/>\n<script type=\"application\/ld+json\" class=\"yoast-schema-graph\">{\"@context\":\"https:\/\/schema.org\",\"@graph\":[{\"@type\":\"WebPage\",\"@id\":\"https:\/\/marthacifuentes.com\/portada\/la-ventana-marroncita-volvio-a-sonar-leidy-tatiana-desaparecida-yopal\/\",\"url\":\"https:\/\/marthacifuentes.com\/portada\/la-ventana-marroncita-volvio-a-sonar-leidy-tatiana-desaparecida-yopal\/\",\"name\":\"La ventana marroncita volvi\u00f3 a sonar: Yopal despidi\u00f3 a Leidy Tatiana, 23 a\u00f1os despu\u00e9s de su desaparici\u00f3n | Martha Cifuentes\",\"isPartOf\":{\"@id\":\"https:\/\/marthacifuentes.com\/portada\/#website\"},\"primaryImageOfPage\":{\"@id\":\"https:\/\/marthacifuentes.com\/portada\/la-ventana-marroncita-volvio-a-sonar-leidy-tatiana-desaparecida-yopal\/#primaryimage\"},\"image\":{\"@id\":\"https:\/\/marthacifuentes.com\/portada\/la-ventana-marroncita-volvio-a-sonar-leidy-tatiana-desaparecida-yopal\/#primaryimage\"},\"thumbnailUrl\":\"https:\/\/marthacifuentes.com\/portada\/wp-content\/uploads\/2025\/11\/FAMILIA-DE-LEIDY-LA-HALLO-TRAS-DESAPARICION-EN-YOPAL.jpg\",\"datePublished\":\"2025-11-12T19:43:27+00:00\",\"dateModified\":\"2025-11-12T19:43:28+00:00\",\"author\":{\"@id\":\"https:\/\/marthacifuentes.com\/portada\/#\/schema\/person\/57f53174b991db5f90ff78d58502b714\"},\"description\":\"Despu\u00e9s de 23 a\u00f1os, la familia Meche Paredes despidi\u00f3 en Yopal a Leidy Tatiana, desaparecida en 2002 e identificada por la UBPD. La canci\u00f3n La ventana marroncita volvi\u00f3 a sonar como homenaje a su memoria.\",\"breadcrumb\":{\"@id\":\"https:\/\/marthacifuentes.com\/portada\/la-ventana-marroncita-volvio-a-sonar-leidy-tatiana-desaparecida-yopal\/#breadcrumb\"},\"inLanguage\":\"es\",\"potentialAction\":[{\"@type\":\"ReadAction\",\"target\":[\"https:\/\/marthacifuentes.com\/portada\/la-ventana-marroncita-volvio-a-sonar-leidy-tatiana-desaparecida-yopal\/\"]}]},{\"@type\":\"ImageObject\",\"inLanguage\":\"es\",\"@id\":\"https:\/\/marthacifuentes.com\/portada\/la-ventana-marroncita-volvio-a-sonar-leidy-tatiana-desaparecida-yopal\/#primaryimage\",\"url\":\"https:\/\/marthacifuentes.com\/portada\/wp-content\/uploads\/2025\/11\/FAMILIA-DE-LEIDY-LA-HALLO-TRAS-DESAPARICION-EN-YOPAL.jpg\",\"contentUrl\":\"https:\/\/marthacifuentes.com\/portada\/wp-content\/uploads\/2025\/11\/FAMILIA-DE-LEIDY-LA-HALLO-TRAS-DESAPARICION-EN-YOPAL.jpg\",\"width\":810,\"height\":540,\"caption\":\"Familia Meche Paredes despide con serenata a Leidy Tatiana en el Cementerio Municipal de Yopal\"},{\"@type\":\"BreadcrumbList\",\"@id\":\"https:\/\/marthacifuentes.com\/portada\/la-ventana-marroncita-volvio-a-sonar-leidy-tatiana-desaparecida-yopal\/#breadcrumb\",\"itemListElement\":[{\"@type\":\"ListItem\",\"position\":1,\"name\":\"Portada\",\"item\":\"https:\/\/marthacifuentes.com\/portada\/\"},{\"@type\":\"ListItem\",\"position\":2,\"name\":\"La ventana marroncita volvi\u00f3 a sonar: Su familia en Yopal despidi\u00f3 a Leidy Tatiana, 23 a\u00f1os despu\u00e9s de su desaparici\u00f3n\"}]},{\"@type\":\"WebSite\",\"@id\":\"https:\/\/marthacifuentes.com\/portada\/#website\",\"url\":\"https:\/\/marthacifuentes.com\/portada\/\",\"name\":\"\u25b7 Noticias de Casanare : Martha Cifuentes | Casanare\",\"description\":\"Noticias &amp; Contenidos\",\"potentialAction\":[{\"@type\":\"SearchAction\",\"target\":{\"@type\":\"EntryPoint\",\"urlTemplate\":\"https:\/\/marthacifuentes.com\/portada\/?s={search_term_string}\"},\"query-input\":{\"@type\":\"PropertyValueSpecification\",\"valueRequired\":true,\"valueName\":\"search_term_string\"}}],\"inLanguage\":\"es\"},{\"@type\":\"Person\",\"@id\":\"https:\/\/marthacifuentes.com\/portada\/#\/schema\/person\/57f53174b991db5f90ff78d58502b714\",\"name\":\"Martha Cifuentes\",\"image\":{\"@type\":\"ImageObject\",\"inLanguage\":\"es\",\"@id\":\"https:\/\/marthacifuentes.com\/portada\/#\/schema\/person\/image\/\",\"url\":\"http:\/\/marthacifuentes.com\/portada\/wp-content\/uploads\/2018\/06\/avatar_user_2_1528838701-96x96.jpg\",\"contentUrl\":\"http:\/\/marthacifuentes.com\/portada\/wp-content\/uploads\/2018\/06\/avatar_user_2_1528838701-96x96.jpg\",\"caption\":\"Martha Cifuentes\"},\"sameAs\":[\"http:\/\/www.marthacifuentes.com\"],\"url\":\"https:\/\/marthacifuentes.com\/portada\/author\/martha\/\"}]}<\/script>\n<!-- \/ Yoast SEO plugin. -->","yoast_head_json":{"title":"La ventana marroncita volvi\u00f3 a sonar: Yopal despidi\u00f3 a Leidy Tatiana, 23 a\u00f1os despu\u00e9s de su desaparici\u00f3n | Martha Cifuentes","description":"Despu\u00e9s de 23 a\u00f1os, la familia Meche Paredes despidi\u00f3 en Yopal a Leidy Tatiana, desaparecida en 2002 e identificada por la UBPD. La canci\u00f3n La ventana marroncita volvi\u00f3 a sonar como homenaje a su memoria.","robots":{"index":"index","follow":"follow","max-snippet":"max-snippet:-1","max-image-preview":"max-image-preview:large","max-video-preview":"max-video-preview:-1"},"canonical":"https:\/\/marthacifuentes.com\/portada\/la-ventana-marroncita-volvio-a-sonar-leidy-tatiana-desaparecida-yopal\/","og_locale":"es_ES","og_type":"article","og_title":"La ventana marroncita volvi\u00f3 a sonar: Yopal despidi\u00f3 a Leidy Tatiana, 23 a\u00f1os despu\u00e9s de su desaparici\u00f3n","og_description":"La familia Meche Paredes despidi\u00f3 en Yopal a Leidy Tatiana, desaparecida en 2002.Su canci\u00f3n favorita, La ventana marroncita, son\u00f3 nuevamente durante su despedida.","og_url":"https:\/\/marthacifuentes.com\/portada\/la-ventana-marroncita-volvio-a-sonar-leidy-tatiana-desaparecida-yopal\/","og_site_name":"\u25b7 Noticias de Casanare : Martha Cifuentes | Casanare","article_published_time":"2025-11-12T19:43:27+00:00","article_modified_time":"2025-11-12T19:43:28+00:00","og_image":[{"width":810,"height":540,"url":"https:\/\/marthacifuentes.com\/portada\/wp-content\/uploads\/2025\/11\/FAMILIA-DE-LEIDY-LA-HALLO-TRAS-DESAPARICION-EN-YOPAL.jpg","type":"image\/jpeg"}],"author":"Martha Cifuentes","twitter_card":"summary_large_image","twitter_title":"La ventana marroncita volvi\u00f3 a sonar: Yopal despidi\u00f3 a Leidy Tatiana, 23 a\u00f1os despu\u00e9s de su desaparici\u00f3n","twitter_description":"La familia Meche Paredes despidi\u00f3 en Yopal a Leidy Tatiana, desaparecida en 2002.Su canci\u00f3n favorita, La ventana marroncita, son\u00f3 nuevamente durante su despedida.","twitter_misc":{"Escrito por":"Martha Cifuentes","Tiempo de lectura":"3 minutos"},"schema":{"@context":"https:\/\/schema.org","@graph":[{"@type":"WebPage","@id":"https:\/\/marthacifuentes.com\/portada\/la-ventana-marroncita-volvio-a-sonar-leidy-tatiana-desaparecida-yopal\/","url":"https:\/\/marthacifuentes.com\/portada\/la-ventana-marroncita-volvio-a-sonar-leidy-tatiana-desaparecida-yopal\/","name":"La ventana marroncita volvi\u00f3 a sonar: Yopal despidi\u00f3 a Leidy Tatiana, 23 a\u00f1os despu\u00e9s de su desaparici\u00f3n | Martha Cifuentes","isPartOf":{"@id":"https:\/\/marthacifuentes.com\/portada\/#website"},"primaryImageOfPage":{"@id":"https:\/\/marthacifuentes.com\/portada\/la-ventana-marroncita-volvio-a-sonar-leidy-tatiana-desaparecida-yopal\/#primaryimage"},"image":{"@id":"https:\/\/marthacifuentes.com\/portada\/la-ventana-marroncita-volvio-a-sonar-leidy-tatiana-desaparecida-yopal\/#primaryimage"},"thumbnailUrl":"https:\/\/marthacifuentes.com\/portada\/wp-content\/uploads\/2025\/11\/FAMILIA-DE-LEIDY-LA-HALLO-TRAS-DESAPARICION-EN-YOPAL.jpg","datePublished":"2025-11-12T19:43:27+00:00","dateModified":"2025-11-12T19:43:28+00:00","author":{"@id":"https:\/\/marthacifuentes.com\/portada\/#\/schema\/person\/57f53174b991db5f90ff78d58502b714"},"description":"Despu\u00e9s de 23 a\u00f1os, la familia Meche Paredes despidi\u00f3 en Yopal a Leidy Tatiana, desaparecida en 2002 e identificada por la UBPD. La canci\u00f3n La ventana marroncita volvi\u00f3 a sonar como homenaje a su memoria.","breadcrumb":{"@id":"https:\/\/marthacifuentes.com\/portada\/la-ventana-marroncita-volvio-a-sonar-leidy-tatiana-desaparecida-yopal\/#breadcrumb"},"inLanguage":"es","potentialAction":[{"@type":"ReadAction","target":["https:\/\/marthacifuentes.com\/portada\/la-ventana-marroncita-volvio-a-sonar-leidy-tatiana-desaparecida-yopal\/"]}]},{"@type":"ImageObject","inLanguage":"es","@id":"https:\/\/marthacifuentes.com\/portada\/la-ventana-marroncita-volvio-a-sonar-leidy-tatiana-desaparecida-yopal\/#primaryimage","url":"https:\/\/marthacifuentes.com\/portada\/wp-content\/uploads\/2025\/11\/FAMILIA-DE-LEIDY-LA-HALLO-TRAS-DESAPARICION-EN-YOPAL.jpg","contentUrl":"https:\/\/marthacifuentes.com\/portada\/wp-content\/uploads\/2025\/11\/FAMILIA-DE-LEIDY-LA-HALLO-TRAS-DESAPARICION-EN-YOPAL.jpg","width":810,"height":540,"caption":"Familia Meche Paredes despide con serenata a Leidy Tatiana en el Cementerio Municipal de Yopal"},{"@type":"BreadcrumbList","@id":"https:\/\/marthacifuentes.com\/portada\/la-ventana-marroncita-volvio-a-sonar-leidy-tatiana-desaparecida-yopal\/#breadcrumb","itemListElement":[{"@type":"ListItem","position":1,"name":"Portada","item":"https:\/\/marthacifuentes.com\/portada\/"},{"@type":"ListItem","position":2,"name":"La ventana marroncita volvi\u00f3 a sonar: Su familia en Yopal despidi\u00f3 a Leidy Tatiana, 23 a\u00f1os despu\u00e9s de su desaparici\u00f3n"}]},{"@type":"WebSite","@id":"https:\/\/marthacifuentes.com\/portada\/#website","url":"https:\/\/marthacifuentes.com\/portada\/","name":"\u25b7 Noticias de Casanare : Martha Cifuentes | Casanare","description":"Noticias &amp; Contenidos","potentialAction":[{"@type":"SearchAction","target":{"@type":"EntryPoint","urlTemplate":"https:\/\/marthacifuentes.com\/portada\/?s={search_term_string}"},"query-input":{"@type":"PropertyValueSpecification","valueRequired":true,"valueName":"search_term_string"}}],"inLanguage":"es"},{"@type":"Person","@id":"https:\/\/marthacifuentes.com\/portada\/#\/schema\/person\/57f53174b991db5f90ff78d58502b714","name":"Martha Cifuentes","image":{"@type":"ImageObject","inLanguage":"es","@id":"https:\/\/marthacifuentes.com\/portada\/#\/schema\/person\/image\/","url":"http:\/\/marthacifuentes.com\/portada\/wp-content\/uploads\/2018\/06\/avatar_user_2_1528838701-96x96.jpg","contentUrl":"http:\/\/marthacifuentes.com\/portada\/wp-content\/uploads\/2018\/06\/avatar_user_2_1528838701-96x96.jpg","caption":"Martha Cifuentes"},"sameAs":["http:\/\/www.marthacifuentes.com"],"url":"https:\/\/marthacifuentes.com\/portada\/author\/martha\/"}]}},"_links":{"self":[{"href":"https:\/\/marthacifuentes.com\/portada\/wp-json\/wp\/v2\/posts\/39381","targetHints":{"allow":["GET"]}}],"collection":[{"href":"https:\/\/marthacifuentes.com\/portada\/wp-json\/wp\/v2\/posts"}],"about":[{"href":"https:\/\/marthacifuentes.com\/portada\/wp-json\/wp\/v2\/types\/post"}],"author":[{"embeddable":true,"href":"https:\/\/marthacifuentes.com\/portada\/wp-json\/wp\/v2\/users\/2"}],"replies":[{"embeddable":true,"href":"https:\/\/marthacifuentes.com\/portada\/wp-json\/wp\/v2\/comments?post=39381"}],"version-history":[{"count":1,"href":"https:\/\/marthacifuentes.com\/portada\/wp-json\/wp\/v2\/posts\/39381\/revisions"}],"predecessor-version":[{"id":39384,"href":"https:\/\/marthacifuentes.com\/portada\/wp-json\/wp\/v2\/posts\/39381\/revisions\/39384"}],"wp:featuredmedia":[{"embeddable":true,"href":"https:\/\/marthacifuentes.com\/portada\/wp-json\/wp\/v2\/media\/39382"}],"wp:attachment":[{"href":"https:\/\/marthacifuentes.com\/portada\/wp-json\/wp\/v2\/media?parent=39381"}],"wp:term":[{"taxonomy":"category","embeddable":true,"href":"https:\/\/marthacifuentes.com\/portada\/wp-json\/wp\/v2\/categories?post=39381"},{"taxonomy":"post_tag","embeddable":true,"href":"https:\/\/marthacifuentes.com\/portada\/wp-json\/wp\/v2\/tags?post=39381"}],"curies":[{"name":"wp","href":"https:\/\/api.w.org\/{rel}","templated":true}]}}