{"id":39406,"date":"2025-11-18T15:50:48","date_gmt":"2025-11-18T20:50:48","guid":{"rendered":"https:\/\/marthacifuentes.com\/portada\/?p=39406"},"modified":"2025-11-18T15:54:26","modified_gmt":"2025-11-18T20:54:26","slug":"borrador-irregularidades-asamblea-casanare-eleccion-contralor-2026-2029automatico","status":"publish","type":"post","link":"https:\/\/marthacifuentes.com\/portada\/borrador-irregularidades-asamblea-casanare-eleccion-contralor-2026-2029automatico\/","title":{"rendered":"\u00bfCu\u00e1les fueron las irregularidades que la Asamblea de Casanare reconoci\u00f3 y que terminaron tumbando proceso de elecci\u00f3n del contralor 2026-2029?"},"content":{"rendered":"\n<p><strong>La Asamblea Departamental dio un paso inusual: admitir que el concurso para elegir al contralor estuvo lleno de irregularidades desde su origen. La decisi\u00f3n de revocar todo el proceso se tom\u00f3 en medio de dudas sobre la transparencia del tr\u00e1mite, cr\u00edticas al operador acad\u00e9mico y tensiones internas en la Duma. Hoy el proceso debe reiniciarse desde cero.<\/strong><\/p>\n\n\n\n<hr class=\"wp-block-separator has-alpha-channel-opacity\"\/>\n\n\n\n<h2 class=\"wp-block-heading\"><strong>Irregularidades desde el inicio del proceso<\/strong><\/h2>\n\n\n\n<p>La elecci\u00f3n comenz\u00f3 con se\u00f1ales de alerta que para muchos aspirantes y observadores no parec\u00edan simples equivocaciones. <\/p>\n\n\n\n<p>La selecci\u00f3n directa \u2014sin comparaci\u00f3n de oferentes ni criterios objetivos\u2014 de la Universidad de Cartagena como operador de la prueba de conocimientos levant\u00f3 las primeras dudas sobre la imparcialidad del proceso.<\/p>\n\n\n\n<p><strong><a href=\"https:\/\/marthacifuentes.com\/portada\/por-que-la-contraloria-cree-que-la-asamblea-de-casanare-amano-contrato-con-la-u-de-cartagena-para-apoyar-la-eleccion-del-contralor\/\">En un informe de la Contralor\u00eda Departamental de Casanare<\/a> <\/strong>se concluy\u00f3 que en la elecci\u00f3n de la Universidad para apoyar el proceso de elecci\u00f3n hubo\u00a0<strong>selecci\u00f3n anticipada del contratista, publicaciones tard\u00edas, requisitos ilegales y omisiones de la mesa directiva<\/strong>, lo que vulner\u00f3 principios b\u00e1sicos de la contrataci\u00f3n estatal.<\/p>\n\n\n\n<p>Adem\u00e1s, la <a href=\"https:\/\/marthacifuentes.com\/portada\/otra-vez-la-justicia-tiene-que-intervenir-reanudan-el-polemico-concurso-para-contralor-de-casanare\/\"><strong>Asamblea no acat\u00f3 de manera adecuada<\/strong><\/a> decisiones de tutela que ordenaban ajustar plazos y garantizar igualdad. <\/p>\n\n\n\n<p>A esto se sum\u00f3 que la prueba de conocimientos consisti\u00f3 en <strong><a href=\"https:\/\/marthacifuentes.com\/portada\/la-eleccion-de-contralor-una-prueba-desigual-entre-antioquia-bogota-y-casanare\/\">50 preguntas anal\u00edticas en una sola hora<\/a><\/strong>, un formato desproporcionado si se compara con otros concursos, donde se otorgan hasta cuatro horas para resolver cien preguntas.<\/p>\n\n\n\n<p>Desde ese punto, la desconfianza ya estaba instalada.<\/p>\n\n\n\n<hr class=\"wp-block-separator has-alpha-channel-opacity\"\/>\n\n\n\n<h2 class=\"wp-block-heading\"><strong>La Mesa Directiva reconoce vicios internos<\/strong><\/h2>\n\n\n\n<p>La propia Asamblea, mediante la Resoluci\u00f3n 069 del 13 de noviembre de 2025, reconoci\u00f3 que cometi\u00f3 <strong>irregularidades estructurales<\/strong> que afectaron la validez del proceso. Estas incluyen:<\/p>\n\n\n\n<ul class=\"wp-block-list\">\n<li>Un <strong>aviso de convocatoria incompleto<\/strong>, que omiti\u00f3 8 de los 9 requisitos exigidos por la Ley 1904 de 2018.<\/li>\n\n\n\n<li><strong>Cronogramas publicados de manera extempor\u00e1nea<\/strong>, generando inscripciones en horarios no habilitados.<\/li>\n\n\n\n<li><strong>Actos administrativos sin soporte jur\u00eddico<\/strong>, especialmente tras la revocatoria en segunda instancia de una tutela utilizada para modificar fechas.<\/li>\n<\/ul>\n\n\n\n<p>Estos elementos vulneraron principios centrales: publicidad, m\u00e9rito, igualdad, transparencia y seguridad jur\u00eddica.<br>Aunque no usa un lenguaje confesional, la resoluci\u00f3n funciona como una <strong>admisi\u00f3n expl\u00edcita de responsabilidad administrativa<\/strong>.<\/p>\n\n\n\n<hr class=\"wp-block-separator has-alpha-channel-opacity\"\/>\n\n\n\n<h2 class=\"wp-block-heading\"><strong>Irregularidades en la intervenci\u00f3n del operador acad\u00e9mico<\/strong><\/h2>\n\n\n\n<p>La ruptura de la cadena de custodia de la prueba de conocimientos termin\u00f3 por agravar el escenario.<\/p>\n\n\n\n<p>La Universidad de Cartagena permiti\u00f3 la presencia de un funcionario de la Procuradur\u00eda Regional de Bol\u00edvar <strong>sin delegaci\u00f3n formal<\/strong>, quien elabor\u00f3 un acta con puntajes nominales en papeler\u00eda oficial del ente de control.<\/p>\n\n\n\n<p>Ese documento termin\u00f3 circulando en redes sociales <strong>antes de la fecha oficial de publicaci\u00f3n<\/strong>.<\/p>\n\n\n\n<p>Aunque la Asamblea no fue responsable directa de la filtraci\u00f3n, s\u00ed incurri\u00f3 en <strong>responsabilidad indirecta<\/strong> por no ejercer supervisi\u00f3n adecuada ni establecer protocolos de custodia s\u00f3lidos.<\/p>\n\n\n\n<hr class=\"wp-block-separator has-alpha-channel-opacity\"\/>\n\n\n\n<h2 class=\"wp-block-heading\"><strong>\u00bfTuvo m\u00e1s peso la filtraci\u00f3n o las irregularidades internas?<\/strong><\/h2>\n\n\n\n<p>La Resoluci\u00f3n 069 distingue claramente que la filtraci\u00f3n fue el <strong>detonante final<\/strong>, pero hubo m\u00e1s causas del colapso del concurso.<\/p>\n\n\n\n<p>Las irregularidades cometidas por la propia Asamblea \u2014convocatoria mal dise\u00f1ada, cronogramas irregulares, actos inconsistentes\u2014 fueron m\u00e1s determinantes y dejaron el proceso viciado desde su origen.<\/p>\n\n\n\n<p>La filtraci\u00f3n simplemente hizo insostenible continuar.<\/p>\n\n\n\n<hr class=\"wp-block-separator has-alpha-channel-opacity\"\/>\n\n\n\n<h2 class=\"wp-block-heading\"><strong>Renuncia en la Mesa Directiva en medio de tensiones internas<\/strong><\/h2>\n\n\n\n<p>Antes de la expedici\u00f3n de la resoluci\u00f3n que tumb\u00f3 el proceso, la diputada <strong>Marisela Duarte Rodr\u00edguez<\/strong> renunci\u00f3 a la Segunda Vicepresidencia. <\/p>\n\n\n\n<p>Aunque no explic\u00f3 sus razones, en el recinto se interpret\u00f3 como un desacuerdo con la conducci\u00f3n del presidente de la Mesa Directiva sobre este concurso.<\/p>\n\n\n\n<p>Fue reemplazada por el diputado <strong>Germ\u00e1n Pinz\u00f3n<\/strong>, tambi\u00e9n del Centro Democr\u00e1tico.<\/p>\n\n\n\n<hr class=\"wp-block-separator has-alpha-channel-opacity\"\/>\n\n\n\n<h2 class=\"wp-block-heading\"><strong>Aspirantes con puntajes altos anuncian acciones jur\u00eddicas<\/strong><\/h2>\n\n\n\n<p>Varios aspirantes que obtuvieron puntajes sobresalientes ya anunciaron que interpondr\u00e1n tutelas o acciones ante la jurisdicci\u00f3n contenciosa administrativa.<\/p>\n\n\n\n<p>Argumentan que se vulner\u00f3 su <strong>derecho al debido proceso<\/strong> y que los vicios cometidos por la Asamblea y su operador no deben afectar a quienes demostraron m\u00e9rito.<\/p>\n\n\n\n<hr class=\"wp-block-separator has-alpha-channel-opacity\"\/>\n\n\n\n<h2 class=\"wp-block-heading\"><strong>Un proceso marcado por tensiones y dudas desde el inicio<\/strong><\/h2>\n\n\n\n<p>Recusaciones entre diputados, decisiones judiciales contradictorias, un operador elegido sin concurso previo y una prueba con tiempos insuficientes revelan un proceso que ya estaba comprometido antes de la filtraci\u00f3n.<\/p>\n\n\n\n<p>La revocatoria termina siendo el resultado inevitable de una suma de actuaciones irregulares.<\/p>\n\n\n\n<hr class=\"wp-block-separator has-alpha-channel-opacity\"\/>\n\n\n\n<h2 class=\"wp-block-heading\"><strong>La decisi\u00f3n final: reiniciar todo<\/strong><\/h2>\n\n\n\n<p>La Asamblea orden\u00f3:<\/p>\n\n\n\n<ul class=\"wp-block-list\">\n<li>Revocar todo lo actuado desde el 29 de julio.<\/li>\n\n\n\n<li>Expedir una nueva convocatoria en cinco d\u00edas h\u00e1biles.<\/li>\n\n\n\n<li>Revisar el contrato con la Universidad de Cartagena.<\/li>\n\n\n\n<li>Comunicar la decisi\u00f3n a Procuradur\u00eda y aspirantes.<\/li>\n<\/ul>\n\n\n\n<p>Todos los participantes deber\u00e1n reiniciar el proceso desde cero.<\/p>\n\n\n\n<hr class=\"wp-block-separator has-alpha-channel-opacity\"\/>\n\n\n\n<h1 class=\"wp-block-heading\"><strong>Contexto<\/strong><\/h1>\n\n\n\n<p>La <strong>Resoluci\u00f3n 046 del 29 de julio<\/strong>, que abri\u00f3 la convocatoria, fue firmada por:<\/p>\n\n\n\n<ul class=\"wp-block-list\">\n<li><strong>Juan Fernando Mancipe P\u00e9rez<\/strong>, Presidente<\/li>\n\n\n\n<li><strong>Marisela Duarte Rodr\u00edguez<\/strong>, Segunda Vicepresidente<\/li>\n<\/ul>\n\n\n\n<p>Igualmente en letra m\u00e1s peque\u00f1a:<\/p>\n\n\n\n<ul class=\"wp-block-list\">\n<li><strong>Luis Alejandro Rinc\u00f3n<\/strong>, abogado de la Asamblea<\/li>\n\n\n\n<li><strong>Sergio Andr\u00e9s Rodr\u00edguez Cruz<\/strong>, abogado contratado para apoyar y asesorar la presidencia de la Asamblea.<\/li>\n\n\n\n<li><strong>Wilmer Alonso Vega Mendoza<\/strong>, Secretario General (revisor)<\/li>\n<\/ul>\n\n\n\n<p>El aviso de convocatoria deriva directamente de ese acto, pese a no tener firmas visibles.<\/p>\n\n\n\n<p>A pesar de contar con <strong>dos profesionales en derecho<\/strong>, la Asamblea incurri\u00f3 en irregularidades graves en la elaboraci\u00f3n, revisi\u00f3n y publicaci\u00f3n del proceso, lo que abre la puerta a <strong>posibles responsabilidades disciplinarias<\/strong>.<\/p>\n\n\n\n<p>Llama la atenci\u00f3n que la Resoluci\u00f3n No. 069, mediante la cual se da al traste con el proceso de elecci\u00f3n de contralor, la firman el presidente Mancipe y el nuevo segundo vicepresidente Germ\u00e1n Pinz\u00f3n. Igualmente estampa su firma el abogado Rodr\u00edguez Cruz y el secretario general. En este documento no aparece la firma del asesor jur\u00eddico o abogado Alejandro Rinc\u00f3n. <\/p>\n\n\n\n<p><\/p>\n\n\n\n<div data-wp-interactive=\"core\/file\" class=\"wp-block-file\"><object data-wp-bind--hidden=\"!state.hasPdfPreview\" hidden class=\"wp-block-file__embed\" data=\"https:\/\/marthacifuentes.com\/portada\/wp-content\/uploads\/2025\/11\/Resolucion-de-mesa-directiva-n-0692025.pdf\" type=\"application\/pdf\" style=\"width:100%;height:600px\" aria-label=\"Incrustado de Resolucion-de-mesa-directiva-n-0692025.\"><\/object><a id=\"wp-block-file--media-31644187-b894-471c-b6eb-b4852918d442\" href=\"https:\/\/marthacifuentes.com\/portada\/wp-content\/uploads\/2025\/11\/Resolucion-de-mesa-directiva-n-0692025.pdf\">Resolucion-de-mesa-directiva-n-0692025<\/a><a href=\"https:\/\/marthacifuentes.com\/portada\/wp-content\/uploads\/2025\/11\/Resolucion-de-mesa-directiva-n-0692025.pdf\" class=\"wp-block-file__button wp-element-button\" download aria-describedby=\"wp-block-file--media-31644187-b894-471c-b6eb-b4852918d442\">Descarga<\/a><\/div>\n","protected":false},"excerpt":{"rendered":"<p>La Asamblea Departamental dio un paso inusual: admitir que el concurso para elegir al contralor estuvo lleno de irregularidades desde su origen. La decisi\u00f3n de revocar todo el proceso se tom\u00f3 en medio de dudas sobre la transparencia del tr\u00e1mite, cr\u00edticas al operador acad\u00e9mico y tensiones internas en la Duma. Hoy el proceso debe reiniciarse &hellip;<\/p>\n","protected":false},"author":2,"featured_media":39410,"comment_status":"open","ping_status":"open","sticky":false,"template":"","format":"standard","meta":{"om_disable_all_campaigns":false,"_exactmetrics_skip_tracking":false,"_exactmetrics_sitenote_active":false,"_exactmetrics_sitenote_note":"","_exactmetrics_sitenote_category":0,"_monsterinsights_skip_tracking":false,"_monsterinsights_sitenote_active":false,"_monsterinsights_sitenote_note":"","_monsterinsights_sitenote_category":0,"_uf_show_specific_survey":0,"_uf_disable_surveys":false,"_joinchat":[],"footnotes":""},"categories":[147,146,145],"tags":[9126,1123,14934,12631,14935,922,11310],"class_list":["post-39406","post","type-post","status-publish","format-standard","has-post-thumbnail","hentry","category-actualidad","category-noticias","category-reportajes","tag-asamblea-departamental-de-casanare","tag-concurso-de-meritos","tag-contralor-casanare","tag-debido-proceso","tag-filtracion-de-resultados","tag-irregularidades","tag-universidad-de-cartagena"],"yoast_head":"<!-- This site is optimized with the Yoast SEO plugin v26.1 - https:\/\/yoast.com\/wordpress\/plugins\/seo\/ -->\n<title>\u00bfCu\u00e1les fueron las irregularidades que la Asamblea de Casanare reconoci\u00f3 y que tumbaron la elecci\u00f3n del contralor 2026-2029? | Martha Cifuentes<\/title>\n<meta name=\"description\" content=\"La Asamblea de Casanare reconoci\u00f3 irregularidades en la convocatoria, cronogramas y supervisi\u00f3n del operador acad\u00e9mico que llevaron a tumbar la elecci\u00f3n del contralor 2026-2029. Aspirantes anuncian acciones jur\u00eddicas.\" \/>\n<meta name=\"robots\" content=\"index, follow, max-snippet:-1, max-image-preview:large, max-video-preview:-1\" \/>\n<link rel=\"canonical\" href=\"https:\/\/marthacifuentes.com\/portada\/borrador-irregularidades-asamblea-casanare-eleccion-contralor-2026-2029automatico\/\" \/>\n<meta property=\"og:locale\" content=\"es_ES\" \/>\n<meta property=\"og:type\" content=\"article\" \/>\n<meta property=\"og:title\" content=\"Irregularidades reconocidas por la Asamblea tumbaron la elecci\u00f3n del contralor 2026-2029\" \/>\n<meta property=\"og:description\" content=\"Convocatoria incompleta, cronogramas irregulares y una filtraci\u00f3n de resultados terminaron por desmontar la elecci\u00f3n del contralor en Casanare.\" \/>\n<meta property=\"og:url\" content=\"https:\/\/marthacifuentes.com\/portada\/borrador-irregularidades-asamblea-casanare-eleccion-contralor-2026-2029automatico\/\" \/>\n<meta property=\"og:site_name\" content=\"\u25b7 Noticias de Casanare : Martha Cifuentes | Casanare\" \/>\n<meta property=\"article:published_time\" content=\"2025-11-18T20:50:48+00:00\" \/>\n<meta property=\"article:modified_time\" content=\"2025-11-18T20:54:26+00:00\" \/>\n<meta property=\"og:image\" content=\"https:\/\/marthacifuentes.com\/portada\/wp-content\/uploads\/2025\/11\/MESA-DIRECTIVA-ASAMBLEA-ANULO-CONVOCATORIA-ELECCION-CONTRALOR.png\" \/>\n\t<meta property=\"og:image:width\" content=\"886\" \/>\n\t<meta property=\"og:image:height\" content=\"591\" \/>\n\t<meta property=\"og:image:type\" content=\"image\/png\" \/>\n<meta name=\"author\" content=\"Martha Cifuentes\" \/>\n<meta name=\"twitter:card\" content=\"summary_large_image\" \/>\n<meta name=\"twitter:title\" content=\"Irregularidades reconocidas por la Asamblea tumbaron la elecci\u00f3n del contralor 2026-2029\" \/>\n<meta name=\"twitter:description\" content=\"Convocatoria incompleta, cronogramas irregulares y una filtraci\u00f3n de resultados terminaron por desmontar la elecci\u00f3n del contralor en Casanare.\" \/>\n<meta name=\"twitter:label1\" content=\"Escrito por\" \/>\n\t<meta name=\"twitter:data1\" content=\"Martha Cifuentes\" \/>\n\t<meta name=\"twitter:label2\" content=\"Tiempo de lectura\" \/>\n\t<meta name=\"twitter:data2\" content=\"5 minutos\" \/>\n<script type=\"application\/ld+json\" class=\"yoast-schema-graph\">{\"@context\":\"https:\/\/schema.org\",\"@graph\":[{\"@type\":\"WebPage\",\"@id\":\"https:\/\/marthacifuentes.com\/portada\/borrador-irregularidades-asamblea-casanare-eleccion-contralor-2026-2029automatico\/\",\"url\":\"https:\/\/marthacifuentes.com\/portada\/borrador-irregularidades-asamblea-casanare-eleccion-contralor-2026-2029automatico\/\",\"name\":\"\u00bfCu\u00e1les fueron las irregularidades que la Asamblea de Casanare reconoci\u00f3 y que tumbaron la elecci\u00f3n del contralor 2026-2029? | Martha Cifuentes\",\"isPartOf\":{\"@id\":\"https:\/\/marthacifuentes.com\/portada\/#website\"},\"primaryImageOfPage\":{\"@id\":\"https:\/\/marthacifuentes.com\/portada\/borrador-irregularidades-asamblea-casanare-eleccion-contralor-2026-2029automatico\/#primaryimage\"},\"image\":{\"@id\":\"https:\/\/marthacifuentes.com\/portada\/borrador-irregularidades-asamblea-casanare-eleccion-contralor-2026-2029automatico\/#primaryimage\"},\"thumbnailUrl\":\"https:\/\/marthacifuentes.com\/portada\/wp-content\/uploads\/2025\/11\/MESA-DIRECTIVA-ASAMBLEA-ANULO-CONVOCATORIA-ELECCION-CONTRALOR.png\",\"datePublished\":\"2025-11-18T20:50:48+00:00\",\"dateModified\":\"2025-11-18T20:54:26+00:00\",\"author\":{\"@id\":\"https:\/\/marthacifuentes.com\/portada\/#\/schema\/person\/57f53174b991db5f90ff78d58502b714\"},\"description\":\"La Asamblea de Casanare reconoci\u00f3 irregularidades en la convocatoria, cronogramas y supervisi\u00f3n del operador acad\u00e9mico que llevaron a tumbar la elecci\u00f3n del contralor 2026-2029. Aspirantes anuncian acciones jur\u00eddicas.\",\"breadcrumb\":{\"@id\":\"https:\/\/marthacifuentes.com\/portada\/borrador-irregularidades-asamblea-casanare-eleccion-contralor-2026-2029automatico\/#breadcrumb\"},\"inLanguage\":\"es\",\"potentialAction\":[{\"@type\":\"ReadAction\",\"target\":[\"https:\/\/marthacifuentes.com\/portada\/borrador-irregularidades-asamblea-casanare-eleccion-contralor-2026-2029automatico\/\"]}]},{\"@type\":\"ImageObject\",\"inLanguage\":\"es\",\"@id\":\"https:\/\/marthacifuentes.com\/portada\/borrador-irregularidades-asamblea-casanare-eleccion-contralor-2026-2029automatico\/#primaryimage\",\"url\":\"https:\/\/marthacifuentes.com\/portada\/wp-content\/uploads\/2025\/11\/MESA-DIRECTIVA-ASAMBLEA-ANULO-CONVOCATORIA-ELECCION-CONTRALOR.png\",\"contentUrl\":\"https:\/\/marthacifuentes.com\/portada\/wp-content\/uploads\/2025\/11\/MESA-DIRECTIVA-ASAMBLEA-ANULO-CONVOCATORIA-ELECCION-CONTRALOR.png\",\"width\":886,\"height\":591},{\"@type\":\"BreadcrumbList\",\"@id\":\"https:\/\/marthacifuentes.com\/portada\/borrador-irregularidades-asamblea-casanare-eleccion-contralor-2026-2029automatico\/#breadcrumb\",\"itemListElement\":[{\"@type\":\"ListItem\",\"position\":1,\"name\":\"Portada\",\"item\":\"https:\/\/marthacifuentes.com\/portada\/\"},{\"@type\":\"ListItem\",\"position\":2,\"name\":\"\u00bfCu\u00e1les fueron las irregularidades que la Asamblea de Casanare reconoci\u00f3 y que terminaron tumbando proceso de elecci\u00f3n del contralor 2026-2029?\"}]},{\"@type\":\"WebSite\",\"@id\":\"https:\/\/marthacifuentes.com\/portada\/#website\",\"url\":\"https:\/\/marthacifuentes.com\/portada\/\",\"name\":\"\u25b7 Noticias de Casanare : Martha Cifuentes | Casanare\",\"description\":\"Noticias &amp; Contenidos\",\"potentialAction\":[{\"@type\":\"SearchAction\",\"target\":{\"@type\":\"EntryPoint\",\"urlTemplate\":\"https:\/\/marthacifuentes.com\/portada\/?s={search_term_string}\"},\"query-input\":{\"@type\":\"PropertyValueSpecification\",\"valueRequired\":true,\"valueName\":\"search_term_string\"}}],\"inLanguage\":\"es\"},{\"@type\":\"Person\",\"@id\":\"https:\/\/marthacifuentes.com\/portada\/#\/schema\/person\/57f53174b991db5f90ff78d58502b714\",\"name\":\"Martha Cifuentes\",\"image\":{\"@type\":\"ImageObject\",\"inLanguage\":\"es\",\"@id\":\"https:\/\/marthacifuentes.com\/portada\/#\/schema\/person\/image\/\",\"url\":\"http:\/\/marthacifuentes.com\/portada\/wp-content\/uploads\/2018\/06\/avatar_user_2_1528838701-96x96.jpg\",\"contentUrl\":\"http:\/\/marthacifuentes.com\/portada\/wp-content\/uploads\/2018\/06\/avatar_user_2_1528838701-96x96.jpg\",\"caption\":\"Martha Cifuentes\"},\"sameAs\":[\"http:\/\/www.marthacifuentes.com\"],\"url\":\"https:\/\/marthacifuentes.com\/portada\/author\/martha\/\"}]}<\/script>\n<!-- \/ Yoast SEO plugin. -->","yoast_head_json":{"title":"\u00bfCu\u00e1les fueron las irregularidades que la Asamblea de Casanare reconoci\u00f3 y que tumbaron la elecci\u00f3n del contralor 2026-2029? | Martha Cifuentes","description":"La Asamblea de Casanare reconoci\u00f3 irregularidades en la convocatoria, cronogramas y supervisi\u00f3n del operador acad\u00e9mico que llevaron a tumbar la elecci\u00f3n del contralor 2026-2029. Aspirantes anuncian acciones jur\u00eddicas.","robots":{"index":"index","follow":"follow","max-snippet":"max-snippet:-1","max-image-preview":"max-image-preview:large","max-video-preview":"max-video-preview:-1"},"canonical":"https:\/\/marthacifuentes.com\/portada\/borrador-irregularidades-asamblea-casanare-eleccion-contralor-2026-2029automatico\/","og_locale":"es_ES","og_type":"article","og_title":"Irregularidades reconocidas por la Asamblea tumbaron la elecci\u00f3n del contralor 2026-2029","og_description":"Convocatoria incompleta, cronogramas irregulares y una filtraci\u00f3n de resultados terminaron por desmontar la elecci\u00f3n del contralor en Casanare.","og_url":"https:\/\/marthacifuentes.com\/portada\/borrador-irregularidades-asamblea-casanare-eleccion-contralor-2026-2029automatico\/","og_site_name":"\u25b7 Noticias de Casanare : Martha Cifuentes | Casanare","article_published_time":"2025-11-18T20:50:48+00:00","article_modified_time":"2025-11-18T20:54:26+00:00","og_image":[{"width":886,"height":591,"url":"https:\/\/marthacifuentes.com\/portada\/wp-content\/uploads\/2025\/11\/MESA-DIRECTIVA-ASAMBLEA-ANULO-CONVOCATORIA-ELECCION-CONTRALOR.png","type":"image\/png"}],"author":"Martha Cifuentes","twitter_card":"summary_large_image","twitter_title":"Irregularidades reconocidas por la Asamblea tumbaron la elecci\u00f3n del contralor 2026-2029","twitter_description":"Convocatoria incompleta, cronogramas irregulares y una filtraci\u00f3n de resultados terminaron por desmontar la elecci\u00f3n del contralor en Casanare.","twitter_misc":{"Escrito por":"Martha Cifuentes","Tiempo de lectura":"5 minutos"},"schema":{"@context":"https:\/\/schema.org","@graph":[{"@type":"WebPage","@id":"https:\/\/marthacifuentes.com\/portada\/borrador-irregularidades-asamblea-casanare-eleccion-contralor-2026-2029automatico\/","url":"https:\/\/marthacifuentes.com\/portada\/borrador-irregularidades-asamblea-casanare-eleccion-contralor-2026-2029automatico\/","name":"\u00bfCu\u00e1les fueron las irregularidades que la Asamblea de Casanare reconoci\u00f3 y que tumbaron la elecci\u00f3n del contralor 2026-2029? | Martha Cifuentes","isPartOf":{"@id":"https:\/\/marthacifuentes.com\/portada\/#website"},"primaryImageOfPage":{"@id":"https:\/\/marthacifuentes.com\/portada\/borrador-irregularidades-asamblea-casanare-eleccion-contralor-2026-2029automatico\/#primaryimage"},"image":{"@id":"https:\/\/marthacifuentes.com\/portada\/borrador-irregularidades-asamblea-casanare-eleccion-contralor-2026-2029automatico\/#primaryimage"},"thumbnailUrl":"https:\/\/marthacifuentes.com\/portada\/wp-content\/uploads\/2025\/11\/MESA-DIRECTIVA-ASAMBLEA-ANULO-CONVOCATORIA-ELECCION-CONTRALOR.png","datePublished":"2025-11-18T20:50:48+00:00","dateModified":"2025-11-18T20:54:26+00:00","author":{"@id":"https:\/\/marthacifuentes.com\/portada\/#\/schema\/person\/57f53174b991db5f90ff78d58502b714"},"description":"La Asamblea de Casanare reconoci\u00f3 irregularidades en la convocatoria, cronogramas y supervisi\u00f3n del operador acad\u00e9mico que llevaron a tumbar la elecci\u00f3n del contralor 2026-2029. Aspirantes anuncian acciones jur\u00eddicas.","breadcrumb":{"@id":"https:\/\/marthacifuentes.com\/portada\/borrador-irregularidades-asamblea-casanare-eleccion-contralor-2026-2029automatico\/#breadcrumb"},"inLanguage":"es","potentialAction":[{"@type":"ReadAction","target":["https:\/\/marthacifuentes.com\/portada\/borrador-irregularidades-asamblea-casanare-eleccion-contralor-2026-2029automatico\/"]}]},{"@type":"ImageObject","inLanguage":"es","@id":"https:\/\/marthacifuentes.com\/portada\/borrador-irregularidades-asamblea-casanare-eleccion-contralor-2026-2029automatico\/#primaryimage","url":"https:\/\/marthacifuentes.com\/portada\/wp-content\/uploads\/2025\/11\/MESA-DIRECTIVA-ASAMBLEA-ANULO-CONVOCATORIA-ELECCION-CONTRALOR.png","contentUrl":"https:\/\/marthacifuentes.com\/portada\/wp-content\/uploads\/2025\/11\/MESA-DIRECTIVA-ASAMBLEA-ANULO-CONVOCATORIA-ELECCION-CONTRALOR.png","width":886,"height":591},{"@type":"BreadcrumbList","@id":"https:\/\/marthacifuentes.com\/portada\/borrador-irregularidades-asamblea-casanare-eleccion-contralor-2026-2029automatico\/#breadcrumb","itemListElement":[{"@type":"ListItem","position":1,"name":"Portada","item":"https:\/\/marthacifuentes.com\/portada\/"},{"@type":"ListItem","position":2,"name":"\u00bfCu\u00e1les fueron las irregularidades que la Asamblea de Casanare reconoci\u00f3 y que terminaron tumbando proceso de elecci\u00f3n del contralor 2026-2029?"}]},{"@type":"WebSite","@id":"https:\/\/marthacifuentes.com\/portada\/#website","url":"https:\/\/marthacifuentes.com\/portada\/","name":"\u25b7 Noticias de Casanare : Martha Cifuentes | Casanare","description":"Noticias &amp; Contenidos","potentialAction":[{"@type":"SearchAction","target":{"@type":"EntryPoint","urlTemplate":"https:\/\/marthacifuentes.com\/portada\/?s={search_term_string}"},"query-input":{"@type":"PropertyValueSpecification","valueRequired":true,"valueName":"search_term_string"}}],"inLanguage":"es"},{"@type":"Person","@id":"https:\/\/marthacifuentes.com\/portada\/#\/schema\/person\/57f53174b991db5f90ff78d58502b714","name":"Martha Cifuentes","image":{"@type":"ImageObject","inLanguage":"es","@id":"https:\/\/marthacifuentes.com\/portada\/#\/schema\/person\/image\/","url":"http:\/\/marthacifuentes.com\/portada\/wp-content\/uploads\/2018\/06\/avatar_user_2_1528838701-96x96.jpg","contentUrl":"http:\/\/marthacifuentes.com\/portada\/wp-content\/uploads\/2018\/06\/avatar_user_2_1528838701-96x96.jpg","caption":"Martha Cifuentes"},"sameAs":["http:\/\/www.marthacifuentes.com"],"url":"https:\/\/marthacifuentes.com\/portada\/author\/martha\/"}]}},"_links":{"self":[{"href":"https:\/\/marthacifuentes.com\/portada\/wp-json\/wp\/v2\/posts\/39406","targetHints":{"allow":["GET"]}}],"collection":[{"href":"https:\/\/marthacifuentes.com\/portada\/wp-json\/wp\/v2\/posts"}],"about":[{"href":"https:\/\/marthacifuentes.com\/portada\/wp-json\/wp\/v2\/types\/post"}],"author":[{"embeddable":true,"href":"https:\/\/marthacifuentes.com\/portada\/wp-json\/wp\/v2\/users\/2"}],"replies":[{"embeddable":true,"href":"https:\/\/marthacifuentes.com\/portada\/wp-json\/wp\/v2\/comments?post=39406"}],"version-history":[{"count":5,"href":"https:\/\/marthacifuentes.com\/portada\/wp-json\/wp\/v2\/posts\/39406\/revisions"}],"predecessor-version":[{"id":39415,"href":"https:\/\/marthacifuentes.com\/portada\/wp-json\/wp\/v2\/posts\/39406\/revisions\/39415"}],"wp:featuredmedia":[{"embeddable":true,"href":"https:\/\/marthacifuentes.com\/portada\/wp-json\/wp\/v2\/media\/39410"}],"wp:attachment":[{"href":"https:\/\/marthacifuentes.com\/portada\/wp-json\/wp\/v2\/media?parent=39406"}],"wp:term":[{"taxonomy":"category","embeddable":true,"href":"https:\/\/marthacifuentes.com\/portada\/wp-json\/wp\/v2\/categories?post=39406"},{"taxonomy":"post_tag","embeddable":true,"href":"https:\/\/marthacifuentes.com\/portada\/wp-json\/wp\/v2\/tags?post=39406"}],"curies":[{"name":"wp","href":"https:\/\/api.w.org\/{rel}","templated":true}]}}