{"id":39416,"date":"2025-11-19T16:50:52","date_gmt":"2025-11-19T21:50:52","guid":{"rendered":"https:\/\/marthacifuentes.com\/portada\/?p=39416"},"modified":"2025-11-19T16:50:53","modified_gmt":"2025-11-19T21:50:53","slug":"casi-mil-hectareas-martin-llanos-tauramena-60-familias-victimas","status":"publish","type":"post","link":"https:\/\/marthacifuentes.com\/portada\/casi-mil-hectareas-martin-llanos-tauramena-60-familias-victimas\/","title":{"rendered":"Casi mil hect\u00e1reas controladas por \u201cMart\u00edn Llanos\u201d en Tauramena fueron entregadas a 60 familias v\u00edctimas"},"content":{"rendered":"\n<hr class=\"wp-block-separator has-alpha-channel-opacity\"\/>\n\n\n\n<h2 class=\"wp-block-heading\"><\/h2>\n\n\n\n<p>Tras 17 a\u00f1os de tr\u00e1mites jur\u00eddicos, la Agencia Nacional de Tierras, ANT, concret\u00f3 la recuperaci\u00f3n material del predio \u201cVillanueva\u201d. Esta cuenta con una extensi\u00f3n de 947 hect\u00e1reas en Tauramena. Durante muchos a\u00f1os estuvo bajo control de familiares y estructuras vinculadas a H\u00e9ctor Buitrago, alias \u201cMart\u00edn Llanos\u201d, otrora l\u00edder paramilitar de Casanare.<\/p>\n\n\n\n<p>El terreno hab\u00eda sido afectado por extinci\u00f3n de dominio en 2008 y administrado por la entonces Direcci\u00f3n Nacional de Estupefacientes, hoy Sociedad de Activos Especiales (SAE). <\/p>\n\n\n\n<p>Seg\u00fan la ANT, el predio estaba siendo explotado sin contrato ni autorizaci\u00f3n.<\/p>\n\n\n\n<p>La Agencia compr\u00f3 el bien a la SAE y formaliz\u00f3 la entrega con acompa\u00f1amiento de la Polic\u00eda Nacional.<\/p>\n\n\n\n<hr class=\"wp-block-separator has-alpha-channel-opacity\"\/>\n\n\n\n<h2 class=\"wp-block-heading\"><strong>60 familias v\u00edctimas recibir\u00e1n la tierra para reconstruir sus proyectos de vida<\/strong><\/h2>\n\n\n\n<p>El predio fue asignado a dos asociaciones de v\u00edctimas del conflicto en Tauramena. <\/p>\n\n\n\n<p>En total, <strong>60 familias<\/strong> \u2014entre ellas mujeres rurales, poblaci\u00f3n LGBTI, personas afrodescendientes, adultos mayores y j\u00f3venes rurales\u2014 desarrollar\u00e1n proyectos colectivos de ganader\u00eda, agricultura y transformaci\u00f3n de alimentos.<\/p>\n\n\n\n<p>Carmen Ibarra, representante de ASOVICT La Esperanza, anunci\u00f3 que el predio llevar\u00e1 el nombre de <em>La Esperanza<\/em>.<\/p>\n\n\n\n<p>Esto, como s\u00edmbolo de reparaci\u00f3n y recuperaci\u00f3n del territorio del que fueron expulsadas d\u00e9cadas atr\u00e1s.<\/p>\n\n\n\n<hr class=\"wp-block-separator has-alpha-channel-opacity\"\/>\n\n\n\n<h2 class=\"wp-block-heading\"><strong>Una entrega que se enmarca en la Reforma Agraria<\/strong><\/h2>\n\n\n\n<p>Para la ANT, esta recuperaci\u00f3n es un paso significativo en el avance de la Reforma Agraria planteada en el Plan Nacional de Desarrollo.<\/p>\n\n\n\n<p>La entidad destac\u00f3 que tierras que en su momento representaron dominio armado y miedo ahora ser\u00e1n espacios productivos destinados a la vida campesina.<\/p>\n\n\n\n<p>El objetivo es acompa\u00f1ar a las familias en la consolidaci\u00f3n de unidades productivas sostenibles que impulsen el desarrollo econ\u00f3mico y social del municipio.<\/p>\n\n\n\n<hr class=\"wp-block-separator has-alpha-channel-opacity\"\/>\n\n\n\n<h2 class=\"wp-block-heading\"><strong>Lo que viene para las familias beneficiarias<\/strong><\/h2>\n\n\n\n<p>Adem\u00e1s de la entrega material, la ANT anunci\u00f3 asistencia t\u00e9cnica para fortalecer los proyectos agropecuarios, acceso a programas institucionales y articulaci\u00f3n con entidades de apoyo rural.<\/p>\n\n\n\n<p>Seg\u00fan la Agencia, esta recuperaci\u00f3n se suma a otras acciones orientadas a restituir tierras y garantizar derechos de poblaci\u00f3n campesina, v\u00edctimas y comunidades \u00e9tnicas en el pa\u00eds.<\/p>\n","protected":false},"excerpt":{"rendered":"<p>Tras 17 a\u00f1os de tr\u00e1mites jur\u00eddicos, la Agencia Nacional de Tierras, ANT, concret\u00f3 la recuperaci\u00f3n material del predio \u201cVillanueva\u201d. Esta cuenta con una extensi\u00f3n de 947 hect\u00e1reas en Tauramena. Durante muchos a\u00f1os estuvo bajo control de familiares y estructuras vinculadas a H\u00e9ctor Buitrago, alias \u201cMart\u00edn Llanos\u201d, otrora l\u00edder paramilitar de Casanare. El terreno hab\u00eda sido &hellip;<\/p>\n","protected":false},"author":2,"featured_media":39417,"comment_status":"open","ping_status":"open","sticky":false,"template":"","format":"standard","meta":{"om_disable_all_campaigns":false,"_exactmetrics_skip_tracking":false,"_exactmetrics_sitenote_active":false,"_exactmetrics_sitenote_note":"","_exactmetrics_sitenote_category":0,"_monsterinsights_skip_tracking":false,"_monsterinsights_sitenote_active":false,"_monsterinsights_sitenote_note":"","_monsterinsights_sitenote_category":0,"_uf_show_specific_survey":0,"_uf_disable_surveys":false,"_joinchat":[],"footnotes":""},"categories":[147,146,145],"tags":[4031,485,154,486,14936,7671,1881,1400,10240,974,11600],"class_list":["post-39416","post","type-post","status-publish","format-standard","has-post-thumbnail","hentry","category-actualidad","category-noticias","category-reportajes","tag-acc","tag-agencia-nacional-de-tierras","tag-casanare","tag-extincion-de-dominio","tag-finca-villanueva","tag-hector-buitrago","tag-martin-llanos","tag-noticias-casanare","tag-reforma-agraria","tag-tauramena","tag-victimas-del-conflicto"],"yoast_head":"<!-- This site is optimized with the Yoast SEO plugin v26.1 - https:\/\/yoast.com\/wordpress\/plugins\/seo\/ -->\n<title>Casi mil hect\u00e1reas controladas por \u201cMart\u00edn Llanos\u201d ahora son de 60 familias v\u00edctimas en Tauramena | Martha Cifuentes<\/title>\n<meta name=\"description\" content=\"La ANT entreg\u00f3 947 hect\u00e1reas que estuvieron bajo control de \u201cMart\u00edn Llanos\u201d en Tauramena a 60 familias v\u00edctimas del conflicto. El predio se destinar\u00e1 a proyectos productivos.\" \/>\n<meta name=\"robots\" content=\"index, follow, max-snippet:-1, max-image-preview:large, max-video-preview:-1\" \/>\n<link rel=\"canonical\" href=\"https:\/\/marthacifuentes.com\/portada\/casi-mil-hectareas-martin-llanos-tauramena-60-familias-victimas\/\" \/>\n<meta property=\"og:locale\" content=\"es_ES\" \/>\n<meta property=\"og:type\" content=\"article\" \/>\n<meta property=\"og:title\" content=\"Tierras que fueron de \u201cMart\u00edn Llanos\u201d ahora son de 60 familias v\u00edctimas en Tauramena\" \/>\n<meta property=\"og:description\" content=\"ANT recuper\u00f3 947 hect\u00e1reas del predio Villanueva y las entreg\u00f3 a asociaciones de v\u00edctimas para proyectos agr\u00edcolas y pecuarios.\" \/>\n<meta property=\"og:url\" content=\"https:\/\/marthacifuentes.com\/portada\/casi-mil-hectareas-martin-llanos-tauramena-60-familias-victimas\/\" \/>\n<meta property=\"og:site_name\" content=\"\u25b7 Noticias de Casanare : Martha Cifuentes | Casanare\" \/>\n<meta property=\"article:published_time\" content=\"2025-11-19T21:50:52+00:00\" \/>\n<meta property=\"article:modified_time\" content=\"2025-11-19T21:50:53+00:00\" \/>\n<meta property=\"og:image\" content=\"https:\/\/marthacifuentes.com\/portada\/wp-content\/uploads\/2025\/11\/predio-villanueva-tauramena-ant-entrega.jpeg\" \/>\n\t<meta property=\"og:image:width\" content=\"1280\" \/>\n\t<meta property=\"og:image:height\" content=\"960\" \/>\n\t<meta property=\"og:image:type\" content=\"image\/jpeg\" \/>\n<meta name=\"author\" content=\"Martha Cifuentes\" \/>\n<meta name=\"twitter:card\" content=\"summary_large_image\" \/>\n<meta name=\"twitter:title\" content=\"Tierras que fueron de \u201cMart\u00edn Llanos\u201d ahora son de 60 familias v\u00edctimas en Tauramena\" \/>\n<meta name=\"twitter:description\" content=\"ANT recuper\u00f3 947 hect\u00e1reas del predio Villanueva y las entreg\u00f3 a asociaciones de v\u00edctimas para proyectos agr\u00edcolas y pecuarios.\" \/>\n<meta name=\"twitter:label1\" content=\"Escrito por\" \/>\n\t<meta name=\"twitter:data1\" content=\"Martha Cifuentes\" \/>\n\t<meta name=\"twitter:label2\" content=\"Tiempo de lectura\" \/>\n\t<meta name=\"twitter:data2\" content=\"2 minutos\" \/>\n<script type=\"application\/ld+json\" class=\"yoast-schema-graph\">{\"@context\":\"https:\/\/schema.org\",\"@graph\":[{\"@type\":\"WebPage\",\"@id\":\"https:\/\/marthacifuentes.com\/portada\/casi-mil-hectareas-martin-llanos-tauramena-60-familias-victimas\/\",\"url\":\"https:\/\/marthacifuentes.com\/portada\/casi-mil-hectareas-martin-llanos-tauramena-60-familias-victimas\/\",\"name\":\"Casi mil hect\u00e1reas controladas por \u201cMart\u00edn Llanos\u201d ahora son de 60 familias v\u00edctimas en Tauramena | Martha Cifuentes\",\"isPartOf\":{\"@id\":\"https:\/\/marthacifuentes.com\/portada\/#website\"},\"primaryImageOfPage\":{\"@id\":\"https:\/\/marthacifuentes.com\/portada\/casi-mil-hectareas-martin-llanos-tauramena-60-familias-victimas\/#primaryimage\"},\"image\":{\"@id\":\"https:\/\/marthacifuentes.com\/portada\/casi-mil-hectareas-martin-llanos-tauramena-60-familias-victimas\/#primaryimage\"},\"thumbnailUrl\":\"https:\/\/marthacifuentes.com\/portada\/wp-content\/uploads\/2025\/11\/predio-villanueva-tauramena-ant-entrega.jpeg\",\"datePublished\":\"2025-11-19T21:50:52+00:00\",\"dateModified\":\"2025-11-19T21:50:53+00:00\",\"author\":{\"@id\":\"https:\/\/marthacifuentes.com\/portada\/#\/schema\/person\/57f53174b991db5f90ff78d58502b714\"},\"description\":\"La ANT entreg\u00f3 947 hect\u00e1reas que estuvieron bajo control de \u201cMart\u00edn Llanos\u201d en Tauramena a 60 familias v\u00edctimas del conflicto. El predio se destinar\u00e1 a proyectos productivos.\",\"breadcrumb\":{\"@id\":\"https:\/\/marthacifuentes.com\/portada\/casi-mil-hectareas-martin-llanos-tauramena-60-familias-victimas\/#breadcrumb\"},\"inLanguage\":\"es\",\"potentialAction\":[{\"@type\":\"ReadAction\",\"target\":[\"https:\/\/marthacifuentes.com\/portada\/casi-mil-hectareas-martin-llanos-tauramena-60-familias-victimas\/\"]}]},{\"@type\":\"ImageObject\",\"inLanguage\":\"es\",\"@id\":\"https:\/\/marthacifuentes.com\/portada\/casi-mil-hectareas-martin-llanos-tauramena-60-familias-victimas\/#primaryimage\",\"url\":\"https:\/\/marthacifuentes.com\/portada\/wp-content\/uploads\/2025\/11\/predio-villanueva-tauramena-ant-entrega.jpeg\",\"contentUrl\":\"https:\/\/marthacifuentes.com\/portada\/wp-content\/uploads\/2025\/11\/predio-villanueva-tauramena-ant-entrega.jpeg\",\"width\":1280,\"height\":960,\"caption\":\"ANT entrega predio Villanueva de 947 hect\u00e1reas a familias v\u00edctimas en Tauramena\"},{\"@type\":\"BreadcrumbList\",\"@id\":\"https:\/\/marthacifuentes.com\/portada\/casi-mil-hectareas-martin-llanos-tauramena-60-familias-victimas\/#breadcrumb\",\"itemListElement\":[{\"@type\":\"ListItem\",\"position\":1,\"name\":\"Portada\",\"item\":\"https:\/\/marthacifuentes.com\/portada\/\"},{\"@type\":\"ListItem\",\"position\":2,\"name\":\"Casi mil hect\u00e1reas controladas por \u201cMart\u00edn Llanos\u201d en Tauramena fueron entregadas a 60 familias v\u00edctimas\"}]},{\"@type\":\"WebSite\",\"@id\":\"https:\/\/marthacifuentes.com\/portada\/#website\",\"url\":\"https:\/\/marthacifuentes.com\/portada\/\",\"name\":\"\u25b7 Noticias de Casanare : Martha Cifuentes | Casanare\",\"description\":\"Noticias &amp; Contenidos\",\"potentialAction\":[{\"@type\":\"SearchAction\",\"target\":{\"@type\":\"EntryPoint\",\"urlTemplate\":\"https:\/\/marthacifuentes.com\/portada\/?s={search_term_string}\"},\"query-input\":{\"@type\":\"PropertyValueSpecification\",\"valueRequired\":true,\"valueName\":\"search_term_string\"}}],\"inLanguage\":\"es\"},{\"@type\":\"Person\",\"@id\":\"https:\/\/marthacifuentes.com\/portada\/#\/schema\/person\/57f53174b991db5f90ff78d58502b714\",\"name\":\"Martha Cifuentes\",\"image\":{\"@type\":\"ImageObject\",\"inLanguage\":\"es\",\"@id\":\"https:\/\/marthacifuentes.com\/portada\/#\/schema\/person\/image\/\",\"url\":\"http:\/\/marthacifuentes.com\/portada\/wp-content\/uploads\/2018\/06\/avatar_user_2_1528838701-96x96.jpg\",\"contentUrl\":\"http:\/\/marthacifuentes.com\/portada\/wp-content\/uploads\/2018\/06\/avatar_user_2_1528838701-96x96.jpg\",\"caption\":\"Martha Cifuentes\"},\"sameAs\":[\"http:\/\/www.marthacifuentes.com\"],\"url\":\"https:\/\/marthacifuentes.com\/portada\/author\/martha\/\"}]}<\/script>\n<!-- \/ Yoast SEO plugin. -->","yoast_head_json":{"title":"Casi mil hect\u00e1reas controladas por \u201cMart\u00edn Llanos\u201d ahora son de 60 familias v\u00edctimas en Tauramena | Martha Cifuentes","description":"La ANT entreg\u00f3 947 hect\u00e1reas que estuvieron bajo control de \u201cMart\u00edn Llanos\u201d en Tauramena a 60 familias v\u00edctimas del conflicto. El predio se destinar\u00e1 a proyectos productivos.","robots":{"index":"index","follow":"follow","max-snippet":"max-snippet:-1","max-image-preview":"max-image-preview:large","max-video-preview":"max-video-preview:-1"},"canonical":"https:\/\/marthacifuentes.com\/portada\/casi-mil-hectareas-martin-llanos-tauramena-60-familias-victimas\/","og_locale":"es_ES","og_type":"article","og_title":"Tierras que fueron de \u201cMart\u00edn Llanos\u201d ahora son de 60 familias v\u00edctimas en Tauramena","og_description":"ANT recuper\u00f3 947 hect\u00e1reas del predio Villanueva y las entreg\u00f3 a asociaciones de v\u00edctimas para proyectos agr\u00edcolas y pecuarios.","og_url":"https:\/\/marthacifuentes.com\/portada\/casi-mil-hectareas-martin-llanos-tauramena-60-familias-victimas\/","og_site_name":"\u25b7 Noticias de Casanare : Martha Cifuentes | Casanare","article_published_time":"2025-11-19T21:50:52+00:00","article_modified_time":"2025-11-19T21:50:53+00:00","og_image":[{"width":1280,"height":960,"url":"https:\/\/marthacifuentes.com\/portada\/wp-content\/uploads\/2025\/11\/predio-villanueva-tauramena-ant-entrega.jpeg","type":"image\/jpeg"}],"author":"Martha Cifuentes","twitter_card":"summary_large_image","twitter_title":"Tierras que fueron de \u201cMart\u00edn Llanos\u201d ahora son de 60 familias v\u00edctimas en Tauramena","twitter_description":"ANT recuper\u00f3 947 hect\u00e1reas del predio Villanueva y las entreg\u00f3 a asociaciones de v\u00edctimas para proyectos agr\u00edcolas y pecuarios.","twitter_misc":{"Escrito por":"Martha Cifuentes","Tiempo de lectura":"2 minutos"},"schema":{"@context":"https:\/\/schema.org","@graph":[{"@type":"WebPage","@id":"https:\/\/marthacifuentes.com\/portada\/casi-mil-hectareas-martin-llanos-tauramena-60-familias-victimas\/","url":"https:\/\/marthacifuentes.com\/portada\/casi-mil-hectareas-martin-llanos-tauramena-60-familias-victimas\/","name":"Casi mil hect\u00e1reas controladas por \u201cMart\u00edn Llanos\u201d ahora son de 60 familias v\u00edctimas en Tauramena | Martha Cifuentes","isPartOf":{"@id":"https:\/\/marthacifuentes.com\/portada\/#website"},"primaryImageOfPage":{"@id":"https:\/\/marthacifuentes.com\/portada\/casi-mil-hectareas-martin-llanos-tauramena-60-familias-victimas\/#primaryimage"},"image":{"@id":"https:\/\/marthacifuentes.com\/portada\/casi-mil-hectareas-martin-llanos-tauramena-60-familias-victimas\/#primaryimage"},"thumbnailUrl":"https:\/\/marthacifuentes.com\/portada\/wp-content\/uploads\/2025\/11\/predio-villanueva-tauramena-ant-entrega.jpeg","datePublished":"2025-11-19T21:50:52+00:00","dateModified":"2025-11-19T21:50:53+00:00","author":{"@id":"https:\/\/marthacifuentes.com\/portada\/#\/schema\/person\/57f53174b991db5f90ff78d58502b714"},"description":"La ANT entreg\u00f3 947 hect\u00e1reas que estuvieron bajo control de \u201cMart\u00edn Llanos\u201d en Tauramena a 60 familias v\u00edctimas del conflicto. El predio se destinar\u00e1 a proyectos productivos.","breadcrumb":{"@id":"https:\/\/marthacifuentes.com\/portada\/casi-mil-hectareas-martin-llanos-tauramena-60-familias-victimas\/#breadcrumb"},"inLanguage":"es","potentialAction":[{"@type":"ReadAction","target":["https:\/\/marthacifuentes.com\/portada\/casi-mil-hectareas-martin-llanos-tauramena-60-familias-victimas\/"]}]},{"@type":"ImageObject","inLanguage":"es","@id":"https:\/\/marthacifuentes.com\/portada\/casi-mil-hectareas-martin-llanos-tauramena-60-familias-victimas\/#primaryimage","url":"https:\/\/marthacifuentes.com\/portada\/wp-content\/uploads\/2025\/11\/predio-villanueva-tauramena-ant-entrega.jpeg","contentUrl":"https:\/\/marthacifuentes.com\/portada\/wp-content\/uploads\/2025\/11\/predio-villanueva-tauramena-ant-entrega.jpeg","width":1280,"height":960,"caption":"ANT entrega predio Villanueva de 947 hect\u00e1reas a familias v\u00edctimas en Tauramena"},{"@type":"BreadcrumbList","@id":"https:\/\/marthacifuentes.com\/portada\/casi-mil-hectareas-martin-llanos-tauramena-60-familias-victimas\/#breadcrumb","itemListElement":[{"@type":"ListItem","position":1,"name":"Portada","item":"https:\/\/marthacifuentes.com\/portada\/"},{"@type":"ListItem","position":2,"name":"Casi mil hect\u00e1reas controladas por \u201cMart\u00edn Llanos\u201d en Tauramena fueron entregadas a 60 familias v\u00edctimas"}]},{"@type":"WebSite","@id":"https:\/\/marthacifuentes.com\/portada\/#website","url":"https:\/\/marthacifuentes.com\/portada\/","name":"\u25b7 Noticias de Casanare : Martha Cifuentes | Casanare","description":"Noticias &amp; Contenidos","potentialAction":[{"@type":"SearchAction","target":{"@type":"EntryPoint","urlTemplate":"https:\/\/marthacifuentes.com\/portada\/?s={search_term_string}"},"query-input":{"@type":"PropertyValueSpecification","valueRequired":true,"valueName":"search_term_string"}}],"inLanguage":"es"},{"@type":"Person","@id":"https:\/\/marthacifuentes.com\/portada\/#\/schema\/person\/57f53174b991db5f90ff78d58502b714","name":"Martha Cifuentes","image":{"@type":"ImageObject","inLanguage":"es","@id":"https:\/\/marthacifuentes.com\/portada\/#\/schema\/person\/image\/","url":"http:\/\/marthacifuentes.com\/portada\/wp-content\/uploads\/2018\/06\/avatar_user_2_1528838701-96x96.jpg","contentUrl":"http:\/\/marthacifuentes.com\/portada\/wp-content\/uploads\/2018\/06\/avatar_user_2_1528838701-96x96.jpg","caption":"Martha Cifuentes"},"sameAs":["http:\/\/www.marthacifuentes.com"],"url":"https:\/\/marthacifuentes.com\/portada\/author\/martha\/"}]}},"_links":{"self":[{"href":"https:\/\/marthacifuentes.com\/portada\/wp-json\/wp\/v2\/posts\/39416","targetHints":{"allow":["GET"]}}],"collection":[{"href":"https:\/\/marthacifuentes.com\/portada\/wp-json\/wp\/v2\/posts"}],"about":[{"href":"https:\/\/marthacifuentes.com\/portada\/wp-json\/wp\/v2\/types\/post"}],"author":[{"embeddable":true,"href":"https:\/\/marthacifuentes.com\/portada\/wp-json\/wp\/v2\/users\/2"}],"replies":[{"embeddable":true,"href":"https:\/\/marthacifuentes.com\/portada\/wp-json\/wp\/v2\/comments?post=39416"}],"version-history":[{"count":1,"href":"https:\/\/marthacifuentes.com\/portada\/wp-json\/wp\/v2\/posts\/39416\/revisions"}],"predecessor-version":[{"id":39418,"href":"https:\/\/marthacifuentes.com\/portada\/wp-json\/wp\/v2\/posts\/39416\/revisions\/39418"}],"wp:featuredmedia":[{"embeddable":true,"href":"https:\/\/marthacifuentes.com\/portada\/wp-json\/wp\/v2\/media\/39417"}],"wp:attachment":[{"href":"https:\/\/marthacifuentes.com\/portada\/wp-json\/wp\/v2\/media?parent=39416"}],"wp:term":[{"taxonomy":"category","embeddable":true,"href":"https:\/\/marthacifuentes.com\/portada\/wp-json\/wp\/v2\/categories?post=39416"},{"taxonomy":"post_tag","embeddable":true,"href":"https:\/\/marthacifuentes.com\/portada\/wp-json\/wp\/v2\/tags?post=39416"}],"curies":[{"name":"wp","href":"https:\/\/api.w.org\/{rel}","templated":true}]}}