{"id":39696,"date":"2026-03-02T17:16:53","date_gmt":"2026-03-02T22:16:53","guid":{"rendered":"https:\/\/marthacifuentes.com\/portada\/?p=39696"},"modified":"2026-03-02T17:16:54","modified_gmt":"2026-03-02T22:16:54","slug":"ubpd-recupera-cuerpo-monterrey-casanare-conflicto","status":"publish","type":"post","link":"https:\/\/marthacifuentes.com\/portada\/ubpd-recupera-cuerpo-monterrey-casanare-conflicto\/","title":{"rendered":"Lo enterraron sin nombre en Monterrey: la UBPD busca devolverlo a su familia"},"content":{"rendered":"\n<p>En Monterrey, al sur de Casanare, el conflicto armado dej\u00f3 historias que durante a\u00f1os permanecieron en silencio.<\/p>\n\n\n\n<p>Habitantes de zona rural recuerdan el caso de un joven de aproximadamente 22 a\u00f1os, de acento coste\u00f1o y piel morena. Seg\u00fan los testimonios, pertenec\u00eda a uno de los grupos armados que ejerc\u00edan control en el territorio.<\/p>\n\n\n\n<p>Fue sometido a maltratos y abandonado malherido en una finca por parte de sus mismos compa\u00f1eros. La comunidad, pese al temor, decidi\u00f3 auxiliarlo, alimentarlo y curar sus heridas. D\u00edas despu\u00e9s, hombres armados llegaron por \u00e9l afirmando cumplir una orden. Su vida fue cegada.<\/p>\n\n\n\n<p>Su cuerpo fue inhumado en un sitio de conocimiento p\u00fablico. Nunca se supo su nombre ni de d\u00f3nde proven\u00eda.<\/p>\n\n\n\n<h2 class=\"wp-block-heading\">Una b\u00fasqueda que no siempre es local<\/h2>\n\n\n\n<p>La Unidad de B\u00fasqueda de Personas dadas por Desaparecidas (UBPD) record\u00f3 que los cuerpos recuperados en Casanare no siempre corresponden a personas nacidas en el departamento.<\/p>\n\n\n\n<p>Durante la d\u00e9cada de los 2000 el conflicto se agudiz\u00f3 en la regi\u00f3n, generando el reclutamiento y movilizaci\u00f3n de personas desde distintas zonas del pa\u00eds hacia Casanare. Muchas murieron lejos de su lugar de origen.<\/p>\n\n\n\n<p>En Monterrey, la UBPD ha logrado recuperar 20 cuerpos de su competencia. Cada uno es analizado con el prop\u00f3sito de identificarlo y entregarlo dignamente a sus familias.<\/p>\n\n\n\n<figure class=\"wp-block-image size-large\"><img loading=\"lazy\" decoding=\"async\" width=\"1600\" height=\"1066\" src=\"https:\/\/marthacifuentes.com\/portada\/wp-content\/uploads\/2026\/03\/2-1024x682.jpeg\" alt=\"\" class=\"wp-image-39699\" srcset=\"https:\/\/marthacifuentes.com\/portada\/wp-content\/uploads\/2026\/03\/2-1024x682.jpeg 1024w, https:\/\/marthacifuentes.com\/portada\/wp-content\/uploads\/2026\/03\/2-300x200.jpeg 300w, https:\/\/marthacifuentes.com\/portada\/wp-content\/uploads\/2026\/03\/2-768x512.jpeg 768w, https:\/\/marthacifuentes.com\/portada\/wp-content\/uploads\/2026\/03\/2-1536x1023.jpeg 1536w, https:\/\/marthacifuentes.com\/portada\/wp-content\/uploads\/2026\/03\/2.jpeg 1600w\" sizes=\"auto, (max-width: 1600px) 100vw, 1600px\" \/><\/figure>\n\n\n\n<h2 class=\"wp-block-heading\">La confianza que permiti\u00f3 romper el silencio<\/h2>\n\n\n\n<p>A trav\u00e9s del Plan Regional de B\u00fasqueda del Suroccidente de Casanare, la entidad ha desarrollado investigaciones humanitarias con enfoque comunitario en municipios como Yopal, Aguazul, Monterrey, Tauramena, Villanueva, Sabanalarga, Ch\u00e1meza, Recetor y Man\u00ed.<\/p>\n\n\n\n<p>Ese trabajo permiti\u00f3 que, a\u00f1os despu\u00e9s, miembros de la comunidad entregaran informaci\u00f3n sobre el lugar de inhumaci\u00f3n.<\/p>\n\n\n\n<p>Un equipo forense de la UBPD se moviliz\u00f3 hasta la zona rural de Monterrey y logr\u00f3 la recuperaci\u00f3n del cuerpo, que ahora ser\u00e1 analizado en el Centro de Identificaci\u00f3n y Abordaje Forense (CIAFI), ubicado en Yopal.<\/p>\n\n\n\n<p>El coordinador territorial de la UBPD en Casanare, Wilson Chavarro, enfatiz\u00f3 en la importancia de avanzar en la identificaci\u00f3n para lograr la entrega digna. Se\u00f1al\u00f3 que, en alg\u00fan lugar del pa\u00eds, sus seres queridos pueden conservar recuerdos y fotograf\u00edas, y que el prop\u00f3sito es devolverlo a su familia, posiblemente en la Costa Atl\u00e1ntica, de donde se presume proven\u00eda.<\/p>\n\n\n\n<h2 class=\"wp-block-heading\">Monterrey, uno de los municipios con m\u00e1s casos<\/h2>\n\n\n\n<p>En Monterrey se registran al menos 166 personas desaparecidas en hechos relacionados con el conflicto armado ocurridos antes del 1 de diciembre de 2016.<\/p>\n\n\n\n<p>Es el tercer municipio de Casanare con m\u00e1s casos, superado por Yopal y Aguazul.<\/p>\n\n\n\n<p>La UBPD reiter\u00f3 que su labor es humanitaria y confidencial. Quienes tengan informaci\u00f3n pueden comunicarse con la sede en Yopal (Calle 16 # 22-65, segundo piso), al WhatsApp 316 280 9395 o al correo <a>tyopalcorrespondencia@unidadbusqueda.gov.co<\/a>.<\/p>\n","protected":false},"excerpt":{"rendered":"<p>En Monterrey, al sur de Casanare, el conflicto armado dej\u00f3 historias que durante a\u00f1os permanecieron en silencio. Habitantes de zona rural recuerdan el caso de un joven de aproximadamente 22 a\u00f1os, de acento coste\u00f1o y piel morena. Seg\u00fan los testimonios, pertenec\u00eda a uno de los grupos armados que ejerc\u00edan control en el territorio. Fue sometido &hellip;<\/p>\n","protected":false},"author":2,"featured_media":39697,"comment_status":"open","ping_status":"open","sticky":false,"template":"","format":"standard","meta":{"om_disable_all_campaigns":false,"_exactmetrics_skip_tracking":false,"_exactmetrics_sitenote_active":false,"_exactmetrics_sitenote_note":"","_exactmetrics_sitenote_category":0,"_monsterinsights_skip_tracking":false,"_uf_show_specific_survey":0,"_uf_disable_surveys":false,"_joinchat":[],"footnotes":""},"categories":[147,146,145],"tags":[15081,8411,14994,15080,15082,15079],"class_list":["post-39696","post","type-post","status-publish","format-standard","has-post-thumbnail","hentry","category-actualidad","category-noticias","category-reportajes","tag-ciafi-yopal","tag-conflicto-armado","tag-monterrey-casanare","tag-personas-desaparecidas","tag-recuperacion-de-cuerpos","tag-ubpd-casanare"],"yoast_head":"<!-- This site is optimized with the Yoast SEO plugin v26.1 - https:\/\/yoast.com\/wordpress\/plugins\/seo\/ -->\n<title>UBPD recupera cuerpo en Monterrey y avanza en identificaci\u00f3n<\/title>\n<meta name=\"description\" content=\"La UBPD recuper\u00f3 un cuerpo en zona rural de Monterrey, Casanare. En el municipio ya son 20 las recuperaciones en el marco del conflicto armado.\" \/>\n<meta name=\"robots\" content=\"index, follow, max-snippet:-1, max-image-preview:large, max-video-preview:-1\" \/>\n<link rel=\"canonical\" href=\"https:\/\/marthacifuentes.com\/portada\/ubpd-recupera-cuerpo-monterrey-casanare-conflicto\/\" \/>\n<meta property=\"og:locale\" content=\"es_ES\" \/>\n<meta property=\"og:type\" content=\"article\" \/>\n<meta property=\"og:title\" content=\"Recuperan cuerpo en Monterrey: la b\u00fasqueda contin\u00faa en Casanare\" \/>\n<meta property=\"og:description\" content=\"La confianza de la comunidad permiti\u00f3 a la UBPD recuperar un cuerpo en Monterrey. Avanza el proceso de identificaci\u00f3n en Yopal.\" \/>\n<meta property=\"og:url\" content=\"https:\/\/marthacifuentes.com\/portada\/ubpd-recupera-cuerpo-monterrey-casanare-conflicto\/\" \/>\n<meta property=\"og:site_name\" content=\"\u25b7 Noticias de Casanare : Martha Cifuentes | Casanare\" \/>\n<meta property=\"article:published_time\" content=\"2026-03-02T22:16:53+00:00\" \/>\n<meta property=\"article:modified_time\" content=\"2026-03-02T22:16:54+00:00\" \/>\n<meta property=\"og:image\" content=\"https:\/\/marthacifuentes.com\/portada\/wp-content\/uploads\/2026\/03\/1-1.jpeg\" \/>\n\t<meta property=\"og:image:width\" content=\"1600\" \/>\n\t<meta property=\"og:image:height\" content=\"1142\" \/>\n\t<meta property=\"og:image:type\" content=\"image\/jpeg\" \/>\n<meta name=\"author\" content=\"Martha Cifuentes\" \/>\n<meta name=\"twitter:card\" content=\"summary_large_image\" \/>\n<meta name=\"twitter:title\" content=\"Recuperan cuerpo en Monterrey: la b\u00fasqueda contin\u00faa en Casanare\" \/>\n<meta name=\"twitter:description\" content=\"La confianza de la comunidad permiti\u00f3 a la UBPD recuperar un cuerpo en Monterrey. Avanza el proceso de identificaci\u00f3n en Yopal.\" \/>\n<meta name=\"twitter:label1\" content=\"Escrito por\" \/>\n\t<meta name=\"twitter:data1\" content=\"Martha Cifuentes\" \/>\n\t<meta name=\"twitter:label2\" content=\"Tiempo de lectura\" \/>\n\t<meta name=\"twitter:data2\" content=\"3 minutos\" \/>\n<script type=\"application\/ld+json\" class=\"yoast-schema-graph\">{\"@context\":\"https:\/\/schema.org\",\"@graph\":[{\"@type\":\"WebPage\",\"@id\":\"https:\/\/marthacifuentes.com\/portada\/ubpd-recupera-cuerpo-monterrey-casanare-conflicto\/\",\"url\":\"https:\/\/marthacifuentes.com\/portada\/ubpd-recupera-cuerpo-monterrey-casanare-conflicto\/\",\"name\":\"UBPD recupera cuerpo en Monterrey y avanza en identificaci\u00f3n\",\"isPartOf\":{\"@id\":\"https:\/\/marthacifuentes.com\/portada\/#website\"},\"primaryImageOfPage\":{\"@id\":\"https:\/\/marthacifuentes.com\/portada\/ubpd-recupera-cuerpo-monterrey-casanare-conflicto\/#primaryimage\"},\"image\":{\"@id\":\"https:\/\/marthacifuentes.com\/portada\/ubpd-recupera-cuerpo-monterrey-casanare-conflicto\/#primaryimage\"},\"thumbnailUrl\":\"https:\/\/marthacifuentes.com\/portada\/wp-content\/uploads\/2026\/03\/1-1.jpeg\",\"datePublished\":\"2026-03-02T22:16:53+00:00\",\"dateModified\":\"2026-03-02T22:16:54+00:00\",\"author\":{\"@id\":\"https:\/\/marthacifuentes.com\/portada\/#\/schema\/person\/57f53174b991db5f90ff78d58502b714\"},\"description\":\"La UBPD recuper\u00f3 un cuerpo en zona rural de Monterrey, Casanare. En el municipio ya son 20 las recuperaciones en el marco del conflicto armado.\",\"breadcrumb\":{\"@id\":\"https:\/\/marthacifuentes.com\/portada\/ubpd-recupera-cuerpo-monterrey-casanare-conflicto\/#breadcrumb\"},\"inLanguage\":\"es\",\"potentialAction\":[{\"@type\":\"ReadAction\",\"target\":[\"https:\/\/marthacifuentes.com\/portada\/ubpd-recupera-cuerpo-monterrey-casanare-conflicto\/\"]}]},{\"@type\":\"ImageObject\",\"inLanguage\":\"es\",\"@id\":\"https:\/\/marthacifuentes.com\/portada\/ubpd-recupera-cuerpo-monterrey-casanare-conflicto\/#primaryimage\",\"url\":\"https:\/\/marthacifuentes.com\/portada\/wp-content\/uploads\/2026\/03\/1-1.jpeg\",\"contentUrl\":\"https:\/\/marthacifuentes.com\/portada\/wp-content\/uploads\/2026\/03\/1-1.jpeg\",\"width\":1600,\"height\":1142},{\"@type\":\"BreadcrumbList\",\"@id\":\"https:\/\/marthacifuentes.com\/portada\/ubpd-recupera-cuerpo-monterrey-casanare-conflicto\/#breadcrumb\",\"itemListElement\":[{\"@type\":\"ListItem\",\"position\":1,\"name\":\"Portada\",\"item\":\"https:\/\/marthacifuentes.com\/portada\/\"},{\"@type\":\"ListItem\",\"position\":2,\"name\":\"Lo enterraron sin nombre en Monterrey: la UBPD busca devolverlo a su familia\"}]},{\"@type\":\"WebSite\",\"@id\":\"https:\/\/marthacifuentes.com\/portada\/#website\",\"url\":\"https:\/\/marthacifuentes.com\/portada\/\",\"name\":\"\u25b7 Noticias de Casanare : Martha Cifuentes | Casanare\",\"description\":\"Noticias &amp; Contenidos\",\"potentialAction\":[{\"@type\":\"SearchAction\",\"target\":{\"@type\":\"EntryPoint\",\"urlTemplate\":\"https:\/\/marthacifuentes.com\/portada\/?s={search_term_string}\"},\"query-input\":{\"@type\":\"PropertyValueSpecification\",\"valueRequired\":true,\"valueName\":\"search_term_string\"}}],\"inLanguage\":\"es\"},{\"@type\":\"Person\",\"@id\":\"https:\/\/marthacifuentes.com\/portada\/#\/schema\/person\/57f53174b991db5f90ff78d58502b714\",\"name\":\"Martha Cifuentes\",\"image\":{\"@type\":\"ImageObject\",\"inLanguage\":\"es\",\"@id\":\"https:\/\/marthacifuentes.com\/portada\/#\/schema\/person\/image\/\",\"url\":\"http:\/\/marthacifuentes.com\/portada\/wp-content\/uploads\/2018\/06\/avatar_user_2_1528838701-96x96.jpg\",\"contentUrl\":\"http:\/\/marthacifuentes.com\/portada\/wp-content\/uploads\/2018\/06\/avatar_user_2_1528838701-96x96.jpg\",\"caption\":\"Martha Cifuentes\"},\"sameAs\":[\"http:\/\/www.marthacifuentes.com\"],\"url\":\"https:\/\/marthacifuentes.com\/portada\/author\/martha\/\"}]}<\/script>\n<!-- \/ Yoast SEO plugin. -->","yoast_head_json":{"title":"UBPD recupera cuerpo en Monterrey y avanza en identificaci\u00f3n","description":"La UBPD recuper\u00f3 un cuerpo en zona rural de Monterrey, Casanare. En el municipio ya son 20 las recuperaciones en el marco del conflicto armado.","robots":{"index":"index","follow":"follow","max-snippet":"max-snippet:-1","max-image-preview":"max-image-preview:large","max-video-preview":"max-video-preview:-1"},"canonical":"https:\/\/marthacifuentes.com\/portada\/ubpd-recupera-cuerpo-monterrey-casanare-conflicto\/","og_locale":"es_ES","og_type":"article","og_title":"Recuperan cuerpo en Monterrey: la b\u00fasqueda contin\u00faa en Casanare","og_description":"La confianza de la comunidad permiti\u00f3 a la UBPD recuperar un cuerpo en Monterrey. Avanza el proceso de identificaci\u00f3n en Yopal.","og_url":"https:\/\/marthacifuentes.com\/portada\/ubpd-recupera-cuerpo-monterrey-casanare-conflicto\/","og_site_name":"\u25b7 Noticias de Casanare : Martha Cifuentes | Casanare","article_published_time":"2026-03-02T22:16:53+00:00","article_modified_time":"2026-03-02T22:16:54+00:00","og_image":[{"width":1600,"height":1142,"url":"https:\/\/marthacifuentes.com\/portada\/wp-content\/uploads\/2026\/03\/1-1.jpeg","type":"image\/jpeg"}],"author":"Martha Cifuentes","twitter_card":"summary_large_image","twitter_title":"Recuperan cuerpo en Monterrey: la b\u00fasqueda contin\u00faa en Casanare","twitter_description":"La confianza de la comunidad permiti\u00f3 a la UBPD recuperar un cuerpo en Monterrey. Avanza el proceso de identificaci\u00f3n en Yopal.","twitter_misc":{"Escrito por":"Martha Cifuentes","Tiempo de lectura":"3 minutos"},"schema":{"@context":"https:\/\/schema.org","@graph":[{"@type":"WebPage","@id":"https:\/\/marthacifuentes.com\/portada\/ubpd-recupera-cuerpo-monterrey-casanare-conflicto\/","url":"https:\/\/marthacifuentes.com\/portada\/ubpd-recupera-cuerpo-monterrey-casanare-conflicto\/","name":"UBPD recupera cuerpo en Monterrey y avanza en identificaci\u00f3n","isPartOf":{"@id":"https:\/\/marthacifuentes.com\/portada\/#website"},"primaryImageOfPage":{"@id":"https:\/\/marthacifuentes.com\/portada\/ubpd-recupera-cuerpo-monterrey-casanare-conflicto\/#primaryimage"},"image":{"@id":"https:\/\/marthacifuentes.com\/portada\/ubpd-recupera-cuerpo-monterrey-casanare-conflicto\/#primaryimage"},"thumbnailUrl":"https:\/\/marthacifuentes.com\/portada\/wp-content\/uploads\/2026\/03\/1-1.jpeg","datePublished":"2026-03-02T22:16:53+00:00","dateModified":"2026-03-02T22:16:54+00:00","author":{"@id":"https:\/\/marthacifuentes.com\/portada\/#\/schema\/person\/57f53174b991db5f90ff78d58502b714"},"description":"La UBPD recuper\u00f3 un cuerpo en zona rural de Monterrey, Casanare. En el municipio ya son 20 las recuperaciones en el marco del conflicto armado.","breadcrumb":{"@id":"https:\/\/marthacifuentes.com\/portada\/ubpd-recupera-cuerpo-monterrey-casanare-conflicto\/#breadcrumb"},"inLanguage":"es","potentialAction":[{"@type":"ReadAction","target":["https:\/\/marthacifuentes.com\/portada\/ubpd-recupera-cuerpo-monterrey-casanare-conflicto\/"]}]},{"@type":"ImageObject","inLanguage":"es","@id":"https:\/\/marthacifuentes.com\/portada\/ubpd-recupera-cuerpo-monterrey-casanare-conflicto\/#primaryimage","url":"https:\/\/marthacifuentes.com\/portada\/wp-content\/uploads\/2026\/03\/1-1.jpeg","contentUrl":"https:\/\/marthacifuentes.com\/portada\/wp-content\/uploads\/2026\/03\/1-1.jpeg","width":1600,"height":1142},{"@type":"BreadcrumbList","@id":"https:\/\/marthacifuentes.com\/portada\/ubpd-recupera-cuerpo-monterrey-casanare-conflicto\/#breadcrumb","itemListElement":[{"@type":"ListItem","position":1,"name":"Portada","item":"https:\/\/marthacifuentes.com\/portada\/"},{"@type":"ListItem","position":2,"name":"Lo enterraron sin nombre en Monterrey: la UBPD busca devolverlo a su familia"}]},{"@type":"WebSite","@id":"https:\/\/marthacifuentes.com\/portada\/#website","url":"https:\/\/marthacifuentes.com\/portada\/","name":"\u25b7 Noticias de Casanare : Martha Cifuentes | Casanare","description":"Noticias &amp; Contenidos","potentialAction":[{"@type":"SearchAction","target":{"@type":"EntryPoint","urlTemplate":"https:\/\/marthacifuentes.com\/portada\/?s={search_term_string}"},"query-input":{"@type":"PropertyValueSpecification","valueRequired":true,"valueName":"search_term_string"}}],"inLanguage":"es"},{"@type":"Person","@id":"https:\/\/marthacifuentes.com\/portada\/#\/schema\/person\/57f53174b991db5f90ff78d58502b714","name":"Martha Cifuentes","image":{"@type":"ImageObject","inLanguage":"es","@id":"https:\/\/marthacifuentes.com\/portada\/#\/schema\/person\/image\/","url":"http:\/\/marthacifuentes.com\/portada\/wp-content\/uploads\/2018\/06\/avatar_user_2_1528838701-96x96.jpg","contentUrl":"http:\/\/marthacifuentes.com\/portada\/wp-content\/uploads\/2018\/06\/avatar_user_2_1528838701-96x96.jpg","caption":"Martha Cifuentes"},"sameAs":["http:\/\/www.marthacifuentes.com"],"url":"https:\/\/marthacifuentes.com\/portada\/author\/martha\/"}]}},"_links":{"self":[{"href":"https:\/\/marthacifuentes.com\/portada\/wp-json\/wp\/v2\/posts\/39696","targetHints":{"allow":["GET"]}}],"collection":[{"href":"https:\/\/marthacifuentes.com\/portada\/wp-json\/wp\/v2\/posts"}],"about":[{"href":"https:\/\/marthacifuentes.com\/portada\/wp-json\/wp\/v2\/types\/post"}],"author":[{"embeddable":true,"href":"https:\/\/marthacifuentes.com\/portada\/wp-json\/wp\/v2\/users\/2"}],"replies":[{"embeddable":true,"href":"https:\/\/marthacifuentes.com\/portada\/wp-json\/wp\/v2\/comments?post=39696"}],"version-history":[{"count":2,"href":"https:\/\/marthacifuentes.com\/portada\/wp-json\/wp\/v2\/posts\/39696\/revisions"}],"predecessor-version":[{"id":39700,"href":"https:\/\/marthacifuentes.com\/portada\/wp-json\/wp\/v2\/posts\/39696\/revisions\/39700"}],"wp:featuredmedia":[{"embeddable":true,"href":"https:\/\/marthacifuentes.com\/portada\/wp-json\/wp\/v2\/media\/39697"}],"wp:attachment":[{"href":"https:\/\/marthacifuentes.com\/portada\/wp-json\/wp\/v2\/media?parent=39696"}],"wp:term":[{"taxonomy":"category","embeddable":true,"href":"https:\/\/marthacifuentes.com\/portada\/wp-json\/wp\/v2\/categories?post=39696"},{"taxonomy":"post_tag","embeddable":true,"href":"https:\/\/marthacifuentes.com\/portada\/wp-json\/wp\/v2\/tags?post=39696"}],"curies":[{"name":"wp","href":"https:\/\/api.w.org\/{rel}","templated":true}]}}